{"id":279,"date":"2023-05-29T17:05:17","date_gmt":"2023-05-29T17:05:17","guid":{"rendered":"https:\/\/gysfm.com.ar\/inicio\/2023\/05\/29\/todo-lo-que-hay-que-saber-para-las-elecciones-del-14-de-mayo-en-san-juan\/"},"modified":"2023-06-26T13:39:16","modified_gmt":"2023-06-26T16:39:16","slug":"todo-lo-que-hay-que-saber-para-las-elecciones-del-14-de-mayo-en-san-juan","status":"publish","type":"post","link":"https:\/\/gysfm.com.ar\/inicio\/todo-lo-que-hay-que-saber-para-las-elecciones-del-14-de-mayo-en-san-juan\/","title":{"rendered":"Todo lo que hay que saber para las elecciones del 14 de mayo en San Juan"},"content":{"rendered":"<p><img decoding=\"async\" src=\"https:\/\/gysfm.com.ar\/inicio\/wp-content\/uploads\/2023\/05\/1b-67-1.jpg\"\/><\/p>\n<p>El pr\u00f3ximo domingo 14 de mayo, se celebrar\u00e1n en la provincia unas nuevas Elecciones, esta vez bajo el Sistema de Participaci\u00f3n Democr\u00e1tica Abierta (SIPAD) determinado tras las reforma electoral impulsada en septiembre de 2022 en San Juan que elimin\u00f3 las Primarias, Abiertas, Simult\u00e1neas y Obligatorias (PASO). Este sistema ser\u00e1 utilizado por primera vez en la provincia.<\/p>\n<p>En los comicios se elegir\u00e1n 17 diputados proporcionales, 19 diputados departamentales y 19 intendentes departamentales con sus respectivos concejales.<\/p>\n<p>Con un total de 603.276 electores habilitados, las elecciones se desarrollar\u00e1n en 1.795 mesas distribuidas en 234 escuelas en toda la geograf\u00eda provincial.<\/p>\n<p>Para esta cantidad de mesas ser\u00e1n necesarias 3.590 autoridades.<\/p>\n<p>Los frentes que participan son cuatro: San Juan por Todos, Unidos por San Juan, Desarrollo y Libertad y el Frente de Izquierda y Trabajadores.<\/p>\n<p>Para garantizar el normal desarrollo del acto eleccionario, la Secretar\u00eda de Estado de Seguridad en conjunto con el Tribunal Electoral y la Polic\u00eda de San Juan, pondr\u00e1n en marcha un importante dispositivo estrat\u00e9gico de prevenci\u00f3n y seguridad en las elecciones provinciales y municipales del 14 de mayo.<\/p>\n<p>El operativo de seguridad, adem\u00e1s del d\u00eda de los comicios, se desarrollar\u00e1 el 13 de mayo, durante el traslado de las urnas, y tambi\u00e9n los d\u00edas posteriores referidos al escrutinio definitivo que se va a realizar en la sede del Tribunal Electoral.<\/p>\n<p>En este dispositivo estar\u00e1n afectados 3.331 efectivos policiales en forma directa y otros 2.000 que est\u00e1n en forma indirecta afectados al operativo de log\u00edstica y de custodia en toda la provincia.<\/p>\n<h3>Votantes y mesas por departamentos:<\/h3>\n<ul>\n<li>Capital: 93.592 electores; 283 mesas<\/li>\n<li>Santa Luc\u00eda: 44.764 electores; 130 mesas<\/li>\n<li>Chimbas: 72.870 electores; 211 mesas<\/li>\n<li>Rivadavia: 76.863 electores; 218 mesas<\/li>\n<li>Zonda: 4.702 electores; 14 mesas<\/li>\n<li>Rawson: 99.650 electores; 289 mesas<\/li>\n<li>9 de Julio: 9.360 electores; 28 mesas<\/li>\n<li>San Mart\u00edn: 10.303 electores; 31 mesas<\/li>\n<li>Angaco: 8.262 electores; 27 mesas<\/li>\n<li>Albard\u00f3n: 22.276 electores; 68 mesas<\/li>\n<li>Ullum: 4.720 electores; 14 mesas<\/li>\n<li>Pocito: 48.969 electores; 143 mesas<\/li>\n<li>Sarmiento: 19.371 electores; 60 mesas<\/li>\n<li>25 de Mayo: 14.742 electores; 45 mesas<\/li>\n<li>Caucete: 31.561 electores; 95 mesas<\/li>\n<li>Valle F\u00e9rtil: 6.811 electores; 23 mesas<\/li>\n<li>J\u00e1chal: 19.931 electores; 65 mesas<\/li>\n<li>Iglesia: 7.979 electores; 25 mesas<\/li>\n<li>Calingasta: 8.551 electores; 26 mesas<\/li>\n<\/ul>\n<p>Las cifras totales son: 19 secciones, 145 circuitos, 234 establecimientos, 1.795 mesas y 603.276 electores en la provincia.<\/p>\n","protected":false},"excerpt":{"rendered":"<p>El pr\u00f3ximo domingo 14 de mayo, se celebrar\u00e1n en la provincia unas nuevas Elecciones, esta vez bajo el Sistema de Participaci\u00f3n Democr\u00e1tica Abierta (SIPAD) determinado tras las reforma electoral impulsada en septiembre de 2022 en San Juan que elimin\u00f3 las Primarias, Abiertas, Simult\u00e1neas y Obligatorias (PASO). Este sistema ser\u00e1 utilizado por primera vez en la [&hellip;]<\/p>\n","protected":false},"author":2,"featured_media":0,"comment_status":"closed","ping_status":"closed","sticky":false,"template":"","format":"standard","meta":{"footnotes":""},"categories":[29],"tags":[],"class_list":["post-279","post","type-post","status-publish","format-standard","hentry","category-politica"],"yoast_head":"<!-- This site is optimized with the Yoast SEO plugin v24.4 - https:\/\/yoast.com\/wordpress\/plugins\/seo\/ -->\n<title>Todo lo que hay que saber para las elecciones del 14 de mayo en San Juan - GYS NOTICIAS |<\/title>\n<meta name=\"robots\" content=\"index, follow, max-snippet:-1, max-image-preview:large, max-video-preview:-1\" \/>\n<link rel=\"canonical\" href=\"https:\/\/gysfm.com.ar\/inicio\/todo-lo-que-hay-que-saber-para-las-elecciones-del-14-de-mayo-en-san-juan\/\" \/>\n<meta property=\"og:locale\" content=\"es_ES\" \/>\n<meta property=\"og:type\" content=\"article\" \/>\n<meta property=\"og:title\" content=\"Todo lo que hay que saber para las elecciones del 14 de mayo en San Juan - GYS NOTICIAS |\" \/>\n<meta property=\"og:description\" content=\"El pr\u00f3ximo domingo 14 de mayo, se celebrar\u00e1n en la provincia unas nuevas Elecciones, esta vez bajo el Sistema de Participaci\u00f3n Democr\u00e1tica Abierta (SIPAD) determinado tras las reforma electoral impulsada en septiembre de 2022 en San Juan que elimin\u00f3 las Primarias, Abiertas, Simult\u00e1neas y Obligatorias (PASO). Este sistema ser\u00e1 utilizado por primera vez en la [&hellip;]\" \/>\n<meta property=\"og:url\" content=\"https:\/\/gysfm.com.ar\/inicio\/todo-lo-que-hay-que-saber-para-las-elecciones-del-14-de-mayo-en-san-juan\/\" \/>\n<meta property=\"og:site_name\" content=\"GYS NOTICIAS |\" \/>\n<meta property=\"article:published_time\" content=\"2023-05-29T17:05:17+00:00\" \/>\n<meta property=\"article:modified_time\" content=\"2023-06-26T16:39:16+00:00\" \/>\n<meta property=\"og:image\" content=\"https:\/\/gysfm.com.ar\/inicio\/wp-content\/uploads\/2023\/05\/1b-67.jpg\" \/>\n\t<meta property=\"og:image:width\" content=\"1000\" \/>\n\t<meta property=\"og:image:height\" content=\"563\" \/>\n\t<meta property=\"og:image:type\" content=\"image\/jpeg\" \/>\n<meta name=\"author\" content=\"Prensa G&amp;S FM\" \/>\n<meta name=\"twitter:card\" content=\"summary_large_image\" \/>\n<meta name=\"twitter:label1\" content=\"Escrito por\" \/>\n\t<meta name=\"twitter:data1\" content=\"Prensa G&amp;S FM\" \/>\n\t<meta name=\"twitter:label2\" content=\"Tiempo de lectura\" \/>\n\t<meta name=\"twitter:data2\" content=\"2 minutos\" \/>\n<script type=\"application\/ld+json\" class=\"yoast-schema-graph\">{\"@context\":\"https:\/\/schema.org\",\"@graph\":[{\"@type\":\"Article\",\"@id\":\"https:\/\/gysfm.com.ar\/inicio\/todo-lo-que-hay-que-saber-para-las-elecciones-del-14-de-mayo-en-san-juan\/#article\",\"isPartOf\":{\"@id\":\"https:\/\/gysfm.com.ar\/inicio\/todo-lo-que-hay-que-saber-para-las-elecciones-del-14-de-mayo-en-san-juan\/\"},\"author\":{\"name\":\"Prensa G&amp;S FM\",\"@id\":\"https:\/\/gysfm.com.ar\/inicio\/#\/schema\/person\/3abba7593ef2ad19e1be221d54383dc5\"},\"headline\":\"Todo lo que hay que saber para las elecciones del 14 de mayo en San Juan\",\"datePublished\":\"2023-05-29T17:05:17+00:00\",\"dateModified\":\"2023-06-26T16:39:16+00:00\",\"mainEntityOfPage\":{\"@id\":\"https:\/\/gysfm.com.ar\/inicio\/todo-lo-que-hay-que-saber-para-las-elecciones-del-14-de-mayo-en-san-juan\/\"},\"wordCount\":359,\"publisher\":{\"@id\":\"https:\/\/gysfm.com.ar\/inicio\/#organization\"},\"image\":{\"@id\":\"https:\/\/gysfm.com.ar\/inicio\/todo-lo-que-hay-que-saber-para-las-elecciones-del-14-de-mayo-en-san-juan\/#primaryimage\"},\"thumbnailUrl\":\"https:\/\/gysfm.com.ar\/inicio\/wp-content\/uploads\/2023\/05\/1b-67-1.jpg\",\"articleSection\":[\"POLITICA\"],\"inLanguage\":\"es\"},{\"@type\":\"WebPage\",\"@id\":\"https:\/\/gysfm.com.ar\/inicio\/todo-lo-que-hay-que-saber-para-las-elecciones-del-14-de-mayo-en-san-juan\/\",\"url\":\"https:\/\/gysfm.com.ar\/inicio\/todo-lo-que-hay-que-saber-para-las-elecciones-del-14-de-mayo-en-san-juan\/\",\"name\":\"Todo lo que hay que saber para las elecciones del 14 de mayo en San Juan - GYS NOTICIAS |\",\"isPartOf\":{\"@id\":\"https:\/\/gysfm.com.ar\/inicio\/#website\"},\"primaryImageOfPage\":{\"@id\":\"https:\/\/gysfm.com.ar\/inicio\/todo-lo-que-hay-que-saber-para-las-elecciones-del-14-de-mayo-en-san-juan\/#primaryimage\"},\"image\":{\"@id\":\"https:\/\/gysfm.com.ar\/inicio\/todo-lo-que-hay-que-saber-para-las-elecciones-del-14-de-mayo-en-san-juan\/#primaryimage\"},\"thumbnailUrl\":\"https:\/\/gysfm.com.ar\/inicio\/wp-content\/uploads\/2023\/05\/1b-67-1.jpg\",\"datePublished\":\"2023-05-29T17:05:17+00:00\",\"dateModified\":\"2023-06-26T16:39:16+00:00\",\"breadcrumb\":{\"@id\":\"https:\/\/gysfm.com.ar\/inicio\/todo-lo-que-hay-que-saber-para-las-elecciones-del-14-de-mayo-en-san-juan\/#breadcrumb\"},\"inLanguage\":\"es\",\"potentialAction\":[{\"@type\":\"ReadAction\",\"target\":[\"https:\/\/gysfm.com.ar\/inicio\/todo-lo-que-hay-que-saber-para-las-elecciones-del-14-de-mayo-en-san-juan\/\"]}]},{\"@type\":\"ImageObject\",\"inLanguage\":\"es\",\"@id\":\"https:\/\/gysfm.com.ar\/inicio\/todo-lo-que-hay-que-saber-para-las-elecciones-del-14-de-mayo-en-san-juan\/#primaryimage\",\"url\":\"\",\"contentUrl\":\"\"},{\"@type\":\"BreadcrumbList\",\"@id\":\"https:\/\/gysfm.com.ar\/inicio\/todo-lo-que-hay-que-saber-para-las-elecciones-del-14-de-mayo-en-san-juan\/#breadcrumb\",\"itemListElement\":[{\"@type\":\"ListItem\",\"position\":1,\"name\":\"Portada\",\"item\":\"https:\/\/gysfm.com.ar\/inicio\/\"},{\"@type\":\"ListItem\",\"position\":2,\"name\":\"Todo lo que hay que saber para las elecciones del 14 de mayo en San Juan\"}]},{\"@type\":\"WebSite\",\"@id\":\"https:\/\/gysfm.com.ar\/inicio\/#website\",\"url\":\"https:\/\/gysfm.com.ar\/inicio\/\",\"name\":\"GYS NOTICIAS |\",\"description\":\"DIARIO - RADIO ONLINE SAN JUAN ARGENTINA\",\"publisher\":{\"@id\":\"https:\/\/gysfm.com.ar\/inicio\/#organization\"},\"potentialAction\":[{\"@type\":\"SearchAction\",\"target\":{\"@type\":\"EntryPoint\",\"urlTemplate\":\"https:\/\/gysfm.com.ar\/inicio\/?s={search_term_string}\"},\"query-input\":{\"@type\":\"PropertyValueSpecification\",\"valueRequired\":true,\"valueName\":\"search_term_string\"}}],\"inLanguage\":\"es\"},{\"@type\":\"Organization\",\"@id\":\"https:\/\/gysfm.com.ar\/inicio\/#organization\",\"name\":\"GYS NOTICIAS |\",\"url\":\"https:\/\/gysfm.com.ar\/inicio\/\",\"logo\":{\"@type\":\"ImageObject\",\"inLanguage\":\"es\",\"@id\":\"https:\/\/gysfm.com.ar\/inicio\/#\/schema\/logo\/image\/\",\"url\":\"https:\/\/gysfm.com.ar\/inicio\/wp-content\/uploads\/2023\/07\/LOGOGYS-OK.png\",\"contentUrl\":\"https:\/\/gysfm.com.ar\/inicio\/wp-content\/uploads\/2023\/07\/LOGOGYS-OK.png\",\"width\":1170,\"height\":872,\"caption\":\"GYS NOTICIAS |\"},\"image\":{\"@id\":\"https:\/\/gysfm.com.ar\/inicio\/#\/schema\/logo\/image\/\"}},{\"@type\":\"Person\",\"@id\":\"https:\/\/gysfm.com.ar\/inicio\/#\/schema\/person\/3abba7593ef2ad19e1be221d54383dc5\",\"name\":\"Prensa G&amp;S FM\",\"image\":{\"@type\":\"ImageObject\",\"inLanguage\":\"es\",\"@id\":\"https:\/\/gysfm.com.ar\/inicio\/#\/schema\/person\/image\/\",\"url\":\"https:\/\/secure.gravatar.com\/avatar\/096ec78df02049ab018702bb4ccedf659377fa92a26540b5247612077a0dbd29?s=96&d=mm&r=g\",\"contentUrl\":\"https:\/\/secure.gravatar.com\/avatar\/096ec78df02049ab018702bb4ccedf659377fa92a26540b5247612077a0dbd29?s=96&d=mm&r=g\",\"caption\":\"Prensa G&amp;S FM\"},\"sameAs\":[\"https:\/\/gysfm.com.ar\/\"],\"url\":\"https:\/\/gysfm.com.ar\/inicio\/author\/lucasm\/\"}]}<\/script>\n<!-- \/ Yoast SEO plugin. -->","yoast_head_json":{"title":"Todo lo que hay que saber para las elecciones del 14 de mayo en San Juan - GYS NOTICIAS |","robots":{"index":"index","follow":"follow","max-snippet":"max-snippet:-1","max-image-preview":"max-image-preview:large","max-video-preview":"max-video-preview:-1"},"canonical":"https:\/\/gysfm.com.ar\/inicio\/todo-lo-que-hay-que-saber-para-las-elecciones-del-14-de-mayo-en-san-juan\/","og_locale":"es_ES","og_type":"article","og_title":"Todo lo que hay que saber para las elecciones del 14 de mayo en San Juan - GYS NOTICIAS |","og_description":"El pr\u00f3ximo domingo 14 de mayo, se celebrar\u00e1n en la provincia unas nuevas Elecciones, esta vez bajo el Sistema de Participaci\u00f3n Democr\u00e1tica Abierta (SIPAD) determinado tras las reforma electoral impulsada en septiembre de 2022 en San Juan que elimin\u00f3 las Primarias, Abiertas, Simult\u00e1neas y Obligatorias (PASO). Este sistema ser\u00e1 utilizado por primera vez en la [&hellip;]","og_url":"https:\/\/gysfm.com.ar\/inicio\/todo-lo-que-hay-que-saber-para-las-elecciones-del-14-de-mayo-en-san-juan\/","og_site_name":"GYS NOTICIAS |","article_published_time":"2023-05-29T17:05:17+00:00","article_modified_time":"2023-06-26T16:39:16+00:00","og_image":[{"width":1000,"height":563,"url":"https:\/\/gysfm.com.ar\/inicio\/wp-content\/uploads\/2023\/05\/1b-67.jpg","type":"image\/jpeg"}],"author":"Prensa G&amp;S FM","twitter_card":"summary_large_image","twitter_misc":{"Escrito por":"Prensa G&amp;S FM","Tiempo de lectura":"2 minutos"},"schema":{"@context":"https:\/\/schema.org","@graph":[{"@type":"Article","@id":"https:\/\/gysfm.com.ar\/inicio\/todo-lo-que-hay-que-saber-para-las-elecciones-del-14-de-mayo-en-san-juan\/#article","isPartOf":{"@id":"https:\/\/gysfm.com.ar\/inicio\/todo-lo-que-hay-que-saber-para-las-elecciones-del-14-de-mayo-en-san-juan\/"},"author":{"name":"Prensa G&amp;S FM","@id":"https:\/\/gysfm.com.ar\/inicio\/#\/schema\/person\/3abba7593ef2ad19e1be221d54383dc5"},"headline":"Todo lo que hay que saber para las elecciones del 14 de mayo en San Juan","datePublished":"2023-05-29T17:05:17+00:00","dateModified":"2023-06-26T16:39:16+00:00","mainEntityOfPage":{"@id":"https:\/\/gysfm.com.ar\/inicio\/todo-lo-que-hay-que-saber-para-las-elecciones-del-14-de-mayo-en-san-juan\/"},"wordCount":359,"publisher":{"@id":"https:\/\/gysfm.com.ar\/inicio\/#organization"},"image":{"@id":"https:\/\/gysfm.com.ar\/inicio\/todo-lo-que-hay-que-saber-para-las-elecciones-del-14-de-mayo-en-san-juan\/#primaryimage"},"thumbnailUrl":"https:\/\/gysfm.com.ar\/inicio\/wp-content\/uploads\/2023\/05\/1b-67-1.jpg","articleSection":["POLITICA"],"inLanguage":"es"},{"@type":"WebPage","@id":"https:\/\/gysfm.com.ar\/inicio\/todo-lo-que-hay-que-saber-para-las-elecciones-del-14-de-mayo-en-san-juan\/","url":"https:\/\/gysfm.com.ar\/inicio\/todo-lo-que-hay-que-saber-para-las-elecciones-del-14-de-mayo-en-san-juan\/","name":"Todo lo que hay que saber para las elecciones del 14 de mayo en San Juan - GYS NOTICIAS |","isPartOf":{"@id":"https:\/\/gysfm.com.ar\/inicio\/#website"},"primaryImageOfPage":{"@id":"https:\/\/gysfm.com.ar\/inicio\/todo-lo-que-hay-que-saber-para-las-elecciones-del-14-de-mayo-en-san-juan\/#primaryimage"},"image":{"@id":"https:\/\/gysfm.com.ar\/inicio\/todo-lo-que-hay-que-saber-para-las-elecciones-del-14-de-mayo-en-san-juan\/#primaryimage"},"thumbnailUrl":"https:\/\/gysfm.com.ar\/inicio\/wp-content\/uploads\/2023\/05\/1b-67-1.jpg","datePublished":"2023-05-29T17:05:17+00:00","dateModified":"2023-06-26T16:39:16+00:00","breadcrumb":{"@id":"https:\/\/gysfm.com.ar\/inicio\/todo-lo-que-hay-que-saber-para-las-elecciones-del-14-de-mayo-en-san-juan\/#breadcrumb"},"inLanguage":"es","potentialAction":[{"@type":"ReadAction","target":["https:\/\/gysfm.com.ar\/inicio\/todo-lo-que-hay-que-saber-para-las-elecciones-del-14-de-mayo-en-san-juan\/"]}]},{"@type":"ImageObject","inLanguage":"es","@id":"https:\/\/gysfm.com.ar\/inicio\/todo-lo-que-hay-que-saber-para-las-elecciones-del-14-de-mayo-en-san-juan\/#primaryimage","url":"","contentUrl":""},{"@type":"BreadcrumbList","@id":"https:\/\/gysfm.com.ar\/inicio\/todo-lo-que-hay-que-saber-para-las-elecciones-del-14-de-mayo-en-san-juan\/#breadcrumb","itemListElement":[{"@type":"ListItem","position":1,"name":"Portada","item":"https:\/\/gysfm.com.ar\/inicio\/"},{"@type":"ListItem","position":2,"name":"Todo lo que hay que saber para las elecciones del 14 de mayo en San Juan"}]},{"@type":"WebSite","@id":"https:\/\/gysfm.com.ar\/inicio\/#website","url":"https:\/\/gysfm.com.ar\/inicio\/","name":"GYS NOTICIAS |","description":"DIARIO - RADIO ONLINE SAN JUAN ARGENTINA","publisher":{"@id":"https:\/\/gysfm.com.ar\/inicio\/#organization"},"potentialAction":[{"@type":"SearchAction","target":{"@type":"EntryPoint","urlTemplate":"https:\/\/gysfm.com.ar\/inicio\/?s={search_term_string}"},"query-input":{"@type":"PropertyValueSpecification","valueRequired":true,"valueName":"search_term_string"}}],"inLanguage":"es"},{"@type":"Organization","@id":"https:\/\/gysfm.com.ar\/inicio\/#organization","name":"GYS NOTICIAS |","url":"https:\/\/gysfm.com.ar\/inicio\/","logo":{"@type":"ImageObject","inLanguage":"es","@id":"https:\/\/gysfm.com.ar\/inicio\/#\/schema\/logo\/image\/","url":"https:\/\/gysfm.com.ar\/inicio\/wp-content\/uploads\/2023\/07\/LOGOGYS-OK.png","contentUrl":"https:\/\/gysfm.com.ar\/inicio\/wp-content\/uploads\/2023\/07\/LOGOGYS-OK.png","width":1170,"height":872,"caption":"GYS NOTICIAS |"},"image":{"@id":"https:\/\/gysfm.com.ar\/inicio\/#\/schema\/logo\/image\/"}},{"@type":"Person","@id":"https:\/\/gysfm.com.ar\/inicio\/#\/schema\/person\/3abba7593ef2ad19e1be221d54383dc5","name":"Prensa G&amp;S FM","image":{"@type":"ImageObject","inLanguage":"es","@id":"https:\/\/gysfm.com.ar\/inicio\/#\/schema\/person\/image\/","url":"https:\/\/secure.gravatar.com\/avatar\/096ec78df02049ab018702bb4ccedf659377fa92a26540b5247612077a0dbd29?s=96&d=mm&r=g","contentUrl":"https:\/\/secure.gravatar.com\/avatar\/096ec78df02049ab018702bb4ccedf659377fa92a26540b5247612077a0dbd29?s=96&d=mm&r=g","caption":"Prensa G&amp;S FM"},"sameAs":["https:\/\/gysfm.com.ar\/"],"url":"https:\/\/gysfm.com.ar\/inicio\/author\/lucasm\/"}]}},"_links":{"self":[{"href":"https:\/\/gysfm.com.ar\/inicio\/wp-json\/wp\/v2\/posts\/279","targetHints":{"allow":["GET"]}}],"collection":[{"href":"https:\/\/gysfm.com.ar\/inicio\/wp-json\/wp\/v2\/posts"}],"about":[{"href":"https:\/\/gysfm.com.ar\/inicio\/wp-json\/wp\/v2\/types\/post"}],"author":[{"embeddable":true,"href":"https:\/\/gysfm.com.ar\/inicio\/wp-json\/wp\/v2\/users\/2"}],"replies":[{"embeddable":true,"href":"https:\/\/gysfm.com.ar\/inicio\/wp-json\/wp\/v2\/comments?post=279"}],"version-history":[{"count":0,"href":"https:\/\/gysfm.com.ar\/inicio\/wp-json\/wp\/v2\/posts\/279\/revisions"}],"wp:attachment":[{"href":"https:\/\/gysfm.com.ar\/inicio\/wp-json\/wp\/v2\/media?parent=279"}],"wp:term":[{"taxonomy":"category","embeddable":true,"href":"https:\/\/gysfm.com.ar\/inicio\/wp-json\/wp\/v2\/categories?post=279"},{"taxonomy":"post_tag","embeddable":true,"href":"https:\/\/gysfm.com.ar\/inicio\/wp-json\/wp\/v2\/tags?post=279"}],"curies":[{"name":"wp","href":"https:\/\/api.w.org\/{rel}","templated":true}]}}