{"id":271,"date":"2023-05-29T17:05:14","date_gmt":"2023-05-29T17:05:14","guid":{"rendered":"https:\/\/gysfm.com.ar\/inicio\/2023\/05\/29\/unac-conserva-la-mayoria-en-la-camara-pero-orrego-suma-legisladores-los-nombres-de-los-36-diputados\/"},"modified":"2023-06-26T13:39:16","modified_gmt":"2023-06-26T16:39:16","slug":"unac-conserva-la-mayoria-en-la-camara-pero-orrego-suma-legisladores-los-nombres-de-los-36-diputados","status":"publish","type":"post","link":"https:\/\/gysfm.com.ar\/inicio\/unac-conserva-la-mayoria-en-la-camara-pero-orrego-suma-legisladores-los-nombres-de-los-36-diputados\/","title":{"rendered":"U\u00f1ac conserva la mayor\u00eda en la C\u00e1mara, pero Orrego suma legisladores: los nombres de los 36 diputados"},"content":{"rendered":"<p><img decoding=\"async\" src=\"https:\/\/gysfm.com.ar\/inicio\/wp-content\/uploads\/2023\/05\/1a.webp-1.jpg\"\/><\/p>\n<p>Con los datos preliminares de las elecciones realizadas este domingo en San Juan, se puede observar que, tal como se preve\u00eda,<strong> el u\u00f1aquismo conserva la mayor\u00eda de diputados en la C\u00e1mara. Sin embargo, el frente de Marcelo Orrego suma legisladores en el pr\u00f3ximo periodo.<\/strong><\/p>\n<p><strong>Al oficialismo le fue muy bien en torno a los diputados departamentales. En este caso, sum\u00f3 13 legisladores. <\/strong>Mientras que, el frente de<strong> Orrego se qued\u00f3 con 5 y la subagrupaci\u00f3n de Jos\u00e9 Luis Gioja sum\u00f3 uno,<\/strong> que en realidad, proviene del ri\u00f1\u00f3n de su compa\u00f1ero de f\u00f3rmula, Fabi\u00e1n Gramajo.<\/p>\n<p>Sobre esta categor\u00eda, <strong>el punto destacable es el de 9 de Julio, donde el peronismo logr\u00f3 volver a la victoria y se qued\u00f3 con la intendencia, pero la diputaci\u00f3n departamental qued\u00f3 en manos del frente de Orrego.<\/strong><\/p>\n<p><strong>En relaci\u00f3n a la categor\u00eda de diputados proporcionales, hay a\u00fan un lugar en duda. <\/strong>Es que, con la cantidad de mesas escrutadas hasta el momento, <strong>Unidos por San Juan sumar\u00eda 7 legisladores. Sin embargo, de engordar el n\u00famero de votos los libertarios, podr\u00edan arrancarle ese espacio y terminar sumando 2 diputados en vez del \u00fanico<\/strong> que tienen hasta el momento.<\/p>\n<p>A continuaci\u00f3n, <strong>los nombres de todos diputados que integrar\u00e1n la Legislatura hasta el momento:<\/strong><\/p>\n<p><strong>Diputados departamentales:<\/strong><\/p>\n<p><strong>\u2013 25 de Mayo:<\/strong> Juan Carlos Quiroga Moyano (San Juan por Todos \u2013 Vamos San Juan)<\/p>\n<p><strong>\u2013 9 de Julio: <\/strong>Gustavo N\u00fa\u00f1ez (Unidos por San Juan \u2013 Cambia San Juan)<\/p>\n<p><strong>\u2013 Albard\u00f3n:<\/strong> Pedro Albagli (San Juan por Todos \u2013 Vamos San Juan)<\/p>\n<p><strong>\u2013 Angaco: <\/strong>Andr\u00e9s Mallea (San Juan por Todos \u2013 Vamos San Juan)<\/p>\n<p><strong>\u2013 Calingasta:<\/strong> Jorge Casta\u00f1eda (San Juan por Todos \u2013 Vamos San Juan)<\/p>\n<p><strong>\u2013 Capital:<\/strong> Gustavo Fern\u00e1ndez (Unidos por San Juan \u2013 Cambia San Juan)<\/p>\n<p><strong>\u2013 Caucete:<\/strong> Emilio Escudero (San Juan por Todos \u2013 Vamos San Juan)<\/p>\n<p><strong>\u2013 Chimbas:<\/strong> Gabriel S\u00e1nchez (San Juan por Todos \u2013 San Juan Vuelve)<\/p>\n<p><strong>\u2013 Iglesia:<\/strong> Gustavo Deguer (San Juan por Todos \u2013 Vamos San Juan)<\/p>\n<p><strong>\u2013 J\u00e1chal:<\/strong> Miguel Vega (San Juan por Todos \u2013 Vamos San Juan)<\/p>\n<p><strong>\u2013 Pocito:<\/strong> Stella Caparros (San Juan por Todos \u2013 Vamos San Juan)<\/p>\n<p><strong>\u2013 Rawson: <\/strong>Pablo Garc\u00eda Nieto (San Juan por Todos \u2013 Vamos San Juan)<\/p>\n<p><strong>\u2013 Rivadavia: <\/strong>Juan de la Cruz C\u00f3rdoba (Unidos por San Juan \u2013 Cambia San Juan)<\/p>\n<p><strong>\u2013 San Mart\u00edn:<\/strong> Marta Gramajo (San Juan por Todos \u2013 Vamos San Juan)<\/p>\n<p><strong>\u2013 Santa Luc\u00eda: <\/strong>Carlos Platero (Unidos por San Juan \u2013 Cambia San Juan)<\/p>\n<p><strong>\u2013 Sarmiento: <\/strong>Andr\u00e9s Castro (Unidos por San Juan \u2013 Cambia San Juan)<\/p>\n<p><strong>\u2013 Ullum:<\/strong> Leopoldo Soler (San Juan por Todos \u2013 Vamos San Juan)<\/p>\n<p><strong>\u2013 Valle F\u00e9rtil: <\/strong>Omar Ortiz (San Juan por Todos \u2013 Vamos San Juan)<\/p>\n<p><strong>\u2013 Zonda:<\/strong> Miguel Atampiz (San Juan por Todos \u2013 Vamos San Juan)<\/p>\n<p><strong>Diputados proporcionales <\/strong><\/p>\n<p><strong>UNIDOS POR SAN JUAN<\/strong><\/p>\n<p><strong>*Cambia San Juan<\/strong><\/p>\n<p>1- Carlos Jaime<\/p>\n<p>2- Marcela Quiroga<\/p>\n<p>3- Daniel Ripoll<\/p>\n<p>4- Mar\u00eda Rita Lescano<\/p>\n<p>5- Enzo Cornejo<\/p>\n<p>6- Alejandra Leonardo<\/p>\n<p>7- Gustavo Usin (es duda todav\u00eda)<\/p>\n<p><strong>SAN JUAN POR TODOS<\/strong><\/p>\n<p><strong>*Vuelve San Juan<\/strong><\/p>\n<p>1- Mario Alberto Herrero<\/p>\n<p>2- Graciela Hilda Seva<\/p>\n<p>3- Franco Aranda<\/p>\n<p><strong>*Vamos San Juan<\/strong><\/p>\n<p>1- Cristina L\u00f3pez<\/p>\n<p>2- Luis Rueda<\/p>\n<p>3- Marisa L\u00f3pez<\/p>\n<p>4-  Eduardo Cabello<\/p>\n<p>5- Fernanda Paredes<\/p>\n<p>6- Horacio Quiroga<\/p>\n<p><strong>DESARROLLO Y LIBERTAD<\/strong><\/p>\n<p><strong>*Desarrollo y Unidad<\/strong><\/p>\n<p>1-Fernando Patinella<\/p>\n","protected":false},"excerpt":{"rendered":"<p>Con los datos preliminares de las elecciones realizadas este domingo en San Juan, se puede observar que, tal como se preve\u00eda, el u\u00f1aquismo conserva la mayor\u00eda de diputados en la C\u00e1mara. Sin embargo, el frente de Marcelo Orrego suma legisladores en el pr\u00f3ximo periodo. Al oficialismo le fue muy bien en torno a los diputados [&hellip;]<\/p>\n","protected":false},"author":2,"featured_media":0,"comment_status":"closed","ping_status":"closed","sticky":false,"template":"","format":"standard","meta":{"footnotes":""},"categories":[29],"tags":[],"class_list":["post-271","post","type-post","status-publish","format-standard","hentry","category-politica"],"yoast_head":"<!-- This site is optimized with the Yoast SEO plugin v24.4 - https:\/\/yoast.com\/wordpress\/plugins\/seo\/ -->\n<title>U\u00f1ac conserva la mayor\u00eda en la C\u00e1mara, pero Orrego suma legisladores: los nombres de los 36 diputados - GYS NOTICIAS |<\/title>\n<meta name=\"robots\" content=\"index, follow, max-snippet:-1, max-image-preview:large, max-video-preview:-1\" \/>\n<link rel=\"canonical\" href=\"https:\/\/gysfm.com.ar\/inicio\/unac-conserva-la-mayoria-en-la-camara-pero-orrego-suma-legisladores-los-nombres-de-los-36-diputados\/\" \/>\n<meta property=\"og:locale\" content=\"es_ES\" \/>\n<meta property=\"og:type\" content=\"article\" \/>\n<meta property=\"og:title\" content=\"U\u00f1ac conserva la mayor\u00eda en la C\u00e1mara, pero Orrego suma legisladores: los nombres de los 36 diputados - GYS NOTICIAS |\" \/>\n<meta property=\"og:description\" content=\"Con los datos preliminares de las elecciones realizadas este domingo en San Juan, se puede observar que, tal como se preve\u00eda, el u\u00f1aquismo conserva la mayor\u00eda de diputados en la C\u00e1mara. Sin embargo, el frente de Marcelo Orrego suma legisladores en el pr\u00f3ximo periodo. Al oficialismo le fue muy bien en torno a los diputados [&hellip;]\" \/>\n<meta property=\"og:url\" content=\"https:\/\/gysfm.com.ar\/inicio\/unac-conserva-la-mayoria-en-la-camara-pero-orrego-suma-legisladores-los-nombres-de-los-36-diputados\/\" \/>\n<meta property=\"og:site_name\" content=\"GYS NOTICIAS |\" \/>\n<meta property=\"article:published_time\" content=\"2023-05-29T17:05:14+00:00\" \/>\n<meta property=\"article:modified_time\" content=\"2023-06-26T16:39:16+00:00\" \/>\n<meta property=\"og:image\" content=\"https:\/\/gysfm.com.ar\/inicio\/wp-content\/uploads\/2023\/05\/1a.webp.jpg\" \/>\n\t<meta property=\"og:image:width\" content=\"1360\" \/>\n\t<meta property=\"og:image:height\" content=\"765\" \/>\n\t<meta property=\"og:image:type\" content=\"image\/jpeg\" \/>\n<meta name=\"author\" content=\"Prensa G&amp;S FM\" \/>\n<meta name=\"twitter:card\" content=\"summary_large_image\" \/>\n<meta name=\"twitter:label1\" content=\"Escrito por\" \/>\n\t<meta name=\"twitter:data1\" content=\"Prensa G&amp;S FM\" \/>\n\t<meta name=\"twitter:label2\" content=\"Tiempo de lectura\" \/>\n\t<meta name=\"twitter:data2\" content=\"3 minutos\" \/>\n<script type=\"application\/ld+json\" class=\"yoast-schema-graph\">{\"@context\":\"https:\/\/schema.org\",\"@graph\":[{\"@type\":\"Article\",\"@id\":\"https:\/\/gysfm.com.ar\/inicio\/unac-conserva-la-mayoria-en-la-camara-pero-orrego-suma-legisladores-los-nombres-de-los-36-diputados\/#article\",\"isPartOf\":{\"@id\":\"https:\/\/gysfm.com.ar\/inicio\/unac-conserva-la-mayoria-en-la-camara-pero-orrego-suma-legisladores-los-nombres-de-los-36-diputados\/\"},\"author\":{\"name\":\"Prensa G&amp;S FM\",\"@id\":\"https:\/\/gysfm.com.ar\/inicio\/#\/schema\/person\/3abba7593ef2ad19e1be221d54383dc5\"},\"headline\":\"U\u00f1ac conserva la mayor\u00eda en la C\u00e1mara, pero Orrego suma legisladores: los nombres de los 36 diputados\",\"datePublished\":\"2023-05-29T17:05:14+00:00\",\"dateModified\":\"2023-06-26T16:39:16+00:00\",\"mainEntityOfPage\":{\"@id\":\"https:\/\/gysfm.com.ar\/inicio\/unac-conserva-la-mayoria-en-la-camara-pero-orrego-suma-legisladores-los-nombres-de-los-36-diputados\/\"},\"wordCount\":540,\"publisher\":{\"@id\":\"https:\/\/gysfm.com.ar\/inicio\/#organization\"},\"image\":{\"@id\":\"https:\/\/gysfm.com.ar\/inicio\/unac-conserva-la-mayoria-en-la-camara-pero-orrego-suma-legisladores-los-nombres-de-los-36-diputados\/#primaryimage\"},\"thumbnailUrl\":\"https:\/\/gysfm.com.ar\/inicio\/wp-content\/uploads\/2023\/05\/1a.webp-1.jpg\",\"articleSection\":[\"POLITICA\"],\"inLanguage\":\"es\"},{\"@type\":\"WebPage\",\"@id\":\"https:\/\/gysfm.com.ar\/inicio\/unac-conserva-la-mayoria-en-la-camara-pero-orrego-suma-legisladores-los-nombres-de-los-36-diputados\/\",\"url\":\"https:\/\/gysfm.com.ar\/inicio\/unac-conserva-la-mayoria-en-la-camara-pero-orrego-suma-legisladores-los-nombres-de-los-36-diputados\/\",\"name\":\"U\u00f1ac conserva la mayor\u00eda en la C\u00e1mara, pero Orrego suma legisladores: los nombres de los 36 diputados - GYS NOTICIAS |\",\"isPartOf\":{\"@id\":\"https:\/\/gysfm.com.ar\/inicio\/#website\"},\"primaryImageOfPage\":{\"@id\":\"https:\/\/gysfm.com.ar\/inicio\/unac-conserva-la-mayoria-en-la-camara-pero-orrego-suma-legisladores-los-nombres-de-los-36-diputados\/#primaryimage\"},\"image\":{\"@id\":\"https:\/\/gysfm.com.ar\/inicio\/unac-conserva-la-mayoria-en-la-camara-pero-orrego-suma-legisladores-los-nombres-de-los-36-diputados\/#primaryimage\"},\"thumbnailUrl\":\"https:\/\/gysfm.com.ar\/inicio\/wp-content\/uploads\/2023\/05\/1a.webp-1.jpg\",\"datePublished\":\"2023-05-29T17:05:14+00:00\",\"dateModified\":\"2023-06-26T16:39:16+00:00\",\"breadcrumb\":{\"@id\":\"https:\/\/gysfm.com.ar\/inicio\/unac-conserva-la-mayoria-en-la-camara-pero-orrego-suma-legisladores-los-nombres-de-los-36-diputados\/#breadcrumb\"},\"inLanguage\":\"es\",\"potentialAction\":[{\"@type\":\"ReadAction\",\"target\":[\"https:\/\/gysfm.com.ar\/inicio\/unac-conserva-la-mayoria-en-la-camara-pero-orrego-suma-legisladores-los-nombres-de-los-36-diputados\/\"]}]},{\"@type\":\"ImageObject\",\"inLanguage\":\"es\",\"@id\":\"https:\/\/gysfm.com.ar\/inicio\/unac-conserva-la-mayoria-en-la-camara-pero-orrego-suma-legisladores-los-nombres-de-los-36-diputados\/#primaryimage\",\"url\":\"\",\"contentUrl\":\"\"},{\"@type\":\"BreadcrumbList\",\"@id\":\"https:\/\/gysfm.com.ar\/inicio\/unac-conserva-la-mayoria-en-la-camara-pero-orrego-suma-legisladores-los-nombres-de-los-36-diputados\/#breadcrumb\",\"itemListElement\":[{\"@type\":\"ListItem\",\"position\":1,\"name\":\"Portada\",\"item\":\"https:\/\/gysfm.com.ar\/inicio\/\"},{\"@type\":\"ListItem\",\"position\":2,\"name\":\"U\u00f1ac conserva la mayor\u00eda en la C\u00e1mara, pero Orrego suma legisladores: los nombres de los 36 diputados\"}]},{\"@type\":\"WebSite\",\"@id\":\"https:\/\/gysfm.com.ar\/inicio\/#website\",\"url\":\"https:\/\/gysfm.com.ar\/inicio\/\",\"name\":\"GYS NOTICIAS |\",\"description\":\"DIARIO - RADIO ONLINE SAN JUAN ARGENTINA\",\"publisher\":{\"@id\":\"https:\/\/gysfm.com.ar\/inicio\/#organization\"},\"potentialAction\":[{\"@type\":\"SearchAction\",\"target\":{\"@type\":\"EntryPoint\",\"urlTemplate\":\"https:\/\/gysfm.com.ar\/inicio\/?s={search_term_string}\"},\"query-input\":{\"@type\":\"PropertyValueSpecification\",\"valueRequired\":true,\"valueName\":\"search_term_string\"}}],\"inLanguage\":\"es\"},{\"@type\":\"Organization\",\"@id\":\"https:\/\/gysfm.com.ar\/inicio\/#organization\",\"name\":\"GYS NOTICIAS |\",\"url\":\"https:\/\/gysfm.com.ar\/inicio\/\",\"logo\":{\"@type\":\"ImageObject\",\"inLanguage\":\"es\",\"@id\":\"https:\/\/gysfm.com.ar\/inicio\/#\/schema\/logo\/image\/\",\"url\":\"https:\/\/gysfm.com.ar\/inicio\/wp-content\/uploads\/2023\/07\/LOGOGYS-OK.png\",\"contentUrl\":\"https:\/\/gysfm.com.ar\/inicio\/wp-content\/uploads\/2023\/07\/LOGOGYS-OK.png\",\"width\":1170,\"height\":872,\"caption\":\"GYS NOTICIAS |\"},\"image\":{\"@id\":\"https:\/\/gysfm.com.ar\/inicio\/#\/schema\/logo\/image\/\"}},{\"@type\":\"Person\",\"@id\":\"https:\/\/gysfm.com.ar\/inicio\/#\/schema\/person\/3abba7593ef2ad19e1be221d54383dc5\",\"name\":\"Prensa G&amp;S FM\",\"image\":{\"@type\":\"ImageObject\",\"inLanguage\":\"es\",\"@id\":\"https:\/\/gysfm.com.ar\/inicio\/#\/schema\/person\/image\/\",\"url\":\"https:\/\/secure.gravatar.com\/avatar\/096ec78df02049ab018702bb4ccedf659377fa92a26540b5247612077a0dbd29?s=96&d=mm&r=g\",\"contentUrl\":\"https:\/\/secure.gravatar.com\/avatar\/096ec78df02049ab018702bb4ccedf659377fa92a26540b5247612077a0dbd29?s=96&d=mm&r=g\",\"caption\":\"Prensa G&amp;S FM\"},\"sameAs\":[\"https:\/\/gysfm.com.ar\/\"],\"url\":\"https:\/\/gysfm.com.ar\/inicio\/author\/lucasm\/\"}]}<\/script>\n<!-- \/ Yoast SEO plugin. -->","yoast_head_json":{"title":"U\u00f1ac conserva la mayor\u00eda en la C\u00e1mara, pero Orrego suma legisladores: los nombres de los 36 diputados - GYS NOTICIAS |","robots":{"index":"index","follow":"follow","max-snippet":"max-snippet:-1","max-image-preview":"max-image-preview:large","max-video-preview":"max-video-preview:-1"},"canonical":"https:\/\/gysfm.com.ar\/inicio\/unac-conserva-la-mayoria-en-la-camara-pero-orrego-suma-legisladores-los-nombres-de-los-36-diputados\/","og_locale":"es_ES","og_type":"article","og_title":"U\u00f1ac conserva la mayor\u00eda en la C\u00e1mara, pero Orrego suma legisladores: los nombres de los 36 diputados - GYS NOTICIAS |","og_description":"Con los datos preliminares de las elecciones realizadas este domingo en San Juan, se puede observar que, tal como se preve\u00eda, el u\u00f1aquismo conserva la mayor\u00eda de diputados en la C\u00e1mara. Sin embargo, el frente de Marcelo Orrego suma legisladores en el pr\u00f3ximo periodo. Al oficialismo le fue muy bien en torno a los diputados [&hellip;]","og_url":"https:\/\/gysfm.com.ar\/inicio\/unac-conserva-la-mayoria-en-la-camara-pero-orrego-suma-legisladores-los-nombres-de-los-36-diputados\/","og_site_name":"GYS NOTICIAS |","article_published_time":"2023-05-29T17:05:14+00:00","article_modified_time":"2023-06-26T16:39:16+00:00","og_image":[{"width":1360,"height":765,"url":"https:\/\/gysfm.com.ar\/inicio\/wp-content\/uploads\/2023\/05\/1a.webp.jpg","type":"image\/jpeg"}],"author":"Prensa G&amp;S FM","twitter_card":"summary_large_image","twitter_misc":{"Escrito por":"Prensa G&amp;S FM","Tiempo de lectura":"3 minutos"},"schema":{"@context":"https:\/\/schema.org","@graph":[{"@type":"Article","@id":"https:\/\/gysfm.com.ar\/inicio\/unac-conserva-la-mayoria-en-la-camara-pero-orrego-suma-legisladores-los-nombres-de-los-36-diputados\/#article","isPartOf":{"@id":"https:\/\/gysfm.com.ar\/inicio\/unac-conserva-la-mayoria-en-la-camara-pero-orrego-suma-legisladores-los-nombres-de-los-36-diputados\/"},"author":{"name":"Prensa G&amp;S FM","@id":"https:\/\/gysfm.com.ar\/inicio\/#\/schema\/person\/3abba7593ef2ad19e1be221d54383dc5"},"headline":"U\u00f1ac conserva la mayor\u00eda en la C\u00e1mara, pero Orrego suma legisladores: los nombres de los 36 diputados","datePublished":"2023-05-29T17:05:14+00:00","dateModified":"2023-06-26T16:39:16+00:00","mainEntityOfPage":{"@id":"https:\/\/gysfm.com.ar\/inicio\/unac-conserva-la-mayoria-en-la-camara-pero-orrego-suma-legisladores-los-nombres-de-los-36-diputados\/"},"wordCount":540,"publisher":{"@id":"https:\/\/gysfm.com.ar\/inicio\/#organization"},"image":{"@id":"https:\/\/gysfm.com.ar\/inicio\/unac-conserva-la-mayoria-en-la-camara-pero-orrego-suma-legisladores-los-nombres-de-los-36-diputados\/#primaryimage"},"thumbnailUrl":"https:\/\/gysfm.com.ar\/inicio\/wp-content\/uploads\/2023\/05\/1a.webp-1.jpg","articleSection":["POLITICA"],"inLanguage":"es"},{"@type":"WebPage","@id":"https:\/\/gysfm.com.ar\/inicio\/unac-conserva-la-mayoria-en-la-camara-pero-orrego-suma-legisladores-los-nombres-de-los-36-diputados\/","url":"https:\/\/gysfm.com.ar\/inicio\/unac-conserva-la-mayoria-en-la-camara-pero-orrego-suma-legisladores-los-nombres-de-los-36-diputados\/","name":"U\u00f1ac conserva la mayor\u00eda en la C\u00e1mara, pero Orrego suma legisladores: los nombres de los 36 diputados - GYS NOTICIAS |","isPartOf":{"@id":"https:\/\/gysfm.com.ar\/inicio\/#website"},"primaryImageOfPage":{"@id":"https:\/\/gysfm.com.ar\/inicio\/unac-conserva-la-mayoria-en-la-camara-pero-orrego-suma-legisladores-los-nombres-de-los-36-diputados\/#primaryimage"},"image":{"@id":"https:\/\/gysfm.com.ar\/inicio\/unac-conserva-la-mayoria-en-la-camara-pero-orrego-suma-legisladores-los-nombres-de-los-36-diputados\/#primaryimage"},"thumbnailUrl":"https:\/\/gysfm.com.ar\/inicio\/wp-content\/uploads\/2023\/05\/1a.webp-1.jpg","datePublished":"2023-05-29T17:05:14+00:00","dateModified":"2023-06-26T16:39:16+00:00","breadcrumb":{"@id":"https:\/\/gysfm.com.ar\/inicio\/unac-conserva-la-mayoria-en-la-camara-pero-orrego-suma-legisladores-los-nombres-de-los-36-diputados\/#breadcrumb"},"inLanguage":"es","potentialAction":[{"@type":"ReadAction","target":["https:\/\/gysfm.com.ar\/inicio\/unac-conserva-la-mayoria-en-la-camara-pero-orrego-suma-legisladores-los-nombres-de-los-36-diputados\/"]}]},{"@type":"ImageObject","inLanguage":"es","@id":"https:\/\/gysfm.com.ar\/inicio\/unac-conserva-la-mayoria-en-la-camara-pero-orrego-suma-legisladores-los-nombres-de-los-36-diputados\/#primaryimage","url":"","contentUrl":""},{"@type":"BreadcrumbList","@id":"https:\/\/gysfm.com.ar\/inicio\/unac-conserva-la-mayoria-en-la-camara-pero-orrego-suma-legisladores-los-nombres-de-los-36-diputados\/#breadcrumb","itemListElement":[{"@type":"ListItem","position":1,"name":"Portada","item":"https:\/\/gysfm.com.ar\/inicio\/"},{"@type":"ListItem","position":2,"name":"U\u00f1ac conserva la mayor\u00eda en la C\u00e1mara, pero Orrego suma legisladores: los nombres de los 36 diputados"}]},{"@type":"WebSite","@id":"https:\/\/gysfm.com.ar\/inicio\/#website","url":"https:\/\/gysfm.com.ar\/inicio\/","name":"GYS NOTICIAS |","description":"DIARIO - RADIO ONLINE SAN JUAN ARGENTINA","publisher":{"@id":"https:\/\/gysfm.com.ar\/inicio\/#organization"},"potentialAction":[{"@type":"SearchAction","target":{"@type":"EntryPoint","urlTemplate":"https:\/\/gysfm.com.ar\/inicio\/?s={search_term_string}"},"query-input":{"@type":"PropertyValueSpecification","valueRequired":true,"valueName":"search_term_string"}}],"inLanguage":"es"},{"@type":"Organization","@id":"https:\/\/gysfm.com.ar\/inicio\/#organization","name":"GYS NOTICIAS |","url":"https:\/\/gysfm.com.ar\/inicio\/","logo":{"@type":"ImageObject","inLanguage":"es","@id":"https:\/\/gysfm.com.ar\/inicio\/#\/schema\/logo\/image\/","url":"https:\/\/gysfm.com.ar\/inicio\/wp-content\/uploads\/2023\/07\/LOGOGYS-OK.png","contentUrl":"https:\/\/gysfm.com.ar\/inicio\/wp-content\/uploads\/2023\/07\/LOGOGYS-OK.png","width":1170,"height":872,"caption":"GYS NOTICIAS |"},"image":{"@id":"https:\/\/gysfm.com.ar\/inicio\/#\/schema\/logo\/image\/"}},{"@type":"Person","@id":"https:\/\/gysfm.com.ar\/inicio\/#\/schema\/person\/3abba7593ef2ad19e1be221d54383dc5","name":"Prensa G&amp;S FM","image":{"@type":"ImageObject","inLanguage":"es","@id":"https:\/\/gysfm.com.ar\/inicio\/#\/schema\/person\/image\/","url":"https:\/\/secure.gravatar.com\/avatar\/096ec78df02049ab018702bb4ccedf659377fa92a26540b5247612077a0dbd29?s=96&d=mm&r=g","contentUrl":"https:\/\/secure.gravatar.com\/avatar\/096ec78df02049ab018702bb4ccedf659377fa92a26540b5247612077a0dbd29?s=96&d=mm&r=g","caption":"Prensa G&amp;S FM"},"sameAs":["https:\/\/gysfm.com.ar\/"],"url":"https:\/\/gysfm.com.ar\/inicio\/author\/lucasm\/"}]}},"_links":{"self":[{"href":"https:\/\/gysfm.com.ar\/inicio\/wp-json\/wp\/v2\/posts\/271","targetHints":{"allow":["GET"]}}],"collection":[{"href":"https:\/\/gysfm.com.ar\/inicio\/wp-json\/wp\/v2\/posts"}],"about":[{"href":"https:\/\/gysfm.com.ar\/inicio\/wp-json\/wp\/v2\/types\/post"}],"author":[{"embeddable":true,"href":"https:\/\/gysfm.com.ar\/inicio\/wp-json\/wp\/v2\/users\/2"}],"replies":[{"embeddable":true,"href":"https:\/\/gysfm.com.ar\/inicio\/wp-json\/wp\/v2\/comments?post=271"}],"version-history":[{"count":0,"href":"https:\/\/gysfm.com.ar\/inicio\/wp-json\/wp\/v2\/posts\/271\/revisions"}],"wp:attachment":[{"href":"https:\/\/gysfm.com.ar\/inicio\/wp-json\/wp\/v2\/media?parent=271"}],"wp:term":[{"taxonomy":"category","embeddable":true,"href":"https:\/\/gysfm.com.ar\/inicio\/wp-json\/wp\/v2\/categories?post=271"},{"taxonomy":"post_tag","embeddable":true,"href":"https:\/\/gysfm.com.ar\/inicio\/wp-json\/wp\/v2\/tags?post=271"}],"curies":[{"name":"wp","href":"https:\/\/api.w.org\/{rel}","templated":true}]}}