{"id":210695,"date":"2026-09-06T19:03:05","date_gmt":"2026-09-06T22:03:05","guid":{"rendered":"https:\/\/gysfm.com.ar\/inicio\/segregar-a-los-extranjeros-y-relativizar-el-nazismo-asi-se-acerca-la-extrema-derecha-al-poder-en-alemania\/"},"modified":"2026-09-06T19:03:06","modified_gmt":"2026-09-06T22:03:06","slug":"segregar-a-los-extranjeros-y-relativizar-el-nazismo-asi-se-acerca-la-extrema-derecha-al-poder-en-alemania","status":"publish","type":"post","link":"https:\/\/gysfm.com.ar\/inicio\/segregar-a-los-extranjeros-y-relativizar-el-nazismo-asi-se-acerca-la-extrema-derecha-al-poder-en-alemania\/","title":{"rendered":"Segregar a los extranjeros y relativizar el nazismo: as\u00ed se acerca la extrema derecha al poder en Alemania"},"content":{"rendered":"<p> <br \/>\n<\/p>\n<div>\n<p class=\"com-paragraph --capital --s text-left\">MAGDEBURGO, Alemania.\u2013 <strong>La extrema derecha se acerca al poder en <\/strong><a href=\"https:\/\/www.lanacion.com.ar\/el-mundo\/la-ultraderecha-esta-a-las-puertas-de-ganar-su-primer-gobierno-regional-en-alemania-nid05092026\/\" target=\"_self\" title=\"https:\/\/www.lanacion.com.ar\/el-mundo\/la-ultraderecha-esta-a-las-puertas-de-ganar-su-primer-gobierno-regional-en-alemania-nid05092026\/\" class=\"com-link break-word\" data-mrf-recirculation=\"n_link_parrafo\"><strong>Alemania<\/strong><\/a>. Para una mayor\u00eda de los ciudadanos es el <strong>momento m\u00e1s grave que afronta la democracia alemana<\/strong>; para una minor\u00eda, aunque en ascenso, es una<strong> rebeli\u00f3n contra un sistema que los maltrata<\/strong>. <a href=\"https:\/\/www.lanacion.com.ar\/el-mundo\/amplia-victoria-de-la-ultraderecha-en-una-eleccion-regional-de-alemania-nid06092026\/\" target=\"_self\" title=\"https:\/\/www.lanacion.com.ar\/el-mundo\/amplia-victoria-de-la-ultraderecha-en-una-eleccion-regional-de-alemania-nid06092026\/\" class=\"com-link break-word\" data-mrf-recirculation=\"n_link_parrafo\"><strong>Alternativa para Alemania<\/strong><\/a><strong> <\/strong>(AfD) fue la segunda fuerza m\u00e1s votada en las elecciones<strong> <\/strong>federales de 2025 y en los comicios de este domingo en el Estado federado de Sajonia-Anhalt aspira a la mayor\u00eda absoluta. Las instituciones del Estado y los detractores del partido advierten de que sus propuestas son un peligro para el Estado de derecho y para Europa.<\/p>\n<p class=\"com-paragraph --s\"><strong>\u201cAfD est\u00e1 organizada por extremistas, con ideas que por desgracia sus votantes justifican. Es neofascismo\u201d<\/strong>, afirma Axel Salheiser, director de estudios del Instituto para la Democracia y la Sociedad Civil de Jena (IDZ). No es el \u00fanico que piensa as\u00ed. La Oficina para la Protecci\u00f3n de la Constituci\u00f3n, los servicios secretos internos alemanes, concluy\u00f3 en 2025 que AfD era una <strong>formaci\u00f3n \u201cextremista de derechas\u201d que busca subvertir el orden constitucional y la democracia<\/strong>. <\/p>\n<p class=\"com-paragraph --s\">Los <strong>socialdem\u00f3cratas del SPD <\/strong>y los<strong> Verdes piden su ilegalizaci\u00f3n<\/strong>. Sven H\u00fcber, vicepresidente del Sindicato de la Polic\u00eda (GdP), recomend\u00f3 este agosto a los agentes del orden en Sajonia-Anhalt que est\u00e9n preparados para negarse a acatar \u00f3rdenes de un posible Gobierno de AfD si creen que estas atentan contra los principios democr\u00e1ticos.<\/p>\n<p class=\"com-paragraph --s\">Las encuestas a boca de urna sit\u00faan a <strong>Alternativa para Alemania (AfD) entre el 44% y el 44,5%<\/strong> <strong>de los votos en Sajonia-Anhalt,<\/strong> <strong>muy por delante de la Uni\u00f3n Dem\u00f3crata Cristiana (CDU), que obtendr\u00eda alrededor del 18,5%<\/strong>. El resultado supone una fuerte ventaja para la ultraderecha, aunque<strong> todav\u00eda no est\u00e1 claro si alcanzar\u00e1 una mayor\u00eda suficiente para gobernar en solitario<\/strong> ni si podr\u00e1 formar el primer gobierno estatal de extrema derecha en Alemania desde la Segunda Guerra Mundial. <strong>Si no logra esa mayor\u00eda, la CDU y el resto de las fuerzas pol\u00edticas deber\u00e1n decidir si mantienen el llamado cord\u00f3n sanitario para impedir que AfD llegue al poder<\/strong> en el <em>land<\/em>.<\/p>\n<div class=\"content-media\">\n<section role=\"button\" class=\"mod-media   \">\n<figure role=\"button\" tabindex=\"0\" class=\"mod-figure \"><figcaption class=\"mod-figcaption\"><span class=\"com-text --caption --twoxs\">06 September 2026, Saxony-Anhalt, Magdeburg: Hans-Thomas Tillschneider, a member of the Saxony-Anhalt state parliament, speaks at the Alternative for Germany (AfD) election party at the Altes Theater after the Saxony-Anhalt state election results. Photo: Sebastian Gollnow\/dpa<\/span><span class=\"com-text --credit --twoxs\">Sebastian Gollnow &#8211; dpa DPA<\/span><\/figcaption><\/figure>\n<\/section>\n<\/div>\n<p class=\"com-paragraph --s\">La agrupaci\u00f3n de AfD en Sajonia-Anhalt est\u00e1 considerada como una de las m\u00e1s radicales. El vicepresidente del partido en este <em>land<\/em>,<strong> Hans-Thomas Tillschneider, es conocido por relativizar los cr\u00edmenes nazis y por admirar al l\u00edder ruso, Vladimir Putin<\/strong>. Pero no solo se trata de Tillschneider. Ulrich Siegmund, su candidato, plante\u00f3 el 3 de septiembre en un programa de educaci\u00f3n de la televisi\u00f3n p\u00fablica ZDF que el <strong>nazismo debe tener menos protagonismo en las escuelas: \u201cNo podemos avergonzarnos siempre de nuestra historia. No tenemos ninguna culpa de ella\u201d<\/strong>.<\/p>\n<p class=\"com-paragraph --s\">Los expertos se\u00f1alan las <strong>reformas en la educaci\u00f3n p\u00fablica en Sajonia-Anhalt como el frente m\u00e1s peligroso <\/strong>que propone AfD. La Fundaci\u00f3n Robert Bosch da por hecho en un documento reciente que \u201calgunos de los puntos que plantea AfD son simplemente inviables con la legislaci\u00f3n actual\u201d.<\/p>\n<p class=\"com-paragraph --s\">El programa electoral de AfD defiende que la historia de Alemania debe ense\u00f1arse de forma diferente:<strong> \u201cDebemos fomentar los aspectos positivos de la historia alemana, construir un sentimiento de orgullo y confianza en ser alem\u00e1n\u201d<\/strong>. La idea de <strong>recuperar \u201cel orgullo alem\u00e1n\u201d <\/strong>se repite en casi todos los \u00e1mbitos, tambi\u00e9n en el cultural, del programa: promete, por ejemplo, que un Gobierno de extrema derecha<strong> no tolerar\u00e1 obras en teatros p\u00fablicos donde se escenifiquen \u201ccreaciones antialemanas\u201d<\/strong>.<\/p>\n<p class=\"com-paragraph --s\">Un informe de la Iglesia Evang\u00e9lica de Alemania Central sobre el programa de AfD pone el acento en la posible inconstitucionalidad del sistema de contrataci\u00f3n de organizaciones de la sociedad a partir de sus valores \u201cpatrioticos\u201d:<strong> \u201cAfd establece que con su Gobierno del <\/strong><em><strong>land<\/strong><\/em><strong>, cada organizaci\u00f3n que reciba apoyo institucional o dinero p\u00fablico deber\u00e1 demostrar su posici\u00f3n patri\u00f3tica. \u00bfC\u00f3mo se juzgar\u00e1 este patriotismo? A AfD ya no le importa ni la democracia ni la Constituci\u00f3n\u00bb<\/strong>.<\/p>\n<p><h2 class=\"font-primary font-w-bold text-subheading-lg text-left container-center-100 mb-8\"><span>Incompatibilidad legal<\/span><\/h2>\n<\/p>\n<p class=\"com-paragraph --s\">AfD considera que la formaci\u00f3n que aporta la escuela p\u00fablica es deficiente porque debe asumir la integraci\u00f3n de la poblaci\u00f3n migrante. Para ello proponen, entre otras medidas, que los <strong>hijos de familias refugiadas estudien en clases separadas del resto<\/strong>: \u201cLos colegios se supone que deben integrar a los inmigrantes, solucionar todo tipo de desequilibrios sociales y compensar el da\u00f1o causado por familias disfuncionales. AfD se opone a ello\u201d. <strong>\u201cNo puede ser que nuestros hijos sufran las consecuencias de una inmigraci\u00f3n masiva\u201d<\/strong>, a\u00f1aden.<\/p>\n<p class=\"com-paragraph --s\"><strong>El<\/strong> <strong>programa insiste en el efecto negativo de la presencia de familias de confesi\u00f3n musulmana y de los refugiados ucranios<\/strong>. AfD asegura que el <strong>ruso ser\u00e1 introducido como lengua extranjera a estudiar en las escuelas<\/strong> y que se establecer\u00e1n acuerdos de intercambio de estudiantes con el gobierno ruso.<\/p>\n<p class=\"com-paragraph --s\">Los<strong> servicios de inteligencia alemanes tambi\u00e9n ven en AfD un riesgo para la seguridad nacional <\/strong>por su <strong>proximidad con el r\u00e9gimen de Putin<\/strong>. En el caso de formar gobierno en Sajonia-Anhalt, la extrema derecha estar\u00eda presente en reuniones a nivel federal en las que se comparte informaci\u00f3n confidencial sobre la seguridad alemana. As\u00ed fue, por ejemplo, con el ataque fallido con drones bomba del 4 de agosto en el aeropuerto de Leipzig. Los ministros de Interior de los estados alemanes se reunieron y recibieron informaci\u00f3n sobre la posible autor\u00eda rusa del atentado.<\/p>\n<p class=\"com-paragraph --s\">Otro \u00e1mbito en el que la posici\u00f3n de AfD chocar\u00eda con la legalidad vigente es en materia de <strong>extranjer\u00eda<\/strong>. Entre las decisiones que Siegmund ha prometido aplicar en los primeros 100 d\u00edas de Gobierno es l<strong>a deportaci\u00f3n inmediata de todos los inmigrantes sin los papeles en regla que se encuentren en Sajonia-Anhalt<\/strong>. Siegmund asegura que en su plan de choque <strong>suspender\u00e1 las ayudas p\u00fablicas a solicitantes de asilo y refugiados que se demuestre que pueden tener un empleo y no trabajen<\/strong>; y quiere <strong>prohibir los programas de acogida de las diferentes instituciones religiosas <\/strong>en Sajonia-Anhalt. Tambi\u00e9n cambiar\u00e1 el sistema de acogida regional para que estos grupos vulnerables tengan sus viviendas sociales en centros concretos, \u201cpara evitar potenciales conflictos con la poblaci\u00f3n\u201d.<\/p>\n<p class=\"com-paragraph --s\">AfD asegura que <strong>cortar\u00e1 de inmediato cualquier cooperaci\u00f3n y subvenci\u00f3n de la administraci\u00f3n p\u00fablica con organizaciones que representen los derechos de grupos LGTBIQ+ y de la mujer<\/strong>. \u201cEste esp\u00edritu perverso izquierdista, feminista radical e individualista erosiona la familia tradicional, los modelos a seguir, niega y criminaliza la realidad biol\u00f3gica\u201d, se lee en el programa electoral.<\/p>\n<p class=\"com-paragraph --s\"><strong>La lucha contra el cambio clim\u00e1tico es otro campo en el que AfD propone un giro de 180 grados <\/strong>que aventura choques legales con el Gobierno federal. Alemania tiene unos compromisos de descarbonizaci\u00f3n en la UE que Siegmund no piensa respetar si es elegido presidente. AfD subraya en su programa de Sajonia-Anhalt que <strong>\u201crechaza categ\u00f3ricamente la ideolog\u00eda clim\u00e1tica globalista y las pol\u00edticas asociadas que destruyen la prosperidad\u201d<\/strong>. \u201cAfD desarrollar\u00e1 una estrategia de adaptaci\u00f3n coherente para el Estado, debemos adaptarnos al clima siempre cambiante que ha existido desde tiempos inmemoriales\u201d. Esto se materializar\u00eda en la<strong> supresi\u00f3n de ayudas a energ\u00edas renovables, el final de concesiones para instalar campos de energ\u00eda fotovoltaica y e\u00f3lica, la supresi\u00f3n de las leyes regionales que exigen eficiencia energ\u00e9tica en edificios y la promoci\u00f3n de la miner\u00eda del carb\u00f3n local<\/strong>.<\/p>\n<p class=\"com-paragraph --s\">\u201cNuestra agenda no es lo que nos dicten en Bruselas, en Ucrania, en el Pacto Mundial para la Migraci\u00f3n de la ONU o en la Conferencia de Par\u00eds sobre el clima, \u00fanica y exclusivamente lo es el bienestar de los ciudadanos de Sajonia-Anhalt\u201d, concluye el programa de AfD.<\/p>\n<p><h2 class=\"font-primary font-w-bold text-subheading-lg text-left container-center-100 mb-8\"><span>Repercusi\u00f3n en Europa<\/span><\/h2>\n<\/p>\n<p class=\"com-paragraph --s\">AfD no es el \u00fanico partido en Europa que esgrime ideas parecidas. La diferencia es que Alemania ha sido \u201cpor responsabilidad hist\u00f3rica un pilar de estabilidad en el escenario internacional\u201d, explica Sudha David-Wilp, vicepresidenta del centro de estudios pol\u00edticos estadounidense-alem\u00e1n Fondo Alem\u00e1n Marshall (GMF, por sus siglas en ingl\u00e9s). <strong>\u201cEl auge de AfD en Sajonia-Anhalt repercute a nivel internacional porque demuestra que el margen pol\u00edtico en Alemania se reduce\u201d<\/strong>, dice David-Wilp.<\/p>\n<p class=\"com-paragraph --s\">La representante del GMF advierte de que la <strong>extrema derecha en Alemania se encuentra en una fase de radicalizaci\u00f3n<\/strong>, \u201c<strong>a diferencia de lo que ha sucedido con sus equivalentes en otros grandes pa\u00edses de la UE<\/strong>, como Francia o Italia, <strong>donde se han moderado<\/strong>\u201d.<\/p>\n<div class=\"content-media\">\n<section role=\"button\" class=\"mod-media   \">\n<figure role=\"button\" tabindex=\"0\" class=\"mod-figure \"><figcaption class=\"mod-figcaption\"><span class=\"com-text --caption --twoxs\">Meloni se ha moderado y es una aliada de la UE frente a los otros l\u00edderes de la derecha internacional<\/span><span class=\"com-text --credit --twoxs\">Virginia Mayo &#8211; AP<\/span><\/figcaption><\/figure>\n<\/section>\n<\/div>\n<p class=\"com-paragraph --s\"><strong>\u201cEl problema de AfD es que insisten en que ellos no piensan cambiar y aceptar el sistema\u201d,<\/strong> a\u00f1ade Axel Salheiser: \u201cNo son de la misma familia que Giorgia Meloni o Marine Le Pen porque estas han excluido a los sectores m\u00e1s radicales de sus partidos y han aceptado las reglas b\u00e1sicas de la democracia. AfD no quiere hacer esto\u201d.<\/p>\n<p class=\"com-paragraph --s\">Para este acad\u00e9mico experto en extrema derecha, es fundamental que el cord\u00f3n sanitario act\u00fae y no les permita formar Gobierno.<strong> \u201cAlgunos pensar\u00e1n que lo mejor es que lleguen al poder, no cumplan lo prometido y pierdan gancho electoral, pero suceder\u00eda lo contrario\u201d<\/strong>, dice Salheiser. \u201cTodo lo que no puedan cumplir, <strong>alegar\u00e1n que es culpa del sistema, difamar\u00e1n y podr\u00e1n en duda la separaci\u00f3n de poderes, el equilibrio institucional de la democracia<\/strong>, y sus votantes los creer\u00e1n como en Estados Unidos han cre\u00eddo a Donald Trump\u201d.<\/p>\n<section class=\"container-center-100 mb-40 border border-bottom border-thin border-neutral-light-700\">\n<hr\/>\n<\/section>\n<\/div>\n<p><script id=\"facebookpixel\" defer=\"\" type=\"text\/javascript\">\n        !function(f,b,e,v,n,t,s)\n        {if(f.fbq)return;n=f.fbq=function(){n.callMethod?\n        n.callMethod.apply(n,arguments):n.queue.push(arguments)};\n        if(!f._fbq)f._fbq=n;n.push=n;n.loaded=!0;n.version='2.0';\n        n.queue=[];t=b.createElement(e);t.async=!0;\n        t.src=v;s=b.getElementsByTagName(e)[0];\n        s.parentNode.insertBefore(t,s)}(window, document,'script',\n        'https:\/\/connect.facebook.net\/en_US\/fbevents.js');\n        fbq('init', '492459597522335');\n        fbq('track', 'PageView');\n    <\/script><br \/>\n<br \/><\/p>\n","protected":false},"excerpt":{"rendered":"<p>MAGDEBURGO, Alemania.\u2013 La extrema derecha se acerca al poder en Alemania. Para una mayor\u00eda de los ciudadanos es el momento m\u00e1s grave que afronta la democracia alemana; para una minor\u00eda, aunque en ascenso, es una rebeli\u00f3n contra un sistema que los maltrata. Alternativa para Alemania (AfD) fue la segunda fuerza m\u00e1s votada en las elecciones [&hellip;]<\/p>\n","protected":false},"author":2,"featured_media":210696,"comment_status":"closed","ping_status":"closed","sticky":false,"template":"","format":"standard","meta":{"footnotes":""},"categories":[26],"tags":[],"class_list":["post-210695","post","type-post","status-publish","format-standard","has-post-thumbnail","hentry","category-internacionales"],"yoast_head":"<!-- This site is optimized with the Yoast SEO plugin v24.4 - https:\/\/yoast.com\/wordpress\/plugins\/seo\/ -->\n<title>Segregar a los extranjeros y relativizar el nazismo: as\u00ed se acerca la extrema derecha al poder en Alemania - GYS NOTICIAS |<\/title>\n<meta name=\"robots\" content=\"index, follow, max-snippet:-1, max-image-preview:large, max-video-preview:-1\" \/>\n<link rel=\"canonical\" href=\"https:\/\/gysfm.com.ar\/inicio\/segregar-a-los-extranjeros-y-relativizar-el-nazismo-asi-se-acerca-la-extrema-derecha-al-poder-en-alemania\/\" \/>\n<meta property=\"og:locale\" content=\"es_ES\" \/>\n<meta property=\"og:type\" content=\"article\" \/>\n<meta property=\"og:title\" content=\"Segregar a los extranjeros y relativizar el nazismo: as\u00ed se acerca la extrema derecha al poder en Alemania - GYS NOTICIAS |\" \/>\n<meta property=\"og:description\" content=\"MAGDEBURGO, Alemania.\u2013 La extrema derecha se acerca al poder en Alemania. Para una mayor\u00eda de los ciudadanos es el momento m\u00e1s grave que afronta la democracia alemana; para una minor\u00eda, aunque en ascenso, es una rebeli\u00f3n contra un sistema que los maltrata. Alternativa para Alemania (AfD) fue la segunda fuerza m\u00e1s votada en las elecciones [&hellip;]\" \/>\n<meta property=\"og:url\" content=\"https:\/\/gysfm.com.ar\/inicio\/segregar-a-los-extranjeros-y-relativizar-el-nazismo-asi-se-acerca-la-extrema-derecha-al-poder-en-alemania\/\" \/>\n<meta property=\"og:site_name\" content=\"GYS NOTICIAS |\" \/>\n<meta property=\"article:published_time\" content=\"2026-09-06T22:03:05+00:00\" \/>\n<meta property=\"article:modified_time\" content=\"2026-09-06T22:03:06+00:00\" \/>\n<meta property=\"og:image\" content=\"https:\/\/gysfm.com.ar\/inicio\/wp-content\/uploads\/2026\/09\/el-partido-alternativa-para-alemania-afd-se-ubico-LVOIG7EAFVAOVP4R5KECKHJ6CM.JPG\" \/>\n\t<meta property=\"og:image:width\" content=\"1200\" \/>\n\t<meta property=\"og:image:height\" content=\"800\" \/>\n\t<meta property=\"og:image:type\" content=\"image\/jpeg\" \/>\n<meta name=\"author\" content=\"Prensa G&amp;S FM\" \/>\n<meta name=\"twitter:card\" content=\"summary_large_image\" \/>\n<meta name=\"twitter:label1\" content=\"Escrito por\" \/>\n\t<meta name=\"twitter:data1\" content=\"Prensa G&amp;S FM\" \/>\n\t<meta name=\"twitter:label2\" content=\"Tiempo de lectura\" \/>\n\t<meta name=\"twitter:data2\" content=\"8 minutos\" \/>\n<script type=\"application\/ld+json\" class=\"yoast-schema-graph\">{\"@context\":\"https:\/\/schema.org\",\"@graph\":[{\"@type\":\"Article\",\"@id\":\"https:\/\/gysfm.com.ar\/inicio\/segregar-a-los-extranjeros-y-relativizar-el-nazismo-asi-se-acerca-la-extrema-derecha-al-poder-en-alemania\/#article\",\"isPartOf\":{\"@id\":\"https:\/\/gysfm.com.ar\/inicio\/segregar-a-los-extranjeros-y-relativizar-el-nazismo-asi-se-acerca-la-extrema-derecha-al-poder-en-alemania\/\"},\"author\":{\"name\":\"Prensa G&amp;S FM\",\"@id\":\"https:\/\/gysfm.com.ar\/inicio\/#\/schema\/person\/3abba7593ef2ad19e1be221d54383dc5\"},\"headline\":\"Segregar a los extranjeros y relativizar el nazismo: as\u00ed se acerca la extrema derecha al poder en Alemania\",\"datePublished\":\"2026-09-06T22:03:05+00:00\",\"dateModified\":\"2026-09-06T22:03:06+00:00\",\"mainEntityOfPage\":{\"@id\":\"https:\/\/gysfm.com.ar\/inicio\/segregar-a-los-extranjeros-y-relativizar-el-nazismo-asi-se-acerca-la-extrema-derecha-al-poder-en-alemania\/\"},\"wordCount\":1659,\"publisher\":{\"@id\":\"https:\/\/gysfm.com.ar\/inicio\/#organization\"},\"image\":{\"@id\":\"https:\/\/gysfm.com.ar\/inicio\/segregar-a-los-extranjeros-y-relativizar-el-nazismo-asi-se-acerca-la-extrema-derecha-al-poder-en-alemania\/#primaryimage\"},\"thumbnailUrl\":\"https:\/\/gysfm.com.ar\/inicio\/wp-content\/uploads\/2026\/09\/el-partido-alternativa-para-alemania-afd-se-ubico-LVOIG7EAFVAOVP4R5KECKHJ6CM.JPG\",\"articleSection\":[\"INTERNACIONALES\"],\"inLanguage\":\"es\"},{\"@type\":\"WebPage\",\"@id\":\"https:\/\/gysfm.com.ar\/inicio\/segregar-a-los-extranjeros-y-relativizar-el-nazismo-asi-se-acerca-la-extrema-derecha-al-poder-en-alemania\/\",\"url\":\"https:\/\/gysfm.com.ar\/inicio\/segregar-a-los-extranjeros-y-relativizar-el-nazismo-asi-se-acerca-la-extrema-derecha-al-poder-en-alemania\/\",\"name\":\"Segregar a los extranjeros y relativizar el nazismo: as\u00ed se acerca la extrema derecha al poder en Alemania - GYS NOTICIAS |\",\"isPartOf\":{\"@id\":\"https:\/\/gysfm.com.ar\/inicio\/#website\"},\"primaryImageOfPage\":{\"@id\":\"https:\/\/gysfm.com.ar\/inicio\/segregar-a-los-extranjeros-y-relativizar-el-nazismo-asi-se-acerca-la-extrema-derecha-al-poder-en-alemania\/#primaryimage\"},\"image\":{\"@id\":\"https:\/\/gysfm.com.ar\/inicio\/segregar-a-los-extranjeros-y-relativizar-el-nazismo-asi-se-acerca-la-extrema-derecha-al-poder-en-alemania\/#primaryimage\"},\"thumbnailUrl\":\"https:\/\/gysfm.com.ar\/inicio\/wp-content\/uploads\/2026\/09\/el-partido-alternativa-para-alemania-afd-se-ubico-LVOIG7EAFVAOVP4R5KECKHJ6CM.JPG\",\"datePublished\":\"2026-09-06T22:03:05+00:00\",\"dateModified\":\"2026-09-06T22:03:06+00:00\",\"breadcrumb\":{\"@id\":\"https:\/\/gysfm.com.ar\/inicio\/segregar-a-los-extranjeros-y-relativizar-el-nazismo-asi-se-acerca-la-extrema-derecha-al-poder-en-alemania\/#breadcrumb\"},\"inLanguage\":\"es\",\"potentialAction\":[{\"@type\":\"ReadAction\",\"target\":[\"https:\/\/gysfm.com.ar\/inicio\/segregar-a-los-extranjeros-y-relativizar-el-nazismo-asi-se-acerca-la-extrema-derecha-al-poder-en-alemania\/\"]}]},{\"@type\":\"ImageObject\",\"inLanguage\":\"es\",\"@id\":\"https:\/\/gysfm.com.ar\/inicio\/segregar-a-los-extranjeros-y-relativizar-el-nazismo-asi-se-acerca-la-extrema-derecha-al-poder-en-alemania\/#primaryimage\",\"url\":\"https:\/\/gysfm.com.ar\/inicio\/wp-content\/uploads\/2026\/09\/el-partido-alternativa-para-alemania-afd-se-ubico-LVOIG7EAFVAOVP4R5KECKHJ6CM.JPG\",\"contentUrl\":\"https:\/\/gysfm.com.ar\/inicio\/wp-content\/uploads\/2026\/09\/el-partido-alternativa-para-alemania-afd-se-ubico-LVOIG7EAFVAOVP4R5KECKHJ6CM.JPG\",\"width\":1200,\"height\":800},{\"@type\":\"BreadcrumbList\",\"@id\":\"https:\/\/gysfm.com.ar\/inicio\/segregar-a-los-extranjeros-y-relativizar-el-nazismo-asi-se-acerca-la-extrema-derecha-al-poder-en-alemania\/#breadcrumb\",\"itemListElement\":[{\"@type\":\"ListItem\",\"position\":1,\"name\":\"Portada\",\"item\":\"https:\/\/gysfm.com.ar\/inicio\/\"},{\"@type\":\"ListItem\",\"position\":2,\"name\":\"Segregar a los extranjeros y relativizar el nazismo: as\u00ed se acerca la extrema derecha al poder en Alemania\"}]},{\"@type\":\"WebSite\",\"@id\":\"https:\/\/gysfm.com.ar\/inicio\/#website\",\"url\":\"https:\/\/gysfm.com.ar\/inicio\/\",\"name\":\"GYS NOTICIAS |\",\"description\":\"DIARIO - RADIO ONLINE SAN JUAN ARGENTINA\",\"publisher\":{\"@id\":\"https:\/\/gysfm.com.ar\/inicio\/#organization\"},\"potentialAction\":[{\"@type\":\"SearchAction\",\"target\":{\"@type\":\"EntryPoint\",\"urlTemplate\":\"https:\/\/gysfm.com.ar\/inicio\/?s={search_term_string}\"},\"query-input\":{\"@type\":\"PropertyValueSpecification\",\"valueRequired\":true,\"valueName\":\"search_term_string\"}}],\"inLanguage\":\"es\"},{\"@type\":\"Organization\",\"@id\":\"https:\/\/gysfm.com.ar\/inicio\/#organization\",\"name\":\"GYS NOTICIAS |\",\"url\":\"https:\/\/gysfm.com.ar\/inicio\/\",\"logo\":{\"@type\":\"ImageObject\",\"inLanguage\":\"es\",\"@id\":\"https:\/\/gysfm.com.ar\/inicio\/#\/schema\/logo\/image\/\",\"url\":\"https:\/\/gysfm.com.ar\/inicio\/wp-content\/uploads\/2023\/07\/LOGOGYS-OK.png\",\"contentUrl\":\"https:\/\/gysfm.com.ar\/inicio\/wp-content\/uploads\/2023\/07\/LOGOGYS-OK.png\",\"width\":1170,\"height\":872,\"caption\":\"GYS NOTICIAS |\"},\"image\":{\"@id\":\"https:\/\/gysfm.com.ar\/inicio\/#\/schema\/logo\/image\/\"}},{\"@type\":\"Person\",\"@id\":\"https:\/\/gysfm.com.ar\/inicio\/#\/schema\/person\/3abba7593ef2ad19e1be221d54383dc5\",\"name\":\"Prensa G&amp;S FM\",\"image\":{\"@type\":\"ImageObject\",\"inLanguage\":\"es\",\"@id\":\"https:\/\/gysfm.com.ar\/inicio\/#\/schema\/person\/image\/\",\"url\":\"https:\/\/secure.gravatar.com\/avatar\/096ec78df02049ab018702bb4ccedf659377fa92a26540b5247612077a0dbd29?s=96&d=mm&r=g\",\"contentUrl\":\"https:\/\/secure.gravatar.com\/avatar\/096ec78df02049ab018702bb4ccedf659377fa92a26540b5247612077a0dbd29?s=96&d=mm&r=g\",\"caption\":\"Prensa G&amp;S FM\"},\"sameAs\":[\"https:\/\/gysfm.com.ar\/\"],\"url\":\"https:\/\/gysfm.com.ar\/inicio\/author\/lucasm\/\"}]}<\/script>\n<!-- \/ Yoast SEO plugin. -->","yoast_head_json":{"title":"Segregar a los extranjeros y relativizar el nazismo: as\u00ed se acerca la extrema derecha al poder en Alemania - GYS NOTICIAS |","robots":{"index":"index","follow":"follow","max-snippet":"max-snippet:-1","max-image-preview":"max-image-preview:large","max-video-preview":"max-video-preview:-1"},"canonical":"https:\/\/gysfm.com.ar\/inicio\/segregar-a-los-extranjeros-y-relativizar-el-nazismo-asi-se-acerca-la-extrema-derecha-al-poder-en-alemania\/","og_locale":"es_ES","og_type":"article","og_title":"Segregar a los extranjeros y relativizar el nazismo: as\u00ed se acerca la extrema derecha al poder en Alemania - GYS NOTICIAS |","og_description":"MAGDEBURGO, Alemania.\u2013 La extrema derecha se acerca al poder en Alemania. Para una mayor\u00eda de los ciudadanos es el momento m\u00e1s grave que afronta la democracia alemana; para una minor\u00eda, aunque en ascenso, es una rebeli\u00f3n contra un sistema que los maltrata. Alternativa para Alemania (AfD) fue la segunda fuerza m\u00e1s votada en las elecciones [&hellip;]","og_url":"https:\/\/gysfm.com.ar\/inicio\/segregar-a-los-extranjeros-y-relativizar-el-nazismo-asi-se-acerca-la-extrema-derecha-al-poder-en-alemania\/","og_site_name":"GYS NOTICIAS |","article_published_time":"2026-09-06T22:03:05+00:00","article_modified_time":"2026-09-06T22:03:06+00:00","og_image":[{"width":1200,"height":800,"url":"https:\/\/gysfm.com.ar\/inicio\/wp-content\/uploads\/2026\/09\/el-partido-alternativa-para-alemania-afd-se-ubico-LVOIG7EAFVAOVP4R5KECKHJ6CM.JPG","type":"image\/jpeg"}],"author":"Prensa G&amp;S FM","twitter_card":"summary_large_image","twitter_misc":{"Escrito por":"Prensa G&amp;S FM","Tiempo de lectura":"8 minutos"},"schema":{"@context":"https:\/\/schema.org","@graph":[{"@type":"Article","@id":"https:\/\/gysfm.com.ar\/inicio\/segregar-a-los-extranjeros-y-relativizar-el-nazismo-asi-se-acerca-la-extrema-derecha-al-poder-en-alemania\/#article","isPartOf":{"@id":"https:\/\/gysfm.com.ar\/inicio\/segregar-a-los-extranjeros-y-relativizar-el-nazismo-asi-se-acerca-la-extrema-derecha-al-poder-en-alemania\/"},"author":{"name":"Prensa G&amp;S FM","@id":"https:\/\/gysfm.com.ar\/inicio\/#\/schema\/person\/3abba7593ef2ad19e1be221d54383dc5"},"headline":"Segregar a los extranjeros y relativizar el nazismo: as\u00ed se acerca la extrema derecha al poder en Alemania","datePublished":"2026-09-06T22:03:05+00:00","dateModified":"2026-09-06T22:03:06+00:00","mainEntityOfPage":{"@id":"https:\/\/gysfm.com.ar\/inicio\/segregar-a-los-extranjeros-y-relativizar-el-nazismo-asi-se-acerca-la-extrema-derecha-al-poder-en-alemania\/"},"wordCount":1659,"publisher":{"@id":"https:\/\/gysfm.com.ar\/inicio\/#organization"},"image":{"@id":"https:\/\/gysfm.com.ar\/inicio\/segregar-a-los-extranjeros-y-relativizar-el-nazismo-asi-se-acerca-la-extrema-derecha-al-poder-en-alemania\/#primaryimage"},"thumbnailUrl":"https:\/\/gysfm.com.ar\/inicio\/wp-content\/uploads\/2026\/09\/el-partido-alternativa-para-alemania-afd-se-ubico-LVOIG7EAFVAOVP4R5KECKHJ6CM.JPG","articleSection":["INTERNACIONALES"],"inLanguage":"es"},{"@type":"WebPage","@id":"https:\/\/gysfm.com.ar\/inicio\/segregar-a-los-extranjeros-y-relativizar-el-nazismo-asi-se-acerca-la-extrema-derecha-al-poder-en-alemania\/","url":"https:\/\/gysfm.com.ar\/inicio\/segregar-a-los-extranjeros-y-relativizar-el-nazismo-asi-se-acerca-la-extrema-derecha-al-poder-en-alemania\/","name":"Segregar a los extranjeros y relativizar el nazismo: as\u00ed se acerca la extrema derecha al poder en Alemania - GYS NOTICIAS |","isPartOf":{"@id":"https:\/\/gysfm.com.ar\/inicio\/#website"},"primaryImageOfPage":{"@id":"https:\/\/gysfm.com.ar\/inicio\/segregar-a-los-extranjeros-y-relativizar-el-nazismo-asi-se-acerca-la-extrema-derecha-al-poder-en-alemania\/#primaryimage"},"image":{"@id":"https:\/\/gysfm.com.ar\/inicio\/segregar-a-los-extranjeros-y-relativizar-el-nazismo-asi-se-acerca-la-extrema-derecha-al-poder-en-alemania\/#primaryimage"},"thumbnailUrl":"https:\/\/gysfm.com.ar\/inicio\/wp-content\/uploads\/2026\/09\/el-partido-alternativa-para-alemania-afd-se-ubico-LVOIG7EAFVAOVP4R5KECKHJ6CM.JPG","datePublished":"2026-09-06T22:03:05+00:00","dateModified":"2026-09-06T22:03:06+00:00","breadcrumb":{"@id":"https:\/\/gysfm.com.ar\/inicio\/segregar-a-los-extranjeros-y-relativizar-el-nazismo-asi-se-acerca-la-extrema-derecha-al-poder-en-alemania\/#breadcrumb"},"inLanguage":"es","potentialAction":[{"@type":"ReadAction","target":["https:\/\/gysfm.com.ar\/inicio\/segregar-a-los-extranjeros-y-relativizar-el-nazismo-asi-se-acerca-la-extrema-derecha-al-poder-en-alemania\/"]}]},{"@type":"ImageObject","inLanguage":"es","@id":"https:\/\/gysfm.com.ar\/inicio\/segregar-a-los-extranjeros-y-relativizar-el-nazismo-asi-se-acerca-la-extrema-derecha-al-poder-en-alemania\/#primaryimage","url":"https:\/\/gysfm.com.ar\/inicio\/wp-content\/uploads\/2026\/09\/el-partido-alternativa-para-alemania-afd-se-ubico-LVOIG7EAFVAOVP4R5KECKHJ6CM.JPG","contentUrl":"https:\/\/gysfm.com.ar\/inicio\/wp-content\/uploads\/2026\/09\/el-partido-alternativa-para-alemania-afd-se-ubico-LVOIG7EAFVAOVP4R5KECKHJ6CM.JPG","width":1200,"height":800},{"@type":"BreadcrumbList","@id":"https:\/\/gysfm.com.ar\/inicio\/segregar-a-los-extranjeros-y-relativizar-el-nazismo-asi-se-acerca-la-extrema-derecha-al-poder-en-alemania\/#breadcrumb","itemListElement":[{"@type":"ListItem","position":1,"name":"Portada","item":"https:\/\/gysfm.com.ar\/inicio\/"},{"@type":"ListItem","position":2,"name":"Segregar a los extranjeros y relativizar el nazismo: as\u00ed se acerca la extrema derecha al poder en Alemania"}]},{"@type":"WebSite","@id":"https:\/\/gysfm.com.ar\/inicio\/#website","url":"https:\/\/gysfm.com.ar\/inicio\/","name":"GYS NOTICIAS |","description":"DIARIO - RADIO ONLINE SAN JUAN ARGENTINA","publisher":{"@id":"https:\/\/gysfm.com.ar\/inicio\/#organization"},"potentialAction":[{"@type":"SearchAction","target":{"@type":"EntryPoint","urlTemplate":"https:\/\/gysfm.com.ar\/inicio\/?s={search_term_string}"},"query-input":{"@type":"PropertyValueSpecification","valueRequired":true,"valueName":"search_term_string"}}],"inLanguage":"es"},{"@type":"Organization","@id":"https:\/\/gysfm.com.ar\/inicio\/#organization","name":"GYS NOTICIAS |","url":"https:\/\/gysfm.com.ar\/inicio\/","logo":{"@type":"ImageObject","inLanguage":"es","@id":"https:\/\/gysfm.com.ar\/inicio\/#\/schema\/logo\/image\/","url":"https:\/\/gysfm.com.ar\/inicio\/wp-content\/uploads\/2023\/07\/LOGOGYS-OK.png","contentUrl":"https:\/\/gysfm.com.ar\/inicio\/wp-content\/uploads\/2023\/07\/LOGOGYS-OK.png","width":1170,"height":872,"caption":"GYS NOTICIAS |"},"image":{"@id":"https:\/\/gysfm.com.ar\/inicio\/#\/schema\/logo\/image\/"}},{"@type":"Person","@id":"https:\/\/gysfm.com.ar\/inicio\/#\/schema\/person\/3abba7593ef2ad19e1be221d54383dc5","name":"Prensa G&amp;S FM","image":{"@type":"ImageObject","inLanguage":"es","@id":"https:\/\/gysfm.com.ar\/inicio\/#\/schema\/person\/image\/","url":"https:\/\/secure.gravatar.com\/avatar\/096ec78df02049ab018702bb4ccedf659377fa92a26540b5247612077a0dbd29?s=96&d=mm&r=g","contentUrl":"https:\/\/secure.gravatar.com\/avatar\/096ec78df02049ab018702bb4ccedf659377fa92a26540b5247612077a0dbd29?s=96&d=mm&r=g","caption":"Prensa G&amp;S FM"},"sameAs":["https:\/\/gysfm.com.ar\/"],"url":"https:\/\/gysfm.com.ar\/inicio\/author\/lucasm\/"}]}},"_links":{"self":[{"href":"https:\/\/gysfm.com.ar\/inicio\/wp-json\/wp\/v2\/posts\/210695","targetHints":{"allow":["GET"]}}],"collection":[{"href":"https:\/\/gysfm.com.ar\/inicio\/wp-json\/wp\/v2\/posts"}],"about":[{"href":"https:\/\/gysfm.com.ar\/inicio\/wp-json\/wp\/v2\/types\/post"}],"author":[{"embeddable":true,"href":"https:\/\/gysfm.com.ar\/inicio\/wp-json\/wp\/v2\/users\/2"}],"replies":[{"embeddable":true,"href":"https:\/\/gysfm.com.ar\/inicio\/wp-json\/wp\/v2\/comments?post=210695"}],"version-history":[{"count":1,"href":"https:\/\/gysfm.com.ar\/inicio\/wp-json\/wp\/v2\/posts\/210695\/revisions"}],"predecessor-version":[{"id":210697,"href":"https:\/\/gysfm.com.ar\/inicio\/wp-json\/wp\/v2\/posts\/210695\/revisions\/210697"}],"wp:featuredmedia":[{"embeddable":true,"href":"https:\/\/gysfm.com.ar\/inicio\/wp-json\/wp\/v2\/media\/210696"}],"wp:attachment":[{"href":"https:\/\/gysfm.com.ar\/inicio\/wp-json\/wp\/v2\/media?parent=210695"}],"wp:term":[{"taxonomy":"category","embeddable":true,"href":"https:\/\/gysfm.com.ar\/inicio\/wp-json\/wp\/v2\/categories?post=210695"},{"taxonomy":"post_tag","embeddable":true,"href":"https:\/\/gysfm.com.ar\/inicio\/wp-json\/wp\/v2\/tags?post=210695"}],"curies":[{"name":"wp","href":"https:\/\/api.w.org\/{rel}","templated":true}]}}