{"id":210694,"date":"2026-09-06T18:20:41","date_gmt":"2026-09-06T21:20:41","guid":{"rendered":"https:\/\/gysfm.com.ar\/inicio\/chubut-eximio-del-impuesto-inmobiliario-a-productores-ganaderos-y-prorrogo-deudas-de-2023-y-2024\/"},"modified":"2026-09-06T18:20:41","modified_gmt":"2026-09-06T21:20:41","slug":"chubut-eximio-del-impuesto-inmobiliario-a-productores-ganaderos-y-prorrogo-deudas-de-2023-y-2024","status":"publish","type":"post","link":"https:\/\/gysfm.com.ar\/inicio\/chubut-eximio-del-impuesto-inmobiliario-a-productores-ganaderos-y-prorrogo-deudas-de-2023-y-2024\/","title":{"rendered":"Chubut eximi\u00f3 del impuesto inmobiliario a productores ganaderos y prorrog\u00f3 deudas de 2023 y 2024"},"content":{"rendered":"<p> <br \/>\n<\/p>\n<div id=\"\">\n<p id=\"p-1788717346993-4525\" data-start=\"647\" data-end=\"983\">La norma alcanza a los <strong data-start=\"670\" data-end=\"761\">establecimientos productivos dedicados directa y exclusivamente a la actividad ganadera<\/strong>, siempre que est\u00e9n ubicados dentro de la provincia y fuera de los ejidos municipales. Adem\u00e1s, contempla una <strong data-start=\"870\" data-end=\"933\">pr\u00f3rroga de los vencimientos correspondientes a 2023 y 2024<\/strong> para los casos comprendidos dentro del beneficio.<\/p>\n<\/div>\n<div id=\"\">\n<p id=\"p-1788717346993-59417\" data-start=\"985\" data-end=\"1246\"> Otro de los puntos centrales es que los pagos que ya hayan sido realizados durante 2026 <strong data-start=\"1073\" data-end=\"1091\">no se perder\u00e1n<\/strong>: podr\u00e1n ser computados a cuenta del impuesto correspondiente a 2027 y, si existiera un saldo remanente, tambi\u00e9n aplicarse a per\u00edodos fiscales posteriores.<\/p>\n<\/div>\n<div id=\"\">\n<p id=\"p-1788717346993-47403\" data-start=\"1248\" data-end=\"1478\">La iniciativa fue impulsada por el Poder Ejecutivo provincial y aprobada durante la sesi\u00f3n ordinaria de la Legislatura. La aplicaci\u00f3n de la norma quedar\u00e1 a cargo de la <strong data-start=\"1416\" data-end=\"1477\">Agencia de Recaudaci\u00f3n de la Provincia del Chubut (ARECH)<\/strong>.<\/p>\n<\/div>\n<div id=\"\">\n<h2 id=\"p-1788717346993-37813\" data-section-id=\"1k5fw25\" data-start=\"1480\" data-end=\"1513\">A qui\u00e9nes alcanza el beneficio<\/h2>\n<p id=\"p-1788717346993-88289\" data-start=\"1515\" data-end=\"1645\">La exenci\u00f3n est\u00e1 dirigida a inmuebles afectados exclusivamente a la actividad ganadera y ubicados fuera de los ejidos municipales. El diputado Leonardo Bowman, de Despierta Chubut, explic\u00f3 que el beneficio apunta especialmente a <strong data-start=\"1745\" data-end=\"1804\">peque\u00f1os y medianos productores del interior provincial<\/strong> y aclar\u00f3 que no alcanza autom\u00e1ticamente a todos los establecimientos registrados, ya que ser\u00e1 necesario acreditar el uso exclusivo del inmueble para la actividad ganadera.<\/p>\n<\/div>\n<div id=\"\">\n<p id=\"p-1788717346993-37574\" data-start=\"1978\" data-end=\"2141\">Seg\u00fan datos del <strong data-start=\"1994\" data-end=\"2054\">Registro Nacional Sanitario de Productores Agropecuarios<\/strong>, en la provincia existen alrededor de <strong data-start=\"2093\" data-end=\"2140\">8.600 productores registrados con actividad<\/strong>.<\/p>\n<p id=\"p-1788717346993-87636\" data-start=\"2143\" data-end=\"2323\">Desde el oficialismo provincial tambi\u00e9n se\u00f1alaron que, sobre un universo de aproximadamente 8.000 establecimientos, <strong data-start=\"2259\" data-end=\"2322\">cerca del 90% corresponde a peque\u00f1os y medianos productores<\/strong>.<\/p>\n<p id=\"p-1788717346993-94833\" data-start=\"2325\" data-end=\"2508\">La norma invita adem\u00e1s a los municipios a adherir al esquema, con el objetivo de ampliar el alcance del beneficio hacia establecimientos ubicados dentro de jurisdicciones municipales.<\/p>\n<div contenteditable=\"false\" class=\"embed_cont type_imagen\" id=\"8210654-Libre-238896134_wrap\">\n<div id=\"8210654-Libre-238896134_content\" class=\"embed_content\"><img src=\"https:\/\/media.ambito.com\/p\/c6e0da094ef239ea9797498fef2b6221\/adjuntos\/239\/imagenes\/043\/296\/0043296865\/730x0\/smart\/agro.jpg\" decoding=\"async\" fetchpriority=\"low\" loading=\"lazy\" alt=\"En la provincia existen alrededor de 8.600 productores registrados con actividad.\" title=\"En la provincia existen alrededor de 8.600 productores registrados con actividad.\" width=\"730\" height=\"undefined\" id=\"8210654-Libre-238896134_embed\"\/><\/div>\n<div class=\"embed_wrapper-cont\" id=\"p-1788717545641-14725\">\n<div id=\"8210654-Libre-238896134_epigrafe\" class=\"embed_epigrafe\">\n<p id=\"p-1788717568586-56308\">En la provincia existen alrededor de 8.600 productores registrados con actividad.<\/p>\n<\/div><\/div><\/div>\n<h2 id=\"p-1788717346993-35155\" data-section-id=\"1xhl6hw\" data-start=\"2510\" data-end=\"2560\">Una medida para aliviar la situaci\u00f3n del sector<\/h2>\n<p id=\"p-1788717346993-60426\" data-start=\"2562\" data-end=\"2832\">La fundamentaci\u00f3n del proyecto sostiene que la decisi\u00f3n busca dar continuidad a una pol\u00edtica de acompa\u00f1amiento a la actividad ganadera y preservar la viabilidad de explotaciones que cumplen un rol econ\u00f3mico y territorial relevante en buena parte del interior provincial.<\/p>\n<p id=\"p-1788717346993-73909\" data-start=\"2834\" data-end=\"3101\">El sector viene atravesando distintas contingencias que afectaron tanto la producci\u00f3n como la rentabilidad. Entre ellas se mencionaron <strong data-start=\"2969\" data-end=\"3100\">sequ\u00edas, incendios, nevadas, problemas sanitarios como la sarna, presencia de tucura y efectos derivados de la ceniza volc\u00e1nica<\/strong>.<\/p>\n<p id=\"p-1788717346993-15756\" data-start=\"3103\" data-end=\"3271\">En ese contexto, la exenci\u00f3n busca reducir una parte de los costos fijos que afrontan los establecimientos y dar mayor margen financiero a los productores durante 2026.<\/p>\n<p id=\"p-1788717346993-92721\" data-start=\"3273\" data-end=\"3441\">La medida se suma a otros programas provinciales vinculados al sostenimiento de la producci\u00f3n ovina y caprina, entre ellos <strong data-start=\"3396\" data-end=\"3416\">ProLana y Mohair<\/strong>, que contin\u00faan vigentes.<\/p>\n<h2 id=\"p-1788717346993-88914\" data-section-id=\"12y1stb\" data-start=\"3443\" data-end=\"3473\">C\u00f3mo funcionar\u00e1 la exenci\u00f3n<\/h2>\n<p id=\"p-1788717346993-12708\" data-start=\"3475\" data-end=\"3609\">La ley establece que los productores alcanzados quedar\u00e1n exentos del pago del impuesto inmobiliario correspondiente al ejercicio 2026.<\/p>\n<p id=\"p-1788717346993-64354\" data-start=\"3611\" data-end=\"3764\">A su vez, dispone la <strong data-start=\"3632\" data-end=\"3690\">pr\u00f3rroga de los vencimientos pendientes de 2023 y 2024<\/strong>, lo que permite diferir obligaciones acumuladas de ejercicios anteriores. Para quienes ya hayan pagado total o parcialmente el impuesto de este a\u00f1o, el esquema contempla que esos montos se conviertan en un <strong data-start=\"3898\" data-end=\"3916\">cr\u00e9dito fiscal<\/strong> aplicable primero al per\u00edodo 2027 y, de quedar saldo, a ejercicios posteriores.<\/p>\n<\/div>\n<p><script>\n!function(f,b,e,v,n,t,s)\n{if(f.fbq)return;n=f.fbq=function(){n.callMethod?\nn.callMethod.apply(n,arguments):n.queue.push(arguments)};\nif(!f._fbq)f._fbq=n;n.push=n;n.loaded=!0;n.version='2.0';\nn.queue=[];t=b.createElement(e);t.async=!0;\nt.src=v;s=b.getElementsByTagName(e)[0];\ns.parentNode.insertBefore(t,s)}(window,document,'script',\n'https:\/\/connect.facebook.net\/en_US\/fbevents.js');\nfbq('init', '2047048335588113');\nfbq('track', 'PageView');\n<\/script><br \/>\n<br \/><\/p>\n","protected":false},"excerpt":{"rendered":"<p>La norma alcanza a los establecimientos productivos dedicados directa y exclusivamente a la actividad ganadera, siempre que est\u00e9n ubicados dentro de la provincia y fuera de los ejidos municipales. Adem\u00e1s, contempla una pr\u00f3rroga de los vencimientos correspondientes a 2023 y 2024 para los casos comprendidos dentro del beneficio. Otro de los puntos centrales es que [&hellip;]<\/p>\n","protected":false},"author":1,"featured_media":169680,"comment_status":"closed","ping_status":"closed","sticky":false,"template":"","format":"standard","meta":{"footnotes":""},"categories":[28],"tags":[],"class_list":["post-210694","post","type-post","status-publish","format-standard","has-post-thumbnail","hentry","category-economia"],"yoast_head":"<!-- This site is optimized with the Yoast SEO plugin v24.4 - https:\/\/yoast.com\/wordpress\/plugins\/seo\/ -->\n<title>Chubut eximi\u00f3 del impuesto inmobiliario a productores ganaderos y prorrog\u00f3 deudas de 2023 y 2024 - GYS NOTICIAS |<\/title>\n<meta name=\"robots\" content=\"index, follow, max-snippet:-1, max-image-preview:large, max-video-preview:-1\" \/>\n<link rel=\"canonical\" href=\"https:\/\/gysfm.com.ar\/inicio\/chubut-eximio-del-impuesto-inmobiliario-a-productores-ganaderos-y-prorrogo-deudas-de-2023-y-2024\/\" \/>\n<meta property=\"og:locale\" content=\"es_ES\" \/>\n<meta property=\"og:type\" content=\"article\" \/>\n<meta property=\"og:title\" content=\"Chubut eximi\u00f3 del impuesto inmobiliario a productores ganaderos y prorrog\u00f3 deudas de 2023 y 2024 - GYS NOTICIAS |\" \/>\n<meta property=\"og:description\" content=\"La norma alcanza a los establecimientos productivos dedicados directa y exclusivamente a la actividad ganadera, siempre que est\u00e9n ubicados dentro de la provincia y fuera de los ejidos municipales. Adem\u00e1s, contempla una pr\u00f3rroga de los vencimientos correspondientes a 2023 y 2024 para los casos comprendidos dentro del beneficio. Otro de los puntos centrales es que [&hellip;]\" \/>\n<meta property=\"og:url\" content=\"https:\/\/gysfm.com.ar\/inicio\/chubut-eximio-del-impuesto-inmobiliario-a-productores-ganaderos-y-prorrogo-deudas-de-2023-y-2024\/\" \/>\n<meta property=\"og:site_name\" content=\"GYS NOTICIAS |\" \/>\n<meta property=\"article:published_time\" content=\"2026-09-06T21:20:41+00:00\" \/>\n<meta property=\"og:image\" content=\"https:\/\/media.ambito.com\/p\/c6e0da094ef239ea9797498fef2b6221\/adjuntos\/239\/imagenes\/043\/296\/0043296865\/730x0\/smart\/agro.jpg\" \/>\n<meta name=\"author\" content=\"admin\" \/>\n<meta name=\"twitter:card\" content=\"summary_large_image\" \/>\n<meta name=\"twitter:label1\" content=\"Escrito por\" \/>\n\t<meta name=\"twitter:data1\" content=\"admin\" \/>\n\t<meta name=\"twitter:label2\" content=\"Tiempo de lectura\" \/>\n\t<meta name=\"twitter:data2\" content=\"3 minutos\" \/>\n<script type=\"application\/ld+json\" class=\"yoast-schema-graph\">{\"@context\":\"https:\/\/schema.org\",\"@graph\":[{\"@type\":\"Article\",\"@id\":\"https:\/\/gysfm.com.ar\/inicio\/chubut-eximio-del-impuesto-inmobiliario-a-productores-ganaderos-y-prorrogo-deudas-de-2023-y-2024\/#article\",\"isPartOf\":{\"@id\":\"https:\/\/gysfm.com.ar\/inicio\/chubut-eximio-del-impuesto-inmobiliario-a-productores-ganaderos-y-prorrogo-deudas-de-2023-y-2024\/\"},\"author\":{\"name\":\"admin\",\"@id\":\"https:\/\/gysfm.com.ar\/inicio\/#\/schema\/person\/5bedd7ecd35cc35548d89effafa23696\"},\"headline\":\"Chubut eximi\u00f3 del impuesto inmobiliario a productores ganaderos y prorrog\u00f3 deudas de 2023 y 2024\",\"datePublished\":\"2026-09-06T21:20:41+00:00\",\"mainEntityOfPage\":{\"@id\":\"https:\/\/gysfm.com.ar\/inicio\/chubut-eximio-del-impuesto-inmobiliario-a-productores-ganaderos-y-prorrogo-deudas-de-2023-y-2024\/\"},\"wordCount\":535,\"publisher\":{\"@id\":\"https:\/\/gysfm.com.ar\/inicio\/#organization\"},\"image\":{\"@id\":\"https:\/\/gysfm.com.ar\/inicio\/chubut-eximio-del-impuesto-inmobiliario-a-productores-ganaderos-y-prorrogo-deudas-de-2023-y-2024\/#primaryimage\"},\"thumbnailUrl\":\"https:\/\/gysfm.com.ar\/inicio\/wp-content\/uploads\/2025\/12\/campo-agro-cosecha-trigo.jpg\",\"articleSection\":[\"ECONOMIA\"],\"inLanguage\":\"es\"},{\"@type\":\"WebPage\",\"@id\":\"https:\/\/gysfm.com.ar\/inicio\/chubut-eximio-del-impuesto-inmobiliario-a-productores-ganaderos-y-prorrogo-deudas-de-2023-y-2024\/\",\"url\":\"https:\/\/gysfm.com.ar\/inicio\/chubut-eximio-del-impuesto-inmobiliario-a-productores-ganaderos-y-prorrogo-deudas-de-2023-y-2024\/\",\"name\":\"Chubut eximi\u00f3 del impuesto inmobiliario a productores ganaderos y prorrog\u00f3 deudas de 2023 y 2024 - GYS NOTICIAS |\",\"isPartOf\":{\"@id\":\"https:\/\/gysfm.com.ar\/inicio\/#website\"},\"primaryImageOfPage\":{\"@id\":\"https:\/\/gysfm.com.ar\/inicio\/chubut-eximio-del-impuesto-inmobiliario-a-productores-ganaderos-y-prorrogo-deudas-de-2023-y-2024\/#primaryimage\"},\"image\":{\"@id\":\"https:\/\/gysfm.com.ar\/inicio\/chubut-eximio-del-impuesto-inmobiliario-a-productores-ganaderos-y-prorrogo-deudas-de-2023-y-2024\/#primaryimage\"},\"thumbnailUrl\":\"https:\/\/gysfm.com.ar\/inicio\/wp-content\/uploads\/2025\/12\/campo-agro-cosecha-trigo.jpg\",\"datePublished\":\"2026-09-06T21:20:41+00:00\",\"breadcrumb\":{\"@id\":\"https:\/\/gysfm.com.ar\/inicio\/chubut-eximio-del-impuesto-inmobiliario-a-productores-ganaderos-y-prorrogo-deudas-de-2023-y-2024\/#breadcrumb\"},\"inLanguage\":\"es\",\"potentialAction\":[{\"@type\":\"ReadAction\",\"target\":[\"https:\/\/gysfm.com.ar\/inicio\/chubut-eximio-del-impuesto-inmobiliario-a-productores-ganaderos-y-prorrogo-deudas-de-2023-y-2024\/\"]}]},{\"@type\":\"ImageObject\",\"inLanguage\":\"es\",\"@id\":\"https:\/\/gysfm.com.ar\/inicio\/chubut-eximio-del-impuesto-inmobiliario-a-productores-ganaderos-y-prorrogo-deudas-de-2023-y-2024\/#primaryimage\",\"url\":\"https:\/\/gysfm.com.ar\/inicio\/wp-content\/uploads\/2025\/12\/campo-agro-cosecha-trigo.jpg\",\"contentUrl\":\"https:\/\/gysfm.com.ar\/inicio\/wp-content\/uploads\/2025\/12\/campo-agro-cosecha-trigo.jpg\",\"width\":1200,\"height\":675},{\"@type\":\"BreadcrumbList\",\"@id\":\"https:\/\/gysfm.com.ar\/inicio\/chubut-eximio-del-impuesto-inmobiliario-a-productores-ganaderos-y-prorrogo-deudas-de-2023-y-2024\/#breadcrumb\",\"itemListElement\":[{\"@type\":\"ListItem\",\"position\":1,\"name\":\"Portada\",\"item\":\"https:\/\/gysfm.com.ar\/inicio\/\"},{\"@type\":\"ListItem\",\"position\":2,\"name\":\"Chubut eximi\u00f3 del impuesto inmobiliario a productores ganaderos y prorrog\u00f3 deudas de 2023 y 2024\"}]},{\"@type\":\"WebSite\",\"@id\":\"https:\/\/gysfm.com.ar\/inicio\/#website\",\"url\":\"https:\/\/gysfm.com.ar\/inicio\/\",\"name\":\"GYS NOTICIAS |\",\"description\":\"DIARIO - RADIO ONLINE SAN JUAN ARGENTINA\",\"publisher\":{\"@id\":\"https:\/\/gysfm.com.ar\/inicio\/#organization\"},\"potentialAction\":[{\"@type\":\"SearchAction\",\"target\":{\"@type\":\"EntryPoint\",\"urlTemplate\":\"https:\/\/gysfm.com.ar\/inicio\/?s={search_term_string}\"},\"query-input\":{\"@type\":\"PropertyValueSpecification\",\"valueRequired\":true,\"valueName\":\"search_term_string\"}}],\"inLanguage\":\"es\"},{\"@type\":\"Organization\",\"@id\":\"https:\/\/gysfm.com.ar\/inicio\/#organization\",\"name\":\"GYS NOTICIAS |\",\"url\":\"https:\/\/gysfm.com.ar\/inicio\/\",\"logo\":{\"@type\":\"ImageObject\",\"inLanguage\":\"es\",\"@id\":\"https:\/\/gysfm.com.ar\/inicio\/#\/schema\/logo\/image\/\",\"url\":\"https:\/\/gysfm.com.ar\/inicio\/wp-content\/uploads\/2023\/07\/LOGOGYS-OK.png\",\"contentUrl\":\"https:\/\/gysfm.com.ar\/inicio\/wp-content\/uploads\/2023\/07\/LOGOGYS-OK.png\",\"width\":1170,\"height\":872,\"caption\":\"GYS NOTICIAS |\"},\"image\":{\"@id\":\"https:\/\/gysfm.com.ar\/inicio\/#\/schema\/logo\/image\/\"}},{\"@type\":\"Person\",\"@id\":\"https:\/\/gysfm.com.ar\/inicio\/#\/schema\/person\/5bedd7ecd35cc35548d89effafa23696\",\"name\":\"admin\",\"image\":{\"@type\":\"ImageObject\",\"inLanguage\":\"es\",\"@id\":\"https:\/\/gysfm.com.ar\/inicio\/#\/schema\/person\/image\/\",\"url\":\"https:\/\/secure.gravatar.com\/avatar\/c331d312b5243fb64d5ba28108a447b27c925295129a363082c9ea52c28d32c2?s=96&d=mm&r=g\",\"contentUrl\":\"https:\/\/secure.gravatar.com\/avatar\/c331d312b5243fb64d5ba28108a447b27c925295129a363082c9ea52c28d32c2?s=96&d=mm&r=g\",\"caption\":\"admin\"},\"sameAs\":[\"https:\/\/gysfm.com.ar\/inicio\"],\"url\":\"https:\/\/gysfm.com.ar\/inicio\/author\/admin\/\"}]}<\/script>\n<!-- \/ Yoast SEO plugin. -->","yoast_head_json":{"title":"Chubut eximi\u00f3 del impuesto inmobiliario a productores ganaderos y prorrog\u00f3 deudas de 2023 y 2024 - GYS NOTICIAS |","robots":{"index":"index","follow":"follow","max-snippet":"max-snippet:-1","max-image-preview":"max-image-preview:large","max-video-preview":"max-video-preview:-1"},"canonical":"https:\/\/gysfm.com.ar\/inicio\/chubut-eximio-del-impuesto-inmobiliario-a-productores-ganaderos-y-prorrogo-deudas-de-2023-y-2024\/","og_locale":"es_ES","og_type":"article","og_title":"Chubut eximi\u00f3 del impuesto inmobiliario a productores ganaderos y prorrog\u00f3 deudas de 2023 y 2024 - GYS NOTICIAS |","og_description":"La norma alcanza a los establecimientos productivos dedicados directa y exclusivamente a la actividad ganadera, siempre que est\u00e9n ubicados dentro de la provincia y fuera de los ejidos municipales. Adem\u00e1s, contempla una pr\u00f3rroga de los vencimientos correspondientes a 2023 y 2024 para los casos comprendidos dentro del beneficio. Otro de los puntos centrales es que [&hellip;]","og_url":"https:\/\/gysfm.com.ar\/inicio\/chubut-eximio-del-impuesto-inmobiliario-a-productores-ganaderos-y-prorrogo-deudas-de-2023-y-2024\/","og_site_name":"GYS NOTICIAS |","article_published_time":"2026-09-06T21:20:41+00:00","og_image":[{"url":"https:\/\/media.ambito.com\/p\/c6e0da094ef239ea9797498fef2b6221\/adjuntos\/239\/imagenes\/043\/296\/0043296865\/730x0\/smart\/agro.jpg","type":"","width":"","height":""}],"author":"admin","twitter_card":"summary_large_image","twitter_misc":{"Escrito por":"admin","Tiempo de lectura":"3 minutos"},"schema":{"@context":"https:\/\/schema.org","@graph":[{"@type":"Article","@id":"https:\/\/gysfm.com.ar\/inicio\/chubut-eximio-del-impuesto-inmobiliario-a-productores-ganaderos-y-prorrogo-deudas-de-2023-y-2024\/#article","isPartOf":{"@id":"https:\/\/gysfm.com.ar\/inicio\/chubut-eximio-del-impuesto-inmobiliario-a-productores-ganaderos-y-prorrogo-deudas-de-2023-y-2024\/"},"author":{"name":"admin","@id":"https:\/\/gysfm.com.ar\/inicio\/#\/schema\/person\/5bedd7ecd35cc35548d89effafa23696"},"headline":"Chubut eximi\u00f3 del impuesto inmobiliario a productores ganaderos y prorrog\u00f3 deudas de 2023 y 2024","datePublished":"2026-09-06T21:20:41+00:00","mainEntityOfPage":{"@id":"https:\/\/gysfm.com.ar\/inicio\/chubut-eximio-del-impuesto-inmobiliario-a-productores-ganaderos-y-prorrogo-deudas-de-2023-y-2024\/"},"wordCount":535,"publisher":{"@id":"https:\/\/gysfm.com.ar\/inicio\/#organization"},"image":{"@id":"https:\/\/gysfm.com.ar\/inicio\/chubut-eximio-del-impuesto-inmobiliario-a-productores-ganaderos-y-prorrogo-deudas-de-2023-y-2024\/#primaryimage"},"thumbnailUrl":"https:\/\/gysfm.com.ar\/inicio\/wp-content\/uploads\/2025\/12\/campo-agro-cosecha-trigo.jpg","articleSection":["ECONOMIA"],"inLanguage":"es"},{"@type":"WebPage","@id":"https:\/\/gysfm.com.ar\/inicio\/chubut-eximio-del-impuesto-inmobiliario-a-productores-ganaderos-y-prorrogo-deudas-de-2023-y-2024\/","url":"https:\/\/gysfm.com.ar\/inicio\/chubut-eximio-del-impuesto-inmobiliario-a-productores-ganaderos-y-prorrogo-deudas-de-2023-y-2024\/","name":"Chubut eximi\u00f3 del impuesto inmobiliario a productores ganaderos y prorrog\u00f3 deudas de 2023 y 2024 - GYS NOTICIAS |","isPartOf":{"@id":"https:\/\/gysfm.com.ar\/inicio\/#website"},"primaryImageOfPage":{"@id":"https:\/\/gysfm.com.ar\/inicio\/chubut-eximio-del-impuesto-inmobiliario-a-productores-ganaderos-y-prorrogo-deudas-de-2023-y-2024\/#primaryimage"},"image":{"@id":"https:\/\/gysfm.com.ar\/inicio\/chubut-eximio-del-impuesto-inmobiliario-a-productores-ganaderos-y-prorrogo-deudas-de-2023-y-2024\/#primaryimage"},"thumbnailUrl":"https:\/\/gysfm.com.ar\/inicio\/wp-content\/uploads\/2025\/12\/campo-agro-cosecha-trigo.jpg","datePublished":"2026-09-06T21:20:41+00:00","breadcrumb":{"@id":"https:\/\/gysfm.com.ar\/inicio\/chubut-eximio-del-impuesto-inmobiliario-a-productores-ganaderos-y-prorrogo-deudas-de-2023-y-2024\/#breadcrumb"},"inLanguage":"es","potentialAction":[{"@type":"ReadAction","target":["https:\/\/gysfm.com.ar\/inicio\/chubut-eximio-del-impuesto-inmobiliario-a-productores-ganaderos-y-prorrogo-deudas-de-2023-y-2024\/"]}]},{"@type":"ImageObject","inLanguage":"es","@id":"https:\/\/gysfm.com.ar\/inicio\/chubut-eximio-del-impuesto-inmobiliario-a-productores-ganaderos-y-prorrogo-deudas-de-2023-y-2024\/#primaryimage","url":"https:\/\/gysfm.com.ar\/inicio\/wp-content\/uploads\/2025\/12\/campo-agro-cosecha-trigo.jpg","contentUrl":"https:\/\/gysfm.com.ar\/inicio\/wp-content\/uploads\/2025\/12\/campo-agro-cosecha-trigo.jpg","width":1200,"height":675},{"@type":"BreadcrumbList","@id":"https:\/\/gysfm.com.ar\/inicio\/chubut-eximio-del-impuesto-inmobiliario-a-productores-ganaderos-y-prorrogo-deudas-de-2023-y-2024\/#breadcrumb","itemListElement":[{"@type":"ListItem","position":1,"name":"Portada","item":"https:\/\/gysfm.com.ar\/inicio\/"},{"@type":"ListItem","position":2,"name":"Chubut eximi\u00f3 del impuesto inmobiliario a productores ganaderos y prorrog\u00f3 deudas de 2023 y 2024"}]},{"@type":"WebSite","@id":"https:\/\/gysfm.com.ar\/inicio\/#website","url":"https:\/\/gysfm.com.ar\/inicio\/","name":"GYS NOTICIAS |","description":"DIARIO - RADIO ONLINE SAN JUAN ARGENTINA","publisher":{"@id":"https:\/\/gysfm.com.ar\/inicio\/#organization"},"potentialAction":[{"@type":"SearchAction","target":{"@type":"EntryPoint","urlTemplate":"https:\/\/gysfm.com.ar\/inicio\/?s={search_term_string}"},"query-input":{"@type":"PropertyValueSpecification","valueRequired":true,"valueName":"search_term_string"}}],"inLanguage":"es"},{"@type":"Organization","@id":"https:\/\/gysfm.com.ar\/inicio\/#organization","name":"GYS NOTICIAS |","url":"https:\/\/gysfm.com.ar\/inicio\/","logo":{"@type":"ImageObject","inLanguage":"es","@id":"https:\/\/gysfm.com.ar\/inicio\/#\/schema\/logo\/image\/","url":"https:\/\/gysfm.com.ar\/inicio\/wp-content\/uploads\/2023\/07\/LOGOGYS-OK.png","contentUrl":"https:\/\/gysfm.com.ar\/inicio\/wp-content\/uploads\/2023\/07\/LOGOGYS-OK.png","width":1170,"height":872,"caption":"GYS NOTICIAS |"},"image":{"@id":"https:\/\/gysfm.com.ar\/inicio\/#\/schema\/logo\/image\/"}},{"@type":"Person","@id":"https:\/\/gysfm.com.ar\/inicio\/#\/schema\/person\/5bedd7ecd35cc35548d89effafa23696","name":"admin","image":{"@type":"ImageObject","inLanguage":"es","@id":"https:\/\/gysfm.com.ar\/inicio\/#\/schema\/person\/image\/","url":"https:\/\/secure.gravatar.com\/avatar\/c331d312b5243fb64d5ba28108a447b27c925295129a363082c9ea52c28d32c2?s=96&d=mm&r=g","contentUrl":"https:\/\/secure.gravatar.com\/avatar\/c331d312b5243fb64d5ba28108a447b27c925295129a363082c9ea52c28d32c2?s=96&d=mm&r=g","caption":"admin"},"sameAs":["https:\/\/gysfm.com.ar\/inicio"],"url":"https:\/\/gysfm.com.ar\/inicio\/author\/admin\/"}]}},"_links":{"self":[{"href":"https:\/\/gysfm.com.ar\/inicio\/wp-json\/wp\/v2\/posts\/210694","targetHints":{"allow":["GET"]}}],"collection":[{"href":"https:\/\/gysfm.com.ar\/inicio\/wp-json\/wp\/v2\/posts"}],"about":[{"href":"https:\/\/gysfm.com.ar\/inicio\/wp-json\/wp\/v2\/types\/post"}],"author":[{"embeddable":true,"href":"https:\/\/gysfm.com.ar\/inicio\/wp-json\/wp\/v2\/users\/1"}],"replies":[{"embeddable":true,"href":"https:\/\/gysfm.com.ar\/inicio\/wp-json\/wp\/v2\/comments?post=210694"}],"version-history":[{"count":0,"href":"https:\/\/gysfm.com.ar\/inicio\/wp-json\/wp\/v2\/posts\/210694\/revisions"}],"wp:featuredmedia":[{"embeddable":true,"href":"https:\/\/gysfm.com.ar\/inicio\/wp-json\/wp\/v2\/media\/169680"}],"wp:attachment":[{"href":"https:\/\/gysfm.com.ar\/inicio\/wp-json\/wp\/v2\/media?parent=210694"}],"wp:term":[{"taxonomy":"category","embeddable":true,"href":"https:\/\/gysfm.com.ar\/inicio\/wp-json\/wp\/v2\/categories?post=210694"},{"taxonomy":"post_tag","embeddable":true,"href":"https:\/\/gysfm.com.ar\/inicio\/wp-json\/wp\/v2\/tags?post=210694"}],"curies":[{"name":"wp","href":"https:\/\/api.w.org\/{rel}","templated":true}]}}