{"id":210691,"date":"2026-09-06T18:02:36","date_gmt":"2026-09-06T21:02:36","guid":{"rendered":"https:\/\/gysfm.com.ar\/inicio\/en-medio-de-los-rumores-por-su-estado-de-salud-reaparecio-raul-castro-en-un-acto-en-cuba\/"},"modified":"2026-09-06T18:02:39","modified_gmt":"2026-09-06T21:02:39","slug":"en-medio-de-los-rumores-por-su-estado-de-salud-reaparecio-raul-castro-en-un-acto-en-cuba","status":"publish","type":"post","link":"https:\/\/gysfm.com.ar\/inicio\/en-medio-de-los-rumores-por-su-estado-de-salud-reaparecio-raul-castro-en-un-acto-en-cuba\/","title":{"rendered":"En medio de los rumores por su estado de salud, reapareci\u00f3 Ra\u00fal Castro en un acto en Cuba"},"content":{"rendered":"<p> <br \/>\n<\/p>\n<div>\n<p class=\"com-paragraph --capital --s text-left\">LA HABANA.- El expresidente y l\u00edder cubano <strong>Ra\u00fal Castro, de 95 a\u00f1os, reapareci\u00f3 en un acto militar <\/strong>para conmemorar el 65 aniversario de la fundaci\u00f3n de la direcci\u00f3n de Seguridad Personal, una dependencia de las Fuerzas Armadas encargada de cuidar a los m\u00e1ximos dirigentes del pa\u00eds, <strong>en medio de los <\/strong><a href=\"https:\/\/www.lanacion.com.ar\/el-mundo\/afirman-que-el-exdictador-cubano-raul-castro-se-encuentra-en-grave-estado-de-salud-nid01092026\/\" target=\"_self\" title=\"https:\/\/www.lanacion.com.ar\/el-mundo\/afirman-que-el-exdictador-cubano-raul-castro-se-encuentra-en-grave-estado-de-salud-nid01092026\/\" class=\"com-link break-word\" data-mrf-recirculation=\"n_link_parrafo\"><strong>rumores sobre su estado de salud.<\/strong><\/a><\/p>\n<p class=\"com-paragraph --s text-left\">En las im\u00e1genes transmitidas en la televisi\u00f3n estatal se ve en el evento del s\u00e1bado a Castro, vestido con su habitual uniforme militar verde oliva, llegar <strong>caminando junto a militares de alto rango y sentarse en primera fila en un sal\u00f3n cerrado.<\/strong> Tambi\u00e9n se lo vio<strong> ponerse de pie<\/strong> en varias ocasiones para recibir un diploma de homenaje y saludar a personas que acudieron al acto.<\/p>\n<div class=\"content-media\">\n<section role=\"button\" class=\"mod-media   \">\n<figure role=\"button\" tabindex=\"0\" class=\"mod-figure \"><figcaption class=\"mod-figcaption\"><span class=\"com-text --caption --twoxs\">Ra\u00fal Castro y D\u00edaz-Canel encabezaron el homenaje aniversario de 65 a\u00f1os de la Direcci\u00f3n de Seguridad Personal: guardianes de la Revoluci\u00f3n. <\/span><span class=\"com-text --credit --twoxs\">Red X<\/span><\/figcaption><\/figure>\n<\/section>\n<\/div>\n<p class=\"com-paragraph --s text-left\">Durante el acto, el hermano de <strong>Fidel Castro<\/strong> envi\u00f3 una carta a los integrantes de la Seguridad Personal a quienes caracteriz\u00f3 como <strong>\u201cfamilia leal\u201d <\/strong>y reconoci\u00f3 su labor en la protecci\u00f3n de los l\u00edderes de la Revoluci\u00f3n. El texto, le\u00eddo por el ministro del Interior, L\u00e1zaro Alberto \u00c1lvarez Casas, aludi\u00f3 a los <strong>32 muertos en Venezuela el 3 de enero en medio del enfrentamiento con tropas estadounidenses durante el arresto del mandatario venezolano Nicol\u00e1s Maduro y su esposa Cilia Flores.<\/strong> <\/p>\n<p class=\"com-paragraph --s text-left\"><strong>\u201cCayeron en el cumplimiento del deber\u201d<\/strong>, subray\u00f3 Castro en la carta. \u201cLa Revoluci\u00f3n vive d\u00edas dif\u00edciles bajo la hostilidad del Gobierno de Estados Unidos que contin\u00faa empe\u00f1ado en hacer desaparecer el ejemplo de Cuba en el mundo\u201d, agreg\u00f3. <\/p>\n<p class=\"com-paragraph --s text-left\">Castro sustituy\u00f3 a su hermano Fidel en 2006, luego de que este dejara el poder por problemas de salud. Presidi\u00f3 el pa\u00eds durante dos mandatos hasta 2018 y lo sucedi\u00f3 Miguel D\u00edaz-Canel, quien lleva dos per\u00edodos presidenciales consecutivos.<\/p>\n<p class=\"com-paragraph --s text-left\">Es \u201c<strong>un honor participar con el General del Ej\u00e9rcito (Ra\u00fal Castro) <\/strong>en el acto por el aniversario 65 de la Direcci\u00f3n de Seguridad Personal, que tuvo sus or\u00edgenes mucho antes del 6 de septiembre de 1961, desde los tiempos de la lucha revolucionaria liderada por el Comandante en Jefe (Fidel Castro)\u201d, expres\u00f3 el presidente <strong>D\u00edaz- Canel<\/strong> el domingo en la madrugada en la red social X. <\/p>\n<p class=\"com-paragraph --s text-left\">\u201cCompartir junto a Ra\u00fal, uno de sus jefes fundadores, y con veteranos y j\u00f3venes, <strong>ratific\u00f3 la inmensa confianza y reconocimiento de la direcci\u00f3n del pa\u00eds para las mujeres y hombres que, \u2018sin un solo fallo\u2019, como dijo Fidel, han cumplido con hero\u00edsmo y lealtad su deber<\/strong>\u201d, agreg\u00f3 D\u00edaz-Canel en el posteo.<\/p>\n<p class=\"com-paragraph --s text-left\">En su publicaci\u00f3n, el mandatario incluy\u00f3 varias fotos del evento, en las cuales se va a Ra\u00fal Castro y al propio D\u00edaz-Canel.<\/p>\n<p><h2 class=\"font-primary font-w-bold text-subheading-lg text-left container-center-100 mb-8\"><span>Rumores en torno a su salud<\/span><\/h2>\n<\/p>\n<p class=\"com-paragraph --s text-left\">Castro, quien ya no ocupa cargos formales en el gobierno ni en el Partido Comunista,<strong> <\/strong>a\u00fan hace presente su voz en la toma de decisi\u00f3n importantes del pa\u00eds. No obstante, <strong>rara vez aparece en p\u00fablico.<\/strong> Recientemente circularon <strong>especulaciones sobre su salud<\/strong>, dada su avanzada edad, y tambi\u00e9n por su ausencia -la primera en d\u00e9cadas- en el mitin de julio por el Asalto al Cuartel Moncada, la principal efem\u00e9ride de la Revoluci\u00f3n cubana.<\/p>\n<p class=\"com-paragraph --s text-left\">Durante este a\u00f1o asisti\u00f3 al acto por el aniversario 65 de la victoria de Playa Gir\u00f3n, y luego en las celebraciones por el centenario del natalicio de su hermano Fidel el 13 de agosto.<\/p>\n<div class=\"content-media\">\n<section role=\"button\" class=\"mod-media   \">\n<figure role=\"button\" tabindex=\"0\" class=\"mod-figure \"><figcaption class=\"mod-figcaption\"><span class=\"com-text --caption --twoxs\">Ra\u00fal Castro de pie durante el acto para conmemorar el aniversario de la Seguridad Personal <\/span><span class=\"com-text --credit --twoxs\">Red X<\/span><\/figcaption><\/figure>\n<\/section>\n<\/div>\n<p class=\"com-paragraph --s text-left\">Esta semana, una fuente confidencial desde La Habana inform\u00f3 al <em>Diario Las Am\u00e9ricas<\/em>, con sede en Miami, que el general del Ej\u00e9rcito estar\u00eda <strong>\u201cgravemente enfermo, asistido con equipos para mantenerlo con vida, afectado al parecer por un accidente cerebro vascular\u201d.<\/strong><\/p>\n<p class=\"com-paragraph --s text-left\">\u201cLa realidad hasta este momento es que <strong>se encuentra muy delicado de salud, <\/strong>a partir de una informaci\u00f3n filtrada que no deja lugar a especulaciones\u201d, inform\u00f3 el diario.<\/p>\n<p class=\"com-paragraph --s text-left\">Las inusuales im\u00e1genes del evento del s\u00e1bado en la noche lo muestran junto a <strong>Ra\u00fal Guillermo Rodr\u00edguez Castro, apodado \u201cEl Cangrejo\u201d<\/strong>, su guardaespaldas. Se ha mencionado que Rodr\u00edguez Castro particip\u00f3 en <strong>conversaciones con <\/strong><a href=\"https:\/\/www.lanacion.com.ar\/estados-unidos\/despues-de-maduro-raul-castro-revelan-la-imputacion-que-eeuu-haria-contra-el-exlider-del-regimen-nid15052026\/\" target=\"_self\" title=\"https:\/\/www.lanacion.com.ar\/estados-unidos\/despues-de-maduro-raul-castro-revelan-la-imputacion-que-eeuu-haria-contra-el-exlider-del-regimen-nid15052026\/\" class=\"com-link break-word\" data-mrf-recirculation=\"n_link_parrafo\"><strong>Estados Unidos<\/strong><\/a>, que desde enero le impuso a la isla un cerco petrolero y financiero. <\/p>\n<div class=\"content-media\">\n<section role=\"button\" class=\"mod-media   \">\n<figure role=\"button\" tabindex=\"0\" class=\"mod-figure \"><figcaption class=\"mod-figcaption\"><span class=\"com-text --caption --twoxs\">El l\u00edder cubano Ra\u00fal Castro pronuncia un discurso durante una gala para conmemorar el centenario del nacimiento de su hermano Fidel Castro, el jueves 13 de agosto de 2026, en el teatro Karl Marx de La Habana, Cuba. <\/span><span class=\"com-text --credit --twoxs\">Ramon Espinosa &#8211; AP<\/span><\/figcaption><\/figure>\n<\/section>\n<\/div>\n<p class=\"com-paragraph --s text-left\">El cerco energ\u00e9tico a la isla agudiz\u00f3 <strong>una crisis previa en la isla, y tuvo impactos relevantes en la poblaci\u00f3n y en la econom\u00eda de la naci\u00f3n caribe\u00f1a<\/strong>: apagones de m\u00e1s de 30 horas, deterioro de los sistemas de salud y educaci\u00f3n, limitaciones en el transporte, recortes de las jornadas laborales y, en general, una transformaci\u00f3n de la vida cotidiana de las personas.<\/p>\n<p class=\"com-paragraph --s text-left\">Autoridades de alto nivel estadounidenses y cubanas mantuvieron di\u00e1logos en La Habana en abril, pero no se ofrecieron detalles de los mismos ni el estado en que se encuentran hoy en d\u00eda. Se trat\u00f3 de un contacto directo entre delegaciones con funciones diplom\u00e1ticas en un contexto de diferencias pol\u00edticas y econ\u00f3micas.<\/p>\n<p class=\"com-paragraph --s text-left\"><strong>Agencias AFP y ANSA<\/strong><\/p>\n<section class=\"container-center-100 mb-40 border border-bottom border-thin border-neutral-light-700\">\n<hr\/>\n<\/section>\n<\/div>\n<p><script id=\"facebookpixel\" defer=\"\" type=\"text\/javascript\">\n        !function(f,b,e,v,n,t,s)\n        {if(f.fbq)return;n=f.fbq=function(){n.callMethod?\n        n.callMethod.apply(n,arguments):n.queue.push(arguments)};\n        if(!f._fbq)f._fbq=n;n.push=n;n.loaded=!0;n.version='2.0';\n        n.queue=[];t=b.createElement(e);t.async=!0;\n        t.src=v;s=b.getElementsByTagName(e)[0];\n        s.parentNode.insertBefore(t,s)}(window, document,'script',\n        'https:\/\/connect.facebook.net\/en_US\/fbevents.js');\n        fbq('init', '492459597522335');\n        fbq('track', 'PageView');\n    <\/script><br \/>\n<br \/><\/p>\n","protected":false},"excerpt":{"rendered":"<p>LA HABANA.- El expresidente y l\u00edder cubano Ra\u00fal Castro, de 95 a\u00f1os, reapareci\u00f3 en un acto militar para conmemorar el 65 aniversario de la fundaci\u00f3n de la direcci\u00f3n de Seguridad Personal, una dependencia de las Fuerzas Armadas encargada de cuidar a los m\u00e1ximos dirigentes del pa\u00eds, en medio de los rumores sobre su estado de [&hellip;]<\/p>\n","protected":false},"author":2,"featured_media":210692,"comment_status":"closed","ping_status":"closed","sticky":false,"template":"","format":"standard","meta":{"footnotes":""},"categories":[26],"tags":[],"class_list":["post-210691","post","type-post","status-publish","format-standard","has-post-thumbnail","hentry","category-internacionales"],"yoast_head":"<!-- This site is optimized with the Yoast SEO plugin v24.4 - https:\/\/yoast.com\/wordpress\/plugins\/seo\/ -->\n<title>En medio de los rumores por su estado de salud, reapareci\u00f3 Ra\u00fal Castro en un acto en Cuba - GYS NOTICIAS |<\/title>\n<meta name=\"robots\" content=\"index, follow, max-snippet:-1, max-image-preview:large, max-video-preview:-1\" \/>\n<link rel=\"canonical\" href=\"https:\/\/gysfm.com.ar\/inicio\/en-medio-de-los-rumores-por-su-estado-de-salud-reaparecio-raul-castro-en-un-acto-en-cuba\/\" \/>\n<meta property=\"og:locale\" content=\"es_ES\" \/>\n<meta property=\"og:type\" content=\"article\" \/>\n<meta property=\"og:title\" content=\"En medio de los rumores por su estado de salud, reapareci\u00f3 Ra\u00fal Castro en un acto en Cuba - GYS NOTICIAS |\" \/>\n<meta property=\"og:description\" content=\"LA HABANA.- El expresidente y l\u00edder cubano Ra\u00fal Castro, de 95 a\u00f1os, reapareci\u00f3 en un acto militar para conmemorar el 65 aniversario de la fundaci\u00f3n de la direcci\u00f3n de Seguridad Personal, una dependencia de las Fuerzas Armadas encargada de cuidar a los m\u00e1ximos dirigentes del pa\u00eds, en medio de los rumores sobre su estado de [&hellip;]\" \/>\n<meta property=\"og:url\" content=\"https:\/\/gysfm.com.ar\/inicio\/en-medio-de-los-rumores-por-su-estado-de-salud-reaparecio-raul-castro-en-un-acto-en-cuba\/\" \/>\n<meta property=\"og:site_name\" content=\"GYS NOTICIAS |\" \/>\n<meta property=\"article:published_time\" content=\"2026-09-06T21:02:36+00:00\" \/>\n<meta property=\"article:modified_time\" content=\"2026-09-06T21:02:39+00:00\" \/>\n<meta property=\"og:image\" content=\"https:\/\/gysfm.com.ar\/inicio\/wp-content\/uploads\/2026\/09\/raul-castro-encabezo-el-homenaje-de-65-anos-de-la-AMVJ3N2TARGNLGHZOTW7JB2RKI.jpg\" \/>\n\t<meta property=\"og:image:width\" content=\"1200\" \/>\n\t<meta property=\"og:image:height\" content=\"800\" \/>\n\t<meta property=\"og:image:type\" content=\"image\/jpeg\" \/>\n<meta name=\"author\" content=\"Prensa G&amp;S FM\" \/>\n<meta name=\"twitter:card\" content=\"summary_large_image\" \/>\n<meta name=\"twitter:label1\" content=\"Escrito por\" \/>\n\t<meta name=\"twitter:data1\" content=\"Prensa G&amp;S FM\" \/>\n\t<meta name=\"twitter:label2\" content=\"Tiempo de lectura\" \/>\n\t<meta name=\"twitter:data2\" content=\"5 minutos\" \/>\n<script type=\"application\/ld+json\" class=\"yoast-schema-graph\">{\"@context\":\"https:\/\/schema.org\",\"@graph\":[{\"@type\":\"Article\",\"@id\":\"https:\/\/gysfm.com.ar\/inicio\/en-medio-de-los-rumores-por-su-estado-de-salud-reaparecio-raul-castro-en-un-acto-en-cuba\/#article\",\"isPartOf\":{\"@id\":\"https:\/\/gysfm.com.ar\/inicio\/en-medio-de-los-rumores-por-su-estado-de-salud-reaparecio-raul-castro-en-un-acto-en-cuba\/\"},\"author\":{\"name\":\"Prensa G&amp;S FM\",\"@id\":\"https:\/\/gysfm.com.ar\/inicio\/#\/schema\/person\/3abba7593ef2ad19e1be221d54383dc5\"},\"headline\":\"En medio de los rumores por su estado de salud, reapareci\u00f3 Ra\u00fal Castro en un acto en Cuba\",\"datePublished\":\"2026-09-06T21:02:36+00:00\",\"dateModified\":\"2026-09-06T21:02:39+00:00\",\"mainEntityOfPage\":{\"@id\":\"https:\/\/gysfm.com.ar\/inicio\/en-medio-de-los-rumores-por-su-estado-de-salud-reaparecio-raul-castro-en-un-acto-en-cuba\/\"},\"wordCount\":932,\"publisher\":{\"@id\":\"https:\/\/gysfm.com.ar\/inicio\/#organization\"},\"image\":{\"@id\":\"https:\/\/gysfm.com.ar\/inicio\/en-medio-de-los-rumores-por-su-estado-de-salud-reaparecio-raul-castro-en-un-acto-en-cuba\/#primaryimage\"},\"thumbnailUrl\":\"https:\/\/gysfm.com.ar\/inicio\/wp-content\/uploads\/2026\/09\/raul-castro-encabezo-el-homenaje-de-65-anos-de-la-AMVJ3N2TARGNLGHZOTW7JB2RKI.jpg\",\"articleSection\":[\"INTERNACIONALES\"],\"inLanguage\":\"es\"},{\"@type\":\"WebPage\",\"@id\":\"https:\/\/gysfm.com.ar\/inicio\/en-medio-de-los-rumores-por-su-estado-de-salud-reaparecio-raul-castro-en-un-acto-en-cuba\/\",\"url\":\"https:\/\/gysfm.com.ar\/inicio\/en-medio-de-los-rumores-por-su-estado-de-salud-reaparecio-raul-castro-en-un-acto-en-cuba\/\",\"name\":\"En medio de los rumores por su estado de salud, reapareci\u00f3 Ra\u00fal Castro en un acto en Cuba - GYS NOTICIAS |\",\"isPartOf\":{\"@id\":\"https:\/\/gysfm.com.ar\/inicio\/#website\"},\"primaryImageOfPage\":{\"@id\":\"https:\/\/gysfm.com.ar\/inicio\/en-medio-de-los-rumores-por-su-estado-de-salud-reaparecio-raul-castro-en-un-acto-en-cuba\/#primaryimage\"},\"image\":{\"@id\":\"https:\/\/gysfm.com.ar\/inicio\/en-medio-de-los-rumores-por-su-estado-de-salud-reaparecio-raul-castro-en-un-acto-en-cuba\/#primaryimage\"},\"thumbnailUrl\":\"https:\/\/gysfm.com.ar\/inicio\/wp-content\/uploads\/2026\/09\/raul-castro-encabezo-el-homenaje-de-65-anos-de-la-AMVJ3N2TARGNLGHZOTW7JB2RKI.jpg\",\"datePublished\":\"2026-09-06T21:02:36+00:00\",\"dateModified\":\"2026-09-06T21:02:39+00:00\",\"breadcrumb\":{\"@id\":\"https:\/\/gysfm.com.ar\/inicio\/en-medio-de-los-rumores-por-su-estado-de-salud-reaparecio-raul-castro-en-un-acto-en-cuba\/#breadcrumb\"},\"inLanguage\":\"es\",\"potentialAction\":[{\"@type\":\"ReadAction\",\"target\":[\"https:\/\/gysfm.com.ar\/inicio\/en-medio-de-los-rumores-por-su-estado-de-salud-reaparecio-raul-castro-en-un-acto-en-cuba\/\"]}]},{\"@type\":\"ImageObject\",\"inLanguage\":\"es\",\"@id\":\"https:\/\/gysfm.com.ar\/inicio\/en-medio-de-los-rumores-por-su-estado-de-salud-reaparecio-raul-castro-en-un-acto-en-cuba\/#primaryimage\",\"url\":\"https:\/\/gysfm.com.ar\/inicio\/wp-content\/uploads\/2026\/09\/raul-castro-encabezo-el-homenaje-de-65-anos-de-la-AMVJ3N2TARGNLGHZOTW7JB2RKI.jpg\",\"contentUrl\":\"https:\/\/gysfm.com.ar\/inicio\/wp-content\/uploads\/2026\/09\/raul-castro-encabezo-el-homenaje-de-65-anos-de-la-AMVJ3N2TARGNLGHZOTW7JB2RKI.jpg\",\"width\":1200,\"height\":800},{\"@type\":\"BreadcrumbList\",\"@id\":\"https:\/\/gysfm.com.ar\/inicio\/en-medio-de-los-rumores-por-su-estado-de-salud-reaparecio-raul-castro-en-un-acto-en-cuba\/#breadcrumb\",\"itemListElement\":[{\"@type\":\"ListItem\",\"position\":1,\"name\":\"Portada\",\"item\":\"https:\/\/gysfm.com.ar\/inicio\/\"},{\"@type\":\"ListItem\",\"position\":2,\"name\":\"En medio de los rumores por su estado de salud, reapareci\u00f3 Ra\u00fal Castro en un acto en Cuba\"}]},{\"@type\":\"WebSite\",\"@id\":\"https:\/\/gysfm.com.ar\/inicio\/#website\",\"url\":\"https:\/\/gysfm.com.ar\/inicio\/\",\"name\":\"GYS NOTICIAS |\",\"description\":\"DIARIO - RADIO ONLINE SAN JUAN ARGENTINA\",\"publisher\":{\"@id\":\"https:\/\/gysfm.com.ar\/inicio\/#organization\"},\"potentialAction\":[{\"@type\":\"SearchAction\",\"target\":{\"@type\":\"EntryPoint\",\"urlTemplate\":\"https:\/\/gysfm.com.ar\/inicio\/?s={search_term_string}\"},\"query-input\":{\"@type\":\"PropertyValueSpecification\",\"valueRequired\":true,\"valueName\":\"search_term_string\"}}],\"inLanguage\":\"es\"},{\"@type\":\"Organization\",\"@id\":\"https:\/\/gysfm.com.ar\/inicio\/#organization\",\"name\":\"GYS NOTICIAS |\",\"url\":\"https:\/\/gysfm.com.ar\/inicio\/\",\"logo\":{\"@type\":\"ImageObject\",\"inLanguage\":\"es\",\"@id\":\"https:\/\/gysfm.com.ar\/inicio\/#\/schema\/logo\/image\/\",\"url\":\"https:\/\/gysfm.com.ar\/inicio\/wp-content\/uploads\/2023\/07\/LOGOGYS-OK.png\",\"contentUrl\":\"https:\/\/gysfm.com.ar\/inicio\/wp-content\/uploads\/2023\/07\/LOGOGYS-OK.png\",\"width\":1170,\"height\":872,\"caption\":\"GYS NOTICIAS |\"},\"image\":{\"@id\":\"https:\/\/gysfm.com.ar\/inicio\/#\/schema\/logo\/image\/\"}},{\"@type\":\"Person\",\"@id\":\"https:\/\/gysfm.com.ar\/inicio\/#\/schema\/person\/3abba7593ef2ad19e1be221d54383dc5\",\"name\":\"Prensa G&amp;S FM\",\"image\":{\"@type\":\"ImageObject\",\"inLanguage\":\"es\",\"@id\":\"https:\/\/gysfm.com.ar\/inicio\/#\/schema\/person\/image\/\",\"url\":\"https:\/\/secure.gravatar.com\/avatar\/096ec78df02049ab018702bb4ccedf659377fa92a26540b5247612077a0dbd29?s=96&d=mm&r=g\",\"contentUrl\":\"https:\/\/secure.gravatar.com\/avatar\/096ec78df02049ab018702bb4ccedf659377fa92a26540b5247612077a0dbd29?s=96&d=mm&r=g\",\"caption\":\"Prensa G&amp;S FM\"},\"sameAs\":[\"https:\/\/gysfm.com.ar\/\"],\"url\":\"https:\/\/gysfm.com.ar\/inicio\/author\/lucasm\/\"}]}<\/script>\n<!-- \/ Yoast SEO plugin. -->","yoast_head_json":{"title":"En medio de los rumores por su estado de salud, reapareci\u00f3 Ra\u00fal Castro en un acto en Cuba - GYS NOTICIAS |","robots":{"index":"index","follow":"follow","max-snippet":"max-snippet:-1","max-image-preview":"max-image-preview:large","max-video-preview":"max-video-preview:-1"},"canonical":"https:\/\/gysfm.com.ar\/inicio\/en-medio-de-los-rumores-por-su-estado-de-salud-reaparecio-raul-castro-en-un-acto-en-cuba\/","og_locale":"es_ES","og_type":"article","og_title":"En medio de los rumores por su estado de salud, reapareci\u00f3 Ra\u00fal Castro en un acto en Cuba - GYS NOTICIAS |","og_description":"LA HABANA.- El expresidente y l\u00edder cubano Ra\u00fal Castro, de 95 a\u00f1os, reapareci\u00f3 en un acto militar para conmemorar el 65 aniversario de la fundaci\u00f3n de la direcci\u00f3n de Seguridad Personal, una dependencia de las Fuerzas Armadas encargada de cuidar a los m\u00e1ximos dirigentes del pa\u00eds, en medio de los rumores sobre su estado de [&hellip;]","og_url":"https:\/\/gysfm.com.ar\/inicio\/en-medio-de-los-rumores-por-su-estado-de-salud-reaparecio-raul-castro-en-un-acto-en-cuba\/","og_site_name":"GYS NOTICIAS |","article_published_time":"2026-09-06T21:02:36+00:00","article_modified_time":"2026-09-06T21:02:39+00:00","og_image":[{"width":1200,"height":800,"url":"https:\/\/gysfm.com.ar\/inicio\/wp-content\/uploads\/2026\/09\/raul-castro-encabezo-el-homenaje-de-65-anos-de-la-AMVJ3N2TARGNLGHZOTW7JB2RKI.jpg","type":"image\/jpeg"}],"author":"Prensa G&amp;S FM","twitter_card":"summary_large_image","twitter_misc":{"Escrito por":"Prensa G&amp;S FM","Tiempo de lectura":"5 minutos"},"schema":{"@context":"https:\/\/schema.org","@graph":[{"@type":"Article","@id":"https:\/\/gysfm.com.ar\/inicio\/en-medio-de-los-rumores-por-su-estado-de-salud-reaparecio-raul-castro-en-un-acto-en-cuba\/#article","isPartOf":{"@id":"https:\/\/gysfm.com.ar\/inicio\/en-medio-de-los-rumores-por-su-estado-de-salud-reaparecio-raul-castro-en-un-acto-en-cuba\/"},"author":{"name":"Prensa G&amp;S FM","@id":"https:\/\/gysfm.com.ar\/inicio\/#\/schema\/person\/3abba7593ef2ad19e1be221d54383dc5"},"headline":"En medio de los rumores por su estado de salud, reapareci\u00f3 Ra\u00fal Castro en un acto en Cuba","datePublished":"2026-09-06T21:02:36+00:00","dateModified":"2026-09-06T21:02:39+00:00","mainEntityOfPage":{"@id":"https:\/\/gysfm.com.ar\/inicio\/en-medio-de-los-rumores-por-su-estado-de-salud-reaparecio-raul-castro-en-un-acto-en-cuba\/"},"wordCount":932,"publisher":{"@id":"https:\/\/gysfm.com.ar\/inicio\/#organization"},"image":{"@id":"https:\/\/gysfm.com.ar\/inicio\/en-medio-de-los-rumores-por-su-estado-de-salud-reaparecio-raul-castro-en-un-acto-en-cuba\/#primaryimage"},"thumbnailUrl":"https:\/\/gysfm.com.ar\/inicio\/wp-content\/uploads\/2026\/09\/raul-castro-encabezo-el-homenaje-de-65-anos-de-la-AMVJ3N2TARGNLGHZOTW7JB2RKI.jpg","articleSection":["INTERNACIONALES"],"inLanguage":"es"},{"@type":"WebPage","@id":"https:\/\/gysfm.com.ar\/inicio\/en-medio-de-los-rumores-por-su-estado-de-salud-reaparecio-raul-castro-en-un-acto-en-cuba\/","url":"https:\/\/gysfm.com.ar\/inicio\/en-medio-de-los-rumores-por-su-estado-de-salud-reaparecio-raul-castro-en-un-acto-en-cuba\/","name":"En medio de los rumores por su estado de salud, reapareci\u00f3 Ra\u00fal Castro en un acto en Cuba - GYS NOTICIAS |","isPartOf":{"@id":"https:\/\/gysfm.com.ar\/inicio\/#website"},"primaryImageOfPage":{"@id":"https:\/\/gysfm.com.ar\/inicio\/en-medio-de-los-rumores-por-su-estado-de-salud-reaparecio-raul-castro-en-un-acto-en-cuba\/#primaryimage"},"image":{"@id":"https:\/\/gysfm.com.ar\/inicio\/en-medio-de-los-rumores-por-su-estado-de-salud-reaparecio-raul-castro-en-un-acto-en-cuba\/#primaryimage"},"thumbnailUrl":"https:\/\/gysfm.com.ar\/inicio\/wp-content\/uploads\/2026\/09\/raul-castro-encabezo-el-homenaje-de-65-anos-de-la-AMVJ3N2TARGNLGHZOTW7JB2RKI.jpg","datePublished":"2026-09-06T21:02:36+00:00","dateModified":"2026-09-06T21:02:39+00:00","breadcrumb":{"@id":"https:\/\/gysfm.com.ar\/inicio\/en-medio-de-los-rumores-por-su-estado-de-salud-reaparecio-raul-castro-en-un-acto-en-cuba\/#breadcrumb"},"inLanguage":"es","potentialAction":[{"@type":"ReadAction","target":["https:\/\/gysfm.com.ar\/inicio\/en-medio-de-los-rumores-por-su-estado-de-salud-reaparecio-raul-castro-en-un-acto-en-cuba\/"]}]},{"@type":"ImageObject","inLanguage":"es","@id":"https:\/\/gysfm.com.ar\/inicio\/en-medio-de-los-rumores-por-su-estado-de-salud-reaparecio-raul-castro-en-un-acto-en-cuba\/#primaryimage","url":"https:\/\/gysfm.com.ar\/inicio\/wp-content\/uploads\/2026\/09\/raul-castro-encabezo-el-homenaje-de-65-anos-de-la-AMVJ3N2TARGNLGHZOTW7JB2RKI.jpg","contentUrl":"https:\/\/gysfm.com.ar\/inicio\/wp-content\/uploads\/2026\/09\/raul-castro-encabezo-el-homenaje-de-65-anos-de-la-AMVJ3N2TARGNLGHZOTW7JB2RKI.jpg","width":1200,"height":800},{"@type":"BreadcrumbList","@id":"https:\/\/gysfm.com.ar\/inicio\/en-medio-de-los-rumores-por-su-estado-de-salud-reaparecio-raul-castro-en-un-acto-en-cuba\/#breadcrumb","itemListElement":[{"@type":"ListItem","position":1,"name":"Portada","item":"https:\/\/gysfm.com.ar\/inicio\/"},{"@type":"ListItem","position":2,"name":"En medio de los rumores por su estado de salud, reapareci\u00f3 Ra\u00fal Castro en un acto en Cuba"}]},{"@type":"WebSite","@id":"https:\/\/gysfm.com.ar\/inicio\/#website","url":"https:\/\/gysfm.com.ar\/inicio\/","name":"GYS NOTICIAS |","description":"DIARIO - RADIO ONLINE SAN JUAN ARGENTINA","publisher":{"@id":"https:\/\/gysfm.com.ar\/inicio\/#organization"},"potentialAction":[{"@type":"SearchAction","target":{"@type":"EntryPoint","urlTemplate":"https:\/\/gysfm.com.ar\/inicio\/?s={search_term_string}"},"query-input":{"@type":"PropertyValueSpecification","valueRequired":true,"valueName":"search_term_string"}}],"inLanguage":"es"},{"@type":"Organization","@id":"https:\/\/gysfm.com.ar\/inicio\/#organization","name":"GYS NOTICIAS |","url":"https:\/\/gysfm.com.ar\/inicio\/","logo":{"@type":"ImageObject","inLanguage":"es","@id":"https:\/\/gysfm.com.ar\/inicio\/#\/schema\/logo\/image\/","url":"https:\/\/gysfm.com.ar\/inicio\/wp-content\/uploads\/2023\/07\/LOGOGYS-OK.png","contentUrl":"https:\/\/gysfm.com.ar\/inicio\/wp-content\/uploads\/2023\/07\/LOGOGYS-OK.png","width":1170,"height":872,"caption":"GYS NOTICIAS |"},"image":{"@id":"https:\/\/gysfm.com.ar\/inicio\/#\/schema\/logo\/image\/"}},{"@type":"Person","@id":"https:\/\/gysfm.com.ar\/inicio\/#\/schema\/person\/3abba7593ef2ad19e1be221d54383dc5","name":"Prensa G&amp;S FM","image":{"@type":"ImageObject","inLanguage":"es","@id":"https:\/\/gysfm.com.ar\/inicio\/#\/schema\/person\/image\/","url":"https:\/\/secure.gravatar.com\/avatar\/096ec78df02049ab018702bb4ccedf659377fa92a26540b5247612077a0dbd29?s=96&d=mm&r=g","contentUrl":"https:\/\/secure.gravatar.com\/avatar\/096ec78df02049ab018702bb4ccedf659377fa92a26540b5247612077a0dbd29?s=96&d=mm&r=g","caption":"Prensa G&amp;S FM"},"sameAs":["https:\/\/gysfm.com.ar\/"],"url":"https:\/\/gysfm.com.ar\/inicio\/author\/lucasm\/"}]}},"_links":{"self":[{"href":"https:\/\/gysfm.com.ar\/inicio\/wp-json\/wp\/v2\/posts\/210691","targetHints":{"allow":["GET"]}}],"collection":[{"href":"https:\/\/gysfm.com.ar\/inicio\/wp-json\/wp\/v2\/posts"}],"about":[{"href":"https:\/\/gysfm.com.ar\/inicio\/wp-json\/wp\/v2\/types\/post"}],"author":[{"embeddable":true,"href":"https:\/\/gysfm.com.ar\/inicio\/wp-json\/wp\/v2\/users\/2"}],"replies":[{"embeddable":true,"href":"https:\/\/gysfm.com.ar\/inicio\/wp-json\/wp\/v2\/comments?post=210691"}],"version-history":[{"count":1,"href":"https:\/\/gysfm.com.ar\/inicio\/wp-json\/wp\/v2\/posts\/210691\/revisions"}],"predecessor-version":[{"id":210693,"href":"https:\/\/gysfm.com.ar\/inicio\/wp-json\/wp\/v2\/posts\/210691\/revisions\/210693"}],"wp:featuredmedia":[{"embeddable":true,"href":"https:\/\/gysfm.com.ar\/inicio\/wp-json\/wp\/v2\/media\/210692"}],"wp:attachment":[{"href":"https:\/\/gysfm.com.ar\/inicio\/wp-json\/wp\/v2\/media?parent=210691"}],"wp:term":[{"taxonomy":"category","embeddable":true,"href":"https:\/\/gysfm.com.ar\/inicio\/wp-json\/wp\/v2\/categories?post=210691"},{"taxonomy":"post_tag","embeddable":true,"href":"https:\/\/gysfm.com.ar\/inicio\/wp-json\/wp\/v2\/tags?post=210691"}],"curies":[{"name":"wp","href":"https:\/\/api.w.org\/{rel}","templated":true}]}}