{"id":210690,"date":"2026-09-06T17:19:34","date_gmt":"2026-09-06T20:19:34","guid":{"rendered":"https:\/\/gysfm.com.ar\/inicio\/el-bcra-pone-en-marcha-el-fondeo-de-anses-a-bancos-con-una-primera-licitacion-por-200-000-millones\/"},"modified":"2026-09-06T17:19:34","modified_gmt":"2026-09-06T20:19:34","slug":"el-bcra-pone-en-marcha-el-fondeo-de-anses-a-bancos-con-una-primera-licitacion-por-200-000-millones","status":"publish","type":"post","link":"https:\/\/gysfm.com.ar\/inicio\/el-bcra-pone-en-marcha-el-fondeo-de-anses-a-bancos-con-una-primera-licitacion-por-200-000-millones\/","title":{"rendered":"el BCRA pone en marcha el fondeo de ANSES a bancos con una primera licitaci\u00f3n por $200.000 millones"},"content":{"rendered":"<p> <br \/>\n<\/p>\n<div id=\"\">\n<p id=\"p-1788721048784-3664\" data-start=\"655\" data-end=\"885\">El mecanismo forma parte del paquete de medidas anunciado dos semanas atr\u00e1s por el ministro de Econom\u00eda, <strong data-start=\"760\" data-end=\"775\">Luis Caputo<\/strong>, con el objetivo de ampliar el financiamiento para la compra de viviendas y apuntalar la actividad econ\u00f3mica.<\/p>\n<\/div>\n<div id=\"\">\n<p id=\"p-1788721048784-87813\" data-start=\"887\" data-end=\"1085\"> En esta primera operaci\u00f3n, el FGS licitar\u00e1 <strong data-start=\"930\" data-end=\"1007\">$200.000 millones que ser\u00e1n colocados en bancos mediante plazos fijos UVA<\/strong>. El Banco Central actuar\u00e1 como agente financiero de ANSES en las operaciones.<\/p>\n<\/div>\n<div id=\"\">\n<p id=\"p-1788721048785-54594\" data-start=\"1087\" data-end=\"1277\">El programa completo prev\u00e9 canalizar hacia las entidades financieras <strong data-start=\"1156\" data-end=\"1171\">$2 billones<\/strong>, equivalentes a unos u$s1.300 millones, a trav\u00e9s de <strong data-start=\"1225\" data-end=\"1276\">diez licitaciones de $200.000 millones cada una<\/strong>.<\/p>\n<\/div>\n<div id=\"\">\n<p id=\"p-1788721048785-96920\" data-start=\"1279\" data-end=\"1487\">Los dep\u00f3sitos UVA tendr\u00e1n plazos de <strong data-start=\"1315\" data-end=\"1335\">uno y cinco a\u00f1os<\/strong>, con tasas m\u00ednimas de <strong data-start=\"1358\" data-end=\"1373\">2,5% y 4,5%<\/strong>, respectivamente. El objetivo es que los bancos utilicen esos recursos para financiar nuevas l\u00edneas hipotecarias.<\/p>\n<\/div>\n<div id=\"\">\n<h2 id=\"p-1788721048785-94677\" data-section-id=\"op480y\" data-start=\"1489\" data-end=\"1543\">Cr\u00e9ditos hipotecarios: cu\u00e1les ser\u00e1n las condiciones<\/h2>\n<p id=\"p-1788721048785-77805\" data-start=\"1545\" data-end=\"1730\">El esquema establece una serie de requisitos para las entidades que busquen acceder al fondeo. Cada banco podr\u00e1 adjudicarse como m\u00e1ximo <strong data-start=\"1681\" data-end=\"1729\">el 20% del monto ofrecido en cada licitaci\u00f3n<\/strong>. A su vez, los recursos deber\u00e1n trasladarse a pr\u00e9stamos hipotecarios con una <strong data-start=\"1808\" data-end=\"1837\">tasa m\u00e1xima de UVA + 7,5%<\/strong>. Una vez recibido el fondeo, las entidades tendr\u00e1n un plazo de <strong data-start=\"1901\" data-end=\"1938\">90 d\u00edas para colocar los cr\u00e9ditos<\/strong>.<\/p>\n<p id=\"p-1788721048785-98902\" data-start=\"1941\" data-end=\"2183\">La condici\u00f3n podr\u00eda generar cambios principalmente entre aquellos bancos que actualmente ofrecen l\u00edneas hipotecarias por encima de ese nivel. Para acceder a los recursos del FGS deber\u00e1n adecuar sus tasas al l\u00edmite establecido por el programa.<\/p>\n<p id=\"p-1788721048785-54055\" data-start=\"2185\" data-end=\"2416\">En cambio, las entidades que ya ofrecen cr\u00e9ditos a <strong data-start=\"2236\" data-end=\"2276\">UVA + 7,5% o por debajo de ese nivel<\/strong> no necesariamente tendr\u00e1n incentivos para realizar nuevas reducciones, aunque podr\u00e1n acceder a una fuente de financiamiento de mayor plazo.<\/p>\n<h2 id=\"p-1788721048785-58901\" data-section-id=\"14ix1pf\" data-start=\"2418\" data-end=\"2475\">Las dudas de los bancos antes de la primera licitaci\u00f3n<\/h2>\n<p id=\"p-1788721048785-49392\" data-start=\"2477\" data-end=\"2624\">A horas de la puesta en marcha del mecanismo, entre las entidades financieras todav\u00eda existen interrogantes sobre algunos aspectos de las subastas.<\/p>\n<p id=\"p-1788721048785-10324\" data-start=\"2626\" data-end=\"2834\">Una de las principales dudas es <strong data-start=\"2658\" data-end=\"2833\">si los bancos podr\u00e1n ofrecer tasas superiores a los m\u00ednimos establecidos para los plazos fijos UVA con el objetivo de captar una mayor proporci\u00f3n de los fondos disponibles<\/strong>.<\/p>\n<p id=\"p-1788721048785-18489\" data-start=\"2836\" data-end=\"3109\">Tambi\u00e9n resta conocer qu\u00e9 ocurrir\u00e1 con los clientes que contrataron previamente pr\u00e9stamos hipotecarios a tasas superiores al nuevo m\u00e1ximo de UVA + 7,5% y cu\u00e1les ser\u00e1n los tiempos efectivos para que los recursos obtenidos en las licitaciones se traduzcan en nuevos cr\u00e9ditos.<\/p>\n<p id=\"p-1788721048785-78917\" data-start=\"3111\" data-end=\"3298\">Si el cronograma avanza seg\u00fan lo previsto, las entidades estiman que <strong data-start=\"3180\" data-end=\"3297\">los primeros pr\u00e9stamos financiados bajo el nuevo esquema podr\u00edan comenzar a otorgarse entre noviembre y diciembre<\/strong>.<\/p>\n<div contenteditable=\"false\" class=\"embed_cont type_imagen\" id=\"8257568-Libre-234998518_wrap\">\n<div id=\"8257568-Libre-234998518_content\" class=\"embed_content\"><img src=\"https:\/\/media.ambito.com\/p\/685b3c951c2b5b55c323384807e57573\/adjuntos\/239\/imagenes\/043\/549\/0043549016\/730x0\/615x269:635x289\/creditos-hipotecarios-propiedades.jpg\" decoding=\"async\" fetchpriority=\"low\" loading=\"lazy\" alt=\"Los cr\u00e9ditos estar\u00e1n destinados a m\u00e1s de 10 mil viviendas\" title=\"Los cr\u00e9ditos estar\u00e1n destinados a m\u00e1s de 10 mil viviendas\" width=\"730\" height=\"undefined\" id=\"8257568-Libre-234998518_embed\"\/><\/div>\n<div class=\"embed_wrapper-cont\" id=\"p-1788721255579-45845\">\n<div id=\"8257568-Libre-234998518_epigrafe\" class=\"embed_epigrafe\">\n<p id=\"p-1788721277026-76950\">Los cr\u00e9ditos estar\u00e1n destinados a m\u00e1s de 10 mil viviendas<\/p>\n<\/div>\n<p>Pexels<\/p>\n<\/div><\/div>\n<h2 id=\"p-1788721048785-34682\" data-section-id=\"1vbhaux\" data-start=\"3300\" data-end=\"3349\">El cr\u00e9dito hipotecario busca recuperar impulso<\/h2>\n<p id=\"p-1788721048785-68498\" data-start=\"3351\" data-end=\"3612\">La medida llega en un momento de menor dinamismo del mercado hipotecario. Actualmente, el monto promedio de los pr\u00e9stamos ronda los u$<strong data-start=\"3483\" data-end=\"3536\">75.000, equivalentes a cerca de $100 millones<\/strong>, con plazos promedio de aproximadamente <strong data-start=\"3577\" data-end=\"3588\">23 a\u00f1os<\/strong> y tasas cercanas al 7%.<\/p>\n<p id=\"p-1788721048785-2643\" data-start=\"3614\" data-end=\"3808\">Durante 2025 se otorgaron alrededor de <strong data-start=\"3653\" data-end=\"3685\">44.000 cr\u00e9ditos hipotecarios<\/strong>, mientras que para 2026 se proyectan unos <strong data-start=\"3728\" data-end=\"3748\">30.000 pr\u00e9stamos<\/strong>, lo que implicar\u00eda una ca\u00edda cercana al <strong data-start=\"3789\" data-end=\"3807\">34% interanual<\/strong>.<\/p>\n<p id=\"p-1788721048785-62817\" data-start=\"3810\" data-end=\"4162\">Con el fondeo del FGS, el Gobierno busca ampliar la disponibilidad de recursos de largo plazo para las entidades y sostener la <strong>oferta de financiamiento para vivienda.<\/strong><\/p>\n<\/p><\/div>\n<p><script>\n!function(f,b,e,v,n,t,s)\n{if(f.fbq)return;n=f.fbq=function(){n.callMethod?\nn.callMethod.apply(n,arguments):n.queue.push(arguments)};\nif(!f._fbq)f._fbq=n;n.push=n;n.loaded=!0;n.version='2.0';\nn.queue=[];t=b.createElement(e);t.async=!0;\nt.src=v;s=b.getElementsByTagName(e)[0];\ns.parentNode.insertBefore(t,s)}(window,document,'script',\n'https:\/\/connect.facebook.net\/en_US\/fbevents.js');\nfbq('init', '2047048335588113');\nfbq('track', 'PageView');\n<\/script><br \/>\n<br \/><\/p>\n","protected":false},"excerpt":{"rendered":"<p>El mecanismo forma parte del paquete de medidas anunciado dos semanas atr\u00e1s por el ministro de Econom\u00eda, Luis Caputo, con el objetivo de ampliar el financiamiento para la compra de viviendas y apuntalar la actividad econ\u00f3mica. En esta primera operaci\u00f3n, el FGS licitar\u00e1 $200.000 millones que ser\u00e1n colocados en bancos mediante plazos fijos UVA. El [&hellip;]<\/p>\n","protected":false},"author":1,"featured_media":209523,"comment_status":"closed","ping_status":"closed","sticky":false,"template":"","format":"standard","meta":{"footnotes":""},"categories":[28],"tags":[],"class_list":["post-210690","post","type-post","status-publish","format-standard","has-post-thumbnail","hentry","category-economia"],"yoast_head":"<!-- This site is optimized with the Yoast SEO plugin v24.4 - https:\/\/yoast.com\/wordpress\/plugins\/seo\/ -->\n<title>el BCRA pone en marcha el fondeo de ANSES a bancos con una primera licitaci\u00f3n por $200.000 millones - GYS NOTICIAS |<\/title>\n<meta name=\"robots\" content=\"index, follow, max-snippet:-1, max-image-preview:large, max-video-preview:-1\" \/>\n<link rel=\"canonical\" href=\"https:\/\/gysfm.com.ar\/inicio\/el-bcra-pone-en-marcha-el-fondeo-de-anses-a-bancos-con-una-primera-licitacion-por-200-000-millones\/\" \/>\n<meta property=\"og:locale\" content=\"es_ES\" \/>\n<meta property=\"og:type\" content=\"article\" \/>\n<meta property=\"og:title\" content=\"el BCRA pone en marcha el fondeo de ANSES a bancos con una primera licitaci\u00f3n por $200.000 millones - GYS NOTICIAS |\" \/>\n<meta property=\"og:description\" content=\"El mecanismo forma parte del paquete de medidas anunciado dos semanas atr\u00e1s por el ministro de Econom\u00eda, Luis Caputo, con el objetivo de ampliar el financiamiento para la compra de viviendas y apuntalar la actividad econ\u00f3mica. En esta primera operaci\u00f3n, el FGS licitar\u00e1 $200.000 millones que ser\u00e1n colocados en bancos mediante plazos fijos UVA. El [&hellip;]\" \/>\n<meta property=\"og:url\" content=\"https:\/\/gysfm.com.ar\/inicio\/el-bcra-pone-en-marcha-el-fondeo-de-anses-a-bancos-con-una-primera-licitacion-por-200-000-millones\/\" \/>\n<meta property=\"og:site_name\" content=\"GYS NOTICIAS |\" \/>\n<meta property=\"article:published_time\" content=\"2026-09-06T20:19:34+00:00\" \/>\n<meta property=\"og:image\" content=\"https:\/\/media.ambito.com\/p\/685b3c951c2b5b55c323384807e57573\/adjuntos\/239\/imagenes\/043\/549\/0043549016\/730x0\/615x269:635x289\/creditos-hipotecarios-propiedades.jpg\" \/>\n<meta name=\"author\" content=\"admin\" \/>\n<meta name=\"twitter:card\" content=\"summary_large_image\" \/>\n<meta name=\"twitter:label1\" content=\"Escrito por\" \/>\n\t<meta name=\"twitter:data1\" content=\"admin\" \/>\n\t<meta name=\"twitter:label2\" content=\"Tiempo de lectura\" \/>\n\t<meta name=\"twitter:data2\" content=\"3 minutos\" \/>\n<script type=\"application\/ld+json\" class=\"yoast-schema-graph\">{\"@context\":\"https:\/\/schema.org\",\"@graph\":[{\"@type\":\"Article\",\"@id\":\"https:\/\/gysfm.com.ar\/inicio\/el-bcra-pone-en-marcha-el-fondeo-de-anses-a-bancos-con-una-primera-licitacion-por-200-000-millones\/#article\",\"isPartOf\":{\"@id\":\"https:\/\/gysfm.com.ar\/inicio\/el-bcra-pone-en-marcha-el-fondeo-de-anses-a-bancos-con-una-primera-licitacion-por-200-000-millones\/\"},\"author\":{\"name\":\"admin\",\"@id\":\"https:\/\/gysfm.com.ar\/inicio\/#\/schema\/person\/5bedd7ecd35cc35548d89effafa23696\"},\"headline\":\"el BCRA pone en marcha el fondeo de ANSES a bancos con una primera licitaci\u00f3n por $200.000 millones\",\"datePublished\":\"2026-09-06T20:19:34+00:00\",\"mainEntityOfPage\":{\"@id\":\"https:\/\/gysfm.com.ar\/inicio\/el-bcra-pone-en-marcha-el-fondeo-de-anses-a-bancos-con-una-primera-licitacion-por-200-000-millones\/\"},\"wordCount\":566,\"publisher\":{\"@id\":\"https:\/\/gysfm.com.ar\/inicio\/#organization\"},\"image\":{\"@id\":\"https:\/\/gysfm.com.ar\/inicio\/el-bcra-pone-en-marcha-el-fondeo-de-anses-a-bancos-con-una-primera-licitacion-por-200-000-millones\/#primaryimage\"},\"thumbnailUrl\":\"https:\/\/gysfm.com.ar\/inicio\/wp-content\/uploads\/2026\/08\/creditos-hipotecarios-foto-tasas.png\",\"articleSection\":[\"ECONOMIA\"],\"inLanguage\":\"es\"},{\"@type\":\"WebPage\",\"@id\":\"https:\/\/gysfm.com.ar\/inicio\/el-bcra-pone-en-marcha-el-fondeo-de-anses-a-bancos-con-una-primera-licitacion-por-200-000-millones\/\",\"url\":\"https:\/\/gysfm.com.ar\/inicio\/el-bcra-pone-en-marcha-el-fondeo-de-anses-a-bancos-con-una-primera-licitacion-por-200-000-millones\/\",\"name\":\"el BCRA pone en marcha el fondeo de ANSES a bancos con una primera licitaci\u00f3n por $200.000 millones - GYS NOTICIAS |\",\"isPartOf\":{\"@id\":\"https:\/\/gysfm.com.ar\/inicio\/#website\"},\"primaryImageOfPage\":{\"@id\":\"https:\/\/gysfm.com.ar\/inicio\/el-bcra-pone-en-marcha-el-fondeo-de-anses-a-bancos-con-una-primera-licitacion-por-200-000-millones\/#primaryimage\"},\"image\":{\"@id\":\"https:\/\/gysfm.com.ar\/inicio\/el-bcra-pone-en-marcha-el-fondeo-de-anses-a-bancos-con-una-primera-licitacion-por-200-000-millones\/#primaryimage\"},\"thumbnailUrl\":\"https:\/\/gysfm.com.ar\/inicio\/wp-content\/uploads\/2026\/08\/creditos-hipotecarios-foto-tasas.png\",\"datePublished\":\"2026-09-06T20:19:34+00:00\",\"breadcrumb\":{\"@id\":\"https:\/\/gysfm.com.ar\/inicio\/el-bcra-pone-en-marcha-el-fondeo-de-anses-a-bancos-con-una-primera-licitacion-por-200-000-millones\/#breadcrumb\"},\"inLanguage\":\"es\",\"potentialAction\":[{\"@type\":\"ReadAction\",\"target\":[\"https:\/\/gysfm.com.ar\/inicio\/el-bcra-pone-en-marcha-el-fondeo-de-anses-a-bancos-con-una-primera-licitacion-por-200-000-millones\/\"]}]},{\"@type\":\"ImageObject\",\"inLanguage\":\"es\",\"@id\":\"https:\/\/gysfm.com.ar\/inicio\/el-bcra-pone-en-marcha-el-fondeo-de-anses-a-bancos-con-una-primera-licitacion-por-200-000-millones\/#primaryimage\",\"url\":\"https:\/\/gysfm.com.ar\/inicio\/wp-content\/uploads\/2026\/08\/creditos-hipotecarios-foto-tasas.png\",\"contentUrl\":\"https:\/\/gysfm.com.ar\/inicio\/wp-content\/uploads\/2026\/08\/creditos-hipotecarios-foto-tasas.png\",\"width\":1200,\"height\":675},{\"@type\":\"BreadcrumbList\",\"@id\":\"https:\/\/gysfm.com.ar\/inicio\/el-bcra-pone-en-marcha-el-fondeo-de-anses-a-bancos-con-una-primera-licitacion-por-200-000-millones\/#breadcrumb\",\"itemListElement\":[{\"@type\":\"ListItem\",\"position\":1,\"name\":\"Portada\",\"item\":\"https:\/\/gysfm.com.ar\/inicio\/\"},{\"@type\":\"ListItem\",\"position\":2,\"name\":\"el BCRA pone en marcha el fondeo de ANSES a bancos con una primera licitaci\u00f3n por $200.000 millones\"}]},{\"@type\":\"WebSite\",\"@id\":\"https:\/\/gysfm.com.ar\/inicio\/#website\",\"url\":\"https:\/\/gysfm.com.ar\/inicio\/\",\"name\":\"GYS NOTICIAS |\",\"description\":\"DIARIO - RADIO ONLINE SAN JUAN ARGENTINA\",\"publisher\":{\"@id\":\"https:\/\/gysfm.com.ar\/inicio\/#organization\"},\"potentialAction\":[{\"@type\":\"SearchAction\",\"target\":{\"@type\":\"EntryPoint\",\"urlTemplate\":\"https:\/\/gysfm.com.ar\/inicio\/?s={search_term_string}\"},\"query-input\":{\"@type\":\"PropertyValueSpecification\",\"valueRequired\":true,\"valueName\":\"search_term_string\"}}],\"inLanguage\":\"es\"},{\"@type\":\"Organization\",\"@id\":\"https:\/\/gysfm.com.ar\/inicio\/#organization\",\"name\":\"GYS NOTICIAS |\",\"url\":\"https:\/\/gysfm.com.ar\/inicio\/\",\"logo\":{\"@type\":\"ImageObject\",\"inLanguage\":\"es\",\"@id\":\"https:\/\/gysfm.com.ar\/inicio\/#\/schema\/logo\/image\/\",\"url\":\"https:\/\/gysfm.com.ar\/inicio\/wp-content\/uploads\/2023\/07\/LOGOGYS-OK.png\",\"contentUrl\":\"https:\/\/gysfm.com.ar\/inicio\/wp-content\/uploads\/2023\/07\/LOGOGYS-OK.png\",\"width\":1170,\"height\":872,\"caption\":\"GYS NOTICIAS |\"},\"image\":{\"@id\":\"https:\/\/gysfm.com.ar\/inicio\/#\/schema\/logo\/image\/\"}},{\"@type\":\"Person\",\"@id\":\"https:\/\/gysfm.com.ar\/inicio\/#\/schema\/person\/5bedd7ecd35cc35548d89effafa23696\",\"name\":\"admin\",\"image\":{\"@type\":\"ImageObject\",\"inLanguage\":\"es\",\"@id\":\"https:\/\/gysfm.com.ar\/inicio\/#\/schema\/person\/image\/\",\"url\":\"https:\/\/secure.gravatar.com\/avatar\/c331d312b5243fb64d5ba28108a447b27c925295129a363082c9ea52c28d32c2?s=96&d=mm&r=g\",\"contentUrl\":\"https:\/\/secure.gravatar.com\/avatar\/c331d312b5243fb64d5ba28108a447b27c925295129a363082c9ea52c28d32c2?s=96&d=mm&r=g\",\"caption\":\"admin\"},\"sameAs\":[\"https:\/\/gysfm.com.ar\/inicio\"],\"url\":\"https:\/\/gysfm.com.ar\/inicio\/author\/admin\/\"}]}<\/script>\n<!-- \/ Yoast SEO plugin. -->","yoast_head_json":{"title":"el BCRA pone en marcha el fondeo de ANSES a bancos con una primera licitaci\u00f3n por $200.000 millones - GYS NOTICIAS |","robots":{"index":"index","follow":"follow","max-snippet":"max-snippet:-1","max-image-preview":"max-image-preview:large","max-video-preview":"max-video-preview:-1"},"canonical":"https:\/\/gysfm.com.ar\/inicio\/el-bcra-pone-en-marcha-el-fondeo-de-anses-a-bancos-con-una-primera-licitacion-por-200-000-millones\/","og_locale":"es_ES","og_type":"article","og_title":"el BCRA pone en marcha el fondeo de ANSES a bancos con una primera licitaci\u00f3n por $200.000 millones - GYS NOTICIAS |","og_description":"El mecanismo forma parte del paquete de medidas anunciado dos semanas atr\u00e1s por el ministro de Econom\u00eda, Luis Caputo, con el objetivo de ampliar el financiamiento para la compra de viviendas y apuntalar la actividad econ\u00f3mica. En esta primera operaci\u00f3n, el FGS licitar\u00e1 $200.000 millones que ser\u00e1n colocados en bancos mediante plazos fijos UVA. El [&hellip;]","og_url":"https:\/\/gysfm.com.ar\/inicio\/el-bcra-pone-en-marcha-el-fondeo-de-anses-a-bancos-con-una-primera-licitacion-por-200-000-millones\/","og_site_name":"GYS NOTICIAS |","article_published_time":"2026-09-06T20:19:34+00:00","og_image":[{"url":"https:\/\/media.ambito.com\/p\/685b3c951c2b5b55c323384807e57573\/adjuntos\/239\/imagenes\/043\/549\/0043549016\/730x0\/615x269:635x289\/creditos-hipotecarios-propiedades.jpg","type":"","width":"","height":""}],"author":"admin","twitter_card":"summary_large_image","twitter_misc":{"Escrito por":"admin","Tiempo de lectura":"3 minutos"},"schema":{"@context":"https:\/\/schema.org","@graph":[{"@type":"Article","@id":"https:\/\/gysfm.com.ar\/inicio\/el-bcra-pone-en-marcha-el-fondeo-de-anses-a-bancos-con-una-primera-licitacion-por-200-000-millones\/#article","isPartOf":{"@id":"https:\/\/gysfm.com.ar\/inicio\/el-bcra-pone-en-marcha-el-fondeo-de-anses-a-bancos-con-una-primera-licitacion-por-200-000-millones\/"},"author":{"name":"admin","@id":"https:\/\/gysfm.com.ar\/inicio\/#\/schema\/person\/5bedd7ecd35cc35548d89effafa23696"},"headline":"el BCRA pone en marcha el fondeo de ANSES a bancos con una primera licitaci\u00f3n por $200.000 millones","datePublished":"2026-09-06T20:19:34+00:00","mainEntityOfPage":{"@id":"https:\/\/gysfm.com.ar\/inicio\/el-bcra-pone-en-marcha-el-fondeo-de-anses-a-bancos-con-una-primera-licitacion-por-200-000-millones\/"},"wordCount":566,"publisher":{"@id":"https:\/\/gysfm.com.ar\/inicio\/#organization"},"image":{"@id":"https:\/\/gysfm.com.ar\/inicio\/el-bcra-pone-en-marcha-el-fondeo-de-anses-a-bancos-con-una-primera-licitacion-por-200-000-millones\/#primaryimage"},"thumbnailUrl":"https:\/\/gysfm.com.ar\/inicio\/wp-content\/uploads\/2026\/08\/creditos-hipotecarios-foto-tasas.png","articleSection":["ECONOMIA"],"inLanguage":"es"},{"@type":"WebPage","@id":"https:\/\/gysfm.com.ar\/inicio\/el-bcra-pone-en-marcha-el-fondeo-de-anses-a-bancos-con-una-primera-licitacion-por-200-000-millones\/","url":"https:\/\/gysfm.com.ar\/inicio\/el-bcra-pone-en-marcha-el-fondeo-de-anses-a-bancos-con-una-primera-licitacion-por-200-000-millones\/","name":"el BCRA pone en marcha el fondeo de ANSES a bancos con una primera licitaci\u00f3n por $200.000 millones - GYS NOTICIAS |","isPartOf":{"@id":"https:\/\/gysfm.com.ar\/inicio\/#website"},"primaryImageOfPage":{"@id":"https:\/\/gysfm.com.ar\/inicio\/el-bcra-pone-en-marcha-el-fondeo-de-anses-a-bancos-con-una-primera-licitacion-por-200-000-millones\/#primaryimage"},"image":{"@id":"https:\/\/gysfm.com.ar\/inicio\/el-bcra-pone-en-marcha-el-fondeo-de-anses-a-bancos-con-una-primera-licitacion-por-200-000-millones\/#primaryimage"},"thumbnailUrl":"https:\/\/gysfm.com.ar\/inicio\/wp-content\/uploads\/2026\/08\/creditos-hipotecarios-foto-tasas.png","datePublished":"2026-09-06T20:19:34+00:00","breadcrumb":{"@id":"https:\/\/gysfm.com.ar\/inicio\/el-bcra-pone-en-marcha-el-fondeo-de-anses-a-bancos-con-una-primera-licitacion-por-200-000-millones\/#breadcrumb"},"inLanguage":"es","potentialAction":[{"@type":"ReadAction","target":["https:\/\/gysfm.com.ar\/inicio\/el-bcra-pone-en-marcha-el-fondeo-de-anses-a-bancos-con-una-primera-licitacion-por-200-000-millones\/"]}]},{"@type":"ImageObject","inLanguage":"es","@id":"https:\/\/gysfm.com.ar\/inicio\/el-bcra-pone-en-marcha-el-fondeo-de-anses-a-bancos-con-una-primera-licitacion-por-200-000-millones\/#primaryimage","url":"https:\/\/gysfm.com.ar\/inicio\/wp-content\/uploads\/2026\/08\/creditos-hipotecarios-foto-tasas.png","contentUrl":"https:\/\/gysfm.com.ar\/inicio\/wp-content\/uploads\/2026\/08\/creditos-hipotecarios-foto-tasas.png","width":1200,"height":675},{"@type":"BreadcrumbList","@id":"https:\/\/gysfm.com.ar\/inicio\/el-bcra-pone-en-marcha-el-fondeo-de-anses-a-bancos-con-una-primera-licitacion-por-200-000-millones\/#breadcrumb","itemListElement":[{"@type":"ListItem","position":1,"name":"Portada","item":"https:\/\/gysfm.com.ar\/inicio\/"},{"@type":"ListItem","position":2,"name":"el BCRA pone en marcha el fondeo de ANSES a bancos con una primera licitaci\u00f3n por $200.000 millones"}]},{"@type":"WebSite","@id":"https:\/\/gysfm.com.ar\/inicio\/#website","url":"https:\/\/gysfm.com.ar\/inicio\/","name":"GYS NOTICIAS |","description":"DIARIO - RADIO ONLINE SAN JUAN ARGENTINA","publisher":{"@id":"https:\/\/gysfm.com.ar\/inicio\/#organization"},"potentialAction":[{"@type":"SearchAction","target":{"@type":"EntryPoint","urlTemplate":"https:\/\/gysfm.com.ar\/inicio\/?s={search_term_string}"},"query-input":{"@type":"PropertyValueSpecification","valueRequired":true,"valueName":"search_term_string"}}],"inLanguage":"es"},{"@type":"Organization","@id":"https:\/\/gysfm.com.ar\/inicio\/#organization","name":"GYS NOTICIAS |","url":"https:\/\/gysfm.com.ar\/inicio\/","logo":{"@type":"ImageObject","inLanguage":"es","@id":"https:\/\/gysfm.com.ar\/inicio\/#\/schema\/logo\/image\/","url":"https:\/\/gysfm.com.ar\/inicio\/wp-content\/uploads\/2023\/07\/LOGOGYS-OK.png","contentUrl":"https:\/\/gysfm.com.ar\/inicio\/wp-content\/uploads\/2023\/07\/LOGOGYS-OK.png","width":1170,"height":872,"caption":"GYS NOTICIAS |"},"image":{"@id":"https:\/\/gysfm.com.ar\/inicio\/#\/schema\/logo\/image\/"}},{"@type":"Person","@id":"https:\/\/gysfm.com.ar\/inicio\/#\/schema\/person\/5bedd7ecd35cc35548d89effafa23696","name":"admin","image":{"@type":"ImageObject","inLanguage":"es","@id":"https:\/\/gysfm.com.ar\/inicio\/#\/schema\/person\/image\/","url":"https:\/\/secure.gravatar.com\/avatar\/c331d312b5243fb64d5ba28108a447b27c925295129a363082c9ea52c28d32c2?s=96&d=mm&r=g","contentUrl":"https:\/\/secure.gravatar.com\/avatar\/c331d312b5243fb64d5ba28108a447b27c925295129a363082c9ea52c28d32c2?s=96&d=mm&r=g","caption":"admin"},"sameAs":["https:\/\/gysfm.com.ar\/inicio"],"url":"https:\/\/gysfm.com.ar\/inicio\/author\/admin\/"}]}},"_links":{"self":[{"href":"https:\/\/gysfm.com.ar\/inicio\/wp-json\/wp\/v2\/posts\/210690","targetHints":{"allow":["GET"]}}],"collection":[{"href":"https:\/\/gysfm.com.ar\/inicio\/wp-json\/wp\/v2\/posts"}],"about":[{"href":"https:\/\/gysfm.com.ar\/inicio\/wp-json\/wp\/v2\/types\/post"}],"author":[{"embeddable":true,"href":"https:\/\/gysfm.com.ar\/inicio\/wp-json\/wp\/v2\/users\/1"}],"replies":[{"embeddable":true,"href":"https:\/\/gysfm.com.ar\/inicio\/wp-json\/wp\/v2\/comments?post=210690"}],"version-history":[{"count":0,"href":"https:\/\/gysfm.com.ar\/inicio\/wp-json\/wp\/v2\/posts\/210690\/revisions"}],"wp:featuredmedia":[{"embeddable":true,"href":"https:\/\/gysfm.com.ar\/inicio\/wp-json\/wp\/v2\/media\/209523"}],"wp:attachment":[{"href":"https:\/\/gysfm.com.ar\/inicio\/wp-json\/wp\/v2\/media?parent=210690"}],"wp:term":[{"taxonomy":"category","embeddable":true,"href":"https:\/\/gysfm.com.ar\/inicio\/wp-json\/wp\/v2\/categories?post=210690"},{"taxonomy":"post_tag","embeddable":true,"href":"https:\/\/gysfm.com.ar\/inicio\/wp-json\/wp\/v2\/tags?post=210690"}],"curies":[{"name":"wp","href":"https:\/\/api.w.org\/{rel}","templated":true}]}}