{"id":210687,"date":"2026-09-06T17:00:13","date_gmt":"2026-09-06T20:00:13","guid":{"rendered":"https:\/\/gysfm.com.ar\/inicio\/un-avion-de-carga-de-amazon-se-despisto-en-el-aeropuerto-de-miami-demoras-y-vuelos-suspendidos\/"},"modified":"2026-09-06T17:00:14","modified_gmt":"2026-09-06T20:00:14","slug":"un-avion-de-carga-de-amazon-se-despisto-en-el-aeropuerto-de-miami-demoras-y-vuelos-suspendidos","status":"publish","type":"post","link":"https:\/\/gysfm.com.ar\/inicio\/un-avion-de-carga-de-amazon-se-despisto-en-el-aeropuerto-de-miami-demoras-y-vuelos-suspendidos\/","title":{"rendered":"Un avi\u00f3n de carga de Amazon se despist\u00f3 en el aeropuerto de Miami: demoras y vuelos suspendidos"},"content":{"rendered":"<p> <br \/>\n<\/p>\n<div>\n<p class=\"com-paragraph --capital --s\">Un avi\u00f3n de carga que operaba para <strong>Amazon <\/strong>se despist\u00f3 este domingo durante el aterrizaje en el <strong>Aeropuerto Internacional de Miami<\/strong>, atraves\u00f3 el per\u00edmetro de la terminal e impact\u00f3 contra varios veh\u00edculos. <strong>El incidente dej\u00f3 varios heridos y provoc\u00f3 demoras y la suspensi\u00f3n temporal de las operaciones.<\/strong><\/p>\n<div class=\"content-media cursor-pointer container-center-100\">\n<section class=\"media-container relative ratio-16-9 mod-media pb-32\">\n<figure class=\"mod-video\">\n<div class=\"video-player bg-black ratio-16-9\" data-has-jwplayer=\"true\" data-video-id-jw=\"B404sTuz\" data-config=\"{&quot;title&quot;:&quot;Avion de Amazon video&quot;,&quot;mediaId&quot;:&quot;B404sTuz&quot;,&quot;playerId&quot;:&quot;ih0086X3&quot;,&quot;playlist&quot;:[{&quot;mediaid&quot;:&quot;B404sTuz&quot;,&quot;sources&quot;:[{&quot;file&quot;:&quot;https:\/\/cdn.jwplayer.com\/manifests\/B404sTuz.m3u8&quot;,&quot;type&quot;:&quot;application\/vnd.apple.mpegurl&quot;},{&quot;bitrate&quot;:332567,&quot;file&quot;:&quot;https:\/\/cdn.jwplayer.com\/videos\/B404sTuz-kTExGaWf.mp4&quot;,&quot;filesize&quot;:1122414,&quot;framerate&quot;:30,&quot;height&quot;:320,&quot;label&quot;:&quot;180p&quot;,&quot;type&quot;:&quot;video\/mp4&quot;,&quot;width&quot;:180},{&quot;bitrate&quot;:506714,&quot;file&quot;:&quot;https:\/\/cdn.jwplayer.com\/videos\/B404sTuz-K8B0kybS.mp4&quot;,&quot;filesize&quot;:1710162,&quot;framerate&quot;:30,&quot;height&quot;:480,&quot;label&quot;:&quot;270p&quot;,&quot;type&quot;:&quot;video\/mp4&quot;,&quot;width&quot;:270},{&quot;bitrate&quot;:1113248,&quot;file&quot;:&quot;https:\/\/cdn.jwplayer.com\/videos\/B404sTuz-46NIuRKO.mp4&quot;,&quot;filesize&quot;:3757214,&quot;framerate&quot;:30,&quot;height&quot;:1280,&quot;label&quot;:&quot;720p&quot;,&quot;type&quot;:&quot;video\/mp4&quot;,&quot;width&quot;:720},{&quot;bitrate&quot;:115993,&quot;file&quot;:&quot;https:\/\/cdn.jwplayer.com\/videos\/B404sTuz-hz5z2Tv4.m4a&quot;,&quot;filesize&quot;:391477,&quot;label&quot;:&quot;AAC Audio&quot;,&quot;type&quot;:&quot;audio\/mp4&quot;},{&quot;bitrate&quot;:637316,&quot;file&quot;:&quot;https:\/\/cdn.jwplayer.com\/videos\/B404sTuz-FnZGUVnC.mp4&quot;,&quot;filesize&quot;:2150944,&quot;framerate&quot;:30,&quot;height&quot;:640,&quot;label&quot;:&quot;360p&quot;,&quot;type&quot;:&quot;video\/mp4&quot;,&quot;width&quot;:360},{&quot;bitrate&quot;:1100481,&quot;file&quot;:&quot;https:\/\/cdn.jwplayer.com\/videos\/B404sTuz-0G6Pwvlw.mp4&quot;,&quot;filesize&quot;:3714124,&quot;framerate&quot;:30,&quot;height&quot;:960,&quot;label&quot;:&quot;540p&quot;,&quot;type&quot;:&quot;video\/mp4&quot;,&quot;width&quot;:540}]}],&quot;hasAutoplay&quot;:false,&quot;autostart&quot;:true,&quot;tagsUrl&quot;:&quot;https:\/\/pubads.g.doubleclick.net\/gampad\/ads?slotname=\/133919216\/la_nacion_video\/nota\/preroll&amp;sz=640x480|400x300&amp;ciu_szs=300x250&amp;unviewed_position_start=1&amp;output=vast&amp;impl=s&amp;env=vp&amp;gdfp_req=1&amp;ad_rule=0&amp;vad_type=linear&amp;vpos=preroll&amp;cust_params=tags_nuevos%3Dte_miami%2Cte_accidente_aereo%2Cca_estados_unidos%2Cca_el_mundo%2C%2CW6JLK5UWMRG7LF5CT7LR64EBQY&amp;pod=3&amp;ppos=1&amp;lip=true&amp;min_ad_duration=0&amp;max_ad_duration=30000&amp;vrid=6256&amp;url=https%3A%2F%2Fwww.lanacion.com.ar%2Festados-unidos%2Fun-avion-de-carga-de-amazon-se-despisto-en-el-aeropuerto-de-miami-demoras-y-vuelos-suspendidos-nid06092026%2F%3Fvariant%3DA&amp;description_url=https%3A%2F%2Fwww.lanacion.com.ar%2Festados-unidos%2Fun-avion-de-carga-de-amazon-se-despisto-en-el-aeropuerto-de-miami-demoras-y-vuelos-suspendidos-nid06092026%2F%3Fvariant%3DA&amp;video_doc_id=short_onecue&amp;cmsid=496&amp;kfa=0&amp;tfcd=0&amp;correlator=1788724773057&quot;,&quot;arcSite&quot;:&quot;la-nacion-ar&quot;,&quot;duration&quot;:&quot;27000&quot;}\">\n<div id=\"facade-B404sTuz\" class=\"content-facade-jw relative bg-black ratio-16-9\"><picture><source media=\"(max-width: 767px)\" srcset=\"https:\/\/www.lanacion.com.ar\/resizer\/v2\/https%3A%2F%2Fcdn.jwplayer.com%2Fv2%2Fmedia%2FB404sTuz%2Fposter.jpg%3Fwidth%3D720?auth=99b381b92b085d3ed96374e843c54b2ee9a9d88b00d36a7c4be370260d24375d&amp;width=480&amp;quality=70&amp;smart=false\"\/><\/picture><\/div>\n<\/div><figcaption class=\"border border-1 border-bottom border-light-300 relative px-16 py-8 min-h-36 w-100_md px-0_l mb-8 bg-white\"><span class=\"text ln-text text-16 block\">Avion de Amazon video<\/span><\/figcaption><\/figure>\n<\/section>\n<\/div>\n<p class=\"com-paragraph --s\">Un video difundido por <em>NBC 6<\/em> mostr\u00f3 el enorme avi\u00f3n de carga inclinado sobre una carretera ubicada junto al aeropuerto, mientras una espesa columna de humo negro se elevaba desde el lugar.<\/p>\n<p class=\"com-paragraph --s\">Seg\u00fan la Administraci\u00f3n Federal de Aviaci\u00f3n de Estados Unidos (FAA, por sus siglas en ingl\u00e9s), la aeronave involucrada fue un <strong>Boeing 767-300<\/strong> que se sali\u00f3 de la pista alrededor de las 14 (hora local) durante el aterrizaje en Miami. El avi\u00f3n hab\u00eda partido desde San Juan,<strong> Puerto Rico<\/strong>.<\/p>\n<p class=\"com-paragraph --s\">\u201cEl vuelo<strong> 7598<\/strong> de Air Flight se sali\u00f3 de la pista despu\u00e9s de aterrizar en el Aeropuerto Internacional de Miami alrededor de las 14 (hora local) del domingo 6 de septiembre. La aeronave de carga Boeing 767-300 despeg\u00f3 del Aeropuerto Internacional Luis Mu\u00f1oz Mar\u00edn en San Juan, Puerto Rico.<strong> La FAA investigar\u00e1<\/strong>\u201d, escribi\u00f3 el organismo en X. <\/p>\n<div class=\"content-media\">\n<section role=\"button\" class=\"mod-media   \">\n<figure role=\"button\" tabindex=\"0\" class=\"mod-figure \"><figcaption class=\"mod-figcaption\"><span class=\"com-text --caption --twoxs\">Un avi\u00f3n de carga de Amazon se despist\u00f3 en el aeropuerto de Miami: impact\u00f3 autos y hay heridos<\/span><span class=\"com-text --credit --twoxs\">CHANDAN KHANNA &#8211; AFP<\/span><\/figcaption><\/figure>\n<\/section>\n<\/div>\n<p class=\"com-paragraph --s\">Adem\u00e1s, las autoridades recomendaron a los pasajeros que se comuniquen con sus respectivas aerol\u00edneas para conocer el estado de sus vuelos.<\/p>\n<p class=\"com-paragraph --s\">Alrededor de <strong>60 unidades del Departamento de Bomberos de Miami-Dade<\/strong> fueron desplegadas en la zona. Seg\u00fan inform\u00f3 el organismo, <strong>la aeronave impact\u00f3 contra varios veh\u00edculos<\/strong> despu\u00e9s de salirse de la pista.<\/p>\n<div class=\"content-media\">\n<section role=\"button\" class=\"mod-media   \">\n<figure role=\"button\" tabindex=\"0\" class=\"mod-figure \"><figcaption class=\"mod-figcaption\"><span class=\"com-text --caption --twoxs\">Un avi\u00f3n de carga de Amazon se despist\u00f3 en el aeropuerto de Miami: impact\u00f3 autos y hay heridos<\/span><span class=\"com-text --credit --twoxs\">CHANDAN KHANNA &#8211; AFP<\/span><\/figcaption><\/figure>\n<\/section>\n<\/div>\n<p class=\"com-paragraph --s\">En un comunicado citado por medios locales, la agencia indic\u00f3 que el incidente dej\u00f3 \u201c<strong>varios heridos\u201d<\/strong>, aunque hasta el momento no se precis\u00f3 la cantidad de afectados ni la gravedad de las lesiones; tampoco se difundieron detalles del incidente.<\/p>\n<p class=\"com-paragraph --s\">Seg\u00fan las reconstrucciones preliminares, la aeronave se sali\u00f3 del extremo de la pista 30, atraves\u00f3 la valla perimetral del aeropuerto y cruz\u00f3 la<strong> avenida Northwest 67th<\/strong> antes de incendiarse y detenerse en un campo adyacente, cerca de las instalaciones del almac\u00e9n DMI3 de Amazon. Debido al amplio despliegue de los servicios de emergencia, permanece cerrada la avenida Northwest 67th entre Northwest 25th Street y Northwest 36th Street.<\/p>\n<p class=\"com-paragraph --s\">El secretario de Transporte de Estados Unidos, Sean Duffy, confirm\u00f3 que se dispuso una <strong>\u201csuspensi\u00f3n total\u201d<\/strong> de las operaciones en tierra en el Aeropuerto Internacional de Miami mientras los equipos de emergencia trabajaban en el lugar y evaluaban la escena.<\/p>\n<div class=\"content-media\">\n<section role=\"button\" class=\"mod-media   \">\n<figure role=\"button\" tabindex=\"0\" class=\"mod-figure \"><figcaption class=\"mod-figcaption\"><span class=\"com-text --caption --twoxs\">El posteo del secretario de transporte de Estados Unidos en X<\/span><\/figcaption><\/figure>\n<\/section>\n<\/div>\n<p class=\"com-paragraph --s\">Adem\u00e1s, el funcionario inform\u00f3 que la Administraci\u00f3n Federal de Aviaci\u00f3n (FAA) \u201cenviar\u00e1 inspectores\u201d para determinar las causas del incidente y reconstruir la secuencia de los hechos.<\/p>\n<p class=\"com-paragraph --s\">Noticia en desarrollo<\/p>\n<section class=\"container-center-100 mb-40 border border-bottom border-thin border-neutral-light-700\">\n<hr\/>\n<\/section>\n<\/div>\n<p><script id=\"facebookpixel\" defer=\"\" type=\"text\/javascript\">\n        !function(f,b,e,v,n,t,s)\n        {if(f.fbq)return;n=f.fbq=function(){n.callMethod?\n        n.callMethod.apply(n,arguments):n.queue.push(arguments)};\n        if(!f._fbq)f._fbq=n;n.push=n;n.loaded=!0;n.version='2.0';\n        n.queue=[];t=b.createElement(e);t.async=!0;\n        t.src=v;s=b.getElementsByTagName(e)[0];\n        s.parentNode.insertBefore(t,s)}(window, document,'script',\n        'https:\/\/connect.facebook.net\/en_US\/fbevents.js');\n        fbq('init', '492459597522335');\n        fbq('track', 'PageView');\n    <\/script><br \/>\n<br \/><\/p>\n","protected":false},"excerpt":{"rendered":"<p>Un avi\u00f3n de carga que operaba para Amazon se despist\u00f3 este domingo durante el aterrizaje en el Aeropuerto Internacional de Miami, atraves\u00f3 el per\u00edmetro de la terminal e impact\u00f3 contra varios veh\u00edculos. El incidente dej\u00f3 varios heridos y provoc\u00f3 demoras y la suspensi\u00f3n temporal de las operaciones. Avion de Amazon video Un video difundido por [&hellip;]<\/p>\n","protected":false},"author":2,"featured_media":210688,"comment_status":"closed","ping_status":"closed","sticky":false,"template":"","format":"standard","meta":{"footnotes":""},"categories":[26],"tags":[],"class_list":["post-210687","post","type-post","status-publish","format-standard","has-post-thumbnail","hentry","category-internacionales"],"yoast_head":"<!-- This site is optimized with the Yoast SEO plugin v24.4 - https:\/\/yoast.com\/wordpress\/plugins\/seo\/ -->\n<title>Un avi\u00f3n de carga de Amazon se despist\u00f3 en el aeropuerto de Miami: demoras y vuelos suspendidos - GYS NOTICIAS |<\/title>\n<meta name=\"robots\" content=\"index, follow, max-snippet:-1, max-image-preview:large, max-video-preview:-1\" \/>\n<link rel=\"canonical\" href=\"https:\/\/gysfm.com.ar\/inicio\/un-avion-de-carga-de-amazon-se-despisto-en-el-aeropuerto-de-miami-demoras-y-vuelos-suspendidos\/\" \/>\n<meta property=\"og:locale\" content=\"es_ES\" \/>\n<meta property=\"og:type\" content=\"article\" \/>\n<meta property=\"og:title\" content=\"Un avi\u00f3n de carga de Amazon se despist\u00f3 en el aeropuerto de Miami: demoras y vuelos suspendidos - GYS NOTICIAS |\" \/>\n<meta property=\"og:description\" content=\"Un avi\u00f3n de carga que operaba para Amazon se despist\u00f3 este domingo durante el aterrizaje en el Aeropuerto Internacional de Miami, atraves\u00f3 el per\u00edmetro de la terminal e impact\u00f3 contra varios veh\u00edculos. El incidente dej\u00f3 varios heridos y provoc\u00f3 demoras y la suspensi\u00f3n temporal de las operaciones. Avion de Amazon video Un video difundido por [&hellip;]\" \/>\n<meta property=\"og:url\" content=\"https:\/\/gysfm.com.ar\/inicio\/un-avion-de-carga-de-amazon-se-despisto-en-el-aeropuerto-de-miami-demoras-y-vuelos-suspendidos\/\" \/>\n<meta property=\"og:site_name\" content=\"GYS NOTICIAS |\" \/>\n<meta property=\"article:published_time\" content=\"2026-09-06T20:00:13+00:00\" \/>\n<meta property=\"article:modified_time\" content=\"2026-09-06T20:00:14+00:00\" \/>\n<meta property=\"og:image\" content=\"https:\/\/gysfm.com.ar\/inicio\/wp-content\/uploads\/2026\/09\/un-avion-de-carga-de-amazon-se-despisto-en-las-YNJIDTLRI5F4PKY42BOOSN6XJI.jpg\" \/>\n\t<meta property=\"og:image:width\" content=\"1200\" \/>\n\t<meta property=\"og:image:height\" content=\"800\" \/>\n\t<meta property=\"og:image:type\" content=\"image\/jpeg\" \/>\n<meta name=\"author\" content=\"Prensa G&amp;S FM\" \/>\n<meta name=\"twitter:card\" content=\"summary_large_image\" \/>\n<meta name=\"twitter:label1\" content=\"Escrito por\" \/>\n\t<meta name=\"twitter:data1\" content=\"Prensa G&amp;S FM\" \/>\n\t<meta name=\"twitter:label2\" content=\"Tiempo de lectura\" \/>\n\t<meta name=\"twitter:data2\" content=\"2 minutos\" \/>\n<script type=\"application\/ld+json\" class=\"yoast-schema-graph\">{\"@context\":\"https:\/\/schema.org\",\"@graph\":[{\"@type\":\"Article\",\"@id\":\"https:\/\/gysfm.com.ar\/inicio\/un-avion-de-carga-de-amazon-se-despisto-en-el-aeropuerto-de-miami-demoras-y-vuelos-suspendidos\/#article\",\"isPartOf\":{\"@id\":\"https:\/\/gysfm.com.ar\/inicio\/un-avion-de-carga-de-amazon-se-despisto-en-el-aeropuerto-de-miami-demoras-y-vuelos-suspendidos\/\"},\"author\":{\"name\":\"Prensa G&amp;S FM\",\"@id\":\"https:\/\/gysfm.com.ar\/inicio\/#\/schema\/person\/3abba7593ef2ad19e1be221d54383dc5\"},\"headline\":\"Un avi\u00f3n de carga de Amazon se despist\u00f3 en el aeropuerto de Miami: demoras y vuelos suspendidos\",\"datePublished\":\"2026-09-06T20:00:13+00:00\",\"dateModified\":\"2026-09-06T20:00:14+00:00\",\"mainEntityOfPage\":{\"@id\":\"https:\/\/gysfm.com.ar\/inicio\/un-avion-de-carga-de-amazon-se-despisto-en-el-aeropuerto-de-miami-demoras-y-vuelos-suspendidos\/\"},\"wordCount\":510,\"publisher\":{\"@id\":\"https:\/\/gysfm.com.ar\/inicio\/#organization\"},\"image\":{\"@id\":\"https:\/\/gysfm.com.ar\/inicio\/un-avion-de-carga-de-amazon-se-despisto-en-el-aeropuerto-de-miami-demoras-y-vuelos-suspendidos\/#primaryimage\"},\"thumbnailUrl\":\"https:\/\/gysfm.com.ar\/inicio\/wp-content\/uploads\/2026\/09\/un-avion-de-carga-de-amazon-se-despisto-en-las-YNJIDTLRI5F4PKY42BOOSN6XJI.jpg\",\"articleSection\":[\"INTERNACIONALES\"],\"inLanguage\":\"es\"},{\"@type\":\"WebPage\",\"@id\":\"https:\/\/gysfm.com.ar\/inicio\/un-avion-de-carga-de-amazon-se-despisto-en-el-aeropuerto-de-miami-demoras-y-vuelos-suspendidos\/\",\"url\":\"https:\/\/gysfm.com.ar\/inicio\/un-avion-de-carga-de-amazon-se-despisto-en-el-aeropuerto-de-miami-demoras-y-vuelos-suspendidos\/\",\"name\":\"Un avi\u00f3n de carga de Amazon se despist\u00f3 en el aeropuerto de Miami: demoras y vuelos suspendidos - GYS NOTICIAS |\",\"isPartOf\":{\"@id\":\"https:\/\/gysfm.com.ar\/inicio\/#website\"},\"primaryImageOfPage\":{\"@id\":\"https:\/\/gysfm.com.ar\/inicio\/un-avion-de-carga-de-amazon-se-despisto-en-el-aeropuerto-de-miami-demoras-y-vuelos-suspendidos\/#primaryimage\"},\"image\":{\"@id\":\"https:\/\/gysfm.com.ar\/inicio\/un-avion-de-carga-de-amazon-se-despisto-en-el-aeropuerto-de-miami-demoras-y-vuelos-suspendidos\/#primaryimage\"},\"thumbnailUrl\":\"https:\/\/gysfm.com.ar\/inicio\/wp-content\/uploads\/2026\/09\/un-avion-de-carga-de-amazon-se-despisto-en-las-YNJIDTLRI5F4PKY42BOOSN6XJI.jpg\",\"datePublished\":\"2026-09-06T20:00:13+00:00\",\"dateModified\":\"2026-09-06T20:00:14+00:00\",\"breadcrumb\":{\"@id\":\"https:\/\/gysfm.com.ar\/inicio\/un-avion-de-carga-de-amazon-se-despisto-en-el-aeropuerto-de-miami-demoras-y-vuelos-suspendidos\/#breadcrumb\"},\"inLanguage\":\"es\",\"potentialAction\":[{\"@type\":\"ReadAction\",\"target\":[\"https:\/\/gysfm.com.ar\/inicio\/un-avion-de-carga-de-amazon-se-despisto-en-el-aeropuerto-de-miami-demoras-y-vuelos-suspendidos\/\"]}]},{\"@type\":\"ImageObject\",\"inLanguage\":\"es\",\"@id\":\"https:\/\/gysfm.com.ar\/inicio\/un-avion-de-carga-de-amazon-se-despisto-en-el-aeropuerto-de-miami-demoras-y-vuelos-suspendidos\/#primaryimage\",\"url\":\"https:\/\/gysfm.com.ar\/inicio\/wp-content\/uploads\/2026\/09\/un-avion-de-carga-de-amazon-se-despisto-en-las-YNJIDTLRI5F4PKY42BOOSN6XJI.jpg\",\"contentUrl\":\"https:\/\/gysfm.com.ar\/inicio\/wp-content\/uploads\/2026\/09\/un-avion-de-carga-de-amazon-se-despisto-en-las-YNJIDTLRI5F4PKY42BOOSN6XJI.jpg\",\"width\":1200,\"height\":800},{\"@type\":\"BreadcrumbList\",\"@id\":\"https:\/\/gysfm.com.ar\/inicio\/un-avion-de-carga-de-amazon-se-despisto-en-el-aeropuerto-de-miami-demoras-y-vuelos-suspendidos\/#breadcrumb\",\"itemListElement\":[{\"@type\":\"ListItem\",\"position\":1,\"name\":\"Portada\",\"item\":\"https:\/\/gysfm.com.ar\/inicio\/\"},{\"@type\":\"ListItem\",\"position\":2,\"name\":\"Un avi\u00f3n de carga de Amazon se despist\u00f3 en el aeropuerto de Miami: demoras y vuelos suspendidos\"}]},{\"@type\":\"WebSite\",\"@id\":\"https:\/\/gysfm.com.ar\/inicio\/#website\",\"url\":\"https:\/\/gysfm.com.ar\/inicio\/\",\"name\":\"GYS NOTICIAS |\",\"description\":\"DIARIO - RADIO ONLINE SAN JUAN ARGENTINA\",\"publisher\":{\"@id\":\"https:\/\/gysfm.com.ar\/inicio\/#organization\"},\"potentialAction\":[{\"@type\":\"SearchAction\",\"target\":{\"@type\":\"EntryPoint\",\"urlTemplate\":\"https:\/\/gysfm.com.ar\/inicio\/?s={search_term_string}\"},\"query-input\":{\"@type\":\"PropertyValueSpecification\",\"valueRequired\":true,\"valueName\":\"search_term_string\"}}],\"inLanguage\":\"es\"},{\"@type\":\"Organization\",\"@id\":\"https:\/\/gysfm.com.ar\/inicio\/#organization\",\"name\":\"GYS NOTICIAS |\",\"url\":\"https:\/\/gysfm.com.ar\/inicio\/\",\"logo\":{\"@type\":\"ImageObject\",\"inLanguage\":\"es\",\"@id\":\"https:\/\/gysfm.com.ar\/inicio\/#\/schema\/logo\/image\/\",\"url\":\"https:\/\/gysfm.com.ar\/inicio\/wp-content\/uploads\/2023\/07\/LOGOGYS-OK.png\",\"contentUrl\":\"https:\/\/gysfm.com.ar\/inicio\/wp-content\/uploads\/2023\/07\/LOGOGYS-OK.png\",\"width\":1170,\"height\":872,\"caption\":\"GYS NOTICIAS |\"},\"image\":{\"@id\":\"https:\/\/gysfm.com.ar\/inicio\/#\/schema\/logo\/image\/\"}},{\"@type\":\"Person\",\"@id\":\"https:\/\/gysfm.com.ar\/inicio\/#\/schema\/person\/3abba7593ef2ad19e1be221d54383dc5\",\"name\":\"Prensa G&amp;S FM\",\"image\":{\"@type\":\"ImageObject\",\"inLanguage\":\"es\",\"@id\":\"https:\/\/gysfm.com.ar\/inicio\/#\/schema\/person\/image\/\",\"url\":\"https:\/\/secure.gravatar.com\/avatar\/096ec78df02049ab018702bb4ccedf659377fa92a26540b5247612077a0dbd29?s=96&d=mm&r=g\",\"contentUrl\":\"https:\/\/secure.gravatar.com\/avatar\/096ec78df02049ab018702bb4ccedf659377fa92a26540b5247612077a0dbd29?s=96&d=mm&r=g\",\"caption\":\"Prensa G&amp;S FM\"},\"sameAs\":[\"https:\/\/gysfm.com.ar\/\"],\"url\":\"https:\/\/gysfm.com.ar\/inicio\/author\/lucasm\/\"}]}<\/script>\n<!-- \/ Yoast SEO plugin. -->","yoast_head_json":{"title":"Un avi\u00f3n de carga de Amazon se despist\u00f3 en el aeropuerto de Miami: demoras y vuelos suspendidos - GYS NOTICIAS |","robots":{"index":"index","follow":"follow","max-snippet":"max-snippet:-1","max-image-preview":"max-image-preview:large","max-video-preview":"max-video-preview:-1"},"canonical":"https:\/\/gysfm.com.ar\/inicio\/un-avion-de-carga-de-amazon-se-despisto-en-el-aeropuerto-de-miami-demoras-y-vuelos-suspendidos\/","og_locale":"es_ES","og_type":"article","og_title":"Un avi\u00f3n de carga de Amazon se despist\u00f3 en el aeropuerto de Miami: demoras y vuelos suspendidos - GYS NOTICIAS |","og_description":"Un avi\u00f3n de carga que operaba para Amazon se despist\u00f3 este domingo durante el aterrizaje en el Aeropuerto Internacional de Miami, atraves\u00f3 el per\u00edmetro de la terminal e impact\u00f3 contra varios veh\u00edculos. El incidente dej\u00f3 varios heridos y provoc\u00f3 demoras y la suspensi\u00f3n temporal de las operaciones. Avion de Amazon video Un video difundido por [&hellip;]","og_url":"https:\/\/gysfm.com.ar\/inicio\/un-avion-de-carga-de-amazon-se-despisto-en-el-aeropuerto-de-miami-demoras-y-vuelos-suspendidos\/","og_site_name":"GYS NOTICIAS |","article_published_time":"2026-09-06T20:00:13+00:00","article_modified_time":"2026-09-06T20:00:14+00:00","og_image":[{"width":1200,"height":800,"url":"https:\/\/gysfm.com.ar\/inicio\/wp-content\/uploads\/2026\/09\/un-avion-de-carga-de-amazon-se-despisto-en-las-YNJIDTLRI5F4PKY42BOOSN6XJI.jpg","type":"image\/jpeg"}],"author":"Prensa G&amp;S FM","twitter_card":"summary_large_image","twitter_misc":{"Escrito por":"Prensa G&amp;S FM","Tiempo de lectura":"2 minutos"},"schema":{"@context":"https:\/\/schema.org","@graph":[{"@type":"Article","@id":"https:\/\/gysfm.com.ar\/inicio\/un-avion-de-carga-de-amazon-se-despisto-en-el-aeropuerto-de-miami-demoras-y-vuelos-suspendidos\/#article","isPartOf":{"@id":"https:\/\/gysfm.com.ar\/inicio\/un-avion-de-carga-de-amazon-se-despisto-en-el-aeropuerto-de-miami-demoras-y-vuelos-suspendidos\/"},"author":{"name":"Prensa G&amp;S FM","@id":"https:\/\/gysfm.com.ar\/inicio\/#\/schema\/person\/3abba7593ef2ad19e1be221d54383dc5"},"headline":"Un avi\u00f3n de carga de Amazon se despist\u00f3 en el aeropuerto de Miami: demoras y vuelos suspendidos","datePublished":"2026-09-06T20:00:13+00:00","dateModified":"2026-09-06T20:00:14+00:00","mainEntityOfPage":{"@id":"https:\/\/gysfm.com.ar\/inicio\/un-avion-de-carga-de-amazon-se-despisto-en-el-aeropuerto-de-miami-demoras-y-vuelos-suspendidos\/"},"wordCount":510,"publisher":{"@id":"https:\/\/gysfm.com.ar\/inicio\/#organization"},"image":{"@id":"https:\/\/gysfm.com.ar\/inicio\/un-avion-de-carga-de-amazon-se-despisto-en-el-aeropuerto-de-miami-demoras-y-vuelos-suspendidos\/#primaryimage"},"thumbnailUrl":"https:\/\/gysfm.com.ar\/inicio\/wp-content\/uploads\/2026\/09\/un-avion-de-carga-de-amazon-se-despisto-en-las-YNJIDTLRI5F4PKY42BOOSN6XJI.jpg","articleSection":["INTERNACIONALES"],"inLanguage":"es"},{"@type":"WebPage","@id":"https:\/\/gysfm.com.ar\/inicio\/un-avion-de-carga-de-amazon-se-despisto-en-el-aeropuerto-de-miami-demoras-y-vuelos-suspendidos\/","url":"https:\/\/gysfm.com.ar\/inicio\/un-avion-de-carga-de-amazon-se-despisto-en-el-aeropuerto-de-miami-demoras-y-vuelos-suspendidos\/","name":"Un avi\u00f3n de carga de Amazon se despist\u00f3 en el aeropuerto de Miami: demoras y vuelos suspendidos - GYS NOTICIAS |","isPartOf":{"@id":"https:\/\/gysfm.com.ar\/inicio\/#website"},"primaryImageOfPage":{"@id":"https:\/\/gysfm.com.ar\/inicio\/un-avion-de-carga-de-amazon-se-despisto-en-el-aeropuerto-de-miami-demoras-y-vuelos-suspendidos\/#primaryimage"},"image":{"@id":"https:\/\/gysfm.com.ar\/inicio\/un-avion-de-carga-de-amazon-se-despisto-en-el-aeropuerto-de-miami-demoras-y-vuelos-suspendidos\/#primaryimage"},"thumbnailUrl":"https:\/\/gysfm.com.ar\/inicio\/wp-content\/uploads\/2026\/09\/un-avion-de-carga-de-amazon-se-despisto-en-las-YNJIDTLRI5F4PKY42BOOSN6XJI.jpg","datePublished":"2026-09-06T20:00:13+00:00","dateModified":"2026-09-06T20:00:14+00:00","breadcrumb":{"@id":"https:\/\/gysfm.com.ar\/inicio\/un-avion-de-carga-de-amazon-se-despisto-en-el-aeropuerto-de-miami-demoras-y-vuelos-suspendidos\/#breadcrumb"},"inLanguage":"es","potentialAction":[{"@type":"ReadAction","target":["https:\/\/gysfm.com.ar\/inicio\/un-avion-de-carga-de-amazon-se-despisto-en-el-aeropuerto-de-miami-demoras-y-vuelos-suspendidos\/"]}]},{"@type":"ImageObject","inLanguage":"es","@id":"https:\/\/gysfm.com.ar\/inicio\/un-avion-de-carga-de-amazon-se-despisto-en-el-aeropuerto-de-miami-demoras-y-vuelos-suspendidos\/#primaryimage","url":"https:\/\/gysfm.com.ar\/inicio\/wp-content\/uploads\/2026\/09\/un-avion-de-carga-de-amazon-se-despisto-en-las-YNJIDTLRI5F4PKY42BOOSN6XJI.jpg","contentUrl":"https:\/\/gysfm.com.ar\/inicio\/wp-content\/uploads\/2026\/09\/un-avion-de-carga-de-amazon-se-despisto-en-las-YNJIDTLRI5F4PKY42BOOSN6XJI.jpg","width":1200,"height":800},{"@type":"BreadcrumbList","@id":"https:\/\/gysfm.com.ar\/inicio\/un-avion-de-carga-de-amazon-se-despisto-en-el-aeropuerto-de-miami-demoras-y-vuelos-suspendidos\/#breadcrumb","itemListElement":[{"@type":"ListItem","position":1,"name":"Portada","item":"https:\/\/gysfm.com.ar\/inicio\/"},{"@type":"ListItem","position":2,"name":"Un avi\u00f3n de carga de Amazon se despist\u00f3 en el aeropuerto de Miami: demoras y vuelos suspendidos"}]},{"@type":"WebSite","@id":"https:\/\/gysfm.com.ar\/inicio\/#website","url":"https:\/\/gysfm.com.ar\/inicio\/","name":"GYS NOTICIAS |","description":"DIARIO - RADIO ONLINE SAN JUAN ARGENTINA","publisher":{"@id":"https:\/\/gysfm.com.ar\/inicio\/#organization"},"potentialAction":[{"@type":"SearchAction","target":{"@type":"EntryPoint","urlTemplate":"https:\/\/gysfm.com.ar\/inicio\/?s={search_term_string}"},"query-input":{"@type":"PropertyValueSpecification","valueRequired":true,"valueName":"search_term_string"}}],"inLanguage":"es"},{"@type":"Organization","@id":"https:\/\/gysfm.com.ar\/inicio\/#organization","name":"GYS NOTICIAS |","url":"https:\/\/gysfm.com.ar\/inicio\/","logo":{"@type":"ImageObject","inLanguage":"es","@id":"https:\/\/gysfm.com.ar\/inicio\/#\/schema\/logo\/image\/","url":"https:\/\/gysfm.com.ar\/inicio\/wp-content\/uploads\/2023\/07\/LOGOGYS-OK.png","contentUrl":"https:\/\/gysfm.com.ar\/inicio\/wp-content\/uploads\/2023\/07\/LOGOGYS-OK.png","width":1170,"height":872,"caption":"GYS NOTICIAS |"},"image":{"@id":"https:\/\/gysfm.com.ar\/inicio\/#\/schema\/logo\/image\/"}},{"@type":"Person","@id":"https:\/\/gysfm.com.ar\/inicio\/#\/schema\/person\/3abba7593ef2ad19e1be221d54383dc5","name":"Prensa G&amp;S FM","image":{"@type":"ImageObject","inLanguage":"es","@id":"https:\/\/gysfm.com.ar\/inicio\/#\/schema\/person\/image\/","url":"https:\/\/secure.gravatar.com\/avatar\/096ec78df02049ab018702bb4ccedf659377fa92a26540b5247612077a0dbd29?s=96&d=mm&r=g","contentUrl":"https:\/\/secure.gravatar.com\/avatar\/096ec78df02049ab018702bb4ccedf659377fa92a26540b5247612077a0dbd29?s=96&d=mm&r=g","caption":"Prensa G&amp;S FM"},"sameAs":["https:\/\/gysfm.com.ar\/"],"url":"https:\/\/gysfm.com.ar\/inicio\/author\/lucasm\/"}]}},"_links":{"self":[{"href":"https:\/\/gysfm.com.ar\/inicio\/wp-json\/wp\/v2\/posts\/210687","targetHints":{"allow":["GET"]}}],"collection":[{"href":"https:\/\/gysfm.com.ar\/inicio\/wp-json\/wp\/v2\/posts"}],"about":[{"href":"https:\/\/gysfm.com.ar\/inicio\/wp-json\/wp\/v2\/types\/post"}],"author":[{"embeddable":true,"href":"https:\/\/gysfm.com.ar\/inicio\/wp-json\/wp\/v2\/users\/2"}],"replies":[{"embeddable":true,"href":"https:\/\/gysfm.com.ar\/inicio\/wp-json\/wp\/v2\/comments?post=210687"}],"version-history":[{"count":1,"href":"https:\/\/gysfm.com.ar\/inicio\/wp-json\/wp\/v2\/posts\/210687\/revisions"}],"predecessor-version":[{"id":210689,"href":"https:\/\/gysfm.com.ar\/inicio\/wp-json\/wp\/v2\/posts\/210687\/revisions\/210689"}],"wp:featuredmedia":[{"embeddable":true,"href":"https:\/\/gysfm.com.ar\/inicio\/wp-json\/wp\/v2\/media\/210688"}],"wp:attachment":[{"href":"https:\/\/gysfm.com.ar\/inicio\/wp-json\/wp\/v2\/media?parent=210687"}],"wp:term":[{"taxonomy":"category","embeddable":true,"href":"https:\/\/gysfm.com.ar\/inicio\/wp-json\/wp\/v2\/categories?post=210687"},{"taxonomy":"post_tag","embeddable":true,"href":"https:\/\/gysfm.com.ar\/inicio\/wp-json\/wp\/v2\/tags?post=210687"}],"curies":[{"name":"wp","href":"https:\/\/api.w.org\/{rel}","templated":true}]}}