{"id":210664,"date":"2026-09-06T10:53:07","date_gmt":"2026-09-06T13:53:07","guid":{"rendered":"https:\/\/gysfm.com.ar\/inicio\/un-avion-militar-se-estrello-en-atenas-durante-una-exhibicion-murieron-los-pilotos\/"},"modified":"2026-09-06T10:53:08","modified_gmt":"2026-09-06T13:53:08","slug":"un-avion-militar-se-estrello-en-atenas-durante-una-exhibicion-murieron-los-pilotos","status":"publish","type":"post","link":"https:\/\/gysfm.com.ar\/inicio\/un-avion-militar-se-estrello-en-atenas-durante-una-exhibicion-murieron-los-pilotos\/","title":{"rendered":"Un avi\u00f3n militar se estrell\u00f3 en Atenas durante una exhibici\u00f3n: murieron los pilotos"},"content":{"rendered":"<p> <br \/>\n<\/p>\n<div>\n<p class=\"com-paragraph --capital --s\">ATENAS.- Dos pilotos de la Fuerza A\u00e9rea Griega murieron este s\u00e1bado luego de que <strong>un avi\u00f3n de combate se estrellara <\/strong>durante una <strong>exhibici\u00f3n a\u00e9rea <\/strong>en la Semana Aeron\u00e1utica de Atenas. No hubo heridos entre los asistentes.<\/p>\n<p class=\"com-paragraph --s\">El avi\u00f3n acababa de despegar cuando perdi\u00f3 altitud repentinamente y se estrell\u00f3, constat\u00f3 un periodista de la cadena de televisi\u00f3n p\u00fablica ERT, presente en el lugar. Seg\u00fan trascendi\u00f3 hasta el momento, el accidente ocurri\u00f3 durante una maniobra a baja altitud.<\/p>\n<p class=\"com-paragraph --s\">Inmediatamente despu\u00e9s del accidente,<strong> se produjo una explosi\u00f3n ante los miles de personas <\/strong>que hab\u00edan acudido a ver la exhibici\u00f3n \u201cAthens Flying Week y provoc\u00f3 un incendio que envi\u00f3 columnas de humo negro al aire. <\/p>\n<p class=\"com-paragraph --s\">\u201cEl sentimiento de dolor es generalizado, y nuestros pensamientos est\u00e1n con las familias de los dos pilotos que perdimos\u201d, dijo el primer ministro<strong> Kyriakos Mitsotakis.<\/strong> \u201cEs un recordatorio del peligro diario que enfrentan los aviadores de Grecia, que permanecen en constante alerta para proteger los cielos\u201d.<\/p>\n<div class=\"content-media\">\n<section role=\"button\" class=\"mod-media   \">\n<figure role=\"button\" tabindex=\"0\" class=\"mod-figure \"><figcaption class=\"mod-figcaption\"><span class=\"com-text --caption --twoxs\">Un avi\u00f3n de combate F-4 Phantom se estrell\u00f3 durante una exhibici\u00f3n a\u00e9rea en la Semana Aeron\u00e1utica de Atenas<\/span><span class=\"com-text --credit --twoxs\">Xinhua\/Marios Lolos &#8211; XinHua<\/span><\/figcaption><\/figure>\n<\/section>\n<\/div>\n<p class=\"com-paragraph --s\">Funcionarios de la Fuerza A\u00e9rea dijeron que los cuerpos de los <strong>dos pilotos fueron localizados<\/strong> sin vida durante una operaci\u00f3n de rescate, obstaculizada en las primeras etapas por el incendio en los terrenos de la base a\u00e9rea de Tanagra, a 60 kil\u00f3metros al norte de Atenas.<\/p>\n<div class=\"content-media cursor-pointer container-center-100\">\n<section class=\"media-container relative ratio-16-9 mod-media pb-32\">\n<figure class=\"mod-video\">\n<div class=\"video-player bg-black ratio-16-9\" data-has-jwplayer=\"true\" data-video-id-jw=\"8nZSiQKc\" data-config=\"{&quot;title&quot;:&quot;Un avi\u00f3n militar se estrell\u00f3 en Atenas &quot;,&quot;mediaId&quot;:&quot;8nZSiQKc&quot;,&quot;playerId&quot;:&quot;ih0086X3&quot;,&quot;playlist&quot;:[{&quot;mediaid&quot;:&quot;8nZSiQKc&quot;,&quot;sources&quot;:[{&quot;file&quot;:&quot;https:\/\/cdn.jwplayer.com\/manifests\/8nZSiQKc.m3u8&quot;,&quot;type&quot;:&quot;application\/vnd.apple.mpegurl&quot;},{&quot;bitrate&quot;:543566,&quot;file&quot;:&quot;https:\/\/cdn.jwplayer.com\/videos\/8nZSiQKc-kTExGaWf.mp4&quot;,&quot;filesize&quot;:407675,&quot;framerate&quot;:30,&quot;height&quot;:320,&quot;label&quot;:&quot;180p&quot;,&quot;type&quot;:&quot;video\/mp4&quot;,&quot;width&quot;:180},{&quot;bitrate&quot;:794925,&quot;file&quot;:&quot;https:\/\/cdn.jwplayer.com\/videos\/8nZSiQKc-K8B0kybS.mp4&quot;,&quot;filesize&quot;:596194,&quot;framerate&quot;:30,&quot;height&quot;:480,&quot;label&quot;:&quot;270p&quot;,&quot;type&quot;:&quot;video\/mp4&quot;,&quot;width&quot;:270},{&quot;bitrate&quot;:133548,&quot;file&quot;:&quot;https:\/\/cdn.jwplayer.com\/videos\/8nZSiQKc-hz5z2Tv4.m4a&quot;,&quot;filesize&quot;:100161,&quot;label&quot;:&quot;AAC Audio&quot;,&quot;type&quot;:&quot;audio\/mp4&quot;}]}],&quot;hasAutoplay&quot;:false,&quot;autostart&quot;:true,&quot;tagsUrl&quot;:&quot;https:\/\/pubads.g.doubleclick.net\/gampad\/ads?slotname=\/133919216\/la_nacion_video\/nota\/preroll&amp;sz=640x480|400x300&amp;ciu_szs=300x250&amp;unviewed_position_start=1&amp;output=vast&amp;impl=s&amp;env=vp&amp;gdfp_req=1&amp;ad_rule=0&amp;vad_type=linear&amp;vpos=preroll&amp;cust_params=tags_nuevos%3Dca_el_mundo%2C%2CRTRXCQJSVZCVTGTPEDL2QSURUU&amp;pod=3&amp;ppos=1&amp;lip=true&amp;min_ad_duration=0&amp;max_ad_duration=30000&amp;vrid=6256&amp;url=https%3A%2F%2Fwww.lanacion.com.ar%2Fel-mundo%2Fun-avion-militar-se-estrello-en-atenas-durante-una-exhibicion-murieron-los-pilotos-nid05092026%2F%3Fvariant%3DA&amp;description_url=https%3A%2F%2Fwww.lanacion.com.ar%2Fel-mundo%2Fun-avion-militar-se-estrello-en-atenas-durante-una-exhibicion-murieron-los-pilotos-nid05092026%2F%3Fvariant%3DA&amp;video_doc_id=short_onecue&amp;cmsid=496&amp;kfa=0&amp;tfcd=0&amp;correlator=1788702786952&quot;,&quot;arcSite&quot;:&quot;la-nacion-ar&quot;,&quot;duration&quot;:&quot;6000&quot;}\">\n<div id=\"facade-8nZSiQKc\" class=\"content-facade-jw relative bg-black ratio-16-9\"><picture><source media=\"(max-width: 767px)\" srcset=\"https:\/\/www.lanacion.com.ar\/resizer\/v2\/https%3A%2F%2Fcdn.jwplayer.com%2Fv2%2Fmedia%2F8nZSiQKc%2Fposter.jpg%3Fwidth%3D720?auth=44f4f1db3575dbc0665ea5db647d9c0a5aa51ad0aaa56f19e439291c2365522d&amp;width=480&amp;quality=70&amp;smart=false\"\/><\/picture><\/div>\n<\/div><figcaption class=\"border border-1 border-bottom border-light-300 relative px-16 py-8 min-h-36 w-100_md px-0_l mb-8 bg-white\"><span class=\"text ln-text text-16 block\">Un avi\u00f3n militar se estrell\u00f3 en Atenas <\/span><\/figcaption><\/figure>\n<\/section>\n<\/div>\n<p class=\"com-paragraph --s\">M\u00e1s de diez aviones y helic\u00f3pteros de descarga de agua ayudaron a 85 bomberos a contener el incendio, que se mantuvo a cierta distancia del \u00e1rea de observaci\u00f3n en Athens Flying Week, un espect\u00e1culo a\u00e9reo anual.<\/p>\n<p class=\"com-paragraph --s\">El ministro de Defensa Nacional de Grecia, Nikos Dendias, confirm\u00f3 la muerte de ambos pilotos y orden\u00f3 <strong>un per\u00edodo de tres d\u00edas de luto, <\/strong>desde hoy s\u00e1bado hasta el lunes, para las Fuerzas Armadas.<\/p>\n<div class=\"content-media\">\n<section role=\"button\" class=\"mod-media   \">\n<figure role=\"button\" tabindex=\"0\" class=\"mod-figure \"><figcaption class=\"mod-figcaption\"><span class=\"com-text --caption --twoxs\">Murieron los pilotos del Phantom que se estrell\u00f3 en Atenas; no se registraron heridos entre los espectadores<\/span><span class=\"com-text --credit --twoxs\">Xinhua\/Marios Lolos &#8211; XinHua<\/span><\/figcaption><\/figure>\n<\/section>\n<\/div>\n<p class=\"com-paragraph --s\">De acuerdo con fuentes militares, cada uno de ellos contaba con miles de horas de experiencia de vuelo.<\/p>\n<p class=\"com-paragraph --s\">Im\u00e1genes de video del accidente mostraron una columna de humo elev\u00e1ndose desde el punto del impacto seguida de una segunda explosi\u00f3n, m\u00e1s grande, que ocurri\u00f3 cerca mientras el avi\u00f3n se desintegraba.<\/p>\n<div class=\"content-media\">\n<section role=\"button\" class=\"mod-media   \">\n<figure role=\"button\" tabindex=\"0\" class=\"mod-figure \"><figcaption class=\"mod-figcaption\"><span class=\"com-text --caption --twoxs\">Un avi\u00f3n F-4 Phantom se estrell\u00f3 durante una exhibici\u00f3n a\u00e9rea en Atenas<\/span><span class=\"com-text --credit --twoxs\">Xinhua\/Marios Lolos &#8211; XinHua<\/span><\/figcaption><\/figure>\n<\/section>\n<\/div>\n<p class=\"com-paragraph --s\">El ministro de Defensa de Chipre, Vasilis Palmas, dijo que hab\u00eda llamado a su hom\u00f3logo griego, Nikos Dendias, para expresar las condolencias de su gobierno.<\/p>\n<p class=\"com-paragraph --s\">\u201cCon profunda tristeza me enter\u00e9 de la muerte de los dos oficiales de la Fuerza A\u00e9rea Hel\u00e9nica, que perdieron la vida en el tr\u00e1gico accidente que ocurri\u00f3 durante el espect\u00e1culo a\u00e9reo en la base a\u00e9rea de Tanagra\u201d, escribi\u00f3 Palmas en una publicaci\u00f3n en su cuenta de X. <\/p>\n<p class=\"com-paragraph --s\">Los organizadores del evento cancelaron el resto de la programaci\u00f3n prevista para el fin de semana.<\/p>\n<p class=\"com-paragraph --s\"><em><strong>Con informaci\u00f3n de la Agencia AFP y AP<\/strong><\/em><\/p>\n<section class=\"container-center-100 mb-40 border border-bottom border-thin border-neutral-light-700\">\n<hr\/>\n<\/section>\n<\/div>\n<p><script id=\"facebookpixel\" defer=\"\" type=\"text\/javascript\">\n        !function(f,b,e,v,n,t,s)\n        {if(f.fbq)return;n=f.fbq=function(){n.callMethod?\n        n.callMethod.apply(n,arguments):n.queue.push(arguments)};\n        if(!f._fbq)f._fbq=n;n.push=n;n.loaded=!0;n.version='2.0';\n        n.queue=[];t=b.createElement(e);t.async=!0;\n        t.src=v;s=b.getElementsByTagName(e)[0];\n        s.parentNode.insertBefore(t,s)}(window, document,'script',\n        'https:\/\/connect.facebook.net\/en_US\/fbevents.js');\n        fbq('init', '492459597522335');\n        fbq('track', 'PageView');\n    <\/script><br \/>\n<br \/><\/p>\n","protected":false},"excerpt":{"rendered":"<p>ATENAS.- Dos pilotos de la Fuerza A\u00e9rea Griega murieron este s\u00e1bado luego de que un avi\u00f3n de combate se estrellara durante una exhibici\u00f3n a\u00e9rea en la Semana Aeron\u00e1utica de Atenas. No hubo heridos entre los asistentes. El avi\u00f3n acababa de despegar cuando perdi\u00f3 altitud repentinamente y se estrell\u00f3, constat\u00f3 un periodista de la cadena de [&hellip;]<\/p>\n","protected":false},"author":2,"featured_media":210665,"comment_status":"closed","ping_status":"closed","sticky":false,"template":"","format":"standard","meta":{"footnotes":""},"categories":[26],"tags":[],"class_list":["post-210664","post","type-post","status-publish","format-standard","has-post-thumbnail","hentry","category-internacionales"],"yoast_head":"<!-- This site is optimized with the Yoast SEO plugin v24.4 - https:\/\/yoast.com\/wordpress\/plugins\/seo\/ -->\n<title>Un avi\u00f3n militar se estrell\u00f3 en Atenas durante una exhibici\u00f3n: murieron los pilotos - GYS NOTICIAS |<\/title>\n<meta name=\"robots\" content=\"index, follow, max-snippet:-1, max-image-preview:large, max-video-preview:-1\" \/>\n<link rel=\"canonical\" href=\"https:\/\/gysfm.com.ar\/inicio\/un-avion-militar-se-estrello-en-atenas-durante-una-exhibicion-murieron-los-pilotos\/\" \/>\n<meta property=\"og:locale\" content=\"es_ES\" \/>\n<meta property=\"og:type\" content=\"article\" \/>\n<meta property=\"og:title\" content=\"Un avi\u00f3n militar se estrell\u00f3 en Atenas durante una exhibici\u00f3n: murieron los pilotos - GYS NOTICIAS |\" \/>\n<meta property=\"og:description\" content=\"ATENAS.- Dos pilotos de la Fuerza A\u00e9rea Griega murieron este s\u00e1bado luego de que un avi\u00f3n de combate se estrellara durante una exhibici\u00f3n a\u00e9rea en la Semana Aeron\u00e1utica de Atenas. No hubo heridos entre los asistentes. El avi\u00f3n acababa de despegar cuando perdi\u00f3 altitud repentinamente y se estrell\u00f3, constat\u00f3 un periodista de la cadena de [&hellip;]\" \/>\n<meta property=\"og:url\" content=\"https:\/\/gysfm.com.ar\/inicio\/un-avion-militar-se-estrello-en-atenas-durante-una-exhibicion-murieron-los-pilotos\/\" \/>\n<meta property=\"og:site_name\" content=\"GYS NOTICIAS |\" \/>\n<meta property=\"article:published_time\" content=\"2026-09-06T13:53:07+00:00\" \/>\n<meta property=\"article:modified_time\" content=\"2026-09-06T13:53:08+00:00\" \/>\n<meta property=\"og:image\" content=\"https:\/\/gysfm.com.ar\/inicio\/wp-content\/uploads\/2026\/09\/la-aeronave-perdio-altitud-bruscamente-y-se-5HYIUOB4AZC3VA4KQYIT3AKGIA.JPG\" \/>\n\t<meta property=\"og:image:width\" content=\"1200\" \/>\n\t<meta property=\"og:image:height\" content=\"800\" \/>\n\t<meta property=\"og:image:type\" content=\"image\/jpeg\" \/>\n<meta name=\"author\" content=\"Prensa G&amp;S FM\" \/>\n<meta name=\"twitter:card\" content=\"summary_large_image\" \/>\n<meta name=\"twitter:label1\" content=\"Escrito por\" \/>\n\t<meta name=\"twitter:data1\" content=\"Prensa G&amp;S FM\" \/>\n\t<meta name=\"twitter:label2\" content=\"Tiempo de lectura\" \/>\n\t<meta name=\"twitter:data2\" content=\"3 minutos\" \/>\n<script type=\"application\/ld+json\" class=\"yoast-schema-graph\">{\"@context\":\"https:\/\/schema.org\",\"@graph\":[{\"@type\":\"Article\",\"@id\":\"https:\/\/gysfm.com.ar\/inicio\/un-avion-militar-se-estrello-en-atenas-durante-una-exhibicion-murieron-los-pilotos\/#article\",\"isPartOf\":{\"@id\":\"https:\/\/gysfm.com.ar\/inicio\/un-avion-militar-se-estrello-en-atenas-durante-una-exhibicion-murieron-los-pilotos\/\"},\"author\":{\"name\":\"Prensa G&amp;S FM\",\"@id\":\"https:\/\/gysfm.com.ar\/inicio\/#\/schema\/person\/3abba7593ef2ad19e1be221d54383dc5\"},\"headline\":\"Un avi\u00f3n militar se estrell\u00f3 en Atenas durante una exhibici\u00f3n: murieron los pilotos\",\"datePublished\":\"2026-09-06T13:53:07+00:00\",\"dateModified\":\"2026-09-06T13:53:08+00:00\",\"mainEntityOfPage\":{\"@id\":\"https:\/\/gysfm.com.ar\/inicio\/un-avion-militar-se-estrello-en-atenas-durante-una-exhibicion-murieron-los-pilotos\/\"},\"wordCount\":554,\"publisher\":{\"@id\":\"https:\/\/gysfm.com.ar\/inicio\/#organization\"},\"image\":{\"@id\":\"https:\/\/gysfm.com.ar\/inicio\/un-avion-militar-se-estrello-en-atenas-durante-una-exhibicion-murieron-los-pilotos\/#primaryimage\"},\"thumbnailUrl\":\"https:\/\/gysfm.com.ar\/inicio\/wp-content\/uploads\/2026\/09\/la-aeronave-perdio-altitud-bruscamente-y-se-5HYIUOB4AZC3VA4KQYIT3AKGIA.JPG\",\"articleSection\":[\"INTERNACIONALES\"],\"inLanguage\":\"es\"},{\"@type\":\"WebPage\",\"@id\":\"https:\/\/gysfm.com.ar\/inicio\/un-avion-militar-se-estrello-en-atenas-durante-una-exhibicion-murieron-los-pilotos\/\",\"url\":\"https:\/\/gysfm.com.ar\/inicio\/un-avion-militar-se-estrello-en-atenas-durante-una-exhibicion-murieron-los-pilotos\/\",\"name\":\"Un avi\u00f3n militar se estrell\u00f3 en Atenas durante una exhibici\u00f3n: murieron los pilotos - GYS NOTICIAS |\",\"isPartOf\":{\"@id\":\"https:\/\/gysfm.com.ar\/inicio\/#website\"},\"primaryImageOfPage\":{\"@id\":\"https:\/\/gysfm.com.ar\/inicio\/un-avion-militar-se-estrello-en-atenas-durante-una-exhibicion-murieron-los-pilotos\/#primaryimage\"},\"image\":{\"@id\":\"https:\/\/gysfm.com.ar\/inicio\/un-avion-militar-se-estrello-en-atenas-durante-una-exhibicion-murieron-los-pilotos\/#primaryimage\"},\"thumbnailUrl\":\"https:\/\/gysfm.com.ar\/inicio\/wp-content\/uploads\/2026\/09\/la-aeronave-perdio-altitud-bruscamente-y-se-5HYIUOB4AZC3VA4KQYIT3AKGIA.JPG\",\"datePublished\":\"2026-09-06T13:53:07+00:00\",\"dateModified\":\"2026-09-06T13:53:08+00:00\",\"breadcrumb\":{\"@id\":\"https:\/\/gysfm.com.ar\/inicio\/un-avion-militar-se-estrello-en-atenas-durante-una-exhibicion-murieron-los-pilotos\/#breadcrumb\"},\"inLanguage\":\"es\",\"potentialAction\":[{\"@type\":\"ReadAction\",\"target\":[\"https:\/\/gysfm.com.ar\/inicio\/un-avion-militar-se-estrello-en-atenas-durante-una-exhibicion-murieron-los-pilotos\/\"]}]},{\"@type\":\"ImageObject\",\"inLanguage\":\"es\",\"@id\":\"https:\/\/gysfm.com.ar\/inicio\/un-avion-militar-se-estrello-en-atenas-durante-una-exhibicion-murieron-los-pilotos\/#primaryimage\",\"url\":\"https:\/\/gysfm.com.ar\/inicio\/wp-content\/uploads\/2026\/09\/la-aeronave-perdio-altitud-bruscamente-y-se-5HYIUOB4AZC3VA4KQYIT3AKGIA.JPG\",\"contentUrl\":\"https:\/\/gysfm.com.ar\/inicio\/wp-content\/uploads\/2026\/09\/la-aeronave-perdio-altitud-bruscamente-y-se-5HYIUOB4AZC3VA4KQYIT3AKGIA.JPG\",\"width\":1200,\"height\":800},{\"@type\":\"BreadcrumbList\",\"@id\":\"https:\/\/gysfm.com.ar\/inicio\/un-avion-militar-se-estrello-en-atenas-durante-una-exhibicion-murieron-los-pilotos\/#breadcrumb\",\"itemListElement\":[{\"@type\":\"ListItem\",\"position\":1,\"name\":\"Portada\",\"item\":\"https:\/\/gysfm.com.ar\/inicio\/\"},{\"@type\":\"ListItem\",\"position\":2,\"name\":\"Un avi\u00f3n militar se estrell\u00f3 en Atenas durante una exhibici\u00f3n: murieron los pilotos\"}]},{\"@type\":\"WebSite\",\"@id\":\"https:\/\/gysfm.com.ar\/inicio\/#website\",\"url\":\"https:\/\/gysfm.com.ar\/inicio\/\",\"name\":\"GYS NOTICIAS |\",\"description\":\"DIARIO - RADIO ONLINE SAN JUAN ARGENTINA\",\"publisher\":{\"@id\":\"https:\/\/gysfm.com.ar\/inicio\/#organization\"},\"potentialAction\":[{\"@type\":\"SearchAction\",\"target\":{\"@type\":\"EntryPoint\",\"urlTemplate\":\"https:\/\/gysfm.com.ar\/inicio\/?s={search_term_string}\"},\"query-input\":{\"@type\":\"PropertyValueSpecification\",\"valueRequired\":true,\"valueName\":\"search_term_string\"}}],\"inLanguage\":\"es\"},{\"@type\":\"Organization\",\"@id\":\"https:\/\/gysfm.com.ar\/inicio\/#organization\",\"name\":\"GYS NOTICIAS |\",\"url\":\"https:\/\/gysfm.com.ar\/inicio\/\",\"logo\":{\"@type\":\"ImageObject\",\"inLanguage\":\"es\",\"@id\":\"https:\/\/gysfm.com.ar\/inicio\/#\/schema\/logo\/image\/\",\"url\":\"https:\/\/gysfm.com.ar\/inicio\/wp-content\/uploads\/2023\/07\/LOGOGYS-OK.png\",\"contentUrl\":\"https:\/\/gysfm.com.ar\/inicio\/wp-content\/uploads\/2023\/07\/LOGOGYS-OK.png\",\"width\":1170,\"height\":872,\"caption\":\"GYS NOTICIAS |\"},\"image\":{\"@id\":\"https:\/\/gysfm.com.ar\/inicio\/#\/schema\/logo\/image\/\"}},{\"@type\":\"Person\",\"@id\":\"https:\/\/gysfm.com.ar\/inicio\/#\/schema\/person\/3abba7593ef2ad19e1be221d54383dc5\",\"name\":\"Prensa G&amp;S FM\",\"image\":{\"@type\":\"ImageObject\",\"inLanguage\":\"es\",\"@id\":\"https:\/\/gysfm.com.ar\/inicio\/#\/schema\/person\/image\/\",\"url\":\"https:\/\/secure.gravatar.com\/avatar\/096ec78df02049ab018702bb4ccedf659377fa92a26540b5247612077a0dbd29?s=96&d=mm&r=g\",\"contentUrl\":\"https:\/\/secure.gravatar.com\/avatar\/096ec78df02049ab018702bb4ccedf659377fa92a26540b5247612077a0dbd29?s=96&d=mm&r=g\",\"caption\":\"Prensa G&amp;S FM\"},\"sameAs\":[\"https:\/\/gysfm.com.ar\/\"],\"url\":\"https:\/\/gysfm.com.ar\/inicio\/author\/lucasm\/\"}]}<\/script>\n<!-- \/ Yoast SEO plugin. -->","yoast_head_json":{"title":"Un avi\u00f3n militar se estrell\u00f3 en Atenas durante una exhibici\u00f3n: murieron los pilotos - GYS NOTICIAS |","robots":{"index":"index","follow":"follow","max-snippet":"max-snippet:-1","max-image-preview":"max-image-preview:large","max-video-preview":"max-video-preview:-1"},"canonical":"https:\/\/gysfm.com.ar\/inicio\/un-avion-militar-se-estrello-en-atenas-durante-una-exhibicion-murieron-los-pilotos\/","og_locale":"es_ES","og_type":"article","og_title":"Un avi\u00f3n militar se estrell\u00f3 en Atenas durante una exhibici\u00f3n: murieron los pilotos - GYS NOTICIAS |","og_description":"ATENAS.- Dos pilotos de la Fuerza A\u00e9rea Griega murieron este s\u00e1bado luego de que un avi\u00f3n de combate se estrellara durante una exhibici\u00f3n a\u00e9rea en la Semana Aeron\u00e1utica de Atenas. No hubo heridos entre los asistentes. El avi\u00f3n acababa de despegar cuando perdi\u00f3 altitud repentinamente y se estrell\u00f3, constat\u00f3 un periodista de la cadena de [&hellip;]","og_url":"https:\/\/gysfm.com.ar\/inicio\/un-avion-militar-se-estrello-en-atenas-durante-una-exhibicion-murieron-los-pilotos\/","og_site_name":"GYS NOTICIAS |","article_published_time":"2026-09-06T13:53:07+00:00","article_modified_time":"2026-09-06T13:53:08+00:00","og_image":[{"width":1200,"height":800,"url":"https:\/\/gysfm.com.ar\/inicio\/wp-content\/uploads\/2026\/09\/la-aeronave-perdio-altitud-bruscamente-y-se-5HYIUOB4AZC3VA4KQYIT3AKGIA.JPG","type":"image\/jpeg"}],"author":"Prensa G&amp;S FM","twitter_card":"summary_large_image","twitter_misc":{"Escrito por":"Prensa G&amp;S FM","Tiempo de lectura":"3 minutos"},"schema":{"@context":"https:\/\/schema.org","@graph":[{"@type":"Article","@id":"https:\/\/gysfm.com.ar\/inicio\/un-avion-militar-se-estrello-en-atenas-durante-una-exhibicion-murieron-los-pilotos\/#article","isPartOf":{"@id":"https:\/\/gysfm.com.ar\/inicio\/un-avion-militar-se-estrello-en-atenas-durante-una-exhibicion-murieron-los-pilotos\/"},"author":{"name":"Prensa G&amp;S FM","@id":"https:\/\/gysfm.com.ar\/inicio\/#\/schema\/person\/3abba7593ef2ad19e1be221d54383dc5"},"headline":"Un avi\u00f3n militar se estrell\u00f3 en Atenas durante una exhibici\u00f3n: murieron los pilotos","datePublished":"2026-09-06T13:53:07+00:00","dateModified":"2026-09-06T13:53:08+00:00","mainEntityOfPage":{"@id":"https:\/\/gysfm.com.ar\/inicio\/un-avion-militar-se-estrello-en-atenas-durante-una-exhibicion-murieron-los-pilotos\/"},"wordCount":554,"publisher":{"@id":"https:\/\/gysfm.com.ar\/inicio\/#organization"},"image":{"@id":"https:\/\/gysfm.com.ar\/inicio\/un-avion-militar-se-estrello-en-atenas-durante-una-exhibicion-murieron-los-pilotos\/#primaryimage"},"thumbnailUrl":"https:\/\/gysfm.com.ar\/inicio\/wp-content\/uploads\/2026\/09\/la-aeronave-perdio-altitud-bruscamente-y-se-5HYIUOB4AZC3VA4KQYIT3AKGIA.JPG","articleSection":["INTERNACIONALES"],"inLanguage":"es"},{"@type":"WebPage","@id":"https:\/\/gysfm.com.ar\/inicio\/un-avion-militar-se-estrello-en-atenas-durante-una-exhibicion-murieron-los-pilotos\/","url":"https:\/\/gysfm.com.ar\/inicio\/un-avion-militar-se-estrello-en-atenas-durante-una-exhibicion-murieron-los-pilotos\/","name":"Un avi\u00f3n militar se estrell\u00f3 en Atenas durante una exhibici\u00f3n: murieron los pilotos - GYS NOTICIAS |","isPartOf":{"@id":"https:\/\/gysfm.com.ar\/inicio\/#website"},"primaryImageOfPage":{"@id":"https:\/\/gysfm.com.ar\/inicio\/un-avion-militar-se-estrello-en-atenas-durante-una-exhibicion-murieron-los-pilotos\/#primaryimage"},"image":{"@id":"https:\/\/gysfm.com.ar\/inicio\/un-avion-militar-se-estrello-en-atenas-durante-una-exhibicion-murieron-los-pilotos\/#primaryimage"},"thumbnailUrl":"https:\/\/gysfm.com.ar\/inicio\/wp-content\/uploads\/2026\/09\/la-aeronave-perdio-altitud-bruscamente-y-se-5HYIUOB4AZC3VA4KQYIT3AKGIA.JPG","datePublished":"2026-09-06T13:53:07+00:00","dateModified":"2026-09-06T13:53:08+00:00","breadcrumb":{"@id":"https:\/\/gysfm.com.ar\/inicio\/un-avion-militar-se-estrello-en-atenas-durante-una-exhibicion-murieron-los-pilotos\/#breadcrumb"},"inLanguage":"es","potentialAction":[{"@type":"ReadAction","target":["https:\/\/gysfm.com.ar\/inicio\/un-avion-militar-se-estrello-en-atenas-durante-una-exhibicion-murieron-los-pilotos\/"]}]},{"@type":"ImageObject","inLanguage":"es","@id":"https:\/\/gysfm.com.ar\/inicio\/un-avion-militar-se-estrello-en-atenas-durante-una-exhibicion-murieron-los-pilotos\/#primaryimage","url":"https:\/\/gysfm.com.ar\/inicio\/wp-content\/uploads\/2026\/09\/la-aeronave-perdio-altitud-bruscamente-y-se-5HYIUOB4AZC3VA4KQYIT3AKGIA.JPG","contentUrl":"https:\/\/gysfm.com.ar\/inicio\/wp-content\/uploads\/2026\/09\/la-aeronave-perdio-altitud-bruscamente-y-se-5HYIUOB4AZC3VA4KQYIT3AKGIA.JPG","width":1200,"height":800},{"@type":"BreadcrumbList","@id":"https:\/\/gysfm.com.ar\/inicio\/un-avion-militar-se-estrello-en-atenas-durante-una-exhibicion-murieron-los-pilotos\/#breadcrumb","itemListElement":[{"@type":"ListItem","position":1,"name":"Portada","item":"https:\/\/gysfm.com.ar\/inicio\/"},{"@type":"ListItem","position":2,"name":"Un avi\u00f3n militar se estrell\u00f3 en Atenas durante una exhibici\u00f3n: murieron los pilotos"}]},{"@type":"WebSite","@id":"https:\/\/gysfm.com.ar\/inicio\/#website","url":"https:\/\/gysfm.com.ar\/inicio\/","name":"GYS NOTICIAS |","description":"DIARIO - RADIO ONLINE SAN JUAN ARGENTINA","publisher":{"@id":"https:\/\/gysfm.com.ar\/inicio\/#organization"},"potentialAction":[{"@type":"SearchAction","target":{"@type":"EntryPoint","urlTemplate":"https:\/\/gysfm.com.ar\/inicio\/?s={search_term_string}"},"query-input":{"@type":"PropertyValueSpecification","valueRequired":true,"valueName":"search_term_string"}}],"inLanguage":"es"},{"@type":"Organization","@id":"https:\/\/gysfm.com.ar\/inicio\/#organization","name":"GYS NOTICIAS |","url":"https:\/\/gysfm.com.ar\/inicio\/","logo":{"@type":"ImageObject","inLanguage":"es","@id":"https:\/\/gysfm.com.ar\/inicio\/#\/schema\/logo\/image\/","url":"https:\/\/gysfm.com.ar\/inicio\/wp-content\/uploads\/2023\/07\/LOGOGYS-OK.png","contentUrl":"https:\/\/gysfm.com.ar\/inicio\/wp-content\/uploads\/2023\/07\/LOGOGYS-OK.png","width":1170,"height":872,"caption":"GYS NOTICIAS |"},"image":{"@id":"https:\/\/gysfm.com.ar\/inicio\/#\/schema\/logo\/image\/"}},{"@type":"Person","@id":"https:\/\/gysfm.com.ar\/inicio\/#\/schema\/person\/3abba7593ef2ad19e1be221d54383dc5","name":"Prensa G&amp;S FM","image":{"@type":"ImageObject","inLanguage":"es","@id":"https:\/\/gysfm.com.ar\/inicio\/#\/schema\/person\/image\/","url":"https:\/\/secure.gravatar.com\/avatar\/096ec78df02049ab018702bb4ccedf659377fa92a26540b5247612077a0dbd29?s=96&d=mm&r=g","contentUrl":"https:\/\/secure.gravatar.com\/avatar\/096ec78df02049ab018702bb4ccedf659377fa92a26540b5247612077a0dbd29?s=96&d=mm&r=g","caption":"Prensa G&amp;S FM"},"sameAs":["https:\/\/gysfm.com.ar\/"],"url":"https:\/\/gysfm.com.ar\/inicio\/author\/lucasm\/"}]}},"_links":{"self":[{"href":"https:\/\/gysfm.com.ar\/inicio\/wp-json\/wp\/v2\/posts\/210664","targetHints":{"allow":["GET"]}}],"collection":[{"href":"https:\/\/gysfm.com.ar\/inicio\/wp-json\/wp\/v2\/posts"}],"about":[{"href":"https:\/\/gysfm.com.ar\/inicio\/wp-json\/wp\/v2\/types\/post"}],"author":[{"embeddable":true,"href":"https:\/\/gysfm.com.ar\/inicio\/wp-json\/wp\/v2\/users\/2"}],"replies":[{"embeddable":true,"href":"https:\/\/gysfm.com.ar\/inicio\/wp-json\/wp\/v2\/comments?post=210664"}],"version-history":[{"count":1,"href":"https:\/\/gysfm.com.ar\/inicio\/wp-json\/wp\/v2\/posts\/210664\/revisions"}],"predecessor-version":[{"id":210666,"href":"https:\/\/gysfm.com.ar\/inicio\/wp-json\/wp\/v2\/posts\/210664\/revisions\/210666"}],"wp:featuredmedia":[{"embeddable":true,"href":"https:\/\/gysfm.com.ar\/inicio\/wp-json\/wp\/v2\/media\/210665"}],"wp:attachment":[{"href":"https:\/\/gysfm.com.ar\/inicio\/wp-json\/wp\/v2\/media?parent=210664"}],"wp:term":[{"taxonomy":"category","embeddable":true,"href":"https:\/\/gysfm.com.ar\/inicio\/wp-json\/wp\/v2\/categories?post=210664"},{"taxonomy":"post_tag","embeddable":true,"href":"https:\/\/gysfm.com.ar\/inicio\/wp-json\/wp\/v2\/tags?post=210664"}],"curies":[{"name":"wp","href":"https:\/\/api.w.org\/{rel}","templated":true}]}}