{"id":210644,"date":"2026-09-06T06:49:08","date_gmt":"2026-09-06T09:49:08","guid":{"rendered":"https:\/\/gysfm.com.ar\/inicio\/una-guerra-interna-en-la-justicia-de-brasil-sacude-la-campana-a-un-mes-de-las-elecciones\/"},"modified":"2026-09-06T06:49:16","modified_gmt":"2026-09-06T09:49:16","slug":"una-guerra-interna-en-la-justicia-de-brasil-sacude-la-campana-a-un-mes-de-las-elecciones","status":"publish","type":"post","link":"https:\/\/gysfm.com.ar\/inicio\/una-guerra-interna-en-la-justicia-de-brasil-sacude-la-campana-a-un-mes-de-las-elecciones\/","title":{"rendered":"Una guerra interna en la Justicia de Brasil sacude la campa\u00f1a a un mes de las elecciones"},"content":{"rendered":"<p> <br \/>\n<\/p>\n<div>\n<p class=\"com-paragraph --capital --s\">BRASILIA.\u2013 A cuatro semanas de las elecciones,<strong> el epicentro de la pol\u00edtica brasile\u00f1a no est\u00e1 en los actos de campa\u00f1a sino en la Plaza de los Tres Poderes<\/strong>. Dos jueces del Supremo Tribunal Federal (STF) se acusan mutuamente de conductas delictivas, el procurador general pide anular una investigaci\u00f3n de la Polic\u00eda Federal (PF) y el presidente de la Corte intenta contener una fractura que <strong>salpica al presidente Luiz Inacio Lula da Silva<\/strong> y a su principal adversario, el senador <strong>Flavio Bolsonaro.<\/strong><\/p>\n<p class=\"com-paragraph --s\">El detonante son las derivaciones del <strong>caso Banco Master<\/strong>, la entidad liquidada en noviembre de 2025 cuyo exdue\u00f1o,<strong> Daniel Vorcaro<\/strong>, <a href=\"https:\/\/www.lanacion.com.ar\/el-mundo\/el-banquero-preso-que-puede-arrastrar-a-lula-la-justicia-y-todo-el-poder-en-brasil-nid28032026\/\" target=\"_self\" title=\"https:\/\/www.lanacion.com.ar\/el-mundo\/el-banquero-preso-que-puede-arrastrar-a-lula-la-justicia-y-todo-el-poder-en-brasil-nid28032026\/\" class=\"com-link break-word\" data-mrf-recirculation=\"n_link_parrafo\">est\u00e1 preso por el mayor fraude bancario de la historia brasile\u00f1a<\/a> y teji\u00f3 una red de contactos que alcanza a jueces, autoridades y dirigentes de todo el arco pol\u00edtico.<\/p>\n<p class=\"com-paragraph --s\">\u201cEs una crisis que no es de derecha, ni de izquierda, ni de centro: <strong>es una crisis del sistema pol\u00edtico brasile\u00f1o como un todo<\/strong>, y genera un impacto considerable en el humor del elector\u201d, dijo a LA NACION Murilo Medeiros, polit\u00f3logo de la Universidad de Brasilia.<\/p>\n<p class=\"com-paragraph --s\">Esta semana, el juez Andr\u00e9 Mendon\u00e7a \u2013designado por Bolsonaro y relator del caso desde febrero\u2013 levant\u00f3 el secreto de un informe de la PF de 218 p\u00e1ginas sobre mensajes hallados en el celular del banquero. El documento muestra que Vorcaro le pregunt\u00f3 al juez <strong>Alexandre de Moraes<\/strong> si deb\u00eda salir del pa\u00eds dos d\u00edas antes de su detenci\u00f3n y le pidi\u00f3 interceder ante el procurador general, Paulo Gonet, y el jefe de la PF, Andrei Rodrigues.<\/p>\n<div class=\"content-media\">\n<section role=\"button\" class=\"mod-media   \">\n<figure role=\"button\" tabindex=\"0\" class=\"mod-figure \"><figcaption class=\"mod-figcaption\"><span class=\"com-text --caption --twoxs\">Alexandre de Moraes, magistrado de la Corte Suprema, sonr\u00ede junto al magistrado Andr\u00e9 Mendon\u00e7a durante una sesi\u00f3n plenaria del tribunal, el mi\u00e9rcoles 2 de septiembre de 2026, en Brasilia, Brasil. (AP Foto\/Eraldo Peres)<\/span><span class=\"com-text --credit --twoxs\">Eraldo Peres &#8211; AP<\/span><\/figcaption><\/figure>\n<\/section>\n<\/div>\n<p class=\"com-paragraph --s\">La PF detect\u00f3 adem\u00e1s que borradores de contratos por 131 millones de reales (unos 25 millones de d\u00f3lares) entre empresas de Vorcaro y el estudio de la esposa del juez, Viviane Barci de Moraes, fueron modificados antes de la firma por un usuario identificado como \u201cMinistro Alexandre de Moraes\u201d.<\/p>\n<p class=\"com-paragraph --s\"><a href=\"https:\/\/www.lanacion.com.ar\/el-mundo\/una-revelacion-sobre-el-escandalo-de-un-banquero-preso-deja-en-la-cuerda-floja-al-juez-mas-poderoso-nid01092026\/\" target=\"_self\" title=\"https:\/\/www.lanacion.com.ar\/el-mundo\/una-revelacion-sobre-el-escandalo-de-un-banquero-preso-deja-en-la-cuerda-floja-al-juez-mas-poderoso-nid01092026\/\" class=\"com-link break-word\" data-mrf-recirculation=\"n_link_parrafo\">El juez que qued\u00f3 en el centro de la tormenta no es cualquiera<\/a>. Moraes, considerado por muchos <strong>el m\u00e1s poderoso de Brasil<\/strong>, condujo los procesos por el intento de golpe del 8 de enero de 2023 y fue el relator de la causa que termin\u00f3 con la condena de Jair Bolsonaro a 27 a\u00f1os de prisi\u00f3n. <strong>Para el bolsonarismo es su enemigo principal<\/strong> -Javier Milei lo llam\u00f3 \u201cbasura calva\u201d en un acto de campa\u00f1a de Flavio en San Pablo-, pero los cuestionamientos por abuso de autoridad y concentraci\u00f3n de poder en su gabinete llegan <strong>tambi\u00e9n desde el mundo jur\u00eddico y no solo desde la ultraderecha.<\/strong><\/p>\n<div class=\"content-media\">\n<section role=\"button\" class=\"mod-media   \">\n<figure role=\"button\" tabindex=\"0\" class=\"mod-figure \"><figcaption class=\"mod-figcaption\"><span class=\"com-text --caption --twoxs\">Milei con Flavio Bolsonaro durante el acto de julio pasado en San Pablo<\/span><span class=\"com-text --credit --twoxs\">Ettore Chiereguini &#8211; AP<\/span><\/figcaption><\/figure>\n<\/section>\n<\/div>\n<p class=\"com-paragraph --s\">Los mensajes revelados esta semana muestran un<strong> trato frecuente<\/strong>, en el que el banquero le ped\u00eda a Moraes consejos e informaci\u00f3n. Las respuestas no se conservan: buena parte de la conversaci\u00f3n usaba la visualizaci\u00f3n \u00fanica de WhatsApp. Moraes niega irregularidades y sostiene que los informes de su colega deben analizarse a la luz de las reglas procesales.<\/p>\n<p class=\"com-paragraph --s\">Pero su respuesta no fue declarativa. El juez le pidi\u00f3 al presidente del tribunal, Edson Fachin, que se investigue a Mendon\u00e7a por improbidad administrativa, abuso de autoridad y crimen de responsabilidad. <strong>Lo acusa de romper la imparcialidad judicial para favorecer a \u201cdeterminados grupos pol\u00edticos\u201d<\/strong>. Se apoy\u00f3 en informes de inteligencia que \u00e9l mismo le encarg\u00f3 a la PF y que sus cr\u00edticos califican de ap\u00f3crifos, porque no est\u00e1n firmados.<\/p>\n<div class=\"content-media\">\n<section role=\"button\" class=\"mod-media   \">\n<figure role=\"button\" tabindex=\"0\" class=\"mod-figure \"><figcaption class=\"mod-figcaption\"><span class=\"com-text --caption --twoxs\">Edson Fachin<\/span><span class=\"com-text --credit --twoxs\">EVARISTO SA &#8211; AFP<\/span><\/figcaption><\/figure>\n<\/section>\n<\/div>\n<p class=\"com-paragraph --s\">Moraes no fue el \u00fanico en reaccionar: la PGR pidi\u00f3 la extinci\u00f3n del procedimiento abierto por Mendon\u00e7a y cuestion\u00f3 c\u00f3mo se obtuvieron esas informaciones. Gonet tiene un inter\u00e9s propio en el expediente: tambi\u00e9n aparece mencionado en los mensajes de Vorcaro, y el Consejo Superior del Ministerio P\u00fablico abri\u00f3 esta semana un procedimiento para analizar esas citas.<\/p>\n<p><h2 class=\"font-primary font-w-bold text-subheading-lg text-left container-center-100 mb-8\"><span>Arsenal electoral<\/span><\/h2>\n<\/p>\n<p class=\"com-paragraph --s\"><strong>Lo que est\u00e1 en juego excede a los protagonistas<\/strong>. \u201cMendon\u00e7a concentra pr\u00e1cticamente todo el arsenal electoral del pa\u00eds\u201d, advirti\u00f3 Medeiros, quien apunt\u00f3 que adem\u00e1s del Master, tiene bajo su relator\u00eda las investigaciones por desv\u00edos en el Instituto Nacional del Seguro Social y<a href=\"https:\/\/www.lanacion.com.ar\/el-mundo\/el-escandalo-judicial-que-envuelve-al-hijo-de-lula-y-sacude-su-campana-electoral-nid21082026\/\" target=\"_self\" title=\"https:\/\/www.lanacion.com.ar\/el-mundo\/el-escandalo-judicial-que-envuelve-al-hijo-de-lula-y-sacude-su-campana-electoral-nid21082026\/\" class=\"com-link break-word\" data-mrf-recirculation=\"n_link_parrafo\"> la causa que salpica por corrupci\u00f3n y tr\u00e1fico de influencias<\/a> a <strong>Lulinha, el hijo del presidente.<\/strong><\/p>\n<p class=\"com-paragraph --s\">Fachin intent\u00f3 ordenar el incendio, en medio de la crisis intestina. Abri\u00f3 un procedimiento propio en la presidencia y concentr\u00f3 all\u00ed los dos frentes: las acusaciones contra Moraes y las que este formul\u00f3 contra Mendon\u00e7a. Dio cinco d\u00edas a los involucrados para explicarse y endureci\u00f3 el tono: ninguna autoridad est\u00e1 por encima de la Constituci\u00f3n, dijo, y la respuesta ser\u00e1 \u201cfirme, proporcional y rigurosa\u201d. <strong>\u201cNo habr\u00e1 precipitaci\u00f3n, pero tampoco omisi\u00f3n\u201d.<\/strong><\/p>\n<p><h2 class=\"font-primary font-w-bold text-subheading-lg text-left container-center-100 mb-8\"><span>El PT en la mira<\/span><\/h2>\n<\/p>\n<p class=\"com-paragraph --s\"><strong>Para el Partido de los Trabajadores (PT), la crisis no pudo llegar en peor momento<\/strong>, admitieron a LA NACION fuentes de la campa\u00f1a oficialista. Buena parte del electorado identifica a Moraes como el escudo institucional del mandatario, y el temor del gobierno es que el choque entre jueces reactive el sentimiento \u201canti STF\u201d en la sociedad.<\/p>\n<p class=\"com-paragraph --s\">La asociaci\u00f3n del Ejecutivo con el juez tiene varias aristas. Moraes presid\u00eda el Tribunal Superior Electoral que declar\u00f3 inelegible a Bolsonaro en 2023, y Lula convirti\u00f3 el levantamiento de las sanciones que Washington le impuso en 2025 a Moraes y otras autoridades en una condici\u00f3n de su negociaci\u00f3n con Donald Trump.<\/p>\n<p class=\"com-paragraph --s\">Frente a esta crisis, <strong>Lula rompi\u00f3 el silencio <\/strong>con un video grabado en su despacho. Defini\u00f3 la trama del Master como \u201cel mayor robo de la historia de Brasil\u201d y pidi\u00f3 investigar \u201csin blindaje para nadie, <strong>caiga quien caiga<\/strong>\u201d.<\/p>\n<div class=\"content-media\">\n<section role=\"button\" class=\"mod-media   \">\n<figure role=\"button\" tabindex=\"0\" class=\"mod-figure \"><figcaption class=\"mod-figcaption\"><span class=\"com-text --caption --twoxs\">El presidente de Brasil Luiz In\u00e1cio Lula da Silva se ajusta el sombrero durante una ceremonia por el D\u00eda del Soldado en la sede del Ej\u00e9rcito, el martes 25 de agosto<\/span><span class=\"com-text --credit --twoxs\">Eraldo Peres &#8211; AP<\/span><\/figcaption><\/figure>\n<\/section>\n<\/div>\n<p class=\"com-paragraph --s\">La crisis estall\u00f3 en <strong>la v\u00edspera del acto m\u00e1s importante del calendario bolsonarista<\/strong>: la movilizaci\u00f3n que Flavio convoc\u00f3 para el lunes, feriado del 7 de septiembre, en la avenida Paulista de San Pablo, con una consigna nueva: \u201cFuera Lula, Fuera Moraes\u201d.<\/p>\n<p class=\"com-paragraph --s\">\u201cVa a ser una <strong>se\u00f1al de alerta<\/strong>, pero tambi\u00e9n un medidor de la capacidad de ese discurso antiinstituciones de generar movimiento pol\u00edtico\u201d, sostuvo Creomar de Souza, socio fundador de la consultora Dharma en Brasilia.<\/p>\n<p><h2 class=\"font-primary font-w-bold text-subheading-lg text-left container-center-100 mb-8\"><span>Las encuestas<\/span><\/h2>\n<\/p>\n<p class=\"com-paragraph --s\">Seg\u00fan el Datafolha difundido esta semana,<strong> Lula conserva ventaja en la primera vuelta<\/strong> (38% contra 33%), pero el balotaje exhibe un empate t\u00e9cnico: 46% a 44%, dentro del margen de error. El sondeo registr\u00f3 adem\u00e1s<a href=\"https:\/\/www.lanacion.com.ar\/el-mundo\/augusto-cury-el-fenomeno-de-las-redes-que-amenaza-con-romper-la-polarizacion-en-brasil-nid01092026\/\" target=\"_self\" title=\"https:\/\/www.lanacion.com.ar\/el-mundo\/augusto-cury-el-fenomeno-de-las-redes-que-amenaza-con-romper-la-polarizacion-en-brasil-nid01092026\/\" class=\"com-link break-word\" data-mrf-recirculation=\"n_link_parrafo\"> la irrupci\u00f3n del m\u00e9dico y escritor Augusto Cury<\/a>, que trep\u00f3 de 2% a 8%. El trabajo de campo se hizo antes de que Moraes contraatacara.<\/p>\n<p class=\"com-paragraph --s\">\u201cLos datos todav\u00eda<strong> no capturan toda la intensidad del momento<\/strong>\u201d, advirti\u00f3 De Souza. Antes del estallido, Fl\u00e1vio ven\u00eda perdiendo tracci\u00f3n frente a Cury.<\/p>\n<p class=\"com-paragraph --s\">Su hip\u00f3tesis apunta a un segmento preciso, <strong>el votante evang\u00e9lico moderado<\/strong>, que rechaza a Lula pero tampoco se entusiasma con Flavio. El viernes, Mendon\u00e7a grab\u00f3 un video que no dirigi\u00f3 a los brasile\u00f1os en general sino a sus \u201chermanos y hermanas\u201d de iglesia, para agradecer las oraciones y el apoyo recibido.<\/p>\n<p class=\"com-paragraph --s\">\u201cNo agradece a todos los ciudadanos: agradece a sus hermanos de iglesia, y eso crea un v\u00ednculo de pertenencia\u201d, interpret\u00f3 De Souza. Ah\u00ed ubica el costo real para Lula en esta crisis, en un electorado al que le cuesta llegar y que, si vota a Cury, <strong>tender\u00eda a inclinarse por Flavio en un eventual balotaje el 25 de octubre<\/strong>, pese a que el barro alcanza a los dos polos.<\/p>\n<p class=\"com-paragraph --s\">En mayo, The Intercept difundi\u00f3 un audio en el que Flavio le reclama a Vorcaro las cuotas atrasadas <a href=\"https:\/\/www.lanacion.com.ar\/el-mundo\/revelan-que-flavio-bolsonaro-cobro-millones-de-un-banquero-preso-por-fraude-para-producir-una-nid13052026\/\" target=\"_self\" title=\"https:\/\/www.lanacion.com.ar\/el-mundo\/revelan-que-flavio-bolsonaro-cobro-millones-de-un-banquero-preso-por-fraude-para-producir-una-nid13052026\/\" class=\"com-link break-word\" data-mrf-recirculation=\"n_link_parrafo\">de un aporte de 24 millones de d\u00f3lares para producir <em>Dark Horse<\/em><\/a>, la pel\u00edcula biogr\u00e1fica sobre su padre. Para De Souza, ah\u00ed est\u00e1 la ventaja real del opositor, y no es directa. Mientras el pa\u00eds habla del Supremo, no habla de ese audio.<\/p>\n<p class=\"com-paragraph --s\"><strong>\u201cEsta elecci\u00f3n tambi\u00e9n va a ser una disputa sobre el equilibrio entre los poderes\u201d<\/strong>, sostuvo Medeiros, en relaci\u00f3n a la crisis actual. Si el Supremo no encara una reforma m\u00ednima, advirti\u00f3, \u201clas urnas la van a hacer\u201d promoviendo candidatos que apuesten por destituir jueces.<\/p>\n<p class=\"com-paragraph --s\">Puertas adentro, sin embargo, <strong>la salida m\u00e1s probable no es el castigo sino la contenci\u00f3n<\/strong>. Concentrar los dos expedientes en manos del presidente de la corte es, para De Souza, lo m\u00e1ximo que el tribunal puede dar hoy. \u201c\u00bfAlcanza? Probablemente no. \u00bfEs lo posible? Probablemente s\u00ed\u201d, resumi\u00f3.<\/p>\n<p class=\"com-paragraph --s\">A cuatro semanas de la primera vuelta, Brasil votar\u00e1 en medio de lo que ya se define como una <strong>crisis sin precedentes en la historia de la Rep\u00fablica<\/strong>, con el \u00e1rbitro para dirimir diferencias del sistema convertido en parte. Lo que empez\u00f3 como una investigaci\u00f3n sobre un banco quebrado puede terminar inclinando una elecci\u00f3n.<\/p>\n<section class=\"container-center-100 mb-40 border border-bottom border-thin border-neutral-light-700\">\n<hr\/>\n<\/section>\n<\/div>\n<p><script id=\"facebookpixel\" defer=\"\" type=\"text\/javascript\">\n        !function(f,b,e,v,n,t,s)\n        {if(f.fbq)return;n=f.fbq=function(){n.callMethod?\n        n.callMethod.apply(n,arguments):n.queue.push(arguments)};\n        if(!f._fbq)f._fbq=n;n.push=n;n.loaded=!0;n.version='2.0';\n        n.queue=[];t=b.createElement(e);t.async=!0;\n        t.src=v;s=b.getElementsByTagName(e)[0];\n        s.parentNode.insertBefore(t,s)}(window, document,'script',\n        'https:\/\/connect.facebook.net\/en_US\/fbevents.js');\n        fbq('init', '492459597522335');\n        fbq('track', 'PageView');\n    <\/script><br \/>\n<br \/><\/p>\n","protected":false},"excerpt":{"rendered":"<p>BRASILIA.\u2013 A cuatro semanas de las elecciones, el epicentro de la pol\u00edtica brasile\u00f1a no est\u00e1 en los actos de campa\u00f1a sino en la Plaza de los Tres Poderes. Dos jueces del Supremo Tribunal Federal (STF) se acusan mutuamente de conductas delictivas, el procurador general pide anular una investigaci\u00f3n de la Polic\u00eda Federal (PF) y el [&hellip;]<\/p>\n","protected":false},"author":2,"featured_media":210645,"comment_status":"closed","ping_status":"closed","sticky":false,"template":"","format":"standard","meta":{"footnotes":""},"categories":[26],"tags":[],"class_list":["post-210644","post","type-post","status-publish","format-standard","has-post-thumbnail","hentry","category-internacionales"],"yoast_head":"<!-- This site is optimized with the Yoast SEO plugin v24.4 - https:\/\/yoast.com\/wordpress\/plugins\/seo\/ -->\n<title>Una guerra interna en la Justicia de Brasil sacude la campa\u00f1a a un mes de las elecciones - GYS NOTICIAS |<\/title>\n<meta name=\"robots\" content=\"index, follow, max-snippet:-1, max-image-preview:large, max-video-preview:-1\" \/>\n<link rel=\"canonical\" href=\"https:\/\/gysfm.com.ar\/inicio\/una-guerra-interna-en-la-justicia-de-brasil-sacude-la-campana-a-un-mes-de-las-elecciones\/\" \/>\n<meta property=\"og:locale\" content=\"es_ES\" \/>\n<meta property=\"og:type\" content=\"article\" \/>\n<meta property=\"og:title\" content=\"Una guerra interna en la Justicia de Brasil sacude la campa\u00f1a a un mes de las elecciones - GYS NOTICIAS |\" \/>\n<meta property=\"og:description\" content=\"BRASILIA.\u2013 A cuatro semanas de las elecciones, el epicentro de la pol\u00edtica brasile\u00f1a no est\u00e1 en los actos de campa\u00f1a sino en la Plaza de los Tres Poderes. Dos jueces del Supremo Tribunal Federal (STF) se acusan mutuamente de conductas delictivas, el procurador general pide anular una investigaci\u00f3n de la Polic\u00eda Federal (PF) y el [&hellip;]\" \/>\n<meta property=\"og:url\" content=\"https:\/\/gysfm.com.ar\/inicio\/una-guerra-interna-en-la-justicia-de-brasil-sacude-la-campana-a-un-mes-de-las-elecciones\/\" \/>\n<meta property=\"og:site_name\" content=\"GYS NOTICIAS |\" \/>\n<meta property=\"article:published_time\" content=\"2026-09-06T09:49:08+00:00\" \/>\n<meta property=\"article:modified_time\" content=\"2026-09-06T09:49:16+00:00\" \/>\n<meta property=\"og:image\" content=\"https:\/\/gysfm.com.ar\/inicio\/wp-content\/uploads\/2026\/09\/alexandre-de-moraes-mira-a-andre-mendonca-durante-6VKIF2APJJGTXMZ5PZB2BOUOIE.JPG\" \/>\n\t<meta property=\"og:image:width\" content=\"1200\" \/>\n\t<meta property=\"og:image:height\" content=\"800\" \/>\n\t<meta property=\"og:image:type\" content=\"image\/jpeg\" \/>\n<meta name=\"author\" content=\"Prensa G&amp;S FM\" \/>\n<meta name=\"twitter:card\" content=\"summary_large_image\" \/>\n<meta name=\"twitter:label1\" content=\"Escrito por\" \/>\n\t<meta name=\"twitter:data1\" content=\"Prensa G&amp;S FM\" \/>\n\t<meta name=\"twitter:label2\" content=\"Tiempo de lectura\" \/>\n\t<meta name=\"twitter:data2\" content=\"8 minutos\" \/>\n<script type=\"application\/ld+json\" class=\"yoast-schema-graph\">{\"@context\":\"https:\/\/schema.org\",\"@graph\":[{\"@type\":\"Article\",\"@id\":\"https:\/\/gysfm.com.ar\/inicio\/una-guerra-interna-en-la-justicia-de-brasil-sacude-la-campana-a-un-mes-de-las-elecciones\/#article\",\"isPartOf\":{\"@id\":\"https:\/\/gysfm.com.ar\/inicio\/una-guerra-interna-en-la-justicia-de-brasil-sacude-la-campana-a-un-mes-de-las-elecciones\/\"},\"author\":{\"name\":\"Prensa G&amp;S FM\",\"@id\":\"https:\/\/gysfm.com.ar\/inicio\/#\/schema\/person\/3abba7593ef2ad19e1be221d54383dc5\"},\"headline\":\"Una guerra interna en la Justicia de Brasil sacude la campa\u00f1a a un mes de las elecciones\",\"datePublished\":\"2026-09-06T09:49:08+00:00\",\"dateModified\":\"2026-09-06T09:49:16+00:00\",\"mainEntityOfPage\":{\"@id\":\"https:\/\/gysfm.com.ar\/inicio\/una-guerra-interna-en-la-justicia-de-brasil-sacude-la-campana-a-un-mes-de-las-elecciones\/\"},\"wordCount\":1551,\"publisher\":{\"@id\":\"https:\/\/gysfm.com.ar\/inicio\/#organization\"},\"image\":{\"@id\":\"https:\/\/gysfm.com.ar\/inicio\/una-guerra-interna-en-la-justicia-de-brasil-sacude-la-campana-a-un-mes-de-las-elecciones\/#primaryimage\"},\"thumbnailUrl\":\"https:\/\/gysfm.com.ar\/inicio\/wp-content\/uploads\/2026\/09\/alexandre-de-moraes-mira-a-andre-mendonca-durante-6VKIF2APJJGTXMZ5PZB2BOUOIE.JPG\",\"articleSection\":[\"INTERNACIONALES\"],\"inLanguage\":\"es\"},{\"@type\":\"WebPage\",\"@id\":\"https:\/\/gysfm.com.ar\/inicio\/una-guerra-interna-en-la-justicia-de-brasil-sacude-la-campana-a-un-mes-de-las-elecciones\/\",\"url\":\"https:\/\/gysfm.com.ar\/inicio\/una-guerra-interna-en-la-justicia-de-brasil-sacude-la-campana-a-un-mes-de-las-elecciones\/\",\"name\":\"Una guerra interna en la Justicia de Brasil sacude la campa\u00f1a a un mes de las elecciones - GYS NOTICIAS |\",\"isPartOf\":{\"@id\":\"https:\/\/gysfm.com.ar\/inicio\/#website\"},\"primaryImageOfPage\":{\"@id\":\"https:\/\/gysfm.com.ar\/inicio\/una-guerra-interna-en-la-justicia-de-brasil-sacude-la-campana-a-un-mes-de-las-elecciones\/#primaryimage\"},\"image\":{\"@id\":\"https:\/\/gysfm.com.ar\/inicio\/una-guerra-interna-en-la-justicia-de-brasil-sacude-la-campana-a-un-mes-de-las-elecciones\/#primaryimage\"},\"thumbnailUrl\":\"https:\/\/gysfm.com.ar\/inicio\/wp-content\/uploads\/2026\/09\/alexandre-de-moraes-mira-a-andre-mendonca-durante-6VKIF2APJJGTXMZ5PZB2BOUOIE.JPG\",\"datePublished\":\"2026-09-06T09:49:08+00:00\",\"dateModified\":\"2026-09-06T09:49:16+00:00\",\"breadcrumb\":{\"@id\":\"https:\/\/gysfm.com.ar\/inicio\/una-guerra-interna-en-la-justicia-de-brasil-sacude-la-campana-a-un-mes-de-las-elecciones\/#breadcrumb\"},\"inLanguage\":\"es\",\"potentialAction\":[{\"@type\":\"ReadAction\",\"target\":[\"https:\/\/gysfm.com.ar\/inicio\/una-guerra-interna-en-la-justicia-de-brasil-sacude-la-campana-a-un-mes-de-las-elecciones\/\"]}]},{\"@type\":\"ImageObject\",\"inLanguage\":\"es\",\"@id\":\"https:\/\/gysfm.com.ar\/inicio\/una-guerra-interna-en-la-justicia-de-brasil-sacude-la-campana-a-un-mes-de-las-elecciones\/#primaryimage\",\"url\":\"https:\/\/gysfm.com.ar\/inicio\/wp-content\/uploads\/2026\/09\/alexandre-de-moraes-mira-a-andre-mendonca-durante-6VKIF2APJJGTXMZ5PZB2BOUOIE.JPG\",\"contentUrl\":\"https:\/\/gysfm.com.ar\/inicio\/wp-content\/uploads\/2026\/09\/alexandre-de-moraes-mira-a-andre-mendonca-durante-6VKIF2APJJGTXMZ5PZB2BOUOIE.JPG\",\"width\":1200,\"height\":800},{\"@type\":\"BreadcrumbList\",\"@id\":\"https:\/\/gysfm.com.ar\/inicio\/una-guerra-interna-en-la-justicia-de-brasil-sacude-la-campana-a-un-mes-de-las-elecciones\/#breadcrumb\",\"itemListElement\":[{\"@type\":\"ListItem\",\"position\":1,\"name\":\"Portada\",\"item\":\"https:\/\/gysfm.com.ar\/inicio\/\"},{\"@type\":\"ListItem\",\"position\":2,\"name\":\"Una guerra interna en la Justicia de Brasil sacude la campa\u00f1a a un mes de las elecciones\"}]},{\"@type\":\"WebSite\",\"@id\":\"https:\/\/gysfm.com.ar\/inicio\/#website\",\"url\":\"https:\/\/gysfm.com.ar\/inicio\/\",\"name\":\"GYS NOTICIAS |\",\"description\":\"DIARIO - RADIO ONLINE SAN JUAN ARGENTINA\",\"publisher\":{\"@id\":\"https:\/\/gysfm.com.ar\/inicio\/#organization\"},\"potentialAction\":[{\"@type\":\"SearchAction\",\"target\":{\"@type\":\"EntryPoint\",\"urlTemplate\":\"https:\/\/gysfm.com.ar\/inicio\/?s={search_term_string}\"},\"query-input\":{\"@type\":\"PropertyValueSpecification\",\"valueRequired\":true,\"valueName\":\"search_term_string\"}}],\"inLanguage\":\"es\"},{\"@type\":\"Organization\",\"@id\":\"https:\/\/gysfm.com.ar\/inicio\/#organization\",\"name\":\"GYS NOTICIAS |\",\"url\":\"https:\/\/gysfm.com.ar\/inicio\/\",\"logo\":{\"@type\":\"ImageObject\",\"inLanguage\":\"es\",\"@id\":\"https:\/\/gysfm.com.ar\/inicio\/#\/schema\/logo\/image\/\",\"url\":\"https:\/\/gysfm.com.ar\/inicio\/wp-content\/uploads\/2023\/07\/LOGOGYS-OK.png\",\"contentUrl\":\"https:\/\/gysfm.com.ar\/inicio\/wp-content\/uploads\/2023\/07\/LOGOGYS-OK.png\",\"width\":1170,\"height\":872,\"caption\":\"GYS NOTICIAS |\"},\"image\":{\"@id\":\"https:\/\/gysfm.com.ar\/inicio\/#\/schema\/logo\/image\/\"}},{\"@type\":\"Person\",\"@id\":\"https:\/\/gysfm.com.ar\/inicio\/#\/schema\/person\/3abba7593ef2ad19e1be221d54383dc5\",\"name\":\"Prensa G&amp;S FM\",\"image\":{\"@type\":\"ImageObject\",\"inLanguage\":\"es\",\"@id\":\"https:\/\/gysfm.com.ar\/inicio\/#\/schema\/person\/image\/\",\"url\":\"https:\/\/secure.gravatar.com\/avatar\/096ec78df02049ab018702bb4ccedf659377fa92a26540b5247612077a0dbd29?s=96&d=mm&r=g\",\"contentUrl\":\"https:\/\/secure.gravatar.com\/avatar\/096ec78df02049ab018702bb4ccedf659377fa92a26540b5247612077a0dbd29?s=96&d=mm&r=g\",\"caption\":\"Prensa G&amp;S FM\"},\"sameAs\":[\"https:\/\/gysfm.com.ar\/\"],\"url\":\"https:\/\/gysfm.com.ar\/inicio\/author\/lucasm\/\"}]}<\/script>\n<!-- \/ Yoast SEO plugin. -->","yoast_head_json":{"title":"Una guerra interna en la Justicia de Brasil sacude la campa\u00f1a a un mes de las elecciones - GYS NOTICIAS |","robots":{"index":"index","follow":"follow","max-snippet":"max-snippet:-1","max-image-preview":"max-image-preview:large","max-video-preview":"max-video-preview:-1"},"canonical":"https:\/\/gysfm.com.ar\/inicio\/una-guerra-interna-en-la-justicia-de-brasil-sacude-la-campana-a-un-mes-de-las-elecciones\/","og_locale":"es_ES","og_type":"article","og_title":"Una guerra interna en la Justicia de Brasil sacude la campa\u00f1a a un mes de las elecciones - GYS NOTICIAS |","og_description":"BRASILIA.\u2013 A cuatro semanas de las elecciones, el epicentro de la pol\u00edtica brasile\u00f1a no est\u00e1 en los actos de campa\u00f1a sino en la Plaza de los Tres Poderes. Dos jueces del Supremo Tribunal Federal (STF) se acusan mutuamente de conductas delictivas, el procurador general pide anular una investigaci\u00f3n de la Polic\u00eda Federal (PF) y el [&hellip;]","og_url":"https:\/\/gysfm.com.ar\/inicio\/una-guerra-interna-en-la-justicia-de-brasil-sacude-la-campana-a-un-mes-de-las-elecciones\/","og_site_name":"GYS NOTICIAS |","article_published_time":"2026-09-06T09:49:08+00:00","article_modified_time":"2026-09-06T09:49:16+00:00","og_image":[{"width":1200,"height":800,"url":"https:\/\/gysfm.com.ar\/inicio\/wp-content\/uploads\/2026\/09\/alexandre-de-moraes-mira-a-andre-mendonca-durante-6VKIF2APJJGTXMZ5PZB2BOUOIE.JPG","type":"image\/jpeg"}],"author":"Prensa G&amp;S FM","twitter_card":"summary_large_image","twitter_misc":{"Escrito por":"Prensa G&amp;S FM","Tiempo de lectura":"8 minutos"},"schema":{"@context":"https:\/\/schema.org","@graph":[{"@type":"Article","@id":"https:\/\/gysfm.com.ar\/inicio\/una-guerra-interna-en-la-justicia-de-brasil-sacude-la-campana-a-un-mes-de-las-elecciones\/#article","isPartOf":{"@id":"https:\/\/gysfm.com.ar\/inicio\/una-guerra-interna-en-la-justicia-de-brasil-sacude-la-campana-a-un-mes-de-las-elecciones\/"},"author":{"name":"Prensa G&amp;S FM","@id":"https:\/\/gysfm.com.ar\/inicio\/#\/schema\/person\/3abba7593ef2ad19e1be221d54383dc5"},"headline":"Una guerra interna en la Justicia de Brasil sacude la campa\u00f1a a un mes de las elecciones","datePublished":"2026-09-06T09:49:08+00:00","dateModified":"2026-09-06T09:49:16+00:00","mainEntityOfPage":{"@id":"https:\/\/gysfm.com.ar\/inicio\/una-guerra-interna-en-la-justicia-de-brasil-sacude-la-campana-a-un-mes-de-las-elecciones\/"},"wordCount":1551,"publisher":{"@id":"https:\/\/gysfm.com.ar\/inicio\/#organization"},"image":{"@id":"https:\/\/gysfm.com.ar\/inicio\/una-guerra-interna-en-la-justicia-de-brasil-sacude-la-campana-a-un-mes-de-las-elecciones\/#primaryimage"},"thumbnailUrl":"https:\/\/gysfm.com.ar\/inicio\/wp-content\/uploads\/2026\/09\/alexandre-de-moraes-mira-a-andre-mendonca-durante-6VKIF2APJJGTXMZ5PZB2BOUOIE.JPG","articleSection":["INTERNACIONALES"],"inLanguage":"es"},{"@type":"WebPage","@id":"https:\/\/gysfm.com.ar\/inicio\/una-guerra-interna-en-la-justicia-de-brasil-sacude-la-campana-a-un-mes-de-las-elecciones\/","url":"https:\/\/gysfm.com.ar\/inicio\/una-guerra-interna-en-la-justicia-de-brasil-sacude-la-campana-a-un-mes-de-las-elecciones\/","name":"Una guerra interna en la Justicia de Brasil sacude la campa\u00f1a a un mes de las elecciones - GYS NOTICIAS |","isPartOf":{"@id":"https:\/\/gysfm.com.ar\/inicio\/#website"},"primaryImageOfPage":{"@id":"https:\/\/gysfm.com.ar\/inicio\/una-guerra-interna-en-la-justicia-de-brasil-sacude-la-campana-a-un-mes-de-las-elecciones\/#primaryimage"},"image":{"@id":"https:\/\/gysfm.com.ar\/inicio\/una-guerra-interna-en-la-justicia-de-brasil-sacude-la-campana-a-un-mes-de-las-elecciones\/#primaryimage"},"thumbnailUrl":"https:\/\/gysfm.com.ar\/inicio\/wp-content\/uploads\/2026\/09\/alexandre-de-moraes-mira-a-andre-mendonca-durante-6VKIF2APJJGTXMZ5PZB2BOUOIE.JPG","datePublished":"2026-09-06T09:49:08+00:00","dateModified":"2026-09-06T09:49:16+00:00","breadcrumb":{"@id":"https:\/\/gysfm.com.ar\/inicio\/una-guerra-interna-en-la-justicia-de-brasil-sacude-la-campana-a-un-mes-de-las-elecciones\/#breadcrumb"},"inLanguage":"es","potentialAction":[{"@type":"ReadAction","target":["https:\/\/gysfm.com.ar\/inicio\/una-guerra-interna-en-la-justicia-de-brasil-sacude-la-campana-a-un-mes-de-las-elecciones\/"]}]},{"@type":"ImageObject","inLanguage":"es","@id":"https:\/\/gysfm.com.ar\/inicio\/una-guerra-interna-en-la-justicia-de-brasil-sacude-la-campana-a-un-mes-de-las-elecciones\/#primaryimage","url":"https:\/\/gysfm.com.ar\/inicio\/wp-content\/uploads\/2026\/09\/alexandre-de-moraes-mira-a-andre-mendonca-durante-6VKIF2APJJGTXMZ5PZB2BOUOIE.JPG","contentUrl":"https:\/\/gysfm.com.ar\/inicio\/wp-content\/uploads\/2026\/09\/alexandre-de-moraes-mira-a-andre-mendonca-durante-6VKIF2APJJGTXMZ5PZB2BOUOIE.JPG","width":1200,"height":800},{"@type":"BreadcrumbList","@id":"https:\/\/gysfm.com.ar\/inicio\/una-guerra-interna-en-la-justicia-de-brasil-sacude-la-campana-a-un-mes-de-las-elecciones\/#breadcrumb","itemListElement":[{"@type":"ListItem","position":1,"name":"Portada","item":"https:\/\/gysfm.com.ar\/inicio\/"},{"@type":"ListItem","position":2,"name":"Una guerra interna en la Justicia de Brasil sacude la campa\u00f1a a un mes de las elecciones"}]},{"@type":"WebSite","@id":"https:\/\/gysfm.com.ar\/inicio\/#website","url":"https:\/\/gysfm.com.ar\/inicio\/","name":"GYS NOTICIAS |","description":"DIARIO - RADIO ONLINE SAN JUAN ARGENTINA","publisher":{"@id":"https:\/\/gysfm.com.ar\/inicio\/#organization"},"potentialAction":[{"@type":"SearchAction","target":{"@type":"EntryPoint","urlTemplate":"https:\/\/gysfm.com.ar\/inicio\/?s={search_term_string}"},"query-input":{"@type":"PropertyValueSpecification","valueRequired":true,"valueName":"search_term_string"}}],"inLanguage":"es"},{"@type":"Organization","@id":"https:\/\/gysfm.com.ar\/inicio\/#organization","name":"GYS NOTICIAS |","url":"https:\/\/gysfm.com.ar\/inicio\/","logo":{"@type":"ImageObject","inLanguage":"es","@id":"https:\/\/gysfm.com.ar\/inicio\/#\/schema\/logo\/image\/","url":"https:\/\/gysfm.com.ar\/inicio\/wp-content\/uploads\/2023\/07\/LOGOGYS-OK.png","contentUrl":"https:\/\/gysfm.com.ar\/inicio\/wp-content\/uploads\/2023\/07\/LOGOGYS-OK.png","width":1170,"height":872,"caption":"GYS NOTICIAS |"},"image":{"@id":"https:\/\/gysfm.com.ar\/inicio\/#\/schema\/logo\/image\/"}},{"@type":"Person","@id":"https:\/\/gysfm.com.ar\/inicio\/#\/schema\/person\/3abba7593ef2ad19e1be221d54383dc5","name":"Prensa G&amp;S FM","image":{"@type":"ImageObject","inLanguage":"es","@id":"https:\/\/gysfm.com.ar\/inicio\/#\/schema\/person\/image\/","url":"https:\/\/secure.gravatar.com\/avatar\/096ec78df02049ab018702bb4ccedf659377fa92a26540b5247612077a0dbd29?s=96&d=mm&r=g","contentUrl":"https:\/\/secure.gravatar.com\/avatar\/096ec78df02049ab018702bb4ccedf659377fa92a26540b5247612077a0dbd29?s=96&d=mm&r=g","caption":"Prensa G&amp;S FM"},"sameAs":["https:\/\/gysfm.com.ar\/"],"url":"https:\/\/gysfm.com.ar\/inicio\/author\/lucasm\/"}]}},"_links":{"self":[{"href":"https:\/\/gysfm.com.ar\/inicio\/wp-json\/wp\/v2\/posts\/210644","targetHints":{"allow":["GET"]}}],"collection":[{"href":"https:\/\/gysfm.com.ar\/inicio\/wp-json\/wp\/v2\/posts"}],"about":[{"href":"https:\/\/gysfm.com.ar\/inicio\/wp-json\/wp\/v2\/types\/post"}],"author":[{"embeddable":true,"href":"https:\/\/gysfm.com.ar\/inicio\/wp-json\/wp\/v2\/users\/2"}],"replies":[{"embeddable":true,"href":"https:\/\/gysfm.com.ar\/inicio\/wp-json\/wp\/v2\/comments?post=210644"}],"version-history":[{"count":1,"href":"https:\/\/gysfm.com.ar\/inicio\/wp-json\/wp\/v2\/posts\/210644\/revisions"}],"predecessor-version":[{"id":210646,"href":"https:\/\/gysfm.com.ar\/inicio\/wp-json\/wp\/v2\/posts\/210644\/revisions\/210646"}],"wp:featuredmedia":[{"embeddable":true,"href":"https:\/\/gysfm.com.ar\/inicio\/wp-json\/wp\/v2\/media\/210645"}],"wp:attachment":[{"href":"https:\/\/gysfm.com.ar\/inicio\/wp-json\/wp\/v2\/media?parent=210644"}],"wp:term":[{"taxonomy":"category","embeddable":true,"href":"https:\/\/gysfm.com.ar\/inicio\/wp-json\/wp\/v2\/categories?post=210644"},{"taxonomy":"post_tag","embeddable":true,"href":"https:\/\/gysfm.com.ar\/inicio\/wp-json\/wp\/v2\/tags?post=210644"}],"curies":[{"name":"wp","href":"https:\/\/api.w.org\/{rel}","templated":true}]}}