{"id":210593,"date":"2026-09-05T19:37:19","date_gmt":"2026-09-05T22:37:19","guid":{"rendered":"https:\/\/gysfm.com.ar\/inicio\/la-advertencia-de-un-exasesor-de-margaret-thatcher-tras-el-discurso-de-milei-sobre-las-islas-malvinas\/"},"modified":"2026-09-05T19:37:20","modified_gmt":"2026-09-05T22:37:20","slug":"la-advertencia-de-un-exasesor-de-margaret-thatcher-tras-el-discurso-de-milei-sobre-las-islas-malvinas","status":"publish","type":"post","link":"https:\/\/gysfm.com.ar\/inicio\/la-advertencia-de-un-exasesor-de-margaret-thatcher-tras-el-discurso-de-milei-sobre-las-islas-malvinas\/","title":{"rendered":"La advertencia de un exasesor de Margaret Thatcher tras el discurso de Milei sobre las Islas Malvinas"},"content":{"rendered":"<p> <br \/>\n<\/p>\n<div>\n<p class=\"com-paragraph --capital --s\">LONDRES.\u2013 Un analista pol\u00edtico y antiguo asesor de la exmandataria brit\u00e1nica <strong>Margaret Thatcher<\/strong> reaccion\u00f3 el viernes <strong>al discurso sobre las Islas Malvinas del presidente argentino, <\/strong><a href=\"https:\/\/www.lanacion.com.ar\/politica\/el-discurso-completo-de-javier-milei-sobre-malvinas-en-cadena-nacional-nid03092026\/\" target=\"_self\" title=\"https:\/\/www.lanacion.com.ar\/politica\/el-discurso-completo-de-javier-milei-sobre-malvinas-en-cadena-nacional-nid03092026\/\" class=\"com-link break-word\" data-mrf-recirculation=\"n_link_parrafo\"><strong>Javier Milei<\/strong><\/a>, en el que afirm\u00f3 que hay \u201cvientos de cambio\u201d favorables a la reivindicaci\u00f3n territorial de nuestro pa\u00eds, a ra\u00edz de unas declaraciones del presidente norteamericano, <a href=\"https:\/\/www.lanacion.com.ar\/politica\/detras-de-los-dichos-de-trump-sobre-las-malvinas-especialistas-britanicos-advierten-sobre-las-causas-nid03092026\/\" target=\"_self\" title=\"https:\/\/www.lanacion.com.ar\/politica\/detras-de-los-dichos-de-trump-sobre-las-malvinas-especialistas-britanicos-advierten-sobre-las-causas-nid03092026\/\" class=\"com-link break-word\" data-mrf-recirculation=\"n_link_parrafo\"><strong>Donald Trump<\/strong><\/a>.<\/p>\n<p class=\"com-paragraph --s\"><strong>\u201cArgentina est\u00e1 despertando una vez m\u00e1s a un le\u00f3n dormido que luchar\u00e1 por defender a su pueblo\u201d<\/strong>, escribi\u00f3 en X <strong>Nile Gardiner<\/strong>, exasistente de la primera ministra que gobern\u00f3 <a href=\"https:\/\/www.lanacion.com.ar\/politica\/reino-unido-reacciono-a-la-cadena-nacional-de-javier-milei-por-malvinas-nid04092026\/\" target=\"_self\" title=\"https:\/\/www.lanacion.com.ar\/politica\/reino-unido-reacciono-a-la-cadena-nacional-de-javier-milei-por-malvinas-nid04092026\/\" class=\"com-link break-word\" data-mrf-recirculation=\"n_link_parrafo\"><strong>Gran Breta\u00f1a <\/strong><\/a>durante el conflicto.<\/p>\n<p class=\"com-paragraph --s\">Seg\u00fan Gardiner, que actualmente dirige el Centro Margaret Thatcher para la Libertad de la Fundaci\u00f3n Heritage, \u201c<strong>si hay una causa hoy que une al pueblo brit\u00e1nico es la defensa de las <\/strong><em><strong>Falklands <\/strong><\/em><strong>[como los brit\u00e1nicos llaman a las islas] <\/strong>y los principios de soberan\u00eda y autodeterminaci\u00f3n\u201d.<\/p>\n<p class=\"com-paragraph --s\">El jefe de la diplomacia brit\u00e1nica, <strong>Ed Miliband<\/strong>, afirm\u00f3 por su parte que <strong>\u201clas islas son brit\u00e1nicas y seguir\u00e1n si\u00e9ndolo, porque es la voluntad abrumadora de sus habitantes\u201d<\/strong>.<\/p>\n<p class=\"com-paragraph --s\">La postura de Gran Breta\u00f1a respecto a las Islas Malvinas <strong>\u201ces inquebrantable\u201d<\/strong>, reforz\u00f3 el funcionario en X.<\/p>\n<p class=\"com-paragraph --s\">En la misma plataforma, el ministro brit\u00e1nico de Defensa, <strong>Wes Streeting<\/strong>, apunt\u00f3 que las islas <strong>\u201cson brit\u00e1nicas porque sus habitantes eligen ser brit\u00e1nicos\u201d<\/strong>.<\/p>\n<p class=\"com-paragraph --s\">Por otro lado, la oposici\u00f3n al gobierno laborista aprovech\u00f3 esta situaci\u00f3n para <a href=\"https:\/\/www.lanacion.com.ar\/el-mundo\/la-presion-de-milei-por-malvinas-expone-una-feroz-interna-en-gran-bretana-nid04092026\/\" target=\"_self\" title=\"https:\/\/www.lanacion.com.ar\/el-mundo\/la-presion-de-milei-por-malvinas-expone-una-feroz-interna-en-gran-bretana-nid04092026\/\" class=\"com-link break-word\" data-mrf-recirculation=\"n_link_parrafo\"><strong>criticar al primer ministro, Andy Burnham, <\/strong><\/a>a quien tildaron de proyectar una imagen de debilidad hacia el mundo.<\/p>\n<p><h2 class=\"font-primary font-w-bold text-subheading-lg text-left container-center-100 mb-8\"><span>La injerencia de Trump<\/span><\/h2>\n<\/p>\n<p class=\"com-paragraph --s\">El destino de las islas volvi\u00f3 a los titulares esta semana <strong>despu\u00e9s que Trump amenazara con intervenir en favor de la Argentina <\/strong>en la hist\u00f3rica disputa. Al mismo tiempo, coincide con la revelaci\u00f3n de <a href=\"https:\/\/www.lanacion.com.ar\/economia\/las-petroleras-que-operan-en-malvinas-desafiaron-las-sanciones-de-milei-y-ratificaron-que-avanzaran-nid04092026\/\" target=\"_self\" title=\"https:\/\/www.lanacion.com.ar\/economia\/las-petroleras-que-operan-en-malvinas-desafiaron-las-sanciones-de-milei-y-ratificaron-que-avanzaran-nid04092026\/\" class=\"com-link break-word\" data-mrf-recirculation=\"n_link_parrafo\">un proyecto petrolero brit\u00e1nico-israel\u00ed<\/a> cerca del archipi\u00e9lago que gener\u00f3 indignaci\u00f3n en nuestro pa\u00eds.<\/p>\n<p class=\"com-paragraph --s\"><strong>\u201cEn el mundo corren vientos de cambio favorables a nuestro reclamo\u201d<\/strong>, afirm\u00f3 Milei en cadena nacional, despu\u00e9s que el presidente norteamericano dijera esta semana que no descarta \u201crevisar\u201d la tradicional posici\u00f3n de neutralidad de Washington sobre el hist\u00f3rico diferendo por las islas.<\/p>\n<p class=\"com-paragraph --s\"><strong>\u201cEsta amenaza no es inocua\u201d<\/strong>, prosigui\u00f3 el Presidente. Su alocuci\u00f3n se dio en el marco del reclamo de la Argentina contra el proyecto petrolero Sea Lion, impulsado por la compa\u00f1\u00eda brit\u00e1nica Rockhopper y la israel\u00ed Navitas en aguas a 220 kil\u00f3metros al norte de las Islas.<\/p>\n<div class=\"content-media\">\n<section role=\"button\" class=\"mod-media   \">\n<figure role=\"button\" tabindex=\"0\" class=\"mod-figure \"><figcaption class=\"mod-figcaption\"><span class=\"com-text --caption --twoxs\">El presidente argentino, Javier Milei, en cadena nacional<\/span><\/figcaption><\/figure>\n<\/section>\n<\/div>\n<p class=\"com-paragraph --s\">Milei dijo que va a <strong>\u201cendurecer las sanciones y penas contra las compa\u00f1\u00edas vinculadas a operaciones no autorizadas\u201d<\/strong> y anunci\u00f3 la creaci\u00f3n de <strong>una base naval en Tierra del Fuego.<\/strong><\/p>\n<p class=\"com-paragraph --s\">A partir del cruce de declaraciones, <a href=\"https:\/\/www.lanacion.com.ar\/economia\/las-petroleras-que-operan-en-malvinas-desafiaron-las-sanciones-de-milei-y-ratificaron-que-avanzaran-nid04092026\/\" target=\"_self\" title=\"https:\/\/www.lanacion.com.ar\/economia\/las-petroleras-que-operan-en-malvinas-desafiaron-las-sanciones-de-milei-y-ratificaron-que-avanzaran-nid04092026\/\" class=\"com-link break-word\" data-mrf-recirculation=\"n_link_parrafo\">las acciones de Rockhopper <\/a>cayeron un <strong>7% <\/strong>en la bolsa de Londres, aunque seguidamente logr\u00f3 moderar su p\u00e9rdidas.<\/p>\n<p class=\"com-paragraph --s\">En su discurso, Milei agreg\u00f3 que los isle\u00f1os, como constituyen \u201cuna poblaci\u00f3n implantada en un territorio usurpado, <strong>no tienen un derecho leg\u00edtimo a la autodeterminaci\u00f3n<\/strong>\u201d.<\/p>\n<div class=\"content-media\">\n<section role=\"button\" class=\"mod-media   \">\n<figure role=\"button\" tabindex=\"0\" class=\"mod-figure \"><figcaption class=\"mod-figcaption\"><span class=\"com-text --caption --twoxs\">Trump durante una ceremonia para otorgar la Medalla del Congreso a la tripulaci\u00f3n de la misi\u00f3n Artemis II, en el Centro Espacial Johnson, en Houston<\/span><span class=\"com-text --credit --twoxs\">Mark Schiefelbein &#8211; AP<\/span><\/figcaption><\/figure>\n<\/section>\n<\/div>\n<p class=\"com-paragraph --s\">La disputa por la soberan\u00eda de las islas es reconocida oficialmente por una resoluci\u00f3n de la ONU de 1965, <strong>que insta a ambas naciones a resolverla por la v\u00eda diplom\u00e1tica <\/strong>y a no adoptar decisiones unilaterales.<\/p>\n<p class=\"com-paragraph --s\">Hasta ahora, <strong>Estados Unidos<\/strong>, como la mayor\u00eda de pa\u00edses occidentales, reconoce que Reino Unido administra de facto ese archipi\u00e9lago, pero <strong>no se pronuncia estrictamente sobre su soberan\u00eda<\/strong>, reclamada por nuestro pa\u00eds.<\/p>\n<div class=\"content-media\">\n<section role=\"button\" class=\"mod-media   \">\n<figure role=\"button\" tabindex=\"0\" class=\"mod-figure \"><figcaption class=\"mod-figcaption\"><span class=\"com-text --caption --twoxs\">Trump asiste a un acto con legisladores republicanos en el Jard\u00edn de las Rosas de la Casa Blanca, en Washington<\/span><span class=\"com-text --credit --twoxs\">Alex Brandon &#8211; AP<\/span><\/figcaption><\/figure>\n<\/section>\n<\/div>\n<p class=\"com-paragraph --s\">El jueves, en una entrevista con la cadena brit\u00e1nica GB News, Trump volvi\u00f3 a criticar la falta de apoyo militar de Londres en su guerra contra Ir\u00e1n y <strong>se neg\u00f3 a confirmar si respaldar\u00eda a Reino Unido <\/strong>en caso de un nuevo conflicto con la Argentina.<\/p>\n<p class=\"com-paragraph --s\">\u201c<strong>La cuesti\u00f3n Malvinas le sirve a Trump para presionar al Reino Unido<\/strong>, para que cumpla con sus demandas en relaci\u00f3n con el financiamiento de la OTAN, con la colaboraci\u00f3n en la guerra en <strong>Ir\u00e1n<\/strong>\u201d, dijo a la AFP <strong>Tom\u00e1s Mugica<\/strong>, polit\u00f3logo y director del Centro de Estudios Internacionales de la Universidad Cat\u00f3lica Argentina.<\/p>\n<p class=\"com-paragraph --s\">\u201cMuchas veces las posiciones ret\u00f3ricas de Trump, que son muy fuertes, <strong>no se corresponden con las iniciativas diplom\u00e1ticas y militares <\/strong>que le siguen\u201d, agreg\u00f3 el experto.<\/p>\n<p class=\"com-paragraph --s\"><strong>Agencia AFP<\/strong><\/p>\n<section class=\"container-center-100 mb-40 border border-bottom border-thin border-neutral-light-700\">\n<hr\/>\n<\/section>\n<\/div>\n<p><script id=\"facebookpixel\" defer=\"\" type=\"text\/javascript\">\n        !function(f,b,e,v,n,t,s)\n        {if(f.fbq)return;n=f.fbq=function(){n.callMethod?\n        n.callMethod.apply(n,arguments):n.queue.push(arguments)};\n        if(!f._fbq)f._fbq=n;n.push=n;n.loaded=!0;n.version='2.0';\n        n.queue=[];t=b.createElement(e);t.async=!0;\n        t.src=v;s=b.getElementsByTagName(e)[0];\n        s.parentNode.insertBefore(t,s)}(window, document,'script',\n        'https:\/\/connect.facebook.net\/en_US\/fbevents.js');\n        fbq('init', '492459597522335');\n        fbq('track', 'PageView');\n    <\/script><br \/>\n<br \/><\/p>\n","protected":false},"excerpt":{"rendered":"<p>LONDRES.\u2013 Un analista pol\u00edtico y antiguo asesor de la exmandataria brit\u00e1nica Margaret Thatcher reaccion\u00f3 el viernes al discurso sobre las Islas Malvinas del presidente argentino, Javier Milei, en el que afirm\u00f3 que hay \u201cvientos de cambio\u201d favorables a la reivindicaci\u00f3n territorial de nuestro pa\u00eds, a ra\u00edz de unas declaraciones del presidente norteamericano, Donald Trump. \u201cArgentina [&hellip;]<\/p>\n","protected":false},"author":2,"featured_media":210594,"comment_status":"closed","ping_status":"closed","sticky":false,"template":"","format":"standard","meta":{"footnotes":""},"categories":[26],"tags":[],"class_list":["post-210593","post","type-post","status-publish","format-standard","has-post-thumbnail","hentry","category-internacionales"],"yoast_head":"<!-- This site is optimized with the Yoast SEO plugin v24.4 - https:\/\/yoast.com\/wordpress\/plugins\/seo\/ -->\n<title>La advertencia de un exasesor de Margaret Thatcher tras el discurso de Milei sobre las Islas Malvinas - GYS NOTICIAS |<\/title>\n<meta name=\"robots\" content=\"index, follow, max-snippet:-1, max-image-preview:large, max-video-preview:-1\" \/>\n<link rel=\"canonical\" href=\"https:\/\/gysfm.com.ar\/inicio\/la-advertencia-de-un-exasesor-de-margaret-thatcher-tras-el-discurso-de-milei-sobre-las-islas-malvinas\/\" \/>\n<meta property=\"og:locale\" content=\"es_ES\" \/>\n<meta property=\"og:type\" content=\"article\" \/>\n<meta property=\"og:title\" content=\"La advertencia de un exasesor de Margaret Thatcher tras el discurso de Milei sobre las Islas Malvinas - GYS NOTICIAS |\" \/>\n<meta property=\"og:description\" content=\"LONDRES.\u2013 Un analista pol\u00edtico y antiguo asesor de la exmandataria brit\u00e1nica Margaret Thatcher reaccion\u00f3 el viernes al discurso sobre las Islas Malvinas del presidente argentino, Javier Milei, en el que afirm\u00f3 que hay \u201cvientos de cambio\u201d favorables a la reivindicaci\u00f3n territorial de nuestro pa\u00eds, a ra\u00edz de unas declaraciones del presidente norteamericano, Donald Trump. \u201cArgentina [&hellip;]\" \/>\n<meta property=\"og:url\" content=\"https:\/\/gysfm.com.ar\/inicio\/la-advertencia-de-un-exasesor-de-margaret-thatcher-tras-el-discurso-de-milei-sobre-las-islas-malvinas\/\" \/>\n<meta property=\"og:site_name\" content=\"GYS NOTICIAS |\" \/>\n<meta property=\"article:published_time\" content=\"2026-09-05T22:37:19+00:00\" \/>\n<meta property=\"article:modified_time\" content=\"2026-09-05T22:37:20+00:00\" \/>\n<meta property=\"og:image\" content=\"https:\/\/gysfm.com.ar\/inicio\/wp-content\/uploads\/2026\/09\/captura-de-pantalla-de-la-imagen-publicada-por-MKMXFLAPJBD5TKTXNZMK53A25Y.png\" \/>\n\t<meta property=\"og:image:width\" content=\"1200\" \/>\n\t<meta property=\"og:image:height\" content=\"800\" \/>\n\t<meta property=\"og:image:type\" content=\"image\/png\" \/>\n<meta name=\"author\" content=\"Prensa G&amp;S FM\" \/>\n<meta name=\"twitter:card\" content=\"summary_large_image\" \/>\n<meta name=\"twitter:label1\" content=\"Escrito por\" \/>\n\t<meta name=\"twitter:data1\" content=\"Prensa G&amp;S FM\" \/>\n\t<meta name=\"twitter:label2\" content=\"Tiempo de lectura\" \/>\n\t<meta name=\"twitter:data2\" content=\"4 minutos\" \/>\n<script type=\"application\/ld+json\" class=\"yoast-schema-graph\">{\"@context\":\"https:\/\/schema.org\",\"@graph\":[{\"@type\":\"Article\",\"@id\":\"https:\/\/gysfm.com.ar\/inicio\/la-advertencia-de-un-exasesor-de-margaret-thatcher-tras-el-discurso-de-milei-sobre-las-islas-malvinas\/#article\",\"isPartOf\":{\"@id\":\"https:\/\/gysfm.com.ar\/inicio\/la-advertencia-de-un-exasesor-de-margaret-thatcher-tras-el-discurso-de-milei-sobre-las-islas-malvinas\/\"},\"author\":{\"name\":\"Prensa G&amp;S FM\",\"@id\":\"https:\/\/gysfm.com.ar\/inicio\/#\/schema\/person\/3abba7593ef2ad19e1be221d54383dc5\"},\"headline\":\"La advertencia de un exasesor de Margaret Thatcher tras el discurso de Milei sobre las Islas Malvinas\",\"datePublished\":\"2026-09-05T22:37:19+00:00\",\"dateModified\":\"2026-09-05T22:37:20+00:00\",\"mainEntityOfPage\":{\"@id\":\"https:\/\/gysfm.com.ar\/inicio\/la-advertencia-de-un-exasesor-de-margaret-thatcher-tras-el-discurso-de-milei-sobre-las-islas-malvinas\/\"},\"wordCount\":790,\"publisher\":{\"@id\":\"https:\/\/gysfm.com.ar\/inicio\/#organization\"},\"image\":{\"@id\":\"https:\/\/gysfm.com.ar\/inicio\/la-advertencia-de-un-exasesor-de-margaret-thatcher-tras-el-discurso-de-milei-sobre-las-islas-malvinas\/#primaryimage\"},\"thumbnailUrl\":\"https:\/\/gysfm.com.ar\/inicio\/wp-content\/uploads\/2026\/09\/captura-de-pantalla-de-la-imagen-publicada-por-MKMXFLAPJBD5TKTXNZMK53A25Y.png\",\"articleSection\":[\"INTERNACIONALES\"],\"inLanguage\":\"es\"},{\"@type\":\"WebPage\",\"@id\":\"https:\/\/gysfm.com.ar\/inicio\/la-advertencia-de-un-exasesor-de-margaret-thatcher-tras-el-discurso-de-milei-sobre-las-islas-malvinas\/\",\"url\":\"https:\/\/gysfm.com.ar\/inicio\/la-advertencia-de-un-exasesor-de-margaret-thatcher-tras-el-discurso-de-milei-sobre-las-islas-malvinas\/\",\"name\":\"La advertencia de un exasesor de Margaret Thatcher tras el discurso de Milei sobre las Islas Malvinas - GYS NOTICIAS |\",\"isPartOf\":{\"@id\":\"https:\/\/gysfm.com.ar\/inicio\/#website\"},\"primaryImageOfPage\":{\"@id\":\"https:\/\/gysfm.com.ar\/inicio\/la-advertencia-de-un-exasesor-de-margaret-thatcher-tras-el-discurso-de-milei-sobre-las-islas-malvinas\/#primaryimage\"},\"image\":{\"@id\":\"https:\/\/gysfm.com.ar\/inicio\/la-advertencia-de-un-exasesor-de-margaret-thatcher-tras-el-discurso-de-milei-sobre-las-islas-malvinas\/#primaryimage\"},\"thumbnailUrl\":\"https:\/\/gysfm.com.ar\/inicio\/wp-content\/uploads\/2026\/09\/captura-de-pantalla-de-la-imagen-publicada-por-MKMXFLAPJBD5TKTXNZMK53A25Y.png\",\"datePublished\":\"2026-09-05T22:37:19+00:00\",\"dateModified\":\"2026-09-05T22:37:20+00:00\",\"breadcrumb\":{\"@id\":\"https:\/\/gysfm.com.ar\/inicio\/la-advertencia-de-un-exasesor-de-margaret-thatcher-tras-el-discurso-de-milei-sobre-las-islas-malvinas\/#breadcrumb\"},\"inLanguage\":\"es\",\"potentialAction\":[{\"@type\":\"ReadAction\",\"target\":[\"https:\/\/gysfm.com.ar\/inicio\/la-advertencia-de-un-exasesor-de-margaret-thatcher-tras-el-discurso-de-milei-sobre-las-islas-malvinas\/\"]}]},{\"@type\":\"ImageObject\",\"inLanguage\":\"es\",\"@id\":\"https:\/\/gysfm.com.ar\/inicio\/la-advertencia-de-un-exasesor-de-margaret-thatcher-tras-el-discurso-de-milei-sobre-las-islas-malvinas\/#primaryimage\",\"url\":\"https:\/\/gysfm.com.ar\/inicio\/wp-content\/uploads\/2026\/09\/captura-de-pantalla-de-la-imagen-publicada-por-MKMXFLAPJBD5TKTXNZMK53A25Y.png\",\"contentUrl\":\"https:\/\/gysfm.com.ar\/inicio\/wp-content\/uploads\/2026\/09\/captura-de-pantalla-de-la-imagen-publicada-por-MKMXFLAPJBD5TKTXNZMK53A25Y.png\",\"width\":1200,\"height\":800},{\"@type\":\"BreadcrumbList\",\"@id\":\"https:\/\/gysfm.com.ar\/inicio\/la-advertencia-de-un-exasesor-de-margaret-thatcher-tras-el-discurso-de-milei-sobre-las-islas-malvinas\/#breadcrumb\",\"itemListElement\":[{\"@type\":\"ListItem\",\"position\":1,\"name\":\"Portada\",\"item\":\"https:\/\/gysfm.com.ar\/inicio\/\"},{\"@type\":\"ListItem\",\"position\":2,\"name\":\"La advertencia de un exasesor de Margaret Thatcher tras el discurso de Milei sobre las Islas Malvinas\"}]},{\"@type\":\"WebSite\",\"@id\":\"https:\/\/gysfm.com.ar\/inicio\/#website\",\"url\":\"https:\/\/gysfm.com.ar\/inicio\/\",\"name\":\"GYS NOTICIAS |\",\"description\":\"DIARIO - RADIO ONLINE SAN JUAN ARGENTINA\",\"publisher\":{\"@id\":\"https:\/\/gysfm.com.ar\/inicio\/#organization\"},\"potentialAction\":[{\"@type\":\"SearchAction\",\"target\":{\"@type\":\"EntryPoint\",\"urlTemplate\":\"https:\/\/gysfm.com.ar\/inicio\/?s={search_term_string}\"},\"query-input\":{\"@type\":\"PropertyValueSpecification\",\"valueRequired\":true,\"valueName\":\"search_term_string\"}}],\"inLanguage\":\"es\"},{\"@type\":\"Organization\",\"@id\":\"https:\/\/gysfm.com.ar\/inicio\/#organization\",\"name\":\"GYS NOTICIAS |\",\"url\":\"https:\/\/gysfm.com.ar\/inicio\/\",\"logo\":{\"@type\":\"ImageObject\",\"inLanguage\":\"es\",\"@id\":\"https:\/\/gysfm.com.ar\/inicio\/#\/schema\/logo\/image\/\",\"url\":\"https:\/\/gysfm.com.ar\/inicio\/wp-content\/uploads\/2023\/07\/LOGOGYS-OK.png\",\"contentUrl\":\"https:\/\/gysfm.com.ar\/inicio\/wp-content\/uploads\/2023\/07\/LOGOGYS-OK.png\",\"width\":1170,\"height\":872,\"caption\":\"GYS NOTICIAS |\"},\"image\":{\"@id\":\"https:\/\/gysfm.com.ar\/inicio\/#\/schema\/logo\/image\/\"}},{\"@type\":\"Person\",\"@id\":\"https:\/\/gysfm.com.ar\/inicio\/#\/schema\/person\/3abba7593ef2ad19e1be221d54383dc5\",\"name\":\"Prensa G&amp;S FM\",\"image\":{\"@type\":\"ImageObject\",\"inLanguage\":\"es\",\"@id\":\"https:\/\/gysfm.com.ar\/inicio\/#\/schema\/person\/image\/\",\"url\":\"https:\/\/secure.gravatar.com\/avatar\/096ec78df02049ab018702bb4ccedf659377fa92a26540b5247612077a0dbd29?s=96&d=mm&r=g\",\"contentUrl\":\"https:\/\/secure.gravatar.com\/avatar\/096ec78df02049ab018702bb4ccedf659377fa92a26540b5247612077a0dbd29?s=96&d=mm&r=g\",\"caption\":\"Prensa G&amp;S FM\"},\"sameAs\":[\"https:\/\/gysfm.com.ar\/\"],\"url\":\"https:\/\/gysfm.com.ar\/inicio\/author\/lucasm\/\"}]}<\/script>\n<!-- \/ Yoast SEO plugin. -->","yoast_head_json":{"title":"La advertencia de un exasesor de Margaret Thatcher tras el discurso de Milei sobre las Islas Malvinas - GYS NOTICIAS |","robots":{"index":"index","follow":"follow","max-snippet":"max-snippet:-1","max-image-preview":"max-image-preview:large","max-video-preview":"max-video-preview:-1"},"canonical":"https:\/\/gysfm.com.ar\/inicio\/la-advertencia-de-un-exasesor-de-margaret-thatcher-tras-el-discurso-de-milei-sobre-las-islas-malvinas\/","og_locale":"es_ES","og_type":"article","og_title":"La advertencia de un exasesor de Margaret Thatcher tras el discurso de Milei sobre las Islas Malvinas - GYS NOTICIAS |","og_description":"LONDRES.\u2013 Un analista pol\u00edtico y antiguo asesor de la exmandataria brit\u00e1nica Margaret Thatcher reaccion\u00f3 el viernes al discurso sobre las Islas Malvinas del presidente argentino, Javier Milei, en el que afirm\u00f3 que hay \u201cvientos de cambio\u201d favorables a la reivindicaci\u00f3n territorial de nuestro pa\u00eds, a ra\u00edz de unas declaraciones del presidente norteamericano, Donald Trump. \u201cArgentina [&hellip;]","og_url":"https:\/\/gysfm.com.ar\/inicio\/la-advertencia-de-un-exasesor-de-margaret-thatcher-tras-el-discurso-de-milei-sobre-las-islas-malvinas\/","og_site_name":"GYS NOTICIAS |","article_published_time":"2026-09-05T22:37:19+00:00","article_modified_time":"2026-09-05T22:37:20+00:00","og_image":[{"width":1200,"height":800,"url":"https:\/\/gysfm.com.ar\/inicio\/wp-content\/uploads\/2026\/09\/captura-de-pantalla-de-la-imagen-publicada-por-MKMXFLAPJBD5TKTXNZMK53A25Y.png","type":"image\/png"}],"author":"Prensa G&amp;S FM","twitter_card":"summary_large_image","twitter_misc":{"Escrito por":"Prensa G&amp;S FM","Tiempo de lectura":"4 minutos"},"schema":{"@context":"https:\/\/schema.org","@graph":[{"@type":"Article","@id":"https:\/\/gysfm.com.ar\/inicio\/la-advertencia-de-un-exasesor-de-margaret-thatcher-tras-el-discurso-de-milei-sobre-las-islas-malvinas\/#article","isPartOf":{"@id":"https:\/\/gysfm.com.ar\/inicio\/la-advertencia-de-un-exasesor-de-margaret-thatcher-tras-el-discurso-de-milei-sobre-las-islas-malvinas\/"},"author":{"name":"Prensa G&amp;S FM","@id":"https:\/\/gysfm.com.ar\/inicio\/#\/schema\/person\/3abba7593ef2ad19e1be221d54383dc5"},"headline":"La advertencia de un exasesor de Margaret Thatcher tras el discurso de Milei sobre las Islas Malvinas","datePublished":"2026-09-05T22:37:19+00:00","dateModified":"2026-09-05T22:37:20+00:00","mainEntityOfPage":{"@id":"https:\/\/gysfm.com.ar\/inicio\/la-advertencia-de-un-exasesor-de-margaret-thatcher-tras-el-discurso-de-milei-sobre-las-islas-malvinas\/"},"wordCount":790,"publisher":{"@id":"https:\/\/gysfm.com.ar\/inicio\/#organization"},"image":{"@id":"https:\/\/gysfm.com.ar\/inicio\/la-advertencia-de-un-exasesor-de-margaret-thatcher-tras-el-discurso-de-milei-sobre-las-islas-malvinas\/#primaryimage"},"thumbnailUrl":"https:\/\/gysfm.com.ar\/inicio\/wp-content\/uploads\/2026\/09\/captura-de-pantalla-de-la-imagen-publicada-por-MKMXFLAPJBD5TKTXNZMK53A25Y.png","articleSection":["INTERNACIONALES"],"inLanguage":"es"},{"@type":"WebPage","@id":"https:\/\/gysfm.com.ar\/inicio\/la-advertencia-de-un-exasesor-de-margaret-thatcher-tras-el-discurso-de-milei-sobre-las-islas-malvinas\/","url":"https:\/\/gysfm.com.ar\/inicio\/la-advertencia-de-un-exasesor-de-margaret-thatcher-tras-el-discurso-de-milei-sobre-las-islas-malvinas\/","name":"La advertencia de un exasesor de Margaret Thatcher tras el discurso de Milei sobre las Islas Malvinas - GYS NOTICIAS |","isPartOf":{"@id":"https:\/\/gysfm.com.ar\/inicio\/#website"},"primaryImageOfPage":{"@id":"https:\/\/gysfm.com.ar\/inicio\/la-advertencia-de-un-exasesor-de-margaret-thatcher-tras-el-discurso-de-milei-sobre-las-islas-malvinas\/#primaryimage"},"image":{"@id":"https:\/\/gysfm.com.ar\/inicio\/la-advertencia-de-un-exasesor-de-margaret-thatcher-tras-el-discurso-de-milei-sobre-las-islas-malvinas\/#primaryimage"},"thumbnailUrl":"https:\/\/gysfm.com.ar\/inicio\/wp-content\/uploads\/2026\/09\/captura-de-pantalla-de-la-imagen-publicada-por-MKMXFLAPJBD5TKTXNZMK53A25Y.png","datePublished":"2026-09-05T22:37:19+00:00","dateModified":"2026-09-05T22:37:20+00:00","breadcrumb":{"@id":"https:\/\/gysfm.com.ar\/inicio\/la-advertencia-de-un-exasesor-de-margaret-thatcher-tras-el-discurso-de-milei-sobre-las-islas-malvinas\/#breadcrumb"},"inLanguage":"es","potentialAction":[{"@type":"ReadAction","target":["https:\/\/gysfm.com.ar\/inicio\/la-advertencia-de-un-exasesor-de-margaret-thatcher-tras-el-discurso-de-milei-sobre-las-islas-malvinas\/"]}]},{"@type":"ImageObject","inLanguage":"es","@id":"https:\/\/gysfm.com.ar\/inicio\/la-advertencia-de-un-exasesor-de-margaret-thatcher-tras-el-discurso-de-milei-sobre-las-islas-malvinas\/#primaryimage","url":"https:\/\/gysfm.com.ar\/inicio\/wp-content\/uploads\/2026\/09\/captura-de-pantalla-de-la-imagen-publicada-por-MKMXFLAPJBD5TKTXNZMK53A25Y.png","contentUrl":"https:\/\/gysfm.com.ar\/inicio\/wp-content\/uploads\/2026\/09\/captura-de-pantalla-de-la-imagen-publicada-por-MKMXFLAPJBD5TKTXNZMK53A25Y.png","width":1200,"height":800},{"@type":"BreadcrumbList","@id":"https:\/\/gysfm.com.ar\/inicio\/la-advertencia-de-un-exasesor-de-margaret-thatcher-tras-el-discurso-de-milei-sobre-las-islas-malvinas\/#breadcrumb","itemListElement":[{"@type":"ListItem","position":1,"name":"Portada","item":"https:\/\/gysfm.com.ar\/inicio\/"},{"@type":"ListItem","position":2,"name":"La advertencia de un exasesor de Margaret Thatcher tras el discurso de Milei sobre las Islas Malvinas"}]},{"@type":"WebSite","@id":"https:\/\/gysfm.com.ar\/inicio\/#website","url":"https:\/\/gysfm.com.ar\/inicio\/","name":"GYS NOTICIAS |","description":"DIARIO - RADIO ONLINE SAN JUAN ARGENTINA","publisher":{"@id":"https:\/\/gysfm.com.ar\/inicio\/#organization"},"potentialAction":[{"@type":"SearchAction","target":{"@type":"EntryPoint","urlTemplate":"https:\/\/gysfm.com.ar\/inicio\/?s={search_term_string}"},"query-input":{"@type":"PropertyValueSpecification","valueRequired":true,"valueName":"search_term_string"}}],"inLanguage":"es"},{"@type":"Organization","@id":"https:\/\/gysfm.com.ar\/inicio\/#organization","name":"GYS NOTICIAS |","url":"https:\/\/gysfm.com.ar\/inicio\/","logo":{"@type":"ImageObject","inLanguage":"es","@id":"https:\/\/gysfm.com.ar\/inicio\/#\/schema\/logo\/image\/","url":"https:\/\/gysfm.com.ar\/inicio\/wp-content\/uploads\/2023\/07\/LOGOGYS-OK.png","contentUrl":"https:\/\/gysfm.com.ar\/inicio\/wp-content\/uploads\/2023\/07\/LOGOGYS-OK.png","width":1170,"height":872,"caption":"GYS NOTICIAS |"},"image":{"@id":"https:\/\/gysfm.com.ar\/inicio\/#\/schema\/logo\/image\/"}},{"@type":"Person","@id":"https:\/\/gysfm.com.ar\/inicio\/#\/schema\/person\/3abba7593ef2ad19e1be221d54383dc5","name":"Prensa G&amp;S FM","image":{"@type":"ImageObject","inLanguage":"es","@id":"https:\/\/gysfm.com.ar\/inicio\/#\/schema\/person\/image\/","url":"https:\/\/secure.gravatar.com\/avatar\/096ec78df02049ab018702bb4ccedf659377fa92a26540b5247612077a0dbd29?s=96&d=mm&r=g","contentUrl":"https:\/\/secure.gravatar.com\/avatar\/096ec78df02049ab018702bb4ccedf659377fa92a26540b5247612077a0dbd29?s=96&d=mm&r=g","caption":"Prensa G&amp;S FM"},"sameAs":["https:\/\/gysfm.com.ar\/"],"url":"https:\/\/gysfm.com.ar\/inicio\/author\/lucasm\/"}]}},"_links":{"self":[{"href":"https:\/\/gysfm.com.ar\/inicio\/wp-json\/wp\/v2\/posts\/210593","targetHints":{"allow":["GET"]}}],"collection":[{"href":"https:\/\/gysfm.com.ar\/inicio\/wp-json\/wp\/v2\/posts"}],"about":[{"href":"https:\/\/gysfm.com.ar\/inicio\/wp-json\/wp\/v2\/types\/post"}],"author":[{"embeddable":true,"href":"https:\/\/gysfm.com.ar\/inicio\/wp-json\/wp\/v2\/users\/2"}],"replies":[{"embeddable":true,"href":"https:\/\/gysfm.com.ar\/inicio\/wp-json\/wp\/v2\/comments?post=210593"}],"version-history":[{"count":1,"href":"https:\/\/gysfm.com.ar\/inicio\/wp-json\/wp\/v2\/posts\/210593\/revisions"}],"predecessor-version":[{"id":210595,"href":"https:\/\/gysfm.com.ar\/inicio\/wp-json\/wp\/v2\/posts\/210593\/revisions\/210595"}],"wp:featuredmedia":[{"embeddable":true,"href":"https:\/\/gysfm.com.ar\/inicio\/wp-json\/wp\/v2\/media\/210594"}],"wp:attachment":[{"href":"https:\/\/gysfm.com.ar\/inicio\/wp-json\/wp\/v2\/media?parent=210593"}],"wp:term":[{"taxonomy":"category","embeddable":true,"href":"https:\/\/gysfm.com.ar\/inicio\/wp-json\/wp\/v2\/categories?post=210593"},{"taxonomy":"post_tag","embeddable":true,"href":"https:\/\/gysfm.com.ar\/inicio\/wp-json\/wp\/v2\/tags?post=210593"}],"curies":[{"name":"wp","href":"https:\/\/api.w.org\/{rel}","templated":true}]}}