{"id":210591,"date":"2026-09-05T19:26:20","date_gmt":"2026-09-05T22:26:20","guid":{"rendered":"https:\/\/gysfm.com.ar\/inicio\/la-brecha-cayo-un-38-interanual\/"},"modified":"2026-09-05T19:26:20","modified_gmt":"2026-09-05T22:26:20","slug":"la-brecha-cayo-un-38-interanual","status":"publish","type":"post","link":"https:\/\/gysfm.com.ar\/inicio\/la-brecha-cayo-un-38-interanual\/","title":{"rendered":"la brecha cay\u00f3 un 38% interanual"},"content":{"rendered":"<p> <br \/>\n<\/p>\n<div>\t\t<!-- { REGION4 --> <\/p>\n<header class=\"news-headline\">\n<div class=\"news-headline__topics-and-date-wrapper\">    <span class=\"news-headline__publication-date\"> 5 de septiembre 2026 &#8211; 19:15<br \/>\n            <\/span><\/div>\n<h2 class=\"news-headline__article-summary\"\/>\n<p id=\"p-1788644576987-21956\" class=\"ignore-parser\"> La disminuci\u00f3n de importaciones nacionales y la detenci\u00f3n de la actividad en el rubro de autos y autopartes explica la cifra.<\/p>\n<\/header>\n<article class=\"article-body article-body--first-paragraph\" data-td-script-src=\"https:\/\/www.ambito.com\/td\/modulos\/encuestas\/js\/function-embeds-min-version-1788494872.js\">\n<p id=\"p-1788645527974-60453\">Es un momento especial en la<strong> relaci\u00f3n entre la Argentina y su principal socio comercial, Brasil.<\/strong> Envuelto en un proceso electoral, el pa\u00eds vecino advierte sobre la intervenci\u00f3n proselitista del <strong>presidente Javier Milei, <\/strong>lo que tens\u00f3 el <strong>v\u00ednculo diplom\u00e1tico<\/strong> y provoc\u00f3 una visita de un grupo de diputados en una <strong>misi\u00f3n diplom\u00e1tica.<\/strong> Sin embargo, los cambios tambi\u00e9n se est\u00e1n produjendo en la <strong>situaci\u00f3n comercial.<\/strong><\/p>\n<\/article>\n<section class=\"suscription-false printed-edition\" style=\"display:none\">\n<p>El contenido al que quiere acceder es exclusivo para suscriptores.<\/p>\n<p>  <span> <button type=\"button\" name=\"button\" class=\"subscribe-btn mercadopago-btn\">suscribirse<\/button><\/span>  <span class=\"btns\"><button type=\"button\" name=\"button\" class=\"subscribe-btn reload-login\"> ya estoy suscripto<\/button><\/span>  <\/p>\n<\/section>\n<article class=\"article-body article-body--second-paragraph\">\n<p id=\"p-1788645766912-57279\">El \u00faltimo registro mostr\u00f3 que el <strong>d\u00e9ficit comercial <\/strong><strong>con <\/strong><strong>Brasil alcanz\u00f3 los u$s380 millones en agosto de este a\u00f1o, una cifra 38% menor a los u$s613 millones que representaba en el mismo mes del 2025<\/strong>. Se trata de una diferencia de u$s233 millones, explicado principalmente por un retroceso de importaciones de hasta u$s1.479 millones (un 10% interanual), seg\u00fan lo expuesto por la consultora Abeceb.<\/p>\n<\/article>\n<section class=\"related-news\">\t\t<span class=\"related-news__title\">Informate m\u00e1s<\/span>\t\t<\/p>\n<div class=\"row row--eq-height\">\n<div class=\"col-12 col-md-6\">\n<article class=\"news-article news-article--landscape-news news-article--landscape-news\">\n<figure class=\"news-article__figure figure\">\n\t\t\t\t\t\t\t\t\t\t\t<img src=\"https:\/\/media.ambito.com\/p\/24b016ea4c88270a65a9e18004f51e17\/adjuntos\/239\/imagenes\/042\/845\/0042845907\/93x52\/smart\/campo-vacas-ganado-hacienda-carne.png\" decoding=\"async\" fetchpriority=\"low\" loading=\"lazy\" alt=\"La Uni\u00f3n Europea suspender\u00e1 desde el 3 de septiembre las importaciones de varios productos de origen animal provenientes de Brasil.\" title=\"La Uni\u00f3n Europea suspender\u00e1 desde el 3 de septiembre las importaciones de varios productos de origen animal provenientes de Brasil.\" width=\"93\" height=\"52\" class=\"news-article__figure-img figure-img img-fluid\"\/>\t\t<\/figure>\n<\/article><\/div>\n<div class=\"col-12 col-md-6\">\n<article class=\"news-article news-article--landscape-news news-article--landscape-news\">\n<figure class=\"news-article__figure figure\">\n\t\t\t\t\t\t\t\t\t\t\t<img src=\"https:\/\/media.ambito.com\/p\/08661806b7c86505131185c1b2603796\/adjuntos\/239\/imagenes\/043\/618\/0043618345\/93x52\/658x345:678x365\/edson-fichin.jpeg\" decoding=\"async\" fetchpriority=\"low\" loading=\"lazy\" alt=\"Archivo. Fachin adelant\u00f3 que la decisi\u00f3n se tomar\u00e1 en los pr\u00f3ximos d\u00edas.\" title=\"Archivo. Fachin adelant\u00f3 que la decisi\u00f3n se tomar\u00e1 en los pr\u00f3ximos d\u00edas.\" width=\"93\" height=\"52\" class=\"news-article__figure-img figure-img img-fluid\"\/>\t\t<\/figure>\n<\/article><\/div>\n<\/div>\n<\/section>\n<article class=\"article-body article-body--third-paragraph\">\n<p id=\"p-1788645981654-26442\"> <strong>En julio la ca\u00edda interanual hab\u00eda sido del 53,1%<\/strong>, dado que el d\u00e9ficit hab\u00eda llegado a los u$s262 millones, con un crecimiento de las exportaciones del 4,6% -hasta los u$s1.153 millones- y un retroceso de las importaciones -de u$s1.416 millones-. A\u00fan as\u00ed, <strong>Brasil contin\u00faa siendo el principal socio comercial de la Argentina<\/strong>, concentrando en torno al 14% de las ventas externas nacionales y un 23% de las compras al extranjero.<\/p>\n<\/article>\n<article class=\"article-body article-body--fourth-paragraph\">\n<div contenteditable=\"false\" class=\"embed_cont type_imagen\" id=\"8274467-Libre-331754483_wrap\">\n<div id=\"8274467-Libre-331754483_content\" class=\"embed_content\"><img src=\"https:\/\/media.ambito.com\/p\/33fe8769a67e15c1a3c6aad66b5c4de8\/adjuntos\/239\/imagenes\/043\/624\/0043624896\/730x0\/smart\/comercio-bilateral-brasil-junio-2026.webp\" decoding=\"async\" fetchpriority=\"low\" loading=\"lazy\" alt=\"Comercio bilateral con brasil hasta junio 2026\" title=\"Comercio bilateral con brasil hasta junio 2026\" width=\"730\" height=\"undefined\" id=\"8274467-Libre-331754483_embed\"\/><\/div>\n<div class=\"embed_wrapper-cont\" id=\"p-1788646209921-1502\">\n<div id=\"8274467-Libre-331754483_epigrafe\" class=\"embed_epigrafe\">\n<p id=\"p-1788646219841-25120\">Comercio bilateral con brasil hasta junio 2026<\/p>\n<\/div><\/div><\/div>\n<h2 id=\"p-1786127991594-68796\">Ca\u00edda del d\u00e9ficit con Brasil: el impacto de la industria automotriz<\/h2>\n<p id=\"p-1788645413941-92939\">El comercio en la <strong>industria automotriz <\/strong>explic\u00f3 el grueso de este mejor resultado para Argentina. Por un lado, un informe de la consultora <strong>Abeceb <\/strong>detall\u00f3 que, las suma de las <strong>compras <\/strong>de veh\u00edculos para el transporte de pasajeros, veh\u00edculos para el transporte de mercanc\u00edas, veh\u00edculos de carretera y autopartes, totaliz\u00f3 unos <strong>u$s176 millones menos que hace un a\u00f1o: <\/strong>u$s554 millones contra u$s730 millones. <\/p>\n<\/article>\n<article class=\"article-body article-body--fifth-paragraph\">\n<p id=\"p-1788646340044-72824\"><strong>Uno de los principales rubros afectados fue el de veh\u00edculos para pasajeros<\/strong>, con una ca\u00edda del 25,6% (u$s267,4 millones), cifra similar al de<strong> autopartes y accesorios<\/strong> (25,5%). Un crecimiento de patentamiento interno en Brasil tambi\u00e9n explic\u00f3 la reducci\u00f3n de las ventas externas, lo que tambi\u00e9n repercuti\u00f3 en la suba de un 44,3% (u$s313,5 millones) de <strong>exportaciones argentinas de pick ups medianas<\/strong>, en el rubro de veh\u00edculos para transporte de mercanc\u00edas y usos especiales.<\/p>\n<\/article>\n<article class=\"article-body article-body--remaining-paragraph\">\n<p id=\"p-1788645424206-4515\">La menor adquisici\u00f3n de autos brasile\u00f1os fue compensada parcialmente por las<strong> mayor importaci\u00f3n de energ\u00eda el\u00e9ctrica<\/strong>, carne bovina, productos qu\u00edmicos, mineral de hierro y fertilizantes. <\/p>\n<\/article>\n<p>\t\t<!-- REGION4 } --><\/div>\n<p><script>\n!function(f,b,e,v,n,t,s)\n{if(f.fbq)return;n=f.fbq=function(){n.callMethod?\nn.callMethod.apply(n,arguments):n.queue.push(arguments)};\nif(!f._fbq)f._fbq=n;n.push=n;n.loaded=!0;n.version='2.0';\nn.queue=[];t=b.createElement(e);t.async=!0;\nt.src=v;s=b.getElementsByTagName(e)[0];\ns.parentNode.insertBefore(t,s)}(window,document,'script',\n'https:\/\/connect.facebook.net\/en_US\/fbevents.js');\nfbq('init', '2047048335588113');\nfbq('track', 'PageView');\n<\/script><br \/>\n<br \/><\/p>\n","protected":false},"excerpt":{"rendered":"<p>5 de septiembre 2026 &#8211; 19:15 La disminuci\u00f3n de importaciones nacionales y la detenci\u00f3n de la actividad en el rubro de autos y autopartes explica la cifra. Es un momento especial en la relaci\u00f3n entre la Argentina y su principal socio comercial, Brasil. Envuelto en un proceso electoral, el pa\u00eds vecino advierte sobre la intervenci\u00f3n [&hellip;]<\/p>\n","protected":false},"author":1,"featured_media":210592,"comment_status":"closed","ping_status":"closed","sticky":false,"template":"","format":"standard","meta":{"footnotes":""},"categories":[28],"tags":[],"class_list":["post-210591","post","type-post","status-publish","format-standard","has-post-thumbnail","hentry","category-economia"],"yoast_head":"<!-- This site is optimized with the Yoast SEO plugin v24.4 - https:\/\/yoast.com\/wordpress\/plugins\/seo\/ -->\n<title>la brecha cay\u00f3 un 38% interanual - GYS NOTICIAS |<\/title>\n<meta name=\"robots\" content=\"index, follow, max-snippet:-1, max-image-preview:large, max-video-preview:-1\" \/>\n<link rel=\"canonical\" href=\"https:\/\/gysfm.com.ar\/inicio\/la-brecha-cayo-un-38-interanual\/\" \/>\n<meta property=\"og:locale\" content=\"es_ES\" \/>\n<meta property=\"og:type\" content=\"article\" \/>\n<meta property=\"og:title\" content=\"la brecha cay\u00f3 un 38% interanual - GYS NOTICIAS |\" \/>\n<meta property=\"og:description\" content=\"5 de septiembre 2026 &#8211; 19:15 La disminuci\u00f3n de importaciones nacionales y la detenci\u00f3n de la actividad en el rubro de autos y autopartes explica la cifra. Es un momento especial en la relaci\u00f3n entre la Argentina y su principal socio comercial, Brasil. Envuelto en un proceso electoral, el pa\u00eds vecino advierte sobre la intervenci\u00f3n [&hellip;]\" \/>\n<meta property=\"og:url\" content=\"https:\/\/gysfm.com.ar\/inicio\/la-brecha-cayo-un-38-interanual\/\" \/>\n<meta property=\"og:site_name\" content=\"GYS NOTICIAS |\" \/>\n<meta property=\"article:published_time\" content=\"2026-09-05T22:26:20+00:00\" \/>\n<meta property=\"og:image\" content=\"https:\/\/media.ambito.com\/p\/24b016ea4c88270a65a9e18004f51e17\/adjuntos\/239\/imagenes\/042\/845\/0042845907\/93x52\/smart\/campo-vacas-ganado-hacienda-carne.png\" \/>\n<meta name=\"author\" content=\"admin\" \/>\n<meta name=\"twitter:card\" content=\"summary_large_image\" \/>\n<meta name=\"twitter:label1\" content=\"Escrito por\" \/>\n\t<meta name=\"twitter:data1\" content=\"admin\" \/>\n\t<meta name=\"twitter:label2\" content=\"Tiempo de lectura\" \/>\n\t<meta name=\"twitter:data2\" content=\"2 minutos\" \/>\n<script type=\"application\/ld+json\" class=\"yoast-schema-graph\">{\"@context\":\"https:\/\/schema.org\",\"@graph\":[{\"@type\":\"Article\",\"@id\":\"https:\/\/gysfm.com.ar\/inicio\/la-brecha-cayo-un-38-interanual\/#article\",\"isPartOf\":{\"@id\":\"https:\/\/gysfm.com.ar\/inicio\/la-brecha-cayo-un-38-interanual\/\"},\"author\":{\"name\":\"admin\",\"@id\":\"https:\/\/gysfm.com.ar\/inicio\/#\/schema\/person\/5bedd7ecd35cc35548d89effafa23696\"},\"headline\":\"la brecha cay\u00f3 un 38% interanual\",\"datePublished\":\"2026-09-05T22:26:20+00:00\",\"mainEntityOfPage\":{\"@id\":\"https:\/\/gysfm.com.ar\/inicio\/la-brecha-cayo-un-38-interanual\/\"},\"wordCount\":467,\"publisher\":{\"@id\":\"https:\/\/gysfm.com.ar\/inicio\/#organization\"},\"image\":{\"@id\":\"https:\/\/gysfm.com.ar\/inicio\/la-brecha-cayo-un-38-interanual\/#primaryimage\"},\"thumbnailUrl\":\"https:\/\/gysfm.com.ar\/inicio\/wp-content\/uploads\/2026\/09\/argentina-brasil-comercio.jpg\",\"articleSection\":[\"ECONOMIA\"],\"inLanguage\":\"es\"},{\"@type\":\"WebPage\",\"@id\":\"https:\/\/gysfm.com.ar\/inicio\/la-brecha-cayo-un-38-interanual\/\",\"url\":\"https:\/\/gysfm.com.ar\/inicio\/la-brecha-cayo-un-38-interanual\/\",\"name\":\"la brecha cay\u00f3 un 38% interanual - GYS NOTICIAS |\",\"isPartOf\":{\"@id\":\"https:\/\/gysfm.com.ar\/inicio\/#website\"},\"primaryImageOfPage\":{\"@id\":\"https:\/\/gysfm.com.ar\/inicio\/la-brecha-cayo-un-38-interanual\/#primaryimage\"},\"image\":{\"@id\":\"https:\/\/gysfm.com.ar\/inicio\/la-brecha-cayo-un-38-interanual\/#primaryimage\"},\"thumbnailUrl\":\"https:\/\/gysfm.com.ar\/inicio\/wp-content\/uploads\/2026\/09\/argentina-brasil-comercio.jpg\",\"datePublished\":\"2026-09-05T22:26:20+00:00\",\"breadcrumb\":{\"@id\":\"https:\/\/gysfm.com.ar\/inicio\/la-brecha-cayo-un-38-interanual\/#breadcrumb\"},\"inLanguage\":\"es\",\"potentialAction\":[{\"@type\":\"ReadAction\",\"target\":[\"https:\/\/gysfm.com.ar\/inicio\/la-brecha-cayo-un-38-interanual\/\"]}]},{\"@type\":\"ImageObject\",\"inLanguage\":\"es\",\"@id\":\"https:\/\/gysfm.com.ar\/inicio\/la-brecha-cayo-un-38-interanual\/#primaryimage\",\"url\":\"https:\/\/gysfm.com.ar\/inicio\/wp-content\/uploads\/2026\/09\/argentina-brasil-comercio.jpg\",\"contentUrl\":\"https:\/\/gysfm.com.ar\/inicio\/wp-content\/uploads\/2026\/09\/argentina-brasil-comercio.jpg\",\"width\":1200,\"height\":675},{\"@type\":\"BreadcrumbList\",\"@id\":\"https:\/\/gysfm.com.ar\/inicio\/la-brecha-cayo-un-38-interanual\/#breadcrumb\",\"itemListElement\":[{\"@type\":\"ListItem\",\"position\":1,\"name\":\"Portada\",\"item\":\"https:\/\/gysfm.com.ar\/inicio\/\"},{\"@type\":\"ListItem\",\"position\":2,\"name\":\"la brecha cay\u00f3 un 38% interanual\"}]},{\"@type\":\"WebSite\",\"@id\":\"https:\/\/gysfm.com.ar\/inicio\/#website\",\"url\":\"https:\/\/gysfm.com.ar\/inicio\/\",\"name\":\"GYS NOTICIAS |\",\"description\":\"DIARIO - RADIO ONLINE SAN JUAN ARGENTINA\",\"publisher\":{\"@id\":\"https:\/\/gysfm.com.ar\/inicio\/#organization\"},\"potentialAction\":[{\"@type\":\"SearchAction\",\"target\":{\"@type\":\"EntryPoint\",\"urlTemplate\":\"https:\/\/gysfm.com.ar\/inicio\/?s={search_term_string}\"},\"query-input\":{\"@type\":\"PropertyValueSpecification\",\"valueRequired\":true,\"valueName\":\"search_term_string\"}}],\"inLanguage\":\"es\"},{\"@type\":\"Organization\",\"@id\":\"https:\/\/gysfm.com.ar\/inicio\/#organization\",\"name\":\"GYS NOTICIAS |\",\"url\":\"https:\/\/gysfm.com.ar\/inicio\/\",\"logo\":{\"@type\":\"ImageObject\",\"inLanguage\":\"es\",\"@id\":\"https:\/\/gysfm.com.ar\/inicio\/#\/schema\/logo\/image\/\",\"url\":\"https:\/\/gysfm.com.ar\/inicio\/wp-content\/uploads\/2023\/07\/LOGOGYS-OK.png\",\"contentUrl\":\"https:\/\/gysfm.com.ar\/inicio\/wp-content\/uploads\/2023\/07\/LOGOGYS-OK.png\",\"width\":1170,\"height\":872,\"caption\":\"GYS NOTICIAS |\"},\"image\":{\"@id\":\"https:\/\/gysfm.com.ar\/inicio\/#\/schema\/logo\/image\/\"}},{\"@type\":\"Person\",\"@id\":\"https:\/\/gysfm.com.ar\/inicio\/#\/schema\/person\/5bedd7ecd35cc35548d89effafa23696\",\"name\":\"admin\",\"image\":{\"@type\":\"ImageObject\",\"inLanguage\":\"es\",\"@id\":\"https:\/\/gysfm.com.ar\/inicio\/#\/schema\/person\/image\/\",\"url\":\"https:\/\/secure.gravatar.com\/avatar\/c331d312b5243fb64d5ba28108a447b27c925295129a363082c9ea52c28d32c2?s=96&d=mm&r=g\",\"contentUrl\":\"https:\/\/secure.gravatar.com\/avatar\/c331d312b5243fb64d5ba28108a447b27c925295129a363082c9ea52c28d32c2?s=96&d=mm&r=g\",\"caption\":\"admin\"},\"sameAs\":[\"https:\/\/gysfm.com.ar\/inicio\"],\"url\":\"https:\/\/gysfm.com.ar\/inicio\/author\/admin\/\"}]}<\/script>\n<!-- \/ Yoast SEO plugin. -->","yoast_head_json":{"title":"la brecha cay\u00f3 un 38% interanual - GYS NOTICIAS |","robots":{"index":"index","follow":"follow","max-snippet":"max-snippet:-1","max-image-preview":"max-image-preview:large","max-video-preview":"max-video-preview:-1"},"canonical":"https:\/\/gysfm.com.ar\/inicio\/la-brecha-cayo-un-38-interanual\/","og_locale":"es_ES","og_type":"article","og_title":"la brecha cay\u00f3 un 38% interanual - GYS NOTICIAS |","og_description":"5 de septiembre 2026 &#8211; 19:15 La disminuci\u00f3n de importaciones nacionales y la detenci\u00f3n de la actividad en el rubro de autos y autopartes explica la cifra. Es un momento especial en la relaci\u00f3n entre la Argentina y su principal socio comercial, Brasil. Envuelto en un proceso electoral, el pa\u00eds vecino advierte sobre la intervenci\u00f3n [&hellip;]","og_url":"https:\/\/gysfm.com.ar\/inicio\/la-brecha-cayo-un-38-interanual\/","og_site_name":"GYS NOTICIAS |","article_published_time":"2026-09-05T22:26:20+00:00","og_image":[{"url":"https:\/\/media.ambito.com\/p\/24b016ea4c88270a65a9e18004f51e17\/adjuntos\/239\/imagenes\/042\/845\/0042845907\/93x52\/smart\/campo-vacas-ganado-hacienda-carne.png","type":"","width":"","height":""}],"author":"admin","twitter_card":"summary_large_image","twitter_misc":{"Escrito por":"admin","Tiempo de lectura":"2 minutos"},"schema":{"@context":"https:\/\/schema.org","@graph":[{"@type":"Article","@id":"https:\/\/gysfm.com.ar\/inicio\/la-brecha-cayo-un-38-interanual\/#article","isPartOf":{"@id":"https:\/\/gysfm.com.ar\/inicio\/la-brecha-cayo-un-38-interanual\/"},"author":{"name":"admin","@id":"https:\/\/gysfm.com.ar\/inicio\/#\/schema\/person\/5bedd7ecd35cc35548d89effafa23696"},"headline":"la brecha cay\u00f3 un 38% interanual","datePublished":"2026-09-05T22:26:20+00:00","mainEntityOfPage":{"@id":"https:\/\/gysfm.com.ar\/inicio\/la-brecha-cayo-un-38-interanual\/"},"wordCount":467,"publisher":{"@id":"https:\/\/gysfm.com.ar\/inicio\/#organization"},"image":{"@id":"https:\/\/gysfm.com.ar\/inicio\/la-brecha-cayo-un-38-interanual\/#primaryimage"},"thumbnailUrl":"https:\/\/gysfm.com.ar\/inicio\/wp-content\/uploads\/2026\/09\/argentina-brasil-comercio.jpg","articleSection":["ECONOMIA"],"inLanguage":"es"},{"@type":"WebPage","@id":"https:\/\/gysfm.com.ar\/inicio\/la-brecha-cayo-un-38-interanual\/","url":"https:\/\/gysfm.com.ar\/inicio\/la-brecha-cayo-un-38-interanual\/","name":"la brecha cay\u00f3 un 38% interanual - GYS NOTICIAS |","isPartOf":{"@id":"https:\/\/gysfm.com.ar\/inicio\/#website"},"primaryImageOfPage":{"@id":"https:\/\/gysfm.com.ar\/inicio\/la-brecha-cayo-un-38-interanual\/#primaryimage"},"image":{"@id":"https:\/\/gysfm.com.ar\/inicio\/la-brecha-cayo-un-38-interanual\/#primaryimage"},"thumbnailUrl":"https:\/\/gysfm.com.ar\/inicio\/wp-content\/uploads\/2026\/09\/argentina-brasil-comercio.jpg","datePublished":"2026-09-05T22:26:20+00:00","breadcrumb":{"@id":"https:\/\/gysfm.com.ar\/inicio\/la-brecha-cayo-un-38-interanual\/#breadcrumb"},"inLanguage":"es","potentialAction":[{"@type":"ReadAction","target":["https:\/\/gysfm.com.ar\/inicio\/la-brecha-cayo-un-38-interanual\/"]}]},{"@type":"ImageObject","inLanguage":"es","@id":"https:\/\/gysfm.com.ar\/inicio\/la-brecha-cayo-un-38-interanual\/#primaryimage","url":"https:\/\/gysfm.com.ar\/inicio\/wp-content\/uploads\/2026\/09\/argentina-brasil-comercio.jpg","contentUrl":"https:\/\/gysfm.com.ar\/inicio\/wp-content\/uploads\/2026\/09\/argentina-brasil-comercio.jpg","width":1200,"height":675},{"@type":"BreadcrumbList","@id":"https:\/\/gysfm.com.ar\/inicio\/la-brecha-cayo-un-38-interanual\/#breadcrumb","itemListElement":[{"@type":"ListItem","position":1,"name":"Portada","item":"https:\/\/gysfm.com.ar\/inicio\/"},{"@type":"ListItem","position":2,"name":"la brecha cay\u00f3 un 38% interanual"}]},{"@type":"WebSite","@id":"https:\/\/gysfm.com.ar\/inicio\/#website","url":"https:\/\/gysfm.com.ar\/inicio\/","name":"GYS NOTICIAS |","description":"DIARIO - RADIO ONLINE SAN JUAN ARGENTINA","publisher":{"@id":"https:\/\/gysfm.com.ar\/inicio\/#organization"},"potentialAction":[{"@type":"SearchAction","target":{"@type":"EntryPoint","urlTemplate":"https:\/\/gysfm.com.ar\/inicio\/?s={search_term_string}"},"query-input":{"@type":"PropertyValueSpecification","valueRequired":true,"valueName":"search_term_string"}}],"inLanguage":"es"},{"@type":"Organization","@id":"https:\/\/gysfm.com.ar\/inicio\/#organization","name":"GYS NOTICIAS |","url":"https:\/\/gysfm.com.ar\/inicio\/","logo":{"@type":"ImageObject","inLanguage":"es","@id":"https:\/\/gysfm.com.ar\/inicio\/#\/schema\/logo\/image\/","url":"https:\/\/gysfm.com.ar\/inicio\/wp-content\/uploads\/2023\/07\/LOGOGYS-OK.png","contentUrl":"https:\/\/gysfm.com.ar\/inicio\/wp-content\/uploads\/2023\/07\/LOGOGYS-OK.png","width":1170,"height":872,"caption":"GYS NOTICIAS |"},"image":{"@id":"https:\/\/gysfm.com.ar\/inicio\/#\/schema\/logo\/image\/"}},{"@type":"Person","@id":"https:\/\/gysfm.com.ar\/inicio\/#\/schema\/person\/5bedd7ecd35cc35548d89effafa23696","name":"admin","image":{"@type":"ImageObject","inLanguage":"es","@id":"https:\/\/gysfm.com.ar\/inicio\/#\/schema\/person\/image\/","url":"https:\/\/secure.gravatar.com\/avatar\/c331d312b5243fb64d5ba28108a447b27c925295129a363082c9ea52c28d32c2?s=96&d=mm&r=g","contentUrl":"https:\/\/secure.gravatar.com\/avatar\/c331d312b5243fb64d5ba28108a447b27c925295129a363082c9ea52c28d32c2?s=96&d=mm&r=g","caption":"admin"},"sameAs":["https:\/\/gysfm.com.ar\/inicio"],"url":"https:\/\/gysfm.com.ar\/inicio\/author\/admin\/"}]}},"_links":{"self":[{"href":"https:\/\/gysfm.com.ar\/inicio\/wp-json\/wp\/v2\/posts\/210591","targetHints":{"allow":["GET"]}}],"collection":[{"href":"https:\/\/gysfm.com.ar\/inicio\/wp-json\/wp\/v2\/posts"}],"about":[{"href":"https:\/\/gysfm.com.ar\/inicio\/wp-json\/wp\/v2\/types\/post"}],"author":[{"embeddable":true,"href":"https:\/\/gysfm.com.ar\/inicio\/wp-json\/wp\/v2\/users\/1"}],"replies":[{"embeddable":true,"href":"https:\/\/gysfm.com.ar\/inicio\/wp-json\/wp\/v2\/comments?post=210591"}],"version-history":[{"count":0,"href":"https:\/\/gysfm.com.ar\/inicio\/wp-json\/wp\/v2\/posts\/210591\/revisions"}],"wp:featuredmedia":[{"embeddable":true,"href":"https:\/\/gysfm.com.ar\/inicio\/wp-json\/wp\/v2\/media\/210592"}],"wp:attachment":[{"href":"https:\/\/gysfm.com.ar\/inicio\/wp-json\/wp\/v2\/media?parent=210591"}],"wp:term":[{"taxonomy":"category","embeddable":true,"href":"https:\/\/gysfm.com.ar\/inicio\/wp-json\/wp\/v2\/categories?post=210591"},{"taxonomy":"post_tag","embeddable":true,"href":"https:\/\/gysfm.com.ar\/inicio\/wp-json\/wp\/v2\/tags?post=210591"}],"curies":[{"name":"wp","href":"https:\/\/api.w.org\/{rel}","templated":true}]}}