{"id":210588,"date":"2026-09-05T18:35:31","date_gmt":"2026-09-05T21:35:31","guid":{"rendered":"https:\/\/gysfm.com.ar\/inicio\/chagos-el-precedente-que-mira-la-argentina-por-malvinas-e-incomoda-a-reino-unido\/"},"modified":"2026-09-05T18:35:38","modified_gmt":"2026-09-05T21:35:38","slug":"chagos-el-precedente-que-mira-la-argentina-por-malvinas-e-incomoda-a-reino-unido","status":"publish","type":"post","link":"https:\/\/gysfm.com.ar\/inicio\/chagos-el-precedente-que-mira-la-argentina-por-malvinas-e-incomoda-a-reino-unido\/","title":{"rendered":"Chagos: el precedente que mira la Argentina por Malvinas e incomoda a Reino Unido"},"content":{"rendered":"<p> <br \/>\n<\/p>\n<div>\n<p class=\"com-paragraph --capital --s\">LONDRES.\u2013 La cadena nacional en la que el presidente <strong>Javier Milei<\/strong> afirm\u00f3 que existen \u201cvientos de cambio\u201d favorables al reclamo argentino por las <a href=\"https:\/\/www.lanacion.com.ar\/politica\/javier-milei-sobre-las-islas-malvinas-uno-por-uno-los-anuncios-del-presidente-en-la-cadena-nacional-nid03092026\/\" target=\"_self\" title=\"https:\/\/www.lanacion.com.ar\/politica\/javier-milei-sobre-las-islas-malvinas-uno-por-uno-los-anuncios-del-presidente-en-la-cadena-nacional-nid03092026\/\" class=\"com-link break-word\" data-mrf-recirculation=\"n_link_parrafo\"><strong>Islas Malvinas<\/strong><\/a> no solo reaviv\u00f3 la disputa con <a href=\"https:\/\/www.lanacion.com.ar\/politica\/reino-unido-reacciono-a-la-cadena-nacional-de-javier-milei-por-malvinas-nid04092026\/\" target=\"_self\" title=\"https:\/\/www.lanacion.com.ar\/politica\/reino-unido-reacciono-a-la-cadena-nacional-de-javier-milei-por-malvinas-nid04092026\/\" class=\"com-link break-word\" data-mrf-recirculation=\"n_link_parrafo\"><strong>Reino Unido<\/strong><\/a>. Tambi\u00e9n <strong>desat\u00f3 una fuerte interna pol\u00edtica en Londres<\/strong> y volvi\u00f3 a poner bajo la lupa un antecedente que la Argentina sigue de cerca desde hace a\u00f1os: <strong>la transferencia de la soberan\u00eda de las Islas Chagos a Mauricio<\/strong>.<\/p>\n<p class=\"com-paragraph --s\">La oposici\u00f3n brit\u00e1nica aprovech\u00f3 las declaraciones de Milei para acusar al gobierno laborista del flamante primer ministro, <strong>Andy Burnham<\/strong>, de haber proyectado una imagen de debilidad al acordar la cesi\u00f3n de Chagos y, con ello, <strong>haber envalentonado a Buenos Aires en su reclamo por Malvinas<\/strong>.<\/p>\n<p><iframe src=\"https:\/\/www.google.com\/maps\/embed?pb=!1m18!1m12!1m3!1d1203409.3417437829!2d71.48165459442232!3d-6.655762274559593!2m3!1f0!2f0!3f0!3m2!1i1024!2i768!4f13.1!3m3!1m2!1s0x249403cb572dda01%3A0x780c3c63f9d4fb9c!2sArchipi%C3%A9lago%20de%20Chagos!5e1!3m2!1ses!2sar!4v1788538326060!5m2!1ses!2sar\" width=\"600\" height=\"450\" style=\"border:0;\" allowfullscreen=\"\" loading=\"lazy\" referrerpolicy=\"strict-origin-when-cross-origin\"><\/iframe><\/p>\n<p class=\"com-paragraph --s\">La l\u00edder conservadora <strong>Kemi Badenoch<\/strong> vincul\u00f3 directamente ambos episodios al cuestionar la pol\u00edtica del gobierno sobre los territorios de ultramar. En la misma l\u00ednea se pronunciaron <strong>Robert Jenrick<\/strong>, actualmente en el partido de ultraderecha Reform UK, y la exministra <strong>Priti Patel<\/strong>, quienes sostuvieron que la se\u00f1al enviada con Chagos hab\u00eda alentado a la Argentina a redoblar la presi\u00f3n sobre Londres.<\/p>\n<p class=\"com-paragraph --s\">La asociaci\u00f3n qued\u00f3 todav\u00eda m\u00e1s expuesta el martes en el propio Parlamento brit\u00e1nico. Una sesi\u00f3n convocada para discutir los futuros gastos derivados del tratado entre Reino Unido y <strong>Mauricio<\/strong> por Chagos <strong>termin\u00f3 derivando r\u00e1pidamente hacia Malvinas<\/strong>, en una muestra de hasta qu\u00e9 punto ambos casos, pese a <strong>sus importantes diferencias jur\u00eddicas<\/strong>, quedaron pol\u00edticamente entrelazados en el debate brit\u00e1nico.<\/p>\n<p class=\"com-paragraph --s\">Para la Argentina, la comparaci\u00f3n tiene un atractivo evidente. Aunque el caso del archipi\u00e9lago del Oc\u00e9ano \u00cdndico <strong>no es jur\u00eddicamente equivalente al de Malvinas<\/strong>, constituye un antecedente diplom\u00e1tico relevante.<\/p>\n<p><h2 class=\"font-primary font-w-bold text-subheading-lg text-left container-center-100 mb-8\"><span>Por qu\u00e9 la Argentina ve un precedente<\/span><\/h2>\n<\/p>\n<p class=\"com-paragraph --s\">La <strong>Canciller\u00eda argentina lleva a\u00f1os siguiendo el caso de Chagos<\/strong> como un antecedente \u00fatil para su propio reclamo.<\/p>\n<p class=\"com-paragraph --s\">Cuando Reino Unido y Mauricio <strong>firmaron en mayo de 2025 el acuerdo para transferir la soberan\u00eda del archipi\u00e9lago<\/strong>, Londres se reserv\u00f3, mediante un arrendamiento por 99 a\u00f1os, el control de la base militar que mantiene junto con <strong>Estados Unidos<\/strong> en <strong>Diego Garc\u00eda<\/strong>, el atol\u00f3n m\u00e1s grande de Chagos.<\/p>\n<p class=\"com-paragraph --s\">Tras el anuncio, la Canciller\u00eda sostuvo que el entendimiento demostraba que este tipo de controversias territoriales puede resolverse por v\u00edas pac\u00edficas y renov\u00f3 su llamado a Londres para retomar las negociaciones bilaterales por Malvinas.<\/p>\n<div class=\"content-media\">\n<section role=\"button\" class=\"mod-media   \">\n<figure role=\"button\" tabindex=\"0\" class=\"mod-figure \"><figcaption class=\"mod-figcaption\"><span class=\"com-text --caption --twoxs\">Miembros de la comunidad chagosiana protestan frente al Tribunal Superior de Londres, mientras en el interior se lleva a cabo una audiencia sobre el futuro del archipi\u00e9lago<\/span><span class=\"com-text --credit --twoxs\">HENRY NICHOLLS &#8211; AFP<\/span><\/figcaption><\/figure>\n<\/section>\n<\/div>\n<p class=\"com-paragraph --s\">La lectura argentina, sin embargo, ven\u00eda de antes. En 2019, despu\u00e9s de que la Asamblea General de la ONU pidiera a Reino Unido que pusiera fin a su administraci\u00f3n de Chagos y devolviera el archipi\u00e9lago a Mauricio, la Canciller\u00eda calific\u00f3 la decisi\u00f3n como <strong>un \u201cprecedente muy positivo\u201d para pa\u00edses como la Argentina<\/strong>, aunque aclar\u00f3 expresamente que los dos casos no eran equiparables.<\/p>\n<p class=\"com-paragraph --s\">El entonces canciller <strong>Jorge Faurie<\/strong> fue incluso m\u00e1s lejos y habl\u00f3 de una <strong>\u201csituaci\u00f3n de desmembramiento territorial\u201d<\/strong> com\u00fan a ambos conflictos, pese a sus distintas circunstancias hist\u00f3ricas y jur\u00eddicas.<\/p>\n<p class=\"com-paragraph --s\">La comparaci\u00f3n tampoco es una construcci\u00f3n exclusiva de Buenos Aires. Dentro del propio Parlamento brit\u00e1nico, los conservadores llevan tiempo utilizando Chagos <strong>para advertir sobre las posibles consecuencias de ceder soberan\u00eda en otros territorios de ultramar<\/strong>.<\/p>\n<div class=\"content-media\">\n<section role=\"button\" class=\"mod-media   \">\n<figure role=\"button\" tabindex=\"0\" class=\"mod-figure \"><figcaption class=\"mod-figcaption\"><span class=\"com-text --caption --twoxs\">Un cartel se observa en un antiguo comercio del centro de Puerto Argentino, en las Islas Malvinas<\/span><span class=\"com-text --credit --twoxs\">PABLO PORCIUNCULA &#8211; AFP<\/span><\/figcaption><\/figure>\n<\/section>\n<\/div>\n<p class=\"com-paragraph --s\">El excanciller <strong>David Lammy<\/strong> ya hab\u00eda intentado desactivar esa lectura en 2024 al remarcar que las situaciones \u201cno son comparables\u201d y asegurar que <strong>la soberan\u00eda sobre Malvinas y Gibraltar \u201cno est\u00e1 en negociaci\u00f3n\u201d<\/strong>.<\/p>\n<p class=\"com-paragraph --s\">La reacci\u00f3n de esta semana a las palabras de Milei mostr\u00f3, sin embargo, que el argumento sigue vivo. Para parte de la oposici\u00f3n, Chagos dej\u00f3 de ser solamente una disputa del Oc\u00e9ano \u00cdndico y pas\u00f3 a convertirse en <strong>una advertencia sobre el efecto pol\u00edtico que una cesi\u00f3n territorial puede tener sobre otros reclamos pendientes contra Londres<\/strong>.<\/p>\n<p><h2 class=\"font-primary font-w-bold text-subheading-lg text-left container-center-100 mb-8\"><span>Similitudes y diferencias<\/span><\/h2>\n<\/p>\n<p class=\"com-paragraph --s\"><a href=\"https:\/\/www.lanacion.com.ar\/el-mundo\/la-devolucion-de-la-soberania-a-las-islas-chagos-sienta-un-precedente-para-resolver-el-reclamo-por-nid04102024\/\" target=\"_self\" title=\"https:\/\/www.lanacion.com.ar\/el-mundo\/la-devolucion-de-la-soberania-a-las-islas-chagos-sienta-un-precedente-para-resolver-el-reclamo-por-nid04102024\/\" class=\"com-link break-word\" data-mrf-recirculation=\"n_link_parrafo\">Consultados en su momento por LA NACION<\/a>, especialistas en derecho internacional coincidieron en que ambos conflictos comparten un marco general \u2013el proceso de descolonizaci\u00f3n impulsado por la Resoluci\u00f3n 1514 de Naciones Unidas\u2013, <strong>pero divergen en aspectos centrales<\/strong>.<\/p>\n<p class=\"com-paragraph --s\">Seg\u00fan explic\u00f3 el decano de la Escuela de Derecho de la Universidad Torcuato Di Tella, Alejandro Chehtman, en el caso de Chagos el reclamo se apoy\u00f3 en el proceso de descolonizaci\u00f3n de Mauricio. En la disputa por Malvinas, en cambio, <strong>Reino Unido invoca el principio de libre determinaci\u00f3n de los pueblos a favor de los isle\u00f1os<\/strong>, un argumento que la Argentina rechaza porque considera que se trata de una poblaci\u00f3n implantada despu\u00e9s de la ocupaci\u00f3n brit\u00e1nica de 1833.<\/p>\n<div class=\"content-media\">\n<section role=\"button\" class=\"mod-media   \">\n<figure role=\"button\" tabindex=\"0\" class=\"mod-figure \"><figcaption class=\"mod-figcaption\"><span class=\"com-text --caption --twoxs\">Vista general de Puerto Argentino, en Malvinas<\/span><span class=\"com-text --credit --twoxs\">PABLO PORCIUNCULA &#8211; AFP<\/span><\/figcaption><\/figure>\n<\/section>\n<\/div>\n<p class=\"com-paragraph --s\">Otra diferencia fundamental reside en el camino jur\u00eddico elegido. <strong>Mauricio llev\u00f3 su reclamo ante la Corte Internacional de Justicia (CIJ) de La Haya<\/strong>, que en 2019 emiti\u00f3 una opini\u00f3n consultiva, no vinculante, seg\u00fan la cual Reino Unido deb\u00eda poner fin a su administraci\u00f3n del archipi\u00e9lago lo antes posible.<\/p>\n<p class=\"com-paragraph --s\">La Argentina, en cambio, nunca someti\u00f3 la disputa por Malvinas a un tribunal internacional y mantiene como principal fundamento diplom\u00e1tico la Resoluci\u00f3n 2065 de la ONU, aprobada en 1965, que reconoce la existencia de una disputa de soberan\u00eda e insta a ambos pa\u00edses a negociar.<\/p>\n<p class=\"com-paragraph --s\">Como se\u00f1al\u00f3 en 2024 el exembajador Diego Guelar, Buenos Aires evita recurrir a La Haya porque <strong>no tiene asegurado un resultado favorable<\/strong> y un proceso judicial obligar\u00eda adem\u00e1s a considerar no solo los argumentos argentinos y brit\u00e1nicos, sino tambi\u00e9n la posici\u00f3n de los propios isle\u00f1os.<\/p>\n<p><h2 class=\"font-primary font-w-bold text-subheading-lg text-left container-center-100 mb-8\"><span>Una disputa que vuelve a escalar<\/span><\/h2>\n<\/p>\n<p class=\"com-paragraph --s\">La renovada discusi\u00f3n sobre Chagos y Malvinas se produce, adem\u00e1s, <strong>en un contexto de creciente tensi\u00f3n econ\u00f3mica y estrat\u00e9gica en torno al archipi\u00e9lago del Atl\u00e1ntico Sur<\/strong>.<\/p>\n<p class=\"com-paragraph --s\">En diciembre de 2025, la israel\u00ed <strong>Navitas Petroleum<\/strong> y la brit\u00e1nica <strong>Rockhopper Exploration<\/strong> confirmaron la decisi\u00f3n final de inversi\u00f3n para desarrollar el yacimiento petrolero <strong>Sea Lion<\/strong>, con una primera fase de <strong>1800 millones de d\u00f3lares<\/strong> y el comienzo de la producci\u00f3n previsto para 2028.<\/p>\n<div class=\"content-media\">\n<section role=\"button\" class=\"mod-media   \">\n<figure role=\"button\" tabindex=\"0\" class=\"mod-figure \"><figcaption class=\"mod-figcaption\"><span class=\"com-text --caption --twoxs\">El presidente Javier Milei en cadena nacional<\/span><\/figcaption><\/figure>\n<\/section>\n<\/div>\n<p class=\"com-paragraph --s\"><a href=\"https:\/\/www.lanacion.com.ar\/politica\/milei-anuncio-sanciones-para-petroleras-en-malvinas-la-creacion-de-una-base-naval-y-un-consejo-de-nid04092026\/\" target=\"_self\" title=\"https:\/\/www.lanacion.com.ar\/politica\/milei-anuncio-sanciones-para-petroleras-en-malvinas-la-creacion-de-una-base-naval-y-un-consejo-de-nid04092026\/\" class=\"com-link break-word\" data-mrf-recirculation=\"n_link_parrafo\">La Canciller\u00eda argentina<\/a> calific\u00f3 esa explotaci\u00f3n como <strong>\u201cunilateral\u201d e incompatible con la Resoluci\u00f3n 31\/49 de la ONU<\/strong>, que insta a las partes a abstenerse de adoptar decisiones que introduzcan modificaciones unilaterales mientras la disputa permanezca pendiente.<\/p>\n<p class=\"com-paragraph --s\">Del lado brit\u00e1nico, el principal argumento pol\u00edtico para defender el actual estatus de las islas contin\u00faa siendo el refer\u00e9ndum de 2013, en el que <strong>el 99,8% de los isle\u00f1os vot\u00f3 a favor de permanecer bajo administraci\u00f3n brit\u00e1nica<\/strong>, con una participaci\u00f3n del 92%.<\/p>\n<p class=\"com-paragraph --s\">Milei elev\u00f3 ahora nuevamente la presi\u00f3n. En su mensaje televisado anunci\u00f3 <strong>nuevas sanciones contra las petroleras que operen alrededor del archipi\u00e9lago sin autorizaci\u00f3n de Buenos Aires<\/strong> y <strong>un refuerzo de las capacidades militares argentinas en el Atl\u00e1ntico Sur<\/strong>, adem\u00e1s de insistir en que el escenario internacional ofrece nuevas oportunidades para avanzar con el reclamo.<\/p>\n<section class=\"container-center-100 mb-40 border border-bottom border-thin border-neutral-light-700\">\n<hr\/>\n<\/section>\n<\/div>\n<p><script id=\"facebookpixel\" defer=\"\" type=\"text\/javascript\">\n        !function(f,b,e,v,n,t,s)\n        {if(f.fbq)return;n=f.fbq=function(){n.callMethod?\n        n.callMethod.apply(n,arguments):n.queue.push(arguments)};\n        if(!f._fbq)f._fbq=n;n.push=n;n.loaded=!0;n.version='2.0';\n        n.queue=[];t=b.createElement(e);t.async=!0;\n        t.src=v;s=b.getElementsByTagName(e)[0];\n        s.parentNode.insertBefore(t,s)}(window, document,'script',\n        'https:\/\/connect.facebook.net\/en_US\/fbevents.js');\n        fbq('init', '492459597522335');\n        fbq('track', 'PageView');\n    <\/script><br \/>\n<br \/><\/p>\n","protected":false},"excerpt":{"rendered":"<p>LONDRES.\u2013 La cadena nacional en la que el presidente Javier Milei afirm\u00f3 que existen \u201cvientos de cambio\u201d favorables al reclamo argentino por las Islas Malvinas no solo reaviv\u00f3 la disputa con Reino Unido. Tambi\u00e9n desat\u00f3 una fuerte interna pol\u00edtica en Londres y volvi\u00f3 a poner bajo la lupa un antecedente que la Argentina sigue de [&hellip;]<\/p>\n","protected":false},"author":2,"featured_media":210589,"comment_status":"closed","ping_status":"closed","sticky":false,"template":"","format":"standard","meta":{"footnotes":""},"categories":[26],"tags":[],"class_list":["post-210588","post","type-post","status-publish","format-standard","has-post-thumbnail","hentry","category-internacionales"],"yoast_head":"<!-- This site is optimized with the Yoast SEO plugin v24.4 - https:\/\/yoast.com\/wordpress\/plugins\/seo\/ -->\n<title>Chagos: el precedente que mira la Argentina por Malvinas e incomoda a Reino Unido - GYS NOTICIAS |<\/title>\n<meta name=\"robots\" content=\"index, follow, max-snippet:-1, max-image-preview:large, max-video-preview:-1\" \/>\n<link rel=\"canonical\" href=\"https:\/\/gysfm.com.ar\/inicio\/chagos-el-precedente-que-mira-la-argentina-por-malvinas-e-incomoda-a-reino-unido\/\" \/>\n<meta property=\"og:locale\" content=\"es_ES\" \/>\n<meta property=\"og:type\" content=\"article\" \/>\n<meta property=\"og:title\" content=\"Chagos: el precedente que mira la Argentina por Malvinas e incomoda a Reino Unido - GYS NOTICIAS |\" \/>\n<meta property=\"og:description\" content=\"LONDRES.\u2013 La cadena nacional en la que el presidente Javier Milei afirm\u00f3 que existen \u201cvientos de cambio\u201d favorables al reclamo argentino por las Islas Malvinas no solo reaviv\u00f3 la disputa con Reino Unido. Tambi\u00e9n desat\u00f3 una fuerte interna pol\u00edtica en Londres y volvi\u00f3 a poner bajo la lupa un antecedente que la Argentina sigue de [&hellip;]\" \/>\n<meta property=\"og:url\" content=\"https:\/\/gysfm.com.ar\/inicio\/chagos-el-precedente-que-mira-la-argentina-por-malvinas-e-incomoda-a-reino-unido\/\" \/>\n<meta property=\"og:site_name\" content=\"GYS NOTICIAS |\" \/>\n<meta property=\"article:published_time\" content=\"2026-09-05T21:35:31+00:00\" \/>\n<meta property=\"article:modified_time\" content=\"2026-09-05T21:35:38+00:00\" \/>\n<meta property=\"og:image\" content=\"https:\/\/gysfm.com.ar\/inicio\/wp-content\/uploads\/2026\/09\/vista-aerea-de-la-isla-diego-DWFFYB2PPBATPEYUCZKU5B2GMU.JPG\" \/>\n\t<meta property=\"og:image:width\" content=\"1200\" \/>\n\t<meta property=\"og:image:height\" content=\"800\" \/>\n\t<meta property=\"og:image:type\" content=\"image\/jpeg\" \/>\n<meta name=\"author\" content=\"Prensa G&amp;S FM\" \/>\n<meta name=\"twitter:card\" content=\"summary_large_image\" \/>\n<meta name=\"twitter:label1\" content=\"Escrito por\" \/>\n\t<meta name=\"twitter:data1\" content=\"Prensa G&amp;S FM\" \/>\n\t<meta name=\"twitter:label2\" content=\"Tiempo de lectura\" \/>\n\t<meta name=\"twitter:data2\" content=\"6 minutos\" \/>\n<script type=\"application\/ld+json\" class=\"yoast-schema-graph\">{\"@context\":\"https:\/\/schema.org\",\"@graph\":[{\"@type\":\"Article\",\"@id\":\"https:\/\/gysfm.com.ar\/inicio\/chagos-el-precedente-que-mira-la-argentina-por-malvinas-e-incomoda-a-reino-unido\/#article\",\"isPartOf\":{\"@id\":\"https:\/\/gysfm.com.ar\/inicio\/chagos-el-precedente-que-mira-la-argentina-por-malvinas-e-incomoda-a-reino-unido\/\"},\"author\":{\"name\":\"Prensa G&amp;S FM\",\"@id\":\"https:\/\/gysfm.com.ar\/inicio\/#\/schema\/person\/3abba7593ef2ad19e1be221d54383dc5\"},\"headline\":\"Chagos: el precedente que mira la Argentina por Malvinas e incomoda a Reino Unido\",\"datePublished\":\"2026-09-05T21:35:31+00:00\",\"dateModified\":\"2026-09-05T21:35:38+00:00\",\"mainEntityOfPage\":{\"@id\":\"https:\/\/gysfm.com.ar\/inicio\/chagos-el-precedente-que-mira-la-argentina-por-malvinas-e-incomoda-a-reino-unido\/\"},\"wordCount\":1235,\"publisher\":{\"@id\":\"https:\/\/gysfm.com.ar\/inicio\/#organization\"},\"image\":{\"@id\":\"https:\/\/gysfm.com.ar\/inicio\/chagos-el-precedente-que-mira-la-argentina-por-malvinas-e-incomoda-a-reino-unido\/#primaryimage\"},\"thumbnailUrl\":\"https:\/\/gysfm.com.ar\/inicio\/wp-content\/uploads\/2026\/09\/vista-aerea-de-la-isla-diego-DWFFYB2PPBATPEYUCZKU5B2GMU.JPG\",\"articleSection\":[\"INTERNACIONALES\"],\"inLanguage\":\"es\"},{\"@type\":\"WebPage\",\"@id\":\"https:\/\/gysfm.com.ar\/inicio\/chagos-el-precedente-que-mira-la-argentina-por-malvinas-e-incomoda-a-reino-unido\/\",\"url\":\"https:\/\/gysfm.com.ar\/inicio\/chagos-el-precedente-que-mira-la-argentina-por-malvinas-e-incomoda-a-reino-unido\/\",\"name\":\"Chagos: el precedente que mira la Argentina por Malvinas e incomoda a Reino Unido - GYS NOTICIAS |\",\"isPartOf\":{\"@id\":\"https:\/\/gysfm.com.ar\/inicio\/#website\"},\"primaryImageOfPage\":{\"@id\":\"https:\/\/gysfm.com.ar\/inicio\/chagos-el-precedente-que-mira-la-argentina-por-malvinas-e-incomoda-a-reino-unido\/#primaryimage\"},\"image\":{\"@id\":\"https:\/\/gysfm.com.ar\/inicio\/chagos-el-precedente-que-mira-la-argentina-por-malvinas-e-incomoda-a-reino-unido\/#primaryimage\"},\"thumbnailUrl\":\"https:\/\/gysfm.com.ar\/inicio\/wp-content\/uploads\/2026\/09\/vista-aerea-de-la-isla-diego-DWFFYB2PPBATPEYUCZKU5B2GMU.JPG\",\"datePublished\":\"2026-09-05T21:35:31+00:00\",\"dateModified\":\"2026-09-05T21:35:38+00:00\",\"breadcrumb\":{\"@id\":\"https:\/\/gysfm.com.ar\/inicio\/chagos-el-precedente-que-mira-la-argentina-por-malvinas-e-incomoda-a-reino-unido\/#breadcrumb\"},\"inLanguage\":\"es\",\"potentialAction\":[{\"@type\":\"ReadAction\",\"target\":[\"https:\/\/gysfm.com.ar\/inicio\/chagos-el-precedente-que-mira-la-argentina-por-malvinas-e-incomoda-a-reino-unido\/\"]}]},{\"@type\":\"ImageObject\",\"inLanguage\":\"es\",\"@id\":\"https:\/\/gysfm.com.ar\/inicio\/chagos-el-precedente-que-mira-la-argentina-por-malvinas-e-incomoda-a-reino-unido\/#primaryimage\",\"url\":\"https:\/\/gysfm.com.ar\/inicio\/wp-content\/uploads\/2026\/09\/vista-aerea-de-la-isla-diego-DWFFYB2PPBATPEYUCZKU5B2GMU.JPG\",\"contentUrl\":\"https:\/\/gysfm.com.ar\/inicio\/wp-content\/uploads\/2026\/09\/vista-aerea-de-la-isla-diego-DWFFYB2PPBATPEYUCZKU5B2GMU.JPG\",\"width\":1200,\"height\":800},{\"@type\":\"BreadcrumbList\",\"@id\":\"https:\/\/gysfm.com.ar\/inicio\/chagos-el-precedente-que-mira-la-argentina-por-malvinas-e-incomoda-a-reino-unido\/#breadcrumb\",\"itemListElement\":[{\"@type\":\"ListItem\",\"position\":1,\"name\":\"Portada\",\"item\":\"https:\/\/gysfm.com.ar\/inicio\/\"},{\"@type\":\"ListItem\",\"position\":2,\"name\":\"Chagos: el precedente que mira la Argentina por Malvinas e incomoda a Reino Unido\"}]},{\"@type\":\"WebSite\",\"@id\":\"https:\/\/gysfm.com.ar\/inicio\/#website\",\"url\":\"https:\/\/gysfm.com.ar\/inicio\/\",\"name\":\"GYS NOTICIAS |\",\"description\":\"DIARIO - RADIO ONLINE SAN JUAN ARGENTINA\",\"publisher\":{\"@id\":\"https:\/\/gysfm.com.ar\/inicio\/#organization\"},\"potentialAction\":[{\"@type\":\"SearchAction\",\"target\":{\"@type\":\"EntryPoint\",\"urlTemplate\":\"https:\/\/gysfm.com.ar\/inicio\/?s={search_term_string}\"},\"query-input\":{\"@type\":\"PropertyValueSpecification\",\"valueRequired\":true,\"valueName\":\"search_term_string\"}}],\"inLanguage\":\"es\"},{\"@type\":\"Organization\",\"@id\":\"https:\/\/gysfm.com.ar\/inicio\/#organization\",\"name\":\"GYS NOTICIAS |\",\"url\":\"https:\/\/gysfm.com.ar\/inicio\/\",\"logo\":{\"@type\":\"ImageObject\",\"inLanguage\":\"es\",\"@id\":\"https:\/\/gysfm.com.ar\/inicio\/#\/schema\/logo\/image\/\",\"url\":\"https:\/\/gysfm.com.ar\/inicio\/wp-content\/uploads\/2023\/07\/LOGOGYS-OK.png\",\"contentUrl\":\"https:\/\/gysfm.com.ar\/inicio\/wp-content\/uploads\/2023\/07\/LOGOGYS-OK.png\",\"width\":1170,\"height\":872,\"caption\":\"GYS NOTICIAS |\"},\"image\":{\"@id\":\"https:\/\/gysfm.com.ar\/inicio\/#\/schema\/logo\/image\/\"}},{\"@type\":\"Person\",\"@id\":\"https:\/\/gysfm.com.ar\/inicio\/#\/schema\/person\/3abba7593ef2ad19e1be221d54383dc5\",\"name\":\"Prensa G&amp;S FM\",\"image\":{\"@type\":\"ImageObject\",\"inLanguage\":\"es\",\"@id\":\"https:\/\/gysfm.com.ar\/inicio\/#\/schema\/person\/image\/\",\"url\":\"https:\/\/secure.gravatar.com\/avatar\/096ec78df02049ab018702bb4ccedf659377fa92a26540b5247612077a0dbd29?s=96&d=mm&r=g\",\"contentUrl\":\"https:\/\/secure.gravatar.com\/avatar\/096ec78df02049ab018702bb4ccedf659377fa92a26540b5247612077a0dbd29?s=96&d=mm&r=g\",\"caption\":\"Prensa G&amp;S FM\"},\"sameAs\":[\"https:\/\/gysfm.com.ar\/\"],\"url\":\"https:\/\/gysfm.com.ar\/inicio\/author\/lucasm\/\"}]}<\/script>\n<!-- \/ Yoast SEO plugin. -->","yoast_head_json":{"title":"Chagos: el precedente que mira la Argentina por Malvinas e incomoda a Reino Unido - GYS NOTICIAS |","robots":{"index":"index","follow":"follow","max-snippet":"max-snippet:-1","max-image-preview":"max-image-preview:large","max-video-preview":"max-video-preview:-1"},"canonical":"https:\/\/gysfm.com.ar\/inicio\/chagos-el-precedente-que-mira-la-argentina-por-malvinas-e-incomoda-a-reino-unido\/","og_locale":"es_ES","og_type":"article","og_title":"Chagos: el precedente que mira la Argentina por Malvinas e incomoda a Reino Unido - GYS NOTICIAS |","og_description":"LONDRES.\u2013 La cadena nacional en la que el presidente Javier Milei afirm\u00f3 que existen \u201cvientos de cambio\u201d favorables al reclamo argentino por las Islas Malvinas no solo reaviv\u00f3 la disputa con Reino Unido. Tambi\u00e9n desat\u00f3 una fuerte interna pol\u00edtica en Londres y volvi\u00f3 a poner bajo la lupa un antecedente que la Argentina sigue de [&hellip;]","og_url":"https:\/\/gysfm.com.ar\/inicio\/chagos-el-precedente-que-mira-la-argentina-por-malvinas-e-incomoda-a-reino-unido\/","og_site_name":"GYS NOTICIAS |","article_published_time":"2026-09-05T21:35:31+00:00","article_modified_time":"2026-09-05T21:35:38+00:00","og_image":[{"width":1200,"height":800,"url":"https:\/\/gysfm.com.ar\/inicio\/wp-content\/uploads\/2026\/09\/vista-aerea-de-la-isla-diego-DWFFYB2PPBATPEYUCZKU5B2GMU.JPG","type":"image\/jpeg"}],"author":"Prensa G&amp;S FM","twitter_card":"summary_large_image","twitter_misc":{"Escrito por":"Prensa G&amp;S FM","Tiempo de lectura":"6 minutos"},"schema":{"@context":"https:\/\/schema.org","@graph":[{"@type":"Article","@id":"https:\/\/gysfm.com.ar\/inicio\/chagos-el-precedente-que-mira-la-argentina-por-malvinas-e-incomoda-a-reino-unido\/#article","isPartOf":{"@id":"https:\/\/gysfm.com.ar\/inicio\/chagos-el-precedente-que-mira-la-argentina-por-malvinas-e-incomoda-a-reino-unido\/"},"author":{"name":"Prensa G&amp;S FM","@id":"https:\/\/gysfm.com.ar\/inicio\/#\/schema\/person\/3abba7593ef2ad19e1be221d54383dc5"},"headline":"Chagos: el precedente que mira la Argentina por Malvinas e incomoda a Reino Unido","datePublished":"2026-09-05T21:35:31+00:00","dateModified":"2026-09-05T21:35:38+00:00","mainEntityOfPage":{"@id":"https:\/\/gysfm.com.ar\/inicio\/chagos-el-precedente-que-mira-la-argentina-por-malvinas-e-incomoda-a-reino-unido\/"},"wordCount":1235,"publisher":{"@id":"https:\/\/gysfm.com.ar\/inicio\/#organization"},"image":{"@id":"https:\/\/gysfm.com.ar\/inicio\/chagos-el-precedente-que-mira-la-argentina-por-malvinas-e-incomoda-a-reino-unido\/#primaryimage"},"thumbnailUrl":"https:\/\/gysfm.com.ar\/inicio\/wp-content\/uploads\/2026\/09\/vista-aerea-de-la-isla-diego-DWFFYB2PPBATPEYUCZKU5B2GMU.JPG","articleSection":["INTERNACIONALES"],"inLanguage":"es"},{"@type":"WebPage","@id":"https:\/\/gysfm.com.ar\/inicio\/chagos-el-precedente-que-mira-la-argentina-por-malvinas-e-incomoda-a-reino-unido\/","url":"https:\/\/gysfm.com.ar\/inicio\/chagos-el-precedente-que-mira-la-argentina-por-malvinas-e-incomoda-a-reino-unido\/","name":"Chagos: el precedente que mira la Argentina por Malvinas e incomoda a Reino Unido - GYS NOTICIAS |","isPartOf":{"@id":"https:\/\/gysfm.com.ar\/inicio\/#website"},"primaryImageOfPage":{"@id":"https:\/\/gysfm.com.ar\/inicio\/chagos-el-precedente-que-mira-la-argentina-por-malvinas-e-incomoda-a-reino-unido\/#primaryimage"},"image":{"@id":"https:\/\/gysfm.com.ar\/inicio\/chagos-el-precedente-que-mira-la-argentina-por-malvinas-e-incomoda-a-reino-unido\/#primaryimage"},"thumbnailUrl":"https:\/\/gysfm.com.ar\/inicio\/wp-content\/uploads\/2026\/09\/vista-aerea-de-la-isla-diego-DWFFYB2PPBATPEYUCZKU5B2GMU.JPG","datePublished":"2026-09-05T21:35:31+00:00","dateModified":"2026-09-05T21:35:38+00:00","breadcrumb":{"@id":"https:\/\/gysfm.com.ar\/inicio\/chagos-el-precedente-que-mira-la-argentina-por-malvinas-e-incomoda-a-reino-unido\/#breadcrumb"},"inLanguage":"es","potentialAction":[{"@type":"ReadAction","target":["https:\/\/gysfm.com.ar\/inicio\/chagos-el-precedente-que-mira-la-argentina-por-malvinas-e-incomoda-a-reino-unido\/"]}]},{"@type":"ImageObject","inLanguage":"es","@id":"https:\/\/gysfm.com.ar\/inicio\/chagos-el-precedente-que-mira-la-argentina-por-malvinas-e-incomoda-a-reino-unido\/#primaryimage","url":"https:\/\/gysfm.com.ar\/inicio\/wp-content\/uploads\/2026\/09\/vista-aerea-de-la-isla-diego-DWFFYB2PPBATPEYUCZKU5B2GMU.JPG","contentUrl":"https:\/\/gysfm.com.ar\/inicio\/wp-content\/uploads\/2026\/09\/vista-aerea-de-la-isla-diego-DWFFYB2PPBATPEYUCZKU5B2GMU.JPG","width":1200,"height":800},{"@type":"BreadcrumbList","@id":"https:\/\/gysfm.com.ar\/inicio\/chagos-el-precedente-que-mira-la-argentina-por-malvinas-e-incomoda-a-reino-unido\/#breadcrumb","itemListElement":[{"@type":"ListItem","position":1,"name":"Portada","item":"https:\/\/gysfm.com.ar\/inicio\/"},{"@type":"ListItem","position":2,"name":"Chagos: el precedente que mira la Argentina por Malvinas e incomoda a Reino Unido"}]},{"@type":"WebSite","@id":"https:\/\/gysfm.com.ar\/inicio\/#website","url":"https:\/\/gysfm.com.ar\/inicio\/","name":"GYS NOTICIAS |","description":"DIARIO - RADIO ONLINE SAN JUAN ARGENTINA","publisher":{"@id":"https:\/\/gysfm.com.ar\/inicio\/#organization"},"potentialAction":[{"@type":"SearchAction","target":{"@type":"EntryPoint","urlTemplate":"https:\/\/gysfm.com.ar\/inicio\/?s={search_term_string}"},"query-input":{"@type":"PropertyValueSpecification","valueRequired":true,"valueName":"search_term_string"}}],"inLanguage":"es"},{"@type":"Organization","@id":"https:\/\/gysfm.com.ar\/inicio\/#organization","name":"GYS NOTICIAS |","url":"https:\/\/gysfm.com.ar\/inicio\/","logo":{"@type":"ImageObject","inLanguage":"es","@id":"https:\/\/gysfm.com.ar\/inicio\/#\/schema\/logo\/image\/","url":"https:\/\/gysfm.com.ar\/inicio\/wp-content\/uploads\/2023\/07\/LOGOGYS-OK.png","contentUrl":"https:\/\/gysfm.com.ar\/inicio\/wp-content\/uploads\/2023\/07\/LOGOGYS-OK.png","width":1170,"height":872,"caption":"GYS NOTICIAS |"},"image":{"@id":"https:\/\/gysfm.com.ar\/inicio\/#\/schema\/logo\/image\/"}},{"@type":"Person","@id":"https:\/\/gysfm.com.ar\/inicio\/#\/schema\/person\/3abba7593ef2ad19e1be221d54383dc5","name":"Prensa G&amp;S FM","image":{"@type":"ImageObject","inLanguage":"es","@id":"https:\/\/gysfm.com.ar\/inicio\/#\/schema\/person\/image\/","url":"https:\/\/secure.gravatar.com\/avatar\/096ec78df02049ab018702bb4ccedf659377fa92a26540b5247612077a0dbd29?s=96&d=mm&r=g","contentUrl":"https:\/\/secure.gravatar.com\/avatar\/096ec78df02049ab018702bb4ccedf659377fa92a26540b5247612077a0dbd29?s=96&d=mm&r=g","caption":"Prensa G&amp;S FM"},"sameAs":["https:\/\/gysfm.com.ar\/"],"url":"https:\/\/gysfm.com.ar\/inicio\/author\/lucasm\/"}]}},"_links":{"self":[{"href":"https:\/\/gysfm.com.ar\/inicio\/wp-json\/wp\/v2\/posts\/210588","targetHints":{"allow":["GET"]}}],"collection":[{"href":"https:\/\/gysfm.com.ar\/inicio\/wp-json\/wp\/v2\/posts"}],"about":[{"href":"https:\/\/gysfm.com.ar\/inicio\/wp-json\/wp\/v2\/types\/post"}],"author":[{"embeddable":true,"href":"https:\/\/gysfm.com.ar\/inicio\/wp-json\/wp\/v2\/users\/2"}],"replies":[{"embeddable":true,"href":"https:\/\/gysfm.com.ar\/inicio\/wp-json\/wp\/v2\/comments?post=210588"}],"version-history":[{"count":1,"href":"https:\/\/gysfm.com.ar\/inicio\/wp-json\/wp\/v2\/posts\/210588\/revisions"}],"predecessor-version":[{"id":210590,"href":"https:\/\/gysfm.com.ar\/inicio\/wp-json\/wp\/v2\/posts\/210588\/revisions\/210590"}],"wp:featuredmedia":[{"embeddable":true,"href":"https:\/\/gysfm.com.ar\/inicio\/wp-json\/wp\/v2\/media\/210589"}],"wp:attachment":[{"href":"https:\/\/gysfm.com.ar\/inicio\/wp-json\/wp\/v2\/media?parent=210588"}],"wp:term":[{"taxonomy":"category","embeddable":true,"href":"https:\/\/gysfm.com.ar\/inicio\/wp-json\/wp\/v2\/categories?post=210588"},{"taxonomy":"post_tag","embeddable":true,"href":"https:\/\/gysfm.com.ar\/inicio\/wp-json\/wp\/v2\/tags?post=210588"}],"curies":[{"name":"wp","href":"https:\/\/api.w.org\/{rel}","templated":true}]}}