{"id":210585,"date":"2026-09-05T17:33:40","date_gmt":"2026-09-05T20:33:40","guid":{"rendered":"https:\/\/gysfm.com.ar\/inicio\/de-la-espriella-posa-frente-a-cadaveres-de-criminales-y-abre-una-fuerte-polemica-en-colombia\/"},"modified":"2026-09-05T17:33:41","modified_gmt":"2026-09-05T20:33:41","slug":"de-la-espriella-posa-frente-a-cadaveres-de-criminales-y-abre-una-fuerte-polemica-en-colombia","status":"publish","type":"post","link":"https:\/\/gysfm.com.ar\/inicio\/de-la-espriella-posa-frente-a-cadaveres-de-criminales-y-abre-una-fuerte-polemica-en-colombia\/","title":{"rendered":"De la Espriella posa frente a cad\u00e1veres de criminales y abre una fuerte pol\u00e9mica en Colombia"},"content":{"rendered":"<p> <br \/>\n<\/p>\n<div>\n<p class=\"com-paragraph --capital --s\">BOGOT\u00c1.\u2013 <strong>Frente a cuatro cad\u00e1veres cubiertos con mortajas blancas, rodeado de militares y polic\u00edas y con un micr\u00f3fono en la mano<\/strong>, el presidente colombiano, <strong>Abelardo de la Espriella<\/strong>, confirm\u00f3 este viernes la muerte de uno de los jefes criminales m\u00e1s buscados del norte del pa\u00eds. Pero la puesta en escena elegida para anunciar el operativo termin\u00f3 desplazando parte de la atenci\u00f3n del golpe contra el grupo armado y <strong>desat\u00f3 una fuerte pol\u00e9mica en Colombia por la exhibici\u00f3n p\u00fablica de los cuerpos<\/strong>.<\/p>\n<p class=\"com-paragraph --s\">La escena tuvo lugar en una sede militar de <strong>Riohacha<\/strong>, capital del departamento de La Guajira. A pocos metros del mandatario estaban los cuerpos de <strong>Na\u00edn Andr\u00e9s P\u00e9rez Toncel, alias \u201cBendito Menor\u201d<\/strong>, se\u00f1alado como uno de los cabecillas de las Autodefensas Conquistadoras de la Sierra Nevada (ACSN); su pareja, <strong>Rosa Ang\u00e9lica Tarazona, alias \u201cLa Bebecita\u201d<\/strong>, y dos hombres de su esquema de seguridad. Los cuatro murieron durante un operativo policial realizado en el barrio Los Olivos de esa ciudad.<\/p>\n<p class=\"com-paragraph --s\">\u201cEste delincuente, que no seguir\u00e1 delinquiendo porque le cay\u00f3 la mano de hierro del Estado, ten\u00eda arrodillada a la poblaci\u00f3n, llena de miedo\u201d, afirm\u00f3 De la Espriella frente a los cuerpos. Y a\u00f1adi\u00f3 que hab\u00eda ordenado convertir al jefe criminal en un <strong>\u201cobjetivo de alto valor\u201d<\/strong> poco despu\u00e9s de asumir la presidencia.<\/p>\n<p class=\"com-paragraph --s\">El episodio, sin embargo, <strong>no fue aislado<\/strong>. Apenas unos d\u00edas antes, el mandatario ya hab\u00eda generado cr\u00edticas por otro video difundido desde <strong>Guaviare<\/strong>, en el centro-sur del pa\u00eds, en el que aparec\u00eda caminando entre decenas de bolsas con los cuerpos de presuntos integrantes de las disidencias de las FARC muertos en una operaci\u00f3n militar.<\/p>\n<div class=\"content-media cursor-pointer container-center-100\">\n<section class=\"media-container relative ratio-16-9 mod-media pb-32\">\n<figure class=\"mod-video\">\n<div class=\"video-player bg-black ratio-16-9\" data-has-jwplayer=\"true\" data-video-id-jw=\"BswxYv5W\" data-config=\"{&quot;title&quot;:&quot;De la Espriella posa con cad\u00e1veres de guerrilleros&quot;,&quot;mediaId&quot;:&quot;BswxYv5W&quot;,&quot;playerId&quot;:&quot;ih0086X3&quot;,&quot;playlist&quot;:[{&quot;mediaid&quot;:&quot;BswxYv5W&quot;,&quot;sources&quot;:[{&quot;file&quot;:&quot;https:\/\/cdn.jwplayer.com\/manifests\/BswxYv5W.m3u8&quot;,&quot;type&quot;:&quot;application\/vnd.apple.mpegurl&quot;},{&quot;bitrate&quot;:430913,&quot;file&quot;:&quot;https:\/\/cdn.jwplayer.com\/videos\/BswxYv5W-kTExGaWf.mp4&quot;,&quot;filesize&quot;:3231850,&quot;framerate&quot;:30,&quot;height&quot;:178,&quot;label&quot;:&quot;180p&quot;,&quot;type&quot;:&quot;video\/mp4&quot;,&quot;width&quot;:320},{&quot;bitrate&quot;:597579,&quot;file&quot;:&quot;https:\/\/cdn.jwplayer.com\/videos\/BswxYv5W-K8B0kybS.mp4&quot;,&quot;filesize&quot;:4481846,&quot;framerate&quot;:30,&quot;height&quot;:268,&quot;label&quot;:&quot;270p&quot;,&quot;type&quot;:&quot;video\/mp4&quot;,&quot;width&quot;:480},{&quot;bitrate&quot;:113775,&quot;file&quot;:&quot;https:\/\/cdn.jwplayer.com\/videos\/BswxYv5W-hz5z2Tv4.m4a&quot;,&quot;filesize&quot;:853313,&quot;label&quot;:&quot;AAC Audio&quot;,&quot;type&quot;:&quot;audio\/mp4&quot;},{&quot;bitrate&quot;:774565,&quot;file&quot;:&quot;https:\/\/cdn.jwplayer.com\/videos\/BswxYv5W-FnZGUVnC.mp4&quot;,&quot;filesize&quot;:5809243,&quot;framerate&quot;:30,&quot;height&quot;:356,&quot;label&quot;:&quot;360p&quot;,&quot;type&quot;:&quot;video\/mp4&quot;,&quot;width&quot;:640},{&quot;bitrate&quot;:1336208,&quot;file&quot;:&quot;https:\/\/cdn.jwplayer.com\/videos\/BswxYv5W-0G6Pwvlw.mp4&quot;,&quot;filesize&quot;:10021567,&quot;framerate&quot;:30,&quot;height&quot;:534,&quot;label&quot;:&quot;540p&quot;,&quot;type&quot;:&quot;video\/mp4&quot;,&quot;width&quot;:960}]}],&quot;hasAutoplay&quot;:false,&quot;autostart&quot;:true,&quot;tagsUrl&quot;:&quot;https:\/\/pubads.g.doubleclick.net\/gampad\/ads?slotname=\/133919216\/la_nacion_video\/nota\/preroll&amp;sz=640x480|400x300&amp;ciu_szs=300x250&amp;unviewed_position_start=1&amp;output=vast&amp;impl=s&amp;env=vp&amp;gdfp_req=1&amp;ad_rule=0&amp;vad_type=linear&amp;vpos=preroll&amp;cust_params=tags_nuevos%3Dte_colombia%2Cte_narcotrafico%2Cca_el_mundo%2C%2CZC4SAYASHVCJPP3KF5UYXAT6WM&amp;pod=3&amp;ppos=1&amp;lip=true&amp;min_ad_duration=0&amp;max_ad_duration=30000&amp;vrid=6256&amp;url=https%3A%2F%2Fwww.lanacion.com.ar%2Fel-mundo%2Fde-la-espriella-posa-frente-a-cadaveres-de-criminales-y-abre-una-fuerte-polemica-en-colombia-nid04092026%2F%3Fvariant%3DA&amp;description_url=https%3A%2F%2Fwww.lanacion.com.ar%2Fel-mundo%2Fde-la-espriella-posa-frente-a-cadaveres-de-criminales-y-abre-una-fuerte-polemica-en-colombia-nid04092026%2F%3Fvariant%3DA&amp;video_doc_id=short_onecue&amp;cmsid=496&amp;kfa=0&amp;tfcd=0&amp;correlator=1788639749585&quot;,&quot;arcSite&quot;:&quot;la-nacion-ar&quot;,&quot;duration&quot;:&quot;60000&quot;}\">\n<div id=\"facade-BswxYv5W\" class=\"content-facade-jw relative bg-black ratio-16-9\"><picture><source media=\"(max-width: 767px)\" srcset=\"https:\/\/www.lanacion.com.ar\/resizer\/v2\/https%3A%2F%2Fcdn.jwplayer.com%2Fv2%2Fmedia%2FBswxYv5W%2Fposter.jpg%3Fwidth%3D720?auth=e17880ebbc9e7170a53a0f84f2260c5a0a583bbf19270efb164cb99e482c9403&amp;width=480&amp;quality=70&amp;smart=false\"\/><\/picture><\/div>\n<\/div><figcaption class=\"border border-1 border-bottom border-light-300 relative px-16 py-8 min-h-36 w-100_md px-0_l mb-8 bg-white\"><span class=\"text ln-text text-16 block\">De la Espriella posa con cad\u00e1veres de guerrilleros<\/span><\/figcaption><\/figure>\n<\/section>\n<\/div>\n<p class=\"com-paragraph --s\">En esas im\u00e1genes, De la Espriella recorr\u00eda junto al ministro de Defensa y miembros de la c\u00fapula militar el lugar donde hab\u00edan sido colocados los cad\u00e1veres y las armas incautadas durante la llamada <strong>Operaci\u00f3n Azar\u00edas<\/strong>, lanzada contra la estructura Carolina Ram\u00edrez, vinculada a <strong>\u201cIv\u00e1n Mordisco\u201d<\/strong>. El gobierno inform\u00f3 inicialmente que 23 presuntos disidentes hab\u00edan muerto durante la ofensiva.<\/p>\n<p class=\"com-paragraph --s\">La difusi\u00f3n de aquel video provoc\u00f3 una inmediata reacci\u00f3n de la oposici\u00f3n.<\/p>\n<p class=\"com-paragraph --s\">El senador y excandidato presidencial <strong>Iv\u00e1n Cepeda<\/strong> acus\u00f3 al jefe de Estado de convertir los cuerpos en una exhibici\u00f3n y cuestion\u00f3 duramente su actitud.<\/p>\n<p class=\"com-paragraph --s\"><strong>\u201cSe pasea entre las bolsas con los cad\u00e1veres. Casi los pisa con desprecio. Se dice cristiano, pero en realidad es un ser sin escr\u00fapulos y sin el m\u00e1s m\u00ednimo sentido de humanidad\u201d<\/strong>, escribi\u00f3 Cepeda en X.<\/p>\n<p class=\"com-paragraph --s\">El expresidente <strong>Gustavo Petro<\/strong> tambi\u00e9n cuestion\u00f3 las im\u00e1genes y acus\u00f3 al gobierno de <strong>\u201chacer de la muerte un trofeo\u201d<\/strong>.<\/p>\n<p class=\"com-paragraph --s\">Las cr\u00edticas cobraron una dimensi\u00f3n adicional por el discurso religioso que De la Espriella ha convertido en una de las marcas de su presidencia. El mandatario suele cerrar sus intervenciones con referencias a Dios y a <strong>\u201cCristo Rey\u201d<\/strong>, y este mismo jueves public\u00f3 en sus redes sociales un mensaje en el que volvi\u00f3 a combinar esa ret\u00f3rica con una advertencia directa a los grupos armados.<\/p>\n<p class=\"com-paragraph --s\">\u201cQue viva Colombia, que viva Cristo Rey. Todos los delincuentes y narcoterroristas que desaf\u00eden al Estado van a caer bajo la fuerza de las armas y las leyes de la Rep\u00fablica\u201d, escribi\u00f3.<\/p>\n<p><h2 class=\"font-primary font-w-bold text-subheading-lg text-left container-center-100 mb-8\"><span>Qui\u00e9n era \u201cBendito Menor\u201d<\/span><\/h2>\n<\/p>\n<p class=\"com-paragraph --s\">M\u00e1s all\u00e1 de la controversia por la forma elegida para comunicar el operativo, la muerte de P\u00e9rez Toncel representa un golpe para las <strong>Autodefensas Conquistadoras de la Sierra Nevada<\/strong>, tambi\u00e9n conocidas como <strong>Los Pachenca<\/strong>, una organizaci\u00f3n vinculada al narcotr\u00e1fico, la extorsi\u00f3n y los homicidios con fuerte presencia en el Caribe colombiano.<\/p>\n<p class=\"com-paragraph --s\">De unos 26 a\u00f1os, \u201cBendito Menor\u201d hab\u00eda escalado r\u00e1pidamente dentro de la estructura. Seg\u00fan las autoridades, comenz\u00f3 como sicario y lleg\u00f3 a convertirse en uno de sus principales responsables en La Guajira. Pesaban sobre \u00e9l varias \u00f3rdenes de captura y una circular roja de Interpol.<\/p>\n<p class=\"com-paragraph --s\">En los \u00faltimos meses hab\u00eda aumentado adem\u00e1s su exposici\u00f3n p\u00fablica a trav\u00e9s de las redes sociales, donde aparec\u00eda <strong>exhibiendo armas, dinero y lujos y lanzando amenazas contra las fuerzas de seguridad<\/strong>.<\/p>\n<p class=\"com-paragraph --s\">No era, sin embargo, el m\u00e1ximo jefe de las ACSN. La organizaci\u00f3n hab\u00eda mantenido conversaciones con el gobierno de Petro dentro de su pol\u00edtica de \u201cpaz total\u201d, un proceso que De la Espriella dio por terminado tras asumir el poder.<\/p>\n<p class=\"com-paragraph --s\">\u201cEsta operaci\u00f3n fue impecable\u201d, afirm\u00f3 el presidente este viernes. Y advirti\u00f3 que el operativo era apenas <strong>\u201cel principio del fin de los criminales en el norte del pa\u00eds\u201d<\/strong>.<\/p>\n<p class=\"com-paragraph --s\">\u201cLa gente de bien no volver\u00e1 a sentir miedo; los que tienen que sentir p\u00e1nico y terror son los delincuentes, porque aquellos que no se sometan terminar\u00e1n de esta forma\u201d, agreg\u00f3, nuevamente frente a los cuatro cuerpos.<\/p>\n<p><h2 class=\"font-primary font-w-bold text-subheading-lg text-left container-center-100 mb-8\"><span>\u201cMano de hierro\u201d<\/span><\/h2>\n<\/p>\n<p class=\"com-paragraph --s\">La escena de Riohacha se inscribe en <strong>una estrategia de seguridad que De la Espriella convirti\u00f3 en una de las principales banderas<\/strong> de sus primeras semanas en la Casa de Nari\u00f1o.<\/p>\n<p class=\"com-paragraph --s\">Desde que asumi\u00f3 el <strong>7 de agosto<\/strong>, el mandatario ha difundido personalmente y con frecuencia los resultados de operaciones contra organizaciones armadas y narcotraficantes, incluidos varios bombardeos.<\/p>\n<div class=\"content-media\">\n<section role=\"button\" class=\"mod-media   \">\n<figure role=\"button\" tabindex=\"0\" class=\"mod-figure \"><figcaption class=\"mod-figcaption\"><span class=\"com-text --caption --twoxs\">Un hombre camina junto a su bicicleta mientras manifestantes permanecen frente a barricadas en llamas durante enfrentamientos por los resultados preliminares de la segunda vuelta presidencial en Bogot\u00e1<\/span><span class=\"com-text --credit --twoxs\">DIEGO CUEVAS &#8211; AFP<\/span><\/figcaption><\/figure>\n<\/section>\n<\/div>\n<p class=\"com-paragraph --s\">Uno de ellos, realizado el <strong>27 de agosto en Guaviare<\/strong>, abri\u00f3 otra controversia despu\u00e9s de que Medicina Legal confirmara que entre los diez muertos hab\u00eda <strong>tres adolescentes<\/strong>. La Defensor\u00eda del Pueblo record\u00f3 entonces que, aunque el reclutamiento de menores por organizaciones armadas est\u00e1 prohibido por el derecho internacional humanitario, los chicos reclutados siguen siendo considerados v\u00edctimas y el Estado debe extremar las precauciones para proteger sus vidas.<\/p>\n<p class=\"com-paragraph --s\">De la Espriella respald\u00f3 la operaci\u00f3n y responsabiliz\u00f3 a las organizaciones criminales por utilizar menores como combatientes o escudos humanos.<\/p>\n<p class=\"com-paragraph --s\"><strong>Agencias ANSA y AP<\/strong><\/p>\n<section class=\"container-center-100 mb-40 border border-bottom border-thin border-neutral-light-700\">\n<hr\/>\n<\/section>\n<\/div>\n<p><script id=\"facebookpixel\" defer=\"\" type=\"text\/javascript\">\n        !function(f,b,e,v,n,t,s)\n        {if(f.fbq)return;n=f.fbq=function(){n.callMethod?\n        n.callMethod.apply(n,arguments):n.queue.push(arguments)};\n        if(!f._fbq)f._fbq=n;n.push=n;n.loaded=!0;n.version='2.0';\n        n.queue=[];t=b.createElement(e);t.async=!0;\n        t.src=v;s=b.getElementsByTagName(e)[0];\n        s.parentNode.insertBefore(t,s)}(window, document,'script',\n        'https:\/\/connect.facebook.net\/en_US\/fbevents.js');\n        fbq('init', '492459597522335');\n        fbq('track', 'PageView');\n    <\/script><br \/>\n<br \/><\/p>\n","protected":false},"excerpt":{"rendered":"<p>BOGOT\u00c1.\u2013 Frente a cuatro cad\u00e1veres cubiertos con mortajas blancas, rodeado de militares y polic\u00edas y con un micr\u00f3fono en la mano, el presidente colombiano, Abelardo de la Espriella, confirm\u00f3 este viernes la muerte de uno de los jefes criminales m\u00e1s buscados del norte del pa\u00eds. Pero la puesta en escena elegida para anunciar el operativo [&hellip;]<\/p>\n","protected":false},"author":2,"featured_media":210586,"comment_status":"closed","ping_status":"closed","sticky":false,"template":"","format":"standard","meta":{"footnotes":""},"categories":[26],"tags":[],"class_list":["post-210585","post","type-post","status-publish","format-standard","has-post-thumbnail","hentry","category-internacionales"],"yoast_head":"<!-- This site is optimized with the Yoast SEO plugin v24.4 - https:\/\/yoast.com\/wordpress\/plugins\/seo\/ -->\n<title>De la Espriella posa frente a cad\u00e1veres de criminales y abre una fuerte pol\u00e9mica en Colombia - GYS NOTICIAS |<\/title>\n<meta name=\"robots\" content=\"index, follow, max-snippet:-1, max-image-preview:large, max-video-preview:-1\" \/>\n<link rel=\"canonical\" href=\"https:\/\/gysfm.com.ar\/inicio\/de-la-espriella-posa-frente-a-cadaveres-de-criminales-y-abre-una-fuerte-polemica-en-colombia\/\" \/>\n<meta property=\"og:locale\" content=\"es_ES\" \/>\n<meta property=\"og:type\" content=\"article\" \/>\n<meta property=\"og:title\" content=\"De la Espriella posa frente a cad\u00e1veres de criminales y abre una fuerte pol\u00e9mica en Colombia - GYS NOTICIAS |\" \/>\n<meta property=\"og:description\" content=\"BOGOT\u00c1.\u2013 Frente a cuatro cad\u00e1veres cubiertos con mortajas blancas, rodeado de militares y polic\u00edas y con un micr\u00f3fono en la mano, el presidente colombiano, Abelardo de la Espriella, confirm\u00f3 este viernes la muerte de uno de los jefes criminales m\u00e1s buscados del norte del pa\u00eds. Pero la puesta en escena elegida para anunciar el operativo [&hellip;]\" \/>\n<meta property=\"og:url\" content=\"https:\/\/gysfm.com.ar\/inicio\/de-la-espriella-posa-frente-a-cadaveres-de-criminales-y-abre-una-fuerte-polemica-en-colombia\/\" \/>\n<meta property=\"og:site_name\" content=\"GYS NOTICIAS |\" \/>\n<meta property=\"article:published_time\" content=\"2026-09-05T20:33:40+00:00\" \/>\n<meta property=\"article:modified_time\" content=\"2026-09-05T20:33:41+00:00\" \/>\n<meta property=\"og:image\" content=\"https:\/\/gysfm.com.ar\/inicio\/wp-content\/uploads\/2026\/09\/el-presidente-de-colombia-abelardo-de-la-5XAELBITKNERNMVQNYRY4MM5WA.JPG\" \/>\n\t<meta property=\"og:image:width\" content=\"1200\" \/>\n\t<meta property=\"og:image:height\" content=\"800\" \/>\n\t<meta property=\"og:image:type\" content=\"image\/jpeg\" \/>\n<meta name=\"author\" content=\"Prensa G&amp;S FM\" \/>\n<meta name=\"twitter:card\" content=\"summary_large_image\" \/>\n<meta name=\"twitter:label1\" content=\"Escrito por\" \/>\n\t<meta name=\"twitter:data1\" content=\"Prensa G&amp;S FM\" \/>\n\t<meta name=\"twitter:label2\" content=\"Tiempo de lectura\" \/>\n\t<meta name=\"twitter:data2\" content=\"5 minutos\" \/>\n<script type=\"application\/ld+json\" class=\"yoast-schema-graph\">{\"@context\":\"https:\/\/schema.org\",\"@graph\":[{\"@type\":\"Article\",\"@id\":\"https:\/\/gysfm.com.ar\/inicio\/de-la-espriella-posa-frente-a-cadaveres-de-criminales-y-abre-una-fuerte-polemica-en-colombia\/#article\",\"isPartOf\":{\"@id\":\"https:\/\/gysfm.com.ar\/inicio\/de-la-espriella-posa-frente-a-cadaveres-de-criminales-y-abre-una-fuerte-polemica-en-colombia\/\"},\"author\":{\"name\":\"Prensa G&amp;S FM\",\"@id\":\"https:\/\/gysfm.com.ar\/inicio\/#\/schema\/person\/3abba7593ef2ad19e1be221d54383dc5\"},\"headline\":\"De la Espriella posa frente a cad\u00e1veres de criminales y abre una fuerte pol\u00e9mica en Colombia\",\"datePublished\":\"2026-09-05T20:33:40+00:00\",\"dateModified\":\"2026-09-05T20:33:41+00:00\",\"mainEntityOfPage\":{\"@id\":\"https:\/\/gysfm.com.ar\/inicio\/de-la-espriella-posa-frente-a-cadaveres-de-criminales-y-abre-una-fuerte-polemica-en-colombia\/\"},\"wordCount\":1039,\"publisher\":{\"@id\":\"https:\/\/gysfm.com.ar\/inicio\/#organization\"},\"image\":{\"@id\":\"https:\/\/gysfm.com.ar\/inicio\/de-la-espriella-posa-frente-a-cadaveres-de-criminales-y-abre-una-fuerte-polemica-en-colombia\/#primaryimage\"},\"thumbnailUrl\":\"https:\/\/gysfm.com.ar\/inicio\/wp-content\/uploads\/2026\/09\/el-presidente-de-colombia-abelardo-de-la-5XAELBITKNERNMVQNYRY4MM5WA.JPG\",\"articleSection\":[\"INTERNACIONALES\"],\"inLanguage\":\"es\"},{\"@type\":\"WebPage\",\"@id\":\"https:\/\/gysfm.com.ar\/inicio\/de-la-espriella-posa-frente-a-cadaveres-de-criminales-y-abre-una-fuerte-polemica-en-colombia\/\",\"url\":\"https:\/\/gysfm.com.ar\/inicio\/de-la-espriella-posa-frente-a-cadaveres-de-criminales-y-abre-una-fuerte-polemica-en-colombia\/\",\"name\":\"De la Espriella posa frente a cad\u00e1veres de criminales y abre una fuerte pol\u00e9mica en Colombia - GYS NOTICIAS |\",\"isPartOf\":{\"@id\":\"https:\/\/gysfm.com.ar\/inicio\/#website\"},\"primaryImageOfPage\":{\"@id\":\"https:\/\/gysfm.com.ar\/inicio\/de-la-espriella-posa-frente-a-cadaveres-de-criminales-y-abre-una-fuerte-polemica-en-colombia\/#primaryimage\"},\"image\":{\"@id\":\"https:\/\/gysfm.com.ar\/inicio\/de-la-espriella-posa-frente-a-cadaveres-de-criminales-y-abre-una-fuerte-polemica-en-colombia\/#primaryimage\"},\"thumbnailUrl\":\"https:\/\/gysfm.com.ar\/inicio\/wp-content\/uploads\/2026\/09\/el-presidente-de-colombia-abelardo-de-la-5XAELBITKNERNMVQNYRY4MM5WA.JPG\",\"datePublished\":\"2026-09-05T20:33:40+00:00\",\"dateModified\":\"2026-09-05T20:33:41+00:00\",\"breadcrumb\":{\"@id\":\"https:\/\/gysfm.com.ar\/inicio\/de-la-espriella-posa-frente-a-cadaveres-de-criminales-y-abre-una-fuerte-polemica-en-colombia\/#breadcrumb\"},\"inLanguage\":\"es\",\"potentialAction\":[{\"@type\":\"ReadAction\",\"target\":[\"https:\/\/gysfm.com.ar\/inicio\/de-la-espriella-posa-frente-a-cadaveres-de-criminales-y-abre-una-fuerte-polemica-en-colombia\/\"]}]},{\"@type\":\"ImageObject\",\"inLanguage\":\"es\",\"@id\":\"https:\/\/gysfm.com.ar\/inicio\/de-la-espriella-posa-frente-a-cadaveres-de-criminales-y-abre-una-fuerte-polemica-en-colombia\/#primaryimage\",\"url\":\"https:\/\/gysfm.com.ar\/inicio\/wp-content\/uploads\/2026\/09\/el-presidente-de-colombia-abelardo-de-la-5XAELBITKNERNMVQNYRY4MM5WA.JPG\",\"contentUrl\":\"https:\/\/gysfm.com.ar\/inicio\/wp-content\/uploads\/2026\/09\/el-presidente-de-colombia-abelardo-de-la-5XAELBITKNERNMVQNYRY4MM5WA.JPG\",\"width\":1200,\"height\":800},{\"@type\":\"BreadcrumbList\",\"@id\":\"https:\/\/gysfm.com.ar\/inicio\/de-la-espriella-posa-frente-a-cadaveres-de-criminales-y-abre-una-fuerte-polemica-en-colombia\/#breadcrumb\",\"itemListElement\":[{\"@type\":\"ListItem\",\"position\":1,\"name\":\"Portada\",\"item\":\"https:\/\/gysfm.com.ar\/inicio\/\"},{\"@type\":\"ListItem\",\"position\":2,\"name\":\"De la Espriella posa frente a cad\u00e1veres de criminales y abre una fuerte pol\u00e9mica en Colombia\"}]},{\"@type\":\"WebSite\",\"@id\":\"https:\/\/gysfm.com.ar\/inicio\/#website\",\"url\":\"https:\/\/gysfm.com.ar\/inicio\/\",\"name\":\"GYS NOTICIAS |\",\"description\":\"DIARIO - RADIO ONLINE SAN JUAN ARGENTINA\",\"publisher\":{\"@id\":\"https:\/\/gysfm.com.ar\/inicio\/#organization\"},\"potentialAction\":[{\"@type\":\"SearchAction\",\"target\":{\"@type\":\"EntryPoint\",\"urlTemplate\":\"https:\/\/gysfm.com.ar\/inicio\/?s={search_term_string}\"},\"query-input\":{\"@type\":\"PropertyValueSpecification\",\"valueRequired\":true,\"valueName\":\"search_term_string\"}}],\"inLanguage\":\"es\"},{\"@type\":\"Organization\",\"@id\":\"https:\/\/gysfm.com.ar\/inicio\/#organization\",\"name\":\"GYS NOTICIAS |\",\"url\":\"https:\/\/gysfm.com.ar\/inicio\/\",\"logo\":{\"@type\":\"ImageObject\",\"inLanguage\":\"es\",\"@id\":\"https:\/\/gysfm.com.ar\/inicio\/#\/schema\/logo\/image\/\",\"url\":\"https:\/\/gysfm.com.ar\/inicio\/wp-content\/uploads\/2023\/07\/LOGOGYS-OK.png\",\"contentUrl\":\"https:\/\/gysfm.com.ar\/inicio\/wp-content\/uploads\/2023\/07\/LOGOGYS-OK.png\",\"width\":1170,\"height\":872,\"caption\":\"GYS NOTICIAS |\"},\"image\":{\"@id\":\"https:\/\/gysfm.com.ar\/inicio\/#\/schema\/logo\/image\/\"}},{\"@type\":\"Person\",\"@id\":\"https:\/\/gysfm.com.ar\/inicio\/#\/schema\/person\/3abba7593ef2ad19e1be221d54383dc5\",\"name\":\"Prensa G&amp;S FM\",\"image\":{\"@type\":\"ImageObject\",\"inLanguage\":\"es\",\"@id\":\"https:\/\/gysfm.com.ar\/inicio\/#\/schema\/person\/image\/\",\"url\":\"https:\/\/secure.gravatar.com\/avatar\/096ec78df02049ab018702bb4ccedf659377fa92a26540b5247612077a0dbd29?s=96&d=mm&r=g\",\"contentUrl\":\"https:\/\/secure.gravatar.com\/avatar\/096ec78df02049ab018702bb4ccedf659377fa92a26540b5247612077a0dbd29?s=96&d=mm&r=g\",\"caption\":\"Prensa G&amp;S FM\"},\"sameAs\":[\"https:\/\/gysfm.com.ar\/\"],\"url\":\"https:\/\/gysfm.com.ar\/inicio\/author\/lucasm\/\"}]}<\/script>\n<!-- \/ Yoast SEO plugin. -->","yoast_head_json":{"title":"De la Espriella posa frente a cad\u00e1veres de criminales y abre una fuerte pol\u00e9mica en Colombia - GYS NOTICIAS |","robots":{"index":"index","follow":"follow","max-snippet":"max-snippet:-1","max-image-preview":"max-image-preview:large","max-video-preview":"max-video-preview:-1"},"canonical":"https:\/\/gysfm.com.ar\/inicio\/de-la-espriella-posa-frente-a-cadaveres-de-criminales-y-abre-una-fuerte-polemica-en-colombia\/","og_locale":"es_ES","og_type":"article","og_title":"De la Espriella posa frente a cad\u00e1veres de criminales y abre una fuerte pol\u00e9mica en Colombia - GYS NOTICIAS |","og_description":"BOGOT\u00c1.\u2013 Frente a cuatro cad\u00e1veres cubiertos con mortajas blancas, rodeado de militares y polic\u00edas y con un micr\u00f3fono en la mano, el presidente colombiano, Abelardo de la Espriella, confirm\u00f3 este viernes la muerte de uno de los jefes criminales m\u00e1s buscados del norte del pa\u00eds. Pero la puesta en escena elegida para anunciar el operativo [&hellip;]","og_url":"https:\/\/gysfm.com.ar\/inicio\/de-la-espriella-posa-frente-a-cadaveres-de-criminales-y-abre-una-fuerte-polemica-en-colombia\/","og_site_name":"GYS NOTICIAS |","article_published_time":"2026-09-05T20:33:40+00:00","article_modified_time":"2026-09-05T20:33:41+00:00","og_image":[{"width":1200,"height":800,"url":"https:\/\/gysfm.com.ar\/inicio\/wp-content\/uploads\/2026\/09\/el-presidente-de-colombia-abelardo-de-la-5XAELBITKNERNMVQNYRY4MM5WA.JPG","type":"image\/jpeg"}],"author":"Prensa G&amp;S FM","twitter_card":"summary_large_image","twitter_misc":{"Escrito por":"Prensa G&amp;S FM","Tiempo de lectura":"5 minutos"},"schema":{"@context":"https:\/\/schema.org","@graph":[{"@type":"Article","@id":"https:\/\/gysfm.com.ar\/inicio\/de-la-espriella-posa-frente-a-cadaveres-de-criminales-y-abre-una-fuerte-polemica-en-colombia\/#article","isPartOf":{"@id":"https:\/\/gysfm.com.ar\/inicio\/de-la-espriella-posa-frente-a-cadaveres-de-criminales-y-abre-una-fuerte-polemica-en-colombia\/"},"author":{"name":"Prensa G&amp;S FM","@id":"https:\/\/gysfm.com.ar\/inicio\/#\/schema\/person\/3abba7593ef2ad19e1be221d54383dc5"},"headline":"De la Espriella posa frente a cad\u00e1veres de criminales y abre una fuerte pol\u00e9mica en Colombia","datePublished":"2026-09-05T20:33:40+00:00","dateModified":"2026-09-05T20:33:41+00:00","mainEntityOfPage":{"@id":"https:\/\/gysfm.com.ar\/inicio\/de-la-espriella-posa-frente-a-cadaveres-de-criminales-y-abre-una-fuerte-polemica-en-colombia\/"},"wordCount":1039,"publisher":{"@id":"https:\/\/gysfm.com.ar\/inicio\/#organization"},"image":{"@id":"https:\/\/gysfm.com.ar\/inicio\/de-la-espriella-posa-frente-a-cadaveres-de-criminales-y-abre-una-fuerte-polemica-en-colombia\/#primaryimage"},"thumbnailUrl":"https:\/\/gysfm.com.ar\/inicio\/wp-content\/uploads\/2026\/09\/el-presidente-de-colombia-abelardo-de-la-5XAELBITKNERNMVQNYRY4MM5WA.JPG","articleSection":["INTERNACIONALES"],"inLanguage":"es"},{"@type":"WebPage","@id":"https:\/\/gysfm.com.ar\/inicio\/de-la-espriella-posa-frente-a-cadaveres-de-criminales-y-abre-una-fuerte-polemica-en-colombia\/","url":"https:\/\/gysfm.com.ar\/inicio\/de-la-espriella-posa-frente-a-cadaveres-de-criminales-y-abre-una-fuerte-polemica-en-colombia\/","name":"De la Espriella posa frente a cad\u00e1veres de criminales y abre una fuerte pol\u00e9mica en Colombia - GYS NOTICIAS |","isPartOf":{"@id":"https:\/\/gysfm.com.ar\/inicio\/#website"},"primaryImageOfPage":{"@id":"https:\/\/gysfm.com.ar\/inicio\/de-la-espriella-posa-frente-a-cadaveres-de-criminales-y-abre-una-fuerte-polemica-en-colombia\/#primaryimage"},"image":{"@id":"https:\/\/gysfm.com.ar\/inicio\/de-la-espriella-posa-frente-a-cadaveres-de-criminales-y-abre-una-fuerte-polemica-en-colombia\/#primaryimage"},"thumbnailUrl":"https:\/\/gysfm.com.ar\/inicio\/wp-content\/uploads\/2026\/09\/el-presidente-de-colombia-abelardo-de-la-5XAELBITKNERNMVQNYRY4MM5WA.JPG","datePublished":"2026-09-05T20:33:40+00:00","dateModified":"2026-09-05T20:33:41+00:00","breadcrumb":{"@id":"https:\/\/gysfm.com.ar\/inicio\/de-la-espriella-posa-frente-a-cadaveres-de-criminales-y-abre-una-fuerte-polemica-en-colombia\/#breadcrumb"},"inLanguage":"es","potentialAction":[{"@type":"ReadAction","target":["https:\/\/gysfm.com.ar\/inicio\/de-la-espriella-posa-frente-a-cadaveres-de-criminales-y-abre-una-fuerte-polemica-en-colombia\/"]}]},{"@type":"ImageObject","inLanguage":"es","@id":"https:\/\/gysfm.com.ar\/inicio\/de-la-espriella-posa-frente-a-cadaveres-de-criminales-y-abre-una-fuerte-polemica-en-colombia\/#primaryimage","url":"https:\/\/gysfm.com.ar\/inicio\/wp-content\/uploads\/2026\/09\/el-presidente-de-colombia-abelardo-de-la-5XAELBITKNERNMVQNYRY4MM5WA.JPG","contentUrl":"https:\/\/gysfm.com.ar\/inicio\/wp-content\/uploads\/2026\/09\/el-presidente-de-colombia-abelardo-de-la-5XAELBITKNERNMVQNYRY4MM5WA.JPG","width":1200,"height":800},{"@type":"BreadcrumbList","@id":"https:\/\/gysfm.com.ar\/inicio\/de-la-espriella-posa-frente-a-cadaveres-de-criminales-y-abre-una-fuerte-polemica-en-colombia\/#breadcrumb","itemListElement":[{"@type":"ListItem","position":1,"name":"Portada","item":"https:\/\/gysfm.com.ar\/inicio\/"},{"@type":"ListItem","position":2,"name":"De la Espriella posa frente a cad\u00e1veres de criminales y abre una fuerte pol\u00e9mica en Colombia"}]},{"@type":"WebSite","@id":"https:\/\/gysfm.com.ar\/inicio\/#website","url":"https:\/\/gysfm.com.ar\/inicio\/","name":"GYS NOTICIAS |","description":"DIARIO - RADIO ONLINE SAN JUAN ARGENTINA","publisher":{"@id":"https:\/\/gysfm.com.ar\/inicio\/#organization"},"potentialAction":[{"@type":"SearchAction","target":{"@type":"EntryPoint","urlTemplate":"https:\/\/gysfm.com.ar\/inicio\/?s={search_term_string}"},"query-input":{"@type":"PropertyValueSpecification","valueRequired":true,"valueName":"search_term_string"}}],"inLanguage":"es"},{"@type":"Organization","@id":"https:\/\/gysfm.com.ar\/inicio\/#organization","name":"GYS NOTICIAS |","url":"https:\/\/gysfm.com.ar\/inicio\/","logo":{"@type":"ImageObject","inLanguage":"es","@id":"https:\/\/gysfm.com.ar\/inicio\/#\/schema\/logo\/image\/","url":"https:\/\/gysfm.com.ar\/inicio\/wp-content\/uploads\/2023\/07\/LOGOGYS-OK.png","contentUrl":"https:\/\/gysfm.com.ar\/inicio\/wp-content\/uploads\/2023\/07\/LOGOGYS-OK.png","width":1170,"height":872,"caption":"GYS NOTICIAS |"},"image":{"@id":"https:\/\/gysfm.com.ar\/inicio\/#\/schema\/logo\/image\/"}},{"@type":"Person","@id":"https:\/\/gysfm.com.ar\/inicio\/#\/schema\/person\/3abba7593ef2ad19e1be221d54383dc5","name":"Prensa G&amp;S FM","image":{"@type":"ImageObject","inLanguage":"es","@id":"https:\/\/gysfm.com.ar\/inicio\/#\/schema\/person\/image\/","url":"https:\/\/secure.gravatar.com\/avatar\/096ec78df02049ab018702bb4ccedf659377fa92a26540b5247612077a0dbd29?s=96&d=mm&r=g","contentUrl":"https:\/\/secure.gravatar.com\/avatar\/096ec78df02049ab018702bb4ccedf659377fa92a26540b5247612077a0dbd29?s=96&d=mm&r=g","caption":"Prensa G&amp;S FM"},"sameAs":["https:\/\/gysfm.com.ar\/"],"url":"https:\/\/gysfm.com.ar\/inicio\/author\/lucasm\/"}]}},"_links":{"self":[{"href":"https:\/\/gysfm.com.ar\/inicio\/wp-json\/wp\/v2\/posts\/210585","targetHints":{"allow":["GET"]}}],"collection":[{"href":"https:\/\/gysfm.com.ar\/inicio\/wp-json\/wp\/v2\/posts"}],"about":[{"href":"https:\/\/gysfm.com.ar\/inicio\/wp-json\/wp\/v2\/types\/post"}],"author":[{"embeddable":true,"href":"https:\/\/gysfm.com.ar\/inicio\/wp-json\/wp\/v2\/users\/2"}],"replies":[{"embeddable":true,"href":"https:\/\/gysfm.com.ar\/inicio\/wp-json\/wp\/v2\/comments?post=210585"}],"version-history":[{"count":1,"href":"https:\/\/gysfm.com.ar\/inicio\/wp-json\/wp\/v2\/posts\/210585\/revisions"}],"predecessor-version":[{"id":210587,"href":"https:\/\/gysfm.com.ar\/inicio\/wp-json\/wp\/v2\/posts\/210585\/revisions\/210587"}],"wp:featuredmedia":[{"embeddable":true,"href":"https:\/\/gysfm.com.ar\/inicio\/wp-json\/wp\/v2\/media\/210586"}],"wp:attachment":[{"href":"https:\/\/gysfm.com.ar\/inicio\/wp-json\/wp\/v2\/media?parent=210585"}],"wp:term":[{"taxonomy":"category","embeddable":true,"href":"https:\/\/gysfm.com.ar\/inicio\/wp-json\/wp\/v2\/categories?post=210585"},{"taxonomy":"post_tag","embeddable":true,"href":"https:\/\/gysfm.com.ar\/inicio\/wp-json\/wp\/v2\/tags?post=210585"}],"curies":[{"name":"wp","href":"https:\/\/api.w.org\/{rel}","templated":true}]}}