{"id":210577,"date":"2026-09-05T15:30:14","date_gmt":"2026-09-05T18:30:14","guid":{"rendered":"https:\/\/gysfm.com.ar\/inicio\/no-me-rendi-ni-voy-a-rendirme-meloni-celebro-su-record-ya-en-modo-campana-para-su-reeleccion\/"},"modified":"2026-09-05T15:30:15","modified_gmt":"2026-09-05T18:30:15","slug":"no-me-rendi-ni-voy-a-rendirme-meloni-celebro-su-record-ya-en-modo-campana-para-su-reeleccion","status":"publish","type":"post","link":"https:\/\/gysfm.com.ar\/inicio\/no-me-rendi-ni-voy-a-rendirme-meloni-celebro-su-record-ya-en-modo-campana-para-su-reeleccion\/","title":{"rendered":"\u201cNo me rend\u00ed ni voy a rendirme\u201d: Meloni celebr\u00f3 su r\u00e9cord ya en modo campa\u00f1a para su reelecci\u00f3n"},"content":{"rendered":"<p> <br \/>\n<\/p>\n<div>\n<p class=\"com-paragraph --capital --s\">ROMA.- \u201cHubo d\u00edas en los que me parec\u00eda estar nadando en medio de pegamento, pero <strong>no me rend\u00ed ni voy a rendirme<\/strong>. Cuatro a\u00f1os no son suficientes para llegar a la meta de una Italia que no deba pedirle permiso a nadie\u201d.<\/p>\n<p class=\"com-paragraph --s\">Con diez mil simpatizantes aclam\u00e1ndola al grito de \u201c\u00a1Giorgia! \u00a1Giorgia!\u201d, una euf\u00f3rica <strong>Giorgia Meloni<\/strong> aprovech\u00f3 este viernes la gran fiesta organizada por su partido para celebrar el <strong>r\u00e9cord de longevidad<\/strong> de su gobierno, que cumpli\u00f3 <strong>1413 d\u00edas en el poder<\/strong>, superando a Silvio Berlusconi, para abrir la campa\u00f1a electoral en busca de un \u201cbis\u201d cuando haya elecciones el a\u00f1o que viene.<\/p>\n<p class=\"com-paragraph --s\">Con tono combativo, orgullosa de su hito y, como siempre, muy h\u00e1bil oradora, en un discurso de casi una hora ante diez mil personas en un escenario montado en el puerto de Bari, capital de Apulia, Meloni reivindic\u00f3 los logros de su gobierno, desde la <strong>ocupaci\u00f3n<\/strong> y las <strong>cuentas p\u00fablicas en orden<\/strong> hasta la <strong>seguridad<\/strong> y la <strong>pol\u00edtica migratoria<\/strong>, y apel\u00f3 a los italianos para que le den m\u00e1s tiempo para profundizar los cambios y saldar las asignaturas pendientes.<\/p>\n<div class=\"content-media\">\n<section role=\"button\" class=\"mod-media   \">\n<figure role=\"button\" tabindex=\"0\" class=\"mod-figure \"><figcaption class=\"mod-figcaption\"><span class=\"com-text --caption --twoxs\">Meloni habla ante simpatizantes de Hermanos de Italia en Bari al celebrar un r\u00e9cord de permanencia en el poder<\/span><span class=\"com-text --credit --twoxs\">ALBERTO PIZZOLI &#8211; AFP<\/span><\/figcaption><\/figure>\n<\/section>\n<\/div>\n<p class=\"com-paragraph --s\">En un acto <strong>autocelebratorio<\/strong>, en el que <strong>libertad<\/strong>, <strong>identidad<\/strong>, <strong>seguridad<\/strong>, <strong>orgullo nacional<\/strong> y la idea de \u201cprimero los italianos\u201d fueron los conceptos clave, Meloni defini\u00f3 la <strong>estabilidad<\/strong> como la primera \u201cgran reforma\u201d de su ejecutivo de derecha. Y fustig\u00f3 a la oposici\u00f3n de centroizquierda, a la que acus\u00f3 de ser una \u201cizquierda caviar\u201d, alejada del pueblo y en crisis de identidad, sin l\u00edder ni programa claros de cara a las elecciones que se celebrar\u00e1n el a\u00f1o que viene.<\/p>\n<p class=\"com-paragraph --s\">Mientras atardec\u00eda y entre la multitud flameaban banderas de Italia y de su partido <strong>posfascista<\/strong>, Hermanos de Italia, Meloni comenz\u00f3 recordando que cuando asumi\u00f3, el 22 de octubre de 2022, muy pocos en Europa y en el mundo creyeron en ella y en su gobierno, el m\u00e1s derechista desde los tiempos de Benito Mussolini. Y se jact\u00f3 de haber logrado, junto a sus socios de coalici\u00f3n, <strong>Forza Italia<\/strong> y la <strong>Liga<\/strong>, una estabilidad pol\u00edtica de la que, seg\u00fan ella, solo es capaz la derecha y que transform\u00f3 a Italia en un pa\u00eds \u201cm\u00e1s fuerte\u201d y respetado.<\/p>\n<p class=\"com-paragraph --s\">\u201cItalia ha dejado de ser el caso vigilado en Europa. <strong>\u00c9ramos el enfermo de Europa<\/strong>, \u00e9ramos los que cambiaban de gobierno continuamente (&#8230;) Hoy nuestra naci\u00f3n es tomada muy en serio\u201d, areng\u00f3, segura de s\u00ed misma, vestida de blanco y con el pelo suelto.<\/p>\n<div class=\"content-media\">\n<section role=\"button\" class=\"mod-media   \">\n<figure role=\"button\" tabindex=\"0\" class=\"mod-figure \"><figcaption class=\"mod-figcaption\"><span class=\"com-text --caption --twoxs\">Meloni se toma una selfie con simpatizantes en un acto en Bari para celebrar la longevidad de su gobierno<\/span><span class=\"com-text --credit --twoxs\">Roberto Monaldo &#8211; LaPresse<\/span><\/figcaption><\/figure>\n<\/section>\n<\/div>\n<p class=\"com-paragraph --s\">En v\u00edsperas de que su gobierno alcanzara el r\u00e9cord, <strong>diversos referentes de la oposici\u00f3n de centroizquierda acusaron a Meloni de no haber hecho nada<\/strong> o, en todo caso, mucho menos y algo distinto de lo que hab\u00eda prometido en campa\u00f1a. \u201cLa primera ministra se encerr\u00f3 en el palacio y tir\u00f3 por la borda cuatro a\u00f1os\u201d, denunci\u00f3 Elly Schlein, l\u00edder del Partido Democr\u00e1tico, la principal fuerza opositora.<\/p>\n<p class=\"com-paragraph --s\">\u201cLa econom\u00eda est\u00e1 parada, tenemos crecimiento cero, hemos tenido tres a\u00f1os consecutivos de ca\u00edda de la producci\u00f3n industrial y tenemos los salarios m\u00e1s bajos de Europa, con el costo de la energ\u00eda m\u00e1s alto. La \u00fanica prioridad de Meloni es cambiar la ley electoral para ser reelegida\u201d, sostuvo Schlein en una entrevista con el semanario <em>L\u2019Espresso<\/em>.<\/p>\n<p><h2 class=\"font-primary font-w-bold text-subheading-lg text-left container-center-100 mb-8\"><span>Munici\u00f3n gruesa<\/span><\/h2>\n<\/p>\n<p class=\"com-paragraph --s\">No por nada, y evidentemente molesta por esas cr\u00edticas, desde el principio hasta el final de su discurso Meloni se dedic\u00f3 a disparar munici\u00f3n gruesa contra la oposici\u00f3n, a la que acus\u00f3 de construir una narrativa falsa. Y destac\u00f3 una y otra vez la <strong>cohesi\u00f3n<\/strong> de su alianza de derecha.<\/p>\n<p class=\"com-paragraph --s\">\u201cNosotros no estamos juntos para derrotar al adversario, nosotros estamos juntos para construir ideas. Quien se al\u00eda para construir ideas, despu\u00e9s de 1413 d\u00edas, todav\u00eda tiene una lista de cosas por hacer. Esa es la diferencia\u201d, clam\u00f3.<\/p>\n<div class=\"content-media\">\n<section role=\"button\" class=\"mod-media   \">\n<figure role=\"button\" tabindex=\"0\" class=\"mod-figure \"><figcaption class=\"mod-figcaption\"><span class=\"com-text --caption --twoxs\">Meloni habla durante un acto de Hermanos de Italia en Bari para celebrar la longevidad de su gobierno<\/span><span class=\"com-text --credit --twoxs\">Roberto Monaldo &#8211; LaPresse via ZUMA Press DPA<\/span><\/figcaption><\/figure>\n<\/section>\n<\/div>\n<p class=\"com-paragraph --s\">Primera mujer en llegar al poder en Italia, Meloni <strong>acus\u00f3 tambi\u00e9n a la izquierda de estar \u201cen crisis de identidad\u201d<\/strong> y de \u201cinventar\u201d todos los d\u00edas <strong>\u201cemergencias que no existen\u201d.<\/strong><\/p>\n<p class=\"com-paragraph --s\">\u201cLa Constituci\u00f3n en peligro, la supresi\u00f3n de la disidencia, el atropello a la libertad de prensa, los \u2018plenos poderes\u2019, el deslizamiento hacia el iliberalismo, Elon Musk, el Mossad&#8230; Ya nos hemos acostumbrado. Pero, por favor, una vez que terminen con esta ret\u00f3rica conspirativa, \u00bfpodr\u00edan decirles a los italianos qu\u00e9 tienen pensado para su futuro?\u201d, se pregunt\u00f3, ir\u00f3nica. <\/p>\n<p class=\"com-paragraph --s\">Meloni, que reconoci\u00f3 que le toc\u00f3 gobernar en tiempos complejos, con guerras en curso y desastres naturales, evit\u00f3 hablar de <strong>pol\u00edtica exterior<\/strong> y de su fallida relaci\u00f3n de amistad con Donald Trump, que la excomulg\u00f3 por no haber apoyado su aventura b\u00e9lica en Ir\u00e1n. Prefiri\u00f3 reivindicar la protecci\u00f3n de las fronteras y su <strong>pol\u00edtica migratoria<\/strong>.<\/p>\n<div class=\"content-media\">\n<section role=\"button\" class=\"mod-media   \">\n<figure role=\"button\" tabindex=\"0\" class=\"mod-figure \"><figcaption class=\"mod-figcaption\"><span class=\"com-text --caption --twoxs\">Simpatizantes de Hermanos de Italia asisten en Bari a un acto para celebrar la longevidad del gobierno de Meloni<\/span><span class=\"com-text --credit --twoxs\">Roberto Monaldo &#8211; LaPresse<\/span><\/figcaption><\/figure>\n<\/section>\n<\/div>\n<p class=\"com-paragraph --s\">\u201cDurante a\u00f1os nos llamaron extremistas, pero despu\u00e9s copiaron todo. Esto es lo que significa ser respetado en Bruselas, es lo que significa que la derecha sea respetada\u201d, dijo, aludiendo al centro de repatriaci\u00f3n construido en Albania, al que la UE dio el visto bueno.<\/p>\n<p class=\"com-paragraph --s\">Y hasta <strong>se burl\u00f3 del \u201cmodelo S\u00e1nchez\u201d<\/strong> tras la crisis de Ceuta, aludiendo a su par espa\u00f1ol, el socialista Pedro S\u00e1nchez, en momentos de tensi\u00f3n bilateral despu\u00e9s de la suspensi\u00f3n del acuerdo de libre circulaci\u00f3n de Schengen.<\/p>\n<p class=\"com-paragraph --s\">Meloni admiti\u00f3 errores y reconoci\u00f3 que \u201cdebemos hacer m\u00e1s y debemos hacerlo mejor\u201d, pero advirti\u00f3 una y otra vez que no piensa rendirse.<\/p>\n<p class=\"com-paragraph --s\">\u201cMi meta es <strong>una Italia que ya no le pide permiso a nadie<\/strong>\u201d, se\u00f1al\u00f3. \u201cS\u00e9 que es m\u00e1s de lo que hemos logrado hasta ahora y que cuatro a\u00f1os no son suficientes, pero no pienso rendirme ni conformarme con menos, porque esta naci\u00f3n se lo merece\u201d, areng\u00f3.<\/p>\n<p class=\"com-paragraph --s\">\u201cY mientras tenga el honor y la oportunidad de hacerlo, seguir\u00e9 luchando\u201d, cerr\u00f3, entre ovaciones de la multitud, envalentonada y en modo campa\u00f1a.<\/p>\n<section class=\"container-center-100 mb-40 border border-bottom border-thin border-neutral-light-700\">\n<hr\/>\n<\/section>\n<\/div>\n<p><script id=\"facebookpixel\" defer=\"\" type=\"text\/javascript\">\n        !function(f,b,e,v,n,t,s)\n        {if(f.fbq)return;n=f.fbq=function(){n.callMethod?\n        n.callMethod.apply(n,arguments):n.queue.push(arguments)};\n        if(!f._fbq)f._fbq=n;n.push=n;n.loaded=!0;n.version='2.0';\n        n.queue=[];t=b.createElement(e);t.async=!0;\n        t.src=v;s=b.getElementsByTagName(e)[0];\n        s.parentNode.insertBefore(t,s)}(window, document,'script',\n        'https:\/\/connect.facebook.net\/en_US\/fbevents.js');\n        fbq('init', '492459597522335');\n        fbq('track', 'PageView');\n    <\/script><br \/>\n<br \/><\/p>\n","protected":false},"excerpt":{"rendered":"<p>ROMA.- \u201cHubo d\u00edas en los que me parec\u00eda estar nadando en medio de pegamento, pero no me rend\u00ed ni voy a rendirme. Cuatro a\u00f1os no son suficientes para llegar a la meta de una Italia que no deba pedirle permiso a nadie\u201d. Con diez mil simpatizantes aclam\u00e1ndola al grito de \u201c\u00a1Giorgia! \u00a1Giorgia!\u201d, una euf\u00f3rica Giorgia [&hellip;]<\/p>\n","protected":false},"author":2,"featured_media":210578,"comment_status":"closed","ping_status":"closed","sticky":false,"template":"","format":"standard","meta":{"footnotes":""},"categories":[26],"tags":[],"class_list":["post-210577","post","type-post","status-publish","format-standard","has-post-thumbnail","hentry","category-internacionales"],"yoast_head":"<!-- This site is optimized with the Yoast SEO plugin v24.4 - https:\/\/yoast.com\/wordpress\/plugins\/seo\/ -->\n<title>\u201cNo me rend\u00ed ni voy a rendirme\u201d: Meloni celebr\u00f3 su r\u00e9cord ya en modo campa\u00f1a para su reelecci\u00f3n - GYS NOTICIAS |<\/title>\n<meta name=\"robots\" content=\"index, follow, max-snippet:-1, max-image-preview:large, max-video-preview:-1\" \/>\n<link rel=\"canonical\" href=\"https:\/\/gysfm.com.ar\/inicio\/no-me-rendi-ni-voy-a-rendirme-meloni-celebro-su-record-ya-en-modo-campana-para-su-reeleccion\/\" \/>\n<meta property=\"og:locale\" content=\"es_ES\" \/>\n<meta property=\"og:type\" content=\"article\" \/>\n<meta property=\"og:title\" content=\"\u201cNo me rend\u00ed ni voy a rendirme\u201d: Meloni celebr\u00f3 su r\u00e9cord ya en modo campa\u00f1a para su reelecci\u00f3n - GYS NOTICIAS |\" \/>\n<meta property=\"og:description\" content=\"ROMA.- \u201cHubo d\u00edas en los que me parec\u00eda estar nadando en medio de pegamento, pero no me rend\u00ed ni voy a rendirme. Cuatro a\u00f1os no son suficientes para llegar a la meta de una Italia que no deba pedirle permiso a nadie\u201d. Con diez mil simpatizantes aclam\u00e1ndola al grito de \u201c\u00a1Giorgia! \u00a1Giorgia!\u201d, una euf\u00f3rica Giorgia [&hellip;]\" \/>\n<meta property=\"og:url\" content=\"https:\/\/gysfm.com.ar\/inicio\/no-me-rendi-ni-voy-a-rendirme-meloni-celebro-su-record-ya-en-modo-campana-para-su-reeleccion\/\" \/>\n<meta property=\"og:site_name\" content=\"GYS NOTICIAS |\" \/>\n<meta property=\"article:published_time\" content=\"2026-09-05T18:30:14+00:00\" \/>\n<meta property=\"article:modified_time\" content=\"2026-09-05T18:30:15+00:00\" \/>\n<meta property=\"og:image\" content=\"https:\/\/gysfm.com.ar\/inicio\/wp-content\/uploads\/2026\/09\/meloni-se-toma-una-selfie-con-simpatizantes-5VRG2ZOTN5DGDBNWDJUICVIMJM.JPG\" \/>\n\t<meta property=\"og:image:width\" content=\"1200\" \/>\n\t<meta property=\"og:image:height\" content=\"800\" \/>\n\t<meta property=\"og:image:type\" content=\"image\/jpeg\" \/>\n<meta name=\"author\" content=\"Prensa G&amp;S FM\" \/>\n<meta name=\"twitter:card\" content=\"summary_large_image\" \/>\n<meta name=\"twitter:label1\" content=\"Escrito por\" \/>\n\t<meta name=\"twitter:data1\" content=\"Prensa G&amp;S FM\" \/>\n\t<meta name=\"twitter:label2\" content=\"Tiempo de lectura\" \/>\n\t<meta name=\"twitter:data2\" content=\"5 minutos\" \/>\n<script type=\"application\/ld+json\" class=\"yoast-schema-graph\">{\"@context\":\"https:\/\/schema.org\",\"@graph\":[{\"@type\":\"Article\",\"@id\":\"https:\/\/gysfm.com.ar\/inicio\/no-me-rendi-ni-voy-a-rendirme-meloni-celebro-su-record-ya-en-modo-campana-para-su-reeleccion\/#article\",\"isPartOf\":{\"@id\":\"https:\/\/gysfm.com.ar\/inicio\/no-me-rendi-ni-voy-a-rendirme-meloni-celebro-su-record-ya-en-modo-campana-para-su-reeleccion\/\"},\"author\":{\"name\":\"Prensa G&amp;S FM\",\"@id\":\"https:\/\/gysfm.com.ar\/inicio\/#\/schema\/person\/3abba7593ef2ad19e1be221d54383dc5\"},\"headline\":\"\u201cNo me rend\u00ed ni voy a rendirme\u201d: Meloni celebr\u00f3 su r\u00e9cord ya en modo campa\u00f1a para su reelecci\u00f3n\",\"datePublished\":\"2026-09-05T18:30:14+00:00\",\"dateModified\":\"2026-09-05T18:30:15+00:00\",\"mainEntityOfPage\":{\"@id\":\"https:\/\/gysfm.com.ar\/inicio\/no-me-rendi-ni-voy-a-rendirme-meloni-celebro-su-record-ya-en-modo-campana-para-su-reeleccion\/\"},\"wordCount\":1122,\"publisher\":{\"@id\":\"https:\/\/gysfm.com.ar\/inicio\/#organization\"},\"image\":{\"@id\":\"https:\/\/gysfm.com.ar\/inicio\/no-me-rendi-ni-voy-a-rendirme-meloni-celebro-su-record-ya-en-modo-campana-para-su-reeleccion\/#primaryimage\"},\"thumbnailUrl\":\"https:\/\/gysfm.com.ar\/inicio\/wp-content\/uploads\/2026\/09\/meloni-se-toma-una-selfie-con-simpatizantes-5VRG2ZOTN5DGDBNWDJUICVIMJM.JPG\",\"articleSection\":[\"INTERNACIONALES\"],\"inLanguage\":\"es\"},{\"@type\":\"WebPage\",\"@id\":\"https:\/\/gysfm.com.ar\/inicio\/no-me-rendi-ni-voy-a-rendirme-meloni-celebro-su-record-ya-en-modo-campana-para-su-reeleccion\/\",\"url\":\"https:\/\/gysfm.com.ar\/inicio\/no-me-rendi-ni-voy-a-rendirme-meloni-celebro-su-record-ya-en-modo-campana-para-su-reeleccion\/\",\"name\":\"\u201cNo me rend\u00ed ni voy a rendirme\u201d: Meloni celebr\u00f3 su r\u00e9cord ya en modo campa\u00f1a para su reelecci\u00f3n - GYS NOTICIAS |\",\"isPartOf\":{\"@id\":\"https:\/\/gysfm.com.ar\/inicio\/#website\"},\"primaryImageOfPage\":{\"@id\":\"https:\/\/gysfm.com.ar\/inicio\/no-me-rendi-ni-voy-a-rendirme-meloni-celebro-su-record-ya-en-modo-campana-para-su-reeleccion\/#primaryimage\"},\"image\":{\"@id\":\"https:\/\/gysfm.com.ar\/inicio\/no-me-rendi-ni-voy-a-rendirme-meloni-celebro-su-record-ya-en-modo-campana-para-su-reeleccion\/#primaryimage\"},\"thumbnailUrl\":\"https:\/\/gysfm.com.ar\/inicio\/wp-content\/uploads\/2026\/09\/meloni-se-toma-una-selfie-con-simpatizantes-5VRG2ZOTN5DGDBNWDJUICVIMJM.JPG\",\"datePublished\":\"2026-09-05T18:30:14+00:00\",\"dateModified\":\"2026-09-05T18:30:15+00:00\",\"breadcrumb\":{\"@id\":\"https:\/\/gysfm.com.ar\/inicio\/no-me-rendi-ni-voy-a-rendirme-meloni-celebro-su-record-ya-en-modo-campana-para-su-reeleccion\/#breadcrumb\"},\"inLanguage\":\"es\",\"potentialAction\":[{\"@type\":\"ReadAction\",\"target\":[\"https:\/\/gysfm.com.ar\/inicio\/no-me-rendi-ni-voy-a-rendirme-meloni-celebro-su-record-ya-en-modo-campana-para-su-reeleccion\/\"]}]},{\"@type\":\"ImageObject\",\"inLanguage\":\"es\",\"@id\":\"https:\/\/gysfm.com.ar\/inicio\/no-me-rendi-ni-voy-a-rendirme-meloni-celebro-su-record-ya-en-modo-campana-para-su-reeleccion\/#primaryimage\",\"url\":\"https:\/\/gysfm.com.ar\/inicio\/wp-content\/uploads\/2026\/09\/meloni-se-toma-una-selfie-con-simpatizantes-5VRG2ZOTN5DGDBNWDJUICVIMJM.JPG\",\"contentUrl\":\"https:\/\/gysfm.com.ar\/inicio\/wp-content\/uploads\/2026\/09\/meloni-se-toma-una-selfie-con-simpatizantes-5VRG2ZOTN5DGDBNWDJUICVIMJM.JPG\",\"width\":1200,\"height\":800},{\"@type\":\"BreadcrumbList\",\"@id\":\"https:\/\/gysfm.com.ar\/inicio\/no-me-rendi-ni-voy-a-rendirme-meloni-celebro-su-record-ya-en-modo-campana-para-su-reeleccion\/#breadcrumb\",\"itemListElement\":[{\"@type\":\"ListItem\",\"position\":1,\"name\":\"Portada\",\"item\":\"https:\/\/gysfm.com.ar\/inicio\/\"},{\"@type\":\"ListItem\",\"position\":2,\"name\":\"\u201cNo me rend\u00ed ni voy a rendirme\u201d: Meloni celebr\u00f3 su r\u00e9cord ya en modo campa\u00f1a para su reelecci\u00f3n\"}]},{\"@type\":\"WebSite\",\"@id\":\"https:\/\/gysfm.com.ar\/inicio\/#website\",\"url\":\"https:\/\/gysfm.com.ar\/inicio\/\",\"name\":\"GYS NOTICIAS |\",\"description\":\"DIARIO - RADIO ONLINE SAN JUAN ARGENTINA\",\"publisher\":{\"@id\":\"https:\/\/gysfm.com.ar\/inicio\/#organization\"},\"potentialAction\":[{\"@type\":\"SearchAction\",\"target\":{\"@type\":\"EntryPoint\",\"urlTemplate\":\"https:\/\/gysfm.com.ar\/inicio\/?s={search_term_string}\"},\"query-input\":{\"@type\":\"PropertyValueSpecification\",\"valueRequired\":true,\"valueName\":\"search_term_string\"}}],\"inLanguage\":\"es\"},{\"@type\":\"Organization\",\"@id\":\"https:\/\/gysfm.com.ar\/inicio\/#organization\",\"name\":\"GYS NOTICIAS |\",\"url\":\"https:\/\/gysfm.com.ar\/inicio\/\",\"logo\":{\"@type\":\"ImageObject\",\"inLanguage\":\"es\",\"@id\":\"https:\/\/gysfm.com.ar\/inicio\/#\/schema\/logo\/image\/\",\"url\":\"https:\/\/gysfm.com.ar\/inicio\/wp-content\/uploads\/2023\/07\/LOGOGYS-OK.png\",\"contentUrl\":\"https:\/\/gysfm.com.ar\/inicio\/wp-content\/uploads\/2023\/07\/LOGOGYS-OK.png\",\"width\":1170,\"height\":872,\"caption\":\"GYS NOTICIAS |\"},\"image\":{\"@id\":\"https:\/\/gysfm.com.ar\/inicio\/#\/schema\/logo\/image\/\"}},{\"@type\":\"Person\",\"@id\":\"https:\/\/gysfm.com.ar\/inicio\/#\/schema\/person\/3abba7593ef2ad19e1be221d54383dc5\",\"name\":\"Prensa G&amp;S FM\",\"image\":{\"@type\":\"ImageObject\",\"inLanguage\":\"es\",\"@id\":\"https:\/\/gysfm.com.ar\/inicio\/#\/schema\/person\/image\/\",\"url\":\"https:\/\/secure.gravatar.com\/avatar\/096ec78df02049ab018702bb4ccedf659377fa92a26540b5247612077a0dbd29?s=96&d=mm&r=g\",\"contentUrl\":\"https:\/\/secure.gravatar.com\/avatar\/096ec78df02049ab018702bb4ccedf659377fa92a26540b5247612077a0dbd29?s=96&d=mm&r=g\",\"caption\":\"Prensa G&amp;S FM\"},\"sameAs\":[\"https:\/\/gysfm.com.ar\/\"],\"url\":\"https:\/\/gysfm.com.ar\/inicio\/author\/lucasm\/\"}]}<\/script>\n<!-- \/ Yoast SEO plugin. -->","yoast_head_json":{"title":"\u201cNo me rend\u00ed ni voy a rendirme\u201d: Meloni celebr\u00f3 su r\u00e9cord ya en modo campa\u00f1a para su reelecci\u00f3n - GYS NOTICIAS |","robots":{"index":"index","follow":"follow","max-snippet":"max-snippet:-1","max-image-preview":"max-image-preview:large","max-video-preview":"max-video-preview:-1"},"canonical":"https:\/\/gysfm.com.ar\/inicio\/no-me-rendi-ni-voy-a-rendirme-meloni-celebro-su-record-ya-en-modo-campana-para-su-reeleccion\/","og_locale":"es_ES","og_type":"article","og_title":"\u201cNo me rend\u00ed ni voy a rendirme\u201d: Meloni celebr\u00f3 su r\u00e9cord ya en modo campa\u00f1a para su reelecci\u00f3n - GYS NOTICIAS |","og_description":"ROMA.- \u201cHubo d\u00edas en los que me parec\u00eda estar nadando en medio de pegamento, pero no me rend\u00ed ni voy a rendirme. Cuatro a\u00f1os no son suficientes para llegar a la meta de una Italia que no deba pedirle permiso a nadie\u201d. Con diez mil simpatizantes aclam\u00e1ndola al grito de \u201c\u00a1Giorgia! \u00a1Giorgia!\u201d, una euf\u00f3rica Giorgia [&hellip;]","og_url":"https:\/\/gysfm.com.ar\/inicio\/no-me-rendi-ni-voy-a-rendirme-meloni-celebro-su-record-ya-en-modo-campana-para-su-reeleccion\/","og_site_name":"GYS NOTICIAS |","article_published_time":"2026-09-05T18:30:14+00:00","article_modified_time":"2026-09-05T18:30:15+00:00","og_image":[{"width":1200,"height":800,"url":"https:\/\/gysfm.com.ar\/inicio\/wp-content\/uploads\/2026\/09\/meloni-se-toma-una-selfie-con-simpatizantes-5VRG2ZOTN5DGDBNWDJUICVIMJM.JPG","type":"image\/jpeg"}],"author":"Prensa G&amp;S FM","twitter_card":"summary_large_image","twitter_misc":{"Escrito por":"Prensa G&amp;S FM","Tiempo de lectura":"5 minutos"},"schema":{"@context":"https:\/\/schema.org","@graph":[{"@type":"Article","@id":"https:\/\/gysfm.com.ar\/inicio\/no-me-rendi-ni-voy-a-rendirme-meloni-celebro-su-record-ya-en-modo-campana-para-su-reeleccion\/#article","isPartOf":{"@id":"https:\/\/gysfm.com.ar\/inicio\/no-me-rendi-ni-voy-a-rendirme-meloni-celebro-su-record-ya-en-modo-campana-para-su-reeleccion\/"},"author":{"name":"Prensa G&amp;S FM","@id":"https:\/\/gysfm.com.ar\/inicio\/#\/schema\/person\/3abba7593ef2ad19e1be221d54383dc5"},"headline":"\u201cNo me rend\u00ed ni voy a rendirme\u201d: Meloni celebr\u00f3 su r\u00e9cord ya en modo campa\u00f1a para su reelecci\u00f3n","datePublished":"2026-09-05T18:30:14+00:00","dateModified":"2026-09-05T18:30:15+00:00","mainEntityOfPage":{"@id":"https:\/\/gysfm.com.ar\/inicio\/no-me-rendi-ni-voy-a-rendirme-meloni-celebro-su-record-ya-en-modo-campana-para-su-reeleccion\/"},"wordCount":1122,"publisher":{"@id":"https:\/\/gysfm.com.ar\/inicio\/#organization"},"image":{"@id":"https:\/\/gysfm.com.ar\/inicio\/no-me-rendi-ni-voy-a-rendirme-meloni-celebro-su-record-ya-en-modo-campana-para-su-reeleccion\/#primaryimage"},"thumbnailUrl":"https:\/\/gysfm.com.ar\/inicio\/wp-content\/uploads\/2026\/09\/meloni-se-toma-una-selfie-con-simpatizantes-5VRG2ZOTN5DGDBNWDJUICVIMJM.JPG","articleSection":["INTERNACIONALES"],"inLanguage":"es"},{"@type":"WebPage","@id":"https:\/\/gysfm.com.ar\/inicio\/no-me-rendi-ni-voy-a-rendirme-meloni-celebro-su-record-ya-en-modo-campana-para-su-reeleccion\/","url":"https:\/\/gysfm.com.ar\/inicio\/no-me-rendi-ni-voy-a-rendirme-meloni-celebro-su-record-ya-en-modo-campana-para-su-reeleccion\/","name":"\u201cNo me rend\u00ed ni voy a rendirme\u201d: Meloni celebr\u00f3 su r\u00e9cord ya en modo campa\u00f1a para su reelecci\u00f3n - GYS NOTICIAS |","isPartOf":{"@id":"https:\/\/gysfm.com.ar\/inicio\/#website"},"primaryImageOfPage":{"@id":"https:\/\/gysfm.com.ar\/inicio\/no-me-rendi-ni-voy-a-rendirme-meloni-celebro-su-record-ya-en-modo-campana-para-su-reeleccion\/#primaryimage"},"image":{"@id":"https:\/\/gysfm.com.ar\/inicio\/no-me-rendi-ni-voy-a-rendirme-meloni-celebro-su-record-ya-en-modo-campana-para-su-reeleccion\/#primaryimage"},"thumbnailUrl":"https:\/\/gysfm.com.ar\/inicio\/wp-content\/uploads\/2026\/09\/meloni-se-toma-una-selfie-con-simpatizantes-5VRG2ZOTN5DGDBNWDJUICVIMJM.JPG","datePublished":"2026-09-05T18:30:14+00:00","dateModified":"2026-09-05T18:30:15+00:00","breadcrumb":{"@id":"https:\/\/gysfm.com.ar\/inicio\/no-me-rendi-ni-voy-a-rendirme-meloni-celebro-su-record-ya-en-modo-campana-para-su-reeleccion\/#breadcrumb"},"inLanguage":"es","potentialAction":[{"@type":"ReadAction","target":["https:\/\/gysfm.com.ar\/inicio\/no-me-rendi-ni-voy-a-rendirme-meloni-celebro-su-record-ya-en-modo-campana-para-su-reeleccion\/"]}]},{"@type":"ImageObject","inLanguage":"es","@id":"https:\/\/gysfm.com.ar\/inicio\/no-me-rendi-ni-voy-a-rendirme-meloni-celebro-su-record-ya-en-modo-campana-para-su-reeleccion\/#primaryimage","url":"https:\/\/gysfm.com.ar\/inicio\/wp-content\/uploads\/2026\/09\/meloni-se-toma-una-selfie-con-simpatizantes-5VRG2ZOTN5DGDBNWDJUICVIMJM.JPG","contentUrl":"https:\/\/gysfm.com.ar\/inicio\/wp-content\/uploads\/2026\/09\/meloni-se-toma-una-selfie-con-simpatizantes-5VRG2ZOTN5DGDBNWDJUICVIMJM.JPG","width":1200,"height":800},{"@type":"BreadcrumbList","@id":"https:\/\/gysfm.com.ar\/inicio\/no-me-rendi-ni-voy-a-rendirme-meloni-celebro-su-record-ya-en-modo-campana-para-su-reeleccion\/#breadcrumb","itemListElement":[{"@type":"ListItem","position":1,"name":"Portada","item":"https:\/\/gysfm.com.ar\/inicio\/"},{"@type":"ListItem","position":2,"name":"\u201cNo me rend\u00ed ni voy a rendirme\u201d: Meloni celebr\u00f3 su r\u00e9cord ya en modo campa\u00f1a para su reelecci\u00f3n"}]},{"@type":"WebSite","@id":"https:\/\/gysfm.com.ar\/inicio\/#website","url":"https:\/\/gysfm.com.ar\/inicio\/","name":"GYS NOTICIAS |","description":"DIARIO - RADIO ONLINE SAN JUAN ARGENTINA","publisher":{"@id":"https:\/\/gysfm.com.ar\/inicio\/#organization"},"potentialAction":[{"@type":"SearchAction","target":{"@type":"EntryPoint","urlTemplate":"https:\/\/gysfm.com.ar\/inicio\/?s={search_term_string}"},"query-input":{"@type":"PropertyValueSpecification","valueRequired":true,"valueName":"search_term_string"}}],"inLanguage":"es"},{"@type":"Organization","@id":"https:\/\/gysfm.com.ar\/inicio\/#organization","name":"GYS NOTICIAS |","url":"https:\/\/gysfm.com.ar\/inicio\/","logo":{"@type":"ImageObject","inLanguage":"es","@id":"https:\/\/gysfm.com.ar\/inicio\/#\/schema\/logo\/image\/","url":"https:\/\/gysfm.com.ar\/inicio\/wp-content\/uploads\/2023\/07\/LOGOGYS-OK.png","contentUrl":"https:\/\/gysfm.com.ar\/inicio\/wp-content\/uploads\/2023\/07\/LOGOGYS-OK.png","width":1170,"height":872,"caption":"GYS NOTICIAS |"},"image":{"@id":"https:\/\/gysfm.com.ar\/inicio\/#\/schema\/logo\/image\/"}},{"@type":"Person","@id":"https:\/\/gysfm.com.ar\/inicio\/#\/schema\/person\/3abba7593ef2ad19e1be221d54383dc5","name":"Prensa G&amp;S FM","image":{"@type":"ImageObject","inLanguage":"es","@id":"https:\/\/gysfm.com.ar\/inicio\/#\/schema\/person\/image\/","url":"https:\/\/secure.gravatar.com\/avatar\/096ec78df02049ab018702bb4ccedf659377fa92a26540b5247612077a0dbd29?s=96&d=mm&r=g","contentUrl":"https:\/\/secure.gravatar.com\/avatar\/096ec78df02049ab018702bb4ccedf659377fa92a26540b5247612077a0dbd29?s=96&d=mm&r=g","caption":"Prensa G&amp;S FM"},"sameAs":["https:\/\/gysfm.com.ar\/"],"url":"https:\/\/gysfm.com.ar\/inicio\/author\/lucasm\/"}]}},"_links":{"self":[{"href":"https:\/\/gysfm.com.ar\/inicio\/wp-json\/wp\/v2\/posts\/210577","targetHints":{"allow":["GET"]}}],"collection":[{"href":"https:\/\/gysfm.com.ar\/inicio\/wp-json\/wp\/v2\/posts"}],"about":[{"href":"https:\/\/gysfm.com.ar\/inicio\/wp-json\/wp\/v2\/types\/post"}],"author":[{"embeddable":true,"href":"https:\/\/gysfm.com.ar\/inicio\/wp-json\/wp\/v2\/users\/2"}],"replies":[{"embeddable":true,"href":"https:\/\/gysfm.com.ar\/inicio\/wp-json\/wp\/v2\/comments?post=210577"}],"version-history":[{"count":1,"href":"https:\/\/gysfm.com.ar\/inicio\/wp-json\/wp\/v2\/posts\/210577\/revisions"}],"predecessor-version":[{"id":210579,"href":"https:\/\/gysfm.com.ar\/inicio\/wp-json\/wp\/v2\/posts\/210577\/revisions\/210579"}],"wp:featuredmedia":[{"embeddable":true,"href":"https:\/\/gysfm.com.ar\/inicio\/wp-json\/wp\/v2\/media\/210578"}],"wp:attachment":[{"href":"https:\/\/gysfm.com.ar\/inicio\/wp-json\/wp\/v2\/media?parent=210577"}],"wp:term":[{"taxonomy":"category","embeddable":true,"href":"https:\/\/gysfm.com.ar\/inicio\/wp-json\/wp\/v2\/categories?post=210577"},{"taxonomy":"post_tag","embeddable":true,"href":"https:\/\/gysfm.com.ar\/inicio\/wp-json\/wp\/v2\/tags?post=210577"}],"curies":[{"name":"wp","href":"https:\/\/api.w.org\/{rel}","templated":true}]}}