{"id":210560,"date":"2026-09-05T12:23:27","date_gmt":"2026-09-05T15:23:27","guid":{"rendered":"https:\/\/gysfm.com.ar\/inicio\/se-agrava-la-crisis-en-la-corte-suprema-y-lula-pide-una-investigacion-transparente\/"},"modified":"2026-09-05T12:23:28","modified_gmt":"2026-09-05T15:23:28","slug":"se-agrava-la-crisis-en-la-corte-suprema-y-lula-pide-una-investigacion-transparente","status":"publish","type":"post","link":"https:\/\/gysfm.com.ar\/inicio\/se-agrava-la-crisis-en-la-corte-suprema-y-lula-pide-una-investigacion-transparente\/","title":{"rendered":"Se agrava la crisis en la Corte Suprema y Lula pide una investigaci\u00f3n transparente"},"content":{"rendered":"<p> <br \/>\n<\/p>\n<div>\n<p class=\"com-paragraph --capital --s\">BRASILIA.\u2013 El presidente brasile\u00f1o, <strong>Luiz Inacio Lula da Silva,<\/strong> exigi\u00f3 investigar \u201csin blindaje de nadie\u201d un <strong>megaesc\u00e1ndalo de corrupci\u00f3n<\/strong> que desat\u00f3 una crisis en la Corte Suprema, con acusaciones entre los jueces.<\/p>\n<p class=\"com-paragraph --s\">La pelea interna en el m\u00e1ximo tribunal se agrava a un mes de las <strong>elecciones generales<\/strong> de octubre, en las que el veterano socialista Lula buscar\u00e1 su reelecci\u00f3n contra el senador de derecha <strong>Flavio Bolsonaro.<\/strong><\/p>\n<p class=\"com-paragraph --s\">Un informe policial publicado esta semana<a href=\"https:\/\/www.lanacion.com.ar\/el-mundo\/una-revelacion-sobre-el-escandalo-de-un-banquero-preso-deja-en-la-cuerda-floja-al-juez-mas-poderoso-nid01092026\/\" target=\"_self\" title=\"https:\/\/www.lanacion.com.ar\/el-mundo\/una-revelacion-sobre-el-escandalo-de-un-banquero-preso-deja-en-la-cuerda-floja-al-juez-mas-poderoso-nid01092026\/\" class=\"com-link break-word\" data-mrf-recirculation=\"n_link_parrafo\"> revel\u00f3 mensajes <\/a>de un banquero preso por un gigantesco <strong>fraude financiero<\/strong> a un n\u00famero atribuido al juez <strong>Alexandre de Moraes<\/strong>, con el aparente objetivo de eludir la investigaci\u00f3n que poco despu\u00e9s llev\u00f3 a su arresto en noviembre.<\/p>\n<div class=\"content-media\">\n<section role=\"button\" class=\"mod-media   \">\n<figure role=\"button\" tabindex=\"0\" class=\"mod-figure \"><figcaption class=\"mod-figcaption\"><span class=\"com-text --caption --twoxs\">El juez Alexandre de Moraes fue vinculado al esc\u00e1ndalo financiero del Banco Master<\/span><span class=\"com-text --credit --twoxs\">Luis Nova &#8211; AP<\/span><\/figcaption><\/figure>\n<\/section>\n<\/div>\n<p class=\"com-paragraph --s\">Los mensajes se conocieron luego de que otro juez de la corte, <strong>Andre Mendon\u00e7a,<\/strong> ordenara levantar el secreto de sumario y esclarecer si el destinatario era efectivamente su colega. <\/p>\n<p class=\"com-paragraph --s\">\u201c<strong>Es fundamental que se investigue a todo el mundo, (&#8230;) duela a quien duela\u201d,<\/strong> afirm\u00f3 Lula el jueves en un video difundido en redes sociales, en el que calific\u00f3 al caso del Banco Master como <strong>\u201cel mayor robo de la historia\u201d<\/strong> de Brasil.<\/p>\n<p class=\"com-paragraph --s\">\u201cAnte la gravedad del momento, el pueblo brasile\u00f1o espera que el presidente de la Corte Suprema y el Ministerio P\u00fablico <strong>lideren un proceso que garantice la integridad y confianza <\/strong>en las investigaciones\u201d, agreg\u00f3.<\/p>\n<p class=\"com-paragraph --s\">La polic\u00eda indaga <strong>sobre v\u00ednculos del banquero Daniel Vorcaro, exdue\u00f1o del Banco Master, con varias figuras de la pol\u00edtica y la Justicia.<\/strong> Vorcaro fue detenido luego de que Master quebrara con una deuda de m\u00e1s de 7000 millones de d\u00f3lares a cientos de inversores.<\/p>\n<p><h2 class=\"font-primary font-w-bold text-subheading-lg text-left container-center-100 mb-8\"><span>Moraes contraataca <\/span><\/h2>\n<\/p>\n<p class=\"com-paragraph --s\">En un nuevo cap\u00edtulo de la crisis en la Corte, el juez Moraes pidi\u00f3 que la Corte investigue a su colega Mendon\u00e7a por indicios de <strong>\u201cimprobidad\u201d, \u201cabuso de autoridad\u201d y \u201cfavor a determinados grupos pol\u00edticos\u201d<\/strong> en la decisi\u00f3n que lo tiene como apuntado.<\/p>\n<div class=\"content-media\">\n<section role=\"button\" class=\"mod-media   \">\n<figure role=\"button\" tabindex=\"0\" class=\"mod-figure \"><figcaption class=\"mod-figcaption\"><span class=\"com-text --caption --twoxs\">El banquero Daniel Vorcaro<\/span><\/figcaption><\/figure>\n<\/section>\n<\/div>\n<p class=\"com-paragraph --s\">Considerado una de las autoridades m\u00e1s poderosas de Brasil, <strong>Moraes condujo el juicio que en 2025 llev\u00f3 a la c\u00e1rcel al expresidente de extrema derecha Jair Bolsonaro (2019-2022),<\/strong> por un intento de golpe de Estado. Mendon\u00e7a fue designado por Bolsonaro en la Corte.<\/p>\n<p class=\"com-paragraph --s\">En los mensajes de Vorcaro al n\u00famero atribuido a Moraes, antes de su arresto, el banquero preguntaba si deb\u00eda salir del pa\u00eds<strong>: \u201c\u00bfCrees que el lunes ya tengo que estar afuera?\u201d. <\/strong>D\u00edas antes, en otro mensaje, dijo: <strong>\u201cSiempre juntos. Sabes que te tengo todo el agradecimiento de mi vida\u201d.<\/strong><\/p>\n<p class=\"com-paragraph --s\">Las respuestas de su interlocutor <strong>no constan en el informe policial divulgado por orden de Mendon\u00e7a,<\/strong> quien pidi\u00f3 tratar el caso en el plenario de la corte.<\/p>\n<p class=\"com-paragraph --s\">Su presidente, <strong>Edson Fachin,<\/strong> dio d\u00edas de plazo a ambos magistrados para que se pronuncien sobre una decisi\u00f3n del Ministerio P\u00fablico que declar\u00f3 nulo el pedido de Mendon\u00e7a. <\/p>\n<div class=\"content-media\">\n<section role=\"button\" class=\"mod-media   \">\n<figure role=\"button\" tabindex=\"0\" class=\"mod-figure \"><figcaption class=\"mod-figcaption\"><span class=\"com-text --caption --twoxs\">Flavio Bolsonaro y Lula da Silva<\/span><\/figcaption><\/figure>\n<\/section>\n<\/div>\n<p class=\"com-paragraph --s\">Fachin asegur\u00f3 este viernes que los hechos est\u00e1n <strong>bajo investigaci\u00f3n<\/strong> y que ninguna autoridad est\u00e1 por encima de la Constituci\u00f3n Federal.<\/p>\n<p class=\"com-paragraph --s\">\u201cLa gravedad de los hechos no permite atajos. <strong>Por el contrario, cuanto mayor es el desaf\u00edo, mayor debe ser el compromiso con la legalidad, el debido proceso legal y las garant\u00edas constitucionales. <\/strong>No habr\u00e1 precipitaci\u00f3n ni tampoco omisi\u00f3n. La respuesta institucional ser\u00e1 firme, proporcional y rigurosa\u201d, se\u00f1al\u00f3.<\/p>\n<p class=\"com-paragraph --s\">El caso Master ha alcanzado tambi\u00e9n a Flavio Bolsonaro. La polic\u00eda investiga <strong>giros millonarios solicitados por Bolsonaro a Vorcaro<\/strong> que, seg\u00fan el derechista, se usar\u00edan para financiar una pel\u00edcula biogr\u00e1fica sobre su padre.<\/p>\n<p class=\"com-paragraph --s\">El bolsonarismo considera a Moraes como un <strong>enemigo pol\u00edtico<\/strong> y ha pedido que se le abra un juicio para destituirlo tras las recientes revelaciones. <\/p>\n<p class=\"com-paragraph --s\"><strong>\u201cLa sociedad necesita reaccionar pac\u00edfica y democr\u00e1ticamente. Es hora de decir basta\u201d,<\/strong> afirm\u00f3 el l\u00edder de la oposici\u00f3n en el Senado, Rogerio Marinho, quien acus\u00f3 a Moraes de ejercer un \u201cpoder sin control\u201d.<\/p>\n<p class=\"com-paragraph --s\">Las intenciones de voto para las presidenciales muestran un empate t\u00e9cnico entre <strong>Lula (46%) y Flavio Bolsonaro (44%)<\/strong> para una eventual segunda vuelta.<\/p>\n<p class=\"com-paragraph --s\"><strong>Agencias AP y Xinhua<\/strong><\/p>\n<section class=\"container-center-100 mb-40 border border-bottom border-thin border-neutral-light-700\">\n<hr\/>\n<\/section>\n<\/div>\n<p><script id=\"facebookpixel\" defer=\"\" type=\"text\/javascript\">\n        !function(f,b,e,v,n,t,s)\n        {if(f.fbq)return;n=f.fbq=function(){n.callMethod?\n        n.callMethod.apply(n,arguments):n.queue.push(arguments)};\n        if(!f._fbq)f._fbq=n;n.push=n;n.loaded=!0;n.version='2.0';\n        n.queue=[];t=b.createElement(e);t.async=!0;\n        t.src=v;s=b.getElementsByTagName(e)[0];\n        s.parentNode.insertBefore(t,s)}(window, document,'script',\n        'https:\/\/connect.facebook.net\/en_US\/fbevents.js');\n        fbq('init', '492459597522335');\n        fbq('track', 'PageView');\n    <\/script><br \/>\n<br \/><\/p>\n","protected":false},"excerpt":{"rendered":"<p>BRASILIA.\u2013 El presidente brasile\u00f1o, Luiz Inacio Lula da Silva, exigi\u00f3 investigar \u201csin blindaje de nadie\u201d un megaesc\u00e1ndalo de corrupci\u00f3n que desat\u00f3 una crisis en la Corte Suprema, con acusaciones entre los jueces. La pelea interna en el m\u00e1ximo tribunal se agrava a un mes de las elecciones generales de octubre, en las que el veterano [&hellip;]<\/p>\n","protected":false},"author":2,"featured_media":210561,"comment_status":"closed","ping_status":"closed","sticky":false,"template":"","format":"standard","meta":{"footnotes":""},"categories":[26],"tags":[],"class_list":["post-210560","post","type-post","status-publish","format-standard","has-post-thumbnail","hentry","category-internacionales"],"yoast_head":"<!-- This site is optimized with the Yoast SEO plugin v24.4 - https:\/\/yoast.com\/wordpress\/plugins\/seo\/ -->\n<title>Se agrava la crisis en la Corte Suprema y Lula pide una investigaci\u00f3n transparente - GYS NOTICIAS |<\/title>\n<meta name=\"robots\" content=\"index, follow, max-snippet:-1, max-image-preview:large, max-video-preview:-1\" \/>\n<link rel=\"canonical\" href=\"https:\/\/gysfm.com.ar\/inicio\/se-agrava-la-crisis-en-la-corte-suprema-y-lula-pide-una-investigacion-transparente\/\" \/>\n<meta property=\"og:locale\" content=\"es_ES\" \/>\n<meta property=\"og:type\" content=\"article\" \/>\n<meta property=\"og:title\" content=\"Se agrava la crisis en la Corte Suprema y Lula pide una investigaci\u00f3n transparente - GYS NOTICIAS |\" \/>\n<meta property=\"og:description\" content=\"BRASILIA.\u2013 El presidente brasile\u00f1o, Luiz Inacio Lula da Silva, exigi\u00f3 investigar \u201csin blindaje de nadie\u201d un megaesc\u00e1ndalo de corrupci\u00f3n que desat\u00f3 una crisis en la Corte Suprema, con acusaciones entre los jueces. La pelea interna en el m\u00e1ximo tribunal se agrava a un mes de las elecciones generales de octubre, en las que el veterano [&hellip;]\" \/>\n<meta property=\"og:url\" content=\"https:\/\/gysfm.com.ar\/inicio\/se-agrava-la-crisis-en-la-corte-suprema-y-lula-pide-una-investigacion-transparente\/\" \/>\n<meta property=\"og:site_name\" content=\"GYS NOTICIAS |\" \/>\n<meta property=\"article:published_time\" content=\"2026-09-05T15:23:27+00:00\" \/>\n<meta property=\"article:modified_time\" content=\"2026-09-05T15:23:28+00:00\" \/>\n<meta property=\"og:image\" content=\"https:\/\/gysfm.com.ar\/inicio\/wp-content\/uploads\/2026\/09\/el-juez-de-la-corte-suprema-alexandre-moraes-esta-Q72RJXDQXFES7NHXRUWQWE6OXU.JPG\" \/>\n\t<meta property=\"og:image:width\" content=\"1200\" \/>\n\t<meta property=\"og:image:height\" content=\"800\" \/>\n\t<meta property=\"og:image:type\" content=\"image\/jpeg\" \/>\n<meta name=\"author\" content=\"Prensa G&amp;S FM\" \/>\n<meta name=\"twitter:card\" content=\"summary_large_image\" \/>\n<meta name=\"twitter:label1\" content=\"Escrito por\" \/>\n\t<meta name=\"twitter:data1\" content=\"Prensa G&amp;S FM\" \/>\n\t<meta name=\"twitter:label2\" content=\"Tiempo de lectura\" \/>\n\t<meta name=\"twitter:data2\" content=\"4 minutos\" \/>\n<script type=\"application\/ld+json\" class=\"yoast-schema-graph\">{\"@context\":\"https:\/\/schema.org\",\"@graph\":[{\"@type\":\"Article\",\"@id\":\"https:\/\/gysfm.com.ar\/inicio\/se-agrava-la-crisis-en-la-corte-suprema-y-lula-pide-una-investigacion-transparente\/#article\",\"isPartOf\":{\"@id\":\"https:\/\/gysfm.com.ar\/inicio\/se-agrava-la-crisis-en-la-corte-suprema-y-lula-pide-una-investigacion-transparente\/\"},\"author\":{\"name\":\"Prensa G&amp;S FM\",\"@id\":\"https:\/\/gysfm.com.ar\/inicio\/#\/schema\/person\/3abba7593ef2ad19e1be221d54383dc5\"},\"headline\":\"Se agrava la crisis en la Corte Suprema y Lula pide una investigaci\u00f3n transparente\",\"datePublished\":\"2026-09-05T15:23:27+00:00\",\"dateModified\":\"2026-09-05T15:23:28+00:00\",\"mainEntityOfPage\":{\"@id\":\"https:\/\/gysfm.com.ar\/inicio\/se-agrava-la-crisis-en-la-corte-suprema-y-lula-pide-una-investigacion-transparente\/\"},\"wordCount\":729,\"publisher\":{\"@id\":\"https:\/\/gysfm.com.ar\/inicio\/#organization\"},\"image\":{\"@id\":\"https:\/\/gysfm.com.ar\/inicio\/se-agrava-la-crisis-en-la-corte-suprema-y-lula-pide-una-investigacion-transparente\/#primaryimage\"},\"thumbnailUrl\":\"https:\/\/gysfm.com.ar\/inicio\/wp-content\/uploads\/2026\/09\/el-juez-de-la-corte-suprema-alexandre-moraes-esta-Q72RJXDQXFES7NHXRUWQWE6OXU.JPG\",\"articleSection\":[\"INTERNACIONALES\"],\"inLanguage\":\"es\"},{\"@type\":\"WebPage\",\"@id\":\"https:\/\/gysfm.com.ar\/inicio\/se-agrava-la-crisis-en-la-corte-suprema-y-lula-pide-una-investigacion-transparente\/\",\"url\":\"https:\/\/gysfm.com.ar\/inicio\/se-agrava-la-crisis-en-la-corte-suprema-y-lula-pide-una-investigacion-transparente\/\",\"name\":\"Se agrava la crisis en la Corte Suprema y Lula pide una investigaci\u00f3n transparente - GYS NOTICIAS |\",\"isPartOf\":{\"@id\":\"https:\/\/gysfm.com.ar\/inicio\/#website\"},\"primaryImageOfPage\":{\"@id\":\"https:\/\/gysfm.com.ar\/inicio\/se-agrava-la-crisis-en-la-corte-suprema-y-lula-pide-una-investigacion-transparente\/#primaryimage\"},\"image\":{\"@id\":\"https:\/\/gysfm.com.ar\/inicio\/se-agrava-la-crisis-en-la-corte-suprema-y-lula-pide-una-investigacion-transparente\/#primaryimage\"},\"thumbnailUrl\":\"https:\/\/gysfm.com.ar\/inicio\/wp-content\/uploads\/2026\/09\/el-juez-de-la-corte-suprema-alexandre-moraes-esta-Q72RJXDQXFES7NHXRUWQWE6OXU.JPG\",\"datePublished\":\"2026-09-05T15:23:27+00:00\",\"dateModified\":\"2026-09-05T15:23:28+00:00\",\"breadcrumb\":{\"@id\":\"https:\/\/gysfm.com.ar\/inicio\/se-agrava-la-crisis-en-la-corte-suprema-y-lula-pide-una-investigacion-transparente\/#breadcrumb\"},\"inLanguage\":\"es\",\"potentialAction\":[{\"@type\":\"ReadAction\",\"target\":[\"https:\/\/gysfm.com.ar\/inicio\/se-agrava-la-crisis-en-la-corte-suprema-y-lula-pide-una-investigacion-transparente\/\"]}]},{\"@type\":\"ImageObject\",\"inLanguage\":\"es\",\"@id\":\"https:\/\/gysfm.com.ar\/inicio\/se-agrava-la-crisis-en-la-corte-suprema-y-lula-pide-una-investigacion-transparente\/#primaryimage\",\"url\":\"https:\/\/gysfm.com.ar\/inicio\/wp-content\/uploads\/2026\/09\/el-juez-de-la-corte-suprema-alexandre-moraes-esta-Q72RJXDQXFES7NHXRUWQWE6OXU.JPG\",\"contentUrl\":\"https:\/\/gysfm.com.ar\/inicio\/wp-content\/uploads\/2026\/09\/el-juez-de-la-corte-suprema-alexandre-moraes-esta-Q72RJXDQXFES7NHXRUWQWE6OXU.JPG\",\"width\":1200,\"height\":800},{\"@type\":\"BreadcrumbList\",\"@id\":\"https:\/\/gysfm.com.ar\/inicio\/se-agrava-la-crisis-en-la-corte-suprema-y-lula-pide-una-investigacion-transparente\/#breadcrumb\",\"itemListElement\":[{\"@type\":\"ListItem\",\"position\":1,\"name\":\"Portada\",\"item\":\"https:\/\/gysfm.com.ar\/inicio\/\"},{\"@type\":\"ListItem\",\"position\":2,\"name\":\"Se agrava la crisis en la Corte Suprema y Lula pide una investigaci\u00f3n transparente\"}]},{\"@type\":\"WebSite\",\"@id\":\"https:\/\/gysfm.com.ar\/inicio\/#website\",\"url\":\"https:\/\/gysfm.com.ar\/inicio\/\",\"name\":\"GYS NOTICIAS |\",\"description\":\"DIARIO - RADIO ONLINE SAN JUAN ARGENTINA\",\"publisher\":{\"@id\":\"https:\/\/gysfm.com.ar\/inicio\/#organization\"},\"potentialAction\":[{\"@type\":\"SearchAction\",\"target\":{\"@type\":\"EntryPoint\",\"urlTemplate\":\"https:\/\/gysfm.com.ar\/inicio\/?s={search_term_string}\"},\"query-input\":{\"@type\":\"PropertyValueSpecification\",\"valueRequired\":true,\"valueName\":\"search_term_string\"}}],\"inLanguage\":\"es\"},{\"@type\":\"Organization\",\"@id\":\"https:\/\/gysfm.com.ar\/inicio\/#organization\",\"name\":\"GYS NOTICIAS |\",\"url\":\"https:\/\/gysfm.com.ar\/inicio\/\",\"logo\":{\"@type\":\"ImageObject\",\"inLanguage\":\"es\",\"@id\":\"https:\/\/gysfm.com.ar\/inicio\/#\/schema\/logo\/image\/\",\"url\":\"https:\/\/gysfm.com.ar\/inicio\/wp-content\/uploads\/2023\/07\/LOGOGYS-OK.png\",\"contentUrl\":\"https:\/\/gysfm.com.ar\/inicio\/wp-content\/uploads\/2023\/07\/LOGOGYS-OK.png\",\"width\":1170,\"height\":872,\"caption\":\"GYS NOTICIAS |\"},\"image\":{\"@id\":\"https:\/\/gysfm.com.ar\/inicio\/#\/schema\/logo\/image\/\"}},{\"@type\":\"Person\",\"@id\":\"https:\/\/gysfm.com.ar\/inicio\/#\/schema\/person\/3abba7593ef2ad19e1be221d54383dc5\",\"name\":\"Prensa G&amp;S FM\",\"image\":{\"@type\":\"ImageObject\",\"inLanguage\":\"es\",\"@id\":\"https:\/\/gysfm.com.ar\/inicio\/#\/schema\/person\/image\/\",\"url\":\"https:\/\/secure.gravatar.com\/avatar\/096ec78df02049ab018702bb4ccedf659377fa92a26540b5247612077a0dbd29?s=96&d=mm&r=g\",\"contentUrl\":\"https:\/\/secure.gravatar.com\/avatar\/096ec78df02049ab018702bb4ccedf659377fa92a26540b5247612077a0dbd29?s=96&d=mm&r=g\",\"caption\":\"Prensa G&amp;S FM\"},\"sameAs\":[\"https:\/\/gysfm.com.ar\/\"],\"url\":\"https:\/\/gysfm.com.ar\/inicio\/author\/lucasm\/\"}]}<\/script>\n<!-- \/ Yoast SEO plugin. -->","yoast_head_json":{"title":"Se agrava la crisis en la Corte Suprema y Lula pide una investigaci\u00f3n transparente - GYS NOTICIAS |","robots":{"index":"index","follow":"follow","max-snippet":"max-snippet:-1","max-image-preview":"max-image-preview:large","max-video-preview":"max-video-preview:-1"},"canonical":"https:\/\/gysfm.com.ar\/inicio\/se-agrava-la-crisis-en-la-corte-suprema-y-lula-pide-una-investigacion-transparente\/","og_locale":"es_ES","og_type":"article","og_title":"Se agrava la crisis en la Corte Suprema y Lula pide una investigaci\u00f3n transparente - GYS NOTICIAS |","og_description":"BRASILIA.\u2013 El presidente brasile\u00f1o, Luiz Inacio Lula da Silva, exigi\u00f3 investigar \u201csin blindaje de nadie\u201d un megaesc\u00e1ndalo de corrupci\u00f3n que desat\u00f3 una crisis en la Corte Suprema, con acusaciones entre los jueces. La pelea interna en el m\u00e1ximo tribunal se agrava a un mes de las elecciones generales de octubre, en las que el veterano [&hellip;]","og_url":"https:\/\/gysfm.com.ar\/inicio\/se-agrava-la-crisis-en-la-corte-suprema-y-lula-pide-una-investigacion-transparente\/","og_site_name":"GYS NOTICIAS |","article_published_time":"2026-09-05T15:23:27+00:00","article_modified_time":"2026-09-05T15:23:28+00:00","og_image":[{"width":1200,"height":800,"url":"https:\/\/gysfm.com.ar\/inicio\/wp-content\/uploads\/2026\/09\/el-juez-de-la-corte-suprema-alexandre-moraes-esta-Q72RJXDQXFES7NHXRUWQWE6OXU.JPG","type":"image\/jpeg"}],"author":"Prensa G&amp;S FM","twitter_card":"summary_large_image","twitter_misc":{"Escrito por":"Prensa G&amp;S FM","Tiempo de lectura":"4 minutos"},"schema":{"@context":"https:\/\/schema.org","@graph":[{"@type":"Article","@id":"https:\/\/gysfm.com.ar\/inicio\/se-agrava-la-crisis-en-la-corte-suprema-y-lula-pide-una-investigacion-transparente\/#article","isPartOf":{"@id":"https:\/\/gysfm.com.ar\/inicio\/se-agrava-la-crisis-en-la-corte-suprema-y-lula-pide-una-investigacion-transparente\/"},"author":{"name":"Prensa G&amp;S FM","@id":"https:\/\/gysfm.com.ar\/inicio\/#\/schema\/person\/3abba7593ef2ad19e1be221d54383dc5"},"headline":"Se agrava la crisis en la Corte Suprema y Lula pide una investigaci\u00f3n transparente","datePublished":"2026-09-05T15:23:27+00:00","dateModified":"2026-09-05T15:23:28+00:00","mainEntityOfPage":{"@id":"https:\/\/gysfm.com.ar\/inicio\/se-agrava-la-crisis-en-la-corte-suprema-y-lula-pide-una-investigacion-transparente\/"},"wordCount":729,"publisher":{"@id":"https:\/\/gysfm.com.ar\/inicio\/#organization"},"image":{"@id":"https:\/\/gysfm.com.ar\/inicio\/se-agrava-la-crisis-en-la-corte-suprema-y-lula-pide-una-investigacion-transparente\/#primaryimage"},"thumbnailUrl":"https:\/\/gysfm.com.ar\/inicio\/wp-content\/uploads\/2026\/09\/el-juez-de-la-corte-suprema-alexandre-moraes-esta-Q72RJXDQXFES7NHXRUWQWE6OXU.JPG","articleSection":["INTERNACIONALES"],"inLanguage":"es"},{"@type":"WebPage","@id":"https:\/\/gysfm.com.ar\/inicio\/se-agrava-la-crisis-en-la-corte-suprema-y-lula-pide-una-investigacion-transparente\/","url":"https:\/\/gysfm.com.ar\/inicio\/se-agrava-la-crisis-en-la-corte-suprema-y-lula-pide-una-investigacion-transparente\/","name":"Se agrava la crisis en la Corte Suprema y Lula pide una investigaci\u00f3n transparente - GYS NOTICIAS |","isPartOf":{"@id":"https:\/\/gysfm.com.ar\/inicio\/#website"},"primaryImageOfPage":{"@id":"https:\/\/gysfm.com.ar\/inicio\/se-agrava-la-crisis-en-la-corte-suprema-y-lula-pide-una-investigacion-transparente\/#primaryimage"},"image":{"@id":"https:\/\/gysfm.com.ar\/inicio\/se-agrava-la-crisis-en-la-corte-suprema-y-lula-pide-una-investigacion-transparente\/#primaryimage"},"thumbnailUrl":"https:\/\/gysfm.com.ar\/inicio\/wp-content\/uploads\/2026\/09\/el-juez-de-la-corte-suprema-alexandre-moraes-esta-Q72RJXDQXFES7NHXRUWQWE6OXU.JPG","datePublished":"2026-09-05T15:23:27+00:00","dateModified":"2026-09-05T15:23:28+00:00","breadcrumb":{"@id":"https:\/\/gysfm.com.ar\/inicio\/se-agrava-la-crisis-en-la-corte-suprema-y-lula-pide-una-investigacion-transparente\/#breadcrumb"},"inLanguage":"es","potentialAction":[{"@type":"ReadAction","target":["https:\/\/gysfm.com.ar\/inicio\/se-agrava-la-crisis-en-la-corte-suprema-y-lula-pide-una-investigacion-transparente\/"]}]},{"@type":"ImageObject","inLanguage":"es","@id":"https:\/\/gysfm.com.ar\/inicio\/se-agrava-la-crisis-en-la-corte-suprema-y-lula-pide-una-investigacion-transparente\/#primaryimage","url":"https:\/\/gysfm.com.ar\/inicio\/wp-content\/uploads\/2026\/09\/el-juez-de-la-corte-suprema-alexandre-moraes-esta-Q72RJXDQXFES7NHXRUWQWE6OXU.JPG","contentUrl":"https:\/\/gysfm.com.ar\/inicio\/wp-content\/uploads\/2026\/09\/el-juez-de-la-corte-suprema-alexandre-moraes-esta-Q72RJXDQXFES7NHXRUWQWE6OXU.JPG","width":1200,"height":800},{"@type":"BreadcrumbList","@id":"https:\/\/gysfm.com.ar\/inicio\/se-agrava-la-crisis-en-la-corte-suprema-y-lula-pide-una-investigacion-transparente\/#breadcrumb","itemListElement":[{"@type":"ListItem","position":1,"name":"Portada","item":"https:\/\/gysfm.com.ar\/inicio\/"},{"@type":"ListItem","position":2,"name":"Se agrava la crisis en la Corte Suprema y Lula pide una investigaci\u00f3n transparente"}]},{"@type":"WebSite","@id":"https:\/\/gysfm.com.ar\/inicio\/#website","url":"https:\/\/gysfm.com.ar\/inicio\/","name":"GYS NOTICIAS |","description":"DIARIO - RADIO ONLINE SAN JUAN ARGENTINA","publisher":{"@id":"https:\/\/gysfm.com.ar\/inicio\/#organization"},"potentialAction":[{"@type":"SearchAction","target":{"@type":"EntryPoint","urlTemplate":"https:\/\/gysfm.com.ar\/inicio\/?s={search_term_string}"},"query-input":{"@type":"PropertyValueSpecification","valueRequired":true,"valueName":"search_term_string"}}],"inLanguage":"es"},{"@type":"Organization","@id":"https:\/\/gysfm.com.ar\/inicio\/#organization","name":"GYS NOTICIAS |","url":"https:\/\/gysfm.com.ar\/inicio\/","logo":{"@type":"ImageObject","inLanguage":"es","@id":"https:\/\/gysfm.com.ar\/inicio\/#\/schema\/logo\/image\/","url":"https:\/\/gysfm.com.ar\/inicio\/wp-content\/uploads\/2023\/07\/LOGOGYS-OK.png","contentUrl":"https:\/\/gysfm.com.ar\/inicio\/wp-content\/uploads\/2023\/07\/LOGOGYS-OK.png","width":1170,"height":872,"caption":"GYS NOTICIAS |"},"image":{"@id":"https:\/\/gysfm.com.ar\/inicio\/#\/schema\/logo\/image\/"}},{"@type":"Person","@id":"https:\/\/gysfm.com.ar\/inicio\/#\/schema\/person\/3abba7593ef2ad19e1be221d54383dc5","name":"Prensa G&amp;S FM","image":{"@type":"ImageObject","inLanguage":"es","@id":"https:\/\/gysfm.com.ar\/inicio\/#\/schema\/person\/image\/","url":"https:\/\/secure.gravatar.com\/avatar\/096ec78df02049ab018702bb4ccedf659377fa92a26540b5247612077a0dbd29?s=96&d=mm&r=g","contentUrl":"https:\/\/secure.gravatar.com\/avatar\/096ec78df02049ab018702bb4ccedf659377fa92a26540b5247612077a0dbd29?s=96&d=mm&r=g","caption":"Prensa G&amp;S FM"},"sameAs":["https:\/\/gysfm.com.ar\/"],"url":"https:\/\/gysfm.com.ar\/inicio\/author\/lucasm\/"}]}},"_links":{"self":[{"href":"https:\/\/gysfm.com.ar\/inicio\/wp-json\/wp\/v2\/posts\/210560","targetHints":{"allow":["GET"]}}],"collection":[{"href":"https:\/\/gysfm.com.ar\/inicio\/wp-json\/wp\/v2\/posts"}],"about":[{"href":"https:\/\/gysfm.com.ar\/inicio\/wp-json\/wp\/v2\/types\/post"}],"author":[{"embeddable":true,"href":"https:\/\/gysfm.com.ar\/inicio\/wp-json\/wp\/v2\/users\/2"}],"replies":[{"embeddable":true,"href":"https:\/\/gysfm.com.ar\/inicio\/wp-json\/wp\/v2\/comments?post=210560"}],"version-history":[{"count":1,"href":"https:\/\/gysfm.com.ar\/inicio\/wp-json\/wp\/v2\/posts\/210560\/revisions"}],"predecessor-version":[{"id":210562,"href":"https:\/\/gysfm.com.ar\/inicio\/wp-json\/wp\/v2\/posts\/210560\/revisions\/210562"}],"wp:featuredmedia":[{"embeddable":true,"href":"https:\/\/gysfm.com.ar\/inicio\/wp-json\/wp\/v2\/media\/210561"}],"wp:attachment":[{"href":"https:\/\/gysfm.com.ar\/inicio\/wp-json\/wp\/v2\/media?parent=210560"}],"wp:term":[{"taxonomy":"category","embeddable":true,"href":"https:\/\/gysfm.com.ar\/inicio\/wp-json\/wp\/v2\/categories?post=210560"},{"taxonomy":"post_tag","embeddable":true,"href":"https:\/\/gysfm.com.ar\/inicio\/wp-json\/wp\/v2\/tags?post=210560"}],"curies":[{"name":"wp","href":"https:\/\/api.w.org\/{rel}","templated":true}]}}