{"id":210558,"date":"2026-09-05T12:20:07","date_gmt":"2026-09-05T15:20:07","guid":{"rendered":"https:\/\/gysfm.com.ar\/inicio\/tremendo-alpine-gasly-se-quedo-con-la-pole-en-monza-y-colapinto-largara-7-ole\/"},"modified":"2026-09-05T12:20:07","modified_gmt":"2026-09-05T15:20:07","slug":"tremendo-alpine-gasly-se-quedo-con-la-pole-en-monza-y-colapinto-largara-7-ole","status":"publish","type":"post","link":"https:\/\/gysfm.com.ar\/inicio\/tremendo-alpine-gasly-se-quedo-con-la-pole-en-monza-y-colapinto-largara-7-ole\/","title":{"rendered":"\u00a1Tremendo Alpine! Gasly se qued\u00f3 con la pole en Monza y Colapinto largar\u00e1 7\u00b0 :: Ol\u00e9"},"content":{"rendered":"<p> <br \/>\n<\/p>\n<p><time class=\"createDate\" datetime=\"2026-09-05T08:36:00-03:00\">05\/09\/2026 08:36hs.<\/time><time class=\"modificatedDate\" datetime=\"2026-09-05T12:14:55-03:00\"> Actualizado al 05\/09\/2026 12:14hs.<\/time><\/p>\n<div id=\"storyBody\">\n<div class=\"sc-df222161-0 hNvwjb\">\n<p>Lleg\u00f3 la hora de la verdad en Monza. Despu\u00e9s de tres entrenamientos en los que Franco Colapinto se hab\u00eda movido siempre alrededor del d\u00e9cimo puesto, el Gran Premio de Italia ten\u00eda una pregunta concreta para Alpine: \u00bfcu\u00e1nto pod\u00eda rendir realmente el A526 con el nuevo paquete de mejoras? El equipo franc\u00e9s hab\u00eda introducido una importante evoluci\u00f3n, con modificaciones especialmente en el piso del auto para intentar mejorar su rendimiento aerodin\u00e1mico, y la clasificaci\u00f3n termin\u00f3 entregando la mejor noticia posible: Alpine tuvo su mejor qualy del a\u00f1o y meti\u00f3 a sus dos pilotos entre los 10 primeros.<\/p>\n<\/div>\n<div class=\"sc-df222161-0 hNvwjb\">\n<p>Pierre Gasly hizo todav\u00eda m\u00e1s: con una vuelta espectacular en el \u00faltimo intento de la Q3, consigui\u00f3 la inesperada pole position. Colapinto, que termin\u00f3 octavo en pista, avanzar\u00e1 una posici\u00f3n y largar\u00e1 s\u00e9ptimo porque Kimi Antonelli, que hab\u00eda quedado originalmente s\u00e9ptimo, recibi\u00f3 una penalizaci\u00f3n y deber\u00e1 partir desde el fondo. Fue lo mejor de Fran en su carrera en la M\u00e1xima.<\/p>\n<\/div>\n<p><h2><strong>Q1: Alpine sali\u00f3 fuerte y Colapinto ya avis\u00f3<\/strong><\/h2>\n<\/p>\n<div class=\"sc-df222161-0 hNvwjb\">\n<p>En la primera parte de la clasificaci\u00f3n, Alpine decidi\u00f3 mandar a sus dos autos a pista cuando todav\u00eda faltaban 11 minutos, ambos con neum\u00e1ticos rojos. Y la primera medida fue inmediatamente ilusionante: Gasly se coloc\u00f3 primero con un tiempo de 1:22.612, apenas por delante de Max Verstappen, que marc\u00f3 1:22.631, mientras que Colapinto qued\u00f3 tercero con 1:22.662, a apenas cinco cent\u00e9simas de su compa\u00f1ero de equipo.<\/p>\n<\/div>\n<div class=\"sc-df222161-0 hNvwjb\">\n<p>Sobre el final, Lando Norris se meti\u00f3 tercero y desplaz\u00f3 al argentino al cuarto lugar, pero la noticia importante para Alpine era otra: ninguno de los dos necesit\u00f3 una segunda vuelta r\u00e1pida para asegurarse el pasaje a la Q2. El nuevo paquete funcionaba y el equipo franc\u00e9s pod\u00eda empezar a pensar en algo mucho m\u00e1s ambicioso que simplemente superar la primera tanda.<\/p>\n<\/div>\n<div class=\"sc-df222161-0 hNvwjb\">\n<p>Los eliminados en la Q1 fueron Yuki Tsunoda, Alex Albon, Valtteri Bottas, Sergio P\u00e9rez, Fernando Alonso y Lance Stroll.<\/p>\n<\/div>\n<p><h2><strong>Q2: Colapinto y Gasly siguen entre los mejores<\/strong><\/h2>\n<\/p>\n<div class=\"sc-df222161-0 hNvwjb\">\n<p>Para la Q2, de 15 minutos, los dos Alpine volvieron a salir con neum\u00e1ticos rojos nuevos cuando faltaban nueve minutos. Gasly volvi\u00f3 a entregar una vuelta muy competitiva y marc\u00f3 1:22.403, un registro que lo dej\u00f3 tercero a tres d\u00e9cimas del l\u00edder provisional, Oscar Piastri, que hab\u00eda establecido 1:22.017.<\/p>\n<\/div>\n<div class=\"sc-df222161-0 hNvwjb\">\n<p>Colapinto no tuvo una vuelta tan limpia como la de su compa\u00f1ero, pero su 1:22.403 tambi\u00e9n le alcanzaba inicialmente para colocarse s\u00e9ptimo. Luego cay\u00f3 al octavo lugar cuando fue superado por Arvid Lindblad, aunque el resultado segu\u00eda siendo excelente para Alpine y, sobre todo, confirmaba algo que ya se pod\u00eda intuir desde las pr\u00e1cticas: el nuevo paquete hab\u00eda puesto al equipo franc\u00e9s en condiciones de pelear mucho m\u00e1s adelante.<\/p>\n<\/div>\n<div class=\"sc-df222161-0 hNvwjb\">\n<p>De hecho, antes de la Q3 ya hab\u00eda una certeza: era la mejor clasificaci\u00f3n de Alpine en toda la temporada. Hasta ese momento, el mejor resultado de Colapinto hab\u00eda sido el d\u00e9cimo puesto de largada en Montreal.<\/p>\n<\/div>\n<div class=\"sc-df222161-0 hNvwjb\">\n<p>Los que no lograron avanzar fueron Gabriel Bortoleto, Oliver Bearman, Nico H\u00fclkenberg, Liam Lawson, Carlos Sainz y Esteban Ocon.<\/p>\n<\/div>\n<p><h2><strong>Q3: Gasly vuela y Colapinto queda s\u00e9ptimo<\/strong><\/h2>\n<\/p>\n<div class=\"sc-df222161-0 hNvwjb\">\n<p>En el primer intento de la Q3, nuevamente con neum\u00e1ticos blandos nuevos, Gasly confirm\u00f3 que Alpine ten\u00eda algo importante entre manos. El franc\u00e9s clav\u00f3 un 1:22.001 que lo dej\u00f3 tercero, apenas por detr\u00e1s de George Russell, que hab\u00eda marcado 1:21.929, y Oscar Piastri, con 1:21.966.<\/p>\n<\/div>\n<div class=\"sc-df222161-0 hNvwjb\">\n<p>Colapinto, en cambio, no pudo encontrar una vuelta igual de buena y qued\u00f3 d\u00e9cimo con 1:22.735, ocho d\u00e9cimas por detr\u00e1s de su compa\u00f1ero y \u00faltimo entre los diez pilotos que segu\u00edan en la pelea. Sin embargo, todav\u00eda ten\u00eda una oportunidad y quedaba el intento decisivo.<\/p>\n<\/div>\n<div class=\"sc-df222161-0 hNvwjb\">\n<p>Y all\u00ed apareci\u00f3 el Alpine.<\/p>\n<\/div>\n<div class=\"sc-df222161-0 hNvwjb\">\n<p>Con todos los pilotos nuevamente sobre neum\u00e1ticos blandos nuevos y cuando faltaban apenas dos minutos para el final, Gasly vol\u00f3. El franc\u00e9s marc\u00f3 1:21.786, super\u00f3 a todos y se qued\u00f3 con una pole espectacular en Monza. Detr\u00e1s quedaron Russell y Piastri, que completaron las tres primeras posiciones.<\/p>\n<\/div>\n<div class=\"sc-df222161-0 hNvwjb\">\n<p>Colapinto tambi\u00e9n mejor\u00f3 de manera importante y cerr\u00f3 su clasificaci\u00f3n con 1:22.220, registro que le permiti\u00f3 terminar octavo. Pero como Antonelli, que hab\u00eda sido s\u00e9ptimo, deber\u00e1 cumplir una penalizaci\u00f3n y largar\u00e1 desde el fondo, el argentino avanzar\u00e1 una posici\u00f3n y partir\u00e1 s\u00e9ptimo este domingo.<\/p>\n<\/div>\n<p><h2><strong>La revancha de Gasly y la sonrisa de Alpine<\/strong><\/h2>\n<\/p>\n<div class=\"sc-df222161-0 hNvwjb\">\n<p>Para Gasly, la pole es una enorme revancha despu\u00e9s del golpe que signific\u00f3 perder el podio de M\u00f3naco por la penalizaci\u00f3n que recibi\u00f3. Ahora tendr\u00e1 una oportunidad inmejorable para buscar otro gran resultado, esta vez desde el primer lugar de la grilla y con un Alpine que mostr\u00f3 una velocidad que hasta hace muy poco parec\u00eda impensada.<\/p>\n<\/div>\n<div class=\"sc-df222161-0 hNvwjb\">\n<p>Para Colapinto, el s\u00e9ptimo puesto de partida tambi\u00e9n abre una oportunidad enorme. El argentino tendr\u00e1 por delante a varios de los pilotos habituales de las primeras posiciones, pero contar\u00e1 con un auto que, por primera vez en la temporada (y si larga como viene largando), demostr\u00f3 tener ritmo suficiente para pelear de verdad en la clasificaci\u00f3n.<\/p>\n<\/div>\n<div class=\"sc-df222161-0 hNvwjb\">\n<p>Los puntos son una posibilidad muy concreta. Y en Alpine, despu\u00e9s de una temporada complicada, hay un motivo m\u00e1s que evidente para sonre\u00edr: las mejoras funcionan y Monza puede ser el comienzo de otra historia para el equipo franc\u00e9s.<\/p>\n<\/div>\n<p><h2><strong>Segu\u00ed el MINUTO a MINUTO de Franco Colapinto por la F1 en Monza<\/strong><\/h2>\n<\/p>\n<article class=\"sc-df7341ea-2 iqdgkI\"><time>05\/09\/2026, <span style=\"font-weight: bold;\">12:10<\/span><\/time><\/p>\n<div class=\"groupItems\" id=\"Post0\">\n<p><h2><strong>El festejo de Gasly tras la clasificaci\u00f3n: largar\u00e1 desde la pole en Monza<\/strong><\/h2>\n<\/p>\n<div class=\"sc-c0843421-0 iNysjD image-embed\"><img alt=\"Pole para Gasly (REUTERS).\" loading=\"lazy\" width=\"720\" height=\"100\" decoding=\"async\" data-nimg=\"1\" style=\"color:transparent\" src=\"https:\/\/www.ole.com.ar\/images\/2026\/09\/05\/wstnKKKfl_720x0__1.jpg\"\/><span class=\"epigraphe\">Pole para Gasly (REUTERS).<\/span><\/div>\n<\/div>\n<\/article>\n<article class=\"sc-df7341ea-2 jcfzgO\"><time>05\/09\/2026, <span style=\"font-weight: bold;\">12:01<\/span><\/time><\/p>\n<div class=\"groupItems\" id=\"Post1\">\n<p><h2><strong>\u00a1Final de la qualy en Monza! \u00a1Pierre Gasly se qued\u00f3 con la pole position y Colapinto finaliz\u00f3 8\u00b0!<\/strong><\/h2>\n<\/p>\n<div class=\"sc-df222161-0 hNvwjb\">\n<p>Con una incre\u00edble vuelta de 1m21s786, el franc\u00e9s se qued\u00f3 con el primer lugar de la clasificaci\u00f3n. Franco, por su parte, hizo 1m22s220 y saldr\u00e1 7\u00b0 por la penalizaci\u00f3n a Kimi Antonelli.<\/p>\n<\/div>\n<div class=\"sc-c0843421-0 iNysjD image-embed\"><img alt=\"\u00a1Gasly fue el m\u00e1s r\u00e1pido! (REUTERS).\" loading=\"lazy\" width=\"720\" height=\"100\" decoding=\"async\" data-nimg=\"1\" style=\"color:transparent\" src=\"https:\/\/www.ole.com.ar\/images\/2026\/09\/05\/x_w1WW-Lb_720x0__1.jpg\"\/><span class=\"epigraphe\">\u00a1Gasly fue el m\u00e1s r\u00e1pido! (REUTERS).<\/span><\/div>\n<\/div>\n<\/article>\n<article class=\"sc-df7341ea-2 iqdgkI\"><time>05\/09\/2026, <span style=\"font-weight: bold;\">11:51<\/span><\/time><\/p>\n<div class=\"groupItems\" id=\"Post2\">\n<p><h2><strong>Colapinto, 9\u00b0 tras su primer intento<\/strong><\/h2>\n<\/p>\n<div class=\"sc-df222161-0 hNvwjb\">\n<p>El argentino no tuvo su mejor vuelta (marc\u00f3 1m22s735, tres d\u00e9cimas m\u00e1s lento que en la Q2) y est\u00e1 en el fondo de una m\u00e1s que complicada qualy.<\/p>\n<\/div>\n<\/div>\n<\/article>\n<article class=\"sc-df7341ea-2 jcfzgO\"><time>05\/09\/2026, <span style=\"font-weight: bold;\">11:48<\/span><\/time><\/p>\n<div class=\"groupItems\" id=\"Post3\">\n<p><h2><strong>Arranc\u00f3 la Q3: los mejores 10 pilotos van por la pole<\/strong><\/h2>\n<\/p>\n<div class=\"sc-df222161-0 hNvwjb\">\n<p>Con los dos Alpine en carrera, se definen los primeros lugares del GP de Monza. Si bien Kimi Antonelli no puede ser el poleman por una sanci\u00f3n, s\u00ed lo pueden ser los otros nueve pilotos, que son <strong>Lando Norris, Oscar Piastri, George Russell, Pierre Gasly, Franco Colapinto, Max Verstappen, Charles Leclerc, Lewis Hamilton y Arvid Lindblad<\/strong>.<\/p>\n<\/div>\n<\/div>\n<\/article>\n<article class=\"sc-df7341ea-2 jcfzgO\"><time>05\/09\/2026, <span style=\"font-weight: bold;\">11:41<\/span><\/time><\/p>\n<div class=\"groupItems\" id=\"Post4\">\n<p><h2><strong>\u00a1Los dos Alpine clasificaron a Q3!<\/strong><\/h2>\n<\/p>\n<div class=\"sc-df222161-0 hNvwjb\">\n<p>Gasly fue 4\u00b0 y Colapinto finaliz\u00f3 8\u00b0 con un tiempo de 1m22s403: los dos correr\u00e1n en el \u00faltimo corte de la la qualy. Kimi Antonelli (1m21s882) fue el m\u00e1s r\u00e1pido, mientras que Gabriel Bortoleto (Audi), Oliver Bearman (Haas), Nico Hulkenberg (Audi), Liam Lawson (Red Bull), Carlos Sainz (Williams) y Esteban Ocon (Haas) quedaron afuera.<\/p>\n<\/div>\n<div class=\"sc-c0843421-0 iNysjD image-embed\"><img alt=\"Gasly pelea muy arriba (EFE).\" loading=\"lazy\" width=\"720\" height=\"100\" decoding=\"async\" data-nimg=\"1\" style=\"color:transparent\" src=\"https:\/\/www.ole.com.ar\/images\/2026\/09\/05\/0H6e4TrNb_720x0__1.jpg\"\/><span class=\"epigraphe\">Gasly pelea muy arriba (EFE).<\/span><\/div>\n<\/div>\n<\/article>\n<article class=\"sc-df7341ea-2 iqdgkI\"><time>05\/09\/2026, <span style=\"font-weight: bold;\">11:33<\/span><\/time><\/p>\n<div class=\"groupItems\" id=\"Post5\">\n<p><h2><strong>Colapinto est\u00e1 7\u00b0 tras su primer vuelta<\/strong><\/h2>\n<\/p>\n<div class=\"sc-df222161-0 hNvwjb\">\n<p>Con un tiempo de 1m22s403, el argentino se mantiene dentro de la zona de clasificaci\u00f3n a la Q3.<\/p>\n<\/div>\n<\/div>\n<\/article>\n<article class=\"sc-df7341ea-2 jcfzgO\"><time>05\/09\/2026, <span style=\"font-weight: bold;\">11:24<\/span><\/time><\/p>\n<div class=\"groupItems\" id=\"Post6\">\n<p><h2><strong>\u00a1Arranc\u00f3 la Q2!<\/strong><\/h2>\n<\/p>\n<div class=\"sc-df222161-0 hNvwjb\">\n<p>Los 16 mejores pilotos de la ronda anterior buscan el pasaje a la \u00faltima ronda de la clasificaci\u00f3n.<\/p>\n<\/div>\n<\/div>\n<\/article>\n<article class=\"sc-df7341ea-2 jcfzgO\"><time>05\/09\/2026, <span style=\"font-weight: bold;\">11:18<\/span><\/time><\/p>\n<div class=\"groupItems\" id=\"Post7\">\n<p><h2><strong>\u00a1Final de la Q1! Colapinto fue 4\u00b0 y clasific\u00f3 a Q2<\/strong><\/h2>\n<\/p>\n<div class=\"sc-df222161-0 hNvwjb\">\n<p>Gran actuaci\u00f3n de los Alpine en el primer corte: Gasly qued\u00f3 1\u00b0 con un tiempo de 1m22s612 y Franco marc\u00f3 un tiempo de 1m22s810 para quedar cuarto. Los eliminados en la Q1 fueron: Yuki Tsunoda (RB), Alex Albon (Williams), Valtteri Bottas (Cadillac), Sergio P\u00e9rez (Cadillac), Fernando Alonso (Aston Martin) y Lance Stroll (Aston Martin).<\/p>\n<\/div>\n<div class=\"sc-c0843421-0 iNysjD image-embed\"><img alt=\"Gran Q1 de los Alpine (REUTERS).\" loading=\"lazy\" width=\"720\" height=\"100\" decoding=\"async\" data-nimg=\"1\" style=\"color:transparent\" src=\"https:\/\/www.ole.com.ar\/images\/2026\/09\/05\/FtItZTZUE_720x0__1.jpg\"\/><span class=\"epigraphe\">Gran Q1 de los Alpine (REUTERS).<\/span><\/div>\n<\/div>\n<\/article>\n<article class=\"sc-df7341ea-2 iqdgkI\"><time>05\/09\/2026, <span style=\"font-weight: bold;\">11:10<\/span><\/time><\/p>\n<div class=\"groupItems\" id=\"Post8\">\n<p><h2><strong>Alpine y un gran rendimiento en el comienzo: Gasly va 1\u00b0 y Colapinto 3\u00b0<\/strong><\/h2>\n<\/p>\n<div class=\"sc-df222161-0 hNvwjb\">\n<p>La escuder\u00eda francesa se da el gusto de liderar la tanda tras los primeros 10 minutos: Pierre marc\u00f3 un tiempo de 1m22s612 y es el puntero de la Q1. Franco, por su lado, est\u00e1 a solo 0.050s de su compa\u00f1ero.<\/p>\n<\/div>\n<\/div>\n<\/article>\n<article class=\"sc-df7341ea-2 jcfzgO\"><time>05\/09\/2026, <span style=\"font-weight: bold;\">11:00<\/span><\/time><\/p>\n<div class=\"groupItems\" id=\"Post9\">\n<p><h2><strong>\u00a1Comenz\u00f3 la qualy del Gran Premio de Monza!<\/strong><\/h2>\n<\/p>\n<div class=\"sc-df222161-0 hNvwjb\">\n<p>Los 22 pilotos ya puedan comenzar a girar: los 16 m\u00e1s r\u00e1pidos clasificar\u00e1n a la Q2.<\/p>\n<\/div>\n<\/div>\n<\/article>\n<article class=\"sc-df7341ea-2 iqdgkI\"><time>05\/09\/2026, <span style=\"font-weight: bold;\">10:45<\/span><\/time><\/p>\n<div class=\"groupItems\" id=\"Post10\">\n<p><h2><strong>\u00a1En 15 minutos comienza la qualy del Gran Premio de Monza!<\/strong><\/h2>\n<\/p>\n<div class=\"sc-df222161-0 hNvwjb\">\n<p>Las escuder\u00edas ajustan detalles antes de una nueva sesi\u00f3n de clasificaci\u00f3n. \u00bfQui\u00e9n se quedar\u00e1 con la pole?<\/p>\n<\/div>\n<\/div>\n<\/article>\n<article class=\"sc-df7341ea-2 iqdgkI\"><time>05\/09\/2026, <span style=\"font-weight: bold;\">10:20<\/span><\/time><\/p>\n<div class=\"groupItems\" id=\"Post11\">\n<p><h2><strong>M\u00e1s cambios en la parrilla de la F1 en Monza: se sum\u00f3 un nuevo penalizado<\/strong><\/h2>\n<\/p>\n<div class=\"sc-df222161-0 hNvwjb\">\n<p><strong>Albon tendr\u00e1 que largar la carrera del domingo desde el ante\u00faltimo puesto<\/strong>, sin importar lo que haga en la clasificaci\u00f3n. Esto se debe a los 20 puestos de sanci\u00f3n que le cayeron debido al quinto cambio de motor de combusti\u00f3n interna (ICE) y a la cuarta unidad de control electr\u00f3nico (PU-CE) utilizada en la temporada, lo que supusieron dos penalizaciones de 10 puestos. De acuerdo al reglamento, cualquier sanci\u00f3n mayor a 15 puestos resultar\u00e1 en el comienzo de la carrera desde la \u00faltima posici\u00f3n.<\/p>\n<\/div>\n<div class=\"sc-df222161-0 hNvwjb\">\n<p><strong>El tailand\u00e9s acompa\u00f1ar\u00e1 en la \u00faltima fila al local Antonelli<\/strong>, que ya se sab\u00eda que penalizar\u00eda y fue recargado con 30 puestos por sus tres cambios en componentes del motor (ICE, PU-CE y almac\u00e9n de energ\u00eda o ES).<\/p>\n<\/div>\n<div class=\"sc-a7166897-0 eTTZWU\"><a href=\"https:\/\/www.ole.com.ar\/autos\/f1-formula-1-monza-sancion-albon-grilla-largada-kimi-antonelli-gp-italia_0_IsFuvGJIS1.html\" aria-label=\"M\u00e1s cambios en la parrilla de la F1 en Monza: se sum\u00f3 un nuevo penalizado\" class=\"sc-d4f573e5-0 bUEDsN\"\/><\/p>\n<section><picture><img alt=\"M\u00e1s cambios en la parrilla de la F1 en Monza: se sum\u00f3 un nuevo penalizado\" loading=\"lazy\" width=\"290\" height=\"290\" decoding=\"async\" data-nimg=\"1\" style=\"color:transparent\" src=\"https:\/\/www.ole.com.ar\/images\/2026\/09\/04\/h21hITDqo_290x290__1.jpg\"\/><\/picture>\n<p><h3>M\u00e1s cambios en la parrilla de la F1 en Monza: se sum\u00f3 un nuevo penalizado<\/h3>\n<\/p>\n<\/section>\n<\/div>\n<\/div>\n<\/article>\n<article class=\"sc-df7341ea-2 iqdgkI\"><time>05\/09\/2026, <span style=\"font-weight: bold;\">10:00<\/span><\/time><\/p>\n<div class=\"groupItems\" id=\"Post12\">\n<p><h2><strong>Con Colapinto 10\u00b0, las posiciones completas de la FP3 en Monza<\/strong><\/h2>\n<\/p>\n<div class=\"sc-c0843421-0 iNysjD image-embed\"><img alt=\"Las posiciones completas de la FP3.\" loading=\"lazy\" width=\"720\" height=\"100\" decoding=\"async\" data-nimg=\"1\" style=\"color:transparent\" src=\"https:\/\/www.ole.com.ar\/images\/2026\/09\/05\/Eeu1FlABW_720x0__1.jpg\"\/><span class=\"epigraphe\">Las posiciones completas de la FP3.<\/span><\/div>\n<\/div>\n<\/article>\n<article class=\"sc-df7341ea-2 iqdgkI\"><time>05\/09\/2026, <span style=\"font-weight: bold;\">09:30<\/span><\/time><\/p>\n<div class=\"groupItems\" id=\"Post13\">\n<p><h2>Verstappen y Hamilton se picaron en la pr\u00e1ctica<\/h2>\n<\/p>\n<div class=\"sc-df222161-0 hNvwjb\">\n<p>A Max no le gust\u00f3 nada que Lewis se le metiera en el medio cuando estaba por abrir una vuelta r\u00e1pida y tuvieron un mano a mano picante camino a la curva 1. Ir\u00f3nicamente, el de Red Bull le sac\u00f3 el pulgar en plena recta.<\/p>\n<\/div>\n<\/div>\n<\/article>\n<article class=\"sc-df7341ea-2 jcfzgO\"><time>05\/09\/2026, <span style=\"font-weight: bold;\">08:31<\/span><\/time><\/p>\n<div class=\"groupItems\" id=\"Post14\">\n<p><h2>Termin\u00f3 la \u00faltima pr\u00e1ctica en Monza<\/h2>\n<\/p>\n<div class=\"sc-df222161-0 hNvwjb\">\n<p><strong>Franco termin\u00f3 en el 10\u00b0 puesto con un crono de 1:23.101.<\/strong> Gasly qued\u00f3 justo por delante, y el l\u00edder de la sesi\u00f3n fue Russell, al igual que en la FP2 del viernes. Desde las 11.00, la qualy.<\/p>\n<\/div>\n<\/div>\n<\/article>\n<article class=\"sc-df7341ea-2 iqdgkI\"><time>05\/09\/2026, <span style=\"font-weight: bold;\">08:25<\/span><\/time><\/p>\n<div class=\"groupItems\" id=\"Post15\">\n<p><h2>\u00a1Cinco mil\u00e9simas separan a Gasly y Colapinto!<\/h2>\n<\/p>\n<div class=\"sc-df222161-0 hNvwjb\">\n<p>Los pilotos de Alpine hicieron tiempos pr\u00e1cticamente calcados: 1:23.096 de Pierre, para estar 9\u00b0, y 1:23.101 de Franco, para ubicarse 10\u00b0. <\/p>\n<\/div>\n<\/div>\n<\/article>\n<article class=\"sc-df7341ea-2 iqdgkI\"><time>05\/09\/2026, <span style=\"font-weight: bold;\">08:15<\/span><\/time><\/p>\n<div class=\"groupItems\" id=\"Post16\">\n<p><h2>Alpine puede ilusionarse de cara a la qualy&#8230;<\/h2>\n<\/p>\n<div class=\"sc-df222161-0 hNvwjb\">\n<p>A 15 minutos del final de la sesi\u00f3n, <strong>Gasly marcha 7\u00b0 y Colapinto est\u00e1 11\u00b0.<\/strong> Sin exprimir al m\u00e1ximo sus monoplazas, parece haber material para luchar por el ingreso a la Q3 sin que parezca ut\u00f3pico. Los l\u00edderes hasta el momento son Russell, con 1:22.463, y Antonelli, 0.233 m\u00e1s lento.<\/p>\n<\/div>\n<\/div>\n<\/article>\n<article class=\"sc-df7341ea-2 iqdgkI\"><time>05\/09\/2026, <span style=\"font-weight: bold;\">07:47<\/span><\/time><\/p>\n<div class=\"groupItems\" id=\"Post17\">\n<p><h2>Lawson hizo trompo en la chicana<\/h2>\n<\/p>\n<div class=\"sc-df222161-0 hNvwjb\">\n<p>El piloto de Red Bull, que en realidad compite en Racing Bulls pero este fin de semana reemplaza a Hadjar, perdi\u00f3 la cola del auto a la salida de la curva 2. Hubo banderas amarillas, pero no pas\u00f3 a mayores.<\/p>\n<\/div>\n<\/div>\n<\/article>\n<article class=\"sc-df7341ea-2 jcfzgO\"><time>05\/09\/2026, <span style=\"font-weight: bold;\">07:44<\/span><\/time><\/p>\n<div class=\"groupItems\" id=\"Post18\">\n<p><h2>\u00a1Y ahora Colapinto lidera la general!<\/h2>\n<\/p>\n<div class=\"sc-df222161-0 hNvwjb\">\n<p>La mitad de la grilla ya dio una vuelta r\u00e1pida (11 de 22) y Franco fue el m\u00e1s veloz de todos: <strong>1:23.766 con el neum\u00e1tico medio, justo por delante de Gasly<\/strong>, que con el mismo compuesto fue 0.109 m\u00e1s lento.<\/p>\n<\/div>\n<\/div>\n<\/article>\n<article class=\"sc-df7341ea-2 iqdgkI\"><time>05\/09\/2026, <span style=\"font-weight: bold;\">07:43<\/span><\/time><\/p>\n<div class=\"groupItems\" id=\"Post19\">\n<p><h2>Los Alpine lideran una tanda con muy pocos tiempos marcados<\/h2>\n<\/p>\n<div class=\"sc-df222161-0 hNvwjb\">\n<p>A 13 minutos de iniciada la pr\u00e1ctica, solo tres autos marcaron tiempos y dos de ellos fueron los Alpine, que lideran la general: <strong>Gasly, con un crono de 1:23.878, y Franco, 0.855 m\u00e1s lento.<\/strong><\/p>\n<\/div>\n<\/div>\n<\/article>\n<article class=\"sc-df7341ea-2 jcfzgO\"><time>05\/09\/2026, <span style=\"font-weight: bold;\">07:37<\/span><\/time><\/p>\n<div class=\"groupItems\" id=\"Post20\">\n<p><h2>Franco tuvo que cortar camino en la curva 1<\/h2>\n<\/p>\n<div class=\"sc-df222161-0 hNvwjb\">\n<p>En el arranque de la FP3, a\u00fan con los neum\u00e1ticos fr\u00edos, Colapinto no lleg\u00f3 al frenaje de la chicana y la tuvo que cortar. Igualmente, sigui\u00f3 sin problemas.<\/p>\n<\/div>\n<\/div>\n<\/article>\n<article class=\"sc-df7341ea-2 iqdgkI\"><time>05\/09\/2026, <span style=\"font-weight: bold;\">07:32<\/span><\/time><\/p>\n<div class=\"groupItems\" id=\"Post21\">\n<p><h2>Problemas desde el inicio para Williams<\/h2>\n<\/p>\n<div class=\"sc-df222161-0 hNvwjb\">\n<p>Alexander Albon dijo que ten\u00eda un inconveniente con su volante y tuvo que guardarse de vuelta. Para colmo, por un cambio de componentes, largar\u00e1 \u00faltimo en la carrera del domingo.<\/p>\n<\/div>\n<\/div>\n<\/article>\n<article class=\"sc-df7341ea-2 jcfzgO\"><time>05\/09\/2026, <span style=\"font-weight: bold;\">07:30<\/span><\/time><\/p>\n<div class=\"groupItems\" id=\"Post22\">\n<p><h2>Arranc\u00f3 la tercera y \u00faltima pr\u00e1ctica en Monza<\/h2>\n<\/p>\n<div class=\"sc-df222161-0 hNvwjb\">\n<p>Se puso en marcha la FP3, \u00faltima oportunidad para probar de cara a las dos sesiones m\u00e1s importantes del fin de semana.<\/p>\n<\/div>\n<\/div>\n<\/article>\n<article class=\"sc-df7341ea-2 iqdgkI\"><time>05\/09\/2026, <span style=\"font-weight: bold;\">07:15<\/span><\/time><\/p>\n<div class=\"groupItems\" id=\"Post23\">\n<p><h2>El Rayo McQueen lleg\u00f3 a la F\u00f3rmula 1 en forma de safety car<\/h2>\n<\/p>\n<div class=\"sc-df222161-0 hNvwjb\">\n<p>Durante el GP de Italia, el safety car estar\u00e1 <strong>decorado como el Rayo en la noche de Radiador Springs<\/strong> (adem\u00e1s de que hay una r\u00e9plica a escala real dando vueltas). \u00bfSaldr\u00e1 a la pista entre el s\u00e1bado y el domingo?<\/p>\n<\/div>\n<\/div>\n<\/article>\n<article class=\"sc-df7341ea-2 iqdgkI\"><time>04\/09\/2026, <span style=\"font-weight: bold;\">06:30<\/span><\/time><\/p>\n<div class=\"groupItems\" id=\"Post24\">\n<p><h2>Fue un viernes caliente para Alpine: le sacaron el podio de M\u00f3naco a Gasly<\/h2>\n<\/p>\n<div class=\"sc-df222161-0 hNvwjb\">\n<p>En el primer d\u00eda del GP de Italia, la Federaci\u00f3n Internacional del Autom\u00f3vil (FIA) dio a conocer que <strong>le retir\u00f3 el podio a Pierre Gasly en el Gran Premio de M\u00f3naco<\/strong>. \u00abEl equipo expresa su decepci\u00f3n y frustraci\u00f3n ante el fallo emitido\u00bb, expres\u00f3 Alpine en un comunicado. <\/p>\n<\/div>\n<div class=\"sc-df222161-0 hNvwjb\">\n<p>La sanci\u00f3n impact\u00f3 con fuerza en <strong>la pelea de Alpine con Racing Bulls por el quinto puesto de constructores<\/strong>. El equipo de Colapinto y Gasly perdi\u00f3 los nueve puntos del franc\u00e9s y pas\u00f3 de 63 a 54, mientras que su rival sum\u00f3 cuatro por los avances de Lawson y Lindblad y pas\u00f3 de 66 a 70. As\u00ed, u <strong>na diferencia que antes del fallo era de apenas tres puntos se ampli\u00f3 a 16 en favor de Racing Bulls<\/strong><\/p>\n<\/div>\n<div class=\"sc-c0843421-0 iNysjD image-embed\"><img alt=\"A Briatore no le gust\u00f3 nada la decisi\u00f3n de la FIA. (AP Photo\/Luca Bruno)\" loading=\"lazy\" width=\"720\" height=\"100\" decoding=\"async\" data-nimg=\"1\" style=\"color:transparent\" src=\"https:\/\/www.ole.com.ar\/images\/2026\/09\/04\/7f3fx4TGb_720x0__1.jpg\"\/><span class=\"epigraphe\">A Briatore no le gust\u00f3 nada la decisi\u00f3n de la FIA. (AP Photo\/Luca Bruno)<\/span><\/div>\n<\/div>\n<\/article>\n<article class=\"sc-df7341ea-2 iqdgkI\"><time>05\/09\/2026, <span style=\"font-weight: bold;\">01:00<\/span><\/time><\/p>\n<div class=\"groupItems\" id=\"Post25\">\n<p><h2>Qu\u00e9 dijo Colapinto tras las sesiones de libres<\/h2>\n<\/p>\n<div class=\"sc-df222161-0 hNvwjb\">\n<p>Tras las primera jornada en Monza, Franco se march\u00f3 con sensaciones mixtas: \u00bb <strong>La FP1 hab\u00eda sido muy positiva<\/strong>, el long run (simulaci\u00f3n de carrera) hab\u00eda sido muy bueno; con las gomas medias hab\u00eda hecho un tiempo muy r\u00e1pido y ten\u00eda mucho para mejorar. <strong>En la FP2 estuvimos un poquito perdidos, creo que dimos un paso para atr\u00e1s.<\/strong> Hay que entender por qu\u00e9, si es la temperatura, hizo m\u00e1s calor, o qu\u00e9 fue lo que pas\u00f3\u00bb.<\/p>\n<\/div>\n<div class=\"sc-c0843421-0 iNysjD image-embed\"><img alt=\"Colapinto fue objeto de los flashes en Italia. (REUTERS\/Jakub Porzyc)\" loading=\"lazy\" width=\"720\" height=\"100\" decoding=\"async\" data-nimg=\"1\" style=\"color:transparent\" src=\"https:\/\/www.ole.com.ar\/images\/2026\/09\/04\/VjhOaNM-g_720x0__1.jpg\"\/><span class=\"epigraphe\">Colapinto fue objeto de los flashes en Italia. (REUTERS\/Jakub Porzyc)<\/span><\/div>\n<\/div>\n<\/article>\n<article class=\"sc-df7341ea-2 iqdgkI\"><time>05\/09\/2026, <span style=\"font-weight: bold;\">00:30<\/span><\/time><\/p>\n<div class=\"groupItems\" id=\"Post26\">\n<p><h2>C\u00f3mo le fue a Colapinto en las pr\u00e1cticas del viernes<\/h2>\n<\/p>\n<div class=\"sc-df222161-0 hNvwjb\">\n<p>En el primer d\u00eda de actividad de la F\u00f3rmula 1 en Italia, <strong>Franco sali\u00f3 9\u00b0 en la FP1 y 11\u00b0 en la FP2. <\/strong> Alpine le aplic\u00f3 las mejoras que Gasly ya tuvo en Zandvoort y se empezaron a ver los resultados.<\/p>\n<\/div>\n<\/div>\n<\/article>\n<article class=\"sc-df7341ea-2 jcfzgO\"><time>05\/09\/2026, <span style=\"font-weight: bold;\">00:00<\/span><\/time><\/p>\n<div class=\"groupItems\" id=\"Post27\">\n<p><h2>Hora y d\u00f3nde ver la actividad de Franco Colapinto en Monza<\/h2>\n<\/p>\n<div class=\"sc-df222161-0 hNvwjb\">\n<p>Colapinto empezar\u00e1 a girar a las 7.30 (hora de Argentina), por la <strong>tercera pr\u00e1ctica libre<\/strong>, y volver\u00e1 a hacerlo a las 11.00, por la <strong>clasificaci\u00f3n<\/strong>. Toda la actividad ser\u00e1 transmitida por <strong>Disney+ Premium<\/strong>.<\/p>\n<\/div>\n<\/div>\n<\/article>\n<\/div>\n\n","protected":false},"excerpt":{"rendered":"<p>05\/09\/2026 08:36hs. Actualizado al 05\/09\/2026 12:14hs. Lleg\u00f3 la hora de la verdad en Monza. Despu\u00e9s de tres entrenamientos en los que Franco Colapinto se hab\u00eda movido siempre alrededor del d\u00e9cimo puesto, el Gran Premio de Italia ten\u00eda una pregunta concreta para Alpine: \u00bfcu\u00e1nto pod\u00eda rendir realmente el A526 con el nuevo paquete de mejoras? El [&hellip;]<\/p>\n","protected":false},"author":1,"featured_media":210559,"comment_status":"closed","ping_status":"closed","sticky":false,"template":"","format":"standard","meta":{"footnotes":""},"categories":[27],"tags":[],"class_list":["post-210558","post","type-post","status-publish","format-standard","has-post-thumbnail","hentry","category-deportes"],"yoast_head":"<!-- This site is optimized with the Yoast SEO plugin v24.4 - https:\/\/yoast.com\/wordpress\/plugins\/seo\/ -->\n<title>\u00a1Tremendo Alpine! Gasly se qued\u00f3 con la pole en Monza y Colapinto largar\u00e1 7\u00b0 :: Ol\u00e9 - GYS NOTICIAS |<\/title>\n<meta name=\"robots\" content=\"index, follow, max-snippet:-1, max-image-preview:large, max-video-preview:-1\" \/>\n<link rel=\"canonical\" href=\"https:\/\/gysfm.com.ar\/inicio\/tremendo-alpine-gasly-se-quedo-con-la-pole-en-monza-y-colapinto-largara-7-ole\/\" \/>\n<meta property=\"og:locale\" content=\"es_ES\" \/>\n<meta property=\"og:type\" content=\"article\" \/>\n<meta property=\"og:title\" content=\"\u00a1Tremendo Alpine! Gasly se qued\u00f3 con la pole en Monza y Colapinto largar\u00e1 7\u00b0 :: Ol\u00e9 - GYS NOTICIAS |\" \/>\n<meta property=\"og:description\" content=\"05\/09\/2026 08:36hs. Actualizado al 05\/09\/2026 12:14hs. Lleg\u00f3 la hora de la verdad en Monza. Despu\u00e9s de tres entrenamientos en los que Franco Colapinto se hab\u00eda movido siempre alrededor del d\u00e9cimo puesto, el Gran Premio de Italia ten\u00eda una pregunta concreta para Alpine: \u00bfcu\u00e1nto pod\u00eda rendir realmente el A526 con el nuevo paquete de mejoras? El [&hellip;]\" \/>\n<meta property=\"og:url\" content=\"https:\/\/gysfm.com.ar\/inicio\/tremendo-alpine-gasly-se-quedo-con-la-pole-en-monza-y-colapinto-largara-7-ole\/\" \/>\n<meta property=\"og:site_name\" content=\"GYS NOTICIAS |\" \/>\n<meta property=\"article:published_time\" content=\"2026-09-05T15:20:07+00:00\" \/>\n<meta property=\"og:image\" content=\"https:\/\/www.ole.com.ar\/images\/2026\/09\/05\/wstnKKKfl_720x0__1.jpg\" \/>\n<meta name=\"author\" content=\"admin\" \/>\n<meta name=\"twitter:card\" content=\"summary_large_image\" \/>\n<meta name=\"twitter:label1\" content=\"Escrito por\" \/>\n\t<meta name=\"twitter:data1\" content=\"admin\" \/>\n\t<meta name=\"twitter:label2\" content=\"Tiempo de lectura\" \/>\n\t<meta name=\"twitter:data2\" content=\"12 minutos\" \/>\n<script type=\"application\/ld+json\" class=\"yoast-schema-graph\">{\"@context\":\"https:\/\/schema.org\",\"@graph\":[{\"@type\":\"Article\",\"@id\":\"https:\/\/gysfm.com.ar\/inicio\/tremendo-alpine-gasly-se-quedo-con-la-pole-en-monza-y-colapinto-largara-7-ole\/#article\",\"isPartOf\":{\"@id\":\"https:\/\/gysfm.com.ar\/inicio\/tremendo-alpine-gasly-se-quedo-con-la-pole-en-monza-y-colapinto-largara-7-ole\/\"},\"author\":{\"name\":\"admin\",\"@id\":\"https:\/\/gysfm.com.ar\/inicio\/#\/schema\/person\/5bedd7ecd35cc35548d89effafa23696\"},\"headline\":\"\u00a1Tremendo Alpine! Gasly se qued\u00f3 con la pole en Monza y Colapinto largar\u00e1 7\u00b0 :: Ol\u00e9\",\"datePublished\":\"2026-09-05T15:20:07+00:00\",\"mainEntityOfPage\":{\"@id\":\"https:\/\/gysfm.com.ar\/inicio\/tremendo-alpine-gasly-se-quedo-con-la-pole-en-monza-y-colapinto-largara-7-ole\/\"},\"wordCount\":2447,\"publisher\":{\"@id\":\"https:\/\/gysfm.com.ar\/inicio\/#organization\"},\"image\":{\"@id\":\"https:\/\/gysfm.com.ar\/inicio\/tremendo-alpine-gasly-se-quedo-con-la-pole-en-monza-y-colapinto-largara-7-ole\/#primaryimage\"},\"thumbnailUrl\":\"https:\/\/gysfm.com.ar\/inicio\/wp-content\/uploads\/2026\/09\/FtItZTZUE_2000x1500__1.jpg\",\"articleSection\":[\"DEPORTES\"],\"inLanguage\":\"es\"},{\"@type\":\"WebPage\",\"@id\":\"https:\/\/gysfm.com.ar\/inicio\/tremendo-alpine-gasly-se-quedo-con-la-pole-en-monza-y-colapinto-largara-7-ole\/\",\"url\":\"https:\/\/gysfm.com.ar\/inicio\/tremendo-alpine-gasly-se-quedo-con-la-pole-en-monza-y-colapinto-largara-7-ole\/\",\"name\":\"\u00a1Tremendo Alpine! Gasly se qued\u00f3 con la pole en Monza y Colapinto largar\u00e1 7\u00b0 :: Ol\u00e9 - GYS NOTICIAS |\",\"isPartOf\":{\"@id\":\"https:\/\/gysfm.com.ar\/inicio\/#website\"},\"primaryImageOfPage\":{\"@id\":\"https:\/\/gysfm.com.ar\/inicio\/tremendo-alpine-gasly-se-quedo-con-la-pole-en-monza-y-colapinto-largara-7-ole\/#primaryimage\"},\"image\":{\"@id\":\"https:\/\/gysfm.com.ar\/inicio\/tremendo-alpine-gasly-se-quedo-con-la-pole-en-monza-y-colapinto-largara-7-ole\/#primaryimage\"},\"thumbnailUrl\":\"https:\/\/gysfm.com.ar\/inicio\/wp-content\/uploads\/2026\/09\/FtItZTZUE_2000x1500__1.jpg\",\"datePublished\":\"2026-09-05T15:20:07+00:00\",\"breadcrumb\":{\"@id\":\"https:\/\/gysfm.com.ar\/inicio\/tremendo-alpine-gasly-se-quedo-con-la-pole-en-monza-y-colapinto-largara-7-ole\/#breadcrumb\"},\"inLanguage\":\"es\",\"potentialAction\":[{\"@type\":\"ReadAction\",\"target\":[\"https:\/\/gysfm.com.ar\/inicio\/tremendo-alpine-gasly-se-quedo-con-la-pole-en-monza-y-colapinto-largara-7-ole\/\"]}]},{\"@type\":\"ImageObject\",\"inLanguage\":\"es\",\"@id\":\"https:\/\/gysfm.com.ar\/inicio\/tremendo-alpine-gasly-se-quedo-con-la-pole-en-monza-y-colapinto-largara-7-ole\/#primaryimage\",\"url\":\"https:\/\/gysfm.com.ar\/inicio\/wp-content\/uploads\/2026\/09\/FtItZTZUE_2000x1500__1.jpg\",\"contentUrl\":\"https:\/\/gysfm.com.ar\/inicio\/wp-content\/uploads\/2026\/09\/FtItZTZUE_2000x1500__1.jpg\",\"width\":2000,\"height\":1500},{\"@type\":\"BreadcrumbList\",\"@id\":\"https:\/\/gysfm.com.ar\/inicio\/tremendo-alpine-gasly-se-quedo-con-la-pole-en-monza-y-colapinto-largara-7-ole\/#breadcrumb\",\"itemListElement\":[{\"@type\":\"ListItem\",\"position\":1,\"name\":\"Portada\",\"item\":\"https:\/\/gysfm.com.ar\/inicio\/\"},{\"@type\":\"ListItem\",\"position\":2,\"name\":\"\u00a1Tremendo Alpine! Gasly se qued\u00f3 con la pole en Monza y Colapinto largar\u00e1 7\u00b0 :: Ol\u00e9\"}]},{\"@type\":\"WebSite\",\"@id\":\"https:\/\/gysfm.com.ar\/inicio\/#website\",\"url\":\"https:\/\/gysfm.com.ar\/inicio\/\",\"name\":\"GYS NOTICIAS |\",\"description\":\"DIARIO - RADIO ONLINE SAN JUAN ARGENTINA\",\"publisher\":{\"@id\":\"https:\/\/gysfm.com.ar\/inicio\/#organization\"},\"potentialAction\":[{\"@type\":\"SearchAction\",\"target\":{\"@type\":\"EntryPoint\",\"urlTemplate\":\"https:\/\/gysfm.com.ar\/inicio\/?s={search_term_string}\"},\"query-input\":{\"@type\":\"PropertyValueSpecification\",\"valueRequired\":true,\"valueName\":\"search_term_string\"}}],\"inLanguage\":\"es\"},{\"@type\":\"Organization\",\"@id\":\"https:\/\/gysfm.com.ar\/inicio\/#organization\",\"name\":\"GYS NOTICIAS |\",\"url\":\"https:\/\/gysfm.com.ar\/inicio\/\",\"logo\":{\"@type\":\"ImageObject\",\"inLanguage\":\"es\",\"@id\":\"https:\/\/gysfm.com.ar\/inicio\/#\/schema\/logo\/image\/\",\"url\":\"https:\/\/gysfm.com.ar\/inicio\/wp-content\/uploads\/2023\/07\/LOGOGYS-OK.png\",\"contentUrl\":\"https:\/\/gysfm.com.ar\/inicio\/wp-content\/uploads\/2023\/07\/LOGOGYS-OK.png\",\"width\":1170,\"height\":872,\"caption\":\"GYS NOTICIAS |\"},\"image\":{\"@id\":\"https:\/\/gysfm.com.ar\/inicio\/#\/schema\/logo\/image\/\"}},{\"@type\":\"Person\",\"@id\":\"https:\/\/gysfm.com.ar\/inicio\/#\/schema\/person\/5bedd7ecd35cc35548d89effafa23696\",\"name\":\"admin\",\"image\":{\"@type\":\"ImageObject\",\"inLanguage\":\"es\",\"@id\":\"https:\/\/gysfm.com.ar\/inicio\/#\/schema\/person\/image\/\",\"url\":\"https:\/\/secure.gravatar.com\/avatar\/c331d312b5243fb64d5ba28108a447b27c925295129a363082c9ea52c28d32c2?s=96&d=mm&r=g\",\"contentUrl\":\"https:\/\/secure.gravatar.com\/avatar\/c331d312b5243fb64d5ba28108a447b27c925295129a363082c9ea52c28d32c2?s=96&d=mm&r=g\",\"caption\":\"admin\"},\"sameAs\":[\"https:\/\/gysfm.com.ar\/inicio\"],\"url\":\"https:\/\/gysfm.com.ar\/inicio\/author\/admin\/\"}]}<\/script>\n<!-- \/ Yoast SEO plugin. -->","yoast_head_json":{"title":"\u00a1Tremendo Alpine! Gasly se qued\u00f3 con la pole en Monza y Colapinto largar\u00e1 7\u00b0 :: Ol\u00e9 - GYS NOTICIAS |","robots":{"index":"index","follow":"follow","max-snippet":"max-snippet:-1","max-image-preview":"max-image-preview:large","max-video-preview":"max-video-preview:-1"},"canonical":"https:\/\/gysfm.com.ar\/inicio\/tremendo-alpine-gasly-se-quedo-con-la-pole-en-monza-y-colapinto-largara-7-ole\/","og_locale":"es_ES","og_type":"article","og_title":"\u00a1Tremendo Alpine! Gasly se qued\u00f3 con la pole en Monza y Colapinto largar\u00e1 7\u00b0 :: Ol\u00e9 - GYS NOTICIAS |","og_description":"05\/09\/2026 08:36hs. Actualizado al 05\/09\/2026 12:14hs. Lleg\u00f3 la hora de la verdad en Monza. Despu\u00e9s de tres entrenamientos en los que Franco Colapinto se hab\u00eda movido siempre alrededor del d\u00e9cimo puesto, el Gran Premio de Italia ten\u00eda una pregunta concreta para Alpine: \u00bfcu\u00e1nto pod\u00eda rendir realmente el A526 con el nuevo paquete de mejoras? El [&hellip;]","og_url":"https:\/\/gysfm.com.ar\/inicio\/tremendo-alpine-gasly-se-quedo-con-la-pole-en-monza-y-colapinto-largara-7-ole\/","og_site_name":"GYS NOTICIAS |","article_published_time":"2026-09-05T15:20:07+00:00","og_image":[{"url":"https:\/\/www.ole.com.ar\/images\/2026\/09\/05\/wstnKKKfl_720x0__1.jpg","type":"","width":"","height":""}],"author":"admin","twitter_card":"summary_large_image","twitter_misc":{"Escrito por":"admin","Tiempo de lectura":"12 minutos"},"schema":{"@context":"https:\/\/schema.org","@graph":[{"@type":"Article","@id":"https:\/\/gysfm.com.ar\/inicio\/tremendo-alpine-gasly-se-quedo-con-la-pole-en-monza-y-colapinto-largara-7-ole\/#article","isPartOf":{"@id":"https:\/\/gysfm.com.ar\/inicio\/tremendo-alpine-gasly-se-quedo-con-la-pole-en-monza-y-colapinto-largara-7-ole\/"},"author":{"name":"admin","@id":"https:\/\/gysfm.com.ar\/inicio\/#\/schema\/person\/5bedd7ecd35cc35548d89effafa23696"},"headline":"\u00a1Tremendo Alpine! Gasly se qued\u00f3 con la pole en Monza y Colapinto largar\u00e1 7\u00b0 :: Ol\u00e9","datePublished":"2026-09-05T15:20:07+00:00","mainEntityOfPage":{"@id":"https:\/\/gysfm.com.ar\/inicio\/tremendo-alpine-gasly-se-quedo-con-la-pole-en-monza-y-colapinto-largara-7-ole\/"},"wordCount":2447,"publisher":{"@id":"https:\/\/gysfm.com.ar\/inicio\/#organization"},"image":{"@id":"https:\/\/gysfm.com.ar\/inicio\/tremendo-alpine-gasly-se-quedo-con-la-pole-en-monza-y-colapinto-largara-7-ole\/#primaryimage"},"thumbnailUrl":"https:\/\/gysfm.com.ar\/inicio\/wp-content\/uploads\/2026\/09\/FtItZTZUE_2000x1500__1.jpg","articleSection":["DEPORTES"],"inLanguage":"es"},{"@type":"WebPage","@id":"https:\/\/gysfm.com.ar\/inicio\/tremendo-alpine-gasly-se-quedo-con-la-pole-en-monza-y-colapinto-largara-7-ole\/","url":"https:\/\/gysfm.com.ar\/inicio\/tremendo-alpine-gasly-se-quedo-con-la-pole-en-monza-y-colapinto-largara-7-ole\/","name":"\u00a1Tremendo Alpine! Gasly se qued\u00f3 con la pole en Monza y Colapinto largar\u00e1 7\u00b0 :: Ol\u00e9 - GYS NOTICIAS |","isPartOf":{"@id":"https:\/\/gysfm.com.ar\/inicio\/#website"},"primaryImageOfPage":{"@id":"https:\/\/gysfm.com.ar\/inicio\/tremendo-alpine-gasly-se-quedo-con-la-pole-en-monza-y-colapinto-largara-7-ole\/#primaryimage"},"image":{"@id":"https:\/\/gysfm.com.ar\/inicio\/tremendo-alpine-gasly-se-quedo-con-la-pole-en-monza-y-colapinto-largara-7-ole\/#primaryimage"},"thumbnailUrl":"https:\/\/gysfm.com.ar\/inicio\/wp-content\/uploads\/2026\/09\/FtItZTZUE_2000x1500__1.jpg","datePublished":"2026-09-05T15:20:07+00:00","breadcrumb":{"@id":"https:\/\/gysfm.com.ar\/inicio\/tremendo-alpine-gasly-se-quedo-con-la-pole-en-monza-y-colapinto-largara-7-ole\/#breadcrumb"},"inLanguage":"es","potentialAction":[{"@type":"ReadAction","target":["https:\/\/gysfm.com.ar\/inicio\/tremendo-alpine-gasly-se-quedo-con-la-pole-en-monza-y-colapinto-largara-7-ole\/"]}]},{"@type":"ImageObject","inLanguage":"es","@id":"https:\/\/gysfm.com.ar\/inicio\/tremendo-alpine-gasly-se-quedo-con-la-pole-en-monza-y-colapinto-largara-7-ole\/#primaryimage","url":"https:\/\/gysfm.com.ar\/inicio\/wp-content\/uploads\/2026\/09\/FtItZTZUE_2000x1500__1.jpg","contentUrl":"https:\/\/gysfm.com.ar\/inicio\/wp-content\/uploads\/2026\/09\/FtItZTZUE_2000x1500__1.jpg","width":2000,"height":1500},{"@type":"BreadcrumbList","@id":"https:\/\/gysfm.com.ar\/inicio\/tremendo-alpine-gasly-se-quedo-con-la-pole-en-monza-y-colapinto-largara-7-ole\/#breadcrumb","itemListElement":[{"@type":"ListItem","position":1,"name":"Portada","item":"https:\/\/gysfm.com.ar\/inicio\/"},{"@type":"ListItem","position":2,"name":"\u00a1Tremendo Alpine! Gasly se qued\u00f3 con la pole en Monza y Colapinto largar\u00e1 7\u00b0 :: Ol\u00e9"}]},{"@type":"WebSite","@id":"https:\/\/gysfm.com.ar\/inicio\/#website","url":"https:\/\/gysfm.com.ar\/inicio\/","name":"GYS NOTICIAS |","description":"DIARIO - RADIO ONLINE SAN JUAN ARGENTINA","publisher":{"@id":"https:\/\/gysfm.com.ar\/inicio\/#organization"},"potentialAction":[{"@type":"SearchAction","target":{"@type":"EntryPoint","urlTemplate":"https:\/\/gysfm.com.ar\/inicio\/?s={search_term_string}"},"query-input":{"@type":"PropertyValueSpecification","valueRequired":true,"valueName":"search_term_string"}}],"inLanguage":"es"},{"@type":"Organization","@id":"https:\/\/gysfm.com.ar\/inicio\/#organization","name":"GYS NOTICIAS |","url":"https:\/\/gysfm.com.ar\/inicio\/","logo":{"@type":"ImageObject","inLanguage":"es","@id":"https:\/\/gysfm.com.ar\/inicio\/#\/schema\/logo\/image\/","url":"https:\/\/gysfm.com.ar\/inicio\/wp-content\/uploads\/2023\/07\/LOGOGYS-OK.png","contentUrl":"https:\/\/gysfm.com.ar\/inicio\/wp-content\/uploads\/2023\/07\/LOGOGYS-OK.png","width":1170,"height":872,"caption":"GYS NOTICIAS |"},"image":{"@id":"https:\/\/gysfm.com.ar\/inicio\/#\/schema\/logo\/image\/"}},{"@type":"Person","@id":"https:\/\/gysfm.com.ar\/inicio\/#\/schema\/person\/5bedd7ecd35cc35548d89effafa23696","name":"admin","image":{"@type":"ImageObject","inLanguage":"es","@id":"https:\/\/gysfm.com.ar\/inicio\/#\/schema\/person\/image\/","url":"https:\/\/secure.gravatar.com\/avatar\/c331d312b5243fb64d5ba28108a447b27c925295129a363082c9ea52c28d32c2?s=96&d=mm&r=g","contentUrl":"https:\/\/secure.gravatar.com\/avatar\/c331d312b5243fb64d5ba28108a447b27c925295129a363082c9ea52c28d32c2?s=96&d=mm&r=g","caption":"admin"},"sameAs":["https:\/\/gysfm.com.ar\/inicio"],"url":"https:\/\/gysfm.com.ar\/inicio\/author\/admin\/"}]}},"_links":{"self":[{"href":"https:\/\/gysfm.com.ar\/inicio\/wp-json\/wp\/v2\/posts\/210558","targetHints":{"allow":["GET"]}}],"collection":[{"href":"https:\/\/gysfm.com.ar\/inicio\/wp-json\/wp\/v2\/posts"}],"about":[{"href":"https:\/\/gysfm.com.ar\/inicio\/wp-json\/wp\/v2\/types\/post"}],"author":[{"embeddable":true,"href":"https:\/\/gysfm.com.ar\/inicio\/wp-json\/wp\/v2\/users\/1"}],"replies":[{"embeddable":true,"href":"https:\/\/gysfm.com.ar\/inicio\/wp-json\/wp\/v2\/comments?post=210558"}],"version-history":[{"count":0,"href":"https:\/\/gysfm.com.ar\/inicio\/wp-json\/wp\/v2\/posts\/210558\/revisions"}],"wp:featuredmedia":[{"embeddable":true,"href":"https:\/\/gysfm.com.ar\/inicio\/wp-json\/wp\/v2\/media\/210559"}],"wp:attachment":[{"href":"https:\/\/gysfm.com.ar\/inicio\/wp-json\/wp\/v2\/media?parent=210558"}],"wp:term":[{"taxonomy":"category","embeddable":true,"href":"https:\/\/gysfm.com.ar\/inicio\/wp-json\/wp\/v2\/categories?post=210558"},{"taxonomy":"post_tag","embeddable":true,"href":"https:\/\/gysfm.com.ar\/inicio\/wp-json\/wp\/v2\/tags?post=210558"}],"curies":[{"name":"wp","href":"https:\/\/api.w.org\/{rel}","templated":true}]}}