{"id":210555,"date":"2026-09-05T11:21:24","date_gmt":"2026-09-05T14:21:24","guid":{"rendered":"https:\/\/gysfm.com.ar\/inicio\/giorgia-meloni-celebro-que-su-gobierno-se-convirtiera-en-el-mas-longevo-de-italia-y-milei-la-felicito-gracias-amigo\/"},"modified":"2026-09-05T11:21:25","modified_gmt":"2026-09-05T14:21:25","slug":"giorgia-meloni-celebro-que-su-gobierno-se-convirtiera-en-el-mas-longevo-de-italia-y-milei-la-felicito-gracias-amigo","status":"publish","type":"post","link":"https:\/\/gysfm.com.ar\/inicio\/giorgia-meloni-celebro-que-su-gobierno-se-convirtiera-en-el-mas-longevo-de-italia-y-milei-la-felicito-gracias-amigo\/","title":{"rendered":"Giorgia Meloni celebr\u00f3 que su gobierno se convirtiera en el m\u00e1s longevo de Italia y Milei la felicit\u00f3: \u201cGracias amigo\u201d"},"content":{"rendered":"<p> <br \/>\n<\/p>\n<div>\n<p class=\"com-paragraph --capital --s text-left\">La primera ministra de Italia, <strong>Giorgia Meloni<\/strong>, celebr\u00f3 este viernes que <a href=\"https:\/\/www.lanacion.com.ar\/el-mundo\/no-me-rendi-ni-voy-a-rendirme-meloni-celebro-su-record-ya-en-modo-campana-para-su-reeleccion-nid04092026\/\" target=\"_self\" title=\"https:\/\/www.lanacion.com.ar\/el-mundo\/no-me-rendi-ni-voy-a-rendirme-meloni-celebro-su-record-ya-en-modo-campana-para-su-reeleccion-nid04092026\/\" class=\"com-link break-word\" data-mrf-recirculation=\"n_link_parrafo\">su administraci\u00f3n se convirti\u00f3 en el gobierno m\u00e1s longevo de ese pa\u00eds<\/a> desde la posguerra, <strong>al cumplir 1413 d\u00edas en el poder<\/strong>. Tras batir ese r\u00e9cord, el presidente <strong>Javier Milei<\/strong> utiliz\u00f3 la red social X para felicitar a la l\u00edder europea, quien no tard\u00f3 en responderle al primer mandatario argentino. <\/p>\n<p class=\"com-paragraph --s text-left\">\u201c<strong>Felicitaciones Giorgia Meloni por este logro hist\u00f3rico<\/strong>\u201d, arranc\u00f3 el posteo del l\u00edder de La Libertad Avanza (LLA). Y sigui\u00f3: \u201cConvertirte en la primera ministra al frente del gobierno m\u00e1s longevo de la Rep\u00fablica Italiana no es solamente una marca de tiempo, <strong>es el reconocimiento a la convicci\u00f3n, el coraje y la determinaci\u00f3n con los que has defendido tus ideas y conducido Italia<\/strong>\u201d.<\/p>\n<div class=\"content-media\">\n<section role=\"button\" class=\"mod-media   \">\n<figure role=\"button\" tabindex=\"0\" class=\"mod-figure \"><figcaption class=\"mod-figcaption\"><span class=\"com-text --caption --twoxs\">El posteo de la l\u00edder italiana<\/span><\/figcaption><\/figure>\n<\/section>\n<\/div>\n<p class=\"com-paragraph --s text-left\">Escrito originalmente en italiano, Meloni respondi\u00f3: \u201c<strong>\u00a1Gracias de coraz\u00f3n, AMIGO!<\/strong> Por tu amistad y por tus palabras generosas. Compartimos valores, ideas y sobre todo la convicci\u00f3n de que se necesita coraje, coherencia y determinaci\u00f3n para construir el futuro que imaginamos\u00bb.<\/p>\n<p class=\"com-paragraph --s text-left\">Luego de mantener el liderazgo del Ejecutivo italiano por casi cuatro a\u00f1os, el gobierno de Meloni super\u00f3 al segundo mandato que comand\u00f3 su padre pol\u00edtico <strong>Silvio Berlusconi<\/strong> en el per\u00edodo 2001-2005, aunque en realidad continu\u00f3 por un a\u00f1o m\u00e1s con un cambio de gabinete, pero t\u00e9cnicamente ya se trataba de otra gesti\u00f3n.<\/p>\n<div class=\"content-media\">\n<section role=\"button\" class=\"mod-media   \">\n<figure role=\"button\" tabindex=\"0\" class=\"mod-figure \"><figcaption class=\"mod-figcaption\"><span class=\"com-text --caption --twoxs\">El posteo que Milei le dedic\u00f3 a Meloni<\/span><\/figcaption><\/figure>\n<\/section>\n<\/div>\n<p class=\"com-paragraph --s text-left\">En su tuit, el jefe de LLA agreg\u00f3: \u201cEn tiempos en los que sostener un rumbo exige firmeza, estos cuatro a\u00f1os demuestran que una visi\u00f3n clara, una coalici\u00f3n s\u00f3lida y <strong>el liderazgo pol\u00edtico pueden devolver estabilidad y confianza a un pa\u00eds<\/strong>\u201d.<\/p>\n<p class=\"com-paragraph --s text-left\">M\u00e1s adelante, ambos mandatarios coincidieron en el trabajo mancomunado entre ambas gestiones. Por su parte, Meloni expuso: \u201c<strong>Con este esp\u00edritu deseo seguir trabajando juntos para fortalecer el v\u00ednculo entre Italia y Argentina<\/strong>, dos naciones hermanas que comparten historia, valores y comunidades, y hacerlas m\u00e1s fuertes para enfrentar el futuro\u201d. <\/p>\n<p class=\"com-paragraph --s text-left\">Mientras tanto, del otro lado del oc\u00e9ano Atl\u00e1ntico, Milei hab\u00eda resaltado: \u201c<strong>Desde la Argentina celebramos especialmente este logro de una amiga<\/strong> y de una l\u00edder con quien compartimos valores, convicciones y una mirada com\u00fan sobre muchos de los desaf\u00edos de nuestro tiempo\u201d.<\/p>\n<p class=\"com-paragraph --s text-left\">Durante las celebraciones que tuvieron lugar en Roma, la primera ministra italiana encabez\u00f3 un acto <strong>autocelebratorio<\/strong>, en el que <strong>libertad<\/strong>, <strong>identidad<\/strong>, <strong>seguridad<\/strong>, <strong>orgullo nacional <\/strong>y la idea de \u201cprimero los italianos\u201d fueron los conceptos clave.<\/p>\n<div class=\"content-media\">\n<section role=\"button\" class=\"mod-media   \">\n<figure role=\"button\" tabindex=\"0\" class=\"mod-figure \"><figcaption class=\"mod-figcaption\"><span class=\"com-text --caption --twoxs\">Meloni resalt\u00f3 la \u00abestabilidad\u00bb de su gesti\u00f3n<\/span><span class=\"com-text --credit --twoxs\">Roberto Monaldo &#8211; LaPresse via ZUMA Press DPA<\/span><\/figcaption><\/figure>\n<\/section>\n<\/div>\n<p class=\"com-paragraph --s text-left\">En esa direcci\u00f3n, Meloni defini\u00f3 la <strong>estabilidad <\/strong>como la primera \u201c<strong>gran reforma<\/strong>\u201d de su administraci\u00f3n. Y fustig\u00f3 a la oposici\u00f3n de centroizquierda, a la que acus\u00f3 de ser una \u201cizquierda caviar\u201d, alejada del pueblo y en crisis de identidad, sin l\u00edder ni programa claros de cara a las elecciones que se celebrar\u00e1n el a\u00f1o que viene.<\/p>\n<p class=\"com-paragraph --s text-left\">Otro de los elementos que vitorearon los seguidores de la primera ministra fue la vigencia electoral de Meloni. En cuatro a\u00f1os el partido Hermanos de Italia, no tuvo un desgaste significativo y <strong>mantiene un 26% de intenci\u00f3n de voto<\/strong>, a\u00fan por arriba de sus inmeditaos perseguidores, tambi\u00e9n de derecha, compuestos por Forza Italia y La Liga, de <strong>Matteo Salvini<\/strong>.<\/p>\n<p class=\"com-paragraph --s text-left\">Finalmente, en el intercambio que tuvieron en <em>X<\/em>, tanto Milei como Meloni cerraron sus posteos con una misma palabra: \u201cAvanti\u201d.<\/p>\n<section class=\"container-center-100 mb-40 border border-bottom border-thin border-neutral-light-700\">\n<hr\/>\n<\/section>\n<\/div>\n<p><script id=\"facebookpixel\" defer=\"\" type=\"text\/javascript\">\n        !function(f,b,e,v,n,t,s)\n        {if(f.fbq)return;n=f.fbq=function(){n.callMethod?\n        n.callMethod.apply(n,arguments):n.queue.push(arguments)};\n        if(!f._fbq)f._fbq=n;n.push=n;n.loaded=!0;n.version='2.0';\n        n.queue=[];t=b.createElement(e);t.async=!0;\n        t.src=v;s=b.getElementsByTagName(e)[0];\n        s.parentNode.insertBefore(t,s)}(window, document,'script',\n        'https:\/\/connect.facebook.net\/en_US\/fbevents.js');\n        fbq('init', '492459597522335');\n        fbq('track', 'PageView');\n    <\/script><br \/>\n<br \/><\/p>\n","protected":false},"excerpt":{"rendered":"<p>La primera ministra de Italia, Giorgia Meloni, celebr\u00f3 este viernes que su administraci\u00f3n se convirti\u00f3 en el gobierno m\u00e1s longevo de ese pa\u00eds desde la posguerra, al cumplir 1413 d\u00edas en el poder. Tras batir ese r\u00e9cord, el presidente Javier Milei utiliz\u00f3 la red social X para felicitar a la l\u00edder europea, quien no tard\u00f3 [&hellip;]<\/p>\n","protected":false},"author":2,"featured_media":210556,"comment_status":"closed","ping_status":"closed","sticky":false,"template":"","format":"standard","meta":{"footnotes":""},"categories":[26],"tags":[],"class_list":["post-210555","post","type-post","status-publish","format-standard","has-post-thumbnail","hentry","category-internacionales"],"yoast_head":"<!-- This site is optimized with the Yoast SEO plugin v24.4 - https:\/\/yoast.com\/wordpress\/plugins\/seo\/ -->\n<title>Giorgia Meloni celebr\u00f3 que su gobierno se convirtiera en el m\u00e1s longevo de Italia y Milei la felicit\u00f3: \u201cGracias amigo\u201d - GYS NOTICIAS |<\/title>\n<meta name=\"robots\" content=\"index, follow, max-snippet:-1, max-image-preview:large, max-video-preview:-1\" \/>\n<link rel=\"canonical\" href=\"https:\/\/gysfm.com.ar\/inicio\/giorgia-meloni-celebro-que-su-gobierno-se-convirtiera-en-el-mas-longevo-de-italia-y-milei-la-felicito-gracias-amigo\/\" \/>\n<meta property=\"og:locale\" content=\"es_ES\" \/>\n<meta property=\"og:type\" content=\"article\" \/>\n<meta property=\"og:title\" content=\"Giorgia Meloni celebr\u00f3 que su gobierno se convirtiera en el m\u00e1s longevo de Italia y Milei la felicit\u00f3: \u201cGracias amigo\u201d - GYS NOTICIAS |\" \/>\n<meta property=\"og:description\" content=\"La primera ministra de Italia, Giorgia Meloni, celebr\u00f3 este viernes que su administraci\u00f3n se convirti\u00f3 en el gobierno m\u00e1s longevo de ese pa\u00eds desde la posguerra, al cumplir 1413 d\u00edas en el poder. Tras batir ese r\u00e9cord, el presidente Javier Milei utiliz\u00f3 la red social X para felicitar a la l\u00edder europea, quien no tard\u00f3 [&hellip;]\" \/>\n<meta property=\"og:url\" content=\"https:\/\/gysfm.com.ar\/inicio\/giorgia-meloni-celebro-que-su-gobierno-se-convirtiera-en-el-mas-longevo-de-italia-y-milei-la-felicito-gracias-amigo\/\" \/>\n<meta property=\"og:site_name\" content=\"GYS NOTICIAS |\" \/>\n<meta property=\"article:published_time\" content=\"2026-09-05T14:21:24+00:00\" \/>\n<meta property=\"article:modified_time\" content=\"2026-09-05T14:21:25+00:00\" \/>\n<meta property=\"og:image\" content=\"https:\/\/gysfm.com.ar\/inicio\/wp-content\/uploads\/2026\/09\/javier-milei-y-giorgi-4FQU4TN3CFG57D6HX27R6IWEDU.JPG\" \/>\n\t<meta property=\"og:image:width\" content=\"1200\" \/>\n\t<meta property=\"og:image:height\" content=\"800\" \/>\n\t<meta property=\"og:image:type\" content=\"image\/jpeg\" \/>\n<meta name=\"author\" content=\"Prensa G&amp;S FM\" \/>\n<meta name=\"twitter:card\" content=\"summary_large_image\" \/>\n<meta name=\"twitter:label1\" content=\"Escrito por\" \/>\n\t<meta name=\"twitter:data1\" content=\"Prensa G&amp;S FM\" \/>\n\t<meta name=\"twitter:label2\" content=\"Tiempo de lectura\" \/>\n\t<meta name=\"twitter:data2\" content=\"3 minutos\" \/>\n<script type=\"application\/ld+json\" class=\"yoast-schema-graph\">{\"@context\":\"https:\/\/schema.org\",\"@graph\":[{\"@type\":\"Article\",\"@id\":\"https:\/\/gysfm.com.ar\/inicio\/giorgia-meloni-celebro-que-su-gobierno-se-convirtiera-en-el-mas-longevo-de-italia-y-milei-la-felicito-gracias-amigo\/#article\",\"isPartOf\":{\"@id\":\"https:\/\/gysfm.com.ar\/inicio\/giorgia-meloni-celebro-que-su-gobierno-se-convirtiera-en-el-mas-longevo-de-italia-y-milei-la-felicito-gracias-amigo\/\"},\"author\":{\"name\":\"Prensa G&amp;S FM\",\"@id\":\"https:\/\/gysfm.com.ar\/inicio\/#\/schema\/person\/3abba7593ef2ad19e1be221d54383dc5\"},\"headline\":\"Giorgia Meloni celebr\u00f3 que su gobierno se convirtiera en el m\u00e1s longevo de Italia y Milei la felicit\u00f3: \u201cGracias amigo\u201d\",\"datePublished\":\"2026-09-05T14:21:24+00:00\",\"dateModified\":\"2026-09-05T14:21:25+00:00\",\"mainEntityOfPage\":{\"@id\":\"https:\/\/gysfm.com.ar\/inicio\/giorgia-meloni-celebro-que-su-gobierno-se-convirtiera-en-el-mas-longevo-de-italia-y-milei-la-felicito-gracias-amigo\/\"},\"wordCount\":617,\"publisher\":{\"@id\":\"https:\/\/gysfm.com.ar\/inicio\/#organization\"},\"image\":{\"@id\":\"https:\/\/gysfm.com.ar\/inicio\/giorgia-meloni-celebro-que-su-gobierno-se-convirtiera-en-el-mas-longevo-de-italia-y-milei-la-felicito-gracias-amigo\/#primaryimage\"},\"thumbnailUrl\":\"https:\/\/gysfm.com.ar\/inicio\/wp-content\/uploads\/2026\/09\/javier-milei-y-giorgi-4FQU4TN3CFG57D6HX27R6IWEDU.JPG\",\"articleSection\":[\"INTERNACIONALES\"],\"inLanguage\":\"es\"},{\"@type\":\"WebPage\",\"@id\":\"https:\/\/gysfm.com.ar\/inicio\/giorgia-meloni-celebro-que-su-gobierno-se-convirtiera-en-el-mas-longevo-de-italia-y-milei-la-felicito-gracias-amigo\/\",\"url\":\"https:\/\/gysfm.com.ar\/inicio\/giorgia-meloni-celebro-que-su-gobierno-se-convirtiera-en-el-mas-longevo-de-italia-y-milei-la-felicito-gracias-amigo\/\",\"name\":\"Giorgia Meloni celebr\u00f3 que su gobierno se convirtiera en el m\u00e1s longevo de Italia y Milei la felicit\u00f3: \u201cGracias amigo\u201d - GYS NOTICIAS |\",\"isPartOf\":{\"@id\":\"https:\/\/gysfm.com.ar\/inicio\/#website\"},\"primaryImageOfPage\":{\"@id\":\"https:\/\/gysfm.com.ar\/inicio\/giorgia-meloni-celebro-que-su-gobierno-se-convirtiera-en-el-mas-longevo-de-italia-y-milei-la-felicito-gracias-amigo\/#primaryimage\"},\"image\":{\"@id\":\"https:\/\/gysfm.com.ar\/inicio\/giorgia-meloni-celebro-que-su-gobierno-se-convirtiera-en-el-mas-longevo-de-italia-y-milei-la-felicito-gracias-amigo\/#primaryimage\"},\"thumbnailUrl\":\"https:\/\/gysfm.com.ar\/inicio\/wp-content\/uploads\/2026\/09\/javier-milei-y-giorgi-4FQU4TN3CFG57D6HX27R6IWEDU.JPG\",\"datePublished\":\"2026-09-05T14:21:24+00:00\",\"dateModified\":\"2026-09-05T14:21:25+00:00\",\"breadcrumb\":{\"@id\":\"https:\/\/gysfm.com.ar\/inicio\/giorgia-meloni-celebro-que-su-gobierno-se-convirtiera-en-el-mas-longevo-de-italia-y-milei-la-felicito-gracias-amigo\/#breadcrumb\"},\"inLanguage\":\"es\",\"potentialAction\":[{\"@type\":\"ReadAction\",\"target\":[\"https:\/\/gysfm.com.ar\/inicio\/giorgia-meloni-celebro-que-su-gobierno-se-convirtiera-en-el-mas-longevo-de-italia-y-milei-la-felicito-gracias-amigo\/\"]}]},{\"@type\":\"ImageObject\",\"inLanguage\":\"es\",\"@id\":\"https:\/\/gysfm.com.ar\/inicio\/giorgia-meloni-celebro-que-su-gobierno-se-convirtiera-en-el-mas-longevo-de-italia-y-milei-la-felicito-gracias-amigo\/#primaryimage\",\"url\":\"https:\/\/gysfm.com.ar\/inicio\/wp-content\/uploads\/2026\/09\/javier-milei-y-giorgi-4FQU4TN3CFG57D6HX27R6IWEDU.JPG\",\"contentUrl\":\"https:\/\/gysfm.com.ar\/inicio\/wp-content\/uploads\/2026\/09\/javier-milei-y-giorgi-4FQU4TN3CFG57D6HX27R6IWEDU.JPG\",\"width\":1200,\"height\":800},{\"@type\":\"BreadcrumbList\",\"@id\":\"https:\/\/gysfm.com.ar\/inicio\/giorgia-meloni-celebro-que-su-gobierno-se-convirtiera-en-el-mas-longevo-de-italia-y-milei-la-felicito-gracias-amigo\/#breadcrumb\",\"itemListElement\":[{\"@type\":\"ListItem\",\"position\":1,\"name\":\"Portada\",\"item\":\"https:\/\/gysfm.com.ar\/inicio\/\"},{\"@type\":\"ListItem\",\"position\":2,\"name\":\"Giorgia Meloni celebr\u00f3 que su gobierno se convirtiera en el m\u00e1s longevo de Italia y Milei la felicit\u00f3: \u201cGracias amigo\u201d\"}]},{\"@type\":\"WebSite\",\"@id\":\"https:\/\/gysfm.com.ar\/inicio\/#website\",\"url\":\"https:\/\/gysfm.com.ar\/inicio\/\",\"name\":\"GYS NOTICIAS |\",\"description\":\"DIARIO - RADIO ONLINE SAN JUAN ARGENTINA\",\"publisher\":{\"@id\":\"https:\/\/gysfm.com.ar\/inicio\/#organization\"},\"potentialAction\":[{\"@type\":\"SearchAction\",\"target\":{\"@type\":\"EntryPoint\",\"urlTemplate\":\"https:\/\/gysfm.com.ar\/inicio\/?s={search_term_string}\"},\"query-input\":{\"@type\":\"PropertyValueSpecification\",\"valueRequired\":true,\"valueName\":\"search_term_string\"}}],\"inLanguage\":\"es\"},{\"@type\":\"Organization\",\"@id\":\"https:\/\/gysfm.com.ar\/inicio\/#organization\",\"name\":\"GYS NOTICIAS |\",\"url\":\"https:\/\/gysfm.com.ar\/inicio\/\",\"logo\":{\"@type\":\"ImageObject\",\"inLanguage\":\"es\",\"@id\":\"https:\/\/gysfm.com.ar\/inicio\/#\/schema\/logo\/image\/\",\"url\":\"https:\/\/gysfm.com.ar\/inicio\/wp-content\/uploads\/2023\/07\/LOGOGYS-OK.png\",\"contentUrl\":\"https:\/\/gysfm.com.ar\/inicio\/wp-content\/uploads\/2023\/07\/LOGOGYS-OK.png\",\"width\":1170,\"height\":872,\"caption\":\"GYS NOTICIAS |\"},\"image\":{\"@id\":\"https:\/\/gysfm.com.ar\/inicio\/#\/schema\/logo\/image\/\"}},{\"@type\":\"Person\",\"@id\":\"https:\/\/gysfm.com.ar\/inicio\/#\/schema\/person\/3abba7593ef2ad19e1be221d54383dc5\",\"name\":\"Prensa G&amp;S FM\",\"image\":{\"@type\":\"ImageObject\",\"inLanguage\":\"es\",\"@id\":\"https:\/\/gysfm.com.ar\/inicio\/#\/schema\/person\/image\/\",\"url\":\"https:\/\/secure.gravatar.com\/avatar\/096ec78df02049ab018702bb4ccedf659377fa92a26540b5247612077a0dbd29?s=96&d=mm&r=g\",\"contentUrl\":\"https:\/\/secure.gravatar.com\/avatar\/096ec78df02049ab018702bb4ccedf659377fa92a26540b5247612077a0dbd29?s=96&d=mm&r=g\",\"caption\":\"Prensa G&amp;S FM\"},\"sameAs\":[\"https:\/\/gysfm.com.ar\/\"],\"url\":\"https:\/\/gysfm.com.ar\/inicio\/author\/lucasm\/\"}]}<\/script>\n<!-- \/ Yoast SEO plugin. -->","yoast_head_json":{"title":"Giorgia Meloni celebr\u00f3 que su gobierno se convirtiera en el m\u00e1s longevo de Italia y Milei la felicit\u00f3: \u201cGracias amigo\u201d - GYS NOTICIAS |","robots":{"index":"index","follow":"follow","max-snippet":"max-snippet:-1","max-image-preview":"max-image-preview:large","max-video-preview":"max-video-preview:-1"},"canonical":"https:\/\/gysfm.com.ar\/inicio\/giorgia-meloni-celebro-que-su-gobierno-se-convirtiera-en-el-mas-longevo-de-italia-y-milei-la-felicito-gracias-amigo\/","og_locale":"es_ES","og_type":"article","og_title":"Giorgia Meloni celebr\u00f3 que su gobierno se convirtiera en el m\u00e1s longevo de Italia y Milei la felicit\u00f3: \u201cGracias amigo\u201d - GYS NOTICIAS |","og_description":"La primera ministra de Italia, Giorgia Meloni, celebr\u00f3 este viernes que su administraci\u00f3n se convirti\u00f3 en el gobierno m\u00e1s longevo de ese pa\u00eds desde la posguerra, al cumplir 1413 d\u00edas en el poder. Tras batir ese r\u00e9cord, el presidente Javier Milei utiliz\u00f3 la red social X para felicitar a la l\u00edder europea, quien no tard\u00f3 [&hellip;]","og_url":"https:\/\/gysfm.com.ar\/inicio\/giorgia-meloni-celebro-que-su-gobierno-se-convirtiera-en-el-mas-longevo-de-italia-y-milei-la-felicito-gracias-amigo\/","og_site_name":"GYS NOTICIAS |","article_published_time":"2026-09-05T14:21:24+00:00","article_modified_time":"2026-09-05T14:21:25+00:00","og_image":[{"width":1200,"height":800,"url":"https:\/\/gysfm.com.ar\/inicio\/wp-content\/uploads\/2026\/09\/javier-milei-y-giorgi-4FQU4TN3CFG57D6HX27R6IWEDU.JPG","type":"image\/jpeg"}],"author":"Prensa G&amp;S FM","twitter_card":"summary_large_image","twitter_misc":{"Escrito por":"Prensa G&amp;S FM","Tiempo de lectura":"3 minutos"},"schema":{"@context":"https:\/\/schema.org","@graph":[{"@type":"Article","@id":"https:\/\/gysfm.com.ar\/inicio\/giorgia-meloni-celebro-que-su-gobierno-se-convirtiera-en-el-mas-longevo-de-italia-y-milei-la-felicito-gracias-amigo\/#article","isPartOf":{"@id":"https:\/\/gysfm.com.ar\/inicio\/giorgia-meloni-celebro-que-su-gobierno-se-convirtiera-en-el-mas-longevo-de-italia-y-milei-la-felicito-gracias-amigo\/"},"author":{"name":"Prensa G&amp;S FM","@id":"https:\/\/gysfm.com.ar\/inicio\/#\/schema\/person\/3abba7593ef2ad19e1be221d54383dc5"},"headline":"Giorgia Meloni celebr\u00f3 que su gobierno se convirtiera en el m\u00e1s longevo de Italia y Milei la felicit\u00f3: \u201cGracias amigo\u201d","datePublished":"2026-09-05T14:21:24+00:00","dateModified":"2026-09-05T14:21:25+00:00","mainEntityOfPage":{"@id":"https:\/\/gysfm.com.ar\/inicio\/giorgia-meloni-celebro-que-su-gobierno-se-convirtiera-en-el-mas-longevo-de-italia-y-milei-la-felicito-gracias-amigo\/"},"wordCount":617,"publisher":{"@id":"https:\/\/gysfm.com.ar\/inicio\/#organization"},"image":{"@id":"https:\/\/gysfm.com.ar\/inicio\/giorgia-meloni-celebro-que-su-gobierno-se-convirtiera-en-el-mas-longevo-de-italia-y-milei-la-felicito-gracias-amigo\/#primaryimage"},"thumbnailUrl":"https:\/\/gysfm.com.ar\/inicio\/wp-content\/uploads\/2026\/09\/javier-milei-y-giorgi-4FQU4TN3CFG57D6HX27R6IWEDU.JPG","articleSection":["INTERNACIONALES"],"inLanguage":"es"},{"@type":"WebPage","@id":"https:\/\/gysfm.com.ar\/inicio\/giorgia-meloni-celebro-que-su-gobierno-se-convirtiera-en-el-mas-longevo-de-italia-y-milei-la-felicito-gracias-amigo\/","url":"https:\/\/gysfm.com.ar\/inicio\/giorgia-meloni-celebro-que-su-gobierno-se-convirtiera-en-el-mas-longevo-de-italia-y-milei-la-felicito-gracias-amigo\/","name":"Giorgia Meloni celebr\u00f3 que su gobierno se convirtiera en el m\u00e1s longevo de Italia y Milei la felicit\u00f3: \u201cGracias amigo\u201d - GYS NOTICIAS |","isPartOf":{"@id":"https:\/\/gysfm.com.ar\/inicio\/#website"},"primaryImageOfPage":{"@id":"https:\/\/gysfm.com.ar\/inicio\/giorgia-meloni-celebro-que-su-gobierno-se-convirtiera-en-el-mas-longevo-de-italia-y-milei-la-felicito-gracias-amigo\/#primaryimage"},"image":{"@id":"https:\/\/gysfm.com.ar\/inicio\/giorgia-meloni-celebro-que-su-gobierno-se-convirtiera-en-el-mas-longevo-de-italia-y-milei-la-felicito-gracias-amigo\/#primaryimage"},"thumbnailUrl":"https:\/\/gysfm.com.ar\/inicio\/wp-content\/uploads\/2026\/09\/javier-milei-y-giorgi-4FQU4TN3CFG57D6HX27R6IWEDU.JPG","datePublished":"2026-09-05T14:21:24+00:00","dateModified":"2026-09-05T14:21:25+00:00","breadcrumb":{"@id":"https:\/\/gysfm.com.ar\/inicio\/giorgia-meloni-celebro-que-su-gobierno-se-convirtiera-en-el-mas-longevo-de-italia-y-milei-la-felicito-gracias-amigo\/#breadcrumb"},"inLanguage":"es","potentialAction":[{"@type":"ReadAction","target":["https:\/\/gysfm.com.ar\/inicio\/giorgia-meloni-celebro-que-su-gobierno-se-convirtiera-en-el-mas-longevo-de-italia-y-milei-la-felicito-gracias-amigo\/"]}]},{"@type":"ImageObject","inLanguage":"es","@id":"https:\/\/gysfm.com.ar\/inicio\/giorgia-meloni-celebro-que-su-gobierno-se-convirtiera-en-el-mas-longevo-de-italia-y-milei-la-felicito-gracias-amigo\/#primaryimage","url":"https:\/\/gysfm.com.ar\/inicio\/wp-content\/uploads\/2026\/09\/javier-milei-y-giorgi-4FQU4TN3CFG57D6HX27R6IWEDU.JPG","contentUrl":"https:\/\/gysfm.com.ar\/inicio\/wp-content\/uploads\/2026\/09\/javier-milei-y-giorgi-4FQU4TN3CFG57D6HX27R6IWEDU.JPG","width":1200,"height":800},{"@type":"BreadcrumbList","@id":"https:\/\/gysfm.com.ar\/inicio\/giorgia-meloni-celebro-que-su-gobierno-se-convirtiera-en-el-mas-longevo-de-italia-y-milei-la-felicito-gracias-amigo\/#breadcrumb","itemListElement":[{"@type":"ListItem","position":1,"name":"Portada","item":"https:\/\/gysfm.com.ar\/inicio\/"},{"@type":"ListItem","position":2,"name":"Giorgia Meloni celebr\u00f3 que su gobierno se convirtiera en el m\u00e1s longevo de Italia y Milei la felicit\u00f3: \u201cGracias amigo\u201d"}]},{"@type":"WebSite","@id":"https:\/\/gysfm.com.ar\/inicio\/#website","url":"https:\/\/gysfm.com.ar\/inicio\/","name":"GYS NOTICIAS |","description":"DIARIO - RADIO ONLINE SAN JUAN ARGENTINA","publisher":{"@id":"https:\/\/gysfm.com.ar\/inicio\/#organization"},"potentialAction":[{"@type":"SearchAction","target":{"@type":"EntryPoint","urlTemplate":"https:\/\/gysfm.com.ar\/inicio\/?s={search_term_string}"},"query-input":{"@type":"PropertyValueSpecification","valueRequired":true,"valueName":"search_term_string"}}],"inLanguage":"es"},{"@type":"Organization","@id":"https:\/\/gysfm.com.ar\/inicio\/#organization","name":"GYS NOTICIAS |","url":"https:\/\/gysfm.com.ar\/inicio\/","logo":{"@type":"ImageObject","inLanguage":"es","@id":"https:\/\/gysfm.com.ar\/inicio\/#\/schema\/logo\/image\/","url":"https:\/\/gysfm.com.ar\/inicio\/wp-content\/uploads\/2023\/07\/LOGOGYS-OK.png","contentUrl":"https:\/\/gysfm.com.ar\/inicio\/wp-content\/uploads\/2023\/07\/LOGOGYS-OK.png","width":1170,"height":872,"caption":"GYS NOTICIAS |"},"image":{"@id":"https:\/\/gysfm.com.ar\/inicio\/#\/schema\/logo\/image\/"}},{"@type":"Person","@id":"https:\/\/gysfm.com.ar\/inicio\/#\/schema\/person\/3abba7593ef2ad19e1be221d54383dc5","name":"Prensa G&amp;S FM","image":{"@type":"ImageObject","inLanguage":"es","@id":"https:\/\/gysfm.com.ar\/inicio\/#\/schema\/person\/image\/","url":"https:\/\/secure.gravatar.com\/avatar\/096ec78df02049ab018702bb4ccedf659377fa92a26540b5247612077a0dbd29?s=96&d=mm&r=g","contentUrl":"https:\/\/secure.gravatar.com\/avatar\/096ec78df02049ab018702bb4ccedf659377fa92a26540b5247612077a0dbd29?s=96&d=mm&r=g","caption":"Prensa G&amp;S FM"},"sameAs":["https:\/\/gysfm.com.ar\/"],"url":"https:\/\/gysfm.com.ar\/inicio\/author\/lucasm\/"}]}},"_links":{"self":[{"href":"https:\/\/gysfm.com.ar\/inicio\/wp-json\/wp\/v2\/posts\/210555","targetHints":{"allow":["GET"]}}],"collection":[{"href":"https:\/\/gysfm.com.ar\/inicio\/wp-json\/wp\/v2\/posts"}],"about":[{"href":"https:\/\/gysfm.com.ar\/inicio\/wp-json\/wp\/v2\/types\/post"}],"author":[{"embeddable":true,"href":"https:\/\/gysfm.com.ar\/inicio\/wp-json\/wp\/v2\/users\/2"}],"replies":[{"embeddable":true,"href":"https:\/\/gysfm.com.ar\/inicio\/wp-json\/wp\/v2\/comments?post=210555"}],"version-history":[{"count":1,"href":"https:\/\/gysfm.com.ar\/inicio\/wp-json\/wp\/v2\/posts\/210555\/revisions"}],"predecessor-version":[{"id":210557,"href":"https:\/\/gysfm.com.ar\/inicio\/wp-json\/wp\/v2\/posts\/210555\/revisions\/210557"}],"wp:featuredmedia":[{"embeddable":true,"href":"https:\/\/gysfm.com.ar\/inicio\/wp-json\/wp\/v2\/media\/210556"}],"wp:attachment":[{"href":"https:\/\/gysfm.com.ar\/inicio\/wp-json\/wp\/v2\/media?parent=210555"}],"wp:term":[{"taxonomy":"category","embeddable":true,"href":"https:\/\/gysfm.com.ar\/inicio\/wp-json\/wp\/v2\/categories?post=210555"},{"taxonomy":"post_tag","embeddable":true,"href":"https:\/\/gysfm.com.ar\/inicio\/wp-json\/wp\/v2\/tags?post=210555"}],"curies":[{"name":"wp","href":"https:\/\/api.w.org\/{rel}","templated":true}]}}