{"id":210549,"date":"2026-09-05T10:19:32","date_gmt":"2026-09-05T13:19:32","guid":{"rendered":"https:\/\/gysfm.com.ar\/inicio\/boris-johnson-exprimer-ministro-de-reino-unido-pidio-enviar-refuerzos-militares-a-las-islas-malvinas\/"},"modified":"2026-09-05T10:19:32","modified_gmt":"2026-09-05T13:19:32","slug":"boris-johnson-exprimer-ministro-de-reino-unido-pidio-enviar-refuerzos-militares-a-las-islas-malvinas","status":"publish","type":"post","link":"https:\/\/gysfm.com.ar\/inicio\/boris-johnson-exprimer-ministro-de-reino-unido-pidio-enviar-refuerzos-militares-a-las-islas-malvinas\/","title":{"rendered":"Boris Johnson, exprimer ministro de Reino Unido, pidi\u00f3 enviar refuerzos militares a las islas Malvinas"},"content":{"rendered":"<p> <br \/>\n<\/p>\n<div>\n<p class=\"com-paragraph --capital --s text-left\">El ex primer ministro brit\u00e1nico <strong>Boris Johnson<\/strong> public\u00f3 una columna de opini\u00f3n luego de la cadena nacional brindada por el presidente <strong>Javier Milei<\/strong> este jueves por la noche y pidi\u00f3 \u201c<a href=\"https:\/\/www.lanacion.com.ar\/politica\/quirno-relativizo-las-advertencias-del-gobierno-britanico-sobre-malvinas-nid04092026\/\" target=\"_self\" title=\"https:\/\/www.lanacion.com.ar\/politica\/quirno-relativizo-las-advertencias-del-gobierno-britanico-sobre-malvinas-nid04092026\/\" class=\"com-link break-word\" data-mrf-recirculation=\"n_link_parrafo\">enviar refuerzos a Malvinas<\/a>\u201d. Adem\u00e1s, el pol\u00edtico del Reino Unido calific\u00f3 al mandatario argentino de \u201cangl\u00f3filo y admirador de Thatcher\u201d.<\/p>\n<p class=\"com-paragraph --s text-left\">\u201c[Donald] Trump est\u00e1 expresando la inc\u00f3moda realidad de la posici\u00f3n estadounidense en la disputa: <strong>que Washington es t\u00e9cnicamente neutral<\/strong>\u201d, escribi\u00f3 Johnson al inicio del texto publicado en el medio <a href=\"https:\/\/www.dailymail.com\/debate\/article-16106199\/BORIS-JOHNSON-Burnham-Falklands.html\" target=\"_blank\" title=\"https:\/\/www.dailymail.com\/debate\/article-16106199\/BORIS-JOHNSON-Burnham-Falklands.html\" class=\"com-link break-word\" data-mrf-recirculation=\"n_link_parrafo\" rel=\"nofollow\"><em>Daily Mail<\/em><\/a> y titulado: \u201c<em>[Andy] Burham debe tomar las riendas y enviar refuerzos a Malvinas, \u00a1Ya!<\/em>\u201c. <\/p>\n<p class=\"com-paragraph --s text-left\">\u201c<strong>No es de extra\u00f1ar que Milei<\/strong> <strong>haya aprovechado este momento para intensificar su ret\u00f3rica<\/strong> y mostrarse mucho m\u00e1s firme respecto del reclamo de su pa\u00eds sobre las islas\u201d, agreg\u00f3 el ex primer ministro brit\u00e1nic\u00bfo.<\/p>\n<div class=\"content-media\">\n<section role=\"button\" class=\"mod-media   \">\n<figure role=\"button\" tabindex=\"0\" class=\"mod-figure \"><figcaption class=\"mod-figcaption\"><span class=\"com-text --caption --twoxs\">La columna redactada por el pol\u00edtico del Reino Unido<\/span><\/figcaption><\/figure>\n<\/section>\n<\/div>\n<p class=\"com-paragraph --s text-left\">En la cadena nacional, el jefe de Estado anunci\u00f3 <a href=\"https:\/\/www.lanacion.com.ar\/politica\/javier-milei-sobre-las-islas-malvinas-uno-por-uno-los-anuncios-del-presidente-en-la-cadena-nacional-nid03092026\/\" target=\"_self\" title=\"https:\/\/www.lanacion.com.ar\/politica\/javier-milei-sobre-las-islas-malvinas-uno-por-uno-los-anuncios-del-presidente-en-la-cadena-nacional-nid03092026\/\" class=\"com-link break-word\" data-mrf-recirculation=\"n_link_parrafo\">nuevas medidas<\/a> <strong>para reivindicar la soberan\u00eda nacional sobre las islas Malvinas<\/strong>, luego de que su hom\u00f3nimo estadounidense, Donald Trump, pusiera en tela de juicio la continuidad del apoyo de Estados Unidos hacia Reino Unido en la \u201ccuesti\u00f3n Malvinas\u201d.<\/p>\n<p class=\"com-paragraph --s text-left\">El dirigente del Partido Conservador brit\u00e1nico aprovech\u00f3 su publicaci\u00f3n para fustigar al l\u00edder de La Libertad Avanza (LLA). En palabras de Johnson, \u201c<strong>Milei es angl\u00f3filo y admirador de Thatcher<\/strong>\u201d. <\/p>\n<p class=\"com-paragraph --s text-left\">\u201c<strong>No creo ni por un segundo que quiera una confrontaci\u00f3n con el Reino Unido por este tema<\/strong>. Pero tambi\u00e9n enfrenta una dif\u00edcil campa\u00f1a de reelecci\u00f3n y puede considerar necesario avivar el sentimiento p\u00fablico de la manera tradicional de los nacionalistas\u201d, teoriz\u00f3 quien estuvo al frente del Ejecutivo brit\u00e1nico durante el per\u00edodo 2019-2022.<\/p>\n<p class=\"com-paragraph --s text-left\">Durante su discurso, Milei hab\u00eda mencionado que <strong>el Reino Unido<\/strong> <strong>usurp\u00f3 las Malvinas en 1833<\/strong>, implantando una poblaci\u00f3n extranjera y expulsando a sus habitantes locales. Sobre la actual situaci\u00f3n del pa\u00eds europeo, el Presidente acot\u00f3:<strong> \u201cReino Unido se enfrenta a m\u00faltiples crisis<\/strong> <strong>de car\u00e1cter migratorio, demogr\u00e1fico y econ\u00f3mico<\/strong>, que dif\u00edcilmente tengan soluci\u00f3n. Es claro que ellos recorren un camino de declive, sin embargo, el futuro de Argentina es floreciente y va a prevalecer\u201d.<\/p>\n<div class=\"content-media\">\n<section role=\"button\" class=\"mod-media   \">\n<figure role=\"button\" tabindex=\"0\" class=\"mod-figure \"><figcaption class=\"mod-figcaption\"><span class=\"com-text --caption --twoxs\">El pol\u00edtico brit\u00e1nico siempre se caracteriz\u00f3 por cultivar el alto perfil<\/span><span class=\"com-text --credit --twoxs\">Kirsty Wigglesworth &#8211; AP<\/span><\/figcaption><\/figure>\n<\/section>\n<\/div>\n<p class=\"com-paragraph --s text-left\">Al cierre, Johnson apunt\u00f3 al aspecto militar del asunto y dej\u00f3 entrever potenciales movimientos del pa\u00eds que podr\u00edan ser considerados como una provocaci\u00f3n por parte del Reino Unido.<\/p>\n<p class=\"com-paragraph --s text-left\">\u201c<strong>Parece imposible creer que Argentina ser\u00eda tan insensata como para intentar nuevamente atacar las propias Malvinas<\/strong>. Las islas ahora est\u00e1n protegidas por una guarnici\u00f3n permanente, adem\u00e1s de aviones Typhoon y defensas a\u00e9reas. Pero claramente existe un mayor riesgo de alg\u00fan tipo de provocaci\u00f3n, y eso podr\u00eda conducir quiz\u00e1s a otro tr\u00e1gico error de c\u00e1lculo argentino\u201d, cerr\u00f3 el exprimer ministro brit\u00e1nico.<\/p>\n<section class=\"container-center-100 mb-40 border border-bottom border-thin border-neutral-light-700\">\n<hr\/>\n<\/section>\n<\/div>\n<p><script id=\"facebookpixel\" defer=\"\" type=\"text\/javascript\">\n        !function(f,b,e,v,n,t,s)\n        {if(f.fbq)return;n=f.fbq=function(){n.callMethod?\n        n.callMethod.apply(n,arguments):n.queue.push(arguments)};\n        if(!f._fbq)f._fbq=n;n.push=n;n.loaded=!0;n.version='2.0';\n        n.queue=[];t=b.createElement(e);t.async=!0;\n        t.src=v;s=b.getElementsByTagName(e)[0];\n        s.parentNode.insertBefore(t,s)}(window, document,'script',\n        'https:\/\/connect.facebook.net\/en_US\/fbevents.js');\n        fbq('init', '492459597522335');\n        fbq('track', 'PageView');\n    <\/script><br \/>\n<br \/><\/p>\n","protected":false},"excerpt":{"rendered":"<p>El ex primer ministro brit\u00e1nico Boris Johnson public\u00f3 una columna de opini\u00f3n luego de la cadena nacional brindada por el presidente Javier Milei este jueves por la noche y pidi\u00f3 \u201cenviar refuerzos a Malvinas\u201d. Adem\u00e1s, el pol\u00edtico del Reino Unido calific\u00f3 al mandatario argentino de \u201cangl\u00f3filo y admirador de Thatcher\u201d. \u201c[Donald] Trump est\u00e1 expresando la [&hellip;]<\/p>\n","protected":false},"author":2,"featured_media":210550,"comment_status":"closed","ping_status":"closed","sticky":false,"template":"","format":"standard","meta":{"footnotes":""},"categories":[26],"tags":[],"class_list":["post-210549","post","type-post","status-publish","format-standard","has-post-thumbnail","hentry","category-internacionales"],"yoast_head":"<!-- This site is optimized with the Yoast SEO plugin v24.4 - https:\/\/yoast.com\/wordpress\/plugins\/seo\/ -->\n<title>Boris Johnson, exprimer ministro de Reino Unido, pidi\u00f3 enviar refuerzos militares a las islas Malvinas - GYS NOTICIAS |<\/title>\n<meta name=\"robots\" content=\"index, follow, max-snippet:-1, max-image-preview:large, max-video-preview:-1\" \/>\n<link rel=\"canonical\" href=\"https:\/\/gysfm.com.ar\/inicio\/boris-johnson-exprimer-ministro-de-reino-unido-pidio-enviar-refuerzos-militares-a-las-islas-malvinas\/\" \/>\n<meta property=\"og:locale\" content=\"es_ES\" \/>\n<meta property=\"og:type\" content=\"article\" \/>\n<meta property=\"og:title\" content=\"Boris Johnson, exprimer ministro de Reino Unido, pidi\u00f3 enviar refuerzos militares a las islas Malvinas - GYS NOTICIAS |\" \/>\n<meta property=\"og:description\" content=\"El ex primer ministro brit\u00e1nico Boris Johnson public\u00f3 una columna de opini\u00f3n luego de la cadena nacional brindada por el presidente Javier Milei este jueves por la noche y pidi\u00f3 \u201cenviar refuerzos a Malvinas\u201d. Adem\u00e1s, el pol\u00edtico del Reino Unido calific\u00f3 al mandatario argentino de \u201cangl\u00f3filo y admirador de Thatcher\u201d. \u201c[Donald] Trump est\u00e1 expresando la [&hellip;]\" \/>\n<meta property=\"og:url\" content=\"https:\/\/gysfm.com.ar\/inicio\/boris-johnson-exprimer-ministro-de-reino-unido-pidio-enviar-refuerzos-militares-a-las-islas-malvinas\/\" \/>\n<meta property=\"og:site_name\" content=\"GYS NOTICIAS |\" \/>\n<meta property=\"article:published_time\" content=\"2026-09-05T13:19:32+00:00\" \/>\n<meta property=\"og:image\" content=\"https:\/\/gysfm.com.ar\/inicio\/wp-content\/uploads\/2026\/09\/boris-johnson-fue-primer-ministro-de-reino-unido-WOBW3JOTWVFVZN6AMOI3MEYE3A.jpeg\" \/>\n\t<meta property=\"og:image:width\" content=\"1200\" \/>\n\t<meta property=\"og:image:height\" content=\"800\" \/>\n\t<meta property=\"og:image:type\" content=\"image\/jpeg\" \/>\n<meta name=\"author\" content=\"Prensa G&amp;S FM\" \/>\n<meta name=\"twitter:card\" content=\"summary_large_image\" \/>\n<meta name=\"twitter:label1\" content=\"Escrito por\" \/>\n\t<meta name=\"twitter:data1\" content=\"Prensa G&amp;S FM\" \/>\n\t<meta name=\"twitter:label2\" content=\"Tiempo de lectura\" \/>\n\t<meta name=\"twitter:data2\" content=\"2 minutos\" \/>\n<script type=\"application\/ld+json\" class=\"yoast-schema-graph\">{\"@context\":\"https:\/\/schema.org\",\"@graph\":[{\"@type\":\"Article\",\"@id\":\"https:\/\/gysfm.com.ar\/inicio\/boris-johnson-exprimer-ministro-de-reino-unido-pidio-enviar-refuerzos-militares-a-las-islas-malvinas\/#article\",\"isPartOf\":{\"@id\":\"https:\/\/gysfm.com.ar\/inicio\/boris-johnson-exprimer-ministro-de-reino-unido-pidio-enviar-refuerzos-militares-a-las-islas-malvinas\/\"},\"author\":{\"name\":\"Prensa G&amp;S FM\",\"@id\":\"https:\/\/gysfm.com.ar\/inicio\/#\/schema\/person\/3abba7593ef2ad19e1be221d54383dc5\"},\"headline\":\"Boris Johnson, exprimer ministro de Reino Unido, pidi\u00f3 enviar refuerzos militares a las islas Malvinas\",\"datePublished\":\"2026-09-05T13:19:32+00:00\",\"mainEntityOfPage\":{\"@id\":\"https:\/\/gysfm.com.ar\/inicio\/boris-johnson-exprimer-ministro-de-reino-unido-pidio-enviar-refuerzos-militares-a-las-islas-malvinas\/\"},\"wordCount\":515,\"publisher\":{\"@id\":\"https:\/\/gysfm.com.ar\/inicio\/#organization\"},\"image\":{\"@id\":\"https:\/\/gysfm.com.ar\/inicio\/boris-johnson-exprimer-ministro-de-reino-unido-pidio-enviar-refuerzos-militares-a-las-islas-malvinas\/#primaryimage\"},\"thumbnailUrl\":\"https:\/\/gysfm.com.ar\/inicio\/wp-content\/uploads\/2026\/09\/boris-johnson-fue-primer-ministro-de-reino-unido-WOBW3JOTWVFVZN6AMOI3MEYE3A.jpeg\",\"articleSection\":[\"INTERNACIONALES\"],\"inLanguage\":\"es\"},{\"@type\":\"WebPage\",\"@id\":\"https:\/\/gysfm.com.ar\/inicio\/boris-johnson-exprimer-ministro-de-reino-unido-pidio-enviar-refuerzos-militares-a-las-islas-malvinas\/\",\"url\":\"https:\/\/gysfm.com.ar\/inicio\/boris-johnson-exprimer-ministro-de-reino-unido-pidio-enviar-refuerzos-militares-a-las-islas-malvinas\/\",\"name\":\"Boris Johnson, exprimer ministro de Reino Unido, pidi\u00f3 enviar refuerzos militares a las islas Malvinas - GYS NOTICIAS |\",\"isPartOf\":{\"@id\":\"https:\/\/gysfm.com.ar\/inicio\/#website\"},\"primaryImageOfPage\":{\"@id\":\"https:\/\/gysfm.com.ar\/inicio\/boris-johnson-exprimer-ministro-de-reino-unido-pidio-enviar-refuerzos-militares-a-las-islas-malvinas\/#primaryimage\"},\"image\":{\"@id\":\"https:\/\/gysfm.com.ar\/inicio\/boris-johnson-exprimer-ministro-de-reino-unido-pidio-enviar-refuerzos-militares-a-las-islas-malvinas\/#primaryimage\"},\"thumbnailUrl\":\"https:\/\/gysfm.com.ar\/inicio\/wp-content\/uploads\/2026\/09\/boris-johnson-fue-primer-ministro-de-reino-unido-WOBW3JOTWVFVZN6AMOI3MEYE3A.jpeg\",\"datePublished\":\"2026-09-05T13:19:32+00:00\",\"breadcrumb\":{\"@id\":\"https:\/\/gysfm.com.ar\/inicio\/boris-johnson-exprimer-ministro-de-reino-unido-pidio-enviar-refuerzos-militares-a-las-islas-malvinas\/#breadcrumb\"},\"inLanguage\":\"es\",\"potentialAction\":[{\"@type\":\"ReadAction\",\"target\":[\"https:\/\/gysfm.com.ar\/inicio\/boris-johnson-exprimer-ministro-de-reino-unido-pidio-enviar-refuerzos-militares-a-las-islas-malvinas\/\"]}]},{\"@type\":\"ImageObject\",\"inLanguage\":\"es\",\"@id\":\"https:\/\/gysfm.com.ar\/inicio\/boris-johnson-exprimer-ministro-de-reino-unido-pidio-enviar-refuerzos-militares-a-las-islas-malvinas\/#primaryimage\",\"url\":\"https:\/\/gysfm.com.ar\/inicio\/wp-content\/uploads\/2026\/09\/boris-johnson-fue-primer-ministro-de-reino-unido-WOBW3JOTWVFVZN6AMOI3MEYE3A.jpeg\",\"contentUrl\":\"https:\/\/gysfm.com.ar\/inicio\/wp-content\/uploads\/2026\/09\/boris-johnson-fue-primer-ministro-de-reino-unido-WOBW3JOTWVFVZN6AMOI3MEYE3A.jpeg\",\"width\":1200,\"height\":800},{\"@type\":\"BreadcrumbList\",\"@id\":\"https:\/\/gysfm.com.ar\/inicio\/boris-johnson-exprimer-ministro-de-reino-unido-pidio-enviar-refuerzos-militares-a-las-islas-malvinas\/#breadcrumb\",\"itemListElement\":[{\"@type\":\"ListItem\",\"position\":1,\"name\":\"Portada\",\"item\":\"https:\/\/gysfm.com.ar\/inicio\/\"},{\"@type\":\"ListItem\",\"position\":2,\"name\":\"Boris Johnson, exprimer ministro de Reino Unido, pidi\u00f3 enviar refuerzos militares a las islas Malvinas\"}]},{\"@type\":\"WebSite\",\"@id\":\"https:\/\/gysfm.com.ar\/inicio\/#website\",\"url\":\"https:\/\/gysfm.com.ar\/inicio\/\",\"name\":\"GYS NOTICIAS |\",\"description\":\"DIARIO - RADIO ONLINE SAN JUAN ARGENTINA\",\"publisher\":{\"@id\":\"https:\/\/gysfm.com.ar\/inicio\/#organization\"},\"potentialAction\":[{\"@type\":\"SearchAction\",\"target\":{\"@type\":\"EntryPoint\",\"urlTemplate\":\"https:\/\/gysfm.com.ar\/inicio\/?s={search_term_string}\"},\"query-input\":{\"@type\":\"PropertyValueSpecification\",\"valueRequired\":true,\"valueName\":\"search_term_string\"}}],\"inLanguage\":\"es\"},{\"@type\":\"Organization\",\"@id\":\"https:\/\/gysfm.com.ar\/inicio\/#organization\",\"name\":\"GYS NOTICIAS |\",\"url\":\"https:\/\/gysfm.com.ar\/inicio\/\",\"logo\":{\"@type\":\"ImageObject\",\"inLanguage\":\"es\",\"@id\":\"https:\/\/gysfm.com.ar\/inicio\/#\/schema\/logo\/image\/\",\"url\":\"https:\/\/gysfm.com.ar\/inicio\/wp-content\/uploads\/2023\/07\/LOGOGYS-OK.png\",\"contentUrl\":\"https:\/\/gysfm.com.ar\/inicio\/wp-content\/uploads\/2023\/07\/LOGOGYS-OK.png\",\"width\":1170,\"height\":872,\"caption\":\"GYS NOTICIAS |\"},\"image\":{\"@id\":\"https:\/\/gysfm.com.ar\/inicio\/#\/schema\/logo\/image\/\"}},{\"@type\":\"Person\",\"@id\":\"https:\/\/gysfm.com.ar\/inicio\/#\/schema\/person\/3abba7593ef2ad19e1be221d54383dc5\",\"name\":\"Prensa G&amp;S FM\",\"image\":{\"@type\":\"ImageObject\",\"inLanguage\":\"es\",\"@id\":\"https:\/\/gysfm.com.ar\/inicio\/#\/schema\/person\/image\/\",\"url\":\"https:\/\/secure.gravatar.com\/avatar\/096ec78df02049ab018702bb4ccedf659377fa92a26540b5247612077a0dbd29?s=96&d=mm&r=g\",\"contentUrl\":\"https:\/\/secure.gravatar.com\/avatar\/096ec78df02049ab018702bb4ccedf659377fa92a26540b5247612077a0dbd29?s=96&d=mm&r=g\",\"caption\":\"Prensa G&amp;S FM\"},\"sameAs\":[\"https:\/\/gysfm.com.ar\/\"],\"url\":\"https:\/\/gysfm.com.ar\/inicio\/author\/lucasm\/\"}]}<\/script>\n<!-- \/ Yoast SEO plugin. -->","yoast_head_json":{"title":"Boris Johnson, exprimer ministro de Reino Unido, pidi\u00f3 enviar refuerzos militares a las islas Malvinas - GYS NOTICIAS |","robots":{"index":"index","follow":"follow","max-snippet":"max-snippet:-1","max-image-preview":"max-image-preview:large","max-video-preview":"max-video-preview:-1"},"canonical":"https:\/\/gysfm.com.ar\/inicio\/boris-johnson-exprimer-ministro-de-reino-unido-pidio-enviar-refuerzos-militares-a-las-islas-malvinas\/","og_locale":"es_ES","og_type":"article","og_title":"Boris Johnson, exprimer ministro de Reino Unido, pidi\u00f3 enviar refuerzos militares a las islas Malvinas - GYS NOTICIAS |","og_description":"El ex primer ministro brit\u00e1nico Boris Johnson public\u00f3 una columna de opini\u00f3n luego de la cadena nacional brindada por el presidente Javier Milei este jueves por la noche y pidi\u00f3 \u201cenviar refuerzos a Malvinas\u201d. Adem\u00e1s, el pol\u00edtico del Reino Unido calific\u00f3 al mandatario argentino de \u201cangl\u00f3filo y admirador de Thatcher\u201d. \u201c[Donald] Trump est\u00e1 expresando la [&hellip;]","og_url":"https:\/\/gysfm.com.ar\/inicio\/boris-johnson-exprimer-ministro-de-reino-unido-pidio-enviar-refuerzos-militares-a-las-islas-malvinas\/","og_site_name":"GYS NOTICIAS |","article_published_time":"2026-09-05T13:19:32+00:00","og_image":[{"width":1200,"height":800,"url":"https:\/\/gysfm.com.ar\/inicio\/wp-content\/uploads\/2026\/09\/boris-johnson-fue-primer-ministro-de-reino-unido-WOBW3JOTWVFVZN6AMOI3MEYE3A.jpeg","type":"image\/jpeg"}],"author":"Prensa G&amp;S FM","twitter_card":"summary_large_image","twitter_misc":{"Escrito por":"Prensa G&amp;S FM","Tiempo de lectura":"2 minutos"},"schema":{"@context":"https:\/\/schema.org","@graph":[{"@type":"Article","@id":"https:\/\/gysfm.com.ar\/inicio\/boris-johnson-exprimer-ministro-de-reino-unido-pidio-enviar-refuerzos-militares-a-las-islas-malvinas\/#article","isPartOf":{"@id":"https:\/\/gysfm.com.ar\/inicio\/boris-johnson-exprimer-ministro-de-reino-unido-pidio-enviar-refuerzos-militares-a-las-islas-malvinas\/"},"author":{"name":"Prensa G&amp;S FM","@id":"https:\/\/gysfm.com.ar\/inicio\/#\/schema\/person\/3abba7593ef2ad19e1be221d54383dc5"},"headline":"Boris Johnson, exprimer ministro de Reino Unido, pidi\u00f3 enviar refuerzos militares a las islas Malvinas","datePublished":"2026-09-05T13:19:32+00:00","mainEntityOfPage":{"@id":"https:\/\/gysfm.com.ar\/inicio\/boris-johnson-exprimer-ministro-de-reino-unido-pidio-enviar-refuerzos-militares-a-las-islas-malvinas\/"},"wordCount":515,"publisher":{"@id":"https:\/\/gysfm.com.ar\/inicio\/#organization"},"image":{"@id":"https:\/\/gysfm.com.ar\/inicio\/boris-johnson-exprimer-ministro-de-reino-unido-pidio-enviar-refuerzos-militares-a-las-islas-malvinas\/#primaryimage"},"thumbnailUrl":"https:\/\/gysfm.com.ar\/inicio\/wp-content\/uploads\/2026\/09\/boris-johnson-fue-primer-ministro-de-reino-unido-WOBW3JOTWVFVZN6AMOI3MEYE3A.jpeg","articleSection":["INTERNACIONALES"],"inLanguage":"es"},{"@type":"WebPage","@id":"https:\/\/gysfm.com.ar\/inicio\/boris-johnson-exprimer-ministro-de-reino-unido-pidio-enviar-refuerzos-militares-a-las-islas-malvinas\/","url":"https:\/\/gysfm.com.ar\/inicio\/boris-johnson-exprimer-ministro-de-reino-unido-pidio-enviar-refuerzos-militares-a-las-islas-malvinas\/","name":"Boris Johnson, exprimer ministro de Reino Unido, pidi\u00f3 enviar refuerzos militares a las islas Malvinas - GYS NOTICIAS |","isPartOf":{"@id":"https:\/\/gysfm.com.ar\/inicio\/#website"},"primaryImageOfPage":{"@id":"https:\/\/gysfm.com.ar\/inicio\/boris-johnson-exprimer-ministro-de-reino-unido-pidio-enviar-refuerzos-militares-a-las-islas-malvinas\/#primaryimage"},"image":{"@id":"https:\/\/gysfm.com.ar\/inicio\/boris-johnson-exprimer-ministro-de-reino-unido-pidio-enviar-refuerzos-militares-a-las-islas-malvinas\/#primaryimage"},"thumbnailUrl":"https:\/\/gysfm.com.ar\/inicio\/wp-content\/uploads\/2026\/09\/boris-johnson-fue-primer-ministro-de-reino-unido-WOBW3JOTWVFVZN6AMOI3MEYE3A.jpeg","datePublished":"2026-09-05T13:19:32+00:00","breadcrumb":{"@id":"https:\/\/gysfm.com.ar\/inicio\/boris-johnson-exprimer-ministro-de-reino-unido-pidio-enviar-refuerzos-militares-a-las-islas-malvinas\/#breadcrumb"},"inLanguage":"es","potentialAction":[{"@type":"ReadAction","target":["https:\/\/gysfm.com.ar\/inicio\/boris-johnson-exprimer-ministro-de-reino-unido-pidio-enviar-refuerzos-militares-a-las-islas-malvinas\/"]}]},{"@type":"ImageObject","inLanguage":"es","@id":"https:\/\/gysfm.com.ar\/inicio\/boris-johnson-exprimer-ministro-de-reino-unido-pidio-enviar-refuerzos-militares-a-las-islas-malvinas\/#primaryimage","url":"https:\/\/gysfm.com.ar\/inicio\/wp-content\/uploads\/2026\/09\/boris-johnson-fue-primer-ministro-de-reino-unido-WOBW3JOTWVFVZN6AMOI3MEYE3A.jpeg","contentUrl":"https:\/\/gysfm.com.ar\/inicio\/wp-content\/uploads\/2026\/09\/boris-johnson-fue-primer-ministro-de-reino-unido-WOBW3JOTWVFVZN6AMOI3MEYE3A.jpeg","width":1200,"height":800},{"@type":"BreadcrumbList","@id":"https:\/\/gysfm.com.ar\/inicio\/boris-johnson-exprimer-ministro-de-reino-unido-pidio-enviar-refuerzos-militares-a-las-islas-malvinas\/#breadcrumb","itemListElement":[{"@type":"ListItem","position":1,"name":"Portada","item":"https:\/\/gysfm.com.ar\/inicio\/"},{"@type":"ListItem","position":2,"name":"Boris Johnson, exprimer ministro de Reino Unido, pidi\u00f3 enviar refuerzos militares a las islas Malvinas"}]},{"@type":"WebSite","@id":"https:\/\/gysfm.com.ar\/inicio\/#website","url":"https:\/\/gysfm.com.ar\/inicio\/","name":"GYS NOTICIAS |","description":"DIARIO - RADIO ONLINE SAN JUAN ARGENTINA","publisher":{"@id":"https:\/\/gysfm.com.ar\/inicio\/#organization"},"potentialAction":[{"@type":"SearchAction","target":{"@type":"EntryPoint","urlTemplate":"https:\/\/gysfm.com.ar\/inicio\/?s={search_term_string}"},"query-input":{"@type":"PropertyValueSpecification","valueRequired":true,"valueName":"search_term_string"}}],"inLanguage":"es"},{"@type":"Organization","@id":"https:\/\/gysfm.com.ar\/inicio\/#organization","name":"GYS NOTICIAS |","url":"https:\/\/gysfm.com.ar\/inicio\/","logo":{"@type":"ImageObject","inLanguage":"es","@id":"https:\/\/gysfm.com.ar\/inicio\/#\/schema\/logo\/image\/","url":"https:\/\/gysfm.com.ar\/inicio\/wp-content\/uploads\/2023\/07\/LOGOGYS-OK.png","contentUrl":"https:\/\/gysfm.com.ar\/inicio\/wp-content\/uploads\/2023\/07\/LOGOGYS-OK.png","width":1170,"height":872,"caption":"GYS NOTICIAS |"},"image":{"@id":"https:\/\/gysfm.com.ar\/inicio\/#\/schema\/logo\/image\/"}},{"@type":"Person","@id":"https:\/\/gysfm.com.ar\/inicio\/#\/schema\/person\/3abba7593ef2ad19e1be221d54383dc5","name":"Prensa G&amp;S FM","image":{"@type":"ImageObject","inLanguage":"es","@id":"https:\/\/gysfm.com.ar\/inicio\/#\/schema\/person\/image\/","url":"https:\/\/secure.gravatar.com\/avatar\/096ec78df02049ab018702bb4ccedf659377fa92a26540b5247612077a0dbd29?s=96&d=mm&r=g","contentUrl":"https:\/\/secure.gravatar.com\/avatar\/096ec78df02049ab018702bb4ccedf659377fa92a26540b5247612077a0dbd29?s=96&d=mm&r=g","caption":"Prensa G&amp;S FM"},"sameAs":["https:\/\/gysfm.com.ar\/"],"url":"https:\/\/gysfm.com.ar\/inicio\/author\/lucasm\/"}]}},"_links":{"self":[{"href":"https:\/\/gysfm.com.ar\/inicio\/wp-json\/wp\/v2\/posts\/210549","targetHints":{"allow":["GET"]}}],"collection":[{"href":"https:\/\/gysfm.com.ar\/inicio\/wp-json\/wp\/v2\/posts"}],"about":[{"href":"https:\/\/gysfm.com.ar\/inicio\/wp-json\/wp\/v2\/types\/post"}],"author":[{"embeddable":true,"href":"https:\/\/gysfm.com.ar\/inicio\/wp-json\/wp\/v2\/users\/2"}],"replies":[{"embeddable":true,"href":"https:\/\/gysfm.com.ar\/inicio\/wp-json\/wp\/v2\/comments?post=210549"}],"version-history":[{"count":1,"href":"https:\/\/gysfm.com.ar\/inicio\/wp-json\/wp\/v2\/posts\/210549\/revisions"}],"predecessor-version":[{"id":210551,"href":"https:\/\/gysfm.com.ar\/inicio\/wp-json\/wp\/v2\/posts\/210549\/revisions\/210551"}],"wp:featuredmedia":[{"embeddable":true,"href":"https:\/\/gysfm.com.ar\/inicio\/wp-json\/wp\/v2\/media\/210550"}],"wp:attachment":[{"href":"https:\/\/gysfm.com.ar\/inicio\/wp-json\/wp\/v2\/media?parent=210549"}],"wp:term":[{"taxonomy":"category","embeddable":true,"href":"https:\/\/gysfm.com.ar\/inicio\/wp-json\/wp\/v2\/categories?post=210549"},{"taxonomy":"post_tag","embeddable":true,"href":"https:\/\/gysfm.com.ar\/inicio\/wp-json\/wp\/v2\/tags?post=210549"}],"curies":[{"name":"wp","href":"https:\/\/api.w.org\/{rel}","templated":true}]}}