{"id":210547,"date":"2026-09-05T10:12:09","date_gmt":"2026-09-05T13:12:09","guid":{"rendered":"https:\/\/gysfm.com.ar\/inicio\/nuevo-calendario-de-pagos-y-escala-de-cuotas\/"},"modified":"2026-09-05T10:12:09","modified_gmt":"2026-09-05T13:12:09","slug":"nuevo-calendario-de-pagos-y-escala-de-cuotas","status":"publish","type":"post","link":"https:\/\/gysfm.com.ar\/inicio\/nuevo-calendario-de-pagos-y-escala-de-cuotas\/","title":{"rendered":"nuevo calendario de pagos y escala de cuotas"},"content":{"rendered":"<p> <br \/>\n<\/p>\n<div id=\"\">\n<p id=\"p-1788401367821-9541\" class=\"\">El Monotributo tendr\u00e1 durante septiembre un nuevo esquema de importes que alcanza a todas las categor\u00edas del r\u00e9gimen simplificado. Los valores que deben tener en cuenta los contribuyentes son los que <strong>rigen desde el 1\u00b0 de agosto de 2026<\/strong>, seg\u00fan la actualizaci\u00f3n publicada por la <strong>Agencia de Recaudaci\u00f3n y Control Aduanero (ARCA)<\/strong>.<\/p>\n<\/p><\/div>\n<div id=\"\">\n<p id=\"p-1788401367822-95610\" class=\"\">A diferencia de otros impuestos nacionales, la obligaci\u00f3n mensual del Monotributo mantiene una fecha general para todos los inscriptos, sin diferencias seg\u00fan el \u00faltimo n\u00famero del CUIT. En septiembre, <strong>el vencimiento se trasladar\u00e1 al<\/strong> <strong>lunes 21<\/strong>, ya que el d\u00eda 20 cae domingo.<\/p>\n<\/div>\n<div id=\"\">\n<div contenteditable=\"false\" class=\"embed_cont type_imagen\" id=\"8267737-Libre-1715114322_wrap\" style=\"opacity:1;height:auto;\">\n<div id=\"8267737-Libre-1715114322_content\" class=\"embed_content\"><img src=\"https:\/\/media.ambito.com\/p\/536a311ecb9d0f4d71f61b5bdecc95e5\/adjuntos\/239\/imagenes\/043\/595\/0043595462\/730x0\/736x595:756x615\/impuestos.jpg\" decoding=\"async\" fetchpriority=\"low\" loading=\"lazy\" alt=\"La situaci\u00f3n tributaria de cada persona determina las condiciones bajo las cuales permanece dentro del r\u00e9gimen simplificado.\" title=\"La situaci\u00f3n tributaria de cada persona determina las condiciones bajo las cuales permanece dentro del r\u00e9gimen simplificado.\" width=\"730\" height=\"undefined\" id=\"8267737-Libre-1715114322_embed\"\/><\/div>\n<div class=\"embed_wrapper-cont\" id=\"p-1788401419073-93702\">\n<div id=\"8267737-Libre-1715114322_epigrafe\" class=\"embed_epigrafe\">\n<p id=\"p-1788401557750-54850\">La situaci\u00f3n tributaria de cada persona determina las condiciones bajo las cuales permanece dentro del r\u00e9gimen simplificado.<\/p>\n<\/div>\n<p>Pexels<\/p>\n<\/div><\/div>\n<h2 id=\"p-1788401367822-11146\">Cu\u00e1ndo vence el pago del Monotributo en septiembre 2026<\/h2>\n<p id=\"p-1788401367822-43825\" class=\"\">El pago mensual correspondiente a septiembre de 2026 vencer\u00e1 el <strong>lunes 21 de septiembre<\/strong>. La fecha alcanza a todas las categor\u00edas y a todas las terminaciones de CUIT. El motivo del corrimiento es que el vencimiento habitual del d\u00eda 20 coincide este mes con un domingo.<\/p>\n<\/div>\n<div id=\"\">\n<p id=\"p-1788401367822-84963\" class=\"\">El importe mensual re\u00fane los distintos componentes del r\u00e9gimen: <strong>impuesto integrado<\/strong>, aporte al Sistema Integrado Previsional Argentino (SIPA) y obra social, cuando corresponda. La composici\u00f3n puede cambiar seg\u00fan la situaci\u00f3n particular del contribuyente y las excepciones previstas por ARCA.<\/p>\n<\/div>\n<div id=\"\">\n<p id=\"p-1788401367822-87963\" class=\"\">Los nuevos valores no fueron fijados espec\u00edficamente para septiembre, sino que forman parte de la actualizaci\u00f3n que comenz\u00f3 a regir el 1\u00b0 de agosto y se mantiene durante el per\u00edodo correspondiente. ARCA public\u00f3 las nuevas escalas junto con los topes de ingresos y otros par\u00e1metros que sirven para determinar la categor\u00eda.<\/p>\n<\/div>\n<div id=\"\">\n<h2 id=\"p-1788401367822-92523\">Escala completa de montos: cu\u00e1nto hay que pagar seg\u00fan la categor\u00eda<\/h2>\n<p id=\"p-1788401367822-91256\" class=\"\">Los importes oficiales vigentes desde agosto de 2026 contemplan diferencias entre quienes realizan servicios y quienes se dedican a la venta de cosas muebles. La escala queda de la siguiente manera:<\/p>\n<ul id=\"p-1788401367822-7591\" data-spread=\"false\">\n<li id=\"p-1788401367822-87278\"><strong>Categor\u00eda A:<\/strong> $49.527,18 mensuales, tanto para servicios como para venta de cosas muebles<\/li>\n<li id=\"p-1788401367822-6194\"><strong>Categor\u00eda B:<\/strong> $56.379,08 mensuales, tanto para servicios como para venta de cosas muebles<\/li>\n<li id=\"p-1788401367822-88115\"><strong>Categor\u00eda C:<\/strong> $66.020,12 para servicios y $64.530,58 para venta de cosas muebles<\/li>\n<li id=\"p-1788401367822-44530\"><strong>Categor\u00eda D:<\/strong> $84.612,93 para servicios y $82.564,81 para venta de cosas muebles<\/li>\n<li id=\"p-1788401367822-5849\"><strong>Categor\u00eda E:<\/strong> $119.811,45 para servicios y $108.267,51 para venta de cosas muebles<\/li>\n<li id=\"p-1788401367822-19621\"><strong>Categor\u00eda F:<\/strong> $150.784,21 para servicios y $129.930,65 para venta de cosas muebles<\/li>\n<li id=\"p-1788401367822-73914\"><strong>Categor\u00eda G:<\/strong> $230.312,94 para servicios y $158.815,05 para venta de cosas muebles<\/li>\n<li id=\"p-1788401367822-3650\"><strong>Categor\u00eda H:<\/strong> $522.706,68 para servicios y $317.895,01 para venta de cosas muebles<\/li>\n<li id=\"p-1788401367822-41706\"><strong>Categor\u00eda I:<\/strong> $963.747,86 para servicios y $474.992,78 para venta de cosas muebles<\/li>\n<li id=\"p-1788401367822-97684\"><strong>Categor\u00eda J:<\/strong> $1.167.299,76 para servicios y $580.793,69 para venta de cosas muebles<\/li>\n<li id=\"p-1788401367822-77996\"><strong>Categor\u00eda K:<\/strong> $1.614.446,04 para servicios y $702.103,24 para venta de cosas muebles<\/li>\n<\/ul>\n<p id=\"p-1788401367822-45293\" class=\"\">La diferencia entre ambas actividades aparece a partir de la categor\u00eda C y se vuelve mucho m\u00e1s marcada en los niveles superiores. En el caso de los servicios, la categor\u00eda K llega a superar los <strong>$1,6 millones mensuales<\/strong>, mientras que para la venta de bienes el importe m\u00e1ximo se ubica por encima de los $700.000.<\/p>\n<p id=\"p-1788401367822-91941\" class=\"\">Adem\u00e1s de la cuota mensual, cada categor\u00eda tiene un l\u00edmite de ingresos brutos anual que debe ser respetado para permanecer dentro del r\u00e9gimen. Por ejemplo, la categor\u00eda A contempla un tope anual de <strong>$12.009.410,45<\/strong>, mientras que la categor\u00eda K llega hasta <strong>$126.610.838,75<\/strong>.<\/p>\n<p id=\"p-1788401367822-40361\" class=\"\">Estos par\u00e1metros son relevantes al momento de revisar la situaci\u00f3n fiscal. Si los ingresos, alquileres u otros indicadores superan los valores establecidos para una categor\u00eda, puede corresponder una recategorizaci\u00f3n.<\/p>\n<div contenteditable=\"false\" class=\"embed_cont type_imagen\" id=\"8263083-Libre-2029031785_wrap\">\n<div id=\"8263083-Libre-2029031785_content\" class=\"embed_content\"><img src=\"https:\/\/media.ambito.com\/p\/b41861028e452e3dfc5ee43d2828912e\/adjuntos\/239\/imagenes\/043\/574\/0043574150\/730x0\/3408x1659:3428x1679\/impuestos-gastos-presupuesto-deficit-ajuste-balanza-comercial-ingresos.jpg\" decoding=\"async\" fetchpriority=\"low\" loading=\"lazy\" alt=\"El sistema contempla diferentes niveles seg\u00fan la actividad y los par\u00e1metros establecidos por el organismo recaudador.\" title=\"El sistema contempla diferentes niveles seg\u00fan la actividad y los par\u00e1metros establecidos por el organismo recaudador.\" width=\"730\" height=\"undefined\" id=\"8263083-Libre-2029031785_embed\"\/><\/div>\n<div class=\"embed_wrapper-cont\" id=\"p-1788401489253-7056\">\n<div id=\"8263083-Libre-2029031785_epigrafe\" class=\"embed_epigrafe\">\n<p id=\"p-1788401534225-21942\">El sistema contempla diferentes niveles seg\u00fan la actividad y los par\u00e1metros establecidos por el organismo recaudador.<\/p>\n<\/div>\n<p>Depositphotos<\/p>\n<\/div><\/div>\n<h2 id=\"p-1788401367822-73562\">Medios y canales de pago habilitados por ARCA<\/h2>\n<p id=\"p-1788401367822-41297\" class=\"\">Los monotributistas cuentan con distintas alternativas para cancelar la obligaci\u00f3n mensual. Una de ellas es el <strong>d\u00e9bito autom\u00e1tico en cuenta bancaria<\/strong>, al que se puede adherir informando la CBU correspondiente. Otra posibilidad consiste en generar un <strong>Volante Electr\u00f3nico de Pago (VEP)<\/strong> desde los servicios de ARCA. Una vez generado, el contribuyente puede abonarlo mediante los canales electr\u00f3nicos habilitados.<\/p>\n<p id=\"p-1788401367822-40128\" class=\"\">Tambi\u00e9n existen alternativas mediante <strong>homebanking y billeteras virtuales<\/strong>, seg\u00fan las opciones disponibles para cada tipo de operaci\u00f3n. El pago electr\u00f3nico permite realizar el tr\u00e1mite sin necesidad de acudir presencialmente a una dependencia.<\/p>\n<p id=\"p-1788401367822-10757\" class=\"\">Para quienes prefieren automatizar la obligaci\u00f3n, el d\u00e9bito autom\u00e1tico puede ser una alternativa para evitar olvidos y cumplir con el calendario mensual. Antes de confirmar cualquier operaci\u00f3n, igualmente conviene comprobar que el importe corresponda a la categor\u00eda registrada y al per\u00edodo que se desea cancelar.<\/p>\n<p id=\"p-1788401367822-88127\" class=\"\">En caso de tener cuotas vencidas, el contribuyente puede consultar su estado de cuenta a trav\u00e9s de los servicios digitales de ARCA y verificar si existen <strong>intereses o saldos pendientes<\/strong>.<\/p>\n<\/div>\n<p><script>\n!function(f,b,e,v,n,t,s)\n{if(f.fbq)return;n=f.fbq=function(){n.callMethod?\nn.callMethod.apply(n,arguments):n.queue.push(arguments)};\nif(!f._fbq)f._fbq=n;n.push=n;n.loaded=!0;n.version='2.0';\nn.queue=[];t=b.createElement(e);t.async=!0;\nt.src=v;s=b.getElementsByTagName(e)[0];\ns.parentNode.insertBefore(t,s)}(window,document,'script',\n'https:\/\/connect.facebook.net\/en_US\/fbevents.js');\nfbq('init', '2047048335588113');\nfbq('track', 'PageView');\n<\/script><br \/>\n<br \/><\/p>\n","protected":false},"excerpt":{"rendered":"<p>El Monotributo tendr\u00e1 durante septiembre un nuevo esquema de importes que alcanza a todas las categor\u00edas del r\u00e9gimen simplificado. Los valores que deben tener en cuenta los contribuyentes son los que rigen desde el 1\u00b0 de agosto de 2026, seg\u00fan la actualizaci\u00f3n publicada por la Agencia de Recaudaci\u00f3n y Control Aduanero (ARCA). A diferencia de [&hellip;]<\/p>\n","protected":false},"author":1,"featured_media":210548,"comment_status":"closed","ping_status":"closed","sticky":false,"template":"","format":"standard","meta":{"footnotes":""},"categories":[28],"tags":[],"class_list":["post-210547","post","type-post","status-publish","format-standard","has-post-thumbnail","hentry","category-economia"],"yoast_head":"<!-- This site is optimized with the Yoast SEO plugin v24.4 - https:\/\/yoast.com\/wordpress\/plugins\/seo\/ -->\n<title>nuevo calendario de pagos y escala de cuotas - GYS NOTICIAS |<\/title>\n<meta name=\"robots\" content=\"index, follow, max-snippet:-1, max-image-preview:large, max-video-preview:-1\" \/>\n<link rel=\"canonical\" href=\"https:\/\/gysfm.com.ar\/inicio\/nuevo-calendario-de-pagos-y-escala-de-cuotas\/\" \/>\n<meta property=\"og:locale\" content=\"es_ES\" \/>\n<meta property=\"og:type\" content=\"article\" \/>\n<meta property=\"og:title\" content=\"nuevo calendario de pagos y escala de cuotas - GYS NOTICIAS |\" \/>\n<meta property=\"og:description\" content=\"El Monotributo tendr\u00e1 durante septiembre un nuevo esquema de importes que alcanza a todas las categor\u00edas del r\u00e9gimen simplificado. Los valores que deben tener en cuenta los contribuyentes son los que rigen desde el 1\u00b0 de agosto de 2026, seg\u00fan la actualizaci\u00f3n publicada por la Agencia de Recaudaci\u00f3n y Control Aduanero (ARCA). A diferencia de [&hellip;]\" \/>\n<meta property=\"og:url\" content=\"https:\/\/gysfm.com.ar\/inicio\/nuevo-calendario-de-pagos-y-escala-de-cuotas\/\" \/>\n<meta property=\"og:site_name\" content=\"GYS NOTICIAS |\" \/>\n<meta property=\"article:published_time\" content=\"2026-09-05T13:12:09+00:00\" \/>\n<meta property=\"og:image\" content=\"https:\/\/media.ambito.com\/p\/536a311ecb9d0f4d71f61b5bdecc95e5\/adjuntos\/239\/imagenes\/043\/595\/0043595462\/730x0\/736x595:756x615\/impuestos.jpg\" \/>\n<meta name=\"author\" content=\"admin\" \/>\n<meta name=\"twitter:card\" content=\"summary_large_image\" \/>\n<meta name=\"twitter:label1\" content=\"Escrito por\" \/>\n\t<meta name=\"twitter:data1\" content=\"admin\" \/>\n\t<meta name=\"twitter:label2\" content=\"Tiempo de lectura\" \/>\n\t<meta name=\"twitter:data2\" content=\"4 minutos\" \/>\n<script type=\"application\/ld+json\" class=\"yoast-schema-graph\">{\"@context\":\"https:\/\/schema.org\",\"@graph\":[{\"@type\":\"Article\",\"@id\":\"https:\/\/gysfm.com.ar\/inicio\/nuevo-calendario-de-pagos-y-escala-de-cuotas\/#article\",\"isPartOf\":{\"@id\":\"https:\/\/gysfm.com.ar\/inicio\/nuevo-calendario-de-pagos-y-escala-de-cuotas\/\"},\"author\":{\"name\":\"admin\",\"@id\":\"https:\/\/gysfm.com.ar\/inicio\/#\/schema\/person\/5bedd7ecd35cc35548d89effafa23696\"},\"headline\":\"nuevo calendario de pagos y escala de cuotas\",\"datePublished\":\"2026-09-05T13:12:09+00:00\",\"mainEntityOfPage\":{\"@id\":\"https:\/\/gysfm.com.ar\/inicio\/nuevo-calendario-de-pagos-y-escala-de-cuotas\/\"},\"wordCount\":797,\"publisher\":{\"@id\":\"https:\/\/gysfm.com.ar\/inicio\/#organization\"},\"image\":{\"@id\":\"https:\/\/gysfm.com.ar\/inicio\/nuevo-calendario-de-pagos-y-escala-de-cuotas\/#primaryimage\"},\"thumbnailUrl\":\"https:\/\/gysfm.com.ar\/inicio\/wp-content\/uploads\/2026\/09\/mujer-celular-impuestos.jpg\",\"articleSection\":[\"ECONOMIA\"],\"inLanguage\":\"es\"},{\"@type\":\"WebPage\",\"@id\":\"https:\/\/gysfm.com.ar\/inicio\/nuevo-calendario-de-pagos-y-escala-de-cuotas\/\",\"url\":\"https:\/\/gysfm.com.ar\/inicio\/nuevo-calendario-de-pagos-y-escala-de-cuotas\/\",\"name\":\"nuevo calendario de pagos y escala de cuotas - GYS NOTICIAS |\",\"isPartOf\":{\"@id\":\"https:\/\/gysfm.com.ar\/inicio\/#website\"},\"primaryImageOfPage\":{\"@id\":\"https:\/\/gysfm.com.ar\/inicio\/nuevo-calendario-de-pagos-y-escala-de-cuotas\/#primaryimage\"},\"image\":{\"@id\":\"https:\/\/gysfm.com.ar\/inicio\/nuevo-calendario-de-pagos-y-escala-de-cuotas\/#primaryimage\"},\"thumbnailUrl\":\"https:\/\/gysfm.com.ar\/inicio\/wp-content\/uploads\/2026\/09\/mujer-celular-impuestos.jpg\",\"datePublished\":\"2026-09-05T13:12:09+00:00\",\"breadcrumb\":{\"@id\":\"https:\/\/gysfm.com.ar\/inicio\/nuevo-calendario-de-pagos-y-escala-de-cuotas\/#breadcrumb\"},\"inLanguage\":\"es\",\"potentialAction\":[{\"@type\":\"ReadAction\",\"target\":[\"https:\/\/gysfm.com.ar\/inicio\/nuevo-calendario-de-pagos-y-escala-de-cuotas\/\"]}]},{\"@type\":\"ImageObject\",\"inLanguage\":\"es\",\"@id\":\"https:\/\/gysfm.com.ar\/inicio\/nuevo-calendario-de-pagos-y-escala-de-cuotas\/#primaryimage\",\"url\":\"https:\/\/gysfm.com.ar\/inicio\/wp-content\/uploads\/2026\/09\/mujer-celular-impuestos.jpg\",\"contentUrl\":\"https:\/\/gysfm.com.ar\/inicio\/wp-content\/uploads\/2026\/09\/mujer-celular-impuestos.jpg\",\"width\":1200,\"height\":675},{\"@type\":\"BreadcrumbList\",\"@id\":\"https:\/\/gysfm.com.ar\/inicio\/nuevo-calendario-de-pagos-y-escala-de-cuotas\/#breadcrumb\",\"itemListElement\":[{\"@type\":\"ListItem\",\"position\":1,\"name\":\"Portada\",\"item\":\"https:\/\/gysfm.com.ar\/inicio\/\"},{\"@type\":\"ListItem\",\"position\":2,\"name\":\"nuevo calendario de pagos y escala de cuotas\"}]},{\"@type\":\"WebSite\",\"@id\":\"https:\/\/gysfm.com.ar\/inicio\/#website\",\"url\":\"https:\/\/gysfm.com.ar\/inicio\/\",\"name\":\"GYS NOTICIAS |\",\"description\":\"DIARIO - RADIO ONLINE SAN JUAN ARGENTINA\",\"publisher\":{\"@id\":\"https:\/\/gysfm.com.ar\/inicio\/#organization\"},\"potentialAction\":[{\"@type\":\"SearchAction\",\"target\":{\"@type\":\"EntryPoint\",\"urlTemplate\":\"https:\/\/gysfm.com.ar\/inicio\/?s={search_term_string}\"},\"query-input\":{\"@type\":\"PropertyValueSpecification\",\"valueRequired\":true,\"valueName\":\"search_term_string\"}}],\"inLanguage\":\"es\"},{\"@type\":\"Organization\",\"@id\":\"https:\/\/gysfm.com.ar\/inicio\/#organization\",\"name\":\"GYS NOTICIAS |\",\"url\":\"https:\/\/gysfm.com.ar\/inicio\/\",\"logo\":{\"@type\":\"ImageObject\",\"inLanguage\":\"es\",\"@id\":\"https:\/\/gysfm.com.ar\/inicio\/#\/schema\/logo\/image\/\",\"url\":\"https:\/\/gysfm.com.ar\/inicio\/wp-content\/uploads\/2023\/07\/LOGOGYS-OK.png\",\"contentUrl\":\"https:\/\/gysfm.com.ar\/inicio\/wp-content\/uploads\/2023\/07\/LOGOGYS-OK.png\",\"width\":1170,\"height\":872,\"caption\":\"GYS NOTICIAS |\"},\"image\":{\"@id\":\"https:\/\/gysfm.com.ar\/inicio\/#\/schema\/logo\/image\/\"}},{\"@type\":\"Person\",\"@id\":\"https:\/\/gysfm.com.ar\/inicio\/#\/schema\/person\/5bedd7ecd35cc35548d89effafa23696\",\"name\":\"admin\",\"image\":{\"@type\":\"ImageObject\",\"inLanguage\":\"es\",\"@id\":\"https:\/\/gysfm.com.ar\/inicio\/#\/schema\/person\/image\/\",\"url\":\"https:\/\/secure.gravatar.com\/avatar\/c331d312b5243fb64d5ba28108a447b27c925295129a363082c9ea52c28d32c2?s=96&d=mm&r=g\",\"contentUrl\":\"https:\/\/secure.gravatar.com\/avatar\/c331d312b5243fb64d5ba28108a447b27c925295129a363082c9ea52c28d32c2?s=96&d=mm&r=g\",\"caption\":\"admin\"},\"sameAs\":[\"https:\/\/gysfm.com.ar\/inicio\"],\"url\":\"https:\/\/gysfm.com.ar\/inicio\/author\/admin\/\"}]}<\/script>\n<!-- \/ Yoast SEO plugin. -->","yoast_head_json":{"title":"nuevo calendario de pagos y escala de cuotas - GYS NOTICIAS |","robots":{"index":"index","follow":"follow","max-snippet":"max-snippet:-1","max-image-preview":"max-image-preview:large","max-video-preview":"max-video-preview:-1"},"canonical":"https:\/\/gysfm.com.ar\/inicio\/nuevo-calendario-de-pagos-y-escala-de-cuotas\/","og_locale":"es_ES","og_type":"article","og_title":"nuevo calendario de pagos y escala de cuotas - GYS NOTICIAS |","og_description":"El Monotributo tendr\u00e1 durante septiembre un nuevo esquema de importes que alcanza a todas las categor\u00edas del r\u00e9gimen simplificado. Los valores que deben tener en cuenta los contribuyentes son los que rigen desde el 1\u00b0 de agosto de 2026, seg\u00fan la actualizaci\u00f3n publicada por la Agencia de Recaudaci\u00f3n y Control Aduanero (ARCA). A diferencia de [&hellip;]","og_url":"https:\/\/gysfm.com.ar\/inicio\/nuevo-calendario-de-pagos-y-escala-de-cuotas\/","og_site_name":"GYS NOTICIAS |","article_published_time":"2026-09-05T13:12:09+00:00","og_image":[{"url":"https:\/\/media.ambito.com\/p\/536a311ecb9d0f4d71f61b5bdecc95e5\/adjuntos\/239\/imagenes\/043\/595\/0043595462\/730x0\/736x595:756x615\/impuestos.jpg","type":"","width":"","height":""}],"author":"admin","twitter_card":"summary_large_image","twitter_misc":{"Escrito por":"admin","Tiempo de lectura":"4 minutos"},"schema":{"@context":"https:\/\/schema.org","@graph":[{"@type":"Article","@id":"https:\/\/gysfm.com.ar\/inicio\/nuevo-calendario-de-pagos-y-escala-de-cuotas\/#article","isPartOf":{"@id":"https:\/\/gysfm.com.ar\/inicio\/nuevo-calendario-de-pagos-y-escala-de-cuotas\/"},"author":{"name":"admin","@id":"https:\/\/gysfm.com.ar\/inicio\/#\/schema\/person\/5bedd7ecd35cc35548d89effafa23696"},"headline":"nuevo calendario de pagos y escala de cuotas","datePublished":"2026-09-05T13:12:09+00:00","mainEntityOfPage":{"@id":"https:\/\/gysfm.com.ar\/inicio\/nuevo-calendario-de-pagos-y-escala-de-cuotas\/"},"wordCount":797,"publisher":{"@id":"https:\/\/gysfm.com.ar\/inicio\/#organization"},"image":{"@id":"https:\/\/gysfm.com.ar\/inicio\/nuevo-calendario-de-pagos-y-escala-de-cuotas\/#primaryimage"},"thumbnailUrl":"https:\/\/gysfm.com.ar\/inicio\/wp-content\/uploads\/2026\/09\/mujer-celular-impuestos.jpg","articleSection":["ECONOMIA"],"inLanguage":"es"},{"@type":"WebPage","@id":"https:\/\/gysfm.com.ar\/inicio\/nuevo-calendario-de-pagos-y-escala-de-cuotas\/","url":"https:\/\/gysfm.com.ar\/inicio\/nuevo-calendario-de-pagos-y-escala-de-cuotas\/","name":"nuevo calendario de pagos y escala de cuotas - GYS NOTICIAS |","isPartOf":{"@id":"https:\/\/gysfm.com.ar\/inicio\/#website"},"primaryImageOfPage":{"@id":"https:\/\/gysfm.com.ar\/inicio\/nuevo-calendario-de-pagos-y-escala-de-cuotas\/#primaryimage"},"image":{"@id":"https:\/\/gysfm.com.ar\/inicio\/nuevo-calendario-de-pagos-y-escala-de-cuotas\/#primaryimage"},"thumbnailUrl":"https:\/\/gysfm.com.ar\/inicio\/wp-content\/uploads\/2026\/09\/mujer-celular-impuestos.jpg","datePublished":"2026-09-05T13:12:09+00:00","breadcrumb":{"@id":"https:\/\/gysfm.com.ar\/inicio\/nuevo-calendario-de-pagos-y-escala-de-cuotas\/#breadcrumb"},"inLanguage":"es","potentialAction":[{"@type":"ReadAction","target":["https:\/\/gysfm.com.ar\/inicio\/nuevo-calendario-de-pagos-y-escala-de-cuotas\/"]}]},{"@type":"ImageObject","inLanguage":"es","@id":"https:\/\/gysfm.com.ar\/inicio\/nuevo-calendario-de-pagos-y-escala-de-cuotas\/#primaryimage","url":"https:\/\/gysfm.com.ar\/inicio\/wp-content\/uploads\/2026\/09\/mujer-celular-impuestos.jpg","contentUrl":"https:\/\/gysfm.com.ar\/inicio\/wp-content\/uploads\/2026\/09\/mujer-celular-impuestos.jpg","width":1200,"height":675},{"@type":"BreadcrumbList","@id":"https:\/\/gysfm.com.ar\/inicio\/nuevo-calendario-de-pagos-y-escala-de-cuotas\/#breadcrumb","itemListElement":[{"@type":"ListItem","position":1,"name":"Portada","item":"https:\/\/gysfm.com.ar\/inicio\/"},{"@type":"ListItem","position":2,"name":"nuevo calendario de pagos y escala de cuotas"}]},{"@type":"WebSite","@id":"https:\/\/gysfm.com.ar\/inicio\/#website","url":"https:\/\/gysfm.com.ar\/inicio\/","name":"GYS NOTICIAS |","description":"DIARIO - RADIO ONLINE SAN JUAN ARGENTINA","publisher":{"@id":"https:\/\/gysfm.com.ar\/inicio\/#organization"},"potentialAction":[{"@type":"SearchAction","target":{"@type":"EntryPoint","urlTemplate":"https:\/\/gysfm.com.ar\/inicio\/?s={search_term_string}"},"query-input":{"@type":"PropertyValueSpecification","valueRequired":true,"valueName":"search_term_string"}}],"inLanguage":"es"},{"@type":"Organization","@id":"https:\/\/gysfm.com.ar\/inicio\/#organization","name":"GYS NOTICIAS |","url":"https:\/\/gysfm.com.ar\/inicio\/","logo":{"@type":"ImageObject","inLanguage":"es","@id":"https:\/\/gysfm.com.ar\/inicio\/#\/schema\/logo\/image\/","url":"https:\/\/gysfm.com.ar\/inicio\/wp-content\/uploads\/2023\/07\/LOGOGYS-OK.png","contentUrl":"https:\/\/gysfm.com.ar\/inicio\/wp-content\/uploads\/2023\/07\/LOGOGYS-OK.png","width":1170,"height":872,"caption":"GYS NOTICIAS |"},"image":{"@id":"https:\/\/gysfm.com.ar\/inicio\/#\/schema\/logo\/image\/"}},{"@type":"Person","@id":"https:\/\/gysfm.com.ar\/inicio\/#\/schema\/person\/5bedd7ecd35cc35548d89effafa23696","name":"admin","image":{"@type":"ImageObject","inLanguage":"es","@id":"https:\/\/gysfm.com.ar\/inicio\/#\/schema\/person\/image\/","url":"https:\/\/secure.gravatar.com\/avatar\/c331d312b5243fb64d5ba28108a447b27c925295129a363082c9ea52c28d32c2?s=96&d=mm&r=g","contentUrl":"https:\/\/secure.gravatar.com\/avatar\/c331d312b5243fb64d5ba28108a447b27c925295129a363082c9ea52c28d32c2?s=96&d=mm&r=g","caption":"admin"},"sameAs":["https:\/\/gysfm.com.ar\/inicio"],"url":"https:\/\/gysfm.com.ar\/inicio\/author\/admin\/"}]}},"_links":{"self":[{"href":"https:\/\/gysfm.com.ar\/inicio\/wp-json\/wp\/v2\/posts\/210547","targetHints":{"allow":["GET"]}}],"collection":[{"href":"https:\/\/gysfm.com.ar\/inicio\/wp-json\/wp\/v2\/posts"}],"about":[{"href":"https:\/\/gysfm.com.ar\/inicio\/wp-json\/wp\/v2\/types\/post"}],"author":[{"embeddable":true,"href":"https:\/\/gysfm.com.ar\/inicio\/wp-json\/wp\/v2\/users\/1"}],"replies":[{"embeddable":true,"href":"https:\/\/gysfm.com.ar\/inicio\/wp-json\/wp\/v2\/comments?post=210547"}],"version-history":[{"count":0,"href":"https:\/\/gysfm.com.ar\/inicio\/wp-json\/wp\/v2\/posts\/210547\/revisions"}],"wp:featuredmedia":[{"embeddable":true,"href":"https:\/\/gysfm.com.ar\/inicio\/wp-json\/wp\/v2\/media\/210548"}],"wp:attachment":[{"href":"https:\/\/gysfm.com.ar\/inicio\/wp-json\/wp\/v2\/media?parent=210547"}],"wp:term":[{"taxonomy":"category","embeddable":true,"href":"https:\/\/gysfm.com.ar\/inicio\/wp-json\/wp\/v2\/categories?post=210547"},{"taxonomy":"post_tag","embeddable":true,"href":"https:\/\/gysfm.com.ar\/inicio\/wp-json\/wp\/v2\/tags?post=210547"}],"curies":[{"name":"wp","href":"https:\/\/api.w.org\/{rel}","templated":true}]}}