{"id":210541,"date":"2026-09-05T09:17:17","date_gmt":"2026-09-05T12:17:17","guid":{"rendered":"https:\/\/gysfm.com.ar\/inicio\/un-agente-lo-abandono-en-otro-pais-durmio-tres-dias-bajo-un-puente-y-hoy-vive-del-futbol-no-habia-recursos\/"},"modified":"2026-09-05T09:17:18","modified_gmt":"2026-09-05T12:17:18","slug":"un-agente-lo-abandono-en-otro-pais-durmio-tres-dias-bajo-un-puente-y-hoy-vive-del-futbol-no-habia-recursos","status":"publish","type":"post","link":"https:\/\/gysfm.com.ar\/inicio\/un-agente-lo-abandono-en-otro-pais-durmio-tres-dias-bajo-un-puente-y-hoy-vive-del-futbol-no-habia-recursos\/","title":{"rendered":"Un agente lo abandon\u00f3 en otro pa\u00eds, durmi\u00f3 tres d\u00edas bajo un puente y hoy vive del f\u00fatbol: \u201cNo hab\u00eda recursos\u201d"},"content":{"rendered":"<p> <br \/>\n<\/p>\n<div>\n<p class=\"com-paragraph --capital --s\">El arquero de f\u00fatbol colombiano <strong>Ronaldo Balanta cont\u00f3 c\u00f3mo fueron las dificultades econ\u00f3micas y el desamparo que vivi\u00f3<\/strong> antes de consolidar su carrera profesional. Un enga\u00f1o en el extranjero y un per\u00edodo de indigencia previo a su llegada a <a href=\"https:\/\/www.lanacion.com.ar\/estados-unidos\/visas-y-tramites\/actualizaciones-recientes-del-tps-para-hondurenos-en-eeuu-y-que-se-sabe-del-estatus-en-julio-2026-nid10072026\/\" target=\"_self\" title=\"https:\/\/www.lanacion.com.ar\/estados-unidos\/visas-y-tramites\/actualizaciones-recientes-del-tps-para-hondurenos-en-eeuu-y-que-se-sabe-del-estatus-en-julio-2026-nid10072026\/\" class=\"com-link break-word\" data-mrf-recirculation=\"n_link_parrafo\">Honduras<\/a> marcaron su vida.<\/p>\n<p><h2 class=\"font-primary font-w-bold text-subheading-lg text-left container-center-100 mb-8\"><span>La infancia sin figura paterna y la etapa de desamparo en Per\u00fa<\/span><\/h2>\n<\/p>\n<p class=\"com-paragraph --s\"><strong>Balanta naci\u00f3 en una familia de escasos recursos en <\/strong><a href=\"https:\/\/www.lanacion.com.ar\/estados-unidos\/illinois\/como-solicitar-el-pasaporte-colombiano-en-chicago-y-los-requisitos-para-iniciar-el-tramite-en-linea-nid29082026\/\" target=\"_self\" title=\"https:\/\/www.lanacion.com.ar\/estados-unidos\/illinois\/como-solicitar-el-pasaporte-colombiano-en-chicago-y-los-requisitos-para-iniciar-el-tramite-en-linea-nid29082026\/\" class=\"com-link break-word\" data-mrf-recirculation=\"n_link_parrafo\"><strong>Colombia<\/strong><\/a> y creci\u00f3 sin la presencia de su padre biol\u00f3gico. Su madre debi\u00f3 trasladarse a otra ciudad para trabajar, por lo que su abuela y sus t\u00edos asumieron su crianza inicial.<\/p>\n<div class=\"content-media\">\n<section role=\"button\" class=\"mod-media   \">\n<figure role=\"button\" tabindex=\"0\" class=\"mod-figure \"><figcaption class=\"mod-figcaption\"><span class=\"com-text --caption --twoxs\">El arquero colombiano fue estafado en sus inicios por un agente al intentar una transferencia a Per\u00fa<\/span><span class=\"com-text --credit --twoxs\">Captura de pantalla de video La Prenda Honduras<\/span><\/figcaption><\/figure>\n<\/section>\n<\/div>\n<p class=\"com-paragraph --s\">A los 19 a\u00f1os, <strong>un supuesto empresario deportivo le prometi\u00f3 una oportunidad futbol\u00edstica en Per\u00fa y lo traslad\u00f3 a ese pa\u00eds<\/strong> junto a otros j\u00f3venes. Sin embargo, el intermediario desapareci\u00f3 con el dinero y dej\u00f3 a \u00e9l y a otros futbolistas a su suerte en un hotel local.<\/p>\n<p class=\"com-paragraph --s\">El establecimiento desaloj\u00f3 al joven colombiano despu\u00e9s de que finaliz\u00f3 el tiempo de hospedaje. <strong>Balanta pas\u00f3 tres noches debajo de un puente de la ciudad <\/strong>y sufri\u00f3 el robo de su ropa, sus zapatos de f\u00fatbol y sus guantes de portero.<\/p>\n<p class=\"com-paragraph --s\">Por falta de alimento, se debilit\u00f3 su salud f\u00edsica durante esos d\u00edas y <strong>se encontr\u00f3 en soledad a miles de kil\u00f3metros de su hogar<\/strong> antes de recibir un auxilio inesperado.<\/p>\n<p><h2 class=\"font-primary font-w-bold text-subheading-lg text-left container-center-100 mb-8\"><span>El ascenso deportivo en Centroam\u00e9rica y su presente en el f\u00fatbol hondure\u00f1o<\/span><\/h2>\n<\/p>\n<p class=\"com-paragraph --s\">Tras regresar a Colombia en un vuelo de repatriaci\u00f3n humanitaria, el guardameta retom\u00f3 su preparaci\u00f3n f\u00edsica en la tercera divisi\u00f3n de su pa\u00eds de origen. <\/p>\n<p class=\"com-paragraph --s\">Posteriormente, <strong>el club Atl\u00e9tico J\u00fanior de la segunda divisi\u00f3n de Honduras le ofreci\u00f3 un contrato profesional<\/strong> y el dinero para sus pasajes.<\/p>\n<p class=\"com-paragraph --s\"><strong>Sus buenas actuaciones en el torneo de ascenso captaron la atenci\u00f3n de varios equipos<\/strong> de la regi\u00f3n y su salario aument\u00f3. Esta estabilidad financiera le permiti\u00f3 enviar remesas para el sustento de su madre, su abuela y sus dos hermanos peque\u00f1os.<\/p>\n<div class=\"content-media\">\n<section role=\"button\" class=\"mod-media   \">\n<figure role=\"button\" tabindex=\"0\" class=\"mod-figure \"><figcaption class=\"mod-figcaption\"><span class=\"com-text --caption --twoxs\">Al ganar un mejor salario, Balanta envi\u00f3 remesas para el sustento de su madre, su abuela y sus dos hermanos peque\u00f1os.<\/span><span class=\"com-text --credit --twoxs\">Imagen creada con IA<\/span><\/figcaption><\/figure>\n<\/section>\n<\/div>\n<p class=\"com-paragraph --s\">En la actualidad, <strong>Balanta defiende el arco del G\u00e9nesis FC en la m\u00e1xima categor\u00eda del f\u00fatbol hondure\u00f1o<\/strong>. Su equipo compite con entrega para clasificar a la gran final del torneo Apertura de la liga nacional.<\/p>\n<p><h2 class=\"font-primary font-w-bold text-subheading-lg text-left container-center-100 mb-8\"><span>Los detalles del rescate en Lima y las declaraciones del protagonista<\/span><\/h2>\n<\/p>\n<p class=\"com-paragraph --s\">Durante los d\u00edas que pas\u00f3 en la calle en Per\u00fa, Balanta encontr\u00f3 en un <a href=\"https:\/\/www.lanacion.com.ar\/estados-unidos\/texas\/es-hondureno-y-fue-deportado-por-el-ice-tras-una-parada-de-auto-ahora-demanda-a-houston-por-nid05082026\/\" target=\"_self\" title=\"https:\/\/www.lanacion.com.ar\/estados-unidos\/texas\/es-hondureno-y-fue-deportado-por-el-ice-tras-una-parada-de-auto-ahora-demanda-a-houston-por-nid05082026\/\" class=\"com-link break-word\" data-mrf-recirculation=\"n_link_parrafo\">supermercado<\/a> una billetera que, seg\u00fan su relato, conten\u00eda US$1500. Cont\u00f3 que tom\u00f3 US$50 para comprar comida y luego localiz\u00f3 al propietario para devolverle el resto del dinero.<\/p>\n<p class=\"com-paragraph --s\">Al conocer su situaci\u00f3n, <strong>el hombre lo llev\u00f3 a su casa,<\/strong> le dio alojamiento y le ofreci\u00f3 trabajo en un lavadero de autos. Balanta permaneci\u00f3 all\u00ed durante unos nueve meses.<\/p>\n<p class=\"com-paragraph --s\">El benefactor <strong>tambi\u00e9n recibi\u00f3 a los compa\u00f1eros de Balanta<\/strong> e intercedi\u00f3 ante los directivos de un club profesional peruano para conseguirles una prueba formal. <\/p>\n<p class=\"com-paragraph --s\"><strong>El agente estafador reapareci\u00f3 de imprevisto<\/strong>, con sustento en documentos firmados previamente por el futbolista,<strong> y exigi\u00f3 US$100 mil <\/strong>por la transferencia, lo que frustr\u00f3 el fichaje definitivo del arquero.<\/p>\n<p><iframe loading=\"lazy\" title=\"Balanta, portero del G\u00e9nesis, y su incre\u00edble historia: &quot;\u00c9l me enga\u00f1\u00f3 y me abandon\u00f3&quot;\" width=\"1170\" height=\"658\" src=\"https:\/\/www.youtube.com\/embed\/FIOupppR9tw?wmode=transparent&amp;rel=0&amp;feature=oembed\" frameborder=\"0\" allow=\"accelerometer; autoplay; clipboard-write; encrypted-media; gyroscope; picture-in-picture; web-share\" referrerpolicy=\"strict-origin-when-cross-origin\" allowfullscreen><\/iframe><\/p>\n<p class=\"com-paragraph --s\">Balanta rememor\u00f3 sus inicios en una entrevista con el diario <a href=\"https:\/\/www.laprensa.hn\/deportes\/ronaldo-balanta-relata-duros-momentos-vivio-pase-tres-dias-debajo-puente-entrevista-BE31716250\" target=\"_blank\" title=\"https:\/\/www.laprensa.hn\/deportes\/ronaldo-balanta-relata-duros-momentos-vivio-pase-tres-dias-debajo-puente-entrevista-BE31716250\" class=\"com-link break-word\" data-mrf-recirculation=\"n_link_parrafo\" rel=\"nofollow\"><em>La Prensa<\/em><\/a> de Honduras. <strong>\u201cNo hab\u00eda recursos econ\u00f3micos, vengo de una familia bastante humilde\u201d<\/strong>, declar\u00f3.<\/p>\n<p class=\"com-paragraph --s\">Seg\u00fan cont\u00f3, el arquero super\u00f3 la depresi\u00f3n posterior gracias al apoyo del promotor <strong>Belardo Mosquera, quien financi\u00f3 su viaje a Honduras antes de su tr\u00e1gico deceso<\/strong>. Hoy, el futbolista valora el cari\u00f1o de la afici\u00f3n hondure\u00f1a y enfoca todo su esfuerzo diario en alcanzar la gloria con su club actual.<\/p>\n<section class=\"container-center-100 mb-40 border border-bottom border-thin border-neutral-light-700\"\/><\/div>\n<p><script id=\"facebookpixel\" defer=\"\" type=\"text\/javascript\">\n        !function(f,b,e,v,n,t,s)\n        {if(f.fbq)return;n=f.fbq=function(){n.callMethod?\n        n.callMethod.apply(n,arguments):n.queue.push(arguments)};\n        if(!f._fbq)f._fbq=n;n.push=n;n.loaded=!0;n.version='2.0';\n        n.queue=[];t=b.createElement(e);t.async=!0;\n        t.src=v;s=b.getElementsByTagName(e)[0];\n        s.parentNode.insertBefore(t,s)}(window, document,'script',\n        'https:\/\/connect.facebook.net\/en_US\/fbevents.js');\n        fbq('init', '492459597522335');\n        fbq('track', 'PageView');\n    <\/script><br \/>\n<br \/><\/p>\n","protected":false},"excerpt":{"rendered":"<p>El arquero de f\u00fatbol colombiano Ronaldo Balanta cont\u00f3 c\u00f3mo fueron las dificultades econ\u00f3micas y el desamparo que vivi\u00f3 antes de consolidar su carrera profesional. Un enga\u00f1o en el extranjero y un per\u00edodo de indigencia previo a su llegada a Honduras marcaron su vida. La infancia sin figura paterna y la etapa de desamparo en Per\u00fa [&hellip;]<\/p>\n","protected":false},"author":2,"featured_media":210542,"comment_status":"closed","ping_status":"closed","sticky":false,"template":"","format":"standard","meta":{"footnotes":""},"categories":[26],"tags":[],"class_list":["post-210541","post","type-post","status-publish","format-standard","has-post-thumbnail","hentry","category-internacionales"],"yoast_head":"<!-- This site is optimized with the Yoast SEO plugin v24.4 - https:\/\/yoast.com\/wordpress\/plugins\/seo\/ -->\n<title>Un agente lo abandon\u00f3 en otro pa\u00eds, durmi\u00f3 tres d\u00edas bajo un puente y hoy vive del f\u00fatbol: \u201cNo hab\u00eda recursos\u201d - GYS NOTICIAS |<\/title>\n<meta name=\"robots\" content=\"index, follow, max-snippet:-1, max-image-preview:large, max-video-preview:-1\" \/>\n<link rel=\"canonical\" href=\"https:\/\/gysfm.com.ar\/inicio\/un-agente-lo-abandono-en-otro-pais-durmio-tres-dias-bajo-un-puente-y-hoy-vive-del-futbol-no-habia-recursos\/\" \/>\n<meta property=\"og:locale\" content=\"es_ES\" \/>\n<meta property=\"og:type\" content=\"article\" \/>\n<meta property=\"og:title\" content=\"Un agente lo abandon\u00f3 en otro pa\u00eds, durmi\u00f3 tres d\u00edas bajo un puente y hoy vive del f\u00fatbol: \u201cNo hab\u00eda recursos\u201d - GYS NOTICIAS |\" \/>\n<meta property=\"og:description\" content=\"El arquero de f\u00fatbol colombiano Ronaldo Balanta cont\u00f3 c\u00f3mo fueron las dificultades econ\u00f3micas y el desamparo que vivi\u00f3 antes de consolidar su carrera profesional. Un enga\u00f1o en el extranjero y un per\u00edodo de indigencia previo a su llegada a Honduras marcaron su vida. La infancia sin figura paterna y la etapa de desamparo en Per\u00fa [&hellip;]\" \/>\n<meta property=\"og:url\" content=\"https:\/\/gysfm.com.ar\/inicio\/un-agente-lo-abandono-en-otro-pais-durmio-tres-dias-bajo-un-puente-y-hoy-vive-del-futbol-no-habia-recursos\/\" \/>\n<meta property=\"og:site_name\" content=\"GYS NOTICIAS |\" \/>\n<meta property=\"article:published_time\" content=\"2026-09-05T12:17:17+00:00\" \/>\n<meta property=\"article:modified_time\" content=\"2026-09-05T12:17:18+00:00\" \/>\n<meta property=\"og:image\" content=\"https:\/\/gysfm.com.ar\/inicio\/wp-content\/uploads\/2026\/09\/el-futbolista-colombiano-hoy-se-desempena-en-la-2GRRWFUZQZAJDJTKFLDLASWV7Q.jpg\" \/>\n\t<meta property=\"og:image:width\" content=\"1200\" \/>\n\t<meta property=\"og:image:height\" content=\"800\" \/>\n\t<meta property=\"og:image:type\" content=\"image\/jpeg\" \/>\n<meta name=\"author\" content=\"Prensa G&amp;S FM\" \/>\n<meta name=\"twitter:card\" content=\"summary_large_image\" \/>\n<meta name=\"twitter:label1\" content=\"Escrito por\" \/>\n\t<meta name=\"twitter:data1\" content=\"Prensa G&amp;S FM\" \/>\n\t<meta name=\"twitter:label2\" content=\"Tiempo de lectura\" \/>\n\t<meta name=\"twitter:data2\" content=\"3 minutos\" \/>\n<script type=\"application\/ld+json\" class=\"yoast-schema-graph\">{\"@context\":\"https:\/\/schema.org\",\"@graph\":[{\"@type\":\"Article\",\"@id\":\"https:\/\/gysfm.com.ar\/inicio\/un-agente-lo-abandono-en-otro-pais-durmio-tres-dias-bajo-un-puente-y-hoy-vive-del-futbol-no-habia-recursos\/#article\",\"isPartOf\":{\"@id\":\"https:\/\/gysfm.com.ar\/inicio\/un-agente-lo-abandono-en-otro-pais-durmio-tres-dias-bajo-un-puente-y-hoy-vive-del-futbol-no-habia-recursos\/\"},\"author\":{\"name\":\"Prensa G&amp;S FM\",\"@id\":\"https:\/\/gysfm.com.ar\/inicio\/#\/schema\/person\/3abba7593ef2ad19e1be221d54383dc5\"},\"headline\":\"Un agente lo abandon\u00f3 en otro pa\u00eds, durmi\u00f3 tres d\u00edas bajo un puente y hoy vive del f\u00fatbol: \u201cNo hab\u00eda recursos\u201d\",\"datePublished\":\"2026-09-05T12:17:17+00:00\",\"dateModified\":\"2026-09-05T12:17:18+00:00\",\"mainEntityOfPage\":{\"@id\":\"https:\/\/gysfm.com.ar\/inicio\/un-agente-lo-abandono-en-otro-pais-durmio-tres-dias-bajo-un-puente-y-hoy-vive-del-futbol-no-habia-recursos\/\"},\"wordCount\":696,\"publisher\":{\"@id\":\"https:\/\/gysfm.com.ar\/inicio\/#organization\"},\"image\":{\"@id\":\"https:\/\/gysfm.com.ar\/inicio\/un-agente-lo-abandono-en-otro-pais-durmio-tres-dias-bajo-un-puente-y-hoy-vive-del-futbol-no-habia-recursos\/#primaryimage\"},\"thumbnailUrl\":\"https:\/\/gysfm.com.ar\/inicio\/wp-content\/uploads\/2026\/09\/el-futbolista-colombiano-hoy-se-desempena-en-la-2GRRWFUZQZAJDJTKFLDLASWV7Q.jpg\",\"articleSection\":[\"INTERNACIONALES\"],\"inLanguage\":\"es\"},{\"@type\":\"WebPage\",\"@id\":\"https:\/\/gysfm.com.ar\/inicio\/un-agente-lo-abandono-en-otro-pais-durmio-tres-dias-bajo-un-puente-y-hoy-vive-del-futbol-no-habia-recursos\/\",\"url\":\"https:\/\/gysfm.com.ar\/inicio\/un-agente-lo-abandono-en-otro-pais-durmio-tres-dias-bajo-un-puente-y-hoy-vive-del-futbol-no-habia-recursos\/\",\"name\":\"Un agente lo abandon\u00f3 en otro pa\u00eds, durmi\u00f3 tres d\u00edas bajo un puente y hoy vive del f\u00fatbol: \u201cNo hab\u00eda recursos\u201d - GYS NOTICIAS |\",\"isPartOf\":{\"@id\":\"https:\/\/gysfm.com.ar\/inicio\/#website\"},\"primaryImageOfPage\":{\"@id\":\"https:\/\/gysfm.com.ar\/inicio\/un-agente-lo-abandono-en-otro-pais-durmio-tres-dias-bajo-un-puente-y-hoy-vive-del-futbol-no-habia-recursos\/#primaryimage\"},\"image\":{\"@id\":\"https:\/\/gysfm.com.ar\/inicio\/un-agente-lo-abandono-en-otro-pais-durmio-tres-dias-bajo-un-puente-y-hoy-vive-del-futbol-no-habia-recursos\/#primaryimage\"},\"thumbnailUrl\":\"https:\/\/gysfm.com.ar\/inicio\/wp-content\/uploads\/2026\/09\/el-futbolista-colombiano-hoy-se-desempena-en-la-2GRRWFUZQZAJDJTKFLDLASWV7Q.jpg\",\"datePublished\":\"2026-09-05T12:17:17+00:00\",\"dateModified\":\"2026-09-05T12:17:18+00:00\",\"breadcrumb\":{\"@id\":\"https:\/\/gysfm.com.ar\/inicio\/un-agente-lo-abandono-en-otro-pais-durmio-tres-dias-bajo-un-puente-y-hoy-vive-del-futbol-no-habia-recursos\/#breadcrumb\"},\"inLanguage\":\"es\",\"potentialAction\":[{\"@type\":\"ReadAction\",\"target\":[\"https:\/\/gysfm.com.ar\/inicio\/un-agente-lo-abandono-en-otro-pais-durmio-tres-dias-bajo-un-puente-y-hoy-vive-del-futbol-no-habia-recursos\/\"]}]},{\"@type\":\"ImageObject\",\"inLanguage\":\"es\",\"@id\":\"https:\/\/gysfm.com.ar\/inicio\/un-agente-lo-abandono-en-otro-pais-durmio-tres-dias-bajo-un-puente-y-hoy-vive-del-futbol-no-habia-recursos\/#primaryimage\",\"url\":\"https:\/\/gysfm.com.ar\/inicio\/wp-content\/uploads\/2026\/09\/el-futbolista-colombiano-hoy-se-desempena-en-la-2GRRWFUZQZAJDJTKFLDLASWV7Q.jpg\",\"contentUrl\":\"https:\/\/gysfm.com.ar\/inicio\/wp-content\/uploads\/2026\/09\/el-futbolista-colombiano-hoy-se-desempena-en-la-2GRRWFUZQZAJDJTKFLDLASWV7Q.jpg\",\"width\":1200,\"height\":800},{\"@type\":\"BreadcrumbList\",\"@id\":\"https:\/\/gysfm.com.ar\/inicio\/un-agente-lo-abandono-en-otro-pais-durmio-tres-dias-bajo-un-puente-y-hoy-vive-del-futbol-no-habia-recursos\/#breadcrumb\",\"itemListElement\":[{\"@type\":\"ListItem\",\"position\":1,\"name\":\"Portada\",\"item\":\"https:\/\/gysfm.com.ar\/inicio\/\"},{\"@type\":\"ListItem\",\"position\":2,\"name\":\"Un agente lo abandon\u00f3 en otro pa\u00eds, durmi\u00f3 tres d\u00edas bajo un puente y hoy vive del f\u00fatbol: \u201cNo hab\u00eda recursos\u201d\"}]},{\"@type\":\"WebSite\",\"@id\":\"https:\/\/gysfm.com.ar\/inicio\/#website\",\"url\":\"https:\/\/gysfm.com.ar\/inicio\/\",\"name\":\"GYS NOTICIAS |\",\"description\":\"DIARIO - RADIO ONLINE SAN JUAN ARGENTINA\",\"publisher\":{\"@id\":\"https:\/\/gysfm.com.ar\/inicio\/#organization\"},\"potentialAction\":[{\"@type\":\"SearchAction\",\"target\":{\"@type\":\"EntryPoint\",\"urlTemplate\":\"https:\/\/gysfm.com.ar\/inicio\/?s={search_term_string}\"},\"query-input\":{\"@type\":\"PropertyValueSpecification\",\"valueRequired\":true,\"valueName\":\"search_term_string\"}}],\"inLanguage\":\"es\"},{\"@type\":\"Organization\",\"@id\":\"https:\/\/gysfm.com.ar\/inicio\/#organization\",\"name\":\"GYS NOTICIAS |\",\"url\":\"https:\/\/gysfm.com.ar\/inicio\/\",\"logo\":{\"@type\":\"ImageObject\",\"inLanguage\":\"es\",\"@id\":\"https:\/\/gysfm.com.ar\/inicio\/#\/schema\/logo\/image\/\",\"url\":\"https:\/\/gysfm.com.ar\/inicio\/wp-content\/uploads\/2023\/07\/LOGOGYS-OK.png\",\"contentUrl\":\"https:\/\/gysfm.com.ar\/inicio\/wp-content\/uploads\/2023\/07\/LOGOGYS-OK.png\",\"width\":1170,\"height\":872,\"caption\":\"GYS NOTICIAS |\"},\"image\":{\"@id\":\"https:\/\/gysfm.com.ar\/inicio\/#\/schema\/logo\/image\/\"}},{\"@type\":\"Person\",\"@id\":\"https:\/\/gysfm.com.ar\/inicio\/#\/schema\/person\/3abba7593ef2ad19e1be221d54383dc5\",\"name\":\"Prensa G&amp;S FM\",\"image\":{\"@type\":\"ImageObject\",\"inLanguage\":\"es\",\"@id\":\"https:\/\/gysfm.com.ar\/inicio\/#\/schema\/person\/image\/\",\"url\":\"https:\/\/secure.gravatar.com\/avatar\/096ec78df02049ab018702bb4ccedf659377fa92a26540b5247612077a0dbd29?s=96&d=mm&r=g\",\"contentUrl\":\"https:\/\/secure.gravatar.com\/avatar\/096ec78df02049ab018702bb4ccedf659377fa92a26540b5247612077a0dbd29?s=96&d=mm&r=g\",\"caption\":\"Prensa G&amp;S FM\"},\"sameAs\":[\"https:\/\/gysfm.com.ar\/\"],\"url\":\"https:\/\/gysfm.com.ar\/inicio\/author\/lucasm\/\"}]}<\/script>\n<!-- \/ Yoast SEO plugin. -->","yoast_head_json":{"title":"Un agente lo abandon\u00f3 en otro pa\u00eds, durmi\u00f3 tres d\u00edas bajo un puente y hoy vive del f\u00fatbol: \u201cNo hab\u00eda recursos\u201d - GYS NOTICIAS |","robots":{"index":"index","follow":"follow","max-snippet":"max-snippet:-1","max-image-preview":"max-image-preview:large","max-video-preview":"max-video-preview:-1"},"canonical":"https:\/\/gysfm.com.ar\/inicio\/un-agente-lo-abandono-en-otro-pais-durmio-tres-dias-bajo-un-puente-y-hoy-vive-del-futbol-no-habia-recursos\/","og_locale":"es_ES","og_type":"article","og_title":"Un agente lo abandon\u00f3 en otro pa\u00eds, durmi\u00f3 tres d\u00edas bajo un puente y hoy vive del f\u00fatbol: \u201cNo hab\u00eda recursos\u201d - GYS NOTICIAS |","og_description":"El arquero de f\u00fatbol colombiano Ronaldo Balanta cont\u00f3 c\u00f3mo fueron las dificultades econ\u00f3micas y el desamparo que vivi\u00f3 antes de consolidar su carrera profesional. Un enga\u00f1o en el extranjero y un per\u00edodo de indigencia previo a su llegada a Honduras marcaron su vida. La infancia sin figura paterna y la etapa de desamparo en Per\u00fa [&hellip;]","og_url":"https:\/\/gysfm.com.ar\/inicio\/un-agente-lo-abandono-en-otro-pais-durmio-tres-dias-bajo-un-puente-y-hoy-vive-del-futbol-no-habia-recursos\/","og_site_name":"GYS NOTICIAS |","article_published_time":"2026-09-05T12:17:17+00:00","article_modified_time":"2026-09-05T12:17:18+00:00","og_image":[{"width":1200,"height":800,"url":"https:\/\/gysfm.com.ar\/inicio\/wp-content\/uploads\/2026\/09\/el-futbolista-colombiano-hoy-se-desempena-en-la-2GRRWFUZQZAJDJTKFLDLASWV7Q.jpg","type":"image\/jpeg"}],"author":"Prensa G&amp;S FM","twitter_card":"summary_large_image","twitter_misc":{"Escrito por":"Prensa G&amp;S FM","Tiempo de lectura":"3 minutos"},"schema":{"@context":"https:\/\/schema.org","@graph":[{"@type":"Article","@id":"https:\/\/gysfm.com.ar\/inicio\/un-agente-lo-abandono-en-otro-pais-durmio-tres-dias-bajo-un-puente-y-hoy-vive-del-futbol-no-habia-recursos\/#article","isPartOf":{"@id":"https:\/\/gysfm.com.ar\/inicio\/un-agente-lo-abandono-en-otro-pais-durmio-tres-dias-bajo-un-puente-y-hoy-vive-del-futbol-no-habia-recursos\/"},"author":{"name":"Prensa G&amp;S FM","@id":"https:\/\/gysfm.com.ar\/inicio\/#\/schema\/person\/3abba7593ef2ad19e1be221d54383dc5"},"headline":"Un agente lo abandon\u00f3 en otro pa\u00eds, durmi\u00f3 tres d\u00edas bajo un puente y hoy vive del f\u00fatbol: \u201cNo hab\u00eda recursos\u201d","datePublished":"2026-09-05T12:17:17+00:00","dateModified":"2026-09-05T12:17:18+00:00","mainEntityOfPage":{"@id":"https:\/\/gysfm.com.ar\/inicio\/un-agente-lo-abandono-en-otro-pais-durmio-tres-dias-bajo-un-puente-y-hoy-vive-del-futbol-no-habia-recursos\/"},"wordCount":696,"publisher":{"@id":"https:\/\/gysfm.com.ar\/inicio\/#organization"},"image":{"@id":"https:\/\/gysfm.com.ar\/inicio\/un-agente-lo-abandono-en-otro-pais-durmio-tres-dias-bajo-un-puente-y-hoy-vive-del-futbol-no-habia-recursos\/#primaryimage"},"thumbnailUrl":"https:\/\/gysfm.com.ar\/inicio\/wp-content\/uploads\/2026\/09\/el-futbolista-colombiano-hoy-se-desempena-en-la-2GRRWFUZQZAJDJTKFLDLASWV7Q.jpg","articleSection":["INTERNACIONALES"],"inLanguage":"es"},{"@type":"WebPage","@id":"https:\/\/gysfm.com.ar\/inicio\/un-agente-lo-abandono-en-otro-pais-durmio-tres-dias-bajo-un-puente-y-hoy-vive-del-futbol-no-habia-recursos\/","url":"https:\/\/gysfm.com.ar\/inicio\/un-agente-lo-abandono-en-otro-pais-durmio-tres-dias-bajo-un-puente-y-hoy-vive-del-futbol-no-habia-recursos\/","name":"Un agente lo abandon\u00f3 en otro pa\u00eds, durmi\u00f3 tres d\u00edas bajo un puente y hoy vive del f\u00fatbol: \u201cNo hab\u00eda recursos\u201d - GYS NOTICIAS |","isPartOf":{"@id":"https:\/\/gysfm.com.ar\/inicio\/#website"},"primaryImageOfPage":{"@id":"https:\/\/gysfm.com.ar\/inicio\/un-agente-lo-abandono-en-otro-pais-durmio-tres-dias-bajo-un-puente-y-hoy-vive-del-futbol-no-habia-recursos\/#primaryimage"},"image":{"@id":"https:\/\/gysfm.com.ar\/inicio\/un-agente-lo-abandono-en-otro-pais-durmio-tres-dias-bajo-un-puente-y-hoy-vive-del-futbol-no-habia-recursos\/#primaryimage"},"thumbnailUrl":"https:\/\/gysfm.com.ar\/inicio\/wp-content\/uploads\/2026\/09\/el-futbolista-colombiano-hoy-se-desempena-en-la-2GRRWFUZQZAJDJTKFLDLASWV7Q.jpg","datePublished":"2026-09-05T12:17:17+00:00","dateModified":"2026-09-05T12:17:18+00:00","breadcrumb":{"@id":"https:\/\/gysfm.com.ar\/inicio\/un-agente-lo-abandono-en-otro-pais-durmio-tres-dias-bajo-un-puente-y-hoy-vive-del-futbol-no-habia-recursos\/#breadcrumb"},"inLanguage":"es","potentialAction":[{"@type":"ReadAction","target":["https:\/\/gysfm.com.ar\/inicio\/un-agente-lo-abandono-en-otro-pais-durmio-tres-dias-bajo-un-puente-y-hoy-vive-del-futbol-no-habia-recursos\/"]}]},{"@type":"ImageObject","inLanguage":"es","@id":"https:\/\/gysfm.com.ar\/inicio\/un-agente-lo-abandono-en-otro-pais-durmio-tres-dias-bajo-un-puente-y-hoy-vive-del-futbol-no-habia-recursos\/#primaryimage","url":"https:\/\/gysfm.com.ar\/inicio\/wp-content\/uploads\/2026\/09\/el-futbolista-colombiano-hoy-se-desempena-en-la-2GRRWFUZQZAJDJTKFLDLASWV7Q.jpg","contentUrl":"https:\/\/gysfm.com.ar\/inicio\/wp-content\/uploads\/2026\/09\/el-futbolista-colombiano-hoy-se-desempena-en-la-2GRRWFUZQZAJDJTKFLDLASWV7Q.jpg","width":1200,"height":800},{"@type":"BreadcrumbList","@id":"https:\/\/gysfm.com.ar\/inicio\/un-agente-lo-abandono-en-otro-pais-durmio-tres-dias-bajo-un-puente-y-hoy-vive-del-futbol-no-habia-recursos\/#breadcrumb","itemListElement":[{"@type":"ListItem","position":1,"name":"Portada","item":"https:\/\/gysfm.com.ar\/inicio\/"},{"@type":"ListItem","position":2,"name":"Un agente lo abandon\u00f3 en otro pa\u00eds, durmi\u00f3 tres d\u00edas bajo un puente y hoy vive del f\u00fatbol: \u201cNo hab\u00eda recursos\u201d"}]},{"@type":"WebSite","@id":"https:\/\/gysfm.com.ar\/inicio\/#website","url":"https:\/\/gysfm.com.ar\/inicio\/","name":"GYS NOTICIAS |","description":"DIARIO - RADIO ONLINE SAN JUAN ARGENTINA","publisher":{"@id":"https:\/\/gysfm.com.ar\/inicio\/#organization"},"potentialAction":[{"@type":"SearchAction","target":{"@type":"EntryPoint","urlTemplate":"https:\/\/gysfm.com.ar\/inicio\/?s={search_term_string}"},"query-input":{"@type":"PropertyValueSpecification","valueRequired":true,"valueName":"search_term_string"}}],"inLanguage":"es"},{"@type":"Organization","@id":"https:\/\/gysfm.com.ar\/inicio\/#organization","name":"GYS NOTICIAS |","url":"https:\/\/gysfm.com.ar\/inicio\/","logo":{"@type":"ImageObject","inLanguage":"es","@id":"https:\/\/gysfm.com.ar\/inicio\/#\/schema\/logo\/image\/","url":"https:\/\/gysfm.com.ar\/inicio\/wp-content\/uploads\/2023\/07\/LOGOGYS-OK.png","contentUrl":"https:\/\/gysfm.com.ar\/inicio\/wp-content\/uploads\/2023\/07\/LOGOGYS-OK.png","width":1170,"height":872,"caption":"GYS NOTICIAS |"},"image":{"@id":"https:\/\/gysfm.com.ar\/inicio\/#\/schema\/logo\/image\/"}},{"@type":"Person","@id":"https:\/\/gysfm.com.ar\/inicio\/#\/schema\/person\/3abba7593ef2ad19e1be221d54383dc5","name":"Prensa G&amp;S FM","image":{"@type":"ImageObject","inLanguage":"es","@id":"https:\/\/gysfm.com.ar\/inicio\/#\/schema\/person\/image\/","url":"https:\/\/secure.gravatar.com\/avatar\/096ec78df02049ab018702bb4ccedf659377fa92a26540b5247612077a0dbd29?s=96&d=mm&r=g","contentUrl":"https:\/\/secure.gravatar.com\/avatar\/096ec78df02049ab018702bb4ccedf659377fa92a26540b5247612077a0dbd29?s=96&d=mm&r=g","caption":"Prensa G&amp;S FM"},"sameAs":["https:\/\/gysfm.com.ar\/"],"url":"https:\/\/gysfm.com.ar\/inicio\/author\/lucasm\/"}]}},"_links":{"self":[{"href":"https:\/\/gysfm.com.ar\/inicio\/wp-json\/wp\/v2\/posts\/210541","targetHints":{"allow":["GET"]}}],"collection":[{"href":"https:\/\/gysfm.com.ar\/inicio\/wp-json\/wp\/v2\/posts"}],"about":[{"href":"https:\/\/gysfm.com.ar\/inicio\/wp-json\/wp\/v2\/types\/post"}],"author":[{"embeddable":true,"href":"https:\/\/gysfm.com.ar\/inicio\/wp-json\/wp\/v2\/users\/2"}],"replies":[{"embeddable":true,"href":"https:\/\/gysfm.com.ar\/inicio\/wp-json\/wp\/v2\/comments?post=210541"}],"version-history":[{"count":1,"href":"https:\/\/gysfm.com.ar\/inicio\/wp-json\/wp\/v2\/posts\/210541\/revisions"}],"predecessor-version":[{"id":210543,"href":"https:\/\/gysfm.com.ar\/inicio\/wp-json\/wp\/v2\/posts\/210541\/revisions\/210543"}],"wp:featuredmedia":[{"embeddable":true,"href":"https:\/\/gysfm.com.ar\/inicio\/wp-json\/wp\/v2\/media\/210542"}],"wp:attachment":[{"href":"https:\/\/gysfm.com.ar\/inicio\/wp-json\/wp\/v2\/media?parent=210541"}],"wp:term":[{"taxonomy":"category","embeddable":true,"href":"https:\/\/gysfm.com.ar\/inicio\/wp-json\/wp\/v2\/categories?post=210541"},{"taxonomy":"post_tag","embeddable":true,"href":"https:\/\/gysfm.com.ar\/inicio\/wp-json\/wp\/v2\/tags?post=210541"}],"curies":[{"name":"wp","href":"https:\/\/api.w.org\/{rel}","templated":true}]}}