{"id":210484,"date":"2026-09-04T20:42:44","date_gmt":"2026-09-04T23:42:44","guid":{"rendered":"https:\/\/gysfm.com.ar\/inicio\/emprendedora-del-sol-2026-convocaron-a-las-municipalidades-para-compartir-la-propuesta-de-este-ano-diario-d3-noticias\/"},"modified":"2026-09-04T20:42:44","modified_gmt":"2026-09-04T23:42:44","slug":"emprendedora-del-sol-2026-convocaron-a-las-municipalidades-para-compartir-la-propuesta-de-este-ano-diario-d3-noticias","status":"publish","type":"post","link":"https:\/\/gysfm.com.ar\/inicio\/emprendedora-del-sol-2026-convocaron-a-las-municipalidades-para-compartir-la-propuesta-de-este-ano-diario-d3-noticias\/","title":{"rendered":"Emprendedora del Sol 2026: convocaron a las Municipalidades para compartir la propuesta de este a\u00f1o \u2013 DIARIO D3 NOTICIAS"},"content":{"rendered":"<p> <br \/>\n<\/p>\n<div> <!--<![endif]--><br \/>\n\t<head><br \/>\n\t\t\t\t<meta charset=\"UTF-8\"\/><br \/>\n\t\t<meta http-equiv=\"X-UA-Compatible\" content=\"IE=edge\"\/><br \/>\n\t\t<meta name=\"viewport\" content=\"width=device-width, initial-scale=1.0\"\/>\n\t\t<link rel=\"pingback\" href=\"https:\/\/diariod3.com\/xmlrpc.php\"\/>\n<p>\t\t<title>Emprendedora del Sol 2026: convocaron a las Municipalidades para compartir la propuesta de este a\u00f1o \u2013 DIARIO D3 NOTICIAS | SAN JUAN ARGENTINA<\/title><br \/>\n<meta name=\"robots\" content=\"max-image-preview:large\"\/><\/p>\n<p><!-- Better Open Graph, Schema.org & Twitter Integration --><br \/>\n<meta property=\"og:locale\" content=\"es_ar\"\/><br \/>\n<meta property=\"og:site_name\" content=\"DIARIO D3 NOTICIAS | SAN JUAN ARGENTINA\"\/><br \/>\n<meta property=\"og:url\" content=\"https:\/\/diariod3.com\/emprendedora-del-sol-2026-convocaron-a-las-municipalidades-para-compartir-la-propuesta-de-este-ano\/\"\/><br \/>\n<meta property=\"og:title\" content=\"Emprendedora del Sol 2026: convocaron a las Municipalidades para compartir la propuesta de este a\u00f1o\"\/><br \/>\n<meta property=\"og:image\" content=\"https:\/\/diariod3.com\/wp-content\/uploads\/2026\/09\/images-8.jpg\"\/><br \/>\n<meta property=\"article:section\" content=\"TURISMO Y CULTURA\"\/><br \/>\n<meta property=\"og:description\" content=\"Emprendedora del Sol es un proyecto impulsado desde el Gobierno de San Juan, en el marco de la Fiesta Nacional del Sol. Para afinar detalles sobre la edici\u00f3n de este a\u00f1o, la directora de Industria y Comercio, Roc\u00edo C\u00e1rdenas, y el director de Pymes y \"\/><br \/>\n<meta property=\"og:type\" content=\"article\"\/><br \/>\n<meta name=\"twitter:card\" content=\"summary\"\/><br \/>\n<meta name=\"twitter:url\" content=\"https:\/\/diariod3.com\/emprendedora-del-sol-2026-convocaron-a-las-municipalidades-para-compartir-la-propuesta-de-este-ano\/\"\/><br \/>\n<meta name=\"twitter:title\" content=\"Emprendedora del Sol 2026: convocaron a las Municipalidades para compartir la propuesta de este a\u00f1o\"\/><br \/>\n<meta name=\"twitter:description\" content=\"Emprendedora del Sol es un proyecto impulsado desde el Gobierno de San Juan, en el marco de la Fiesta Nacional del Sol. Para afinar detalles sobre la edici\u00f3n de este a\u00f1o, la directora de Industria y Comercio, Roc\u00edo C\u00e1rdenas, y el director de Pymes y \"\/><br \/>\n<meta name=\"twitter:image\" content=\"https:\/\/diariod3.com\/wp-content\/uploads\/2026\/09\/images-8.jpg\"\/><br \/>\n<!-- \/ Better Open Graph, Schema.org & Twitter Integration. -->\n<link rel=\"dns-prefetch\" href=\"https:\/\/cdn.jsdelivr.net\"\/>\n<link rel=\"dns-prefetch\" href=\"https:\/\/www.googletagmanager.com\"\/>\n<link rel=\"dns-prefetch\" href=\"https:\/\/fonts.googleapis.com\"\/>\n<link rel=\"alternate\" type=\"application\/rss+xml\" title=\"DIARIO D3 NOTICIAS | SAN JUAN ARGENTINA \u00bb Feed\" href=\"https:\/\/diariod3.com\/feed\/\"\/>\n<link rel=\"alternate\" type=\"application\/rss+xml\" title=\"DIARIO D3 NOTICIAS | SAN JUAN ARGENTINA \u00bb RSS de los comentarios\" href=\"https:\/\/diariod3.com\/comments\/feed\/\"\/>\n<link rel=\"stylesheet\" id=\"wp-block-library-css\" href=\"https:\/\/diariod3.com\/wp-includes\/css\/dist\/block-library\/style.min.css?ver=6.7.5\" type=\"text\/css\" media=\"all\"\/>\n<link rel=\"stylesheet\" id=\"cbm-banners-css\" href=\"https:\/\/diariod3.com\/wp-content\/plugins\/central-banner-manager\/assets\/css\/banners.css?ver=1.6.11\" type=\"text\/css\" media=\"all\"\/>\n<link rel=\"stylesheet\" id=\"syt-frontend-css\" href=\"https:\/\/diariod3.com\/wp-content\/plugins\/video-de-portada\/assets\/css\/frontend.css?ver=1.0.0\" type=\"text\/css\" media=\"all\"\/>\n<link rel=\"stylesheet\" id=\"floating-video-player-public-css\" href=\"https:\/\/diariod3.com\/wp-content\/plugins\/floating-video-player\/public\/css\/floating-video-player.css?ver=1.0.6\" type=\"text\/css\" media=\"all\"\/>\n<link rel=\"stylesheet\" id=\"better-framework-main-fonts-css\" href=\"https:\/\/fonts.googleapis.com\/css?family=Lato:400,700%7CRoboto:400,500,900,400italic&amp;display=swap\" type=\"text\/css\" media=\"all\"\/>\n<p><!--[if lt IE 9]>\n\n<![endif]--><br \/>\n<!--[if lt IE 9]>\n\n<![endif]--><\/p>\n<p><!-- Google tag (gtag.js) snippet added by Site Kit --><\/p>\n<p><!-- Google Analytics snippet added by Site Kit --><\/p>\n<p><!-- End Google tag (gtag.js) snippet added by Site Kit -->\n<link rel=\"https:\/\/api.w.org\/\" href=\"https:\/\/diariod3.com\/wp-json\/\"\/><link rel=\"alternate\" title=\"JSON\" type=\"application\/json\" href=\"https:\/\/diariod3.com\/wp-json\/wp\/v2\/posts\/305681\"\/><link rel=\"EditURI\" type=\"application\/rsd+xml\" title=\"RSD\" href=\"https:\/\/diariod3.com\/xmlrpc.php?rsd\"\/>\n<meta name=\"generator\" content=\"WordPress 6.7.5\"\/>\n<link rel=\"canonical\" href=\"https:\/\/diariod3.com\/emprendedora-del-sol-2026-convocaron-a-las-municipalidades-para-compartir-la-propuesta-de-este-ano\/\"\/>\n<link rel=\"shortlink\" href=\"https:\/\/diariod3.com\/?p=305681\"\/>\n<link rel=\"alternate\" title=\"oEmbed (JSON)\" type=\"application\/json+oembed\" href=\"https:\/\/diariod3.com\/wp-json\/oembed\/1.0\/embed?url=https%3A%2F%2Fdiariod3.com%2Femprendedora-del-sol-2026-convocaron-a-las-municipalidades-para-compartir-la-propuesta-de-este-ano%2F\"\/>\n<link rel=\"alternate\" title=\"oEmbed (XML)\" type=\"text\/xml+oembed\" href=\"https:\/\/diariod3.com\/wp-json\/oembed\/1.0\/embed?url=https%3A%2F%2Fdiariod3.com%2Femprendedora-del-sol-2026-convocaron-a-las-municipalidades-para-compartir-la-propuesta-de-este-ano%2F&amp;format=xml\"\/>\n<meta name=\"generator\" content=\"Site Kit by Google 1.147.0\"\/><meta name=\"generator\" content=\"Powered by WPBakery Page Builder - drag and drop page builder for WordPress.\"\/><\/p>\n<link rel=\"stylesheet\" id=\"bf-minifed-css-1\" href=\"https:\/\/diariod3.com\/wp-content\/bs-booster-cache\/ee9c44c67a94b77342fc4d714bb4066b.css\" type=\"text\/css\" media=\"all\"\/>\n<link rel=\"stylesheet\" id=\"7.11.0-1783718368\" href=\"https:\/\/diariod3.com\/wp-content\/bs-booster-cache\/2e095bd79e870401d0473d9ad5ea1679.css\" type=\"text\/css\" media=\"all\"\/>\n<p>\t\t<noscript\/>\t<\/head><\/p>\n<p><body class=\"post-template-default single single-post postid-305681 single-format-standard bs-theme bs-publisher bs-publisher-clean-magazine active-light-box active-top-line ltr close-rh page-layout-2-col page-layout-2-col-right full-width main-menu-sticky-smart main-menu-stretched active-ajax-search single-prim-cat-3 single-cat-3 single-cat-9  wpb-js-composer js-comp-ver-8.0 vc_responsive bs-ll-a\" dir=\"ltr\" id=\"wp_automatic_ReadabilityBody\"><\/p>\n<div class=\"main-wrap content-main-wrap\">\n\t\t\t<!-- .header --><br \/>\n\t<!-- .rh-header --><\/p>\n<nav role=\"navigation\" aria-label=\"Breadcrumbs\" class=\"bf-breadcrumb clearfix bc-top-style\">\n<div class=\"container bf-breadcrumb-container\">\n<ul class=\"bf-breadcrumb-items\" itemscope=\"\" itemtype=\"http:\/\/schema.org\/BreadcrumbList\"><meta name=\"numberOfItems\" content=\"3\"\/><meta name=\"itemListOrder\" content=\"Ascending\"\/><\/p>\n<li itemprop=\"itemListElement\" itemscope=\"\" itemtype=\"http:\/\/schema.org\/ListItem\" class=\"bf-breadcrumb-item bf-breadcrumb-begin\"><a itemprop=\"item\" href=\"https:\/\/diariod3.com\" rel=\"home\"><span itemprop=\"name\">Home<\/span><\/a><meta itemprop=\"position\" content=\"1\"\/><\/li>\n<li itemprop=\"itemListElement\" itemscope=\"\" itemtype=\"http:\/\/schema.org\/ListItem\" class=\"bf-breadcrumb-item\"><a itemprop=\"item\" href=\"https:\/\/diariod3.com\/category\/san-juan\/\"><span itemprop=\"name\">SAN JUAN<\/span><\/a><meta itemprop=\"position\" content=\"2\"\/><\/li>\n<li itemprop=\"itemListElement\" itemscope=\"\" itemtype=\"http:\/\/schema.org\/ListItem\" class=\"bf-breadcrumb-item bf-breadcrumb-end\"><span itemprop=\"name\">Emprendedora del Sol 2026: convocaron a las Municipalidades para compartir la propuesta de este a\u00f1o<\/span><meta itemprop=\"item\" content=\"https:\/\/diariod3.com\/emprendedora-del-sol-2026-convocaron-a-las-municipalidades-para-compartir-la-propuesta-de-este-ano\/\"\/><meta itemprop=\"position\" content=\"3\"\/><\/li>\n<\/ul>\n<\/div>\n<\/nav>\n<p><!-- .content-wrap --><br \/>\n\t<!-- .footer -->\n\t\t<\/div>\n<p><!-- .main-wrap --><br \/>\n\t\t\t<span class=\"back-top\"><i class=\"fa fa-arrow-up\"\/><\/span><\/p>\n<p><\/body>\n<\/div>\n<p><br \/>\n<br \/><a href=\"https:\/\/diariod3.com\/emprendedora-del-sol-2026-convocaron-a-las-municipalidades-para-compartir-la-propuesta-de-este-ano\/\">Source link <\/a><\/p>\n","protected":false},"excerpt":{"rendered":"<p>Emprendedora del Sol 2026: convocaron a las Municipalidades para compartir la propuesta de este a\u00f1o \u2013 DIARIO D3 NOTICIAS | SAN JUAN ARGENTINA Home SAN JUAN Emprendedora del Sol 2026: convocaron a las Municipalidades para compartir la propuesta de este a\u00f1o Source link<\/p>\n","protected":false},"author":2,"featured_media":210485,"comment_status":"closed","ping_status":"closed","sticky":false,"template":"","format":"standard","meta":{"footnotes":""},"categories":[31],"tags":[],"class_list":["post-210484","post","type-post","status-publish","format-standard","has-post-thumbnail","hentry","category-turismo-y-cultura"],"yoast_head":"<!-- This site is optimized with the Yoast SEO plugin v24.4 - https:\/\/yoast.com\/wordpress\/plugins\/seo\/ -->\n<title>Emprendedora del Sol 2026: convocaron a las Municipalidades para compartir la propuesta de este a\u00f1o \u2013 DIARIO D3 NOTICIAS - GYS NOTICIAS |<\/title>\n<meta name=\"robots\" content=\"index, follow, max-snippet:-1, max-image-preview:large, max-video-preview:-1\" \/>\n<link rel=\"canonical\" href=\"https:\/\/gysfm.com.ar\/inicio\/emprendedora-del-sol-2026-convocaron-a-las-municipalidades-para-compartir-la-propuesta-de-este-ano-diario-d3-noticias\/\" \/>\n<meta property=\"og:locale\" content=\"es_ES\" \/>\n<meta property=\"og:type\" content=\"article\" \/>\n<meta property=\"og:title\" content=\"Emprendedora del Sol 2026: convocaron a las Municipalidades para compartir la propuesta de este a\u00f1o \u2013 DIARIO D3 NOTICIAS - GYS NOTICIAS |\" \/>\n<meta property=\"og:description\" content=\"Emprendedora del Sol 2026: convocaron a las Municipalidades para compartir la propuesta de este a\u00f1o \u2013 DIARIO D3 NOTICIAS | SAN JUAN ARGENTINA Home SAN JUAN Emprendedora del Sol 2026: convocaron a las Municipalidades para compartir la propuesta de este a\u00f1o Source link\" \/>\n<meta property=\"og:url\" content=\"https:\/\/gysfm.com.ar\/inicio\/emprendedora-del-sol-2026-convocaron-a-las-municipalidades-para-compartir-la-propuesta-de-este-ano-diario-d3-noticias\/\" \/>\n<meta property=\"og:site_name\" content=\"GYS NOTICIAS |\" \/>\n<meta property=\"article:published_time\" content=\"2026-09-04T23:42:44+00:00\" \/>\n<meta name=\"author\" content=\"Prensa G&amp;S FM\" \/>\n<meta name=\"twitter:card\" content=\"summary_large_image\" \/>\n<meta name=\"twitter:label1\" content=\"Escrito por\" \/>\n\t<meta name=\"twitter:data1\" content=\"Prensa G&amp;S FM\" \/>\n<script type=\"application\/ld+json\" class=\"yoast-schema-graph\">{\"@context\":\"https:\/\/schema.org\",\"@graph\":[{\"@type\":\"Article\",\"@id\":\"https:\/\/gysfm.com.ar\/inicio\/emprendedora-del-sol-2026-convocaron-a-las-municipalidades-para-compartir-la-propuesta-de-este-ano-diario-d3-noticias\/#article\",\"isPartOf\":{\"@id\":\"https:\/\/gysfm.com.ar\/inicio\/emprendedora-del-sol-2026-convocaron-a-las-municipalidades-para-compartir-la-propuesta-de-este-ano-diario-d3-noticias\/\"},\"author\":{\"name\":\"Prensa G&amp;S FM\",\"@id\":\"https:\/\/gysfm.com.ar\/inicio\/#\/schema\/person\/3abba7593ef2ad19e1be221d54383dc5\"},\"headline\":\"Emprendedora del Sol 2026: convocaron a las Municipalidades para compartir la propuesta de este a\u00f1o \u2013 DIARIO D3 NOTICIAS\",\"datePublished\":\"2026-09-04T23:42:44+00:00\",\"mainEntityOfPage\":{\"@id\":\"https:\/\/gysfm.com.ar\/inicio\/emprendedora-del-sol-2026-convocaron-a-las-municipalidades-para-compartir-la-propuesta-de-este-ano-diario-d3-noticias\/\"},\"wordCount\":61,\"publisher\":{\"@id\":\"https:\/\/gysfm.com.ar\/inicio\/#organization\"},\"image\":{\"@id\":\"https:\/\/gysfm.com.ar\/inicio\/emprendedora-del-sol-2026-convocaron-a-las-municipalidades-para-compartir-la-propuesta-de-este-ano-diario-d3-noticias\/#primaryimage\"},\"thumbnailUrl\":\"https:\/\/gysfm.com.ar\/inicio\/wp-content\/uploads\/2026\/09\/images-8.jpg\",\"articleSection\":[\"TURISMO Y CULTURA\"],\"inLanguage\":\"es\"},{\"@type\":\"WebPage\",\"@id\":\"https:\/\/gysfm.com.ar\/inicio\/emprendedora-del-sol-2026-convocaron-a-las-municipalidades-para-compartir-la-propuesta-de-este-ano-diario-d3-noticias\/\",\"url\":\"https:\/\/gysfm.com.ar\/inicio\/emprendedora-del-sol-2026-convocaron-a-las-municipalidades-para-compartir-la-propuesta-de-este-ano-diario-d3-noticias\/\",\"name\":\"Emprendedora del Sol 2026: convocaron a las Municipalidades para compartir la propuesta de este a\u00f1o \u2013 DIARIO D3 NOTICIAS - GYS NOTICIAS |\",\"isPartOf\":{\"@id\":\"https:\/\/gysfm.com.ar\/inicio\/#website\"},\"primaryImageOfPage\":{\"@id\":\"https:\/\/gysfm.com.ar\/inicio\/emprendedora-del-sol-2026-convocaron-a-las-municipalidades-para-compartir-la-propuesta-de-este-ano-diario-d3-noticias\/#primaryimage\"},\"image\":{\"@id\":\"https:\/\/gysfm.com.ar\/inicio\/emprendedora-del-sol-2026-convocaron-a-las-municipalidades-para-compartir-la-propuesta-de-este-ano-diario-d3-noticias\/#primaryimage\"},\"thumbnailUrl\":\"https:\/\/gysfm.com.ar\/inicio\/wp-content\/uploads\/2026\/09\/images-8.jpg\",\"datePublished\":\"2026-09-04T23:42:44+00:00\",\"breadcrumb\":{\"@id\":\"https:\/\/gysfm.com.ar\/inicio\/emprendedora-del-sol-2026-convocaron-a-las-municipalidades-para-compartir-la-propuesta-de-este-ano-diario-d3-noticias\/#breadcrumb\"},\"inLanguage\":\"es\",\"potentialAction\":[{\"@type\":\"ReadAction\",\"target\":[\"https:\/\/gysfm.com.ar\/inicio\/emprendedora-del-sol-2026-convocaron-a-las-municipalidades-para-compartir-la-propuesta-de-este-ano-diario-d3-noticias\/\"]}]},{\"@type\":\"ImageObject\",\"inLanguage\":\"es\",\"@id\":\"https:\/\/gysfm.com.ar\/inicio\/emprendedora-del-sol-2026-convocaron-a-las-municipalidades-para-compartir-la-propuesta-de-este-ano-diario-d3-noticias\/#primaryimage\",\"url\":\"https:\/\/gysfm.com.ar\/inicio\/wp-content\/uploads\/2026\/09\/images-8.jpg\",\"contentUrl\":\"https:\/\/gysfm.com.ar\/inicio\/wp-content\/uploads\/2026\/09\/images-8.jpg\",\"width\":739,\"height\":415},{\"@type\":\"BreadcrumbList\",\"@id\":\"https:\/\/gysfm.com.ar\/inicio\/emprendedora-del-sol-2026-convocaron-a-las-municipalidades-para-compartir-la-propuesta-de-este-ano-diario-d3-noticias\/#breadcrumb\",\"itemListElement\":[{\"@type\":\"ListItem\",\"position\":1,\"name\":\"Portada\",\"item\":\"https:\/\/gysfm.com.ar\/inicio\/\"},{\"@type\":\"ListItem\",\"position\":2,\"name\":\"Emprendedora del Sol 2026: convocaron a las Municipalidades para compartir la propuesta de este a\u00f1o \u2013 DIARIO D3 NOTICIAS\"}]},{\"@type\":\"WebSite\",\"@id\":\"https:\/\/gysfm.com.ar\/inicio\/#website\",\"url\":\"https:\/\/gysfm.com.ar\/inicio\/\",\"name\":\"GYS NOTICIAS |\",\"description\":\"DIARIO - RADIO ONLINE SAN JUAN ARGENTINA\",\"publisher\":{\"@id\":\"https:\/\/gysfm.com.ar\/inicio\/#organization\"},\"potentialAction\":[{\"@type\":\"SearchAction\",\"target\":{\"@type\":\"EntryPoint\",\"urlTemplate\":\"https:\/\/gysfm.com.ar\/inicio\/?s={search_term_string}\"},\"query-input\":{\"@type\":\"PropertyValueSpecification\",\"valueRequired\":true,\"valueName\":\"search_term_string\"}}],\"inLanguage\":\"es\"},{\"@type\":\"Organization\",\"@id\":\"https:\/\/gysfm.com.ar\/inicio\/#organization\",\"name\":\"GYS NOTICIAS |\",\"url\":\"https:\/\/gysfm.com.ar\/inicio\/\",\"logo\":{\"@type\":\"ImageObject\",\"inLanguage\":\"es\",\"@id\":\"https:\/\/gysfm.com.ar\/inicio\/#\/schema\/logo\/image\/\",\"url\":\"https:\/\/gysfm.com.ar\/inicio\/wp-content\/uploads\/2023\/07\/LOGOGYS-OK.png\",\"contentUrl\":\"https:\/\/gysfm.com.ar\/inicio\/wp-content\/uploads\/2023\/07\/LOGOGYS-OK.png\",\"width\":1170,\"height\":872,\"caption\":\"GYS NOTICIAS |\"},\"image\":{\"@id\":\"https:\/\/gysfm.com.ar\/inicio\/#\/schema\/logo\/image\/\"}},{\"@type\":\"Person\",\"@id\":\"https:\/\/gysfm.com.ar\/inicio\/#\/schema\/person\/3abba7593ef2ad19e1be221d54383dc5\",\"name\":\"Prensa G&amp;S FM\",\"image\":{\"@type\":\"ImageObject\",\"inLanguage\":\"es\",\"@id\":\"https:\/\/gysfm.com.ar\/inicio\/#\/schema\/person\/image\/\",\"url\":\"https:\/\/secure.gravatar.com\/avatar\/096ec78df02049ab018702bb4ccedf659377fa92a26540b5247612077a0dbd29?s=96&d=mm&r=g\",\"contentUrl\":\"https:\/\/secure.gravatar.com\/avatar\/096ec78df02049ab018702bb4ccedf659377fa92a26540b5247612077a0dbd29?s=96&d=mm&r=g\",\"caption\":\"Prensa G&amp;S FM\"},\"sameAs\":[\"https:\/\/gysfm.com.ar\/\"],\"url\":\"https:\/\/gysfm.com.ar\/inicio\/author\/lucasm\/\"}]}<\/script>\n<!-- \/ Yoast SEO plugin. -->","yoast_head_json":{"title":"Emprendedora del Sol 2026: convocaron a las Municipalidades para compartir la propuesta de este a\u00f1o \u2013 DIARIO D3 NOTICIAS - GYS NOTICIAS |","robots":{"index":"index","follow":"follow","max-snippet":"max-snippet:-1","max-image-preview":"max-image-preview:large","max-video-preview":"max-video-preview:-1"},"canonical":"https:\/\/gysfm.com.ar\/inicio\/emprendedora-del-sol-2026-convocaron-a-las-municipalidades-para-compartir-la-propuesta-de-este-ano-diario-d3-noticias\/","og_locale":"es_ES","og_type":"article","og_title":"Emprendedora del Sol 2026: convocaron a las Municipalidades para compartir la propuesta de este a\u00f1o \u2013 DIARIO D3 NOTICIAS - GYS NOTICIAS |","og_description":"Emprendedora del Sol 2026: convocaron a las Municipalidades para compartir la propuesta de este a\u00f1o \u2013 DIARIO D3 NOTICIAS | SAN JUAN ARGENTINA Home SAN JUAN Emprendedora del Sol 2026: convocaron a las Municipalidades para compartir la propuesta de este a\u00f1o Source link","og_url":"https:\/\/gysfm.com.ar\/inicio\/emprendedora-del-sol-2026-convocaron-a-las-municipalidades-para-compartir-la-propuesta-de-este-ano-diario-d3-noticias\/","og_site_name":"GYS NOTICIAS |","article_published_time":"2026-09-04T23:42:44+00:00","author":"Prensa G&amp;S FM","twitter_card":"summary_large_image","twitter_misc":{"Escrito por":"Prensa G&amp;S FM"},"schema":{"@context":"https:\/\/schema.org","@graph":[{"@type":"Article","@id":"https:\/\/gysfm.com.ar\/inicio\/emprendedora-del-sol-2026-convocaron-a-las-municipalidades-para-compartir-la-propuesta-de-este-ano-diario-d3-noticias\/#article","isPartOf":{"@id":"https:\/\/gysfm.com.ar\/inicio\/emprendedora-del-sol-2026-convocaron-a-las-municipalidades-para-compartir-la-propuesta-de-este-ano-diario-d3-noticias\/"},"author":{"name":"Prensa G&amp;S FM","@id":"https:\/\/gysfm.com.ar\/inicio\/#\/schema\/person\/3abba7593ef2ad19e1be221d54383dc5"},"headline":"Emprendedora del Sol 2026: convocaron a las Municipalidades para compartir la propuesta de este a\u00f1o \u2013 DIARIO D3 NOTICIAS","datePublished":"2026-09-04T23:42:44+00:00","mainEntityOfPage":{"@id":"https:\/\/gysfm.com.ar\/inicio\/emprendedora-del-sol-2026-convocaron-a-las-municipalidades-para-compartir-la-propuesta-de-este-ano-diario-d3-noticias\/"},"wordCount":61,"publisher":{"@id":"https:\/\/gysfm.com.ar\/inicio\/#organization"},"image":{"@id":"https:\/\/gysfm.com.ar\/inicio\/emprendedora-del-sol-2026-convocaron-a-las-municipalidades-para-compartir-la-propuesta-de-este-ano-diario-d3-noticias\/#primaryimage"},"thumbnailUrl":"https:\/\/gysfm.com.ar\/inicio\/wp-content\/uploads\/2026\/09\/images-8.jpg","articleSection":["TURISMO Y CULTURA"],"inLanguage":"es"},{"@type":"WebPage","@id":"https:\/\/gysfm.com.ar\/inicio\/emprendedora-del-sol-2026-convocaron-a-las-municipalidades-para-compartir-la-propuesta-de-este-ano-diario-d3-noticias\/","url":"https:\/\/gysfm.com.ar\/inicio\/emprendedora-del-sol-2026-convocaron-a-las-municipalidades-para-compartir-la-propuesta-de-este-ano-diario-d3-noticias\/","name":"Emprendedora del Sol 2026: convocaron a las Municipalidades para compartir la propuesta de este a\u00f1o \u2013 DIARIO D3 NOTICIAS - GYS NOTICIAS |","isPartOf":{"@id":"https:\/\/gysfm.com.ar\/inicio\/#website"},"primaryImageOfPage":{"@id":"https:\/\/gysfm.com.ar\/inicio\/emprendedora-del-sol-2026-convocaron-a-las-municipalidades-para-compartir-la-propuesta-de-este-ano-diario-d3-noticias\/#primaryimage"},"image":{"@id":"https:\/\/gysfm.com.ar\/inicio\/emprendedora-del-sol-2026-convocaron-a-las-municipalidades-para-compartir-la-propuesta-de-este-ano-diario-d3-noticias\/#primaryimage"},"thumbnailUrl":"https:\/\/gysfm.com.ar\/inicio\/wp-content\/uploads\/2026\/09\/images-8.jpg","datePublished":"2026-09-04T23:42:44+00:00","breadcrumb":{"@id":"https:\/\/gysfm.com.ar\/inicio\/emprendedora-del-sol-2026-convocaron-a-las-municipalidades-para-compartir-la-propuesta-de-este-ano-diario-d3-noticias\/#breadcrumb"},"inLanguage":"es","potentialAction":[{"@type":"ReadAction","target":["https:\/\/gysfm.com.ar\/inicio\/emprendedora-del-sol-2026-convocaron-a-las-municipalidades-para-compartir-la-propuesta-de-este-ano-diario-d3-noticias\/"]}]},{"@type":"ImageObject","inLanguage":"es","@id":"https:\/\/gysfm.com.ar\/inicio\/emprendedora-del-sol-2026-convocaron-a-las-municipalidades-para-compartir-la-propuesta-de-este-ano-diario-d3-noticias\/#primaryimage","url":"https:\/\/gysfm.com.ar\/inicio\/wp-content\/uploads\/2026\/09\/images-8.jpg","contentUrl":"https:\/\/gysfm.com.ar\/inicio\/wp-content\/uploads\/2026\/09\/images-8.jpg","width":739,"height":415},{"@type":"BreadcrumbList","@id":"https:\/\/gysfm.com.ar\/inicio\/emprendedora-del-sol-2026-convocaron-a-las-municipalidades-para-compartir-la-propuesta-de-este-ano-diario-d3-noticias\/#breadcrumb","itemListElement":[{"@type":"ListItem","position":1,"name":"Portada","item":"https:\/\/gysfm.com.ar\/inicio\/"},{"@type":"ListItem","position":2,"name":"Emprendedora del Sol 2026: convocaron a las Municipalidades para compartir la propuesta de este a\u00f1o \u2013 DIARIO D3 NOTICIAS"}]},{"@type":"WebSite","@id":"https:\/\/gysfm.com.ar\/inicio\/#website","url":"https:\/\/gysfm.com.ar\/inicio\/","name":"GYS NOTICIAS |","description":"DIARIO - RADIO ONLINE SAN JUAN ARGENTINA","publisher":{"@id":"https:\/\/gysfm.com.ar\/inicio\/#organization"},"potentialAction":[{"@type":"SearchAction","target":{"@type":"EntryPoint","urlTemplate":"https:\/\/gysfm.com.ar\/inicio\/?s={search_term_string}"},"query-input":{"@type":"PropertyValueSpecification","valueRequired":true,"valueName":"search_term_string"}}],"inLanguage":"es"},{"@type":"Organization","@id":"https:\/\/gysfm.com.ar\/inicio\/#organization","name":"GYS NOTICIAS |","url":"https:\/\/gysfm.com.ar\/inicio\/","logo":{"@type":"ImageObject","inLanguage":"es","@id":"https:\/\/gysfm.com.ar\/inicio\/#\/schema\/logo\/image\/","url":"https:\/\/gysfm.com.ar\/inicio\/wp-content\/uploads\/2023\/07\/LOGOGYS-OK.png","contentUrl":"https:\/\/gysfm.com.ar\/inicio\/wp-content\/uploads\/2023\/07\/LOGOGYS-OK.png","width":1170,"height":872,"caption":"GYS NOTICIAS |"},"image":{"@id":"https:\/\/gysfm.com.ar\/inicio\/#\/schema\/logo\/image\/"}},{"@type":"Person","@id":"https:\/\/gysfm.com.ar\/inicio\/#\/schema\/person\/3abba7593ef2ad19e1be221d54383dc5","name":"Prensa G&amp;S FM","image":{"@type":"ImageObject","inLanguage":"es","@id":"https:\/\/gysfm.com.ar\/inicio\/#\/schema\/person\/image\/","url":"https:\/\/secure.gravatar.com\/avatar\/096ec78df02049ab018702bb4ccedf659377fa92a26540b5247612077a0dbd29?s=96&d=mm&r=g","contentUrl":"https:\/\/secure.gravatar.com\/avatar\/096ec78df02049ab018702bb4ccedf659377fa92a26540b5247612077a0dbd29?s=96&d=mm&r=g","caption":"Prensa G&amp;S FM"},"sameAs":["https:\/\/gysfm.com.ar\/"],"url":"https:\/\/gysfm.com.ar\/inicio\/author\/lucasm\/"}]}},"_links":{"self":[{"href":"https:\/\/gysfm.com.ar\/inicio\/wp-json\/wp\/v2\/posts\/210484","targetHints":{"allow":["GET"]}}],"collection":[{"href":"https:\/\/gysfm.com.ar\/inicio\/wp-json\/wp\/v2\/posts"}],"about":[{"href":"https:\/\/gysfm.com.ar\/inicio\/wp-json\/wp\/v2\/types\/post"}],"author":[{"embeddable":true,"href":"https:\/\/gysfm.com.ar\/inicio\/wp-json\/wp\/v2\/users\/2"}],"replies":[{"embeddable":true,"href":"https:\/\/gysfm.com.ar\/inicio\/wp-json\/wp\/v2\/comments?post=210484"}],"version-history":[{"count":0,"href":"https:\/\/gysfm.com.ar\/inicio\/wp-json\/wp\/v2\/posts\/210484\/revisions"}],"wp:featuredmedia":[{"embeddable":true,"href":"https:\/\/gysfm.com.ar\/inicio\/wp-json\/wp\/v2\/media\/210485"}],"wp:attachment":[{"href":"https:\/\/gysfm.com.ar\/inicio\/wp-json\/wp\/v2\/media?parent=210484"}],"wp:term":[{"taxonomy":"category","embeddable":true,"href":"https:\/\/gysfm.com.ar\/inicio\/wp-json\/wp\/v2\/categories?post=210484"},{"taxonomy":"post_tag","embeddable":true,"href":"https:\/\/gysfm.com.ar\/inicio\/wp-json\/wp\/v2\/tags?post=210484"}],"curies":[{"name":"wp","href":"https:\/\/api.w.org\/{rel}","templated":true}]}}