{"id":210466,"date":"2026-09-04T18:00:07","date_gmt":"2026-09-04T21:00:07","guid":{"rendered":"https:\/\/gysfm.com.ar\/inicio\/la-dura-respuesta-de-la-nieta-de-salvador-allende-a-milei-por-sus-dichos-sobre-pinochet\/"},"modified":"2026-09-04T18:00:08","modified_gmt":"2026-09-04T21:00:08","slug":"la-dura-respuesta-de-la-nieta-de-salvador-allende-a-milei-por-sus-dichos-sobre-pinochet","status":"publish","type":"post","link":"https:\/\/gysfm.com.ar\/inicio\/la-dura-respuesta-de-la-nieta-de-salvador-allende-a-milei-por-sus-dichos-sobre-pinochet\/","title":{"rendered":"La dura respuesta de la nieta de Salvador Allende a Milei por sus dichos sobre Pinochet"},"content":{"rendered":"<p> <br \/>\n<\/p>\n<div>\n<p class=\"com-paragraph --capital --s\">SANTIAGO DE CHILE.\u2013 La exministra de Defensa chilena <strong>Maya Fern\u00e1ndez<\/strong>, nieta del expresidente <strong>Salvador Allende<\/strong>, sali\u00f3 este jueves al cruce del presidente argentino, <strong>Javier Milei<\/strong>, despu\u00e9s de que el mandatario reivindicara el derrocamiento del l\u00edder socialista <a href=\"https:\/\/www.lanacion.com.ar\/politica\/milei-vuelve-de-chile-y-graba-la-cadena-nacional-por-malvinas-acompanado-por-su-gabinete-nid03092026\/\" target=\"_self\" title=\"https:\/\/www.lanacion.com.ar\/politica\/milei-vuelve-de-chile-y-graba-la-cadena-nacional-por-malvinas-acompanado-por-su-gabinete-nid03092026\/\" class=\"com-link break-word\" data-mrf-recirculation=\"n_link_parrafo\">durante un discurso en Santiago<\/a> y calificara a sus adversarios de izquierda como <strong>\u201czurdos mugrosos\u201d<\/strong> y un <strong>\u201cc\u00e1ncer\u201d<\/strong>.<\/p>\n<p class=\"com-paragraph --s\">Fern\u00e1ndez consider\u00f3 <strong>\u201cen extremo graves\u201d<\/strong> las declaraciones de Milei y cuestion\u00f3 especialmente que el presidente argentino <strong>presentara el golpe de Estado de 1973 como el inicio de una etapa de estabilidad y crecimiento<\/strong> para Chile.<\/p>\n<div class=\"content-media\">\n<section role=\"button\" class=\"mod-media   \">\n<figure role=\"button\" tabindex=\"0\" class=\"mod-figure \"><figcaption class=\"mod-figcaption\"><span class=\"com-text --caption --twoxs\">Kast y Milei saludan desde un balc\u00f3n del Palacio de La Moneda durante una ceremonia de bienvenida en Santiago<\/span><span class=\"com-text --credit --twoxs\">RAUL BRAVO &#8211; AFP<\/span><\/figcaption><\/figure>\n<\/section>\n<\/div>\n<p class=\"com-paragraph --s\">Durante la inauguraci\u00f3n del <strong>Foro Madrid<\/strong>, un encuentro que re\u00fane a dirigentes y referentes de la derecha y la ultraderecha iberoamericana, Milei afirm\u00f3 que <strong>\u201ctras el derrocamiento del comunista Allende, Chile entr\u00f3 en un periodo de estabilidad y crecimiento que se extendi\u00f3 por m\u00e1s de 40 a\u00f1os\u201d<\/strong> y sostuvo que, gracias a ese proceso, el pa\u00eds se convirti\u00f3 en \u201cla envidia\u201d econ\u00f3mica de la regi\u00f3n.<\/p>\n<p class=\"com-paragraph --s\">La respuesta de la nieta del exmandatario no tard\u00f3 en llegar. En una declaraci\u00f3n p\u00fablica, Fern\u00e1ndez reproch\u00f3 que Milei <strong>\u201celogia el derrocamiento de un Presidente elegido democr\u00e1ticamente\u201d<\/strong> y advirti\u00f3 que esa interpretaci\u00f3n de la historia chilena <strong>\u201cnormaliza la ruptura institucional y el golpe de Estado\u201d<\/strong>.<\/p>\n<p class=\"com-paragraph --s\">\u201cEs una idea que ning\u00fan pa\u00eds que valore su democracia deber\u00eda tolerar, y menos a\u00fan celebrar destempladamente\u201d, sostuvo la exfuncionaria del gobierno de <strong>Gabriel Boric<\/strong>.<\/p>\n<div class=\"content-media\">\n<section role=\"button\" class=\"mod-media   \">\n<figure role=\"button\" tabindex=\"0\" class=\"mod-figure \"><figcaption class=\"mod-figcaption\"><span class=\"com-text --caption --twoxs\">La ministra de la Defensa de Chile, Maya Fern\u00e1ndez, y el presidente chileno Gabriel Boric, durante un desfile militar para conmemorar el D\u00eda de la Independencia<\/span><\/figcaption><\/figure>\n<\/section>\n<\/div>\n<p class=\"com-paragraph --s\">Fern\u00e1ndez remarc\u00f3 adem\u00e1s que las palabras del presidente argentino adquieren una gravedad especial por haber sido pronunciadas <strong>a pocos d\u00edas del 53\u00b0 aniversario del golpe militar del 11 de septiembre de 1973<\/strong>, encabezado por Augusto Pinochet.<\/p>\n<p class=\"com-paragraph --s\">Seg\u00fan se\u00f1al\u00f3, esa fecha recuerda <strong>\u201cel inicio de una dictadura responsable de torturas, asesinatos, desapariciones forzadas y graves violaciones a los derechos humanos\u201d<\/strong>.<\/p>\n<p class=\"com-paragraph --s\">En el tramo m\u00e1s duro de su declaraci\u00f3n, la exministra afirm\u00f3 que las palabras de Milei <strong>\u201cevidencian una preocupante indolencia hacia las v\u00edctimas y sus familias, una falta de respeto por la memoria democr\u00e1tica de Chile y, en el fondo, una profunda falta de humanidad\u201d<\/strong>.<\/p>\n<p><h2 class=\"font-primary font-w-bold text-subheading-lg text-left container-center-100 mb-8\"><span>La reivindicaci\u00f3n de Milei<\/span><\/h2>\n<\/p>\n<p class=\"com-paragraph --s\">Las cr\u00edticas de Fern\u00e1ndez surgieron luego del discurso que Milei pronunci\u00f3 en Santiago para inaugurar el Foro Madrid, donde hizo una extensa lectura de la historia pol\u00edtica reciente de Chile y volvi\u00f3 a reivindicar la llamada <strong>\u201cbatalla cultural\u201d<\/strong> contra la izquierda.<\/p>\n<div class=\"content-media\">\n<section role=\"button\" class=\"mod-media   \">\n<figure role=\"button\" tabindex=\"0\" class=\"mod-figure \"><figcaption class=\"mod-figcaption\"><span class=\"com-text --caption --twoxs\">El exdictador chileno Augusto Pinochet saluda a sus partidarios desde la pista de un aeropuerto militar local, despu\u00e9s de llegar desde Londres<\/span><span class=\"com-text --credit --twoxs\">RICKEY ROGERS &#8211; X00232<\/span><\/figcaption><\/figure>\n<\/section>\n<\/div>\n<p class=\"com-paragraph --s\">\u201cChile es un lugar emblem\u00e1tico, porque con su historia reciente nos recuerda el valor inmenso de dar la batalla cultural tras el derrocamiento del comunista Allende\u201d, afirm\u00f3 el mandatario argentino, luego de celebrar <strong>\u201cla victoria de mi amigo Jos\u00e9 Antonio Kast\u201d<\/strong>.<\/p>\n<p class=\"com-paragraph --s\">Milei sostuvo que, tras la ca\u00edda de Allende, <strong>\u201cganaron las ideas de la libertad\u201d<\/strong>, pero consider\u00f3 que la derecha chilena cometi\u00f3 el error de abandonar posteriormente la disputa ideol\u00f3gica en medios de comunicaci\u00f3n, universidades y otros \u00e1mbitos culturales.<\/p>\n<p class=\"com-paragraph --s\">A su juicio, esa falta de confrontaci\u00f3n <a href=\"https:\/\/www.lanacion.com.ar\/el-mundo\/un-chile-agobiado-y-frustrado-tras-el-estallido-social-vuelve-a-inclinarse-hacia-la-derecha-en-busca-nid13112025\/\" target=\"_self\" title=\"https:\/\/www.lanacion.com.ar\/el-mundo\/un-chile-agobiado-y-frustrado-tras-el-estallido-social-vuelve-a-inclinarse-hacia-la-derecha-en-busca-nid13112025\/\" class=\"com-link break-word\" data-mrf-recirculation=\"n_link_parrafo\"><strong>explica el estallido social que sacudi\u00f3 Chile en 2019<\/strong><\/a>.<\/p>\n<p class=\"com-paragraph --s\">\u201cSabemos que el motivo por el cual el estallido era inevitable fue que por demasiado tiempo aqu\u00ed descuidaron el terreno de la batalla de las ideas\u201d, afirm\u00f3.<\/p>\n<div class=\"content-media\">\n<section role=\"button\" class=\"mod-media   \">\n<figure role=\"button\" tabindex=\"0\" class=\"mod-figure \"><figcaption class=\"mod-figcaption\"><span class=\"com-text --caption --twoxs\">Un hombre que sostiene una fotograf\u00eda del difunto presidente de Chile, Salvador Allende, participa en una manifestaci\u00f3n que conmemora el 50 aniversario de un golpe militar liderado por el general Augusto Pinochet en Santiago<\/span><span class=\"com-text --credit --twoxs\">Matias Basualdo &#8211; AP<\/span><\/figcaption><\/figure>\n<\/section>\n<\/div>\n<p class=\"com-paragraph --s\">El Presidente <strong>rechaz\u00f3 adem\u00e1s la interpretaci\u00f3n de que las protestas hubieran sido consecuencia de las desigualdades del modelo econ\u00f3mico chileno<\/strong> y asegur\u00f3 que las condiciones de vida de los sectores de menores ingresos en Chile eran mejores que en otros pa\u00edses de la regi\u00f3n.<\/p>\n<p class=\"com-paragraph --s\">Seg\u00fan Milei, aunque la derecha hab\u00eda ganado durante d\u00e9cadas en el terreno econ\u00f3mico, permiti\u00f3 que sus adversarios avanzaran en el plano cultural. \u201cY cuando ellos ganan en el terreno del bien y del mal, terminan ganando pol\u00edticamente\u201d, sostuvo.<\/p>\n<p><h2 class=\"font-primary font-w-bold text-subheading-lg text-left container-center-100 mb-8\"><span>Duras descalificaciones<\/span><\/h2>\n<\/p>\n<p class=\"com-paragraph --s\">Milei volvi\u00f3 luego sobre el presente pol\u00edtico regional y llam\u00f3 a los sectores de derecha a coordinarse frente a la izquierda, a la que acus\u00f3 de utilizar los medios de comunicaci\u00f3n para intentar recuperar el poder.<\/p>\n<p class=\"com-paragraph --s\">En ese marco, lanz\u00f3 algunas de las frases m\u00e1s agresivas de su discurso. Milei calific\u00f3 a sus adversarios ideol\u00f3gicos de <strong>\u201czurdos mugrosos\u201d<\/strong> y defini\u00f3 a la izquierda como un <strong>\u201cc\u00e1ncer\u201d<\/strong>.<\/p>\n<div class=\"content-media\">\n<section role=\"button\" class=\"mod-media   \">\n<figure role=\"button\" tabindex=\"0\" class=\"mod-figure \"><figcaption class=\"mod-figcaption\"><span class=\"com-text --caption --twoxs\">Pedro S\u00e1nchez saluda al expresidente de Chile Gabriel Boric durante la cumbre Encuentro en Defensa de la Democracia, en Barcelona<\/span><span class=\"com-text --credit --twoxs\">Joan Monfort &#8211; AP<\/span><\/figcaption><\/figure>\n<\/section>\n<\/div>\n<p class=\"com-paragraph --s\">El discurso incluy\u00f3 adem\u00e1s cr\u00edticas contra Europa y, en particular, contra el presidente del gobierno espa\u00f1ol, <strong>Pedro S\u00e1nchez<\/strong>, cuyo Ejecutivo calific\u00f3 como un <strong>\u201cgobierno de ladrones\u201d<\/strong>.<\/p>\n<p class=\"com-paragraph --s\">La intervenci\u00f3n de Milei se produjo durante una visita marcada por su cercan\u00eda pol\u00edtica con Kast, pero las referencias a Allende y a la dictadura de Pinochet abrieron r\u00e1pidamente un nuevo frente de controversia en Chile, donde la memoria del golpe de 1973 contin\u00faa siendo uno de los temas m\u00e1s sensibles de la vida pol\u00edtica.<\/p>\n<p class=\"com-paragraph --s\">La tensi\u00f3n se sum\u00f3 adem\u00e1s a otro cruce reciente con sectores argentinos. D\u00edas atr\u00e1s, Maya Fern\u00e1ndez hab\u00eda publicado en X un mensaje tajante en medio de la controversia bilateral por la soberan\u00eda de la estrat\u00e9gica v\u00eda mar\u00edtima austral: <strong>\u201cEl Estrecho de Magallanes es chileno\u201d<\/strong>.<\/p>\n<p class=\"com-paragraph --s\"><strong>Agencia ANSA<\/strong><\/p>\n<section class=\"container-center-100 mb-40 border border-bottom border-thin border-neutral-light-700\">\n<hr\/>\n<\/section>\n<\/div>\n<p><script id=\"facebookpixel\" defer=\"\" type=\"text\/javascript\">\n        !function(f,b,e,v,n,t,s)\n        {if(f.fbq)return;n=f.fbq=function(){n.callMethod?\n        n.callMethod.apply(n,arguments):n.queue.push(arguments)};\n        if(!f._fbq)f._fbq=n;n.push=n;n.loaded=!0;n.version='2.0';\n        n.queue=[];t=b.createElement(e);t.async=!0;\n        t.src=v;s=b.getElementsByTagName(e)[0];\n        s.parentNode.insertBefore(t,s)}(window, document,'script',\n        'https:\/\/connect.facebook.net\/en_US\/fbevents.js');\n        fbq('init', '492459597522335');\n        fbq('track', 'PageView');\n    <\/script><br \/>\n<br \/><\/p>\n","protected":false},"excerpt":{"rendered":"<p>SANTIAGO DE CHILE.\u2013 La exministra de Defensa chilena Maya Fern\u00e1ndez, nieta del expresidente Salvador Allende, sali\u00f3 este jueves al cruce del presidente argentino, Javier Milei, despu\u00e9s de que el mandatario reivindicara el derrocamiento del l\u00edder socialista durante un discurso en Santiago y calificara a sus adversarios de izquierda como \u201czurdos mugrosos\u201d y un \u201cc\u00e1ncer\u201d. Fern\u00e1ndez [&hellip;]<\/p>\n","protected":false},"author":2,"featured_media":210467,"comment_status":"closed","ping_status":"closed","sticky":false,"template":"","format":"standard","meta":{"footnotes":""},"categories":[26],"tags":[],"class_list":["post-210466","post","type-post","status-publish","format-standard","has-post-thumbnail","hentry","category-internacionales"],"yoast_head":"<!-- This site is optimized with the Yoast SEO plugin v24.4 - https:\/\/yoast.com\/wordpress\/plugins\/seo\/ -->\n<title>La dura respuesta de la nieta de Salvador Allende a Milei por sus dichos sobre Pinochet - GYS NOTICIAS |<\/title>\n<meta name=\"robots\" content=\"index, follow, max-snippet:-1, max-image-preview:large, max-video-preview:-1\" \/>\n<link rel=\"canonical\" href=\"https:\/\/gysfm.com.ar\/inicio\/la-dura-respuesta-de-la-nieta-de-salvador-allende-a-milei-por-sus-dichos-sobre-pinochet\/\" \/>\n<meta property=\"og:locale\" content=\"es_ES\" \/>\n<meta property=\"og:type\" content=\"article\" \/>\n<meta property=\"og:title\" content=\"La dura respuesta de la nieta de Salvador Allende a Milei por sus dichos sobre Pinochet - GYS NOTICIAS |\" \/>\n<meta property=\"og:description\" content=\"SANTIAGO DE CHILE.\u2013 La exministra de Defensa chilena Maya Fern\u00e1ndez, nieta del expresidente Salvador Allende, sali\u00f3 este jueves al cruce del presidente argentino, Javier Milei, despu\u00e9s de que el mandatario reivindicara el derrocamiento del l\u00edder socialista durante un discurso en Santiago y calificara a sus adversarios de izquierda como \u201czurdos mugrosos\u201d y un \u201cc\u00e1ncer\u201d. Fern\u00e1ndez [&hellip;]\" \/>\n<meta property=\"og:url\" content=\"https:\/\/gysfm.com.ar\/inicio\/la-dura-respuesta-de-la-nieta-de-salvador-allende-a-milei-por-sus-dichos-sobre-pinochet\/\" \/>\n<meta property=\"og:site_name\" content=\"GYS NOTICIAS |\" \/>\n<meta property=\"article:published_time\" content=\"2026-09-04T21:00:07+00:00\" \/>\n<meta property=\"article:modified_time\" content=\"2026-09-04T21:00:08+00:00\" \/>\n<meta property=\"og:image\" content=\"https:\/\/gysfm.com.ar\/inicio\/wp-content\/uploads\/2026\/09\/la-entonces-ministra-de-defensa-de-chile-maya-OGUAPTVR3ZHPTCULYPGUPRG26Q.jpg\" \/>\n\t<meta property=\"og:image:width\" content=\"1200\" \/>\n\t<meta property=\"og:image:height\" content=\"800\" \/>\n\t<meta property=\"og:image:type\" content=\"image\/jpeg\" \/>\n<meta name=\"author\" content=\"Prensa G&amp;S FM\" \/>\n<meta name=\"twitter:card\" content=\"summary_large_image\" \/>\n<meta name=\"twitter:label1\" content=\"Escrito por\" \/>\n\t<meta name=\"twitter:data1\" content=\"Prensa G&amp;S FM\" \/>\n\t<meta name=\"twitter:label2\" content=\"Tiempo de lectura\" \/>\n\t<meta name=\"twitter:data2\" content=\"5 minutos\" \/>\n<script type=\"application\/ld+json\" class=\"yoast-schema-graph\">{\"@context\":\"https:\/\/schema.org\",\"@graph\":[{\"@type\":\"Article\",\"@id\":\"https:\/\/gysfm.com.ar\/inicio\/la-dura-respuesta-de-la-nieta-de-salvador-allende-a-milei-por-sus-dichos-sobre-pinochet\/#article\",\"isPartOf\":{\"@id\":\"https:\/\/gysfm.com.ar\/inicio\/la-dura-respuesta-de-la-nieta-de-salvador-allende-a-milei-por-sus-dichos-sobre-pinochet\/\"},\"author\":{\"name\":\"Prensa G&amp;S FM\",\"@id\":\"https:\/\/gysfm.com.ar\/inicio\/#\/schema\/person\/3abba7593ef2ad19e1be221d54383dc5\"},\"headline\":\"La dura respuesta de la nieta de Salvador Allende a Milei por sus dichos sobre Pinochet\",\"datePublished\":\"2026-09-04T21:00:07+00:00\",\"dateModified\":\"2026-09-04T21:00:08+00:00\",\"mainEntityOfPage\":{\"@id\":\"https:\/\/gysfm.com.ar\/inicio\/la-dura-respuesta-de-la-nieta-de-salvador-allende-a-milei-por-sus-dichos-sobre-pinochet\/\"},\"wordCount\":1001,\"publisher\":{\"@id\":\"https:\/\/gysfm.com.ar\/inicio\/#organization\"},\"image\":{\"@id\":\"https:\/\/gysfm.com.ar\/inicio\/la-dura-respuesta-de-la-nieta-de-salvador-allende-a-milei-por-sus-dichos-sobre-pinochet\/#primaryimage\"},\"thumbnailUrl\":\"https:\/\/gysfm.com.ar\/inicio\/wp-content\/uploads\/2026\/09\/la-entonces-ministra-de-defensa-de-chile-maya-OGUAPTVR3ZHPTCULYPGUPRG26Q.jpg\",\"articleSection\":[\"INTERNACIONALES\"],\"inLanguage\":\"es\"},{\"@type\":\"WebPage\",\"@id\":\"https:\/\/gysfm.com.ar\/inicio\/la-dura-respuesta-de-la-nieta-de-salvador-allende-a-milei-por-sus-dichos-sobre-pinochet\/\",\"url\":\"https:\/\/gysfm.com.ar\/inicio\/la-dura-respuesta-de-la-nieta-de-salvador-allende-a-milei-por-sus-dichos-sobre-pinochet\/\",\"name\":\"La dura respuesta de la nieta de Salvador Allende a Milei por sus dichos sobre Pinochet - GYS NOTICIAS |\",\"isPartOf\":{\"@id\":\"https:\/\/gysfm.com.ar\/inicio\/#website\"},\"primaryImageOfPage\":{\"@id\":\"https:\/\/gysfm.com.ar\/inicio\/la-dura-respuesta-de-la-nieta-de-salvador-allende-a-milei-por-sus-dichos-sobre-pinochet\/#primaryimage\"},\"image\":{\"@id\":\"https:\/\/gysfm.com.ar\/inicio\/la-dura-respuesta-de-la-nieta-de-salvador-allende-a-milei-por-sus-dichos-sobre-pinochet\/#primaryimage\"},\"thumbnailUrl\":\"https:\/\/gysfm.com.ar\/inicio\/wp-content\/uploads\/2026\/09\/la-entonces-ministra-de-defensa-de-chile-maya-OGUAPTVR3ZHPTCULYPGUPRG26Q.jpg\",\"datePublished\":\"2026-09-04T21:00:07+00:00\",\"dateModified\":\"2026-09-04T21:00:08+00:00\",\"breadcrumb\":{\"@id\":\"https:\/\/gysfm.com.ar\/inicio\/la-dura-respuesta-de-la-nieta-de-salvador-allende-a-milei-por-sus-dichos-sobre-pinochet\/#breadcrumb\"},\"inLanguage\":\"es\",\"potentialAction\":[{\"@type\":\"ReadAction\",\"target\":[\"https:\/\/gysfm.com.ar\/inicio\/la-dura-respuesta-de-la-nieta-de-salvador-allende-a-milei-por-sus-dichos-sobre-pinochet\/\"]}]},{\"@type\":\"ImageObject\",\"inLanguage\":\"es\",\"@id\":\"https:\/\/gysfm.com.ar\/inicio\/la-dura-respuesta-de-la-nieta-de-salvador-allende-a-milei-por-sus-dichos-sobre-pinochet\/#primaryimage\",\"url\":\"https:\/\/gysfm.com.ar\/inicio\/wp-content\/uploads\/2026\/09\/la-entonces-ministra-de-defensa-de-chile-maya-OGUAPTVR3ZHPTCULYPGUPRG26Q.jpg\",\"contentUrl\":\"https:\/\/gysfm.com.ar\/inicio\/wp-content\/uploads\/2026\/09\/la-entonces-ministra-de-defensa-de-chile-maya-OGUAPTVR3ZHPTCULYPGUPRG26Q.jpg\",\"width\":1200,\"height\":800},{\"@type\":\"BreadcrumbList\",\"@id\":\"https:\/\/gysfm.com.ar\/inicio\/la-dura-respuesta-de-la-nieta-de-salvador-allende-a-milei-por-sus-dichos-sobre-pinochet\/#breadcrumb\",\"itemListElement\":[{\"@type\":\"ListItem\",\"position\":1,\"name\":\"Portada\",\"item\":\"https:\/\/gysfm.com.ar\/inicio\/\"},{\"@type\":\"ListItem\",\"position\":2,\"name\":\"La dura respuesta de la nieta de Salvador Allende a Milei por sus dichos sobre Pinochet\"}]},{\"@type\":\"WebSite\",\"@id\":\"https:\/\/gysfm.com.ar\/inicio\/#website\",\"url\":\"https:\/\/gysfm.com.ar\/inicio\/\",\"name\":\"GYS NOTICIAS |\",\"description\":\"DIARIO - RADIO ONLINE SAN JUAN ARGENTINA\",\"publisher\":{\"@id\":\"https:\/\/gysfm.com.ar\/inicio\/#organization\"},\"potentialAction\":[{\"@type\":\"SearchAction\",\"target\":{\"@type\":\"EntryPoint\",\"urlTemplate\":\"https:\/\/gysfm.com.ar\/inicio\/?s={search_term_string}\"},\"query-input\":{\"@type\":\"PropertyValueSpecification\",\"valueRequired\":true,\"valueName\":\"search_term_string\"}}],\"inLanguage\":\"es\"},{\"@type\":\"Organization\",\"@id\":\"https:\/\/gysfm.com.ar\/inicio\/#organization\",\"name\":\"GYS NOTICIAS |\",\"url\":\"https:\/\/gysfm.com.ar\/inicio\/\",\"logo\":{\"@type\":\"ImageObject\",\"inLanguage\":\"es\",\"@id\":\"https:\/\/gysfm.com.ar\/inicio\/#\/schema\/logo\/image\/\",\"url\":\"https:\/\/gysfm.com.ar\/inicio\/wp-content\/uploads\/2023\/07\/LOGOGYS-OK.png\",\"contentUrl\":\"https:\/\/gysfm.com.ar\/inicio\/wp-content\/uploads\/2023\/07\/LOGOGYS-OK.png\",\"width\":1170,\"height\":872,\"caption\":\"GYS NOTICIAS |\"},\"image\":{\"@id\":\"https:\/\/gysfm.com.ar\/inicio\/#\/schema\/logo\/image\/\"}},{\"@type\":\"Person\",\"@id\":\"https:\/\/gysfm.com.ar\/inicio\/#\/schema\/person\/3abba7593ef2ad19e1be221d54383dc5\",\"name\":\"Prensa G&amp;S FM\",\"image\":{\"@type\":\"ImageObject\",\"inLanguage\":\"es\",\"@id\":\"https:\/\/gysfm.com.ar\/inicio\/#\/schema\/person\/image\/\",\"url\":\"https:\/\/secure.gravatar.com\/avatar\/096ec78df02049ab018702bb4ccedf659377fa92a26540b5247612077a0dbd29?s=96&d=mm&r=g\",\"contentUrl\":\"https:\/\/secure.gravatar.com\/avatar\/096ec78df02049ab018702bb4ccedf659377fa92a26540b5247612077a0dbd29?s=96&d=mm&r=g\",\"caption\":\"Prensa G&amp;S FM\"},\"sameAs\":[\"https:\/\/gysfm.com.ar\/\"],\"url\":\"https:\/\/gysfm.com.ar\/inicio\/author\/lucasm\/\"}]}<\/script>\n<!-- \/ Yoast SEO plugin. -->","yoast_head_json":{"title":"La dura respuesta de la nieta de Salvador Allende a Milei por sus dichos sobre Pinochet - GYS NOTICIAS |","robots":{"index":"index","follow":"follow","max-snippet":"max-snippet:-1","max-image-preview":"max-image-preview:large","max-video-preview":"max-video-preview:-1"},"canonical":"https:\/\/gysfm.com.ar\/inicio\/la-dura-respuesta-de-la-nieta-de-salvador-allende-a-milei-por-sus-dichos-sobre-pinochet\/","og_locale":"es_ES","og_type":"article","og_title":"La dura respuesta de la nieta de Salvador Allende a Milei por sus dichos sobre Pinochet - GYS NOTICIAS |","og_description":"SANTIAGO DE CHILE.\u2013 La exministra de Defensa chilena Maya Fern\u00e1ndez, nieta del expresidente Salvador Allende, sali\u00f3 este jueves al cruce del presidente argentino, Javier Milei, despu\u00e9s de que el mandatario reivindicara el derrocamiento del l\u00edder socialista durante un discurso en Santiago y calificara a sus adversarios de izquierda como \u201czurdos mugrosos\u201d y un \u201cc\u00e1ncer\u201d. Fern\u00e1ndez [&hellip;]","og_url":"https:\/\/gysfm.com.ar\/inicio\/la-dura-respuesta-de-la-nieta-de-salvador-allende-a-milei-por-sus-dichos-sobre-pinochet\/","og_site_name":"GYS NOTICIAS |","article_published_time":"2026-09-04T21:00:07+00:00","article_modified_time":"2026-09-04T21:00:08+00:00","og_image":[{"width":1200,"height":800,"url":"https:\/\/gysfm.com.ar\/inicio\/wp-content\/uploads\/2026\/09\/la-entonces-ministra-de-defensa-de-chile-maya-OGUAPTVR3ZHPTCULYPGUPRG26Q.jpg","type":"image\/jpeg"}],"author":"Prensa G&amp;S FM","twitter_card":"summary_large_image","twitter_misc":{"Escrito por":"Prensa G&amp;S FM","Tiempo de lectura":"5 minutos"},"schema":{"@context":"https:\/\/schema.org","@graph":[{"@type":"Article","@id":"https:\/\/gysfm.com.ar\/inicio\/la-dura-respuesta-de-la-nieta-de-salvador-allende-a-milei-por-sus-dichos-sobre-pinochet\/#article","isPartOf":{"@id":"https:\/\/gysfm.com.ar\/inicio\/la-dura-respuesta-de-la-nieta-de-salvador-allende-a-milei-por-sus-dichos-sobre-pinochet\/"},"author":{"name":"Prensa G&amp;S FM","@id":"https:\/\/gysfm.com.ar\/inicio\/#\/schema\/person\/3abba7593ef2ad19e1be221d54383dc5"},"headline":"La dura respuesta de la nieta de Salvador Allende a Milei por sus dichos sobre Pinochet","datePublished":"2026-09-04T21:00:07+00:00","dateModified":"2026-09-04T21:00:08+00:00","mainEntityOfPage":{"@id":"https:\/\/gysfm.com.ar\/inicio\/la-dura-respuesta-de-la-nieta-de-salvador-allende-a-milei-por-sus-dichos-sobre-pinochet\/"},"wordCount":1001,"publisher":{"@id":"https:\/\/gysfm.com.ar\/inicio\/#organization"},"image":{"@id":"https:\/\/gysfm.com.ar\/inicio\/la-dura-respuesta-de-la-nieta-de-salvador-allende-a-milei-por-sus-dichos-sobre-pinochet\/#primaryimage"},"thumbnailUrl":"https:\/\/gysfm.com.ar\/inicio\/wp-content\/uploads\/2026\/09\/la-entonces-ministra-de-defensa-de-chile-maya-OGUAPTVR3ZHPTCULYPGUPRG26Q.jpg","articleSection":["INTERNACIONALES"],"inLanguage":"es"},{"@type":"WebPage","@id":"https:\/\/gysfm.com.ar\/inicio\/la-dura-respuesta-de-la-nieta-de-salvador-allende-a-milei-por-sus-dichos-sobre-pinochet\/","url":"https:\/\/gysfm.com.ar\/inicio\/la-dura-respuesta-de-la-nieta-de-salvador-allende-a-milei-por-sus-dichos-sobre-pinochet\/","name":"La dura respuesta de la nieta de Salvador Allende a Milei por sus dichos sobre Pinochet - GYS NOTICIAS |","isPartOf":{"@id":"https:\/\/gysfm.com.ar\/inicio\/#website"},"primaryImageOfPage":{"@id":"https:\/\/gysfm.com.ar\/inicio\/la-dura-respuesta-de-la-nieta-de-salvador-allende-a-milei-por-sus-dichos-sobre-pinochet\/#primaryimage"},"image":{"@id":"https:\/\/gysfm.com.ar\/inicio\/la-dura-respuesta-de-la-nieta-de-salvador-allende-a-milei-por-sus-dichos-sobre-pinochet\/#primaryimage"},"thumbnailUrl":"https:\/\/gysfm.com.ar\/inicio\/wp-content\/uploads\/2026\/09\/la-entonces-ministra-de-defensa-de-chile-maya-OGUAPTVR3ZHPTCULYPGUPRG26Q.jpg","datePublished":"2026-09-04T21:00:07+00:00","dateModified":"2026-09-04T21:00:08+00:00","breadcrumb":{"@id":"https:\/\/gysfm.com.ar\/inicio\/la-dura-respuesta-de-la-nieta-de-salvador-allende-a-milei-por-sus-dichos-sobre-pinochet\/#breadcrumb"},"inLanguage":"es","potentialAction":[{"@type":"ReadAction","target":["https:\/\/gysfm.com.ar\/inicio\/la-dura-respuesta-de-la-nieta-de-salvador-allende-a-milei-por-sus-dichos-sobre-pinochet\/"]}]},{"@type":"ImageObject","inLanguage":"es","@id":"https:\/\/gysfm.com.ar\/inicio\/la-dura-respuesta-de-la-nieta-de-salvador-allende-a-milei-por-sus-dichos-sobre-pinochet\/#primaryimage","url":"https:\/\/gysfm.com.ar\/inicio\/wp-content\/uploads\/2026\/09\/la-entonces-ministra-de-defensa-de-chile-maya-OGUAPTVR3ZHPTCULYPGUPRG26Q.jpg","contentUrl":"https:\/\/gysfm.com.ar\/inicio\/wp-content\/uploads\/2026\/09\/la-entonces-ministra-de-defensa-de-chile-maya-OGUAPTVR3ZHPTCULYPGUPRG26Q.jpg","width":1200,"height":800},{"@type":"BreadcrumbList","@id":"https:\/\/gysfm.com.ar\/inicio\/la-dura-respuesta-de-la-nieta-de-salvador-allende-a-milei-por-sus-dichos-sobre-pinochet\/#breadcrumb","itemListElement":[{"@type":"ListItem","position":1,"name":"Portada","item":"https:\/\/gysfm.com.ar\/inicio\/"},{"@type":"ListItem","position":2,"name":"La dura respuesta de la nieta de Salvador Allende a Milei por sus dichos sobre Pinochet"}]},{"@type":"WebSite","@id":"https:\/\/gysfm.com.ar\/inicio\/#website","url":"https:\/\/gysfm.com.ar\/inicio\/","name":"GYS NOTICIAS |","description":"DIARIO - RADIO ONLINE SAN JUAN ARGENTINA","publisher":{"@id":"https:\/\/gysfm.com.ar\/inicio\/#organization"},"potentialAction":[{"@type":"SearchAction","target":{"@type":"EntryPoint","urlTemplate":"https:\/\/gysfm.com.ar\/inicio\/?s={search_term_string}"},"query-input":{"@type":"PropertyValueSpecification","valueRequired":true,"valueName":"search_term_string"}}],"inLanguage":"es"},{"@type":"Organization","@id":"https:\/\/gysfm.com.ar\/inicio\/#organization","name":"GYS NOTICIAS |","url":"https:\/\/gysfm.com.ar\/inicio\/","logo":{"@type":"ImageObject","inLanguage":"es","@id":"https:\/\/gysfm.com.ar\/inicio\/#\/schema\/logo\/image\/","url":"https:\/\/gysfm.com.ar\/inicio\/wp-content\/uploads\/2023\/07\/LOGOGYS-OK.png","contentUrl":"https:\/\/gysfm.com.ar\/inicio\/wp-content\/uploads\/2023\/07\/LOGOGYS-OK.png","width":1170,"height":872,"caption":"GYS NOTICIAS |"},"image":{"@id":"https:\/\/gysfm.com.ar\/inicio\/#\/schema\/logo\/image\/"}},{"@type":"Person","@id":"https:\/\/gysfm.com.ar\/inicio\/#\/schema\/person\/3abba7593ef2ad19e1be221d54383dc5","name":"Prensa G&amp;S FM","image":{"@type":"ImageObject","inLanguage":"es","@id":"https:\/\/gysfm.com.ar\/inicio\/#\/schema\/person\/image\/","url":"https:\/\/secure.gravatar.com\/avatar\/096ec78df02049ab018702bb4ccedf659377fa92a26540b5247612077a0dbd29?s=96&d=mm&r=g","contentUrl":"https:\/\/secure.gravatar.com\/avatar\/096ec78df02049ab018702bb4ccedf659377fa92a26540b5247612077a0dbd29?s=96&d=mm&r=g","caption":"Prensa G&amp;S FM"},"sameAs":["https:\/\/gysfm.com.ar\/"],"url":"https:\/\/gysfm.com.ar\/inicio\/author\/lucasm\/"}]}},"_links":{"self":[{"href":"https:\/\/gysfm.com.ar\/inicio\/wp-json\/wp\/v2\/posts\/210466","targetHints":{"allow":["GET"]}}],"collection":[{"href":"https:\/\/gysfm.com.ar\/inicio\/wp-json\/wp\/v2\/posts"}],"about":[{"href":"https:\/\/gysfm.com.ar\/inicio\/wp-json\/wp\/v2\/types\/post"}],"author":[{"embeddable":true,"href":"https:\/\/gysfm.com.ar\/inicio\/wp-json\/wp\/v2\/users\/2"}],"replies":[{"embeddable":true,"href":"https:\/\/gysfm.com.ar\/inicio\/wp-json\/wp\/v2\/comments?post=210466"}],"version-history":[{"count":1,"href":"https:\/\/gysfm.com.ar\/inicio\/wp-json\/wp\/v2\/posts\/210466\/revisions"}],"predecessor-version":[{"id":210468,"href":"https:\/\/gysfm.com.ar\/inicio\/wp-json\/wp\/v2\/posts\/210466\/revisions\/210468"}],"wp:featuredmedia":[{"embeddable":true,"href":"https:\/\/gysfm.com.ar\/inicio\/wp-json\/wp\/v2\/media\/210467"}],"wp:attachment":[{"href":"https:\/\/gysfm.com.ar\/inicio\/wp-json\/wp\/v2\/media?parent=210466"}],"wp:term":[{"taxonomy":"category","embeddable":true,"href":"https:\/\/gysfm.com.ar\/inicio\/wp-json\/wp\/v2\/categories?post=210466"},{"taxonomy":"post_tag","embeddable":true,"href":"https:\/\/gysfm.com.ar\/inicio\/wp-json\/wp\/v2\/tags?post=210466"}],"curies":[{"name":"wp","href":"https:\/\/api.w.org\/{rel}","templated":true}]}}