{"id":210464,"date":"2026-09-04T17:26:13","date_gmt":"2026-09-04T20:26:13","guid":{"rendered":"https:\/\/gysfm.com.ar\/inicio\/la-inversion-extendio-derrumbe-en-julio-pero-el-rigi-reactivo-las-importaciones-en-agosto-senal-de-un-repunte\/"},"modified":"2026-09-04T17:26:13","modified_gmt":"2026-09-04T20:26:13","slug":"la-inversion-extendio-derrumbe-en-julio-pero-el-rigi-reactivo-las-importaciones-en-agosto-senal-de-un-repunte","status":"publish","type":"post","link":"https:\/\/gysfm.com.ar\/inicio\/la-inversion-extendio-derrumbe-en-julio-pero-el-rigi-reactivo-las-importaciones-en-agosto-senal-de-un-repunte\/","title":{"rendered":"La inversi\u00f3n extendi\u00f3 derrumbe en julio, pero el RIGI reactiv\u00f3 las importaciones en agosto: \u00bfse\u00f1al de un repunte?"},"content":{"rendered":"<p> <br \/>\n<\/p>\n<div id=\"\">\n<p id=\"p-1788462409921-32019\"><strong> La inversi\u00f3n sum\u00f3 un nuevo derrumbe en julio <\/strong>y no logra convertirse en el motor de la econom\u00eda argentina, tal como pretende el Gobierno. Sin embargo, en agosto las importaciones de bienes de capital crecieron por primera vez en cinco meses, gracias a los proyectos del <strong>R\u00e9gimen de Incentivos para las Grandes Inversiones (RIGI)<\/strong>. En el mercado debaten sobre si este dato puede representar la punta de lanza de una reactivaci\u00f3n, aunque en los an\u00e1lisis predomina la cautela.<\/p>\n<\/p><\/div>\n<div id=\"\">\n<p id=\"p-1788466971238-38160\">Varias estimaciones privadas coincidieron en que la inversi\u00f3n tuvo una muy magra performance durante el s\u00e9ptimo mes del a\u00f1o. Por ejemplo, <strong>EcoGo<\/strong> <strong>calcul\u00f3 un desplome del 8,8% interanual y del 6% mensual<\/strong>. \u00abLa baja mensual fue explicada <strong>tanto por el segmento de la construcci\u00f3n (-4,4%) como por el de equipo durable (-7,2%)<\/strong>. Dentro de durables, el declive se dio con mayor fuerza para el equipo nacional (-9,9%), aunque el equipo importado se redujo en un 5,5%\u00bb, detall\u00f3 en di\u00e1logo con <strong>\u00c1mbito <\/strong>el analista de la consultora, <strong>Luciano Patrucco<\/strong>.<\/p>\n<\/div>\n<div id=\"\">\n<div contenteditable=\"false\" class=\"embed_cont type_imagen\" id=\"8273804-Libre-218709824_wrap\">\n<div id=\"8273804-Libre-218709824_content\" class=\"embed_content\"><img src=\"https:\/\/media.ambito.com\/p\/af7f7fac0ce34f3c1f9afc96f6eaa8ef\/adjuntos\/239\/imagenes\/043\/621\/0043621939\/730x0\/smart\/image.png\" decoding=\"async\" fetchpriority=\"low\" loading=\"lazy\" alt=\"\" title=\"\" width=\"730\" height=\"undefined\" id=\"8273804-Libre-218709824_embed\"\/><\/div><\/div>\n<p id=\"p-1788467843762-50706\">Por su parte, el \u00edndice de Inversi\u00f3n Bruta Interna Mensual (IBIM) de <strong>Orlando Ferreres &amp; Asociados<\/strong> <strong>arroj\u00f3 un retroceso del 3,5%<\/strong> respecto de junio, por lo cual la serie desestacionalizada se ubic\u00f3 en m\u00ednimos desde agosto de 2024. A su vez, en t\u00e9rminos interanuales el retroceso fue del 8,1%.<\/p>\n<\/div>\n<div id=\"\">\n<div contenteditable=\"false\" class=\"embed_cont type_imagen\" id=\"8273801-Libre-655166810_wrap\">\n<div id=\"8273801-Libre-655166810_content\" class=\"embed_content\"><img src=\"https:\/\/media.ambito.com\/p\/436c0384dfc7164db3ee738840dc123c\/adjuntos\/239\/imagenes\/043\/621\/0043621936\/730x0\/smart\/image.png\" decoding=\"async\" fetchpriority=\"low\" loading=\"lazy\" alt=\"\" title=\"\" width=\"730\" height=\"undefined\" id=\"8273801-Libre-655166810_embed\"\/><\/div><\/div>\n<p id=\"p-1788468245085-69303\">\u00abLa inversi\u00f3n contin\u00faa mostrando una marcada debilidad, sin se\u00f1ales claras de un cambio de tendencia, con la construcci\u00f3n nuevamente en terreno negativo y una <strong>contracci\u00f3n todav\u00eda m\u00e1s pronunciada en maquinaria y equipo<\/strong>, que sigue siendo el componente m\u00e1s rezagado\u00bb, se\u00f1al\u00f3 la entidad en un informe publicado en los \u00faltimos d\u00edas.<\/p>\n<\/div>\n<div id=\"\">\n<p id=\"p-1788468597088-68737\">Seg\u00fan Ferreres, la inversi\u00f3n, medida en d\u00f3lares, alcanz\u00f3 unos u$s7.401 millones. En cantidades, <strong>represent\u00f3 el 17,5% del Producto Bruto Interno (PBI), una de las peores cifras de los \u00faltimos a\u00f1os<\/strong>, con excepci\u00f3n de los primeros dos trimestres de 2024.<\/p>\n<\/div>\n<div id=\"\">\n<p id=\"p-1788468874383-31521\">En el mismo sentido, <strong>Gonzalo Carrera<\/strong>, economista de <strong>Equilibra<\/strong>, tambi\u00e9n avizor\u00f3 una contracci\u00f3n para julio. \u00abEn sinton\u00eda con nuestro anticipo de actividad (-0,5% mensual), <strong>los indicadores m\u00e1s vinculados a inversi\u00f3n (construcci\u00f3n, importaciones de bienes de capital, etc,) cayeron todos<\/strong>\u00ab, profundiz\u00f3.<\/p>\n<h2 id=\"p-1788474040321-32687\">La realidad no se ajusta al modelo de crecimiento que pregona el Gobierno<\/h2>\n<p id=\"p-1788469589630-35682\">El marco te\u00f3rico del Gobierno sostiene que es la inversi\u00f3n la variable que posibilita un crecimiento sostenido del PBI en el tiempo, ya que es la que permite expandir la capacidad productiva. Pero <strong>lo que viene ocurriendo hasta ahora no se ajusta con ese libreto<\/strong>. Hasta el momento, son el consumo y las exportaciones los dos principales motores de la actividad, aunque cabe aclarar que en el primer caso no refiere a una mejora del consumo masivo, sino a una medici\u00f3n que se calcula, seg\u00fan los especialistas, por \u00abresiduo\u00bb y que contempla transacciones se sectores medios-altos como la compra de autos importados o los gastos por turismo.<\/p>\n<div contenteditable=\"false\" class=\"embed_cont type_imagen\" id=\"8273802-Libre-779516838_wrap\">\n<div id=\"8273802-Libre-779516838_content\" class=\"embed_content\"><img src=\"https:\/\/media.ambito.com\/p\/b9b4877ff42a29ff0a441dda85d35cd9\/adjuntos\/239\/imagenes\/043\/621\/0043621937\/730x0\/smart\/image.png\" decoding=\"async\" fetchpriority=\"low\" loading=\"lazy\" alt=\"\" title=\"\" width=\"730\" height=\"undefined\" id=\"8273802-Libre-779516838_embed\"\/><\/div><\/div>\n<p id=\"p-1788470256416-23700\">La <strong>debilidad de la demanda interna<\/strong>, <strong>de la actividad de construcci\u00f3n y la incertidumbre<\/strong> sobre el plan econ\u00f3mico, con las elecciones presidenciales a la vuelta de la esquina, son factores que llevan a retrasar las apuestas de largo plazo. En ese marco, las empresas piensan dos veces a la hora de comprar una m\u00e1quina.<\/p>\n<h2 id=\"p-1788474084884-9383\">Las importaciones de bienes de capital se recuperaron en agosto, gracias al RIGI<\/h2>\n<p id=\"p-1788470748193-50404\">No obstante, en agosto se conoci\u00f3 un dato que, por lo menos, abre una ilusi\u00f3n para cortar la tendencia negativa. Y es que <strong>las importaciones de bienes de capital aumentaron 11% interanual<\/strong>, lo cual interrumpi\u00f3 cuatro meses consecutivos con variaciones en \u00abrojo\u00bb.<\/p>\n<p id=\"p-1788470899394-55780\">\u00abEl crecimiento <strong>se explica principalmente por la suba en los proyectos del RIGI<\/strong>. El resto de las empresas estuvo en un nivel similar a agosto de 2025, pero un 7% por encima de que el promedio de los tres meses previos\u00bb, indic\u00f3 <strong>Federico Bernini<\/strong>, investigador del Instituto Interdisciplinario de Econom\u00eda Pol\u00edtica (<strong>IIEP<\/strong>) de la <strong>UBA.<\/strong><\/p>\n<div contenteditable=\"false\" class=\"embed_cont type_imagen\" id=\"8273805-Libre-789656712_wrap\">\n<div id=\"8273805-Libre-789656712_content\" class=\"embed_content\"> <img src=\"https:\/\/media.ambito.com\/p\/d74279a7f0f3d31b7fa3938642e2a4fc\/adjuntos\/239\/imagenes\/043\/621\/0043621940\/730x0\/smart\/image.png\" decoding=\"async\" fetchpriority=\"low\" loading=\"lazy\" alt=\"\" title=\"\" width=\"730\" height=\"undefined\" id=\"8273805-Libre-789656712_embed\"\/><\/div><\/div>\n<p id=\"p-1788474677862-36258\"><em> <sub>Fuente: <\/sub><\/em><sub>@fgbernini.<\/sub><\/p>\n<p id=\"p-1788471110925-72133\">En efecto, las importaciones vinculadas al RIGI totalizaron unos <strong>u$s140 millones<\/strong> en el mes en cuesti\u00f3n, <strong>r\u00e9cord absoluto<\/strong> desde que el Poder Ejecutivo lanz\u00f3 esta iniciativa. Esto representa el 43% de todo lo que las compa\u00f1\u00edas hab\u00edan comprado desde enero de 2025.<\/p>\n<h2 id=\"p-1788474134703-18303\">El detalle de las importaciones del RIGI: \u00bfser\u00e1 el impulso de la inversi\u00f3n hacia adelante?<\/h2>\n<p id=\"p-1788471455771-99457\">Bernini grafic\u00f3 que, entre tres proyectos, explicaron dos tercios de las adquisiciones a otros pa\u00edses. <strong>La mayor cantidad de las mismas correspondieron al Vaca Muerta Oleoducto Sur (VMOS)<\/strong>, un proyecto llevado a cabo por un consorcio integrado por firmas como Pan American Energy, Vista Energy, Pampa Energ\u00eda, Pluspetrol, Chevron, Tecpetrol o Shell. Aqu\u00ed, las compras se concentraron en tubos, bombas centr\u00edfugas y v\u00e1lvulas esf\u00e9ricas. Detr\u00e1s le siguieron las compras de Transportadora de Gas del Sur (TGS) y GEAR, que trajeron compresores de gas y grupos electr\u00f3genos, respectivamente.<\/p>\n<p id=\"p-1788472414817-48736\">Por otra parte, Bernini destac\u00f3 que <strong>dos nuevos proyectos empezaron a importar<\/strong> en agosto: San Mat\u00edas, que adquiri\u00f3 tubos, y Rinc\u00f3n de Aranda, a partir de la compra de aparatos para filtrar l\u00edquidos. Adem\u00e1s, otros dos proyectos importaron: Sidersa trajo hornos, instrumentos y laminadores, mientras que Southern Energy compr\u00f3 compresores de gas.<\/p>\n<p id=\"p-1788472729565-77672\">El economista sostuvo que este aporte del RIGI es una \u00ab<strong>peque\u00f1a buena noticia<\/strong>\u00ab, aunque subray\u00f3 que las importaciones de insumos, tambi\u00e9n asociadas a la din\u00e1mica productiva, \u00absiguen estancadas\u00bb. Adem\u00e1s, se mostr\u00f3 sorprendido por la gran ca\u00edda en importaciones de autos (-29%).<\/p>\n<p id=\"p-1788473296114-15157\">Desde Ferreres ven que, hacia adelante, la ca\u00edda de la inversi\u00f3n se moderar\u00e1 \u00abde manera gradual\u00bb. \u00ab<strong>Las inversiones vinculadas al RIGI, particularmente en energ\u00eda y miner\u00eda, podr\u00edan aportar un impulso adicional, aunque sus efectos probablemente sean paulatinos y dependan de los plazos<\/strong> efectivos de ejecuci\u00f3n de los proyectos\u00bb, agreg\u00f3 la consultora.<\/p>\n<p id=\"p-1788473392477-71600\">De acuerdo con un monitor elaborado por el IIEP, la inversi\u00f3n comprometida en activos computables (excluye activos financieros o bienes de cambio) para los primeros dos a\u00f1os, en los proyectos para los que se cuenta con informaci\u00f3n, representa unos <strong>u$s11.807,9 millones<\/strong>. Esto puede servir de impulso a la inversi\u00f3n, aunque algunos especialistas advierten por la excesiva concentraci\u00f3n sectorial del r\u00e9gimen y por la falta de una pol\u00edtica de desarrollo de proveedores que amplifique la generaci\u00f3n de empleos y conocimientos fronteras adentro del pa\u00eds.<\/p>\n<\/div>\n<p><script>\n!function(f,b,e,v,n,t,s)\n{if(f.fbq)return;n=f.fbq=function(){n.callMethod?\nn.callMethod.apply(n,arguments):n.queue.push(arguments)};\nif(!f._fbq)f._fbq=n;n.push=n;n.loaded=!0;n.version='2.0';\nn.queue=[];t=b.createElement(e);t.async=!0;\nt.src=v;s=b.getElementsByTagName(e)[0];\ns.parentNode.insertBefore(t,s)}(window,document,'script',\n'https:\/\/connect.facebook.net\/en_US\/fbevents.js');\nfbq('init', '2047048335588113');\nfbq('track', 'PageView');\n<\/script><br \/>\n<br \/><\/p>\n","protected":false},"excerpt":{"rendered":"<p>La inversi\u00f3n sum\u00f3 un nuevo derrumbe en julio y no logra convertirse en el motor de la econom\u00eda argentina, tal como pretende el Gobierno. Sin embargo, en agosto las importaciones de bienes de capital crecieron por primera vez en cinco meses, gracias a los proyectos del R\u00e9gimen de Incentivos para las Grandes Inversiones (RIGI). En [&hellip;]<\/p>\n","protected":false},"author":1,"featured_media":210465,"comment_status":"closed","ping_status":"closed","sticky":false,"template":"","format":"standard","meta":{"footnotes":""},"categories":[28],"tags":[],"class_list":["post-210464","post","type-post","status-publish","format-standard","has-post-thumbnail","hentry","category-economia"],"yoast_head":"<!-- This site is optimized with the Yoast SEO plugin v24.4 - https:\/\/yoast.com\/wordpress\/plugins\/seo\/ -->\n<title>La inversi\u00f3n extendi\u00f3 derrumbe en julio, pero el RIGI reactiv\u00f3 las importaciones en agosto: \u00bfse\u00f1al de un repunte? - GYS NOTICIAS |<\/title>\n<meta name=\"robots\" content=\"index, follow, max-snippet:-1, max-image-preview:large, max-video-preview:-1\" \/>\n<link rel=\"canonical\" href=\"https:\/\/gysfm.com.ar\/inicio\/la-inversion-extendio-derrumbe-en-julio-pero-el-rigi-reactivo-las-importaciones-en-agosto-senal-de-un-repunte\/\" \/>\n<meta property=\"og:locale\" content=\"es_ES\" \/>\n<meta property=\"og:type\" content=\"article\" \/>\n<meta property=\"og:title\" content=\"La inversi\u00f3n extendi\u00f3 derrumbe en julio, pero el RIGI reactiv\u00f3 las importaciones en agosto: \u00bfse\u00f1al de un repunte? - GYS NOTICIAS |\" \/>\n<meta property=\"og:description\" content=\"La inversi\u00f3n sum\u00f3 un nuevo derrumbe en julio y no logra convertirse en el motor de la econom\u00eda argentina, tal como pretende el Gobierno. Sin embargo, en agosto las importaciones de bienes de capital crecieron por primera vez en cinco meses, gracias a los proyectos del R\u00e9gimen de Incentivos para las Grandes Inversiones (RIGI). En [&hellip;]\" \/>\n<meta property=\"og:url\" content=\"https:\/\/gysfm.com.ar\/inicio\/la-inversion-extendio-derrumbe-en-julio-pero-el-rigi-reactivo-las-importaciones-en-agosto-senal-de-un-repunte\/\" \/>\n<meta property=\"og:site_name\" content=\"GYS NOTICIAS |\" \/>\n<meta property=\"article:published_time\" content=\"2026-09-04T20:26:13+00:00\" \/>\n<meta property=\"og:image\" content=\"https:\/\/media.ambito.com\/p\/af7f7fac0ce34f3c1f9afc96f6eaa8ef\/adjuntos\/239\/imagenes\/043\/621\/0043621939\/730x0\/smart\/image.png\" \/>\n<meta name=\"author\" content=\"admin\" \/>\n<meta name=\"twitter:card\" content=\"summary_large_image\" \/>\n<meta name=\"twitter:label1\" content=\"Escrito por\" \/>\n\t<meta name=\"twitter:data1\" content=\"admin\" \/>\n\t<meta name=\"twitter:label2\" content=\"Tiempo de lectura\" \/>\n\t<meta name=\"twitter:data2\" content=\"5 minutos\" \/>\n<script type=\"application\/ld+json\" class=\"yoast-schema-graph\">{\"@context\":\"https:\/\/schema.org\",\"@graph\":[{\"@type\":\"Article\",\"@id\":\"https:\/\/gysfm.com.ar\/inicio\/la-inversion-extendio-derrumbe-en-julio-pero-el-rigi-reactivo-las-importaciones-en-agosto-senal-de-un-repunte\/#article\",\"isPartOf\":{\"@id\":\"https:\/\/gysfm.com.ar\/inicio\/la-inversion-extendio-derrumbe-en-julio-pero-el-rigi-reactivo-las-importaciones-en-agosto-senal-de-un-repunte\/\"},\"author\":{\"name\":\"admin\",\"@id\":\"https:\/\/gysfm.com.ar\/inicio\/#\/schema\/person\/5bedd7ecd35cc35548d89effafa23696\"},\"headline\":\"La inversi\u00f3n extendi\u00f3 derrumbe en julio, pero el RIGI reactiv\u00f3 las importaciones en agosto: \u00bfse\u00f1al de un repunte?\",\"datePublished\":\"2026-09-04T20:26:13+00:00\",\"mainEntityOfPage\":{\"@id\":\"https:\/\/gysfm.com.ar\/inicio\/la-inversion-extendio-derrumbe-en-julio-pero-el-rigi-reactivo-las-importaciones-en-agosto-senal-de-un-repunte\/\"},\"wordCount\":1093,\"publisher\":{\"@id\":\"https:\/\/gysfm.com.ar\/inicio\/#organization\"},\"image\":{\"@id\":\"https:\/\/gysfm.com.ar\/inicio\/la-inversion-extendio-derrumbe-en-julio-pero-el-rigi-reactivo-las-importaciones-en-agosto-senal-de-un-repunte\/#primaryimage\"},\"thumbnailUrl\":\"https:\/\/gysfm.com.ar\/inicio\/wp-content\/uploads\/2026\/09\/tubos-vmos.jpeg\",\"articleSection\":[\"ECONOMIA\"],\"inLanguage\":\"es\"},{\"@type\":\"WebPage\",\"@id\":\"https:\/\/gysfm.com.ar\/inicio\/la-inversion-extendio-derrumbe-en-julio-pero-el-rigi-reactivo-las-importaciones-en-agosto-senal-de-un-repunte\/\",\"url\":\"https:\/\/gysfm.com.ar\/inicio\/la-inversion-extendio-derrumbe-en-julio-pero-el-rigi-reactivo-las-importaciones-en-agosto-senal-de-un-repunte\/\",\"name\":\"La inversi\u00f3n extendi\u00f3 derrumbe en julio, pero el RIGI reactiv\u00f3 las importaciones en agosto: \u00bfse\u00f1al de un repunte? - GYS NOTICIAS |\",\"isPartOf\":{\"@id\":\"https:\/\/gysfm.com.ar\/inicio\/#website\"},\"primaryImageOfPage\":{\"@id\":\"https:\/\/gysfm.com.ar\/inicio\/la-inversion-extendio-derrumbe-en-julio-pero-el-rigi-reactivo-las-importaciones-en-agosto-senal-de-un-repunte\/#primaryimage\"},\"image\":{\"@id\":\"https:\/\/gysfm.com.ar\/inicio\/la-inversion-extendio-derrumbe-en-julio-pero-el-rigi-reactivo-las-importaciones-en-agosto-senal-de-un-repunte\/#primaryimage\"},\"thumbnailUrl\":\"https:\/\/gysfm.com.ar\/inicio\/wp-content\/uploads\/2026\/09\/tubos-vmos.jpeg\",\"datePublished\":\"2026-09-04T20:26:13+00:00\",\"breadcrumb\":{\"@id\":\"https:\/\/gysfm.com.ar\/inicio\/la-inversion-extendio-derrumbe-en-julio-pero-el-rigi-reactivo-las-importaciones-en-agosto-senal-de-un-repunte\/#breadcrumb\"},\"inLanguage\":\"es\",\"potentialAction\":[{\"@type\":\"ReadAction\",\"target\":[\"https:\/\/gysfm.com.ar\/inicio\/la-inversion-extendio-derrumbe-en-julio-pero-el-rigi-reactivo-las-importaciones-en-agosto-senal-de-un-repunte\/\"]}]},{\"@type\":\"ImageObject\",\"inLanguage\":\"es\",\"@id\":\"https:\/\/gysfm.com.ar\/inicio\/la-inversion-extendio-derrumbe-en-julio-pero-el-rigi-reactivo-las-importaciones-en-agosto-senal-de-un-repunte\/#primaryimage\",\"url\":\"https:\/\/gysfm.com.ar\/inicio\/wp-content\/uploads\/2026\/09\/tubos-vmos.jpeg\",\"contentUrl\":\"https:\/\/gysfm.com.ar\/inicio\/wp-content\/uploads\/2026\/09\/tubos-vmos.jpeg\",\"width\":1200,\"height\":675},{\"@type\":\"BreadcrumbList\",\"@id\":\"https:\/\/gysfm.com.ar\/inicio\/la-inversion-extendio-derrumbe-en-julio-pero-el-rigi-reactivo-las-importaciones-en-agosto-senal-de-un-repunte\/#breadcrumb\",\"itemListElement\":[{\"@type\":\"ListItem\",\"position\":1,\"name\":\"Portada\",\"item\":\"https:\/\/gysfm.com.ar\/inicio\/\"},{\"@type\":\"ListItem\",\"position\":2,\"name\":\"La inversi\u00f3n extendi\u00f3 derrumbe en julio, pero el RIGI reactiv\u00f3 las importaciones en agosto: \u00bfse\u00f1al de un repunte?\"}]},{\"@type\":\"WebSite\",\"@id\":\"https:\/\/gysfm.com.ar\/inicio\/#website\",\"url\":\"https:\/\/gysfm.com.ar\/inicio\/\",\"name\":\"GYS NOTICIAS |\",\"description\":\"DIARIO - RADIO ONLINE SAN JUAN ARGENTINA\",\"publisher\":{\"@id\":\"https:\/\/gysfm.com.ar\/inicio\/#organization\"},\"potentialAction\":[{\"@type\":\"SearchAction\",\"target\":{\"@type\":\"EntryPoint\",\"urlTemplate\":\"https:\/\/gysfm.com.ar\/inicio\/?s={search_term_string}\"},\"query-input\":{\"@type\":\"PropertyValueSpecification\",\"valueRequired\":true,\"valueName\":\"search_term_string\"}}],\"inLanguage\":\"es\"},{\"@type\":\"Organization\",\"@id\":\"https:\/\/gysfm.com.ar\/inicio\/#organization\",\"name\":\"GYS NOTICIAS |\",\"url\":\"https:\/\/gysfm.com.ar\/inicio\/\",\"logo\":{\"@type\":\"ImageObject\",\"inLanguage\":\"es\",\"@id\":\"https:\/\/gysfm.com.ar\/inicio\/#\/schema\/logo\/image\/\",\"url\":\"https:\/\/gysfm.com.ar\/inicio\/wp-content\/uploads\/2023\/07\/LOGOGYS-OK.png\",\"contentUrl\":\"https:\/\/gysfm.com.ar\/inicio\/wp-content\/uploads\/2023\/07\/LOGOGYS-OK.png\",\"width\":1170,\"height\":872,\"caption\":\"GYS NOTICIAS |\"},\"image\":{\"@id\":\"https:\/\/gysfm.com.ar\/inicio\/#\/schema\/logo\/image\/\"}},{\"@type\":\"Person\",\"@id\":\"https:\/\/gysfm.com.ar\/inicio\/#\/schema\/person\/5bedd7ecd35cc35548d89effafa23696\",\"name\":\"admin\",\"image\":{\"@type\":\"ImageObject\",\"inLanguage\":\"es\",\"@id\":\"https:\/\/gysfm.com.ar\/inicio\/#\/schema\/person\/image\/\",\"url\":\"https:\/\/secure.gravatar.com\/avatar\/c331d312b5243fb64d5ba28108a447b27c925295129a363082c9ea52c28d32c2?s=96&d=mm&r=g\",\"contentUrl\":\"https:\/\/secure.gravatar.com\/avatar\/c331d312b5243fb64d5ba28108a447b27c925295129a363082c9ea52c28d32c2?s=96&d=mm&r=g\",\"caption\":\"admin\"},\"sameAs\":[\"https:\/\/gysfm.com.ar\/inicio\"],\"url\":\"https:\/\/gysfm.com.ar\/inicio\/author\/admin\/\"}]}<\/script>\n<!-- \/ Yoast SEO plugin. -->","yoast_head_json":{"title":"La inversi\u00f3n extendi\u00f3 derrumbe en julio, pero el RIGI reactiv\u00f3 las importaciones en agosto: \u00bfse\u00f1al de un repunte? - GYS NOTICIAS |","robots":{"index":"index","follow":"follow","max-snippet":"max-snippet:-1","max-image-preview":"max-image-preview:large","max-video-preview":"max-video-preview:-1"},"canonical":"https:\/\/gysfm.com.ar\/inicio\/la-inversion-extendio-derrumbe-en-julio-pero-el-rigi-reactivo-las-importaciones-en-agosto-senal-de-un-repunte\/","og_locale":"es_ES","og_type":"article","og_title":"La inversi\u00f3n extendi\u00f3 derrumbe en julio, pero el RIGI reactiv\u00f3 las importaciones en agosto: \u00bfse\u00f1al de un repunte? - GYS NOTICIAS |","og_description":"La inversi\u00f3n sum\u00f3 un nuevo derrumbe en julio y no logra convertirse en el motor de la econom\u00eda argentina, tal como pretende el Gobierno. Sin embargo, en agosto las importaciones de bienes de capital crecieron por primera vez en cinco meses, gracias a los proyectos del R\u00e9gimen de Incentivos para las Grandes Inversiones (RIGI). En [&hellip;]","og_url":"https:\/\/gysfm.com.ar\/inicio\/la-inversion-extendio-derrumbe-en-julio-pero-el-rigi-reactivo-las-importaciones-en-agosto-senal-de-un-repunte\/","og_site_name":"GYS NOTICIAS |","article_published_time":"2026-09-04T20:26:13+00:00","og_image":[{"url":"https:\/\/media.ambito.com\/p\/af7f7fac0ce34f3c1f9afc96f6eaa8ef\/adjuntos\/239\/imagenes\/043\/621\/0043621939\/730x0\/smart\/image.png","type":"","width":"","height":""}],"author":"admin","twitter_card":"summary_large_image","twitter_misc":{"Escrito por":"admin","Tiempo de lectura":"5 minutos"},"schema":{"@context":"https:\/\/schema.org","@graph":[{"@type":"Article","@id":"https:\/\/gysfm.com.ar\/inicio\/la-inversion-extendio-derrumbe-en-julio-pero-el-rigi-reactivo-las-importaciones-en-agosto-senal-de-un-repunte\/#article","isPartOf":{"@id":"https:\/\/gysfm.com.ar\/inicio\/la-inversion-extendio-derrumbe-en-julio-pero-el-rigi-reactivo-las-importaciones-en-agosto-senal-de-un-repunte\/"},"author":{"name":"admin","@id":"https:\/\/gysfm.com.ar\/inicio\/#\/schema\/person\/5bedd7ecd35cc35548d89effafa23696"},"headline":"La inversi\u00f3n extendi\u00f3 derrumbe en julio, pero el RIGI reactiv\u00f3 las importaciones en agosto: \u00bfse\u00f1al de un repunte?","datePublished":"2026-09-04T20:26:13+00:00","mainEntityOfPage":{"@id":"https:\/\/gysfm.com.ar\/inicio\/la-inversion-extendio-derrumbe-en-julio-pero-el-rigi-reactivo-las-importaciones-en-agosto-senal-de-un-repunte\/"},"wordCount":1093,"publisher":{"@id":"https:\/\/gysfm.com.ar\/inicio\/#organization"},"image":{"@id":"https:\/\/gysfm.com.ar\/inicio\/la-inversion-extendio-derrumbe-en-julio-pero-el-rigi-reactivo-las-importaciones-en-agosto-senal-de-un-repunte\/#primaryimage"},"thumbnailUrl":"https:\/\/gysfm.com.ar\/inicio\/wp-content\/uploads\/2026\/09\/tubos-vmos.jpeg","articleSection":["ECONOMIA"],"inLanguage":"es"},{"@type":"WebPage","@id":"https:\/\/gysfm.com.ar\/inicio\/la-inversion-extendio-derrumbe-en-julio-pero-el-rigi-reactivo-las-importaciones-en-agosto-senal-de-un-repunte\/","url":"https:\/\/gysfm.com.ar\/inicio\/la-inversion-extendio-derrumbe-en-julio-pero-el-rigi-reactivo-las-importaciones-en-agosto-senal-de-un-repunte\/","name":"La inversi\u00f3n extendi\u00f3 derrumbe en julio, pero el RIGI reactiv\u00f3 las importaciones en agosto: \u00bfse\u00f1al de un repunte? - GYS NOTICIAS |","isPartOf":{"@id":"https:\/\/gysfm.com.ar\/inicio\/#website"},"primaryImageOfPage":{"@id":"https:\/\/gysfm.com.ar\/inicio\/la-inversion-extendio-derrumbe-en-julio-pero-el-rigi-reactivo-las-importaciones-en-agosto-senal-de-un-repunte\/#primaryimage"},"image":{"@id":"https:\/\/gysfm.com.ar\/inicio\/la-inversion-extendio-derrumbe-en-julio-pero-el-rigi-reactivo-las-importaciones-en-agosto-senal-de-un-repunte\/#primaryimage"},"thumbnailUrl":"https:\/\/gysfm.com.ar\/inicio\/wp-content\/uploads\/2026\/09\/tubos-vmos.jpeg","datePublished":"2026-09-04T20:26:13+00:00","breadcrumb":{"@id":"https:\/\/gysfm.com.ar\/inicio\/la-inversion-extendio-derrumbe-en-julio-pero-el-rigi-reactivo-las-importaciones-en-agosto-senal-de-un-repunte\/#breadcrumb"},"inLanguage":"es","potentialAction":[{"@type":"ReadAction","target":["https:\/\/gysfm.com.ar\/inicio\/la-inversion-extendio-derrumbe-en-julio-pero-el-rigi-reactivo-las-importaciones-en-agosto-senal-de-un-repunte\/"]}]},{"@type":"ImageObject","inLanguage":"es","@id":"https:\/\/gysfm.com.ar\/inicio\/la-inversion-extendio-derrumbe-en-julio-pero-el-rigi-reactivo-las-importaciones-en-agosto-senal-de-un-repunte\/#primaryimage","url":"https:\/\/gysfm.com.ar\/inicio\/wp-content\/uploads\/2026\/09\/tubos-vmos.jpeg","contentUrl":"https:\/\/gysfm.com.ar\/inicio\/wp-content\/uploads\/2026\/09\/tubos-vmos.jpeg","width":1200,"height":675},{"@type":"BreadcrumbList","@id":"https:\/\/gysfm.com.ar\/inicio\/la-inversion-extendio-derrumbe-en-julio-pero-el-rigi-reactivo-las-importaciones-en-agosto-senal-de-un-repunte\/#breadcrumb","itemListElement":[{"@type":"ListItem","position":1,"name":"Portada","item":"https:\/\/gysfm.com.ar\/inicio\/"},{"@type":"ListItem","position":2,"name":"La inversi\u00f3n extendi\u00f3 derrumbe en julio, pero el RIGI reactiv\u00f3 las importaciones en agosto: \u00bfse\u00f1al de un repunte?"}]},{"@type":"WebSite","@id":"https:\/\/gysfm.com.ar\/inicio\/#website","url":"https:\/\/gysfm.com.ar\/inicio\/","name":"GYS NOTICIAS |","description":"DIARIO - RADIO ONLINE SAN JUAN ARGENTINA","publisher":{"@id":"https:\/\/gysfm.com.ar\/inicio\/#organization"},"potentialAction":[{"@type":"SearchAction","target":{"@type":"EntryPoint","urlTemplate":"https:\/\/gysfm.com.ar\/inicio\/?s={search_term_string}"},"query-input":{"@type":"PropertyValueSpecification","valueRequired":true,"valueName":"search_term_string"}}],"inLanguage":"es"},{"@type":"Organization","@id":"https:\/\/gysfm.com.ar\/inicio\/#organization","name":"GYS NOTICIAS |","url":"https:\/\/gysfm.com.ar\/inicio\/","logo":{"@type":"ImageObject","inLanguage":"es","@id":"https:\/\/gysfm.com.ar\/inicio\/#\/schema\/logo\/image\/","url":"https:\/\/gysfm.com.ar\/inicio\/wp-content\/uploads\/2023\/07\/LOGOGYS-OK.png","contentUrl":"https:\/\/gysfm.com.ar\/inicio\/wp-content\/uploads\/2023\/07\/LOGOGYS-OK.png","width":1170,"height":872,"caption":"GYS NOTICIAS |"},"image":{"@id":"https:\/\/gysfm.com.ar\/inicio\/#\/schema\/logo\/image\/"}},{"@type":"Person","@id":"https:\/\/gysfm.com.ar\/inicio\/#\/schema\/person\/5bedd7ecd35cc35548d89effafa23696","name":"admin","image":{"@type":"ImageObject","inLanguage":"es","@id":"https:\/\/gysfm.com.ar\/inicio\/#\/schema\/person\/image\/","url":"https:\/\/secure.gravatar.com\/avatar\/c331d312b5243fb64d5ba28108a447b27c925295129a363082c9ea52c28d32c2?s=96&d=mm&r=g","contentUrl":"https:\/\/secure.gravatar.com\/avatar\/c331d312b5243fb64d5ba28108a447b27c925295129a363082c9ea52c28d32c2?s=96&d=mm&r=g","caption":"admin"},"sameAs":["https:\/\/gysfm.com.ar\/inicio"],"url":"https:\/\/gysfm.com.ar\/inicio\/author\/admin\/"}]}},"_links":{"self":[{"href":"https:\/\/gysfm.com.ar\/inicio\/wp-json\/wp\/v2\/posts\/210464","targetHints":{"allow":["GET"]}}],"collection":[{"href":"https:\/\/gysfm.com.ar\/inicio\/wp-json\/wp\/v2\/posts"}],"about":[{"href":"https:\/\/gysfm.com.ar\/inicio\/wp-json\/wp\/v2\/types\/post"}],"author":[{"embeddable":true,"href":"https:\/\/gysfm.com.ar\/inicio\/wp-json\/wp\/v2\/users\/1"}],"replies":[{"embeddable":true,"href":"https:\/\/gysfm.com.ar\/inicio\/wp-json\/wp\/v2\/comments?post=210464"}],"version-history":[{"count":0,"href":"https:\/\/gysfm.com.ar\/inicio\/wp-json\/wp\/v2\/posts\/210464\/revisions"}],"wp:featuredmedia":[{"embeddable":true,"href":"https:\/\/gysfm.com.ar\/inicio\/wp-json\/wp\/v2\/media\/210465"}],"wp:attachment":[{"href":"https:\/\/gysfm.com.ar\/inicio\/wp-json\/wp\/v2\/media?parent=210464"}],"wp:term":[{"taxonomy":"category","embeddable":true,"href":"https:\/\/gysfm.com.ar\/inicio\/wp-json\/wp\/v2\/categories?post=210464"},{"taxonomy":"post_tag","embeddable":true,"href":"https:\/\/gysfm.com.ar\/inicio\/wp-json\/wp\/v2\/tags?post=210464"}],"curies":[{"name":"wp","href":"https:\/\/api.w.org\/{rel}","templated":true}]}}