{"id":210461,"date":"2026-09-04T16:59:17","date_gmt":"2026-09-04T19:59:17","guid":{"rendered":"https:\/\/gysfm.com.ar\/inicio\/sturzenegger-le-respondio-a-los-industriales-y-se-refirio-al-paro-de-practicos-a-veces-algun-cano-explota\/"},"modified":"2026-09-04T16:59:18","modified_gmt":"2026-09-04T19:59:18","slug":"sturzenegger-le-respondio-a-los-industriales-y-se-refirio-al-paro-de-practicos-a-veces-algun-cano-explota","status":"publish","type":"post","link":"https:\/\/gysfm.com.ar\/inicio\/sturzenegger-le-respondio-a-los-industriales-y-se-refirio-al-paro-de-practicos-a-veces-algun-cano-explota\/","title":{"rendered":"Sturzenegger le respondi\u00f3 a los industriales y se refiri\u00f3 al paro de pr\u00e1cticos: \u201cA veces alg\u00fan ca\u00f1o explota\u201d"},"content":{"rendered":"<p><\/p>\n<div>\n<p class=\"com-paragraph --s\"><strong>\u201cCreo que el peronismo ya dijo lo que quieren hacer: o quieren echar a [Santiago] Bausili o quieren expropiar todo\u201d,<\/strong> lanz\u00f3 Federico Sturzenegger apenas subi\u00f3 al escenario durante la convenci\u00f3n anual del Instituto Argentino de Ejecutivos de Finanzas (IAEF). Minutos antes, <a href=\"https:\/\/www.lanacion.com.ar\/economia\/jorge-brito-la-oposicion-tiene-que-dar-certidumbre-de-que-va-a-hacer-y-que-no-nid04092026\/\" target=\"_self\" title=\"https:\/\/www.lanacion.com.ar\/economia\/jorge-brito-la-oposicion-tiene-que-dar-certidumbre-de-que-va-a-hacer-y-que-no-nid04092026\/\" class=\"com-link break-word\" data-mrf-recirculation=\"n_link_parrafo\">Jorge Brito, titular del Macro, hab\u00eda dicho: \u201cLa oposici\u00f3n tiene que dar certidumbre sobre qu\u00e9 va a hacer y qu\u00e9 no\u201d<\/a>. En su discurso, el ministro de Desregulaci\u00f3n y Transformaci\u00f3n del Estado contest\u00f3 las cr\u00edticas de la Uni\u00f3n Industrial Argentina (UIA) y apunt\u00f3 contra los pr\u00e1cticos.<\/p>\n<p class=\"com-paragraph --s\">Luego de un repaso de su gesti\u00f3n y la mirada del presidente Javier Milei sobre la IA, Sturzenegger anunci\u00f3: \u201cQuiero hablar de <a href=\"https:\/\/www.lanacion.com.ar\/economia\/el-dato-que-expuso-la-uia-en-el-dia-de-la-industria-90000-empleos-menos-desde-agosto-de-2023-nid02092026\/\" target=\"_self\" title=\"https:\/\/www.lanacion.com.ar\/economia\/el-dato-que-expuso-la-uia-en-el-dia-de-la-industria-90000-empleos-menos-desde-agosto-de-2023-nid02092026\/\" class=\"com-link break-word\" data-mrf-recirculation=\"n_link_parrafo\">las declaraciones de Mart\u00edn Rappallini<\/a> en el D\u00eda de la Industria, con quien tengo una relaci\u00f3n excelente: trabajamos en el Consejo de Mayo y armamos la ley de reforma laboral\u201d. Y sigui\u00f3: \u201cMe hubiera gustado haberlo charlado con \u00e9l, sin animosidad, pero quiero aprovechar las ideas que comentaba para pensar en la batalla cultural y compartir c\u00f3mo las vemos nosotros en el Gobierno\u201d.<\/p>\n<p class=\"com-paragraph --s\">El funcionario se refiri\u00f3 primero al nivel de actividad: \u201cLo que dec\u00eda LA NACION sobre lo que dec\u00eda Mart\u00edn, porque los periodistas a veces se toman sus licencias, era que el problema es la actividad. Cuando llegamos al gobierno, ven\u00edamos de 12 a\u00f1os sin crecimiento. <strong>Javier Milei va a terminar su presidencia con un producto 20% m\u00e1s alto que cuando empez\u00f3.<\/strong> <strong>Obviamente, el crecimiento de la actividad no es parejo para todos\u201d.<\/strong><\/p>\n<p class=\"com-paragraph --s\">Acto seguido, el ministro cuestion\u00f3 los reclamos de est\u00edmulos: \u201cSe piensa que el Estado tiene que promover el consumo. Pero <strong>hay que entender que el Estado no hace nada. Lo \u00fanico que hace es gestionar guita de otros; no crea nada.<\/strong> En todo caso, si le va a dar un incentivo a alguien, es porque sac\u00f3 la guita de otro lado. \u00bfO qu\u00e9 fue el \u2018Plan Platita\u2019?\u201d.<\/p>\n<p class=\"com-paragraph --s\"><strong>\u201cSi hay algo que podemos hacer para que el consumo crezca, es bajar el gasto p\u00fablico:<\/strong> disminuir lo que cobramos a la gente, devolvi\u00e9ndole al sector privado. Por eso el presidente Milei ha devuelto 3 puntos del PBI y 2 puntos y medio de impuesto inflacionario. Esa es la manera\u201d, explic\u00f3 Sturzenegger.<\/p>\n<p class=\"com-paragraph --s\">En otra parte de su exposici\u00f3n, Sturzenegger habl\u00f3 del financiamiento: \u201cLo mismo sucede con el cr\u00e9dito: subsidi\u00e1ndolo, de alg\u00fan lado saco la plata. <strong>Para que crezca el cr\u00e9dito, tiene que crecer el ahorro<\/strong>, para lo que necesitamos estabilidad y que el gasto p\u00fablico sea m\u00e1s bajo. Por eso hemos bajado 15 puntos la presi\u00f3n que el Estado le hac\u00eda al sector privado a trav\u00e9s del d\u00e9ficit fiscal\u201d.<\/p>\n<p><h2 class=\"font-primary font-w-bold text-subheading-lg text-left container-center-100 mb-8\"><span>\u201cEl ejemplo puro de la casta\u201d<\/span><\/h2>\n<\/p>\n<p class=\"com-paragraph --s\">Hacia el tramo final de su ponencia, el ministro abord\u00f3 las quejas empresariales respecto de la competitividad: \u201cEl otro tema que planteaba Mart\u00edn [Rappallini] es el costo argentino, <strong>pero hicimos 17.000 desregulaciones<\/strong>. Nos insultan diciendo que somos acad\u00e9micos; <mark class=\"hl_underline\">yo digo que somos plomeros: somos los \u00fanicos que nos metemos en las cloacas a sacar la mierda [sic]\u201d.<\/mark><\/p>\n<p class=\"com-paragraph --s\">\u201cEso implica ir y mirar en cada uno de los reg\u00edmenes legales y normativos d\u00f3nde est\u00e1 ese privilegio\u201d, agreg\u00f3 Sturzenegger, para luego cargar <a href=\"https:\/\/www.lanacion.com.ar\/economia\/el-gobierno-acordo-con-los-practicos-y-se-restablecera-el-servicio-en-el-puerto-nid04082026\/\" target=\"_self\" title=\"https:\/\/www.lanacion.com.ar\/economia\/el-gobierno-acordo-con-los-practicos-y-se-restablecera-el-servicio-en-el-puerto-nid04082026\/\" class=\"com-link break-word\" data-mrf-recirculation=\"n_link_parrafo\">contra la huelga de pr\u00e1cticos en el puerto<\/a>: \u201c<mark class=\"hl_underline\">A veces alg\u00fan ca\u00f1o explota y qued\u00e1s todo cubierto de mierda [sic]<\/mark>, como lo que nos pas\u00f3 con los pr\u00e1cticos. Ellos<strong> son el ejemplo puro de la casta:<\/strong> 300 tipos que ganan US$200.000 por mes le imponen un sobrecosto a la log\u00edstica de US$60 millones que pagamos todos los argentinos. Desarmar estos privilegios tiene su complejidad\u201d.<\/p>\n<p class=\"com-paragraph --s\">Para cerrar, el funcionario contest\u00f3 al reclamo de alivio fiscal: \u201cPed\u00eda Mart\u00edn la baja de impuestos: para cualquier pol\u00edtico es facil\u00edsimo hacerlo; lo que es dif\u00edcil es bajar el gasto. Ser\u00eda m\u00e1s constructivo que, en vez de alentarnos en algo que es f\u00e1cil para nosotros, <strong>nos apoyen en lo que es dif\u00edcil hacer <\/strong>y que es absolutamente necesario para hacer lo otro: <strong>no hay una manera de bajar los impuestos de manera sustentable si no se baja el gasto\u201d.<\/strong><\/p>\n<p class=\"com-paragraph --s\">\u201cNos tenemos que sacar de la cabeza la idea del <em>dumping<\/em>, de que si yo dejo que venga algo de otro pa\u00eds que es muy barato, destruye la industria local. Pero de eso se trata el comercio; es rid\u00edculo el argumento\u201d, concluy\u00f3.<\/p>\n<section class=\"container-center-100 mb-40 border border-bottom border-thin border-neutral-light-700\">\n<hr\/>\n<\/section>\n<\/div>\n<p><script id=\"facebookpixel\" defer=\"\" type=\"text\/javascript\">\n        !function(f,b,e,v,n,t,s)\n        {if(f.fbq)return;n=f.fbq=function(){n.callMethod?\n        n.callMethod.apply(n,arguments):n.queue.push(arguments)};\n        if(!f._fbq)f._fbq=n;n.push=n;n.loaded=!0;n.version='2.0';\n        n.queue=[];t=b.createElement(e);t.async=!0;\n        t.src=v;s=b.getElementsByTagName(e)[0];\n        s.parentNode.insertBefore(t,s)}(window, document,'script',\n        'https:\/\/connect.facebook.net\/en_US\/fbevents.js');\n        fbq('init', '492459597522335');\n        fbq('track', 'PageView');\n    <\/script><\/p>\n","protected":false},"excerpt":{"rendered":"<p>\u201cCreo que el peronismo ya dijo lo que quieren hacer: o quieren echar a [Santiago] Bausili o quieren expropiar todo\u201d, lanz\u00f3 Federico Sturzenegger apenas subi\u00f3 al escenario durante la convenci\u00f3n anual del Instituto Argentino de Ejecutivos de Finanzas (IAEF). Minutos antes, Jorge Brito, titular del Macro, hab\u00eda dicho: \u201cLa oposici\u00f3n tiene que dar certidumbre sobre [&hellip;]<\/p>\n","protected":false},"author":1,"featured_media":210462,"comment_status":"closed","ping_status":"closed","sticky":false,"template":"","format":"standard","meta":{"footnotes":""},"categories":[28],"tags":[],"class_list":["post-210461","post","type-post","status-publish","format-standard","has-post-thumbnail","hentry","category-economia"],"yoast_head":"<!-- This site is optimized with the Yoast SEO plugin v24.4 - https:\/\/yoast.com\/wordpress\/plugins\/seo\/ -->\n<title>Sturzenegger le respondi\u00f3 a los industriales y se refiri\u00f3 al paro de pr\u00e1cticos: \u201cA veces alg\u00fan ca\u00f1o explota\u201d - GYS NOTICIAS |<\/title>\n<meta name=\"robots\" content=\"index, follow, max-snippet:-1, max-image-preview:large, max-video-preview:-1\" \/>\n<link rel=\"canonical\" href=\"https:\/\/gysfm.com.ar\/inicio\/sturzenegger-le-respondio-a-los-industriales-y-se-refirio-al-paro-de-practicos-a-veces-algun-cano-explota\/\" \/>\n<meta property=\"og:locale\" content=\"es_ES\" \/>\n<meta property=\"og:type\" content=\"article\" \/>\n<meta property=\"og:title\" content=\"Sturzenegger le respondi\u00f3 a los industriales y se refiri\u00f3 al paro de pr\u00e1cticos: \u201cA veces alg\u00fan ca\u00f1o explota\u201d - GYS NOTICIAS |\" \/>\n<meta property=\"og:description\" content=\"\u201cCreo que el peronismo ya dijo lo que quieren hacer: o quieren echar a [Santiago] Bausili o quieren expropiar todo\u201d, lanz\u00f3 Federico Sturzenegger apenas subi\u00f3 al escenario durante la convenci\u00f3n anual del Instituto Argentino de Ejecutivos de Finanzas (IAEF). Minutos antes, Jorge Brito, titular del Macro, hab\u00eda dicho: \u201cLa oposici\u00f3n tiene que dar certidumbre sobre [&hellip;]\" \/>\n<meta property=\"og:url\" content=\"https:\/\/gysfm.com.ar\/inicio\/sturzenegger-le-respondio-a-los-industriales-y-se-refirio-al-paro-de-practicos-a-veces-algun-cano-explota\/\" \/>\n<meta property=\"og:site_name\" content=\"GYS NOTICIAS |\" \/>\n<meta property=\"article:published_time\" content=\"2026-09-04T19:59:17+00:00\" \/>\n<meta property=\"article:modified_time\" content=\"2026-09-04T19:59:18+00:00\" \/>\n<meta property=\"og:image\" content=\"https:\/\/gysfm.com.ar\/inicio\/wp-content\/uploads\/2026\/09\/el-ministro-de-desregulacion-y-transformacion-del-YVLO2LM6T5C53ADJCRK5UXD4GU.jpg\" \/>\n\t<meta property=\"og:image:width\" content=\"1200\" \/>\n\t<meta property=\"og:image:height\" content=\"800\" \/>\n\t<meta property=\"og:image:type\" content=\"image\/jpeg\" \/>\n<meta name=\"author\" content=\"admin\" \/>\n<meta name=\"twitter:card\" content=\"summary_large_image\" \/>\n<meta name=\"twitter:label1\" content=\"Escrito por\" \/>\n\t<meta name=\"twitter:data1\" content=\"admin\" \/>\n\t<meta name=\"twitter:label2\" content=\"Tiempo de lectura\" \/>\n\t<meta name=\"twitter:data2\" content=\"4 minutos\" \/>\n<script type=\"application\/ld+json\" class=\"yoast-schema-graph\">{\"@context\":\"https:\/\/schema.org\",\"@graph\":[{\"@type\":\"Article\",\"@id\":\"https:\/\/gysfm.com.ar\/inicio\/sturzenegger-le-respondio-a-los-industriales-y-se-refirio-al-paro-de-practicos-a-veces-algun-cano-explota\/#article\",\"isPartOf\":{\"@id\":\"https:\/\/gysfm.com.ar\/inicio\/sturzenegger-le-respondio-a-los-industriales-y-se-refirio-al-paro-de-practicos-a-veces-algun-cano-explota\/\"},\"author\":{\"name\":\"admin\",\"@id\":\"https:\/\/gysfm.com.ar\/inicio\/#\/schema\/person\/5bedd7ecd35cc35548d89effafa23696\"},\"headline\":\"Sturzenegger le respondi\u00f3 a los industriales y se refiri\u00f3 al paro de pr\u00e1cticos: \u201cA veces alg\u00fan ca\u00f1o explota\u201d\",\"datePublished\":\"2026-09-04T19:59:17+00:00\",\"dateModified\":\"2026-09-04T19:59:18+00:00\",\"mainEntityOfPage\":{\"@id\":\"https:\/\/gysfm.com.ar\/inicio\/sturzenegger-le-respondio-a-los-industriales-y-se-refirio-al-paro-de-practicos-a-veces-algun-cano-explota\/\"},\"wordCount\":769,\"publisher\":{\"@id\":\"https:\/\/gysfm.com.ar\/inicio\/#organization\"},\"image\":{\"@id\":\"https:\/\/gysfm.com.ar\/inicio\/sturzenegger-le-respondio-a-los-industriales-y-se-refirio-al-paro-de-practicos-a-veces-algun-cano-explota\/#primaryimage\"},\"thumbnailUrl\":\"https:\/\/gysfm.com.ar\/inicio\/wp-content\/uploads\/2026\/09\/el-ministro-de-desregulacion-y-transformacion-del-YVLO2LM6T5C53ADJCRK5UXD4GU.jpg\",\"articleSection\":[\"ECONOMIA\"],\"inLanguage\":\"es\"},{\"@type\":\"WebPage\",\"@id\":\"https:\/\/gysfm.com.ar\/inicio\/sturzenegger-le-respondio-a-los-industriales-y-se-refirio-al-paro-de-practicos-a-veces-algun-cano-explota\/\",\"url\":\"https:\/\/gysfm.com.ar\/inicio\/sturzenegger-le-respondio-a-los-industriales-y-se-refirio-al-paro-de-practicos-a-veces-algun-cano-explota\/\",\"name\":\"Sturzenegger le respondi\u00f3 a los industriales y se refiri\u00f3 al paro de pr\u00e1cticos: \u201cA veces alg\u00fan ca\u00f1o explota\u201d - GYS NOTICIAS |\",\"isPartOf\":{\"@id\":\"https:\/\/gysfm.com.ar\/inicio\/#website\"},\"primaryImageOfPage\":{\"@id\":\"https:\/\/gysfm.com.ar\/inicio\/sturzenegger-le-respondio-a-los-industriales-y-se-refirio-al-paro-de-practicos-a-veces-algun-cano-explota\/#primaryimage\"},\"image\":{\"@id\":\"https:\/\/gysfm.com.ar\/inicio\/sturzenegger-le-respondio-a-los-industriales-y-se-refirio-al-paro-de-practicos-a-veces-algun-cano-explota\/#primaryimage\"},\"thumbnailUrl\":\"https:\/\/gysfm.com.ar\/inicio\/wp-content\/uploads\/2026\/09\/el-ministro-de-desregulacion-y-transformacion-del-YVLO2LM6T5C53ADJCRK5UXD4GU.jpg\",\"datePublished\":\"2026-09-04T19:59:17+00:00\",\"dateModified\":\"2026-09-04T19:59:18+00:00\",\"breadcrumb\":{\"@id\":\"https:\/\/gysfm.com.ar\/inicio\/sturzenegger-le-respondio-a-los-industriales-y-se-refirio-al-paro-de-practicos-a-veces-algun-cano-explota\/#breadcrumb\"},\"inLanguage\":\"es\",\"potentialAction\":[{\"@type\":\"ReadAction\",\"target\":[\"https:\/\/gysfm.com.ar\/inicio\/sturzenegger-le-respondio-a-los-industriales-y-se-refirio-al-paro-de-practicos-a-veces-algun-cano-explota\/\"]}]},{\"@type\":\"ImageObject\",\"inLanguage\":\"es\",\"@id\":\"https:\/\/gysfm.com.ar\/inicio\/sturzenegger-le-respondio-a-los-industriales-y-se-refirio-al-paro-de-practicos-a-veces-algun-cano-explota\/#primaryimage\",\"url\":\"https:\/\/gysfm.com.ar\/inicio\/wp-content\/uploads\/2026\/09\/el-ministro-de-desregulacion-y-transformacion-del-YVLO2LM6T5C53ADJCRK5UXD4GU.jpg\",\"contentUrl\":\"https:\/\/gysfm.com.ar\/inicio\/wp-content\/uploads\/2026\/09\/el-ministro-de-desregulacion-y-transformacion-del-YVLO2LM6T5C53ADJCRK5UXD4GU.jpg\",\"width\":1200,\"height\":800},{\"@type\":\"BreadcrumbList\",\"@id\":\"https:\/\/gysfm.com.ar\/inicio\/sturzenegger-le-respondio-a-los-industriales-y-se-refirio-al-paro-de-practicos-a-veces-algun-cano-explota\/#breadcrumb\",\"itemListElement\":[{\"@type\":\"ListItem\",\"position\":1,\"name\":\"Portada\",\"item\":\"https:\/\/gysfm.com.ar\/inicio\/\"},{\"@type\":\"ListItem\",\"position\":2,\"name\":\"Sturzenegger le respondi\u00f3 a los industriales y se refiri\u00f3 al paro de pr\u00e1cticos: \u201cA veces alg\u00fan ca\u00f1o explota\u201d\"}]},{\"@type\":\"WebSite\",\"@id\":\"https:\/\/gysfm.com.ar\/inicio\/#website\",\"url\":\"https:\/\/gysfm.com.ar\/inicio\/\",\"name\":\"GYS NOTICIAS |\",\"description\":\"DIARIO - RADIO ONLINE SAN JUAN ARGENTINA\",\"publisher\":{\"@id\":\"https:\/\/gysfm.com.ar\/inicio\/#organization\"},\"potentialAction\":[{\"@type\":\"SearchAction\",\"target\":{\"@type\":\"EntryPoint\",\"urlTemplate\":\"https:\/\/gysfm.com.ar\/inicio\/?s={search_term_string}\"},\"query-input\":{\"@type\":\"PropertyValueSpecification\",\"valueRequired\":true,\"valueName\":\"search_term_string\"}}],\"inLanguage\":\"es\"},{\"@type\":\"Organization\",\"@id\":\"https:\/\/gysfm.com.ar\/inicio\/#organization\",\"name\":\"GYS NOTICIAS |\",\"url\":\"https:\/\/gysfm.com.ar\/inicio\/\",\"logo\":{\"@type\":\"ImageObject\",\"inLanguage\":\"es\",\"@id\":\"https:\/\/gysfm.com.ar\/inicio\/#\/schema\/logo\/image\/\",\"url\":\"https:\/\/gysfm.com.ar\/inicio\/wp-content\/uploads\/2023\/07\/LOGOGYS-OK.png\",\"contentUrl\":\"https:\/\/gysfm.com.ar\/inicio\/wp-content\/uploads\/2023\/07\/LOGOGYS-OK.png\",\"width\":1170,\"height\":872,\"caption\":\"GYS NOTICIAS |\"},\"image\":{\"@id\":\"https:\/\/gysfm.com.ar\/inicio\/#\/schema\/logo\/image\/\"}},{\"@type\":\"Person\",\"@id\":\"https:\/\/gysfm.com.ar\/inicio\/#\/schema\/person\/5bedd7ecd35cc35548d89effafa23696\",\"name\":\"admin\",\"image\":{\"@type\":\"ImageObject\",\"inLanguage\":\"es\",\"@id\":\"https:\/\/gysfm.com.ar\/inicio\/#\/schema\/person\/image\/\",\"url\":\"https:\/\/secure.gravatar.com\/avatar\/c331d312b5243fb64d5ba28108a447b27c925295129a363082c9ea52c28d32c2?s=96&d=mm&r=g\",\"contentUrl\":\"https:\/\/secure.gravatar.com\/avatar\/c331d312b5243fb64d5ba28108a447b27c925295129a363082c9ea52c28d32c2?s=96&d=mm&r=g\",\"caption\":\"admin\"},\"sameAs\":[\"https:\/\/gysfm.com.ar\/inicio\"],\"url\":\"https:\/\/gysfm.com.ar\/inicio\/author\/admin\/\"}]}<\/script>\n<!-- \/ Yoast SEO plugin. -->","yoast_head_json":{"title":"Sturzenegger le respondi\u00f3 a los industriales y se refiri\u00f3 al paro de pr\u00e1cticos: \u201cA veces alg\u00fan ca\u00f1o explota\u201d - GYS NOTICIAS |","robots":{"index":"index","follow":"follow","max-snippet":"max-snippet:-1","max-image-preview":"max-image-preview:large","max-video-preview":"max-video-preview:-1"},"canonical":"https:\/\/gysfm.com.ar\/inicio\/sturzenegger-le-respondio-a-los-industriales-y-se-refirio-al-paro-de-practicos-a-veces-algun-cano-explota\/","og_locale":"es_ES","og_type":"article","og_title":"Sturzenegger le respondi\u00f3 a los industriales y se refiri\u00f3 al paro de pr\u00e1cticos: \u201cA veces alg\u00fan ca\u00f1o explota\u201d - GYS NOTICIAS |","og_description":"\u201cCreo que el peronismo ya dijo lo que quieren hacer: o quieren echar a [Santiago] Bausili o quieren expropiar todo\u201d, lanz\u00f3 Federico Sturzenegger apenas subi\u00f3 al escenario durante la convenci\u00f3n anual del Instituto Argentino de Ejecutivos de Finanzas (IAEF). Minutos antes, Jorge Brito, titular del Macro, hab\u00eda dicho: \u201cLa oposici\u00f3n tiene que dar certidumbre sobre [&hellip;]","og_url":"https:\/\/gysfm.com.ar\/inicio\/sturzenegger-le-respondio-a-los-industriales-y-se-refirio-al-paro-de-practicos-a-veces-algun-cano-explota\/","og_site_name":"GYS NOTICIAS |","article_published_time":"2026-09-04T19:59:17+00:00","article_modified_time":"2026-09-04T19:59:18+00:00","og_image":[{"width":1200,"height":800,"url":"https:\/\/gysfm.com.ar\/inicio\/wp-content\/uploads\/2026\/09\/el-ministro-de-desregulacion-y-transformacion-del-YVLO2LM6T5C53ADJCRK5UXD4GU.jpg","type":"image\/jpeg"}],"author":"admin","twitter_card":"summary_large_image","twitter_misc":{"Escrito por":"admin","Tiempo de lectura":"4 minutos"},"schema":{"@context":"https:\/\/schema.org","@graph":[{"@type":"Article","@id":"https:\/\/gysfm.com.ar\/inicio\/sturzenegger-le-respondio-a-los-industriales-y-se-refirio-al-paro-de-practicos-a-veces-algun-cano-explota\/#article","isPartOf":{"@id":"https:\/\/gysfm.com.ar\/inicio\/sturzenegger-le-respondio-a-los-industriales-y-se-refirio-al-paro-de-practicos-a-veces-algun-cano-explota\/"},"author":{"name":"admin","@id":"https:\/\/gysfm.com.ar\/inicio\/#\/schema\/person\/5bedd7ecd35cc35548d89effafa23696"},"headline":"Sturzenegger le respondi\u00f3 a los industriales y se refiri\u00f3 al paro de pr\u00e1cticos: \u201cA veces alg\u00fan ca\u00f1o explota\u201d","datePublished":"2026-09-04T19:59:17+00:00","dateModified":"2026-09-04T19:59:18+00:00","mainEntityOfPage":{"@id":"https:\/\/gysfm.com.ar\/inicio\/sturzenegger-le-respondio-a-los-industriales-y-se-refirio-al-paro-de-practicos-a-veces-algun-cano-explota\/"},"wordCount":769,"publisher":{"@id":"https:\/\/gysfm.com.ar\/inicio\/#organization"},"image":{"@id":"https:\/\/gysfm.com.ar\/inicio\/sturzenegger-le-respondio-a-los-industriales-y-se-refirio-al-paro-de-practicos-a-veces-algun-cano-explota\/#primaryimage"},"thumbnailUrl":"https:\/\/gysfm.com.ar\/inicio\/wp-content\/uploads\/2026\/09\/el-ministro-de-desregulacion-y-transformacion-del-YVLO2LM6T5C53ADJCRK5UXD4GU.jpg","articleSection":["ECONOMIA"],"inLanguage":"es"},{"@type":"WebPage","@id":"https:\/\/gysfm.com.ar\/inicio\/sturzenegger-le-respondio-a-los-industriales-y-se-refirio-al-paro-de-practicos-a-veces-algun-cano-explota\/","url":"https:\/\/gysfm.com.ar\/inicio\/sturzenegger-le-respondio-a-los-industriales-y-se-refirio-al-paro-de-practicos-a-veces-algun-cano-explota\/","name":"Sturzenegger le respondi\u00f3 a los industriales y se refiri\u00f3 al paro de pr\u00e1cticos: \u201cA veces alg\u00fan ca\u00f1o explota\u201d - GYS NOTICIAS |","isPartOf":{"@id":"https:\/\/gysfm.com.ar\/inicio\/#website"},"primaryImageOfPage":{"@id":"https:\/\/gysfm.com.ar\/inicio\/sturzenegger-le-respondio-a-los-industriales-y-se-refirio-al-paro-de-practicos-a-veces-algun-cano-explota\/#primaryimage"},"image":{"@id":"https:\/\/gysfm.com.ar\/inicio\/sturzenegger-le-respondio-a-los-industriales-y-se-refirio-al-paro-de-practicos-a-veces-algun-cano-explota\/#primaryimage"},"thumbnailUrl":"https:\/\/gysfm.com.ar\/inicio\/wp-content\/uploads\/2026\/09\/el-ministro-de-desregulacion-y-transformacion-del-YVLO2LM6T5C53ADJCRK5UXD4GU.jpg","datePublished":"2026-09-04T19:59:17+00:00","dateModified":"2026-09-04T19:59:18+00:00","breadcrumb":{"@id":"https:\/\/gysfm.com.ar\/inicio\/sturzenegger-le-respondio-a-los-industriales-y-se-refirio-al-paro-de-practicos-a-veces-algun-cano-explota\/#breadcrumb"},"inLanguage":"es","potentialAction":[{"@type":"ReadAction","target":["https:\/\/gysfm.com.ar\/inicio\/sturzenegger-le-respondio-a-los-industriales-y-se-refirio-al-paro-de-practicos-a-veces-algun-cano-explota\/"]}]},{"@type":"ImageObject","inLanguage":"es","@id":"https:\/\/gysfm.com.ar\/inicio\/sturzenegger-le-respondio-a-los-industriales-y-se-refirio-al-paro-de-practicos-a-veces-algun-cano-explota\/#primaryimage","url":"https:\/\/gysfm.com.ar\/inicio\/wp-content\/uploads\/2026\/09\/el-ministro-de-desregulacion-y-transformacion-del-YVLO2LM6T5C53ADJCRK5UXD4GU.jpg","contentUrl":"https:\/\/gysfm.com.ar\/inicio\/wp-content\/uploads\/2026\/09\/el-ministro-de-desregulacion-y-transformacion-del-YVLO2LM6T5C53ADJCRK5UXD4GU.jpg","width":1200,"height":800},{"@type":"BreadcrumbList","@id":"https:\/\/gysfm.com.ar\/inicio\/sturzenegger-le-respondio-a-los-industriales-y-se-refirio-al-paro-de-practicos-a-veces-algun-cano-explota\/#breadcrumb","itemListElement":[{"@type":"ListItem","position":1,"name":"Portada","item":"https:\/\/gysfm.com.ar\/inicio\/"},{"@type":"ListItem","position":2,"name":"Sturzenegger le respondi\u00f3 a los industriales y se refiri\u00f3 al paro de pr\u00e1cticos: \u201cA veces alg\u00fan ca\u00f1o explota\u201d"}]},{"@type":"WebSite","@id":"https:\/\/gysfm.com.ar\/inicio\/#website","url":"https:\/\/gysfm.com.ar\/inicio\/","name":"GYS NOTICIAS |","description":"DIARIO - RADIO ONLINE SAN JUAN ARGENTINA","publisher":{"@id":"https:\/\/gysfm.com.ar\/inicio\/#organization"},"potentialAction":[{"@type":"SearchAction","target":{"@type":"EntryPoint","urlTemplate":"https:\/\/gysfm.com.ar\/inicio\/?s={search_term_string}"},"query-input":{"@type":"PropertyValueSpecification","valueRequired":true,"valueName":"search_term_string"}}],"inLanguage":"es"},{"@type":"Organization","@id":"https:\/\/gysfm.com.ar\/inicio\/#organization","name":"GYS NOTICIAS |","url":"https:\/\/gysfm.com.ar\/inicio\/","logo":{"@type":"ImageObject","inLanguage":"es","@id":"https:\/\/gysfm.com.ar\/inicio\/#\/schema\/logo\/image\/","url":"https:\/\/gysfm.com.ar\/inicio\/wp-content\/uploads\/2023\/07\/LOGOGYS-OK.png","contentUrl":"https:\/\/gysfm.com.ar\/inicio\/wp-content\/uploads\/2023\/07\/LOGOGYS-OK.png","width":1170,"height":872,"caption":"GYS NOTICIAS |"},"image":{"@id":"https:\/\/gysfm.com.ar\/inicio\/#\/schema\/logo\/image\/"}},{"@type":"Person","@id":"https:\/\/gysfm.com.ar\/inicio\/#\/schema\/person\/5bedd7ecd35cc35548d89effafa23696","name":"admin","image":{"@type":"ImageObject","inLanguage":"es","@id":"https:\/\/gysfm.com.ar\/inicio\/#\/schema\/person\/image\/","url":"https:\/\/secure.gravatar.com\/avatar\/c331d312b5243fb64d5ba28108a447b27c925295129a363082c9ea52c28d32c2?s=96&d=mm&r=g","contentUrl":"https:\/\/secure.gravatar.com\/avatar\/c331d312b5243fb64d5ba28108a447b27c925295129a363082c9ea52c28d32c2?s=96&d=mm&r=g","caption":"admin"},"sameAs":["https:\/\/gysfm.com.ar\/inicio"],"url":"https:\/\/gysfm.com.ar\/inicio\/author\/admin\/"}]}},"_links":{"self":[{"href":"https:\/\/gysfm.com.ar\/inicio\/wp-json\/wp\/v2\/posts\/210461","targetHints":{"allow":["GET"]}}],"collection":[{"href":"https:\/\/gysfm.com.ar\/inicio\/wp-json\/wp\/v2\/posts"}],"about":[{"href":"https:\/\/gysfm.com.ar\/inicio\/wp-json\/wp\/v2\/types\/post"}],"author":[{"embeddable":true,"href":"https:\/\/gysfm.com.ar\/inicio\/wp-json\/wp\/v2\/users\/1"}],"replies":[{"embeddable":true,"href":"https:\/\/gysfm.com.ar\/inicio\/wp-json\/wp\/v2\/comments?post=210461"}],"version-history":[{"count":1,"href":"https:\/\/gysfm.com.ar\/inicio\/wp-json\/wp\/v2\/posts\/210461\/revisions"}],"predecessor-version":[{"id":210463,"href":"https:\/\/gysfm.com.ar\/inicio\/wp-json\/wp\/v2\/posts\/210461\/revisions\/210463"}],"wp:featuredmedia":[{"embeddable":true,"href":"https:\/\/gysfm.com.ar\/inicio\/wp-json\/wp\/v2\/media\/210462"}],"wp:attachment":[{"href":"https:\/\/gysfm.com.ar\/inicio\/wp-json\/wp\/v2\/media?parent=210461"}],"wp:term":[{"taxonomy":"category","embeddable":true,"href":"https:\/\/gysfm.com.ar\/inicio\/wp-json\/wp\/v2\/categories?post=210461"},{"taxonomy":"post_tag","embeddable":true,"href":"https:\/\/gysfm.com.ar\/inicio\/wp-json\/wp\/v2\/tags?post=210461"}],"curies":[{"name":"wp","href":"https:\/\/api.w.org\/{rel}","templated":true}]}}