{"id":210458,"date":"2026-09-04T16:58:12","date_gmt":"2026-09-04T19:58:12","guid":{"rendered":"https:\/\/gysfm.com.ar\/inicio\/bachelet-admite-que-su-candidatura-a-la-onu-quedo-casi-sin-chances-y-crece-la-presion-para-que-se-retire\/"},"modified":"2026-09-04T16:58:13","modified_gmt":"2026-09-04T19:58:13","slug":"bachelet-admite-que-su-candidatura-a-la-onu-quedo-casi-sin-chances-y-crece-la-presion-para-que-se-retire","status":"publish","type":"post","link":"https:\/\/gysfm.com.ar\/inicio\/bachelet-admite-que-su-candidatura-a-la-onu-quedo-casi-sin-chances-y-crece-la-presion-para-que-se-retire\/","title":{"rendered":"Bachelet admite que su candidatura a la ONU qued\u00f3 casi sin chances y crece la presi\u00f3n para que se retire"},"content":{"rendered":"<p> <br \/>\n<\/p>\n<div>\n<p class=\"com-paragraph --capital --s\">SANTIAGO, Chile.- La expresidenta chilena <strong>Michelle Bachelet<\/strong>,<strong> <\/strong>quien aspiraba a acceder al cargo m\u00e1s alto de la diplomacia internacional, dijo este jueves que <strong>\u201cno ser\u00e9 secretaria general\u201d <\/strong>de la ONU, sincerando la situaci\u00f3n de su candidatura, <a href=\"https:\/\/www.lanacion.com.ar\/estados-unidos\/rafael-grossi-soy-optimista-mi-candidatura-a-la-onu-proyecta-efectividad-y-mucho-realismo-que-es-lo-nid26082026\/\" target=\"_self\" title=\"https:\/\/www.lanacion.com.ar\/estados-unidos\/rafael-grossi-soy-optimista-mi-candidatura-a-la-onu-proyecta-efectividad-y-mucho-realismo-que-es-lo-nid26082026\/\" class=\"com-link break-word\" data-mrf-recirculation=\"n_link_parrafo\">que est\u00e1 lejos de las favoritas<\/a>. <\/p>\n<p class=\"com-paragraph --s\">Bachelet <strong>admiti\u00f3 que no ser\u00e1 la pr\u00f3xima l\u00edder de Naciones Unidas <\/strong>al intervenir en un foro local sobre el complejo escenario mundial, <strong>el desprecio del multilateralismo de parte de la actual administraci\u00f3n de Estados Unidos<\/strong> y la disputa de ese pa\u00eds por la hegemon\u00eda con China.<\/p>\n<p class=\"com-paragraph --s\">\u201cUno de los poderes que tienen los pa\u00edses es lo que se llama el <strong>\u2018poder blando\u2019<\/strong>, que es la cultura, lo que hace atractivos a los pa\u00edses. Y ha cambiado: <strong>el poder blando de Estados Unidos ha ca\u00eddo<\/strong> y el poder blando de China ha crecido mucho\u201d, sostuvo en un encuentro sobre migraci\u00f3n en la Universidad Diego Portales.<\/p>\n<div class=\"content-media\">\n<section role=\"button\" class=\"mod-media   \">\n<figure role=\"button\" tabindex=\"0\" class=\"mod-figure \"><figcaption class=\"mod-figcaption\"><span class=\"com-text --caption --twoxs\">Michelle Bachelet habla durante una reuni\u00f3n informal en la sede de la ONU en Nueva York   <\/span><span class=\"com-text --credit --twoxs\">Yuki Iwamura &#8211; AP<\/span><\/figcaption><\/figure>\n<\/section>\n<\/div>\n<p class=\"com-paragraph --s\">All\u00ed, la exdirectora de ONU Mujeres y exalta comisionada para los Derechos Humanos de la entidad apunt\u00f3 al descr\u00e9dito del multilateralismo de parte del presidente <strong>Donald Trump,<\/strong> indicando que no se inici\u00f3 con \u00e9l, pero en su administraci\u00f3n <strong>\u201cha tomado mucha fuerza\u201d<\/strong> y \u201c<strong>lo que hay de fondo es una pelea estrat\u00e9gica estructural\u201d.<\/strong><\/p>\n<p class=\"com-paragraph --s\">Y a continuaci\u00f3n transparent\u00f3: \u201cEntonces ese es el tema. <strong>No ser\u00e9 secretaria general despu\u00e9s de dar mi opini\u00f3n; es un alivio.<\/strong> Porque, como me dijo una gringa: \u2018Bueno, y si no se puede hacer nada, \u00bfpara qu\u00e9 quiere ser secretaria general?\u2019\u201d, a\u00f1adi\u00f3. <strong>\u201cBueno\u2026 tal vez porque s\u00e9 que no voy a ser secretaria general\u201d<\/strong>, declar\u00f3 para explicar posteriormente que los desaf\u00edos globales de la humanidad no los puede resolver nadie por s\u00ed solo.<\/p>\n<p class=\"com-paragraph --s\">Tras la postulaci\u00f3n del gobierno anterior, M\u00e9xico y Brasil a liderar el organismo, <a href=\"https:\/\/www.lanacion.com.ar\/el-mundo\/kast-retira-el-apoyo-a-bachelet-para-la-onu-y-reconfigura-la-candidatura-latinoamericana-nid24032026\/\" target=\"_self\" title=\"https:\/\/www.lanacion.com.ar\/el-mundo\/kast-retira-el-apoyo-a-bachelet-para-la-onu-y-reconfigura-la-candidatura-latinoamericana-nid24032026\/\" class=\"com-link break-word\" data-mrf-recirculation=\"n_link_parrafo\">el gobierno actual del derechista <strong>Jos\u00e9 Antonio Kast<\/strong> le quit\u00f3 su respaldo<\/a>. A eso se sum\u00f3 una campa\u00f1a desde Estados Unidos de congresistas conservadores y del secretario de Estado, <strong>Marco Rubio<\/strong>, que le reprochaban, entre otros temas, su postura sobre el aborto.<\/p>\n<p class=\"com-paragraph --s\">Pese a que sostuvo reuniones con todos los pa\u00edses miembros del <strong>Consejo de Seguridad<\/strong>, a excepci\u00f3n de Estados Unidos, en una intensa campa\u00f1a, su desempe\u00f1o en los sondeos preliminares <strong>la dej\u00f3 en cuarto y luego en pen\u00faltimo lugar<\/strong> de entre ocho candidatos.<\/p>\n<div class=\"content-media\">\n<section role=\"button\" class=\"mod-media   \">\n<figure role=\"button\" tabindex=\"0\" class=\"mod-figure \"><figcaption class=\"mod-figcaption\"><span class=\"com-text --caption --twoxs\">El presidente chileno, Jos\u00e9 Antonio Kast, le quit\u00f3 el respaldo a Bachelet, tras la candidatura auspiciada por el gobierno anterior   <\/span><span class=\"com-text --credit --twoxs\">Esteban Felix &#8211; AP<\/span><\/figcaption><\/figure>\n<\/section>\n<\/div>\n<p class=\"com-paragraph --s\">Durante su intervenci\u00f3n, la dos veces exmandataria chilena sostuvo que <strong>Naciones Unidas ha dejado de ser relevante por el debilitamiento del multilateralismo en favor de opciones de confrontaci\u00f3n<\/strong> y por una asfixia econ\u00f3mica y pol\u00edtica. <\/p>\n<p class=\"com-paragraph --s\">Finalmente, la experimentada pol\u00edtica, m\u00e9dica de profesi\u00f3n, asegur\u00f3 que seguir\u00e1 luchando <strong>\u201chasta el d\u00eda que me muera\u201d<\/strong> por sus ideales.<\/p>\n<p><h2 class=\"font-primary font-w-bold text-subheading-lg text-left container-center-100 mb-8\"><span>Cuesta arriba <\/span><\/h2>\n<\/p>\n<p class=\"com-paragraph --s\">La votaci\u00f3n del Consejo de Seguridad realizada en agosto posicion\u00f3 como favorita a la excanciller de Guyana <a href=\"https:\/\/www.lanacion.com.ar\/estados-unidos\/intriga-y-especulaciones-la-carrera-por-liderar-la-onu-entra-en-terreno-desconocido-nid30082026\/\" target=\"_self\" title=\"https:\/\/www.lanacion.com.ar\/estados-unidos\/intriga-y-especulaciones-la-carrera-por-liderar-la-onu-entra-en-terreno-desconocido-nid30082026\/\" class=\"com-link break-word\" data-mrf-recirculation=\"n_link_parrafo\">Carolyn Rodrigues-Birkett<\/a> con ocho votos favorables. Bachelet solo logr\u00f3 dos apoyos, inform\u00f3 su entorno a la AFP.<\/p>\n<p class=\"com-paragraph --s\"><strong>Haroldo Mu\u00f1oz,<\/strong> excanciller chileno y parte del equipo de Bachelet, neg\u00f3 que vaya a dejar la carrera. \u201cAunque el objetivo no se consiga, <strong>su postulaci\u00f3n es una cuesti\u00f3n de convicci\u00f3n,<\/strong> de defensa de principios en un momento en que se cuestiona el multilateralismo, el derecho internacional, el cambio clim\u00e1tico, la democracia y los derechos humanos\u201d.<\/p>\n<div class=\"content-media\">\n<section role=\"button\" class=\"mod-media   \">\n<figure role=\"button\" tabindex=\"0\" class=\"mod-figure \"><figcaption class=\"mod-figcaption\"><span class=\"com-text --caption --twoxs\">La excanciller de Guyana Carolyn Rodrigues-Birkett Birkett se posiciona como la favorita para la secretar\u00eda general de la ONU<\/span><\/figcaption><\/figure>\n<\/section>\n<\/div>\n<p class=\"com-paragraph --s\">La exministra <strong>Camila Vallejo<\/strong> dijo por su parte que \u201ces evidente que el actual presidente de la rep\u00fablica no ten\u00eda ni voluntad de que una chilena como <strong>Michelle Bachelet, con la trayectoria democr\u00e1tica que tuvo, con el reconocimiento internacional que ha tenido hasta el d\u00eda de hoy,<\/strong> llegara a un espacio tan importante, promotor de la paz, como es liderar la Secretar\u00eda General de la Asamblea de las Naciones Unidas\u201d. <\/p>\n<p class=\"com-paragraph --s\">A su juicio, esto \u201cno tiene que ver tanto con la acci\u00f3n del Ejecutivo (anterior), <strong>sino que con la falta de voluntad inicial del actual presidente.<\/strong> Yo creo que gener\u00f3 mucho da\u00f1o en esta carrera, que nuestro propio pa\u00eds, finalmente, desde el Estado, no tuviera el apoyo que merec\u00eda\u201d.<\/p>\n<p class=\"com-paragraph --s\">El diputado Ra\u00fal Soto indic\u00f3 a su vez que \u201cha sido vergonzoso <strong>que haya tenido que sacarla adelante (su candidatura) con el respaldo de M\u00e9xico y Brasil,<\/strong> <strong>y no con el apoyo de su propio pa\u00eds,<\/strong> solo por diferencias pol\u00edticas\u201d. Y reiter\u00f3 que el principal responsable es el presidente Kast, que tendr\u00e1 que dar explicaciones. <\/p>\n<p class=\"com-paragraph --s\">Adem\u00e1s, llam\u00f3 a Bachelet, a su equipo y a los pa\u00edses que la apoyan, a \u201creevaluar sus <strong>efectivas opciones<\/strong> para liderar la ONU. Si es posible, si hay alg\u00fan espacio para sumar nuevos apoyos y replantearse la estrategia de campa\u00f1a, por supuesto que me gustar\u00eda que lograra seguir adelante\u201d. <\/p>\n<div class=\"content-media\">\n<section role=\"button\" class=\"mod-media   \">\n<figure role=\"button\" tabindex=\"0\" class=\"mod-figure \"><figcaption class=\"mod-figcaption\"><span class=\"com-text --caption --twoxs\">Rafael Grossi, el candidato argentino a la ONU, y Michelle Bachelet<\/span><span class=\"com-text --credit --twoxs\">AFP<\/span><\/figcaption><\/figure>\n<\/section>\n<\/div>\n<p class=\"com-paragraph --s\">\u201cSi llegado el momento determina que es cuesta arriba, que es derechamente inviable,<strong> para cuidar su liderazgo<\/strong>, por supuesto que vamos a respaldar la decisi\u00f3n que ella en conjunto con M\u00e9xico y Brasil tome, de dar un paso al costado. Y la vamos a estar recibiendo con mucho cari\u00f1o y apoyo\u201d, subray\u00f3.<\/p>\n<p class=\"com-paragraph --s\">Por otro lado, la jefa de la bancada de diputados de la derechista UDI, Flor Weisse, expres\u00f3 que la candidatura de Bachelet, <strong>\u201cnunca fue de Estado, sino m\u00e1s bien un gusto personal\u201d del expresidente Gabriel Boric.<\/strong> Por eso, dijo que si reconoce que no ser\u00e1 secretaria general, \u201clo m\u00e1s sensato es que ya <strong>retire esta candidatura<\/strong> y no siga adelante con un proceso y una elecci\u00f3n que ya est\u00e1 perdida\u201d.<\/p>\n<p class=\"com-paragraph --s\">En 80 a\u00f1os ninguna mujer ocup\u00f3 la secretar\u00eda general del organismo mundial y apenas se registra un representante de Am\u00e9rica Latina: <strong>el peruano Javier P\u00e9rez de Cu\u00e9llar,<\/strong> entre 1982 y 1991. Seg\u00fan una pr\u00e1ctica no reglamentada y que no siempre se cumple, la secretar\u00eda general se va turnando entre regiones. Esta vez, le tocar\u00eda a Am\u00e9rica Latina.<\/p>\n<p class=\"com-paragraph --s\">Hasta el momento, cinco mujeres y tres hombres, <a href=\"https:\/\/www.lanacion.com.ar\/estados-unidos\/rafael-grossi-soy-optimista-mi-candidatura-a-la-onu-proyecta-efectividad-y-mucho-realismo-que-es-lo-nid26082026\/\" target=\"_self\" title=\"https:\/\/www.lanacion.com.ar\/estados-unidos\/rafael-grossi-soy-optimista-mi-candidatura-a-la-onu-proyecta-efectividad-y-mucho-realismo-que-es-lo-nid26082026\/\" class=\"com-link break-word\" data-mrf-recirculation=\"n_link_parrafo\">entre ellos el argentino Rafael Grossi,<\/a><strong> <\/strong>aspiran a suceder al portugu\u00e9s Antonio Guterres, de 77 a\u00f1os, quien terminar\u00e1 su segundo mandato de cinco a\u00f1os el 31 de diciembre.<\/p>\n<p class=\"com-paragraph --s\"><strong>Agencias AFP, ANSA, y diario El Mercurio\/GDA <\/strong><\/p>\n<section class=\"container-center-100 mb-40 border border-bottom border-thin border-neutral-light-700\">\n<hr\/>\n<\/section>\n<\/div>\n<p><script id=\"facebookpixel\" defer=\"\" type=\"text\/javascript\">\n        !function(f,b,e,v,n,t,s)\n        {if(f.fbq)return;n=f.fbq=function(){n.callMethod?\n        n.callMethod.apply(n,arguments):n.queue.push(arguments)};\n        if(!f._fbq)f._fbq=n;n.push=n;n.loaded=!0;n.version='2.0';\n        n.queue=[];t=b.createElement(e);t.async=!0;\n        t.src=v;s=b.getElementsByTagName(e)[0];\n        s.parentNode.insertBefore(t,s)}(window, document,'script',\n        'https:\/\/connect.facebook.net\/en_US\/fbevents.js');\n        fbq('init', '492459597522335');\n        fbq('track', 'PageView');\n    <\/script><br \/>\n<br \/><\/p>\n","protected":false},"excerpt":{"rendered":"<p>SANTIAGO, Chile.- La expresidenta chilena Michelle Bachelet, quien aspiraba a acceder al cargo m\u00e1s alto de la diplomacia internacional, dijo este jueves que \u201cno ser\u00e9 secretaria general\u201d de la ONU, sincerando la situaci\u00f3n de su candidatura, que est\u00e1 lejos de las favoritas. Bachelet admiti\u00f3 que no ser\u00e1 la pr\u00f3xima l\u00edder de Naciones Unidas al intervenir [&hellip;]<\/p>\n","protected":false},"author":2,"featured_media":210459,"comment_status":"closed","ping_status":"closed","sticky":false,"template":"","format":"standard","meta":{"footnotes":""},"categories":[26],"tags":[],"class_list":["post-210458","post","type-post","status-publish","format-standard","has-post-thumbnail","hentry","category-internacionales"],"yoast_head":"<!-- This site is optimized with the Yoast SEO plugin v24.4 - https:\/\/yoast.com\/wordpress\/plugins\/seo\/ -->\n<title>Bachelet admite que su candidatura a la ONU qued\u00f3 casi sin chances y crece la presi\u00f3n para que se retire - GYS NOTICIAS |<\/title>\n<meta name=\"robots\" content=\"index, follow, max-snippet:-1, max-image-preview:large, max-video-preview:-1\" \/>\n<link rel=\"canonical\" href=\"https:\/\/gysfm.com.ar\/inicio\/bachelet-admite-que-su-candidatura-a-la-onu-quedo-casi-sin-chances-y-crece-la-presion-para-que-se-retire\/\" \/>\n<meta property=\"og:locale\" content=\"es_ES\" \/>\n<meta property=\"og:type\" content=\"article\" \/>\n<meta property=\"og:title\" content=\"Bachelet admite que su candidatura a la ONU qued\u00f3 casi sin chances y crece la presi\u00f3n para que se retire - GYS NOTICIAS |\" \/>\n<meta property=\"og:description\" content=\"SANTIAGO, Chile.- La expresidenta chilena Michelle Bachelet, quien aspiraba a acceder al cargo m\u00e1s alto de la diplomacia internacional, dijo este jueves que \u201cno ser\u00e9 secretaria general\u201d de la ONU, sincerando la situaci\u00f3n de su candidatura, que est\u00e1 lejos de las favoritas. Bachelet admiti\u00f3 que no ser\u00e1 la pr\u00f3xima l\u00edder de Naciones Unidas al intervenir [&hellip;]\" \/>\n<meta property=\"og:url\" content=\"https:\/\/gysfm.com.ar\/inicio\/bachelet-admite-que-su-candidatura-a-la-onu-quedo-casi-sin-chances-y-crece-la-presion-para-que-se-retire\/\" \/>\n<meta property=\"og:site_name\" content=\"GYS NOTICIAS |\" \/>\n<meta property=\"article:published_time\" content=\"2026-09-04T19:58:12+00:00\" \/>\n<meta property=\"article:modified_time\" content=\"2026-09-04T19:58:13+00:00\" \/>\n<meta property=\"og:image\" content=\"https:\/\/gysfm.com.ar\/inicio\/wp-content\/uploads\/2026\/09\/la-expresidenta-chilena-michelle-bachelet-brinda-VVUGSQJFQJBZFIBFH674S7AHMI.jpg\" \/>\n\t<meta property=\"og:image:width\" content=\"1200\" \/>\n\t<meta property=\"og:image:height\" content=\"800\" \/>\n\t<meta property=\"og:image:type\" content=\"image\/jpeg\" \/>\n<meta name=\"author\" content=\"Prensa G&amp;S FM\" \/>\n<meta name=\"twitter:card\" content=\"summary_large_image\" \/>\n<meta name=\"twitter:label1\" content=\"Escrito por\" \/>\n\t<meta name=\"twitter:data1\" content=\"Prensa G&amp;S FM\" \/>\n\t<meta name=\"twitter:label2\" content=\"Tiempo de lectura\" \/>\n\t<meta name=\"twitter:data2\" content=\"6 minutos\" \/>\n<script type=\"application\/ld+json\" class=\"yoast-schema-graph\">{\"@context\":\"https:\/\/schema.org\",\"@graph\":[{\"@type\":\"Article\",\"@id\":\"https:\/\/gysfm.com.ar\/inicio\/bachelet-admite-que-su-candidatura-a-la-onu-quedo-casi-sin-chances-y-crece-la-presion-para-que-se-retire\/#article\",\"isPartOf\":{\"@id\":\"https:\/\/gysfm.com.ar\/inicio\/bachelet-admite-que-su-candidatura-a-la-onu-quedo-casi-sin-chances-y-crece-la-presion-para-que-se-retire\/\"},\"author\":{\"name\":\"Prensa G&amp;S FM\",\"@id\":\"https:\/\/gysfm.com.ar\/inicio\/#\/schema\/person\/3abba7593ef2ad19e1be221d54383dc5\"},\"headline\":\"Bachelet admite que su candidatura a la ONU qued\u00f3 casi sin chances y crece la presi\u00f3n para que se retire\",\"datePublished\":\"2026-09-04T19:58:12+00:00\",\"dateModified\":\"2026-09-04T19:58:13+00:00\",\"mainEntityOfPage\":{\"@id\":\"https:\/\/gysfm.com.ar\/inicio\/bachelet-admite-que-su-candidatura-a-la-onu-quedo-casi-sin-chances-y-crece-la-presion-para-que-se-retire\/\"},\"wordCount\":1135,\"publisher\":{\"@id\":\"https:\/\/gysfm.com.ar\/inicio\/#organization\"},\"image\":{\"@id\":\"https:\/\/gysfm.com.ar\/inicio\/bachelet-admite-que-su-candidatura-a-la-onu-quedo-casi-sin-chances-y-crece-la-presion-para-que-se-retire\/#primaryimage\"},\"thumbnailUrl\":\"https:\/\/gysfm.com.ar\/inicio\/wp-content\/uploads\/2026\/09\/la-expresidenta-chilena-michelle-bachelet-brinda-VVUGSQJFQJBZFIBFH674S7AHMI.jpg\",\"articleSection\":[\"INTERNACIONALES\"],\"inLanguage\":\"es\"},{\"@type\":\"WebPage\",\"@id\":\"https:\/\/gysfm.com.ar\/inicio\/bachelet-admite-que-su-candidatura-a-la-onu-quedo-casi-sin-chances-y-crece-la-presion-para-que-se-retire\/\",\"url\":\"https:\/\/gysfm.com.ar\/inicio\/bachelet-admite-que-su-candidatura-a-la-onu-quedo-casi-sin-chances-y-crece-la-presion-para-que-se-retire\/\",\"name\":\"Bachelet admite que su candidatura a la ONU qued\u00f3 casi sin chances y crece la presi\u00f3n para que se retire - GYS NOTICIAS |\",\"isPartOf\":{\"@id\":\"https:\/\/gysfm.com.ar\/inicio\/#website\"},\"primaryImageOfPage\":{\"@id\":\"https:\/\/gysfm.com.ar\/inicio\/bachelet-admite-que-su-candidatura-a-la-onu-quedo-casi-sin-chances-y-crece-la-presion-para-que-se-retire\/#primaryimage\"},\"image\":{\"@id\":\"https:\/\/gysfm.com.ar\/inicio\/bachelet-admite-que-su-candidatura-a-la-onu-quedo-casi-sin-chances-y-crece-la-presion-para-que-se-retire\/#primaryimage\"},\"thumbnailUrl\":\"https:\/\/gysfm.com.ar\/inicio\/wp-content\/uploads\/2026\/09\/la-expresidenta-chilena-michelle-bachelet-brinda-VVUGSQJFQJBZFIBFH674S7AHMI.jpg\",\"datePublished\":\"2026-09-04T19:58:12+00:00\",\"dateModified\":\"2026-09-04T19:58:13+00:00\",\"breadcrumb\":{\"@id\":\"https:\/\/gysfm.com.ar\/inicio\/bachelet-admite-que-su-candidatura-a-la-onu-quedo-casi-sin-chances-y-crece-la-presion-para-que-se-retire\/#breadcrumb\"},\"inLanguage\":\"es\",\"potentialAction\":[{\"@type\":\"ReadAction\",\"target\":[\"https:\/\/gysfm.com.ar\/inicio\/bachelet-admite-que-su-candidatura-a-la-onu-quedo-casi-sin-chances-y-crece-la-presion-para-que-se-retire\/\"]}]},{\"@type\":\"ImageObject\",\"inLanguage\":\"es\",\"@id\":\"https:\/\/gysfm.com.ar\/inicio\/bachelet-admite-que-su-candidatura-a-la-onu-quedo-casi-sin-chances-y-crece-la-presion-para-que-se-retire\/#primaryimage\",\"url\":\"https:\/\/gysfm.com.ar\/inicio\/wp-content\/uploads\/2026\/09\/la-expresidenta-chilena-michelle-bachelet-brinda-VVUGSQJFQJBZFIBFH674S7AHMI.jpg\",\"contentUrl\":\"https:\/\/gysfm.com.ar\/inicio\/wp-content\/uploads\/2026\/09\/la-expresidenta-chilena-michelle-bachelet-brinda-VVUGSQJFQJBZFIBFH674S7AHMI.jpg\",\"width\":1200,\"height\":800},{\"@type\":\"BreadcrumbList\",\"@id\":\"https:\/\/gysfm.com.ar\/inicio\/bachelet-admite-que-su-candidatura-a-la-onu-quedo-casi-sin-chances-y-crece-la-presion-para-que-se-retire\/#breadcrumb\",\"itemListElement\":[{\"@type\":\"ListItem\",\"position\":1,\"name\":\"Portada\",\"item\":\"https:\/\/gysfm.com.ar\/inicio\/\"},{\"@type\":\"ListItem\",\"position\":2,\"name\":\"Bachelet admite que su candidatura a la ONU qued\u00f3 casi sin chances y crece la presi\u00f3n para que se retire\"}]},{\"@type\":\"WebSite\",\"@id\":\"https:\/\/gysfm.com.ar\/inicio\/#website\",\"url\":\"https:\/\/gysfm.com.ar\/inicio\/\",\"name\":\"GYS NOTICIAS |\",\"description\":\"DIARIO - RADIO ONLINE SAN JUAN ARGENTINA\",\"publisher\":{\"@id\":\"https:\/\/gysfm.com.ar\/inicio\/#organization\"},\"potentialAction\":[{\"@type\":\"SearchAction\",\"target\":{\"@type\":\"EntryPoint\",\"urlTemplate\":\"https:\/\/gysfm.com.ar\/inicio\/?s={search_term_string}\"},\"query-input\":{\"@type\":\"PropertyValueSpecification\",\"valueRequired\":true,\"valueName\":\"search_term_string\"}}],\"inLanguage\":\"es\"},{\"@type\":\"Organization\",\"@id\":\"https:\/\/gysfm.com.ar\/inicio\/#organization\",\"name\":\"GYS NOTICIAS |\",\"url\":\"https:\/\/gysfm.com.ar\/inicio\/\",\"logo\":{\"@type\":\"ImageObject\",\"inLanguage\":\"es\",\"@id\":\"https:\/\/gysfm.com.ar\/inicio\/#\/schema\/logo\/image\/\",\"url\":\"https:\/\/gysfm.com.ar\/inicio\/wp-content\/uploads\/2023\/07\/LOGOGYS-OK.png\",\"contentUrl\":\"https:\/\/gysfm.com.ar\/inicio\/wp-content\/uploads\/2023\/07\/LOGOGYS-OK.png\",\"width\":1170,\"height\":872,\"caption\":\"GYS NOTICIAS |\"},\"image\":{\"@id\":\"https:\/\/gysfm.com.ar\/inicio\/#\/schema\/logo\/image\/\"}},{\"@type\":\"Person\",\"@id\":\"https:\/\/gysfm.com.ar\/inicio\/#\/schema\/person\/3abba7593ef2ad19e1be221d54383dc5\",\"name\":\"Prensa G&amp;S FM\",\"image\":{\"@type\":\"ImageObject\",\"inLanguage\":\"es\",\"@id\":\"https:\/\/gysfm.com.ar\/inicio\/#\/schema\/person\/image\/\",\"url\":\"https:\/\/secure.gravatar.com\/avatar\/096ec78df02049ab018702bb4ccedf659377fa92a26540b5247612077a0dbd29?s=96&d=mm&r=g\",\"contentUrl\":\"https:\/\/secure.gravatar.com\/avatar\/096ec78df02049ab018702bb4ccedf659377fa92a26540b5247612077a0dbd29?s=96&d=mm&r=g\",\"caption\":\"Prensa G&amp;S FM\"},\"sameAs\":[\"https:\/\/gysfm.com.ar\/\"],\"url\":\"https:\/\/gysfm.com.ar\/inicio\/author\/lucasm\/\"}]}<\/script>\n<!-- \/ Yoast SEO plugin. -->","yoast_head_json":{"title":"Bachelet admite que su candidatura a la ONU qued\u00f3 casi sin chances y crece la presi\u00f3n para que se retire - GYS NOTICIAS |","robots":{"index":"index","follow":"follow","max-snippet":"max-snippet:-1","max-image-preview":"max-image-preview:large","max-video-preview":"max-video-preview:-1"},"canonical":"https:\/\/gysfm.com.ar\/inicio\/bachelet-admite-que-su-candidatura-a-la-onu-quedo-casi-sin-chances-y-crece-la-presion-para-que-se-retire\/","og_locale":"es_ES","og_type":"article","og_title":"Bachelet admite que su candidatura a la ONU qued\u00f3 casi sin chances y crece la presi\u00f3n para que se retire - GYS NOTICIAS |","og_description":"SANTIAGO, Chile.- La expresidenta chilena Michelle Bachelet, quien aspiraba a acceder al cargo m\u00e1s alto de la diplomacia internacional, dijo este jueves que \u201cno ser\u00e9 secretaria general\u201d de la ONU, sincerando la situaci\u00f3n de su candidatura, que est\u00e1 lejos de las favoritas. Bachelet admiti\u00f3 que no ser\u00e1 la pr\u00f3xima l\u00edder de Naciones Unidas al intervenir [&hellip;]","og_url":"https:\/\/gysfm.com.ar\/inicio\/bachelet-admite-que-su-candidatura-a-la-onu-quedo-casi-sin-chances-y-crece-la-presion-para-que-se-retire\/","og_site_name":"GYS NOTICIAS |","article_published_time":"2026-09-04T19:58:12+00:00","article_modified_time":"2026-09-04T19:58:13+00:00","og_image":[{"width":1200,"height":800,"url":"https:\/\/gysfm.com.ar\/inicio\/wp-content\/uploads\/2026\/09\/la-expresidenta-chilena-michelle-bachelet-brinda-VVUGSQJFQJBZFIBFH674S7AHMI.jpg","type":"image\/jpeg"}],"author":"Prensa G&amp;S FM","twitter_card":"summary_large_image","twitter_misc":{"Escrito por":"Prensa G&amp;S FM","Tiempo de lectura":"6 minutos"},"schema":{"@context":"https:\/\/schema.org","@graph":[{"@type":"Article","@id":"https:\/\/gysfm.com.ar\/inicio\/bachelet-admite-que-su-candidatura-a-la-onu-quedo-casi-sin-chances-y-crece-la-presion-para-que-se-retire\/#article","isPartOf":{"@id":"https:\/\/gysfm.com.ar\/inicio\/bachelet-admite-que-su-candidatura-a-la-onu-quedo-casi-sin-chances-y-crece-la-presion-para-que-se-retire\/"},"author":{"name":"Prensa G&amp;S FM","@id":"https:\/\/gysfm.com.ar\/inicio\/#\/schema\/person\/3abba7593ef2ad19e1be221d54383dc5"},"headline":"Bachelet admite que su candidatura a la ONU qued\u00f3 casi sin chances y crece la presi\u00f3n para que se retire","datePublished":"2026-09-04T19:58:12+00:00","dateModified":"2026-09-04T19:58:13+00:00","mainEntityOfPage":{"@id":"https:\/\/gysfm.com.ar\/inicio\/bachelet-admite-que-su-candidatura-a-la-onu-quedo-casi-sin-chances-y-crece-la-presion-para-que-se-retire\/"},"wordCount":1135,"publisher":{"@id":"https:\/\/gysfm.com.ar\/inicio\/#organization"},"image":{"@id":"https:\/\/gysfm.com.ar\/inicio\/bachelet-admite-que-su-candidatura-a-la-onu-quedo-casi-sin-chances-y-crece-la-presion-para-que-se-retire\/#primaryimage"},"thumbnailUrl":"https:\/\/gysfm.com.ar\/inicio\/wp-content\/uploads\/2026\/09\/la-expresidenta-chilena-michelle-bachelet-brinda-VVUGSQJFQJBZFIBFH674S7AHMI.jpg","articleSection":["INTERNACIONALES"],"inLanguage":"es"},{"@type":"WebPage","@id":"https:\/\/gysfm.com.ar\/inicio\/bachelet-admite-que-su-candidatura-a-la-onu-quedo-casi-sin-chances-y-crece-la-presion-para-que-se-retire\/","url":"https:\/\/gysfm.com.ar\/inicio\/bachelet-admite-que-su-candidatura-a-la-onu-quedo-casi-sin-chances-y-crece-la-presion-para-que-se-retire\/","name":"Bachelet admite que su candidatura a la ONU qued\u00f3 casi sin chances y crece la presi\u00f3n para que se retire - GYS NOTICIAS |","isPartOf":{"@id":"https:\/\/gysfm.com.ar\/inicio\/#website"},"primaryImageOfPage":{"@id":"https:\/\/gysfm.com.ar\/inicio\/bachelet-admite-que-su-candidatura-a-la-onu-quedo-casi-sin-chances-y-crece-la-presion-para-que-se-retire\/#primaryimage"},"image":{"@id":"https:\/\/gysfm.com.ar\/inicio\/bachelet-admite-que-su-candidatura-a-la-onu-quedo-casi-sin-chances-y-crece-la-presion-para-que-se-retire\/#primaryimage"},"thumbnailUrl":"https:\/\/gysfm.com.ar\/inicio\/wp-content\/uploads\/2026\/09\/la-expresidenta-chilena-michelle-bachelet-brinda-VVUGSQJFQJBZFIBFH674S7AHMI.jpg","datePublished":"2026-09-04T19:58:12+00:00","dateModified":"2026-09-04T19:58:13+00:00","breadcrumb":{"@id":"https:\/\/gysfm.com.ar\/inicio\/bachelet-admite-que-su-candidatura-a-la-onu-quedo-casi-sin-chances-y-crece-la-presion-para-que-se-retire\/#breadcrumb"},"inLanguage":"es","potentialAction":[{"@type":"ReadAction","target":["https:\/\/gysfm.com.ar\/inicio\/bachelet-admite-que-su-candidatura-a-la-onu-quedo-casi-sin-chances-y-crece-la-presion-para-que-se-retire\/"]}]},{"@type":"ImageObject","inLanguage":"es","@id":"https:\/\/gysfm.com.ar\/inicio\/bachelet-admite-que-su-candidatura-a-la-onu-quedo-casi-sin-chances-y-crece-la-presion-para-que-se-retire\/#primaryimage","url":"https:\/\/gysfm.com.ar\/inicio\/wp-content\/uploads\/2026\/09\/la-expresidenta-chilena-michelle-bachelet-brinda-VVUGSQJFQJBZFIBFH674S7AHMI.jpg","contentUrl":"https:\/\/gysfm.com.ar\/inicio\/wp-content\/uploads\/2026\/09\/la-expresidenta-chilena-michelle-bachelet-brinda-VVUGSQJFQJBZFIBFH674S7AHMI.jpg","width":1200,"height":800},{"@type":"BreadcrumbList","@id":"https:\/\/gysfm.com.ar\/inicio\/bachelet-admite-que-su-candidatura-a-la-onu-quedo-casi-sin-chances-y-crece-la-presion-para-que-se-retire\/#breadcrumb","itemListElement":[{"@type":"ListItem","position":1,"name":"Portada","item":"https:\/\/gysfm.com.ar\/inicio\/"},{"@type":"ListItem","position":2,"name":"Bachelet admite que su candidatura a la ONU qued\u00f3 casi sin chances y crece la presi\u00f3n para que se retire"}]},{"@type":"WebSite","@id":"https:\/\/gysfm.com.ar\/inicio\/#website","url":"https:\/\/gysfm.com.ar\/inicio\/","name":"GYS NOTICIAS |","description":"DIARIO - RADIO ONLINE SAN JUAN ARGENTINA","publisher":{"@id":"https:\/\/gysfm.com.ar\/inicio\/#organization"},"potentialAction":[{"@type":"SearchAction","target":{"@type":"EntryPoint","urlTemplate":"https:\/\/gysfm.com.ar\/inicio\/?s={search_term_string}"},"query-input":{"@type":"PropertyValueSpecification","valueRequired":true,"valueName":"search_term_string"}}],"inLanguage":"es"},{"@type":"Organization","@id":"https:\/\/gysfm.com.ar\/inicio\/#organization","name":"GYS NOTICIAS |","url":"https:\/\/gysfm.com.ar\/inicio\/","logo":{"@type":"ImageObject","inLanguage":"es","@id":"https:\/\/gysfm.com.ar\/inicio\/#\/schema\/logo\/image\/","url":"https:\/\/gysfm.com.ar\/inicio\/wp-content\/uploads\/2023\/07\/LOGOGYS-OK.png","contentUrl":"https:\/\/gysfm.com.ar\/inicio\/wp-content\/uploads\/2023\/07\/LOGOGYS-OK.png","width":1170,"height":872,"caption":"GYS NOTICIAS |"},"image":{"@id":"https:\/\/gysfm.com.ar\/inicio\/#\/schema\/logo\/image\/"}},{"@type":"Person","@id":"https:\/\/gysfm.com.ar\/inicio\/#\/schema\/person\/3abba7593ef2ad19e1be221d54383dc5","name":"Prensa G&amp;S FM","image":{"@type":"ImageObject","inLanguage":"es","@id":"https:\/\/gysfm.com.ar\/inicio\/#\/schema\/person\/image\/","url":"https:\/\/secure.gravatar.com\/avatar\/096ec78df02049ab018702bb4ccedf659377fa92a26540b5247612077a0dbd29?s=96&d=mm&r=g","contentUrl":"https:\/\/secure.gravatar.com\/avatar\/096ec78df02049ab018702bb4ccedf659377fa92a26540b5247612077a0dbd29?s=96&d=mm&r=g","caption":"Prensa G&amp;S FM"},"sameAs":["https:\/\/gysfm.com.ar\/"],"url":"https:\/\/gysfm.com.ar\/inicio\/author\/lucasm\/"}]}},"_links":{"self":[{"href":"https:\/\/gysfm.com.ar\/inicio\/wp-json\/wp\/v2\/posts\/210458","targetHints":{"allow":["GET"]}}],"collection":[{"href":"https:\/\/gysfm.com.ar\/inicio\/wp-json\/wp\/v2\/posts"}],"about":[{"href":"https:\/\/gysfm.com.ar\/inicio\/wp-json\/wp\/v2\/types\/post"}],"author":[{"embeddable":true,"href":"https:\/\/gysfm.com.ar\/inicio\/wp-json\/wp\/v2\/users\/2"}],"replies":[{"embeddable":true,"href":"https:\/\/gysfm.com.ar\/inicio\/wp-json\/wp\/v2\/comments?post=210458"}],"version-history":[{"count":1,"href":"https:\/\/gysfm.com.ar\/inicio\/wp-json\/wp\/v2\/posts\/210458\/revisions"}],"predecessor-version":[{"id":210460,"href":"https:\/\/gysfm.com.ar\/inicio\/wp-json\/wp\/v2\/posts\/210458\/revisions\/210460"}],"wp:featuredmedia":[{"embeddable":true,"href":"https:\/\/gysfm.com.ar\/inicio\/wp-json\/wp\/v2\/media\/210459"}],"wp:attachment":[{"href":"https:\/\/gysfm.com.ar\/inicio\/wp-json\/wp\/v2\/media?parent=210458"}],"wp:term":[{"taxonomy":"category","embeddable":true,"href":"https:\/\/gysfm.com.ar\/inicio\/wp-json\/wp\/v2\/categories?post=210458"},{"taxonomy":"post_tag","embeddable":true,"href":"https:\/\/gysfm.com.ar\/inicio\/wp-json\/wp\/v2\/tags?post=210458"}],"curies":[{"name":"wp","href":"https:\/\/api.w.org\/{rel}","templated":true}]}}