{"id":210453,"date":"2026-09-04T15:56:20","date_gmt":"2026-09-04T18:56:20","guid":{"rendered":"https:\/\/gysfm.com.ar\/inicio\/musk-lanza-un-servicio-de-taxis-autonomos-y-pide-a-los-pasajeros-que-pierdan-el-miedo-a-no-tener-control\/"},"modified":"2026-09-04T15:56:29","modified_gmt":"2026-09-04T18:56:29","slug":"musk-lanza-un-servicio-de-taxis-autonomos-y-pide-a-los-pasajeros-que-pierdan-el-miedo-a-no-tener-control","status":"publish","type":"post","link":"https:\/\/gysfm.com.ar\/inicio\/musk-lanza-un-servicio-de-taxis-autonomos-y-pide-a-los-pasajeros-que-pierdan-el-miedo-a-no-tener-control\/","title":{"rendered":"Musk lanza un servicio de taxis aut\u00f3nomos y pide a los pasajeros que pierdan el miedo a \u201cno tener control\u201d"},"content":{"rendered":"<p> <br \/>\n<\/p>\n<div>\n<p class=\"com-paragraph --capital --s\">NUEVA YORK.\u2013 <strong>Elon Musk<\/strong> despleg\u00f3 este jueves decenas de <strong>Cybercabs<\/strong> \u2013taxis aut\u00f3nomos sin volante ni pedales\u2013 en las calles de Austin, Texas, como parte de su apuesta por que los estadounidenses dejen atr\u00e1s su miedo a <strong>\u201cno tener el control\u201d<\/strong> y utilicen el servicio.<\/p>\n<p class=\"com-paragraph --s\">El despliegue de los Tesla de color dorado, <strong>los cuales no le ofrecen al pasajero una sola forma de tomar el control en caso de una emergencia, <\/strong>se produce en momentos en que la empresa se prepara para lanzar el servicio en otras ciudades. <\/p>\n<p class=\"com-paragraph --s\">Las acciones de Tesla se han visto afectadas en medio de <a href=\"https:\/\/www.lanacion.com.ar\/estados-unidos\/tesla-atribuye-a-la-baja-de-precios-de-vehiculos-sus-utilidades-menores-a-las-esperadas-nid22072026\/\" target=\"_self\" title=\"https:\/\/www.lanacion.com.ar\/estados-unidos\/tesla-atribuye-a-la-baja-de-precios-de-vehiculos-sus-utilidades-menores-a-las-esperadas-nid22072026\/\" class=\"com-link break-word\" data-mrf-recirculation=\"n_link_parrafo\">una ca\u00edda en las ventas de veh\u00edculos el\u00e9ctricos<\/a>, pero este jueves <strong>subieron m\u00e1s de un 5%<\/strong> ante la esperanza de que el servicio de taxis de aspecto futurista se popularice r\u00e1pidamente.<\/p>\n<p class=\"com-paragraph --s\"><strong>\u201cSin volante, sin pedales\u201d,<\/strong> presumi\u00f3 Tesla en la red social X antes del lanzamiento. Musk continu\u00f3 con una publicaci\u00f3n en la que se mostraba un Cybercab gigante flotando sobre el horizonte de Austin. M\u00e1s tarde escribi\u00f3: <strong>\u201cUna tormenta de Cybercabs\u201d. <\/strong>De momento se desconoce cu\u00e1ndo es que Musk pretende desplegar el servicio.<\/p>\n<p class=\"com-paragraph --s\">Tesla se encuentra rezagado respecto Waymo \u2013l\u00edder del sector de taxis aut\u00f3nomos\u2013 en cuanto al n\u00famero de veh\u00edculos desplegados y viajes completados. <strong>Para alcanzarlo, debe demostrar que su sistema, el cual se basa \u00fanicamente en c\u00e1maras, puede circular de forma segura por las calles y evitar a los peatones.<\/strong> En contraste, Waymo y otro rival, Zoox de Amazon, complementan sus sistemas de c\u00e1maras con un radar y una tecnolog\u00eda basada en l\u00e1ser llamada lidar.<\/p>\n<p class=\"com-paragraph --s\">Incluso si la tecnolog\u00eda funciona sin contratiempos, a\u00fan debe convencer a los estadounidenses. El Pew Research Center realiz\u00f3 una encuesta en febrero que revel\u00f3 que <strong>siete de cada diez adultos en Estados Unidos se sent\u00edan \u201cpoco\u201d o \u201cnada\u201d c\u00f3modos al viajar en un auto sin conductor.<\/strong><\/p>\n<p class=\"com-paragraph --s\">Las acciones de Tesla sufrieron un golpe el a\u00f1o pasado, <strong>despu\u00e9s de que Musk tom\u00f3 las riendas de la campa\u00f1a del gobierno de Donald Trump para recortar costos,<\/strong> y expres\u00f3 su apoyo a pol\u00edticos de extrema derecha, lo que desat\u00f3 protestas en agencias de Tesla y boicots de consumidores en varios pa\u00edses.<\/p>\n<div class=\"content-media\">\n<section role=\"button\" class=\"mod-media   \">\n<figure role=\"button\" tabindex=\"0\" class=\"mod-figure \"><figcaption class=\"mod-figcaption\"><span class=\"com-text --caption --twoxs\">Un Tesla Cybercab en exhibici\u00f3n en Austin, Texas<\/span><span class=\"com-text --credit --twoxs\">Eric Gay &#8211; AP<\/span><\/figcaption><\/figure>\n<\/section>\n<\/div>\n<p class=\"com-paragraph --s\"><strong>Tesla registr\u00f3 una segunda ca\u00edda anual consecutiva de ventas en 2025.<\/strong> Sus ganancias se desplomaron y cedi\u00f3 a la automotriz china BYD su t\u00edtulo como el mayor fabricante de veh\u00edculos el\u00e9ctricos a nivel mundial.<\/p>\n<p class=\"com-paragraph --s\">Austin cuenta con un servicio de taxis aut\u00f3nomos de Tesla desde junio pasado, <strong>aunque esos veh\u00edculos est\u00e1n equipados con volante y pedales de freno.<\/strong> El servicio, que desde entonces se ha ampliado a otras cinco ciudades en Texas y Florida, originalmente <strong>operaba con conductores de seguridad<\/strong> que tomaban el control en caso de alg\u00fan problema.<\/p>\n<p class=\"com-paragraph --s\">En esas ciudades Tesla tiene <strong>m\u00e1s de 200 robotaxis<\/strong> que operan sin conductores de seguridad a bordo, seg\u00fan el sitio de monitoreo RobotaxiTracker. <strong>Waymo cuenta con m\u00e1s de 4000 veh\u00edculos de ese tipo en 14 ciudades.<\/strong><\/p>\n<p><h2 class=\"font-primary font-w-bold text-subheading-lg text-left container-center-100 mb-8\"><span>Dudas de los pasajeros<\/span><\/h2>\n<\/p>\n<p class=\"com-paragraph --s\">La encuesta de Pew revel\u00f3 tambi\u00e9n que <strong>el 16% de los adultos en Estados Unidos se sentir\u00eda \u201calgo\u201d c\u00f3modo al viajar en un auto sin conductor, <\/strong>mientras que el 7% se sentir\u00eda \u201csumamente\u201d c\u00f3modo o \u201cmuy\u201d c\u00f3modo en un veh\u00edculo de este tipo.<\/p>\n<div class=\"content-media\">\n<section role=\"button\" class=\"mod-media   \">\n<figure role=\"button\" tabindex=\"0\" class=\"mod-figure \"><figcaption class=\"mod-figcaption\"><span class=\"com-text --caption --twoxs\">Elon Musk asiste a la reuni\u00f3n anual del Foro Econ\u00f3mico Mundial en Davos, Suiza, el 22 de enero de 2026. (Foto AP\/Markus Schreiber, Archivo)<\/span><span class=\"com-text --credit --twoxs\">Markus Schreiber &#8211; AP<\/span><\/figcaption><\/figure>\n<\/section>\n<\/div>\n<p class=\"com-paragraph --s\">Un sondeo separado de Gallup realizado en 2025 encontr\u00f3 que el escepticismo en cuanto a la seguridad de los veh\u00edculos aut\u00f3nomos hab\u00eda aumentado en los a\u00f1os previos. M\u00e1s estadounidenses dijeron que <strong>los autos operados en su totalidad o en la mayor parte por seres humanos eran la opci\u00f3n m\u00e1s segura,<\/strong> en comparaci\u00f3n con los resultados de una encuesta de 2018.<\/p>\n<p class=\"com-paragraph --s\">No est\u00e1 claro si Musk es la persona adecuada para persuadir a la poblaci\u00f3n a que aborde veh\u00edculos sin un controlador humano. Otra encuesta de Pew realizada en enero arroj\u00f3 que casi <strong>el 60% de los adultos en Estados Unidos ten\u00edan una opini\u00f3n \u201cmuy\u201d desfavorable o \u201cen buena medida\u201d desfavorable de Musk.<\/strong><\/p>\n<p class=\"com-paragraph --s\">Musk espera eventualmente actualizar el software de cientos de miles de Tesla para incluir la modalidad de conducci\u00f3n completamente aut\u00f3noma. Eso le permitir\u00eda a los propietarios de Tesla <strong>convertir sus autos en taxis<\/strong> <strong>de aplicaci\u00f3n <\/strong>cuando no est\u00e9n siendo utilizados.<\/p>\n<div class=\"content-media\">\n<section role=\"button\" class=\"mod-media   \">\n<figure role=\"button\" tabindex=\"0\" class=\"mod-figure \"><figcaption class=\"mod-figcaption\"><span class=\"com-text --caption --twoxs\">Una planta de Tesla en Austin, Texas <\/span><span class=\"com-text --credit --twoxs\">Tesla<\/span><\/figcaption><\/figure>\n<\/section>\n<\/div>\n<p class=\"com-paragraph --s\">Pero los reguladores en Estados Unidos y el extranjero han dejado entrever que no est\u00e1n convencidos del todo.<\/p>\n<p class=\"com-paragraph --s\">Tesla no ha recibido aprobaci\u00f3n para que los conductores utilicen siquiera su <strong>software de conducci\u00f3n parcialmente aut\u00f3noma<\/strong> en la mayor\u00eda de los pa\u00edses de la Uni\u00f3n Europea. En Estados Unidos, donde el software ha sido descargado y utilizado, los reguladores han abierto varias investigaciones sobre su seguridad.<\/p>\n<p class=\"com-paragraph --s\">Actualmente se lleva a cabo una pesquisa que examina el papel del software en varios choques de Tesla bajo condiciones de neblina, deslumbramiento por el sol y baja visibilidad, <strong>incluido uno en el que muri\u00f3 un peat\u00f3n.<\/strong> <\/p>\n<p class=\"com-paragraph --s\">Otra investigaci\u00f3n analiza decenas de incidentes en los que Tesla en modo de conducci\u00f3n parcialmente aut\u00f3noma <strong>se pasaron sem\u00e1foros en rojo o circularon por el lado equivocado de la calle,<\/strong> en ocasiones chocando contra otros veh\u00edculos y causando lesiones. Una tercera analiza por qu\u00e9 Tesla aparentemente <strong>viol\u00f3 requisitos regulatorios<\/strong> al no informar sobre los choques de manera oportuna.<\/p>\n<p class=\"com-paragraph --s\"><strong>Agencia AP<\/strong><\/p>\n<section class=\"container-center-100 mb-40 border border-bottom border-thin border-neutral-light-700\">\n<hr\/>\n<\/section>\n<\/div>\n<p><script id=\"facebookpixel\" defer=\"\" type=\"text\/javascript\">\n        !function(f,b,e,v,n,t,s)\n        {if(f.fbq)return;n=f.fbq=function(){n.callMethod?\n        n.callMethod.apply(n,arguments):n.queue.push(arguments)};\n        if(!f._fbq)f._fbq=n;n.push=n;n.loaded=!0;n.version='2.0';\n        n.queue=[];t=b.createElement(e);t.async=!0;\n        t.src=v;s=b.getElementsByTagName(e)[0];\n        s.parentNode.insertBefore(t,s)}(window, document,'script',\n        'https:\/\/connect.facebook.net\/en_US\/fbevents.js');\n        fbq('init', '492459597522335');\n        fbq('track', 'PageView');\n    <\/script><br \/>\n<br \/><\/p>\n","protected":false},"excerpt":{"rendered":"<p>NUEVA YORK.\u2013 Elon Musk despleg\u00f3 este jueves decenas de Cybercabs \u2013taxis aut\u00f3nomos sin volante ni pedales\u2013 en las calles de Austin, Texas, como parte de su apuesta por que los estadounidenses dejen atr\u00e1s su miedo a \u201cno tener el control\u201d y utilicen el servicio. El despliegue de los Tesla de color dorado, los cuales no [&hellip;]<\/p>\n","protected":false},"author":2,"featured_media":210454,"comment_status":"closed","ping_status":"closed","sticky":false,"template":"","format":"standard","meta":{"footnotes":""},"categories":[26],"tags":[],"class_list":["post-210453","post","type-post","status-publish","format-standard","has-post-thumbnail","hentry","category-internacionales"],"yoast_head":"<!-- This site is optimized with the Yoast SEO plugin v24.4 - https:\/\/yoast.com\/wordpress\/plugins\/seo\/ -->\n<title>Musk lanza un servicio de taxis aut\u00f3nomos y pide a los pasajeros que pierdan el miedo a \u201cno tener control\u201d - GYS NOTICIAS |<\/title>\n<meta name=\"robots\" content=\"index, follow, max-snippet:-1, max-image-preview:large, max-video-preview:-1\" \/>\n<link rel=\"canonical\" href=\"https:\/\/gysfm.com.ar\/inicio\/musk-lanza-un-servicio-de-taxis-autonomos-y-pide-a-los-pasajeros-que-pierdan-el-miedo-a-no-tener-control\/\" \/>\n<meta property=\"og:locale\" content=\"es_ES\" \/>\n<meta property=\"og:type\" content=\"article\" \/>\n<meta property=\"og:title\" content=\"Musk lanza un servicio de taxis aut\u00f3nomos y pide a los pasajeros que pierdan el miedo a \u201cno tener control\u201d - GYS NOTICIAS |\" \/>\n<meta property=\"og:description\" content=\"NUEVA YORK.\u2013 Elon Musk despleg\u00f3 este jueves decenas de Cybercabs \u2013taxis aut\u00f3nomos sin volante ni pedales\u2013 en las calles de Austin, Texas, como parte de su apuesta por que los estadounidenses dejen atr\u00e1s su miedo a \u201cno tener el control\u201d y utilicen el servicio. El despliegue de los Tesla de color dorado, los cuales no [&hellip;]\" \/>\n<meta property=\"og:url\" content=\"https:\/\/gysfm.com.ar\/inicio\/musk-lanza-un-servicio-de-taxis-autonomos-y-pide-a-los-pasajeros-que-pierdan-el-miedo-a-no-tener-control\/\" \/>\n<meta property=\"og:site_name\" content=\"GYS NOTICIAS |\" \/>\n<meta property=\"article:published_time\" content=\"2026-09-04T18:56:20+00:00\" \/>\n<meta property=\"article:modified_time\" content=\"2026-09-04T18:56:29+00:00\" \/>\n<meta property=\"og:image\" content=\"https:\/\/gysfm.com.ar\/inicio\/wp-content\/uploads\/2026\/09\/una-mujer-se-baja-de-un-tesla-cybercab-en-WSI6MU6OAFB3PA7MGP557KC2WM.JPG\" \/>\n\t<meta property=\"og:image:width\" content=\"1200\" \/>\n\t<meta property=\"og:image:height\" content=\"800\" \/>\n\t<meta property=\"og:image:type\" content=\"image\/jpeg\" \/>\n<meta name=\"author\" content=\"Prensa G&amp;S FM\" \/>\n<meta name=\"twitter:card\" content=\"summary_large_image\" \/>\n<meta name=\"twitter:label1\" content=\"Escrito por\" \/>\n\t<meta name=\"twitter:data1\" content=\"Prensa G&amp;S FM\" \/>\n\t<meta name=\"twitter:label2\" content=\"Tiempo de lectura\" \/>\n\t<meta name=\"twitter:data2\" content=\"5 minutos\" \/>\n<script type=\"application\/ld+json\" class=\"yoast-schema-graph\">{\"@context\":\"https:\/\/schema.org\",\"@graph\":[{\"@type\":\"Article\",\"@id\":\"https:\/\/gysfm.com.ar\/inicio\/musk-lanza-un-servicio-de-taxis-autonomos-y-pide-a-los-pasajeros-que-pierdan-el-miedo-a-no-tener-control\/#article\",\"isPartOf\":{\"@id\":\"https:\/\/gysfm.com.ar\/inicio\/musk-lanza-un-servicio-de-taxis-autonomos-y-pide-a-los-pasajeros-que-pierdan-el-miedo-a-no-tener-control\/\"},\"author\":{\"name\":\"Prensa G&amp;S FM\",\"@id\":\"https:\/\/gysfm.com.ar\/inicio\/#\/schema\/person\/3abba7593ef2ad19e1be221d54383dc5\"},\"headline\":\"Musk lanza un servicio de taxis aut\u00f3nomos y pide a los pasajeros que pierdan el miedo a \u201cno tener control\u201d\",\"datePublished\":\"2026-09-04T18:56:20+00:00\",\"dateModified\":\"2026-09-04T18:56:29+00:00\",\"mainEntityOfPage\":{\"@id\":\"https:\/\/gysfm.com.ar\/inicio\/musk-lanza-un-servicio-de-taxis-autonomos-y-pide-a-los-pasajeros-que-pierdan-el-miedo-a-no-tener-control\/\"},\"wordCount\":979,\"publisher\":{\"@id\":\"https:\/\/gysfm.com.ar\/inicio\/#organization\"},\"image\":{\"@id\":\"https:\/\/gysfm.com.ar\/inicio\/musk-lanza-un-servicio-de-taxis-autonomos-y-pide-a-los-pasajeros-que-pierdan-el-miedo-a-no-tener-control\/#primaryimage\"},\"thumbnailUrl\":\"https:\/\/gysfm.com.ar\/inicio\/wp-content\/uploads\/2026\/09\/una-mujer-se-baja-de-un-tesla-cybercab-en-WSI6MU6OAFB3PA7MGP557KC2WM.JPG\",\"articleSection\":[\"INTERNACIONALES\"],\"inLanguage\":\"es\"},{\"@type\":\"WebPage\",\"@id\":\"https:\/\/gysfm.com.ar\/inicio\/musk-lanza-un-servicio-de-taxis-autonomos-y-pide-a-los-pasajeros-que-pierdan-el-miedo-a-no-tener-control\/\",\"url\":\"https:\/\/gysfm.com.ar\/inicio\/musk-lanza-un-servicio-de-taxis-autonomos-y-pide-a-los-pasajeros-que-pierdan-el-miedo-a-no-tener-control\/\",\"name\":\"Musk lanza un servicio de taxis aut\u00f3nomos y pide a los pasajeros que pierdan el miedo a \u201cno tener control\u201d - GYS NOTICIAS |\",\"isPartOf\":{\"@id\":\"https:\/\/gysfm.com.ar\/inicio\/#website\"},\"primaryImageOfPage\":{\"@id\":\"https:\/\/gysfm.com.ar\/inicio\/musk-lanza-un-servicio-de-taxis-autonomos-y-pide-a-los-pasajeros-que-pierdan-el-miedo-a-no-tener-control\/#primaryimage\"},\"image\":{\"@id\":\"https:\/\/gysfm.com.ar\/inicio\/musk-lanza-un-servicio-de-taxis-autonomos-y-pide-a-los-pasajeros-que-pierdan-el-miedo-a-no-tener-control\/#primaryimage\"},\"thumbnailUrl\":\"https:\/\/gysfm.com.ar\/inicio\/wp-content\/uploads\/2026\/09\/una-mujer-se-baja-de-un-tesla-cybercab-en-WSI6MU6OAFB3PA7MGP557KC2WM.JPG\",\"datePublished\":\"2026-09-04T18:56:20+00:00\",\"dateModified\":\"2026-09-04T18:56:29+00:00\",\"breadcrumb\":{\"@id\":\"https:\/\/gysfm.com.ar\/inicio\/musk-lanza-un-servicio-de-taxis-autonomos-y-pide-a-los-pasajeros-que-pierdan-el-miedo-a-no-tener-control\/#breadcrumb\"},\"inLanguage\":\"es\",\"potentialAction\":[{\"@type\":\"ReadAction\",\"target\":[\"https:\/\/gysfm.com.ar\/inicio\/musk-lanza-un-servicio-de-taxis-autonomos-y-pide-a-los-pasajeros-que-pierdan-el-miedo-a-no-tener-control\/\"]}]},{\"@type\":\"ImageObject\",\"inLanguage\":\"es\",\"@id\":\"https:\/\/gysfm.com.ar\/inicio\/musk-lanza-un-servicio-de-taxis-autonomos-y-pide-a-los-pasajeros-que-pierdan-el-miedo-a-no-tener-control\/#primaryimage\",\"url\":\"https:\/\/gysfm.com.ar\/inicio\/wp-content\/uploads\/2026\/09\/una-mujer-se-baja-de-un-tesla-cybercab-en-WSI6MU6OAFB3PA7MGP557KC2WM.JPG\",\"contentUrl\":\"https:\/\/gysfm.com.ar\/inicio\/wp-content\/uploads\/2026\/09\/una-mujer-se-baja-de-un-tesla-cybercab-en-WSI6MU6OAFB3PA7MGP557KC2WM.JPG\",\"width\":1200,\"height\":800},{\"@type\":\"BreadcrumbList\",\"@id\":\"https:\/\/gysfm.com.ar\/inicio\/musk-lanza-un-servicio-de-taxis-autonomos-y-pide-a-los-pasajeros-que-pierdan-el-miedo-a-no-tener-control\/#breadcrumb\",\"itemListElement\":[{\"@type\":\"ListItem\",\"position\":1,\"name\":\"Portada\",\"item\":\"https:\/\/gysfm.com.ar\/inicio\/\"},{\"@type\":\"ListItem\",\"position\":2,\"name\":\"Musk lanza un servicio de taxis aut\u00f3nomos y pide a los pasajeros que pierdan el miedo a \u201cno tener control\u201d\"}]},{\"@type\":\"WebSite\",\"@id\":\"https:\/\/gysfm.com.ar\/inicio\/#website\",\"url\":\"https:\/\/gysfm.com.ar\/inicio\/\",\"name\":\"GYS NOTICIAS |\",\"description\":\"DIARIO - RADIO ONLINE SAN JUAN ARGENTINA\",\"publisher\":{\"@id\":\"https:\/\/gysfm.com.ar\/inicio\/#organization\"},\"potentialAction\":[{\"@type\":\"SearchAction\",\"target\":{\"@type\":\"EntryPoint\",\"urlTemplate\":\"https:\/\/gysfm.com.ar\/inicio\/?s={search_term_string}\"},\"query-input\":{\"@type\":\"PropertyValueSpecification\",\"valueRequired\":true,\"valueName\":\"search_term_string\"}}],\"inLanguage\":\"es\"},{\"@type\":\"Organization\",\"@id\":\"https:\/\/gysfm.com.ar\/inicio\/#organization\",\"name\":\"GYS NOTICIAS |\",\"url\":\"https:\/\/gysfm.com.ar\/inicio\/\",\"logo\":{\"@type\":\"ImageObject\",\"inLanguage\":\"es\",\"@id\":\"https:\/\/gysfm.com.ar\/inicio\/#\/schema\/logo\/image\/\",\"url\":\"https:\/\/gysfm.com.ar\/inicio\/wp-content\/uploads\/2023\/07\/LOGOGYS-OK.png\",\"contentUrl\":\"https:\/\/gysfm.com.ar\/inicio\/wp-content\/uploads\/2023\/07\/LOGOGYS-OK.png\",\"width\":1170,\"height\":872,\"caption\":\"GYS NOTICIAS |\"},\"image\":{\"@id\":\"https:\/\/gysfm.com.ar\/inicio\/#\/schema\/logo\/image\/\"}},{\"@type\":\"Person\",\"@id\":\"https:\/\/gysfm.com.ar\/inicio\/#\/schema\/person\/3abba7593ef2ad19e1be221d54383dc5\",\"name\":\"Prensa G&amp;S FM\",\"image\":{\"@type\":\"ImageObject\",\"inLanguage\":\"es\",\"@id\":\"https:\/\/gysfm.com.ar\/inicio\/#\/schema\/person\/image\/\",\"url\":\"https:\/\/secure.gravatar.com\/avatar\/096ec78df02049ab018702bb4ccedf659377fa92a26540b5247612077a0dbd29?s=96&d=mm&r=g\",\"contentUrl\":\"https:\/\/secure.gravatar.com\/avatar\/096ec78df02049ab018702bb4ccedf659377fa92a26540b5247612077a0dbd29?s=96&d=mm&r=g\",\"caption\":\"Prensa G&amp;S FM\"},\"sameAs\":[\"https:\/\/gysfm.com.ar\/\"],\"url\":\"https:\/\/gysfm.com.ar\/inicio\/author\/lucasm\/\"}]}<\/script>\n<!-- \/ Yoast SEO plugin. -->","yoast_head_json":{"title":"Musk lanza un servicio de taxis aut\u00f3nomos y pide a los pasajeros que pierdan el miedo a \u201cno tener control\u201d - GYS NOTICIAS |","robots":{"index":"index","follow":"follow","max-snippet":"max-snippet:-1","max-image-preview":"max-image-preview:large","max-video-preview":"max-video-preview:-1"},"canonical":"https:\/\/gysfm.com.ar\/inicio\/musk-lanza-un-servicio-de-taxis-autonomos-y-pide-a-los-pasajeros-que-pierdan-el-miedo-a-no-tener-control\/","og_locale":"es_ES","og_type":"article","og_title":"Musk lanza un servicio de taxis aut\u00f3nomos y pide a los pasajeros que pierdan el miedo a \u201cno tener control\u201d - GYS NOTICIAS |","og_description":"NUEVA YORK.\u2013 Elon Musk despleg\u00f3 este jueves decenas de Cybercabs \u2013taxis aut\u00f3nomos sin volante ni pedales\u2013 en las calles de Austin, Texas, como parte de su apuesta por que los estadounidenses dejen atr\u00e1s su miedo a \u201cno tener el control\u201d y utilicen el servicio. El despliegue de los Tesla de color dorado, los cuales no [&hellip;]","og_url":"https:\/\/gysfm.com.ar\/inicio\/musk-lanza-un-servicio-de-taxis-autonomos-y-pide-a-los-pasajeros-que-pierdan-el-miedo-a-no-tener-control\/","og_site_name":"GYS NOTICIAS |","article_published_time":"2026-09-04T18:56:20+00:00","article_modified_time":"2026-09-04T18:56:29+00:00","og_image":[{"width":1200,"height":800,"url":"https:\/\/gysfm.com.ar\/inicio\/wp-content\/uploads\/2026\/09\/una-mujer-se-baja-de-un-tesla-cybercab-en-WSI6MU6OAFB3PA7MGP557KC2WM.JPG","type":"image\/jpeg"}],"author":"Prensa G&amp;S FM","twitter_card":"summary_large_image","twitter_misc":{"Escrito por":"Prensa G&amp;S FM","Tiempo de lectura":"5 minutos"},"schema":{"@context":"https:\/\/schema.org","@graph":[{"@type":"Article","@id":"https:\/\/gysfm.com.ar\/inicio\/musk-lanza-un-servicio-de-taxis-autonomos-y-pide-a-los-pasajeros-que-pierdan-el-miedo-a-no-tener-control\/#article","isPartOf":{"@id":"https:\/\/gysfm.com.ar\/inicio\/musk-lanza-un-servicio-de-taxis-autonomos-y-pide-a-los-pasajeros-que-pierdan-el-miedo-a-no-tener-control\/"},"author":{"name":"Prensa G&amp;S FM","@id":"https:\/\/gysfm.com.ar\/inicio\/#\/schema\/person\/3abba7593ef2ad19e1be221d54383dc5"},"headline":"Musk lanza un servicio de taxis aut\u00f3nomos y pide a los pasajeros que pierdan el miedo a \u201cno tener control\u201d","datePublished":"2026-09-04T18:56:20+00:00","dateModified":"2026-09-04T18:56:29+00:00","mainEntityOfPage":{"@id":"https:\/\/gysfm.com.ar\/inicio\/musk-lanza-un-servicio-de-taxis-autonomos-y-pide-a-los-pasajeros-que-pierdan-el-miedo-a-no-tener-control\/"},"wordCount":979,"publisher":{"@id":"https:\/\/gysfm.com.ar\/inicio\/#organization"},"image":{"@id":"https:\/\/gysfm.com.ar\/inicio\/musk-lanza-un-servicio-de-taxis-autonomos-y-pide-a-los-pasajeros-que-pierdan-el-miedo-a-no-tener-control\/#primaryimage"},"thumbnailUrl":"https:\/\/gysfm.com.ar\/inicio\/wp-content\/uploads\/2026\/09\/una-mujer-se-baja-de-un-tesla-cybercab-en-WSI6MU6OAFB3PA7MGP557KC2WM.JPG","articleSection":["INTERNACIONALES"],"inLanguage":"es"},{"@type":"WebPage","@id":"https:\/\/gysfm.com.ar\/inicio\/musk-lanza-un-servicio-de-taxis-autonomos-y-pide-a-los-pasajeros-que-pierdan-el-miedo-a-no-tener-control\/","url":"https:\/\/gysfm.com.ar\/inicio\/musk-lanza-un-servicio-de-taxis-autonomos-y-pide-a-los-pasajeros-que-pierdan-el-miedo-a-no-tener-control\/","name":"Musk lanza un servicio de taxis aut\u00f3nomos y pide a los pasajeros que pierdan el miedo a \u201cno tener control\u201d - GYS NOTICIAS |","isPartOf":{"@id":"https:\/\/gysfm.com.ar\/inicio\/#website"},"primaryImageOfPage":{"@id":"https:\/\/gysfm.com.ar\/inicio\/musk-lanza-un-servicio-de-taxis-autonomos-y-pide-a-los-pasajeros-que-pierdan-el-miedo-a-no-tener-control\/#primaryimage"},"image":{"@id":"https:\/\/gysfm.com.ar\/inicio\/musk-lanza-un-servicio-de-taxis-autonomos-y-pide-a-los-pasajeros-que-pierdan-el-miedo-a-no-tener-control\/#primaryimage"},"thumbnailUrl":"https:\/\/gysfm.com.ar\/inicio\/wp-content\/uploads\/2026\/09\/una-mujer-se-baja-de-un-tesla-cybercab-en-WSI6MU6OAFB3PA7MGP557KC2WM.JPG","datePublished":"2026-09-04T18:56:20+00:00","dateModified":"2026-09-04T18:56:29+00:00","breadcrumb":{"@id":"https:\/\/gysfm.com.ar\/inicio\/musk-lanza-un-servicio-de-taxis-autonomos-y-pide-a-los-pasajeros-que-pierdan-el-miedo-a-no-tener-control\/#breadcrumb"},"inLanguage":"es","potentialAction":[{"@type":"ReadAction","target":["https:\/\/gysfm.com.ar\/inicio\/musk-lanza-un-servicio-de-taxis-autonomos-y-pide-a-los-pasajeros-que-pierdan-el-miedo-a-no-tener-control\/"]}]},{"@type":"ImageObject","inLanguage":"es","@id":"https:\/\/gysfm.com.ar\/inicio\/musk-lanza-un-servicio-de-taxis-autonomos-y-pide-a-los-pasajeros-que-pierdan-el-miedo-a-no-tener-control\/#primaryimage","url":"https:\/\/gysfm.com.ar\/inicio\/wp-content\/uploads\/2026\/09\/una-mujer-se-baja-de-un-tesla-cybercab-en-WSI6MU6OAFB3PA7MGP557KC2WM.JPG","contentUrl":"https:\/\/gysfm.com.ar\/inicio\/wp-content\/uploads\/2026\/09\/una-mujer-se-baja-de-un-tesla-cybercab-en-WSI6MU6OAFB3PA7MGP557KC2WM.JPG","width":1200,"height":800},{"@type":"BreadcrumbList","@id":"https:\/\/gysfm.com.ar\/inicio\/musk-lanza-un-servicio-de-taxis-autonomos-y-pide-a-los-pasajeros-que-pierdan-el-miedo-a-no-tener-control\/#breadcrumb","itemListElement":[{"@type":"ListItem","position":1,"name":"Portada","item":"https:\/\/gysfm.com.ar\/inicio\/"},{"@type":"ListItem","position":2,"name":"Musk lanza un servicio de taxis aut\u00f3nomos y pide a los pasajeros que pierdan el miedo a \u201cno tener control\u201d"}]},{"@type":"WebSite","@id":"https:\/\/gysfm.com.ar\/inicio\/#website","url":"https:\/\/gysfm.com.ar\/inicio\/","name":"GYS NOTICIAS |","description":"DIARIO - RADIO ONLINE SAN JUAN ARGENTINA","publisher":{"@id":"https:\/\/gysfm.com.ar\/inicio\/#organization"},"potentialAction":[{"@type":"SearchAction","target":{"@type":"EntryPoint","urlTemplate":"https:\/\/gysfm.com.ar\/inicio\/?s={search_term_string}"},"query-input":{"@type":"PropertyValueSpecification","valueRequired":true,"valueName":"search_term_string"}}],"inLanguage":"es"},{"@type":"Organization","@id":"https:\/\/gysfm.com.ar\/inicio\/#organization","name":"GYS NOTICIAS |","url":"https:\/\/gysfm.com.ar\/inicio\/","logo":{"@type":"ImageObject","inLanguage":"es","@id":"https:\/\/gysfm.com.ar\/inicio\/#\/schema\/logo\/image\/","url":"https:\/\/gysfm.com.ar\/inicio\/wp-content\/uploads\/2023\/07\/LOGOGYS-OK.png","contentUrl":"https:\/\/gysfm.com.ar\/inicio\/wp-content\/uploads\/2023\/07\/LOGOGYS-OK.png","width":1170,"height":872,"caption":"GYS NOTICIAS |"},"image":{"@id":"https:\/\/gysfm.com.ar\/inicio\/#\/schema\/logo\/image\/"}},{"@type":"Person","@id":"https:\/\/gysfm.com.ar\/inicio\/#\/schema\/person\/3abba7593ef2ad19e1be221d54383dc5","name":"Prensa G&amp;S FM","image":{"@type":"ImageObject","inLanguage":"es","@id":"https:\/\/gysfm.com.ar\/inicio\/#\/schema\/person\/image\/","url":"https:\/\/secure.gravatar.com\/avatar\/096ec78df02049ab018702bb4ccedf659377fa92a26540b5247612077a0dbd29?s=96&d=mm&r=g","contentUrl":"https:\/\/secure.gravatar.com\/avatar\/096ec78df02049ab018702bb4ccedf659377fa92a26540b5247612077a0dbd29?s=96&d=mm&r=g","caption":"Prensa G&amp;S FM"},"sameAs":["https:\/\/gysfm.com.ar\/"],"url":"https:\/\/gysfm.com.ar\/inicio\/author\/lucasm\/"}]}},"_links":{"self":[{"href":"https:\/\/gysfm.com.ar\/inicio\/wp-json\/wp\/v2\/posts\/210453","targetHints":{"allow":["GET"]}}],"collection":[{"href":"https:\/\/gysfm.com.ar\/inicio\/wp-json\/wp\/v2\/posts"}],"about":[{"href":"https:\/\/gysfm.com.ar\/inicio\/wp-json\/wp\/v2\/types\/post"}],"author":[{"embeddable":true,"href":"https:\/\/gysfm.com.ar\/inicio\/wp-json\/wp\/v2\/users\/2"}],"replies":[{"embeddable":true,"href":"https:\/\/gysfm.com.ar\/inicio\/wp-json\/wp\/v2\/comments?post=210453"}],"version-history":[{"count":1,"href":"https:\/\/gysfm.com.ar\/inicio\/wp-json\/wp\/v2\/posts\/210453\/revisions"}],"predecessor-version":[{"id":210455,"href":"https:\/\/gysfm.com.ar\/inicio\/wp-json\/wp\/v2\/posts\/210453\/revisions\/210455"}],"wp:featuredmedia":[{"embeddable":true,"href":"https:\/\/gysfm.com.ar\/inicio\/wp-json\/wp\/v2\/media\/210454"}],"wp:attachment":[{"href":"https:\/\/gysfm.com.ar\/inicio\/wp-json\/wp\/v2\/media?parent=210453"}],"wp:term":[{"taxonomy":"category","embeddable":true,"href":"https:\/\/gysfm.com.ar\/inicio\/wp-json\/wp\/v2\/categories?post=210453"},{"taxonomy":"post_tag","embeddable":true,"href":"https:\/\/gysfm.com.ar\/inicio\/wp-json\/wp\/v2\/tags?post=210453"}],"curies":[{"name":"wp","href":"https:\/\/api.w.org\/{rel}","templated":true}]}}