{"id":210451,"date":"2026-09-04T15:22:11","date_gmt":"2026-09-04T18:22:11","guid":{"rendered":"https:\/\/gysfm.com.ar\/inicio\/la-cnv-modifico-las-normas-para-las-agencias-de-calificacion-de-riesgo\/"},"modified":"2026-09-04T15:22:11","modified_gmt":"2026-09-04T18:22:11","slug":"la-cnv-modifico-las-normas-para-las-agencias-de-calificacion-de-riesgo","status":"publish","type":"post","link":"https:\/\/gysfm.com.ar\/inicio\/la-cnv-modifico-las-normas-para-las-agencias-de-calificacion-de-riesgo\/","title":{"rendered":"La CNV modific\u00f3 las normas para las agencias de calificaci\u00f3n de riesgo"},"content":{"rendered":"<p> <br \/>\n<\/p>\n<div>\t\t<!-- { REGION4 --> <\/p>\n<header class=\"news-headline\">\n<div class=\"news-headline__topics-and-date-wrapper\">    <span class=\"news-headline__publication-date\"> 4 de septiembre 2026 &#8211; 08:15<br \/>\n            <\/span><\/div>\n<h2 class=\"news-headline__article-summary\"\/>\n<p id=\"p-1788511817759-60660\" class=\"ignore-parser\"> La Comisi\u00f3n Nacional de Valores reformul\u00f3 el r\u00e9gimen de las agencias de calificaci\u00f3n de riesgo. El organismo elimin\u00f3 la obligaci\u00f3n de notificar con anticipaci\u00f3n las sesiones del consejo de calificaci\u00f3n, suprimi\u00f3 el comunicado de prensa adicional al informe y extendi\u00f3 a cinco a\u00f1os el mandato de los consejeros.<\/p>\n<\/header>\n<article class=\"article-body article-body--first-paragraph\" data-td-script-src=\"https:\/\/www.ambito.com\/td\/modulos\/encuestas\/js\/function-embeds-min-version-1788494872.js\">\n<p id=\"p-1788511997058-3056\" dir=\"ltr\">La Comisi\u00f3n Nacional de Valores (CNV)  sustituy\u00f3 \u00edntegramente el <strong>T\u00edtulo IX de sus Normas<\/strong>, que regula a los <strong>Agentes de Calificaci\u00f3n de Riesgos (ACR) y a los Agentes de Calificaci\u00f3n de Riesgos Universidades P\u00fablicas (ACR-UP)<\/strong>, a trav\u00e9s de la Resoluci\u00f3n General 1164\/2026, publicada este viernes en el Bolet\u00edn Oficial. La medida, firmada por los directores <strong>Manuel Ignacio Calder\u00f3n, Laura In\u00e9s Herb\u00f3n, Sonia Fabiana Salvatierra y Roberto Emilio Silva<\/strong>, lleva fecha del 2 de septiembre y entr\u00f3 en vigencia a partir de su publicaci\u00f3n.<\/p>\n<\/article>\n<section class=\"suscription-false printed-edition\" style=\"display:none\">\n<p> El contenido al que quiere acceder es exclusivo para suscriptores.<\/p>\n<p>  <span> <button type=\"button\" name=\"button\" class=\"subscribe-btn mercadopago-btn\">suscribirse<\/button><\/span>  <span class=\"btns\"><button type=\"button\" name=\"button\" class=\"subscribe-btn reload-login\"> ya estoy suscripto<\/button><\/span>  <\/p>\n<\/section>\n<article class=\"article-body article-body--second-paragraph\">\n<p id=\"p-1788511997059-18950\" dir=\"ltr\">La resoluci\u00f3n <strong>reorganiza el r\u00e9gimen aplicable a las agencias de calificaci\u00f3n de riesgo<\/strong> bajo un esquema de disposiciones comunes a los ACR (sociedades an\u00f3nimas) y a los ACR-UP (universidades p\u00fablicas), junto con cap\u00edtulos espec\u00edficos para cada categor\u00eda. Entre los cambios dispuestos, la CNV elimin\u00f3 la obligaci\u00f3n de notificar con anticipaci\u00f3n al organismo la celebraci\u00f3n de las sesiones del consejo de calificaci\u00f3n, as\u00ed como la posibilidad de que el regulador participe en esas reuniones.<\/p>\n<\/article>\n<section class=\"related-news\">\t\t<span class=\"related-news__title\">Informate m\u00e1s<\/span>\t\t<\/p>\n<div class=\"row row--eq-height\">\n<div class=\"col-12 col-md-6\">\n<article class=\"news-article news-article--landscape-news news-article--landscape-news\">\n<figure class=\"news-article__figure figure\">\n\t\t\t\t\t\t\t\t\t\t\t<img src=\"https:\/\/media.ambito.com\/p\/0136bca6b2b97337fe99268a77d19c62\/adjuntos\/239\/imagenes\/043\/091\/0043091248\/93x52\/3091x1661:3111x1681\/jorge-brito.jpeg\" decoding=\"async\" fetchpriority=\"low\" loading=\"lazy\" alt=\"Jorge Brito dijo presente en Iguaz\u00fa, en el marco de la Convenci\u00f3n Anual de IAEF.\" title=\"Jorge Brito dijo presente en Iguaz\u00fa, en el marco de la Convenci\u00f3n Anual de IAEF.\" width=\"93\" height=\"52\" class=\"news-article__figure-img figure-img img-fluid\"\/>\t\t<\/figure>\n<\/article><\/div>\n<div class=\"col-12 col-md-6\">\n<article class=\"news-article news-article--landscape-news news-article--landscape-news\">\n<figure class=\"news-article__figure figure\">\n\t\t\t\t\t\t\t\t\t\t\t<img src=\"https:\/\/media.ambito.com\/p\/8f69974908035b944641c5d656e5cb1d\/adjuntos\/239\/imagenes\/043\/552\/0043552738\/93x52\/smart\/ministerio-economia.jpg\" decoding=\"async\" fetchpriority=\"low\" loading=\"lazy\" alt=\"Econom\u00eda tuvo que reforzar el ajuste del gasto en agosto.\" title=\"Econom\u00eda tuvo que reforzar el ajuste del gasto en agosto.\" width=\"93\" height=\"52\" class=\"news-article__figure-img figure-img img-fluid\"\/>\t\t<\/figure>\n<\/article><\/div>\n<\/div>\n<\/section>\n<article class=\"article-body article-body--third-paragraph\">\n<h2 id=\"p-1788522153796-65666\" dir=\"ltr\"> La CNV modific\u00f3 las normas para las agencias de calificaci\u00f3n de riesgo<\/h2>\n<p id=\"p-1788522153647-22908\" dir=\"ltr\">Tambi\u00e9n suprimi\u00f3 la exigencia de emitir un comunicado de prensa adicional al informe de calificaci\u00f3n, centralizando la divulgaci\u00f3n en ese \u00fanico documento, que deber\u00e1 presentarse ante la CNV dentro de los dos d\u00edas h\u00e1biles posteriores a la sesi\u00f3n del consejo de calificaci\u00f3n y publicarse en el sitio web de la entidad.<\/p>\n<\/article>\n<article class=\"article-body article-body--fourth-paragraph\">\n<p id=\"p-1788511997059-13191\" dir=\"ltr\">La norma reemplaz\u00f3 adem\u00e1s el esquema de revisi\u00f3n de calificaciones, que exig\u00eda un m\u00ednimo de cuatro informes anuales, por un sistema de monitoreo continuo y permanente, con la obligaci\u00f3n de emitir como m\u00ednimo una calificaci\u00f3n por a\u00f1o.<\/p>\n<\/article>\n<article class=\"article-body article-body--fifth-paragraph\">\n<div contenteditable=\"false\" class=\"embed_cont type_imagen\" id=\"7903435-Libre-2105410830_wrap\">\n<div id=\"7903435-Libre-2105410830_content\" class=\"embed_content\"><img src=\"https:\/\/media.ambito.com\/p\/ac7928123312bd46087a4a775458135d\/adjuntos\/239\/imagenes\/041\/329\/0041329777\/cnv-comision-nacional-valores.jpg?2024-02-18-19-27-05\" decoding=\"async\" fetchpriority=\"high\" loading=\"eager\" crossorigin=\"anonymous\" alt=\"Entre los cambios dispuestos, la CNV elimin\u00f3 la obligaci\u00f3n de notificar con anticipaci\u00f3n al organismo la celebraci\u00f3n de las sesiones del consejo de calificaci\u00f3n.\" title=\"Entre los cambios dispuestos, la CNV elimin\u00f3 la obligaci\u00f3n de notificar con anticipaci\u00f3n al organismo la celebraci\u00f3n de las sesiones del consejo de calificaci\u00f3n.\" width=\"730\" height=\"458\" id=\"7903435-Libre-2105410830_embed\"\/><\/div>\n<div class=\"embed_wrapper-cont\" id=\"p-1788522194343-80006\">\n<div id=\"7903435-Libre-2105410830_epigrafe\" class=\"embed_epigrafe\">\n<p id=\"p-1788522237034-7900\">Entre los cambios dispuestos, la CNV elimin\u00f3 la obligaci\u00f3n de notificar con anticipaci\u00f3n al organismo la celebraci\u00f3n de las sesiones del consejo de calificaci\u00f3n.<\/p>\n<\/div>\n<p>Mariano Fuchila<\/p>\n<\/div><\/div>\n<p id=\"p-1788511997059-1073\" dir=\"ltr\">Asimismo, la resoluci\u00f3n estableci\u00f3 una excepci\u00f3n a la exigencia de mantener la calificaci\u00f3n de riesgo vigente cuando el emisor se encuentre tramitando un concurso preventivo o un Acuerdo Preventivo Extrajudicial (APE), siempre que la circunstancia est\u00e9 debidamente fundada y acreditada ante la CNV, sin necesidad de conformidad de los tenedores de los valores negociables.<\/p>\n<\/article>\n<article class=\"article-body article-body--remaining-paragraph\">\n<p id=\"p-1788511997059-25766\" dir=\"ltr\">La CNV tambi\u00e9n ampli\u00f3 a cinco a\u00f1os el plazo de duraci\u00f3n del mandato de los miembros del consejo de calificaci\u00f3n, que hasta ahora era de dos a\u00f1os, con posibilidad de reelecci\u00f3n por per\u00edodos de hasta cinco a\u00f1os.<\/p>\n<p id=\"p-1788511997059-69129\" dir=\"ltr\">Otro de los puntos de la resoluci\u00f3n habilit\u00f3 a las agencias a contratar terceros para funciones no esenciales, como tareas administrativas que no requieran presencia en el pa\u00eds, tecnol\u00f3gicas o de soporte, siempre que no impliquen la atenci\u00f3n de reclamos, mientras mantuvo la prohibici\u00f3n de tercerizar funciones operativas esenciales como el an\u00e1lisis de riesgo, la deliberaci\u00f3n del consejo de calificaci\u00f3n o la emisi\u00f3n de la calificaci\u00f3n.<\/p>\n<p id=\"p-1788511997059-91296\" dir=\"ltr\">La norma incorpor\u00f3 tambi\u00e9n la definici\u00f3n de \u00abCalificaci\u00f3n P\u00fablica\u00bb y del t\u00e9rmino \u00abRNR\u00bb (Registro Nacional de Reincidencia) al T\u00edtulo I de las Normas, y sustituy\u00f3 el inciso 3 del art\u00edculo 74 de la Secci\u00f3n IX del Cap\u00edtulo V del T\u00edtulo II, referido a la antig\u00fcedad permitida de la calificaci\u00f3n de riesgo de las Entidades de Garant\u00eda.<\/p>\n<h2 id=\"p-1788522410377-40577\" dir=\"ltr\">Tragedia en Neuqu\u00e9n: un operario muri\u00f3 y otro result\u00f3 herido tras un accidente en Vaca Muerta<\/h2>\n<p id=\"p-1787710573343-84152\" class=\"\" draggable=\"true\">Un <strong>operario muri\u00f3 y otro result\u00f3 gravemente herido<\/strong> este martes por la tarde tras un accidente ocurrido en una planta de <strong>YPF<\/strong> ubicada en el bloque <strong>Rinc\u00f3n del Mangrullo<\/strong>, en <strong>Vaca Muerta<\/strong>, provincia de Neuqu\u00e9n. El trabajador herido recibi\u00f3 asistencia en el lugar y fue trasladado por v\u00eda a\u00e9rea a un hospital.<\/p>\n<p id=\"p-1787710858892-47853\" class=\"\" draggable=\"true\">La petrolera confirm\u00f3 el incidente a trav\u00e9s de un comunicado y precis\u00f3 que ocurri\u00f3 en el <strong>bloque Rinc\u00f3n del Mangrullo<\/strong>, operado por la compa\u00f1\u00eda. El \u00e1rea es administrada en una sociedad 50\/50 entre YPF, que tiene a su cargo la operaci\u00f3n, y <strong>Pampa Energ\u00eda<\/strong>.<\/p>\n<p id=\"p-1788522425916-50320\">Seg\u00fan la informaci\u00f3n preliminar, el hecho <strong data-start=\"168\" data-end=\"203\">no se produjo por una explosi\u00f3n<\/strong>, sino por una fuerte descompresi\u00f3n en una l\u00ednea de gas de una planta separadora. Las circunstancias en las que se produjo la falla todav\u00eda son materia de investigaci\u00f3n.<\/p>\n<\/article>\n<p>\t\t<!-- REGION4 } --><\/div>\n<p><script>\n!function(f,b,e,v,n,t,s)\n{if(f.fbq)return;n=f.fbq=function(){n.callMethod?\nn.callMethod.apply(n,arguments):n.queue.push(arguments)};\nif(!f._fbq)f._fbq=n;n.push=n;n.loaded=!0;n.version='2.0';\nn.queue=[];t=b.createElement(e);t.async=!0;\nt.src=v;s=b.getElementsByTagName(e)[0];\ns.parentNode.insertBefore(t,s)}(window,document,'script',\n'https:\/\/connect.facebook.net\/en_US\/fbevents.js');\nfbq('init', '2047048335588113');\nfbq('track', 'PageView');\n<\/script><br \/>\n<br \/><\/p>\n","protected":false},"excerpt":{"rendered":"<p>4 de septiembre 2026 &#8211; 08:15 La Comisi\u00f3n Nacional de Valores reformul\u00f3 el r\u00e9gimen de las agencias de calificaci\u00f3n de riesgo. El organismo elimin\u00f3 la obligaci\u00f3n de notificar con anticipaci\u00f3n las sesiones del consejo de calificaci\u00f3n, suprimi\u00f3 el comunicado de prensa adicional al informe y extendi\u00f3 a cinco a\u00f1os el mandato de los consejeros. La [&hellip;]<\/p>\n","protected":false},"author":1,"featured_media":210452,"comment_status":"closed","ping_status":"closed","sticky":false,"template":"","format":"standard","meta":{"footnotes":""},"categories":[28],"tags":[],"class_list":["post-210451","post","type-post","status-publish","format-standard","has-post-thumbnail","hentry","category-economia"],"yoast_head":"<!-- This site is optimized with the Yoast SEO plugin v24.4 - https:\/\/yoast.com\/wordpress\/plugins\/seo\/ -->\n<title>La CNV modific\u00f3 las normas para las agencias de calificaci\u00f3n de riesgo - GYS NOTICIAS |<\/title>\n<meta name=\"robots\" content=\"index, follow, max-snippet:-1, max-image-preview:large, max-video-preview:-1\" \/>\n<link rel=\"canonical\" href=\"https:\/\/gysfm.com.ar\/inicio\/la-cnv-modifico-las-normas-para-las-agencias-de-calificacion-de-riesgo\/\" \/>\n<meta property=\"og:locale\" content=\"es_ES\" \/>\n<meta property=\"og:type\" content=\"article\" \/>\n<meta property=\"og:title\" content=\"La CNV modific\u00f3 las normas para las agencias de calificaci\u00f3n de riesgo - GYS NOTICIAS |\" \/>\n<meta property=\"og:description\" content=\"4 de septiembre 2026 &#8211; 08:15 La Comisi\u00f3n Nacional de Valores reformul\u00f3 el r\u00e9gimen de las agencias de calificaci\u00f3n de riesgo. El organismo elimin\u00f3 la obligaci\u00f3n de notificar con anticipaci\u00f3n las sesiones del consejo de calificaci\u00f3n, suprimi\u00f3 el comunicado de prensa adicional al informe y extendi\u00f3 a cinco a\u00f1os el mandato de los consejeros. La [&hellip;]\" \/>\n<meta property=\"og:url\" content=\"https:\/\/gysfm.com.ar\/inicio\/la-cnv-modifico-las-normas-para-las-agencias-de-calificacion-de-riesgo\/\" \/>\n<meta property=\"og:site_name\" content=\"GYS NOTICIAS |\" \/>\n<meta property=\"article:published_time\" content=\"2026-09-04T18:22:11+00:00\" \/>\n<meta property=\"og:image\" content=\"https:\/\/media.ambito.com\/p\/0136bca6b2b97337fe99268a77d19c62\/adjuntos\/239\/imagenes\/043\/091\/0043091248\/93x52\/3091x1661:3111x1681\/jorge-brito.jpeg\" \/>\n<meta name=\"author\" content=\"admin\" \/>\n<meta name=\"twitter:card\" content=\"summary_large_image\" \/>\n<meta name=\"twitter:label1\" content=\"Escrito por\" \/>\n\t<meta name=\"twitter:data1\" content=\"admin\" \/>\n\t<meta name=\"twitter:label2\" content=\"Tiempo de lectura\" \/>\n\t<meta name=\"twitter:data2\" content=\"4 minutos\" \/>\n<script type=\"application\/ld+json\" class=\"yoast-schema-graph\">{\"@context\":\"https:\/\/schema.org\",\"@graph\":[{\"@type\":\"Article\",\"@id\":\"https:\/\/gysfm.com.ar\/inicio\/la-cnv-modifico-las-normas-para-las-agencias-de-calificacion-de-riesgo\/#article\",\"isPartOf\":{\"@id\":\"https:\/\/gysfm.com.ar\/inicio\/la-cnv-modifico-las-normas-para-las-agencias-de-calificacion-de-riesgo\/\"},\"author\":{\"name\":\"admin\",\"@id\":\"https:\/\/gysfm.com.ar\/inicio\/#\/schema\/person\/5bedd7ecd35cc35548d89effafa23696\"},\"headline\":\"La CNV modific\u00f3 las normas para las agencias de calificaci\u00f3n de riesgo\",\"datePublished\":\"2026-09-04T18:22:11+00:00\",\"mainEntityOfPage\":{\"@id\":\"https:\/\/gysfm.com.ar\/inicio\/la-cnv-modifico-las-normas-para-las-agencias-de-calificacion-de-riesgo\/\"},\"wordCount\":827,\"publisher\":{\"@id\":\"https:\/\/gysfm.com.ar\/inicio\/#organization\"},\"image\":{\"@id\":\"https:\/\/gysfm.com.ar\/inicio\/la-cnv-modifico-las-normas-para-las-agencias-de-calificacion-de-riesgo\/#primaryimage\"},\"thumbnailUrl\":\"https:\/\/gysfm.com.ar\/inicio\/wp-content\/uploads\/2026\/09\/1788546133_cnv-comision-nacional-valores.jpg\",\"articleSection\":[\"ECONOMIA\"],\"inLanguage\":\"es\"},{\"@type\":\"WebPage\",\"@id\":\"https:\/\/gysfm.com.ar\/inicio\/la-cnv-modifico-las-normas-para-las-agencias-de-calificacion-de-riesgo\/\",\"url\":\"https:\/\/gysfm.com.ar\/inicio\/la-cnv-modifico-las-normas-para-las-agencias-de-calificacion-de-riesgo\/\",\"name\":\"La CNV modific\u00f3 las normas para las agencias de calificaci\u00f3n de riesgo - GYS NOTICIAS |\",\"isPartOf\":{\"@id\":\"https:\/\/gysfm.com.ar\/inicio\/#website\"},\"primaryImageOfPage\":{\"@id\":\"https:\/\/gysfm.com.ar\/inicio\/la-cnv-modifico-las-normas-para-las-agencias-de-calificacion-de-riesgo\/#primaryimage\"},\"image\":{\"@id\":\"https:\/\/gysfm.com.ar\/inicio\/la-cnv-modifico-las-normas-para-las-agencias-de-calificacion-de-riesgo\/#primaryimage\"},\"thumbnailUrl\":\"https:\/\/gysfm.com.ar\/inicio\/wp-content\/uploads\/2026\/09\/1788546133_cnv-comision-nacional-valores.jpg\",\"datePublished\":\"2026-09-04T18:22:11+00:00\",\"breadcrumb\":{\"@id\":\"https:\/\/gysfm.com.ar\/inicio\/la-cnv-modifico-las-normas-para-las-agencias-de-calificacion-de-riesgo\/#breadcrumb\"},\"inLanguage\":\"es\",\"potentialAction\":[{\"@type\":\"ReadAction\",\"target\":[\"https:\/\/gysfm.com.ar\/inicio\/la-cnv-modifico-las-normas-para-las-agencias-de-calificacion-de-riesgo\/\"]}]},{\"@type\":\"ImageObject\",\"inLanguage\":\"es\",\"@id\":\"https:\/\/gysfm.com.ar\/inicio\/la-cnv-modifico-las-normas-para-las-agencias-de-calificacion-de-riesgo\/#primaryimage\",\"url\":\"https:\/\/gysfm.com.ar\/inicio\/wp-content\/uploads\/2026\/09\/1788546133_cnv-comision-nacional-valores.jpg\",\"contentUrl\":\"https:\/\/gysfm.com.ar\/inicio\/wp-content\/uploads\/2026\/09\/1788546133_cnv-comision-nacional-valores.jpg\",\"width\":1200,\"height\":675},{\"@type\":\"BreadcrumbList\",\"@id\":\"https:\/\/gysfm.com.ar\/inicio\/la-cnv-modifico-las-normas-para-las-agencias-de-calificacion-de-riesgo\/#breadcrumb\",\"itemListElement\":[{\"@type\":\"ListItem\",\"position\":1,\"name\":\"Portada\",\"item\":\"https:\/\/gysfm.com.ar\/inicio\/\"},{\"@type\":\"ListItem\",\"position\":2,\"name\":\"La CNV modific\u00f3 las normas para las agencias de calificaci\u00f3n de riesgo\"}]},{\"@type\":\"WebSite\",\"@id\":\"https:\/\/gysfm.com.ar\/inicio\/#website\",\"url\":\"https:\/\/gysfm.com.ar\/inicio\/\",\"name\":\"GYS NOTICIAS |\",\"description\":\"DIARIO - RADIO ONLINE SAN JUAN ARGENTINA\",\"publisher\":{\"@id\":\"https:\/\/gysfm.com.ar\/inicio\/#organization\"},\"potentialAction\":[{\"@type\":\"SearchAction\",\"target\":{\"@type\":\"EntryPoint\",\"urlTemplate\":\"https:\/\/gysfm.com.ar\/inicio\/?s={search_term_string}\"},\"query-input\":{\"@type\":\"PropertyValueSpecification\",\"valueRequired\":true,\"valueName\":\"search_term_string\"}}],\"inLanguage\":\"es\"},{\"@type\":\"Organization\",\"@id\":\"https:\/\/gysfm.com.ar\/inicio\/#organization\",\"name\":\"GYS NOTICIAS |\",\"url\":\"https:\/\/gysfm.com.ar\/inicio\/\",\"logo\":{\"@type\":\"ImageObject\",\"inLanguage\":\"es\",\"@id\":\"https:\/\/gysfm.com.ar\/inicio\/#\/schema\/logo\/image\/\",\"url\":\"https:\/\/gysfm.com.ar\/inicio\/wp-content\/uploads\/2023\/07\/LOGOGYS-OK.png\",\"contentUrl\":\"https:\/\/gysfm.com.ar\/inicio\/wp-content\/uploads\/2023\/07\/LOGOGYS-OK.png\",\"width\":1170,\"height\":872,\"caption\":\"GYS NOTICIAS |\"},\"image\":{\"@id\":\"https:\/\/gysfm.com.ar\/inicio\/#\/schema\/logo\/image\/\"}},{\"@type\":\"Person\",\"@id\":\"https:\/\/gysfm.com.ar\/inicio\/#\/schema\/person\/5bedd7ecd35cc35548d89effafa23696\",\"name\":\"admin\",\"image\":{\"@type\":\"ImageObject\",\"inLanguage\":\"es\",\"@id\":\"https:\/\/gysfm.com.ar\/inicio\/#\/schema\/person\/image\/\",\"url\":\"https:\/\/secure.gravatar.com\/avatar\/c331d312b5243fb64d5ba28108a447b27c925295129a363082c9ea52c28d32c2?s=96&d=mm&r=g\",\"contentUrl\":\"https:\/\/secure.gravatar.com\/avatar\/c331d312b5243fb64d5ba28108a447b27c925295129a363082c9ea52c28d32c2?s=96&d=mm&r=g\",\"caption\":\"admin\"},\"sameAs\":[\"https:\/\/gysfm.com.ar\/inicio\"],\"url\":\"https:\/\/gysfm.com.ar\/inicio\/author\/admin\/\"}]}<\/script>\n<!-- \/ Yoast SEO plugin. -->","yoast_head_json":{"title":"La CNV modific\u00f3 las normas para las agencias de calificaci\u00f3n de riesgo - GYS NOTICIAS |","robots":{"index":"index","follow":"follow","max-snippet":"max-snippet:-1","max-image-preview":"max-image-preview:large","max-video-preview":"max-video-preview:-1"},"canonical":"https:\/\/gysfm.com.ar\/inicio\/la-cnv-modifico-las-normas-para-las-agencias-de-calificacion-de-riesgo\/","og_locale":"es_ES","og_type":"article","og_title":"La CNV modific\u00f3 las normas para las agencias de calificaci\u00f3n de riesgo - GYS NOTICIAS |","og_description":"4 de septiembre 2026 &#8211; 08:15 La Comisi\u00f3n Nacional de Valores reformul\u00f3 el r\u00e9gimen de las agencias de calificaci\u00f3n de riesgo. El organismo elimin\u00f3 la obligaci\u00f3n de notificar con anticipaci\u00f3n las sesiones del consejo de calificaci\u00f3n, suprimi\u00f3 el comunicado de prensa adicional al informe y extendi\u00f3 a cinco a\u00f1os el mandato de los consejeros. La [&hellip;]","og_url":"https:\/\/gysfm.com.ar\/inicio\/la-cnv-modifico-las-normas-para-las-agencias-de-calificacion-de-riesgo\/","og_site_name":"GYS NOTICIAS |","article_published_time":"2026-09-04T18:22:11+00:00","og_image":[{"url":"https:\/\/media.ambito.com\/p\/0136bca6b2b97337fe99268a77d19c62\/adjuntos\/239\/imagenes\/043\/091\/0043091248\/93x52\/3091x1661:3111x1681\/jorge-brito.jpeg","type":"","width":"","height":""}],"author":"admin","twitter_card":"summary_large_image","twitter_misc":{"Escrito por":"admin","Tiempo de lectura":"4 minutos"},"schema":{"@context":"https:\/\/schema.org","@graph":[{"@type":"Article","@id":"https:\/\/gysfm.com.ar\/inicio\/la-cnv-modifico-las-normas-para-las-agencias-de-calificacion-de-riesgo\/#article","isPartOf":{"@id":"https:\/\/gysfm.com.ar\/inicio\/la-cnv-modifico-las-normas-para-las-agencias-de-calificacion-de-riesgo\/"},"author":{"name":"admin","@id":"https:\/\/gysfm.com.ar\/inicio\/#\/schema\/person\/5bedd7ecd35cc35548d89effafa23696"},"headline":"La CNV modific\u00f3 las normas para las agencias de calificaci\u00f3n de riesgo","datePublished":"2026-09-04T18:22:11+00:00","mainEntityOfPage":{"@id":"https:\/\/gysfm.com.ar\/inicio\/la-cnv-modifico-las-normas-para-las-agencias-de-calificacion-de-riesgo\/"},"wordCount":827,"publisher":{"@id":"https:\/\/gysfm.com.ar\/inicio\/#organization"},"image":{"@id":"https:\/\/gysfm.com.ar\/inicio\/la-cnv-modifico-las-normas-para-las-agencias-de-calificacion-de-riesgo\/#primaryimage"},"thumbnailUrl":"https:\/\/gysfm.com.ar\/inicio\/wp-content\/uploads\/2026\/09\/1788546133_cnv-comision-nacional-valores.jpg","articleSection":["ECONOMIA"],"inLanguage":"es"},{"@type":"WebPage","@id":"https:\/\/gysfm.com.ar\/inicio\/la-cnv-modifico-las-normas-para-las-agencias-de-calificacion-de-riesgo\/","url":"https:\/\/gysfm.com.ar\/inicio\/la-cnv-modifico-las-normas-para-las-agencias-de-calificacion-de-riesgo\/","name":"La CNV modific\u00f3 las normas para las agencias de calificaci\u00f3n de riesgo - GYS NOTICIAS |","isPartOf":{"@id":"https:\/\/gysfm.com.ar\/inicio\/#website"},"primaryImageOfPage":{"@id":"https:\/\/gysfm.com.ar\/inicio\/la-cnv-modifico-las-normas-para-las-agencias-de-calificacion-de-riesgo\/#primaryimage"},"image":{"@id":"https:\/\/gysfm.com.ar\/inicio\/la-cnv-modifico-las-normas-para-las-agencias-de-calificacion-de-riesgo\/#primaryimage"},"thumbnailUrl":"https:\/\/gysfm.com.ar\/inicio\/wp-content\/uploads\/2026\/09\/1788546133_cnv-comision-nacional-valores.jpg","datePublished":"2026-09-04T18:22:11+00:00","breadcrumb":{"@id":"https:\/\/gysfm.com.ar\/inicio\/la-cnv-modifico-las-normas-para-las-agencias-de-calificacion-de-riesgo\/#breadcrumb"},"inLanguage":"es","potentialAction":[{"@type":"ReadAction","target":["https:\/\/gysfm.com.ar\/inicio\/la-cnv-modifico-las-normas-para-las-agencias-de-calificacion-de-riesgo\/"]}]},{"@type":"ImageObject","inLanguage":"es","@id":"https:\/\/gysfm.com.ar\/inicio\/la-cnv-modifico-las-normas-para-las-agencias-de-calificacion-de-riesgo\/#primaryimage","url":"https:\/\/gysfm.com.ar\/inicio\/wp-content\/uploads\/2026\/09\/1788546133_cnv-comision-nacional-valores.jpg","contentUrl":"https:\/\/gysfm.com.ar\/inicio\/wp-content\/uploads\/2026\/09\/1788546133_cnv-comision-nacional-valores.jpg","width":1200,"height":675},{"@type":"BreadcrumbList","@id":"https:\/\/gysfm.com.ar\/inicio\/la-cnv-modifico-las-normas-para-las-agencias-de-calificacion-de-riesgo\/#breadcrumb","itemListElement":[{"@type":"ListItem","position":1,"name":"Portada","item":"https:\/\/gysfm.com.ar\/inicio\/"},{"@type":"ListItem","position":2,"name":"La CNV modific\u00f3 las normas para las agencias de calificaci\u00f3n de riesgo"}]},{"@type":"WebSite","@id":"https:\/\/gysfm.com.ar\/inicio\/#website","url":"https:\/\/gysfm.com.ar\/inicio\/","name":"GYS NOTICIAS |","description":"DIARIO - RADIO ONLINE SAN JUAN ARGENTINA","publisher":{"@id":"https:\/\/gysfm.com.ar\/inicio\/#organization"},"potentialAction":[{"@type":"SearchAction","target":{"@type":"EntryPoint","urlTemplate":"https:\/\/gysfm.com.ar\/inicio\/?s={search_term_string}"},"query-input":{"@type":"PropertyValueSpecification","valueRequired":true,"valueName":"search_term_string"}}],"inLanguage":"es"},{"@type":"Organization","@id":"https:\/\/gysfm.com.ar\/inicio\/#organization","name":"GYS NOTICIAS |","url":"https:\/\/gysfm.com.ar\/inicio\/","logo":{"@type":"ImageObject","inLanguage":"es","@id":"https:\/\/gysfm.com.ar\/inicio\/#\/schema\/logo\/image\/","url":"https:\/\/gysfm.com.ar\/inicio\/wp-content\/uploads\/2023\/07\/LOGOGYS-OK.png","contentUrl":"https:\/\/gysfm.com.ar\/inicio\/wp-content\/uploads\/2023\/07\/LOGOGYS-OK.png","width":1170,"height":872,"caption":"GYS NOTICIAS |"},"image":{"@id":"https:\/\/gysfm.com.ar\/inicio\/#\/schema\/logo\/image\/"}},{"@type":"Person","@id":"https:\/\/gysfm.com.ar\/inicio\/#\/schema\/person\/5bedd7ecd35cc35548d89effafa23696","name":"admin","image":{"@type":"ImageObject","inLanguage":"es","@id":"https:\/\/gysfm.com.ar\/inicio\/#\/schema\/person\/image\/","url":"https:\/\/secure.gravatar.com\/avatar\/c331d312b5243fb64d5ba28108a447b27c925295129a363082c9ea52c28d32c2?s=96&d=mm&r=g","contentUrl":"https:\/\/secure.gravatar.com\/avatar\/c331d312b5243fb64d5ba28108a447b27c925295129a363082c9ea52c28d32c2?s=96&d=mm&r=g","caption":"admin"},"sameAs":["https:\/\/gysfm.com.ar\/inicio"],"url":"https:\/\/gysfm.com.ar\/inicio\/author\/admin\/"}]}},"_links":{"self":[{"href":"https:\/\/gysfm.com.ar\/inicio\/wp-json\/wp\/v2\/posts\/210451","targetHints":{"allow":["GET"]}}],"collection":[{"href":"https:\/\/gysfm.com.ar\/inicio\/wp-json\/wp\/v2\/posts"}],"about":[{"href":"https:\/\/gysfm.com.ar\/inicio\/wp-json\/wp\/v2\/types\/post"}],"author":[{"embeddable":true,"href":"https:\/\/gysfm.com.ar\/inicio\/wp-json\/wp\/v2\/users\/1"}],"replies":[{"embeddable":true,"href":"https:\/\/gysfm.com.ar\/inicio\/wp-json\/wp\/v2\/comments?post=210451"}],"version-history":[{"count":0,"href":"https:\/\/gysfm.com.ar\/inicio\/wp-json\/wp\/v2\/posts\/210451\/revisions"}],"wp:featuredmedia":[{"embeddable":true,"href":"https:\/\/gysfm.com.ar\/inicio\/wp-json\/wp\/v2\/media\/210452"}],"wp:attachment":[{"href":"https:\/\/gysfm.com.ar\/inicio\/wp-json\/wp\/v2\/media?parent=210451"}],"wp:term":[{"taxonomy":"category","embeddable":true,"href":"https:\/\/gysfm.com.ar\/inicio\/wp-json\/wp\/v2\/categories?post=210451"},{"taxonomy":"post_tag","embeddable":true,"href":"https:\/\/gysfm.com.ar\/inicio\/wp-json\/wp\/v2\/tags?post=210451"}],"curies":[{"name":"wp","href":"https:\/\/api.w.org\/{rel}","templated":true}]}}