{"id":210441,"date":"2026-09-04T14:20:11","date_gmt":"2026-09-04T17:20:11","guid":{"rendered":"https:\/\/gysfm.com.ar\/inicio\/el-bce-aplicaria-una-suba-de-tasas-por-segunda-vez-en-septiembre\/"},"modified":"2026-09-04T14:20:11","modified_gmt":"2026-09-04T17:20:11","slug":"el-bce-aplicaria-una-suba-de-tasas-por-segunda-vez-en-septiembre","status":"publish","type":"post","link":"https:\/\/gysfm.com.ar\/inicio\/el-bce-aplicaria-una-suba-de-tasas-por-segunda-vez-en-septiembre\/","title":{"rendered":"El BCE aplicar\u00eda una suba de tasas por segunda vez en septiembre"},"content":{"rendered":"<p> <br \/>\n<\/p>\n<div>\t\t<!-- { REGION4 --> <\/p>\n<header class=\"news-headline\">\n<div class=\"news-headline__topics-and-date-wrapper\">    <span class=\"news-headline__publication-date\"> 4 de septiembre 2026 &#8211; 09:46<br \/>\n            <\/span><\/div>\n<h2 class=\"news-headline__article-summary\"\/>\n<p id=\"p-1788521586048-91804\" class=\"ignore-parser\"> Pese a la aceleraci\u00f3n del IPC al 3,3% en agosto y las tensiones en Medio Oriente, el mercado prev\u00e9 que la fragilidad econ\u00f3mica frene nuevos ajustes y fije la tasa en 2,50%. Los detalles, en la nota. <\/p>\n<\/header>\n<article class=\"article-body article-body--first-paragraph\" data-td-script-src=\"https:\/\/www.ambito.com\/td\/modulos\/encuestas\/js\/function-embeds-min-version-1788408512.js\">\n<p id=\"p-1788521925614-13212\" data-path-to-node=\"2,0,1,0\"><strong> El Banco Central Europeo (BCE) subir\u00eda las tasas de inter\u00e9s el 10 de septiembre por segunda y \u00faltima vez,<\/strong> en lo que constituir\u00eda su ciclo de incrementos m\u00e1s acotado en <strong>15 a\u00f1os.<\/strong><\/p>\n<\/article>\n<section class=\"suscription-false printed-edition\" style=\"display:none\">\n<p>El contenido al que quiere acceder es exclusivo para suscriptores.<\/p>\n<p>  <span> <button type=\"button\" name=\"button\" class=\"subscribe-btn mercadopago-btn\">suscribirse<\/button><\/span>  <span class=\"btns\"><button type=\"button\" name=\"button\" class=\"subscribe-btn reload-login\"> ya estoy suscripto<\/button><\/span>  <\/p>\n<\/section>\n<article class=\"article-body article-body--second-paragraph\">\n<p id=\"p-1788521929412-1546\" data-path-to-node=\"2,0,1,0\">El consenso de los economistas encuestados por la agencia Reuters se\u00f1alan como poco factible que los aumentos de los precios de la energ\u00eda conlleven presiones inflacionarias generalizadas.<\/p>\n<\/article>\n<section class=\"related-news\">\t\t<span class=\"related-news__title\">Informate m\u00e1s<\/span>\t\t<\/p>\n<div class=\"row row--eq-height\">\n<div class=\"col-12 col-md-6\">\n<article class=\"news-article news-article--landscape-news news-article--landscape-news\">\n<figure class=\"news-article__figure figure\">\n\t\t\t\t\t\t\t\t\t\t\t<img src=\"https:\/\/media.ambito.com\/p\/60e941ca6e0bd2d33f02f51a8f131fb2\/adjuntos\/239\/imagenes\/043\/622\/0043622995\/93x52\/smart\/iaef-dia-2.jpg\" decoding=\"async\" fetchpriority=\"low\" loading=\"lazy\" alt=\"Alejandro Bertone, CEO electo de ACA, y Mario Grinman, presidente de la C\u00e1mara de Comercio y Servicios (CAC).\" title=\"Alejandro Bertone, CEO electo de ACA, y Mario Grinman, presidente de la C\u00e1mara de Comercio y Servicios (CAC).\" width=\"93\" height=\"52\" class=\"news-article__figure-img figure-img img-fluid\"\/>\t\t<\/figure>\n<\/article><\/div>\n<div class=\"col-12 col-md-6\">\n<article class=\"news-article news-article--landscape-news news-article--landscape-news\">\n<figure class=\"news-article__figure figure\">\n\t\t\t\t\t\t\t\t\t\t\t<img src=\"https:\/\/media.ambito.com\/p\/486843c53b618e6ed4b2c3b736279c07\/adjuntos\/239\/imagenes\/041\/718\/0041718938\/fed-reserva-federaljpg.jpg\" decoding=\"async\" fetchpriority=\"low\" loading=\"lazy\" alt=\"La Fed tomar\u00e1 su decisi\u00f3n el pr\u00f3ximo 16 de septiembre.\u00a0\" title=\"La Fed tomar\u00e1 su decisi\u00f3n el pr\u00f3ximo 16 de septiembre.\u00a0\" width=\"93\" height=\"52\" class=\"news-article__figure-img figure-img img-fluid\"\/>\t\t<\/figure>\n<\/article><\/div>\n<\/div>\n<\/section>\n<article class=\"article-body article-body--third-paragraph\">\n<p id=\"p-1788522252554-30436\" data-path-to-node=\"2,0,1,0\"> Aunque la guerra en Medio Oriente se intensific\u00f3 en los \u00faltimos d\u00edas y los rendimientos de los bonos a nivel mundial subieron bruscamente durante la \u00faltima semana, <strong>los analistas estiman que el BCE no aplicar\u00e1 mayor presi\u00f3n monetaria sobre una econom\u00eda europea golpeada.<\/strong><\/p>\n<\/article>\n<article class=\"article-body article-body--fourth-paragraph\">\n<h2 id=\"p-1788522329403-96318\" data-path-to-node=\"2,0,1,0\"> El detalle <\/h2>\n<p id=\"p-1788522272496-46605\" data-path-to-node=\"2,0,1,0\">Carsten Brzeski, director global de macroeconom\u00eda de ING, subray\u00f3 que \u00abnos sigue costando creer, en medio de los problemas de las finanzas p\u00fablicas y el aumento de los rendimientos de los bonos, <strong>que el BCE est\u00e9 realmente dispuesto a echar m\u00e1s le\u00f1a al fuego\u00bb.<\/strong><\/p>\n<\/article>\n<article class=\"article-body article-body--fifth-paragraph\">\n<div contenteditable=\"false\" class=\"embed_cont type_imagen\" id=\"8245755-Libre-1804842512_wrap\">\n<div id=\"8245755-Libre-1804842512_content\" class=\"embed_content\"><img src=\"https:\/\/media.ambito.com\/p\/a1a531cee85f9f635f5b2bb935029826\/adjuntos\/239\/imagenes\/043\/483\/0043483022\/730x0\/1262x466:1282x486\/inflacion-zona-euro.png\" decoding=\"async\" fetchpriority=\"low\" loading=\"lazy\" alt=\"Economistas ven poco factible que la suba de energ\u00eda genere presiones inflacionarias generalizadas.\" title=\"Economistas ven poco factible que la suba de energ\u00eda genere presiones inflacionarias generalizadas.\" width=\"730\" height=\"undefined\" id=\"8245755-Libre-1804842512_embed\"\/><\/div>\n<div class=\"embed_wrapper-cont\" id=\"p-1788524309395-21388\">\n<div id=\"8245755-Libre-1804842512_epigrafe\" class=\"embed_epigrafe\">\n<p id=\"p-1788524362810-85995\">Economistas ven poco factible que la suba de energ\u00eda genere presiones inflacionarias generalizadas.<\/p>\n<\/div>\n<p>RTVE<\/p>\n<\/div><\/div>\n<p id=\"p-1788522319575-10654\" data-path-to-node=\"2,0,1,0\">Adem\u00e1s, agreg\u00f3 que \u00aben otras palabras, es dif\u00edcil imaginar que el BCE est\u00e9 dispuesto a arriesgarse a <strong>una recesi\u00f3n para hacer frente a lo que sigue siendo una crisis de oferta t\u00edpica\u00bb<\/strong>.<\/p>\n<\/article>\n<article class=\"article-body article-body--remaining-paragraph\">\n<p id=\"p-1788522502414-39141\" data-path-to-node=\"2,0,1,0\">La aceleraci\u00f3n de los precios en la zona euro al 3,3% anual en agosto <strong>ampl\u00eda la brecha con el objetivo del 2,0% del BCE<\/strong>, un escenario que complica la hoja de ruta de la autoridad monetaria.<\/p>\n<p id=\"p-1788522906843-83015\" data-path-to-node=\"1\">Alrededor del 91% de los economistas prev\u00e9 que la tasa de dep\u00f3sito cierre este a\u00f1o en el 2,50%, mientras que el 78% considera que se mantendr\u00e1 en ese nivel hasta mediados del a\u00f1o pr\u00f3ximo.<\/p>\n<\/article>\n<p>\t\t<!-- REGION4 } --><\/div>\n<p><script>\n!function(f,b,e,v,n,t,s)\n{if(f.fbq)return;n=f.fbq=function(){n.callMethod?\nn.callMethod.apply(n,arguments):n.queue.push(arguments)};\nif(!f._fbq)f._fbq=n;n.push=n;n.loaded=!0;n.version='2.0';\nn.queue=[];t=b.createElement(e);t.async=!0;\nt.src=v;s=b.getElementsByTagName(e)[0];\ns.parentNode.insertBefore(t,s)}(window,document,'script',\n'https:\/\/connect.facebook.net\/en_US\/fbevents.js');\nfbq('init', '2047048335588113');\nfbq('track', 'PageView');\n<\/script><br \/>\n<br \/><\/p>\n","protected":false},"excerpt":{"rendered":"<p>4 de septiembre 2026 &#8211; 09:46 Pese a la aceleraci\u00f3n del IPC al 3,3% en agosto y las tensiones en Medio Oriente, el mercado prev\u00e9 que la fragilidad econ\u00f3mica frene nuevos ajustes y fije la tasa en 2,50%. Los detalles, en la nota. El Banco Central Europeo (BCE) subir\u00eda las tasas de inter\u00e9s el 10 [&hellip;]<\/p>\n","protected":false},"author":1,"featured_media":210442,"comment_status":"closed","ping_status":"closed","sticky":false,"template":"","format":"standard","meta":{"footnotes":""},"categories":[28],"tags":[],"class_list":["post-210441","post","type-post","status-publish","format-standard","has-post-thumbnail","hentry","category-economia"],"yoast_head":"<!-- This site is optimized with the Yoast SEO plugin v24.4 - https:\/\/yoast.com\/wordpress\/plugins\/seo\/ -->\n<title>El BCE aplicar\u00eda una suba de tasas por segunda vez en septiembre - GYS NOTICIAS |<\/title>\n<meta name=\"robots\" content=\"index, follow, max-snippet:-1, max-image-preview:large, max-video-preview:-1\" \/>\n<link rel=\"canonical\" href=\"https:\/\/gysfm.com.ar\/inicio\/el-bce-aplicaria-una-suba-de-tasas-por-segunda-vez-en-septiembre\/\" \/>\n<meta property=\"og:locale\" content=\"es_ES\" \/>\n<meta property=\"og:type\" content=\"article\" \/>\n<meta property=\"og:title\" content=\"El BCE aplicar\u00eda una suba de tasas por segunda vez en septiembre - GYS NOTICIAS |\" \/>\n<meta property=\"og:description\" content=\"4 de septiembre 2026 &#8211; 09:46 Pese a la aceleraci\u00f3n del IPC al 3,3% en agosto y las tensiones en Medio Oriente, el mercado prev\u00e9 que la fragilidad econ\u00f3mica frene nuevos ajustes y fije la tasa en 2,50%. Los detalles, en la nota. El Banco Central Europeo (BCE) subir\u00eda las tasas de inter\u00e9s el 10 [&hellip;]\" \/>\n<meta property=\"og:url\" content=\"https:\/\/gysfm.com.ar\/inicio\/el-bce-aplicaria-una-suba-de-tasas-por-segunda-vez-en-septiembre\/\" \/>\n<meta property=\"og:site_name\" content=\"GYS NOTICIAS |\" \/>\n<meta property=\"article:published_time\" content=\"2026-09-04T17:20:11+00:00\" \/>\n<meta property=\"og:image\" content=\"https:\/\/media.ambito.com\/p\/60e941ca6e0bd2d33f02f51a8f131fb2\/adjuntos\/239\/imagenes\/043\/622\/0043622995\/93x52\/smart\/iaef-dia-2.jpg\" \/>\n<meta name=\"author\" content=\"admin\" \/>\n<meta name=\"twitter:card\" content=\"summary_large_image\" \/>\n<meta name=\"twitter:label1\" content=\"Escrito por\" \/>\n\t<meta name=\"twitter:data1\" content=\"admin\" \/>\n\t<meta name=\"twitter:label2\" content=\"Tiempo de lectura\" \/>\n\t<meta name=\"twitter:data2\" content=\"2 minutos\" \/>\n<script type=\"application\/ld+json\" class=\"yoast-schema-graph\">{\"@context\":\"https:\/\/schema.org\",\"@graph\":[{\"@type\":\"Article\",\"@id\":\"https:\/\/gysfm.com.ar\/inicio\/el-bce-aplicaria-una-suba-de-tasas-por-segunda-vez-en-septiembre\/#article\",\"isPartOf\":{\"@id\":\"https:\/\/gysfm.com.ar\/inicio\/el-bce-aplicaria-una-suba-de-tasas-por-segunda-vez-en-septiembre\/\"},\"author\":{\"name\":\"admin\",\"@id\":\"https:\/\/gysfm.com.ar\/inicio\/#\/schema\/person\/5bedd7ecd35cc35548d89effafa23696\"},\"headline\":\"El BCE aplicar\u00eda una suba de tasas por segunda vez en septiembre\",\"datePublished\":\"2026-09-04T17:20:11+00:00\",\"mainEntityOfPage\":{\"@id\":\"https:\/\/gysfm.com.ar\/inicio\/el-bce-aplicaria-una-suba-de-tasas-por-segunda-vez-en-septiembre\/\"},\"wordCount\":354,\"publisher\":{\"@id\":\"https:\/\/gysfm.com.ar\/inicio\/#organization\"},\"image\":{\"@id\":\"https:\/\/gysfm.com.ar\/inicio\/el-bce-aplicaria-una-suba-de-tasas-por-segunda-vez-en-septiembre\/#primaryimage\"},\"thumbnailUrl\":\"https:\/\/gysfm.com.ar\/inicio\/wp-content\/uploads\/2026\/09\/bcejpg.jpg\",\"articleSection\":[\"ECONOMIA\"],\"inLanguage\":\"es\"},{\"@type\":\"WebPage\",\"@id\":\"https:\/\/gysfm.com.ar\/inicio\/el-bce-aplicaria-una-suba-de-tasas-por-segunda-vez-en-septiembre\/\",\"url\":\"https:\/\/gysfm.com.ar\/inicio\/el-bce-aplicaria-una-suba-de-tasas-por-segunda-vez-en-septiembre\/\",\"name\":\"El BCE aplicar\u00eda una suba de tasas por segunda vez en septiembre - GYS NOTICIAS |\",\"isPartOf\":{\"@id\":\"https:\/\/gysfm.com.ar\/inicio\/#website\"},\"primaryImageOfPage\":{\"@id\":\"https:\/\/gysfm.com.ar\/inicio\/el-bce-aplicaria-una-suba-de-tasas-por-segunda-vez-en-septiembre\/#primaryimage\"},\"image\":{\"@id\":\"https:\/\/gysfm.com.ar\/inicio\/el-bce-aplicaria-una-suba-de-tasas-por-segunda-vez-en-septiembre\/#primaryimage\"},\"thumbnailUrl\":\"https:\/\/gysfm.com.ar\/inicio\/wp-content\/uploads\/2026\/09\/bcejpg.jpg\",\"datePublished\":\"2026-09-04T17:20:11+00:00\",\"breadcrumb\":{\"@id\":\"https:\/\/gysfm.com.ar\/inicio\/el-bce-aplicaria-una-suba-de-tasas-por-segunda-vez-en-septiembre\/#breadcrumb\"},\"inLanguage\":\"es\",\"potentialAction\":[{\"@type\":\"ReadAction\",\"target\":[\"https:\/\/gysfm.com.ar\/inicio\/el-bce-aplicaria-una-suba-de-tasas-por-segunda-vez-en-septiembre\/\"]}]},{\"@type\":\"ImageObject\",\"inLanguage\":\"es\",\"@id\":\"https:\/\/gysfm.com.ar\/inicio\/el-bce-aplicaria-una-suba-de-tasas-por-segunda-vez-en-septiembre\/#primaryimage\",\"url\":\"https:\/\/gysfm.com.ar\/inicio\/wp-content\/uploads\/2026\/09\/bcejpg.jpg\",\"contentUrl\":\"https:\/\/gysfm.com.ar\/inicio\/wp-content\/uploads\/2026\/09\/bcejpg.jpg\",\"width\":1200,\"height\":675},{\"@type\":\"BreadcrumbList\",\"@id\":\"https:\/\/gysfm.com.ar\/inicio\/el-bce-aplicaria-una-suba-de-tasas-por-segunda-vez-en-septiembre\/#breadcrumb\",\"itemListElement\":[{\"@type\":\"ListItem\",\"position\":1,\"name\":\"Portada\",\"item\":\"https:\/\/gysfm.com.ar\/inicio\/\"},{\"@type\":\"ListItem\",\"position\":2,\"name\":\"El BCE aplicar\u00eda una suba de tasas por segunda vez en septiembre\"}]},{\"@type\":\"WebSite\",\"@id\":\"https:\/\/gysfm.com.ar\/inicio\/#website\",\"url\":\"https:\/\/gysfm.com.ar\/inicio\/\",\"name\":\"GYS NOTICIAS |\",\"description\":\"DIARIO - RADIO ONLINE SAN JUAN ARGENTINA\",\"publisher\":{\"@id\":\"https:\/\/gysfm.com.ar\/inicio\/#organization\"},\"potentialAction\":[{\"@type\":\"SearchAction\",\"target\":{\"@type\":\"EntryPoint\",\"urlTemplate\":\"https:\/\/gysfm.com.ar\/inicio\/?s={search_term_string}\"},\"query-input\":{\"@type\":\"PropertyValueSpecification\",\"valueRequired\":true,\"valueName\":\"search_term_string\"}}],\"inLanguage\":\"es\"},{\"@type\":\"Organization\",\"@id\":\"https:\/\/gysfm.com.ar\/inicio\/#organization\",\"name\":\"GYS NOTICIAS |\",\"url\":\"https:\/\/gysfm.com.ar\/inicio\/\",\"logo\":{\"@type\":\"ImageObject\",\"inLanguage\":\"es\",\"@id\":\"https:\/\/gysfm.com.ar\/inicio\/#\/schema\/logo\/image\/\",\"url\":\"https:\/\/gysfm.com.ar\/inicio\/wp-content\/uploads\/2023\/07\/LOGOGYS-OK.png\",\"contentUrl\":\"https:\/\/gysfm.com.ar\/inicio\/wp-content\/uploads\/2023\/07\/LOGOGYS-OK.png\",\"width\":1170,\"height\":872,\"caption\":\"GYS NOTICIAS |\"},\"image\":{\"@id\":\"https:\/\/gysfm.com.ar\/inicio\/#\/schema\/logo\/image\/\"}},{\"@type\":\"Person\",\"@id\":\"https:\/\/gysfm.com.ar\/inicio\/#\/schema\/person\/5bedd7ecd35cc35548d89effafa23696\",\"name\":\"admin\",\"image\":{\"@type\":\"ImageObject\",\"inLanguage\":\"es\",\"@id\":\"https:\/\/gysfm.com.ar\/inicio\/#\/schema\/person\/image\/\",\"url\":\"https:\/\/secure.gravatar.com\/avatar\/c331d312b5243fb64d5ba28108a447b27c925295129a363082c9ea52c28d32c2?s=96&d=mm&r=g\",\"contentUrl\":\"https:\/\/secure.gravatar.com\/avatar\/c331d312b5243fb64d5ba28108a447b27c925295129a363082c9ea52c28d32c2?s=96&d=mm&r=g\",\"caption\":\"admin\"},\"sameAs\":[\"https:\/\/gysfm.com.ar\/inicio\"],\"url\":\"https:\/\/gysfm.com.ar\/inicio\/author\/admin\/\"}]}<\/script>\n<!-- \/ Yoast SEO plugin. -->","yoast_head_json":{"title":"El BCE aplicar\u00eda una suba de tasas por segunda vez en septiembre - GYS NOTICIAS |","robots":{"index":"index","follow":"follow","max-snippet":"max-snippet:-1","max-image-preview":"max-image-preview:large","max-video-preview":"max-video-preview:-1"},"canonical":"https:\/\/gysfm.com.ar\/inicio\/el-bce-aplicaria-una-suba-de-tasas-por-segunda-vez-en-septiembre\/","og_locale":"es_ES","og_type":"article","og_title":"El BCE aplicar\u00eda una suba de tasas por segunda vez en septiembre - GYS NOTICIAS |","og_description":"4 de septiembre 2026 &#8211; 09:46 Pese a la aceleraci\u00f3n del IPC al 3,3% en agosto y las tensiones en Medio Oriente, el mercado prev\u00e9 que la fragilidad econ\u00f3mica frene nuevos ajustes y fije la tasa en 2,50%. Los detalles, en la nota. El Banco Central Europeo (BCE) subir\u00eda las tasas de inter\u00e9s el 10 [&hellip;]","og_url":"https:\/\/gysfm.com.ar\/inicio\/el-bce-aplicaria-una-suba-de-tasas-por-segunda-vez-en-septiembre\/","og_site_name":"GYS NOTICIAS |","article_published_time":"2026-09-04T17:20:11+00:00","og_image":[{"url":"https:\/\/media.ambito.com\/p\/60e941ca6e0bd2d33f02f51a8f131fb2\/adjuntos\/239\/imagenes\/043\/622\/0043622995\/93x52\/smart\/iaef-dia-2.jpg","type":"","width":"","height":""}],"author":"admin","twitter_card":"summary_large_image","twitter_misc":{"Escrito por":"admin","Tiempo de lectura":"2 minutos"},"schema":{"@context":"https:\/\/schema.org","@graph":[{"@type":"Article","@id":"https:\/\/gysfm.com.ar\/inicio\/el-bce-aplicaria-una-suba-de-tasas-por-segunda-vez-en-septiembre\/#article","isPartOf":{"@id":"https:\/\/gysfm.com.ar\/inicio\/el-bce-aplicaria-una-suba-de-tasas-por-segunda-vez-en-septiembre\/"},"author":{"name":"admin","@id":"https:\/\/gysfm.com.ar\/inicio\/#\/schema\/person\/5bedd7ecd35cc35548d89effafa23696"},"headline":"El BCE aplicar\u00eda una suba de tasas por segunda vez en septiembre","datePublished":"2026-09-04T17:20:11+00:00","mainEntityOfPage":{"@id":"https:\/\/gysfm.com.ar\/inicio\/el-bce-aplicaria-una-suba-de-tasas-por-segunda-vez-en-septiembre\/"},"wordCount":354,"publisher":{"@id":"https:\/\/gysfm.com.ar\/inicio\/#organization"},"image":{"@id":"https:\/\/gysfm.com.ar\/inicio\/el-bce-aplicaria-una-suba-de-tasas-por-segunda-vez-en-septiembre\/#primaryimage"},"thumbnailUrl":"https:\/\/gysfm.com.ar\/inicio\/wp-content\/uploads\/2026\/09\/bcejpg.jpg","articleSection":["ECONOMIA"],"inLanguage":"es"},{"@type":"WebPage","@id":"https:\/\/gysfm.com.ar\/inicio\/el-bce-aplicaria-una-suba-de-tasas-por-segunda-vez-en-septiembre\/","url":"https:\/\/gysfm.com.ar\/inicio\/el-bce-aplicaria-una-suba-de-tasas-por-segunda-vez-en-septiembre\/","name":"El BCE aplicar\u00eda una suba de tasas por segunda vez en septiembre - GYS NOTICIAS |","isPartOf":{"@id":"https:\/\/gysfm.com.ar\/inicio\/#website"},"primaryImageOfPage":{"@id":"https:\/\/gysfm.com.ar\/inicio\/el-bce-aplicaria-una-suba-de-tasas-por-segunda-vez-en-septiembre\/#primaryimage"},"image":{"@id":"https:\/\/gysfm.com.ar\/inicio\/el-bce-aplicaria-una-suba-de-tasas-por-segunda-vez-en-septiembre\/#primaryimage"},"thumbnailUrl":"https:\/\/gysfm.com.ar\/inicio\/wp-content\/uploads\/2026\/09\/bcejpg.jpg","datePublished":"2026-09-04T17:20:11+00:00","breadcrumb":{"@id":"https:\/\/gysfm.com.ar\/inicio\/el-bce-aplicaria-una-suba-de-tasas-por-segunda-vez-en-septiembre\/#breadcrumb"},"inLanguage":"es","potentialAction":[{"@type":"ReadAction","target":["https:\/\/gysfm.com.ar\/inicio\/el-bce-aplicaria-una-suba-de-tasas-por-segunda-vez-en-septiembre\/"]}]},{"@type":"ImageObject","inLanguage":"es","@id":"https:\/\/gysfm.com.ar\/inicio\/el-bce-aplicaria-una-suba-de-tasas-por-segunda-vez-en-septiembre\/#primaryimage","url":"https:\/\/gysfm.com.ar\/inicio\/wp-content\/uploads\/2026\/09\/bcejpg.jpg","contentUrl":"https:\/\/gysfm.com.ar\/inicio\/wp-content\/uploads\/2026\/09\/bcejpg.jpg","width":1200,"height":675},{"@type":"BreadcrumbList","@id":"https:\/\/gysfm.com.ar\/inicio\/el-bce-aplicaria-una-suba-de-tasas-por-segunda-vez-en-septiembre\/#breadcrumb","itemListElement":[{"@type":"ListItem","position":1,"name":"Portada","item":"https:\/\/gysfm.com.ar\/inicio\/"},{"@type":"ListItem","position":2,"name":"El BCE aplicar\u00eda una suba de tasas por segunda vez en septiembre"}]},{"@type":"WebSite","@id":"https:\/\/gysfm.com.ar\/inicio\/#website","url":"https:\/\/gysfm.com.ar\/inicio\/","name":"GYS NOTICIAS |","description":"DIARIO - RADIO ONLINE SAN JUAN ARGENTINA","publisher":{"@id":"https:\/\/gysfm.com.ar\/inicio\/#organization"},"potentialAction":[{"@type":"SearchAction","target":{"@type":"EntryPoint","urlTemplate":"https:\/\/gysfm.com.ar\/inicio\/?s={search_term_string}"},"query-input":{"@type":"PropertyValueSpecification","valueRequired":true,"valueName":"search_term_string"}}],"inLanguage":"es"},{"@type":"Organization","@id":"https:\/\/gysfm.com.ar\/inicio\/#organization","name":"GYS NOTICIAS |","url":"https:\/\/gysfm.com.ar\/inicio\/","logo":{"@type":"ImageObject","inLanguage":"es","@id":"https:\/\/gysfm.com.ar\/inicio\/#\/schema\/logo\/image\/","url":"https:\/\/gysfm.com.ar\/inicio\/wp-content\/uploads\/2023\/07\/LOGOGYS-OK.png","contentUrl":"https:\/\/gysfm.com.ar\/inicio\/wp-content\/uploads\/2023\/07\/LOGOGYS-OK.png","width":1170,"height":872,"caption":"GYS NOTICIAS |"},"image":{"@id":"https:\/\/gysfm.com.ar\/inicio\/#\/schema\/logo\/image\/"}},{"@type":"Person","@id":"https:\/\/gysfm.com.ar\/inicio\/#\/schema\/person\/5bedd7ecd35cc35548d89effafa23696","name":"admin","image":{"@type":"ImageObject","inLanguage":"es","@id":"https:\/\/gysfm.com.ar\/inicio\/#\/schema\/person\/image\/","url":"https:\/\/secure.gravatar.com\/avatar\/c331d312b5243fb64d5ba28108a447b27c925295129a363082c9ea52c28d32c2?s=96&d=mm&r=g","contentUrl":"https:\/\/secure.gravatar.com\/avatar\/c331d312b5243fb64d5ba28108a447b27c925295129a363082c9ea52c28d32c2?s=96&d=mm&r=g","caption":"admin"},"sameAs":["https:\/\/gysfm.com.ar\/inicio"],"url":"https:\/\/gysfm.com.ar\/inicio\/author\/admin\/"}]}},"_links":{"self":[{"href":"https:\/\/gysfm.com.ar\/inicio\/wp-json\/wp\/v2\/posts\/210441","targetHints":{"allow":["GET"]}}],"collection":[{"href":"https:\/\/gysfm.com.ar\/inicio\/wp-json\/wp\/v2\/posts"}],"about":[{"href":"https:\/\/gysfm.com.ar\/inicio\/wp-json\/wp\/v2\/types\/post"}],"author":[{"embeddable":true,"href":"https:\/\/gysfm.com.ar\/inicio\/wp-json\/wp\/v2\/users\/1"}],"replies":[{"embeddable":true,"href":"https:\/\/gysfm.com.ar\/inicio\/wp-json\/wp\/v2\/comments?post=210441"}],"version-history":[{"count":0,"href":"https:\/\/gysfm.com.ar\/inicio\/wp-json\/wp\/v2\/posts\/210441\/revisions"}],"wp:featuredmedia":[{"embeddable":true,"href":"https:\/\/gysfm.com.ar\/inicio\/wp-json\/wp\/v2\/media\/210442"}],"wp:attachment":[{"href":"https:\/\/gysfm.com.ar\/inicio\/wp-json\/wp\/v2\/media?parent=210441"}],"wp:term":[{"taxonomy":"category","embeddable":true,"href":"https:\/\/gysfm.com.ar\/inicio\/wp-json\/wp\/v2\/categories?post=210441"},{"taxonomy":"post_tag","embeddable":true,"href":"https:\/\/gysfm.com.ar\/inicio\/wp-json\/wp\/v2\/tags?post=210441"}],"curies":[{"name":"wp","href":"https:\/\/api.w.org\/{rel}","templated":true}]}}