{"id":210438,"date":"2026-09-04T13:54:23","date_gmt":"2026-09-04T16:54:23","guid":{"rendered":"https:\/\/gysfm.com.ar\/inicio\/la-ausencia-de-estados-unidos-esta-propiciando-la-guerra-que-mas-teme-europa\/"},"modified":"2026-09-04T13:54:23","modified_gmt":"2026-09-04T16:54:23","slug":"la-ausencia-de-estados-unidos-esta-propiciando-la-guerra-que-mas-teme-europa","status":"publish","type":"post","link":"https:\/\/gysfm.com.ar\/inicio\/la-ausencia-de-estados-unidos-esta-propiciando-la-guerra-que-mas-teme-europa\/","title":{"rendered":"La ausencia de Estados Unidos est\u00e1 propiciando la guerra que m\u00e1s teme Europa"},"content":{"rendered":"<p> <br \/>\n<\/p>\n<div>\n<p class=\"com-paragraph --capital --s\">WASHINGTON.- Este es el escenario de un <strong>juego de guerra <\/strong>realizado el lunes por un grupo de actuales miembros del Congreso y exfuncionarios militares, diplom\u00e1ticos y de inteligencia de Estados Unidos. <\/p>\n<p class=\"com-paragraph --s\">Estamos en 2028, <a href=\"https:\/\/www.lanacion.com.ar\/el-mundo\/putin-acuso-a-zelensky-de-terrorismo-de-estado-tras-una-advertencia-del-lider-ucraniano-a-las-nid02092026\/\" target=\"_self\" title=\"https:\/\/www.lanacion.com.ar\/el-mundo\/putin-acuso-a-zelensky-de-terrorismo-de-estado-tras-una-advertencia-del-lider-ucraniano-a-las-nid02092026\/\" class=\"com-link break-word\" data-mrf-recirculation=\"n_link_parrafo\">la guerra en Ucrania<\/a> sigue empantanada en un sangriento punto muerto y Rusia ve una oportunidad de fragmentar todav\u00eda m\u00e1s a Europa mediante un ataque contra Moldavia. Uno de sus drones impacta contra un dep\u00f3sito de combustible en Rumania, un miembro de la OTAN, y mata a civiles.<\/p>\n<div class=\"content-media\">\n<section role=\"button\" class=\"mod-media   \">\n<figure role=\"button\" tabindex=\"0\" class=\"mod-figure \"><figcaption class=\"mod-figcaption\"><span class=\"com-text --caption --twoxs\">Militares ucranianos llevan el ata\u00fad del soldado Danyil Smyrnov, de 21 a\u00f1os, que muri\u00f3 en combate, durante su funeral en Kiev<\/span><span class=\"com-text --credit --twoxs\">Alex Babenko &#8211; AP<\/span><\/figcaption><\/figure>\n<\/section>\n<\/div>\n<p class=\"com-paragraph --s\"><strong>\u00bfQu\u00e9 hace Estados Unidos? <\/strong>La respuesta en esta simulaci\u00f3n, que temo que ser\u00eda tambi\u00e9n la que ver\u00edamos en la vida real, fue tibia, y equivali\u00f3 a una declaraci\u00f3n impl\u00edcita de que <strong>el compromiso de seguridad colectiva establecido en el Art\u00edculo 5 de la OTAN est\u00e1 pr\u00e1cticamente muerto<\/strong>. Durante la simulaci\u00f3n, los miembros del Congreso coincidieron en que la opini\u00f3n p\u00fablica estadounidense no respaldar\u00eda una respuesta contundente. Y, sin el liderazgo de Estados Unidos, Europa quedar\u00eda<strong> fragmentada y desorganizada.<\/strong><\/p>\n<p class=\"com-paragraph --s\"><strong>Bienvenidos a la pr\u00f3xima guerra mundial<\/strong>. La simulaci\u00f3n, copatrocinada por el Brooks Institute de la Universidad de Cornell y la Fundaci\u00f3n Rockefeller, fue la demostraci\u00f3n m\u00e1s clara que he visto de que el marco que protegi\u00f3 la seguridad de Estados Unidos y Europa durante 81 a\u00f1os se est\u00e1 desmoronando, a medida que desaparecen las herramientas militares y diplom\u00e1ticas compartidas. Y lo peor es que <strong>el presidente Donald Trump forma parte del equipo de demolici\u00f3n<\/strong>.<strong> <\/strong>(Asist\u00ed a la simulaci\u00f3n y se me permiti\u00f3 informar sobre ella con la condici\u00f3n de no identificar a los participantes).<\/p>\n<p class=\"com-paragraph --s\">La cruda realidad es que la guerra de Rusia contra Ucrania est\u00e1 escalando y extendi\u00e9ndose hacia pa\u00edses de la OTAN. Es una nueva realidad que la mayor\u00eda de los estadounidenses \u2014incluidos muchos altos funcionarios del gobierno de Trump\u2014 parecen no reconocer. La <strong>guerra \u201ch\u00edbrida\u201d<\/strong> de Rusia contra los pa\u00edses europeos que respaldan a Ucrania est\u00e1 pasando de la zona gris al rojo sangre, y Estados Unidos est\u00e1 haciendo poco para disuadir esos ataques.<\/p>\n<div class=\"content-media\">\n<section role=\"button\" class=\"mod-media   \">\n<figure role=\"button\" tabindex=\"0\" class=\"mod-figure \"><figcaption class=\"mod-figcaption\"><span class=\"com-text --caption --twoxs\">Bomberos intentan sofocar las llamas tras un ataque con drones rusos en la regi\u00f3n de Kiev<\/span><span class=\"com-text --credit --twoxs\">Ukrainian Emergency Service<\/span><\/figcaption><\/figure>\n<\/section>\n<\/div>\n<p class=\"com-paragraph --s\"><strong>\u201cLa actividad h\u00edbrida rusa en Europa se volvi\u00f3 m\u00e1s ambiciosa y peligrosa\u201d <\/strong>durante los \u00faltimos seis meses, seg\u00fan un an\u00e1lisis privado que comparti\u00f3 conmigo TD International, una firma de asesoramiento estrat\u00e9gico con sede en Washington. Los analistas de TDI contabilizaron <strong>63 incidentes vinculados a Rusia<\/strong> contra objetivos europeos desde marzo, entre ellos 43 episodios con drones u otras incursiones en el espacio a\u00e9reo, seis operaciones o complots de sabotaje, seis ataques cibern\u00e9ticos o de guerra electr\u00f3nica y cinco incidentes mar\u00edtimos hostiles.<\/p>\n<p class=\"com-paragraph --s\">Esta escalada contra Europa, acompa\u00f1ada por ataques rusos con misiles m\u00e1s intensos contra Kiev, es la respuesta del presidente <strong>Vladimir Putin <\/strong>a quienes sostienen que est\u00e1 perdiendo la guerra en Ucrania. <strong>\u201cCon terroristas no se negocia\u201d<\/strong>, espet\u00f3 Putin a primera hora del mi\u00e9rcoles, <a href=\"https:\/\/www.lanacion.com.ar\/el-mundo\/el-director-de-la-cia-john-ratcliffe-viajo-a-moscu-en-medio-de-la-tension-con-rusia-nid25082026\/\" target=\"_self\" title=\"https:\/\/www.lanacion.com.ar\/el-mundo\/el-director-de-la-cia-john-ratcliffe-viajo-a-moscu-en-medio-de-la-tension-con-rusia-nid25082026\/\" class=\"com-link break-word\" data-mrf-recirculation=\"n_link_parrafo\">apenas unos d\u00edas despu\u00e9s de que el director de la CIA, John Ratcliffe, visitara Mosc\u00fa<\/a> y advirtiera a sus interlocutores rusos que la guerra hab\u00eda llegado a un punto muerto.<\/p>\n<p class=\"com-paragraph --s\">Ratcliffe viaj\u00f3 a Mosc\u00fa porque tanto \u00e9l como altos diplom\u00e1ticos y comandantes militares estadounidenses consideraban que <strong>Putin no estaba recibiendo una evaluaci\u00f3n precisa de los problemas de Rusia en el campo de batalla<\/strong>, seg\u00fan un funcionario al tanto de la situaci\u00f3n. La esperanza era que las conversaciones entre funcionarios de inteligencia pudieran abrir un camino m\u00e1s realista hacia negociaciones de alto el fuego que el recorrido por los enviados de Trump, los empresarios Jared Kushner y Steve Witkoff, quienes no lograron modificar la posici\u00f3n del l\u00edder ruso.<\/p>\n<div class=\"content-media\">\n<section role=\"button\" class=\"mod-media   \">\n<figure role=\"button\" tabindex=\"0\" class=\"mod-figure \"><figcaption class=\"mod-figcaption\"><span class=\"com-text --caption --twoxs\">El presidente de Rusia, Vladimir Putin<\/span><span class=\"com-text --credit --twoxs\">Sergei Karpukhin &#8211; Pool Sputnik Kremlin<\/span><\/figcaption><\/figure>\n<\/section>\n<\/div>\n<p class=\"com-paragraph --s\">Algunos funcionarios tambi\u00e9n esperaban que Ratcliffe advirtiera sobre los <strong>ataques h\u00edbridos rusos contra pa\u00edses de la OTAN<\/strong>, pero no insisti\u00f3 sobre ese asunto, dijeron varios funcionarios que solicitaron permanecer en el anonimato debido a la sensibilidad de los temas.<\/p>\n<p class=\"com-paragraph --s\">El r\u00e1pido rechazo de Putin al mensaje de Ratcliffe qued\u00f3 en evidencia con los ataques con misiles casi ininterrumpidos contra Kiev de los \u00faltimos d\u00edas. Y el mi\u00e9rcoles rechaz\u00f3 alternativas al canal Kushner-Witkoff al afirmar: <strong>\u201cNos sentimos perfectamente c\u00f3modos trabajando con personas que conocemos bien y en quienes, en t\u00e9rminos generales, confiamos: personas cercanas al presidente Trump\u201d.<\/strong><\/p>\n<p class=\"com-paragraph --s\">Frente a un Putin implacable y una poblaci\u00f3n ucraniana que pasa cada vez m\u00e1s tiempo refugiada en b\u00fankeres, el presidente de Ucrania, Volodimir Zelensky, amenaz\u00f3 esta semana con su propia escalada. \u201cQueremos advertir a todas las aerol\u00edneas que utilizan el espacio a\u00e9reo ruso, a todas las aseguradoras y a todos los que todav\u00eda usan los principales aeropuertos de Rusia [que] el espacio a\u00e9reo ruso se est\u00e1 volviendo completamente inseguro\u201d debido a los drones ucranianos. Putin denunci\u00f3 inmediatamente esa amenaza como <strong>\u201cterrorismo de Estado\u201d.<\/strong><\/p>\n<div class=\"content-media\">\n<section role=\"button\" class=\"mod-media   \">\n<figure role=\"button\" tabindex=\"0\" class=\"mod-figure \"><figcaption class=\"mod-figcaption\"><span class=\"com-text --caption --twoxs\">El presidente de Ucrania, Volodimir Zelensky<\/span><span class=\"com-text --credit --twoxs\">Alex Brandon &#8211; AP<\/span><\/figcaption><\/figure>\n<\/section>\n<\/div>\n<p class=\"com-paragraph --s\">Lo que vuelve tan peligrosa la situaci\u00f3n actual es que Putin intenta claramente recuperar la iniciativa mediante ataques contra los pa\u00edses europeos que se convirtieron en los principales proveedores de armas de Ucrania. En abril, el Ministerio de Defensa ruso public\u00f3 los nombres y las direcciones de 21 empresas europeas que, seg\u00fan afirm\u00f3, produc\u00edan drones o componentes para Kiev, y funcionarios advirtieron que eran \u201cobjetivos potenciales\u201d.<\/p>\n<p class=\"com-paragraph --s\">A esos se\u00f1alamientos les siguieron ataques rusos contra proveedores europeos de armamento. Un resumen publicado la semana pasada por The Daily Telegraph mencion\u00f3 ataques de sabotaje ocurridos en agosto contra Milrem Robotics, en Estonia, que suministra drones a Ucrania; EMCO, en Bulgaria, que vende proyectiles de artiller\u00eda de 155 mil\u00edmetros; y KNDS Ammo, en Italia, que proporciona municiones. Muchos de estos ataques fueron ejecutados por<strong> bandas criminales locales,<\/strong> lo que permiti\u00f3 evitar huellas que pudieran conducir al GRU, la inteligencia militar rusa.<\/p>\n<p class=\"com-paragraph --s\">Alemania acus\u00f3 esta semana a Rusia de un ataque con drones ocurrido el 4 de agosto contra un avi\u00f3n de carga ucraniano en el aeropuerto de Leipzig\/Halle y de otros dos intentos de ataques con drones. El ministro de Relaciones Exteriores alem\u00e1n afirm\u00f3 que el ataque de Leipzig era parte de \u201cuna larga cadena\u201d de ataques rusos, mientras que el ministro del Interior se\u00f1al\u00f3: \u201cSomos el blanco diario de una guerra h\u00edbrida\u201d. Alemania adopt\u00f3 medidas diplom\u00e1ticas contra Rusia y advirti\u00f3 que reforzar\u00eda la vigilancia sobre la llamada flota fantasma que exporta petr\u00f3leo ruso en secreto.<\/p>\n<div class=\"content-media\">\n<section role=\"button\" class=\"mod-media   \">\n<figure role=\"button\" tabindex=\"0\" class=\"mod-figure \"><figcaption class=\"mod-figcaption\"><span class=\"com-text --caption --twoxs\">Un lugar alcanzado por un bombardeo ruso en Pechenihy, regi\u00f3n de Kharkiv<\/span><span class=\"com-text --credit --twoxs\">Ukrainian Emergency Service<\/span><\/figcaption><\/figure>\n<\/section>\n<\/div>\n<p class=\"com-paragraph --s\">Gran Breta\u00f1a, que afronta desde hace m\u00e1s de un a\u00f1o actos rusos de sabotaje e incendios provocados, impuls\u00f3 una respuesta m\u00e1s contundente. Andy Burnham, el nuevo primer ministro brit\u00e1nico, visit\u00f3 Kiev la semana pasada y anunci\u00f3 que Gran Breta\u00f1a se sumar\u00eda a Francia para ayudar a Ucrania a fabricar un avanzado misil de crucero, conocido en el Reino Unido como Storm Shadow y en Francia como SCALP. Un vocero del Kremlin afirm\u00f3 que Gran Breta\u00f1a estaba <strong>\u201cempe\u00f1ada en echar combustible al fuego\u201d<\/strong>, a lo que Burnham respondi\u00f3: \u201c\u00bfQui\u00e9n inici\u00f3 el incendio?\u201d.<\/p>\n<p class=\"com-paragraph --s\">Mientras Europa y Rusia suben los pelda\u00f1os de la escalada, \u00bfqu\u00e9 puede hacer Estados Unidos para evitar una cat\u00e1strofe? La respuesta es simple: Estados Unidos deber\u00eda volver a actuar como una superpotencia y como l\u00edder de la alianza transatl\u00e1ntica.<\/p>\n<p class=\"com-paragraph --s\">Estas son algunas medidas concretas que el gobierno de Trump podr\u00eda adoptar para disuadir a Putin y tranquilizar a los aliados europeos de Estados Unidos, basadas en mis conversaciones recientes con altos funcionarios militares y de inteligencia y con dirigentes pol\u00edticos.<\/p>\n<p class=\"com-paragraph --s\">Estados Unidos deber\u00eda, en primer lugar, emitir una declaraci\u00f3n conjunta con sus aliados europeos que advierta sin rodeos que la continuaci\u00f3n de los ataques patrocinados por el Kremlin contra pa\u00edses de la OTAN tendr\u00e1 consecuencias graves. Y si Putin contin\u00faa con sus ataques ininterrumpidos contra ciudades ucranianas, Estados Unidos y Europa deber\u00edan ayudar discretamente a Ucrania a realizar <strong>ataques proporcionales <\/strong>contra Rusia.<\/p>\n<div class=\"content-media\">\n<section role=\"button\" class=\"mod-media   \">\n<figure role=\"button\" tabindex=\"0\" class=\"mod-figure \"><figcaption class=\"mod-figcaption\"><span class=\"com-text --caption --twoxs\">Zelensky se re\u00fane con Trump al margen de la cumbre de la OTAN en el complejo presidencial de Bestepe, en Ankara<\/span><span class=\"com-text --credit --twoxs\">SAUL LOEB &#8211; AFP<\/span><\/figcaption><\/figure>\n<\/section>\n<\/div>\n<p class=\"com-paragraph --s\">Para reforzar la alianza de la OTAN, <strong>el Pent\u00e1gono deber\u00eda suspender de inmediato su revisi\u00f3n del despliegue militar estadounidense en Europa<\/strong>. Este no es el momento para debatir una retirada de tropas. Trump ya invoc\u00f3 la Ley de Producci\u00f3n para la Defensa con el objetivo de reconstruir el arsenal estadounidense. Parte de ese aumento de la producci\u00f3n deber\u00eda quedar disponible para que Europa y Ucrania puedan adquirirlo.<\/p>\n<p class=\"com-paragraph --s\">Y, por \u00faltimo, al fortalecer la posici\u00f3n de Ucrania y Europa, Trump deber\u00eda aprovechar esa mayor capacidad de presi\u00f3n para encontrar una salida a esta terrible guerra antes de que consuma al continente: alcanzar el alto el fuego y, finalmente, la paz que ha buscado acertadamente desde que asumi\u00f3 la presidencia.<\/p>\n<p class=\"com-paragraph --s\"><strong>El peligro de permitir que la situaci\u00f3n actual contin\u00fae no consiste solamente en fracasar a la hora de disuadir a Putin, sino tambi\u00e9n en perder cada vez m\u00e1s la capacidad de contener a unos aliados europeos que se sienten abandonados y cada vez m\u00e1s desesperados<\/strong>. La ventaja de la fuerza militar de Estados Unidos no reside \u00fanicamente en su capacidad para hacer la guerra, sino tambi\u00e9n en su capacidad para impedirla.<\/p>\n<section class=\"container-center-100 mb-40 border border-bottom border-thin border-neutral-light-700\">\n<hr\/>\n<\/section>\n<\/div>\n<p><script id=\"facebookpixel\" defer=\"\" type=\"text\/javascript\">\n        !function(f,b,e,v,n,t,s)\n        {if(f.fbq)return;n=f.fbq=function(){n.callMethod?\n        n.callMethod.apply(n,arguments):n.queue.push(arguments)};\n        if(!f._fbq)f._fbq=n;n.push=n;n.loaded=!0;n.version='2.0';\n        n.queue=[];t=b.createElement(e);t.async=!0;\n        t.src=v;s=b.getElementsByTagName(e)[0];\n        s.parentNode.insertBefore(t,s)}(window, document,'script',\n        'https:\/\/connect.facebook.net\/en_US\/fbevents.js');\n        fbq('init', '492459597522335');\n        fbq('track', 'PageView');\n    <\/script><br \/>\n<br \/><\/p>\n","protected":false},"excerpt":{"rendered":"<p>WASHINGTON.- Este es el escenario de un juego de guerra realizado el lunes por un grupo de actuales miembros del Congreso y exfuncionarios militares, diplom\u00e1ticos y de inteligencia de Estados Unidos. Estamos en 2028, la guerra en Ucrania sigue empantanada en un sangriento punto muerto y Rusia ve una oportunidad de fragmentar todav\u00eda m\u00e1s a [&hellip;]<\/p>\n","protected":false},"author":2,"featured_media":210439,"comment_status":"closed","ping_status":"closed","sticky":false,"template":"","format":"standard","meta":{"footnotes":""},"categories":[26],"tags":[],"class_list":["post-210438","post","type-post","status-publish","format-standard","has-post-thumbnail","hentry","category-internacionales"],"yoast_head":"<!-- This site is optimized with the Yoast SEO plugin v24.4 - https:\/\/yoast.com\/wordpress\/plugins\/seo\/ -->\n<title>La ausencia de Estados Unidos est\u00e1 propiciando la guerra que m\u00e1s teme Europa - GYS NOTICIAS |<\/title>\n<meta name=\"robots\" content=\"index, follow, max-snippet:-1, max-image-preview:large, max-video-preview:-1\" \/>\n<link rel=\"canonical\" href=\"https:\/\/gysfm.com.ar\/inicio\/la-ausencia-de-estados-unidos-esta-propiciando-la-guerra-que-mas-teme-europa\/\" \/>\n<meta property=\"og:locale\" content=\"es_ES\" \/>\n<meta property=\"og:type\" content=\"article\" \/>\n<meta property=\"og:title\" content=\"La ausencia de Estados Unidos est\u00e1 propiciando la guerra que m\u00e1s teme Europa - GYS NOTICIAS |\" \/>\n<meta property=\"og:description\" content=\"WASHINGTON.- Este es el escenario de un juego de guerra realizado el lunes por un grupo de actuales miembros del Congreso y exfuncionarios militares, diplom\u00e1ticos y de inteligencia de Estados Unidos. Estamos en 2028, la guerra en Ucrania sigue empantanada en un sangriento punto muerto y Rusia ve una oportunidad de fragmentar todav\u00eda m\u00e1s a [&hellip;]\" \/>\n<meta property=\"og:url\" content=\"https:\/\/gysfm.com.ar\/inicio\/la-ausencia-de-estados-unidos-esta-propiciando-la-guerra-que-mas-teme-europa\/\" \/>\n<meta property=\"og:site_name\" content=\"GYS NOTICIAS |\" \/>\n<meta property=\"article:published_time\" content=\"2026-09-04T16:54:23+00:00\" \/>\n<meta property=\"og:image\" content=\"https:\/\/gysfm.com.ar\/inicio\/wp-content\/uploads\/2026\/09\/el-militar-ucraniano-danyil-smyrnov-participa-en-FR5RONGOTJGKJKHRJM2K35QDQE.JPG\" \/>\n\t<meta property=\"og:image:width\" content=\"1200\" \/>\n\t<meta property=\"og:image:height\" content=\"800\" \/>\n\t<meta property=\"og:image:type\" content=\"image\/jpeg\" \/>\n<meta name=\"author\" content=\"Prensa G&amp;S FM\" \/>\n<meta name=\"twitter:card\" content=\"summary_large_image\" \/>\n<meta name=\"twitter:label1\" content=\"Escrito por\" \/>\n\t<meta name=\"twitter:data1\" content=\"Prensa G&amp;S FM\" \/>\n\t<meta name=\"twitter:label2\" content=\"Tiempo de lectura\" \/>\n\t<meta name=\"twitter:data2\" content=\"8 minutos\" \/>\n<script type=\"application\/ld+json\" class=\"yoast-schema-graph\">{\"@context\":\"https:\/\/schema.org\",\"@graph\":[{\"@type\":\"Article\",\"@id\":\"https:\/\/gysfm.com.ar\/inicio\/la-ausencia-de-estados-unidos-esta-propiciando-la-guerra-que-mas-teme-europa\/#article\",\"isPartOf\":{\"@id\":\"https:\/\/gysfm.com.ar\/inicio\/la-ausencia-de-estados-unidos-esta-propiciando-la-guerra-que-mas-teme-europa\/\"},\"author\":{\"name\":\"Prensa G&amp;S FM\",\"@id\":\"https:\/\/gysfm.com.ar\/inicio\/#\/schema\/person\/3abba7593ef2ad19e1be221d54383dc5\"},\"headline\":\"La ausencia de Estados Unidos est\u00e1 propiciando la guerra que m\u00e1s teme Europa\",\"datePublished\":\"2026-09-04T16:54:23+00:00\",\"mainEntityOfPage\":{\"@id\":\"https:\/\/gysfm.com.ar\/inicio\/la-ausencia-de-estados-unidos-esta-propiciando-la-guerra-que-mas-teme-europa\/\"},\"wordCount\":1653,\"publisher\":{\"@id\":\"https:\/\/gysfm.com.ar\/inicio\/#organization\"},\"image\":{\"@id\":\"https:\/\/gysfm.com.ar\/inicio\/la-ausencia-de-estados-unidos-esta-propiciando-la-guerra-que-mas-teme-europa\/#primaryimage\"},\"thumbnailUrl\":\"https:\/\/gysfm.com.ar\/inicio\/wp-content\/uploads\/2026\/09\/el-militar-ucraniano-danyil-smyrnov-participa-en-FR5RONGOTJGKJKHRJM2K35QDQE.JPG\",\"articleSection\":[\"INTERNACIONALES\"],\"inLanguage\":\"es\"},{\"@type\":\"WebPage\",\"@id\":\"https:\/\/gysfm.com.ar\/inicio\/la-ausencia-de-estados-unidos-esta-propiciando-la-guerra-que-mas-teme-europa\/\",\"url\":\"https:\/\/gysfm.com.ar\/inicio\/la-ausencia-de-estados-unidos-esta-propiciando-la-guerra-que-mas-teme-europa\/\",\"name\":\"La ausencia de Estados Unidos est\u00e1 propiciando la guerra que m\u00e1s teme Europa - GYS NOTICIAS |\",\"isPartOf\":{\"@id\":\"https:\/\/gysfm.com.ar\/inicio\/#website\"},\"primaryImageOfPage\":{\"@id\":\"https:\/\/gysfm.com.ar\/inicio\/la-ausencia-de-estados-unidos-esta-propiciando-la-guerra-que-mas-teme-europa\/#primaryimage\"},\"image\":{\"@id\":\"https:\/\/gysfm.com.ar\/inicio\/la-ausencia-de-estados-unidos-esta-propiciando-la-guerra-que-mas-teme-europa\/#primaryimage\"},\"thumbnailUrl\":\"https:\/\/gysfm.com.ar\/inicio\/wp-content\/uploads\/2026\/09\/el-militar-ucraniano-danyil-smyrnov-participa-en-FR5RONGOTJGKJKHRJM2K35QDQE.JPG\",\"datePublished\":\"2026-09-04T16:54:23+00:00\",\"breadcrumb\":{\"@id\":\"https:\/\/gysfm.com.ar\/inicio\/la-ausencia-de-estados-unidos-esta-propiciando-la-guerra-que-mas-teme-europa\/#breadcrumb\"},\"inLanguage\":\"es\",\"potentialAction\":[{\"@type\":\"ReadAction\",\"target\":[\"https:\/\/gysfm.com.ar\/inicio\/la-ausencia-de-estados-unidos-esta-propiciando-la-guerra-que-mas-teme-europa\/\"]}]},{\"@type\":\"ImageObject\",\"inLanguage\":\"es\",\"@id\":\"https:\/\/gysfm.com.ar\/inicio\/la-ausencia-de-estados-unidos-esta-propiciando-la-guerra-que-mas-teme-europa\/#primaryimage\",\"url\":\"https:\/\/gysfm.com.ar\/inicio\/wp-content\/uploads\/2026\/09\/el-militar-ucraniano-danyil-smyrnov-participa-en-FR5RONGOTJGKJKHRJM2K35QDQE.JPG\",\"contentUrl\":\"https:\/\/gysfm.com.ar\/inicio\/wp-content\/uploads\/2026\/09\/el-militar-ucraniano-danyil-smyrnov-participa-en-FR5RONGOTJGKJKHRJM2K35QDQE.JPG\",\"width\":1200,\"height\":800},{\"@type\":\"BreadcrumbList\",\"@id\":\"https:\/\/gysfm.com.ar\/inicio\/la-ausencia-de-estados-unidos-esta-propiciando-la-guerra-que-mas-teme-europa\/#breadcrumb\",\"itemListElement\":[{\"@type\":\"ListItem\",\"position\":1,\"name\":\"Portada\",\"item\":\"https:\/\/gysfm.com.ar\/inicio\/\"},{\"@type\":\"ListItem\",\"position\":2,\"name\":\"La ausencia de Estados Unidos est\u00e1 propiciando la guerra que m\u00e1s teme Europa\"}]},{\"@type\":\"WebSite\",\"@id\":\"https:\/\/gysfm.com.ar\/inicio\/#website\",\"url\":\"https:\/\/gysfm.com.ar\/inicio\/\",\"name\":\"GYS NOTICIAS |\",\"description\":\"DIARIO - RADIO ONLINE SAN JUAN ARGENTINA\",\"publisher\":{\"@id\":\"https:\/\/gysfm.com.ar\/inicio\/#organization\"},\"potentialAction\":[{\"@type\":\"SearchAction\",\"target\":{\"@type\":\"EntryPoint\",\"urlTemplate\":\"https:\/\/gysfm.com.ar\/inicio\/?s={search_term_string}\"},\"query-input\":{\"@type\":\"PropertyValueSpecification\",\"valueRequired\":true,\"valueName\":\"search_term_string\"}}],\"inLanguage\":\"es\"},{\"@type\":\"Organization\",\"@id\":\"https:\/\/gysfm.com.ar\/inicio\/#organization\",\"name\":\"GYS NOTICIAS |\",\"url\":\"https:\/\/gysfm.com.ar\/inicio\/\",\"logo\":{\"@type\":\"ImageObject\",\"inLanguage\":\"es\",\"@id\":\"https:\/\/gysfm.com.ar\/inicio\/#\/schema\/logo\/image\/\",\"url\":\"https:\/\/gysfm.com.ar\/inicio\/wp-content\/uploads\/2023\/07\/LOGOGYS-OK.png\",\"contentUrl\":\"https:\/\/gysfm.com.ar\/inicio\/wp-content\/uploads\/2023\/07\/LOGOGYS-OK.png\",\"width\":1170,\"height\":872,\"caption\":\"GYS NOTICIAS |\"},\"image\":{\"@id\":\"https:\/\/gysfm.com.ar\/inicio\/#\/schema\/logo\/image\/\"}},{\"@type\":\"Person\",\"@id\":\"https:\/\/gysfm.com.ar\/inicio\/#\/schema\/person\/3abba7593ef2ad19e1be221d54383dc5\",\"name\":\"Prensa G&amp;S FM\",\"image\":{\"@type\":\"ImageObject\",\"inLanguage\":\"es\",\"@id\":\"https:\/\/gysfm.com.ar\/inicio\/#\/schema\/person\/image\/\",\"url\":\"https:\/\/secure.gravatar.com\/avatar\/096ec78df02049ab018702bb4ccedf659377fa92a26540b5247612077a0dbd29?s=96&d=mm&r=g\",\"contentUrl\":\"https:\/\/secure.gravatar.com\/avatar\/096ec78df02049ab018702bb4ccedf659377fa92a26540b5247612077a0dbd29?s=96&d=mm&r=g\",\"caption\":\"Prensa G&amp;S FM\"},\"sameAs\":[\"https:\/\/gysfm.com.ar\/\"],\"url\":\"https:\/\/gysfm.com.ar\/inicio\/author\/lucasm\/\"}]}<\/script>\n<!-- \/ Yoast SEO plugin. -->","yoast_head_json":{"title":"La ausencia de Estados Unidos est\u00e1 propiciando la guerra que m\u00e1s teme Europa - GYS NOTICIAS |","robots":{"index":"index","follow":"follow","max-snippet":"max-snippet:-1","max-image-preview":"max-image-preview:large","max-video-preview":"max-video-preview:-1"},"canonical":"https:\/\/gysfm.com.ar\/inicio\/la-ausencia-de-estados-unidos-esta-propiciando-la-guerra-que-mas-teme-europa\/","og_locale":"es_ES","og_type":"article","og_title":"La ausencia de Estados Unidos est\u00e1 propiciando la guerra que m\u00e1s teme Europa - GYS NOTICIAS |","og_description":"WASHINGTON.- Este es el escenario de un juego de guerra realizado el lunes por un grupo de actuales miembros del Congreso y exfuncionarios militares, diplom\u00e1ticos y de inteligencia de Estados Unidos. Estamos en 2028, la guerra en Ucrania sigue empantanada en un sangriento punto muerto y Rusia ve una oportunidad de fragmentar todav\u00eda m\u00e1s a [&hellip;]","og_url":"https:\/\/gysfm.com.ar\/inicio\/la-ausencia-de-estados-unidos-esta-propiciando-la-guerra-que-mas-teme-europa\/","og_site_name":"GYS NOTICIAS |","article_published_time":"2026-09-04T16:54:23+00:00","og_image":[{"width":1200,"height":800,"url":"https:\/\/gysfm.com.ar\/inicio\/wp-content\/uploads\/2026\/09\/el-militar-ucraniano-danyil-smyrnov-participa-en-FR5RONGOTJGKJKHRJM2K35QDQE.JPG","type":"image\/jpeg"}],"author":"Prensa G&amp;S FM","twitter_card":"summary_large_image","twitter_misc":{"Escrito por":"Prensa G&amp;S FM","Tiempo de lectura":"8 minutos"},"schema":{"@context":"https:\/\/schema.org","@graph":[{"@type":"Article","@id":"https:\/\/gysfm.com.ar\/inicio\/la-ausencia-de-estados-unidos-esta-propiciando-la-guerra-que-mas-teme-europa\/#article","isPartOf":{"@id":"https:\/\/gysfm.com.ar\/inicio\/la-ausencia-de-estados-unidos-esta-propiciando-la-guerra-que-mas-teme-europa\/"},"author":{"name":"Prensa G&amp;S FM","@id":"https:\/\/gysfm.com.ar\/inicio\/#\/schema\/person\/3abba7593ef2ad19e1be221d54383dc5"},"headline":"La ausencia de Estados Unidos est\u00e1 propiciando la guerra que m\u00e1s teme Europa","datePublished":"2026-09-04T16:54:23+00:00","mainEntityOfPage":{"@id":"https:\/\/gysfm.com.ar\/inicio\/la-ausencia-de-estados-unidos-esta-propiciando-la-guerra-que-mas-teme-europa\/"},"wordCount":1653,"publisher":{"@id":"https:\/\/gysfm.com.ar\/inicio\/#organization"},"image":{"@id":"https:\/\/gysfm.com.ar\/inicio\/la-ausencia-de-estados-unidos-esta-propiciando-la-guerra-que-mas-teme-europa\/#primaryimage"},"thumbnailUrl":"https:\/\/gysfm.com.ar\/inicio\/wp-content\/uploads\/2026\/09\/el-militar-ucraniano-danyil-smyrnov-participa-en-FR5RONGOTJGKJKHRJM2K35QDQE.JPG","articleSection":["INTERNACIONALES"],"inLanguage":"es"},{"@type":"WebPage","@id":"https:\/\/gysfm.com.ar\/inicio\/la-ausencia-de-estados-unidos-esta-propiciando-la-guerra-que-mas-teme-europa\/","url":"https:\/\/gysfm.com.ar\/inicio\/la-ausencia-de-estados-unidos-esta-propiciando-la-guerra-que-mas-teme-europa\/","name":"La ausencia de Estados Unidos est\u00e1 propiciando la guerra que m\u00e1s teme Europa - GYS NOTICIAS |","isPartOf":{"@id":"https:\/\/gysfm.com.ar\/inicio\/#website"},"primaryImageOfPage":{"@id":"https:\/\/gysfm.com.ar\/inicio\/la-ausencia-de-estados-unidos-esta-propiciando-la-guerra-que-mas-teme-europa\/#primaryimage"},"image":{"@id":"https:\/\/gysfm.com.ar\/inicio\/la-ausencia-de-estados-unidos-esta-propiciando-la-guerra-que-mas-teme-europa\/#primaryimage"},"thumbnailUrl":"https:\/\/gysfm.com.ar\/inicio\/wp-content\/uploads\/2026\/09\/el-militar-ucraniano-danyil-smyrnov-participa-en-FR5RONGOTJGKJKHRJM2K35QDQE.JPG","datePublished":"2026-09-04T16:54:23+00:00","breadcrumb":{"@id":"https:\/\/gysfm.com.ar\/inicio\/la-ausencia-de-estados-unidos-esta-propiciando-la-guerra-que-mas-teme-europa\/#breadcrumb"},"inLanguage":"es","potentialAction":[{"@type":"ReadAction","target":["https:\/\/gysfm.com.ar\/inicio\/la-ausencia-de-estados-unidos-esta-propiciando-la-guerra-que-mas-teme-europa\/"]}]},{"@type":"ImageObject","inLanguage":"es","@id":"https:\/\/gysfm.com.ar\/inicio\/la-ausencia-de-estados-unidos-esta-propiciando-la-guerra-que-mas-teme-europa\/#primaryimage","url":"https:\/\/gysfm.com.ar\/inicio\/wp-content\/uploads\/2026\/09\/el-militar-ucraniano-danyil-smyrnov-participa-en-FR5RONGOTJGKJKHRJM2K35QDQE.JPG","contentUrl":"https:\/\/gysfm.com.ar\/inicio\/wp-content\/uploads\/2026\/09\/el-militar-ucraniano-danyil-smyrnov-participa-en-FR5RONGOTJGKJKHRJM2K35QDQE.JPG","width":1200,"height":800},{"@type":"BreadcrumbList","@id":"https:\/\/gysfm.com.ar\/inicio\/la-ausencia-de-estados-unidos-esta-propiciando-la-guerra-que-mas-teme-europa\/#breadcrumb","itemListElement":[{"@type":"ListItem","position":1,"name":"Portada","item":"https:\/\/gysfm.com.ar\/inicio\/"},{"@type":"ListItem","position":2,"name":"La ausencia de Estados Unidos est\u00e1 propiciando la guerra que m\u00e1s teme Europa"}]},{"@type":"WebSite","@id":"https:\/\/gysfm.com.ar\/inicio\/#website","url":"https:\/\/gysfm.com.ar\/inicio\/","name":"GYS NOTICIAS |","description":"DIARIO - RADIO ONLINE SAN JUAN ARGENTINA","publisher":{"@id":"https:\/\/gysfm.com.ar\/inicio\/#organization"},"potentialAction":[{"@type":"SearchAction","target":{"@type":"EntryPoint","urlTemplate":"https:\/\/gysfm.com.ar\/inicio\/?s={search_term_string}"},"query-input":{"@type":"PropertyValueSpecification","valueRequired":true,"valueName":"search_term_string"}}],"inLanguage":"es"},{"@type":"Organization","@id":"https:\/\/gysfm.com.ar\/inicio\/#organization","name":"GYS NOTICIAS |","url":"https:\/\/gysfm.com.ar\/inicio\/","logo":{"@type":"ImageObject","inLanguage":"es","@id":"https:\/\/gysfm.com.ar\/inicio\/#\/schema\/logo\/image\/","url":"https:\/\/gysfm.com.ar\/inicio\/wp-content\/uploads\/2023\/07\/LOGOGYS-OK.png","contentUrl":"https:\/\/gysfm.com.ar\/inicio\/wp-content\/uploads\/2023\/07\/LOGOGYS-OK.png","width":1170,"height":872,"caption":"GYS NOTICIAS |"},"image":{"@id":"https:\/\/gysfm.com.ar\/inicio\/#\/schema\/logo\/image\/"}},{"@type":"Person","@id":"https:\/\/gysfm.com.ar\/inicio\/#\/schema\/person\/3abba7593ef2ad19e1be221d54383dc5","name":"Prensa G&amp;S FM","image":{"@type":"ImageObject","inLanguage":"es","@id":"https:\/\/gysfm.com.ar\/inicio\/#\/schema\/person\/image\/","url":"https:\/\/secure.gravatar.com\/avatar\/096ec78df02049ab018702bb4ccedf659377fa92a26540b5247612077a0dbd29?s=96&d=mm&r=g","contentUrl":"https:\/\/secure.gravatar.com\/avatar\/096ec78df02049ab018702bb4ccedf659377fa92a26540b5247612077a0dbd29?s=96&d=mm&r=g","caption":"Prensa G&amp;S FM"},"sameAs":["https:\/\/gysfm.com.ar\/"],"url":"https:\/\/gysfm.com.ar\/inicio\/author\/lucasm\/"}]}},"_links":{"self":[{"href":"https:\/\/gysfm.com.ar\/inicio\/wp-json\/wp\/v2\/posts\/210438","targetHints":{"allow":["GET"]}}],"collection":[{"href":"https:\/\/gysfm.com.ar\/inicio\/wp-json\/wp\/v2\/posts"}],"about":[{"href":"https:\/\/gysfm.com.ar\/inicio\/wp-json\/wp\/v2\/types\/post"}],"author":[{"embeddable":true,"href":"https:\/\/gysfm.com.ar\/inicio\/wp-json\/wp\/v2\/users\/2"}],"replies":[{"embeddable":true,"href":"https:\/\/gysfm.com.ar\/inicio\/wp-json\/wp\/v2\/comments?post=210438"}],"version-history":[{"count":1,"href":"https:\/\/gysfm.com.ar\/inicio\/wp-json\/wp\/v2\/posts\/210438\/revisions"}],"predecessor-version":[{"id":210440,"href":"https:\/\/gysfm.com.ar\/inicio\/wp-json\/wp\/v2\/posts\/210438\/revisions\/210440"}],"wp:featuredmedia":[{"embeddable":true,"href":"https:\/\/gysfm.com.ar\/inicio\/wp-json\/wp\/v2\/media\/210439"}],"wp:attachment":[{"href":"https:\/\/gysfm.com.ar\/inicio\/wp-json\/wp\/v2\/media?parent=210438"}],"wp:term":[{"taxonomy":"category","embeddable":true,"href":"https:\/\/gysfm.com.ar\/inicio\/wp-json\/wp\/v2\/categories?post=210438"},{"taxonomy":"post_tag","embeddable":true,"href":"https:\/\/gysfm.com.ar\/inicio\/wp-json\/wp\/v2\/tags?post=210438"}],"curies":[{"name":"wp","href":"https:\/\/api.w.org\/{rel}","templated":true}]}}