{"id":210434,"date":"2026-09-04T13:18:07","date_gmt":"2026-09-04T16:18:07","guid":{"rendered":"https:\/\/gysfm.com.ar\/inicio\/preparan-una-ronda-de-negocios-en-punta-arenas-para-impulsar-una-cadena-de-suministros-a-las-islas\/"},"modified":"2026-09-04T13:18:07","modified_gmt":"2026-09-04T16:18:07","slug":"preparan-una-ronda-de-negocios-en-punta-arenas-para-impulsar-una-cadena-de-suministros-a-las-islas","status":"publish","type":"post","link":"https:\/\/gysfm.com.ar\/inicio\/preparan-una-ronda-de-negocios-en-punta-arenas-para-impulsar-una-cadena-de-suministros-a-las-islas\/","title":{"rendered":"preparan una ronda de negocios en Punta Arenas para impulsar una cadena de suministros a las islas"},"content":{"rendered":"<p> <br \/>\n<\/p>\n<div id=\"\">\n<p id=\"p-1788523869157-13845\">El anuncio del presidente<strong> Javier Milei<\/strong> acerca de que sancionar\u00e1 a empresas que planeen explotar recursos naturales en las <strong>Islas Malvinas<\/strong> volvi\u00f3 a poner sobre la lupa la reuni\u00f3n que tendr\u00e1n a fin de mes las <strong>autoridades brit\u00e1nicas en las islas<\/strong> con el gobierno de <strong>Punta Arenas<\/strong>, ciudad capital de la <strong>Regi\u00f3n de Magallanes en Chile<\/strong>. El objetivo es crear una cadena de suministro para sostener la infraestructura que requerir\u00e1 el desarrollo petrolero del yacimiento <strong>Sea Lion<\/strong> que lanzar\u00e1 el gobierno kelper.<\/p>\n<\/div>\n<div id=\"\">\n<p id=\"p-1788524635195-46412\">El proyecto contempla transportar alimentos, gas licuado, repuestos, materiales de construcci\u00f3n y otros insumos necesarios por parte de la petrolera israel\u00ed <strong>Navitas Petroleum<\/strong> y la brit\u00e1nica<strong> Rockhopper Exploration<\/strong>, que se encuentran en aguas cuya soberan\u00eda es disputada por la Argentina.<\/p>\n<\/div>\n<div id=\"\">\n<p id=\"p-1788523651146-17133\"> La <strong>explotaci\u00f3n offshore<\/strong> en Malvinas es un proyecto energ\u00e9tico que podr\u00eda generar una nueva infraestructura log\u00edstica alrededor de las islas, con proveedores, transporte mar\u00edtimo, construcci\u00f3n, abastecimiento y servicios especializados. Por ese motivo, la naviera chilena <strong>Easter Island Line <\/strong>y sectores pol\u00edticos de Magallanes avanzan en una iniciativa destinada a restablecer una conexi\u00f3n mar\u00edtima directa con las Malvinas.<\/p>\n<\/div>\n<div id=\"\">\n<p id=\"p-1788525161180-88630\">El objetivo es transformar a<strong> Punta Arenas<\/strong> en un centro de abastecimiento para el desarrollo petrolero de <strong>Sea Lion<\/strong>, aprovechando la cercan\u00eda geogr\u00e1fica: la distancia mar\u00edtima desde Chile es aproximadamente la mitad de la existente entre las islas y Montevideo \u2014la \u00fanica conexi\u00f3n mar\u00edtima con Sudam\u00e9rica\u2014.<\/p>\n<\/div>\n<div id=\"\">\n<p id=\"p-1788525139664-34227\">Por ese motivo, habr\u00e1 rueda de negocios prevista para el 28 y 29 de septiembre de 2026 en <strong>Punta Arenas <\/strong>que buscar\u00e1 avanzar en la conformaci\u00f3n concreta de esa cadena de suministros.<\/p>\n<\/div>\n<div id=\"\">\n<div contenteditable=\"false\" class=\"embed_cont type_imagen\" id=\"7581407-Libre-1378449051_wrap\">\n<div id=\"7581407-Libre-1378449051_content\" class=\"embed_content\"><img src=\"https:\/\/media.ambito.com\/p\/4af5c30c0415b22c1c65e2a8958eb4a6\/adjuntos\/239\/imagenes\/039\/367\/0039367449\/730x0\/846x509:866x529\/sea-lionwebp.png\" decoding=\"async\" fetchpriority=\"low\" loading=\"lazy\" alt=\"\" title=\"\" width=\"730\" height=\"undefined\" id=\"7581407-Libre-1378449051_embed\"\/><\/div><\/div>\n<h2 id=\"p-1788526499056-34824\">Los intereses de Punta Arenas y los kelpers<\/h2>\n<p id=\"p-1788525263415-16791\">El <strong>alcalde de Punta Arenas<\/strong>, <strong>Claudio Radonich<\/strong>, es uno de los <strong>principales impulsores<\/strong> de la iniciativa. En declaraciones al diario El Mercurio, afirm\u00f3 que la econom\u00eda magall\u00e1nica perdi\u00f3 unos u$s300 millones desde que una declaraci\u00f3n del Mercosur de 2011 -respaldada por Chile- prohibi\u00f3 la recalada de barcos con bandera de esas islas en puertos de los pa\u00edses firmantes.<\/p>\n<p id=\"p-1788525432950-67085\">Seg\u00fan Radonich, la Corporaci\u00f3n de Desarrollo de Islas Malvinas (FIDC, por sus siglas en ingl\u00e9s) ya cerr\u00f3 un contrato con la naviera Eastern Island y que <strong>el primer viaje se realizar\u00e1 en noviembre<\/strong>. El poder de compra de las islas ser\u00eda de u$s20 millones anuales, adelant\u00f3 el funcionario chileno, que <strong>descart\u00f3 alg\u00fan conflicto con la declaraci\u00f3n del Mercosur de 2011<\/strong>, porque el barco tendr\u00eda <strong>\u00abotra bandera\u00bb<\/strong>.<\/p>\n<p id=\"p-1788525816350-629\">En un comunicado de julio, el gerente de proyectos estrat\u00e9gicos de la <strong>FIDC, Sam Cockwell<\/strong>, se\u00f1al\u00f3 que<strong> \u00abexiste un claro inter\u00e9s por parte de Chile en restablecer una conexi\u00f3n mar\u00edtima comercial con las Islas Malvinas\u00bb<\/strong>. Adem\u00e1s, sostuvo que la visita de Easter Island y la <strong>\u00abrespuesta positiva\u00bb<\/strong> de la comunidad empresarial de las islas \u00abdemuestran claramente la seriedad con la que se est\u00e1 trabajando en este proyecto\u00bb.<\/p>\n<p id=\"p-1788526364326-39993\">Por su parte, <strong>Zachary Franklin<\/strong>, director general de la FIDC afirm\u00f3 que en ese mismo comunicado que \u201cla visita de una delegaci\u00f3n empresarial de Chile y la visita de la delegaci\u00f3n encabezada por la <strong>FIDC<\/strong> a <strong>Punta Arenas <\/strong>y <strong>Santiago<\/strong> realmente aceleraron el impulso para convertir esto de una simple \u2018buena idea\u2019 en una oportunidad real\u201d,<\/p>\n<p id=\"p-1788526343368-57248\">Para la Argentina el problema es que <strong>la explotaci\u00f3n petrolera crear\u00e1 un corredor log\u00edstico regional<\/strong> estable alrededor de las islas, con participaci\u00f3n de empresas chilenas y brit\u00e1nicas.<\/p>\n<\/p><\/div>\n<p><script>\n!function(f,b,e,v,n,t,s)\n{if(f.fbq)return;n=f.fbq=function(){n.callMethod?\nn.callMethod.apply(n,arguments):n.queue.push(arguments)};\nif(!f._fbq)f._fbq=n;n.push=n;n.loaded=!0;n.version='2.0';\nn.queue=[];t=b.createElement(e);t.async=!0;\nt.src=v;s=b.getElementsByTagName(e)[0];\ns.parentNode.insertBefore(t,s)}(window,document,'script',\n'https:\/\/connect.facebook.net\/en_US\/fbevents.js');\nfbq('init', '2047048335588113');\nfbq('track', 'PageView');\n<\/script><br \/>\n<br \/><\/p>\n","protected":false},"excerpt":{"rendered":"<p>El anuncio del presidente Javier Milei acerca de que sancionar\u00e1 a empresas que planeen explotar recursos naturales en las Islas Malvinas volvi\u00f3 a poner sobre la lupa la reuni\u00f3n que tendr\u00e1n a fin de mes las autoridades brit\u00e1nicas en las islas con el gobierno de Punta Arenas, ciudad capital de la Regi\u00f3n de Magallanes en [&hellip;]<\/p>\n","protected":false},"author":1,"featured_media":210435,"comment_status":"closed","ping_status":"closed","sticky":false,"template":"","format":"standard","meta":{"footnotes":""},"categories":[28],"tags":[],"class_list":["post-210434","post","type-post","status-publish","format-standard","has-post-thumbnail","hentry","category-economia"],"yoast_head":"<!-- This site is optimized with the Yoast SEO plugin v24.4 - https:\/\/yoast.com\/wordpress\/plugins\/seo\/ -->\n<title>preparan una ronda de negocios en Punta Arenas para impulsar una cadena de suministros a las islas - GYS NOTICIAS |<\/title>\n<meta name=\"robots\" content=\"index, follow, max-snippet:-1, max-image-preview:large, max-video-preview:-1\" \/>\n<link rel=\"canonical\" href=\"https:\/\/gysfm.com.ar\/inicio\/preparan-una-ronda-de-negocios-en-punta-arenas-para-impulsar-una-cadena-de-suministros-a-las-islas\/\" \/>\n<meta property=\"og:locale\" content=\"es_ES\" \/>\n<meta property=\"og:type\" content=\"article\" \/>\n<meta property=\"og:title\" content=\"preparan una ronda de negocios en Punta Arenas para impulsar una cadena de suministros a las islas - GYS NOTICIAS |\" \/>\n<meta property=\"og:description\" content=\"El anuncio del presidente Javier Milei acerca de que sancionar\u00e1 a empresas que planeen explotar recursos naturales en las Islas Malvinas volvi\u00f3 a poner sobre la lupa la reuni\u00f3n que tendr\u00e1n a fin de mes las autoridades brit\u00e1nicas en las islas con el gobierno de Punta Arenas, ciudad capital de la Regi\u00f3n de Magallanes en [&hellip;]\" \/>\n<meta property=\"og:url\" content=\"https:\/\/gysfm.com.ar\/inicio\/preparan-una-ronda-de-negocios-en-punta-arenas-para-impulsar-una-cadena-de-suministros-a-las-islas\/\" \/>\n<meta property=\"og:site_name\" content=\"GYS NOTICIAS |\" \/>\n<meta property=\"article:published_time\" content=\"2026-09-04T16:18:07+00:00\" \/>\n<meta property=\"og:image\" content=\"https:\/\/media.ambito.com\/p\/4af5c30c0415b22c1c65e2a8958eb4a6\/adjuntos\/239\/imagenes\/039\/367\/0039367449\/730x0\/846x509:866x529\/sea-lionwebp.png\" \/>\n<meta name=\"author\" content=\"admin\" \/>\n<meta name=\"twitter:card\" content=\"summary_large_image\" \/>\n<meta name=\"twitter:label1\" content=\"Escrito por\" \/>\n\t<meta name=\"twitter:data1\" content=\"admin\" \/>\n\t<meta name=\"twitter:label2\" content=\"Tiempo de lectura\" \/>\n\t<meta name=\"twitter:data2\" content=\"3 minutos\" \/>\n<script type=\"application\/ld+json\" class=\"yoast-schema-graph\">{\"@context\":\"https:\/\/schema.org\",\"@graph\":[{\"@type\":\"Article\",\"@id\":\"https:\/\/gysfm.com.ar\/inicio\/preparan-una-ronda-de-negocios-en-punta-arenas-para-impulsar-una-cadena-de-suministros-a-las-islas\/#article\",\"isPartOf\":{\"@id\":\"https:\/\/gysfm.com.ar\/inicio\/preparan-una-ronda-de-negocios-en-punta-arenas-para-impulsar-una-cadena-de-suministros-a-las-islas\/\"},\"author\":{\"name\":\"admin\",\"@id\":\"https:\/\/gysfm.com.ar\/inicio\/#\/schema\/person\/5bedd7ecd35cc35548d89effafa23696\"},\"headline\":\"preparan una ronda de negocios en Punta Arenas para impulsar una cadena de suministros a las islas\",\"datePublished\":\"2026-09-04T16:18:07+00:00\",\"mainEntityOfPage\":{\"@id\":\"https:\/\/gysfm.com.ar\/inicio\/preparan-una-ronda-de-negocios-en-punta-arenas-para-impulsar-una-cadena-de-suministros-a-las-islas\/\"},\"wordCount\":601,\"publisher\":{\"@id\":\"https:\/\/gysfm.com.ar\/inicio\/#organization\"},\"image\":{\"@id\":\"https:\/\/gysfm.com.ar\/inicio\/preparan-una-ronda-de-negocios-en-punta-arenas-para-impulsar-una-cadena-de-suministros-a-las-islas\/#primaryimage\"},\"thumbnailUrl\":\"https:\/\/gysfm.com.ar\/inicio\/wp-content\/uploads\/2026\/09\/malvinasjpg.jpg\",\"articleSection\":[\"ECONOMIA\"],\"inLanguage\":\"es\"},{\"@type\":\"WebPage\",\"@id\":\"https:\/\/gysfm.com.ar\/inicio\/preparan-una-ronda-de-negocios-en-punta-arenas-para-impulsar-una-cadena-de-suministros-a-las-islas\/\",\"url\":\"https:\/\/gysfm.com.ar\/inicio\/preparan-una-ronda-de-negocios-en-punta-arenas-para-impulsar-una-cadena-de-suministros-a-las-islas\/\",\"name\":\"preparan una ronda de negocios en Punta Arenas para impulsar una cadena de suministros a las islas - GYS NOTICIAS |\",\"isPartOf\":{\"@id\":\"https:\/\/gysfm.com.ar\/inicio\/#website\"},\"primaryImageOfPage\":{\"@id\":\"https:\/\/gysfm.com.ar\/inicio\/preparan-una-ronda-de-negocios-en-punta-arenas-para-impulsar-una-cadena-de-suministros-a-las-islas\/#primaryimage\"},\"image\":{\"@id\":\"https:\/\/gysfm.com.ar\/inicio\/preparan-una-ronda-de-negocios-en-punta-arenas-para-impulsar-una-cadena-de-suministros-a-las-islas\/#primaryimage\"},\"thumbnailUrl\":\"https:\/\/gysfm.com.ar\/inicio\/wp-content\/uploads\/2026\/09\/malvinasjpg.jpg\",\"datePublished\":\"2026-09-04T16:18:07+00:00\",\"breadcrumb\":{\"@id\":\"https:\/\/gysfm.com.ar\/inicio\/preparan-una-ronda-de-negocios-en-punta-arenas-para-impulsar-una-cadena-de-suministros-a-las-islas\/#breadcrumb\"},\"inLanguage\":\"es\",\"potentialAction\":[{\"@type\":\"ReadAction\",\"target\":[\"https:\/\/gysfm.com.ar\/inicio\/preparan-una-ronda-de-negocios-en-punta-arenas-para-impulsar-una-cadena-de-suministros-a-las-islas\/\"]}]},{\"@type\":\"ImageObject\",\"inLanguage\":\"es\",\"@id\":\"https:\/\/gysfm.com.ar\/inicio\/preparan-una-ronda-de-negocios-en-punta-arenas-para-impulsar-una-cadena-de-suministros-a-las-islas\/#primaryimage\",\"url\":\"https:\/\/gysfm.com.ar\/inicio\/wp-content\/uploads\/2026\/09\/malvinasjpg.jpg\",\"contentUrl\":\"https:\/\/gysfm.com.ar\/inicio\/wp-content\/uploads\/2026\/09\/malvinasjpg.jpg\",\"width\":1200,\"height\":675},{\"@type\":\"BreadcrumbList\",\"@id\":\"https:\/\/gysfm.com.ar\/inicio\/preparan-una-ronda-de-negocios-en-punta-arenas-para-impulsar-una-cadena-de-suministros-a-las-islas\/#breadcrumb\",\"itemListElement\":[{\"@type\":\"ListItem\",\"position\":1,\"name\":\"Portada\",\"item\":\"https:\/\/gysfm.com.ar\/inicio\/\"},{\"@type\":\"ListItem\",\"position\":2,\"name\":\"preparan una ronda de negocios en Punta Arenas para impulsar una cadena de suministros a las islas\"}]},{\"@type\":\"WebSite\",\"@id\":\"https:\/\/gysfm.com.ar\/inicio\/#website\",\"url\":\"https:\/\/gysfm.com.ar\/inicio\/\",\"name\":\"GYS NOTICIAS |\",\"description\":\"DIARIO - RADIO ONLINE SAN JUAN ARGENTINA\",\"publisher\":{\"@id\":\"https:\/\/gysfm.com.ar\/inicio\/#organization\"},\"potentialAction\":[{\"@type\":\"SearchAction\",\"target\":{\"@type\":\"EntryPoint\",\"urlTemplate\":\"https:\/\/gysfm.com.ar\/inicio\/?s={search_term_string}\"},\"query-input\":{\"@type\":\"PropertyValueSpecification\",\"valueRequired\":true,\"valueName\":\"search_term_string\"}}],\"inLanguage\":\"es\"},{\"@type\":\"Organization\",\"@id\":\"https:\/\/gysfm.com.ar\/inicio\/#organization\",\"name\":\"GYS NOTICIAS |\",\"url\":\"https:\/\/gysfm.com.ar\/inicio\/\",\"logo\":{\"@type\":\"ImageObject\",\"inLanguage\":\"es\",\"@id\":\"https:\/\/gysfm.com.ar\/inicio\/#\/schema\/logo\/image\/\",\"url\":\"https:\/\/gysfm.com.ar\/inicio\/wp-content\/uploads\/2023\/07\/LOGOGYS-OK.png\",\"contentUrl\":\"https:\/\/gysfm.com.ar\/inicio\/wp-content\/uploads\/2023\/07\/LOGOGYS-OK.png\",\"width\":1170,\"height\":872,\"caption\":\"GYS NOTICIAS |\"},\"image\":{\"@id\":\"https:\/\/gysfm.com.ar\/inicio\/#\/schema\/logo\/image\/\"}},{\"@type\":\"Person\",\"@id\":\"https:\/\/gysfm.com.ar\/inicio\/#\/schema\/person\/5bedd7ecd35cc35548d89effafa23696\",\"name\":\"admin\",\"image\":{\"@type\":\"ImageObject\",\"inLanguage\":\"es\",\"@id\":\"https:\/\/gysfm.com.ar\/inicio\/#\/schema\/person\/image\/\",\"url\":\"https:\/\/secure.gravatar.com\/avatar\/c331d312b5243fb64d5ba28108a447b27c925295129a363082c9ea52c28d32c2?s=96&d=mm&r=g\",\"contentUrl\":\"https:\/\/secure.gravatar.com\/avatar\/c331d312b5243fb64d5ba28108a447b27c925295129a363082c9ea52c28d32c2?s=96&d=mm&r=g\",\"caption\":\"admin\"},\"sameAs\":[\"https:\/\/gysfm.com.ar\/inicio\"],\"url\":\"https:\/\/gysfm.com.ar\/inicio\/author\/admin\/\"}]}<\/script>\n<!-- \/ Yoast SEO plugin. -->","yoast_head_json":{"title":"preparan una ronda de negocios en Punta Arenas para impulsar una cadena de suministros a las islas - GYS NOTICIAS |","robots":{"index":"index","follow":"follow","max-snippet":"max-snippet:-1","max-image-preview":"max-image-preview:large","max-video-preview":"max-video-preview:-1"},"canonical":"https:\/\/gysfm.com.ar\/inicio\/preparan-una-ronda-de-negocios-en-punta-arenas-para-impulsar-una-cadena-de-suministros-a-las-islas\/","og_locale":"es_ES","og_type":"article","og_title":"preparan una ronda de negocios en Punta Arenas para impulsar una cadena de suministros a las islas - GYS NOTICIAS |","og_description":"El anuncio del presidente Javier Milei acerca de que sancionar\u00e1 a empresas que planeen explotar recursos naturales en las Islas Malvinas volvi\u00f3 a poner sobre la lupa la reuni\u00f3n que tendr\u00e1n a fin de mes las autoridades brit\u00e1nicas en las islas con el gobierno de Punta Arenas, ciudad capital de la Regi\u00f3n de Magallanes en [&hellip;]","og_url":"https:\/\/gysfm.com.ar\/inicio\/preparan-una-ronda-de-negocios-en-punta-arenas-para-impulsar-una-cadena-de-suministros-a-las-islas\/","og_site_name":"GYS NOTICIAS |","article_published_time":"2026-09-04T16:18:07+00:00","og_image":[{"url":"https:\/\/media.ambito.com\/p\/4af5c30c0415b22c1c65e2a8958eb4a6\/adjuntos\/239\/imagenes\/039\/367\/0039367449\/730x0\/846x509:866x529\/sea-lionwebp.png","type":"","width":"","height":""}],"author":"admin","twitter_card":"summary_large_image","twitter_misc":{"Escrito por":"admin","Tiempo de lectura":"3 minutos"},"schema":{"@context":"https:\/\/schema.org","@graph":[{"@type":"Article","@id":"https:\/\/gysfm.com.ar\/inicio\/preparan-una-ronda-de-negocios-en-punta-arenas-para-impulsar-una-cadena-de-suministros-a-las-islas\/#article","isPartOf":{"@id":"https:\/\/gysfm.com.ar\/inicio\/preparan-una-ronda-de-negocios-en-punta-arenas-para-impulsar-una-cadena-de-suministros-a-las-islas\/"},"author":{"name":"admin","@id":"https:\/\/gysfm.com.ar\/inicio\/#\/schema\/person\/5bedd7ecd35cc35548d89effafa23696"},"headline":"preparan una ronda de negocios en Punta Arenas para impulsar una cadena de suministros a las islas","datePublished":"2026-09-04T16:18:07+00:00","mainEntityOfPage":{"@id":"https:\/\/gysfm.com.ar\/inicio\/preparan-una-ronda-de-negocios-en-punta-arenas-para-impulsar-una-cadena-de-suministros-a-las-islas\/"},"wordCount":601,"publisher":{"@id":"https:\/\/gysfm.com.ar\/inicio\/#organization"},"image":{"@id":"https:\/\/gysfm.com.ar\/inicio\/preparan-una-ronda-de-negocios-en-punta-arenas-para-impulsar-una-cadena-de-suministros-a-las-islas\/#primaryimage"},"thumbnailUrl":"https:\/\/gysfm.com.ar\/inicio\/wp-content\/uploads\/2026\/09\/malvinasjpg.jpg","articleSection":["ECONOMIA"],"inLanguage":"es"},{"@type":"WebPage","@id":"https:\/\/gysfm.com.ar\/inicio\/preparan-una-ronda-de-negocios-en-punta-arenas-para-impulsar-una-cadena-de-suministros-a-las-islas\/","url":"https:\/\/gysfm.com.ar\/inicio\/preparan-una-ronda-de-negocios-en-punta-arenas-para-impulsar-una-cadena-de-suministros-a-las-islas\/","name":"preparan una ronda de negocios en Punta Arenas para impulsar una cadena de suministros a las islas - GYS NOTICIAS |","isPartOf":{"@id":"https:\/\/gysfm.com.ar\/inicio\/#website"},"primaryImageOfPage":{"@id":"https:\/\/gysfm.com.ar\/inicio\/preparan-una-ronda-de-negocios-en-punta-arenas-para-impulsar-una-cadena-de-suministros-a-las-islas\/#primaryimage"},"image":{"@id":"https:\/\/gysfm.com.ar\/inicio\/preparan-una-ronda-de-negocios-en-punta-arenas-para-impulsar-una-cadena-de-suministros-a-las-islas\/#primaryimage"},"thumbnailUrl":"https:\/\/gysfm.com.ar\/inicio\/wp-content\/uploads\/2026\/09\/malvinasjpg.jpg","datePublished":"2026-09-04T16:18:07+00:00","breadcrumb":{"@id":"https:\/\/gysfm.com.ar\/inicio\/preparan-una-ronda-de-negocios-en-punta-arenas-para-impulsar-una-cadena-de-suministros-a-las-islas\/#breadcrumb"},"inLanguage":"es","potentialAction":[{"@type":"ReadAction","target":["https:\/\/gysfm.com.ar\/inicio\/preparan-una-ronda-de-negocios-en-punta-arenas-para-impulsar-una-cadena-de-suministros-a-las-islas\/"]}]},{"@type":"ImageObject","inLanguage":"es","@id":"https:\/\/gysfm.com.ar\/inicio\/preparan-una-ronda-de-negocios-en-punta-arenas-para-impulsar-una-cadena-de-suministros-a-las-islas\/#primaryimage","url":"https:\/\/gysfm.com.ar\/inicio\/wp-content\/uploads\/2026\/09\/malvinasjpg.jpg","contentUrl":"https:\/\/gysfm.com.ar\/inicio\/wp-content\/uploads\/2026\/09\/malvinasjpg.jpg","width":1200,"height":675},{"@type":"BreadcrumbList","@id":"https:\/\/gysfm.com.ar\/inicio\/preparan-una-ronda-de-negocios-en-punta-arenas-para-impulsar-una-cadena-de-suministros-a-las-islas\/#breadcrumb","itemListElement":[{"@type":"ListItem","position":1,"name":"Portada","item":"https:\/\/gysfm.com.ar\/inicio\/"},{"@type":"ListItem","position":2,"name":"preparan una ronda de negocios en Punta Arenas para impulsar una cadena de suministros a las islas"}]},{"@type":"WebSite","@id":"https:\/\/gysfm.com.ar\/inicio\/#website","url":"https:\/\/gysfm.com.ar\/inicio\/","name":"GYS NOTICIAS |","description":"DIARIO - RADIO ONLINE SAN JUAN ARGENTINA","publisher":{"@id":"https:\/\/gysfm.com.ar\/inicio\/#organization"},"potentialAction":[{"@type":"SearchAction","target":{"@type":"EntryPoint","urlTemplate":"https:\/\/gysfm.com.ar\/inicio\/?s={search_term_string}"},"query-input":{"@type":"PropertyValueSpecification","valueRequired":true,"valueName":"search_term_string"}}],"inLanguage":"es"},{"@type":"Organization","@id":"https:\/\/gysfm.com.ar\/inicio\/#organization","name":"GYS NOTICIAS |","url":"https:\/\/gysfm.com.ar\/inicio\/","logo":{"@type":"ImageObject","inLanguage":"es","@id":"https:\/\/gysfm.com.ar\/inicio\/#\/schema\/logo\/image\/","url":"https:\/\/gysfm.com.ar\/inicio\/wp-content\/uploads\/2023\/07\/LOGOGYS-OK.png","contentUrl":"https:\/\/gysfm.com.ar\/inicio\/wp-content\/uploads\/2023\/07\/LOGOGYS-OK.png","width":1170,"height":872,"caption":"GYS NOTICIAS |"},"image":{"@id":"https:\/\/gysfm.com.ar\/inicio\/#\/schema\/logo\/image\/"}},{"@type":"Person","@id":"https:\/\/gysfm.com.ar\/inicio\/#\/schema\/person\/5bedd7ecd35cc35548d89effafa23696","name":"admin","image":{"@type":"ImageObject","inLanguage":"es","@id":"https:\/\/gysfm.com.ar\/inicio\/#\/schema\/person\/image\/","url":"https:\/\/secure.gravatar.com\/avatar\/c331d312b5243fb64d5ba28108a447b27c925295129a363082c9ea52c28d32c2?s=96&d=mm&r=g","contentUrl":"https:\/\/secure.gravatar.com\/avatar\/c331d312b5243fb64d5ba28108a447b27c925295129a363082c9ea52c28d32c2?s=96&d=mm&r=g","caption":"admin"},"sameAs":["https:\/\/gysfm.com.ar\/inicio"],"url":"https:\/\/gysfm.com.ar\/inicio\/author\/admin\/"}]}},"_links":{"self":[{"href":"https:\/\/gysfm.com.ar\/inicio\/wp-json\/wp\/v2\/posts\/210434","targetHints":{"allow":["GET"]}}],"collection":[{"href":"https:\/\/gysfm.com.ar\/inicio\/wp-json\/wp\/v2\/posts"}],"about":[{"href":"https:\/\/gysfm.com.ar\/inicio\/wp-json\/wp\/v2\/types\/post"}],"author":[{"embeddable":true,"href":"https:\/\/gysfm.com.ar\/inicio\/wp-json\/wp\/v2\/users\/1"}],"replies":[{"embeddable":true,"href":"https:\/\/gysfm.com.ar\/inicio\/wp-json\/wp\/v2\/comments?post=210434"}],"version-history":[{"count":0,"href":"https:\/\/gysfm.com.ar\/inicio\/wp-json\/wp\/v2\/posts\/210434\/revisions"}],"wp:featuredmedia":[{"embeddable":true,"href":"https:\/\/gysfm.com.ar\/inicio\/wp-json\/wp\/v2\/media\/210435"}],"wp:attachment":[{"href":"https:\/\/gysfm.com.ar\/inicio\/wp-json\/wp\/v2\/media?parent=210434"}],"wp:term":[{"taxonomy":"category","embeddable":true,"href":"https:\/\/gysfm.com.ar\/inicio\/wp-json\/wp\/v2\/categories?post=210434"},{"taxonomy":"post_tag","embeddable":true,"href":"https:\/\/gysfm.com.ar\/inicio\/wp-json\/wp\/v2\/tags?post=210434"}],"curies":[{"name":"wp","href":"https:\/\/api.w.org\/{rel}","templated":true}]}}