{"id":210431,"date":"2026-09-04T12:53:08","date_gmt":"2026-09-04T15:53:08","guid":{"rendered":"https:\/\/gysfm.com.ar\/inicio\/vale-45-millones-de-dolares-y-esta-a-punto-de-desaparecer-comienza-la-demolicion-de-la-mansion-mas-cara-de-brasil\/"},"modified":"2026-09-04T12:53:08","modified_gmt":"2026-09-04T15:53:08","slug":"vale-45-millones-de-dolares-y-esta-a-punto-de-desaparecer-comienza-la-demolicion-de-la-mansion-mas-cara-de-brasil","status":"publish","type":"post","link":"https:\/\/gysfm.com.ar\/inicio\/vale-45-millones-de-dolares-y-esta-a-punto-de-desaparecer-comienza-la-demolicion-de-la-mansion-mas-cara-de-brasil\/","title":{"rendered":"Vale 45 millones de d\u00f3lares y est\u00e1 a punto de desaparecer: comienza la demolici\u00f3n de la mansi\u00f3n m\u00e1s cara de Brasil"},"content":{"rendered":"<p> <br \/>\n<\/p>\n<div>\n<p class=\"com-paragraph --capital --s\">La mansi\u00f3n considerada <strong>la m\u00e1s cara del pa\u00eds<\/strong> comienza a desaparecer del paisaje de <em>Jardim Pernambuco<\/em>, en Leblon, este jueves. <a href=\"https:\/\/www.lanacion.com.ar\/propiedades\/casas-y-departamentos\/se-vendio-la-casa-mas-cara-de-brasil-cuanto-costo-nid26072024\/\" target=\"_self\" title=\"https:\/\/www.lanacion.com.ar\/propiedades\/casas-y-departamentos\/se-vendio-la-casa-mas-cara-de-brasil-cuanto-costo-nid26072024\/\" class=\"com-link break-word\" data-mrf-recirculation=\"n_link_parrafo\">Anunciada por 220 millones de reales<\/a> (<strong>45 millones de d\u00f3lares<\/strong>), la propiedad ser\u00e1 <strong>demolida en los pr\u00f3ximos tres meses <\/strong>para dar paso a un complejo residencial de lujo, <a href=\"https:\/\/oglobo.globo.com\/blogs\/ancelmo-gois\/post\/2026\/09\/casa-mais-cara-do-brasil-comeca-a-ser-demolida-nesta-quinta-no-leblon.ghtml\" target=\"_blank\" title=\"https:\/\/oglobo.globo.com\/blogs\/ancelmo-gois\/post\/2026\/09\/casa-mais-cara-do-brasil-comeca-a-ser-demolida-nesta-quinta-no-leblon.ghtml\" class=\"com-link break-word\" data-mrf-recirculation=\"n_link_parrafo\" rel=\"nofollow\">tal como anticip\u00f3 el blog de Ancelmo Gois en <em>GLOBO<\/em><\/a>.<\/p>\n<div class=\"content-media\">\n<section role=\"button\" class=\"mod-media   \">\n<figure role=\"button\" tabindex=\"0\" class=\"mod-figure \"><figcaption class=\"mod-figcaption\"><span class=\"com-text --caption --twoxs\">Hace algunos a\u00f1os, el propio Neymar pudo comprar la propiedad y le pareci\u00f3 muy costosa<\/span><\/figcaption><\/figure>\n<\/section>\n<\/div>\n<p class=\"com-paragraph --s\">Parte de la casa ya fue desmantelada y algunas piezas, como los marcos de las ventanas, se subastaron. El terreno de <strong>11.500 metros cuadrados<\/strong> se utilizar\u00e1 para construir <em>Est\u00e2ncia Pernambuco<\/em>, un <strong>minicondominio con diez viviendas<\/strong>. Cada lote tiene un precio a partir de 19 millones de reales (<strong>3,8 millones de d\u00f3lares<\/strong>).<\/p>\n<p class=\"com-paragraph --s\">El nuevo proyecto ser\u00e1 desarrollado por Mozak y contar\u00e1 con <strong>residencias dise\u00f1adas a medida<\/strong>. Los dise\u00f1os llevan la firma del arquitecto Thiago Bernardes, responsable del <strong>Museo de Arte de R\u00edo <\/strong>(MAR) y de los proyectos de ampliaci\u00f3n del Instituto Moreira Salles y del Instituto Burle Marx.<\/p>\n<div class=\"content-media\">\n<section role=\"button\" class=\"mod-media   \">\n<figure role=\"button\" tabindex=\"0\" class=\"mod-figure \"><figcaption class=\"mod-figcaption\"><span class=\"com-text --caption --twoxs\">As\u00ed se ve la biblioteca de la casa m\u00e1s cara de Brasil<\/span><\/figcaption><\/figure>\n<\/section>\n<\/div>\n<p class=\"com-paragraph --s\">La idea es transformar uno de los terrenos m\u00e1s exclusivos de la ciudad en una urbanizaci\u00f3n residencial, <strong>con la atm\u00f3sfera refinada que caracteriz\u00f3 la historia de la antigua propiedad<\/strong>. Construida al estilo ingl\u00e9s, la mansi\u00f3n de seis suites fue edificada en 1986 por la familia Amaral, antiguos propietarios de la cadena de supermercados Disco.<\/p>\n<p class=\"com-paragraph --s\"><em><strong>Por Fernanda Pontes<\/strong><\/em><\/p>\n<section class=\"container-center-100 mb-40 border border-bottom border-thin border-neutral-light-700\"\/><\/div>\n<p><script id=\"facebookpixel\" defer=\"\" type=\"text\/javascript\">\n        !function(f,b,e,v,n,t,s)\n        {if(f.fbq)return;n=f.fbq=function(){n.callMethod?\n        n.callMethod.apply(n,arguments):n.queue.push(arguments)};\n        if(!f._fbq)f._fbq=n;n.push=n;n.loaded=!0;n.version='2.0';\n        n.queue=[];t=b.createElement(e);t.async=!0;\n        t.src=v;s=b.getElementsByTagName(e)[0];\n        s.parentNode.insertBefore(t,s)}(window, document,'script',\n        'https:\/\/connect.facebook.net\/en_US\/fbevents.js');\n        fbq('init', '492459597522335');\n        fbq('track', 'PageView');\n    <\/script><br \/>\n<br \/><\/p>\n","protected":false},"excerpt":{"rendered":"<p>La mansi\u00f3n considerada la m\u00e1s cara del pa\u00eds comienza a desaparecer del paisaje de Jardim Pernambuco, en Leblon, este jueves. Anunciada por 220 millones de reales (45 millones de d\u00f3lares), la propiedad ser\u00e1 demolida en los pr\u00f3ximos tres meses para dar paso a un complejo residencial de lujo, tal como anticip\u00f3 el blog de Ancelmo [&hellip;]<\/p>\n","protected":false},"author":2,"featured_media":210432,"comment_status":"closed","ping_status":"closed","sticky":false,"template":"","format":"standard","meta":{"footnotes":""},"categories":[26],"tags":[],"class_list":["post-210431","post","type-post","status-publish","format-standard","has-post-thumbnail","hentry","category-internacionales"],"yoast_head":"<!-- This site is optimized with the Yoast SEO plugin v24.4 - https:\/\/yoast.com\/wordpress\/plugins\/seo\/ -->\n<title>Vale 45 millones de d\u00f3lares y est\u00e1 a punto de desaparecer: comienza la demolici\u00f3n de la mansi\u00f3n m\u00e1s cara de Brasil - GYS NOTICIAS |<\/title>\n<meta name=\"robots\" content=\"index, follow, max-snippet:-1, max-image-preview:large, max-video-preview:-1\" \/>\n<link rel=\"canonical\" href=\"https:\/\/gysfm.com.ar\/inicio\/vale-45-millones-de-dolares-y-esta-a-punto-de-desaparecer-comienza-la-demolicion-de-la-mansion-mas-cara-de-brasil\/\" \/>\n<meta property=\"og:locale\" content=\"es_ES\" \/>\n<meta property=\"og:type\" content=\"article\" \/>\n<meta property=\"og:title\" content=\"Vale 45 millones de d\u00f3lares y est\u00e1 a punto de desaparecer: comienza la demolici\u00f3n de la mansi\u00f3n m\u00e1s cara de Brasil - GYS NOTICIAS |\" \/>\n<meta property=\"og:description\" content=\"La mansi\u00f3n considerada la m\u00e1s cara del pa\u00eds comienza a desaparecer del paisaje de Jardim Pernambuco, en Leblon, este jueves. Anunciada por 220 millones de reales (45 millones de d\u00f3lares), la propiedad ser\u00e1 demolida en los pr\u00f3ximos tres meses para dar paso a un complejo residencial de lujo, tal como anticip\u00f3 el blog de Ancelmo [&hellip;]\" \/>\n<meta property=\"og:url\" content=\"https:\/\/gysfm.com.ar\/inicio\/vale-45-millones-de-dolares-y-esta-a-punto-de-desaparecer-comienza-la-demolicion-de-la-mansion-mas-cara-de-brasil\/\" \/>\n<meta property=\"og:site_name\" content=\"GYS NOTICIAS |\" \/>\n<meta property=\"article:published_time\" content=\"2026-09-04T15:53:08+00:00\" \/>\n<meta property=\"og:image\" content=\"https:\/\/gysfm.com.ar\/inicio\/wp-content\/uploads\/2026\/09\/vale-45-millones-de-dolares-y-esta-a-punto-de-D7VFKYYUWRFDBLVF74O63C2JEA.jpg\" \/>\n\t<meta property=\"og:image:width\" content=\"1200\" \/>\n\t<meta property=\"og:image:height\" content=\"800\" \/>\n\t<meta property=\"og:image:type\" content=\"image\/jpeg\" \/>\n<meta name=\"author\" content=\"Prensa G&amp;S FM\" \/>\n<meta name=\"twitter:card\" content=\"summary_large_image\" \/>\n<meta name=\"twitter:label1\" content=\"Escrito por\" \/>\n\t<meta name=\"twitter:data1\" content=\"Prensa G&amp;S FM\" \/>\n\t<meta name=\"twitter:label2\" content=\"Tiempo de lectura\" \/>\n\t<meta name=\"twitter:data2\" content=\"1 minuto\" \/>\n<script type=\"application\/ld+json\" class=\"yoast-schema-graph\">{\"@context\":\"https:\/\/schema.org\",\"@graph\":[{\"@type\":\"Article\",\"@id\":\"https:\/\/gysfm.com.ar\/inicio\/vale-45-millones-de-dolares-y-esta-a-punto-de-desaparecer-comienza-la-demolicion-de-la-mansion-mas-cara-de-brasil\/#article\",\"isPartOf\":{\"@id\":\"https:\/\/gysfm.com.ar\/inicio\/vale-45-millones-de-dolares-y-esta-a-punto-de-desaparecer-comienza-la-demolicion-de-la-mansion-mas-cara-de-brasil\/\"},\"author\":{\"name\":\"Prensa G&amp;S FM\",\"@id\":\"https:\/\/gysfm.com.ar\/inicio\/#\/schema\/person\/3abba7593ef2ad19e1be221d54383dc5\"},\"headline\":\"Vale 45 millones de d\u00f3lares y est\u00e1 a punto de desaparecer: comienza la demolici\u00f3n de la mansi\u00f3n m\u00e1s cara de Brasil\",\"datePublished\":\"2026-09-04T15:53:08+00:00\",\"mainEntityOfPage\":{\"@id\":\"https:\/\/gysfm.com.ar\/inicio\/vale-45-millones-de-dolares-y-esta-a-punto-de-desaparecer-comienza-la-demolicion-de-la-mansion-mas-cara-de-brasil\/\"},\"wordCount\":277,\"publisher\":{\"@id\":\"https:\/\/gysfm.com.ar\/inicio\/#organization\"},\"image\":{\"@id\":\"https:\/\/gysfm.com.ar\/inicio\/vale-45-millones-de-dolares-y-esta-a-punto-de-desaparecer-comienza-la-demolicion-de-la-mansion-mas-cara-de-brasil\/#primaryimage\"},\"thumbnailUrl\":\"https:\/\/gysfm.com.ar\/inicio\/wp-content\/uploads\/2026\/09\/vale-45-millones-de-dolares-y-esta-a-punto-de-D7VFKYYUWRFDBLVF74O63C2JEA.jpg\",\"articleSection\":[\"INTERNACIONALES\"],\"inLanguage\":\"es\"},{\"@type\":\"WebPage\",\"@id\":\"https:\/\/gysfm.com.ar\/inicio\/vale-45-millones-de-dolares-y-esta-a-punto-de-desaparecer-comienza-la-demolicion-de-la-mansion-mas-cara-de-brasil\/\",\"url\":\"https:\/\/gysfm.com.ar\/inicio\/vale-45-millones-de-dolares-y-esta-a-punto-de-desaparecer-comienza-la-demolicion-de-la-mansion-mas-cara-de-brasil\/\",\"name\":\"Vale 45 millones de d\u00f3lares y est\u00e1 a punto de desaparecer: comienza la demolici\u00f3n de la mansi\u00f3n m\u00e1s cara de Brasil - GYS NOTICIAS |\",\"isPartOf\":{\"@id\":\"https:\/\/gysfm.com.ar\/inicio\/#website\"},\"primaryImageOfPage\":{\"@id\":\"https:\/\/gysfm.com.ar\/inicio\/vale-45-millones-de-dolares-y-esta-a-punto-de-desaparecer-comienza-la-demolicion-de-la-mansion-mas-cara-de-brasil\/#primaryimage\"},\"image\":{\"@id\":\"https:\/\/gysfm.com.ar\/inicio\/vale-45-millones-de-dolares-y-esta-a-punto-de-desaparecer-comienza-la-demolicion-de-la-mansion-mas-cara-de-brasil\/#primaryimage\"},\"thumbnailUrl\":\"https:\/\/gysfm.com.ar\/inicio\/wp-content\/uploads\/2026\/09\/vale-45-millones-de-dolares-y-esta-a-punto-de-D7VFKYYUWRFDBLVF74O63C2JEA.jpg\",\"datePublished\":\"2026-09-04T15:53:08+00:00\",\"breadcrumb\":{\"@id\":\"https:\/\/gysfm.com.ar\/inicio\/vale-45-millones-de-dolares-y-esta-a-punto-de-desaparecer-comienza-la-demolicion-de-la-mansion-mas-cara-de-brasil\/#breadcrumb\"},\"inLanguage\":\"es\",\"potentialAction\":[{\"@type\":\"ReadAction\",\"target\":[\"https:\/\/gysfm.com.ar\/inicio\/vale-45-millones-de-dolares-y-esta-a-punto-de-desaparecer-comienza-la-demolicion-de-la-mansion-mas-cara-de-brasil\/\"]}]},{\"@type\":\"ImageObject\",\"inLanguage\":\"es\",\"@id\":\"https:\/\/gysfm.com.ar\/inicio\/vale-45-millones-de-dolares-y-esta-a-punto-de-desaparecer-comienza-la-demolicion-de-la-mansion-mas-cara-de-brasil\/#primaryimage\",\"url\":\"https:\/\/gysfm.com.ar\/inicio\/wp-content\/uploads\/2026\/09\/vale-45-millones-de-dolares-y-esta-a-punto-de-D7VFKYYUWRFDBLVF74O63C2JEA.jpg\",\"contentUrl\":\"https:\/\/gysfm.com.ar\/inicio\/wp-content\/uploads\/2026\/09\/vale-45-millones-de-dolares-y-esta-a-punto-de-D7VFKYYUWRFDBLVF74O63C2JEA.jpg\",\"width\":1200,\"height\":800},{\"@type\":\"BreadcrumbList\",\"@id\":\"https:\/\/gysfm.com.ar\/inicio\/vale-45-millones-de-dolares-y-esta-a-punto-de-desaparecer-comienza-la-demolicion-de-la-mansion-mas-cara-de-brasil\/#breadcrumb\",\"itemListElement\":[{\"@type\":\"ListItem\",\"position\":1,\"name\":\"Portada\",\"item\":\"https:\/\/gysfm.com.ar\/inicio\/\"},{\"@type\":\"ListItem\",\"position\":2,\"name\":\"Vale 45 millones de d\u00f3lares y est\u00e1 a punto de desaparecer: comienza la demolici\u00f3n de la mansi\u00f3n m\u00e1s cara de Brasil\"}]},{\"@type\":\"WebSite\",\"@id\":\"https:\/\/gysfm.com.ar\/inicio\/#website\",\"url\":\"https:\/\/gysfm.com.ar\/inicio\/\",\"name\":\"GYS NOTICIAS |\",\"description\":\"DIARIO - RADIO ONLINE SAN JUAN ARGENTINA\",\"publisher\":{\"@id\":\"https:\/\/gysfm.com.ar\/inicio\/#organization\"},\"potentialAction\":[{\"@type\":\"SearchAction\",\"target\":{\"@type\":\"EntryPoint\",\"urlTemplate\":\"https:\/\/gysfm.com.ar\/inicio\/?s={search_term_string}\"},\"query-input\":{\"@type\":\"PropertyValueSpecification\",\"valueRequired\":true,\"valueName\":\"search_term_string\"}}],\"inLanguage\":\"es\"},{\"@type\":\"Organization\",\"@id\":\"https:\/\/gysfm.com.ar\/inicio\/#organization\",\"name\":\"GYS NOTICIAS |\",\"url\":\"https:\/\/gysfm.com.ar\/inicio\/\",\"logo\":{\"@type\":\"ImageObject\",\"inLanguage\":\"es\",\"@id\":\"https:\/\/gysfm.com.ar\/inicio\/#\/schema\/logo\/image\/\",\"url\":\"https:\/\/gysfm.com.ar\/inicio\/wp-content\/uploads\/2023\/07\/LOGOGYS-OK.png\",\"contentUrl\":\"https:\/\/gysfm.com.ar\/inicio\/wp-content\/uploads\/2023\/07\/LOGOGYS-OK.png\",\"width\":1170,\"height\":872,\"caption\":\"GYS NOTICIAS |\"},\"image\":{\"@id\":\"https:\/\/gysfm.com.ar\/inicio\/#\/schema\/logo\/image\/\"}},{\"@type\":\"Person\",\"@id\":\"https:\/\/gysfm.com.ar\/inicio\/#\/schema\/person\/3abba7593ef2ad19e1be221d54383dc5\",\"name\":\"Prensa G&amp;S FM\",\"image\":{\"@type\":\"ImageObject\",\"inLanguage\":\"es\",\"@id\":\"https:\/\/gysfm.com.ar\/inicio\/#\/schema\/person\/image\/\",\"url\":\"https:\/\/secure.gravatar.com\/avatar\/096ec78df02049ab018702bb4ccedf659377fa92a26540b5247612077a0dbd29?s=96&d=mm&r=g\",\"contentUrl\":\"https:\/\/secure.gravatar.com\/avatar\/096ec78df02049ab018702bb4ccedf659377fa92a26540b5247612077a0dbd29?s=96&d=mm&r=g\",\"caption\":\"Prensa G&amp;S FM\"},\"sameAs\":[\"https:\/\/gysfm.com.ar\/\"],\"url\":\"https:\/\/gysfm.com.ar\/inicio\/author\/lucasm\/\"}]}<\/script>\n<!-- \/ Yoast SEO plugin. -->","yoast_head_json":{"title":"Vale 45 millones de d\u00f3lares y est\u00e1 a punto de desaparecer: comienza la demolici\u00f3n de la mansi\u00f3n m\u00e1s cara de Brasil - GYS NOTICIAS |","robots":{"index":"index","follow":"follow","max-snippet":"max-snippet:-1","max-image-preview":"max-image-preview:large","max-video-preview":"max-video-preview:-1"},"canonical":"https:\/\/gysfm.com.ar\/inicio\/vale-45-millones-de-dolares-y-esta-a-punto-de-desaparecer-comienza-la-demolicion-de-la-mansion-mas-cara-de-brasil\/","og_locale":"es_ES","og_type":"article","og_title":"Vale 45 millones de d\u00f3lares y est\u00e1 a punto de desaparecer: comienza la demolici\u00f3n de la mansi\u00f3n m\u00e1s cara de Brasil - GYS NOTICIAS |","og_description":"La mansi\u00f3n considerada la m\u00e1s cara del pa\u00eds comienza a desaparecer del paisaje de Jardim Pernambuco, en Leblon, este jueves. Anunciada por 220 millones de reales (45 millones de d\u00f3lares), la propiedad ser\u00e1 demolida en los pr\u00f3ximos tres meses para dar paso a un complejo residencial de lujo, tal como anticip\u00f3 el blog de Ancelmo [&hellip;]","og_url":"https:\/\/gysfm.com.ar\/inicio\/vale-45-millones-de-dolares-y-esta-a-punto-de-desaparecer-comienza-la-demolicion-de-la-mansion-mas-cara-de-brasil\/","og_site_name":"GYS NOTICIAS |","article_published_time":"2026-09-04T15:53:08+00:00","og_image":[{"width":1200,"height":800,"url":"https:\/\/gysfm.com.ar\/inicio\/wp-content\/uploads\/2026\/09\/vale-45-millones-de-dolares-y-esta-a-punto-de-D7VFKYYUWRFDBLVF74O63C2JEA.jpg","type":"image\/jpeg"}],"author":"Prensa G&amp;S FM","twitter_card":"summary_large_image","twitter_misc":{"Escrito por":"Prensa G&amp;S FM","Tiempo de lectura":"1 minuto"},"schema":{"@context":"https:\/\/schema.org","@graph":[{"@type":"Article","@id":"https:\/\/gysfm.com.ar\/inicio\/vale-45-millones-de-dolares-y-esta-a-punto-de-desaparecer-comienza-la-demolicion-de-la-mansion-mas-cara-de-brasil\/#article","isPartOf":{"@id":"https:\/\/gysfm.com.ar\/inicio\/vale-45-millones-de-dolares-y-esta-a-punto-de-desaparecer-comienza-la-demolicion-de-la-mansion-mas-cara-de-brasil\/"},"author":{"name":"Prensa G&amp;S FM","@id":"https:\/\/gysfm.com.ar\/inicio\/#\/schema\/person\/3abba7593ef2ad19e1be221d54383dc5"},"headline":"Vale 45 millones de d\u00f3lares y est\u00e1 a punto de desaparecer: comienza la demolici\u00f3n de la mansi\u00f3n m\u00e1s cara de Brasil","datePublished":"2026-09-04T15:53:08+00:00","mainEntityOfPage":{"@id":"https:\/\/gysfm.com.ar\/inicio\/vale-45-millones-de-dolares-y-esta-a-punto-de-desaparecer-comienza-la-demolicion-de-la-mansion-mas-cara-de-brasil\/"},"wordCount":277,"publisher":{"@id":"https:\/\/gysfm.com.ar\/inicio\/#organization"},"image":{"@id":"https:\/\/gysfm.com.ar\/inicio\/vale-45-millones-de-dolares-y-esta-a-punto-de-desaparecer-comienza-la-demolicion-de-la-mansion-mas-cara-de-brasil\/#primaryimage"},"thumbnailUrl":"https:\/\/gysfm.com.ar\/inicio\/wp-content\/uploads\/2026\/09\/vale-45-millones-de-dolares-y-esta-a-punto-de-D7VFKYYUWRFDBLVF74O63C2JEA.jpg","articleSection":["INTERNACIONALES"],"inLanguage":"es"},{"@type":"WebPage","@id":"https:\/\/gysfm.com.ar\/inicio\/vale-45-millones-de-dolares-y-esta-a-punto-de-desaparecer-comienza-la-demolicion-de-la-mansion-mas-cara-de-brasil\/","url":"https:\/\/gysfm.com.ar\/inicio\/vale-45-millones-de-dolares-y-esta-a-punto-de-desaparecer-comienza-la-demolicion-de-la-mansion-mas-cara-de-brasil\/","name":"Vale 45 millones de d\u00f3lares y est\u00e1 a punto de desaparecer: comienza la demolici\u00f3n de la mansi\u00f3n m\u00e1s cara de Brasil - GYS NOTICIAS |","isPartOf":{"@id":"https:\/\/gysfm.com.ar\/inicio\/#website"},"primaryImageOfPage":{"@id":"https:\/\/gysfm.com.ar\/inicio\/vale-45-millones-de-dolares-y-esta-a-punto-de-desaparecer-comienza-la-demolicion-de-la-mansion-mas-cara-de-brasil\/#primaryimage"},"image":{"@id":"https:\/\/gysfm.com.ar\/inicio\/vale-45-millones-de-dolares-y-esta-a-punto-de-desaparecer-comienza-la-demolicion-de-la-mansion-mas-cara-de-brasil\/#primaryimage"},"thumbnailUrl":"https:\/\/gysfm.com.ar\/inicio\/wp-content\/uploads\/2026\/09\/vale-45-millones-de-dolares-y-esta-a-punto-de-D7VFKYYUWRFDBLVF74O63C2JEA.jpg","datePublished":"2026-09-04T15:53:08+00:00","breadcrumb":{"@id":"https:\/\/gysfm.com.ar\/inicio\/vale-45-millones-de-dolares-y-esta-a-punto-de-desaparecer-comienza-la-demolicion-de-la-mansion-mas-cara-de-brasil\/#breadcrumb"},"inLanguage":"es","potentialAction":[{"@type":"ReadAction","target":["https:\/\/gysfm.com.ar\/inicio\/vale-45-millones-de-dolares-y-esta-a-punto-de-desaparecer-comienza-la-demolicion-de-la-mansion-mas-cara-de-brasil\/"]}]},{"@type":"ImageObject","inLanguage":"es","@id":"https:\/\/gysfm.com.ar\/inicio\/vale-45-millones-de-dolares-y-esta-a-punto-de-desaparecer-comienza-la-demolicion-de-la-mansion-mas-cara-de-brasil\/#primaryimage","url":"https:\/\/gysfm.com.ar\/inicio\/wp-content\/uploads\/2026\/09\/vale-45-millones-de-dolares-y-esta-a-punto-de-D7VFKYYUWRFDBLVF74O63C2JEA.jpg","contentUrl":"https:\/\/gysfm.com.ar\/inicio\/wp-content\/uploads\/2026\/09\/vale-45-millones-de-dolares-y-esta-a-punto-de-D7VFKYYUWRFDBLVF74O63C2JEA.jpg","width":1200,"height":800},{"@type":"BreadcrumbList","@id":"https:\/\/gysfm.com.ar\/inicio\/vale-45-millones-de-dolares-y-esta-a-punto-de-desaparecer-comienza-la-demolicion-de-la-mansion-mas-cara-de-brasil\/#breadcrumb","itemListElement":[{"@type":"ListItem","position":1,"name":"Portada","item":"https:\/\/gysfm.com.ar\/inicio\/"},{"@type":"ListItem","position":2,"name":"Vale 45 millones de d\u00f3lares y est\u00e1 a punto de desaparecer: comienza la demolici\u00f3n de la mansi\u00f3n m\u00e1s cara de Brasil"}]},{"@type":"WebSite","@id":"https:\/\/gysfm.com.ar\/inicio\/#website","url":"https:\/\/gysfm.com.ar\/inicio\/","name":"GYS NOTICIAS |","description":"DIARIO - RADIO ONLINE SAN JUAN ARGENTINA","publisher":{"@id":"https:\/\/gysfm.com.ar\/inicio\/#organization"},"potentialAction":[{"@type":"SearchAction","target":{"@type":"EntryPoint","urlTemplate":"https:\/\/gysfm.com.ar\/inicio\/?s={search_term_string}"},"query-input":{"@type":"PropertyValueSpecification","valueRequired":true,"valueName":"search_term_string"}}],"inLanguage":"es"},{"@type":"Organization","@id":"https:\/\/gysfm.com.ar\/inicio\/#organization","name":"GYS NOTICIAS |","url":"https:\/\/gysfm.com.ar\/inicio\/","logo":{"@type":"ImageObject","inLanguage":"es","@id":"https:\/\/gysfm.com.ar\/inicio\/#\/schema\/logo\/image\/","url":"https:\/\/gysfm.com.ar\/inicio\/wp-content\/uploads\/2023\/07\/LOGOGYS-OK.png","contentUrl":"https:\/\/gysfm.com.ar\/inicio\/wp-content\/uploads\/2023\/07\/LOGOGYS-OK.png","width":1170,"height":872,"caption":"GYS NOTICIAS |"},"image":{"@id":"https:\/\/gysfm.com.ar\/inicio\/#\/schema\/logo\/image\/"}},{"@type":"Person","@id":"https:\/\/gysfm.com.ar\/inicio\/#\/schema\/person\/3abba7593ef2ad19e1be221d54383dc5","name":"Prensa G&amp;S FM","image":{"@type":"ImageObject","inLanguage":"es","@id":"https:\/\/gysfm.com.ar\/inicio\/#\/schema\/person\/image\/","url":"https:\/\/secure.gravatar.com\/avatar\/096ec78df02049ab018702bb4ccedf659377fa92a26540b5247612077a0dbd29?s=96&d=mm&r=g","contentUrl":"https:\/\/secure.gravatar.com\/avatar\/096ec78df02049ab018702bb4ccedf659377fa92a26540b5247612077a0dbd29?s=96&d=mm&r=g","caption":"Prensa G&amp;S FM"},"sameAs":["https:\/\/gysfm.com.ar\/"],"url":"https:\/\/gysfm.com.ar\/inicio\/author\/lucasm\/"}]}},"_links":{"self":[{"href":"https:\/\/gysfm.com.ar\/inicio\/wp-json\/wp\/v2\/posts\/210431","targetHints":{"allow":["GET"]}}],"collection":[{"href":"https:\/\/gysfm.com.ar\/inicio\/wp-json\/wp\/v2\/posts"}],"about":[{"href":"https:\/\/gysfm.com.ar\/inicio\/wp-json\/wp\/v2\/types\/post"}],"author":[{"embeddable":true,"href":"https:\/\/gysfm.com.ar\/inicio\/wp-json\/wp\/v2\/users\/2"}],"replies":[{"embeddable":true,"href":"https:\/\/gysfm.com.ar\/inicio\/wp-json\/wp\/v2\/comments?post=210431"}],"version-history":[{"count":1,"href":"https:\/\/gysfm.com.ar\/inicio\/wp-json\/wp\/v2\/posts\/210431\/revisions"}],"predecessor-version":[{"id":210433,"href":"https:\/\/gysfm.com.ar\/inicio\/wp-json\/wp\/v2\/posts\/210431\/revisions\/210433"}],"wp:featuredmedia":[{"embeddable":true,"href":"https:\/\/gysfm.com.ar\/inicio\/wp-json\/wp\/v2\/media\/210432"}],"wp:attachment":[{"href":"https:\/\/gysfm.com.ar\/inicio\/wp-json\/wp\/v2\/media?parent=210431"}],"wp:term":[{"taxonomy":"category","embeddable":true,"href":"https:\/\/gysfm.com.ar\/inicio\/wp-json\/wp\/v2\/categories?post=210431"},{"taxonomy":"post_tag","embeddable":true,"href":"https:\/\/gysfm.com.ar\/inicio\/wp-json\/wp\/v2\/tags?post=210431"}],"curies":[{"name":"wp","href":"https:\/\/api.w.org\/{rel}","templated":true}]}}