{"id":210423,"date":"2026-09-04T11:52:06","date_gmt":"2026-09-04T14:52:06","guid":{"rendered":"https:\/\/gysfm.com.ar\/inicio\/maxima-zorreguieta-volvio-a-salirse-del-protocolo-y-sorprendio-a-todos-al-manejar-un-tractor\/"},"modified":"2026-09-04T11:52:07","modified_gmt":"2026-09-04T14:52:07","slug":"maxima-zorreguieta-volvio-a-salirse-del-protocolo-y-sorprendio-a-todos-al-manejar-un-tractor","status":"publish","type":"post","link":"https:\/\/gysfm.com.ar\/inicio\/maxima-zorreguieta-volvio-a-salirse-del-protocolo-y-sorprendio-a-todos-al-manejar-un-tractor\/","title":{"rendered":"M\u00e1xima Zorreguieta volvi\u00f3 a salirse del protocolo y sorprendi\u00f3 a todos al manejar un tractor"},"content":{"rendered":"<p> <br \/>\n<\/p>\n<div>\n<p class=\"com-paragraph --capital --s\">Una vez m\u00e1s, <strong>M\u00e1xima Zorreguieta <\/strong>volvi\u00f3 a demostrar que es una reina todoterreno. As\u00ed como supo saltar de un avi\u00f3n, preparar tragos y comidas, bailar en la calle y hasta <a href=\"https:\/\/www.lanacion.com.ar\/lifestyle\/en-las-redes\/la-actividad-fuera-de-protocolo-que-enfrento-a-la-reina-maxima-y-el-rey-guillermo-y-que-hizo-reir-a-nid17042025\/\" target=\"_self\" title=\"https:\/\/www.lanacion.com.ar\/lifestyle\/en-las-redes\/la-actividad-fuera-de-protocolo-que-enfrento-a-la-reina-maxima-y-el-rey-guillermo-y-que-hizo-reir-a-nid17042025\/\" class=\"com-link break-word\" data-mrf-recirculation=\"n_link_parrafo\">enfrentarse en un juego de fuerza con su marido, el rey Guillermo Alejandro<\/a>, esta semana se sent\u00f3 detr\u00e1s de un volante, pero no de un auto, sino \u00a1de un tractor! <\/p>\n<p class=\"com-paragraph --s\">El jueves 3 de septiembre, la monarca nacida en la Argentina visit\u00f3 la regi\u00f3n de Achterhoek, en la provincia de G\u00fceldres, para seguir de cerca \u201cel proceso desde la cosecha de materiales naturales renovables hasta la aplicaci\u00f3n de materiales biobasados en la construcci\u00f3n\u201d, explicaron desde la cuenta oficial de la casa de Orange-Nassau. <\/p>\n<div class=\"content-media\">\n<section role=\"button\" class=\"mod-media   \">\n<figure role=\"button\" tabindex=\"0\" class=\"mod-figure \"><figcaption class=\"mod-figcaption\"><span class=\"com-text --caption --twoxs\">La reina M\u00e1xima sorprendi\u00f3 a todos al manejar un tractor (Foto: Instagram @koninklijkhuis)<\/span><\/figcaption><\/figure>\n<\/section>\n<\/div>\n<p class=\"com-paragraph --s\">La ruta incluy\u00f3 la localidad de Henelgo, donde se interioriz\u00f3 en los procesos de la cosecha de c\u00e1\u00f1amo. Lo sorpresivo es que no solo observ\u00f3, sino que hasta <strong>se subi\u00f3 a un imponente tractor verde y condujo sola<\/strong>, aunque asistida por un profesional del lugar, quien le dio una serie de indicaciones<strong> entre los pastizales<\/strong>. Incluso cuando se baj\u00f3, lo hizo por su propia cuenta.<\/p>\n<div class=\"content-media cursor-pointer\">\n<section class=\"media-container relative w-100 mod-media pb-32\">\n<figure class=\"mod-video flex flex-column ai-center bg-neutral-light-50\">\n<div class=\"video-player ratio-9-16 flex jc-center ai-center w-100 h-100 w-320\" data-has-jwplayer=\"true\" data-video-id-jw=\"yLffh322\" data-config=\"{&quot;title&quot;:&quot;M\u00e1xima Zorreguieta a bordo de un tractor&quot;,&quot;mediaId&quot;:&quot;yLffh322&quot;,&quot;playerId&quot;:&quot;hOz6uuUy&quot;,&quot;playlist&quot;:[{&quot;mediaid&quot;:&quot;yLffh322&quot;,&quot;sources&quot;:[{&quot;file&quot;:&quot;https:\/\/cdn.jwplayer.com\/manifests\/yLffh322.m3u8&quot;,&quot;type&quot;:&quot;application\/vnd.apple.mpegurl&quot;},{&quot;bitrate&quot;:438580,&quot;file&quot;:&quot;https:\/\/cdn.jwplayer.com\/videos\/yLffh322-kTExGaWf.mp4&quot;,&quot;filesize&quot;:1863968,&quot;framerate&quot;:30,&quot;height&quot;:320,&quot;label&quot;:&quot;180p&quot;,&quot;type&quot;:&quot;video\/mp4&quot;,&quot;width&quot;:180},{&quot;bitrate&quot;:675158,&quot;file&quot;:&quot;https:\/\/cdn.jwplayer.com\/videos\/yLffh322-K8B0kybS.mp4&quot;,&quot;filesize&quot;:2869423,&quot;framerate&quot;:30,&quot;height&quot;:480,&quot;label&quot;:&quot;270p&quot;,&quot;type&quot;:&quot;video\/mp4&quot;,&quot;width&quot;:270},{&quot;bitrate&quot;:2160772,&quot;file&quot;:&quot;https:\/\/cdn.jwplayer.com\/videos\/yLffh322-46NIuRKO.mp4&quot;,&quot;filesize&quot;:9183281,&quot;framerate&quot;:30,&quot;height&quot;:1280,&quot;label&quot;:&quot;720p&quot;,&quot;type&quot;:&quot;video\/mp4&quot;,&quot;width&quot;:720},{&quot;bitrate&quot;:113777,&quot;file&quot;:&quot;https:\/\/cdn.jwplayer.com\/videos\/yLffh322-hz5z2Tv4.m4a&quot;,&quot;filesize&quot;:483554,&quot;label&quot;:&quot;AAC Audio&quot;,&quot;type&quot;:&quot;audio\/mp4&quot;},{&quot;bitrate&quot;:906760,&quot;file&quot;:&quot;https:\/\/cdn.jwplayer.com\/videos\/yLffh322-FnZGUVnC.mp4&quot;,&quot;filesize&quot;:3853730,&quot;framerate&quot;:30,&quot;height&quot;:640,&quot;label&quot;:&quot;360p&quot;,&quot;type&quot;:&quot;video\/mp4&quot;,&quot;width&quot;:360},{&quot;bitrate&quot;:1526460,&quot;file&quot;:&quot;https:\/\/cdn.jwplayer.com\/videos\/yLffh322-0G6Pwvlw.mp4&quot;,&quot;filesize&quot;:6487459,&quot;framerate&quot;:30,&quot;height&quot;:960,&quot;label&quot;:&quot;540p&quot;,&quot;type&quot;:&quot;video\/mp4&quot;,&quot;width&quot;:540}]}],&quot;hasAutoplay&quot;:false,&quot;autostart&quot;:true,&quot;tagsUrl&quot;:&quot;https:\/\/pubads.g.doubleclick.net\/gampad\/ads?slotname=\/133919216\/la_nacion_video\/nota\/preroll&amp;sz=640x480|400x300&amp;ciu_szs=300x250&amp;unviewed_position_start=1&amp;output=vast&amp;impl=s&amp;env=vp&amp;gdfp_req=1&amp;ad_rule=0&amp;vad_type=linear&amp;vpos=preroll&amp;cust_params=tags_nuevos%3Dte_realeza%2Cte_maxima_zorreguieta%2Cca_el_mundo%2C%2CQXPEGDU2SZETBPUD3R7MWUEJYY&amp;pod=3&amp;ppos=1&amp;lip=true&amp;min_ad_duration=0&amp;max_ad_duration=30000&amp;vrid=6256&amp;url=https%3A%2F%2Fwww.lanacion.com.ar%2Fel-mundo%2Fmaxima-zorreguieta-volvio-a-salirse-del-protocolo-y-sorprendio-a-todos-al-manejar-un-tractor-nid04092026%2F%3Fvariant%3DA&amp;description_url=https%3A%2F%2Fwww.lanacion.com.ar%2Fel-mundo%2Fmaxima-zorreguieta-volvio-a-salirse-del-protocolo-y-sorprendio-a-todos-al-manejar-un-tractor-nid04092026%2F%3Fvariant%3DA&amp;video_doc_id=short_onecue&amp;cmsid=496&amp;kfa=0&amp;tfcd=0&amp;correlator=1788533392786&quot;,&quot;arcSite&quot;:&quot;la-nacion-ar&quot;,&quot;duration&quot;:&quot;34000&quot;}\">\n<div id=\"facade-yLffh322\" class=\"content-facade-jw relative bg-black w-100 ratio-9-16\"><picture><source media=\"(max-width: 767px)\" srcset=\"https:\/\/www.lanacion.com.ar\/resizer\/v2\/https%3A%2F%2Fcdn.jwplayer.com%2Fv2%2Fmedia%2FyLffh322%2Fposter.jpg%3Fwidth%3D720?auth=116ad52edb0923c8e5b9b4d1ba509c8e331948df5d7743d9320bae8ee4bc1075&amp;width=480&amp;quality=70&amp;smart=false\"\/><\/picture><\/div>\n<\/div><figcaption class=\"border border-1 border-bottom border-light-300 relative px-16 py-8 min-h-36 w-100_md w-100 bg-white\"><span class=\"text ln-text text-16 block\">M\u00e1xima Zorreguieta a bordo de un tractor<\/span><\/figcaption><\/figure>\n<\/section>\n<\/div>\n<p class=\"com-paragraph --s\">Si bien Zorreguieta conduce desde su juventud, sus habilidades no pasaron inadvertidas, puesto que<strong> no es com\u00fan ver a los integrantes de la realeza sentados detr\u00e1s de un volante<\/strong>.<\/p>\n<p class=\"com-paragraph --s\">La jornada, de la que tambi\u00e9n particip\u00f3 la ministra de Vivienda y Ordenaci\u00f3n del Territorio de los Pa\u00edses Bajos, Elanor Boekholt-O\u2019Sullivan, incluy\u00f3 una parada en Doetinchem, donde visitaron una nueva urbanizaci\u00f3n de viviendas construidas con materiales sostenibles y de origen biol\u00f3gico.<\/p>\n<div class=\"content-media\">\n<section role=\"button\" class=\"mod-media   \">\n<figure role=\"button\" tabindex=\"0\" class=\"mod-figure \"><figcaption class=\"mod-figcaption\"><span class=\"com-text --caption --twoxs\">La monarca se luci\u00f3 con un set estampado de blusa y falda (Foto: Instagram @patrickvkatwijk)<\/span><\/figcaption><\/figure>\n<\/section>\n<\/div>\n<p class=\"com-paragraph --s\">Teniendo en cuenta que ser\u00eda un d\u00eda intenso de actividades al aire libre y varias paradas, la reina de los Pa\u00edses Bajos opt\u00f3 por un<em><strong> look<\/strong><\/em><strong> c\u00f3modo, canchero y acorde a los escenarios<\/strong>. Estren\u00f3 un set estampado en blanco y amarillo de blusa de mangas abullonadas, con un lazo alrededor del cuello y una falda midi tiro alto haciendo juego de Ulla Johnson. Apropiadamente, esta vez, no us\u00f3 sus cl\u00e1sicos <em>stilettos<\/em>, sino que opt\u00f3 por unas ballerinas marrones y negras de Natan y a\u00f1adi\u00f3 una cartera negra. En cuanto a los accesorios, eligi\u00f3 un brazalete dorado, su cl\u00e1sico reloj negro y unos aretes blancos en forma de flores.<\/p>\n<p class=\"com-paragraph --s\">Esta fue una semana muy especial para M\u00e1xima Zorreguieta, ya que su hija menor, <a href=\"https:\/\/www.lanacion.com.ar\/el-mundo\/ariane-la-hija-menor-de-la-reina-maxima-sorprendio-con-un-look-descontracturado-en-su-primer-dia-de-nid01092026\/\" target=\"_self\" title=\"https:\/\/www.lanacion.com.ar\/el-mundo\/ariane-la-hija-menor-de-la-reina-maxima-sorprendio-con-un-look-descontracturado-en-su-primer-dia-de-nid01092026\/\" class=\"com-link break-word\" data-mrf-recirculation=\"n_link_parrafo\">la princesa Ariane, comenz\u00f3 su camino universitario<\/a>. Tras finalizar en mayo de 2025 sus estudios secundarios en el Colegio del Mundo Unido del Adri\u00e1tico (United World College of the Adriatic), en la ciudad italiana de Duino, la joven de 19 a\u00f1os<strong> decidi\u00f3 regresar a casa y formarse en una de las instituciones especializadas en ingenier\u00eda<\/strong>, tecnolog\u00eda y ciencias exactas m\u00e1s prestigiosas de Europa. Oficialmente, <strong>ya es estudiante de la licenciatura de Ingenier\u00eda Aeroespacial en la Universidad T\u00e9cnica de Delft<\/strong> (TU Delft), en Holanda Meridional.<\/p>\n<div class=\"content-media\">\n<section role=\"button\" class=\"mod-media   \">\n<figure role=\"button\" tabindex=\"0\" class=\"mod-figure \"><figcaption class=\"mod-figcaption\"><span class=\"com-text --caption --twoxs\">La princesa Arine comenz\u00f3 sus estudios en Ingenier\u00eda Aeroespacial en la Universidad T\u00e9cnica de Delft (Foto: Instagram @koninklijkhuis)<\/span><\/figcaption><\/figure>\n<\/section>\n<\/div>\n<p class=\"com-paragraph --s\">Y lo cierto es que demostr\u00f3, en su forma de vestirse, que<strong> hered\u00f3 parte del estilo canchero y descontracturado de su madre<\/strong>. Se luci\u00f3, a pura sonrisa, con una camisa blanca de manga larga, un colorido pantal\u00f3n rayado, unas zapatillas urbanas azules y una cartera marr\u00f3n de cuero en la que enganch\u00f3 su broche para el cabello. <\/p>\n<section class=\"container-center-100 mb-40 border border-bottom border-thin border-neutral-light-700\"\/><\/div>\n<p><script id=\"facebookpixel\" defer=\"\" type=\"text\/javascript\">\n        !function(f,b,e,v,n,t,s)\n        {if(f.fbq)return;n=f.fbq=function(){n.callMethod?\n        n.callMethod.apply(n,arguments):n.queue.push(arguments)};\n        if(!f._fbq)f._fbq=n;n.push=n;n.loaded=!0;n.version='2.0';\n        n.queue=[];t=b.createElement(e);t.async=!0;\n        t.src=v;s=b.getElementsByTagName(e)[0];\n        s.parentNode.insertBefore(t,s)}(window, document,'script',\n        'https:\/\/connect.facebook.net\/en_US\/fbevents.js');\n        fbq('init', '492459597522335');\n        fbq('track', 'PageView');\n    <\/script><br \/>\n<br \/><\/p>\n","protected":false},"excerpt":{"rendered":"<p>Una vez m\u00e1s, M\u00e1xima Zorreguieta volvi\u00f3 a demostrar que es una reina todoterreno. As\u00ed como supo saltar de un avi\u00f3n, preparar tragos y comidas, bailar en la calle y hasta enfrentarse en un juego de fuerza con su marido, el rey Guillermo Alejandro, esta semana se sent\u00f3 detr\u00e1s de un volante, pero no de un [&hellip;]<\/p>\n","protected":false},"author":2,"featured_media":210424,"comment_status":"closed","ping_status":"closed","sticky":false,"template":"","format":"standard","meta":{"footnotes":""},"categories":[26],"tags":[],"class_list":["post-210423","post","type-post","status-publish","format-standard","has-post-thumbnail","hentry","category-internacionales"],"yoast_head":"<!-- This site is optimized with the Yoast SEO plugin v24.4 - https:\/\/yoast.com\/wordpress\/plugins\/seo\/ -->\n<title>M\u00e1xima Zorreguieta volvi\u00f3 a salirse del protocolo y sorprendi\u00f3 a todos al manejar un tractor - GYS NOTICIAS |<\/title>\n<meta name=\"robots\" content=\"index, follow, max-snippet:-1, max-image-preview:large, max-video-preview:-1\" \/>\n<link rel=\"canonical\" href=\"https:\/\/gysfm.com.ar\/inicio\/maxima-zorreguieta-volvio-a-salirse-del-protocolo-y-sorprendio-a-todos-al-manejar-un-tractor\/\" \/>\n<meta property=\"og:locale\" content=\"es_ES\" \/>\n<meta property=\"og:type\" content=\"article\" \/>\n<meta property=\"og:title\" content=\"M\u00e1xima Zorreguieta volvi\u00f3 a salirse del protocolo y sorprendi\u00f3 a todos al manejar un tractor - GYS NOTICIAS |\" \/>\n<meta property=\"og:description\" content=\"Una vez m\u00e1s, M\u00e1xima Zorreguieta volvi\u00f3 a demostrar que es una reina todoterreno. As\u00ed como supo saltar de un avi\u00f3n, preparar tragos y comidas, bailar en la calle y hasta enfrentarse en un juego de fuerza con su marido, el rey Guillermo Alejandro, esta semana se sent\u00f3 detr\u00e1s de un volante, pero no de un [&hellip;]\" \/>\n<meta property=\"og:url\" content=\"https:\/\/gysfm.com.ar\/inicio\/maxima-zorreguieta-volvio-a-salirse-del-protocolo-y-sorprendio-a-todos-al-manejar-un-tractor\/\" \/>\n<meta property=\"og:site_name\" content=\"GYS NOTICIAS |\" \/>\n<meta property=\"article:published_time\" content=\"2026-09-04T14:52:06+00:00\" \/>\n<meta property=\"article:modified_time\" content=\"2026-09-04T14:52:07+00:00\" \/>\n<meta property=\"og:image\" content=\"https:\/\/gysfm.com.ar\/inicio\/wp-content\/uploads\/2026\/09\/la-reina-maxima-sorprendio-a-todos-al-manejar-un-24R7DZUKC5G6JAN4E42PEOTZB4.png\" \/>\n\t<meta property=\"og:image:width\" content=\"1200\" \/>\n\t<meta property=\"og:image:height\" content=\"800\" \/>\n\t<meta property=\"og:image:type\" content=\"image\/png\" \/>\n<meta name=\"author\" content=\"Prensa G&amp;S FM\" \/>\n<meta name=\"twitter:card\" content=\"summary_large_image\" \/>\n<meta name=\"twitter:label1\" content=\"Escrito por\" \/>\n\t<meta name=\"twitter:data1\" content=\"Prensa G&amp;S FM\" \/>\n\t<meta name=\"twitter:label2\" content=\"Tiempo de lectura\" \/>\n\t<meta name=\"twitter:data2\" content=\"3 minutos\" \/>\n<script type=\"application\/ld+json\" class=\"yoast-schema-graph\">{\"@context\":\"https:\/\/schema.org\",\"@graph\":[{\"@type\":\"Article\",\"@id\":\"https:\/\/gysfm.com.ar\/inicio\/maxima-zorreguieta-volvio-a-salirse-del-protocolo-y-sorprendio-a-todos-al-manejar-un-tractor\/#article\",\"isPartOf\":{\"@id\":\"https:\/\/gysfm.com.ar\/inicio\/maxima-zorreguieta-volvio-a-salirse-del-protocolo-y-sorprendio-a-todos-al-manejar-un-tractor\/\"},\"author\":{\"name\":\"Prensa G&amp;S FM\",\"@id\":\"https:\/\/gysfm.com.ar\/inicio\/#\/schema\/person\/3abba7593ef2ad19e1be221d54383dc5\"},\"headline\":\"M\u00e1xima Zorreguieta volvi\u00f3 a salirse del protocolo y sorprendi\u00f3 a todos al manejar un tractor\",\"datePublished\":\"2026-09-04T14:52:06+00:00\",\"dateModified\":\"2026-09-04T14:52:07+00:00\",\"mainEntityOfPage\":{\"@id\":\"https:\/\/gysfm.com.ar\/inicio\/maxima-zorreguieta-volvio-a-salirse-del-protocolo-y-sorprendio-a-todos-al-manejar-un-tractor\/\"},\"wordCount\":617,\"publisher\":{\"@id\":\"https:\/\/gysfm.com.ar\/inicio\/#organization\"},\"image\":{\"@id\":\"https:\/\/gysfm.com.ar\/inicio\/maxima-zorreguieta-volvio-a-salirse-del-protocolo-y-sorprendio-a-todos-al-manejar-un-tractor\/#primaryimage\"},\"thumbnailUrl\":\"https:\/\/gysfm.com.ar\/inicio\/wp-content\/uploads\/2026\/09\/la-reina-maxima-sorprendio-a-todos-al-manejar-un-24R7DZUKC5G6JAN4E42PEOTZB4.png\",\"articleSection\":[\"INTERNACIONALES\"],\"inLanguage\":\"es\"},{\"@type\":\"WebPage\",\"@id\":\"https:\/\/gysfm.com.ar\/inicio\/maxima-zorreguieta-volvio-a-salirse-del-protocolo-y-sorprendio-a-todos-al-manejar-un-tractor\/\",\"url\":\"https:\/\/gysfm.com.ar\/inicio\/maxima-zorreguieta-volvio-a-salirse-del-protocolo-y-sorprendio-a-todos-al-manejar-un-tractor\/\",\"name\":\"M\u00e1xima Zorreguieta volvi\u00f3 a salirse del protocolo y sorprendi\u00f3 a todos al manejar un tractor - GYS NOTICIAS |\",\"isPartOf\":{\"@id\":\"https:\/\/gysfm.com.ar\/inicio\/#website\"},\"primaryImageOfPage\":{\"@id\":\"https:\/\/gysfm.com.ar\/inicio\/maxima-zorreguieta-volvio-a-salirse-del-protocolo-y-sorprendio-a-todos-al-manejar-un-tractor\/#primaryimage\"},\"image\":{\"@id\":\"https:\/\/gysfm.com.ar\/inicio\/maxima-zorreguieta-volvio-a-salirse-del-protocolo-y-sorprendio-a-todos-al-manejar-un-tractor\/#primaryimage\"},\"thumbnailUrl\":\"https:\/\/gysfm.com.ar\/inicio\/wp-content\/uploads\/2026\/09\/la-reina-maxima-sorprendio-a-todos-al-manejar-un-24R7DZUKC5G6JAN4E42PEOTZB4.png\",\"datePublished\":\"2026-09-04T14:52:06+00:00\",\"dateModified\":\"2026-09-04T14:52:07+00:00\",\"breadcrumb\":{\"@id\":\"https:\/\/gysfm.com.ar\/inicio\/maxima-zorreguieta-volvio-a-salirse-del-protocolo-y-sorprendio-a-todos-al-manejar-un-tractor\/#breadcrumb\"},\"inLanguage\":\"es\",\"potentialAction\":[{\"@type\":\"ReadAction\",\"target\":[\"https:\/\/gysfm.com.ar\/inicio\/maxima-zorreguieta-volvio-a-salirse-del-protocolo-y-sorprendio-a-todos-al-manejar-un-tractor\/\"]}]},{\"@type\":\"ImageObject\",\"inLanguage\":\"es\",\"@id\":\"https:\/\/gysfm.com.ar\/inicio\/maxima-zorreguieta-volvio-a-salirse-del-protocolo-y-sorprendio-a-todos-al-manejar-un-tractor\/#primaryimage\",\"url\":\"https:\/\/gysfm.com.ar\/inicio\/wp-content\/uploads\/2026\/09\/la-reina-maxima-sorprendio-a-todos-al-manejar-un-24R7DZUKC5G6JAN4E42PEOTZB4.png\",\"contentUrl\":\"https:\/\/gysfm.com.ar\/inicio\/wp-content\/uploads\/2026\/09\/la-reina-maxima-sorprendio-a-todos-al-manejar-un-24R7DZUKC5G6JAN4E42PEOTZB4.png\",\"width\":1200,\"height\":800},{\"@type\":\"BreadcrumbList\",\"@id\":\"https:\/\/gysfm.com.ar\/inicio\/maxima-zorreguieta-volvio-a-salirse-del-protocolo-y-sorprendio-a-todos-al-manejar-un-tractor\/#breadcrumb\",\"itemListElement\":[{\"@type\":\"ListItem\",\"position\":1,\"name\":\"Portada\",\"item\":\"https:\/\/gysfm.com.ar\/inicio\/\"},{\"@type\":\"ListItem\",\"position\":2,\"name\":\"M\u00e1xima Zorreguieta volvi\u00f3 a salirse del protocolo y sorprendi\u00f3 a todos al manejar un tractor\"}]},{\"@type\":\"WebSite\",\"@id\":\"https:\/\/gysfm.com.ar\/inicio\/#website\",\"url\":\"https:\/\/gysfm.com.ar\/inicio\/\",\"name\":\"GYS NOTICIAS |\",\"description\":\"DIARIO - RADIO ONLINE SAN JUAN ARGENTINA\",\"publisher\":{\"@id\":\"https:\/\/gysfm.com.ar\/inicio\/#organization\"},\"potentialAction\":[{\"@type\":\"SearchAction\",\"target\":{\"@type\":\"EntryPoint\",\"urlTemplate\":\"https:\/\/gysfm.com.ar\/inicio\/?s={search_term_string}\"},\"query-input\":{\"@type\":\"PropertyValueSpecification\",\"valueRequired\":true,\"valueName\":\"search_term_string\"}}],\"inLanguage\":\"es\"},{\"@type\":\"Organization\",\"@id\":\"https:\/\/gysfm.com.ar\/inicio\/#organization\",\"name\":\"GYS NOTICIAS |\",\"url\":\"https:\/\/gysfm.com.ar\/inicio\/\",\"logo\":{\"@type\":\"ImageObject\",\"inLanguage\":\"es\",\"@id\":\"https:\/\/gysfm.com.ar\/inicio\/#\/schema\/logo\/image\/\",\"url\":\"https:\/\/gysfm.com.ar\/inicio\/wp-content\/uploads\/2023\/07\/LOGOGYS-OK.png\",\"contentUrl\":\"https:\/\/gysfm.com.ar\/inicio\/wp-content\/uploads\/2023\/07\/LOGOGYS-OK.png\",\"width\":1170,\"height\":872,\"caption\":\"GYS NOTICIAS |\"},\"image\":{\"@id\":\"https:\/\/gysfm.com.ar\/inicio\/#\/schema\/logo\/image\/\"}},{\"@type\":\"Person\",\"@id\":\"https:\/\/gysfm.com.ar\/inicio\/#\/schema\/person\/3abba7593ef2ad19e1be221d54383dc5\",\"name\":\"Prensa G&amp;S FM\",\"image\":{\"@type\":\"ImageObject\",\"inLanguage\":\"es\",\"@id\":\"https:\/\/gysfm.com.ar\/inicio\/#\/schema\/person\/image\/\",\"url\":\"https:\/\/secure.gravatar.com\/avatar\/096ec78df02049ab018702bb4ccedf659377fa92a26540b5247612077a0dbd29?s=96&d=mm&r=g\",\"contentUrl\":\"https:\/\/secure.gravatar.com\/avatar\/096ec78df02049ab018702bb4ccedf659377fa92a26540b5247612077a0dbd29?s=96&d=mm&r=g\",\"caption\":\"Prensa G&amp;S FM\"},\"sameAs\":[\"https:\/\/gysfm.com.ar\/\"],\"url\":\"https:\/\/gysfm.com.ar\/inicio\/author\/lucasm\/\"}]}<\/script>\n<!-- \/ Yoast SEO plugin. -->","yoast_head_json":{"title":"M\u00e1xima Zorreguieta volvi\u00f3 a salirse del protocolo y sorprendi\u00f3 a todos al manejar un tractor - GYS NOTICIAS |","robots":{"index":"index","follow":"follow","max-snippet":"max-snippet:-1","max-image-preview":"max-image-preview:large","max-video-preview":"max-video-preview:-1"},"canonical":"https:\/\/gysfm.com.ar\/inicio\/maxima-zorreguieta-volvio-a-salirse-del-protocolo-y-sorprendio-a-todos-al-manejar-un-tractor\/","og_locale":"es_ES","og_type":"article","og_title":"M\u00e1xima Zorreguieta volvi\u00f3 a salirse del protocolo y sorprendi\u00f3 a todos al manejar un tractor - GYS NOTICIAS |","og_description":"Una vez m\u00e1s, M\u00e1xima Zorreguieta volvi\u00f3 a demostrar que es una reina todoterreno. As\u00ed como supo saltar de un avi\u00f3n, preparar tragos y comidas, bailar en la calle y hasta enfrentarse en un juego de fuerza con su marido, el rey Guillermo Alejandro, esta semana se sent\u00f3 detr\u00e1s de un volante, pero no de un [&hellip;]","og_url":"https:\/\/gysfm.com.ar\/inicio\/maxima-zorreguieta-volvio-a-salirse-del-protocolo-y-sorprendio-a-todos-al-manejar-un-tractor\/","og_site_name":"GYS NOTICIAS |","article_published_time":"2026-09-04T14:52:06+00:00","article_modified_time":"2026-09-04T14:52:07+00:00","og_image":[{"width":1200,"height":800,"url":"https:\/\/gysfm.com.ar\/inicio\/wp-content\/uploads\/2026\/09\/la-reina-maxima-sorprendio-a-todos-al-manejar-un-24R7DZUKC5G6JAN4E42PEOTZB4.png","type":"image\/png"}],"author":"Prensa G&amp;S FM","twitter_card":"summary_large_image","twitter_misc":{"Escrito por":"Prensa G&amp;S FM","Tiempo de lectura":"3 minutos"},"schema":{"@context":"https:\/\/schema.org","@graph":[{"@type":"Article","@id":"https:\/\/gysfm.com.ar\/inicio\/maxima-zorreguieta-volvio-a-salirse-del-protocolo-y-sorprendio-a-todos-al-manejar-un-tractor\/#article","isPartOf":{"@id":"https:\/\/gysfm.com.ar\/inicio\/maxima-zorreguieta-volvio-a-salirse-del-protocolo-y-sorprendio-a-todos-al-manejar-un-tractor\/"},"author":{"name":"Prensa G&amp;S FM","@id":"https:\/\/gysfm.com.ar\/inicio\/#\/schema\/person\/3abba7593ef2ad19e1be221d54383dc5"},"headline":"M\u00e1xima Zorreguieta volvi\u00f3 a salirse del protocolo y sorprendi\u00f3 a todos al manejar un tractor","datePublished":"2026-09-04T14:52:06+00:00","dateModified":"2026-09-04T14:52:07+00:00","mainEntityOfPage":{"@id":"https:\/\/gysfm.com.ar\/inicio\/maxima-zorreguieta-volvio-a-salirse-del-protocolo-y-sorprendio-a-todos-al-manejar-un-tractor\/"},"wordCount":617,"publisher":{"@id":"https:\/\/gysfm.com.ar\/inicio\/#organization"},"image":{"@id":"https:\/\/gysfm.com.ar\/inicio\/maxima-zorreguieta-volvio-a-salirse-del-protocolo-y-sorprendio-a-todos-al-manejar-un-tractor\/#primaryimage"},"thumbnailUrl":"https:\/\/gysfm.com.ar\/inicio\/wp-content\/uploads\/2026\/09\/la-reina-maxima-sorprendio-a-todos-al-manejar-un-24R7DZUKC5G6JAN4E42PEOTZB4.png","articleSection":["INTERNACIONALES"],"inLanguage":"es"},{"@type":"WebPage","@id":"https:\/\/gysfm.com.ar\/inicio\/maxima-zorreguieta-volvio-a-salirse-del-protocolo-y-sorprendio-a-todos-al-manejar-un-tractor\/","url":"https:\/\/gysfm.com.ar\/inicio\/maxima-zorreguieta-volvio-a-salirse-del-protocolo-y-sorprendio-a-todos-al-manejar-un-tractor\/","name":"M\u00e1xima Zorreguieta volvi\u00f3 a salirse del protocolo y sorprendi\u00f3 a todos al manejar un tractor - GYS NOTICIAS |","isPartOf":{"@id":"https:\/\/gysfm.com.ar\/inicio\/#website"},"primaryImageOfPage":{"@id":"https:\/\/gysfm.com.ar\/inicio\/maxima-zorreguieta-volvio-a-salirse-del-protocolo-y-sorprendio-a-todos-al-manejar-un-tractor\/#primaryimage"},"image":{"@id":"https:\/\/gysfm.com.ar\/inicio\/maxima-zorreguieta-volvio-a-salirse-del-protocolo-y-sorprendio-a-todos-al-manejar-un-tractor\/#primaryimage"},"thumbnailUrl":"https:\/\/gysfm.com.ar\/inicio\/wp-content\/uploads\/2026\/09\/la-reina-maxima-sorprendio-a-todos-al-manejar-un-24R7DZUKC5G6JAN4E42PEOTZB4.png","datePublished":"2026-09-04T14:52:06+00:00","dateModified":"2026-09-04T14:52:07+00:00","breadcrumb":{"@id":"https:\/\/gysfm.com.ar\/inicio\/maxima-zorreguieta-volvio-a-salirse-del-protocolo-y-sorprendio-a-todos-al-manejar-un-tractor\/#breadcrumb"},"inLanguage":"es","potentialAction":[{"@type":"ReadAction","target":["https:\/\/gysfm.com.ar\/inicio\/maxima-zorreguieta-volvio-a-salirse-del-protocolo-y-sorprendio-a-todos-al-manejar-un-tractor\/"]}]},{"@type":"ImageObject","inLanguage":"es","@id":"https:\/\/gysfm.com.ar\/inicio\/maxima-zorreguieta-volvio-a-salirse-del-protocolo-y-sorprendio-a-todos-al-manejar-un-tractor\/#primaryimage","url":"https:\/\/gysfm.com.ar\/inicio\/wp-content\/uploads\/2026\/09\/la-reina-maxima-sorprendio-a-todos-al-manejar-un-24R7DZUKC5G6JAN4E42PEOTZB4.png","contentUrl":"https:\/\/gysfm.com.ar\/inicio\/wp-content\/uploads\/2026\/09\/la-reina-maxima-sorprendio-a-todos-al-manejar-un-24R7DZUKC5G6JAN4E42PEOTZB4.png","width":1200,"height":800},{"@type":"BreadcrumbList","@id":"https:\/\/gysfm.com.ar\/inicio\/maxima-zorreguieta-volvio-a-salirse-del-protocolo-y-sorprendio-a-todos-al-manejar-un-tractor\/#breadcrumb","itemListElement":[{"@type":"ListItem","position":1,"name":"Portada","item":"https:\/\/gysfm.com.ar\/inicio\/"},{"@type":"ListItem","position":2,"name":"M\u00e1xima Zorreguieta volvi\u00f3 a salirse del protocolo y sorprendi\u00f3 a todos al manejar un tractor"}]},{"@type":"WebSite","@id":"https:\/\/gysfm.com.ar\/inicio\/#website","url":"https:\/\/gysfm.com.ar\/inicio\/","name":"GYS NOTICIAS |","description":"DIARIO - RADIO ONLINE SAN JUAN ARGENTINA","publisher":{"@id":"https:\/\/gysfm.com.ar\/inicio\/#organization"},"potentialAction":[{"@type":"SearchAction","target":{"@type":"EntryPoint","urlTemplate":"https:\/\/gysfm.com.ar\/inicio\/?s={search_term_string}"},"query-input":{"@type":"PropertyValueSpecification","valueRequired":true,"valueName":"search_term_string"}}],"inLanguage":"es"},{"@type":"Organization","@id":"https:\/\/gysfm.com.ar\/inicio\/#organization","name":"GYS NOTICIAS |","url":"https:\/\/gysfm.com.ar\/inicio\/","logo":{"@type":"ImageObject","inLanguage":"es","@id":"https:\/\/gysfm.com.ar\/inicio\/#\/schema\/logo\/image\/","url":"https:\/\/gysfm.com.ar\/inicio\/wp-content\/uploads\/2023\/07\/LOGOGYS-OK.png","contentUrl":"https:\/\/gysfm.com.ar\/inicio\/wp-content\/uploads\/2023\/07\/LOGOGYS-OK.png","width":1170,"height":872,"caption":"GYS NOTICIAS |"},"image":{"@id":"https:\/\/gysfm.com.ar\/inicio\/#\/schema\/logo\/image\/"}},{"@type":"Person","@id":"https:\/\/gysfm.com.ar\/inicio\/#\/schema\/person\/3abba7593ef2ad19e1be221d54383dc5","name":"Prensa G&amp;S FM","image":{"@type":"ImageObject","inLanguage":"es","@id":"https:\/\/gysfm.com.ar\/inicio\/#\/schema\/person\/image\/","url":"https:\/\/secure.gravatar.com\/avatar\/096ec78df02049ab018702bb4ccedf659377fa92a26540b5247612077a0dbd29?s=96&d=mm&r=g","contentUrl":"https:\/\/secure.gravatar.com\/avatar\/096ec78df02049ab018702bb4ccedf659377fa92a26540b5247612077a0dbd29?s=96&d=mm&r=g","caption":"Prensa G&amp;S FM"},"sameAs":["https:\/\/gysfm.com.ar\/"],"url":"https:\/\/gysfm.com.ar\/inicio\/author\/lucasm\/"}]}},"_links":{"self":[{"href":"https:\/\/gysfm.com.ar\/inicio\/wp-json\/wp\/v2\/posts\/210423","targetHints":{"allow":["GET"]}}],"collection":[{"href":"https:\/\/gysfm.com.ar\/inicio\/wp-json\/wp\/v2\/posts"}],"about":[{"href":"https:\/\/gysfm.com.ar\/inicio\/wp-json\/wp\/v2\/types\/post"}],"author":[{"embeddable":true,"href":"https:\/\/gysfm.com.ar\/inicio\/wp-json\/wp\/v2\/users\/2"}],"replies":[{"embeddable":true,"href":"https:\/\/gysfm.com.ar\/inicio\/wp-json\/wp\/v2\/comments?post=210423"}],"version-history":[{"count":1,"href":"https:\/\/gysfm.com.ar\/inicio\/wp-json\/wp\/v2\/posts\/210423\/revisions"}],"predecessor-version":[{"id":210425,"href":"https:\/\/gysfm.com.ar\/inicio\/wp-json\/wp\/v2\/posts\/210423\/revisions\/210425"}],"wp:featuredmedia":[{"embeddable":true,"href":"https:\/\/gysfm.com.ar\/inicio\/wp-json\/wp\/v2\/media\/210424"}],"wp:attachment":[{"href":"https:\/\/gysfm.com.ar\/inicio\/wp-json\/wp\/v2\/media?parent=210423"}],"wp:term":[{"taxonomy":"category","embeddable":true,"href":"https:\/\/gysfm.com.ar\/inicio\/wp-json\/wp\/v2\/categories?post=210423"},{"taxonomy":"post_tag","embeddable":true,"href":"https:\/\/gysfm.com.ar\/inicio\/wp-json\/wp\/v2\/tags?post=210423"}],"curies":[{"name":"wp","href":"https:\/\/api.w.org\/{rel}","templated":true}]}}