{"id":210412,"date":"2026-09-04T10:12:06","date_gmt":"2026-09-04T13:12:06","guid":{"rendered":"https:\/\/gysfm.com.ar\/inicio\/casi-el-70-preve-que-aumentaran-ventas-en-2027-tras-la-desaceleracion-de-este-ano\/"},"modified":"2026-09-04T10:12:06","modified_gmt":"2026-09-04T13:12:06","slug":"casi-el-70-preve-que-aumentaran-ventas-en-2027-tras-la-desaceleracion-de-este-ano","status":"publish","type":"post","link":"https:\/\/gysfm.com.ar\/inicio\/casi-el-70-preve-que-aumentaran-ventas-en-2027-tras-la-desaceleracion-de-este-ano\/","title":{"rendered":"casi el 70% prev\u00e9 que aumentar\u00e1n ventas en 2027 tras la desaceleraci\u00f3n de este a\u00f1o"},"content":{"rendered":"<p> <br \/>\n<\/p>\n<div>\t\t<!-- { REGION4 --> <\/p>\n<header class=\"news-headline\">\n<div class=\"news-headline__topics-and-date-wrapper\">    <span class=\"news-headline__publication-date\"> 3 de septiembre 2026 &#8211; 20:19<br \/>\n            <\/span><\/div>\n<h2 class=\"news-headline__article-summary\"\/>\n<p id=\"p-1788474254566-63059\" class=\"ignore-parser\"> Un relevamiento revel\u00f3 que el 51% de las empresas aument\u00f3 sus ventas durante el \u00faltimo a\u00f1o, frente al 62% registrado en la edici\u00f3n anterior. Pese a la desaceleraci\u00f3n, las expectativas para 2027 muestran una mejora.<\/p>\n<\/header>\n<article class=\"article-body article-body--first-paragraph\" data-td-script-src=\"https:\/\/www.ambito.com\/td\/modulos\/encuestas\/js\/function-embeds-min-version-1788408512.js\">\n<p id=\"p-1788473592020-60453\" class=\"\" data-start=\"0\" data-end=\"744\"><em> <strong>Enviada especial a Misiones.- <\/strong><\/em> La <strong data-start=\"3\" data-end=\"30\">consultora EY Argentina<\/strong>, en conjunto con el Instituto Argentino de Finanzas (IAEF), present\u00f3 los resultados de la encuesta 2026, que busca hacer una radiograf\u00eda del sector. Cabe resaltar que este a\u00f1o <strong data-start=\"360\" data-end=\"416\">el crecimiento de las ventas se moder\u00f3 frente a 2025<\/strong>. As\u00ed, <strong data-start=\"423\" data-end=\"610\">el 51% de los empresarios se\u00f1al\u00f3 que los n\u00fameros de su comercializaci\u00f3n crecieron durante el \u00faltimo a\u00f1o, contra el 62% del relevamiento anterior, mientras que un 32% report\u00f3 una ca\u00edda<\/strong>. La rentabilidad mostr\u00f3 un comportamiento similar: mejor\u00f3 en el 32% de los casos, se mantuvo constante en el 30% y empeor\u00f3 en el 34%.<\/p>\n<\/article>\n<section class=\"suscription-false printed-edition\" style=\"display:none\">\n<p> El contenido al que quiere acceder es exclusivo para suscriptores.<\/p>\n<p>  <span> <button type=\"button\" name=\"button\" class=\"subscribe-btn mercadopago-btn\">suscribirse<\/button><\/span>  <span class=\"btns\"><button type=\"button\" name=\"button\" class=\"subscribe-btn reload-login\"> ya estoy suscripto<\/button><\/span>  <\/p>\n<\/section>\n<article class=\"article-body article-body--second-paragraph\">\n<p id=\"p-1788473592020-44787\" data-start=\"746\" data-end=\"1237\">La mirada hacia adelante, sin embargo, es m\u00e1s optimista: <strong data-start=\"803\" data-end=\"919\">el 68% de las empresas prev\u00e9 que sus ventas crecer\u00e1n durante 2027 y el 53% espera una mejora en su rentabilidad.<\/strong> En cuanto a las inversiones, casi el 50% proyecta que crecer\u00e1n el a\u00f1o pr\u00f3ximo. Respecto de las fuentes de financiamiento, <strong data-start=\"1042\" data-end=\"1126\">la autofinanciaci\u00f3n contin\u00faa siendo la principal v\u00eda utilizada por las compa\u00f1\u00edas<\/strong> (31%), seguida por los bancos y las entidades financieras locales (22%) y los aportes de la casa matriz (15%).<\/p>\n<\/article>\n<section class=\"related-news\">\t\t<span class=\"related-news__title\">Informate m\u00e1s<\/span>\t\t<\/p>\n<div class=\"row row--eq-height\">\n<div class=\"col-12 col-md-6\">\n<article class=\"news-article news-article--landscape-news news-article--landscape-news\">\n<figure class=\"news-article__figure figure\">\n\t\t\t\t\t\t\t\t\t\t\t<img src=\"https:\/\/media.ambito.com\/p\/af7ef2fd4962c837b10c51b32ad196ca\/adjuntos\/239\/imagenes\/041\/329\/0041329757\/cnv-comision-nacional-valores.jpg\" decoding=\"async\" fetchpriority=\"low\" loading=\"lazy\" alt=\"La norma reemplaz\u00f3 el esquema de revisi\u00f3n de calificaciones, que exig\u00eda un m\u00ednimo de cuatro informes anuales, por un sistema de monitoreo continuo y permanente, con la obligaci\u00f3n de emitir como m\u00ednimo una calificaci\u00f3n por a\u00f1o.\" title=\"La norma reemplaz\u00f3 el esquema de revisi\u00f3n de calificaciones, que exig\u00eda un m\u00ednimo de cuatro informes anuales, por un sistema de monitoreo continuo y permanente, con la obligaci\u00f3n de emitir como m\u00ednimo una calificaci\u00f3n por a\u00f1o.\" width=\"93\" height=\"52\" class=\"news-article__figure-img figure-img img-fluid\"\/>\t\t<\/figure>\n<\/article><\/div>\n<div class=\"col-12 col-md-6\">\n<article class=\"news-article news-article--landscape-news news-article--landscape-news\">\n<figure class=\"news-article__figure figure\">\n\t\t\t\t\t\t\t\t\t\t\t<img src=\"https:\/\/media.ambito.com\/p\/59e723b640ff25d49984a7fa55f38395\/adjuntos\/239\/imagenes\/043\/619\/0043619267\/93x52\/988x488:1008x508\/creditos-freepik.jpg\" decoding=\"async\" fetchpriority=\"low\" loading=\"lazy\" alt=\"Esta nueva l\u00ednea incorpora una cl\u00e1usula \u00fatil para los usuarios.\" title=\"Esta nueva l\u00ednea incorpora una cl\u00e1usula \u00fatil para los usuarios.\" width=\"93\" height=\"52\" class=\"news-article__figure-img figure-img img-fluid\"\/>\t\t<\/figure>\n<\/article><\/div>\n<\/div>\n<\/section>\n<article class=\"article-body article-body--third-paragraph\">\n<p id=\"p-1788473592020-56742\" data-start=\"1239\" data-end=\"1839\"> Para el 69% de los encuestados, <strong data-start=\"1271\" data-end=\"1405\">las necesidades de financiaci\u00f3n no registraron cambios respecto del a\u00f1o anterior, lo que evidencia cierta cautela para tomar deuda<\/strong>, advierten desde EY Argentina. A su vez, para favorecer la confianza a la hora de decidir una inversi\u00f3n, <strong data-start=\"1511\" data-end=\"1573\">los ejecutivos piden un plan econ\u00f3mico claro y sustentable<\/strong> (27%), <strong data-start=\"1581\" data-end=\"1633\">una reforma tributaria que estimule la inversi\u00f3n<\/strong> (25%) y <strong data-start=\"1642\" data-end=\"1676\">una pol\u00edtica cambiaria estable<\/strong> (20%). En materia de incentivos legales, la protecci\u00f3n de las inversiones extranjeras y los tratados de libre comercio lideran las menciones, con el 32% cada uno.<\/p>\n<\/article>\n<article class=\"article-body article-body--fourth-paragraph\">\n<p id=\"p-1788473592020-10292\" data-start=\"1841\" data-end=\"2223\">A nivel global, por su parte, los empresarios se\u00f1alaron que <strong data-start=\"1901\" data-end=\"2042\">las altas tasas de financiamiento (26%) y el avance de los populismos o nacionalismos extremos (20%) son las tendencias que m\u00e1s preocupan<\/strong>, mientras que entre las tendencias que impactan en sus negocios se destacan <strong data-start=\"2119\" data-end=\"2222\">el efecto de la inteligencia artificial (28%) y la aparici\u00f3n de competidores no tradicionales (26%)<\/strong>.<\/p>\n<\/article>\n<article class=\"article-body article-body--fifth-paragraph\">\n<p id=\"p-1788473592020-81524\" data-start=\"2225\" data-end=\"2830\">En cuanto a los sectores productivos, <strong data-start=\"2263\" data-end=\"2420\">el de energ\u00eda se consolida como el de mayor potencial de crecimiento, con el 37% de las menciones, seguido por agribusiness (23%) e infraestructura (17%)<\/strong>. En ese marco, <strong data-start=\"2436\" data-end=\"2491\">la simplificaci\u00f3n tributaria y administrativa (61%)<\/strong> y los acuerdos entre el Gobierno, los sindicatos y las empresas (19%) aparecen como las principales acciones del Estado que mejorar\u00edan la competitividad, junto con medidas de est\u00edmulo fiscal como <strong data-start=\"2688\" data-end=\"2829\">la reducci\u00f3n de al\u00edcuotas a cambio de la reinversi\u00f3n de utilidades (29%) y la reducci\u00f3n de cargas sociales a cambio de nuevo empleo (28%)<\/strong>.<\/p>\n<\/article>\n<article class=\"article-body article-body--remaining-paragraph\">\n<p id=\"p-1788473592020-63629\" data-start=\"2832\" data-end=\"3156\">Sobre uno de los ejes centrales de este congreso, que es justamente c\u00f3mo pasar de la estabilidad al crecimiento, <strong data-start=\"2945\" data-end=\"3043\">los ejecutivos priorizaron incrementar la productividad integrando la IA y la tecnolog\u00eda (30%)<\/strong> y pedir al Estado <strong data-start=\"3062\" data-end=\"3155\">reglas b\u00e1sicas sostenibles en el tiempo que permitan la planificaci\u00f3n a largo plazo (29%)<\/strong>.<\/p>\n<p id=\"p-1788473592020-38034\" data-start=\"3158\" data-end=\"3460\">Estos fueron los resultados de la vig\u00e9sima tercera edici\u00f3n de la encuesta anual sobre financiaci\u00f3n e inversi\u00f3n, bajo el lema <strong data-start=\"3283\" data-end=\"3371\">\u201cArgentina: de la estabilidad al crecimiento. C\u00f3mo generar competitividad sostenida\u201d<\/strong>, con la participaci\u00f3n de m\u00e1s de 100 de las principales empresas l\u00edderes de la Argentina.<\/p>\n<h2 id=\"p-1788473592020-19735\" data-section-id=\"wglhiq\" data-start=\"3462\" data-end=\"3534\">Los n\u00fameros que a\u00fan faltan consolidar: las luces amarillas del sector<\/h2>\n<div contenteditable=\"false\" class=\"embed_cont type_imagen\" id=\"8273768-Libre-887070755_wrap\">\n<div id=\"8273768-Libre-887070755_content\" class=\"embed_content\"><img src=\"https:\/\/media.ambito.com\/p\/b69df75e3ec969e67f9385070fa98c91\/adjuntos\/239\/imagenes\/043\/621\/0043621853\/730x0\/smart\/image.png\" decoding=\"async\" fetchpriority=\"low\" loading=\"lazy\" alt=\"\" title=\"\" width=\"730\" height=\"undefined\" id=\"8273768-Libre-887070755_embed\"\/><\/div><\/div>\n<p id=\"p-1788473610124-75417\">Un <strong data-start=\"3812\" data-end=\"3952\">44,1% de las empresas afirma tener margen para incrementar sus ventas en moneda constante con su capacidad instalada y estructura actual<\/strong>, consolidando una ligera contracci\u00f3n respecto del pico del <strong data-start=\"4012\" data-end=\"4038\">50% registrado en 2024<\/strong> y del <strong data-start=\"4045\" data-end=\"4060\">45% de 2025<\/strong>.<\/p>\n<p id=\"p-1788473613165-37167\">De esta manera, tras el desplome hist\u00f3rico que llev\u00f3 el indicador a un piso del <strong data-start=\"4142\" data-end=\"4157\">27% en 2022<\/strong>, desde el <strong data-start=\"4168\" data-end=\"4193\">66% reportado en 2020<\/strong>, la serie muestra una estabilizaci\u00f3n que deja en evidencia que m\u00e1s del 55% del sector productivo opera cerca de su l\u00edmite estructural.<\/p>\n<div contenteditable=\"false\" class=\"embed_cont type_imagen\" id=\"8273769-Libre-2054574880_wrap\">\n<div id=\"8273769-Libre-2054574880_content\" class=\"embed_content\"><img src=\"https:\/\/media.ambito.com\/p\/d7b2d9bc622db2504785016cfce1b987\/adjuntos\/239\/imagenes\/043\/621\/0043621854\/730x0\/smart\/image.png\" decoding=\"async\" fetchpriority=\"low\" loading=\"lazy\" alt=\"\" title=\"\" width=\"730\" height=\"undefined\" id=\"8273769-Libre-2054574880_embed\"\/><\/div><\/div>\n<p id=\"p-1788473636439-32914\" class=\"\" data-start=\"4603\" data-end=\"5025\">Mientras que <strong data-start=\"4616\" data-end=\"4713\">la mirada sobre la evoluci\u00f3n del valor corporativo en el \u00faltimo a\u00f1o retrocedi\u00f3 al 34% en 2026<\/strong> \u2014tras haber alcanzado un pico del 39% en 2024 y descendido a un m\u00ednimo hist\u00f3rico del 17% en 2023\u2014, <strong data-start=\"4813\" data-end=\"4914\">las perspectivas a cinco a\u00f1os se ubican en el 78%, por debajo del techo del 86% alcanzado en 2025<\/strong>. Pese a esto, las perspectivas a dos a\u00f1os suben sistem\u00e1ticamente: <strong data-start=\"4981\" data-end=\"5024\">69% en 2024, 70% en 2025 y 71% este a\u00f1o<\/strong>.<\/p>\n<h2 id=\"p-1788473636439-33316\" data-section-id=\"1n95tmw\" data-start=\"5027\" data-end=\"5104\">Cu\u00e1les son los pendientes que los empresarios ven en el programa econ\u00f3mico<\/h2>\n<p id=\"p-1788473636439-35840\" data-start=\"5106\" data-end=\"5492\">Alejandro Kelman, socio de EY Argentina, asever\u00f3 que <strong data-start=\"5159\" data-end=\"5340\">\u201ctodav\u00eda falta que el financiamiento estructurado y el mercado de capitales recuperen protagonismo para acompa\u00f1ar proyectos de mayor escala, como los que se enmarcan en el RIGI\u201d<\/strong>. Al respecto, mencion\u00f3 que <strong data-start=\"5368\" data-end=\"5491\">la autofinanciaci\u00f3n sigue siendo el refugio natural de las empresas mientras se consolida la estabilidad macroecon\u00f3mica<\/strong>.<\/p>\n<p id=\"p-1788473636439-37328\" data-start=\"5494\" data-end=\"5938\">En cuanto al presente, destac\u00f3: \u201cDespu\u00e9s de un 2025 de fuerte recuperaci\u00f3n y frente a un escenario de desaceleraci\u00f3n de la inflaci\u00f3n y mayor calma cambiaria, este a\u00f1o el proceso de estabilizaci\u00f3n se mostr\u00f3 algo m\u00e1s heterog\u00e9neo, propio de una econom\u00eda que todav\u00eda est\u00e1 acomodando sus precios relativos. Aun as\u00ed, <strong data-start=\"5805\" data-end=\"5936\">la resiliencia de las compa\u00f1\u00edas es notable y se refleja en que la mayor\u00eda sigue invirtiendo y proyectando crecimiento para 2027<\/strong>\u201d.<\/p>\n<p id=\"p-1788473636439-44259\" data-start=\"5940\" data-end=\"6429\" data-is-last-node=\"\" data-is-only-node=\"\">\u201cLa Argentina tiene la oportunidad de dar el salto de la estabilidad al crecimiento si logra sostener las reglas de juego en el tiempo. <strong data-start=\"6076\" data-end=\"6295\">Los sectores con mayor proyecci\u00f3n internacional \u2014energ\u00eda, agro e infraestructura\u2014 necesitan previsibilidad, mejores mecanismos de financiamiento y menores costos operativos para volverse competitivos a escala global<\/strong>, y la inteligencia artificial ya se perfila como una palanca central para dar ese salto de productividad\u201d, concluy\u00f3 Alejandro Kelman.<\/p>\n<\/article>\n<p>\t\t<!-- REGION4 } --><\/div>\n<p><script>\n!function(f,b,e,v,n,t,s)\n{if(f.fbq)return;n=f.fbq=function(){n.callMethod?\nn.callMethod.apply(n,arguments):n.queue.push(arguments)};\nif(!f._fbq)f._fbq=n;n.push=n;n.loaded=!0;n.version='2.0';\nn.queue=[];t=b.createElement(e);t.async=!0;\nt.src=v;s=b.getElementsByTagName(e)[0];\ns.parentNode.insertBefore(t,s)}(window,document,'script',\n'https:\/\/connect.facebook.net\/en_US\/fbevents.js');\nfbq('init', '2047048335588113');\nfbq('track', 'PageView');\n<\/script><br \/>\n<br \/><\/p>\n","protected":false},"excerpt":{"rendered":"<p>3 de septiembre 2026 &#8211; 20:19 Un relevamiento revel\u00f3 que el 51% de las empresas aument\u00f3 sus ventas durante el \u00faltimo a\u00f1o, frente al 62% registrado en la edici\u00f3n anterior. Pese a la desaceleraci\u00f3n, las expectativas para 2027 muestran una mejora. Enviada especial a Misiones.- La consultora EY Argentina, en conjunto con el Instituto Argentino [&hellip;]<\/p>\n","protected":false},"author":1,"featured_media":210413,"comment_status":"closed","ping_status":"closed","sticky":false,"template":"","format":"standard","meta":{"footnotes":""},"categories":[28],"tags":[],"class_list":["post-210412","post","type-post","status-publish","format-standard","has-post-thumbnail","hentry","category-economia"],"yoast_head":"<!-- This site is optimized with the Yoast SEO plugin v24.4 - https:\/\/yoast.com\/wordpress\/plugins\/seo\/ -->\n<title>casi el 70% prev\u00e9 que aumentar\u00e1n ventas en 2027 tras la desaceleraci\u00f3n de este a\u00f1o - GYS NOTICIAS |<\/title>\n<meta name=\"robots\" content=\"index, follow, max-snippet:-1, max-image-preview:large, max-video-preview:-1\" \/>\n<link rel=\"canonical\" href=\"https:\/\/gysfm.com.ar\/inicio\/casi-el-70-preve-que-aumentaran-ventas-en-2027-tras-la-desaceleracion-de-este-ano\/\" \/>\n<meta property=\"og:locale\" content=\"es_ES\" \/>\n<meta property=\"og:type\" content=\"article\" \/>\n<meta property=\"og:title\" content=\"casi el 70% prev\u00e9 que aumentar\u00e1n ventas en 2027 tras la desaceleraci\u00f3n de este a\u00f1o - GYS NOTICIAS |\" \/>\n<meta property=\"og:description\" content=\"3 de septiembre 2026 &#8211; 20:19 Un relevamiento revel\u00f3 que el 51% de las empresas aument\u00f3 sus ventas durante el \u00faltimo a\u00f1o, frente al 62% registrado en la edici\u00f3n anterior. Pese a la desaceleraci\u00f3n, las expectativas para 2027 muestran una mejora. Enviada especial a Misiones.- La consultora EY Argentina, en conjunto con el Instituto Argentino [&hellip;]\" \/>\n<meta property=\"og:url\" content=\"https:\/\/gysfm.com.ar\/inicio\/casi-el-70-preve-que-aumentaran-ventas-en-2027-tras-la-desaceleracion-de-este-ano\/\" \/>\n<meta property=\"og:site_name\" content=\"GYS NOTICIAS |\" \/>\n<meta property=\"article:published_time\" content=\"2026-09-04T13:12:06+00:00\" \/>\n<meta property=\"og:image\" content=\"https:\/\/media.ambito.com\/p\/af7ef2fd4962c837b10c51b32ad196ca\/adjuntos\/239\/imagenes\/041\/329\/0041329757\/cnv-comision-nacional-valores.jpg\" \/>\n<meta name=\"author\" content=\"admin\" \/>\n<meta name=\"twitter:card\" content=\"summary_large_image\" \/>\n<meta name=\"twitter:label1\" content=\"Escrito por\" \/>\n\t<meta name=\"twitter:data1\" content=\"admin\" \/>\n\t<meta name=\"twitter:label2\" content=\"Tiempo de lectura\" \/>\n\t<meta name=\"twitter:data2\" content=\"5 minutos\" \/>\n<script type=\"application\/ld+json\" class=\"yoast-schema-graph\">{\"@context\":\"https:\/\/schema.org\",\"@graph\":[{\"@type\":\"Article\",\"@id\":\"https:\/\/gysfm.com.ar\/inicio\/casi-el-70-preve-que-aumentaran-ventas-en-2027-tras-la-desaceleracion-de-este-ano\/#article\",\"isPartOf\":{\"@id\":\"https:\/\/gysfm.com.ar\/inicio\/casi-el-70-preve-que-aumentaran-ventas-en-2027-tras-la-desaceleracion-de-este-ano\/\"},\"author\":{\"name\":\"admin\",\"@id\":\"https:\/\/gysfm.com.ar\/inicio\/#\/schema\/person\/5bedd7ecd35cc35548d89effafa23696\"},\"headline\":\"casi el 70% prev\u00e9 que aumentar\u00e1n ventas en 2027 tras la desaceleraci\u00f3n de este a\u00f1o\",\"datePublished\":\"2026-09-04T13:12:06+00:00\",\"mainEntityOfPage\":{\"@id\":\"https:\/\/gysfm.com.ar\/inicio\/casi-el-70-preve-que-aumentaran-ventas-en-2027-tras-la-desaceleracion-de-este-ano\/\"},\"wordCount\":997,\"publisher\":{\"@id\":\"https:\/\/gysfm.com.ar\/inicio\/#organization\"},\"image\":{\"@id\":\"https:\/\/gysfm.com.ar\/inicio\/casi-el-70-preve-que-aumentaran-ventas-en-2027-tras-la-desaceleracion-de-este-ano\/#primaryimage\"},\"thumbnailUrl\":\"https:\/\/gysfm.com.ar\/inicio\/wp-content\/uploads\/2026\/09\/empresarios.jpg\",\"articleSection\":[\"ECONOMIA\"],\"inLanguage\":\"es\"},{\"@type\":\"WebPage\",\"@id\":\"https:\/\/gysfm.com.ar\/inicio\/casi-el-70-preve-que-aumentaran-ventas-en-2027-tras-la-desaceleracion-de-este-ano\/\",\"url\":\"https:\/\/gysfm.com.ar\/inicio\/casi-el-70-preve-que-aumentaran-ventas-en-2027-tras-la-desaceleracion-de-este-ano\/\",\"name\":\"casi el 70% prev\u00e9 que aumentar\u00e1n ventas en 2027 tras la desaceleraci\u00f3n de este a\u00f1o - GYS NOTICIAS |\",\"isPartOf\":{\"@id\":\"https:\/\/gysfm.com.ar\/inicio\/#website\"},\"primaryImageOfPage\":{\"@id\":\"https:\/\/gysfm.com.ar\/inicio\/casi-el-70-preve-que-aumentaran-ventas-en-2027-tras-la-desaceleracion-de-este-ano\/#primaryimage\"},\"image\":{\"@id\":\"https:\/\/gysfm.com.ar\/inicio\/casi-el-70-preve-que-aumentaran-ventas-en-2027-tras-la-desaceleracion-de-este-ano\/#primaryimage\"},\"thumbnailUrl\":\"https:\/\/gysfm.com.ar\/inicio\/wp-content\/uploads\/2026\/09\/empresarios.jpg\",\"datePublished\":\"2026-09-04T13:12:06+00:00\",\"breadcrumb\":{\"@id\":\"https:\/\/gysfm.com.ar\/inicio\/casi-el-70-preve-que-aumentaran-ventas-en-2027-tras-la-desaceleracion-de-este-ano\/#breadcrumb\"},\"inLanguage\":\"es\",\"potentialAction\":[{\"@type\":\"ReadAction\",\"target\":[\"https:\/\/gysfm.com.ar\/inicio\/casi-el-70-preve-que-aumentaran-ventas-en-2027-tras-la-desaceleracion-de-este-ano\/\"]}]},{\"@type\":\"ImageObject\",\"inLanguage\":\"es\",\"@id\":\"https:\/\/gysfm.com.ar\/inicio\/casi-el-70-preve-que-aumentaran-ventas-en-2027-tras-la-desaceleracion-de-este-ano\/#primaryimage\",\"url\":\"https:\/\/gysfm.com.ar\/inicio\/wp-content\/uploads\/2026\/09\/empresarios.jpg\",\"contentUrl\":\"https:\/\/gysfm.com.ar\/inicio\/wp-content\/uploads\/2026\/09\/empresarios.jpg\",\"width\":1200,\"height\":675},{\"@type\":\"BreadcrumbList\",\"@id\":\"https:\/\/gysfm.com.ar\/inicio\/casi-el-70-preve-que-aumentaran-ventas-en-2027-tras-la-desaceleracion-de-este-ano\/#breadcrumb\",\"itemListElement\":[{\"@type\":\"ListItem\",\"position\":1,\"name\":\"Portada\",\"item\":\"https:\/\/gysfm.com.ar\/inicio\/\"},{\"@type\":\"ListItem\",\"position\":2,\"name\":\"casi el 70% prev\u00e9 que aumentar\u00e1n ventas en 2027 tras la desaceleraci\u00f3n de este a\u00f1o\"}]},{\"@type\":\"WebSite\",\"@id\":\"https:\/\/gysfm.com.ar\/inicio\/#website\",\"url\":\"https:\/\/gysfm.com.ar\/inicio\/\",\"name\":\"GYS NOTICIAS |\",\"description\":\"DIARIO - RADIO ONLINE SAN JUAN ARGENTINA\",\"publisher\":{\"@id\":\"https:\/\/gysfm.com.ar\/inicio\/#organization\"},\"potentialAction\":[{\"@type\":\"SearchAction\",\"target\":{\"@type\":\"EntryPoint\",\"urlTemplate\":\"https:\/\/gysfm.com.ar\/inicio\/?s={search_term_string}\"},\"query-input\":{\"@type\":\"PropertyValueSpecification\",\"valueRequired\":true,\"valueName\":\"search_term_string\"}}],\"inLanguage\":\"es\"},{\"@type\":\"Organization\",\"@id\":\"https:\/\/gysfm.com.ar\/inicio\/#organization\",\"name\":\"GYS NOTICIAS |\",\"url\":\"https:\/\/gysfm.com.ar\/inicio\/\",\"logo\":{\"@type\":\"ImageObject\",\"inLanguage\":\"es\",\"@id\":\"https:\/\/gysfm.com.ar\/inicio\/#\/schema\/logo\/image\/\",\"url\":\"https:\/\/gysfm.com.ar\/inicio\/wp-content\/uploads\/2023\/07\/LOGOGYS-OK.png\",\"contentUrl\":\"https:\/\/gysfm.com.ar\/inicio\/wp-content\/uploads\/2023\/07\/LOGOGYS-OK.png\",\"width\":1170,\"height\":872,\"caption\":\"GYS NOTICIAS |\"},\"image\":{\"@id\":\"https:\/\/gysfm.com.ar\/inicio\/#\/schema\/logo\/image\/\"}},{\"@type\":\"Person\",\"@id\":\"https:\/\/gysfm.com.ar\/inicio\/#\/schema\/person\/5bedd7ecd35cc35548d89effafa23696\",\"name\":\"admin\",\"image\":{\"@type\":\"ImageObject\",\"inLanguage\":\"es\",\"@id\":\"https:\/\/gysfm.com.ar\/inicio\/#\/schema\/person\/image\/\",\"url\":\"https:\/\/secure.gravatar.com\/avatar\/c331d312b5243fb64d5ba28108a447b27c925295129a363082c9ea52c28d32c2?s=96&d=mm&r=g\",\"contentUrl\":\"https:\/\/secure.gravatar.com\/avatar\/c331d312b5243fb64d5ba28108a447b27c925295129a363082c9ea52c28d32c2?s=96&d=mm&r=g\",\"caption\":\"admin\"},\"sameAs\":[\"https:\/\/gysfm.com.ar\/inicio\"],\"url\":\"https:\/\/gysfm.com.ar\/inicio\/author\/admin\/\"}]}<\/script>\n<!-- \/ Yoast SEO plugin. -->","yoast_head_json":{"title":"casi el 70% prev\u00e9 que aumentar\u00e1n ventas en 2027 tras la desaceleraci\u00f3n de este a\u00f1o - GYS NOTICIAS |","robots":{"index":"index","follow":"follow","max-snippet":"max-snippet:-1","max-image-preview":"max-image-preview:large","max-video-preview":"max-video-preview:-1"},"canonical":"https:\/\/gysfm.com.ar\/inicio\/casi-el-70-preve-que-aumentaran-ventas-en-2027-tras-la-desaceleracion-de-este-ano\/","og_locale":"es_ES","og_type":"article","og_title":"casi el 70% prev\u00e9 que aumentar\u00e1n ventas en 2027 tras la desaceleraci\u00f3n de este a\u00f1o - GYS NOTICIAS |","og_description":"3 de septiembre 2026 &#8211; 20:19 Un relevamiento revel\u00f3 que el 51% de las empresas aument\u00f3 sus ventas durante el \u00faltimo a\u00f1o, frente al 62% registrado en la edici\u00f3n anterior. Pese a la desaceleraci\u00f3n, las expectativas para 2027 muestran una mejora. Enviada especial a Misiones.- La consultora EY Argentina, en conjunto con el Instituto Argentino [&hellip;]","og_url":"https:\/\/gysfm.com.ar\/inicio\/casi-el-70-preve-que-aumentaran-ventas-en-2027-tras-la-desaceleracion-de-este-ano\/","og_site_name":"GYS NOTICIAS |","article_published_time":"2026-09-04T13:12:06+00:00","og_image":[{"url":"https:\/\/media.ambito.com\/p\/af7ef2fd4962c837b10c51b32ad196ca\/adjuntos\/239\/imagenes\/041\/329\/0041329757\/cnv-comision-nacional-valores.jpg","type":"","width":"","height":""}],"author":"admin","twitter_card":"summary_large_image","twitter_misc":{"Escrito por":"admin","Tiempo de lectura":"5 minutos"},"schema":{"@context":"https:\/\/schema.org","@graph":[{"@type":"Article","@id":"https:\/\/gysfm.com.ar\/inicio\/casi-el-70-preve-que-aumentaran-ventas-en-2027-tras-la-desaceleracion-de-este-ano\/#article","isPartOf":{"@id":"https:\/\/gysfm.com.ar\/inicio\/casi-el-70-preve-que-aumentaran-ventas-en-2027-tras-la-desaceleracion-de-este-ano\/"},"author":{"name":"admin","@id":"https:\/\/gysfm.com.ar\/inicio\/#\/schema\/person\/5bedd7ecd35cc35548d89effafa23696"},"headline":"casi el 70% prev\u00e9 que aumentar\u00e1n ventas en 2027 tras la desaceleraci\u00f3n de este a\u00f1o","datePublished":"2026-09-04T13:12:06+00:00","mainEntityOfPage":{"@id":"https:\/\/gysfm.com.ar\/inicio\/casi-el-70-preve-que-aumentaran-ventas-en-2027-tras-la-desaceleracion-de-este-ano\/"},"wordCount":997,"publisher":{"@id":"https:\/\/gysfm.com.ar\/inicio\/#organization"},"image":{"@id":"https:\/\/gysfm.com.ar\/inicio\/casi-el-70-preve-que-aumentaran-ventas-en-2027-tras-la-desaceleracion-de-este-ano\/#primaryimage"},"thumbnailUrl":"https:\/\/gysfm.com.ar\/inicio\/wp-content\/uploads\/2026\/09\/empresarios.jpg","articleSection":["ECONOMIA"],"inLanguage":"es"},{"@type":"WebPage","@id":"https:\/\/gysfm.com.ar\/inicio\/casi-el-70-preve-que-aumentaran-ventas-en-2027-tras-la-desaceleracion-de-este-ano\/","url":"https:\/\/gysfm.com.ar\/inicio\/casi-el-70-preve-que-aumentaran-ventas-en-2027-tras-la-desaceleracion-de-este-ano\/","name":"casi el 70% prev\u00e9 que aumentar\u00e1n ventas en 2027 tras la desaceleraci\u00f3n de este a\u00f1o - GYS NOTICIAS |","isPartOf":{"@id":"https:\/\/gysfm.com.ar\/inicio\/#website"},"primaryImageOfPage":{"@id":"https:\/\/gysfm.com.ar\/inicio\/casi-el-70-preve-que-aumentaran-ventas-en-2027-tras-la-desaceleracion-de-este-ano\/#primaryimage"},"image":{"@id":"https:\/\/gysfm.com.ar\/inicio\/casi-el-70-preve-que-aumentaran-ventas-en-2027-tras-la-desaceleracion-de-este-ano\/#primaryimage"},"thumbnailUrl":"https:\/\/gysfm.com.ar\/inicio\/wp-content\/uploads\/2026\/09\/empresarios.jpg","datePublished":"2026-09-04T13:12:06+00:00","breadcrumb":{"@id":"https:\/\/gysfm.com.ar\/inicio\/casi-el-70-preve-que-aumentaran-ventas-en-2027-tras-la-desaceleracion-de-este-ano\/#breadcrumb"},"inLanguage":"es","potentialAction":[{"@type":"ReadAction","target":["https:\/\/gysfm.com.ar\/inicio\/casi-el-70-preve-que-aumentaran-ventas-en-2027-tras-la-desaceleracion-de-este-ano\/"]}]},{"@type":"ImageObject","inLanguage":"es","@id":"https:\/\/gysfm.com.ar\/inicio\/casi-el-70-preve-que-aumentaran-ventas-en-2027-tras-la-desaceleracion-de-este-ano\/#primaryimage","url":"https:\/\/gysfm.com.ar\/inicio\/wp-content\/uploads\/2026\/09\/empresarios.jpg","contentUrl":"https:\/\/gysfm.com.ar\/inicio\/wp-content\/uploads\/2026\/09\/empresarios.jpg","width":1200,"height":675},{"@type":"BreadcrumbList","@id":"https:\/\/gysfm.com.ar\/inicio\/casi-el-70-preve-que-aumentaran-ventas-en-2027-tras-la-desaceleracion-de-este-ano\/#breadcrumb","itemListElement":[{"@type":"ListItem","position":1,"name":"Portada","item":"https:\/\/gysfm.com.ar\/inicio\/"},{"@type":"ListItem","position":2,"name":"casi el 70% prev\u00e9 que aumentar\u00e1n ventas en 2027 tras la desaceleraci\u00f3n de este a\u00f1o"}]},{"@type":"WebSite","@id":"https:\/\/gysfm.com.ar\/inicio\/#website","url":"https:\/\/gysfm.com.ar\/inicio\/","name":"GYS NOTICIAS |","description":"DIARIO - RADIO ONLINE SAN JUAN ARGENTINA","publisher":{"@id":"https:\/\/gysfm.com.ar\/inicio\/#organization"},"potentialAction":[{"@type":"SearchAction","target":{"@type":"EntryPoint","urlTemplate":"https:\/\/gysfm.com.ar\/inicio\/?s={search_term_string}"},"query-input":{"@type":"PropertyValueSpecification","valueRequired":true,"valueName":"search_term_string"}}],"inLanguage":"es"},{"@type":"Organization","@id":"https:\/\/gysfm.com.ar\/inicio\/#organization","name":"GYS NOTICIAS |","url":"https:\/\/gysfm.com.ar\/inicio\/","logo":{"@type":"ImageObject","inLanguage":"es","@id":"https:\/\/gysfm.com.ar\/inicio\/#\/schema\/logo\/image\/","url":"https:\/\/gysfm.com.ar\/inicio\/wp-content\/uploads\/2023\/07\/LOGOGYS-OK.png","contentUrl":"https:\/\/gysfm.com.ar\/inicio\/wp-content\/uploads\/2023\/07\/LOGOGYS-OK.png","width":1170,"height":872,"caption":"GYS NOTICIAS |"},"image":{"@id":"https:\/\/gysfm.com.ar\/inicio\/#\/schema\/logo\/image\/"}},{"@type":"Person","@id":"https:\/\/gysfm.com.ar\/inicio\/#\/schema\/person\/5bedd7ecd35cc35548d89effafa23696","name":"admin","image":{"@type":"ImageObject","inLanguage":"es","@id":"https:\/\/gysfm.com.ar\/inicio\/#\/schema\/person\/image\/","url":"https:\/\/secure.gravatar.com\/avatar\/c331d312b5243fb64d5ba28108a447b27c925295129a363082c9ea52c28d32c2?s=96&d=mm&r=g","contentUrl":"https:\/\/secure.gravatar.com\/avatar\/c331d312b5243fb64d5ba28108a447b27c925295129a363082c9ea52c28d32c2?s=96&d=mm&r=g","caption":"admin"},"sameAs":["https:\/\/gysfm.com.ar\/inicio"],"url":"https:\/\/gysfm.com.ar\/inicio\/author\/admin\/"}]}},"_links":{"self":[{"href":"https:\/\/gysfm.com.ar\/inicio\/wp-json\/wp\/v2\/posts\/210412","targetHints":{"allow":["GET"]}}],"collection":[{"href":"https:\/\/gysfm.com.ar\/inicio\/wp-json\/wp\/v2\/posts"}],"about":[{"href":"https:\/\/gysfm.com.ar\/inicio\/wp-json\/wp\/v2\/types\/post"}],"author":[{"embeddable":true,"href":"https:\/\/gysfm.com.ar\/inicio\/wp-json\/wp\/v2\/users\/1"}],"replies":[{"embeddable":true,"href":"https:\/\/gysfm.com.ar\/inicio\/wp-json\/wp\/v2\/comments?post=210412"}],"version-history":[{"count":0,"href":"https:\/\/gysfm.com.ar\/inicio\/wp-json\/wp\/v2\/posts\/210412\/revisions"}],"wp:featuredmedia":[{"embeddable":true,"href":"https:\/\/gysfm.com.ar\/inicio\/wp-json\/wp\/v2\/media\/210413"}],"wp:attachment":[{"href":"https:\/\/gysfm.com.ar\/inicio\/wp-json\/wp\/v2\/media?parent=210412"}],"wp:term":[{"taxonomy":"category","embeddable":true,"href":"https:\/\/gysfm.com.ar\/inicio\/wp-json\/wp\/v2\/categories?post=210412"},{"taxonomy":"post_tag","embeddable":true,"href":"https:\/\/gysfm.com.ar\/inicio\/wp-json\/wp\/v2\/tags?post=210412"}],"curies":[{"name":"wp","href":"https:\/\/api.w.org\/{rel}","templated":true}]}}