{"id":210406,"date":"2026-09-04T09:50:10","date_gmt":"2026-09-04T12:50:10","guid":{"rendered":"https:\/\/gysfm.com.ar\/inicio\/reino-unido-reacciono-a-la-cadena-nacional-de-javier-milei-por-malvinas\/"},"modified":"2026-09-04T09:50:11","modified_gmt":"2026-09-04T12:50:11","slug":"reino-unido-reacciono-a-la-cadena-nacional-de-javier-milei-por-malvinas","status":"publish","type":"post","link":"https:\/\/gysfm.com.ar\/inicio\/reino-unido-reacciono-a-la-cadena-nacional-de-javier-milei-por-malvinas\/","title":{"rendered":"Reino Unido reaccion\u00f3 a la cadena nacional de Javier Milei por Malvinas"},"content":{"rendered":"<p> <br \/>\n<\/p>\n<div>\n<p class=\"com-paragraph --capital --s\">El ministro de Defensa del <strong>Reino Unido<\/strong>, <strong>Wes Streeting<\/strong>, afirm\u00f3 el viernes que las Islas Malvinas \u201cson brit\u00e1nicas\u201d y que el compromiso de su pa\u00eds es \u201cabsoluto e inquebrantable\u201d, luego de la <a href=\"https:\/\/www.lanacion.com.ar\/politica\/milei-anuncio-sanciones-para-petroleras-en-malvinas-la-creacion-de-una-base-naval-y-un-consejo-de-nid04092026\/\" target=\"_self\" title=\"https:\/\/www.lanacion.com.ar\/politica\/milei-anuncio-sanciones-para-petroleras-en-malvinas-la-creacion-de-una-base-naval-y-un-consejo-de-nid04092026\/\" class=\"com-link break-word\" data-mrf-recirculation=\"n_link_parrafo\">cadena nacional del presidente Javier Milei<\/a>, que anunci\u00f3 entre otros puntos el <strong>endurecimiento de las sanciones a empresas extranjeras<\/strong> que operan en el archipi\u00e9lago.<\/p>\n<p class=\"com-paragraph --s\">\u201cLas Falklands son brit\u00e1nicas porque los habitantes de las Falklands eligen ser brit\u00e1nicos\u201d, dijo Streeting en redes sociales, tras el discurso televisado a nivel nacional de Milei, en el que afirm\u00f3 que los \u201cvientos de cambio\u201d favorec\u00edan la reivindicaci\u00f3n argentina sobre las Malvinas. Asimismo remarc\u00f3: \u201c<strong>Las declaraciones de Milei dicen m\u00e1s sobre la pol\u00edtica interna de la Argentina que sobre las islas<\/strong>\u201d.<\/p>\n<p class=\"com-paragraph --s\">Por su parte el ministro de Asuntos Exteriores, <strong>Ed Miliband<\/strong>, tambi\u00e9n recurri\u00f3 a las redes para responder al discurso del libertario y afirm\u00f3, en l\u00ednea con lo dicho por su par: \u201cLa posici\u00f3n del Reino Unido sobre las Falklands es <strong>inquebrantable<\/strong>. Las islas son brit\u00e1nicas y seguir\u00e1n si\u00e9ndolo porque esa es la posici\u00f3n abrumadora de los isle\u00f1os\u201d.<\/p>\n<p class=\"com-paragraph --s\">En tanto, luego de que el mandatario argentino asegurara que la <strong>autodeterminaci\u00f3n <\/strong>de los habitantes no es leg\u00edtima por ser \u201c<strong>una poblaci\u00f3n implantada en un territorio usurpado\u201d, el funcionario del gobierno de Andy Burnham <\/strong>insisti\u00f3: \u201cSu derecho a la autodeterminaci\u00f3n es primordial, fundamentado en el derecho internacional, y lo defenderemos con firmeza\u201d.<\/p>\n<p class=\"com-paragraph --s\">Las declaraciones de los ministros llegan apenas horas despu\u00e9s del discurso de Milei, en el que afirm\u00f3 que <strong>\u201cen el mundo corren vientos de cambio favorables a nuestro reclamo\u201d por las islas<\/strong>. Su cadena nacional se dio en una semana en que en dos oportunidades el <strong>presidente de Estados Unidos, Donald Trump,<\/strong> dijera que no descarta \u201crevisar\u201d la tradicional posici\u00f3n de <strong>neutralidad de Washington<\/strong> sobre el hist\u00f3rico diferendo por las islas, en un gesto de disconformidad por el poco involucramiento a su entender del Reino Unido en la guerra contra Ir\u00e1n .<\/p>\n<p class=\"com-paragraph --s\">En tanto, las palabras del l\u00edder de La Libertad Avanza tambi\u00e9n se dieron en el marco del reclamo de la Argentina contra <strong>el proyecto petrolero Sea Lion, <\/strong>impulsado por la compa\u00f1\u00eda brit\u00e1nica Rockhopper y la israel\u00ed Navitas en aguas a 220 kil\u00f3metros al norte de las islas.<\/p>\n<p class=\"com-paragraph --s\">La disputa por la soberan\u00eda de las islas es reconocida oficialmente por una <strong>resoluci\u00f3n de la ONU de 1965<\/strong>, que insta a ambas naciones a resolverla por la v\u00eda diplom\u00e1tica y a no adoptar decisiones unilaterales.<\/p>\n<p class=\"com-paragraph --s\">La <strong>guerra <\/strong>por las islas en 1982 dur\u00f3 74 d\u00edas: murieron 649 argentinos y 255 ingleses.<\/p>\n<p><h2 class=\"font-primary font-w-bold text-subheading-lg text-left container-center-100 mb-8\"><span>Qu\u00e9 dijo Downing Street<\/span><\/h2>\n<\/p>\n<div class=\"content-media\">\n<section role=\"button\" class=\"mod-media   \">\n<figure role=\"button\" tabindex=\"0\" class=\"mod-figure \"><figcaption class=\"mod-figcaption\"><span class=\"com-text --caption --twoxs\">El primer ministro brit\u00e1nico Andy Burnham saliendo de su despacho en el #10 de Downing Street, en Londres, el 1 de septiembre de 2026. (Stefan Rousseau\/PA v\u00eda AP)<\/span><span class=\"com-text --credit --twoxs\">Stefan Rousseau &#8211; PA<\/span><\/figcaption><\/figure>\n<\/section>\n<\/div>\n<p class=\"com-paragraph --s\">Desde el gobierno brit\u00e1nico tambi\u00e9n reaccionaron al discurso del Presidente y este viernes marcaron postura. \u201cEn t\u00e9rminos generales, mantenemos una relaci\u00f3n diplom\u00e1tica con la Argentina y, desde nuestra perspectiva, queremos seguir fortaleci\u00e9ndola\u201d, declar\u00f3 una portavoz de la sede del gobierno al respaldar las palabras del ministro de Asuntos Exteriores.<\/p>\n<p class=\"com-paragraph --s\">\u201cYa son nuestro tercer socio comercial m\u00e1s importante en la regi\u00f3n y as\u00ed seguir\u00e1 siendo\u201d, a\u00f1adi\u00f3 la funcionaria de <strong>Burnham<\/strong>. Para cerrar, dijo que el Reino Unido respalda los proyectos de perforaci\u00f3n \u201cintegrales\u201d ya que el territorio busca desarrollar sus recursos naturales.<\/p>\n<p><h2 class=\"font-primary font-w-bold text-subheading-lg text-left container-center-100 mb-8\"><span>El anuncio de Javier Milei<\/span><\/h2>\n<\/p>\n<p class=\"com-paragraph --s\">El Presidente encabez\u00f3 este jueves una <strong>cadena nacional <\/strong>desde el Sal\u00f3n Blanco de la Casa Rosada donde dio un discurso sobre las Islas Malvinas. Rodeado por sus principales funcionarios, anunci\u00f3 la <strong>construcci\u00f3n de una base naval<\/strong> en Tierra del Fuego, m\u00e1s <strong>sanciones a empresas <\/strong>for\u00e1neas que operan en el archipi\u00e9lago de modo irregular y un <strong>proyecto de ley<\/strong> para asegurar la soberan\u00eda nacional.<\/p>\n<div class=\"content-media cursor-pointer container-center-100\">\n<section class=\"media-container relative ratio-16-9 mod-media pb-32\">\n<figure class=\"mod-video\">\n<div class=\"video-player bg-black ratio-16-9\" data-has-jwplayer=\"true\" data-video-id-jw=\"GcdxGYqx\" data-config=\"{&quot;title&quot;:&quot;El discurso completo de Javier Milei en cadena nacional sobre las islas Malvinas&quot;,&quot;mediaId&quot;:&quot;GcdxGYqx&quot;,&quot;playerId&quot;:&quot;ih0086X3&quot;,&quot;playlist&quot;:[{&quot;mediaid&quot;:&quot;GcdxGYqx&quot;,&quot;sources&quot;:[{&quot;file&quot;:&quot;https:\/\/cdn.jwplayer.com\/manifests\/GcdxGYqx.m3u8&quot;,&quot;type&quot;:&quot;application\/vnd.apple.mpegurl&quot;},{&quot;bitrate&quot;:162555,&quot;file&quot;:&quot;https:\/\/cdn.jwplayer.com\/videos\/GcdxGYqx-kTExGaWf.mp4&quot;,&quot;filesize&quot;:17657572,&quot;framerate&quot;:25,&quot;height&quot;:180,&quot;label&quot;:&quot;180p&quot;,&quot;type&quot;:&quot;video\/mp4&quot;,&quot;width&quot;:320},{&quot;bitrate&quot;:204143,&quot;file&quot;:&quot;https:\/\/cdn.jwplayer.com\/videos\/GcdxGYqx-K8B0kybS.mp4&quot;,&quot;filesize&quot;:22175100,&quot;framerate&quot;:25,&quot;height&quot;:270,&quot;label&quot;:&quot;270p&quot;,&quot;type&quot;:&quot;video\/mp4&quot;,&quot;width&quot;:480},{&quot;bitrate&quot;:479232,&quot;file&quot;:&quot;https:\/\/cdn.jwplayer.com\/videos\/GcdxGYqx-46NIuRKO.mp4&quot;,&quot;filesize&quot;:52056655,&quot;framerate&quot;:25,&quot;height&quot;:720,&quot;label&quot;:&quot;720p&quot;,&quot;type&quot;:&quot;video\/mp4&quot;,&quot;width&quot;:1280},{&quot;bitrate&quot;:113478,&quot;file&quot;:&quot;https:\/\/cdn.jwplayer.com\/videos\/GcdxGYqx-hz5z2Tv4.m4a&quot;,&quot;filesize&quot;:12326549,&quot;label&quot;:&quot;AAC Audio&quot;,&quot;type&quot;:&quot;audio\/mp4&quot;},{&quot;bitrate&quot;:249489,&quot;file&quot;:&quot;https:\/\/cdn.jwplayer.com\/videos\/GcdxGYqx-FnZGUVnC.mp4&quot;,&quot;filesize&quot;:27100788,&quot;framerate&quot;:25,&quot;height&quot;:360,&quot;label&quot;:&quot;360p&quot;,&quot;type&quot;:&quot;video\/mp4&quot;,&quot;width&quot;:640},{&quot;bitrate&quot;:370178,&quot;file&quot;:&quot;https:\/\/cdn.jwplayer.com\/videos\/GcdxGYqx-0G6Pwvlw.mp4&quot;,&quot;filesize&quot;:40210682,&quot;framerate&quot;:25,&quot;height&quot;:540,&quot;label&quot;:&quot;540p&quot;,&quot;type&quot;:&quot;video\/mp4&quot;,&quot;width&quot;:960}]}],&quot;hasAutoplay&quot;:false,&quot;autostart&quot;:true,&quot;tagsUrl&quot;:&quot;https:\/\/pubads.g.doubleclick.net\/gampad\/ads?slotname=\/133919216\/la_nacion_video\/nota\/preroll&amp;sz=640x480|400x300&amp;ciu_szs=300x250&amp;unviewed_position_start=1&amp;output=vast&amp;impl=s&amp;env=vp&amp;gdfp_req=1&amp;ad_rule=0&amp;vad_type=linear&amp;vpos=preroll&amp;cust_params=tags_nuevos%3Dte_javier_milei%2Cte_malvinas%2Cte_reino_unido%2Cca_el_mundo%2C%2CTIOTYVNPA5EXJHFE5IJN3GVYEE&amp;pod=3&amp;ppos=1&amp;lip=true&amp;min_ad_duration=0&amp;max_ad_duration=30000&amp;vrid=6256&amp;url=https%3A%2F%2Fwww.lanacion.com.ar%2Fpolitica%2Freino-unido-reacciono-a-la-cadena-nacional-de-javier-milei-por-malvinas-nid04092026%2F%3Fvariant%3DA&amp;description_url=https%3A%2F%2Fwww.lanacion.com.ar%2Fpolitica%2Freino-unido-reacciono-a-la-cadena-nacional-de-javier-milei-por-malvinas-nid04092026%2F%3Fvariant%3DA&amp;video_doc_id=short_onecue&amp;cmsid=496&amp;kfa=0&amp;tfcd=0&amp;correlator=1788526187395&quot;,&quot;arcSite&quot;:&quot;la-nacion-ar&quot;,&quot;duration&quot;:&quot;869000&quot;}\">\n<div id=\"facade-GcdxGYqx\" class=\"content-facade-jw relative bg-black ratio-16-9\"><picture><source media=\"(max-width: 767px)\" srcset=\"https:\/\/www.lanacion.com.ar\/resizer\/v2\/https%3A%2F%2Fcdn.jwplayer.com%2Fv2%2Fmedia%2FGcdxGYqx%2Fposter.jpg%3Fwidth%3D720?auth=ecd6a2bb3308c9f5a308156f1fefc766b78c899f2077feec1e4de40ce053e830&amp;width=480&amp;quality=70&amp;smart=false\"\/><\/picture><\/div>\n<\/div><figcaption class=\"border border-1 border-bottom border-light-300 relative px-16 py-8 min-h-36 w-100_md px-0_l mb-8 bg-white\"><span class=\"text ln-text text-16 block\">El discurso completo de Javier Milei en cadena nacional sobre las islas Malvinas<\/span><\/figcaption><\/figure>\n<\/section>\n<\/div>\n<p class=\"com-paragraph --s\">Al inicio de su intervenci\u00f3n, el primer mandatario declar\u00f3: \u201cLas Malvinas son argentinas por historia y por derecho: no hay discusi\u00f3n al respecto\u201d. Tambi\u00e9n afirm\u00f3 que el Estado tiene la <strong>obligaci\u00f3n de usar todas las herramientas diplom\u00e1ticas, econ\u00f3micas, judiciales y legales<\/strong> disponibles para defender la soberan\u00eda y los recursos estrat\u00e9gicos.<\/p>\n<p class=\"com-paragraph --s\">Durante su intervenci\u00f3n, el jefe de Estado repas\u00f3 la ocupaci\u00f3n brit\u00e1nica de 1833 y <strong>cuestion\u00f3 la legitimidad de la autodeterminaci\u00f3n<\/strong> de los isle\u00f1os, por considerarlos una \u201cpoblaci\u00f3n implantada en un territorio usurpado\u201d. <\/p>\n<p class=\"com-paragraph --s\">\u201c<strong>La Argentina ha sostenido de manera permanente su reclamo de soberan\u00eda<\/strong>\u201d, subray\u00f3 el Presidente al referenciar la primera cl\u00e1usula transitoria de la Constituci\u00f3n, que ratifica los derechos sobre las Islas Malvinas, Georgias del Sur, S\u00e1ndwich del Sur y los espacios mar\u00edtimos e insulares correspondientes.<\/p>\n<div class=\"content-media\">\n<section role=\"button\" class=\"mod-media   \">\n<figure role=\"button\" tabindex=\"0\" class=\"mod-figure \"><figcaption class=\"mod-figcaption\"><span class=\"com-text --caption --twoxs\">El reclamo por Malvinas se reafirm\u00f3 tras la intervenci\u00f3n de los jugadores de la Selecci\u00f3n durante el Mundial<\/span><span class=\"com-text --credit --twoxs\">Rebecca Blackwell &#8211; AP<\/span><\/figcaption><\/figure>\n<\/section>\n<\/div>\n<p class=\"com-paragraph --s\">Entre los anuncios centrales, Milei comunic\u00f3 la<strong> ampliaci\u00f3n de recursos para el Ministerio de Defensa<\/strong>, a fin de avanzar en la construcci\u00f3n de la base naval. La iniciativa se llevar\u00e1 a cabo con el objetivo de convertir al pa\u00eds en un \u201cpolo log\u00edstico central del Atl\u00e1ntico Sur\u201d y potenciar el fortalecimiento de la proyecci\u00f3n geopol\u00edtica nacional.<\/p>\n<p class=\"com-paragraph --s\">Por otro lado, el proyecto de ley de Defensa de Soberan\u00eda Nacional busca modificar la ley 26.659 para endurecer <strong>sanciones y penas contra empresas vinculadas a operaciones no autorizadas<\/strong>. <\/p>\n<p class=\"com-paragraph --s\">Adem\u00e1s, contempla la creaci\u00f3n del <strong>Consejo de Seguridad Nacional<\/strong> para definir un marco obligatorio de protecci\u00f3n de la infraestructura cr\u00edtica, la cobertura aeroespacial y el \u00e1mbito mar\u00edtimo, solicitando facultades para responder con herramientas econ\u00f3micas y diplom\u00e1ticas ante amenazas estatales.<\/p>\n<section class=\"container-center-100 mb-40 border border-bottom border-thin border-neutral-light-700\">\n<hr\/>\n<\/section>\n<\/div>\n<p><script id=\"facebookpixel\" defer=\"\" type=\"text\/javascript\">\n        !function(f,b,e,v,n,t,s)\n        {if(f.fbq)return;n=f.fbq=function(){n.callMethod?\n        n.callMethod.apply(n,arguments):n.queue.push(arguments)};\n        if(!f._fbq)f._fbq=n;n.push=n;n.loaded=!0;n.version='2.0';\n        n.queue=[];t=b.createElement(e);t.async=!0;\n        t.src=v;s=b.getElementsByTagName(e)[0];\n        s.parentNode.insertBefore(t,s)}(window, document,'script',\n        'https:\/\/connect.facebook.net\/en_US\/fbevents.js');\n        fbq('init', '492459597522335');\n        fbq('track', 'PageView');\n    <\/script><br \/>\n<br \/><\/p>\n","protected":false},"excerpt":{"rendered":"<p>El ministro de Defensa del Reino Unido, Wes Streeting, afirm\u00f3 el viernes que las Islas Malvinas \u201cson brit\u00e1nicas\u201d y que el compromiso de su pa\u00eds es \u201cabsoluto e inquebrantable\u201d, luego de la cadena nacional del presidente Javier Milei, que anunci\u00f3 entre otros puntos el endurecimiento de las sanciones a empresas extranjeras que operan en el [&hellip;]<\/p>\n","protected":false},"author":2,"featured_media":210407,"comment_status":"closed","ping_status":"closed","sticky":false,"template":"","format":"standard","meta":{"footnotes":""},"categories":[26],"tags":[],"class_list":["post-210406","post","type-post","status-publish","format-standard","has-post-thumbnail","hentry","category-internacionales"],"yoast_head":"<!-- This site is optimized with the Yoast SEO plugin v24.4 - https:\/\/yoast.com\/wordpress\/plugins\/seo\/ -->\n<title>Reino Unido reaccion\u00f3 a la cadena nacional de Javier Milei por Malvinas - GYS NOTICIAS |<\/title>\n<meta name=\"robots\" content=\"index, follow, max-snippet:-1, max-image-preview:large, max-video-preview:-1\" \/>\n<link rel=\"canonical\" href=\"https:\/\/gysfm.com.ar\/inicio\/reino-unido-reacciono-a-la-cadena-nacional-de-javier-milei-por-malvinas\/\" \/>\n<meta property=\"og:locale\" content=\"es_ES\" \/>\n<meta property=\"og:type\" content=\"article\" \/>\n<meta property=\"og:title\" content=\"Reino Unido reaccion\u00f3 a la cadena nacional de Javier Milei por Malvinas - GYS NOTICIAS |\" \/>\n<meta property=\"og:description\" content=\"El ministro de Defensa del Reino Unido, Wes Streeting, afirm\u00f3 el viernes que las Islas Malvinas \u201cson brit\u00e1nicas\u201d y que el compromiso de su pa\u00eds es \u201cabsoluto e inquebrantable\u201d, luego de la cadena nacional del presidente Javier Milei, que anunci\u00f3 entre otros puntos el endurecimiento de las sanciones a empresas extranjeras que operan en el [&hellip;]\" \/>\n<meta property=\"og:url\" content=\"https:\/\/gysfm.com.ar\/inicio\/reino-unido-reacciono-a-la-cadena-nacional-de-javier-milei-por-malvinas\/\" \/>\n<meta property=\"og:site_name\" content=\"GYS NOTICIAS |\" \/>\n<meta property=\"article:published_time\" content=\"2026-09-04T12:50:10+00:00\" \/>\n<meta property=\"article:modified_time\" content=\"2026-09-04T12:50:11+00:00\" \/>\n<meta property=\"og:image\" content=\"https:\/\/gysfm.com.ar\/inicio\/wp-content\/uploads\/2026\/09\/islas-WC2F66THWRAJJONFOBS3LE4P3Y.png\" \/>\n\t<meta property=\"og:image:width\" content=\"1200\" \/>\n\t<meta property=\"og:image:height\" content=\"800\" \/>\n\t<meta property=\"og:image:type\" content=\"image\/png\" \/>\n<meta name=\"author\" content=\"Prensa G&amp;S FM\" \/>\n<meta name=\"twitter:card\" content=\"summary_large_image\" \/>\n<meta name=\"twitter:label1\" content=\"Escrito por\" \/>\n\t<meta name=\"twitter:data1\" content=\"Prensa G&amp;S FM\" \/>\n\t<meta name=\"twitter:label2\" content=\"Tiempo de lectura\" \/>\n\t<meta name=\"twitter:data2\" content=\"5 minutos\" \/>\n<script type=\"application\/ld+json\" class=\"yoast-schema-graph\">{\"@context\":\"https:\/\/schema.org\",\"@graph\":[{\"@type\":\"Article\",\"@id\":\"https:\/\/gysfm.com.ar\/inicio\/reino-unido-reacciono-a-la-cadena-nacional-de-javier-milei-por-malvinas\/#article\",\"isPartOf\":{\"@id\":\"https:\/\/gysfm.com.ar\/inicio\/reino-unido-reacciono-a-la-cadena-nacional-de-javier-milei-por-malvinas\/\"},\"author\":{\"name\":\"Prensa G&amp;S FM\",\"@id\":\"https:\/\/gysfm.com.ar\/inicio\/#\/schema\/person\/3abba7593ef2ad19e1be221d54383dc5\"},\"headline\":\"Reino Unido reaccion\u00f3 a la cadena nacional de Javier Milei por Malvinas\",\"datePublished\":\"2026-09-04T12:50:10+00:00\",\"dateModified\":\"2026-09-04T12:50:11+00:00\",\"mainEntityOfPage\":{\"@id\":\"https:\/\/gysfm.com.ar\/inicio\/reino-unido-reacciono-a-la-cadena-nacional-de-javier-milei-por-malvinas\/\"},\"wordCount\":990,\"publisher\":{\"@id\":\"https:\/\/gysfm.com.ar\/inicio\/#organization\"},\"image\":{\"@id\":\"https:\/\/gysfm.com.ar\/inicio\/reino-unido-reacciono-a-la-cadena-nacional-de-javier-milei-por-malvinas\/#primaryimage\"},\"thumbnailUrl\":\"https:\/\/gysfm.com.ar\/inicio\/wp-content\/uploads\/2026\/09\/islas-WC2F66THWRAJJONFOBS3LE4P3Y.png\",\"articleSection\":[\"INTERNACIONALES\"],\"inLanguage\":\"es\"},{\"@type\":\"WebPage\",\"@id\":\"https:\/\/gysfm.com.ar\/inicio\/reino-unido-reacciono-a-la-cadena-nacional-de-javier-milei-por-malvinas\/\",\"url\":\"https:\/\/gysfm.com.ar\/inicio\/reino-unido-reacciono-a-la-cadena-nacional-de-javier-milei-por-malvinas\/\",\"name\":\"Reino Unido reaccion\u00f3 a la cadena nacional de Javier Milei por Malvinas - GYS NOTICIAS |\",\"isPartOf\":{\"@id\":\"https:\/\/gysfm.com.ar\/inicio\/#website\"},\"primaryImageOfPage\":{\"@id\":\"https:\/\/gysfm.com.ar\/inicio\/reino-unido-reacciono-a-la-cadena-nacional-de-javier-milei-por-malvinas\/#primaryimage\"},\"image\":{\"@id\":\"https:\/\/gysfm.com.ar\/inicio\/reino-unido-reacciono-a-la-cadena-nacional-de-javier-milei-por-malvinas\/#primaryimage\"},\"thumbnailUrl\":\"https:\/\/gysfm.com.ar\/inicio\/wp-content\/uploads\/2026\/09\/islas-WC2F66THWRAJJONFOBS3LE4P3Y.png\",\"datePublished\":\"2026-09-04T12:50:10+00:00\",\"dateModified\":\"2026-09-04T12:50:11+00:00\",\"breadcrumb\":{\"@id\":\"https:\/\/gysfm.com.ar\/inicio\/reino-unido-reacciono-a-la-cadena-nacional-de-javier-milei-por-malvinas\/#breadcrumb\"},\"inLanguage\":\"es\",\"potentialAction\":[{\"@type\":\"ReadAction\",\"target\":[\"https:\/\/gysfm.com.ar\/inicio\/reino-unido-reacciono-a-la-cadena-nacional-de-javier-milei-por-malvinas\/\"]}]},{\"@type\":\"ImageObject\",\"inLanguage\":\"es\",\"@id\":\"https:\/\/gysfm.com.ar\/inicio\/reino-unido-reacciono-a-la-cadena-nacional-de-javier-milei-por-malvinas\/#primaryimage\",\"url\":\"https:\/\/gysfm.com.ar\/inicio\/wp-content\/uploads\/2026\/09\/islas-WC2F66THWRAJJONFOBS3LE4P3Y.png\",\"contentUrl\":\"https:\/\/gysfm.com.ar\/inicio\/wp-content\/uploads\/2026\/09\/islas-WC2F66THWRAJJONFOBS3LE4P3Y.png\",\"width\":1200,\"height\":800},{\"@type\":\"BreadcrumbList\",\"@id\":\"https:\/\/gysfm.com.ar\/inicio\/reino-unido-reacciono-a-la-cadena-nacional-de-javier-milei-por-malvinas\/#breadcrumb\",\"itemListElement\":[{\"@type\":\"ListItem\",\"position\":1,\"name\":\"Portada\",\"item\":\"https:\/\/gysfm.com.ar\/inicio\/\"},{\"@type\":\"ListItem\",\"position\":2,\"name\":\"Reino Unido reaccion\u00f3 a la cadena nacional de Javier Milei por Malvinas\"}]},{\"@type\":\"WebSite\",\"@id\":\"https:\/\/gysfm.com.ar\/inicio\/#website\",\"url\":\"https:\/\/gysfm.com.ar\/inicio\/\",\"name\":\"GYS NOTICIAS |\",\"description\":\"DIARIO - RADIO ONLINE SAN JUAN ARGENTINA\",\"publisher\":{\"@id\":\"https:\/\/gysfm.com.ar\/inicio\/#organization\"},\"potentialAction\":[{\"@type\":\"SearchAction\",\"target\":{\"@type\":\"EntryPoint\",\"urlTemplate\":\"https:\/\/gysfm.com.ar\/inicio\/?s={search_term_string}\"},\"query-input\":{\"@type\":\"PropertyValueSpecification\",\"valueRequired\":true,\"valueName\":\"search_term_string\"}}],\"inLanguage\":\"es\"},{\"@type\":\"Organization\",\"@id\":\"https:\/\/gysfm.com.ar\/inicio\/#organization\",\"name\":\"GYS NOTICIAS |\",\"url\":\"https:\/\/gysfm.com.ar\/inicio\/\",\"logo\":{\"@type\":\"ImageObject\",\"inLanguage\":\"es\",\"@id\":\"https:\/\/gysfm.com.ar\/inicio\/#\/schema\/logo\/image\/\",\"url\":\"https:\/\/gysfm.com.ar\/inicio\/wp-content\/uploads\/2023\/07\/LOGOGYS-OK.png\",\"contentUrl\":\"https:\/\/gysfm.com.ar\/inicio\/wp-content\/uploads\/2023\/07\/LOGOGYS-OK.png\",\"width\":1170,\"height\":872,\"caption\":\"GYS NOTICIAS |\"},\"image\":{\"@id\":\"https:\/\/gysfm.com.ar\/inicio\/#\/schema\/logo\/image\/\"}},{\"@type\":\"Person\",\"@id\":\"https:\/\/gysfm.com.ar\/inicio\/#\/schema\/person\/3abba7593ef2ad19e1be221d54383dc5\",\"name\":\"Prensa G&amp;S FM\",\"image\":{\"@type\":\"ImageObject\",\"inLanguage\":\"es\",\"@id\":\"https:\/\/gysfm.com.ar\/inicio\/#\/schema\/person\/image\/\",\"url\":\"https:\/\/secure.gravatar.com\/avatar\/096ec78df02049ab018702bb4ccedf659377fa92a26540b5247612077a0dbd29?s=96&d=mm&r=g\",\"contentUrl\":\"https:\/\/secure.gravatar.com\/avatar\/096ec78df02049ab018702bb4ccedf659377fa92a26540b5247612077a0dbd29?s=96&d=mm&r=g\",\"caption\":\"Prensa G&amp;S FM\"},\"sameAs\":[\"https:\/\/gysfm.com.ar\/\"],\"url\":\"https:\/\/gysfm.com.ar\/inicio\/author\/lucasm\/\"}]}<\/script>\n<!-- \/ Yoast SEO plugin. -->","yoast_head_json":{"title":"Reino Unido reaccion\u00f3 a la cadena nacional de Javier Milei por Malvinas - GYS NOTICIAS |","robots":{"index":"index","follow":"follow","max-snippet":"max-snippet:-1","max-image-preview":"max-image-preview:large","max-video-preview":"max-video-preview:-1"},"canonical":"https:\/\/gysfm.com.ar\/inicio\/reino-unido-reacciono-a-la-cadena-nacional-de-javier-milei-por-malvinas\/","og_locale":"es_ES","og_type":"article","og_title":"Reino Unido reaccion\u00f3 a la cadena nacional de Javier Milei por Malvinas - GYS NOTICIAS |","og_description":"El ministro de Defensa del Reino Unido, Wes Streeting, afirm\u00f3 el viernes que las Islas Malvinas \u201cson brit\u00e1nicas\u201d y que el compromiso de su pa\u00eds es \u201cabsoluto e inquebrantable\u201d, luego de la cadena nacional del presidente Javier Milei, que anunci\u00f3 entre otros puntos el endurecimiento de las sanciones a empresas extranjeras que operan en el [&hellip;]","og_url":"https:\/\/gysfm.com.ar\/inicio\/reino-unido-reacciono-a-la-cadena-nacional-de-javier-milei-por-malvinas\/","og_site_name":"GYS NOTICIAS |","article_published_time":"2026-09-04T12:50:10+00:00","article_modified_time":"2026-09-04T12:50:11+00:00","og_image":[{"width":1200,"height":800,"url":"https:\/\/gysfm.com.ar\/inicio\/wp-content\/uploads\/2026\/09\/islas-WC2F66THWRAJJONFOBS3LE4P3Y.png","type":"image\/png"}],"author":"Prensa G&amp;S FM","twitter_card":"summary_large_image","twitter_misc":{"Escrito por":"Prensa G&amp;S FM","Tiempo de lectura":"5 minutos"},"schema":{"@context":"https:\/\/schema.org","@graph":[{"@type":"Article","@id":"https:\/\/gysfm.com.ar\/inicio\/reino-unido-reacciono-a-la-cadena-nacional-de-javier-milei-por-malvinas\/#article","isPartOf":{"@id":"https:\/\/gysfm.com.ar\/inicio\/reino-unido-reacciono-a-la-cadena-nacional-de-javier-milei-por-malvinas\/"},"author":{"name":"Prensa G&amp;S FM","@id":"https:\/\/gysfm.com.ar\/inicio\/#\/schema\/person\/3abba7593ef2ad19e1be221d54383dc5"},"headline":"Reino Unido reaccion\u00f3 a la cadena nacional de Javier Milei por Malvinas","datePublished":"2026-09-04T12:50:10+00:00","dateModified":"2026-09-04T12:50:11+00:00","mainEntityOfPage":{"@id":"https:\/\/gysfm.com.ar\/inicio\/reino-unido-reacciono-a-la-cadena-nacional-de-javier-milei-por-malvinas\/"},"wordCount":990,"publisher":{"@id":"https:\/\/gysfm.com.ar\/inicio\/#organization"},"image":{"@id":"https:\/\/gysfm.com.ar\/inicio\/reino-unido-reacciono-a-la-cadena-nacional-de-javier-milei-por-malvinas\/#primaryimage"},"thumbnailUrl":"https:\/\/gysfm.com.ar\/inicio\/wp-content\/uploads\/2026\/09\/islas-WC2F66THWRAJJONFOBS3LE4P3Y.png","articleSection":["INTERNACIONALES"],"inLanguage":"es"},{"@type":"WebPage","@id":"https:\/\/gysfm.com.ar\/inicio\/reino-unido-reacciono-a-la-cadena-nacional-de-javier-milei-por-malvinas\/","url":"https:\/\/gysfm.com.ar\/inicio\/reino-unido-reacciono-a-la-cadena-nacional-de-javier-milei-por-malvinas\/","name":"Reino Unido reaccion\u00f3 a la cadena nacional de Javier Milei por Malvinas - GYS NOTICIAS |","isPartOf":{"@id":"https:\/\/gysfm.com.ar\/inicio\/#website"},"primaryImageOfPage":{"@id":"https:\/\/gysfm.com.ar\/inicio\/reino-unido-reacciono-a-la-cadena-nacional-de-javier-milei-por-malvinas\/#primaryimage"},"image":{"@id":"https:\/\/gysfm.com.ar\/inicio\/reino-unido-reacciono-a-la-cadena-nacional-de-javier-milei-por-malvinas\/#primaryimage"},"thumbnailUrl":"https:\/\/gysfm.com.ar\/inicio\/wp-content\/uploads\/2026\/09\/islas-WC2F66THWRAJJONFOBS3LE4P3Y.png","datePublished":"2026-09-04T12:50:10+00:00","dateModified":"2026-09-04T12:50:11+00:00","breadcrumb":{"@id":"https:\/\/gysfm.com.ar\/inicio\/reino-unido-reacciono-a-la-cadena-nacional-de-javier-milei-por-malvinas\/#breadcrumb"},"inLanguage":"es","potentialAction":[{"@type":"ReadAction","target":["https:\/\/gysfm.com.ar\/inicio\/reino-unido-reacciono-a-la-cadena-nacional-de-javier-milei-por-malvinas\/"]}]},{"@type":"ImageObject","inLanguage":"es","@id":"https:\/\/gysfm.com.ar\/inicio\/reino-unido-reacciono-a-la-cadena-nacional-de-javier-milei-por-malvinas\/#primaryimage","url":"https:\/\/gysfm.com.ar\/inicio\/wp-content\/uploads\/2026\/09\/islas-WC2F66THWRAJJONFOBS3LE4P3Y.png","contentUrl":"https:\/\/gysfm.com.ar\/inicio\/wp-content\/uploads\/2026\/09\/islas-WC2F66THWRAJJONFOBS3LE4P3Y.png","width":1200,"height":800},{"@type":"BreadcrumbList","@id":"https:\/\/gysfm.com.ar\/inicio\/reino-unido-reacciono-a-la-cadena-nacional-de-javier-milei-por-malvinas\/#breadcrumb","itemListElement":[{"@type":"ListItem","position":1,"name":"Portada","item":"https:\/\/gysfm.com.ar\/inicio\/"},{"@type":"ListItem","position":2,"name":"Reino Unido reaccion\u00f3 a la cadena nacional de Javier Milei por Malvinas"}]},{"@type":"WebSite","@id":"https:\/\/gysfm.com.ar\/inicio\/#website","url":"https:\/\/gysfm.com.ar\/inicio\/","name":"GYS NOTICIAS |","description":"DIARIO - RADIO ONLINE SAN JUAN ARGENTINA","publisher":{"@id":"https:\/\/gysfm.com.ar\/inicio\/#organization"},"potentialAction":[{"@type":"SearchAction","target":{"@type":"EntryPoint","urlTemplate":"https:\/\/gysfm.com.ar\/inicio\/?s={search_term_string}"},"query-input":{"@type":"PropertyValueSpecification","valueRequired":true,"valueName":"search_term_string"}}],"inLanguage":"es"},{"@type":"Organization","@id":"https:\/\/gysfm.com.ar\/inicio\/#organization","name":"GYS NOTICIAS |","url":"https:\/\/gysfm.com.ar\/inicio\/","logo":{"@type":"ImageObject","inLanguage":"es","@id":"https:\/\/gysfm.com.ar\/inicio\/#\/schema\/logo\/image\/","url":"https:\/\/gysfm.com.ar\/inicio\/wp-content\/uploads\/2023\/07\/LOGOGYS-OK.png","contentUrl":"https:\/\/gysfm.com.ar\/inicio\/wp-content\/uploads\/2023\/07\/LOGOGYS-OK.png","width":1170,"height":872,"caption":"GYS NOTICIAS |"},"image":{"@id":"https:\/\/gysfm.com.ar\/inicio\/#\/schema\/logo\/image\/"}},{"@type":"Person","@id":"https:\/\/gysfm.com.ar\/inicio\/#\/schema\/person\/3abba7593ef2ad19e1be221d54383dc5","name":"Prensa G&amp;S FM","image":{"@type":"ImageObject","inLanguage":"es","@id":"https:\/\/gysfm.com.ar\/inicio\/#\/schema\/person\/image\/","url":"https:\/\/secure.gravatar.com\/avatar\/096ec78df02049ab018702bb4ccedf659377fa92a26540b5247612077a0dbd29?s=96&d=mm&r=g","contentUrl":"https:\/\/secure.gravatar.com\/avatar\/096ec78df02049ab018702bb4ccedf659377fa92a26540b5247612077a0dbd29?s=96&d=mm&r=g","caption":"Prensa G&amp;S FM"},"sameAs":["https:\/\/gysfm.com.ar\/"],"url":"https:\/\/gysfm.com.ar\/inicio\/author\/lucasm\/"}]}},"_links":{"self":[{"href":"https:\/\/gysfm.com.ar\/inicio\/wp-json\/wp\/v2\/posts\/210406","targetHints":{"allow":["GET"]}}],"collection":[{"href":"https:\/\/gysfm.com.ar\/inicio\/wp-json\/wp\/v2\/posts"}],"about":[{"href":"https:\/\/gysfm.com.ar\/inicio\/wp-json\/wp\/v2\/types\/post"}],"author":[{"embeddable":true,"href":"https:\/\/gysfm.com.ar\/inicio\/wp-json\/wp\/v2\/users\/2"}],"replies":[{"embeddable":true,"href":"https:\/\/gysfm.com.ar\/inicio\/wp-json\/wp\/v2\/comments?post=210406"}],"version-history":[{"count":1,"href":"https:\/\/gysfm.com.ar\/inicio\/wp-json\/wp\/v2\/posts\/210406\/revisions"}],"predecessor-version":[{"id":210408,"href":"https:\/\/gysfm.com.ar\/inicio\/wp-json\/wp\/v2\/posts\/210406\/revisions\/210408"}],"wp:featuredmedia":[{"embeddable":true,"href":"https:\/\/gysfm.com.ar\/inicio\/wp-json\/wp\/v2\/media\/210407"}],"wp:attachment":[{"href":"https:\/\/gysfm.com.ar\/inicio\/wp-json\/wp\/v2\/media?parent=210406"}],"wp:term":[{"taxonomy":"category","embeddable":true,"href":"https:\/\/gysfm.com.ar\/inicio\/wp-json\/wp\/v2\/categories?post=210406"},{"taxonomy":"post_tag","embeddable":true,"href":"https:\/\/gysfm.com.ar\/inicio\/wp-json\/wp\/v2\/tags?post=210406"}],"curies":[{"name":"wp","href":"https:\/\/api.w.org\/{rel}","templated":true}]}}