{"id":210402,"date":"2026-09-04T09:10:10","date_gmt":"2026-09-04T12:10:10","guid":{"rendered":"https:\/\/gysfm.com.ar\/inicio\/donald-trump-quiere-reducir-el-deficit-comercial-con-los-aranceles-pero-las-grandes-tecnologicas-frustran-sus-planes\/"},"modified":"2026-09-04T09:10:10","modified_gmt":"2026-09-04T12:10:10","slug":"donald-trump-quiere-reducir-el-deficit-comercial-con-los-aranceles-pero-las-grandes-tecnologicas-frustran-sus-planes","status":"publish","type":"post","link":"https:\/\/gysfm.com.ar\/inicio\/donald-trump-quiere-reducir-el-deficit-comercial-con-los-aranceles-pero-las-grandes-tecnologicas-frustran-sus-planes\/","title":{"rendered":"Donald Trump quiere reducir el d\u00e9ficit comercial con los aranceles, pero las grandes tecnol\u00f3gicas frustran sus planes"},"content":{"rendered":"<p> <br \/>\n<\/p>\n<div id=\"\">\n<p id=\"p-1788450002705-79605\">A pesar de que durante los \u00faltimos meses <strong>el gobierno de Donald Trump rearm\u00f3 su barrera arancelaria <\/strong> \u2014 despu\u00e9s de que la <strong>Corte Suprema<\/strong> declarar\u00e1 ilegal la primera normativa utilizada para aplicarlos \u2014, parece haber surgido <strong>un nuevo impedimento para que Washington pueda revertir su enorme d\u00e9ficit comercial<\/strong>: las grandes empresas tecnol\u00f3gicas que invierten en inteligencia artficial (IA).<\/p>\n<\/div>\n<div id=\"\">\n<p id=\"p-1788448439655-56087\">El d\u00e9ficit comercial de<strong> EEUU<\/strong> aument\u00f3 un 24,4% interanual hasta alcanzar los u$s88.600 millones en julio, seg\u00fan datos de la <strong>Oficina de An\u00e1lisis Econ\u00f3mico <\/strong>y la <strong>Oficina del Censo del Departamento de Comercio<\/strong> que se conocieron este jueves. Se trata del <strong>mayor rojo en la balanza comercial norteamericana <\/strong>desde mayo de 2025 si se eval\u00faa en t\u00e9rminos nominales. Si se ajusta por inflaci\u00f3n, el d\u00e9ficit comercial es el m\u00e1s alto <strong>desde marzo del a\u00f1o pasado.<\/strong><\/p>\n<\/p><\/div>\n<div id=\"\">\n<p id=\"p-1788452186973-79242\"> La demanda interna se dispar\u00f3 gracias a la combinaci\u00f3n de un fuerte gasto de los ciudadanos norteamericanos y la <strong>inversi\u00f3n empresarial en inteligencia artificial<\/strong>. Sin embargo, <strong>esta demanda se est\u00e1 satisfaciendo con importaciones<\/strong>, lo que contribuye a ampliar el d\u00e9ficit comercial.<\/p>\n<\/div>\n<div id=\"\">\n<p id=\"p-1788448545468-98078\">La balanza comercial mostr\u00f3 un<strong> aumento del 11,4%<\/strong> <strong>en las importaciones de bienes de capital<\/strong>, <strong>el mayor avance desde 1993<\/strong>. Dentro de esa categor\u00eda, las importaciones de <strong>accesorios inform\u00e1ticos aumentaron en u$s6.600 millones, la mayor cifra registrada hasta la fecha<\/strong>, mientras que los env\u00edos de ordenadores, semiconductores y equipos de telecomunicaciones tambi\u00e9n aumentaron.<\/p>\n<\/div>\n<div id=\"\">\n<div contenteditable=\"false\" class=\"embed_cont type_imagen\" id=\"8226043-Libre-344179721_wrap\" style=\"opacity:1;height:auto;\">\n<div id=\"8226043-Libre-344179721_content\" class=\"embed_content\"><img src=\"https:\/\/media.ambito.com\/p\/15fcfe3e86e8bfbf99a3ce4fb99f9dc2\/adjuntos\/239\/imagenes\/043\/380\/0043380053\/730x0\/smart\/hyperscaler.jpg\" decoding=\"async\" fetchpriority=\"low\" loading=\"lazy\" alt=\"La construcci\u00f3n de centros de datos es la inversi\u00f3n clave entre los \" hyperscalers=\"\" nbsp=\"\" title=\"La construcci\u00f3n de centros de datos es la inversi\u00f3n clave entre los \" width=\"730\" height=\"undefined\" id=\"8226043-Libre-344179721_embed\"\/><\/div>\n<div class=\"embed_wrapper-cont\" id=\"p-1788453492196-48757\">\n<div id=\"8226043-Libre-344179721_epigrafe\" class=\"embed_epigrafe\">\n<p id=\"p-1788453636551-38687\">La construcci\u00f3n de centros de datos es la inversi\u00f3n clave entre los \u00abhyperscalers\u00bb.<\/p>\n<\/div><\/div><\/div>\n<p id=\"p-1788451530149-76426\">Ese r\u00e1pido crecimiento de las importaciones tecnol\u00f3gicas refleja <strong>la carrera por invertir en IA<\/strong>, un motor cada vez m\u00e1s importante en el crecimiento econ\u00f3mico estadounidense.<\/p>\n<\/div>\n<div id=\"\">\n<h2 id=\"p-1788451362989-98166\">El boom de inversiones en IA<\/h2>\n<p id=\"p-1788452133693-59770\">Las grandes empresas tecnol\u00f3gicas, conocidas cada vez m\u00e1s como <strong>\u00abhyperscalers\u00bb<\/strong>, se encuentra realizando gastos en infraestrtuctura y desarrollo de IA que demanda un nivel de inversi\u00f3n sin precedentes.<\/p>\n<p id=\"p-1788452374921-42220\">Desde <strong>Portfolio Personal Inversores (PPI) <\/strong>explicaron que \u2014 si se ajusta por inflaci\u00f3n \u2014 solamente la inversi\u00f3n en data centers anunciada en 2025 \u00abya supera en muy poco tiempo lo invertido en otros grandes proyectos de la humanidad como el ferrocarril, la red de <strong>autopistas interestatales, el programa F-35, el Plan Marshall y el programa Apolo<\/strong>\u00ab.<\/p>\n<div contenteditable=\"false\" class=\"embed_cont type_imagen\" id=\"8273614-Libre-193867977_wrap\">\n<div id=\"8273614-Libre-193867977_content\" class=\"embed_content\"><img src=\"https:\/\/media.ambito.com\/p\/3d56b9239e96e4919c1e82ce87e5722f\/adjuntos\/239\/imagenes\/043\/621\/0043621342\/730x0\/smart\/capex-ia.jpg\" decoding=\"async\" fetchpriority=\"low\" loading=\"lazy\" alt=\"\" title=\"\" width=\"730\" height=\"undefined\" id=\"8273614-Libre-193867977_embed\"\/><\/div><\/div>\n<p id=\"p-1788452523810-14135\">De manera similar, en un informe reciente de <strong>Apollo Global Managment<\/strong>, su economista jefe, <strong>Torsten Slok<\/strong>, explic\u00f3 que el consenso general del mercado <strong>prev\u00e9 que la inversi\u00f3n de capital de las empresas \u00abhyperscalers\u00bb alcance el 3% del PBI<\/strong> norteamericano entre 2027 y 2029. A modo de comparaci\u00f3n, solo representaba el 0,3% del PBI en 2019 y el 1,4% en 2025.<\/p>\n<p id=\"p-1788452693966-62900\">\u00abEsto representa<strong> m\u00e1s del doble del pico alcanzado por el desarrollo de las telecomunicaciones y la fibra \u00f3ptica a finales de la d\u00e9cada de 1990<\/strong>, que lleg\u00f3 a un m\u00e1ximo del 1,2% del PBI en el a\u00f1o 2000 antes de colapsar\u00bb, explic\u00f3 Slok.<\/p>\n<p id=\"p-1788452909907-79004\">De todas maneras, coment\u00f3 que la construcci\u00f3n de de data centers sigue siendo menos de la mitad del tama\u00f1o de lo que fue el boom inmobiliario de principios de siglo, que alcanz\u00f3 su punto m\u00e1ximo en 2005 con un 6,6% del PBI. Pero agreg\u00f3 que la inversi\u00f3n en IA<strong> \u00abse est\u00e1 desarrollando a casi el doble de ritmo que el auge inmobiliario en su punto \u00e1lgido\u00bb<\/strong>.<\/p>\n<p id=\"p-1788453287945-20831\">La portfolio manager de<strong> Janus Henderson Investors, Alison Porter,<\/strong> sostuvo en un informe reciente que las grandes empresas tecnol\u00f3gicas \u00absiguen reportando una fuerte demanda de infraestructura de IA, cuyo crecimiento se ve limitado por la capacidad de oferta de IA\u00bb.<\/p>\n<p id=\"p-1788453356775-43048\">Y agreg\u00f3: \u00abEsto nos sugiere que el ciclo de inversi\u00f3n en IA y el crecimiento de la infraestructura de IA se encuentran a\u00fan en sus etapas iniciales y que<strong> se trata de un proceso de varios a\u00f1os que a\u00fan no ha alcanzado su punto m\u00e1ximo<\/strong>\u00ab.<\/p>\n<\/div>\n<p><script>\n!function(f,b,e,v,n,t,s)\n{if(f.fbq)return;n=f.fbq=function(){n.callMethod?\nn.callMethod.apply(n,arguments):n.queue.push(arguments)};\nif(!f._fbq)f._fbq=n;n.push=n;n.loaded=!0;n.version='2.0';\nn.queue=[];t=b.createElement(e);t.async=!0;\nt.src=v;s=b.getElementsByTagName(e)[0];\ns.parentNode.insertBefore(t,s)}(window,document,'script',\n'https:\/\/connect.facebook.net\/en_US\/fbevents.js');\nfbq('init', '2047048335588113');\nfbq('track', 'PageView');\n<\/script><br \/>\n<br \/><\/p>\n","protected":false},"excerpt":{"rendered":"<p>A pesar de que durante los \u00faltimos meses el gobierno de Donald Trump rearm\u00f3 su barrera arancelaria \u2014 despu\u00e9s de que la Corte Suprema declarar\u00e1 ilegal la primera normativa utilizada para aplicarlos \u2014, parece haber surgido un nuevo impedimento para que Washington pueda revertir su enorme d\u00e9ficit comercial: las grandes empresas tecnol\u00f3gicas que invierten en [&hellip;]<\/p>\n","protected":false},"author":1,"featured_media":210403,"comment_status":"closed","ping_status":"closed","sticky":false,"template":"","format":"standard","meta":{"footnotes":""},"categories":[28],"tags":[],"class_list":["post-210402","post","type-post","status-publish","format-standard","has-post-thumbnail","hentry","category-economia"],"yoast_head":"<!-- This site is optimized with the Yoast SEO plugin v24.4 - https:\/\/yoast.com\/wordpress\/plugins\/seo\/ -->\n<title>Donald Trump quiere reducir el d\u00e9ficit comercial con los aranceles, pero las grandes tecnol\u00f3gicas frustran sus planes - GYS NOTICIAS |<\/title>\n<meta name=\"robots\" content=\"index, follow, max-snippet:-1, max-image-preview:large, max-video-preview:-1\" \/>\n<link rel=\"canonical\" href=\"https:\/\/gysfm.com.ar\/inicio\/donald-trump-quiere-reducir-el-deficit-comercial-con-los-aranceles-pero-las-grandes-tecnologicas-frustran-sus-planes\/\" \/>\n<meta property=\"og:locale\" content=\"es_ES\" \/>\n<meta property=\"og:type\" content=\"article\" \/>\n<meta property=\"og:title\" content=\"Donald Trump quiere reducir el d\u00e9ficit comercial con los aranceles, pero las grandes tecnol\u00f3gicas frustran sus planes - GYS NOTICIAS |\" \/>\n<meta property=\"og:description\" content=\"A pesar de que durante los \u00faltimos meses el gobierno de Donald Trump rearm\u00f3 su barrera arancelaria \u2014 despu\u00e9s de que la Corte Suprema declarar\u00e1 ilegal la primera normativa utilizada para aplicarlos \u2014, parece haber surgido un nuevo impedimento para que Washington pueda revertir su enorme d\u00e9ficit comercial: las grandes empresas tecnol\u00f3gicas que invierten en [&hellip;]\" \/>\n<meta property=\"og:url\" content=\"https:\/\/gysfm.com.ar\/inicio\/donald-trump-quiere-reducir-el-deficit-comercial-con-los-aranceles-pero-las-grandes-tecnologicas-frustran-sus-planes\/\" \/>\n<meta property=\"og:site_name\" content=\"GYS NOTICIAS |\" \/>\n<meta property=\"article:published_time\" content=\"2026-09-04T12:10:10+00:00\" \/>\n<meta property=\"og:image\" content=\"https:\/\/media.ambito.com\/p\/15fcfe3e86e8bfbf99a3ce4fb99f9dc2\/adjuntos\/239\/imagenes\/043\/380\/0043380053\/730x0\/smart\/hyperscaler.jpg\" \/>\n<meta name=\"author\" content=\"admin\" \/>\n<meta name=\"twitter:card\" content=\"summary_large_image\" \/>\n<meta name=\"twitter:label1\" content=\"Escrito por\" \/>\n\t<meta name=\"twitter:data1\" content=\"admin\" \/>\n\t<meta name=\"twitter:label2\" content=\"Tiempo de lectura\" \/>\n\t<meta name=\"twitter:data2\" content=\"3 minutos\" \/>\n<script type=\"application\/ld+json\" class=\"yoast-schema-graph\">{\"@context\":\"https:\/\/schema.org\",\"@graph\":[{\"@type\":\"Article\",\"@id\":\"https:\/\/gysfm.com.ar\/inicio\/donald-trump-quiere-reducir-el-deficit-comercial-con-los-aranceles-pero-las-grandes-tecnologicas-frustran-sus-planes\/#article\",\"isPartOf\":{\"@id\":\"https:\/\/gysfm.com.ar\/inicio\/donald-trump-quiere-reducir-el-deficit-comercial-con-los-aranceles-pero-las-grandes-tecnologicas-frustran-sus-planes\/\"},\"author\":{\"name\":\"admin\",\"@id\":\"https:\/\/gysfm.com.ar\/inicio\/#\/schema\/person\/5bedd7ecd35cc35548d89effafa23696\"},\"headline\":\"Donald Trump quiere reducir el d\u00e9ficit comercial con los aranceles, pero las grandes tecnol\u00f3gicas frustran sus planes\",\"datePublished\":\"2026-09-04T12:10:10+00:00\",\"mainEntityOfPage\":{\"@id\":\"https:\/\/gysfm.com.ar\/inicio\/donald-trump-quiere-reducir-el-deficit-comercial-con-los-aranceles-pero-las-grandes-tecnologicas-frustran-sus-planes\/\"},\"wordCount\":658,\"publisher\":{\"@id\":\"https:\/\/gysfm.com.ar\/inicio\/#organization\"},\"image\":{\"@id\":\"https:\/\/gysfm.com.ar\/inicio\/donald-trump-quiere-reducir-el-deficit-comercial-con-los-aranceles-pero-las-grandes-tecnologicas-frustran-sus-planes\/#primaryimage\"},\"thumbnailUrl\":\"https:\/\/gysfm.com.ar\/inicio\/wp-content\/uploads\/2026\/09\/semiconductor-suba-mercado.png\",\"articleSection\":[\"ECONOMIA\"],\"inLanguage\":\"es\"},{\"@type\":\"WebPage\",\"@id\":\"https:\/\/gysfm.com.ar\/inicio\/donald-trump-quiere-reducir-el-deficit-comercial-con-los-aranceles-pero-las-grandes-tecnologicas-frustran-sus-planes\/\",\"url\":\"https:\/\/gysfm.com.ar\/inicio\/donald-trump-quiere-reducir-el-deficit-comercial-con-los-aranceles-pero-las-grandes-tecnologicas-frustran-sus-planes\/\",\"name\":\"Donald Trump quiere reducir el d\u00e9ficit comercial con los aranceles, pero las grandes tecnol\u00f3gicas frustran sus planes - GYS NOTICIAS |\",\"isPartOf\":{\"@id\":\"https:\/\/gysfm.com.ar\/inicio\/#website\"},\"primaryImageOfPage\":{\"@id\":\"https:\/\/gysfm.com.ar\/inicio\/donald-trump-quiere-reducir-el-deficit-comercial-con-los-aranceles-pero-las-grandes-tecnologicas-frustran-sus-planes\/#primaryimage\"},\"image\":{\"@id\":\"https:\/\/gysfm.com.ar\/inicio\/donald-trump-quiere-reducir-el-deficit-comercial-con-los-aranceles-pero-las-grandes-tecnologicas-frustran-sus-planes\/#primaryimage\"},\"thumbnailUrl\":\"https:\/\/gysfm.com.ar\/inicio\/wp-content\/uploads\/2026\/09\/semiconductor-suba-mercado.png\",\"datePublished\":\"2026-09-04T12:10:10+00:00\",\"breadcrumb\":{\"@id\":\"https:\/\/gysfm.com.ar\/inicio\/donald-trump-quiere-reducir-el-deficit-comercial-con-los-aranceles-pero-las-grandes-tecnologicas-frustran-sus-planes\/#breadcrumb\"},\"inLanguage\":\"es\",\"potentialAction\":[{\"@type\":\"ReadAction\",\"target\":[\"https:\/\/gysfm.com.ar\/inicio\/donald-trump-quiere-reducir-el-deficit-comercial-con-los-aranceles-pero-las-grandes-tecnologicas-frustran-sus-planes\/\"]}]},{\"@type\":\"ImageObject\",\"inLanguage\":\"es\",\"@id\":\"https:\/\/gysfm.com.ar\/inicio\/donald-trump-quiere-reducir-el-deficit-comercial-con-los-aranceles-pero-las-grandes-tecnologicas-frustran-sus-planes\/#primaryimage\",\"url\":\"https:\/\/gysfm.com.ar\/inicio\/wp-content\/uploads\/2026\/09\/semiconductor-suba-mercado.png\",\"contentUrl\":\"https:\/\/gysfm.com.ar\/inicio\/wp-content\/uploads\/2026\/09\/semiconductor-suba-mercado.png\",\"width\":1200,\"height\":675},{\"@type\":\"BreadcrumbList\",\"@id\":\"https:\/\/gysfm.com.ar\/inicio\/donald-trump-quiere-reducir-el-deficit-comercial-con-los-aranceles-pero-las-grandes-tecnologicas-frustran-sus-planes\/#breadcrumb\",\"itemListElement\":[{\"@type\":\"ListItem\",\"position\":1,\"name\":\"Portada\",\"item\":\"https:\/\/gysfm.com.ar\/inicio\/\"},{\"@type\":\"ListItem\",\"position\":2,\"name\":\"Donald Trump quiere reducir el d\u00e9ficit comercial con los aranceles, pero las grandes tecnol\u00f3gicas frustran sus planes\"}]},{\"@type\":\"WebSite\",\"@id\":\"https:\/\/gysfm.com.ar\/inicio\/#website\",\"url\":\"https:\/\/gysfm.com.ar\/inicio\/\",\"name\":\"GYS NOTICIAS |\",\"description\":\"DIARIO - RADIO ONLINE SAN JUAN ARGENTINA\",\"publisher\":{\"@id\":\"https:\/\/gysfm.com.ar\/inicio\/#organization\"},\"potentialAction\":[{\"@type\":\"SearchAction\",\"target\":{\"@type\":\"EntryPoint\",\"urlTemplate\":\"https:\/\/gysfm.com.ar\/inicio\/?s={search_term_string}\"},\"query-input\":{\"@type\":\"PropertyValueSpecification\",\"valueRequired\":true,\"valueName\":\"search_term_string\"}}],\"inLanguage\":\"es\"},{\"@type\":\"Organization\",\"@id\":\"https:\/\/gysfm.com.ar\/inicio\/#organization\",\"name\":\"GYS NOTICIAS |\",\"url\":\"https:\/\/gysfm.com.ar\/inicio\/\",\"logo\":{\"@type\":\"ImageObject\",\"inLanguage\":\"es\",\"@id\":\"https:\/\/gysfm.com.ar\/inicio\/#\/schema\/logo\/image\/\",\"url\":\"https:\/\/gysfm.com.ar\/inicio\/wp-content\/uploads\/2023\/07\/LOGOGYS-OK.png\",\"contentUrl\":\"https:\/\/gysfm.com.ar\/inicio\/wp-content\/uploads\/2023\/07\/LOGOGYS-OK.png\",\"width\":1170,\"height\":872,\"caption\":\"GYS NOTICIAS |\"},\"image\":{\"@id\":\"https:\/\/gysfm.com.ar\/inicio\/#\/schema\/logo\/image\/\"}},{\"@type\":\"Person\",\"@id\":\"https:\/\/gysfm.com.ar\/inicio\/#\/schema\/person\/5bedd7ecd35cc35548d89effafa23696\",\"name\":\"admin\",\"image\":{\"@type\":\"ImageObject\",\"inLanguage\":\"es\",\"@id\":\"https:\/\/gysfm.com.ar\/inicio\/#\/schema\/person\/image\/\",\"url\":\"https:\/\/secure.gravatar.com\/avatar\/c331d312b5243fb64d5ba28108a447b27c925295129a363082c9ea52c28d32c2?s=96&d=mm&r=g\",\"contentUrl\":\"https:\/\/secure.gravatar.com\/avatar\/c331d312b5243fb64d5ba28108a447b27c925295129a363082c9ea52c28d32c2?s=96&d=mm&r=g\",\"caption\":\"admin\"},\"sameAs\":[\"https:\/\/gysfm.com.ar\/inicio\"],\"url\":\"https:\/\/gysfm.com.ar\/inicio\/author\/admin\/\"}]}<\/script>\n<!-- \/ Yoast SEO plugin. -->","yoast_head_json":{"title":"Donald Trump quiere reducir el d\u00e9ficit comercial con los aranceles, pero las grandes tecnol\u00f3gicas frustran sus planes - GYS NOTICIAS |","robots":{"index":"index","follow":"follow","max-snippet":"max-snippet:-1","max-image-preview":"max-image-preview:large","max-video-preview":"max-video-preview:-1"},"canonical":"https:\/\/gysfm.com.ar\/inicio\/donald-trump-quiere-reducir-el-deficit-comercial-con-los-aranceles-pero-las-grandes-tecnologicas-frustran-sus-planes\/","og_locale":"es_ES","og_type":"article","og_title":"Donald Trump quiere reducir el d\u00e9ficit comercial con los aranceles, pero las grandes tecnol\u00f3gicas frustran sus planes - GYS NOTICIAS |","og_description":"A pesar de que durante los \u00faltimos meses el gobierno de Donald Trump rearm\u00f3 su barrera arancelaria \u2014 despu\u00e9s de que la Corte Suprema declarar\u00e1 ilegal la primera normativa utilizada para aplicarlos \u2014, parece haber surgido un nuevo impedimento para que Washington pueda revertir su enorme d\u00e9ficit comercial: las grandes empresas tecnol\u00f3gicas que invierten en [&hellip;]","og_url":"https:\/\/gysfm.com.ar\/inicio\/donald-trump-quiere-reducir-el-deficit-comercial-con-los-aranceles-pero-las-grandes-tecnologicas-frustran-sus-planes\/","og_site_name":"GYS NOTICIAS |","article_published_time":"2026-09-04T12:10:10+00:00","og_image":[{"url":"https:\/\/media.ambito.com\/p\/15fcfe3e86e8bfbf99a3ce4fb99f9dc2\/adjuntos\/239\/imagenes\/043\/380\/0043380053\/730x0\/smart\/hyperscaler.jpg","type":"","width":"","height":""}],"author":"admin","twitter_card":"summary_large_image","twitter_misc":{"Escrito por":"admin","Tiempo de lectura":"3 minutos"},"schema":{"@context":"https:\/\/schema.org","@graph":[{"@type":"Article","@id":"https:\/\/gysfm.com.ar\/inicio\/donald-trump-quiere-reducir-el-deficit-comercial-con-los-aranceles-pero-las-grandes-tecnologicas-frustran-sus-planes\/#article","isPartOf":{"@id":"https:\/\/gysfm.com.ar\/inicio\/donald-trump-quiere-reducir-el-deficit-comercial-con-los-aranceles-pero-las-grandes-tecnologicas-frustran-sus-planes\/"},"author":{"name":"admin","@id":"https:\/\/gysfm.com.ar\/inicio\/#\/schema\/person\/5bedd7ecd35cc35548d89effafa23696"},"headline":"Donald Trump quiere reducir el d\u00e9ficit comercial con los aranceles, pero las grandes tecnol\u00f3gicas frustran sus planes","datePublished":"2026-09-04T12:10:10+00:00","mainEntityOfPage":{"@id":"https:\/\/gysfm.com.ar\/inicio\/donald-trump-quiere-reducir-el-deficit-comercial-con-los-aranceles-pero-las-grandes-tecnologicas-frustran-sus-planes\/"},"wordCount":658,"publisher":{"@id":"https:\/\/gysfm.com.ar\/inicio\/#organization"},"image":{"@id":"https:\/\/gysfm.com.ar\/inicio\/donald-trump-quiere-reducir-el-deficit-comercial-con-los-aranceles-pero-las-grandes-tecnologicas-frustran-sus-planes\/#primaryimage"},"thumbnailUrl":"https:\/\/gysfm.com.ar\/inicio\/wp-content\/uploads\/2026\/09\/semiconductor-suba-mercado.png","articleSection":["ECONOMIA"],"inLanguage":"es"},{"@type":"WebPage","@id":"https:\/\/gysfm.com.ar\/inicio\/donald-trump-quiere-reducir-el-deficit-comercial-con-los-aranceles-pero-las-grandes-tecnologicas-frustran-sus-planes\/","url":"https:\/\/gysfm.com.ar\/inicio\/donald-trump-quiere-reducir-el-deficit-comercial-con-los-aranceles-pero-las-grandes-tecnologicas-frustran-sus-planes\/","name":"Donald Trump quiere reducir el d\u00e9ficit comercial con los aranceles, pero las grandes tecnol\u00f3gicas frustran sus planes - GYS NOTICIAS |","isPartOf":{"@id":"https:\/\/gysfm.com.ar\/inicio\/#website"},"primaryImageOfPage":{"@id":"https:\/\/gysfm.com.ar\/inicio\/donald-trump-quiere-reducir-el-deficit-comercial-con-los-aranceles-pero-las-grandes-tecnologicas-frustran-sus-planes\/#primaryimage"},"image":{"@id":"https:\/\/gysfm.com.ar\/inicio\/donald-trump-quiere-reducir-el-deficit-comercial-con-los-aranceles-pero-las-grandes-tecnologicas-frustran-sus-planes\/#primaryimage"},"thumbnailUrl":"https:\/\/gysfm.com.ar\/inicio\/wp-content\/uploads\/2026\/09\/semiconductor-suba-mercado.png","datePublished":"2026-09-04T12:10:10+00:00","breadcrumb":{"@id":"https:\/\/gysfm.com.ar\/inicio\/donald-trump-quiere-reducir-el-deficit-comercial-con-los-aranceles-pero-las-grandes-tecnologicas-frustran-sus-planes\/#breadcrumb"},"inLanguage":"es","potentialAction":[{"@type":"ReadAction","target":["https:\/\/gysfm.com.ar\/inicio\/donald-trump-quiere-reducir-el-deficit-comercial-con-los-aranceles-pero-las-grandes-tecnologicas-frustran-sus-planes\/"]}]},{"@type":"ImageObject","inLanguage":"es","@id":"https:\/\/gysfm.com.ar\/inicio\/donald-trump-quiere-reducir-el-deficit-comercial-con-los-aranceles-pero-las-grandes-tecnologicas-frustran-sus-planes\/#primaryimage","url":"https:\/\/gysfm.com.ar\/inicio\/wp-content\/uploads\/2026\/09\/semiconductor-suba-mercado.png","contentUrl":"https:\/\/gysfm.com.ar\/inicio\/wp-content\/uploads\/2026\/09\/semiconductor-suba-mercado.png","width":1200,"height":675},{"@type":"BreadcrumbList","@id":"https:\/\/gysfm.com.ar\/inicio\/donald-trump-quiere-reducir-el-deficit-comercial-con-los-aranceles-pero-las-grandes-tecnologicas-frustran-sus-planes\/#breadcrumb","itemListElement":[{"@type":"ListItem","position":1,"name":"Portada","item":"https:\/\/gysfm.com.ar\/inicio\/"},{"@type":"ListItem","position":2,"name":"Donald Trump quiere reducir el d\u00e9ficit comercial con los aranceles, pero las grandes tecnol\u00f3gicas frustran sus planes"}]},{"@type":"WebSite","@id":"https:\/\/gysfm.com.ar\/inicio\/#website","url":"https:\/\/gysfm.com.ar\/inicio\/","name":"GYS NOTICIAS |","description":"DIARIO - RADIO ONLINE SAN JUAN ARGENTINA","publisher":{"@id":"https:\/\/gysfm.com.ar\/inicio\/#organization"},"potentialAction":[{"@type":"SearchAction","target":{"@type":"EntryPoint","urlTemplate":"https:\/\/gysfm.com.ar\/inicio\/?s={search_term_string}"},"query-input":{"@type":"PropertyValueSpecification","valueRequired":true,"valueName":"search_term_string"}}],"inLanguage":"es"},{"@type":"Organization","@id":"https:\/\/gysfm.com.ar\/inicio\/#organization","name":"GYS NOTICIAS |","url":"https:\/\/gysfm.com.ar\/inicio\/","logo":{"@type":"ImageObject","inLanguage":"es","@id":"https:\/\/gysfm.com.ar\/inicio\/#\/schema\/logo\/image\/","url":"https:\/\/gysfm.com.ar\/inicio\/wp-content\/uploads\/2023\/07\/LOGOGYS-OK.png","contentUrl":"https:\/\/gysfm.com.ar\/inicio\/wp-content\/uploads\/2023\/07\/LOGOGYS-OK.png","width":1170,"height":872,"caption":"GYS NOTICIAS |"},"image":{"@id":"https:\/\/gysfm.com.ar\/inicio\/#\/schema\/logo\/image\/"}},{"@type":"Person","@id":"https:\/\/gysfm.com.ar\/inicio\/#\/schema\/person\/5bedd7ecd35cc35548d89effafa23696","name":"admin","image":{"@type":"ImageObject","inLanguage":"es","@id":"https:\/\/gysfm.com.ar\/inicio\/#\/schema\/person\/image\/","url":"https:\/\/secure.gravatar.com\/avatar\/c331d312b5243fb64d5ba28108a447b27c925295129a363082c9ea52c28d32c2?s=96&d=mm&r=g","contentUrl":"https:\/\/secure.gravatar.com\/avatar\/c331d312b5243fb64d5ba28108a447b27c925295129a363082c9ea52c28d32c2?s=96&d=mm&r=g","caption":"admin"},"sameAs":["https:\/\/gysfm.com.ar\/inicio"],"url":"https:\/\/gysfm.com.ar\/inicio\/author\/admin\/"}]}},"_links":{"self":[{"href":"https:\/\/gysfm.com.ar\/inicio\/wp-json\/wp\/v2\/posts\/210402","targetHints":{"allow":["GET"]}}],"collection":[{"href":"https:\/\/gysfm.com.ar\/inicio\/wp-json\/wp\/v2\/posts"}],"about":[{"href":"https:\/\/gysfm.com.ar\/inicio\/wp-json\/wp\/v2\/types\/post"}],"author":[{"embeddable":true,"href":"https:\/\/gysfm.com.ar\/inicio\/wp-json\/wp\/v2\/users\/1"}],"replies":[{"embeddable":true,"href":"https:\/\/gysfm.com.ar\/inicio\/wp-json\/wp\/v2\/comments?post=210402"}],"version-history":[{"count":0,"href":"https:\/\/gysfm.com.ar\/inicio\/wp-json\/wp\/v2\/posts\/210402\/revisions"}],"wp:featuredmedia":[{"embeddable":true,"href":"https:\/\/gysfm.com.ar\/inicio\/wp-json\/wp\/v2\/media\/210403"}],"wp:attachment":[{"href":"https:\/\/gysfm.com.ar\/inicio\/wp-json\/wp\/v2\/media?parent=210402"}],"wp:term":[{"taxonomy":"category","embeddable":true,"href":"https:\/\/gysfm.com.ar\/inicio\/wp-json\/wp\/v2\/categories?post=210402"},{"taxonomy":"post_tag","embeddable":true,"href":"https:\/\/gysfm.com.ar\/inicio\/wp-json\/wp\/v2\/tags?post=210402"}],"curies":[{"name":"wp","href":"https:\/\/api.w.org\/{rel}","templated":true}]}}