{"id":210400,"date":"2026-09-04T08:08:11","date_gmt":"2026-09-04T11:08:11","guid":{"rendered":"https:\/\/gysfm.com.ar\/inicio\/santiago-bausili-defendio-la-reforma-de-la-carta-organica-y-la-posibilidad-de-usar-el-oro-como-garantia\/"},"modified":"2026-09-04T08:08:11","modified_gmt":"2026-09-04T11:08:11","slug":"santiago-bausili-defendio-la-reforma-de-la-carta-organica-y-la-posibilidad-de-usar-el-oro-como-garantia","status":"publish","type":"post","link":"https:\/\/gysfm.com.ar\/inicio\/santiago-bausili-defendio-la-reforma-de-la-carta-organica-y-la-posibilidad-de-usar-el-oro-como-garantia\/","title":{"rendered":"Santiago Bausili defendi\u00f3 la reforma de la Carta Org\u00e1nica y la posibilidad de usar el oro como garant\u00eda"},"content":{"rendered":"<p> <br \/>\n<\/p>\n<div id=\"\">\n<p id=\"p-1788479337423-76773\">El presidente del <strong>Banco Central, Santiago Bausili,<\/strong>  <strong>defendi\u00f3 este jueves el proyecto de reforma de la Carta Org\u00e1nica del Banco Central<\/strong> que el Gobierno envi\u00f3 al Congreso. Adem\u00e1s, rechaz\u00f3 las cr\u00edticas de economistas de la oposici\u00f3n en relaci\u00f3n con la posibilidad de que <strong>la entidad pueda tomar deuda en el exterior poniendo sus reservas como garant\u00eda.<\/strong><\/p>\n<\/p><\/div>\n<div id=\"\">\n<p id=\"p-1788479337423-31963\"><strong>\u201c\u00bfPor qu\u00e9 ser\u00eda algo diferente de lo que se puede hacer hoy?\u201d<\/strong>, cuestion\u00f3 el funcionario durante una breve charla con periodistas en la Universidad Torcuato Di Tella, donde habl\u00f3 sobre la propuesta del Gobierno para darle <strong>mayores grados de independencia a la entidad.<\/strong><\/p>\n<\/p><\/div>\n<div id=\"\">\n<p id=\"p-1788479337423-72578\"> En ese sentido, Bausili indic\u00f3 que <strong>la posibilidad de poner activos de la entidad como garant\u00eda para obtener financiamiento internacional ya est\u00e1 permitida<\/strong>, a partir de las interpretaciones de la actual Carta Org\u00e1nica.<\/p>\n<\/div>\n<div id=\"\">\n<p id=\"p-1788479337423-33698\">\u201cSon elementos t\u00e9cnicos cuya interpretaci\u00f3n fue cambiando. <strong>Este art\u00edculo \u2014el 33\u2014, tal como est\u00e1 escrito, evolucion\u00f3 en el tiempo y, si lo actualizamos, podremos realizar las mismas operaciones que hacemos actualmente de una forma m\u00e1s eficiente, m\u00e1s barata y sin tener que dar vueltas legales\u201d<\/strong>, agreg\u00f3.<\/p>\n<\/div>\n<div id=\"\">\n<p id=\"p-1788479337423-86705\">El funcionario explic\u00f3 que <strong>\u201cla gente se agarr\u00f3 mucho de ese art\u00edculo 33\u201d<\/strong>. A partir de all\u00ed, se\u00f1al\u00f3 que se tom\u00f3 un elemento incluido en la Ley de Convertibilidad, seg\u00fan el cual <strong>las reservas internacionales del Banco Central son inembargables.<\/strong><\/p>\n<\/p><\/div>\n<div id=\"\">\n<p id=\"p-1788479337423-8823\"> \u201cEsa frase la rescatamos y la incorporamos a la Carta Org\u00e1nica. <strong>Eso tiene que ver con preservar las reservas, pero, sobre todo, con la jurisdicci\u00f3n dom\u00e9stica<\/strong>, porque la Carta Org\u00e1nica no tiene jurisdicci\u00f3n sobre las que est\u00e1n afuera\u201d, enfatiz\u00f3.<\/p>\n<p id=\"p-1788479337423-71099\">Esto le permitir\u00eda a la entidad <strong>entregar como garant\u00eda activos como bonos del Tesoro de Estados Unidos, t\u00edtulos Globales del Gobierno nacional que forman parte de las reservas o el oro que se encuentra en el exterior<\/strong>, en el marco de una operaci\u00f3n de REPO, algo que ya se hizo durante la actual gesti\u00f3n.<\/p>\n<p id=\"p-1788479337423-76071\">Bausili se\u00f1al\u00f3 que <strong>\u201csi se quisiera, se podr\u00eda hacer con oro. No se hizo, pero, si se quisiera, se podr\u00eda hacer con ese o con cualquier otro activo del Banco Central\u201d.<\/strong><\/p>\n<p id=\"p-1788479337423-79163\">\u201cEntonces, eso hoy ya se puede hacer. Lo que ocurre es que <strong>la Carta Org\u00e1nica est\u00e1 redactada de una manera anticuada<\/strong>\u201d, explic\u00f3. Adem\u00e1s, agreg\u00f3 que <strong>\u201cel mercado financiero y sus instrumentos evolucionaron con el tiempo, pero la normativa qued\u00f3 desactualizada\u201d.<\/strong><\/p>\n<p id=\"p-1788479337423-67910\">\u201cEntonces, lo estructur\u00e1s d\u00e1ndole una vuelta legal para hacer lo que el mercado financiero requiere, que es un financiamiento garantizado. Como las cl\u00e1usulas de la Carta Org\u00e1nica no est\u00e1n actualizadas, <strong>termin\u00e1s teniendo que contratar a un abogado para que dise\u00f1e algo especial que permita alcanzar el objetivo\u201d<\/strong>, explic\u00f3.<\/p>\n<p id=\"p-1788479337423-66554\">El funcionario particip\u00f3 de una mesa junto con <strong>Randall Kroszner, profesor de la Chicago Booth School of Business y exgobernador del Sistema de la Reserva Federal, y Alberto Cavallo, profesor de Harvard Business School.<\/strong><\/p>\n<h2 id=\"p-1788479337423-50367\">\u00c1lvarez Agis: \u201cEs una patente de corso para endeudarse\u201d<\/h2>\n<p id=\"p-1788479337423-63428\">En la previa, el exviceministro de Econom\u00eda <strong>Emmanuel \u00c1lvarez Agis cuestion\u00f3 el proyecto presentado por el Gobierno ante el Congreso<\/strong>, que, seg\u00fan advirti\u00f3, permitir\u00eda al Banco Central endeudarse en el exterior.<\/p>\n<p id=\"p-1788479337423-81385\">\u201cLos populismos de izquierda regalan dinero y <strong>los populismos de derecha regalan d\u00f3lares y, cuando estos se acaban, toman deuda\u201d<\/strong>, afirm\u00f3.<\/p>\n<p id=\"p-1788479337423-10252\">\u201c<strong>Esta carta le da patente de corso al populismo de derecha. Ampl\u00eda la posibilidad de emitir deuda externa en d\u00f3lares.<\/strong> Sospecho que ser\u00eda un REPO, un swap o <strong>un Bopreal D, con ley de Nueva York\u201d<\/strong>, explic\u00f3 el referente de la oposici\u00f3n.<\/p>\n<\/p><\/div>\n<p><script>\n!function(f,b,e,v,n,t,s)\n{if(f.fbq)return;n=f.fbq=function(){n.callMethod?\nn.callMethod.apply(n,arguments):n.queue.push(arguments)};\nif(!f._fbq)f._fbq=n;n.push=n;n.loaded=!0;n.version='2.0';\nn.queue=[];t=b.createElement(e);t.async=!0;\nt.src=v;s=b.getElementsByTagName(e)[0];\ns.parentNode.insertBefore(t,s)}(window,document,'script',\n'https:\/\/connect.facebook.net\/en_US\/fbevents.js');\nfbq('init', '2047048335588113');\nfbq('track', 'PageView');\n<\/script><br \/>\n<br \/><\/p>\n","protected":false},"excerpt":{"rendered":"<p>El presidente del Banco Central, Santiago Bausili, defendi\u00f3 este jueves el proyecto de reforma de la Carta Org\u00e1nica del Banco Central que el Gobierno envi\u00f3 al Congreso. Adem\u00e1s, rechaz\u00f3 las cr\u00edticas de economistas de la oposici\u00f3n en relaci\u00f3n con la posibilidad de que la entidad pueda tomar deuda en el exterior poniendo sus reservas como [&hellip;]<\/p>\n","protected":false},"author":1,"featured_media":210401,"comment_status":"closed","ping_status":"closed","sticky":false,"template":"","format":"standard","meta":{"footnotes":""},"categories":[28],"tags":[],"class_list":["post-210400","post","type-post","status-publish","format-standard","has-post-thumbnail","hentry","category-economia"],"yoast_head":"<!-- This site is optimized with the Yoast SEO plugin v24.4 - https:\/\/yoast.com\/wordpress\/plugins\/seo\/ -->\n<title>Santiago Bausili defendi\u00f3 la reforma de la Carta Org\u00e1nica y la posibilidad de usar el oro como garant\u00eda - GYS NOTICIAS |<\/title>\n<meta name=\"robots\" content=\"index, follow, max-snippet:-1, max-image-preview:large, max-video-preview:-1\" \/>\n<link rel=\"canonical\" href=\"https:\/\/gysfm.com.ar\/inicio\/santiago-bausili-defendio-la-reforma-de-la-carta-organica-y-la-posibilidad-de-usar-el-oro-como-garantia\/\" \/>\n<meta property=\"og:locale\" content=\"es_ES\" \/>\n<meta property=\"og:type\" content=\"article\" \/>\n<meta property=\"og:title\" content=\"Santiago Bausili defendi\u00f3 la reforma de la Carta Org\u00e1nica y la posibilidad de usar el oro como garant\u00eda - GYS NOTICIAS |\" \/>\n<meta property=\"og:description\" content=\"El presidente del Banco Central, Santiago Bausili, defendi\u00f3 este jueves el proyecto de reforma de la Carta Org\u00e1nica del Banco Central que el Gobierno envi\u00f3 al Congreso. Adem\u00e1s, rechaz\u00f3 las cr\u00edticas de economistas de la oposici\u00f3n en relaci\u00f3n con la posibilidad de que la entidad pueda tomar deuda en el exterior poniendo sus reservas como [&hellip;]\" \/>\n<meta property=\"og:url\" content=\"https:\/\/gysfm.com.ar\/inicio\/santiago-bausili-defendio-la-reforma-de-la-carta-organica-y-la-posibilidad-de-usar-el-oro-como-garantia\/\" \/>\n<meta property=\"og:site_name\" content=\"GYS NOTICIAS |\" \/>\n<meta property=\"article:published_time\" content=\"2026-09-04T11:08:11+00:00\" \/>\n<meta name=\"author\" content=\"admin\" \/>\n<meta name=\"twitter:card\" content=\"summary_large_image\" \/>\n<meta name=\"twitter:label1\" content=\"Escrito por\" \/>\n\t<meta name=\"twitter:data1\" content=\"admin\" \/>\n\t<meta name=\"twitter:label2\" content=\"Tiempo de lectura\" \/>\n\t<meta name=\"twitter:data2\" content=\"3 minutos\" \/>\n<script type=\"application\/ld+json\" class=\"yoast-schema-graph\">{\"@context\":\"https:\/\/schema.org\",\"@graph\":[{\"@type\":\"Article\",\"@id\":\"https:\/\/gysfm.com.ar\/inicio\/santiago-bausili-defendio-la-reforma-de-la-carta-organica-y-la-posibilidad-de-usar-el-oro-como-garantia\/#article\",\"isPartOf\":{\"@id\":\"https:\/\/gysfm.com.ar\/inicio\/santiago-bausili-defendio-la-reforma-de-la-carta-organica-y-la-posibilidad-de-usar-el-oro-como-garantia\/\"},\"author\":{\"name\":\"admin\",\"@id\":\"https:\/\/gysfm.com.ar\/inicio\/#\/schema\/person\/5bedd7ecd35cc35548d89effafa23696\"},\"headline\":\"Santiago Bausili defendi\u00f3 la reforma de la Carta Org\u00e1nica y la posibilidad de usar el oro como garant\u00eda\",\"datePublished\":\"2026-09-04T11:08:11+00:00\",\"mainEntityOfPage\":{\"@id\":\"https:\/\/gysfm.com.ar\/inicio\/santiago-bausili-defendio-la-reforma-de-la-carta-organica-y-la-posibilidad-de-usar-el-oro-como-garantia\/\"},\"wordCount\":635,\"publisher\":{\"@id\":\"https:\/\/gysfm.com.ar\/inicio\/#organization\"},\"image\":{\"@id\":\"https:\/\/gysfm.com.ar\/inicio\/santiago-bausili-defendio-la-reforma-de-la-carta-organica-y-la-posibilidad-de-usar-el-oro-como-garantia\/#primaryimage\"},\"thumbnailUrl\":\"https:\/\/gysfm.com.ar\/inicio\/wp-content\/uploads\/2026\/09\/bausili-ditella.jpeg\",\"articleSection\":[\"ECONOMIA\"],\"inLanguage\":\"es\"},{\"@type\":\"WebPage\",\"@id\":\"https:\/\/gysfm.com.ar\/inicio\/santiago-bausili-defendio-la-reforma-de-la-carta-organica-y-la-posibilidad-de-usar-el-oro-como-garantia\/\",\"url\":\"https:\/\/gysfm.com.ar\/inicio\/santiago-bausili-defendio-la-reforma-de-la-carta-organica-y-la-posibilidad-de-usar-el-oro-como-garantia\/\",\"name\":\"Santiago Bausili defendi\u00f3 la reforma de la Carta Org\u00e1nica y la posibilidad de usar el oro como garant\u00eda - GYS NOTICIAS |\",\"isPartOf\":{\"@id\":\"https:\/\/gysfm.com.ar\/inicio\/#website\"},\"primaryImageOfPage\":{\"@id\":\"https:\/\/gysfm.com.ar\/inicio\/santiago-bausili-defendio-la-reforma-de-la-carta-organica-y-la-posibilidad-de-usar-el-oro-como-garantia\/#primaryimage\"},\"image\":{\"@id\":\"https:\/\/gysfm.com.ar\/inicio\/santiago-bausili-defendio-la-reforma-de-la-carta-organica-y-la-posibilidad-de-usar-el-oro-como-garantia\/#primaryimage\"},\"thumbnailUrl\":\"https:\/\/gysfm.com.ar\/inicio\/wp-content\/uploads\/2026\/09\/bausili-ditella.jpeg\",\"datePublished\":\"2026-09-04T11:08:11+00:00\",\"breadcrumb\":{\"@id\":\"https:\/\/gysfm.com.ar\/inicio\/santiago-bausili-defendio-la-reforma-de-la-carta-organica-y-la-posibilidad-de-usar-el-oro-como-garantia\/#breadcrumb\"},\"inLanguage\":\"es\",\"potentialAction\":[{\"@type\":\"ReadAction\",\"target\":[\"https:\/\/gysfm.com.ar\/inicio\/santiago-bausili-defendio-la-reforma-de-la-carta-organica-y-la-posibilidad-de-usar-el-oro-como-garantia\/\"]}]},{\"@type\":\"ImageObject\",\"inLanguage\":\"es\",\"@id\":\"https:\/\/gysfm.com.ar\/inicio\/santiago-bausili-defendio-la-reforma-de-la-carta-organica-y-la-posibilidad-de-usar-el-oro-como-garantia\/#primaryimage\",\"url\":\"https:\/\/gysfm.com.ar\/inicio\/wp-content\/uploads\/2026\/09\/bausili-ditella.jpeg\",\"contentUrl\":\"https:\/\/gysfm.com.ar\/inicio\/wp-content\/uploads\/2026\/09\/bausili-ditella.jpeg\",\"width\":1200,\"height\":675},{\"@type\":\"BreadcrumbList\",\"@id\":\"https:\/\/gysfm.com.ar\/inicio\/santiago-bausili-defendio-la-reforma-de-la-carta-organica-y-la-posibilidad-de-usar-el-oro-como-garantia\/#breadcrumb\",\"itemListElement\":[{\"@type\":\"ListItem\",\"position\":1,\"name\":\"Portada\",\"item\":\"https:\/\/gysfm.com.ar\/inicio\/\"},{\"@type\":\"ListItem\",\"position\":2,\"name\":\"Santiago Bausili defendi\u00f3 la reforma de la Carta Org\u00e1nica y la posibilidad de usar el oro como garant\u00eda\"}]},{\"@type\":\"WebSite\",\"@id\":\"https:\/\/gysfm.com.ar\/inicio\/#website\",\"url\":\"https:\/\/gysfm.com.ar\/inicio\/\",\"name\":\"GYS NOTICIAS |\",\"description\":\"DIARIO - RADIO ONLINE SAN JUAN ARGENTINA\",\"publisher\":{\"@id\":\"https:\/\/gysfm.com.ar\/inicio\/#organization\"},\"potentialAction\":[{\"@type\":\"SearchAction\",\"target\":{\"@type\":\"EntryPoint\",\"urlTemplate\":\"https:\/\/gysfm.com.ar\/inicio\/?s={search_term_string}\"},\"query-input\":{\"@type\":\"PropertyValueSpecification\",\"valueRequired\":true,\"valueName\":\"search_term_string\"}}],\"inLanguage\":\"es\"},{\"@type\":\"Organization\",\"@id\":\"https:\/\/gysfm.com.ar\/inicio\/#organization\",\"name\":\"GYS NOTICIAS |\",\"url\":\"https:\/\/gysfm.com.ar\/inicio\/\",\"logo\":{\"@type\":\"ImageObject\",\"inLanguage\":\"es\",\"@id\":\"https:\/\/gysfm.com.ar\/inicio\/#\/schema\/logo\/image\/\",\"url\":\"https:\/\/gysfm.com.ar\/inicio\/wp-content\/uploads\/2023\/07\/LOGOGYS-OK.png\",\"contentUrl\":\"https:\/\/gysfm.com.ar\/inicio\/wp-content\/uploads\/2023\/07\/LOGOGYS-OK.png\",\"width\":1170,\"height\":872,\"caption\":\"GYS NOTICIAS |\"},\"image\":{\"@id\":\"https:\/\/gysfm.com.ar\/inicio\/#\/schema\/logo\/image\/\"}},{\"@type\":\"Person\",\"@id\":\"https:\/\/gysfm.com.ar\/inicio\/#\/schema\/person\/5bedd7ecd35cc35548d89effafa23696\",\"name\":\"admin\",\"image\":{\"@type\":\"ImageObject\",\"inLanguage\":\"es\",\"@id\":\"https:\/\/gysfm.com.ar\/inicio\/#\/schema\/person\/image\/\",\"url\":\"https:\/\/secure.gravatar.com\/avatar\/c331d312b5243fb64d5ba28108a447b27c925295129a363082c9ea52c28d32c2?s=96&d=mm&r=g\",\"contentUrl\":\"https:\/\/secure.gravatar.com\/avatar\/c331d312b5243fb64d5ba28108a447b27c925295129a363082c9ea52c28d32c2?s=96&d=mm&r=g\",\"caption\":\"admin\"},\"sameAs\":[\"https:\/\/gysfm.com.ar\/inicio\"],\"url\":\"https:\/\/gysfm.com.ar\/inicio\/author\/admin\/\"}]}<\/script>\n<!-- \/ Yoast SEO plugin. -->","yoast_head_json":{"title":"Santiago Bausili defendi\u00f3 la reforma de la Carta Org\u00e1nica y la posibilidad de usar el oro como garant\u00eda - GYS NOTICIAS |","robots":{"index":"index","follow":"follow","max-snippet":"max-snippet:-1","max-image-preview":"max-image-preview:large","max-video-preview":"max-video-preview:-1"},"canonical":"https:\/\/gysfm.com.ar\/inicio\/santiago-bausili-defendio-la-reforma-de-la-carta-organica-y-la-posibilidad-de-usar-el-oro-como-garantia\/","og_locale":"es_ES","og_type":"article","og_title":"Santiago Bausili defendi\u00f3 la reforma de la Carta Org\u00e1nica y la posibilidad de usar el oro como garant\u00eda - GYS NOTICIAS |","og_description":"El presidente del Banco Central, Santiago Bausili, defendi\u00f3 este jueves el proyecto de reforma de la Carta Org\u00e1nica del Banco Central que el Gobierno envi\u00f3 al Congreso. Adem\u00e1s, rechaz\u00f3 las cr\u00edticas de economistas de la oposici\u00f3n en relaci\u00f3n con la posibilidad de que la entidad pueda tomar deuda en el exterior poniendo sus reservas como [&hellip;]","og_url":"https:\/\/gysfm.com.ar\/inicio\/santiago-bausili-defendio-la-reforma-de-la-carta-organica-y-la-posibilidad-de-usar-el-oro-como-garantia\/","og_site_name":"GYS NOTICIAS |","article_published_time":"2026-09-04T11:08:11+00:00","author":"admin","twitter_card":"summary_large_image","twitter_misc":{"Escrito por":"admin","Tiempo de lectura":"3 minutos"},"schema":{"@context":"https:\/\/schema.org","@graph":[{"@type":"Article","@id":"https:\/\/gysfm.com.ar\/inicio\/santiago-bausili-defendio-la-reforma-de-la-carta-organica-y-la-posibilidad-de-usar-el-oro-como-garantia\/#article","isPartOf":{"@id":"https:\/\/gysfm.com.ar\/inicio\/santiago-bausili-defendio-la-reforma-de-la-carta-organica-y-la-posibilidad-de-usar-el-oro-como-garantia\/"},"author":{"name":"admin","@id":"https:\/\/gysfm.com.ar\/inicio\/#\/schema\/person\/5bedd7ecd35cc35548d89effafa23696"},"headline":"Santiago Bausili defendi\u00f3 la reforma de la Carta Org\u00e1nica y la posibilidad de usar el oro como garant\u00eda","datePublished":"2026-09-04T11:08:11+00:00","mainEntityOfPage":{"@id":"https:\/\/gysfm.com.ar\/inicio\/santiago-bausili-defendio-la-reforma-de-la-carta-organica-y-la-posibilidad-de-usar-el-oro-como-garantia\/"},"wordCount":635,"publisher":{"@id":"https:\/\/gysfm.com.ar\/inicio\/#organization"},"image":{"@id":"https:\/\/gysfm.com.ar\/inicio\/santiago-bausili-defendio-la-reforma-de-la-carta-organica-y-la-posibilidad-de-usar-el-oro-como-garantia\/#primaryimage"},"thumbnailUrl":"https:\/\/gysfm.com.ar\/inicio\/wp-content\/uploads\/2026\/09\/bausili-ditella.jpeg","articleSection":["ECONOMIA"],"inLanguage":"es"},{"@type":"WebPage","@id":"https:\/\/gysfm.com.ar\/inicio\/santiago-bausili-defendio-la-reforma-de-la-carta-organica-y-la-posibilidad-de-usar-el-oro-como-garantia\/","url":"https:\/\/gysfm.com.ar\/inicio\/santiago-bausili-defendio-la-reforma-de-la-carta-organica-y-la-posibilidad-de-usar-el-oro-como-garantia\/","name":"Santiago Bausili defendi\u00f3 la reforma de la Carta Org\u00e1nica y la posibilidad de usar el oro como garant\u00eda - GYS NOTICIAS |","isPartOf":{"@id":"https:\/\/gysfm.com.ar\/inicio\/#website"},"primaryImageOfPage":{"@id":"https:\/\/gysfm.com.ar\/inicio\/santiago-bausili-defendio-la-reforma-de-la-carta-organica-y-la-posibilidad-de-usar-el-oro-como-garantia\/#primaryimage"},"image":{"@id":"https:\/\/gysfm.com.ar\/inicio\/santiago-bausili-defendio-la-reforma-de-la-carta-organica-y-la-posibilidad-de-usar-el-oro-como-garantia\/#primaryimage"},"thumbnailUrl":"https:\/\/gysfm.com.ar\/inicio\/wp-content\/uploads\/2026\/09\/bausili-ditella.jpeg","datePublished":"2026-09-04T11:08:11+00:00","breadcrumb":{"@id":"https:\/\/gysfm.com.ar\/inicio\/santiago-bausili-defendio-la-reforma-de-la-carta-organica-y-la-posibilidad-de-usar-el-oro-como-garantia\/#breadcrumb"},"inLanguage":"es","potentialAction":[{"@type":"ReadAction","target":["https:\/\/gysfm.com.ar\/inicio\/santiago-bausili-defendio-la-reforma-de-la-carta-organica-y-la-posibilidad-de-usar-el-oro-como-garantia\/"]}]},{"@type":"ImageObject","inLanguage":"es","@id":"https:\/\/gysfm.com.ar\/inicio\/santiago-bausili-defendio-la-reforma-de-la-carta-organica-y-la-posibilidad-de-usar-el-oro-como-garantia\/#primaryimage","url":"https:\/\/gysfm.com.ar\/inicio\/wp-content\/uploads\/2026\/09\/bausili-ditella.jpeg","contentUrl":"https:\/\/gysfm.com.ar\/inicio\/wp-content\/uploads\/2026\/09\/bausili-ditella.jpeg","width":1200,"height":675},{"@type":"BreadcrumbList","@id":"https:\/\/gysfm.com.ar\/inicio\/santiago-bausili-defendio-la-reforma-de-la-carta-organica-y-la-posibilidad-de-usar-el-oro-como-garantia\/#breadcrumb","itemListElement":[{"@type":"ListItem","position":1,"name":"Portada","item":"https:\/\/gysfm.com.ar\/inicio\/"},{"@type":"ListItem","position":2,"name":"Santiago Bausili defendi\u00f3 la reforma de la Carta Org\u00e1nica y la posibilidad de usar el oro como garant\u00eda"}]},{"@type":"WebSite","@id":"https:\/\/gysfm.com.ar\/inicio\/#website","url":"https:\/\/gysfm.com.ar\/inicio\/","name":"GYS NOTICIAS |","description":"DIARIO - RADIO ONLINE SAN JUAN ARGENTINA","publisher":{"@id":"https:\/\/gysfm.com.ar\/inicio\/#organization"},"potentialAction":[{"@type":"SearchAction","target":{"@type":"EntryPoint","urlTemplate":"https:\/\/gysfm.com.ar\/inicio\/?s={search_term_string}"},"query-input":{"@type":"PropertyValueSpecification","valueRequired":true,"valueName":"search_term_string"}}],"inLanguage":"es"},{"@type":"Organization","@id":"https:\/\/gysfm.com.ar\/inicio\/#organization","name":"GYS NOTICIAS |","url":"https:\/\/gysfm.com.ar\/inicio\/","logo":{"@type":"ImageObject","inLanguage":"es","@id":"https:\/\/gysfm.com.ar\/inicio\/#\/schema\/logo\/image\/","url":"https:\/\/gysfm.com.ar\/inicio\/wp-content\/uploads\/2023\/07\/LOGOGYS-OK.png","contentUrl":"https:\/\/gysfm.com.ar\/inicio\/wp-content\/uploads\/2023\/07\/LOGOGYS-OK.png","width":1170,"height":872,"caption":"GYS NOTICIAS |"},"image":{"@id":"https:\/\/gysfm.com.ar\/inicio\/#\/schema\/logo\/image\/"}},{"@type":"Person","@id":"https:\/\/gysfm.com.ar\/inicio\/#\/schema\/person\/5bedd7ecd35cc35548d89effafa23696","name":"admin","image":{"@type":"ImageObject","inLanguage":"es","@id":"https:\/\/gysfm.com.ar\/inicio\/#\/schema\/person\/image\/","url":"https:\/\/secure.gravatar.com\/avatar\/c331d312b5243fb64d5ba28108a447b27c925295129a363082c9ea52c28d32c2?s=96&d=mm&r=g","contentUrl":"https:\/\/secure.gravatar.com\/avatar\/c331d312b5243fb64d5ba28108a447b27c925295129a363082c9ea52c28d32c2?s=96&d=mm&r=g","caption":"admin"},"sameAs":["https:\/\/gysfm.com.ar\/inicio"],"url":"https:\/\/gysfm.com.ar\/inicio\/author\/admin\/"}]}},"_links":{"self":[{"href":"https:\/\/gysfm.com.ar\/inicio\/wp-json\/wp\/v2\/posts\/210400","targetHints":{"allow":["GET"]}}],"collection":[{"href":"https:\/\/gysfm.com.ar\/inicio\/wp-json\/wp\/v2\/posts"}],"about":[{"href":"https:\/\/gysfm.com.ar\/inicio\/wp-json\/wp\/v2\/types\/post"}],"author":[{"embeddable":true,"href":"https:\/\/gysfm.com.ar\/inicio\/wp-json\/wp\/v2\/users\/1"}],"replies":[{"embeddable":true,"href":"https:\/\/gysfm.com.ar\/inicio\/wp-json\/wp\/v2\/comments?post=210400"}],"version-history":[{"count":0,"href":"https:\/\/gysfm.com.ar\/inicio\/wp-json\/wp\/v2\/posts\/210400\/revisions"}],"wp:featuredmedia":[{"embeddable":true,"href":"https:\/\/gysfm.com.ar\/inicio\/wp-json\/wp\/v2\/media\/210401"}],"wp:attachment":[{"href":"https:\/\/gysfm.com.ar\/inicio\/wp-json\/wp\/v2\/media?parent=210400"}],"wp:term":[{"taxonomy":"category","embeddable":true,"href":"https:\/\/gysfm.com.ar\/inicio\/wp-json\/wp\/v2\/categories?post=210400"},{"taxonomy":"post_tag","embeddable":true,"href":"https:\/\/gysfm.com.ar\/inicio\/wp-json\/wp\/v2\/tags?post=210400"}],"curies":[{"name":"wp","href":"https:\/\/api.w.org\/{rel}","templated":true}]}}