{"id":210397,"date":"2026-09-04T07:48:09","date_gmt":"2026-09-04T10:48:09","guid":{"rendered":"https:\/\/gysfm.com.ar\/inicio\/el-caso-cerimedo-sacude-a-kast-el-congreso-chileno-investigara-el-uso-de-bots-en-campanas-electorales\/"},"modified":"2026-09-04T07:48:10","modified_gmt":"2026-09-04T10:48:10","slug":"el-caso-cerimedo-sacude-a-kast-el-congreso-chileno-investigara-el-uso-de-bots-en-campanas-electorales","status":"publish","type":"post","link":"https:\/\/gysfm.com.ar\/inicio\/el-caso-cerimedo-sacude-a-kast-el-congreso-chileno-investigara-el-uso-de-bots-en-campanas-electorales\/","title":{"rendered":"El caso Cerimedo sacude a Kast: el Congreso chileno investigar\u00e1 el uso de bots en campa\u00f1as electorales"},"content":{"rendered":"<p> <br \/>\n<\/p>\n<div>\n<p class=\"com-paragraph --capital --s\">SANTIAGO.- La C\u00e1mara de Diputados de Chile aprob\u00f3 este mi\u00e9rcoles la creaci\u00f3n de una <strong>comisi\u00f3n investigadora por el llamado caso Cerimedo<\/strong>, una trama sobre bots, desinformaci\u00f3n y posibles nexos entre operadores digitales y el entorno del presidente <strong>Jos\u00e9 Antonio Kast<\/strong>. La iniciativa opositora obtuvo <strong>69 votos a favor, 43 en contra y una abstenci\u00f3n<\/strong>.<\/p>\n<p class=\"com-paragraph --s\">La comisi\u00f3n buscar\u00e1 reunir antecedentes sobre eventuales actuaciones del gobierno, ministerios y organismos p\u00fablicos frente al uso de <strong>bots, cuentas automatizadas, redes coordinadas, trolls, manipulaci\u00f3n algor\u00edtmica e inteligencia artificial<\/strong> en elecciones y plebiscitos celebrados en Chile desde 2020. <\/p>\n<p class=\"com-paragraph --s\">La iniciativa cobr\u00f3 fuerza tras la detenci\u00f3n en Bolivia del consultor argentino <strong>Fernando Cerimedo<\/strong>, acusado por un presunto intento de femicidio contra su expareja, Nadia Beller.<\/p>\n<div class=\"content-media\">\n<section role=\"button\" class=\"mod-media   \">\n<figure role=\"button\" tabindex=\"0\" class=\"mod-figure \"><figcaption class=\"mod-figcaption\"><span class=\"com-text --caption --twoxs\">El presidente chileno, Jos\u00e9 Antonio Kast<\/span><span class=\"com-text --credit --twoxs\">Esteban Felix &#8211; AP<\/span><\/figcaption><\/figure>\n<\/section>\n<\/div>\n<p class=\"com-paragraph --s\">Cerimedo es una figura conocida en la <strong>derecha regional<\/strong>. Particip\u00f3 de la estrategia de comunicaci\u00f3n que llev\u00f3 a <strong>Javier Milei<\/strong> a la presidencia argentina en 2023 y, a fines de 2024, la Justicia brasile\u00f1a lo incluy\u00f3 en una investigaci\u00f3n vinculada al intento de golpe de Estado de enero de 2023, donde fue se\u00f1alado como difusor de noticias falsas sobre las elecciones ganadas por <strong>Luiz In\u00e1cio Lula da Silva<\/strong>.<\/p>\n<p class=\"com-paragraph --s\">El nombre del consultor tambi\u00e9n qued\u00f3 bajo la lupa en <strong>Per\u00fa<\/strong>. La presidenta <strong>Keiko Fujimori <\/strong>neg\u00f3 este mi\u00e9rcoles cualquier relaci\u00f3n \u201cpersonal\u201d o \u201claboral\u201d con Cerimedo. Sin embargo, el argentino viaj\u00f3 a Lima el 27 de julio y permaneci\u00f3 all\u00ed hasta el d\u00eda siguiente, cuando Fujimori asumi\u00f3 la presidencia. Beller asegur\u00f3 que Cerimedo se reuni\u00f3 ese d\u00eda con <strong>una mujer del equipo de campa\u00f1a de Fujimori<\/strong> y que ese v\u00ednculo hab\u00eda comenzado el a\u00f1o pasado.<\/p>\n<p class=\"com-paragraph --s\">Su detenci\u00f3n reactiv\u00f3 una controversia que ya hab\u00eda golpeado a la derecha chilena durante la campa\u00f1a presidencial de 2025. La excandidata <strong>Evelyn Matthei<\/strong> denunci\u00f3 entonces una <strong>campa\u00f1a sistem\u00e1tica de ataques digitales<\/strong> que, seg\u00fan afirm\u00f3, busc\u00f3 instalar primero que era responsable de una reforma previsional perjudicial para los trabajadores, luego que era de izquierda o comunista y, finalmente, que <strong>padec\u00eda Alzheimer<\/strong>. Matthei atribuy\u00f3 esos ataques a cuentas favorables a Kast.<\/p>\n<div class=\"content-media\">\n<section role=\"button\" class=\"mod-media   \">\n<figure role=\"button\" tabindex=\"0\" class=\"mod-figure \"><figcaption class=\"mod-figcaption\"><span class=\"com-text --caption --twoxs\">Fernando Cerimedo, exasesor de Javier Milei, en el Palacio de Justicia de Santa Cruz, Bolivia, donde lo trasladaron para una audiencia cautelar<\/span><\/figcaption><\/figure>\n<\/section>\n<\/div>\n<p class=\"com-paragraph --s\">La dirigente agreg\u00f3 un elemento que aliment\u00f3 las sospechas: <strong>casi 48 horas despu\u00e9s de la detenci\u00f3n de Cerimedo<\/strong>, dos de las principales cuentas de \u201ctroleo\u201d que ella vincul\u00f3 con sectores republicanos fueron desactivadas. Matthei mencion\u00f3 a \u201cNeuroc\u201d y \u201cDrestrump\u201d y consider\u00f3 \u201cmuy raro\u201d que desaparecieran justo despu\u00e9s del arresto. Tambi\u00e9n <strong>record\u00f3 una fotograf\u00eda de Cerimedo junto a integrantes del equipo de Kast<\/strong>.<\/p>\n<p class=\"com-paragraph --s\">La pol\u00e9mica creci\u00f3 por los v\u00ednculos entre antiguos colaboradores de Cerimedo y el actual gobierno chileno. Seg\u00fan El Mostrador, un portal chileno, <strong>tres personas relacionadas con \u00e9l desde 2020<\/strong> y con campa\u00f1as por el rechazo a la reforma de la Constituci\u00f3n de 2022 y la presidencial de 2025 pasaron luego a ocupar cargos en la administraci\u00f3n de Kast; entre ellos, <strong>Felipe Costabal<\/strong>, jefe de la Secretar\u00eda de Comunicaciones.<\/p>\n<p class=\"com-paragraph --s\">En paralelo, la oposici\u00f3n abri\u00f3 varios frentes. El diputado socialista <strong>Juan Santana <\/strong>present\u00f3 una denuncia ante la Fiscal\u00eda que incorpor\u00f3 la detenci\u00f3n de Cerimedo, la desactivaci\u00f3n de cuentas entre el 18 y el 20 de agosto y el ingreso de antiguos colaboradores del consultor al gobierno. La presentaci\u00f3n apunta a posibles <strong>amenazas y delitos inform\u00e1ticos<\/strong>, porque el <strong>uso de bots<\/strong> no tiene una sanci\u00f3n legal expresa en Chile, y pide acumular causas que hasta ahora avanzan por separado.<\/p>\n<div class=\"content-media\">\n<section role=\"button\" class=\"mod-media   \">\n<figure role=\"button\" tabindex=\"0\" class=\"mod-figure \"><figcaption class=\"mod-figcaption\"><span class=\"com-text --caption --twoxs\">Agentes policiales bolivianos trasladan al argentino Fernando Cerimedo<\/span><span class=\"com-text --credit --twoxs\">RODRIGO URZAGASTI &#8211; AFP<\/span><\/figcaption><\/figure>\n<\/section>\n<\/div>\n<p class=\"com-paragraph --s\">El diputado <strong>Gonzalo Winter<\/strong> ofici\u00f3 al Ejecutivo para conocer si la Secretar\u00eda de Comunicaciones coordin\u00f3, financi\u00f3 o entreg\u00f3 \u201cminutas\u201d a cuentas an\u00f3nimas que amplificaban contenidos oficiales. Entre las cuentas mencionadas figuran <strong>Neuroc, Dres Trumpi y Patito Verde<\/strong>.<\/p>\n<p class=\"com-paragraph --s\">Kast, por su parte, niega cualquier relaci\u00f3n profesional con Cerimedo. \u201c<strong>En ninguna de mis campa\u00f1as he trabajado con este se\u00f1or. El gobierno no trabaja, no tiene asesor\u00edas con este se\u00f1or<\/strong>\u201d, afirm\u00f3 el lunes. <\/p>\n<p class=\"com-paragraph --s\">S\u00ed admiti\u00f3 conocerlo por encuentros con l\u00edderes pol\u00edticos de la regi\u00f3n y dijo que, en 2020, el argentino \u201chabr\u00eda\u201d asesorado a personas vinculadas con<strong> la campa\u00f1a del Rechazo<\/strong>, aunque remarc\u00f3 que aquella no fue una campa\u00f1a del Partido Republicano.<\/p>\n<p class=\"com-paragraph --s\">La oposici\u00f3n considera insuficientes esas explicaciones. Santana anunci\u00f3 pedidos de informaci\u00f3n al Servicio Electoral sobre los <strong>gastos de campa\u00f1a de Kast<\/strong>.<\/p>\n<p class=\"com-paragraph --s\">Otros miembros del gobierno chileno tambi\u00e9n negaron v\u00ednculos. El ministro de Seguridad P\u00fablica, <strong>Mart\u00edn Arrau<\/strong>, quien fue jefe de campa\u00f1a del Partido Republicano y coordinador de Kast en la segunda vuelta, asegur\u00f3 que <strong>no conoce a Cerimedo<\/strong> y neg\u00f3 haber trabajado con \u00e9l.<\/p>\n<p class=\"com-paragraph --s\"><strong>Agencia ANSA y diarios <\/strong><em><strong>El Mercurio <\/strong><\/em><strong>y<\/strong><em><strong> El Pa\u00eds<\/strong><\/em><\/p>\n<section class=\"container-center-100 mb-40 border border-bottom border-thin border-neutral-light-700\">\n<hr\/>\n<\/section>\n<\/div>\n<p><script id=\"facebookpixel\" defer=\"\" type=\"text\/javascript\">\n        !function(f,b,e,v,n,t,s)\n        {if(f.fbq)return;n=f.fbq=function(){n.callMethod?\n        n.callMethod.apply(n,arguments):n.queue.push(arguments)};\n        if(!f._fbq)f._fbq=n;n.push=n;n.loaded=!0;n.version='2.0';\n        n.queue=[];t=b.createElement(e);t.async=!0;\n        t.src=v;s=b.getElementsByTagName(e)[0];\n        s.parentNode.insertBefore(t,s)}(window, document,'script',\n        'https:\/\/connect.facebook.net\/en_US\/fbevents.js');\n        fbq('init', '492459597522335');\n        fbq('track', 'PageView');\n    <\/script><br \/>\n<br \/><\/p>\n","protected":false},"excerpt":{"rendered":"<p>SANTIAGO.- La C\u00e1mara de Diputados de Chile aprob\u00f3 este mi\u00e9rcoles la creaci\u00f3n de una comisi\u00f3n investigadora por el llamado caso Cerimedo, una trama sobre bots, desinformaci\u00f3n y posibles nexos entre operadores digitales y el entorno del presidente Jos\u00e9 Antonio Kast. La iniciativa opositora obtuvo 69 votos a favor, 43 en contra y una abstenci\u00f3n. La [&hellip;]<\/p>\n","protected":false},"author":2,"featured_media":210398,"comment_status":"closed","ping_status":"closed","sticky":false,"template":"","format":"standard","meta":{"footnotes":""},"categories":[26],"tags":[],"class_list":["post-210397","post","type-post","status-publish","format-standard","has-post-thumbnail","hentry","category-internacionales"],"yoast_head":"<!-- This site is optimized with the Yoast SEO plugin v24.4 - https:\/\/yoast.com\/wordpress\/plugins\/seo\/ -->\n<title>El caso Cerimedo sacude a Kast: el Congreso chileno investigar\u00e1 el uso de bots en campa\u00f1as electorales - GYS NOTICIAS |<\/title>\n<meta name=\"robots\" content=\"index, follow, max-snippet:-1, max-image-preview:large, max-video-preview:-1\" \/>\n<link rel=\"canonical\" href=\"https:\/\/gysfm.com.ar\/inicio\/el-caso-cerimedo-sacude-a-kast-el-congreso-chileno-investigara-el-uso-de-bots-en-campanas-electorales\/\" \/>\n<meta property=\"og:locale\" content=\"es_ES\" \/>\n<meta property=\"og:type\" content=\"article\" \/>\n<meta property=\"og:title\" content=\"El caso Cerimedo sacude a Kast: el Congreso chileno investigar\u00e1 el uso de bots en campa\u00f1as electorales - GYS NOTICIAS |\" \/>\n<meta property=\"og:description\" content=\"SANTIAGO.- La C\u00e1mara de Diputados de Chile aprob\u00f3 este mi\u00e9rcoles la creaci\u00f3n de una comisi\u00f3n investigadora por el llamado caso Cerimedo, una trama sobre bots, desinformaci\u00f3n y posibles nexos entre operadores digitales y el entorno del presidente Jos\u00e9 Antonio Kast. La iniciativa opositora obtuvo 69 votos a favor, 43 en contra y una abstenci\u00f3n. La [&hellip;]\" \/>\n<meta property=\"og:url\" content=\"https:\/\/gysfm.com.ar\/inicio\/el-caso-cerimedo-sacude-a-kast-el-congreso-chileno-investigara-el-uso-de-bots-en-campanas-electorales\/\" \/>\n<meta property=\"og:site_name\" content=\"GYS NOTICIAS |\" \/>\n<meta property=\"article:published_time\" content=\"2026-09-04T10:48:09+00:00\" \/>\n<meta property=\"article:modified_time\" content=\"2026-09-04T10:48:10+00:00\" \/>\n<meta property=\"og:image\" content=\"https:\/\/gysfm.com.ar\/inicio\/wp-content\/uploads\/2026\/09\/fernando-YH5O42XGRFEIRFK5CYNJCKUP5A.JPG\" \/>\n\t<meta property=\"og:image:width\" content=\"1200\" \/>\n\t<meta property=\"og:image:height\" content=\"800\" \/>\n\t<meta property=\"og:image:type\" content=\"image\/jpeg\" \/>\n<meta name=\"author\" content=\"Prensa G&amp;S FM\" \/>\n<meta name=\"twitter:card\" content=\"summary_large_image\" \/>\n<meta name=\"twitter:label1\" content=\"Escrito por\" \/>\n\t<meta name=\"twitter:data1\" content=\"Prensa G&amp;S FM\" \/>\n\t<meta name=\"twitter:label2\" content=\"Tiempo de lectura\" \/>\n\t<meta name=\"twitter:data2\" content=\"4 minutos\" \/>\n<script type=\"application\/ld+json\" class=\"yoast-schema-graph\">{\"@context\":\"https:\/\/schema.org\",\"@graph\":[{\"@type\":\"Article\",\"@id\":\"https:\/\/gysfm.com.ar\/inicio\/el-caso-cerimedo-sacude-a-kast-el-congreso-chileno-investigara-el-uso-de-bots-en-campanas-electorales\/#article\",\"isPartOf\":{\"@id\":\"https:\/\/gysfm.com.ar\/inicio\/el-caso-cerimedo-sacude-a-kast-el-congreso-chileno-investigara-el-uso-de-bots-en-campanas-electorales\/\"},\"author\":{\"name\":\"Prensa G&amp;S FM\",\"@id\":\"https:\/\/gysfm.com.ar\/inicio\/#\/schema\/person\/3abba7593ef2ad19e1be221d54383dc5\"},\"headline\":\"El caso Cerimedo sacude a Kast: el Congreso chileno investigar\u00e1 el uso de bots en campa\u00f1as electorales\",\"datePublished\":\"2026-09-04T10:48:09+00:00\",\"dateModified\":\"2026-09-04T10:48:10+00:00\",\"mainEntityOfPage\":{\"@id\":\"https:\/\/gysfm.com.ar\/inicio\/el-caso-cerimedo-sacude-a-kast-el-congreso-chileno-investigara-el-uso-de-bots-en-campanas-electorales\/\"},\"wordCount\":842,\"publisher\":{\"@id\":\"https:\/\/gysfm.com.ar\/inicio\/#organization\"},\"image\":{\"@id\":\"https:\/\/gysfm.com.ar\/inicio\/el-caso-cerimedo-sacude-a-kast-el-congreso-chileno-investigara-el-uso-de-bots-en-campanas-electorales\/#primaryimage\"},\"thumbnailUrl\":\"https:\/\/gysfm.com.ar\/inicio\/wp-content\/uploads\/2026\/09\/fernando-YH5O42XGRFEIRFK5CYNJCKUP5A.JPG\",\"articleSection\":[\"INTERNACIONALES\"],\"inLanguage\":\"es\"},{\"@type\":\"WebPage\",\"@id\":\"https:\/\/gysfm.com.ar\/inicio\/el-caso-cerimedo-sacude-a-kast-el-congreso-chileno-investigara-el-uso-de-bots-en-campanas-electorales\/\",\"url\":\"https:\/\/gysfm.com.ar\/inicio\/el-caso-cerimedo-sacude-a-kast-el-congreso-chileno-investigara-el-uso-de-bots-en-campanas-electorales\/\",\"name\":\"El caso Cerimedo sacude a Kast: el Congreso chileno investigar\u00e1 el uso de bots en campa\u00f1as electorales - GYS NOTICIAS |\",\"isPartOf\":{\"@id\":\"https:\/\/gysfm.com.ar\/inicio\/#website\"},\"primaryImageOfPage\":{\"@id\":\"https:\/\/gysfm.com.ar\/inicio\/el-caso-cerimedo-sacude-a-kast-el-congreso-chileno-investigara-el-uso-de-bots-en-campanas-electorales\/#primaryimage\"},\"image\":{\"@id\":\"https:\/\/gysfm.com.ar\/inicio\/el-caso-cerimedo-sacude-a-kast-el-congreso-chileno-investigara-el-uso-de-bots-en-campanas-electorales\/#primaryimage\"},\"thumbnailUrl\":\"https:\/\/gysfm.com.ar\/inicio\/wp-content\/uploads\/2026\/09\/fernando-YH5O42XGRFEIRFK5CYNJCKUP5A.JPG\",\"datePublished\":\"2026-09-04T10:48:09+00:00\",\"dateModified\":\"2026-09-04T10:48:10+00:00\",\"breadcrumb\":{\"@id\":\"https:\/\/gysfm.com.ar\/inicio\/el-caso-cerimedo-sacude-a-kast-el-congreso-chileno-investigara-el-uso-de-bots-en-campanas-electorales\/#breadcrumb\"},\"inLanguage\":\"es\",\"potentialAction\":[{\"@type\":\"ReadAction\",\"target\":[\"https:\/\/gysfm.com.ar\/inicio\/el-caso-cerimedo-sacude-a-kast-el-congreso-chileno-investigara-el-uso-de-bots-en-campanas-electorales\/\"]}]},{\"@type\":\"ImageObject\",\"inLanguage\":\"es\",\"@id\":\"https:\/\/gysfm.com.ar\/inicio\/el-caso-cerimedo-sacude-a-kast-el-congreso-chileno-investigara-el-uso-de-bots-en-campanas-electorales\/#primaryimage\",\"url\":\"https:\/\/gysfm.com.ar\/inicio\/wp-content\/uploads\/2026\/09\/fernando-YH5O42XGRFEIRFK5CYNJCKUP5A.JPG\",\"contentUrl\":\"https:\/\/gysfm.com.ar\/inicio\/wp-content\/uploads\/2026\/09\/fernando-YH5O42XGRFEIRFK5CYNJCKUP5A.JPG\",\"width\":1200,\"height\":800},{\"@type\":\"BreadcrumbList\",\"@id\":\"https:\/\/gysfm.com.ar\/inicio\/el-caso-cerimedo-sacude-a-kast-el-congreso-chileno-investigara-el-uso-de-bots-en-campanas-electorales\/#breadcrumb\",\"itemListElement\":[{\"@type\":\"ListItem\",\"position\":1,\"name\":\"Portada\",\"item\":\"https:\/\/gysfm.com.ar\/inicio\/\"},{\"@type\":\"ListItem\",\"position\":2,\"name\":\"El caso Cerimedo sacude a Kast: el Congreso chileno investigar\u00e1 el uso de bots en campa\u00f1as electorales\"}]},{\"@type\":\"WebSite\",\"@id\":\"https:\/\/gysfm.com.ar\/inicio\/#website\",\"url\":\"https:\/\/gysfm.com.ar\/inicio\/\",\"name\":\"GYS NOTICIAS |\",\"description\":\"DIARIO - RADIO ONLINE SAN JUAN ARGENTINA\",\"publisher\":{\"@id\":\"https:\/\/gysfm.com.ar\/inicio\/#organization\"},\"potentialAction\":[{\"@type\":\"SearchAction\",\"target\":{\"@type\":\"EntryPoint\",\"urlTemplate\":\"https:\/\/gysfm.com.ar\/inicio\/?s={search_term_string}\"},\"query-input\":{\"@type\":\"PropertyValueSpecification\",\"valueRequired\":true,\"valueName\":\"search_term_string\"}}],\"inLanguage\":\"es\"},{\"@type\":\"Organization\",\"@id\":\"https:\/\/gysfm.com.ar\/inicio\/#organization\",\"name\":\"GYS NOTICIAS |\",\"url\":\"https:\/\/gysfm.com.ar\/inicio\/\",\"logo\":{\"@type\":\"ImageObject\",\"inLanguage\":\"es\",\"@id\":\"https:\/\/gysfm.com.ar\/inicio\/#\/schema\/logo\/image\/\",\"url\":\"https:\/\/gysfm.com.ar\/inicio\/wp-content\/uploads\/2023\/07\/LOGOGYS-OK.png\",\"contentUrl\":\"https:\/\/gysfm.com.ar\/inicio\/wp-content\/uploads\/2023\/07\/LOGOGYS-OK.png\",\"width\":1170,\"height\":872,\"caption\":\"GYS NOTICIAS |\"},\"image\":{\"@id\":\"https:\/\/gysfm.com.ar\/inicio\/#\/schema\/logo\/image\/\"}},{\"@type\":\"Person\",\"@id\":\"https:\/\/gysfm.com.ar\/inicio\/#\/schema\/person\/3abba7593ef2ad19e1be221d54383dc5\",\"name\":\"Prensa G&amp;S FM\",\"image\":{\"@type\":\"ImageObject\",\"inLanguage\":\"es\",\"@id\":\"https:\/\/gysfm.com.ar\/inicio\/#\/schema\/person\/image\/\",\"url\":\"https:\/\/secure.gravatar.com\/avatar\/096ec78df02049ab018702bb4ccedf659377fa92a26540b5247612077a0dbd29?s=96&d=mm&r=g\",\"contentUrl\":\"https:\/\/secure.gravatar.com\/avatar\/096ec78df02049ab018702bb4ccedf659377fa92a26540b5247612077a0dbd29?s=96&d=mm&r=g\",\"caption\":\"Prensa G&amp;S FM\"},\"sameAs\":[\"https:\/\/gysfm.com.ar\/\"],\"url\":\"https:\/\/gysfm.com.ar\/inicio\/author\/lucasm\/\"}]}<\/script>\n<!-- \/ Yoast SEO plugin. -->","yoast_head_json":{"title":"El caso Cerimedo sacude a Kast: el Congreso chileno investigar\u00e1 el uso de bots en campa\u00f1as electorales - GYS NOTICIAS |","robots":{"index":"index","follow":"follow","max-snippet":"max-snippet:-1","max-image-preview":"max-image-preview:large","max-video-preview":"max-video-preview:-1"},"canonical":"https:\/\/gysfm.com.ar\/inicio\/el-caso-cerimedo-sacude-a-kast-el-congreso-chileno-investigara-el-uso-de-bots-en-campanas-electorales\/","og_locale":"es_ES","og_type":"article","og_title":"El caso Cerimedo sacude a Kast: el Congreso chileno investigar\u00e1 el uso de bots en campa\u00f1as electorales - GYS NOTICIAS |","og_description":"SANTIAGO.- La C\u00e1mara de Diputados de Chile aprob\u00f3 este mi\u00e9rcoles la creaci\u00f3n de una comisi\u00f3n investigadora por el llamado caso Cerimedo, una trama sobre bots, desinformaci\u00f3n y posibles nexos entre operadores digitales y el entorno del presidente Jos\u00e9 Antonio Kast. La iniciativa opositora obtuvo 69 votos a favor, 43 en contra y una abstenci\u00f3n. La [&hellip;]","og_url":"https:\/\/gysfm.com.ar\/inicio\/el-caso-cerimedo-sacude-a-kast-el-congreso-chileno-investigara-el-uso-de-bots-en-campanas-electorales\/","og_site_name":"GYS NOTICIAS |","article_published_time":"2026-09-04T10:48:09+00:00","article_modified_time":"2026-09-04T10:48:10+00:00","og_image":[{"width":1200,"height":800,"url":"https:\/\/gysfm.com.ar\/inicio\/wp-content\/uploads\/2026\/09\/fernando-YH5O42XGRFEIRFK5CYNJCKUP5A.JPG","type":"image\/jpeg"}],"author":"Prensa G&amp;S FM","twitter_card":"summary_large_image","twitter_misc":{"Escrito por":"Prensa G&amp;S FM","Tiempo de lectura":"4 minutos"},"schema":{"@context":"https:\/\/schema.org","@graph":[{"@type":"Article","@id":"https:\/\/gysfm.com.ar\/inicio\/el-caso-cerimedo-sacude-a-kast-el-congreso-chileno-investigara-el-uso-de-bots-en-campanas-electorales\/#article","isPartOf":{"@id":"https:\/\/gysfm.com.ar\/inicio\/el-caso-cerimedo-sacude-a-kast-el-congreso-chileno-investigara-el-uso-de-bots-en-campanas-electorales\/"},"author":{"name":"Prensa G&amp;S FM","@id":"https:\/\/gysfm.com.ar\/inicio\/#\/schema\/person\/3abba7593ef2ad19e1be221d54383dc5"},"headline":"El caso Cerimedo sacude a Kast: el Congreso chileno investigar\u00e1 el uso de bots en campa\u00f1as electorales","datePublished":"2026-09-04T10:48:09+00:00","dateModified":"2026-09-04T10:48:10+00:00","mainEntityOfPage":{"@id":"https:\/\/gysfm.com.ar\/inicio\/el-caso-cerimedo-sacude-a-kast-el-congreso-chileno-investigara-el-uso-de-bots-en-campanas-electorales\/"},"wordCount":842,"publisher":{"@id":"https:\/\/gysfm.com.ar\/inicio\/#organization"},"image":{"@id":"https:\/\/gysfm.com.ar\/inicio\/el-caso-cerimedo-sacude-a-kast-el-congreso-chileno-investigara-el-uso-de-bots-en-campanas-electorales\/#primaryimage"},"thumbnailUrl":"https:\/\/gysfm.com.ar\/inicio\/wp-content\/uploads\/2026\/09\/fernando-YH5O42XGRFEIRFK5CYNJCKUP5A.JPG","articleSection":["INTERNACIONALES"],"inLanguage":"es"},{"@type":"WebPage","@id":"https:\/\/gysfm.com.ar\/inicio\/el-caso-cerimedo-sacude-a-kast-el-congreso-chileno-investigara-el-uso-de-bots-en-campanas-electorales\/","url":"https:\/\/gysfm.com.ar\/inicio\/el-caso-cerimedo-sacude-a-kast-el-congreso-chileno-investigara-el-uso-de-bots-en-campanas-electorales\/","name":"El caso Cerimedo sacude a Kast: el Congreso chileno investigar\u00e1 el uso de bots en campa\u00f1as electorales - GYS NOTICIAS |","isPartOf":{"@id":"https:\/\/gysfm.com.ar\/inicio\/#website"},"primaryImageOfPage":{"@id":"https:\/\/gysfm.com.ar\/inicio\/el-caso-cerimedo-sacude-a-kast-el-congreso-chileno-investigara-el-uso-de-bots-en-campanas-electorales\/#primaryimage"},"image":{"@id":"https:\/\/gysfm.com.ar\/inicio\/el-caso-cerimedo-sacude-a-kast-el-congreso-chileno-investigara-el-uso-de-bots-en-campanas-electorales\/#primaryimage"},"thumbnailUrl":"https:\/\/gysfm.com.ar\/inicio\/wp-content\/uploads\/2026\/09\/fernando-YH5O42XGRFEIRFK5CYNJCKUP5A.JPG","datePublished":"2026-09-04T10:48:09+00:00","dateModified":"2026-09-04T10:48:10+00:00","breadcrumb":{"@id":"https:\/\/gysfm.com.ar\/inicio\/el-caso-cerimedo-sacude-a-kast-el-congreso-chileno-investigara-el-uso-de-bots-en-campanas-electorales\/#breadcrumb"},"inLanguage":"es","potentialAction":[{"@type":"ReadAction","target":["https:\/\/gysfm.com.ar\/inicio\/el-caso-cerimedo-sacude-a-kast-el-congreso-chileno-investigara-el-uso-de-bots-en-campanas-electorales\/"]}]},{"@type":"ImageObject","inLanguage":"es","@id":"https:\/\/gysfm.com.ar\/inicio\/el-caso-cerimedo-sacude-a-kast-el-congreso-chileno-investigara-el-uso-de-bots-en-campanas-electorales\/#primaryimage","url":"https:\/\/gysfm.com.ar\/inicio\/wp-content\/uploads\/2026\/09\/fernando-YH5O42XGRFEIRFK5CYNJCKUP5A.JPG","contentUrl":"https:\/\/gysfm.com.ar\/inicio\/wp-content\/uploads\/2026\/09\/fernando-YH5O42XGRFEIRFK5CYNJCKUP5A.JPG","width":1200,"height":800},{"@type":"BreadcrumbList","@id":"https:\/\/gysfm.com.ar\/inicio\/el-caso-cerimedo-sacude-a-kast-el-congreso-chileno-investigara-el-uso-de-bots-en-campanas-electorales\/#breadcrumb","itemListElement":[{"@type":"ListItem","position":1,"name":"Portada","item":"https:\/\/gysfm.com.ar\/inicio\/"},{"@type":"ListItem","position":2,"name":"El caso Cerimedo sacude a Kast: el Congreso chileno investigar\u00e1 el uso de bots en campa\u00f1as electorales"}]},{"@type":"WebSite","@id":"https:\/\/gysfm.com.ar\/inicio\/#website","url":"https:\/\/gysfm.com.ar\/inicio\/","name":"GYS NOTICIAS |","description":"DIARIO - RADIO ONLINE SAN JUAN ARGENTINA","publisher":{"@id":"https:\/\/gysfm.com.ar\/inicio\/#organization"},"potentialAction":[{"@type":"SearchAction","target":{"@type":"EntryPoint","urlTemplate":"https:\/\/gysfm.com.ar\/inicio\/?s={search_term_string}"},"query-input":{"@type":"PropertyValueSpecification","valueRequired":true,"valueName":"search_term_string"}}],"inLanguage":"es"},{"@type":"Organization","@id":"https:\/\/gysfm.com.ar\/inicio\/#organization","name":"GYS NOTICIAS |","url":"https:\/\/gysfm.com.ar\/inicio\/","logo":{"@type":"ImageObject","inLanguage":"es","@id":"https:\/\/gysfm.com.ar\/inicio\/#\/schema\/logo\/image\/","url":"https:\/\/gysfm.com.ar\/inicio\/wp-content\/uploads\/2023\/07\/LOGOGYS-OK.png","contentUrl":"https:\/\/gysfm.com.ar\/inicio\/wp-content\/uploads\/2023\/07\/LOGOGYS-OK.png","width":1170,"height":872,"caption":"GYS NOTICIAS |"},"image":{"@id":"https:\/\/gysfm.com.ar\/inicio\/#\/schema\/logo\/image\/"}},{"@type":"Person","@id":"https:\/\/gysfm.com.ar\/inicio\/#\/schema\/person\/3abba7593ef2ad19e1be221d54383dc5","name":"Prensa G&amp;S FM","image":{"@type":"ImageObject","inLanguage":"es","@id":"https:\/\/gysfm.com.ar\/inicio\/#\/schema\/person\/image\/","url":"https:\/\/secure.gravatar.com\/avatar\/096ec78df02049ab018702bb4ccedf659377fa92a26540b5247612077a0dbd29?s=96&d=mm&r=g","contentUrl":"https:\/\/secure.gravatar.com\/avatar\/096ec78df02049ab018702bb4ccedf659377fa92a26540b5247612077a0dbd29?s=96&d=mm&r=g","caption":"Prensa G&amp;S FM"},"sameAs":["https:\/\/gysfm.com.ar\/"],"url":"https:\/\/gysfm.com.ar\/inicio\/author\/lucasm\/"}]}},"_links":{"self":[{"href":"https:\/\/gysfm.com.ar\/inicio\/wp-json\/wp\/v2\/posts\/210397","targetHints":{"allow":["GET"]}}],"collection":[{"href":"https:\/\/gysfm.com.ar\/inicio\/wp-json\/wp\/v2\/posts"}],"about":[{"href":"https:\/\/gysfm.com.ar\/inicio\/wp-json\/wp\/v2\/types\/post"}],"author":[{"embeddable":true,"href":"https:\/\/gysfm.com.ar\/inicio\/wp-json\/wp\/v2\/users\/2"}],"replies":[{"embeddable":true,"href":"https:\/\/gysfm.com.ar\/inicio\/wp-json\/wp\/v2\/comments?post=210397"}],"version-history":[{"count":1,"href":"https:\/\/gysfm.com.ar\/inicio\/wp-json\/wp\/v2\/posts\/210397\/revisions"}],"predecessor-version":[{"id":210399,"href":"https:\/\/gysfm.com.ar\/inicio\/wp-json\/wp\/v2\/posts\/210397\/revisions\/210399"}],"wp:featuredmedia":[{"embeddable":true,"href":"https:\/\/gysfm.com.ar\/inicio\/wp-json\/wp\/v2\/media\/210398"}],"wp:attachment":[{"href":"https:\/\/gysfm.com.ar\/inicio\/wp-json\/wp\/v2\/media?parent=210397"}],"wp:term":[{"taxonomy":"category","embeddable":true,"href":"https:\/\/gysfm.com.ar\/inicio\/wp-json\/wp\/v2\/categories?post=210397"},{"taxonomy":"post_tag","embeddable":true,"href":"https:\/\/gysfm.com.ar\/inicio\/wp-json\/wp\/v2\/tags?post=210397"}],"curies":[{"name":"wp","href":"https:\/\/api.w.org\/{rel}","templated":true}]}}