{"id":210385,"date":"2026-09-04T04:45:06","date_gmt":"2026-09-04T07:45:06","guid":{"rendered":"https:\/\/gysfm.com.ar\/inicio\/mexico-un-argentino-fue-detenido-por-el-asesinato-de-un-musico-y-su-familia-en-su-casa\/"},"modified":"2026-09-04T04:45:07","modified_gmt":"2026-09-04T07:45:07","slug":"mexico-un-argentino-fue-detenido-por-el-asesinato-de-un-musico-y-su-familia-en-su-casa","status":"publish","type":"post","link":"https:\/\/gysfm.com.ar\/inicio\/mexico-un-argentino-fue-detenido-por-el-asesinato-de-un-musico-y-su-familia-en-su-casa\/","title":{"rendered":"M\u00e9xico: un argentino fue detenido por el asesinato de un m\u00fasico y su familia en su casa"},"content":{"rendered":"<p> <br \/>\n<\/p>\n<div>\n<p class=\"com-paragraph --capital --s text-left\">CIUDAD DE M\u00c9XICO.- La investigaci\u00f3n por la masacre de una familia en M\u00e9xico situ\u00f3 como sospechoso a un argentino,<a href=\"https:\/\/www.lanacion.com.ar\/el-mundo\/quien-es-diego-sebastian-rosen-el-argentino-detenido-por-el-crimen-de-un-musico-y-su-familia-en-nid03092026\/\" target=\"_self\" title=\"https:\/\/www.lanacion.com.ar\/el-mundo\/quien-es-diego-sebastian-rosen-el-argentino-detenido-por-el-crimen-de-un-musico-y-su-familia-en-nid03092026\/\" class=\"com-link break-word\" data-mrf-recirculation=\"n_link_parrafo\"> Diego Sebasti\u00e1n Rosen,<\/a> quien seg\u00fan la Fiscal\u00eda fue detenido como presunto autor del asesinato el martes pasado del m\u00fasico <strong>Jonathan Mel\u00e9ndez Ochoa,<\/strong> su esposa, su hija y una empleada. <\/p>\n<p class=\"com-paragraph --s\">Rosen fue detenido junto con <strong>Gerardo Cisneros Bejarano,<\/strong> otro hombre investigado por su presunta participaci\u00f3n. Ambos <strong>quedaron a disposici\u00f3n de la Justicia<\/strong> despu\u00e9s de un operativo de la Fiscal\u00eda General del Estado de M\u00e9xico (FGJEM) y la Secretar\u00eda de Seguridad Ciudadana (SSC).<\/p>\n<p class=\"com-paragraph --s\">Mel\u00e9ndez Ochoa, tecladista y productor de la banda mexicana Camilo S\u00e9ptimo, <strong>fue asesinado en su casa en el estado de M\u00e9xico. <\/strong>El crimen incluy\u00f3 <strong>la ejecuci\u00f3n de su esposa, Ana Paula Barrag\u00e1n, embarazada de cuatro meses, su hija de tres a\u00f1os, una empleada dom\u00e9stica<\/strong> y el perro de la familia. <\/p>\n<div class=\"content-media cursor-pointer container-center-100\">\n<section class=\"media-container relative ratio-16-9 mod-media pb-32\">\n<figure class=\"mod-video\">\n<div class=\"video-player bg-black ratio-16-9\" data-has-jwplayer=\"true\" data-video-id-jw=\"sztbBDSF\" data-config=\"{&quot;title&quot;:&quot;El homicida al ser registrado por las c\u00e1maras de seguridad&quot;,&quot;mediaId&quot;:&quot;sztbBDSF&quot;,&quot;playerId&quot;:&quot;ih0086X3&quot;,&quot;playlist&quot;:[{&quot;mediaid&quot;:&quot;sztbBDSF&quot;,&quot;sources&quot;:[{&quot;file&quot;:&quot;https:\/\/cdn.jwplayer.com\/manifests\/sztbBDSF.m3u8&quot;,&quot;type&quot;:&quot;application\/vnd.apple.mpegurl&quot;},{&quot;bitrate&quot;:203671,&quot;file&quot;:&quot;https:\/\/cdn.jwplayer.com\/videos\/sztbBDSF-kTExGaWf.mp4&quot;,&quot;filesize&quot;:611014,&quot;framerate&quot;:30,&quot;height&quot;:320,&quot;label&quot;:&quot;180p&quot;,&quot;type&quot;:&quot;video\/mp4&quot;,&quot;width&quot;:180},{&quot;bitrate&quot;:299737,&quot;file&quot;:&quot;https:\/\/cdn.jwplayer.com\/videos\/sztbBDSF-K8B0kybS.mp4&quot;,&quot;filesize&quot;:899212,&quot;framerate&quot;:30,&quot;height&quot;:480,&quot;label&quot;:&quot;270p&quot;,&quot;type&quot;:&quot;video\/mp4&quot;,&quot;width&quot;:270},{&quot;bitrate&quot;:116229,&quot;file&quot;:&quot;https:\/\/cdn.jwplayer.com\/videos\/sztbBDSF-hz5z2Tv4.m4a&quot;,&quot;filesize&quot;:348688,&quot;label&quot;:&quot;AAC Audio&quot;,&quot;type&quot;:&quot;audio\/mp4&quot;},{&quot;bitrate&quot;:377829,&quot;file&quot;:&quot;https:\/\/cdn.jwplayer.com\/videos\/sztbBDSF-FnZGUVnC.mp4&quot;,&quot;filesize&quot;:1133489,&quot;framerate&quot;:30,&quot;height&quot;:640,&quot;label&quot;:&quot;360p&quot;,&quot;type&quot;:&quot;video\/mp4&quot;,&quot;width&quot;:360},{&quot;bitrate&quot;:624737,&quot;file&quot;:&quot;https:\/\/cdn.jwplayer.com\/videos\/sztbBDSF-0G6Pwvlw.mp4&quot;,&quot;filesize&quot;:1874212,&quot;framerate&quot;:30,&quot;height&quot;:960,&quot;label&quot;:&quot;540p&quot;,&quot;type&quot;:&quot;video\/mp4&quot;,&quot;width&quot;:540}]}],&quot;hasAutoplay&quot;:false,&quot;autostart&quot;:true,&quot;tagsUrl&quot;:&quot;https:\/\/pubads.g.doubleclick.net\/gampad\/ads?slotname=\/133919216\/la_nacion_video\/nota\/preroll&amp;sz=640x480|400x300&amp;ciu_szs=300x250&amp;unviewed_position_start=1&amp;output=vast&amp;impl=s&amp;env=vp&amp;gdfp_req=1&amp;ad_rule=0&amp;vad_type=linear&amp;vpos=preroll&amp;cust_params=tags_nuevos%3Dte_homicidio%2Cte_asesinos_seriales%2Cte_mexico%2Cca_el_mundo%2C%2C6SAIHNCBZJAWNMR4TGBTIWU7NQ&amp;pod=3&amp;ppos=1&amp;lip=true&amp;min_ad_duration=0&amp;max_ad_duration=30000&amp;vrid=6256&amp;url=https%3A%2F%2Fwww.lanacion.com.ar%2Fel-mundo%2Fmexico-un-argentino-fue-detenido-por-el-asesinato-de-un-musico-y-su-familia-en-su-casa-nid03092026%2F%3Fvariant%3DA&amp;description_url=https%3A%2F%2Fwww.lanacion.com.ar%2Fel-mundo%2Fmexico-un-argentino-fue-detenido-por-el-asesinato-de-un-musico-y-su-familia-en-su-casa-nid03092026%2F%3Fvariant%3DA&amp;video_doc_id=short_onecue&amp;cmsid=496&amp;kfa=0&amp;tfcd=0&amp;correlator=1788507426239&quot;,&quot;arcSite&quot;:&quot;la-nacion-ar&quot;,&quot;duration&quot;:&quot;24000&quot;}\">\n<div id=\"facade-sztbBDSF\" class=\"content-facade-jw relative bg-black ratio-16-9\"><picture><source media=\"(max-width: 767px)\" srcset=\"https:\/\/www.lanacion.com.ar\/resizer\/v2\/https%3A%2F%2Fcdn.jwplayer.com%2Fv2%2Fmedia%2FsztbBDSF%2Fposter.jpg%3Fwidth%3D720?auth=511acfae300093751cf0a266736a9588eec616bbadc4ce77ffd2143e3c8eaa96&amp;width=480&amp;quality=70&amp;smart=false\"\/><\/picture><\/div>\n<\/div><figcaption class=\"border border-1 border-bottom border-light-300 relative px-16 py-8 min-h-36 w-100_md px-0_l mb-8 bg-white\"><span class=\"text ln-text text-16 block\">El homicida al ser registrado por las c\u00e1maras de seguridad<\/span><\/figcaption><\/figure>\n<\/section>\n<\/div>\n<p class=\"com-paragraph --s\">El \u00fanico sobreviviente <strong>fue un menor de seis a\u00f1os,<\/strong> <strong>que se escondi\u00f3 debajo de una cama<\/strong> al percibir lo que estaba ocurriendo en el penthouse que alquilaban y donde resid\u00edan, ubicado en Bosque Esmeralda, un exclusivo distrito residencial del municipio de Atizap\u00e1n.<\/p>\n<p class=\"com-paragraph --s\">Las autoridades se\u00f1alaron que <strong>los cuerpos del tecladista y su esposa estaban maniatados,<\/strong> al igual que su mascota. La menor fue hallada con un impacto de arma de fuego en la cabeza y la empleada present\u00f3 impactos en la espalda.<\/p>\n<p class=\"com-paragraph --s\">Tras darse a conocer la noticia, las autoridades detuvieron a los dos sospechosos. Rosen, de 51 a\u00f1os, nacido en la Argentina, <strong>qued\u00f3 registrado en las c\u00e1maras de seguridad del ascensor <\/strong>de la residencia minutos antes del episodio.<\/p>\n<p class=\"com-paragraph --s\">Durante la grabaci\u00f3n, que se extiende por casi 30 segundos, <strong>se ve al hombre, vestido de gorra, gafas oscuras y mochila esperando llegar al piso indicado.<\/strong> Antes de salir, voltea y mira fijamente a la c\u00e1mara de videovigilancia sin emitir expresi\u00f3n.<\/p>\n<p class=\"com-paragraph --s\">Seg\u00fan las primeras reconstrucciones consignadas por el diario mexicano <em>El Universal<\/em>, <strong>los responsables habr\u00edan utilizado la relaci\u00f3n de confianza que uno de ellos ten\u00eda con Mel\u00e9ndez Ochoa <\/strong>para ingresar al departamento.<\/p>\n<div class=\"content-media\">\n<section role=\"button\" class=\"mod-media   \">\n<figure role=\"button\" tabindex=\"0\" class=\"mod-figure \"><figcaption class=\"mod-figcaption\"><span class=\"com-text --caption --twoxs\">El m\u00fasico fue asesinado a los 38 a\u00f1os<\/span><\/figcaption><\/figure>\n<\/section>\n<\/div>\n<p class=\"com-paragraph --s\">\u201cLas investigaciones establecieron que uno de los detenidos era socio de una de las v\u00edctimas. Presuntamente, <strong>aprovech\u00f3 esa relaci\u00f3n de confianza<\/strong> para ingresar al domicilio\u201d, inform\u00f3 el secretario de Seguridad, Omar Garc\u00eda Harfuch. El funcionario detall\u00f3 que lograron dar con el paradero de los principales sospechosos en menos de 24 horas.<\/p>\n<p class=\"com-paragraph --s\">\u201cAnte un crimen de esta gravedad, las instituciones actuaron de manera <strong>inmediata y coordinada.<\/strong> Los dos probables responsables ya est\u00e1n detenidos y ser\u00e1n puestos a disposici\u00f3n de la Justicia\u201d, a\u00f1adi\u00f3.<\/p>\n<p><h2 class=\"font-primary font-w-bold text-subheading-lg text-left container-center-100 mb-8\"><span>Empresario cuestionable<\/span><\/h2>\n<\/p>\n<p class=\"com-paragraph --s text-left\">El argentino se\u00f1alado en la causa tiene 51 a\u00f1os y es propietario de una empresa de viajes mexicana llamada <strong>NOMAD Adventures,<\/strong> dedicada a ofrecer experiencias y alojamientos tur\u00edsticos dentro del pa\u00eds. El medio mexicano <strong>Radio F\u00f3rmula<\/strong> precis\u00f3 que era \u00e9l quien manten\u00eda la relaci\u00f3n de confianza que se\u00f1al\u00f3 la Fiscal\u00eda, una relaci\u00f3n de tipo comercial, como socio de la administradora de rentas vacacionales. <\/p>\n<p class=\"com-paragraph --s\">Despu\u00e9s de conocerse la detenci\u00f3n, varias personas denunciaron de manera an\u00f3nima haber sido <strong>v\u00edctimas de presuntas estafas <\/strong>cometidas a trav\u00e9s de NOMAD Adventures. Los damnificados afirmaron que pagaron por alojamientos y servicios tur\u00edsticos que finalmente no recibieron.<\/p>\n<p><iframe src=\"https:\/\/www.google.com\/maps\/embed?pb=!1m18!1m12!1m3!1d60151.63871378387!2d-99.28299595!3d19.5640368!2m3!1f0!2f0!3f0!3m2!1i1024!2i768!4f13.1!3m3!1m2!1s0x85d21b7edec352d5%3A0x141da35187fac730!2zQXRpemFww6FuIGRlIFphcmFnb3phLCBNw6l4LiwgTcOpeGljbw!5e0!3m2!1ses-419!2sar!4v1788400331904!5m2!1ses-419!2sar\" width=\"600\" height=\"450\" style=\"border:0;\" allowfullscreen=\"\" loading=\"lazy\" referrerpolicy=\"strict-origin-when-cross-origin\"><\/iframe>\n<\/p>\n<p class=\"com-paragraph --s\">Seg\u00fan los testimonios, <strong>Rosen se habr\u00eda quedado con alrededor de 400.000 pesos mexicanos (unos 23.000 d\u00f3lares).<\/strong> Una de las personas afectadas explic\u00f3 que su familia hab\u00eda contratado una estad\u00eda en Acapulco, pero que el viaje no pudo concretarse.<\/p>\n<p class=\"com-paragraph --s\">\u201cHacemos esta denuncia porque se nos hace algo injusto. Con mi familia \u00edbamos a celebrar una semana en Acapulco y nos defraudaron por una cantidad muy fuerte. <strong>Era el cumplea\u00f1os de mi abuelo y ese fin de semana no logramos estar.<\/strong> Buscamos en la plataforma Airbnb y coincidimos en que su plataforma es funcional y tiene m\u00e1s de 900 comentarios positivos, de que es confiable. Posterior a eso, toda mi familia intent\u00f3 recabar informaci\u00f3n sobre ellos\u201d, expres\u00f3 uno de los damnificados a Radio F\u00f3rmula.<\/p>\n<p class=\"com-paragraph --s\">\u201cSi nosotros nos hubi\u00e9ramos juntado, <strong>tal vez podr\u00edamos haber evitado esta situaci\u00f3n, pero agradecemos a la ley divina de que \u00e9l ya est\u00e9 tras las rejas.<\/strong> Pero hay una operaci\u00f3n detr\u00e1s que contin\u00faa libre ante esto: su esposa, Paola Mandri. Esto nos da terror, estamos en shock\u201d.<\/p>\n<div class=\"content-media\">\n<section role=\"button\" class=\"mod-media   \">\n<figure role=\"button\" tabindex=\"0\" class=\"mod-figure \"><figcaption class=\"mod-figcaption\"><span class=\"com-text --caption --twoxs\">La imagen de los detenidos que difundi\u00f3 la Fiscal\u00eda<\/span><\/figcaption><\/figure>\n<\/section>\n<\/div>\n<p class=\"com-paragraph --s text-left\">El sitio oficial de la empresa se\u00f1ala que su objetivo es garantizar \u201caventuras que rompan con lo ordinario\u201d y la <strong>\u201cexploraci\u00f3n de nuevos caminos para reconectar con lo que importa\u201d.<\/strong> \u201cLos l\u00edmites son imaginarios. Solamente lo desconocido conduce al verdadero <strong>descubrimiento interior,<\/strong> as\u00ed funciona la naturaleza. La curiosidad es nuestro credo\u201d, dice como supuesta filosof\u00eda.<\/p>\n<p class=\"com-paragraph --s\">El otro sospechoso detenido, <strong>Gerardo Cisneros Bejarano,<\/strong> aparentemente estaba contratado por Rosen como su chofer, y esper\u00f3 a que el argentino saliera de la casa para escapar del lugar. La polic\u00eda habr\u00eda encontrado su <strong>licencia de conducir, <\/strong>lo cual llev\u00f3 a que las autoridades dieran con ellos y los detuviesen solo unas horas m\u00e1s tarde.<\/p>\n<p class=\"com-paragraph --s\"><strong>Camilo S\u00e9ptimo<\/strong> es una destacada banda de indie rock formada en la Ciudad de M\u00e9xico a mediados de 2013. Adem\u00e1s del fallecido Mel\u00e9ndez -quien se encargaba de los teclados y sintetizadores-, integran el grupo <strong>Manuel \u201cCoe\u201d Mendoza<\/strong> -voz principal y bajo-, <strong>y Erik V\u00e1zquez<\/strong>, en guitarra. Entre sus \u00e1lbumes figuran <em>\u00d3leos <\/em>(2017), <em>Navegantes <\/em>(2019) y <em>Ecos <\/em>(2022), y el EP <em>Maya<\/em> (2014).<\/p>\n<p class=\"com-paragraph --s\">La noticia conmocion\u00f3 a la escena musical mexicana. La <strong>Sociedad de Autores y Compositores de M\u00e9xico<\/strong> lament\u00f3 la muerte del compositor, tecladista y productor, as\u00ed como de los integrantes de su familia y la colaboradora de su hogar.<\/p>\n<section class=\"container-center-100 mb-40 border border-bottom border-thin border-neutral-light-700\">\n<hr\/>\n<\/section>\n<\/div>\n<p><script id=\"facebookpixel\" defer=\"\" type=\"text\/javascript\">\n        !function(f,b,e,v,n,t,s)\n        {if(f.fbq)return;n=f.fbq=function(){n.callMethod?\n        n.callMethod.apply(n,arguments):n.queue.push(arguments)};\n        if(!f._fbq)f._fbq=n;n.push=n;n.loaded=!0;n.version='2.0';\n        n.queue=[];t=b.createElement(e);t.async=!0;\n        t.src=v;s=b.getElementsByTagName(e)[0];\n        s.parentNode.insertBefore(t,s)}(window, document,'script',\n        'https:\/\/connect.facebook.net\/en_US\/fbevents.js');\n        fbq('init', '492459597522335');\n        fbq('track', 'PageView');\n    <\/script><br \/>\n<br \/><\/p>\n","protected":false},"excerpt":{"rendered":"<p>CIUDAD DE M\u00c9XICO.- La investigaci\u00f3n por la masacre de una familia en M\u00e9xico situ\u00f3 como sospechoso a un argentino, Diego Sebasti\u00e1n Rosen, quien seg\u00fan la Fiscal\u00eda fue detenido como presunto autor del asesinato el martes pasado del m\u00fasico Jonathan Mel\u00e9ndez Ochoa, su esposa, su hija y una empleada. Rosen fue detenido junto con Gerardo Cisneros [&hellip;]<\/p>\n","protected":false},"author":2,"featured_media":210359,"comment_status":"closed","ping_status":"closed","sticky":false,"template":"","format":"standard","meta":{"footnotes":""},"categories":[26],"tags":[],"class_list":["post-210385","post","type-post","status-publish","format-standard","has-post-thumbnail","hentry","category-internacionales"],"yoast_head":"<!-- This site is optimized with the Yoast SEO plugin v24.4 - https:\/\/yoast.com\/wordpress\/plugins\/seo\/ -->\n<title>M\u00e9xico: un argentino fue detenido por el asesinato de un m\u00fasico y su familia en su casa - GYS NOTICIAS |<\/title>\n<meta name=\"robots\" content=\"index, follow, max-snippet:-1, max-image-preview:large, max-video-preview:-1\" \/>\n<link rel=\"canonical\" href=\"https:\/\/gysfm.com.ar\/inicio\/mexico-un-argentino-fue-detenido-por-el-asesinato-de-un-musico-y-su-familia-en-su-casa\/\" \/>\n<meta property=\"og:locale\" content=\"es_ES\" \/>\n<meta property=\"og:type\" content=\"article\" \/>\n<meta property=\"og:title\" content=\"M\u00e9xico: un argentino fue detenido por el asesinato de un m\u00fasico y su familia en su casa - GYS NOTICIAS |\" \/>\n<meta property=\"og:description\" content=\"CIUDAD DE M\u00c9XICO.- La investigaci\u00f3n por la masacre de una familia en M\u00e9xico situ\u00f3 como sospechoso a un argentino, Diego Sebasti\u00e1n Rosen, quien seg\u00fan la Fiscal\u00eda fue detenido como presunto autor del asesinato el martes pasado del m\u00fasico Jonathan Mel\u00e9ndez Ochoa, su esposa, su hija y una empleada. Rosen fue detenido junto con Gerardo Cisneros [&hellip;]\" \/>\n<meta property=\"og:url\" content=\"https:\/\/gysfm.com.ar\/inicio\/mexico-un-argentino-fue-detenido-por-el-asesinato-de-un-musico-y-su-familia-en-su-casa\/\" \/>\n<meta property=\"og:site_name\" content=\"GYS NOTICIAS |\" \/>\n<meta property=\"article:published_time\" content=\"2026-09-04T07:45:06+00:00\" \/>\n<meta property=\"article:modified_time\" content=\"2026-09-04T07:45:07+00:00\" \/>\n<meta property=\"og:image\" content=\"https:\/\/gysfm.com.ar\/inicio\/wp-content\/uploads\/2026\/09\/el-homicida-fue-registrado-por-las-camaras-de-OJFCUZPK3FDM3EXTGYTUIRN3LY.png\" \/>\n\t<meta property=\"og:image:width\" content=\"1200\" \/>\n\t<meta property=\"og:image:height\" content=\"800\" \/>\n\t<meta property=\"og:image:type\" content=\"image\/png\" \/>\n<meta name=\"author\" content=\"Prensa G&amp;S FM\" \/>\n<meta name=\"twitter:card\" content=\"summary_large_image\" \/>\n<meta name=\"twitter:label1\" content=\"Escrito por\" \/>\n\t<meta name=\"twitter:data1\" content=\"Prensa G&amp;S FM\" \/>\n\t<meta name=\"twitter:label2\" content=\"Tiempo de lectura\" \/>\n\t<meta name=\"twitter:data2\" content=\"5 minutos\" \/>\n<script type=\"application\/ld+json\" class=\"yoast-schema-graph\">{\"@context\":\"https:\/\/schema.org\",\"@graph\":[{\"@type\":\"Article\",\"@id\":\"https:\/\/gysfm.com.ar\/inicio\/mexico-un-argentino-fue-detenido-por-el-asesinato-de-un-musico-y-su-familia-en-su-casa\/#article\",\"isPartOf\":{\"@id\":\"https:\/\/gysfm.com.ar\/inicio\/mexico-un-argentino-fue-detenido-por-el-asesinato-de-un-musico-y-su-familia-en-su-casa\/\"},\"author\":{\"name\":\"Prensa G&amp;S FM\",\"@id\":\"https:\/\/gysfm.com.ar\/inicio\/#\/schema\/person\/3abba7593ef2ad19e1be221d54383dc5\"},\"headline\":\"M\u00e9xico: un argentino fue detenido por el asesinato de un m\u00fasico y su familia en su casa\",\"datePublished\":\"2026-09-04T07:45:06+00:00\",\"dateModified\":\"2026-09-04T07:45:07+00:00\",\"mainEntityOfPage\":{\"@id\":\"https:\/\/gysfm.com.ar\/inicio\/mexico-un-argentino-fue-detenido-por-el-asesinato-de-un-musico-y-su-familia-en-su-casa\/\"},\"wordCount\":1019,\"publisher\":{\"@id\":\"https:\/\/gysfm.com.ar\/inicio\/#organization\"},\"image\":{\"@id\":\"https:\/\/gysfm.com.ar\/inicio\/mexico-un-argentino-fue-detenido-por-el-asesinato-de-un-musico-y-su-familia-en-su-casa\/#primaryimage\"},\"thumbnailUrl\":\"https:\/\/gysfm.com.ar\/inicio\/wp-content\/uploads\/2026\/09\/el-homicida-fue-registrado-por-las-camaras-de-OJFCUZPK3FDM3EXTGYTUIRN3LY.png\",\"articleSection\":[\"INTERNACIONALES\"],\"inLanguage\":\"es\"},{\"@type\":\"WebPage\",\"@id\":\"https:\/\/gysfm.com.ar\/inicio\/mexico-un-argentino-fue-detenido-por-el-asesinato-de-un-musico-y-su-familia-en-su-casa\/\",\"url\":\"https:\/\/gysfm.com.ar\/inicio\/mexico-un-argentino-fue-detenido-por-el-asesinato-de-un-musico-y-su-familia-en-su-casa\/\",\"name\":\"M\u00e9xico: un argentino fue detenido por el asesinato de un m\u00fasico y su familia en su casa - GYS NOTICIAS |\",\"isPartOf\":{\"@id\":\"https:\/\/gysfm.com.ar\/inicio\/#website\"},\"primaryImageOfPage\":{\"@id\":\"https:\/\/gysfm.com.ar\/inicio\/mexico-un-argentino-fue-detenido-por-el-asesinato-de-un-musico-y-su-familia-en-su-casa\/#primaryimage\"},\"image\":{\"@id\":\"https:\/\/gysfm.com.ar\/inicio\/mexico-un-argentino-fue-detenido-por-el-asesinato-de-un-musico-y-su-familia-en-su-casa\/#primaryimage\"},\"thumbnailUrl\":\"https:\/\/gysfm.com.ar\/inicio\/wp-content\/uploads\/2026\/09\/el-homicida-fue-registrado-por-las-camaras-de-OJFCUZPK3FDM3EXTGYTUIRN3LY.png\",\"datePublished\":\"2026-09-04T07:45:06+00:00\",\"dateModified\":\"2026-09-04T07:45:07+00:00\",\"breadcrumb\":{\"@id\":\"https:\/\/gysfm.com.ar\/inicio\/mexico-un-argentino-fue-detenido-por-el-asesinato-de-un-musico-y-su-familia-en-su-casa\/#breadcrumb\"},\"inLanguage\":\"es\",\"potentialAction\":[{\"@type\":\"ReadAction\",\"target\":[\"https:\/\/gysfm.com.ar\/inicio\/mexico-un-argentino-fue-detenido-por-el-asesinato-de-un-musico-y-su-familia-en-su-casa\/\"]}]},{\"@type\":\"ImageObject\",\"inLanguage\":\"es\",\"@id\":\"https:\/\/gysfm.com.ar\/inicio\/mexico-un-argentino-fue-detenido-por-el-asesinato-de-un-musico-y-su-familia-en-su-casa\/#primaryimage\",\"url\":\"https:\/\/gysfm.com.ar\/inicio\/wp-content\/uploads\/2026\/09\/el-homicida-fue-registrado-por-las-camaras-de-OJFCUZPK3FDM3EXTGYTUIRN3LY.png\",\"contentUrl\":\"https:\/\/gysfm.com.ar\/inicio\/wp-content\/uploads\/2026\/09\/el-homicida-fue-registrado-por-las-camaras-de-OJFCUZPK3FDM3EXTGYTUIRN3LY.png\",\"width\":1200,\"height\":800},{\"@type\":\"BreadcrumbList\",\"@id\":\"https:\/\/gysfm.com.ar\/inicio\/mexico-un-argentino-fue-detenido-por-el-asesinato-de-un-musico-y-su-familia-en-su-casa\/#breadcrumb\",\"itemListElement\":[{\"@type\":\"ListItem\",\"position\":1,\"name\":\"Portada\",\"item\":\"https:\/\/gysfm.com.ar\/inicio\/\"},{\"@type\":\"ListItem\",\"position\":2,\"name\":\"M\u00e9xico: un argentino fue detenido por el asesinato de un m\u00fasico y su familia en su casa\"}]},{\"@type\":\"WebSite\",\"@id\":\"https:\/\/gysfm.com.ar\/inicio\/#website\",\"url\":\"https:\/\/gysfm.com.ar\/inicio\/\",\"name\":\"GYS NOTICIAS |\",\"description\":\"DIARIO - RADIO ONLINE SAN JUAN ARGENTINA\",\"publisher\":{\"@id\":\"https:\/\/gysfm.com.ar\/inicio\/#organization\"},\"potentialAction\":[{\"@type\":\"SearchAction\",\"target\":{\"@type\":\"EntryPoint\",\"urlTemplate\":\"https:\/\/gysfm.com.ar\/inicio\/?s={search_term_string}\"},\"query-input\":{\"@type\":\"PropertyValueSpecification\",\"valueRequired\":true,\"valueName\":\"search_term_string\"}}],\"inLanguage\":\"es\"},{\"@type\":\"Organization\",\"@id\":\"https:\/\/gysfm.com.ar\/inicio\/#organization\",\"name\":\"GYS NOTICIAS |\",\"url\":\"https:\/\/gysfm.com.ar\/inicio\/\",\"logo\":{\"@type\":\"ImageObject\",\"inLanguage\":\"es\",\"@id\":\"https:\/\/gysfm.com.ar\/inicio\/#\/schema\/logo\/image\/\",\"url\":\"https:\/\/gysfm.com.ar\/inicio\/wp-content\/uploads\/2023\/07\/LOGOGYS-OK.png\",\"contentUrl\":\"https:\/\/gysfm.com.ar\/inicio\/wp-content\/uploads\/2023\/07\/LOGOGYS-OK.png\",\"width\":1170,\"height\":872,\"caption\":\"GYS NOTICIAS |\"},\"image\":{\"@id\":\"https:\/\/gysfm.com.ar\/inicio\/#\/schema\/logo\/image\/\"}},{\"@type\":\"Person\",\"@id\":\"https:\/\/gysfm.com.ar\/inicio\/#\/schema\/person\/3abba7593ef2ad19e1be221d54383dc5\",\"name\":\"Prensa G&amp;S FM\",\"image\":{\"@type\":\"ImageObject\",\"inLanguage\":\"es\",\"@id\":\"https:\/\/gysfm.com.ar\/inicio\/#\/schema\/person\/image\/\",\"url\":\"https:\/\/secure.gravatar.com\/avatar\/096ec78df02049ab018702bb4ccedf659377fa92a26540b5247612077a0dbd29?s=96&d=mm&r=g\",\"contentUrl\":\"https:\/\/secure.gravatar.com\/avatar\/096ec78df02049ab018702bb4ccedf659377fa92a26540b5247612077a0dbd29?s=96&d=mm&r=g\",\"caption\":\"Prensa G&amp;S FM\"},\"sameAs\":[\"https:\/\/gysfm.com.ar\/\"],\"url\":\"https:\/\/gysfm.com.ar\/inicio\/author\/lucasm\/\"}]}<\/script>\n<!-- \/ Yoast SEO plugin. -->","yoast_head_json":{"title":"M\u00e9xico: un argentino fue detenido por el asesinato de un m\u00fasico y su familia en su casa - GYS NOTICIAS |","robots":{"index":"index","follow":"follow","max-snippet":"max-snippet:-1","max-image-preview":"max-image-preview:large","max-video-preview":"max-video-preview:-1"},"canonical":"https:\/\/gysfm.com.ar\/inicio\/mexico-un-argentino-fue-detenido-por-el-asesinato-de-un-musico-y-su-familia-en-su-casa\/","og_locale":"es_ES","og_type":"article","og_title":"M\u00e9xico: un argentino fue detenido por el asesinato de un m\u00fasico y su familia en su casa - GYS NOTICIAS |","og_description":"CIUDAD DE M\u00c9XICO.- La investigaci\u00f3n por la masacre de una familia en M\u00e9xico situ\u00f3 como sospechoso a un argentino, Diego Sebasti\u00e1n Rosen, quien seg\u00fan la Fiscal\u00eda fue detenido como presunto autor del asesinato el martes pasado del m\u00fasico Jonathan Mel\u00e9ndez Ochoa, su esposa, su hija y una empleada. Rosen fue detenido junto con Gerardo Cisneros [&hellip;]","og_url":"https:\/\/gysfm.com.ar\/inicio\/mexico-un-argentino-fue-detenido-por-el-asesinato-de-un-musico-y-su-familia-en-su-casa\/","og_site_name":"GYS NOTICIAS |","article_published_time":"2026-09-04T07:45:06+00:00","article_modified_time":"2026-09-04T07:45:07+00:00","og_image":[{"width":1200,"height":800,"url":"https:\/\/gysfm.com.ar\/inicio\/wp-content\/uploads\/2026\/09\/el-homicida-fue-registrado-por-las-camaras-de-OJFCUZPK3FDM3EXTGYTUIRN3LY.png","type":"image\/png"}],"author":"Prensa G&amp;S FM","twitter_card":"summary_large_image","twitter_misc":{"Escrito por":"Prensa G&amp;S FM","Tiempo de lectura":"5 minutos"},"schema":{"@context":"https:\/\/schema.org","@graph":[{"@type":"Article","@id":"https:\/\/gysfm.com.ar\/inicio\/mexico-un-argentino-fue-detenido-por-el-asesinato-de-un-musico-y-su-familia-en-su-casa\/#article","isPartOf":{"@id":"https:\/\/gysfm.com.ar\/inicio\/mexico-un-argentino-fue-detenido-por-el-asesinato-de-un-musico-y-su-familia-en-su-casa\/"},"author":{"name":"Prensa G&amp;S FM","@id":"https:\/\/gysfm.com.ar\/inicio\/#\/schema\/person\/3abba7593ef2ad19e1be221d54383dc5"},"headline":"M\u00e9xico: un argentino fue detenido por el asesinato de un m\u00fasico y su familia en su casa","datePublished":"2026-09-04T07:45:06+00:00","dateModified":"2026-09-04T07:45:07+00:00","mainEntityOfPage":{"@id":"https:\/\/gysfm.com.ar\/inicio\/mexico-un-argentino-fue-detenido-por-el-asesinato-de-un-musico-y-su-familia-en-su-casa\/"},"wordCount":1019,"publisher":{"@id":"https:\/\/gysfm.com.ar\/inicio\/#organization"},"image":{"@id":"https:\/\/gysfm.com.ar\/inicio\/mexico-un-argentino-fue-detenido-por-el-asesinato-de-un-musico-y-su-familia-en-su-casa\/#primaryimage"},"thumbnailUrl":"https:\/\/gysfm.com.ar\/inicio\/wp-content\/uploads\/2026\/09\/el-homicida-fue-registrado-por-las-camaras-de-OJFCUZPK3FDM3EXTGYTUIRN3LY.png","articleSection":["INTERNACIONALES"],"inLanguage":"es"},{"@type":"WebPage","@id":"https:\/\/gysfm.com.ar\/inicio\/mexico-un-argentino-fue-detenido-por-el-asesinato-de-un-musico-y-su-familia-en-su-casa\/","url":"https:\/\/gysfm.com.ar\/inicio\/mexico-un-argentino-fue-detenido-por-el-asesinato-de-un-musico-y-su-familia-en-su-casa\/","name":"M\u00e9xico: un argentino fue detenido por el asesinato de un m\u00fasico y su familia en su casa - GYS NOTICIAS |","isPartOf":{"@id":"https:\/\/gysfm.com.ar\/inicio\/#website"},"primaryImageOfPage":{"@id":"https:\/\/gysfm.com.ar\/inicio\/mexico-un-argentino-fue-detenido-por-el-asesinato-de-un-musico-y-su-familia-en-su-casa\/#primaryimage"},"image":{"@id":"https:\/\/gysfm.com.ar\/inicio\/mexico-un-argentino-fue-detenido-por-el-asesinato-de-un-musico-y-su-familia-en-su-casa\/#primaryimage"},"thumbnailUrl":"https:\/\/gysfm.com.ar\/inicio\/wp-content\/uploads\/2026\/09\/el-homicida-fue-registrado-por-las-camaras-de-OJFCUZPK3FDM3EXTGYTUIRN3LY.png","datePublished":"2026-09-04T07:45:06+00:00","dateModified":"2026-09-04T07:45:07+00:00","breadcrumb":{"@id":"https:\/\/gysfm.com.ar\/inicio\/mexico-un-argentino-fue-detenido-por-el-asesinato-de-un-musico-y-su-familia-en-su-casa\/#breadcrumb"},"inLanguage":"es","potentialAction":[{"@type":"ReadAction","target":["https:\/\/gysfm.com.ar\/inicio\/mexico-un-argentino-fue-detenido-por-el-asesinato-de-un-musico-y-su-familia-en-su-casa\/"]}]},{"@type":"ImageObject","inLanguage":"es","@id":"https:\/\/gysfm.com.ar\/inicio\/mexico-un-argentino-fue-detenido-por-el-asesinato-de-un-musico-y-su-familia-en-su-casa\/#primaryimage","url":"https:\/\/gysfm.com.ar\/inicio\/wp-content\/uploads\/2026\/09\/el-homicida-fue-registrado-por-las-camaras-de-OJFCUZPK3FDM3EXTGYTUIRN3LY.png","contentUrl":"https:\/\/gysfm.com.ar\/inicio\/wp-content\/uploads\/2026\/09\/el-homicida-fue-registrado-por-las-camaras-de-OJFCUZPK3FDM3EXTGYTUIRN3LY.png","width":1200,"height":800},{"@type":"BreadcrumbList","@id":"https:\/\/gysfm.com.ar\/inicio\/mexico-un-argentino-fue-detenido-por-el-asesinato-de-un-musico-y-su-familia-en-su-casa\/#breadcrumb","itemListElement":[{"@type":"ListItem","position":1,"name":"Portada","item":"https:\/\/gysfm.com.ar\/inicio\/"},{"@type":"ListItem","position":2,"name":"M\u00e9xico: un argentino fue detenido por el asesinato de un m\u00fasico y su familia en su casa"}]},{"@type":"WebSite","@id":"https:\/\/gysfm.com.ar\/inicio\/#website","url":"https:\/\/gysfm.com.ar\/inicio\/","name":"GYS NOTICIAS |","description":"DIARIO - RADIO ONLINE SAN JUAN ARGENTINA","publisher":{"@id":"https:\/\/gysfm.com.ar\/inicio\/#organization"},"potentialAction":[{"@type":"SearchAction","target":{"@type":"EntryPoint","urlTemplate":"https:\/\/gysfm.com.ar\/inicio\/?s={search_term_string}"},"query-input":{"@type":"PropertyValueSpecification","valueRequired":true,"valueName":"search_term_string"}}],"inLanguage":"es"},{"@type":"Organization","@id":"https:\/\/gysfm.com.ar\/inicio\/#organization","name":"GYS NOTICIAS |","url":"https:\/\/gysfm.com.ar\/inicio\/","logo":{"@type":"ImageObject","inLanguage":"es","@id":"https:\/\/gysfm.com.ar\/inicio\/#\/schema\/logo\/image\/","url":"https:\/\/gysfm.com.ar\/inicio\/wp-content\/uploads\/2023\/07\/LOGOGYS-OK.png","contentUrl":"https:\/\/gysfm.com.ar\/inicio\/wp-content\/uploads\/2023\/07\/LOGOGYS-OK.png","width":1170,"height":872,"caption":"GYS NOTICIAS |"},"image":{"@id":"https:\/\/gysfm.com.ar\/inicio\/#\/schema\/logo\/image\/"}},{"@type":"Person","@id":"https:\/\/gysfm.com.ar\/inicio\/#\/schema\/person\/3abba7593ef2ad19e1be221d54383dc5","name":"Prensa G&amp;S FM","image":{"@type":"ImageObject","inLanguage":"es","@id":"https:\/\/gysfm.com.ar\/inicio\/#\/schema\/person\/image\/","url":"https:\/\/secure.gravatar.com\/avatar\/096ec78df02049ab018702bb4ccedf659377fa92a26540b5247612077a0dbd29?s=96&d=mm&r=g","contentUrl":"https:\/\/secure.gravatar.com\/avatar\/096ec78df02049ab018702bb4ccedf659377fa92a26540b5247612077a0dbd29?s=96&d=mm&r=g","caption":"Prensa G&amp;S FM"},"sameAs":["https:\/\/gysfm.com.ar\/"],"url":"https:\/\/gysfm.com.ar\/inicio\/author\/lucasm\/"}]}},"_links":{"self":[{"href":"https:\/\/gysfm.com.ar\/inicio\/wp-json\/wp\/v2\/posts\/210385","targetHints":{"allow":["GET"]}}],"collection":[{"href":"https:\/\/gysfm.com.ar\/inicio\/wp-json\/wp\/v2\/posts"}],"about":[{"href":"https:\/\/gysfm.com.ar\/inicio\/wp-json\/wp\/v2\/types\/post"}],"author":[{"embeddable":true,"href":"https:\/\/gysfm.com.ar\/inicio\/wp-json\/wp\/v2\/users\/2"}],"replies":[{"embeddable":true,"href":"https:\/\/gysfm.com.ar\/inicio\/wp-json\/wp\/v2\/comments?post=210385"}],"version-history":[{"count":1,"href":"https:\/\/gysfm.com.ar\/inicio\/wp-json\/wp\/v2\/posts\/210385\/revisions"}],"predecessor-version":[{"id":210386,"href":"https:\/\/gysfm.com.ar\/inicio\/wp-json\/wp\/v2\/posts\/210385\/revisions\/210386"}],"wp:featuredmedia":[{"embeddable":true,"href":"https:\/\/gysfm.com.ar\/inicio\/wp-json\/wp\/v2\/media\/210359"}],"wp:attachment":[{"href":"https:\/\/gysfm.com.ar\/inicio\/wp-json\/wp\/v2\/media?parent=210385"}],"wp:term":[{"taxonomy":"category","embeddable":true,"href":"https:\/\/gysfm.com.ar\/inicio\/wp-json\/wp\/v2\/categories?post=210385"},{"taxonomy":"post_tag","embeddable":true,"href":"https:\/\/gysfm.com.ar\/inicio\/wp-json\/wp\/v2\/tags?post=210385"}],"curies":[{"name":"wp","href":"https:\/\/api.w.org\/{rel}","templated":true}]}}