{"id":210381,"date":"2026-09-04T02:43:05","date_gmt":"2026-09-04T05:43:05","guid":{"rendered":"https:\/\/gysfm.com.ar\/inicio\/que-dijo-donald-trump-sobre-las-islas-malvinas-que-provoco-reacciones-en-la-argentina-y-reino-unido\/"},"modified":"2026-09-04T02:43:05","modified_gmt":"2026-09-04T05:43:05","slug":"que-dijo-donald-trump-sobre-las-islas-malvinas-que-provoco-reacciones-en-la-argentina-y-reino-unido","status":"publish","type":"post","link":"https:\/\/gysfm.com.ar\/inicio\/que-dijo-donald-trump-sobre-las-islas-malvinas-que-provoco-reacciones-en-la-argentina-y-reino-unido\/","title":{"rendered":"Qu\u00e9 dijo Donald Trump sobre las islas Malvinas que provoc\u00f3 reacciones en la Argentina y Reino Unido"},"content":{"rendered":"<p> <br \/>\n<\/p>\n<div>\n<p class=\"com-paragraph --capital --s text-left\">La sugerencia de<strong> Donald Trump<\/strong> de que su administraci\u00f3n podr\u00eda <a href=\"https:\/\/www.lanacion.com.ar\/politica\/trump-sugirio-que-podria-revisar-el-apoyo-de-eeuu-a-gran-bretana-en-la-disputa-con-la-argentina-por-nid31082026\/\" target=\"_self\" title=\"https:\/\/www.lanacion.com.ar\/politica\/trump-sugirio-que-podria-revisar-el-apoyo-de-eeuu-a-gran-bretana-en-la-disputa-con-la-argentina-por-nid31082026\/\" class=\"com-link break-word\" data-mrf-recirculation=\"n_link_parrafo\">retirarle el apoyo a Reino Unido<\/a> en medio de la <strong>disputa con la Argentina por la soberan\u00eda de las islas Malvinas <\/strong>activ\u00f3 una escalada de declaraciones internacionales. Este jueves, el presidente estadounidense redobl\u00f3 la apuesta y evit\u00f3 responder si continuar\u00eda apoyando a Londres ante el reclamo argentino.<\/p>\n<p class=\"com-paragraph --s text-left\">Al ser consultado por sus declaraciones sobre las Malvinas, el mandatario republicano explic\u00f3: \u201cBueno, yo estuve all\u00ed cuando tuvieron la primera guerra. Eso fue hace mucho tiempo y lo observ\u00e9 con mucha atenci\u00f3n, y <strong>ustedes se comportaron muy bien<\/strong>\u201d. <\/p>\n<p class=\"com-paragraph --s text-left\">En una entrevista con <a href=\"https:\/\/www.gbnews.com\/politics\/us\/donald-trump-takes-aim-uk-lack-support-iran-war-falklands-row\" target=\"_blank\" title=\"https:\/\/www.gbnews.com\/politics\/us\/donald-trump-takes-aim-uk-lack-support-iran-war-falklands-row\" class=\"com-link break-word\" data-mrf-recirculation=\"n_link_parrafo\" rel=\"nofollow\"><em>GB News<\/em><\/a>, a\u00f1adi\u00f3: \u201cLas recuperaron con bastante fuerza, pero a\u00fan queda mucho camino por recorrer. <strong>Es un viaje largo, est\u00e1 muy lejos<\/strong>.\u201d Las palabras llegaron horas antes de la cadena nacional que anunci\u00f3 el presidente Javier Milei para este jueves por la noche, en la que brindar\u00e1 m\u00e1s detalles sobre el <strong>avance en las negociaciones por las islas Malvinas<\/strong>.<\/p>\n<div class=\"content-media\">\n<section role=\"button\" class=\"mod-media   \">\n<figure role=\"button\" tabindex=\"0\" class=\"mod-figure \"><figcaption class=\"mod-figcaption\"><span class=\"com-text --caption --twoxs\">Trump y Milei<\/span><span class=\"com-text --credit --twoxs\">Markus Schreiber &#8211; AP<\/span><\/figcaption><\/figure>\n<\/section>\n<\/div>\n<p class=\"com-paragraph --s text-left\">En otro tramo de la conversaci\u00f3n con el medio ingl\u00e9s, Trump tambi\u00e9n se refiri\u00f3 a la falta de apoyo que recibi\u00f3 por parte de Reino Unido durante la <strong>guerra en Ir\u00e1n<\/strong>. \u201c<strong>Tu pa\u00eds no est\u00e1 yendo bien<\/strong>. No se olviden de que obtiene un gran porcentaje de su petr\u00f3leo del <strong>estrecho de Ormuz<\/strong>, y <strong>no estuvieron all\u00ed para ayudarme<\/strong>\u201d, apunt\u00f3 el primer mandatario.<\/p>\n<p class=\"com-paragraph --s text-left\">En declaraciones que hab\u00edan generado sorpresa el lunes, el presidente estadounidense ya hab\u00eda sugerido la posible ruptura con su hist\u00f3rico aliado. \u201c<strong>Siempre reviso todas las posiciones. Esa es apenas una entre muchas<\/strong>\u201d, fue la respuesta de Trump en el Sal\u00f3n Oval ante la consulta espec\u00edfica sobre Malvinas de un periodista. Esa fue la primera vez que el mandatario republicano se pronunci\u00f3 en ese sentido.<\/p>\n<p class=\"com-paragraph --s\">La declaraci\u00f3n de Trump se registr\u00f3 luego de que la semana pasada el diario brit\u00e1nico <em>The Telegraph<\/em> revelara que Estados Unidos, a trav\u00e9s de funcionarios del Pent\u00e1gono, hab\u00eda amenazado a Reino Unido con <strong>cambiar su posicionamiento sobre las Malvinas<\/strong> en caso de que el gobierno del primer ministro <strong>Andy Burnham <\/strong>no aumentara el gasto en Defensa.<\/p>\n<p class=\"com-paragraph --s\">De acuerdo al art\u00edculo publicado por <em>The Telegraph<\/em>, la advertencia estadounidense de modificar su postura sobre las Malvinas figura entre <strong>una serie de medidas que analizan altos funcionarios del Pent\u00e1gono para as\u00ed incentivar a que los miembros de la OTAN<\/strong> lleven al 5% de su PBI la inversi\u00f3n en materia de defensa, como pretende Trump. <\/p>\n<div class=\"content-media\">\n<section role=\"button\" class=\"mod-media   \">\n<figure role=\"button\" tabindex=\"0\" class=\"mod-figure \"><figcaption class=\"mod-figcaption\"><span class=\"com-text --caption --twoxs\">El art\u00edculo del diario The Telegraph sobre las Malvinas<\/span><\/figcaption><\/figure>\n<\/section>\n<\/div>\n<p><h2 class=\"font-primary font-w-bold text-subheading-lg text-left container-center-100 mb-8\"><span>Respuesta de Reino Unido<\/span><\/h2>\n<\/p>\n<p class=\"com-paragraph --s\">Luego de la advertencia de Trump, un <a href=\"https:\/\/www.lanacion.com.ar\/el-mundo\/reino-unido-respondio-a-la-declaracion-de-trump-y-ratifico-la-soberania-sobre-las-islas-malvinas-nid01092026\/\" target=\"_self\" title=\"https:\/\/www.lanacion.com.ar\/el-mundo\/reino-unido-respondio-a-la-declaracion-de-trump-y-ratifico-la-soberania-sobre-las-islas-malvinas-nid01092026\/\" class=\"com-link break-word\" data-mrf-recirculation=\"n_link_parrafo\">vocero del gobierno brit\u00e1nico<\/a> ratific\u00f3 la soberan\u00eda sobre las islas y asegur\u00f3 que su postura es \u201c<strong>clar\u00edsima<\/strong>\u201d. <\/p>\n<p class=\"com-paragraph --s\">\u201cLos habitantes de las Falklands (nombre que le dan los ingleses a Malvinas) son brit\u00e1nicos y tienen derecho a determinar su propio futuro. Expresaron su deseo de <strong>seguir siendo un territorio brit\u00e1nico de ultramar <\/strong>y nuestro compromiso con ellos es inquebrantable\u201d, afirm\u00f3 el funcionario del primer ministro <strong>Andy Burnham <\/strong>en declaraciones consignadas por el medio ingl\u00e9s <a href=\"https:\/\/www.theguardian.com\/us-news\/2026\/aug\/31\/trump-uk-sovereignty-falkland-islands\" target=\"_blank\" title=\"https:\/\/www.theguardian.com\/us-news\/2026\/aug\/31\/trump-uk-sovereignty-falkland-islands\" class=\"com-link break-word\" data-mrf-recirculation=\"n_link_parrafo\" rel=\"nofollow\"><em>The Guardian<\/em><\/a><em>.<\/em><\/p>\n<p class=\"com-paragraph --s\">Este martes el portavoz asegur\u00f3 que el primer ministro dej\u00f3 en claro desde su primer d\u00eda en el cargo \u2014que asumi\u00f3 el pasado 20 de julio\u2014 que cumplir\u00e1 con sus \u201ccompromisos internacionales con sus aliados <strong>en materia de gasto en defensa<\/strong>\u201d y que \u201cno cambi\u00f3 de opini\u00f3n al respecto\u201d.<\/p>\n<p class=\"com-paragraph --s\">Seg\u00fan el medio brit\u00e1nico, el conflicto con Trump se produjo tras supuestas versiones que apuntaban a que John Healey, ministro de Hacienda brit\u00e1nico, iba a abandonar el compromiso previo de Reino Unido de <strong>destinar el 3% de su PIB al gasto en defensa para 2030<\/strong>, cuando presente su primer presupuesto el 28 de octubre.<\/p>\n<section class=\"container-center-100 mb-40 border border-bottom border-thin border-neutral-light-700\">\n<hr\/>\n<\/section>\n<\/div>\n<p><script id=\"facebookpixel\" defer=\"\" type=\"text\/javascript\">\n        !function(f,b,e,v,n,t,s)\n        {if(f.fbq)return;n=f.fbq=function(){n.callMethod?\n        n.callMethod.apply(n,arguments):n.queue.push(arguments)};\n        if(!f._fbq)f._fbq=n;n.push=n;n.loaded=!0;n.version='2.0';\n        n.queue=[];t=b.createElement(e);t.async=!0;\n        t.src=v;s=b.getElementsByTagName(e)[0];\n        s.parentNode.insertBefore(t,s)}(window, document,'script',\n        'https:\/\/connect.facebook.net\/en_US\/fbevents.js');\n        fbq('init', '492459597522335');\n        fbq('track', 'PageView');\n    <\/script><br \/>\n<br \/><\/p>\n","protected":false},"excerpt":{"rendered":"<p>La sugerencia de Donald Trump de que su administraci\u00f3n podr\u00eda retirarle el apoyo a Reino Unido en medio de la disputa con la Argentina por la soberan\u00eda de las islas Malvinas activ\u00f3 una escalada de declaraciones internacionales. Este jueves, el presidente estadounidense redobl\u00f3 la apuesta y evit\u00f3 responder si continuar\u00eda apoyando a Londres ante el [&hellip;]<\/p>\n","protected":false},"author":2,"featured_media":210259,"comment_status":"closed","ping_status":"closed","sticky":false,"template":"","format":"standard","meta":{"footnotes":""},"categories":[26],"tags":[],"class_list":["post-210381","post","type-post","status-publish","format-standard","has-post-thumbnail","hentry","category-internacionales"],"yoast_head":"<!-- This site is optimized with the Yoast SEO plugin v24.4 - https:\/\/yoast.com\/wordpress\/plugins\/seo\/ -->\n<title>Qu\u00e9 dijo Donald Trump sobre las islas Malvinas que provoc\u00f3 reacciones en la Argentina y Reino Unido - GYS NOTICIAS |<\/title>\n<meta name=\"robots\" content=\"index, follow, max-snippet:-1, max-image-preview:large, max-video-preview:-1\" \/>\n<link rel=\"canonical\" href=\"https:\/\/gysfm.com.ar\/inicio\/que-dijo-donald-trump-sobre-las-islas-malvinas-que-provoco-reacciones-en-la-argentina-y-reino-unido\/\" \/>\n<meta property=\"og:locale\" content=\"es_ES\" \/>\n<meta property=\"og:type\" content=\"article\" \/>\n<meta property=\"og:title\" content=\"Qu\u00e9 dijo Donald Trump sobre las islas Malvinas que provoc\u00f3 reacciones en la Argentina y Reino Unido - GYS NOTICIAS |\" \/>\n<meta property=\"og:description\" content=\"La sugerencia de Donald Trump de que su administraci\u00f3n podr\u00eda retirarle el apoyo a Reino Unido en medio de la disputa con la Argentina por la soberan\u00eda de las islas Malvinas activ\u00f3 una escalada de declaraciones internacionales. Este jueves, el presidente estadounidense redobl\u00f3 la apuesta y evit\u00f3 responder si continuar\u00eda apoyando a Londres ante el [&hellip;]\" \/>\n<meta property=\"og:url\" content=\"https:\/\/gysfm.com.ar\/inicio\/que-dijo-donald-trump-sobre-las-islas-malvinas-que-provoco-reacciones-en-la-argentina-y-reino-unido\/\" \/>\n<meta property=\"og:site_name\" content=\"GYS NOTICIAS |\" \/>\n<meta property=\"article:published_time\" content=\"2026-09-04T05:43:05+00:00\" \/>\n<meta property=\"og:image\" content=\"https:\/\/gysfm.com.ar\/inicio\/wp-content\/uploads\/2026\/09\/el-presidente-donald-trump-en-la-oficina-oval-en-6DH7EC4NKRATJBS4FPK643PVE4.jpg\" \/>\n\t<meta property=\"og:image:width\" content=\"1200\" \/>\n\t<meta property=\"og:image:height\" content=\"800\" \/>\n\t<meta property=\"og:image:type\" content=\"image\/jpeg\" \/>\n<meta name=\"author\" content=\"Prensa G&amp;S FM\" \/>\n<meta name=\"twitter:card\" content=\"summary_large_image\" \/>\n<meta name=\"twitter:label1\" content=\"Escrito por\" \/>\n\t<meta name=\"twitter:data1\" content=\"Prensa G&amp;S FM\" \/>\n\t<meta name=\"twitter:label2\" content=\"Tiempo de lectura\" \/>\n\t<meta name=\"twitter:data2\" content=\"3 minutos\" \/>\n<script type=\"application\/ld+json\" class=\"yoast-schema-graph\">{\"@context\":\"https:\/\/schema.org\",\"@graph\":[{\"@type\":\"Article\",\"@id\":\"https:\/\/gysfm.com.ar\/inicio\/que-dijo-donald-trump-sobre-las-islas-malvinas-que-provoco-reacciones-en-la-argentina-y-reino-unido\/#article\",\"isPartOf\":{\"@id\":\"https:\/\/gysfm.com.ar\/inicio\/que-dijo-donald-trump-sobre-las-islas-malvinas-que-provoco-reacciones-en-la-argentina-y-reino-unido\/\"},\"author\":{\"name\":\"Prensa G&amp;S FM\",\"@id\":\"https:\/\/gysfm.com.ar\/inicio\/#\/schema\/person\/3abba7593ef2ad19e1be221d54383dc5\"},\"headline\":\"Qu\u00e9 dijo Donald Trump sobre las islas Malvinas que provoc\u00f3 reacciones en la Argentina y Reino Unido\",\"datePublished\":\"2026-09-04T05:43:05+00:00\",\"mainEntityOfPage\":{\"@id\":\"https:\/\/gysfm.com.ar\/inicio\/que-dijo-donald-trump-sobre-las-islas-malvinas-que-provoco-reacciones-en-la-argentina-y-reino-unido\/\"},\"wordCount\":655,\"publisher\":{\"@id\":\"https:\/\/gysfm.com.ar\/inicio\/#organization\"},\"image\":{\"@id\":\"https:\/\/gysfm.com.ar\/inicio\/que-dijo-donald-trump-sobre-las-islas-malvinas-que-provoco-reacciones-en-la-argentina-y-reino-unido\/#primaryimage\"},\"thumbnailUrl\":\"https:\/\/gysfm.com.ar\/inicio\/wp-content\/uploads\/2026\/09\/el-presidente-donald-trump-en-la-oficina-oval-en-6DH7EC4NKRATJBS4FPK643PVE4.jpg\",\"articleSection\":[\"INTERNACIONALES\"],\"inLanguage\":\"es\"},{\"@type\":\"WebPage\",\"@id\":\"https:\/\/gysfm.com.ar\/inicio\/que-dijo-donald-trump-sobre-las-islas-malvinas-que-provoco-reacciones-en-la-argentina-y-reino-unido\/\",\"url\":\"https:\/\/gysfm.com.ar\/inicio\/que-dijo-donald-trump-sobre-las-islas-malvinas-que-provoco-reacciones-en-la-argentina-y-reino-unido\/\",\"name\":\"Qu\u00e9 dijo Donald Trump sobre las islas Malvinas que provoc\u00f3 reacciones en la Argentina y Reino Unido - GYS NOTICIAS |\",\"isPartOf\":{\"@id\":\"https:\/\/gysfm.com.ar\/inicio\/#website\"},\"primaryImageOfPage\":{\"@id\":\"https:\/\/gysfm.com.ar\/inicio\/que-dijo-donald-trump-sobre-las-islas-malvinas-que-provoco-reacciones-en-la-argentina-y-reino-unido\/#primaryimage\"},\"image\":{\"@id\":\"https:\/\/gysfm.com.ar\/inicio\/que-dijo-donald-trump-sobre-las-islas-malvinas-que-provoco-reacciones-en-la-argentina-y-reino-unido\/#primaryimage\"},\"thumbnailUrl\":\"https:\/\/gysfm.com.ar\/inicio\/wp-content\/uploads\/2026\/09\/el-presidente-donald-trump-en-la-oficina-oval-en-6DH7EC4NKRATJBS4FPK643PVE4.jpg\",\"datePublished\":\"2026-09-04T05:43:05+00:00\",\"breadcrumb\":{\"@id\":\"https:\/\/gysfm.com.ar\/inicio\/que-dijo-donald-trump-sobre-las-islas-malvinas-que-provoco-reacciones-en-la-argentina-y-reino-unido\/#breadcrumb\"},\"inLanguage\":\"es\",\"potentialAction\":[{\"@type\":\"ReadAction\",\"target\":[\"https:\/\/gysfm.com.ar\/inicio\/que-dijo-donald-trump-sobre-las-islas-malvinas-que-provoco-reacciones-en-la-argentina-y-reino-unido\/\"]}]},{\"@type\":\"ImageObject\",\"inLanguage\":\"es\",\"@id\":\"https:\/\/gysfm.com.ar\/inicio\/que-dijo-donald-trump-sobre-las-islas-malvinas-que-provoco-reacciones-en-la-argentina-y-reino-unido\/#primaryimage\",\"url\":\"https:\/\/gysfm.com.ar\/inicio\/wp-content\/uploads\/2026\/09\/el-presidente-donald-trump-en-la-oficina-oval-en-6DH7EC4NKRATJBS4FPK643PVE4.jpg\",\"contentUrl\":\"https:\/\/gysfm.com.ar\/inicio\/wp-content\/uploads\/2026\/09\/el-presidente-donald-trump-en-la-oficina-oval-en-6DH7EC4NKRATJBS4FPK643PVE4.jpg\",\"width\":1200,\"height\":800},{\"@type\":\"BreadcrumbList\",\"@id\":\"https:\/\/gysfm.com.ar\/inicio\/que-dijo-donald-trump-sobre-las-islas-malvinas-que-provoco-reacciones-en-la-argentina-y-reino-unido\/#breadcrumb\",\"itemListElement\":[{\"@type\":\"ListItem\",\"position\":1,\"name\":\"Portada\",\"item\":\"https:\/\/gysfm.com.ar\/inicio\/\"},{\"@type\":\"ListItem\",\"position\":2,\"name\":\"Qu\u00e9 dijo Donald Trump sobre las islas Malvinas que provoc\u00f3 reacciones en la Argentina y Reino Unido\"}]},{\"@type\":\"WebSite\",\"@id\":\"https:\/\/gysfm.com.ar\/inicio\/#website\",\"url\":\"https:\/\/gysfm.com.ar\/inicio\/\",\"name\":\"GYS NOTICIAS |\",\"description\":\"DIARIO - RADIO ONLINE SAN JUAN ARGENTINA\",\"publisher\":{\"@id\":\"https:\/\/gysfm.com.ar\/inicio\/#organization\"},\"potentialAction\":[{\"@type\":\"SearchAction\",\"target\":{\"@type\":\"EntryPoint\",\"urlTemplate\":\"https:\/\/gysfm.com.ar\/inicio\/?s={search_term_string}\"},\"query-input\":{\"@type\":\"PropertyValueSpecification\",\"valueRequired\":true,\"valueName\":\"search_term_string\"}}],\"inLanguage\":\"es\"},{\"@type\":\"Organization\",\"@id\":\"https:\/\/gysfm.com.ar\/inicio\/#organization\",\"name\":\"GYS NOTICIAS |\",\"url\":\"https:\/\/gysfm.com.ar\/inicio\/\",\"logo\":{\"@type\":\"ImageObject\",\"inLanguage\":\"es\",\"@id\":\"https:\/\/gysfm.com.ar\/inicio\/#\/schema\/logo\/image\/\",\"url\":\"https:\/\/gysfm.com.ar\/inicio\/wp-content\/uploads\/2023\/07\/LOGOGYS-OK.png\",\"contentUrl\":\"https:\/\/gysfm.com.ar\/inicio\/wp-content\/uploads\/2023\/07\/LOGOGYS-OK.png\",\"width\":1170,\"height\":872,\"caption\":\"GYS NOTICIAS |\"},\"image\":{\"@id\":\"https:\/\/gysfm.com.ar\/inicio\/#\/schema\/logo\/image\/\"}},{\"@type\":\"Person\",\"@id\":\"https:\/\/gysfm.com.ar\/inicio\/#\/schema\/person\/3abba7593ef2ad19e1be221d54383dc5\",\"name\":\"Prensa G&amp;S FM\",\"image\":{\"@type\":\"ImageObject\",\"inLanguage\":\"es\",\"@id\":\"https:\/\/gysfm.com.ar\/inicio\/#\/schema\/person\/image\/\",\"url\":\"https:\/\/secure.gravatar.com\/avatar\/096ec78df02049ab018702bb4ccedf659377fa92a26540b5247612077a0dbd29?s=96&d=mm&r=g\",\"contentUrl\":\"https:\/\/secure.gravatar.com\/avatar\/096ec78df02049ab018702bb4ccedf659377fa92a26540b5247612077a0dbd29?s=96&d=mm&r=g\",\"caption\":\"Prensa G&amp;S FM\"},\"sameAs\":[\"https:\/\/gysfm.com.ar\/\"],\"url\":\"https:\/\/gysfm.com.ar\/inicio\/author\/lucasm\/\"}]}<\/script>\n<!-- \/ Yoast SEO plugin. -->","yoast_head_json":{"title":"Qu\u00e9 dijo Donald Trump sobre las islas Malvinas que provoc\u00f3 reacciones en la Argentina y Reino Unido - GYS NOTICIAS |","robots":{"index":"index","follow":"follow","max-snippet":"max-snippet:-1","max-image-preview":"max-image-preview:large","max-video-preview":"max-video-preview:-1"},"canonical":"https:\/\/gysfm.com.ar\/inicio\/que-dijo-donald-trump-sobre-las-islas-malvinas-que-provoco-reacciones-en-la-argentina-y-reino-unido\/","og_locale":"es_ES","og_type":"article","og_title":"Qu\u00e9 dijo Donald Trump sobre las islas Malvinas que provoc\u00f3 reacciones en la Argentina y Reino Unido - GYS NOTICIAS |","og_description":"La sugerencia de Donald Trump de que su administraci\u00f3n podr\u00eda retirarle el apoyo a Reino Unido en medio de la disputa con la Argentina por la soberan\u00eda de las islas Malvinas activ\u00f3 una escalada de declaraciones internacionales. Este jueves, el presidente estadounidense redobl\u00f3 la apuesta y evit\u00f3 responder si continuar\u00eda apoyando a Londres ante el [&hellip;]","og_url":"https:\/\/gysfm.com.ar\/inicio\/que-dijo-donald-trump-sobre-las-islas-malvinas-que-provoco-reacciones-en-la-argentina-y-reino-unido\/","og_site_name":"GYS NOTICIAS |","article_published_time":"2026-09-04T05:43:05+00:00","og_image":[{"width":1200,"height":800,"url":"https:\/\/gysfm.com.ar\/inicio\/wp-content\/uploads\/2026\/09\/el-presidente-donald-trump-en-la-oficina-oval-en-6DH7EC4NKRATJBS4FPK643PVE4.jpg","type":"image\/jpeg"}],"author":"Prensa G&amp;S FM","twitter_card":"summary_large_image","twitter_misc":{"Escrito por":"Prensa G&amp;S FM","Tiempo de lectura":"3 minutos"},"schema":{"@context":"https:\/\/schema.org","@graph":[{"@type":"Article","@id":"https:\/\/gysfm.com.ar\/inicio\/que-dijo-donald-trump-sobre-las-islas-malvinas-que-provoco-reacciones-en-la-argentina-y-reino-unido\/#article","isPartOf":{"@id":"https:\/\/gysfm.com.ar\/inicio\/que-dijo-donald-trump-sobre-las-islas-malvinas-que-provoco-reacciones-en-la-argentina-y-reino-unido\/"},"author":{"name":"Prensa G&amp;S FM","@id":"https:\/\/gysfm.com.ar\/inicio\/#\/schema\/person\/3abba7593ef2ad19e1be221d54383dc5"},"headline":"Qu\u00e9 dijo Donald Trump sobre las islas Malvinas que provoc\u00f3 reacciones en la Argentina y Reino Unido","datePublished":"2026-09-04T05:43:05+00:00","mainEntityOfPage":{"@id":"https:\/\/gysfm.com.ar\/inicio\/que-dijo-donald-trump-sobre-las-islas-malvinas-que-provoco-reacciones-en-la-argentina-y-reino-unido\/"},"wordCount":655,"publisher":{"@id":"https:\/\/gysfm.com.ar\/inicio\/#organization"},"image":{"@id":"https:\/\/gysfm.com.ar\/inicio\/que-dijo-donald-trump-sobre-las-islas-malvinas-que-provoco-reacciones-en-la-argentina-y-reino-unido\/#primaryimage"},"thumbnailUrl":"https:\/\/gysfm.com.ar\/inicio\/wp-content\/uploads\/2026\/09\/el-presidente-donald-trump-en-la-oficina-oval-en-6DH7EC4NKRATJBS4FPK643PVE4.jpg","articleSection":["INTERNACIONALES"],"inLanguage":"es"},{"@type":"WebPage","@id":"https:\/\/gysfm.com.ar\/inicio\/que-dijo-donald-trump-sobre-las-islas-malvinas-que-provoco-reacciones-en-la-argentina-y-reino-unido\/","url":"https:\/\/gysfm.com.ar\/inicio\/que-dijo-donald-trump-sobre-las-islas-malvinas-que-provoco-reacciones-en-la-argentina-y-reino-unido\/","name":"Qu\u00e9 dijo Donald Trump sobre las islas Malvinas que provoc\u00f3 reacciones en la Argentina y Reino Unido - GYS NOTICIAS |","isPartOf":{"@id":"https:\/\/gysfm.com.ar\/inicio\/#website"},"primaryImageOfPage":{"@id":"https:\/\/gysfm.com.ar\/inicio\/que-dijo-donald-trump-sobre-las-islas-malvinas-que-provoco-reacciones-en-la-argentina-y-reino-unido\/#primaryimage"},"image":{"@id":"https:\/\/gysfm.com.ar\/inicio\/que-dijo-donald-trump-sobre-las-islas-malvinas-que-provoco-reacciones-en-la-argentina-y-reino-unido\/#primaryimage"},"thumbnailUrl":"https:\/\/gysfm.com.ar\/inicio\/wp-content\/uploads\/2026\/09\/el-presidente-donald-trump-en-la-oficina-oval-en-6DH7EC4NKRATJBS4FPK643PVE4.jpg","datePublished":"2026-09-04T05:43:05+00:00","breadcrumb":{"@id":"https:\/\/gysfm.com.ar\/inicio\/que-dijo-donald-trump-sobre-las-islas-malvinas-que-provoco-reacciones-en-la-argentina-y-reino-unido\/#breadcrumb"},"inLanguage":"es","potentialAction":[{"@type":"ReadAction","target":["https:\/\/gysfm.com.ar\/inicio\/que-dijo-donald-trump-sobre-las-islas-malvinas-que-provoco-reacciones-en-la-argentina-y-reino-unido\/"]}]},{"@type":"ImageObject","inLanguage":"es","@id":"https:\/\/gysfm.com.ar\/inicio\/que-dijo-donald-trump-sobre-las-islas-malvinas-que-provoco-reacciones-en-la-argentina-y-reino-unido\/#primaryimage","url":"https:\/\/gysfm.com.ar\/inicio\/wp-content\/uploads\/2026\/09\/el-presidente-donald-trump-en-la-oficina-oval-en-6DH7EC4NKRATJBS4FPK643PVE4.jpg","contentUrl":"https:\/\/gysfm.com.ar\/inicio\/wp-content\/uploads\/2026\/09\/el-presidente-donald-trump-en-la-oficina-oval-en-6DH7EC4NKRATJBS4FPK643PVE4.jpg","width":1200,"height":800},{"@type":"BreadcrumbList","@id":"https:\/\/gysfm.com.ar\/inicio\/que-dijo-donald-trump-sobre-las-islas-malvinas-que-provoco-reacciones-en-la-argentina-y-reino-unido\/#breadcrumb","itemListElement":[{"@type":"ListItem","position":1,"name":"Portada","item":"https:\/\/gysfm.com.ar\/inicio\/"},{"@type":"ListItem","position":2,"name":"Qu\u00e9 dijo Donald Trump sobre las islas Malvinas que provoc\u00f3 reacciones en la Argentina y Reino Unido"}]},{"@type":"WebSite","@id":"https:\/\/gysfm.com.ar\/inicio\/#website","url":"https:\/\/gysfm.com.ar\/inicio\/","name":"GYS NOTICIAS |","description":"DIARIO - RADIO ONLINE SAN JUAN ARGENTINA","publisher":{"@id":"https:\/\/gysfm.com.ar\/inicio\/#organization"},"potentialAction":[{"@type":"SearchAction","target":{"@type":"EntryPoint","urlTemplate":"https:\/\/gysfm.com.ar\/inicio\/?s={search_term_string}"},"query-input":{"@type":"PropertyValueSpecification","valueRequired":true,"valueName":"search_term_string"}}],"inLanguage":"es"},{"@type":"Organization","@id":"https:\/\/gysfm.com.ar\/inicio\/#organization","name":"GYS NOTICIAS |","url":"https:\/\/gysfm.com.ar\/inicio\/","logo":{"@type":"ImageObject","inLanguage":"es","@id":"https:\/\/gysfm.com.ar\/inicio\/#\/schema\/logo\/image\/","url":"https:\/\/gysfm.com.ar\/inicio\/wp-content\/uploads\/2023\/07\/LOGOGYS-OK.png","contentUrl":"https:\/\/gysfm.com.ar\/inicio\/wp-content\/uploads\/2023\/07\/LOGOGYS-OK.png","width":1170,"height":872,"caption":"GYS NOTICIAS |"},"image":{"@id":"https:\/\/gysfm.com.ar\/inicio\/#\/schema\/logo\/image\/"}},{"@type":"Person","@id":"https:\/\/gysfm.com.ar\/inicio\/#\/schema\/person\/3abba7593ef2ad19e1be221d54383dc5","name":"Prensa G&amp;S FM","image":{"@type":"ImageObject","inLanguage":"es","@id":"https:\/\/gysfm.com.ar\/inicio\/#\/schema\/person\/image\/","url":"https:\/\/secure.gravatar.com\/avatar\/096ec78df02049ab018702bb4ccedf659377fa92a26540b5247612077a0dbd29?s=96&d=mm&r=g","contentUrl":"https:\/\/secure.gravatar.com\/avatar\/096ec78df02049ab018702bb4ccedf659377fa92a26540b5247612077a0dbd29?s=96&d=mm&r=g","caption":"Prensa G&amp;S FM"},"sameAs":["https:\/\/gysfm.com.ar\/"],"url":"https:\/\/gysfm.com.ar\/inicio\/author\/lucasm\/"}]}},"_links":{"self":[{"href":"https:\/\/gysfm.com.ar\/inicio\/wp-json\/wp\/v2\/posts\/210381","targetHints":{"allow":["GET"]}}],"collection":[{"href":"https:\/\/gysfm.com.ar\/inicio\/wp-json\/wp\/v2\/posts"}],"about":[{"href":"https:\/\/gysfm.com.ar\/inicio\/wp-json\/wp\/v2\/types\/post"}],"author":[{"embeddable":true,"href":"https:\/\/gysfm.com.ar\/inicio\/wp-json\/wp\/v2\/users\/2"}],"replies":[{"embeddable":true,"href":"https:\/\/gysfm.com.ar\/inicio\/wp-json\/wp\/v2\/comments?post=210381"}],"version-history":[{"count":1,"href":"https:\/\/gysfm.com.ar\/inicio\/wp-json\/wp\/v2\/posts\/210381\/revisions"}],"predecessor-version":[{"id":210382,"href":"https:\/\/gysfm.com.ar\/inicio\/wp-json\/wp\/v2\/posts\/210381\/revisions\/210382"}],"wp:featuredmedia":[{"embeddable":true,"href":"https:\/\/gysfm.com.ar\/inicio\/wp-json\/wp\/v2\/media\/210259"}],"wp:attachment":[{"href":"https:\/\/gysfm.com.ar\/inicio\/wp-json\/wp\/v2\/media?parent=210381"}],"wp:term":[{"taxonomy":"category","embeddable":true,"href":"https:\/\/gysfm.com.ar\/inicio\/wp-json\/wp\/v2\/categories?post=210381"},{"taxonomy":"post_tag","embeddable":true,"href":"https:\/\/gysfm.com.ar\/inicio\/wp-json\/wp\/v2\/tags?post=210381"}],"curies":[{"name":"wp","href":"https:\/\/api.w.org\/{rel}","templated":true}]}}