{"id":210378,"date":"2026-09-04T01:42:06","date_gmt":"2026-09-04T04:42:06","guid":{"rendered":"https:\/\/gysfm.com.ar\/inicio\/iran-ataca-objetivos-de-ee-uu-en-kuwait-pese-a-las-amenazas-de-trump\/"},"modified":"2026-09-04T01:42:07","modified_gmt":"2026-09-04T04:42:07","slug":"iran-ataca-objetivos-de-ee-uu-en-kuwait-pese-a-las-amenazas-de-trump","status":"publish","type":"post","link":"https:\/\/gysfm.com.ar\/inicio\/iran-ataca-objetivos-de-ee-uu-en-kuwait-pese-a-las-amenazas-de-trump\/","title":{"rendered":"Ir\u00e1n ataca objetivos de EE.UU. en Kuwait pese a las amenazas de Trump"},"content":{"rendered":"<p> <br \/>\n<\/p>\n<div>\n<p class=\"com-paragraph --capital --s\">TEHER\u00c1N.\u2013 <strong>Ir\u00e1n volvi\u00f3 a atacar objetivos militares norteamericanos en Kuwait <\/strong>el jueves, mientras hace caso omiso a las amenazas del presidente de Estados Unidos, <a href=\"https:\/\/www.lanacion.com.ar\/el-mundo\/trump-envia-un-mensaje-a-iran-y-dice-que-el-estecho-de-ormuz-deberia-llevar-su-nombre-nid02092026\/\" target=\"_self\" title=\"https:\/\/www.lanacion.com.ar\/el-mundo\/trump-envia-un-mensaje-a-iran-y-dice-que-el-estecho-de-ormuz-deberia-llevar-su-nombre-nid02092026\/\" class=\"com-link break-word\" data-mrf-recirculation=\"n_link_parrafo\"><strong>Donald Trump<\/strong><\/a>, y sigue adelante con <a href=\"https:\/\/www.lanacion.com.ar\/el-mundo\/iran-respondio-a-los-ataques-de-eeuu-con-una-oleada-de-drones-y-misiles-contra-bases-militares-en-nid01092026\/\" target=\"_self\" title=\"https:\/\/www.lanacion.com.ar\/el-mundo\/iran-respondio-a-los-ataques-de-eeuu-con-una-oleada-de-drones-y-misiles-contra-bases-militares-en-nid01092026\/\" class=\"com-link break-word\" data-mrf-recirculation=\"n_link_parrafo\">las represalias por los bombardeos de Washington<\/a> a principios de semana.<\/p>\n<p class=\"com-paragraph --s\">El Ej\u00e9rcito de <strong>Kuwait afirm\u00f3 que hab\u00eda interceptado un ataque con misiles y drones <\/strong>procedentes de Ir\u00e1n. Teher\u00e1n detall\u00f3 que hab\u00eda atacado la base a\u00e9rea de <strong>Ahmad al Jaber<\/strong>, en territorio kuwait\u00ed, \u201ccon misiles y drones\u201d.<\/p>\n<p class=\"com-paragraph --s\">Kuwait calific\u00f3 los ataques como una<strong> \u201camenaza directa para su seguridad y estabilidad\u201d<\/strong>, y una \u201cgrave violaci\u00f3n de las normas del derecho internacional\u201d.<\/p>\n<div class=\"content-media\">\n<section role=\"button\" class=\"mod-media   \">\n<figure role=\"button\" tabindex=\"0\" class=\"mod-figure \"><figcaption class=\"mod-figcaption\"><span class=\"com-text --caption --twoxs\">Un hombre sostiene a un chico herido, seg\u00fan medios iran\u00edes, en un hospital de Menab, Ir\u00e1n<\/span><span class=\"com-text --credit --twoxs\">Razieh Poudat &#8211; ISNA<\/span><\/figcaption><\/figure>\n<\/section>\n<\/div>\n<p class=\"com-paragraph --s\">El Ej\u00e9rcito de Ir\u00e1n tambi\u00e9n asegur\u00f3 que <strong>hab\u00eda atacado la base a\u00e9rea de Al-Minhad, en Emiratos \u00c1rabes Unidos<\/strong>, pero este pa\u00eds del Golfo no inform\u00f3 de ning\u00fan ataque de este tipo.<\/p>\n<p class=\"com-paragraph --s\">El d\u00eda anterior, <strong>Ir\u00e1n hab\u00eda prometido hacer \u201cpedazos\u201d al enemigo estadounidense<\/strong>, luego de ataques a su territorio que, entre otros objetivos, <a href=\"https:\/\/www.lanacion.com.ar\/el-mundo\/iran-anuncia-una-nueva-estrategia-en-la-guerra-y-condena-un-ataque-de-estados-unidos-que-dejo-nid02092026\/\" target=\"_self\" title=\"alcanzaron una boda\" class=\"com-link break-word\" data-mrf-recirculation=\"n_link_parrafo\">alcanzaron una boda<\/a>.<\/p>\n<p class=\"com-paragraph --s\">Seg\u00fan Teher\u00e1n, <strong>los bombardeos dejaron un total de 19 muertos<\/strong>, entre ellos siete miembros de las fuerzas armadas y tambi\u00e9n civiles, uno de los balances m\u00e1s elevados de los \u00faltimos meses. <strong>Cuatro de las v\u00edctimas asist\u00edan a unas nupcias <\/strong>en el distrito de Sirik, en el sureste del pa\u00eds, donde cerca de 70 personas resultaron heridas seg\u00fan los medios estatales.<\/p>\n<p><h2 class=\"font-primary font-w-bold text-subheading-lg text-left container-center-100 mb-8\"><span>Nueva escalada en Medio Oriente<\/span><\/h2>\n<\/p>\n<p class=\"com-paragraph --s\"><strong>Las sirenas se activaron en Kuwait a primera hora del jueves <\/strong>y las defensas antia\u00e9reas interceptaron ataques con misiles y drones durante una \u201cflagrante agresi\u00f3n iran\u00ed\u201d, dijo el Ministerio de Defensa del pa\u00eds en X.<\/p>\n<p class=\"com-paragraph --s\">Esto ocurri\u00f3 despu\u00e9s de que <strong>Bahr\u00e9in <\/strong>y <strong>Jordania<\/strong>, aliados de Estados Unidos, afirmaron que sus sistemas de defensa a\u00e9rea <strong>tambi\u00e9n hab\u00edan interceptado varios ataques a\u00e9reos iran\u00edes <\/strong>el mi\u00e9rcoles.<\/p>\n<p class=\"com-paragraph --s\">Los combates entre Estados Unidos e Ir\u00e1n se han intensificado esta semana <strong>despu\u00e9s de que Washington atacara el domingo lanzacohetes iran\u00edes <\/strong>en una isla del <a href=\"https:\/\/www.lanacion.com.ar\/el-mundo\/siria-busca-convertirse-en-un-centro-logistico-regional-y-ofrece-alternativas-para-evitar-el-nid02092026\/\" target=\"_self\" title=\"https:\/\/www.lanacion.com.ar\/el-mundo\/siria-busca-convertirse-en-un-centro-logistico-regional-y-ofrece-alternativas-para-evitar-el-nid02092026\/\" class=\"com-link break-word\" data-mrf-recirculation=\"n_link_parrafo\">estrecho de Ormuz<\/a>, alegando que Teher\u00e1n planeaba utilizarlos para disparar minas hacia la v\u00eda crucial navegable.<\/p>\n<div class=\"content-media\">\n<section role=\"button\" class=\"mod-media   \">\n<figure role=\"button\" tabindex=\"0\" class=\"mod-figure \"><figcaption class=\"mod-figcaption\"><span class=\"com-text --caption --twoxs\">Captura de video muestra un p\u00e1jaro volando mientras se observa humo en el cielo del norte de Bahr\u00e9in<\/span><span class=\"com-text --credit --twoxs\">&#8211; &#8211; UGC<\/span><\/figcaption><\/figure>\n<\/section>\n<\/div>\n<p class=\"com-paragraph --s\">Desde que empez\u00f3 el conflicto, <strong>el r\u00e9gimen isl\u00e1mico ha bloqueado la crucial v\u00eda mar\u00edtima <\/strong>\u2013por la que antes de la guerra transitaban el 20% de las exportaciones mundiales de petr\u00f3leo y gas natural licuado\u2013, y ha logrado mantener la actividad comercial al m\u00ednimo, salvo en ocasiones puntuales.<\/p>\n<p class=\"com-paragraph --s\">El presidente norteamericano propuso el mi\u00e9rcoles rebautizar el corredor como el de <strong>\u201cestrecho de Trump\u201d<\/strong>, aunque m\u00e1s tarde dio a entender que no hablaba en serio ante una pregunta de la AFP al respecto.<\/p>\n<p class=\"com-paragraph --s\">Seg\u00fan indic\u00f3 el mismo d\u00eda la Guardia de la Revoluci\u00f3n iran\u00ed, <strong>dos petroleros se incendiaron tras chocar con minas en el Golfo<\/strong>, al transitar fuera del itinerario designado por las autoridades de Teher\u00e1n.<\/p>\n<div class=\"content-media\">\n<section role=\"button\" class=\"mod-media   \">\n<figure role=\"button\" tabindex=\"0\" class=\"mod-figure \"><figcaption class=\"mod-figcaption\"><span class=\"com-text --caption --twoxs\">Un chico camina por la orilla mientras buques comerciales est\u00e1n fondeados en el estrecho de Ormuz, ante la costa de Bandar Abbas, Ir\u00e1n<\/span><span class=\"com-text --credit --twoxs\">Razieh Poudat &#8211; ISNA<\/span><\/figcaption><\/figure>\n<\/section>\n<\/div>\n<p class=\"com-paragraph --s\">Como parte de su promesa de someter a la rep\u00fablica isl\u00e1mica a una \u201casfixia\u201d econ\u00f3mica, <strong>Washington impuso un bloqueo a los puertos iran\u00edes <\/strong>y, recientemente, una nueva ronda de sanciones secundarias contra los socios comerciales de Teher\u00e1n.<\/p>\n<p class=\"com-paragraph --s\">En este escenario, <strong>los mercados del petr\u00f3leo volvieron a sentir el golpe <\/strong>y en medio de una inquietud generalizada pasaron a operar al alza el jueves. Poco despu\u00e9s de las 7.00 hora de la Argentina, el precio del barril de Brent del Mar del Norte para entrega en noviembre sub\u00eda <strong>un 1,24%, hasta los 96,82 d\u00f3lares<\/strong>.<\/p>\n<p class=\"com-paragraph --s\">Su equivalente estadounidense, el barril de West Texas Intermediate para entrega en octubre, <strong>sub\u00eda un 1,36%, hasta los 92,25 d\u00f3lares<\/strong>.<\/p>\n<p><h2 class=\"font-primary font-w-bold text-subheading-lg text-left container-center-100 mb-8\"><span>Condena y advertencia de Ir\u00e1n<\/span><\/h2>\n<\/p>\n<p class=\"com-paragraph --s\">Teher\u00e1n advirti\u00f3 el mi\u00e9rcoles que aplicar\u00e1 una <strong>\u201cnueva estrategia\u201d <\/strong>en la guerra que iniciaron Estados Unidos e Israel en su contra a finales de febrero.<\/p>\n<p class=\"com-paragraph --s\">\u201cPronto ver\u00e1n que la nueva estrategia de Ir\u00e1n <strong>en el campo de batalla, en la diplomacia y en la confrontaci\u00f3n del bloqueo econ\u00f3mico<\/strong>, har\u00e1 pedazos sus cimientos\u201d, public\u00f3 en X el secretario del Consejo Supremo de Seguridad Nacional de Ir\u00e1n, <strong>Mohsen Rezai<\/strong>, sin dar m\u00e1s detalles.<\/p>\n<p class=\"com-paragraph --s\">El principal negociador y presidente del Parlamento iran\u00ed, <strong>Mohamad Baqer Qalibaf<\/strong>, <strong>calific\u00f3 a Estados Unidos de \u201cSat\u00e1n\u201d tras el ataque a la boda<\/strong>, recordando adem\u00e1s el bombardeo de una escuela en <strong>Minab <\/strong>que, seg\u00fan Teher\u00e1n, <strong>mat\u00f3 a 155 personas<\/strong>, <strong>entre ellas 120 chicos<\/strong>, en las primeras horas de la guerra, el 28 de febrero.<\/p>\n<div class=\"content-media\">\n<section role=\"button\" class=\"mod-media   \">\n<figure role=\"button\" tabindex=\"0\" class=\"mod-figure \"><figcaption class=\"mod-figcaption\"><span class=\"com-text --caption --twoxs\">Un edificio que, seg\u00fan medios iran\u00edes, fue alcanzado por un ataque estadounidense mientras se celebraba all\u00ed una boda, en Kuhestak, en el sur de Ir\u00e1n<\/span><span class=\"com-text --credit --twoxs\">Morteza Akhoondi &#8211; Tasnim News Agency<\/span><\/figcaption><\/figure>\n<\/section>\n<\/div>\n<p class=\"com-paragraph --s\">Sin aludir directamente una ofensiva contra la ceremonia nupcial, el Comando de Estados Unidos para Medio Oriente dijo que sus fuerzas<strong> \u201cnunca atacan a civiles, a diferencia de los Guardianes de la Revoluci\u00f3n\u201d<\/strong>.<\/p>\n<p class=\"com-paragraph --s\">Las im\u00e1genes que muestran los da\u00f1os en el lugar donde se llevaba a cabo el casamiento se han difundido ampliamente en Ir\u00e1n.<\/p>\n<p class=\"com-paragraph --s\">El portavoz de la diplomacia iran\u00ed, <strong>Esmail Baqai<\/strong>, conden\u00f3 un<strong> \u201ccrimen de guerra\u201d<\/strong>, al lamentar que \u201cuna ceremonia de boda haya sido brutalmente bombardeada en el marco de la lucha desesperada de Estados Unidos por ocultar su fracaso\u201d.<\/p>\n<p class=\"com-paragraph --s\"><strong>Agencias AP, AFP y ANSA<\/strong><\/p>\n<section class=\"container-center-100 mb-40 border border-bottom border-thin border-neutral-light-700\">\n<hr\/>\n<\/section>\n<\/div>\n<p><script id=\"facebookpixel\" defer=\"\" type=\"text\/javascript\">\n        !function(f,b,e,v,n,t,s)\n        {if(f.fbq)return;n=f.fbq=function(){n.callMethod?\n        n.callMethod.apply(n,arguments):n.queue.push(arguments)};\n        if(!f._fbq)f._fbq=n;n.push=n;n.loaded=!0;n.version='2.0';\n        n.queue=[];t=b.createElement(e);t.async=!0;\n        t.src=v;s=b.getElementsByTagName(e)[0];\n        s.parentNode.insertBefore(t,s)}(window, document,'script',\n        'https:\/\/connect.facebook.net\/en_US\/fbevents.js');\n        fbq('init', '492459597522335');\n        fbq('track', 'PageView');\n    <\/script><br \/>\n<br \/><\/p>\n","protected":false},"excerpt":{"rendered":"<p>TEHER\u00c1N.\u2013 Ir\u00e1n volvi\u00f3 a atacar objetivos militares norteamericanos en Kuwait el jueves, mientras hace caso omiso a las amenazas del presidente de Estados Unidos, Donald Trump, y sigue adelante con las represalias por los bombardeos de Washington a principios de semana. El Ej\u00e9rcito de Kuwait afirm\u00f3 que hab\u00eda interceptado un ataque con misiles y drones [&hellip;]<\/p>\n","protected":false},"author":2,"featured_media":210379,"comment_status":"closed","ping_status":"closed","sticky":false,"template":"","format":"standard","meta":{"footnotes":""},"categories":[26],"tags":[],"class_list":["post-210378","post","type-post","status-publish","format-standard","has-post-thumbnail","hentry","category-internacionales"],"yoast_head":"<!-- This site is optimized with the Yoast SEO plugin v24.4 - https:\/\/yoast.com\/wordpress\/plugins\/seo\/ -->\n<title>Ir\u00e1n ataca objetivos de EE.UU. en Kuwait pese a las amenazas de Trump - GYS NOTICIAS |<\/title>\n<meta name=\"robots\" content=\"index, follow, max-snippet:-1, max-image-preview:large, max-video-preview:-1\" \/>\n<link rel=\"canonical\" href=\"https:\/\/gysfm.com.ar\/inicio\/iran-ataca-objetivos-de-ee-uu-en-kuwait-pese-a-las-amenazas-de-trump\/\" \/>\n<meta property=\"og:locale\" content=\"es_ES\" \/>\n<meta property=\"og:type\" content=\"article\" \/>\n<meta property=\"og:title\" content=\"Ir\u00e1n ataca objetivos de EE.UU. en Kuwait pese a las amenazas de Trump - GYS NOTICIAS |\" \/>\n<meta property=\"og:description\" content=\"TEHER\u00c1N.\u2013 Ir\u00e1n volvi\u00f3 a atacar objetivos militares norteamericanos en Kuwait el jueves, mientras hace caso omiso a las amenazas del presidente de Estados Unidos, Donald Trump, y sigue adelante con las represalias por los bombardeos de Washington a principios de semana. El Ej\u00e9rcito de Kuwait afirm\u00f3 que hab\u00eda interceptado un ataque con misiles y drones [&hellip;]\" \/>\n<meta property=\"og:url\" content=\"https:\/\/gysfm.com.ar\/inicio\/iran-ataca-objetivos-de-ee-uu-en-kuwait-pese-a-las-amenazas-de-trump\/\" \/>\n<meta property=\"og:site_name\" content=\"GYS NOTICIAS |\" \/>\n<meta property=\"article:published_time\" content=\"2026-09-04T04:42:06+00:00\" \/>\n<meta property=\"article:modified_time\" content=\"2026-09-04T04:42:07+00:00\" \/>\n<meta property=\"og:image\" content=\"https:\/\/gysfm.com.ar\/inicio\/wp-content\/uploads\/2026\/09\/danos-de-un-supuesto-ataque-de-eeuu-en-kuhestak-KBHXIAH64FGLVPSD3FU6VXXQDM.JPG\" \/>\n\t<meta property=\"og:image:width\" content=\"1200\" \/>\n\t<meta property=\"og:image:height\" content=\"800\" \/>\n\t<meta property=\"og:image:type\" content=\"image\/jpeg\" \/>\n<meta name=\"author\" content=\"Prensa G&amp;S FM\" \/>\n<meta name=\"twitter:card\" content=\"summary_large_image\" \/>\n<meta name=\"twitter:label1\" content=\"Escrito por\" \/>\n\t<meta name=\"twitter:data1\" content=\"Prensa G&amp;S FM\" \/>\n\t<meta name=\"twitter:label2\" content=\"Tiempo de lectura\" \/>\n\t<meta name=\"twitter:data2\" content=\"5 minutos\" \/>\n<script type=\"application\/ld+json\" class=\"yoast-schema-graph\">{\"@context\":\"https:\/\/schema.org\",\"@graph\":[{\"@type\":\"Article\",\"@id\":\"https:\/\/gysfm.com.ar\/inicio\/iran-ataca-objetivos-de-ee-uu-en-kuwait-pese-a-las-amenazas-de-trump\/#article\",\"isPartOf\":{\"@id\":\"https:\/\/gysfm.com.ar\/inicio\/iran-ataca-objetivos-de-ee-uu-en-kuwait-pese-a-las-amenazas-de-trump\/\"},\"author\":{\"name\":\"Prensa G&amp;S FM\",\"@id\":\"https:\/\/gysfm.com.ar\/inicio\/#\/schema\/person\/3abba7593ef2ad19e1be221d54383dc5\"},\"headline\":\"Ir\u00e1n ataca objetivos de EE.UU. en Kuwait pese a las amenazas de Trump\",\"datePublished\":\"2026-09-04T04:42:06+00:00\",\"dateModified\":\"2026-09-04T04:42:07+00:00\",\"mainEntityOfPage\":{\"@id\":\"https:\/\/gysfm.com.ar\/inicio\/iran-ataca-objetivos-de-ee-uu-en-kuwait-pese-a-las-amenazas-de-trump\/\"},\"wordCount\":977,\"publisher\":{\"@id\":\"https:\/\/gysfm.com.ar\/inicio\/#organization\"},\"image\":{\"@id\":\"https:\/\/gysfm.com.ar\/inicio\/iran-ataca-objetivos-de-ee-uu-en-kuwait-pese-a-las-amenazas-de-trump\/#primaryimage\"},\"thumbnailUrl\":\"https:\/\/gysfm.com.ar\/inicio\/wp-content\/uploads\/2026\/09\/danos-de-un-supuesto-ataque-de-eeuu-en-kuhestak-KBHXIAH64FGLVPSD3FU6VXXQDM.JPG\",\"articleSection\":[\"INTERNACIONALES\"],\"inLanguage\":\"es\"},{\"@type\":\"WebPage\",\"@id\":\"https:\/\/gysfm.com.ar\/inicio\/iran-ataca-objetivos-de-ee-uu-en-kuwait-pese-a-las-amenazas-de-trump\/\",\"url\":\"https:\/\/gysfm.com.ar\/inicio\/iran-ataca-objetivos-de-ee-uu-en-kuwait-pese-a-las-amenazas-de-trump\/\",\"name\":\"Ir\u00e1n ataca objetivos de EE.UU. en Kuwait pese a las amenazas de Trump - GYS NOTICIAS |\",\"isPartOf\":{\"@id\":\"https:\/\/gysfm.com.ar\/inicio\/#website\"},\"primaryImageOfPage\":{\"@id\":\"https:\/\/gysfm.com.ar\/inicio\/iran-ataca-objetivos-de-ee-uu-en-kuwait-pese-a-las-amenazas-de-trump\/#primaryimage\"},\"image\":{\"@id\":\"https:\/\/gysfm.com.ar\/inicio\/iran-ataca-objetivos-de-ee-uu-en-kuwait-pese-a-las-amenazas-de-trump\/#primaryimage\"},\"thumbnailUrl\":\"https:\/\/gysfm.com.ar\/inicio\/wp-content\/uploads\/2026\/09\/danos-de-un-supuesto-ataque-de-eeuu-en-kuhestak-KBHXIAH64FGLVPSD3FU6VXXQDM.JPG\",\"datePublished\":\"2026-09-04T04:42:06+00:00\",\"dateModified\":\"2026-09-04T04:42:07+00:00\",\"breadcrumb\":{\"@id\":\"https:\/\/gysfm.com.ar\/inicio\/iran-ataca-objetivos-de-ee-uu-en-kuwait-pese-a-las-amenazas-de-trump\/#breadcrumb\"},\"inLanguage\":\"es\",\"potentialAction\":[{\"@type\":\"ReadAction\",\"target\":[\"https:\/\/gysfm.com.ar\/inicio\/iran-ataca-objetivos-de-ee-uu-en-kuwait-pese-a-las-amenazas-de-trump\/\"]}]},{\"@type\":\"ImageObject\",\"inLanguage\":\"es\",\"@id\":\"https:\/\/gysfm.com.ar\/inicio\/iran-ataca-objetivos-de-ee-uu-en-kuwait-pese-a-las-amenazas-de-trump\/#primaryimage\",\"url\":\"https:\/\/gysfm.com.ar\/inicio\/wp-content\/uploads\/2026\/09\/danos-de-un-supuesto-ataque-de-eeuu-en-kuhestak-KBHXIAH64FGLVPSD3FU6VXXQDM.JPG\",\"contentUrl\":\"https:\/\/gysfm.com.ar\/inicio\/wp-content\/uploads\/2026\/09\/danos-de-un-supuesto-ataque-de-eeuu-en-kuhestak-KBHXIAH64FGLVPSD3FU6VXXQDM.JPG\",\"width\":1200,\"height\":800},{\"@type\":\"BreadcrumbList\",\"@id\":\"https:\/\/gysfm.com.ar\/inicio\/iran-ataca-objetivos-de-ee-uu-en-kuwait-pese-a-las-amenazas-de-trump\/#breadcrumb\",\"itemListElement\":[{\"@type\":\"ListItem\",\"position\":1,\"name\":\"Portada\",\"item\":\"https:\/\/gysfm.com.ar\/inicio\/\"},{\"@type\":\"ListItem\",\"position\":2,\"name\":\"Ir\u00e1n ataca objetivos de EE.UU. en Kuwait pese a las amenazas de Trump\"}]},{\"@type\":\"WebSite\",\"@id\":\"https:\/\/gysfm.com.ar\/inicio\/#website\",\"url\":\"https:\/\/gysfm.com.ar\/inicio\/\",\"name\":\"GYS NOTICIAS |\",\"description\":\"DIARIO - RADIO ONLINE SAN JUAN ARGENTINA\",\"publisher\":{\"@id\":\"https:\/\/gysfm.com.ar\/inicio\/#organization\"},\"potentialAction\":[{\"@type\":\"SearchAction\",\"target\":{\"@type\":\"EntryPoint\",\"urlTemplate\":\"https:\/\/gysfm.com.ar\/inicio\/?s={search_term_string}\"},\"query-input\":{\"@type\":\"PropertyValueSpecification\",\"valueRequired\":true,\"valueName\":\"search_term_string\"}}],\"inLanguage\":\"es\"},{\"@type\":\"Organization\",\"@id\":\"https:\/\/gysfm.com.ar\/inicio\/#organization\",\"name\":\"GYS NOTICIAS |\",\"url\":\"https:\/\/gysfm.com.ar\/inicio\/\",\"logo\":{\"@type\":\"ImageObject\",\"inLanguage\":\"es\",\"@id\":\"https:\/\/gysfm.com.ar\/inicio\/#\/schema\/logo\/image\/\",\"url\":\"https:\/\/gysfm.com.ar\/inicio\/wp-content\/uploads\/2023\/07\/LOGOGYS-OK.png\",\"contentUrl\":\"https:\/\/gysfm.com.ar\/inicio\/wp-content\/uploads\/2023\/07\/LOGOGYS-OK.png\",\"width\":1170,\"height\":872,\"caption\":\"GYS NOTICIAS |\"},\"image\":{\"@id\":\"https:\/\/gysfm.com.ar\/inicio\/#\/schema\/logo\/image\/\"}},{\"@type\":\"Person\",\"@id\":\"https:\/\/gysfm.com.ar\/inicio\/#\/schema\/person\/3abba7593ef2ad19e1be221d54383dc5\",\"name\":\"Prensa G&amp;S FM\",\"image\":{\"@type\":\"ImageObject\",\"inLanguage\":\"es\",\"@id\":\"https:\/\/gysfm.com.ar\/inicio\/#\/schema\/person\/image\/\",\"url\":\"https:\/\/secure.gravatar.com\/avatar\/096ec78df02049ab018702bb4ccedf659377fa92a26540b5247612077a0dbd29?s=96&d=mm&r=g\",\"contentUrl\":\"https:\/\/secure.gravatar.com\/avatar\/096ec78df02049ab018702bb4ccedf659377fa92a26540b5247612077a0dbd29?s=96&d=mm&r=g\",\"caption\":\"Prensa G&amp;S FM\"},\"sameAs\":[\"https:\/\/gysfm.com.ar\/\"],\"url\":\"https:\/\/gysfm.com.ar\/inicio\/author\/lucasm\/\"}]}<\/script>\n<!-- \/ Yoast SEO plugin. -->","yoast_head_json":{"title":"Ir\u00e1n ataca objetivos de EE.UU. en Kuwait pese a las amenazas de Trump - GYS NOTICIAS |","robots":{"index":"index","follow":"follow","max-snippet":"max-snippet:-1","max-image-preview":"max-image-preview:large","max-video-preview":"max-video-preview:-1"},"canonical":"https:\/\/gysfm.com.ar\/inicio\/iran-ataca-objetivos-de-ee-uu-en-kuwait-pese-a-las-amenazas-de-trump\/","og_locale":"es_ES","og_type":"article","og_title":"Ir\u00e1n ataca objetivos de EE.UU. en Kuwait pese a las amenazas de Trump - GYS NOTICIAS |","og_description":"TEHER\u00c1N.\u2013 Ir\u00e1n volvi\u00f3 a atacar objetivos militares norteamericanos en Kuwait el jueves, mientras hace caso omiso a las amenazas del presidente de Estados Unidos, Donald Trump, y sigue adelante con las represalias por los bombardeos de Washington a principios de semana. El Ej\u00e9rcito de Kuwait afirm\u00f3 que hab\u00eda interceptado un ataque con misiles y drones [&hellip;]","og_url":"https:\/\/gysfm.com.ar\/inicio\/iran-ataca-objetivos-de-ee-uu-en-kuwait-pese-a-las-amenazas-de-trump\/","og_site_name":"GYS NOTICIAS |","article_published_time":"2026-09-04T04:42:06+00:00","article_modified_time":"2026-09-04T04:42:07+00:00","og_image":[{"width":1200,"height":800,"url":"https:\/\/gysfm.com.ar\/inicio\/wp-content\/uploads\/2026\/09\/danos-de-un-supuesto-ataque-de-eeuu-en-kuhestak-KBHXIAH64FGLVPSD3FU6VXXQDM.JPG","type":"image\/jpeg"}],"author":"Prensa G&amp;S FM","twitter_card":"summary_large_image","twitter_misc":{"Escrito por":"Prensa G&amp;S FM","Tiempo de lectura":"5 minutos"},"schema":{"@context":"https:\/\/schema.org","@graph":[{"@type":"Article","@id":"https:\/\/gysfm.com.ar\/inicio\/iran-ataca-objetivos-de-ee-uu-en-kuwait-pese-a-las-amenazas-de-trump\/#article","isPartOf":{"@id":"https:\/\/gysfm.com.ar\/inicio\/iran-ataca-objetivos-de-ee-uu-en-kuwait-pese-a-las-amenazas-de-trump\/"},"author":{"name":"Prensa G&amp;S FM","@id":"https:\/\/gysfm.com.ar\/inicio\/#\/schema\/person\/3abba7593ef2ad19e1be221d54383dc5"},"headline":"Ir\u00e1n ataca objetivos de EE.UU. en Kuwait pese a las amenazas de Trump","datePublished":"2026-09-04T04:42:06+00:00","dateModified":"2026-09-04T04:42:07+00:00","mainEntityOfPage":{"@id":"https:\/\/gysfm.com.ar\/inicio\/iran-ataca-objetivos-de-ee-uu-en-kuwait-pese-a-las-amenazas-de-trump\/"},"wordCount":977,"publisher":{"@id":"https:\/\/gysfm.com.ar\/inicio\/#organization"},"image":{"@id":"https:\/\/gysfm.com.ar\/inicio\/iran-ataca-objetivos-de-ee-uu-en-kuwait-pese-a-las-amenazas-de-trump\/#primaryimage"},"thumbnailUrl":"https:\/\/gysfm.com.ar\/inicio\/wp-content\/uploads\/2026\/09\/danos-de-un-supuesto-ataque-de-eeuu-en-kuhestak-KBHXIAH64FGLVPSD3FU6VXXQDM.JPG","articleSection":["INTERNACIONALES"],"inLanguage":"es"},{"@type":"WebPage","@id":"https:\/\/gysfm.com.ar\/inicio\/iran-ataca-objetivos-de-ee-uu-en-kuwait-pese-a-las-amenazas-de-trump\/","url":"https:\/\/gysfm.com.ar\/inicio\/iran-ataca-objetivos-de-ee-uu-en-kuwait-pese-a-las-amenazas-de-trump\/","name":"Ir\u00e1n ataca objetivos de EE.UU. en Kuwait pese a las amenazas de Trump - GYS NOTICIAS |","isPartOf":{"@id":"https:\/\/gysfm.com.ar\/inicio\/#website"},"primaryImageOfPage":{"@id":"https:\/\/gysfm.com.ar\/inicio\/iran-ataca-objetivos-de-ee-uu-en-kuwait-pese-a-las-amenazas-de-trump\/#primaryimage"},"image":{"@id":"https:\/\/gysfm.com.ar\/inicio\/iran-ataca-objetivos-de-ee-uu-en-kuwait-pese-a-las-amenazas-de-trump\/#primaryimage"},"thumbnailUrl":"https:\/\/gysfm.com.ar\/inicio\/wp-content\/uploads\/2026\/09\/danos-de-un-supuesto-ataque-de-eeuu-en-kuhestak-KBHXIAH64FGLVPSD3FU6VXXQDM.JPG","datePublished":"2026-09-04T04:42:06+00:00","dateModified":"2026-09-04T04:42:07+00:00","breadcrumb":{"@id":"https:\/\/gysfm.com.ar\/inicio\/iran-ataca-objetivos-de-ee-uu-en-kuwait-pese-a-las-amenazas-de-trump\/#breadcrumb"},"inLanguage":"es","potentialAction":[{"@type":"ReadAction","target":["https:\/\/gysfm.com.ar\/inicio\/iran-ataca-objetivos-de-ee-uu-en-kuwait-pese-a-las-amenazas-de-trump\/"]}]},{"@type":"ImageObject","inLanguage":"es","@id":"https:\/\/gysfm.com.ar\/inicio\/iran-ataca-objetivos-de-ee-uu-en-kuwait-pese-a-las-amenazas-de-trump\/#primaryimage","url":"https:\/\/gysfm.com.ar\/inicio\/wp-content\/uploads\/2026\/09\/danos-de-un-supuesto-ataque-de-eeuu-en-kuhestak-KBHXIAH64FGLVPSD3FU6VXXQDM.JPG","contentUrl":"https:\/\/gysfm.com.ar\/inicio\/wp-content\/uploads\/2026\/09\/danos-de-un-supuesto-ataque-de-eeuu-en-kuhestak-KBHXIAH64FGLVPSD3FU6VXXQDM.JPG","width":1200,"height":800},{"@type":"BreadcrumbList","@id":"https:\/\/gysfm.com.ar\/inicio\/iran-ataca-objetivos-de-ee-uu-en-kuwait-pese-a-las-amenazas-de-trump\/#breadcrumb","itemListElement":[{"@type":"ListItem","position":1,"name":"Portada","item":"https:\/\/gysfm.com.ar\/inicio\/"},{"@type":"ListItem","position":2,"name":"Ir\u00e1n ataca objetivos de EE.UU. en Kuwait pese a las amenazas de Trump"}]},{"@type":"WebSite","@id":"https:\/\/gysfm.com.ar\/inicio\/#website","url":"https:\/\/gysfm.com.ar\/inicio\/","name":"GYS NOTICIAS |","description":"DIARIO - RADIO ONLINE SAN JUAN ARGENTINA","publisher":{"@id":"https:\/\/gysfm.com.ar\/inicio\/#organization"},"potentialAction":[{"@type":"SearchAction","target":{"@type":"EntryPoint","urlTemplate":"https:\/\/gysfm.com.ar\/inicio\/?s={search_term_string}"},"query-input":{"@type":"PropertyValueSpecification","valueRequired":true,"valueName":"search_term_string"}}],"inLanguage":"es"},{"@type":"Organization","@id":"https:\/\/gysfm.com.ar\/inicio\/#organization","name":"GYS NOTICIAS |","url":"https:\/\/gysfm.com.ar\/inicio\/","logo":{"@type":"ImageObject","inLanguage":"es","@id":"https:\/\/gysfm.com.ar\/inicio\/#\/schema\/logo\/image\/","url":"https:\/\/gysfm.com.ar\/inicio\/wp-content\/uploads\/2023\/07\/LOGOGYS-OK.png","contentUrl":"https:\/\/gysfm.com.ar\/inicio\/wp-content\/uploads\/2023\/07\/LOGOGYS-OK.png","width":1170,"height":872,"caption":"GYS NOTICIAS |"},"image":{"@id":"https:\/\/gysfm.com.ar\/inicio\/#\/schema\/logo\/image\/"}},{"@type":"Person","@id":"https:\/\/gysfm.com.ar\/inicio\/#\/schema\/person\/3abba7593ef2ad19e1be221d54383dc5","name":"Prensa G&amp;S FM","image":{"@type":"ImageObject","inLanguage":"es","@id":"https:\/\/gysfm.com.ar\/inicio\/#\/schema\/person\/image\/","url":"https:\/\/secure.gravatar.com\/avatar\/096ec78df02049ab018702bb4ccedf659377fa92a26540b5247612077a0dbd29?s=96&d=mm&r=g","contentUrl":"https:\/\/secure.gravatar.com\/avatar\/096ec78df02049ab018702bb4ccedf659377fa92a26540b5247612077a0dbd29?s=96&d=mm&r=g","caption":"Prensa G&amp;S FM"},"sameAs":["https:\/\/gysfm.com.ar\/"],"url":"https:\/\/gysfm.com.ar\/inicio\/author\/lucasm\/"}]}},"_links":{"self":[{"href":"https:\/\/gysfm.com.ar\/inicio\/wp-json\/wp\/v2\/posts\/210378","targetHints":{"allow":["GET"]}}],"collection":[{"href":"https:\/\/gysfm.com.ar\/inicio\/wp-json\/wp\/v2\/posts"}],"about":[{"href":"https:\/\/gysfm.com.ar\/inicio\/wp-json\/wp\/v2\/types\/post"}],"author":[{"embeddable":true,"href":"https:\/\/gysfm.com.ar\/inicio\/wp-json\/wp\/v2\/users\/2"}],"replies":[{"embeddable":true,"href":"https:\/\/gysfm.com.ar\/inicio\/wp-json\/wp\/v2\/comments?post=210378"}],"version-history":[{"count":1,"href":"https:\/\/gysfm.com.ar\/inicio\/wp-json\/wp\/v2\/posts\/210378\/revisions"}],"predecessor-version":[{"id":210380,"href":"https:\/\/gysfm.com.ar\/inicio\/wp-json\/wp\/v2\/posts\/210378\/revisions\/210380"}],"wp:featuredmedia":[{"embeddable":true,"href":"https:\/\/gysfm.com.ar\/inicio\/wp-json\/wp\/v2\/media\/210379"}],"wp:attachment":[{"href":"https:\/\/gysfm.com.ar\/inicio\/wp-json\/wp\/v2\/media?parent=210378"}],"wp:term":[{"taxonomy":"category","embeddable":true,"href":"https:\/\/gysfm.com.ar\/inicio\/wp-json\/wp\/v2\/categories?post=210378"},{"taxonomy":"post_tag","embeddable":true,"href":"https:\/\/gysfm.com.ar\/inicio\/wp-json\/wp\/v2\/tags?post=210378"}],"curies":[{"name":"wp","href":"https:\/\/api.w.org\/{rel}","templated":true}]}}