{"id":210372,"date":"2026-09-04T00:41:06","date_gmt":"2026-09-04T03:41:06","guid":{"rendered":"https:\/\/gysfm.com.ar\/inicio\/working-holiday-dinamarca-abrio-las-inscripciones-a-argentinos-para-trabajar-por-un-ano\/"},"modified":"2026-09-04T00:41:07","modified_gmt":"2026-09-04T03:41:07","slug":"working-holiday-dinamarca-abrio-las-inscripciones-a-argentinos-para-trabajar-por-un-ano","status":"publish","type":"post","link":"https:\/\/gysfm.com.ar\/inicio\/working-holiday-dinamarca-abrio-las-inscripciones-a-argentinos-para-trabajar-por-un-ano\/","title":{"rendered":"Working Holiday: Dinamarca abri\u00f3 las inscripciones a argentinos para trabajar por un a\u00f1o"},"content":{"rendered":"<p> <br \/>\n<\/p>\n<div>\n<p class=\"com-paragraph --capital --s\">Los interesados en trabajar en el exterior, m\u00e1s precisamente en <strong>Dinamarca<\/strong>, ya cuentan con el per\u00edodo de inscripci\u00f3n abierto para la experiencia <a href=\"https:\/\/nyidanmark.dk\/de-DE\/You-want-to-apply\/Working-Holiday\/Working-Holiday-Argentina-application\" target=\"_blank\" title=\"https:\/\/nyidanmark.dk\/de-DE\/You-want-to-apply\/Working-Holiday\/Working-Holiday-Argentina-application\" class=\"com-link break-word\" data-mrf-recirculation=\"n_link_parrafo\" rel=\"nofollow\"><strong>Working Holiday<\/strong><\/a>, que <strong>permite a los argentinos trabajar por un a\u00f1o en ese destino<\/strong>.<\/p>\n<div class=\"content-media\">\n<section role=\"button\" class=\"mod-media   \">\n<figure role=\"button\" tabindex=\"0\" class=\"mod-figure \"><figcaption class=\"mod-figcaption\"><span class=\"com-text --caption --twoxs\">Est\u00e1 abierta la inscripci\u00f3n para el Working Holiday en Dinamarca<\/span><span class=\"com-text --credit --twoxs\">www.skyfish.com &#8211; Lugares<\/span><\/figcaption><\/figure>\n<\/section>\n<\/div>\n<p class=\"com-paragraph --s\">El sistema <em>working holiday<\/em> es un tipo de visa que permite viajar a un destino con el fin de <strong>trabajar y recorrer el pa\u00eds durante un a\u00f1o<\/strong>. Una de las particularidades de esta modalidad es que la persona que aplique puede armar todo su viaje de manera independiente, siempre que cumpla con las condiciones que establece el programa internacional.<\/p>\n<p><h2 class=\"font-primary font-w-bold text-subheading-lg text-left container-center-100 mb-8\"><span>C\u00f3mo inscribirse al Working Holiday para vivir un a\u00f1o en Dinamarca<\/span><\/h2>\n<\/p>\n<p class=\"com-paragraph --s\">Desde VFS (Visa Facilitation Services) confirmaron que para Argentina la fecha de <strong>aplicaci\u00f3n rige desde el martes 1\u00b0 de septiembre<\/strong>.<\/p>\n<p class=\"com-paragraph --s\">Los siguientes son los pasos para anotarse, que combinan gestiones virtuales y presenciales:<\/p>\n<div class=\"content-media\">\n<section role=\"button\" class=\"mod-media   \">\n<figure role=\"button\" tabindex=\"0\" class=\"mod-figure \"><figcaption class=\"mod-figcaption\"><span class=\"com-text --caption --twoxs\">Los requisitos para vivir un a\u00f1o en Dinamarca<\/span><\/figcaption><\/figure>\n<\/section>\n<\/div>\n<p><h2 class=\"font-primary font-w-bold text-subheading-lg text-left container-center-100 mb-8\"><span>Cu\u00e1les son los requisitos para aplicar al Working Holiday para trabajar en Dinamarca<\/span><\/h2>\n<\/p>\n<p class=\"com-paragraph --s\">De acuerdo a la <a href=\"https:\/\/nyidanmark.dk\/de-DE\/You-want-to-apply\/Working-Holiday\/Working-Holiday-Argentina-application\" target=\"_blank\" title=\"https:\/\/nyidanmark.dk\/de-DE\/You-want-to-apply\/Working-Holiday\/Working-Holiday-Argentina-application\" class=\"com-link break-word\" data-mrf-recirculation=\"n_link_parrafo\" rel=\"nofollow\">informaci\u00f3n oficial<\/a>, los siguientes son los requisitos que deben cumplir los aspirantes al programa:<\/p>\n<p><h2 class=\"font-primary font-w-bold text-subheading-lg text-left container-center-100 mb-8\"><span>Cu\u00e1les son las ventajas de la Visa Working Holiday Dinamarca <\/span><\/h2>\n<\/p>\n<p class=\"com-paragraph --s\">A continuaci\u00f3n figuran las actividades que se pueden desarrollar en Dinamarca, enmarcadas en el programa:<\/p>\n<section class=\"container-center-100 mb-40 border border-bottom border-thin border-neutral-light-700\"\/><\/div>\n<p><script id=\"facebookpixel\" defer=\"\" type=\"text\/javascript\">\n        !function(f,b,e,v,n,t,s)\n        {if(f.fbq)return;n=f.fbq=function(){n.callMethod?\n        n.callMethod.apply(n,arguments):n.queue.push(arguments)};\n        if(!f._fbq)f._fbq=n;n.push=n;n.loaded=!0;n.version='2.0';\n        n.queue=[];t=b.createElement(e);t.async=!0;\n        t.src=v;s=b.getElementsByTagName(e)[0];\n        s.parentNode.insertBefore(t,s)}(window, document,'script',\n        'https:\/\/connect.facebook.net\/en_US\/fbevents.js');\n        fbq('init', '492459597522335');\n        fbq('track', 'PageView');\n    <\/script><br \/>\n<br \/><\/p>\n","protected":false},"excerpt":{"rendered":"<p>Los interesados en trabajar en el exterior, m\u00e1s precisamente en Dinamarca, ya cuentan con el per\u00edodo de inscripci\u00f3n abierto para la experiencia Working Holiday, que permite a los argentinos trabajar por un a\u00f1o en ese destino. Est\u00e1 abierta la inscripci\u00f3n para el Working Holiday en Dinamarcawww.skyfish.com &#8211; Lugares El sistema working holiday es un tipo [&hellip;]<\/p>\n","protected":false},"author":2,"featured_media":210373,"comment_status":"closed","ping_status":"closed","sticky":false,"template":"","format":"standard","meta":{"footnotes":""},"categories":[26],"tags":[],"class_list":["post-210372","post","type-post","status-publish","format-standard","has-post-thumbnail","hentry","category-internacionales"],"yoast_head":"<!-- This site is optimized with the Yoast SEO plugin v24.4 - https:\/\/yoast.com\/wordpress\/plugins\/seo\/ -->\n<title>Working Holiday: Dinamarca abri\u00f3 las inscripciones a argentinos para trabajar por un a\u00f1o - GYS NOTICIAS |<\/title>\n<meta name=\"robots\" content=\"index, follow, max-snippet:-1, max-image-preview:large, max-video-preview:-1\" \/>\n<link rel=\"canonical\" href=\"https:\/\/gysfm.com.ar\/inicio\/working-holiday-dinamarca-abrio-las-inscripciones-a-argentinos-para-trabajar-por-un-ano\/\" \/>\n<meta property=\"og:locale\" content=\"es_ES\" \/>\n<meta property=\"og:type\" content=\"article\" \/>\n<meta property=\"og:title\" content=\"Working Holiday: Dinamarca abri\u00f3 las inscripciones a argentinos para trabajar por un a\u00f1o - GYS NOTICIAS |\" \/>\n<meta property=\"og:description\" content=\"Los interesados en trabajar en el exterior, m\u00e1s precisamente en Dinamarca, ya cuentan con el per\u00edodo de inscripci\u00f3n abierto para la experiencia Working Holiday, que permite a los argentinos trabajar por un a\u00f1o en ese destino. Est\u00e1 abierta la inscripci\u00f3n para el Working Holiday en Dinamarcawww.skyfish.com &#8211; Lugares El sistema working holiday es un tipo [&hellip;]\" \/>\n<meta property=\"og:url\" content=\"https:\/\/gysfm.com.ar\/inicio\/working-holiday-dinamarca-abrio-las-inscripciones-a-argentinos-para-trabajar-por-un-ano\/\" \/>\n<meta property=\"og:site_name\" content=\"GYS NOTICIAS |\" \/>\n<meta property=\"article:published_time\" content=\"2026-09-04T03:41:06+00:00\" \/>\n<meta property=\"article:modified_time\" content=\"2026-09-04T03:41:07+00:00\" \/>\n<meta property=\"og:image\" content=\"https:\/\/gysfm.com.ar\/inicio\/wp-content\/uploads\/2026\/09\/dinamarca-abrio-las-inscripciones-a-argentinos-YJ5AO7YVQVFA5NBYFAHMJCYIZM.jpg\" \/>\n\t<meta property=\"og:image:width\" content=\"1200\" \/>\n\t<meta property=\"og:image:height\" content=\"800\" \/>\n\t<meta property=\"og:image:type\" content=\"image\/jpeg\" \/>\n<meta name=\"author\" content=\"Prensa G&amp;S FM\" \/>\n<meta name=\"twitter:card\" content=\"summary_large_image\" \/>\n<meta name=\"twitter:label1\" content=\"Escrito por\" \/>\n\t<meta name=\"twitter:data1\" content=\"Prensa G&amp;S FM\" \/>\n\t<meta name=\"twitter:label2\" content=\"Tiempo de lectura\" \/>\n\t<meta name=\"twitter:data2\" content=\"1 minuto\" \/>\n<script type=\"application\/ld+json\" class=\"yoast-schema-graph\">{\"@context\":\"https:\/\/schema.org\",\"@graph\":[{\"@type\":\"Article\",\"@id\":\"https:\/\/gysfm.com.ar\/inicio\/working-holiday-dinamarca-abrio-las-inscripciones-a-argentinos-para-trabajar-por-un-ano\/#article\",\"isPartOf\":{\"@id\":\"https:\/\/gysfm.com.ar\/inicio\/working-holiday-dinamarca-abrio-las-inscripciones-a-argentinos-para-trabajar-por-un-ano\/\"},\"author\":{\"name\":\"Prensa G&amp;S FM\",\"@id\":\"https:\/\/gysfm.com.ar\/inicio\/#\/schema\/person\/3abba7593ef2ad19e1be221d54383dc5\"},\"headline\":\"Working Holiday: Dinamarca abri\u00f3 las inscripciones a argentinos para trabajar por un a\u00f1o\",\"datePublished\":\"2026-09-04T03:41:06+00:00\",\"dateModified\":\"2026-09-04T03:41:07+00:00\",\"mainEntityOfPage\":{\"@id\":\"https:\/\/gysfm.com.ar\/inicio\/working-holiday-dinamarca-abrio-las-inscripciones-a-argentinos-para-trabajar-por-un-ano\/\"},\"wordCount\":248,\"publisher\":{\"@id\":\"https:\/\/gysfm.com.ar\/inicio\/#organization\"},\"image\":{\"@id\":\"https:\/\/gysfm.com.ar\/inicio\/working-holiday-dinamarca-abrio-las-inscripciones-a-argentinos-para-trabajar-por-un-ano\/#primaryimage\"},\"thumbnailUrl\":\"https:\/\/gysfm.com.ar\/inicio\/wp-content\/uploads\/2026\/09\/dinamarca-abrio-las-inscripciones-a-argentinos-YJ5AO7YVQVFA5NBYFAHMJCYIZM.jpg\",\"articleSection\":[\"INTERNACIONALES\"],\"inLanguage\":\"es\"},{\"@type\":\"WebPage\",\"@id\":\"https:\/\/gysfm.com.ar\/inicio\/working-holiday-dinamarca-abrio-las-inscripciones-a-argentinos-para-trabajar-por-un-ano\/\",\"url\":\"https:\/\/gysfm.com.ar\/inicio\/working-holiday-dinamarca-abrio-las-inscripciones-a-argentinos-para-trabajar-por-un-ano\/\",\"name\":\"Working Holiday: Dinamarca abri\u00f3 las inscripciones a argentinos para trabajar por un a\u00f1o - GYS NOTICIAS |\",\"isPartOf\":{\"@id\":\"https:\/\/gysfm.com.ar\/inicio\/#website\"},\"primaryImageOfPage\":{\"@id\":\"https:\/\/gysfm.com.ar\/inicio\/working-holiday-dinamarca-abrio-las-inscripciones-a-argentinos-para-trabajar-por-un-ano\/#primaryimage\"},\"image\":{\"@id\":\"https:\/\/gysfm.com.ar\/inicio\/working-holiday-dinamarca-abrio-las-inscripciones-a-argentinos-para-trabajar-por-un-ano\/#primaryimage\"},\"thumbnailUrl\":\"https:\/\/gysfm.com.ar\/inicio\/wp-content\/uploads\/2026\/09\/dinamarca-abrio-las-inscripciones-a-argentinos-YJ5AO7YVQVFA5NBYFAHMJCYIZM.jpg\",\"datePublished\":\"2026-09-04T03:41:06+00:00\",\"dateModified\":\"2026-09-04T03:41:07+00:00\",\"breadcrumb\":{\"@id\":\"https:\/\/gysfm.com.ar\/inicio\/working-holiday-dinamarca-abrio-las-inscripciones-a-argentinos-para-trabajar-por-un-ano\/#breadcrumb\"},\"inLanguage\":\"es\",\"potentialAction\":[{\"@type\":\"ReadAction\",\"target\":[\"https:\/\/gysfm.com.ar\/inicio\/working-holiday-dinamarca-abrio-las-inscripciones-a-argentinos-para-trabajar-por-un-ano\/\"]}]},{\"@type\":\"ImageObject\",\"inLanguage\":\"es\",\"@id\":\"https:\/\/gysfm.com.ar\/inicio\/working-holiday-dinamarca-abrio-las-inscripciones-a-argentinos-para-trabajar-por-un-ano\/#primaryimage\",\"url\":\"https:\/\/gysfm.com.ar\/inicio\/wp-content\/uploads\/2026\/09\/dinamarca-abrio-las-inscripciones-a-argentinos-YJ5AO7YVQVFA5NBYFAHMJCYIZM.jpg\",\"contentUrl\":\"https:\/\/gysfm.com.ar\/inicio\/wp-content\/uploads\/2026\/09\/dinamarca-abrio-las-inscripciones-a-argentinos-YJ5AO7YVQVFA5NBYFAHMJCYIZM.jpg\",\"width\":1200,\"height\":800},{\"@type\":\"BreadcrumbList\",\"@id\":\"https:\/\/gysfm.com.ar\/inicio\/working-holiday-dinamarca-abrio-las-inscripciones-a-argentinos-para-trabajar-por-un-ano\/#breadcrumb\",\"itemListElement\":[{\"@type\":\"ListItem\",\"position\":1,\"name\":\"Portada\",\"item\":\"https:\/\/gysfm.com.ar\/inicio\/\"},{\"@type\":\"ListItem\",\"position\":2,\"name\":\"Working Holiday: Dinamarca abri\u00f3 las inscripciones a argentinos para trabajar por un a\u00f1o\"}]},{\"@type\":\"WebSite\",\"@id\":\"https:\/\/gysfm.com.ar\/inicio\/#website\",\"url\":\"https:\/\/gysfm.com.ar\/inicio\/\",\"name\":\"GYS NOTICIAS |\",\"description\":\"DIARIO - RADIO ONLINE SAN JUAN ARGENTINA\",\"publisher\":{\"@id\":\"https:\/\/gysfm.com.ar\/inicio\/#organization\"},\"potentialAction\":[{\"@type\":\"SearchAction\",\"target\":{\"@type\":\"EntryPoint\",\"urlTemplate\":\"https:\/\/gysfm.com.ar\/inicio\/?s={search_term_string}\"},\"query-input\":{\"@type\":\"PropertyValueSpecification\",\"valueRequired\":true,\"valueName\":\"search_term_string\"}}],\"inLanguage\":\"es\"},{\"@type\":\"Organization\",\"@id\":\"https:\/\/gysfm.com.ar\/inicio\/#organization\",\"name\":\"GYS NOTICIAS |\",\"url\":\"https:\/\/gysfm.com.ar\/inicio\/\",\"logo\":{\"@type\":\"ImageObject\",\"inLanguage\":\"es\",\"@id\":\"https:\/\/gysfm.com.ar\/inicio\/#\/schema\/logo\/image\/\",\"url\":\"https:\/\/gysfm.com.ar\/inicio\/wp-content\/uploads\/2023\/07\/LOGOGYS-OK.png\",\"contentUrl\":\"https:\/\/gysfm.com.ar\/inicio\/wp-content\/uploads\/2023\/07\/LOGOGYS-OK.png\",\"width\":1170,\"height\":872,\"caption\":\"GYS NOTICIAS |\"},\"image\":{\"@id\":\"https:\/\/gysfm.com.ar\/inicio\/#\/schema\/logo\/image\/\"}},{\"@type\":\"Person\",\"@id\":\"https:\/\/gysfm.com.ar\/inicio\/#\/schema\/person\/3abba7593ef2ad19e1be221d54383dc5\",\"name\":\"Prensa G&amp;S FM\",\"image\":{\"@type\":\"ImageObject\",\"inLanguage\":\"es\",\"@id\":\"https:\/\/gysfm.com.ar\/inicio\/#\/schema\/person\/image\/\",\"url\":\"https:\/\/secure.gravatar.com\/avatar\/096ec78df02049ab018702bb4ccedf659377fa92a26540b5247612077a0dbd29?s=96&d=mm&r=g\",\"contentUrl\":\"https:\/\/secure.gravatar.com\/avatar\/096ec78df02049ab018702bb4ccedf659377fa92a26540b5247612077a0dbd29?s=96&d=mm&r=g\",\"caption\":\"Prensa G&amp;S FM\"},\"sameAs\":[\"https:\/\/gysfm.com.ar\/\"],\"url\":\"https:\/\/gysfm.com.ar\/inicio\/author\/lucasm\/\"}]}<\/script>\n<!-- \/ Yoast SEO plugin. -->","yoast_head_json":{"title":"Working Holiday: Dinamarca abri\u00f3 las inscripciones a argentinos para trabajar por un a\u00f1o - GYS NOTICIAS |","robots":{"index":"index","follow":"follow","max-snippet":"max-snippet:-1","max-image-preview":"max-image-preview:large","max-video-preview":"max-video-preview:-1"},"canonical":"https:\/\/gysfm.com.ar\/inicio\/working-holiday-dinamarca-abrio-las-inscripciones-a-argentinos-para-trabajar-por-un-ano\/","og_locale":"es_ES","og_type":"article","og_title":"Working Holiday: Dinamarca abri\u00f3 las inscripciones a argentinos para trabajar por un a\u00f1o - GYS NOTICIAS |","og_description":"Los interesados en trabajar en el exterior, m\u00e1s precisamente en Dinamarca, ya cuentan con el per\u00edodo de inscripci\u00f3n abierto para la experiencia Working Holiday, que permite a los argentinos trabajar por un a\u00f1o en ese destino. Est\u00e1 abierta la inscripci\u00f3n para el Working Holiday en Dinamarcawww.skyfish.com &#8211; Lugares El sistema working holiday es un tipo [&hellip;]","og_url":"https:\/\/gysfm.com.ar\/inicio\/working-holiday-dinamarca-abrio-las-inscripciones-a-argentinos-para-trabajar-por-un-ano\/","og_site_name":"GYS NOTICIAS |","article_published_time":"2026-09-04T03:41:06+00:00","article_modified_time":"2026-09-04T03:41:07+00:00","og_image":[{"width":1200,"height":800,"url":"https:\/\/gysfm.com.ar\/inicio\/wp-content\/uploads\/2026\/09\/dinamarca-abrio-las-inscripciones-a-argentinos-YJ5AO7YVQVFA5NBYFAHMJCYIZM.jpg","type":"image\/jpeg"}],"author":"Prensa G&amp;S FM","twitter_card":"summary_large_image","twitter_misc":{"Escrito por":"Prensa G&amp;S FM","Tiempo de lectura":"1 minuto"},"schema":{"@context":"https:\/\/schema.org","@graph":[{"@type":"Article","@id":"https:\/\/gysfm.com.ar\/inicio\/working-holiday-dinamarca-abrio-las-inscripciones-a-argentinos-para-trabajar-por-un-ano\/#article","isPartOf":{"@id":"https:\/\/gysfm.com.ar\/inicio\/working-holiday-dinamarca-abrio-las-inscripciones-a-argentinos-para-trabajar-por-un-ano\/"},"author":{"name":"Prensa G&amp;S FM","@id":"https:\/\/gysfm.com.ar\/inicio\/#\/schema\/person\/3abba7593ef2ad19e1be221d54383dc5"},"headline":"Working Holiday: Dinamarca abri\u00f3 las inscripciones a argentinos para trabajar por un a\u00f1o","datePublished":"2026-09-04T03:41:06+00:00","dateModified":"2026-09-04T03:41:07+00:00","mainEntityOfPage":{"@id":"https:\/\/gysfm.com.ar\/inicio\/working-holiday-dinamarca-abrio-las-inscripciones-a-argentinos-para-trabajar-por-un-ano\/"},"wordCount":248,"publisher":{"@id":"https:\/\/gysfm.com.ar\/inicio\/#organization"},"image":{"@id":"https:\/\/gysfm.com.ar\/inicio\/working-holiday-dinamarca-abrio-las-inscripciones-a-argentinos-para-trabajar-por-un-ano\/#primaryimage"},"thumbnailUrl":"https:\/\/gysfm.com.ar\/inicio\/wp-content\/uploads\/2026\/09\/dinamarca-abrio-las-inscripciones-a-argentinos-YJ5AO7YVQVFA5NBYFAHMJCYIZM.jpg","articleSection":["INTERNACIONALES"],"inLanguage":"es"},{"@type":"WebPage","@id":"https:\/\/gysfm.com.ar\/inicio\/working-holiday-dinamarca-abrio-las-inscripciones-a-argentinos-para-trabajar-por-un-ano\/","url":"https:\/\/gysfm.com.ar\/inicio\/working-holiday-dinamarca-abrio-las-inscripciones-a-argentinos-para-trabajar-por-un-ano\/","name":"Working Holiday: Dinamarca abri\u00f3 las inscripciones a argentinos para trabajar por un a\u00f1o - GYS NOTICIAS |","isPartOf":{"@id":"https:\/\/gysfm.com.ar\/inicio\/#website"},"primaryImageOfPage":{"@id":"https:\/\/gysfm.com.ar\/inicio\/working-holiday-dinamarca-abrio-las-inscripciones-a-argentinos-para-trabajar-por-un-ano\/#primaryimage"},"image":{"@id":"https:\/\/gysfm.com.ar\/inicio\/working-holiday-dinamarca-abrio-las-inscripciones-a-argentinos-para-trabajar-por-un-ano\/#primaryimage"},"thumbnailUrl":"https:\/\/gysfm.com.ar\/inicio\/wp-content\/uploads\/2026\/09\/dinamarca-abrio-las-inscripciones-a-argentinos-YJ5AO7YVQVFA5NBYFAHMJCYIZM.jpg","datePublished":"2026-09-04T03:41:06+00:00","dateModified":"2026-09-04T03:41:07+00:00","breadcrumb":{"@id":"https:\/\/gysfm.com.ar\/inicio\/working-holiday-dinamarca-abrio-las-inscripciones-a-argentinos-para-trabajar-por-un-ano\/#breadcrumb"},"inLanguage":"es","potentialAction":[{"@type":"ReadAction","target":["https:\/\/gysfm.com.ar\/inicio\/working-holiday-dinamarca-abrio-las-inscripciones-a-argentinos-para-trabajar-por-un-ano\/"]}]},{"@type":"ImageObject","inLanguage":"es","@id":"https:\/\/gysfm.com.ar\/inicio\/working-holiday-dinamarca-abrio-las-inscripciones-a-argentinos-para-trabajar-por-un-ano\/#primaryimage","url":"https:\/\/gysfm.com.ar\/inicio\/wp-content\/uploads\/2026\/09\/dinamarca-abrio-las-inscripciones-a-argentinos-YJ5AO7YVQVFA5NBYFAHMJCYIZM.jpg","contentUrl":"https:\/\/gysfm.com.ar\/inicio\/wp-content\/uploads\/2026\/09\/dinamarca-abrio-las-inscripciones-a-argentinos-YJ5AO7YVQVFA5NBYFAHMJCYIZM.jpg","width":1200,"height":800},{"@type":"BreadcrumbList","@id":"https:\/\/gysfm.com.ar\/inicio\/working-holiday-dinamarca-abrio-las-inscripciones-a-argentinos-para-trabajar-por-un-ano\/#breadcrumb","itemListElement":[{"@type":"ListItem","position":1,"name":"Portada","item":"https:\/\/gysfm.com.ar\/inicio\/"},{"@type":"ListItem","position":2,"name":"Working Holiday: Dinamarca abri\u00f3 las inscripciones a argentinos para trabajar por un a\u00f1o"}]},{"@type":"WebSite","@id":"https:\/\/gysfm.com.ar\/inicio\/#website","url":"https:\/\/gysfm.com.ar\/inicio\/","name":"GYS NOTICIAS |","description":"DIARIO - RADIO ONLINE SAN JUAN ARGENTINA","publisher":{"@id":"https:\/\/gysfm.com.ar\/inicio\/#organization"},"potentialAction":[{"@type":"SearchAction","target":{"@type":"EntryPoint","urlTemplate":"https:\/\/gysfm.com.ar\/inicio\/?s={search_term_string}"},"query-input":{"@type":"PropertyValueSpecification","valueRequired":true,"valueName":"search_term_string"}}],"inLanguage":"es"},{"@type":"Organization","@id":"https:\/\/gysfm.com.ar\/inicio\/#organization","name":"GYS NOTICIAS |","url":"https:\/\/gysfm.com.ar\/inicio\/","logo":{"@type":"ImageObject","inLanguage":"es","@id":"https:\/\/gysfm.com.ar\/inicio\/#\/schema\/logo\/image\/","url":"https:\/\/gysfm.com.ar\/inicio\/wp-content\/uploads\/2023\/07\/LOGOGYS-OK.png","contentUrl":"https:\/\/gysfm.com.ar\/inicio\/wp-content\/uploads\/2023\/07\/LOGOGYS-OK.png","width":1170,"height":872,"caption":"GYS NOTICIAS |"},"image":{"@id":"https:\/\/gysfm.com.ar\/inicio\/#\/schema\/logo\/image\/"}},{"@type":"Person","@id":"https:\/\/gysfm.com.ar\/inicio\/#\/schema\/person\/3abba7593ef2ad19e1be221d54383dc5","name":"Prensa G&amp;S FM","image":{"@type":"ImageObject","inLanguage":"es","@id":"https:\/\/gysfm.com.ar\/inicio\/#\/schema\/person\/image\/","url":"https:\/\/secure.gravatar.com\/avatar\/096ec78df02049ab018702bb4ccedf659377fa92a26540b5247612077a0dbd29?s=96&d=mm&r=g","contentUrl":"https:\/\/secure.gravatar.com\/avatar\/096ec78df02049ab018702bb4ccedf659377fa92a26540b5247612077a0dbd29?s=96&d=mm&r=g","caption":"Prensa G&amp;S FM"},"sameAs":["https:\/\/gysfm.com.ar\/"],"url":"https:\/\/gysfm.com.ar\/inicio\/author\/lucasm\/"}]}},"_links":{"self":[{"href":"https:\/\/gysfm.com.ar\/inicio\/wp-json\/wp\/v2\/posts\/210372","targetHints":{"allow":["GET"]}}],"collection":[{"href":"https:\/\/gysfm.com.ar\/inicio\/wp-json\/wp\/v2\/posts"}],"about":[{"href":"https:\/\/gysfm.com.ar\/inicio\/wp-json\/wp\/v2\/types\/post"}],"author":[{"embeddable":true,"href":"https:\/\/gysfm.com.ar\/inicio\/wp-json\/wp\/v2\/users\/2"}],"replies":[{"embeddable":true,"href":"https:\/\/gysfm.com.ar\/inicio\/wp-json\/wp\/v2\/comments?post=210372"}],"version-history":[{"count":1,"href":"https:\/\/gysfm.com.ar\/inicio\/wp-json\/wp\/v2\/posts\/210372\/revisions"}],"predecessor-version":[{"id":210374,"href":"https:\/\/gysfm.com.ar\/inicio\/wp-json\/wp\/v2\/posts\/210372\/revisions\/210374"}],"wp:featuredmedia":[{"embeddable":true,"href":"https:\/\/gysfm.com.ar\/inicio\/wp-json\/wp\/v2\/media\/210373"}],"wp:attachment":[{"href":"https:\/\/gysfm.com.ar\/inicio\/wp-json\/wp\/v2\/media?parent=210372"}],"wp:term":[{"taxonomy":"category","embeddable":true,"href":"https:\/\/gysfm.com.ar\/inicio\/wp-json\/wp\/v2\/categories?post=210372"},{"taxonomy":"post_tag","embeddable":true,"href":"https:\/\/gysfm.com.ar\/inicio\/wp-json\/wp\/v2\/tags?post=210372"}],"curies":[{"name":"wp","href":"https:\/\/api.w.org\/{rel}","templated":true}]}}