{"id":210371,"date":"2026-09-04T00:02:12","date_gmt":"2026-09-04T03:02:12","guid":{"rendered":"https:\/\/gysfm.com.ar\/inicio\/el-banco-de-japon-se-inclinaria-por-subir-las-tasas-un-cuarto-de-punto-en-septiembre\/"},"modified":"2026-09-04T00:02:12","modified_gmt":"2026-09-04T03:02:12","slug":"el-banco-de-japon-se-inclinaria-por-subir-las-tasas-un-cuarto-de-punto-en-septiembre","status":"publish","type":"post","link":"https:\/\/gysfm.com.ar\/inicio\/el-banco-de-japon-se-inclinaria-por-subir-las-tasas-un-cuarto-de-punto-en-septiembre\/","title":{"rendered":"El Banco de Jap\u00f3n se inclinar\u00eda por subir las tasas un cuarto de punto en septiembre"},"content":{"rendered":"<p> <br \/>\n<\/p>\n<div id=\"\">\n<p id=\"p-1788451298216-39472\"><strong> El Banco de Jap\u00f3n  se inclinar\u00eda por elevar su tasa de inter\u00e9s de referencia en 25 puntos b\u00e1sicos este mes<\/strong> frente a los mayores riesgos inflacionarios, al tiempo que eval\u00faa acelerar el ritmo de los ajustes monetarios en los pr\u00f3ximos meses, seg\u00fan fuentes del sector.<\/p>\n<\/div>\n<div id=\"\">\n<p id=\"p-1788451509022-4261\">El Banco de Jap\u00f3n analizar\u00e1 subir la tasa de referencia desde el 1%<strong> en su reuni\u00f3n del 18 de septiembre,<\/strong> <strong>impulsado por los riesgos inflacionarios <\/strong>que generan el alza en los servicios y la debilidad del yen.<\/p>\n<\/div>\n<div id=\"\">\n<p id=\"p-1788451817923-38587\"> Por el momento, las autoridades monetarias consideran que l<strong>a econom\u00eda se encamina en l\u00ednea con las proyecciones trazadas<\/strong>. De acuerdo con las fuentes, no se registraron modificaciones sustanciales en el escenario que justifiquen un ajuste mayor de 50 puntos b\u00e1sicos, por lo que esa alternativa fue desestimada.<\/p>\n<\/div>\n<div id=\"\">\n<h2 id=\"p-1788452215108-84420\">El detalle y el papel norteamericano<\/h2>\n<p id=\"p-1788452217502-24692\">El <strong>yen se depreci\u00f3 levemente tras difundirse la noticia<\/strong>, dado que parte de los operadores se hab\u00eda posicionado a favor de un ajuste de mayor magnitud luego de las declaraciones restrictivas de un miembro de la junta esta semana. En el tramo final de la rueda en Tokio, el tipo de cambio se ubicaba cerca de los 157,08 yenes por d\u00f3lar.<\/p>\n<\/div>\n<div id=\"\">\n<div contenteditable=\"false\" class=\"embed_cont type_imagen\" id=\"8263072-Libre-1665364335_wrap\">\n<div id=\"8263072-Libre-1665364335_content\" class=\"embed_content\"><img src=\"https:\/\/media.ambito.com\/p\/4a17e92c02aba48ec2dfb2d6bd673ccf\/adjuntos\/239\/imagenes\/043\/574\/0043574087\/730x0\/812x467:832x487\/yen-japon.jpg\" decoding=\"async\" fetchpriority=\"low\" loading=\"lazy\" alt=\"El Banco de Jap\u00f3n  se inclinar\u00eda por elevar su tasa de inter\u00e9s de referencia en 25 puntos b\u00e1sicos este mes.\" title=\"El Banco de Jap\u00f3n  se inclinar\u00eda por elevar su tasa de inter\u00e9s de referencia en 25 puntos b\u00e1sicos este mes.\" width=\"730\" height=\"undefined\" id=\"8263072-Libre-1665364335_embed\"\/><\/div>\n<div class=\"embed_wrapper-cont\" id=\"p-1788453331514-55122\">\n<div id=\"8263072-Libre-1665364335_epigrafe\" class=\"embed_epigrafe\">\n<p id=\"p-1788454570306-18849\"><strong> El Banco de Jap\u00f3n  se inclinar\u00eda por elevar su tasa de inter\u00e9s de referencia en 25 puntos b\u00e1sicos este mes.<\/strong><\/p>\n<\/p><\/div>\n<p>ecobolsa.com<\/p>\n<\/div><\/div>\n<p id=\"p-1788452311527-61599\"><strong>Sin embargo, el Banco de Jap\u00f3n eval\u00faa continuar con las subidas de tasas despu\u00e9s de septiembre. <\/strong>Seg\u00fan fuentes cercanas a la instituci\u00f3n, la entidad mantendr\u00e1 un <strong>enfoque flexible<\/strong> para graduar o acelerar el ritmo de las subidas de tasas seg\u00fan la din\u00e1mica de la actividad y la persistencia de los shocks sobre los precios.<\/p>\n<\/div>\n<div id=\"\">\n<p id=\"p-1788452445437-52390\" data-path-to-node=\"4,0,1,0\">La <strong>pr\u00f3xima reuni\u00f3n del Banco de Jap\u00f3n contar\u00e1 con la mirada atenta de Washington<\/strong>. En el marco del encuentro de ministros de Finanzas del G20, el secretario del Tesoro de EEUU, <strong>Scott Bessent, remarc\u00f3 en reiteradas oportunidades la necesidad de que las autoridades japonesas convaliden un endurecimiento de su pol\u00edtica monetaria.<\/strong><\/p>\n<p id=\"p-1788452456444-7419\" data-path-to-node=\"4,0,1,0\">Durante una reuni\u00f3n bilateral con el gobernador Kazuo Ueda, Bessent abord\u00f3 \u00abla importancia de formular pol\u00edticas s\u00f3lidas para anclar las expectativas de inflaci\u00f3n y evitar una volatilidad cambiaria excesiva\u00bb, seg\u00fan el Departamento del Tesoro.<\/p>\n<div contenteditable=\"false\" class=\"embed_cont type_imagen\" id=\"8130552-Libre-1586740383_wrap\">\n<div id=\"8130552-Libre-1586740383_content\" class=\"embed_content\"><img src=\"https:\/\/media.ambito.com\/p\/ae59ac8f5a3f44ef12b18ce37d735250\/adjuntos\/239\/imagenes\/042\/788\/0042788816\/scott-bessent.jpg?2025-09-23-09-35-55\" decoding=\"async\" fetchpriority=\"low\" loading=\"lazy\" alt=\"Encuentro G20: EEUU presion\u00f3 por un endurecimiento de la pol\u00edtica monetaria japonesa.\" title=\"Encuentro G20: EEUU presion\u00f3 por un endurecimiento de la pol\u00edtica monetaria japonesa.\" width=\"690\" height=\"460\" id=\"8130552-Libre-1586740383_embed\"\/><\/div>\n<div class=\"embed_wrapper-cont\" id=\"p-1788453354146-90372\">\n<div id=\"8130552-Libre-1586740383_epigrafe\" class=\"embed_epigrafe\">\n<p id=\"p-1788453414938-87727\"><strong> Encuentro G20:<\/strong> EEUU presion\u00f3 por un endurecimiento de la pol\u00edtica monetaria japonesa.<\/p>\n<\/div><\/div><\/div>\n<h2 id=\"p-1788452499618-51735\" data-path-to-node=\"4,0,1,0\">Lo que sigue<\/h2>\n<p id=\"p-1788452502616-71375\" data-path-to-node=\"4,0,1,0\">Los<strong> swaps a un d\u00eda muestran que los inversores descuentan un alza de tasas en dos semanas<\/strong>, por lo que una postergaci\u00f3n en la decisi\u00f3n arriesga provocar turbulencias en los mercados globales.<\/p>\n<p id=\"p-1788452551121-51554\">Las <strong>advertencias de Bessent ganan peso tras la intervenci\u00f3n coordinada del 31 de julio<\/strong>, cuando EEUU y Jap\u00f3n compraron yenes conjuntamente por primera vez desde 1998 para rescatar a la divisa de m\u00ednimos de casi cuatro d\u00e9cadas.<\/p>\n<div contenteditable=\"false\" class=\"embed_cont type_imagen\" id=\"8128565-Libre-841310733_wrap\">\n<div id=\"8128565-Libre-841310733_content\" class=\"embed_content\"><img src=\"https:\/\/media.ambito.com\/p\/eead5b3720efdd06ce2fc526595af6d0\/adjuntos\/239\/imagenes\/042\/776\/0042776058\/730x0\/566x514:586x534\/yen.jpg\" decoding=\"async\" fetchpriority=\"low\" loading=\"lazy\" alt=\"Mercados: Swaps descuentan alza de tasas, postergaci\u00f3n arriesga turbulencias globales.\" title=\"Mercados: Swaps descuentan alza de tasas, postergaci\u00f3n arriesga turbulencias globales.\" width=\"730\" height=\"undefined\" id=\"8128565-Libre-841310733_embed\"\/><\/div>\n<div class=\"embed_wrapper-cont\" id=\"p-1788453368822-15023\">\n<div id=\"8128565-Libre-841310733_epigrafe\" class=\"embed_epigrafe\">\n<p id=\"p-1788453438289-50490\"><strong> Mercados:<\/strong> Swaps descuentan alza de tasas, postergaci\u00f3n arriesga turbulencias globales.<\/p>\n<\/div>\n<p>Kstudio<\/p>\n<\/div><\/div>\n<p id=\"p-1788452652854-2724\">El apoyo de EEUU al yen probablemente dificulte que<strong> el gobierno de la primera ministra Sanae Takaichi presione al banco central para que avance con mayor cautela en las alzas de tasas.<\/strong> Sin embargo, la preferencia de Takaichi por una pol\u00edtica monetaria expansiva sigue generando dudas sobre la capacidad del BOJ para acelerar el endurecimiento monetario.<\/p>\n<p id=\"p-1788452779873-43688\" data-path-to-node=\"1\">El gobernador del Banco de Jap\u00f3n,<strong> Kazuo Ueda<\/strong>,<strong> no intent\u00f3 contener las crecientes expectativas de un alza de tasas en septiembre durante su rueda de prensa posterior a la reuni\u00f3n del G20<\/strong>. El funcionario afirm\u00f3 que la instituci\u00f3n debe conducir la pol\u00edtica monetaria considerando los riesgos de una mayor inflaci\u00f3n.<\/p>\n<p id=\"p-1788452779873-53968\" data-path-to-node=\"2\">Por su parte, economistas consultados por Bloomberg proyectan que <strong>el principal indicador de inflaci\u00f3n de Jap\u00f3n se acerque al 3%<\/strong>, tras la moderaci\u00f3n temporal generada por los subsidios estatales. La debilidad del yen y el encarecimiento del petr\u00f3leo intensifican las presiones sobre los precios debido a la alta dependencia del pa\u00eds de las importaciones.<\/p>\n<\/div>\n<p><script>\n!function(f,b,e,v,n,t,s)\n{if(f.fbq)return;n=f.fbq=function(){n.callMethod?\nn.callMethod.apply(n,arguments):n.queue.push(arguments)};\nif(!f._fbq)f._fbq=n;n.push=n;n.loaded=!0;n.version='2.0';\nn.queue=[];t=b.createElement(e);t.async=!0;\nt.src=v;s=b.getElementsByTagName(e)[0];\ns.parentNode.insertBefore(t,s)}(window,document,'script',\n'https:\/\/connect.facebook.net\/en_US\/fbevents.js');\nfbq('init', '2047048335588113');\nfbq('track', 'PageView');\n<\/script><br \/>\n<br \/><\/p>\n","protected":false},"excerpt":{"rendered":"<p>El Banco de Jap\u00f3n se inclinar\u00eda por elevar su tasa de inter\u00e9s de referencia en 25 puntos b\u00e1sicos este mes frente a los mayores riesgos inflacionarios, al tiempo que eval\u00faa acelerar el ritmo de los ajustes monetarios en los pr\u00f3ximos meses, seg\u00fan fuentes del sector. El Banco de Jap\u00f3n analizar\u00e1 subir la tasa de referencia [&hellip;]<\/p>\n","protected":false},"author":1,"featured_media":200372,"comment_status":"closed","ping_status":"closed","sticky":false,"template":"","format":"standard","meta":{"footnotes":""},"categories":[28],"tags":[],"class_list":["post-210371","post","type-post","status-publish","format-standard","has-post-thumbnail","hentry","category-economia"],"yoast_head":"<!-- This site is optimized with the Yoast SEO plugin v24.4 - https:\/\/yoast.com\/wordpress\/plugins\/seo\/ -->\n<title>El Banco de Jap\u00f3n se inclinar\u00eda por subir las tasas un cuarto de punto en septiembre - GYS NOTICIAS |<\/title>\n<meta name=\"robots\" content=\"index, follow, max-snippet:-1, max-image-preview:large, max-video-preview:-1\" \/>\n<link rel=\"canonical\" href=\"https:\/\/gysfm.com.ar\/inicio\/el-banco-de-japon-se-inclinaria-por-subir-las-tasas-un-cuarto-de-punto-en-septiembre\/\" \/>\n<meta property=\"og:locale\" content=\"es_ES\" \/>\n<meta property=\"og:type\" content=\"article\" \/>\n<meta property=\"og:title\" content=\"El Banco de Jap\u00f3n se inclinar\u00eda por subir las tasas un cuarto de punto en septiembre - GYS NOTICIAS |\" \/>\n<meta property=\"og:description\" content=\"El Banco de Jap\u00f3n se inclinar\u00eda por elevar su tasa de inter\u00e9s de referencia en 25 puntos b\u00e1sicos este mes frente a los mayores riesgos inflacionarios, al tiempo que eval\u00faa acelerar el ritmo de los ajustes monetarios en los pr\u00f3ximos meses, seg\u00fan fuentes del sector. El Banco de Jap\u00f3n analizar\u00e1 subir la tasa de referencia [&hellip;]\" \/>\n<meta property=\"og:url\" content=\"https:\/\/gysfm.com.ar\/inicio\/el-banco-de-japon-se-inclinaria-por-subir-las-tasas-un-cuarto-de-punto-en-septiembre\/\" \/>\n<meta property=\"og:site_name\" content=\"GYS NOTICIAS |\" \/>\n<meta property=\"article:published_time\" content=\"2026-09-04T03:02:12+00:00\" \/>\n<meta property=\"og:image\" content=\"https:\/\/media.ambito.com\/p\/4a17e92c02aba48ec2dfb2d6bd673ccf\/adjuntos\/239\/imagenes\/043\/574\/0043574087\/730x0\/812x467:832x487\/yen-japon.jpg\" \/>\n<meta name=\"author\" content=\"admin\" \/>\n<meta name=\"twitter:card\" content=\"summary_large_image\" \/>\n<meta name=\"twitter:label1\" content=\"Escrito por\" \/>\n\t<meta name=\"twitter:data1\" content=\"admin\" \/>\n\t<meta name=\"twitter:label2\" content=\"Tiempo de lectura\" \/>\n\t<meta name=\"twitter:data2\" content=\"3 minutos\" \/>\n<script type=\"application\/ld+json\" class=\"yoast-schema-graph\">{\"@context\":\"https:\/\/schema.org\",\"@graph\":[{\"@type\":\"Article\",\"@id\":\"https:\/\/gysfm.com.ar\/inicio\/el-banco-de-japon-se-inclinaria-por-subir-las-tasas-un-cuarto-de-punto-en-septiembre\/#article\",\"isPartOf\":{\"@id\":\"https:\/\/gysfm.com.ar\/inicio\/el-banco-de-japon-se-inclinaria-por-subir-las-tasas-un-cuarto-de-punto-en-septiembre\/\"},\"author\":{\"name\":\"admin\",\"@id\":\"https:\/\/gysfm.com.ar\/inicio\/#\/schema\/person\/5bedd7ecd35cc35548d89effafa23696\"},\"headline\":\"El Banco de Jap\u00f3n se inclinar\u00eda por subir las tasas un cuarto de punto en septiembre\",\"datePublished\":\"2026-09-04T03:02:12+00:00\",\"mainEntityOfPage\":{\"@id\":\"https:\/\/gysfm.com.ar\/inicio\/el-banco-de-japon-se-inclinaria-por-subir-las-tasas-un-cuarto-de-punto-en-septiembre\/\"},\"wordCount\":677,\"publisher\":{\"@id\":\"https:\/\/gysfm.com.ar\/inicio\/#organization\"},\"image\":{\"@id\":\"https:\/\/gysfm.com.ar\/inicio\/el-banco-de-japon-se-inclinaria-por-subir-las-tasas-un-cuarto-de-punto-en-septiembre\/#primaryimage\"},\"thumbnailUrl\":\"https:\/\/gysfm.com.ar\/inicio\/wp-content\/uploads\/2026\/06\/banco-japon.jpg\",\"articleSection\":[\"ECONOMIA\"],\"inLanguage\":\"es\"},{\"@type\":\"WebPage\",\"@id\":\"https:\/\/gysfm.com.ar\/inicio\/el-banco-de-japon-se-inclinaria-por-subir-las-tasas-un-cuarto-de-punto-en-septiembre\/\",\"url\":\"https:\/\/gysfm.com.ar\/inicio\/el-banco-de-japon-se-inclinaria-por-subir-las-tasas-un-cuarto-de-punto-en-septiembre\/\",\"name\":\"El Banco de Jap\u00f3n se inclinar\u00eda por subir las tasas un cuarto de punto en septiembre - GYS NOTICIAS |\",\"isPartOf\":{\"@id\":\"https:\/\/gysfm.com.ar\/inicio\/#website\"},\"primaryImageOfPage\":{\"@id\":\"https:\/\/gysfm.com.ar\/inicio\/el-banco-de-japon-se-inclinaria-por-subir-las-tasas-un-cuarto-de-punto-en-septiembre\/#primaryimage\"},\"image\":{\"@id\":\"https:\/\/gysfm.com.ar\/inicio\/el-banco-de-japon-se-inclinaria-por-subir-las-tasas-un-cuarto-de-punto-en-septiembre\/#primaryimage\"},\"thumbnailUrl\":\"https:\/\/gysfm.com.ar\/inicio\/wp-content\/uploads\/2026\/06\/banco-japon.jpg\",\"datePublished\":\"2026-09-04T03:02:12+00:00\",\"breadcrumb\":{\"@id\":\"https:\/\/gysfm.com.ar\/inicio\/el-banco-de-japon-se-inclinaria-por-subir-las-tasas-un-cuarto-de-punto-en-septiembre\/#breadcrumb\"},\"inLanguage\":\"es\",\"potentialAction\":[{\"@type\":\"ReadAction\",\"target\":[\"https:\/\/gysfm.com.ar\/inicio\/el-banco-de-japon-se-inclinaria-por-subir-las-tasas-un-cuarto-de-punto-en-septiembre\/\"]}]},{\"@type\":\"ImageObject\",\"inLanguage\":\"es\",\"@id\":\"https:\/\/gysfm.com.ar\/inicio\/el-banco-de-japon-se-inclinaria-por-subir-las-tasas-un-cuarto-de-punto-en-septiembre\/#primaryimage\",\"url\":\"https:\/\/gysfm.com.ar\/inicio\/wp-content\/uploads\/2026\/06\/banco-japon.jpg\",\"contentUrl\":\"https:\/\/gysfm.com.ar\/inicio\/wp-content\/uploads\/2026\/06\/banco-japon.jpg\",\"width\":1200,\"height\":675},{\"@type\":\"BreadcrumbList\",\"@id\":\"https:\/\/gysfm.com.ar\/inicio\/el-banco-de-japon-se-inclinaria-por-subir-las-tasas-un-cuarto-de-punto-en-septiembre\/#breadcrumb\",\"itemListElement\":[{\"@type\":\"ListItem\",\"position\":1,\"name\":\"Portada\",\"item\":\"https:\/\/gysfm.com.ar\/inicio\/\"},{\"@type\":\"ListItem\",\"position\":2,\"name\":\"El Banco de Jap\u00f3n se inclinar\u00eda por subir las tasas un cuarto de punto en septiembre\"}]},{\"@type\":\"WebSite\",\"@id\":\"https:\/\/gysfm.com.ar\/inicio\/#website\",\"url\":\"https:\/\/gysfm.com.ar\/inicio\/\",\"name\":\"GYS NOTICIAS |\",\"description\":\"DIARIO - RADIO ONLINE SAN JUAN ARGENTINA\",\"publisher\":{\"@id\":\"https:\/\/gysfm.com.ar\/inicio\/#organization\"},\"potentialAction\":[{\"@type\":\"SearchAction\",\"target\":{\"@type\":\"EntryPoint\",\"urlTemplate\":\"https:\/\/gysfm.com.ar\/inicio\/?s={search_term_string}\"},\"query-input\":{\"@type\":\"PropertyValueSpecification\",\"valueRequired\":true,\"valueName\":\"search_term_string\"}}],\"inLanguage\":\"es\"},{\"@type\":\"Organization\",\"@id\":\"https:\/\/gysfm.com.ar\/inicio\/#organization\",\"name\":\"GYS NOTICIAS |\",\"url\":\"https:\/\/gysfm.com.ar\/inicio\/\",\"logo\":{\"@type\":\"ImageObject\",\"inLanguage\":\"es\",\"@id\":\"https:\/\/gysfm.com.ar\/inicio\/#\/schema\/logo\/image\/\",\"url\":\"https:\/\/gysfm.com.ar\/inicio\/wp-content\/uploads\/2023\/07\/LOGOGYS-OK.png\",\"contentUrl\":\"https:\/\/gysfm.com.ar\/inicio\/wp-content\/uploads\/2023\/07\/LOGOGYS-OK.png\",\"width\":1170,\"height\":872,\"caption\":\"GYS NOTICIAS |\"},\"image\":{\"@id\":\"https:\/\/gysfm.com.ar\/inicio\/#\/schema\/logo\/image\/\"}},{\"@type\":\"Person\",\"@id\":\"https:\/\/gysfm.com.ar\/inicio\/#\/schema\/person\/5bedd7ecd35cc35548d89effafa23696\",\"name\":\"admin\",\"image\":{\"@type\":\"ImageObject\",\"inLanguage\":\"es\",\"@id\":\"https:\/\/gysfm.com.ar\/inicio\/#\/schema\/person\/image\/\",\"url\":\"https:\/\/secure.gravatar.com\/avatar\/c331d312b5243fb64d5ba28108a447b27c925295129a363082c9ea52c28d32c2?s=96&d=mm&r=g\",\"contentUrl\":\"https:\/\/secure.gravatar.com\/avatar\/c331d312b5243fb64d5ba28108a447b27c925295129a363082c9ea52c28d32c2?s=96&d=mm&r=g\",\"caption\":\"admin\"},\"sameAs\":[\"https:\/\/gysfm.com.ar\/inicio\"],\"url\":\"https:\/\/gysfm.com.ar\/inicio\/author\/admin\/\"}]}<\/script>\n<!-- \/ Yoast SEO plugin. -->","yoast_head_json":{"title":"El Banco de Jap\u00f3n se inclinar\u00eda por subir las tasas un cuarto de punto en septiembre - GYS NOTICIAS |","robots":{"index":"index","follow":"follow","max-snippet":"max-snippet:-1","max-image-preview":"max-image-preview:large","max-video-preview":"max-video-preview:-1"},"canonical":"https:\/\/gysfm.com.ar\/inicio\/el-banco-de-japon-se-inclinaria-por-subir-las-tasas-un-cuarto-de-punto-en-septiembre\/","og_locale":"es_ES","og_type":"article","og_title":"El Banco de Jap\u00f3n se inclinar\u00eda por subir las tasas un cuarto de punto en septiembre - GYS NOTICIAS |","og_description":"El Banco de Jap\u00f3n se inclinar\u00eda por elevar su tasa de inter\u00e9s de referencia en 25 puntos b\u00e1sicos este mes frente a los mayores riesgos inflacionarios, al tiempo que eval\u00faa acelerar el ritmo de los ajustes monetarios en los pr\u00f3ximos meses, seg\u00fan fuentes del sector. El Banco de Jap\u00f3n analizar\u00e1 subir la tasa de referencia [&hellip;]","og_url":"https:\/\/gysfm.com.ar\/inicio\/el-banco-de-japon-se-inclinaria-por-subir-las-tasas-un-cuarto-de-punto-en-septiembre\/","og_site_name":"GYS NOTICIAS |","article_published_time":"2026-09-04T03:02:12+00:00","og_image":[{"url":"https:\/\/media.ambito.com\/p\/4a17e92c02aba48ec2dfb2d6bd673ccf\/adjuntos\/239\/imagenes\/043\/574\/0043574087\/730x0\/812x467:832x487\/yen-japon.jpg","type":"","width":"","height":""}],"author":"admin","twitter_card":"summary_large_image","twitter_misc":{"Escrito por":"admin","Tiempo de lectura":"3 minutos"},"schema":{"@context":"https:\/\/schema.org","@graph":[{"@type":"Article","@id":"https:\/\/gysfm.com.ar\/inicio\/el-banco-de-japon-se-inclinaria-por-subir-las-tasas-un-cuarto-de-punto-en-septiembre\/#article","isPartOf":{"@id":"https:\/\/gysfm.com.ar\/inicio\/el-banco-de-japon-se-inclinaria-por-subir-las-tasas-un-cuarto-de-punto-en-septiembre\/"},"author":{"name":"admin","@id":"https:\/\/gysfm.com.ar\/inicio\/#\/schema\/person\/5bedd7ecd35cc35548d89effafa23696"},"headline":"El Banco de Jap\u00f3n se inclinar\u00eda por subir las tasas un cuarto de punto en septiembre","datePublished":"2026-09-04T03:02:12+00:00","mainEntityOfPage":{"@id":"https:\/\/gysfm.com.ar\/inicio\/el-banco-de-japon-se-inclinaria-por-subir-las-tasas-un-cuarto-de-punto-en-septiembre\/"},"wordCount":677,"publisher":{"@id":"https:\/\/gysfm.com.ar\/inicio\/#organization"},"image":{"@id":"https:\/\/gysfm.com.ar\/inicio\/el-banco-de-japon-se-inclinaria-por-subir-las-tasas-un-cuarto-de-punto-en-septiembre\/#primaryimage"},"thumbnailUrl":"https:\/\/gysfm.com.ar\/inicio\/wp-content\/uploads\/2026\/06\/banco-japon.jpg","articleSection":["ECONOMIA"],"inLanguage":"es"},{"@type":"WebPage","@id":"https:\/\/gysfm.com.ar\/inicio\/el-banco-de-japon-se-inclinaria-por-subir-las-tasas-un-cuarto-de-punto-en-septiembre\/","url":"https:\/\/gysfm.com.ar\/inicio\/el-banco-de-japon-se-inclinaria-por-subir-las-tasas-un-cuarto-de-punto-en-septiembre\/","name":"El Banco de Jap\u00f3n se inclinar\u00eda por subir las tasas un cuarto de punto en septiembre - GYS NOTICIAS |","isPartOf":{"@id":"https:\/\/gysfm.com.ar\/inicio\/#website"},"primaryImageOfPage":{"@id":"https:\/\/gysfm.com.ar\/inicio\/el-banco-de-japon-se-inclinaria-por-subir-las-tasas-un-cuarto-de-punto-en-septiembre\/#primaryimage"},"image":{"@id":"https:\/\/gysfm.com.ar\/inicio\/el-banco-de-japon-se-inclinaria-por-subir-las-tasas-un-cuarto-de-punto-en-septiembre\/#primaryimage"},"thumbnailUrl":"https:\/\/gysfm.com.ar\/inicio\/wp-content\/uploads\/2026\/06\/banco-japon.jpg","datePublished":"2026-09-04T03:02:12+00:00","breadcrumb":{"@id":"https:\/\/gysfm.com.ar\/inicio\/el-banco-de-japon-se-inclinaria-por-subir-las-tasas-un-cuarto-de-punto-en-septiembre\/#breadcrumb"},"inLanguage":"es","potentialAction":[{"@type":"ReadAction","target":["https:\/\/gysfm.com.ar\/inicio\/el-banco-de-japon-se-inclinaria-por-subir-las-tasas-un-cuarto-de-punto-en-septiembre\/"]}]},{"@type":"ImageObject","inLanguage":"es","@id":"https:\/\/gysfm.com.ar\/inicio\/el-banco-de-japon-se-inclinaria-por-subir-las-tasas-un-cuarto-de-punto-en-septiembre\/#primaryimage","url":"https:\/\/gysfm.com.ar\/inicio\/wp-content\/uploads\/2026\/06\/banco-japon.jpg","contentUrl":"https:\/\/gysfm.com.ar\/inicio\/wp-content\/uploads\/2026\/06\/banco-japon.jpg","width":1200,"height":675},{"@type":"BreadcrumbList","@id":"https:\/\/gysfm.com.ar\/inicio\/el-banco-de-japon-se-inclinaria-por-subir-las-tasas-un-cuarto-de-punto-en-septiembre\/#breadcrumb","itemListElement":[{"@type":"ListItem","position":1,"name":"Portada","item":"https:\/\/gysfm.com.ar\/inicio\/"},{"@type":"ListItem","position":2,"name":"El Banco de Jap\u00f3n se inclinar\u00eda por subir las tasas un cuarto de punto en septiembre"}]},{"@type":"WebSite","@id":"https:\/\/gysfm.com.ar\/inicio\/#website","url":"https:\/\/gysfm.com.ar\/inicio\/","name":"GYS NOTICIAS |","description":"DIARIO - RADIO ONLINE SAN JUAN ARGENTINA","publisher":{"@id":"https:\/\/gysfm.com.ar\/inicio\/#organization"},"potentialAction":[{"@type":"SearchAction","target":{"@type":"EntryPoint","urlTemplate":"https:\/\/gysfm.com.ar\/inicio\/?s={search_term_string}"},"query-input":{"@type":"PropertyValueSpecification","valueRequired":true,"valueName":"search_term_string"}}],"inLanguage":"es"},{"@type":"Organization","@id":"https:\/\/gysfm.com.ar\/inicio\/#organization","name":"GYS NOTICIAS |","url":"https:\/\/gysfm.com.ar\/inicio\/","logo":{"@type":"ImageObject","inLanguage":"es","@id":"https:\/\/gysfm.com.ar\/inicio\/#\/schema\/logo\/image\/","url":"https:\/\/gysfm.com.ar\/inicio\/wp-content\/uploads\/2023\/07\/LOGOGYS-OK.png","contentUrl":"https:\/\/gysfm.com.ar\/inicio\/wp-content\/uploads\/2023\/07\/LOGOGYS-OK.png","width":1170,"height":872,"caption":"GYS NOTICIAS |"},"image":{"@id":"https:\/\/gysfm.com.ar\/inicio\/#\/schema\/logo\/image\/"}},{"@type":"Person","@id":"https:\/\/gysfm.com.ar\/inicio\/#\/schema\/person\/5bedd7ecd35cc35548d89effafa23696","name":"admin","image":{"@type":"ImageObject","inLanguage":"es","@id":"https:\/\/gysfm.com.ar\/inicio\/#\/schema\/person\/image\/","url":"https:\/\/secure.gravatar.com\/avatar\/c331d312b5243fb64d5ba28108a447b27c925295129a363082c9ea52c28d32c2?s=96&d=mm&r=g","contentUrl":"https:\/\/secure.gravatar.com\/avatar\/c331d312b5243fb64d5ba28108a447b27c925295129a363082c9ea52c28d32c2?s=96&d=mm&r=g","caption":"admin"},"sameAs":["https:\/\/gysfm.com.ar\/inicio"],"url":"https:\/\/gysfm.com.ar\/inicio\/author\/admin\/"}]}},"_links":{"self":[{"href":"https:\/\/gysfm.com.ar\/inicio\/wp-json\/wp\/v2\/posts\/210371","targetHints":{"allow":["GET"]}}],"collection":[{"href":"https:\/\/gysfm.com.ar\/inicio\/wp-json\/wp\/v2\/posts"}],"about":[{"href":"https:\/\/gysfm.com.ar\/inicio\/wp-json\/wp\/v2\/types\/post"}],"author":[{"embeddable":true,"href":"https:\/\/gysfm.com.ar\/inicio\/wp-json\/wp\/v2\/users\/1"}],"replies":[{"embeddable":true,"href":"https:\/\/gysfm.com.ar\/inicio\/wp-json\/wp\/v2\/comments?post=210371"}],"version-history":[{"count":0,"href":"https:\/\/gysfm.com.ar\/inicio\/wp-json\/wp\/v2\/posts\/210371\/revisions"}],"wp:featuredmedia":[{"embeddable":true,"href":"https:\/\/gysfm.com.ar\/inicio\/wp-json\/wp\/v2\/media\/200372"}],"wp:attachment":[{"href":"https:\/\/gysfm.com.ar\/inicio\/wp-json\/wp\/v2\/media?parent=210371"}],"wp:term":[{"taxonomy":"category","embeddable":true,"href":"https:\/\/gysfm.com.ar\/inicio\/wp-json\/wp\/v2\/categories?post=210371"},{"taxonomy":"post_tag","embeddable":true,"href":"https:\/\/gysfm.com.ar\/inicio\/wp-json\/wp\/v2\/tags?post=210371"}],"curies":[{"name":"wp","href":"https:\/\/api.w.org\/{rel}","templated":true}]}}