{"id":210368,"date":"2026-09-03T23:40:05","date_gmt":"2026-09-04T02:40:05","guid":{"rendered":"https:\/\/gysfm.com.ar\/inicio\/sanchez-niega-que-marruecos-haya-estado-detras-de-la-invasion-de-migrantes-en-ceuta-no-hay-pruebas\/"},"modified":"2026-09-03T23:40:07","modified_gmt":"2026-09-04T02:40:07","slug":"sanchez-niega-que-marruecos-haya-estado-detras-de-la-invasion-de-migrantes-en-ceuta-no-hay-pruebas","status":"publish","type":"post","link":"https:\/\/gysfm.com.ar\/inicio\/sanchez-niega-que-marruecos-haya-estado-detras-de-la-invasion-de-migrantes-en-ceuta-no-hay-pruebas\/","title":{"rendered":"S\u00e1nchez niega que Marruecos haya estado detr\u00e1s de la invasi\u00f3n de migrantes en Ceuta: \u201cNo hay pruebas\u201d"},"content":{"rendered":"<p> <br \/>\n<\/p>\n<div>\n<p class=\"com-paragraph --capital --s text-left\">MADRID.- El presidente del gobierno de Espa\u00f1a, <strong>Pedro S\u00e1nchez<\/strong>, <strong>rechaz\u00f3 el jueves las <\/strong><a href=\"https:\/\/www.lanacion.com.ar\/el-mundo\/un-explosivo-informe-apunta-contra-marruecos-por-la-crisis-de-ceuta-y-complica-a-sanchez-nid02092026\/\" target=\"_self\" title=\"https:\/\/www.lanacion.com.ar\/el-mundo\/un-explosivo-informe-apunta-contra-marruecos-por-la-crisis-de-ceuta-y-complica-a-sanchez-nid02092026\/\" class=\"com-link break-word\" data-mrf-recirculation=\"n_link_parrafo\"><strong>insinuaciones <\/strong><\/a><strong>de que las autoridades marroqu\u00edes ayudaron a orquestar<\/strong> el <a href=\"https:\/\/www.lanacion.com.ar\/el-mundo\/ceuta-se-convierte-en-un-polvorin-y-complica-a-sanchez-cuando-espana-ya-empieza-a-mirar-las-nid29082026\/\" target=\"_self\" title=\"https:\/\/www.lanacion.com.ar\/el-mundo\/ceuta-se-convierte-en-un-polvorin-y-complica-a-sanchez-cuando-espana-ya-empieza-a-mirar-las-nid29082026\/\" class=\"com-link break-word\" data-mrf-recirculation=\"n_link_parrafo\">cruce masivo de migrantes<\/a> desde <strong>Marruecos <\/strong>hacia el enclave espa\u00f1ol de Ceuta, mientras aumenta la presi\u00f3n al Ejecutivo por su gesti\u00f3n de la crisis.<\/p>\n<p class=\"com-paragraph --s text-left\">En su intervenci\u00f3n en el Pleno del Congreso de los Diputados, S\u00e1nchez respondi\u00f3 a las supuestas afirmaciones recogidas en un informe policial que apuntaban a que<a href=\"https:\/\/www.lanacion.com.ar\/el-mundo\/que-paso-en-espana-con-los-migrantes-de-ceuta-nid30072026\/\" target=\"_self\" title=\"https:\/\/www.lanacion.com.ar\/el-mundo\/que-paso-en-espana-con-los-migrantes-de-ceuta-nid30072026\/\" class=\"com-link break-word\" data-mrf-recirculation=\"n_link_parrafo\"> la entrada de m\u00e1s de 70.000 personas en Ceuta<\/a> no fue un fen\u00f3meno migratorio espont\u00e1neo, sino una operaci\u00f3n planificada destinada a desbordar los controles fronterizos.<\/p>\n<div class=\"content-media\">\n<section role=\"button\" class=\"mod-media   \">\n<figure role=\"button\" tabindex=\"0\" class=\"mod-figure \"><figcaption class=\"mod-figcaption\"><span class=\"com-text --caption --twoxs\">El presidente del Gobierno espa\u00f1ol, Pedro S\u00e1nchez, observa tras pronunciar un discurso ante el Congreso de los Diputados sobre la gesti\u00f3n del Gobierno en la situaci\u00f3n del enclave espa\u00f1ol de Ceuta, en el norte de \u00c1frica, tras la llegada masiva de migrantes, en la C\u00e1mara Baja del Parlamento en Madrid, el 3 de septiembre de 2026.<\/span><span class=\"com-text --credit --twoxs\">THOMAS COEX &#8211; AFP<\/span><\/figcaption><\/figure>\n<\/section>\n<\/div>\n<p class=\"com-paragraph --s\">\u201cPuedo garantizarles que<strong> ninguna instituci\u00f3n<\/strong>&#8211; ni el servicio diplom\u00e1tico, ni la Comisi\u00f3n Europea, ni ning\u00fan organismo internacional- ha entregado al gobierno de Espa\u00f1a evidencias s\u00f3lidas de que <strong>Marruecos planificara o ejecutara este episodio.<\/strong> <strong>Ninguna<\/strong>\u201d, dijo S\u00e1nchez a los legisladores.<\/p>\n<p class=\"com-paragraph --s text-left\">En la v\u00edspera, <strong>miles de personas participaron en protestas en ciudades<\/strong> de todo el pa\u00eds contra la crisis humanitaria en Ceuta, en las que exigieron soluciones y la dimisi\u00f3n de S\u00e1nchez.<\/p>\n<p class=\"com-paragraph --s text-left\">En Madrid, las autoridades indicaron que acudieron unos <strong>50.000 manifestantes.<\/strong> Adem\u00e1s, hubo una participaci\u00f3n significativa en Barcelona, Valencia y Sevilla. El diario espa\u00f1ol <em>El Pa\u00eds <\/em>inform\u00f3 que la polic\u00eda dispar\u00f3 balas de goma y gases lacrim\u00f3genos en la capital para dispersar a la multitud.<\/p>\n<div class=\"content-media\">\n<section role=\"button\" class=\"mod-media   \">\n<figure role=\"button\" tabindex=\"0\" class=\"mod-figure \"><figcaption class=\"mod-figcaption\"><span class=\"com-text --caption --twoxs\">Un manifestante sostiene una pancarta que se burla del presidente del Gobierno espa\u00f1ol, Pedro S\u00e1nchez, con el lema \u00abSe busca por traici\u00f3n\u00bb, durante una protesta un mes despu\u00e9s de la llegada masiva de migrantes a Ceuta, frente al Parlamento espa\u00f1ol en Madrid, el 2 de septiembre de 2026.<\/span><span class=\"com-text --credit --twoxs\">THOMAS COEX &#8211; AFP<\/span><\/figcaption><\/figure>\n<\/section>\n<\/div>\n<p class=\"com-paragraph --s text-left\">A finales de julio, unos 72.000 migrantes llegaron nadando a Ceuta, un territorio espa\u00f1ol en en el norte de \u00c1frica con apenas 84.000 residentes. La mayor\u00eda regres\u00f3 a Marruecos o fue devuelta al otro lado de la frontera en cuesti\u00f3n de d\u00edas. Alrededor de 5000, entre los que hay 1200 menores, contin\u00faan en la ciudad. El gobierno espa\u00f1ol afirm\u00f3 que <strong>141 personas murieron intentando entrar a la ciudad<\/strong>.<\/p>\n<p class=\"com-paragraph --s text-left\">A principios de esta semana, la prensa espa\u00f1ola report\u00f3 que <strong>un informe policial habr\u00eda destacado la supuesta permisividad de las fuerzas de seguridad marroqu\u00edes en el incidente<\/strong>, pero funcionarios espa\u00f1oles negaron que el documento hubiera culpado a Rabat.<\/p>\n<p class=\"com-paragraph --s text-left\">El gobierno de S\u00e1nchez ha evitado sistem\u00e1ticamente las cr\u00edticas a Marruecos. El presidente espa\u00f1ol destac\u00f3 la cooperaci\u00f3n de Marruecos en la repatriaci\u00f3n de la mayor\u00eda de los migrantes en los d\u00edas posteriores a la oleada.<\/p>\n<p class=\"com-paragraph --s text-left\">No obstante, S\u00e1nchez conden\u00f3 los comentarios de dos ministros marroqu\u00edes que<strong> cuestionaron la soberan\u00eda de Ceuta y Melilla<\/strong>, el otro territorio de Espa\u00f1a en el norte de \u00c1frica. Su gobierno convoc\u00f3 al embajador de Marruecos en Madrid por esas declaraciones \u201cinaceptables\u201d, indic\u00f3.<\/p>\n<div class=\"content-media\">\n<section role=\"button\" class=\"mod-media   \">\n<figure role=\"button\" tabindex=\"0\" class=\"mod-figure \"><figcaption class=\"mod-figcaption\"><span class=\"com-text --caption --twoxs\">Manifestantes portan banderas espa\u00f1olas y una pancarta que se burla del presidente del Gobierno, Pedro S\u00e1nchez, y del ministro del Interior, Fernando Grande-Marlaska, con el lema \u00abEntrada libre, por aqu\u00ed\u00bb, durante una protesta un mes despu\u00e9s de la llegada masiva de migrantes a Ceuta el 2 de septiembre de 2026, D\u00eda de Ceuta.<\/span><span class=\"com-text --credit --twoxs\">ANTONIO SEMPERE &#8211; AFP<\/span><\/figcaption><\/figure>\n<\/section>\n<\/div>\n<p class=\"com-paragraph --s text-left\">La gendarmer\u00eda marroqu\u00ed s\u00ed permiti\u00f3 que se produjeran cruces durante un per\u00edodo clave de 10 horas el 30 de julio, cuando las llegadas de migrantes alcanzaron su punto \u00e1lgido, se\u00f1al\u00f3 S\u00e1nchez. Las autoridades espa\u00f1olas a\u00fan no han determinado si esto se debi\u00f3 a <strong>la inacci\u00f3n o a la incapacidad para contener la afluencia, a\u00f1adi\u00f3 el mandatario.<\/strong><\/p>\n<p class=\"com-paragraph --s text-left\">S\u00e1nchez asever\u00f3 que su gobierno publicar\u00e1 informes clave sobre la irrupci\u00f3n fronteriza, la m\u00e1s letal que se recuerda, pero no precis\u00f3 cu\u00e1ndo se har\u00e1n p\u00fablicos ni qu\u00e9 incluir\u00e1. <\/p>\n<p class=\"com-paragraph --s text-left\">Ceuta y Melilla son las \u00fanicas fronteras terrestres de la Uni\u00f3n Europa con \u00c1frica. El ministro de Justicia de Marruecos, <strong>Abdellatif Ouahbi<\/strong>, reiter\u00f3 p\u00fablicamente el mes pasado las reivindicaciones de \u200csoberan\u00eda de Rabat sobre ambas ciudades.<\/p>\n<div class=\"content-media\">\n<section role=\"button\" class=\"mod-media   \">\n<figure role=\"button\" tabindex=\"0\" class=\"mod-figure \"><figcaption class=\"mod-figcaption\"><span class=\"com-text --caption --twoxs\">Una residente observa desde su ventana a los migrantes que esperan en la acera antes de ser registrados en el distrito de Loma Colmenar de Ceuta el 31 de agosto de 2026<\/span><span class=\"com-text --credit --twoxs\">ANTONIO SEMPERE &#8211; AFP<\/span><\/figcaption><\/figure>\n<\/section>\n<\/div>\n<p class=\"com-paragraph --s text-left\">El informe policial, encargado por un juez de la Audiencia Nacional el mes pasado y al que ha tenido acceso <em>Reuters<\/em>, alega que las fuerzas de seguridad marroqu\u00edes se desplegaron inicialmente en menor n\u00famero de lo habitual cerca de la frontera y no intentaron seriamente dispersar a la multitud.<\/p>\n<p class=\"com-paragraph --s\">Algunos agentes marroqu\u00edes uniformados indicaban <strong>c\u00f3mo llegar al punto de cruce a los migrantes<\/strong>, mientras que otras personas no identificadas parec\u00edan guiar o supervisar el flujo de personas, seg\u00fan el informe. El reporte no identificaba a agentes concretos ni aportaba pruebas verificadas de forma independiente sobre las \u00f3rdenes de las autoridades marroqu\u00edes.<\/p>\n<p class=\"com-paragraph --s text-left\">El informe cit\u00f3 a algunos migrantes que, en entrevistas, afirmaron haber recibido indicaciones de las fuerzas de seguridad marroqu\u00edes para cruzar la frontera.<\/p>\n<div class=\"content-media\">\n<section role=\"button\" class=\"mod-media   \">\n<figure role=\"button\" tabindex=\"0\" class=\"mod-figure \"><figcaption class=\"mod-figcaption\"><span class=\"com-text --caption --twoxs\">Agentes de la Polic\u00eda Nacional espa\u00f1ola observan a migrantes esperando en la acera antes de ser registrados en el distrito de Loma Colmenar de Ceuta el 31 de agosto de 2026. <\/span><span class=\"com-text --credit --twoxs\">ANTONIO SEMPERE &#8211; AFP<\/span><\/figcaption><\/figure>\n<\/section>\n<\/div>\n<p class=\"com-paragraph --s text-left\">\u201cLa respuesta policial en Marruecos a la movilizaci\u00f3n y entrada masiva de inmigrantes a Ceuta ha sido cuando menos de total permisividad, no registr\u00e1ndose ninguna tentativa seria de tratar de reducir, dispersar o alejar a la masa de personas del per\u00edmetro fronterizo\u201d, se\u00f1al\u00f3 el reporte.<\/p>\n<p class=\"com-paragraph --s text-left\">Las autoridades de Marruecos negaron cualquier tipo de permisividad, achacando el cruce a los traficantes de personas, a la mala interpretaci\u00f3n de una sentencia judicial espa\u00f1ola que parec\u00eda abrir una laguna jur\u00eddica para las llegadas por mar, y al uso de las redes sociales para difundir informaci\u00f3n sobre un cruce masivo.<\/p>\n<div class=\"content-media\">\n<section role=\"button\" class=\"mod-media   \">\n<figure role=\"button\" tabindex=\"0\" class=\"mod-figure \"><figcaption class=\"mod-figcaption\"><span class=\"com-text --caption --twoxs\">La tensi\u00f3n sigue siendo alta en el territorio de 80.000 habitantes desde que decenas de miles de personas cruzaron a Ceuta desde Marruecos durante varios d\u00edas en julio, lo que provoc\u00f3 una alerta migratoria en toda Europa. <\/span><span class=\"com-text --credit --twoxs\">ANTONIO SEMPERE &#8211; AFP<\/span><\/figcaption><\/figure>\n<\/section>\n<\/div>\n<p class=\"com-paragraph --s\">El ministro de Justicia, Ouahbi, dijo a la cadena <em>Al Arabiya<\/em> el 22 de agosto que las autoridades marroqu\u00edes<strong> no \u200cintentaron detener a las personas que se dirig\u00edan hacia Ceuta para evitar un \u200bderramamiento de sangre<\/strong>, pero que gestionaron la crisis \u201ccon sensatez y cabeza fr\u00eda\u201d.<\/p>\n<p class=\"com-paragraph --s\">El informe policial indicaba que las redes de tr\u00e1fico de personas en Marruecos pod\u00edan movilizar un m\u00e1ximo de unos <strong>300 migrantes al d\u00eda<\/strong>, sin tener la capacidad para orquestar un evento de tales dimensiones.<\/p>\n<p class=\"com-paragraph --s text-left\"><strong>Agencias AP, AFP y Reuters<\/strong><\/p>\n<section class=\"container-center-100 mb-40 border border-bottom border-thin border-neutral-light-700\">\n<hr\/>\n<\/section>\n<\/div>\n<p><script id=\"facebookpixel\" defer=\"\" type=\"text\/javascript\">\n        !function(f,b,e,v,n,t,s)\n        {if(f.fbq)return;n=f.fbq=function(){n.callMethod?\n        n.callMethod.apply(n,arguments):n.queue.push(arguments)};\n        if(!f._fbq)f._fbq=n;n.push=n;n.loaded=!0;n.version='2.0';\n        n.queue=[];t=b.createElement(e);t.async=!0;\n        t.src=v;s=b.getElementsByTagName(e)[0];\n        s.parentNode.insertBefore(t,s)}(window, document,'script',\n        'https:\/\/connect.facebook.net\/en_US\/fbevents.js');\n        fbq('init', '492459597522335');\n        fbq('track', 'PageView');\n    <\/script><br \/>\n<br \/><\/p>\n","protected":false},"excerpt":{"rendered":"<p>MADRID.- El presidente del gobierno de Espa\u00f1a, Pedro S\u00e1nchez, rechaz\u00f3 el jueves las insinuaciones de que las autoridades marroqu\u00edes ayudaron a orquestar el cruce masivo de migrantes desde Marruecos hacia el enclave espa\u00f1ol de Ceuta, mientras aumenta la presi\u00f3n al Ejecutivo por su gesti\u00f3n de la crisis. En su intervenci\u00f3n en el Pleno del Congreso [&hellip;]<\/p>\n","protected":false},"author":2,"featured_media":210369,"comment_status":"closed","ping_status":"closed","sticky":false,"template":"","format":"standard","meta":{"footnotes":""},"categories":[26],"tags":[],"class_list":["post-210368","post","type-post","status-publish","format-standard","has-post-thumbnail","hentry","category-internacionales"],"yoast_head":"<!-- This site is optimized with the Yoast SEO plugin v24.4 - https:\/\/yoast.com\/wordpress\/plugins\/seo\/ -->\n<title>S\u00e1nchez niega que Marruecos haya estado detr\u00e1s de la invasi\u00f3n de migrantes en Ceuta: \u201cNo hay pruebas\u201d - GYS NOTICIAS |<\/title>\n<meta name=\"robots\" content=\"index, follow, max-snippet:-1, max-image-preview:large, max-video-preview:-1\" \/>\n<link rel=\"canonical\" href=\"https:\/\/gysfm.com.ar\/inicio\/sanchez-niega-que-marruecos-haya-estado-detras-de-la-invasion-de-migrantes-en-ceuta-no-hay-pruebas\/\" \/>\n<meta property=\"og:locale\" content=\"es_ES\" \/>\n<meta property=\"og:type\" content=\"article\" \/>\n<meta property=\"og:title\" content=\"S\u00e1nchez niega que Marruecos haya estado detr\u00e1s de la invasi\u00f3n de migrantes en Ceuta: \u201cNo hay pruebas\u201d - GYS NOTICIAS |\" \/>\n<meta property=\"og:description\" content=\"MADRID.- El presidente del gobierno de Espa\u00f1a, Pedro S\u00e1nchez, rechaz\u00f3 el jueves las insinuaciones de que las autoridades marroqu\u00edes ayudaron a orquestar el cruce masivo de migrantes desde Marruecos hacia el enclave espa\u00f1ol de Ceuta, mientras aumenta la presi\u00f3n al Ejecutivo por su gesti\u00f3n de la crisis. En su intervenci\u00f3n en el Pleno del Congreso [&hellip;]\" \/>\n<meta property=\"og:url\" content=\"https:\/\/gysfm.com.ar\/inicio\/sanchez-niega-que-marruecos-haya-estado-detras-de-la-invasion-de-migrantes-en-ceuta-no-hay-pruebas\/\" \/>\n<meta property=\"og:site_name\" content=\"GYS NOTICIAS |\" \/>\n<meta property=\"article:published_time\" content=\"2026-09-04T02:40:05+00:00\" \/>\n<meta property=\"article:modified_time\" content=\"2026-09-04T02:40:07+00:00\" \/>\n<meta property=\"og:image\" content=\"https:\/\/gysfm.com.ar\/inicio\/wp-content\/uploads\/2026\/09\/un-hombre-sostiene-un-cartel-contra-el-presidente-HKOAOMKRQZAX7MUWEOABARAY5E.JPG\" \/>\n\t<meta property=\"og:image:width\" content=\"1200\" \/>\n\t<meta property=\"og:image:height\" content=\"800\" \/>\n\t<meta property=\"og:image:type\" content=\"image\/jpeg\" \/>\n<meta name=\"author\" content=\"Prensa G&amp;S FM\" \/>\n<meta name=\"twitter:card\" content=\"summary_large_image\" \/>\n<meta name=\"twitter:label1\" content=\"Escrito por\" \/>\n\t<meta name=\"twitter:data1\" content=\"Prensa G&amp;S FM\" \/>\n\t<meta name=\"twitter:label2\" content=\"Tiempo de lectura\" \/>\n\t<meta name=\"twitter:data2\" content=\"6 minutos\" \/>\n<script type=\"application\/ld+json\" class=\"yoast-schema-graph\">{\"@context\":\"https:\/\/schema.org\",\"@graph\":[{\"@type\":\"Article\",\"@id\":\"https:\/\/gysfm.com.ar\/inicio\/sanchez-niega-que-marruecos-haya-estado-detras-de-la-invasion-de-migrantes-en-ceuta-no-hay-pruebas\/#article\",\"isPartOf\":{\"@id\":\"https:\/\/gysfm.com.ar\/inicio\/sanchez-niega-que-marruecos-haya-estado-detras-de-la-invasion-de-migrantes-en-ceuta-no-hay-pruebas\/\"},\"author\":{\"name\":\"Prensa G&amp;S FM\",\"@id\":\"https:\/\/gysfm.com.ar\/inicio\/#\/schema\/person\/3abba7593ef2ad19e1be221d54383dc5\"},\"headline\":\"S\u00e1nchez niega que Marruecos haya estado detr\u00e1s de la invasi\u00f3n de migrantes en Ceuta: \u201cNo hay pruebas\u201d\",\"datePublished\":\"2026-09-04T02:40:05+00:00\",\"dateModified\":\"2026-09-04T02:40:07+00:00\",\"mainEntityOfPage\":{\"@id\":\"https:\/\/gysfm.com.ar\/inicio\/sanchez-niega-que-marruecos-haya-estado-detras-de-la-invasion-de-migrantes-en-ceuta-no-hay-pruebas\/\"},\"wordCount\":1213,\"publisher\":{\"@id\":\"https:\/\/gysfm.com.ar\/inicio\/#organization\"},\"image\":{\"@id\":\"https:\/\/gysfm.com.ar\/inicio\/sanchez-niega-que-marruecos-haya-estado-detras-de-la-invasion-de-migrantes-en-ceuta-no-hay-pruebas\/#primaryimage\"},\"thumbnailUrl\":\"https:\/\/gysfm.com.ar\/inicio\/wp-content\/uploads\/2026\/09\/un-hombre-sostiene-un-cartel-contra-el-presidente-HKOAOMKRQZAX7MUWEOABARAY5E.JPG\",\"articleSection\":[\"INTERNACIONALES\"],\"inLanguage\":\"es\"},{\"@type\":\"WebPage\",\"@id\":\"https:\/\/gysfm.com.ar\/inicio\/sanchez-niega-que-marruecos-haya-estado-detras-de-la-invasion-de-migrantes-en-ceuta-no-hay-pruebas\/\",\"url\":\"https:\/\/gysfm.com.ar\/inicio\/sanchez-niega-que-marruecos-haya-estado-detras-de-la-invasion-de-migrantes-en-ceuta-no-hay-pruebas\/\",\"name\":\"S\u00e1nchez niega que Marruecos haya estado detr\u00e1s de la invasi\u00f3n de migrantes en Ceuta: \u201cNo hay pruebas\u201d - GYS NOTICIAS |\",\"isPartOf\":{\"@id\":\"https:\/\/gysfm.com.ar\/inicio\/#website\"},\"primaryImageOfPage\":{\"@id\":\"https:\/\/gysfm.com.ar\/inicio\/sanchez-niega-que-marruecos-haya-estado-detras-de-la-invasion-de-migrantes-en-ceuta-no-hay-pruebas\/#primaryimage\"},\"image\":{\"@id\":\"https:\/\/gysfm.com.ar\/inicio\/sanchez-niega-que-marruecos-haya-estado-detras-de-la-invasion-de-migrantes-en-ceuta-no-hay-pruebas\/#primaryimage\"},\"thumbnailUrl\":\"https:\/\/gysfm.com.ar\/inicio\/wp-content\/uploads\/2026\/09\/un-hombre-sostiene-un-cartel-contra-el-presidente-HKOAOMKRQZAX7MUWEOABARAY5E.JPG\",\"datePublished\":\"2026-09-04T02:40:05+00:00\",\"dateModified\":\"2026-09-04T02:40:07+00:00\",\"breadcrumb\":{\"@id\":\"https:\/\/gysfm.com.ar\/inicio\/sanchez-niega-que-marruecos-haya-estado-detras-de-la-invasion-de-migrantes-en-ceuta-no-hay-pruebas\/#breadcrumb\"},\"inLanguage\":\"es\",\"potentialAction\":[{\"@type\":\"ReadAction\",\"target\":[\"https:\/\/gysfm.com.ar\/inicio\/sanchez-niega-que-marruecos-haya-estado-detras-de-la-invasion-de-migrantes-en-ceuta-no-hay-pruebas\/\"]}]},{\"@type\":\"ImageObject\",\"inLanguage\":\"es\",\"@id\":\"https:\/\/gysfm.com.ar\/inicio\/sanchez-niega-que-marruecos-haya-estado-detras-de-la-invasion-de-migrantes-en-ceuta-no-hay-pruebas\/#primaryimage\",\"url\":\"https:\/\/gysfm.com.ar\/inicio\/wp-content\/uploads\/2026\/09\/un-hombre-sostiene-un-cartel-contra-el-presidente-HKOAOMKRQZAX7MUWEOABARAY5E.JPG\",\"contentUrl\":\"https:\/\/gysfm.com.ar\/inicio\/wp-content\/uploads\/2026\/09\/un-hombre-sostiene-un-cartel-contra-el-presidente-HKOAOMKRQZAX7MUWEOABARAY5E.JPG\",\"width\":1200,\"height\":800},{\"@type\":\"BreadcrumbList\",\"@id\":\"https:\/\/gysfm.com.ar\/inicio\/sanchez-niega-que-marruecos-haya-estado-detras-de-la-invasion-de-migrantes-en-ceuta-no-hay-pruebas\/#breadcrumb\",\"itemListElement\":[{\"@type\":\"ListItem\",\"position\":1,\"name\":\"Portada\",\"item\":\"https:\/\/gysfm.com.ar\/inicio\/\"},{\"@type\":\"ListItem\",\"position\":2,\"name\":\"S\u00e1nchez niega que Marruecos haya estado detr\u00e1s de la invasi\u00f3n de migrantes en Ceuta: \u201cNo hay pruebas\u201d\"}]},{\"@type\":\"WebSite\",\"@id\":\"https:\/\/gysfm.com.ar\/inicio\/#website\",\"url\":\"https:\/\/gysfm.com.ar\/inicio\/\",\"name\":\"GYS NOTICIAS |\",\"description\":\"DIARIO - RADIO ONLINE SAN JUAN ARGENTINA\",\"publisher\":{\"@id\":\"https:\/\/gysfm.com.ar\/inicio\/#organization\"},\"potentialAction\":[{\"@type\":\"SearchAction\",\"target\":{\"@type\":\"EntryPoint\",\"urlTemplate\":\"https:\/\/gysfm.com.ar\/inicio\/?s={search_term_string}\"},\"query-input\":{\"@type\":\"PropertyValueSpecification\",\"valueRequired\":true,\"valueName\":\"search_term_string\"}}],\"inLanguage\":\"es\"},{\"@type\":\"Organization\",\"@id\":\"https:\/\/gysfm.com.ar\/inicio\/#organization\",\"name\":\"GYS NOTICIAS |\",\"url\":\"https:\/\/gysfm.com.ar\/inicio\/\",\"logo\":{\"@type\":\"ImageObject\",\"inLanguage\":\"es\",\"@id\":\"https:\/\/gysfm.com.ar\/inicio\/#\/schema\/logo\/image\/\",\"url\":\"https:\/\/gysfm.com.ar\/inicio\/wp-content\/uploads\/2023\/07\/LOGOGYS-OK.png\",\"contentUrl\":\"https:\/\/gysfm.com.ar\/inicio\/wp-content\/uploads\/2023\/07\/LOGOGYS-OK.png\",\"width\":1170,\"height\":872,\"caption\":\"GYS NOTICIAS |\"},\"image\":{\"@id\":\"https:\/\/gysfm.com.ar\/inicio\/#\/schema\/logo\/image\/\"}},{\"@type\":\"Person\",\"@id\":\"https:\/\/gysfm.com.ar\/inicio\/#\/schema\/person\/3abba7593ef2ad19e1be221d54383dc5\",\"name\":\"Prensa G&amp;S FM\",\"image\":{\"@type\":\"ImageObject\",\"inLanguage\":\"es\",\"@id\":\"https:\/\/gysfm.com.ar\/inicio\/#\/schema\/person\/image\/\",\"url\":\"https:\/\/secure.gravatar.com\/avatar\/096ec78df02049ab018702bb4ccedf659377fa92a26540b5247612077a0dbd29?s=96&d=mm&r=g\",\"contentUrl\":\"https:\/\/secure.gravatar.com\/avatar\/096ec78df02049ab018702bb4ccedf659377fa92a26540b5247612077a0dbd29?s=96&d=mm&r=g\",\"caption\":\"Prensa G&amp;S FM\"},\"sameAs\":[\"https:\/\/gysfm.com.ar\/\"],\"url\":\"https:\/\/gysfm.com.ar\/inicio\/author\/lucasm\/\"}]}<\/script>\n<!-- \/ Yoast SEO plugin. -->","yoast_head_json":{"title":"S\u00e1nchez niega que Marruecos haya estado detr\u00e1s de la invasi\u00f3n de migrantes en Ceuta: \u201cNo hay pruebas\u201d - GYS NOTICIAS |","robots":{"index":"index","follow":"follow","max-snippet":"max-snippet:-1","max-image-preview":"max-image-preview:large","max-video-preview":"max-video-preview:-1"},"canonical":"https:\/\/gysfm.com.ar\/inicio\/sanchez-niega-que-marruecos-haya-estado-detras-de-la-invasion-de-migrantes-en-ceuta-no-hay-pruebas\/","og_locale":"es_ES","og_type":"article","og_title":"S\u00e1nchez niega que Marruecos haya estado detr\u00e1s de la invasi\u00f3n de migrantes en Ceuta: \u201cNo hay pruebas\u201d - GYS NOTICIAS |","og_description":"MADRID.- El presidente del gobierno de Espa\u00f1a, Pedro S\u00e1nchez, rechaz\u00f3 el jueves las insinuaciones de que las autoridades marroqu\u00edes ayudaron a orquestar el cruce masivo de migrantes desde Marruecos hacia el enclave espa\u00f1ol de Ceuta, mientras aumenta la presi\u00f3n al Ejecutivo por su gesti\u00f3n de la crisis. En su intervenci\u00f3n en el Pleno del Congreso [&hellip;]","og_url":"https:\/\/gysfm.com.ar\/inicio\/sanchez-niega-que-marruecos-haya-estado-detras-de-la-invasion-de-migrantes-en-ceuta-no-hay-pruebas\/","og_site_name":"GYS NOTICIAS |","article_published_time":"2026-09-04T02:40:05+00:00","article_modified_time":"2026-09-04T02:40:07+00:00","og_image":[{"width":1200,"height":800,"url":"https:\/\/gysfm.com.ar\/inicio\/wp-content\/uploads\/2026\/09\/un-hombre-sostiene-un-cartel-contra-el-presidente-HKOAOMKRQZAX7MUWEOABARAY5E.JPG","type":"image\/jpeg"}],"author":"Prensa G&amp;S FM","twitter_card":"summary_large_image","twitter_misc":{"Escrito por":"Prensa G&amp;S FM","Tiempo de lectura":"6 minutos"},"schema":{"@context":"https:\/\/schema.org","@graph":[{"@type":"Article","@id":"https:\/\/gysfm.com.ar\/inicio\/sanchez-niega-que-marruecos-haya-estado-detras-de-la-invasion-de-migrantes-en-ceuta-no-hay-pruebas\/#article","isPartOf":{"@id":"https:\/\/gysfm.com.ar\/inicio\/sanchez-niega-que-marruecos-haya-estado-detras-de-la-invasion-de-migrantes-en-ceuta-no-hay-pruebas\/"},"author":{"name":"Prensa G&amp;S FM","@id":"https:\/\/gysfm.com.ar\/inicio\/#\/schema\/person\/3abba7593ef2ad19e1be221d54383dc5"},"headline":"S\u00e1nchez niega que Marruecos haya estado detr\u00e1s de la invasi\u00f3n de migrantes en Ceuta: \u201cNo hay pruebas\u201d","datePublished":"2026-09-04T02:40:05+00:00","dateModified":"2026-09-04T02:40:07+00:00","mainEntityOfPage":{"@id":"https:\/\/gysfm.com.ar\/inicio\/sanchez-niega-que-marruecos-haya-estado-detras-de-la-invasion-de-migrantes-en-ceuta-no-hay-pruebas\/"},"wordCount":1213,"publisher":{"@id":"https:\/\/gysfm.com.ar\/inicio\/#organization"},"image":{"@id":"https:\/\/gysfm.com.ar\/inicio\/sanchez-niega-que-marruecos-haya-estado-detras-de-la-invasion-de-migrantes-en-ceuta-no-hay-pruebas\/#primaryimage"},"thumbnailUrl":"https:\/\/gysfm.com.ar\/inicio\/wp-content\/uploads\/2026\/09\/un-hombre-sostiene-un-cartel-contra-el-presidente-HKOAOMKRQZAX7MUWEOABARAY5E.JPG","articleSection":["INTERNACIONALES"],"inLanguage":"es"},{"@type":"WebPage","@id":"https:\/\/gysfm.com.ar\/inicio\/sanchez-niega-que-marruecos-haya-estado-detras-de-la-invasion-de-migrantes-en-ceuta-no-hay-pruebas\/","url":"https:\/\/gysfm.com.ar\/inicio\/sanchez-niega-que-marruecos-haya-estado-detras-de-la-invasion-de-migrantes-en-ceuta-no-hay-pruebas\/","name":"S\u00e1nchez niega que Marruecos haya estado detr\u00e1s de la invasi\u00f3n de migrantes en Ceuta: \u201cNo hay pruebas\u201d - GYS NOTICIAS |","isPartOf":{"@id":"https:\/\/gysfm.com.ar\/inicio\/#website"},"primaryImageOfPage":{"@id":"https:\/\/gysfm.com.ar\/inicio\/sanchez-niega-que-marruecos-haya-estado-detras-de-la-invasion-de-migrantes-en-ceuta-no-hay-pruebas\/#primaryimage"},"image":{"@id":"https:\/\/gysfm.com.ar\/inicio\/sanchez-niega-que-marruecos-haya-estado-detras-de-la-invasion-de-migrantes-en-ceuta-no-hay-pruebas\/#primaryimage"},"thumbnailUrl":"https:\/\/gysfm.com.ar\/inicio\/wp-content\/uploads\/2026\/09\/un-hombre-sostiene-un-cartel-contra-el-presidente-HKOAOMKRQZAX7MUWEOABARAY5E.JPG","datePublished":"2026-09-04T02:40:05+00:00","dateModified":"2026-09-04T02:40:07+00:00","breadcrumb":{"@id":"https:\/\/gysfm.com.ar\/inicio\/sanchez-niega-que-marruecos-haya-estado-detras-de-la-invasion-de-migrantes-en-ceuta-no-hay-pruebas\/#breadcrumb"},"inLanguage":"es","potentialAction":[{"@type":"ReadAction","target":["https:\/\/gysfm.com.ar\/inicio\/sanchez-niega-que-marruecos-haya-estado-detras-de-la-invasion-de-migrantes-en-ceuta-no-hay-pruebas\/"]}]},{"@type":"ImageObject","inLanguage":"es","@id":"https:\/\/gysfm.com.ar\/inicio\/sanchez-niega-que-marruecos-haya-estado-detras-de-la-invasion-de-migrantes-en-ceuta-no-hay-pruebas\/#primaryimage","url":"https:\/\/gysfm.com.ar\/inicio\/wp-content\/uploads\/2026\/09\/un-hombre-sostiene-un-cartel-contra-el-presidente-HKOAOMKRQZAX7MUWEOABARAY5E.JPG","contentUrl":"https:\/\/gysfm.com.ar\/inicio\/wp-content\/uploads\/2026\/09\/un-hombre-sostiene-un-cartel-contra-el-presidente-HKOAOMKRQZAX7MUWEOABARAY5E.JPG","width":1200,"height":800},{"@type":"BreadcrumbList","@id":"https:\/\/gysfm.com.ar\/inicio\/sanchez-niega-que-marruecos-haya-estado-detras-de-la-invasion-de-migrantes-en-ceuta-no-hay-pruebas\/#breadcrumb","itemListElement":[{"@type":"ListItem","position":1,"name":"Portada","item":"https:\/\/gysfm.com.ar\/inicio\/"},{"@type":"ListItem","position":2,"name":"S\u00e1nchez niega que Marruecos haya estado detr\u00e1s de la invasi\u00f3n de migrantes en Ceuta: \u201cNo hay pruebas\u201d"}]},{"@type":"WebSite","@id":"https:\/\/gysfm.com.ar\/inicio\/#website","url":"https:\/\/gysfm.com.ar\/inicio\/","name":"GYS NOTICIAS |","description":"DIARIO - RADIO ONLINE SAN JUAN ARGENTINA","publisher":{"@id":"https:\/\/gysfm.com.ar\/inicio\/#organization"},"potentialAction":[{"@type":"SearchAction","target":{"@type":"EntryPoint","urlTemplate":"https:\/\/gysfm.com.ar\/inicio\/?s={search_term_string}"},"query-input":{"@type":"PropertyValueSpecification","valueRequired":true,"valueName":"search_term_string"}}],"inLanguage":"es"},{"@type":"Organization","@id":"https:\/\/gysfm.com.ar\/inicio\/#organization","name":"GYS NOTICIAS |","url":"https:\/\/gysfm.com.ar\/inicio\/","logo":{"@type":"ImageObject","inLanguage":"es","@id":"https:\/\/gysfm.com.ar\/inicio\/#\/schema\/logo\/image\/","url":"https:\/\/gysfm.com.ar\/inicio\/wp-content\/uploads\/2023\/07\/LOGOGYS-OK.png","contentUrl":"https:\/\/gysfm.com.ar\/inicio\/wp-content\/uploads\/2023\/07\/LOGOGYS-OK.png","width":1170,"height":872,"caption":"GYS NOTICIAS |"},"image":{"@id":"https:\/\/gysfm.com.ar\/inicio\/#\/schema\/logo\/image\/"}},{"@type":"Person","@id":"https:\/\/gysfm.com.ar\/inicio\/#\/schema\/person\/3abba7593ef2ad19e1be221d54383dc5","name":"Prensa G&amp;S FM","image":{"@type":"ImageObject","inLanguage":"es","@id":"https:\/\/gysfm.com.ar\/inicio\/#\/schema\/person\/image\/","url":"https:\/\/secure.gravatar.com\/avatar\/096ec78df02049ab018702bb4ccedf659377fa92a26540b5247612077a0dbd29?s=96&d=mm&r=g","contentUrl":"https:\/\/secure.gravatar.com\/avatar\/096ec78df02049ab018702bb4ccedf659377fa92a26540b5247612077a0dbd29?s=96&d=mm&r=g","caption":"Prensa G&amp;S FM"},"sameAs":["https:\/\/gysfm.com.ar\/"],"url":"https:\/\/gysfm.com.ar\/inicio\/author\/lucasm\/"}]}},"_links":{"self":[{"href":"https:\/\/gysfm.com.ar\/inicio\/wp-json\/wp\/v2\/posts\/210368","targetHints":{"allow":["GET"]}}],"collection":[{"href":"https:\/\/gysfm.com.ar\/inicio\/wp-json\/wp\/v2\/posts"}],"about":[{"href":"https:\/\/gysfm.com.ar\/inicio\/wp-json\/wp\/v2\/types\/post"}],"author":[{"embeddable":true,"href":"https:\/\/gysfm.com.ar\/inicio\/wp-json\/wp\/v2\/users\/2"}],"replies":[{"embeddable":true,"href":"https:\/\/gysfm.com.ar\/inicio\/wp-json\/wp\/v2\/comments?post=210368"}],"version-history":[{"count":1,"href":"https:\/\/gysfm.com.ar\/inicio\/wp-json\/wp\/v2\/posts\/210368\/revisions"}],"predecessor-version":[{"id":210370,"href":"https:\/\/gysfm.com.ar\/inicio\/wp-json\/wp\/v2\/posts\/210368\/revisions\/210370"}],"wp:featuredmedia":[{"embeddable":true,"href":"https:\/\/gysfm.com.ar\/inicio\/wp-json\/wp\/v2\/media\/210369"}],"wp:attachment":[{"href":"https:\/\/gysfm.com.ar\/inicio\/wp-json\/wp\/v2\/media?parent=210368"}],"wp:term":[{"taxonomy":"category","embeddable":true,"href":"https:\/\/gysfm.com.ar\/inicio\/wp-json\/wp\/v2\/categories?post=210368"},{"taxonomy":"post_tag","embeddable":true,"href":"https:\/\/gysfm.com.ar\/inicio\/wp-json\/wp\/v2\/tags?post=210368"}],"curies":[{"name":"wp","href":"https:\/\/api.w.org\/{rel}","templated":true}]}}