{"id":210361,"date":"2026-09-03T22:02:14","date_gmt":"2026-09-04T01:02:14","guid":{"rendered":"https:\/\/gysfm.com.ar\/inicio\/empresario-argentino-bajo-la-lupa-en-mexico-por-el-brutal-asesinato-de-un-musico-y-su-familia\/"},"modified":"2026-09-03T22:02:14","modified_gmt":"2026-09-04T01:02:14","slug":"empresario-argentino-bajo-la-lupa-en-mexico-por-el-brutal-asesinato-de-un-musico-y-su-familia","status":"publish","type":"post","link":"https:\/\/gysfm.com.ar\/inicio\/empresario-argentino-bajo-la-lupa-en-mexico-por-el-brutal-asesinato-de-un-musico-y-su-familia\/","title":{"rendered":"Empresario argentino, bajo la lupa en M\u00e9xico por el brutal asesinato de un m\u00fasico y su familia"},"content":{"rendered":"<div><img loading=\"lazy\" decoding=\"async\" width=\"1440\" height=\"810\" src=\"https:\/\/diariosanjuan19.com.ar\/wp-content\/uploads\/2026\/09\/image-41.png\" class=\"attachment-post-thumbnail size-post-thumbnail wp-post-image\" alt=\"\"><\/div>\n<h4 class=\"wp-block-heading\"><strong><em>Tiene 51 a\u00f1os y estar\u00eda vinculado al negocio inmobiliario. Fue detenido junto a otro sospechoso por el brutal asesinato de Jonathan Mel\u00e9ndez, su esposa embarazada, su hija de tres a\u00f1os y una empleada dom\u00e9stica. La Justicia mexicana investiga qu\u00e9 relaci\u00f3n tuvo con el m\u00faltiple crimen.<\/em><\/strong><\/h4>\n<p><strong>Diego Sebasti\u00e1n Rosen Ferlini<\/strong>, un empresario argentino de 51 a\u00f1os, qued\u00f3 detenido en M\u00e9xico y es investigado por su presunta participaci\u00f3n en el brutal asesinato del m\u00fasico <strong>Jonathan Mel\u00e9ndez<\/strong>, integrante de la banda mexicana Camilo S\u00e9ptimo, y de su familia.<\/p>\n<p>El crimen ocurri\u00f3 el martes 1 de septiembre en una vivienda de <strong>Atizap\u00e1n de Zaragoza, Estado de M\u00e9xico<\/strong>. Adem\u00e1s de Mel\u00e9ndez, fueron asesinadas su esposa, que estaba embarazada de cuatro meses, su hija de tres a\u00f1os y una empleada dom\u00e9stica.<\/p>\n<p>Rosen fue detenido junto a otro hombre durante un operativo de las autoridades mexicanas. Ambos permanecen a disposici\u00f3n de la Justicia mientras los investigadores intentan establecer el m\u00f3vil del ataque y determinar el grado de participaci\u00f3n que tuvo cada uno.<\/p>\n<h3 class=\"wp-block-heading\">Qui\u00e9n es Diego Rosen<\/h3>\n<p>Seg\u00fan informaci\u00f3n difundida por medios mexicanos, Rosen desarrollaba actividades relacionadas con el <strong>sector inmobiliario<\/strong> y habr\u00eda estado vinculado comercialmente con propiedades destinadas al alquiler tur\u00edstico.<\/p>\n<p>Entre los destinos que promocionaba aparec\u00edan <strong>Valle de Bravo y Acapulco<\/strong>. En sus redes sociales tambi\u00e9n compart\u00eda contenido relacionado con sus actividades comerciales y publicaciones vinculadas con la Argentina.<\/p>\n<p>El empresario habr\u00eda recibido adem\u00e1s denuncias por presuntos fraudes. Sin embargo, hasta el momento <strong>no se inform\u00f3 oficialmente que esos antecedentes est\u00e9n relacionados con el asesinato investigado<\/strong>.<\/p>\n<h3 class=\"wp-block-heading\">La relaci\u00f3n con Jonathan Mel\u00e9ndez, una de las claves de la investigaci\u00f3n<\/h3>\n<p>Uno de los principales interrogantes para los investigadores es el v\u00ednculo que exist\u00eda entre Rosen y Mel\u00e9ndez.<\/p>\n<p>De acuerdo con las primeras versiones difundidas en M\u00e9xico, ambos manten\u00edan una relaci\u00f3n vinculada a negocios inmobiliarios. Esa supuesta cercan\u00eda es considerada un elemento importante para reconstruir c\u00f3mo los atacantes lograron ingresar a la vivienda.<\/p>\n<p>La <strong>Fiscal\u00eda General de Justicia del Estado de M\u00e9xico<\/strong> inform\u00f3 que el ataque se habr\u00eda producido entre las 17:30 y las 19:40 del martes 1 de septiembre.<\/p>\n<p>Seg\u00fan la hip\u00f3tesis oficial difundida hasta el momento, dos hombres habr\u00edan participado del crimen y uno de ellos habr\u00eda utilizado la relaci\u00f3n de confianza que manten\u00eda con las v\u00edctimas para ingresar al domicilio.<\/p>\n<p>Esta l\u00ednea de investigaci\u00f3n explicar\u00eda por qu\u00e9, de acuerdo con las autoridades, <strong>no habr\u00eda sido necesario forzar los accesos de la propiedad<\/strong>.<\/p>\n<h3 class=\"wp-block-heading\">Una escena marcada por la violencia<\/h3>\n<p>El crimen ocurri\u00f3 dentro de la vivienda familiar. Las autoridades encontraron asesinados a Jonathan Mel\u00e9ndez, su esposa embarazada, su hija de tres a\u00f1os y una empleada dom\u00e9stica.<\/p>\n<p>La Fiscal\u00eda se\u00f1al\u00f3 que dos de las v\u00edctimas estaban atadas y que tanto ellas como la menor presentaban heridas de arma de fuego en la cabeza. Otra de las v\u00edctimas recibi\u00f3 un disparo en la espalda.<\/p>\n<p>La mascota de la familia tambi\u00e9n fue encontrada muerta y maniatada.<\/p>\n<p>El \u00fanico sobreviviente fue <strong>el hijo de seis a\u00f1os del m\u00fasico<\/strong>, quien se encontraba dentro de la propiedad al momento del ataque.<\/p>\n<h3 class=\"wp-block-heading\">Las c\u00e1maras de seguridad y los detenidos<\/h3>\n<p>Luego del crimen, las autoridades desplegaron un operativo que termin\u00f3 con la detenci\u00f3n de Rosen y otro sospechoso.<\/p>\n<p>Adem\u00e1s, se difundieron im\u00e1genes obtenidas de c\u00e1maras de seguridad en las que aparece un hombre que ser\u00eda uno de los investigados mientras se dirig\u00eda hacia la vivienda. En las im\u00e1genes llevaba una campera negra, gorra, anteojos de sol y una mochila.<\/p>\n<p>Las grabaciones forman parte de los elementos que los investigadores analizan para reconstruir los movimientos previos y posteriores al asesinato.<\/p>\n<h3 class=\"wp-block-heading\">Qu\u00e9 busca determinar ahora la Justicia<\/h3>\n<p>La investigaci\u00f3n se encuentra en una etapa inicial. Las autoridades deber\u00e1n establecer <strong>qui\u00e9nes participaron directamente del ataque, cu\u00e1l fue el m\u00f3vil y qu\u00e9 papel habr\u00eda tenido cada uno de los detenidos<\/strong>.<\/p>\n<p>Tambi\u00e9n ser\u00e1 clave determinar si el v\u00ednculo comercial entre Rosen y Mel\u00e9ndez tuvo alguna relaci\u00f3n con el crimen o si fue utilizado \u00fanicamente para facilitar el acceso a la vivienda.<\/p>\n<p>Por ahora, Rosen y el segundo detenido son <strong>investigados y no existe una sentencia que determine su responsabilidad penal<\/strong>.<\/p>\n<p>La Justicia mexicana contin\u00faa recopilando pruebas, testimonios y registros de c\u00e1maras de seguridad para reconstruir una de las escenas criminales que m\u00e1s conmoci\u00f3n gener\u00f3 en las \u00faltimas horas en el Estado de M\u00e9xico.<\/p>\n<p>Fuente:TN<\/p>\n<div class=\"wp-block-image\">\n<figure class=\"aligncenter size-large\"><img loading=\"lazy\" decoding=\"async\" width=\"1024\" height=\"576\" src=\"https:\/\/diariosanjuan19.com.ar\/wp-content\/uploads\/2026\/09\/image-42-1024x576.png\" alt=\"\" class=\"wp-image-41962\"><\/figure>\n<\/div>\n<p>La entrada <a href=\"https:\/\/diariosanjuan19.com.ar\/empresario-argentino-bajo-la-lupa-en-mexico-por-el-brutal-asesinato-de-un-musico-y-su-familia\/\">Empresario argentino, bajo la lupa en M\u00e9xico por el brutal asesinato de un m\u00fasico y su familia<\/a> se public\u00f3 primero en <a href=\"https:\/\/diariosanjuan19.com.ar\/\">DIARIO SAN JUAN 19<\/a>.<\/p>\n","protected":false},"excerpt":{"rendered":"<p>Tiene 51 a\u00f1os y estar\u00eda vinculado al negocio inmobiliario. Fue detenido junto a otro sospechoso por el brutal asesinato de Jonathan Mel\u00e9ndez, su esposa embarazada, su hija de tres a\u00f1os y una empleada dom\u00e9stica. La Justicia mexicana investiga qu\u00e9 relaci\u00f3n tuvo con el m\u00faltiple crimen. Diego Sebasti\u00e1n Rosen Ferlini, un empresario argentino de 51 a\u00f1os, [&hellip;]<\/p>\n","protected":false},"author":2,"featured_media":0,"comment_status":"closed","ping_status":"closed","sticky":false,"template":"","format":"standard","meta":{"footnotes":""},"categories":[26],"tags":[],"class_list":["post-210361","post","type-post","status-publish","format-standard","hentry","category-internacionales"],"yoast_head":"<!-- This site is optimized with the Yoast SEO plugin v24.4 - https:\/\/yoast.com\/wordpress\/plugins\/seo\/ -->\n<title>Empresario argentino, bajo la lupa en M\u00e9xico por el brutal asesinato de un m\u00fasico y su familia - GYS NOTICIAS |<\/title>\n<meta name=\"robots\" content=\"index, follow, max-snippet:-1, max-image-preview:large, max-video-preview:-1\" \/>\n<link rel=\"canonical\" href=\"https:\/\/gysfm.com.ar\/inicio\/empresario-argentino-bajo-la-lupa-en-mexico-por-el-brutal-asesinato-de-un-musico-y-su-familia\/\" \/>\n<meta property=\"og:locale\" content=\"es_ES\" \/>\n<meta property=\"og:type\" content=\"article\" \/>\n<meta property=\"og:title\" content=\"Empresario argentino, bajo la lupa en M\u00e9xico por el brutal asesinato de un m\u00fasico y su familia - GYS NOTICIAS |\" \/>\n<meta property=\"og:description\" content=\"Tiene 51 a\u00f1os y estar\u00eda vinculado al negocio inmobiliario. Fue detenido junto a otro sospechoso por el brutal asesinato de Jonathan Mel\u00e9ndez, su esposa embarazada, su hija de tres a\u00f1os y una empleada dom\u00e9stica. La Justicia mexicana investiga qu\u00e9 relaci\u00f3n tuvo con el m\u00faltiple crimen. Diego Sebasti\u00e1n Rosen Ferlini, un empresario argentino de 51 a\u00f1os, [&hellip;]\" \/>\n<meta property=\"og:url\" content=\"https:\/\/gysfm.com.ar\/inicio\/empresario-argentino-bajo-la-lupa-en-mexico-por-el-brutal-asesinato-de-un-musico-y-su-familia\/\" \/>\n<meta property=\"og:site_name\" content=\"GYS NOTICIAS |\" \/>\n<meta property=\"article:published_time\" content=\"2026-09-04T01:02:14+00:00\" \/>\n<meta property=\"og:image\" content=\"https:\/\/diariosanjuan19.com.ar\/wp-content\/uploads\/2026\/09\/image-41.png\" \/>\n<meta name=\"author\" content=\"Prensa G&amp;S FM\" \/>\n<meta name=\"twitter:card\" content=\"summary_large_image\" \/>\n<meta name=\"twitter:label1\" content=\"Escrito por\" \/>\n\t<meta name=\"twitter:data1\" content=\"Prensa G&amp;S FM\" \/>\n\t<meta name=\"twitter:label2\" content=\"Tiempo de lectura\" \/>\n\t<meta name=\"twitter:data2\" content=\"4 minutos\" \/>\n<script type=\"application\/ld+json\" class=\"yoast-schema-graph\">{\"@context\":\"https:\/\/schema.org\",\"@graph\":[{\"@type\":\"Article\",\"@id\":\"https:\/\/gysfm.com.ar\/inicio\/empresario-argentino-bajo-la-lupa-en-mexico-por-el-brutal-asesinato-de-un-musico-y-su-familia\/#article\",\"isPartOf\":{\"@id\":\"https:\/\/gysfm.com.ar\/inicio\/empresario-argentino-bajo-la-lupa-en-mexico-por-el-brutal-asesinato-de-un-musico-y-su-familia\/\"},\"author\":{\"name\":\"Prensa G&amp;S FM\",\"@id\":\"https:\/\/gysfm.com.ar\/inicio\/#\/schema\/person\/3abba7593ef2ad19e1be221d54383dc5\"},\"headline\":\"Empresario argentino, bajo la lupa en M\u00e9xico por el brutal asesinato de un m\u00fasico y su familia\",\"datePublished\":\"2026-09-04T01:02:14+00:00\",\"mainEntityOfPage\":{\"@id\":\"https:\/\/gysfm.com.ar\/inicio\/empresario-argentino-bajo-la-lupa-en-mexico-por-el-brutal-asesinato-de-un-musico-y-su-familia\/\"},\"wordCount\":838,\"publisher\":{\"@id\":\"https:\/\/gysfm.com.ar\/inicio\/#organization\"},\"image\":{\"@id\":\"https:\/\/gysfm.com.ar\/inicio\/empresario-argentino-bajo-la-lupa-en-mexico-por-el-brutal-asesinato-de-un-musico-y-su-familia\/#primaryimage\"},\"thumbnailUrl\":\"https:\/\/diariosanjuan19.com.ar\/wp-content\/uploads\/2026\/09\/image-41.png\",\"articleSection\":[\"INTERNACIONALES\"],\"inLanguage\":\"es\"},{\"@type\":\"WebPage\",\"@id\":\"https:\/\/gysfm.com.ar\/inicio\/empresario-argentino-bajo-la-lupa-en-mexico-por-el-brutal-asesinato-de-un-musico-y-su-familia\/\",\"url\":\"https:\/\/gysfm.com.ar\/inicio\/empresario-argentino-bajo-la-lupa-en-mexico-por-el-brutal-asesinato-de-un-musico-y-su-familia\/\",\"name\":\"Empresario argentino, bajo la lupa en M\u00e9xico por el brutal asesinato de un m\u00fasico y su familia - GYS NOTICIAS |\",\"isPartOf\":{\"@id\":\"https:\/\/gysfm.com.ar\/inicio\/#website\"},\"primaryImageOfPage\":{\"@id\":\"https:\/\/gysfm.com.ar\/inicio\/empresario-argentino-bajo-la-lupa-en-mexico-por-el-brutal-asesinato-de-un-musico-y-su-familia\/#primaryimage\"},\"image\":{\"@id\":\"https:\/\/gysfm.com.ar\/inicio\/empresario-argentino-bajo-la-lupa-en-mexico-por-el-brutal-asesinato-de-un-musico-y-su-familia\/#primaryimage\"},\"thumbnailUrl\":\"https:\/\/diariosanjuan19.com.ar\/wp-content\/uploads\/2026\/09\/image-41.png\",\"datePublished\":\"2026-09-04T01:02:14+00:00\",\"breadcrumb\":{\"@id\":\"https:\/\/gysfm.com.ar\/inicio\/empresario-argentino-bajo-la-lupa-en-mexico-por-el-brutal-asesinato-de-un-musico-y-su-familia\/#breadcrumb\"},\"inLanguage\":\"es\",\"potentialAction\":[{\"@type\":\"ReadAction\",\"target\":[\"https:\/\/gysfm.com.ar\/inicio\/empresario-argentino-bajo-la-lupa-en-mexico-por-el-brutal-asesinato-de-un-musico-y-su-familia\/\"]}]},{\"@type\":\"ImageObject\",\"inLanguage\":\"es\",\"@id\":\"https:\/\/gysfm.com.ar\/inicio\/empresario-argentino-bajo-la-lupa-en-mexico-por-el-brutal-asesinato-de-un-musico-y-su-familia\/#primaryimage\",\"url\":\"https:\/\/diariosanjuan19.com.ar\/wp-content\/uploads\/2026\/09\/image-41.png\",\"contentUrl\":\"https:\/\/diariosanjuan19.com.ar\/wp-content\/uploads\/2026\/09\/image-41.png\"},{\"@type\":\"BreadcrumbList\",\"@id\":\"https:\/\/gysfm.com.ar\/inicio\/empresario-argentino-bajo-la-lupa-en-mexico-por-el-brutal-asesinato-de-un-musico-y-su-familia\/#breadcrumb\",\"itemListElement\":[{\"@type\":\"ListItem\",\"position\":1,\"name\":\"Portada\",\"item\":\"https:\/\/gysfm.com.ar\/inicio\/\"},{\"@type\":\"ListItem\",\"position\":2,\"name\":\"Empresario argentino, bajo la lupa en M\u00e9xico por el brutal asesinato de un m\u00fasico y su familia\"}]},{\"@type\":\"WebSite\",\"@id\":\"https:\/\/gysfm.com.ar\/inicio\/#website\",\"url\":\"https:\/\/gysfm.com.ar\/inicio\/\",\"name\":\"GYS NOTICIAS |\",\"description\":\"DIARIO - RADIO ONLINE SAN JUAN ARGENTINA\",\"publisher\":{\"@id\":\"https:\/\/gysfm.com.ar\/inicio\/#organization\"},\"potentialAction\":[{\"@type\":\"SearchAction\",\"target\":{\"@type\":\"EntryPoint\",\"urlTemplate\":\"https:\/\/gysfm.com.ar\/inicio\/?s={search_term_string}\"},\"query-input\":{\"@type\":\"PropertyValueSpecification\",\"valueRequired\":true,\"valueName\":\"search_term_string\"}}],\"inLanguage\":\"es\"},{\"@type\":\"Organization\",\"@id\":\"https:\/\/gysfm.com.ar\/inicio\/#organization\",\"name\":\"GYS NOTICIAS |\",\"url\":\"https:\/\/gysfm.com.ar\/inicio\/\",\"logo\":{\"@type\":\"ImageObject\",\"inLanguage\":\"es\",\"@id\":\"https:\/\/gysfm.com.ar\/inicio\/#\/schema\/logo\/image\/\",\"url\":\"https:\/\/gysfm.com.ar\/inicio\/wp-content\/uploads\/2023\/07\/LOGOGYS-OK.png\",\"contentUrl\":\"https:\/\/gysfm.com.ar\/inicio\/wp-content\/uploads\/2023\/07\/LOGOGYS-OK.png\",\"width\":1170,\"height\":872,\"caption\":\"GYS NOTICIAS |\"},\"image\":{\"@id\":\"https:\/\/gysfm.com.ar\/inicio\/#\/schema\/logo\/image\/\"}},{\"@type\":\"Person\",\"@id\":\"https:\/\/gysfm.com.ar\/inicio\/#\/schema\/person\/3abba7593ef2ad19e1be221d54383dc5\",\"name\":\"Prensa G&amp;S FM\",\"image\":{\"@type\":\"ImageObject\",\"inLanguage\":\"es\",\"@id\":\"https:\/\/gysfm.com.ar\/inicio\/#\/schema\/person\/image\/\",\"url\":\"https:\/\/secure.gravatar.com\/avatar\/096ec78df02049ab018702bb4ccedf659377fa92a26540b5247612077a0dbd29?s=96&d=mm&r=g\",\"contentUrl\":\"https:\/\/secure.gravatar.com\/avatar\/096ec78df02049ab018702bb4ccedf659377fa92a26540b5247612077a0dbd29?s=96&d=mm&r=g\",\"caption\":\"Prensa G&amp;S FM\"},\"sameAs\":[\"https:\/\/gysfm.com.ar\/\"],\"url\":\"https:\/\/gysfm.com.ar\/inicio\/author\/lucasm\/\"}]}<\/script>\n<!-- \/ Yoast SEO plugin. -->","yoast_head_json":{"title":"Empresario argentino, bajo la lupa en M\u00e9xico por el brutal asesinato de un m\u00fasico y su familia - GYS NOTICIAS |","robots":{"index":"index","follow":"follow","max-snippet":"max-snippet:-1","max-image-preview":"max-image-preview:large","max-video-preview":"max-video-preview:-1"},"canonical":"https:\/\/gysfm.com.ar\/inicio\/empresario-argentino-bajo-la-lupa-en-mexico-por-el-brutal-asesinato-de-un-musico-y-su-familia\/","og_locale":"es_ES","og_type":"article","og_title":"Empresario argentino, bajo la lupa en M\u00e9xico por el brutal asesinato de un m\u00fasico y su familia - GYS NOTICIAS |","og_description":"Tiene 51 a\u00f1os y estar\u00eda vinculado al negocio inmobiliario. Fue detenido junto a otro sospechoso por el brutal asesinato de Jonathan Mel\u00e9ndez, su esposa embarazada, su hija de tres a\u00f1os y una empleada dom\u00e9stica. La Justicia mexicana investiga qu\u00e9 relaci\u00f3n tuvo con el m\u00faltiple crimen. Diego Sebasti\u00e1n Rosen Ferlini, un empresario argentino de 51 a\u00f1os, [&hellip;]","og_url":"https:\/\/gysfm.com.ar\/inicio\/empresario-argentino-bajo-la-lupa-en-mexico-por-el-brutal-asesinato-de-un-musico-y-su-familia\/","og_site_name":"GYS NOTICIAS |","article_published_time":"2026-09-04T01:02:14+00:00","og_image":[{"url":"https:\/\/diariosanjuan19.com.ar\/wp-content\/uploads\/2026\/09\/image-41.png","type":"","width":"","height":""}],"author":"Prensa G&amp;S FM","twitter_card":"summary_large_image","twitter_misc":{"Escrito por":"Prensa G&amp;S FM","Tiempo de lectura":"4 minutos"},"schema":{"@context":"https:\/\/schema.org","@graph":[{"@type":"Article","@id":"https:\/\/gysfm.com.ar\/inicio\/empresario-argentino-bajo-la-lupa-en-mexico-por-el-brutal-asesinato-de-un-musico-y-su-familia\/#article","isPartOf":{"@id":"https:\/\/gysfm.com.ar\/inicio\/empresario-argentino-bajo-la-lupa-en-mexico-por-el-brutal-asesinato-de-un-musico-y-su-familia\/"},"author":{"name":"Prensa G&amp;S FM","@id":"https:\/\/gysfm.com.ar\/inicio\/#\/schema\/person\/3abba7593ef2ad19e1be221d54383dc5"},"headline":"Empresario argentino, bajo la lupa en M\u00e9xico por el brutal asesinato de un m\u00fasico y su familia","datePublished":"2026-09-04T01:02:14+00:00","mainEntityOfPage":{"@id":"https:\/\/gysfm.com.ar\/inicio\/empresario-argentino-bajo-la-lupa-en-mexico-por-el-brutal-asesinato-de-un-musico-y-su-familia\/"},"wordCount":838,"publisher":{"@id":"https:\/\/gysfm.com.ar\/inicio\/#organization"},"image":{"@id":"https:\/\/gysfm.com.ar\/inicio\/empresario-argentino-bajo-la-lupa-en-mexico-por-el-brutal-asesinato-de-un-musico-y-su-familia\/#primaryimage"},"thumbnailUrl":"https:\/\/diariosanjuan19.com.ar\/wp-content\/uploads\/2026\/09\/image-41.png","articleSection":["INTERNACIONALES"],"inLanguage":"es"},{"@type":"WebPage","@id":"https:\/\/gysfm.com.ar\/inicio\/empresario-argentino-bajo-la-lupa-en-mexico-por-el-brutal-asesinato-de-un-musico-y-su-familia\/","url":"https:\/\/gysfm.com.ar\/inicio\/empresario-argentino-bajo-la-lupa-en-mexico-por-el-brutal-asesinato-de-un-musico-y-su-familia\/","name":"Empresario argentino, bajo la lupa en M\u00e9xico por el brutal asesinato de un m\u00fasico y su familia - GYS NOTICIAS |","isPartOf":{"@id":"https:\/\/gysfm.com.ar\/inicio\/#website"},"primaryImageOfPage":{"@id":"https:\/\/gysfm.com.ar\/inicio\/empresario-argentino-bajo-la-lupa-en-mexico-por-el-brutal-asesinato-de-un-musico-y-su-familia\/#primaryimage"},"image":{"@id":"https:\/\/gysfm.com.ar\/inicio\/empresario-argentino-bajo-la-lupa-en-mexico-por-el-brutal-asesinato-de-un-musico-y-su-familia\/#primaryimage"},"thumbnailUrl":"https:\/\/diariosanjuan19.com.ar\/wp-content\/uploads\/2026\/09\/image-41.png","datePublished":"2026-09-04T01:02:14+00:00","breadcrumb":{"@id":"https:\/\/gysfm.com.ar\/inicio\/empresario-argentino-bajo-la-lupa-en-mexico-por-el-brutal-asesinato-de-un-musico-y-su-familia\/#breadcrumb"},"inLanguage":"es","potentialAction":[{"@type":"ReadAction","target":["https:\/\/gysfm.com.ar\/inicio\/empresario-argentino-bajo-la-lupa-en-mexico-por-el-brutal-asesinato-de-un-musico-y-su-familia\/"]}]},{"@type":"ImageObject","inLanguage":"es","@id":"https:\/\/gysfm.com.ar\/inicio\/empresario-argentino-bajo-la-lupa-en-mexico-por-el-brutal-asesinato-de-un-musico-y-su-familia\/#primaryimage","url":"https:\/\/diariosanjuan19.com.ar\/wp-content\/uploads\/2026\/09\/image-41.png","contentUrl":"https:\/\/diariosanjuan19.com.ar\/wp-content\/uploads\/2026\/09\/image-41.png"},{"@type":"BreadcrumbList","@id":"https:\/\/gysfm.com.ar\/inicio\/empresario-argentino-bajo-la-lupa-en-mexico-por-el-brutal-asesinato-de-un-musico-y-su-familia\/#breadcrumb","itemListElement":[{"@type":"ListItem","position":1,"name":"Portada","item":"https:\/\/gysfm.com.ar\/inicio\/"},{"@type":"ListItem","position":2,"name":"Empresario argentino, bajo la lupa en M\u00e9xico por el brutal asesinato de un m\u00fasico y su familia"}]},{"@type":"WebSite","@id":"https:\/\/gysfm.com.ar\/inicio\/#website","url":"https:\/\/gysfm.com.ar\/inicio\/","name":"GYS NOTICIAS |","description":"DIARIO - RADIO ONLINE SAN JUAN ARGENTINA","publisher":{"@id":"https:\/\/gysfm.com.ar\/inicio\/#organization"},"potentialAction":[{"@type":"SearchAction","target":{"@type":"EntryPoint","urlTemplate":"https:\/\/gysfm.com.ar\/inicio\/?s={search_term_string}"},"query-input":{"@type":"PropertyValueSpecification","valueRequired":true,"valueName":"search_term_string"}}],"inLanguage":"es"},{"@type":"Organization","@id":"https:\/\/gysfm.com.ar\/inicio\/#organization","name":"GYS NOTICIAS |","url":"https:\/\/gysfm.com.ar\/inicio\/","logo":{"@type":"ImageObject","inLanguage":"es","@id":"https:\/\/gysfm.com.ar\/inicio\/#\/schema\/logo\/image\/","url":"https:\/\/gysfm.com.ar\/inicio\/wp-content\/uploads\/2023\/07\/LOGOGYS-OK.png","contentUrl":"https:\/\/gysfm.com.ar\/inicio\/wp-content\/uploads\/2023\/07\/LOGOGYS-OK.png","width":1170,"height":872,"caption":"GYS NOTICIAS |"},"image":{"@id":"https:\/\/gysfm.com.ar\/inicio\/#\/schema\/logo\/image\/"}},{"@type":"Person","@id":"https:\/\/gysfm.com.ar\/inicio\/#\/schema\/person\/3abba7593ef2ad19e1be221d54383dc5","name":"Prensa G&amp;S FM","image":{"@type":"ImageObject","inLanguage":"es","@id":"https:\/\/gysfm.com.ar\/inicio\/#\/schema\/person\/image\/","url":"https:\/\/secure.gravatar.com\/avatar\/096ec78df02049ab018702bb4ccedf659377fa92a26540b5247612077a0dbd29?s=96&d=mm&r=g","contentUrl":"https:\/\/secure.gravatar.com\/avatar\/096ec78df02049ab018702bb4ccedf659377fa92a26540b5247612077a0dbd29?s=96&d=mm&r=g","caption":"Prensa G&amp;S FM"},"sameAs":["https:\/\/gysfm.com.ar\/"],"url":"https:\/\/gysfm.com.ar\/inicio\/author\/lucasm\/"}]}},"_links":{"self":[{"href":"https:\/\/gysfm.com.ar\/inicio\/wp-json\/wp\/v2\/posts\/210361","targetHints":{"allow":["GET"]}}],"collection":[{"href":"https:\/\/gysfm.com.ar\/inicio\/wp-json\/wp\/v2\/posts"}],"about":[{"href":"https:\/\/gysfm.com.ar\/inicio\/wp-json\/wp\/v2\/types\/post"}],"author":[{"embeddable":true,"href":"https:\/\/gysfm.com.ar\/inicio\/wp-json\/wp\/v2\/users\/2"}],"replies":[{"embeddable":true,"href":"https:\/\/gysfm.com.ar\/inicio\/wp-json\/wp\/v2\/comments?post=210361"}],"version-history":[{"count":0,"href":"https:\/\/gysfm.com.ar\/inicio\/wp-json\/wp\/v2\/posts\/210361\/revisions"}],"wp:attachment":[{"href":"https:\/\/gysfm.com.ar\/inicio\/wp-json\/wp\/v2\/media?parent=210361"}],"wp:term":[{"taxonomy":"category","embeddable":true,"href":"https:\/\/gysfm.com.ar\/inicio\/wp-json\/wp\/v2\/categories?post=210361"},{"taxonomy":"post_tag","embeddable":true,"href":"https:\/\/gysfm.com.ar\/inicio\/wp-json\/wp\/v2\/tags?post=210361"}],"curies":[{"name":"wp","href":"https:\/\/api.w.org\/{rel}","templated":true}]}}