{"id":210352,"date":"2026-09-03T20:37:13","date_gmt":"2026-09-03T23:37:13","guid":{"rendered":"https:\/\/gysfm.com.ar\/inicio\/quienes-son-las-victimas-del-multiple-asesinato-en-mexico-hay-un-argentino-detenido\/"},"modified":"2026-09-03T20:37:14","modified_gmt":"2026-09-03T23:37:14","slug":"quienes-son-las-victimas-del-multiple-asesinato-en-mexico-hay-un-argentino-detenido","status":"publish","type":"post","link":"https:\/\/gysfm.com.ar\/inicio\/quienes-son-las-victimas-del-multiple-asesinato-en-mexico-hay-un-argentino-detenido\/","title":{"rendered":"Qui\u00e9nes son las v\u00edctimas del m\u00faltiple asesinato en M\u00e9xico: hay un argentino detenido"},"content":{"rendered":"<p> <br \/>\n<\/p>\n<div>\n<p class=\"com-paragraph --capital --s text-left\">Un argentino fue<strong> detenido en M\u00e9xico <\/strong>acusado del <a href=\"https:\/\/www.lanacion.com.ar\/el-mundo\/quien-es-diego-sebastian-rosen-el-argentino-detenido-por-el-crimen-de-un-musico-y-su-familia-en-nid03092026\/\" target=\"_self\" title=\"https:\/\/www.lanacion.com.ar\/el-mundo\/quien-es-diego-sebastian-rosen-el-argentino-detenido-por-el-crimen-de-un-musico-y-su-familia-en-nid03092026\/\" class=\"com-link break-word\" data-mrf-recirculation=\"n_link_parrafo\"><strong>m\u00faltiple homicidio<\/strong><\/a> del tecladista y productor de la banda mexicana <strong>Camilo S\u00e9ptimo<\/strong>, <strong>Jonathan Mel\u00e9ndez Ochoa,<\/strong> <strong>y su familia<\/strong>. <strong>Diego Sebasti\u00e1n Rosen<\/strong> est\u00e1 sospechado de haber ingresado en la casa ubicada en Atizap\u00e1n y disparado no s\u00f3lo al m\u00fasico, sino tambi\u00e9n a su<strong> esposa<\/strong>, su <strong>hija Sof\u00eda, de tres a\u00f1os,<\/strong> y una<strong> empleada dom\u00e9stica<\/strong>. El \u00fanico sobreviviente fue <strong>un ni\u00f1o de seis a\u00f1os <\/strong>que se encontraba dentro del domicilio.<\/p>\n<p class=\"com-paragraph --s text-left\"><strong>Ana Paula Barrag\u00e1n<\/strong>, de 35 a\u00f1os y pareja de Mel\u00e9ndez Ochoa, estaba <strong>embarazada de cuatro meses<\/strong>. La empleada, de acuerdo con un comunicado publicado por la banda en sus redes sociales, se llamaba <strong>Aleyda Romero<\/strong>.<\/p>\n<p class=\"com-paragraph --s text-left\">Seg\u00fan public\u00f3 el diario <a href=\"https:\/\/www.eluniversal.com.mx\/metropoli\/asesinan-a-tecladista-de-camilo-septimo-su-esposa-embarazada-y-dos-personas-mas-en-atizapan-detienen-a-dos-presuntos-responsables\/\" target=\"_blank\" title=\"https:\/\/www.eluniversal.com.mx\/metropoli\/asesinan-a-tecladista-de-camilo-septimo-su-esposa-embarazada-y-dos-personas-mas-en-atizapan-detienen-a-dos-presuntos-responsables\/\" class=\"com-link break-word\" data-mrf-recirculation=\"n_link_parrafo\" rel=\"nofollow\"><em>El Universal<\/em><\/a>, las v\u00edctimas fueron encontradas <strong>atadas de manos<\/strong> en una de las habitaciones de la casa. Dos de ellas presentaron <strong>impactos de arma de fuego en la cabeza<\/strong>, mientras que Romero ten\u00eda un<strong> disparo en la espalda<\/strong>, de acuerdo con un reporte de la Fiscal\u00eda General de Justicia del Estado de M\u00e9xico (FGJEM) y la Secretar\u00eda de Seguridad Ciudadana<strong> <\/strong>(SSC).<\/p>\n<p class=\"com-paragraph --s text-left\">El perro de la familia tambi\u00e9n fue hallado <strong>maniatado y sin vida <\/strong>en el mismo lugar, a pocos metros del cuarto en donde se encontraba el \u00fanico sobreviviente, que no presentaba signos de violencia.<\/p>\n<div class=\"content-media\">\n<section role=\"button\" class=\"mod-media   \">\n<figure role=\"button\" tabindex=\"0\" class=\"mod-figure \"><figcaption class=\"mod-figcaption\"><span class=\"com-text --caption --twoxs\">El m\u00fasico fue asesinado a los 38 a\u00f1os<\/span><\/figcaption><\/figure>\n<\/section>\n<\/div>\n<p class=\"com-paragraph --s text-left\">Tras darse a conocer la noticia, las autoridades detuvieron a dos personas. Uno de ellos fue identificado como<strong> Rosen<\/strong>, de 51 a\u00f1os y nacido en la Argentina, quien qued\u00f3 registrado en las c\u00e1maras de seguridad del ascensor de la residencia minutos antes del episodio, seg\u00fan inform\u00f3 <a href=\"https:\/\/x.com\/Radio_Formula\/status\/2095375123347837161\" target=\"_blank\" title=\"https:\/\/x.com\/Radio_Formula\/status\/2095375123347837161\" class=\"com-link break-word\" data-mrf-recirculation=\"n_link_parrafo\" rel=\"nofollow\"><em>Radio F\u00f3rmula<\/em><\/a>. Adem\u00e1s del argentino, se\u00f1alado como socio de Mel\u00e9ndez Ochoa, tambi\u00e9n fue arrestado <strong>Gerardo \u201cN\u201d<\/strong>, investigado por su probable participaci\u00f3n.<\/p>\n<p class=\"com-paragraph --s\">Seg\u00fan las primeras reconstrucciones consignadas por el diario mexicano, <strong>los responsables habr\u00edan utilizado la relaci\u00f3n de confianza que uno de ellos ten\u00eda con Mel\u00e9ndez Ochoa<\/strong> para ingresar al departamento. <\/p>\n<p><h2 class=\"font-primary font-w-bold text-subheading-lg text-left container-center-100 mb-8\"><span>Acusaciones de fraude<\/span><\/h2>\n<\/p>\n<p class=\"com-paragraph --s\"><a href=\"https:\/\/x.com\/Radio_Formula\/status\/2095375123347837161\" target=\"_blank\" title=\"https:\/\/x.com\/Radio_Formula\/status\/2095375123347837161\" class=\"com-link break-word\" data-mrf-recirculation=\"n_link_parrafo\" rel=\"nofollow\"><em>Radio F\u00f3rmula<\/em><\/a><em> <\/em>indic\u00f3 tambi\u00e9n que Rosen es due\u00f1o de una empresa de viajes mexicana llamada <strong>NOMAD Adventures<\/strong>, que ofrec\u00eda \u201cescapes extraordinarios\u201d dentro del pa\u00eds y que ya hab\u00eda sido acusado de estafas.<\/p>\n<p class=\"com-paragraph --s\">En el sitio oficial de la empresa se estipula que su objetivo es garantizar \u201caventuras que rompan con lo ordinario\u201d y la \u201cexploraci\u00f3n de nuevos caminos para reconectar con lo que importa\u201d. \u201cLos l\u00edmites son imaginarios. Solamente lo desconocido conduce al verdadero descubrimiento interior, as\u00ed funciona la naturaleza. La curiosidad es nuestro credo\u201d, mantiene como filosof\u00eda.<\/p>\n<p class=\"com-paragraph --s text-left\">El empresario argentino, en tanto, era socio comercial de Mel\u00e9ndez en la administradora de alquileres vacacionales y desde all\u00ed manten\u00edan un v\u00ednculo. \u201cLas investigaciones establecieron que uno de los detenidos <strong>era socio de una de las v\u00edctimas<\/strong>. Presuntamente, aprovech\u00f3 esa relaci\u00f3n de confianza para ingresar al domicilio\u201d, inform\u00f3 el secretario de Seguridad, Omar Garc\u00eda Harfuch. En ese sentido, el funcionario detall\u00f3 que lograron dar con el paradero de los principales sospechosos en menos de 24 horas.<\/p>\n<div class=\"content-media\">\n<section role=\"button\" class=\"mod-media   \">\n<figure role=\"button\" tabindex=\"0\" class=\"mod-figure \"><figcaption class=\"mod-figcaption\"><span class=\"com-text --caption --twoxs\">Diego Sebasti\u00e1n Rosen<\/span><span class=\"com-text --credit --twoxs\">Gentileza<\/span><\/figcaption><\/figure>\n<\/section>\n<\/div>\n<p class=\"com-paragraph --s\">Tras conocerse la detenci\u00f3n de Rosen, distintas personas denunciaron de manera an\u00f3nima que el argentino los estaf\u00f3 por medio de NOMAD Adventures y que pagaron por servicios que finalmente no recibieron. Seg\u00fan remarcaron las v\u00edctimas, <strong>el empresario se habr\u00eda quedado con 400 mil pesos mexicanos<\/strong>.<\/p>\n<p class=\"com-paragraph --s\">\u201cHacemos esta denuncia porque se nos hace algo injusto. Con mi familia \u00edbamos a celebrar una semana en Acapulco y nos defraudaron por una cantidad muy fuerte. Era el cumplea\u00f1os de mi abuelo y ese fin de semana no logramos estar. Buscamos en la plataforma y coincidimos en que su plataforma es funcional y tiene m\u00e1s de 900 comentarios positivos, de que es confiable. Posterior a eso, toda mi familia intent\u00f3 recabar informaci\u00f3n sobre ellos\u201d, expres\u00f3 uno de los damnificados.<\/p>\n<section class=\"container-center-100 mb-40 border border-bottom border-thin border-neutral-light-700\">\n<hr\/>\n<\/section>\n<\/div>\n<p><script id=\"facebookpixel\" defer=\"\" type=\"text\/javascript\">\n        !function(f,b,e,v,n,t,s)\n        {if(f.fbq)return;n=f.fbq=function(){n.callMethod?\n        n.callMethod.apply(n,arguments):n.queue.push(arguments)};\n        if(!f._fbq)f._fbq=n;n.push=n;n.loaded=!0;n.version='2.0';\n        n.queue=[];t=b.createElement(e);t.async=!0;\n        t.src=v;s=b.getElementsByTagName(e)[0];\n        s.parentNode.insertBefore(t,s)}(window, document,'script',\n        'https:\/\/connect.facebook.net\/en_US\/fbevents.js');\n        fbq('init', '492459597522335');\n        fbq('track', 'PageView');\n    <\/script><br \/>\n<br \/><\/p>\n","protected":false},"excerpt":{"rendered":"<p>Un argentino fue detenido en M\u00e9xico acusado del m\u00faltiple homicidio del tecladista y productor de la banda mexicana Camilo S\u00e9ptimo, Jonathan Mel\u00e9ndez Ochoa, y su familia. Diego Sebasti\u00e1n Rosen est\u00e1 sospechado de haber ingresado en la casa ubicada en Atizap\u00e1n y disparado no s\u00f3lo al m\u00fasico, sino tambi\u00e9n a su esposa, su hija Sof\u00eda, de [&hellip;]<\/p>\n","protected":false},"author":2,"featured_media":210353,"comment_status":"closed","ping_status":"closed","sticky":false,"template":"","format":"standard","meta":{"footnotes":""},"categories":[26],"tags":[],"class_list":["post-210352","post","type-post","status-publish","format-standard","has-post-thumbnail","hentry","category-internacionales"],"yoast_head":"<!-- This site is optimized with the Yoast SEO plugin v24.4 - https:\/\/yoast.com\/wordpress\/plugins\/seo\/ -->\n<title>Qui\u00e9nes son las v\u00edctimas del m\u00faltiple asesinato en M\u00e9xico: hay un argentino detenido - GYS NOTICIAS |<\/title>\n<meta name=\"robots\" content=\"index, follow, max-snippet:-1, max-image-preview:large, max-video-preview:-1\" \/>\n<link rel=\"canonical\" href=\"https:\/\/gysfm.com.ar\/inicio\/quienes-son-las-victimas-del-multiple-asesinato-en-mexico-hay-un-argentino-detenido\/\" \/>\n<meta property=\"og:locale\" content=\"es_ES\" \/>\n<meta property=\"og:type\" content=\"article\" \/>\n<meta property=\"og:title\" content=\"Qui\u00e9nes son las v\u00edctimas del m\u00faltiple asesinato en M\u00e9xico: hay un argentino detenido - GYS NOTICIAS |\" \/>\n<meta property=\"og:description\" content=\"Un argentino fue detenido en M\u00e9xico acusado del m\u00faltiple homicidio del tecladista y productor de la banda mexicana Camilo S\u00e9ptimo, Jonathan Mel\u00e9ndez Ochoa, y su familia. Diego Sebasti\u00e1n Rosen est\u00e1 sospechado de haber ingresado en la casa ubicada en Atizap\u00e1n y disparado no s\u00f3lo al m\u00fasico, sino tambi\u00e9n a su esposa, su hija Sof\u00eda, de [&hellip;]\" \/>\n<meta property=\"og:url\" content=\"https:\/\/gysfm.com.ar\/inicio\/quienes-son-las-victimas-del-multiple-asesinato-en-mexico-hay-un-argentino-detenido\/\" \/>\n<meta property=\"og:site_name\" content=\"GYS NOTICIAS |\" \/>\n<meta property=\"article:published_time\" content=\"2026-09-03T23:37:13+00:00\" \/>\n<meta property=\"article:modified_time\" content=\"2026-09-03T23:37:14+00:00\" \/>\n<meta property=\"og:image\" content=\"https:\/\/gysfm.com.ar\/inicio\/wp-content\/uploads\/2026\/09\/jonathan-melendez-ochoa-y-ana-paula-barragan-dos-4SIDJBIUPZHNFLOGDFC3ORGXHU.jpg\" \/>\n\t<meta property=\"og:image:width\" content=\"1200\" \/>\n\t<meta property=\"og:image:height\" content=\"800\" \/>\n\t<meta property=\"og:image:type\" content=\"image\/jpeg\" \/>\n<meta name=\"author\" content=\"Prensa G&amp;S FM\" \/>\n<meta name=\"twitter:card\" content=\"summary_large_image\" \/>\n<meta name=\"twitter:label1\" content=\"Escrito por\" \/>\n\t<meta name=\"twitter:data1\" content=\"Prensa G&amp;S FM\" \/>\n\t<meta name=\"twitter:label2\" content=\"Tiempo de lectura\" \/>\n\t<meta name=\"twitter:data2\" content=\"3 minutos\" \/>\n<script type=\"application\/ld+json\" class=\"yoast-schema-graph\">{\"@context\":\"https:\/\/schema.org\",\"@graph\":[{\"@type\":\"Article\",\"@id\":\"https:\/\/gysfm.com.ar\/inicio\/quienes-son-las-victimas-del-multiple-asesinato-en-mexico-hay-un-argentino-detenido\/#article\",\"isPartOf\":{\"@id\":\"https:\/\/gysfm.com.ar\/inicio\/quienes-son-las-victimas-del-multiple-asesinato-en-mexico-hay-un-argentino-detenido\/\"},\"author\":{\"name\":\"Prensa G&amp;S FM\",\"@id\":\"https:\/\/gysfm.com.ar\/inicio\/#\/schema\/person\/3abba7593ef2ad19e1be221d54383dc5\"},\"headline\":\"Qui\u00e9nes son las v\u00edctimas del m\u00faltiple asesinato en M\u00e9xico: hay un argentino detenido\",\"datePublished\":\"2026-09-03T23:37:13+00:00\",\"dateModified\":\"2026-09-03T23:37:14+00:00\",\"mainEntityOfPage\":{\"@id\":\"https:\/\/gysfm.com.ar\/inicio\/quienes-son-las-victimas-del-multiple-asesinato-en-mexico-hay-un-argentino-detenido\/\"},\"wordCount\":687,\"publisher\":{\"@id\":\"https:\/\/gysfm.com.ar\/inicio\/#organization\"},\"image\":{\"@id\":\"https:\/\/gysfm.com.ar\/inicio\/quienes-son-las-victimas-del-multiple-asesinato-en-mexico-hay-un-argentino-detenido\/#primaryimage\"},\"thumbnailUrl\":\"https:\/\/gysfm.com.ar\/inicio\/wp-content\/uploads\/2026\/09\/jonathan-melendez-ochoa-y-ana-paula-barragan-dos-4SIDJBIUPZHNFLOGDFC3ORGXHU.jpg\",\"articleSection\":[\"INTERNACIONALES\"],\"inLanguage\":\"es\"},{\"@type\":\"WebPage\",\"@id\":\"https:\/\/gysfm.com.ar\/inicio\/quienes-son-las-victimas-del-multiple-asesinato-en-mexico-hay-un-argentino-detenido\/\",\"url\":\"https:\/\/gysfm.com.ar\/inicio\/quienes-son-las-victimas-del-multiple-asesinato-en-mexico-hay-un-argentino-detenido\/\",\"name\":\"Qui\u00e9nes son las v\u00edctimas del m\u00faltiple asesinato en M\u00e9xico: hay un argentino detenido - GYS NOTICIAS |\",\"isPartOf\":{\"@id\":\"https:\/\/gysfm.com.ar\/inicio\/#website\"},\"primaryImageOfPage\":{\"@id\":\"https:\/\/gysfm.com.ar\/inicio\/quienes-son-las-victimas-del-multiple-asesinato-en-mexico-hay-un-argentino-detenido\/#primaryimage\"},\"image\":{\"@id\":\"https:\/\/gysfm.com.ar\/inicio\/quienes-son-las-victimas-del-multiple-asesinato-en-mexico-hay-un-argentino-detenido\/#primaryimage\"},\"thumbnailUrl\":\"https:\/\/gysfm.com.ar\/inicio\/wp-content\/uploads\/2026\/09\/jonathan-melendez-ochoa-y-ana-paula-barragan-dos-4SIDJBIUPZHNFLOGDFC3ORGXHU.jpg\",\"datePublished\":\"2026-09-03T23:37:13+00:00\",\"dateModified\":\"2026-09-03T23:37:14+00:00\",\"breadcrumb\":{\"@id\":\"https:\/\/gysfm.com.ar\/inicio\/quienes-son-las-victimas-del-multiple-asesinato-en-mexico-hay-un-argentino-detenido\/#breadcrumb\"},\"inLanguage\":\"es\",\"potentialAction\":[{\"@type\":\"ReadAction\",\"target\":[\"https:\/\/gysfm.com.ar\/inicio\/quienes-son-las-victimas-del-multiple-asesinato-en-mexico-hay-un-argentino-detenido\/\"]}]},{\"@type\":\"ImageObject\",\"inLanguage\":\"es\",\"@id\":\"https:\/\/gysfm.com.ar\/inicio\/quienes-son-las-victimas-del-multiple-asesinato-en-mexico-hay-un-argentino-detenido\/#primaryimage\",\"url\":\"https:\/\/gysfm.com.ar\/inicio\/wp-content\/uploads\/2026\/09\/jonathan-melendez-ochoa-y-ana-paula-barragan-dos-4SIDJBIUPZHNFLOGDFC3ORGXHU.jpg\",\"contentUrl\":\"https:\/\/gysfm.com.ar\/inicio\/wp-content\/uploads\/2026\/09\/jonathan-melendez-ochoa-y-ana-paula-barragan-dos-4SIDJBIUPZHNFLOGDFC3ORGXHU.jpg\",\"width\":1200,\"height\":800},{\"@type\":\"BreadcrumbList\",\"@id\":\"https:\/\/gysfm.com.ar\/inicio\/quienes-son-las-victimas-del-multiple-asesinato-en-mexico-hay-un-argentino-detenido\/#breadcrumb\",\"itemListElement\":[{\"@type\":\"ListItem\",\"position\":1,\"name\":\"Portada\",\"item\":\"https:\/\/gysfm.com.ar\/inicio\/\"},{\"@type\":\"ListItem\",\"position\":2,\"name\":\"Qui\u00e9nes son las v\u00edctimas del m\u00faltiple asesinato en M\u00e9xico: hay un argentino detenido\"}]},{\"@type\":\"WebSite\",\"@id\":\"https:\/\/gysfm.com.ar\/inicio\/#website\",\"url\":\"https:\/\/gysfm.com.ar\/inicio\/\",\"name\":\"GYS NOTICIAS |\",\"description\":\"DIARIO - RADIO ONLINE SAN JUAN ARGENTINA\",\"publisher\":{\"@id\":\"https:\/\/gysfm.com.ar\/inicio\/#organization\"},\"potentialAction\":[{\"@type\":\"SearchAction\",\"target\":{\"@type\":\"EntryPoint\",\"urlTemplate\":\"https:\/\/gysfm.com.ar\/inicio\/?s={search_term_string}\"},\"query-input\":{\"@type\":\"PropertyValueSpecification\",\"valueRequired\":true,\"valueName\":\"search_term_string\"}}],\"inLanguage\":\"es\"},{\"@type\":\"Organization\",\"@id\":\"https:\/\/gysfm.com.ar\/inicio\/#organization\",\"name\":\"GYS NOTICIAS |\",\"url\":\"https:\/\/gysfm.com.ar\/inicio\/\",\"logo\":{\"@type\":\"ImageObject\",\"inLanguage\":\"es\",\"@id\":\"https:\/\/gysfm.com.ar\/inicio\/#\/schema\/logo\/image\/\",\"url\":\"https:\/\/gysfm.com.ar\/inicio\/wp-content\/uploads\/2023\/07\/LOGOGYS-OK.png\",\"contentUrl\":\"https:\/\/gysfm.com.ar\/inicio\/wp-content\/uploads\/2023\/07\/LOGOGYS-OK.png\",\"width\":1170,\"height\":872,\"caption\":\"GYS NOTICIAS |\"},\"image\":{\"@id\":\"https:\/\/gysfm.com.ar\/inicio\/#\/schema\/logo\/image\/\"}},{\"@type\":\"Person\",\"@id\":\"https:\/\/gysfm.com.ar\/inicio\/#\/schema\/person\/3abba7593ef2ad19e1be221d54383dc5\",\"name\":\"Prensa G&amp;S FM\",\"image\":{\"@type\":\"ImageObject\",\"inLanguage\":\"es\",\"@id\":\"https:\/\/gysfm.com.ar\/inicio\/#\/schema\/person\/image\/\",\"url\":\"https:\/\/secure.gravatar.com\/avatar\/096ec78df02049ab018702bb4ccedf659377fa92a26540b5247612077a0dbd29?s=96&d=mm&r=g\",\"contentUrl\":\"https:\/\/secure.gravatar.com\/avatar\/096ec78df02049ab018702bb4ccedf659377fa92a26540b5247612077a0dbd29?s=96&d=mm&r=g\",\"caption\":\"Prensa G&amp;S FM\"},\"sameAs\":[\"https:\/\/gysfm.com.ar\/\"],\"url\":\"https:\/\/gysfm.com.ar\/inicio\/author\/lucasm\/\"}]}<\/script>\n<!-- \/ Yoast SEO plugin. -->","yoast_head_json":{"title":"Qui\u00e9nes son las v\u00edctimas del m\u00faltiple asesinato en M\u00e9xico: hay un argentino detenido - GYS NOTICIAS |","robots":{"index":"index","follow":"follow","max-snippet":"max-snippet:-1","max-image-preview":"max-image-preview:large","max-video-preview":"max-video-preview:-1"},"canonical":"https:\/\/gysfm.com.ar\/inicio\/quienes-son-las-victimas-del-multiple-asesinato-en-mexico-hay-un-argentino-detenido\/","og_locale":"es_ES","og_type":"article","og_title":"Qui\u00e9nes son las v\u00edctimas del m\u00faltiple asesinato en M\u00e9xico: hay un argentino detenido - GYS NOTICIAS |","og_description":"Un argentino fue detenido en M\u00e9xico acusado del m\u00faltiple homicidio del tecladista y productor de la banda mexicana Camilo S\u00e9ptimo, Jonathan Mel\u00e9ndez Ochoa, y su familia. Diego Sebasti\u00e1n Rosen est\u00e1 sospechado de haber ingresado en la casa ubicada en Atizap\u00e1n y disparado no s\u00f3lo al m\u00fasico, sino tambi\u00e9n a su esposa, su hija Sof\u00eda, de [&hellip;]","og_url":"https:\/\/gysfm.com.ar\/inicio\/quienes-son-las-victimas-del-multiple-asesinato-en-mexico-hay-un-argentino-detenido\/","og_site_name":"GYS NOTICIAS |","article_published_time":"2026-09-03T23:37:13+00:00","article_modified_time":"2026-09-03T23:37:14+00:00","og_image":[{"width":1200,"height":800,"url":"https:\/\/gysfm.com.ar\/inicio\/wp-content\/uploads\/2026\/09\/jonathan-melendez-ochoa-y-ana-paula-barragan-dos-4SIDJBIUPZHNFLOGDFC3ORGXHU.jpg","type":"image\/jpeg"}],"author":"Prensa G&amp;S FM","twitter_card":"summary_large_image","twitter_misc":{"Escrito por":"Prensa G&amp;S FM","Tiempo de lectura":"3 minutos"},"schema":{"@context":"https:\/\/schema.org","@graph":[{"@type":"Article","@id":"https:\/\/gysfm.com.ar\/inicio\/quienes-son-las-victimas-del-multiple-asesinato-en-mexico-hay-un-argentino-detenido\/#article","isPartOf":{"@id":"https:\/\/gysfm.com.ar\/inicio\/quienes-son-las-victimas-del-multiple-asesinato-en-mexico-hay-un-argentino-detenido\/"},"author":{"name":"Prensa G&amp;S FM","@id":"https:\/\/gysfm.com.ar\/inicio\/#\/schema\/person\/3abba7593ef2ad19e1be221d54383dc5"},"headline":"Qui\u00e9nes son las v\u00edctimas del m\u00faltiple asesinato en M\u00e9xico: hay un argentino detenido","datePublished":"2026-09-03T23:37:13+00:00","dateModified":"2026-09-03T23:37:14+00:00","mainEntityOfPage":{"@id":"https:\/\/gysfm.com.ar\/inicio\/quienes-son-las-victimas-del-multiple-asesinato-en-mexico-hay-un-argentino-detenido\/"},"wordCount":687,"publisher":{"@id":"https:\/\/gysfm.com.ar\/inicio\/#organization"},"image":{"@id":"https:\/\/gysfm.com.ar\/inicio\/quienes-son-las-victimas-del-multiple-asesinato-en-mexico-hay-un-argentino-detenido\/#primaryimage"},"thumbnailUrl":"https:\/\/gysfm.com.ar\/inicio\/wp-content\/uploads\/2026\/09\/jonathan-melendez-ochoa-y-ana-paula-barragan-dos-4SIDJBIUPZHNFLOGDFC3ORGXHU.jpg","articleSection":["INTERNACIONALES"],"inLanguage":"es"},{"@type":"WebPage","@id":"https:\/\/gysfm.com.ar\/inicio\/quienes-son-las-victimas-del-multiple-asesinato-en-mexico-hay-un-argentino-detenido\/","url":"https:\/\/gysfm.com.ar\/inicio\/quienes-son-las-victimas-del-multiple-asesinato-en-mexico-hay-un-argentino-detenido\/","name":"Qui\u00e9nes son las v\u00edctimas del m\u00faltiple asesinato en M\u00e9xico: hay un argentino detenido - GYS NOTICIAS |","isPartOf":{"@id":"https:\/\/gysfm.com.ar\/inicio\/#website"},"primaryImageOfPage":{"@id":"https:\/\/gysfm.com.ar\/inicio\/quienes-son-las-victimas-del-multiple-asesinato-en-mexico-hay-un-argentino-detenido\/#primaryimage"},"image":{"@id":"https:\/\/gysfm.com.ar\/inicio\/quienes-son-las-victimas-del-multiple-asesinato-en-mexico-hay-un-argentino-detenido\/#primaryimage"},"thumbnailUrl":"https:\/\/gysfm.com.ar\/inicio\/wp-content\/uploads\/2026\/09\/jonathan-melendez-ochoa-y-ana-paula-barragan-dos-4SIDJBIUPZHNFLOGDFC3ORGXHU.jpg","datePublished":"2026-09-03T23:37:13+00:00","dateModified":"2026-09-03T23:37:14+00:00","breadcrumb":{"@id":"https:\/\/gysfm.com.ar\/inicio\/quienes-son-las-victimas-del-multiple-asesinato-en-mexico-hay-un-argentino-detenido\/#breadcrumb"},"inLanguage":"es","potentialAction":[{"@type":"ReadAction","target":["https:\/\/gysfm.com.ar\/inicio\/quienes-son-las-victimas-del-multiple-asesinato-en-mexico-hay-un-argentino-detenido\/"]}]},{"@type":"ImageObject","inLanguage":"es","@id":"https:\/\/gysfm.com.ar\/inicio\/quienes-son-las-victimas-del-multiple-asesinato-en-mexico-hay-un-argentino-detenido\/#primaryimage","url":"https:\/\/gysfm.com.ar\/inicio\/wp-content\/uploads\/2026\/09\/jonathan-melendez-ochoa-y-ana-paula-barragan-dos-4SIDJBIUPZHNFLOGDFC3ORGXHU.jpg","contentUrl":"https:\/\/gysfm.com.ar\/inicio\/wp-content\/uploads\/2026\/09\/jonathan-melendez-ochoa-y-ana-paula-barragan-dos-4SIDJBIUPZHNFLOGDFC3ORGXHU.jpg","width":1200,"height":800},{"@type":"BreadcrumbList","@id":"https:\/\/gysfm.com.ar\/inicio\/quienes-son-las-victimas-del-multiple-asesinato-en-mexico-hay-un-argentino-detenido\/#breadcrumb","itemListElement":[{"@type":"ListItem","position":1,"name":"Portada","item":"https:\/\/gysfm.com.ar\/inicio\/"},{"@type":"ListItem","position":2,"name":"Qui\u00e9nes son las v\u00edctimas del m\u00faltiple asesinato en M\u00e9xico: hay un argentino detenido"}]},{"@type":"WebSite","@id":"https:\/\/gysfm.com.ar\/inicio\/#website","url":"https:\/\/gysfm.com.ar\/inicio\/","name":"GYS NOTICIAS |","description":"DIARIO - RADIO ONLINE SAN JUAN ARGENTINA","publisher":{"@id":"https:\/\/gysfm.com.ar\/inicio\/#organization"},"potentialAction":[{"@type":"SearchAction","target":{"@type":"EntryPoint","urlTemplate":"https:\/\/gysfm.com.ar\/inicio\/?s={search_term_string}"},"query-input":{"@type":"PropertyValueSpecification","valueRequired":true,"valueName":"search_term_string"}}],"inLanguage":"es"},{"@type":"Organization","@id":"https:\/\/gysfm.com.ar\/inicio\/#organization","name":"GYS NOTICIAS |","url":"https:\/\/gysfm.com.ar\/inicio\/","logo":{"@type":"ImageObject","inLanguage":"es","@id":"https:\/\/gysfm.com.ar\/inicio\/#\/schema\/logo\/image\/","url":"https:\/\/gysfm.com.ar\/inicio\/wp-content\/uploads\/2023\/07\/LOGOGYS-OK.png","contentUrl":"https:\/\/gysfm.com.ar\/inicio\/wp-content\/uploads\/2023\/07\/LOGOGYS-OK.png","width":1170,"height":872,"caption":"GYS NOTICIAS |"},"image":{"@id":"https:\/\/gysfm.com.ar\/inicio\/#\/schema\/logo\/image\/"}},{"@type":"Person","@id":"https:\/\/gysfm.com.ar\/inicio\/#\/schema\/person\/3abba7593ef2ad19e1be221d54383dc5","name":"Prensa G&amp;S FM","image":{"@type":"ImageObject","inLanguage":"es","@id":"https:\/\/gysfm.com.ar\/inicio\/#\/schema\/person\/image\/","url":"https:\/\/secure.gravatar.com\/avatar\/096ec78df02049ab018702bb4ccedf659377fa92a26540b5247612077a0dbd29?s=96&d=mm&r=g","contentUrl":"https:\/\/secure.gravatar.com\/avatar\/096ec78df02049ab018702bb4ccedf659377fa92a26540b5247612077a0dbd29?s=96&d=mm&r=g","caption":"Prensa G&amp;S FM"},"sameAs":["https:\/\/gysfm.com.ar\/"],"url":"https:\/\/gysfm.com.ar\/inicio\/author\/lucasm\/"}]}},"_links":{"self":[{"href":"https:\/\/gysfm.com.ar\/inicio\/wp-json\/wp\/v2\/posts\/210352","targetHints":{"allow":["GET"]}}],"collection":[{"href":"https:\/\/gysfm.com.ar\/inicio\/wp-json\/wp\/v2\/posts"}],"about":[{"href":"https:\/\/gysfm.com.ar\/inicio\/wp-json\/wp\/v2\/types\/post"}],"author":[{"embeddable":true,"href":"https:\/\/gysfm.com.ar\/inicio\/wp-json\/wp\/v2\/users\/2"}],"replies":[{"embeddable":true,"href":"https:\/\/gysfm.com.ar\/inicio\/wp-json\/wp\/v2\/comments?post=210352"}],"version-history":[{"count":1,"href":"https:\/\/gysfm.com.ar\/inicio\/wp-json\/wp\/v2\/posts\/210352\/revisions"}],"predecessor-version":[{"id":210354,"href":"https:\/\/gysfm.com.ar\/inicio\/wp-json\/wp\/v2\/posts\/210352\/revisions\/210354"}],"wp:featuredmedia":[{"embeddable":true,"href":"https:\/\/gysfm.com.ar\/inicio\/wp-json\/wp\/v2\/media\/210353"}],"wp:attachment":[{"href":"https:\/\/gysfm.com.ar\/inicio\/wp-json\/wp\/v2\/media?parent=210352"}],"wp:term":[{"taxonomy":"category","embeddable":true,"href":"https:\/\/gysfm.com.ar\/inicio\/wp-json\/wp\/v2\/categories?post=210352"},{"taxonomy":"post_tag","embeddable":true,"href":"https:\/\/gysfm.com.ar\/inicio\/wp-json\/wp\/v2\/tags?post=210352"}],"curies":[{"name":"wp","href":"https:\/\/api.w.org\/{rel}","templated":true}]}}