{"id":210344,"date":"2026-09-03T19:36:10","date_gmt":"2026-09-03T22:36:10","guid":{"rendered":"https:\/\/gysfm.com.ar\/inicio\/masacre-en-mexico-que-se-sabe-del-argentino-detenido-por-el-crimen-de-un-musico-y-su-familia\/"},"modified":"2026-09-03T19:36:11","modified_gmt":"2026-09-03T22:36:11","slug":"masacre-en-mexico-que-se-sabe-del-argentino-detenido-por-el-crimen-de-un-musico-y-su-familia","status":"publish","type":"post","link":"https:\/\/gysfm.com.ar\/inicio\/masacre-en-mexico-que-se-sabe-del-argentino-detenido-por-el-crimen-de-un-musico-y-su-familia\/","title":{"rendered":"Masacre en M\u00e9xico: qu\u00e9 se sabe del argentino detenido por el crimen de un m\u00fasico y su familia"},"content":{"rendered":"<p> <br \/>\n<\/p>\n<div>\n<p class=\"com-paragraph --capital --s\">La investigaci\u00f3n por la <a href=\"https:\/\/www.lanacion.com.ar\/el-mundo\/mexico-un-argentino-fue-detenido-por-el-asesinato-de-un-musico-y-su-familia-en-su-casa-nid03092026\/?R=5a0b5f\/\" target=\"_self\" title=\"https:\/\/www.lanacion.com.ar\/el-mundo\/mexico-un-argentino-fue-detenido-por-el-asesinato-de-un-musico-y-su-familia-en-su-casa-nid03092026\/?R=5a0b5f\/\" class=\"com-link break-word\" data-mrf-recirculation=\"n_link_parrafo\"><strong>masacre de una familia en Atizap\u00e1n, M\u00e9xico<\/strong><\/a>, tiene entre sus principales sospechosos a un ciudadano argentino. Se trata de <strong>Diego Sebasti\u00e1n Rosen<\/strong>, un empresario de 51 a\u00f1os que fue detenido por su presunta participaci\u00f3n en el asesinato del m\u00fasico <strong>Jonathan Mel\u00e9ndez Ochoa<\/strong>, <strong>su esposa embarazada<\/strong>, <strong>su hija de tres a\u00f1os <\/strong>y <strong>una empleada dom\u00e9stica<\/strong>. <\/p>\n<p class=\"com-paragraph --s\">El hombre manten\u00eda una relaci\u00f3n comercial con Mel\u00e9ndez Ochoa, tecladista y productor de la banda mexicana <strong>Camilo S\u00e9ptimo<\/strong>. De acuerdo con la reconstrucci\u00f3n de las autoridades, habr\u00eda aprovechado ese v\u00ednculo de confianza para ingresar a la vivienda donde ocurri\u00f3 el m\u00faltiple crimen.<\/p>\n<p class=\"com-paragraph --s\">Rosen fue detenido junto con <strong>Gerardo \u201cN\u201d<\/strong>, otro hombre investigado por su probable participaci\u00f3n. Ambos quedaron a disposici\u00f3n de la Justicia despu\u00e9s de un operativo realizado por la Fiscal\u00eda General de Justicia del Estado de M\u00e9xico (FGJEM) y la Secretar\u00eda de Seguridad Ciudadana (SSC).<\/p>\n<div class=\"content-media\">\n<section role=\"button\" class=\"mod-media   \">\n<figure role=\"button\" tabindex=\"0\" class=\"mod-figure \"><figcaption class=\"mod-figcaption\"><span class=\"com-text --caption --twoxs\">El homicida fue registrado por las c\u00e1maras de seguridad<\/span><\/figcaption><\/figure>\n<\/section>\n<\/div>\n<p><h2 class=\"font-primary font-w-bold text-subheading-lg text-left container-center-100 mb-8\"><span>Qui\u00e9n es Diego Sebasti\u00e1n Rosen<\/span><\/h2>\n<\/p>\n<p class=\"com-paragraph --s\">El argentino se\u00f1alado en la causa tiene <strong>51 a\u00f1os<\/strong> y es propietario de una empresa de viajes mexicana llamada <strong>NOMAD Adventures<\/strong>, dedicada a ofrecer experiencias y alojamientos tur\u00edsticos dentro del pa\u00eds.<\/p>\n<p class=\"com-paragraph --s\">Seg\u00fan inform\u00f3 el medio mexicano <em>Radio F\u00f3rmula<\/em>, Rosen manten\u00eda adem\u00e1s un v\u00ednculo socio-comercial con Mel\u00e9ndez Ochoa en una administradora de rentas vacacionales. Esa relaci\u00f3n es uno de los elementos centrales de la investigaci\u00f3n, debido a que habr\u00eda facilitado su ingreso al domicilio del artista. <\/p>\n<div class=\"content-media\">\n<section role=\"button\" class=\"mod-media   \">\n<figure role=\"button\" tabindex=\"0\" class=\"mod-figure \"><figcaption class=\"mod-figcaption\"><span class=\"com-text --caption --twoxs\">Diego Sebasti\u00e1n Rosen, el argentino que mat\u00f3 a una familia en M\u00e9xico<\/span><span class=\"com-text --credit --twoxs\">Gentileza<\/span><\/figcaption><\/figure>\n<\/section>\n<\/div>\n<p class=\"com-paragraph --s\">\u201cLas investigaciones establecieron que uno de los detenidos <strong>era socio de una de las v\u00edctimas<\/strong>. Presuntamente, aprovech\u00f3 esa relaci\u00f3n de confianza para ingresar al domicilio\u201d, explic\u00f3 el secretario de Seguridad mexicano, <strong>Omar Garc\u00eda Harfuch<\/strong>.<\/p>\n<p class=\"com-paragraph --s\">El funcionario indic\u00f3 que los investigadores consiguieron localizar y detener a los principales sospechosos <strong>en menos de 24 horas<\/strong>. \u201cAnte un crimen de esta gravedad, las instituciones actuaron de manera inmediata y coordinada. <strong>Los dos probables responsables ya est\u00e1n detenidos y ser\u00e1n puestos a disposici\u00f3n de la Justicia<\/strong>\u201d, sostuvo.<\/p>\n<div class=\"content-media\">\n<section role=\"button\" class=\"mod-media   \">\n<figure role=\"button\" tabindex=\"0\" class=\"mod-figure \"><figcaption class=\"mod-figcaption\"><span class=\"com-text --caption --twoxs\">La imagen de los detenidos que difundi\u00f3 la Fiscal\u00eda<\/span><\/figcaption><\/figure>\n<\/section>\n<\/div>\n<p><h2 class=\"font-primary font-w-bold text-subheading-lg text-left container-center-100 mb-8\"><span>El video que lo ubica en el edificio<\/span><\/h2>\n<\/p>\n<p class=\"com-paragraph --s\">Uno de los elementos incorporados a la investigaci\u00f3n es una grabaci\u00f3n tomada por las c\u00e1maras de seguridad del ascensor del edificio donde viv\u00eda el m\u00fasico.<\/p>\n<p class=\"com-paragraph --s\">En el video, de casi 30 segundos, se observa a Rosen con <strong>gorra, anteojos oscuros y una mochila<\/strong>, mientras espera llegar al piso correspondiente. Antes de abandonar el ascensor, gira la cabeza y mira fijamente hacia la c\u00e1mara de videovigilancia. <\/p>\n<div class=\"content-media cursor-pointer container-center-100\">\n<section class=\"media-container relative ratio-16-9 mod-media pb-32\">\n<figure class=\"mod-video\">\n<div class=\"video-player bg-black ratio-16-9\" data-has-jwplayer=\"true\" data-video-id-jw=\"sztbBDSF\" data-config=\"{&quot;title&quot;:&quot;El homicida al ser registrado por las c\u00e1maras de seguridad&quot;,&quot;mediaId&quot;:&quot;sztbBDSF&quot;,&quot;playerId&quot;:&quot;ih0086X3&quot;,&quot;playlist&quot;:[{&quot;mediaid&quot;:&quot;sztbBDSF&quot;,&quot;sources&quot;:[{&quot;file&quot;:&quot;https:\/\/cdn.jwplayer.com\/manifests\/sztbBDSF.m3u8&quot;,&quot;type&quot;:&quot;application\/vnd.apple.mpegurl&quot;},{&quot;bitrate&quot;:203671,&quot;file&quot;:&quot;https:\/\/cdn.jwplayer.com\/videos\/sztbBDSF-kTExGaWf.mp4&quot;,&quot;filesize&quot;:611014,&quot;framerate&quot;:30,&quot;height&quot;:320,&quot;label&quot;:&quot;180p&quot;,&quot;type&quot;:&quot;video\/mp4&quot;,&quot;width&quot;:180},{&quot;bitrate&quot;:299737,&quot;file&quot;:&quot;https:\/\/cdn.jwplayer.com\/videos\/sztbBDSF-K8B0kybS.mp4&quot;,&quot;filesize&quot;:899212,&quot;framerate&quot;:30,&quot;height&quot;:480,&quot;label&quot;:&quot;270p&quot;,&quot;type&quot;:&quot;video\/mp4&quot;,&quot;width&quot;:270},{&quot;bitrate&quot;:116229,&quot;file&quot;:&quot;https:\/\/cdn.jwplayer.com\/videos\/sztbBDSF-hz5z2Tv4.m4a&quot;,&quot;filesize&quot;:348688,&quot;label&quot;:&quot;AAC Audio&quot;,&quot;type&quot;:&quot;audio\/mp4&quot;},{&quot;bitrate&quot;:377829,&quot;file&quot;:&quot;https:\/\/cdn.jwplayer.com\/videos\/sztbBDSF-FnZGUVnC.mp4&quot;,&quot;filesize&quot;:1133489,&quot;framerate&quot;:30,&quot;height&quot;:640,&quot;label&quot;:&quot;360p&quot;,&quot;type&quot;:&quot;video\/mp4&quot;,&quot;width&quot;:360},{&quot;bitrate&quot;:624737,&quot;file&quot;:&quot;https:\/\/cdn.jwplayer.com\/videos\/sztbBDSF-0G6Pwvlw.mp4&quot;,&quot;filesize&quot;:1874212,&quot;framerate&quot;:30,&quot;height&quot;:960,&quot;label&quot;:&quot;540p&quot;,&quot;type&quot;:&quot;video\/mp4&quot;,&quot;width&quot;:540}]}],&quot;hasAutoplay&quot;:false,&quot;autostart&quot;:true,&quot;tagsUrl&quot;:&quot;https:\/\/pubads.g.doubleclick.net\/gampad\/ads?slotname=\/133919216\/la_nacion_video\/nota\/preroll&amp;sz=640x480|400x300&amp;ciu_szs=300x250&amp;unviewed_position_start=1&amp;output=vast&amp;impl=s&amp;env=vp&amp;gdfp_req=1&amp;ad_rule=0&amp;vad_type=linear&amp;vpos=preroll&amp;cust_params=tags_nuevos%3Dte_mexico%2Cte_ln_%2Cte_audiencia%2Cca_el_mundo%2Cca_ln_%2C%2CACXTF3FQCZDJFCHMWVT7GANNMQ&amp;pod=3&amp;ppos=1&amp;lip=true&amp;min_ad_duration=0&amp;max_ad_duration=30000&amp;vrid=6256&amp;url=https%3A%2F%2Fwww.lanacion.com.ar%2Fel-mundo%2Fmasacre-en-mexico-que-se-sabe-del-argentino-detenido-por-el-crimen-de-un-musico-y-su-familia-nid03092026%2F%3Fvariant%3DA&amp;description_url=https%3A%2F%2Fwww.lanacion.com.ar%2Fel-mundo%2Fmasacre-en-mexico-que-se-sabe-del-argentino-detenido-por-el-crimen-de-un-musico-y-su-familia-nid03092026%2F%3Fvariant%3DA&amp;video_doc_id=short_onecue&amp;cmsid=496&amp;kfa=0&amp;tfcd=0&amp;correlator=1788474479739&quot;,&quot;arcSite&quot;:&quot;la-nacion-ar&quot;,&quot;duration&quot;:&quot;24000&quot;}\">\n<div id=\"facade-sztbBDSF\" class=\"content-facade-jw relative bg-black ratio-16-9\"><picture><source media=\"(max-width: 767px)\" srcset=\"https:\/\/www.lanacion.com.ar\/resizer\/v2\/https%3A%2F%2Fcdn.jwplayer.com%2Fv2%2Fmedia%2FsztbBDSF%2Fposter.jpg%3Fwidth%3D720?auth=511acfae300093751cf0a266736a9588eec616bbadc4ce77ffd2143e3c8eaa96&amp;width=480&amp;quality=70&amp;smart=false\"\/><\/picture><\/div>\n<\/div><figcaption class=\"border border-1 border-bottom border-light-300 relative px-16 py-8 min-h-36 w-100_md px-0_l mb-8 bg-transparent\"><span class=\"text ln-text text-16 block\">El homicida al ser registrado por las c\u00e1maras de seguridad<\/span><\/figcaption><\/figure>\n<\/section>\n<\/div>\n<p><h2 class=\"font-primary font-w-bold text-subheading-lg text-left container-center-100 mb-8\"><span>C\u00f3mo ocurri\u00f3 la masacre<\/span><\/h2>\n<\/p>\n<p class=\"com-paragraph --s\">El crimen ocurri\u00f3 el martes en la casa de Jonathan Mel\u00e9ndez Ochoa, ubicada en <strong>Atizap\u00e1n<\/strong>, en el \u00e1rea metropolitana de la Ciudad de M\u00e9xico. Dentro de la propiedad fueron asesinados el m\u00fasico, de 38 a\u00f1os; su esposa, <strong>Ana Paula Barrag\u00e1n<\/strong>, que cursaba un embarazo de cuatro meses; la hija de ambos, de tres a\u00f1os; y una empleada dom\u00e9stica. Tambi\u00e9n mataron al perro de la familia.<\/p>\n<p class=\"com-paragraph --s\">El \u00fanico sobreviviente fue un <strong>ni\u00f1o de seis a\u00f1os<\/strong> que se encontraba dentro de la vivienda cuando ocurri\u00f3 el ataque.<\/p>\n<p class=\"com-paragraph --s\">De acuerdo con las primeras pericias de la Fiscal\u00eda, los cuerpos del tecladista y de su esposa fueron encontrados maniatados, al igual que la mascota. <strong>La menor ten\u00eda un impacto de arma de fuego en la cabeza<\/strong>, mientras que <strong>la trabajadora dom\u00e9stica presentaba disparos en la espalda<\/strong>.<\/p>\n<p class=\"com-paragraph --s\">La hip\u00f3tesis inicial sostiene que los responsables pudieron ingresar sin forzar los accesos debido al v\u00ednculo de confianza que Rosen manten\u00eda con el m\u00fasico. Por el momento, las autoridades no informaron cu\u00e1l habr\u00eda sido el m\u00f3vil del m\u00faltiple homicidio.<\/p>\n<div class=\"content-media\">\n<section role=\"button\" class=\"mod-media   \">\n<figure role=\"button\" tabindex=\"0\" class=\"mod-figure \"><figcaption class=\"mod-figcaption\"><span class=\"com-text --caption --twoxs\">El m\u00fasico fue asesinado a los 38 a\u00f1os<\/span><\/figcaption><\/figure>\n<\/section>\n<\/div>\n<p><h2 class=\"font-primary font-w-bold text-subheading-lg text-left container-center-100 mb-8\"><span>Las denuncias por presuntas estafas <\/span><\/h2>\n<\/p>\n<p class=\"com-paragraph --s\">Despu\u00e9s de conocerse la detenci\u00f3n, varias personas denunciaron de manera an\u00f3nima haber sido v\u00edctimas de presuntas estafas cometidas a trav\u00e9s de <strong>NOMAD Adventures<\/strong>. Los damnificados afirmaron que pagaron por alojamientos y servicios tur\u00edsticos que finalmente no recibieron.<\/p>\n<p class=\"com-paragraph --s\">Seg\u00fan los testimonios difundidos por <em>Radio F\u00f3rmula<\/em>, Rosen se habr\u00eda quedado con alrededor de <strong>400.000 pesos mexicanos<\/strong>. Una de las personas afectadas explic\u00f3 que su familia hab\u00eda contratado una estad\u00eda en Acapulco para celebrar el cumplea\u00f1os de su abuelo, pero que el viaje no pudo concretarse.<\/p>\n<p class=\"com-paragraph --s\">\u201c<strong>Hacemos esta denuncia porque se nos hace algo injusto. Con mi familia \u00edbamos a celebrar una semana en Acapulco y nos defraudaron por una cantidad muy fuerte<\/strong>\u201d, relat\u00f3 el denunciante. Tambi\u00e9n se\u00f1al\u00f3 que hab\u00edan confiado en el servicio debido a los m\u00e1s de 900 comentarios positivos que encontraron en una plataforma de alojamientos.<\/p>\n<div class=\"content-media\">\n<section role=\"button\" class=\"mod-media   \">\n<figure role=\"button\" tabindex=\"0\" class=\"mod-figure \"><figcaption class=\"mod-figcaption\"><span class=\"com-text --caption --twoxs\">Diego Sebasti\u00e1n Rosen, el argentino que mat\u00f3 a una familia en M\u00e9xico<\/span><span class=\"com-text --credit --twoxs\">Gentileza<\/span><\/figcaption><\/figure>\n<\/section>\n<\/div>\n<p><h2 class=\"font-primary font-w-bold text-subheading-lg text-left container-center-100 mb-8\"><span>Qui\u00e9n era Jonathan Mel\u00e9ndez Ochoa <\/span><\/h2>\n<\/p>\n<p class=\"com-paragraph --s\">Mel\u00e9ndez Ochoa era tecladista, productor e integrante de <strong>Camilo S\u00e9ptimo<\/strong>, una reconocida banda de indie rock formada en la Ciudad de M\u00e9xico en 2013. El grupo se completa con <strong>Manuel \u201cCoe\u201d Mendoza<\/strong>, en voz y bajo, y <strong>Erik V\u00e1zquez<\/strong>, en guitarra.<\/p>\n<p class=\"com-paragraph --s\">La agrupaci\u00f3n public\u00f3 el EP <em>Maya<\/em> en 2014 y los \u00e1lbumes <em>figuran \u00d3leos (2017), Navegantes (2019) y Ecos (2022), y el EP inicial Maya (2014)<\/em>. <\/p>\n<\/div>\n<p><script id=\"facebookpixel\" defer=\"\" type=\"text\/javascript\">\n        !function(f,b,e,v,n,t,s)\n        {if(f.fbq)return;n=f.fbq=function(){n.callMethod?\n        n.callMethod.apply(n,arguments):n.queue.push(arguments)};\n        if(!f._fbq)f._fbq=n;n.push=n;n.loaded=!0;n.version='2.0';\n        n.queue=[];t=b.createElement(e);t.async=!0;\n        t.src=v;s=b.getElementsByTagName(e)[0];\n        s.parentNode.insertBefore(t,s)}(window, document,'script',\n        'https:\/\/connect.facebook.net\/en_US\/fbevents.js');\n        fbq('init', '492459597522335');\n        fbq('track', 'PageView');\n    <\/script><br \/>\n<br \/><\/p>\n","protected":false},"excerpt":{"rendered":"<p>La investigaci\u00f3n por la masacre de una familia en Atizap\u00e1n, M\u00e9xico, tiene entre sus principales sospechosos a un ciudadano argentino. Se trata de Diego Sebasti\u00e1n Rosen, un empresario de 51 a\u00f1os que fue detenido por su presunta participaci\u00f3n en el asesinato del m\u00fasico Jonathan Mel\u00e9ndez Ochoa, su esposa embarazada, su hija de tres a\u00f1os y [&hellip;]<\/p>\n","protected":false},"author":2,"featured_media":210345,"comment_status":"closed","ping_status":"closed","sticky":false,"template":"","format":"standard","meta":{"footnotes":""},"categories":[26],"tags":[],"class_list":["post-210344","post","type-post","status-publish","format-standard","has-post-thumbnail","hentry","category-internacionales"],"yoast_head":"<!-- This site is optimized with the Yoast SEO plugin v24.4 - https:\/\/yoast.com\/wordpress\/plugins\/seo\/ -->\n<title>Masacre en M\u00e9xico: qu\u00e9 se sabe del argentino detenido por el crimen de un m\u00fasico y su familia - GYS NOTICIAS |<\/title>\n<meta name=\"robots\" content=\"index, follow, max-snippet:-1, max-image-preview:large, max-video-preview:-1\" \/>\n<link rel=\"canonical\" href=\"https:\/\/gysfm.com.ar\/inicio\/masacre-en-mexico-que-se-sabe-del-argentino-detenido-por-el-crimen-de-un-musico-y-su-familia\/\" \/>\n<meta property=\"og:locale\" content=\"es_ES\" \/>\n<meta property=\"og:type\" content=\"article\" \/>\n<meta property=\"og:title\" content=\"Masacre en M\u00e9xico: qu\u00e9 se sabe del argentino detenido por el crimen de un m\u00fasico y su familia - GYS NOTICIAS |\" \/>\n<meta property=\"og:description\" content=\"La investigaci\u00f3n por la masacre de una familia en Atizap\u00e1n, M\u00e9xico, tiene entre sus principales sospechosos a un ciudadano argentino. Se trata de Diego Sebasti\u00e1n Rosen, un empresario de 51 a\u00f1os que fue detenido por su presunta participaci\u00f3n en el asesinato del m\u00fasico Jonathan Mel\u00e9ndez Ochoa, su esposa embarazada, su hija de tres a\u00f1os y [&hellip;]\" \/>\n<meta property=\"og:url\" content=\"https:\/\/gysfm.com.ar\/inicio\/masacre-en-mexico-que-se-sabe-del-argentino-detenido-por-el-crimen-de-un-musico-y-su-familia\/\" \/>\n<meta property=\"og:site_name\" content=\"GYS NOTICIAS |\" \/>\n<meta property=\"article:published_time\" content=\"2026-09-03T22:36:10+00:00\" \/>\n<meta property=\"article:modified_time\" content=\"2026-09-03T22:36:11+00:00\" \/>\n<meta property=\"og:image\" content=\"https:\/\/gysfm.com.ar\/inicio\/wp-content\/uploads\/2026\/09\/diego-sebastian-rosen-el-argentino-que-mato-a-una-5AVHSWJBWRBRPEFGCIV5WN4BOM.jpg\" \/>\n\t<meta property=\"og:image:width\" content=\"1200\" \/>\n\t<meta property=\"og:image:height\" content=\"675\" \/>\n\t<meta property=\"og:image:type\" content=\"image\/jpeg\" \/>\n<meta name=\"author\" content=\"Prensa G&amp;S FM\" \/>\n<meta name=\"twitter:card\" content=\"summary_large_image\" \/>\n<meta name=\"twitter:label1\" content=\"Escrito por\" \/>\n\t<meta name=\"twitter:data1\" content=\"Prensa G&amp;S FM\" \/>\n\t<meta name=\"twitter:label2\" content=\"Tiempo de lectura\" \/>\n\t<meta name=\"twitter:data2\" content=\"5 minutos\" \/>\n<script type=\"application\/ld+json\" class=\"yoast-schema-graph\">{\"@context\":\"https:\/\/schema.org\",\"@graph\":[{\"@type\":\"Article\",\"@id\":\"https:\/\/gysfm.com.ar\/inicio\/masacre-en-mexico-que-se-sabe-del-argentino-detenido-por-el-crimen-de-un-musico-y-su-familia\/#article\",\"isPartOf\":{\"@id\":\"https:\/\/gysfm.com.ar\/inicio\/masacre-en-mexico-que-se-sabe-del-argentino-detenido-por-el-crimen-de-un-musico-y-su-familia\/\"},\"author\":{\"name\":\"Prensa G&amp;S FM\",\"@id\":\"https:\/\/gysfm.com.ar\/inicio\/#\/schema\/person\/3abba7593ef2ad19e1be221d54383dc5\"},\"headline\":\"Masacre en M\u00e9xico: qu\u00e9 se sabe del argentino detenido por el crimen de un m\u00fasico y su familia\",\"datePublished\":\"2026-09-03T22:36:10+00:00\",\"dateModified\":\"2026-09-03T22:36:11+00:00\",\"mainEntityOfPage\":{\"@id\":\"https:\/\/gysfm.com.ar\/inicio\/masacre-en-mexico-que-se-sabe-del-argentino-detenido-por-el-crimen-de-un-musico-y-su-familia\/\"},\"wordCount\":943,\"publisher\":{\"@id\":\"https:\/\/gysfm.com.ar\/inicio\/#organization\"},\"image\":{\"@id\":\"https:\/\/gysfm.com.ar\/inicio\/masacre-en-mexico-que-se-sabe-del-argentino-detenido-por-el-crimen-de-un-musico-y-su-familia\/#primaryimage\"},\"thumbnailUrl\":\"https:\/\/gysfm.com.ar\/inicio\/wp-content\/uploads\/2026\/09\/diego-sebastian-rosen-el-argentino-que-mato-a-una-5AVHSWJBWRBRPEFGCIV5WN4BOM.jpg\",\"articleSection\":[\"INTERNACIONALES\"],\"inLanguage\":\"es\"},{\"@type\":\"WebPage\",\"@id\":\"https:\/\/gysfm.com.ar\/inicio\/masacre-en-mexico-que-se-sabe-del-argentino-detenido-por-el-crimen-de-un-musico-y-su-familia\/\",\"url\":\"https:\/\/gysfm.com.ar\/inicio\/masacre-en-mexico-que-se-sabe-del-argentino-detenido-por-el-crimen-de-un-musico-y-su-familia\/\",\"name\":\"Masacre en M\u00e9xico: qu\u00e9 se sabe del argentino detenido por el crimen de un m\u00fasico y su familia - GYS NOTICIAS |\",\"isPartOf\":{\"@id\":\"https:\/\/gysfm.com.ar\/inicio\/#website\"},\"primaryImageOfPage\":{\"@id\":\"https:\/\/gysfm.com.ar\/inicio\/masacre-en-mexico-que-se-sabe-del-argentino-detenido-por-el-crimen-de-un-musico-y-su-familia\/#primaryimage\"},\"image\":{\"@id\":\"https:\/\/gysfm.com.ar\/inicio\/masacre-en-mexico-que-se-sabe-del-argentino-detenido-por-el-crimen-de-un-musico-y-su-familia\/#primaryimage\"},\"thumbnailUrl\":\"https:\/\/gysfm.com.ar\/inicio\/wp-content\/uploads\/2026\/09\/diego-sebastian-rosen-el-argentino-que-mato-a-una-5AVHSWJBWRBRPEFGCIV5WN4BOM.jpg\",\"datePublished\":\"2026-09-03T22:36:10+00:00\",\"dateModified\":\"2026-09-03T22:36:11+00:00\",\"breadcrumb\":{\"@id\":\"https:\/\/gysfm.com.ar\/inicio\/masacre-en-mexico-que-se-sabe-del-argentino-detenido-por-el-crimen-de-un-musico-y-su-familia\/#breadcrumb\"},\"inLanguage\":\"es\",\"potentialAction\":[{\"@type\":\"ReadAction\",\"target\":[\"https:\/\/gysfm.com.ar\/inicio\/masacre-en-mexico-que-se-sabe-del-argentino-detenido-por-el-crimen-de-un-musico-y-su-familia\/\"]}]},{\"@type\":\"ImageObject\",\"inLanguage\":\"es\",\"@id\":\"https:\/\/gysfm.com.ar\/inicio\/masacre-en-mexico-que-se-sabe-del-argentino-detenido-por-el-crimen-de-un-musico-y-su-familia\/#primaryimage\",\"url\":\"https:\/\/gysfm.com.ar\/inicio\/wp-content\/uploads\/2026\/09\/diego-sebastian-rosen-el-argentino-que-mato-a-una-5AVHSWJBWRBRPEFGCIV5WN4BOM.jpg\",\"contentUrl\":\"https:\/\/gysfm.com.ar\/inicio\/wp-content\/uploads\/2026\/09\/diego-sebastian-rosen-el-argentino-que-mato-a-una-5AVHSWJBWRBRPEFGCIV5WN4BOM.jpg\",\"width\":1200,\"height\":675},{\"@type\":\"BreadcrumbList\",\"@id\":\"https:\/\/gysfm.com.ar\/inicio\/masacre-en-mexico-que-se-sabe-del-argentino-detenido-por-el-crimen-de-un-musico-y-su-familia\/#breadcrumb\",\"itemListElement\":[{\"@type\":\"ListItem\",\"position\":1,\"name\":\"Portada\",\"item\":\"https:\/\/gysfm.com.ar\/inicio\/\"},{\"@type\":\"ListItem\",\"position\":2,\"name\":\"Masacre en M\u00e9xico: qu\u00e9 se sabe del argentino detenido por el crimen de un m\u00fasico y su familia\"}]},{\"@type\":\"WebSite\",\"@id\":\"https:\/\/gysfm.com.ar\/inicio\/#website\",\"url\":\"https:\/\/gysfm.com.ar\/inicio\/\",\"name\":\"GYS NOTICIAS |\",\"description\":\"DIARIO - RADIO ONLINE SAN JUAN ARGENTINA\",\"publisher\":{\"@id\":\"https:\/\/gysfm.com.ar\/inicio\/#organization\"},\"potentialAction\":[{\"@type\":\"SearchAction\",\"target\":{\"@type\":\"EntryPoint\",\"urlTemplate\":\"https:\/\/gysfm.com.ar\/inicio\/?s={search_term_string}\"},\"query-input\":{\"@type\":\"PropertyValueSpecification\",\"valueRequired\":true,\"valueName\":\"search_term_string\"}}],\"inLanguage\":\"es\"},{\"@type\":\"Organization\",\"@id\":\"https:\/\/gysfm.com.ar\/inicio\/#organization\",\"name\":\"GYS NOTICIAS |\",\"url\":\"https:\/\/gysfm.com.ar\/inicio\/\",\"logo\":{\"@type\":\"ImageObject\",\"inLanguage\":\"es\",\"@id\":\"https:\/\/gysfm.com.ar\/inicio\/#\/schema\/logo\/image\/\",\"url\":\"https:\/\/gysfm.com.ar\/inicio\/wp-content\/uploads\/2023\/07\/LOGOGYS-OK.png\",\"contentUrl\":\"https:\/\/gysfm.com.ar\/inicio\/wp-content\/uploads\/2023\/07\/LOGOGYS-OK.png\",\"width\":1170,\"height\":872,\"caption\":\"GYS NOTICIAS |\"},\"image\":{\"@id\":\"https:\/\/gysfm.com.ar\/inicio\/#\/schema\/logo\/image\/\"}},{\"@type\":\"Person\",\"@id\":\"https:\/\/gysfm.com.ar\/inicio\/#\/schema\/person\/3abba7593ef2ad19e1be221d54383dc5\",\"name\":\"Prensa G&amp;S FM\",\"image\":{\"@type\":\"ImageObject\",\"inLanguage\":\"es\",\"@id\":\"https:\/\/gysfm.com.ar\/inicio\/#\/schema\/person\/image\/\",\"url\":\"https:\/\/secure.gravatar.com\/avatar\/096ec78df02049ab018702bb4ccedf659377fa92a26540b5247612077a0dbd29?s=96&d=mm&r=g\",\"contentUrl\":\"https:\/\/secure.gravatar.com\/avatar\/096ec78df02049ab018702bb4ccedf659377fa92a26540b5247612077a0dbd29?s=96&d=mm&r=g\",\"caption\":\"Prensa G&amp;S FM\"},\"sameAs\":[\"https:\/\/gysfm.com.ar\/\"],\"url\":\"https:\/\/gysfm.com.ar\/inicio\/author\/lucasm\/\"}]}<\/script>\n<!-- \/ Yoast SEO plugin. -->","yoast_head_json":{"title":"Masacre en M\u00e9xico: qu\u00e9 se sabe del argentino detenido por el crimen de un m\u00fasico y su familia - GYS NOTICIAS |","robots":{"index":"index","follow":"follow","max-snippet":"max-snippet:-1","max-image-preview":"max-image-preview:large","max-video-preview":"max-video-preview:-1"},"canonical":"https:\/\/gysfm.com.ar\/inicio\/masacre-en-mexico-que-se-sabe-del-argentino-detenido-por-el-crimen-de-un-musico-y-su-familia\/","og_locale":"es_ES","og_type":"article","og_title":"Masacre en M\u00e9xico: qu\u00e9 se sabe del argentino detenido por el crimen de un m\u00fasico y su familia - GYS NOTICIAS |","og_description":"La investigaci\u00f3n por la masacre de una familia en Atizap\u00e1n, M\u00e9xico, tiene entre sus principales sospechosos a un ciudadano argentino. Se trata de Diego Sebasti\u00e1n Rosen, un empresario de 51 a\u00f1os que fue detenido por su presunta participaci\u00f3n en el asesinato del m\u00fasico Jonathan Mel\u00e9ndez Ochoa, su esposa embarazada, su hija de tres a\u00f1os y [&hellip;]","og_url":"https:\/\/gysfm.com.ar\/inicio\/masacre-en-mexico-que-se-sabe-del-argentino-detenido-por-el-crimen-de-un-musico-y-su-familia\/","og_site_name":"GYS NOTICIAS |","article_published_time":"2026-09-03T22:36:10+00:00","article_modified_time":"2026-09-03T22:36:11+00:00","og_image":[{"width":1200,"height":675,"url":"https:\/\/gysfm.com.ar\/inicio\/wp-content\/uploads\/2026\/09\/diego-sebastian-rosen-el-argentino-que-mato-a-una-5AVHSWJBWRBRPEFGCIV5WN4BOM.jpg","type":"image\/jpeg"}],"author":"Prensa G&amp;S FM","twitter_card":"summary_large_image","twitter_misc":{"Escrito por":"Prensa G&amp;S FM","Tiempo de lectura":"5 minutos"},"schema":{"@context":"https:\/\/schema.org","@graph":[{"@type":"Article","@id":"https:\/\/gysfm.com.ar\/inicio\/masacre-en-mexico-que-se-sabe-del-argentino-detenido-por-el-crimen-de-un-musico-y-su-familia\/#article","isPartOf":{"@id":"https:\/\/gysfm.com.ar\/inicio\/masacre-en-mexico-que-se-sabe-del-argentino-detenido-por-el-crimen-de-un-musico-y-su-familia\/"},"author":{"name":"Prensa G&amp;S FM","@id":"https:\/\/gysfm.com.ar\/inicio\/#\/schema\/person\/3abba7593ef2ad19e1be221d54383dc5"},"headline":"Masacre en M\u00e9xico: qu\u00e9 se sabe del argentino detenido por el crimen de un m\u00fasico y su familia","datePublished":"2026-09-03T22:36:10+00:00","dateModified":"2026-09-03T22:36:11+00:00","mainEntityOfPage":{"@id":"https:\/\/gysfm.com.ar\/inicio\/masacre-en-mexico-que-se-sabe-del-argentino-detenido-por-el-crimen-de-un-musico-y-su-familia\/"},"wordCount":943,"publisher":{"@id":"https:\/\/gysfm.com.ar\/inicio\/#organization"},"image":{"@id":"https:\/\/gysfm.com.ar\/inicio\/masacre-en-mexico-que-se-sabe-del-argentino-detenido-por-el-crimen-de-un-musico-y-su-familia\/#primaryimage"},"thumbnailUrl":"https:\/\/gysfm.com.ar\/inicio\/wp-content\/uploads\/2026\/09\/diego-sebastian-rosen-el-argentino-que-mato-a-una-5AVHSWJBWRBRPEFGCIV5WN4BOM.jpg","articleSection":["INTERNACIONALES"],"inLanguage":"es"},{"@type":"WebPage","@id":"https:\/\/gysfm.com.ar\/inicio\/masacre-en-mexico-que-se-sabe-del-argentino-detenido-por-el-crimen-de-un-musico-y-su-familia\/","url":"https:\/\/gysfm.com.ar\/inicio\/masacre-en-mexico-que-se-sabe-del-argentino-detenido-por-el-crimen-de-un-musico-y-su-familia\/","name":"Masacre en M\u00e9xico: qu\u00e9 se sabe del argentino detenido por el crimen de un m\u00fasico y su familia - GYS NOTICIAS |","isPartOf":{"@id":"https:\/\/gysfm.com.ar\/inicio\/#website"},"primaryImageOfPage":{"@id":"https:\/\/gysfm.com.ar\/inicio\/masacre-en-mexico-que-se-sabe-del-argentino-detenido-por-el-crimen-de-un-musico-y-su-familia\/#primaryimage"},"image":{"@id":"https:\/\/gysfm.com.ar\/inicio\/masacre-en-mexico-que-se-sabe-del-argentino-detenido-por-el-crimen-de-un-musico-y-su-familia\/#primaryimage"},"thumbnailUrl":"https:\/\/gysfm.com.ar\/inicio\/wp-content\/uploads\/2026\/09\/diego-sebastian-rosen-el-argentino-que-mato-a-una-5AVHSWJBWRBRPEFGCIV5WN4BOM.jpg","datePublished":"2026-09-03T22:36:10+00:00","dateModified":"2026-09-03T22:36:11+00:00","breadcrumb":{"@id":"https:\/\/gysfm.com.ar\/inicio\/masacre-en-mexico-que-se-sabe-del-argentino-detenido-por-el-crimen-de-un-musico-y-su-familia\/#breadcrumb"},"inLanguage":"es","potentialAction":[{"@type":"ReadAction","target":["https:\/\/gysfm.com.ar\/inicio\/masacre-en-mexico-que-se-sabe-del-argentino-detenido-por-el-crimen-de-un-musico-y-su-familia\/"]}]},{"@type":"ImageObject","inLanguage":"es","@id":"https:\/\/gysfm.com.ar\/inicio\/masacre-en-mexico-que-se-sabe-del-argentino-detenido-por-el-crimen-de-un-musico-y-su-familia\/#primaryimage","url":"https:\/\/gysfm.com.ar\/inicio\/wp-content\/uploads\/2026\/09\/diego-sebastian-rosen-el-argentino-que-mato-a-una-5AVHSWJBWRBRPEFGCIV5WN4BOM.jpg","contentUrl":"https:\/\/gysfm.com.ar\/inicio\/wp-content\/uploads\/2026\/09\/diego-sebastian-rosen-el-argentino-que-mato-a-una-5AVHSWJBWRBRPEFGCIV5WN4BOM.jpg","width":1200,"height":675},{"@type":"BreadcrumbList","@id":"https:\/\/gysfm.com.ar\/inicio\/masacre-en-mexico-que-se-sabe-del-argentino-detenido-por-el-crimen-de-un-musico-y-su-familia\/#breadcrumb","itemListElement":[{"@type":"ListItem","position":1,"name":"Portada","item":"https:\/\/gysfm.com.ar\/inicio\/"},{"@type":"ListItem","position":2,"name":"Masacre en M\u00e9xico: qu\u00e9 se sabe del argentino detenido por el crimen de un m\u00fasico y su familia"}]},{"@type":"WebSite","@id":"https:\/\/gysfm.com.ar\/inicio\/#website","url":"https:\/\/gysfm.com.ar\/inicio\/","name":"GYS NOTICIAS |","description":"DIARIO - RADIO ONLINE SAN JUAN ARGENTINA","publisher":{"@id":"https:\/\/gysfm.com.ar\/inicio\/#organization"},"potentialAction":[{"@type":"SearchAction","target":{"@type":"EntryPoint","urlTemplate":"https:\/\/gysfm.com.ar\/inicio\/?s={search_term_string}"},"query-input":{"@type":"PropertyValueSpecification","valueRequired":true,"valueName":"search_term_string"}}],"inLanguage":"es"},{"@type":"Organization","@id":"https:\/\/gysfm.com.ar\/inicio\/#organization","name":"GYS NOTICIAS |","url":"https:\/\/gysfm.com.ar\/inicio\/","logo":{"@type":"ImageObject","inLanguage":"es","@id":"https:\/\/gysfm.com.ar\/inicio\/#\/schema\/logo\/image\/","url":"https:\/\/gysfm.com.ar\/inicio\/wp-content\/uploads\/2023\/07\/LOGOGYS-OK.png","contentUrl":"https:\/\/gysfm.com.ar\/inicio\/wp-content\/uploads\/2023\/07\/LOGOGYS-OK.png","width":1170,"height":872,"caption":"GYS NOTICIAS |"},"image":{"@id":"https:\/\/gysfm.com.ar\/inicio\/#\/schema\/logo\/image\/"}},{"@type":"Person","@id":"https:\/\/gysfm.com.ar\/inicio\/#\/schema\/person\/3abba7593ef2ad19e1be221d54383dc5","name":"Prensa G&amp;S FM","image":{"@type":"ImageObject","inLanguage":"es","@id":"https:\/\/gysfm.com.ar\/inicio\/#\/schema\/person\/image\/","url":"https:\/\/secure.gravatar.com\/avatar\/096ec78df02049ab018702bb4ccedf659377fa92a26540b5247612077a0dbd29?s=96&d=mm&r=g","contentUrl":"https:\/\/secure.gravatar.com\/avatar\/096ec78df02049ab018702bb4ccedf659377fa92a26540b5247612077a0dbd29?s=96&d=mm&r=g","caption":"Prensa G&amp;S FM"},"sameAs":["https:\/\/gysfm.com.ar\/"],"url":"https:\/\/gysfm.com.ar\/inicio\/author\/lucasm\/"}]}},"_links":{"self":[{"href":"https:\/\/gysfm.com.ar\/inicio\/wp-json\/wp\/v2\/posts\/210344","targetHints":{"allow":["GET"]}}],"collection":[{"href":"https:\/\/gysfm.com.ar\/inicio\/wp-json\/wp\/v2\/posts"}],"about":[{"href":"https:\/\/gysfm.com.ar\/inicio\/wp-json\/wp\/v2\/types\/post"}],"author":[{"embeddable":true,"href":"https:\/\/gysfm.com.ar\/inicio\/wp-json\/wp\/v2\/users\/2"}],"replies":[{"embeddable":true,"href":"https:\/\/gysfm.com.ar\/inicio\/wp-json\/wp\/v2\/comments?post=210344"}],"version-history":[{"count":1,"href":"https:\/\/gysfm.com.ar\/inicio\/wp-json\/wp\/v2\/posts\/210344\/revisions"}],"predecessor-version":[{"id":210346,"href":"https:\/\/gysfm.com.ar\/inicio\/wp-json\/wp\/v2\/posts\/210344\/revisions\/210346"}],"wp:featuredmedia":[{"embeddable":true,"href":"https:\/\/gysfm.com.ar\/inicio\/wp-json\/wp\/v2\/media\/210345"}],"wp:attachment":[{"href":"https:\/\/gysfm.com.ar\/inicio\/wp-json\/wp\/v2\/media?parent=210344"}],"wp:term":[{"taxonomy":"category","embeddable":true,"href":"https:\/\/gysfm.com.ar\/inicio\/wp-json\/wp\/v2\/categories?post=210344"},{"taxonomy":"post_tag","embeddable":true,"href":"https:\/\/gysfm.com.ar\/inicio\/wp-json\/wp\/v2\/tags?post=210344"}],"curies":[{"name":"wp","href":"https:\/\/api.w.org\/{rel}","templated":true}]}}