{"id":210339,"date":"2026-09-03T18:35:07","date_gmt":"2026-09-03T21:35:07","guid":{"rendered":"https:\/\/gysfm.com.ar\/inicio\/la-pequena-isla-flotante-que-aparecio-en-canada-desaparecio-y-fue-localizada-de-nuevo\/"},"modified":"2026-09-03T18:35:08","modified_gmt":"2026-09-03T21:35:08","slug":"la-pequena-isla-flotante-que-aparecio-en-canada-desaparecio-y-fue-localizada-de-nuevo","status":"publish","type":"post","link":"https:\/\/gysfm.com.ar\/inicio\/la-pequena-isla-flotante-que-aparecio-en-canada-desaparecio-y-fue-localizada-de-nuevo\/","title":{"rendered":"La peque\u00f1a isla flotante que apareci\u00f3 en Canad\u00e1, desapareci\u00f3 y fue localizada de nuevo"},"content":{"rendered":"<p> <br \/>\n<\/p>\n<div>\n<p class=\"com-paragraph --s\"><strong>Una peque\u00f1a isla flotante en un lago de Canad\u00e1 fue localizada de nuevo, despu\u00e9s de que las autoridades perdieran su rastro <\/strong>en las im\u00e1genes satelitales tras su descubrimiento inicial.<\/p>\n<p class=\"com-paragraph --s\">La isla boscosa fue vista por primera vez a principios de agosto en medio del <strong>lago Williston<\/strong> \u2014el de agua dulce m\u00e1s grande de la provincia canadiense de Columbia Brit\u00e1nica\u2014 por unos navegantes que grabaron la escena en un video que posteriormente se hizo viral.<\/p>\n<p class=\"com-paragraph --s\">Una imagen satelital de finales de julio confirm\u00f3 la existencia de la isla, cuyo tama\u00f1o equivale aproximadamente al de <strong>un campo y medio de f\u00fatbol<\/strong>.<\/p>\n<p class=\"com-paragraph --s\">Sin embargo, pocas semanas despu\u00e9s, <strong>la isla hab\u00eda desaparecido de ese lugar<\/strong>.<\/p>\n<p class=\"com-paragraph --s\">Las autoridades de Columbia Brit\u00e1nica anunciaron que hab\u00edan logrado localizarla de nuevo, aunque no est\u00e1 claro qu\u00e9 ocurri\u00f3.<\/p>\n<p><h2 class=\"font-primary font-w-bold text-subheading-lg text-left container-center-100 mb-8\"><span>Qu\u00e9 pas\u00f3 con la isla<\/span><\/h2>\n<\/p>\n<p class=\"com-paragraph --s\"><strong>Bob Gammer, portavoz de BC Hydro<\/strong> \u2014la empresa p\u00fablica que gestiona el lago y una presa cercana\u2014 supo de la existencia de la isla tras ver un video que circulaba por las redes sociales canadienses.<\/p>\n<p class=\"com-paragraph --s\">El video, grabado por unos navegantes, mostraba una porci\u00f3n de tierra boscosa que parec\u00eda flotar y balancearse sobre el agua.<\/p>\n<p class=\"com-paragraph --s\">Gammer cont\u00f3 que, al principio, pens\u00f3 que se trataba de <strong>un video generado por inteligencia artificial<\/strong>.<\/p>\n<p class=\"com-paragraph --s\"><strong>\u201cPens\u00e9: \u2018Bueno, esto podr\u00eda ser en cualquier lugar\u2019\u201d<\/strong>, le dijo a la BBC. <strong>\u201cTal vez no sea real\u201d<\/strong>.<\/p>\n<p class=\"com-paragraph --s\">Sin embargo, una imagen satelital del <strong>21 de julio<\/strong>, recuperada por su equipo, confirm\u00f3 que era real y que efectivamente flotaba en medio del lago, en una zona remota del norte de la provincia.<\/p>\n<p class=\"com-paragraph --s\">No obstante, la isla parec\u00eda haber desaparecido en otra imagen satelital tomada apenas unas semanas despu\u00e9s, el <strong>5 de agosto<\/strong>.<\/p>\n<p class=\"com-paragraph --s\">Su desaparici\u00f3n fue noticia en varios medios internacionales y despert\u00f3 curiosidad en todo el mundo.<\/p>\n<p class=\"com-paragraph --s\"><strong>\u201cSimplemente no sabemos a d\u00f3nde fue\u201d<\/strong>, dijo Gammer. <strong>\u201c\u00bfSe hundi\u00f3? \u00bfSe desplaz\u00f3 hacia otro rinc\u00f3n del embalse?\u201d<\/strong>.<\/p>\n<p class=\"com-paragraph --s\">Gammer afirm\u00f3 que ahora puede despejar esas dudas.<\/p>\n<p class=\"com-paragraph --s\">Seg\u00fan explic\u00f3, la isla parece haber ido a la deriva hasta la orilla y encallado <strong>a unos 30 km del lugar donde fue vista por primera vez<\/strong>.<\/p>\n<p class=\"com-paragraph --s\">Esto, a\u00f1adi\u00f3, fue confirmado por una nueva imagen satelital y por el testimonio de dos pilotos que sobrevolaron la zona.<\/p>\n<p class=\"com-paragraph --s\">BC Hydro estima que la isla tiene una superficie de <strong>9.800 metros cuadrados -una hect\u00e1rea-, aproximadamente el tama\u00f1o de 1,5 campos de f\u00fatbol<\/strong>.<\/p>\n<p class=\"com-paragraph --s\">En cuanto a su origen, Gammer se\u00f1al\u00f3 que BC Hydro a\u00fan no tiene plena certeza, pero existe una teor\u00eda s\u00f3lida: es probable que la isla se haya formado a lo largo de muchos a\u00f1os mediante la acumulaci\u00f3n de madera flotante, que sirvi\u00f3 de base para que plantas y \u00e1rboles echaran ra\u00edces.<\/p>\n<p class=\"com-paragraph --s\">Cree que la isla se desprendi\u00f3 de la orilla del embalse este verano boreal, cuando el nivel del agua alcanz\u00f3 <strong>una altura no vista desde 2012<\/strong>.<\/p>\n<p><h2 class=\"font-primary font-w-bold text-subheading-lg text-left container-center-100 mb-8\"><span>Islas flotantes \u201ccomo un iceberg\u201d <\/span><\/h2>\n<\/p>\n<div class=\"content-media\">\n<section role=\"button\" class=\"mod-media   \">\n<figure role=\"button\" tabindex=\"0\" class=\"mod-figure \"><figcaption class=\"mod-figcaption\"><span class=\"com-text --caption --twoxs\">Canad\u00e1 alberga una enorme cantidad de lagos, que cubren buena parte de su extenso territorio<\/span><\/figcaption><\/figure>\n<\/section>\n<\/div>\n<p class=\"com-paragraph --s\">Tambi\u00e9n se han avistado islas flotantes en otros lugares.<\/p>\n<p class=\"com-paragraph --s\">Una de ellas, situada en el lago Chippewa, en Wisconsin, se conoce como <strong>Forty Acre Bog (Pantano de 40 Acres)<\/strong>.<\/p>\n<p class=\"com-paragraph --s\">Se cree que surgi\u00f3 cuando masas de turba se desprendieron del fondo del lago y flotaron hasta la superficie.<\/p>\n<p class=\"com-paragraph --s\">Algunos a\u00f1os, los navegantes locales empujan esta masa flotante de turba para evitar que derive hacia un puente cercano.<\/p>\n<p class=\"com-paragraph --s\">Seg\u00fan la Asociaci\u00f3n de Complejos Tur\u00edsticos de Lake Chippewa Flowage, la isla alberga una fauna diversa \u2014como ranas y salamandras\u2014 y, al igual que el resto del lago y sus orillas, cuenta con protecci\u00f3n legal estatal.<\/p>\n<p class=\"com-paragraph --s\">Cheryl Treland, residente de la zona, le cont\u00f3 a <em>Wisconsin Public Radio<\/em> en 2024 que este pantano flotante es <strong>\u201ccomo un iceberg\u201d<\/strong>.<\/p>\n<p class=\"com-paragraph --s\"><strong>\u201cNo es como una hoja flotando en la superficie del agua\u201d<\/strong>, afirm\u00f3.<\/p>\n<p class=\"com-paragraph --s\">Gammer advirti\u00f3 que la isla de Columbia Brit\u00e1nica <strong>no es una estructura estable<\/strong> y recomend\u00f3 no intentar pisarla.<\/p>\n<p class=\"com-paragraph --s\"><strong>\u201cEst\u00e1 en una zona remota y la mayor\u00eda de la gente nunca se acercar\u00e1 a ella\u201d<\/strong>, coment\u00f3.<\/p>\n<p class=\"com-paragraph --s\">Para quienes tengan los medios y el inter\u00e9s de buscarla, Gammer lanza una seria advertencia: <strong>\u201cNo se suban a la isla. Podr\u00eda desintegrarse\u201d<\/strong>.<\/p>\n<section class=\"container-center-100 mb-40 border border-bottom border-thin border-neutral-light-700\">\n<hr\/>\n<\/section>\n<\/div>\n<p><script id=\"facebookpixel\" defer=\"\" type=\"text\/javascript\">\n        !function(f,b,e,v,n,t,s)\n        {if(f.fbq)return;n=f.fbq=function(){n.callMethod?\n        n.callMethod.apply(n,arguments):n.queue.push(arguments)};\n        if(!f._fbq)f._fbq=n;n.push=n;n.loaded=!0;n.version='2.0';\n        n.queue=[];t=b.createElement(e);t.async=!0;\n        t.src=v;s=b.getElementsByTagName(e)[0];\n        s.parentNode.insertBefore(t,s)}(window, document,'script',\n        'https:\/\/connect.facebook.net\/en_US\/fbevents.js');\n        fbq('init', '492459597522335');\n        fbq('track', 'PageView');\n    <\/script><br \/>\n<br \/><\/p>\n","protected":false},"excerpt":{"rendered":"<p>Una peque\u00f1a isla flotante en un lago de Canad\u00e1 fue localizada de nuevo, despu\u00e9s de que las autoridades perdieran su rastro en las im\u00e1genes satelitales tras su descubrimiento inicial. La isla boscosa fue vista por primera vez a principios de agosto en medio del lago Williston \u2014el de agua dulce m\u00e1s grande de la provincia [&hellip;]<\/p>\n","protected":false},"author":2,"featured_media":210340,"comment_status":"closed","ping_status":"closed","sticky":false,"template":"","format":"standard","meta":{"footnotes":""},"categories":[26],"tags":[],"class_list":["post-210339","post","type-post","status-publish","format-standard","has-post-thumbnail","hentry","category-internacionales"],"yoast_head":"<!-- This site is optimized with the Yoast SEO plugin v24.4 - https:\/\/yoast.com\/wordpress\/plugins\/seo\/ -->\n<title>La peque\u00f1a isla flotante que apareci\u00f3 en Canad\u00e1, desapareci\u00f3 y fue localizada de nuevo - GYS NOTICIAS |<\/title>\n<meta name=\"robots\" content=\"index, follow, max-snippet:-1, max-image-preview:large, max-video-preview:-1\" \/>\n<link rel=\"canonical\" href=\"https:\/\/gysfm.com.ar\/inicio\/la-pequena-isla-flotante-que-aparecio-en-canada-desaparecio-y-fue-localizada-de-nuevo\/\" \/>\n<meta property=\"og:locale\" content=\"es_ES\" \/>\n<meta property=\"og:type\" content=\"article\" \/>\n<meta property=\"og:title\" content=\"La peque\u00f1a isla flotante que apareci\u00f3 en Canad\u00e1, desapareci\u00f3 y fue localizada de nuevo - GYS NOTICIAS |\" \/>\n<meta property=\"og:description\" content=\"Una peque\u00f1a isla flotante en un lago de Canad\u00e1 fue localizada de nuevo, despu\u00e9s de que las autoridades perdieran su rastro en las im\u00e1genes satelitales tras su descubrimiento inicial. La isla boscosa fue vista por primera vez a principios de agosto en medio del lago Williston \u2014el de agua dulce m\u00e1s grande de la provincia [&hellip;]\" \/>\n<meta property=\"og:url\" content=\"https:\/\/gysfm.com.ar\/inicio\/la-pequena-isla-flotante-que-aparecio-en-canada-desaparecio-y-fue-localizada-de-nuevo\/\" \/>\n<meta property=\"og:site_name\" content=\"GYS NOTICIAS |\" \/>\n<meta property=\"article:published_time\" content=\"2026-09-03T21:35:07+00:00\" \/>\n<meta property=\"article:modified_time\" content=\"2026-09-03T21:35:08+00:00\" \/>\n<meta property=\"og:image\" content=\"https:\/\/gysfm.com.ar\/inicio\/wp-content\/uploads\/2026\/09\/la-isla-flotante-fue-avistada-por-primera-vez-por-KLGXU4KEVFANXPZ4HACDLPVZLE.jpg\" \/>\n\t<meta property=\"og:image:width\" content=\"1200\" \/>\n\t<meta property=\"og:image:height\" content=\"800\" \/>\n\t<meta property=\"og:image:type\" content=\"image\/jpeg\" \/>\n<meta name=\"author\" content=\"Prensa G&amp;S FM\" \/>\n<meta name=\"twitter:card\" content=\"summary_large_image\" \/>\n<meta name=\"twitter:label1\" content=\"Escrito por\" \/>\n\t<meta name=\"twitter:data1\" content=\"Prensa G&amp;S FM\" \/>\n\t<meta name=\"twitter:label2\" content=\"Tiempo de lectura\" \/>\n\t<meta name=\"twitter:data2\" content=\"4 minutos\" \/>\n<script type=\"application\/ld+json\" class=\"yoast-schema-graph\">{\"@context\":\"https:\/\/schema.org\",\"@graph\":[{\"@type\":\"Article\",\"@id\":\"https:\/\/gysfm.com.ar\/inicio\/la-pequena-isla-flotante-que-aparecio-en-canada-desaparecio-y-fue-localizada-de-nuevo\/#article\",\"isPartOf\":{\"@id\":\"https:\/\/gysfm.com.ar\/inicio\/la-pequena-isla-flotante-que-aparecio-en-canada-desaparecio-y-fue-localizada-de-nuevo\/\"},\"author\":{\"name\":\"Prensa G&amp;S FM\",\"@id\":\"https:\/\/gysfm.com.ar\/inicio\/#\/schema\/person\/3abba7593ef2ad19e1be221d54383dc5\"},\"headline\":\"La peque\u00f1a isla flotante que apareci\u00f3 en Canad\u00e1, desapareci\u00f3 y fue localizada de nuevo\",\"datePublished\":\"2026-09-03T21:35:07+00:00\",\"dateModified\":\"2026-09-03T21:35:08+00:00\",\"mainEntityOfPage\":{\"@id\":\"https:\/\/gysfm.com.ar\/inicio\/la-pequena-isla-flotante-que-aparecio-en-canada-desaparecio-y-fue-localizada-de-nuevo\/\"},\"wordCount\":730,\"publisher\":{\"@id\":\"https:\/\/gysfm.com.ar\/inicio\/#organization\"},\"image\":{\"@id\":\"https:\/\/gysfm.com.ar\/inicio\/la-pequena-isla-flotante-que-aparecio-en-canada-desaparecio-y-fue-localizada-de-nuevo\/#primaryimage\"},\"thumbnailUrl\":\"https:\/\/gysfm.com.ar\/inicio\/wp-content\/uploads\/2026\/09\/la-isla-flotante-fue-avistada-por-primera-vez-por-KLGXU4KEVFANXPZ4HACDLPVZLE.jpg\",\"articleSection\":[\"INTERNACIONALES\"],\"inLanguage\":\"es\"},{\"@type\":\"WebPage\",\"@id\":\"https:\/\/gysfm.com.ar\/inicio\/la-pequena-isla-flotante-que-aparecio-en-canada-desaparecio-y-fue-localizada-de-nuevo\/\",\"url\":\"https:\/\/gysfm.com.ar\/inicio\/la-pequena-isla-flotante-que-aparecio-en-canada-desaparecio-y-fue-localizada-de-nuevo\/\",\"name\":\"La peque\u00f1a isla flotante que apareci\u00f3 en Canad\u00e1, desapareci\u00f3 y fue localizada de nuevo - GYS NOTICIAS |\",\"isPartOf\":{\"@id\":\"https:\/\/gysfm.com.ar\/inicio\/#website\"},\"primaryImageOfPage\":{\"@id\":\"https:\/\/gysfm.com.ar\/inicio\/la-pequena-isla-flotante-que-aparecio-en-canada-desaparecio-y-fue-localizada-de-nuevo\/#primaryimage\"},\"image\":{\"@id\":\"https:\/\/gysfm.com.ar\/inicio\/la-pequena-isla-flotante-que-aparecio-en-canada-desaparecio-y-fue-localizada-de-nuevo\/#primaryimage\"},\"thumbnailUrl\":\"https:\/\/gysfm.com.ar\/inicio\/wp-content\/uploads\/2026\/09\/la-isla-flotante-fue-avistada-por-primera-vez-por-KLGXU4KEVFANXPZ4HACDLPVZLE.jpg\",\"datePublished\":\"2026-09-03T21:35:07+00:00\",\"dateModified\":\"2026-09-03T21:35:08+00:00\",\"breadcrumb\":{\"@id\":\"https:\/\/gysfm.com.ar\/inicio\/la-pequena-isla-flotante-que-aparecio-en-canada-desaparecio-y-fue-localizada-de-nuevo\/#breadcrumb\"},\"inLanguage\":\"es\",\"potentialAction\":[{\"@type\":\"ReadAction\",\"target\":[\"https:\/\/gysfm.com.ar\/inicio\/la-pequena-isla-flotante-que-aparecio-en-canada-desaparecio-y-fue-localizada-de-nuevo\/\"]}]},{\"@type\":\"ImageObject\",\"inLanguage\":\"es\",\"@id\":\"https:\/\/gysfm.com.ar\/inicio\/la-pequena-isla-flotante-que-aparecio-en-canada-desaparecio-y-fue-localizada-de-nuevo\/#primaryimage\",\"url\":\"https:\/\/gysfm.com.ar\/inicio\/wp-content\/uploads\/2026\/09\/la-isla-flotante-fue-avistada-por-primera-vez-por-KLGXU4KEVFANXPZ4HACDLPVZLE.jpg\",\"contentUrl\":\"https:\/\/gysfm.com.ar\/inicio\/wp-content\/uploads\/2026\/09\/la-isla-flotante-fue-avistada-por-primera-vez-por-KLGXU4KEVFANXPZ4HACDLPVZLE.jpg\",\"width\":1200,\"height\":800},{\"@type\":\"BreadcrumbList\",\"@id\":\"https:\/\/gysfm.com.ar\/inicio\/la-pequena-isla-flotante-que-aparecio-en-canada-desaparecio-y-fue-localizada-de-nuevo\/#breadcrumb\",\"itemListElement\":[{\"@type\":\"ListItem\",\"position\":1,\"name\":\"Portada\",\"item\":\"https:\/\/gysfm.com.ar\/inicio\/\"},{\"@type\":\"ListItem\",\"position\":2,\"name\":\"La peque\u00f1a isla flotante que apareci\u00f3 en Canad\u00e1, desapareci\u00f3 y fue localizada de nuevo\"}]},{\"@type\":\"WebSite\",\"@id\":\"https:\/\/gysfm.com.ar\/inicio\/#website\",\"url\":\"https:\/\/gysfm.com.ar\/inicio\/\",\"name\":\"GYS NOTICIAS |\",\"description\":\"DIARIO - RADIO ONLINE SAN JUAN ARGENTINA\",\"publisher\":{\"@id\":\"https:\/\/gysfm.com.ar\/inicio\/#organization\"},\"potentialAction\":[{\"@type\":\"SearchAction\",\"target\":{\"@type\":\"EntryPoint\",\"urlTemplate\":\"https:\/\/gysfm.com.ar\/inicio\/?s={search_term_string}\"},\"query-input\":{\"@type\":\"PropertyValueSpecification\",\"valueRequired\":true,\"valueName\":\"search_term_string\"}}],\"inLanguage\":\"es\"},{\"@type\":\"Organization\",\"@id\":\"https:\/\/gysfm.com.ar\/inicio\/#organization\",\"name\":\"GYS NOTICIAS |\",\"url\":\"https:\/\/gysfm.com.ar\/inicio\/\",\"logo\":{\"@type\":\"ImageObject\",\"inLanguage\":\"es\",\"@id\":\"https:\/\/gysfm.com.ar\/inicio\/#\/schema\/logo\/image\/\",\"url\":\"https:\/\/gysfm.com.ar\/inicio\/wp-content\/uploads\/2023\/07\/LOGOGYS-OK.png\",\"contentUrl\":\"https:\/\/gysfm.com.ar\/inicio\/wp-content\/uploads\/2023\/07\/LOGOGYS-OK.png\",\"width\":1170,\"height\":872,\"caption\":\"GYS NOTICIAS |\"},\"image\":{\"@id\":\"https:\/\/gysfm.com.ar\/inicio\/#\/schema\/logo\/image\/\"}},{\"@type\":\"Person\",\"@id\":\"https:\/\/gysfm.com.ar\/inicio\/#\/schema\/person\/3abba7593ef2ad19e1be221d54383dc5\",\"name\":\"Prensa G&amp;S FM\",\"image\":{\"@type\":\"ImageObject\",\"inLanguage\":\"es\",\"@id\":\"https:\/\/gysfm.com.ar\/inicio\/#\/schema\/person\/image\/\",\"url\":\"https:\/\/secure.gravatar.com\/avatar\/096ec78df02049ab018702bb4ccedf659377fa92a26540b5247612077a0dbd29?s=96&d=mm&r=g\",\"contentUrl\":\"https:\/\/secure.gravatar.com\/avatar\/096ec78df02049ab018702bb4ccedf659377fa92a26540b5247612077a0dbd29?s=96&d=mm&r=g\",\"caption\":\"Prensa G&amp;S FM\"},\"sameAs\":[\"https:\/\/gysfm.com.ar\/\"],\"url\":\"https:\/\/gysfm.com.ar\/inicio\/author\/lucasm\/\"}]}<\/script>\n<!-- \/ Yoast SEO plugin. -->","yoast_head_json":{"title":"La peque\u00f1a isla flotante que apareci\u00f3 en Canad\u00e1, desapareci\u00f3 y fue localizada de nuevo - GYS NOTICIAS |","robots":{"index":"index","follow":"follow","max-snippet":"max-snippet:-1","max-image-preview":"max-image-preview:large","max-video-preview":"max-video-preview:-1"},"canonical":"https:\/\/gysfm.com.ar\/inicio\/la-pequena-isla-flotante-que-aparecio-en-canada-desaparecio-y-fue-localizada-de-nuevo\/","og_locale":"es_ES","og_type":"article","og_title":"La peque\u00f1a isla flotante que apareci\u00f3 en Canad\u00e1, desapareci\u00f3 y fue localizada de nuevo - GYS NOTICIAS |","og_description":"Una peque\u00f1a isla flotante en un lago de Canad\u00e1 fue localizada de nuevo, despu\u00e9s de que las autoridades perdieran su rastro en las im\u00e1genes satelitales tras su descubrimiento inicial. La isla boscosa fue vista por primera vez a principios de agosto en medio del lago Williston \u2014el de agua dulce m\u00e1s grande de la provincia [&hellip;]","og_url":"https:\/\/gysfm.com.ar\/inicio\/la-pequena-isla-flotante-que-aparecio-en-canada-desaparecio-y-fue-localizada-de-nuevo\/","og_site_name":"GYS NOTICIAS |","article_published_time":"2026-09-03T21:35:07+00:00","article_modified_time":"2026-09-03T21:35:08+00:00","og_image":[{"width":1200,"height":800,"url":"https:\/\/gysfm.com.ar\/inicio\/wp-content\/uploads\/2026\/09\/la-isla-flotante-fue-avistada-por-primera-vez-por-KLGXU4KEVFANXPZ4HACDLPVZLE.jpg","type":"image\/jpeg"}],"author":"Prensa G&amp;S FM","twitter_card":"summary_large_image","twitter_misc":{"Escrito por":"Prensa G&amp;S FM","Tiempo de lectura":"4 minutos"},"schema":{"@context":"https:\/\/schema.org","@graph":[{"@type":"Article","@id":"https:\/\/gysfm.com.ar\/inicio\/la-pequena-isla-flotante-que-aparecio-en-canada-desaparecio-y-fue-localizada-de-nuevo\/#article","isPartOf":{"@id":"https:\/\/gysfm.com.ar\/inicio\/la-pequena-isla-flotante-que-aparecio-en-canada-desaparecio-y-fue-localizada-de-nuevo\/"},"author":{"name":"Prensa G&amp;S FM","@id":"https:\/\/gysfm.com.ar\/inicio\/#\/schema\/person\/3abba7593ef2ad19e1be221d54383dc5"},"headline":"La peque\u00f1a isla flotante que apareci\u00f3 en Canad\u00e1, desapareci\u00f3 y fue localizada de nuevo","datePublished":"2026-09-03T21:35:07+00:00","dateModified":"2026-09-03T21:35:08+00:00","mainEntityOfPage":{"@id":"https:\/\/gysfm.com.ar\/inicio\/la-pequena-isla-flotante-que-aparecio-en-canada-desaparecio-y-fue-localizada-de-nuevo\/"},"wordCount":730,"publisher":{"@id":"https:\/\/gysfm.com.ar\/inicio\/#organization"},"image":{"@id":"https:\/\/gysfm.com.ar\/inicio\/la-pequena-isla-flotante-que-aparecio-en-canada-desaparecio-y-fue-localizada-de-nuevo\/#primaryimage"},"thumbnailUrl":"https:\/\/gysfm.com.ar\/inicio\/wp-content\/uploads\/2026\/09\/la-isla-flotante-fue-avistada-por-primera-vez-por-KLGXU4KEVFANXPZ4HACDLPVZLE.jpg","articleSection":["INTERNACIONALES"],"inLanguage":"es"},{"@type":"WebPage","@id":"https:\/\/gysfm.com.ar\/inicio\/la-pequena-isla-flotante-que-aparecio-en-canada-desaparecio-y-fue-localizada-de-nuevo\/","url":"https:\/\/gysfm.com.ar\/inicio\/la-pequena-isla-flotante-que-aparecio-en-canada-desaparecio-y-fue-localizada-de-nuevo\/","name":"La peque\u00f1a isla flotante que apareci\u00f3 en Canad\u00e1, desapareci\u00f3 y fue localizada de nuevo - GYS NOTICIAS |","isPartOf":{"@id":"https:\/\/gysfm.com.ar\/inicio\/#website"},"primaryImageOfPage":{"@id":"https:\/\/gysfm.com.ar\/inicio\/la-pequena-isla-flotante-que-aparecio-en-canada-desaparecio-y-fue-localizada-de-nuevo\/#primaryimage"},"image":{"@id":"https:\/\/gysfm.com.ar\/inicio\/la-pequena-isla-flotante-que-aparecio-en-canada-desaparecio-y-fue-localizada-de-nuevo\/#primaryimage"},"thumbnailUrl":"https:\/\/gysfm.com.ar\/inicio\/wp-content\/uploads\/2026\/09\/la-isla-flotante-fue-avistada-por-primera-vez-por-KLGXU4KEVFANXPZ4HACDLPVZLE.jpg","datePublished":"2026-09-03T21:35:07+00:00","dateModified":"2026-09-03T21:35:08+00:00","breadcrumb":{"@id":"https:\/\/gysfm.com.ar\/inicio\/la-pequena-isla-flotante-que-aparecio-en-canada-desaparecio-y-fue-localizada-de-nuevo\/#breadcrumb"},"inLanguage":"es","potentialAction":[{"@type":"ReadAction","target":["https:\/\/gysfm.com.ar\/inicio\/la-pequena-isla-flotante-que-aparecio-en-canada-desaparecio-y-fue-localizada-de-nuevo\/"]}]},{"@type":"ImageObject","inLanguage":"es","@id":"https:\/\/gysfm.com.ar\/inicio\/la-pequena-isla-flotante-que-aparecio-en-canada-desaparecio-y-fue-localizada-de-nuevo\/#primaryimage","url":"https:\/\/gysfm.com.ar\/inicio\/wp-content\/uploads\/2026\/09\/la-isla-flotante-fue-avistada-por-primera-vez-por-KLGXU4KEVFANXPZ4HACDLPVZLE.jpg","contentUrl":"https:\/\/gysfm.com.ar\/inicio\/wp-content\/uploads\/2026\/09\/la-isla-flotante-fue-avistada-por-primera-vez-por-KLGXU4KEVFANXPZ4HACDLPVZLE.jpg","width":1200,"height":800},{"@type":"BreadcrumbList","@id":"https:\/\/gysfm.com.ar\/inicio\/la-pequena-isla-flotante-que-aparecio-en-canada-desaparecio-y-fue-localizada-de-nuevo\/#breadcrumb","itemListElement":[{"@type":"ListItem","position":1,"name":"Portada","item":"https:\/\/gysfm.com.ar\/inicio\/"},{"@type":"ListItem","position":2,"name":"La peque\u00f1a isla flotante que apareci\u00f3 en Canad\u00e1, desapareci\u00f3 y fue localizada de nuevo"}]},{"@type":"WebSite","@id":"https:\/\/gysfm.com.ar\/inicio\/#website","url":"https:\/\/gysfm.com.ar\/inicio\/","name":"GYS NOTICIAS |","description":"DIARIO - RADIO ONLINE SAN JUAN ARGENTINA","publisher":{"@id":"https:\/\/gysfm.com.ar\/inicio\/#organization"},"potentialAction":[{"@type":"SearchAction","target":{"@type":"EntryPoint","urlTemplate":"https:\/\/gysfm.com.ar\/inicio\/?s={search_term_string}"},"query-input":{"@type":"PropertyValueSpecification","valueRequired":true,"valueName":"search_term_string"}}],"inLanguage":"es"},{"@type":"Organization","@id":"https:\/\/gysfm.com.ar\/inicio\/#organization","name":"GYS NOTICIAS |","url":"https:\/\/gysfm.com.ar\/inicio\/","logo":{"@type":"ImageObject","inLanguage":"es","@id":"https:\/\/gysfm.com.ar\/inicio\/#\/schema\/logo\/image\/","url":"https:\/\/gysfm.com.ar\/inicio\/wp-content\/uploads\/2023\/07\/LOGOGYS-OK.png","contentUrl":"https:\/\/gysfm.com.ar\/inicio\/wp-content\/uploads\/2023\/07\/LOGOGYS-OK.png","width":1170,"height":872,"caption":"GYS NOTICIAS |"},"image":{"@id":"https:\/\/gysfm.com.ar\/inicio\/#\/schema\/logo\/image\/"}},{"@type":"Person","@id":"https:\/\/gysfm.com.ar\/inicio\/#\/schema\/person\/3abba7593ef2ad19e1be221d54383dc5","name":"Prensa G&amp;S FM","image":{"@type":"ImageObject","inLanguage":"es","@id":"https:\/\/gysfm.com.ar\/inicio\/#\/schema\/person\/image\/","url":"https:\/\/secure.gravatar.com\/avatar\/096ec78df02049ab018702bb4ccedf659377fa92a26540b5247612077a0dbd29?s=96&d=mm&r=g","contentUrl":"https:\/\/secure.gravatar.com\/avatar\/096ec78df02049ab018702bb4ccedf659377fa92a26540b5247612077a0dbd29?s=96&d=mm&r=g","caption":"Prensa G&amp;S FM"},"sameAs":["https:\/\/gysfm.com.ar\/"],"url":"https:\/\/gysfm.com.ar\/inicio\/author\/lucasm\/"}]}},"_links":{"self":[{"href":"https:\/\/gysfm.com.ar\/inicio\/wp-json\/wp\/v2\/posts\/210339","targetHints":{"allow":["GET"]}}],"collection":[{"href":"https:\/\/gysfm.com.ar\/inicio\/wp-json\/wp\/v2\/posts"}],"about":[{"href":"https:\/\/gysfm.com.ar\/inicio\/wp-json\/wp\/v2\/types\/post"}],"author":[{"embeddable":true,"href":"https:\/\/gysfm.com.ar\/inicio\/wp-json\/wp\/v2\/users\/2"}],"replies":[{"embeddable":true,"href":"https:\/\/gysfm.com.ar\/inicio\/wp-json\/wp\/v2\/comments?post=210339"}],"version-history":[{"count":1,"href":"https:\/\/gysfm.com.ar\/inicio\/wp-json\/wp\/v2\/posts\/210339\/revisions"}],"predecessor-version":[{"id":210341,"href":"https:\/\/gysfm.com.ar\/inicio\/wp-json\/wp\/v2\/posts\/210339\/revisions\/210341"}],"wp:featuredmedia":[{"embeddable":true,"href":"https:\/\/gysfm.com.ar\/inicio\/wp-json\/wp\/v2\/media\/210340"}],"wp:attachment":[{"href":"https:\/\/gysfm.com.ar\/inicio\/wp-json\/wp\/v2\/media?parent=210339"}],"wp:term":[{"taxonomy":"category","embeddable":true,"href":"https:\/\/gysfm.com.ar\/inicio\/wp-json\/wp\/v2\/categories?post=210339"},{"taxonomy":"post_tag","embeddable":true,"href":"https:\/\/gysfm.com.ar\/inicio\/wp-json\/wp\/v2\/tags?post=210339"}],"curies":[{"name":"wp","href":"https:\/\/api.w.org\/{rel}","templated":true}]}}