{"id":210337,"date":"2026-09-03T18:28:07","date_gmt":"2026-09-03T21:28:07","guid":{"rendered":"https:\/\/gysfm.com.ar\/inicio\/la-motosierra-de-milei-se-agota-y-pone-en-riesgo-la-meta-fiscal\/"},"modified":"2026-09-03T18:28:07","modified_gmt":"2026-09-03T21:28:07","slug":"la-motosierra-de-milei-se-agota-y-pone-en-riesgo-la-meta-fiscal","status":"publish","type":"post","link":"https:\/\/gysfm.com.ar\/inicio\/la-motosierra-de-milei-se-agota-y-pone-en-riesgo-la-meta-fiscal\/","title":{"rendered":"la motosierra de Milei se agota y pone en riesgo la meta fiscal"},"content":{"rendered":"<p> <br \/>\n<\/p>\n<div id=\"\">\n<p id=\"p-1788454205470-63789\">No implica que vaya a caer en d\u00e9ficit, pero s\u00ed deja expuestas las dificultades que tiene el programa ante <strong>la decisi\u00f3n del primer mandatario de jugar todas sus cartas a un \u00fanico objetivo de pol\u00edtica econ\u00f3mica: <\/strong>el de reducir la inflaci\u00f3n.<\/p>\n<\/div>\n<div id=\"\">\n<p id=\"p-1788454205470-86587\"> En ese sentido, seg\u00fan indican las metas cuantitativas del acuerdo, el ministro de Econom\u00eda, Luis Caputo, <strong>tiene que conseguir $16,2 billones de super\u00e1vit primario y hasta ahora tiene acumulados $10,2 billones. <\/strong>Eso quiere decir que le queda un margen de $6 billones a reunir hasta diciembre. Lo que hay que tener en cuenta es que el \u00faltimo mes del a\u00f1o es deficitario estacionalmente, porque se pagan aguinaldos, entre otros compromisos. Por lo tanto, entre agosto y noviembre el equipo econ\u00f3mico tiene que conseguir por lo menos $1,5 billones de super\u00e1vit primario promedio para compensar el \u00abrojo\u00bb de cierre del a\u00f1o.<\/p>\n<\/div>\n<div id=\"\">\n<p id=\"p-1788454205470-711\"><strong>La meta luce muy desafiante, si se tiene en cuenta la debilidad de la actividad econ\u00f3mica <\/strong>y que los impuestos que est\u00e1n vinculados al mercado interno y el consumo siguen en ca\u00edda. En julio la recaudaci\u00f3n no cay\u00f3, al igual que en junio. Pero eso se debe a cuestiones estacionales. En julio venci\u00f3 el impuesto a las Ganancias de las personas y en agosto subi\u00f3 la recaudaci\u00f3n de las retenciones dedido al bajo piso de comparaci\u00f3n que dej\u00f3 el 2025, porque los productores adelantaron liquidaciones de exportaciones para aprovechar una baja temporaria de retenciones<strong>. El IVA, Impuestos Internos, aranceles de importaci\u00f3n, siguieron con datos negativos.<\/strong><\/p>\n<\/p><\/div>\n<div id=\"\">\n<p id=\"p-1788454205470-2807\"> Seg\u00fan estimaciones del Instituto Argentino de An\u00e1lisis Fiscal (IARAF), <strong>la recaudaci\u00f3n tributaria nacional total habr\u00eda descendido un -3,8% real interanual durante los primeros ocho meses de 2026. <\/strong>Las mayores bajas habr\u00edan sido la de derechos de exportaci\u00f3n (28,3%), seguida por la de derechos de importaci\u00f3n (-18,5%) y la de Internos coparticipados (-17,3%). El principal impuesto, el IVA neto de devoluciones y reintegros, habr\u00eda tenido una merma del -6,6% en t\u00e9rminos reales respecto a igual periodo del a\u00f1o previo.<\/p>\n<\/div>\n<div id=\"\">\n<p id=\"p-1788454205470-65325\">Deber\u00eda haber una profunda reversi\u00f3n de la tendencia para que el Gobierno deje de apelar al recorte de gastos para lograr el super\u00e1vit.<\/p>\n<div contenteditable=\"false\" class=\"embed_cont type_imagen\" id=\"8273639-Libre-13448431_wrap\">\n<div id=\"8273639-Libre-13448431_content\" class=\"embed_content\"><img src=\"https:\/\/media.ambito.com\/p\/2bc172e4b0fb144a80a905b5efda4778\/adjuntos\/239\/imagenes\/043\/621\/0043621455\/730x0\/smart\/captura-pantalla-2026-09-03-141857.png\" decoding=\"async\" fetchpriority=\"low\" loading=\"lazy\" alt=\"El Staff Report del FMI de la \u00faltima revisi\u00f3n del programa indica que la meta a alcanzar es $16,2 billones\" title=\"El Staff Report del FMI de la \u00faltima revisi\u00f3n del programa indica que la meta a alcanzar es $16,2 billones\" width=\"730\" height=\"undefined\" id=\"8273639-Libre-13448431_embed\"\/><\/div>\n<div class=\"embed_wrapper-cont\" id=\"p-1788456011761-1777\">\n<div id=\"8273639-Libre-13448431_epigrafe\" class=\"embed_epigrafe\">\n<p id=\"p-1788457881948-21197\">El Staff Report del FMI de la \u00faltima revisi\u00f3n del programa indica que la meta a alcanzar es $16,2 billones<\/p>\n<\/div><\/div><\/div>\n<p id=\"p-1788454205470-46492\">En ese sentido, la consultora<strong> Ficonomics se\u00f1ala que el recorte de gasto se est\u00e1 sustentado en partidas chicas del presupuesto con recortes grandes. <\/strong>\u00abEl patr\u00f3n se repite desde el oto\u00f1o y es el que compromete la sostenibilidad: lo que absorbe el ajuste son partidas chicas con recortes enormes. <strong>Otros programas sociales cae 36,1% real y transferencias a provincias 38,6%, <\/strong>pero entre las dos explican apenas el 7,1% del gasto. Las partidas grandes ya no ajustan: las prestaciones indexadas son m\u00e1s del 49% del gasto primario y, corregido el aguinaldo, crecen o se mantienen\u00bb, se\u00f1ala la consultora.<\/p>\n<p id=\"p-1788454205470-71745\">E<strong>n agosto, el devengado anticipa la misma tendencia. Entre los conceptos que registraron mayores ca\u00eddas, se destacan transferencias a provincias y municipios, con una disminuci\u00f3n del 81,87%, <\/strong>seguidas por ayudas sociales a personas y asignaciones familiares, con una ca\u00edda del 19,34%, y servicios no personales, que disminuyeron 17,20%. Tambi\u00e9n se registraron reducciones en jubilaciones y pensiones (-10,01%), y en gastos en personal (-7,84%).<\/p>\n<p id=\"p-1788454205470-10413\">Dada la situaci\u00f3n, no ser\u00eda extra\u00f1o, plantean algunos economistas, que sobre el filo del a\u00f1o el Gobierno vuelva a emplear la misma herramienta que uso en la primera mitad para alcanzar la meta de junio con el FMI:<strong> Pisar el pago de gastos devengados por unos $2 billones, que deber\u00edan quedar para enero de 2027.<\/strong><\/p>\n<p id=\"p-1788454205470-75609\">Al respecto, el<strong> Centro de Econom\u00eda Pol\u00edtica Argentina (CEPA) <\/strong>advierte que \u00absi bien los pr\u00f3ximos meses suelen mostrar buenos resultados primarios, luce casi imposible que el gobierno acumule los $7 billones de resultado primario hasta fin de a\u00f1o\u00bb. Es lo que, seg\u00fan ese centro de estudios, se necesita para alcanzar la meta, teniendo en cuenta la evoluci\u00f3n posible de la recaudaci\u00f3n fiscal en lo que queda del 2026.<\/p>\n<p id=\"p-1788454205470-50047\">\u00ab<strong>El motivo es principalmente el fuerte d\u00e9ficit que se produce en diciembre con el pago de aguinaldo, que se espera que para este diciembre supere los $3 billones, por lo que estamos en la puerta de un nuevo incumplimiento de la meta fiscal, <\/strong>tal como sucedi\u00f3 en junio de este a\u00f1o, incluso luego de rebajar la meta por $1,6 billones\u00bb, se\u00f1al\u00f3 el centro de estudios al recordar el primer waiver del organismo para Argentina en materia fiscal<\/p>\n<h2 id=\"p-1788454205470-13852\">Milei y su defensa del torniquete fiscal y monetario<\/h2>\n<p id=\"p-1788454205470-70525\">El presidente <strong>Javier Milei sali\u00f3 este mi\u00e9rcoles a cuestionar a los economistas y empresarios que plantean que la pol\u00edtica econ\u00f3mica ya no puede tener como \u00fanico norte la ca\u00edda de la inflaci\u00f3n<\/strong>. Si bien es cierto que se trata del principal mandato de la sociedad del 2023, ahora la demanda incluye tambi\u00e9n que el dinero alcance y que haya mas movimiento econ\u00f3mico en las calles.<\/p>\n<p id=\"p-1788454205470-85754\">Hasta ahora, el programa tuvo como<strong> ancla recortar la cantidad de dinero en circulaci\u00f3n y contener el gasto. <\/strong>El apret\u00f3n monetario tiene como contrapartida la tendencia a la suba de las tasas, <strong>lo que frena el cr\u00e9dito y ralentiza la actividad.<\/strong><\/p>\n<p id=\"p-1788454205470-90695\">\u201cEn el debate reciente hay muchas personas que a la luz del a\u00f1o electoral que se viene -y lo hacen con buena intenci\u00f3n, queriendo que se asegure la reelecci\u00f3n para garantizar este rumbo- piden que flexibilicemos nuestra pol\u00edtica monetaria y fiscal. La respuesta es: nosotros no vamos a hacer eso. <strong>No vamos a flexibilizar nuestra pol\u00edtica fiscal, el resultado fiscal no se negocia. Y tampoco vamos a negociar la pol\u00edtica monetaria, porque no vamos a parar hasta derrotar la inflaci\u00f3n<\/strong>\u201d, dijo el primer mandatario.<\/p>\n<h2 id=\"p-1788455678861-532\">Bajar la inflaci\u00f3n est\u00e1 bien, pero sin paz de los cementerios<\/h2>\n<p id=\"p-1788454205470-67427\">En ese sentido, el<strong> economista Estaban Domecq, director de Invecq, <\/strong>plante\u00f3 que el plan del Gobierno sufri\u00f3 una especie de \u00abdescarrillamiento\u00bb el a\u00f1o pasado, cuando se busc\u00f3 eliminar las cuentas del BCRA, eliminar letras de tesorer\u00eda (LEFIS) y sobre octubre la suba de tasas de inter\u00e9s en el marco de las elecciones legislativas. Hasta ese momento el programa iba bien.<\/p>\n<p id=\"p-1788454205470-16330\">Domecq se\u00f1ala que el Gobierno ahora tiene que buscar <strong>\u00abun punto de equilibrio\u00bb entre el objetivo de bajar la inflaci\u00f3n y lograr que se reanime la econom\u00eda. <\/strong><\/p>\n<p id=\"p-1788454205470-66493\">\u00abTen\u00e9s que tener <strong>pragmatismo en tu pol\u00edtica de corto <\/strong>para administrar esta tensi\u00f3n, que b\u00e1sicamente lo que implica es tener que buscar la <strong>combinaci\u00f3n \u00f3ptima de a qu\u00e9 velocidad puede desinflacionar la Argentina, pero que no sea la paz de los cementerios<\/strong>, o sea, una actividad que m\u00e1s o menos se mueva\u00bb, sintetiz\u00f3 Domecq en una entrevista a un canal de noticias.<\/p>\n<p id=\"p-1788454205470-58021\">Por su lado<strong>, Lucas Llach, otro economista de referencia en el mercado, <\/strong>ex vicepresidente del Banco Central indic\u00f3 recientemente que \u201cla <strong>prioridad no es tanto seguir bajando la inflaci\u00f3n sino que la econom\u00eda se mueva un poco m\u00e1s<\/strong>\u201d.<\/p>\n<p id=\"p-1788454205470-97498\">Desde el sector de la econom\u00eda real, <strong>el presidente del la UIA, Mart\u00edn Rappallini, <\/strong>tambi\u00e9n lo sugiri\u00f3 en su discurso del D\u00eda de la Industria: <strong>\u00abel \u00fanico objetivo de la pol\u00edtica econ\u00f3mica no puede ser solo la inflaci\u00f3n\u00bb<\/strong>.<\/p>\n<\/div>\n<p><script>\n!function(f,b,e,v,n,t,s)\n{if(f.fbq)return;n=f.fbq=function(){n.callMethod?\nn.callMethod.apply(n,arguments):n.queue.push(arguments)};\nif(!f._fbq)f._fbq=n;n.push=n;n.loaded=!0;n.version='2.0';\nn.queue=[];t=b.createElement(e);t.async=!0;\nt.src=v;s=b.getElementsByTagName(e)[0];\ns.parentNode.insertBefore(t,s)}(window,document,'script',\n'https:\/\/connect.facebook.net\/en_US\/fbevents.js');\nfbq('init', '2047048335588113');\nfbq('track', 'PageView');\n<\/script><br \/>\n<br \/><\/p>\n","protected":false},"excerpt":{"rendered":"<p>No implica que vaya a caer en d\u00e9ficit, pero s\u00ed deja expuestas las dificultades que tiene el programa ante la decisi\u00f3n del primer mandatario de jugar todas sus cartas a un \u00fanico objetivo de pol\u00edtica econ\u00f3mica: el de reducir la inflaci\u00f3n. En ese sentido, seg\u00fan indican las metas cuantitativas del acuerdo, el ministro de Econom\u00eda, [&hellip;]<\/p>\n","protected":false},"author":1,"featured_media":210338,"comment_status":"closed","ping_status":"closed","sticky":false,"template":"","format":"standard","meta":{"footnotes":""},"categories":[28],"tags":[],"class_list":["post-210337","post","type-post","status-publish","format-standard","has-post-thumbnail","hentry","category-economia"],"yoast_head":"<!-- This site is optimized with the Yoast SEO plugin v24.4 - https:\/\/yoast.com\/wordpress\/plugins\/seo\/ -->\n<title>la motosierra de Milei se agota y pone en riesgo la meta fiscal - GYS NOTICIAS |<\/title>\n<meta name=\"robots\" content=\"index, follow, max-snippet:-1, max-image-preview:large, max-video-preview:-1\" \/>\n<link rel=\"canonical\" href=\"https:\/\/gysfm.com.ar\/inicio\/la-motosierra-de-milei-se-agota-y-pone-en-riesgo-la-meta-fiscal\/\" \/>\n<meta property=\"og:locale\" content=\"es_ES\" \/>\n<meta property=\"og:type\" content=\"article\" \/>\n<meta property=\"og:title\" content=\"la motosierra de Milei se agota y pone en riesgo la meta fiscal - GYS NOTICIAS |\" \/>\n<meta property=\"og:description\" content=\"No implica que vaya a caer en d\u00e9ficit, pero s\u00ed deja expuestas las dificultades que tiene el programa ante la decisi\u00f3n del primer mandatario de jugar todas sus cartas a un \u00fanico objetivo de pol\u00edtica econ\u00f3mica: el de reducir la inflaci\u00f3n. En ese sentido, seg\u00fan indican las metas cuantitativas del acuerdo, el ministro de Econom\u00eda, [&hellip;]\" \/>\n<meta property=\"og:url\" content=\"https:\/\/gysfm.com.ar\/inicio\/la-motosierra-de-milei-se-agota-y-pone-en-riesgo-la-meta-fiscal\/\" \/>\n<meta property=\"og:site_name\" content=\"GYS NOTICIAS |\" \/>\n<meta property=\"article:published_time\" content=\"2026-09-03T21:28:07+00:00\" \/>\n<meta property=\"og:image\" content=\"https:\/\/media.ambito.com\/p\/2bc172e4b0fb144a80a905b5efda4778\/adjuntos\/239\/imagenes\/043\/621\/0043621455\/730x0\/smart\/captura-pantalla-2026-09-03-141857.png\" \/>\n<meta name=\"author\" content=\"admin\" \/>\n<meta name=\"twitter:card\" content=\"summary_large_image\" \/>\n<meta name=\"twitter:label1\" content=\"Escrito por\" \/>\n\t<meta name=\"twitter:data1\" content=\"admin\" \/>\n\t<meta name=\"twitter:label2\" content=\"Tiempo de lectura\" \/>\n\t<meta name=\"twitter:data2\" content=\"6 minutos\" \/>\n<script type=\"application\/ld+json\" class=\"yoast-schema-graph\">{\"@context\":\"https:\/\/schema.org\",\"@graph\":[{\"@type\":\"Article\",\"@id\":\"https:\/\/gysfm.com.ar\/inicio\/la-motosierra-de-milei-se-agota-y-pone-en-riesgo-la-meta-fiscal\/#article\",\"isPartOf\":{\"@id\":\"https:\/\/gysfm.com.ar\/inicio\/la-motosierra-de-milei-se-agota-y-pone-en-riesgo-la-meta-fiscal\/\"},\"author\":{\"name\":\"admin\",\"@id\":\"https:\/\/gysfm.com.ar\/inicio\/#\/schema\/person\/5bedd7ecd35cc35548d89effafa23696\"},\"headline\":\"la motosierra de Milei se agota y pone en riesgo la meta fiscal\",\"datePublished\":\"2026-09-03T21:28:07+00:00\",\"mainEntityOfPage\":{\"@id\":\"https:\/\/gysfm.com.ar\/inicio\/la-motosierra-de-milei-se-agota-y-pone-en-riesgo-la-meta-fiscal\/\"},\"wordCount\":1251,\"publisher\":{\"@id\":\"https:\/\/gysfm.com.ar\/inicio\/#organization\"},\"image\":{\"@id\":\"https:\/\/gysfm.com.ar\/inicio\/la-motosierra-de-milei-se-agota-y-pone-en-riesgo-la-meta-fiscal\/#primaryimage\"},\"thumbnailUrl\":\"https:\/\/gysfm.com.ar\/inicio\/wp-content\/uploads\/2026\/09\/milei-georgieva-fmi-g7.jpg\",\"articleSection\":[\"ECONOMIA\"],\"inLanguage\":\"es\"},{\"@type\":\"WebPage\",\"@id\":\"https:\/\/gysfm.com.ar\/inicio\/la-motosierra-de-milei-se-agota-y-pone-en-riesgo-la-meta-fiscal\/\",\"url\":\"https:\/\/gysfm.com.ar\/inicio\/la-motosierra-de-milei-se-agota-y-pone-en-riesgo-la-meta-fiscal\/\",\"name\":\"la motosierra de Milei se agota y pone en riesgo la meta fiscal - GYS NOTICIAS |\",\"isPartOf\":{\"@id\":\"https:\/\/gysfm.com.ar\/inicio\/#website\"},\"primaryImageOfPage\":{\"@id\":\"https:\/\/gysfm.com.ar\/inicio\/la-motosierra-de-milei-se-agota-y-pone-en-riesgo-la-meta-fiscal\/#primaryimage\"},\"image\":{\"@id\":\"https:\/\/gysfm.com.ar\/inicio\/la-motosierra-de-milei-se-agota-y-pone-en-riesgo-la-meta-fiscal\/#primaryimage\"},\"thumbnailUrl\":\"https:\/\/gysfm.com.ar\/inicio\/wp-content\/uploads\/2026\/09\/milei-georgieva-fmi-g7.jpg\",\"datePublished\":\"2026-09-03T21:28:07+00:00\",\"breadcrumb\":{\"@id\":\"https:\/\/gysfm.com.ar\/inicio\/la-motosierra-de-milei-se-agota-y-pone-en-riesgo-la-meta-fiscal\/#breadcrumb\"},\"inLanguage\":\"es\",\"potentialAction\":[{\"@type\":\"ReadAction\",\"target\":[\"https:\/\/gysfm.com.ar\/inicio\/la-motosierra-de-milei-se-agota-y-pone-en-riesgo-la-meta-fiscal\/\"]}]},{\"@type\":\"ImageObject\",\"inLanguage\":\"es\",\"@id\":\"https:\/\/gysfm.com.ar\/inicio\/la-motosierra-de-milei-se-agota-y-pone-en-riesgo-la-meta-fiscal\/#primaryimage\",\"url\":\"https:\/\/gysfm.com.ar\/inicio\/wp-content\/uploads\/2026\/09\/milei-georgieva-fmi-g7.jpg\",\"contentUrl\":\"https:\/\/gysfm.com.ar\/inicio\/wp-content\/uploads\/2026\/09\/milei-georgieva-fmi-g7.jpg\",\"width\":1200,\"height\":675},{\"@type\":\"BreadcrumbList\",\"@id\":\"https:\/\/gysfm.com.ar\/inicio\/la-motosierra-de-milei-se-agota-y-pone-en-riesgo-la-meta-fiscal\/#breadcrumb\",\"itemListElement\":[{\"@type\":\"ListItem\",\"position\":1,\"name\":\"Portada\",\"item\":\"https:\/\/gysfm.com.ar\/inicio\/\"},{\"@type\":\"ListItem\",\"position\":2,\"name\":\"la motosierra de Milei se agota y pone en riesgo la meta fiscal\"}]},{\"@type\":\"WebSite\",\"@id\":\"https:\/\/gysfm.com.ar\/inicio\/#website\",\"url\":\"https:\/\/gysfm.com.ar\/inicio\/\",\"name\":\"GYS NOTICIAS |\",\"description\":\"DIARIO - RADIO ONLINE SAN JUAN ARGENTINA\",\"publisher\":{\"@id\":\"https:\/\/gysfm.com.ar\/inicio\/#organization\"},\"potentialAction\":[{\"@type\":\"SearchAction\",\"target\":{\"@type\":\"EntryPoint\",\"urlTemplate\":\"https:\/\/gysfm.com.ar\/inicio\/?s={search_term_string}\"},\"query-input\":{\"@type\":\"PropertyValueSpecification\",\"valueRequired\":true,\"valueName\":\"search_term_string\"}}],\"inLanguage\":\"es\"},{\"@type\":\"Organization\",\"@id\":\"https:\/\/gysfm.com.ar\/inicio\/#organization\",\"name\":\"GYS NOTICIAS |\",\"url\":\"https:\/\/gysfm.com.ar\/inicio\/\",\"logo\":{\"@type\":\"ImageObject\",\"inLanguage\":\"es\",\"@id\":\"https:\/\/gysfm.com.ar\/inicio\/#\/schema\/logo\/image\/\",\"url\":\"https:\/\/gysfm.com.ar\/inicio\/wp-content\/uploads\/2023\/07\/LOGOGYS-OK.png\",\"contentUrl\":\"https:\/\/gysfm.com.ar\/inicio\/wp-content\/uploads\/2023\/07\/LOGOGYS-OK.png\",\"width\":1170,\"height\":872,\"caption\":\"GYS NOTICIAS |\"},\"image\":{\"@id\":\"https:\/\/gysfm.com.ar\/inicio\/#\/schema\/logo\/image\/\"}},{\"@type\":\"Person\",\"@id\":\"https:\/\/gysfm.com.ar\/inicio\/#\/schema\/person\/5bedd7ecd35cc35548d89effafa23696\",\"name\":\"admin\",\"image\":{\"@type\":\"ImageObject\",\"inLanguage\":\"es\",\"@id\":\"https:\/\/gysfm.com.ar\/inicio\/#\/schema\/person\/image\/\",\"url\":\"https:\/\/secure.gravatar.com\/avatar\/c331d312b5243fb64d5ba28108a447b27c925295129a363082c9ea52c28d32c2?s=96&d=mm&r=g\",\"contentUrl\":\"https:\/\/secure.gravatar.com\/avatar\/c331d312b5243fb64d5ba28108a447b27c925295129a363082c9ea52c28d32c2?s=96&d=mm&r=g\",\"caption\":\"admin\"},\"sameAs\":[\"https:\/\/gysfm.com.ar\/inicio\"],\"url\":\"https:\/\/gysfm.com.ar\/inicio\/author\/admin\/\"}]}<\/script>\n<!-- \/ Yoast SEO plugin. -->","yoast_head_json":{"title":"la motosierra de Milei se agota y pone en riesgo la meta fiscal - GYS NOTICIAS |","robots":{"index":"index","follow":"follow","max-snippet":"max-snippet:-1","max-image-preview":"max-image-preview:large","max-video-preview":"max-video-preview:-1"},"canonical":"https:\/\/gysfm.com.ar\/inicio\/la-motosierra-de-milei-se-agota-y-pone-en-riesgo-la-meta-fiscal\/","og_locale":"es_ES","og_type":"article","og_title":"la motosierra de Milei se agota y pone en riesgo la meta fiscal - GYS NOTICIAS |","og_description":"No implica que vaya a caer en d\u00e9ficit, pero s\u00ed deja expuestas las dificultades que tiene el programa ante la decisi\u00f3n del primer mandatario de jugar todas sus cartas a un \u00fanico objetivo de pol\u00edtica econ\u00f3mica: el de reducir la inflaci\u00f3n. En ese sentido, seg\u00fan indican las metas cuantitativas del acuerdo, el ministro de Econom\u00eda, [&hellip;]","og_url":"https:\/\/gysfm.com.ar\/inicio\/la-motosierra-de-milei-se-agota-y-pone-en-riesgo-la-meta-fiscal\/","og_site_name":"GYS NOTICIAS |","article_published_time":"2026-09-03T21:28:07+00:00","og_image":[{"url":"https:\/\/media.ambito.com\/p\/2bc172e4b0fb144a80a905b5efda4778\/adjuntos\/239\/imagenes\/043\/621\/0043621455\/730x0\/smart\/captura-pantalla-2026-09-03-141857.png","type":"","width":"","height":""}],"author":"admin","twitter_card":"summary_large_image","twitter_misc":{"Escrito por":"admin","Tiempo de lectura":"6 minutos"},"schema":{"@context":"https:\/\/schema.org","@graph":[{"@type":"Article","@id":"https:\/\/gysfm.com.ar\/inicio\/la-motosierra-de-milei-se-agota-y-pone-en-riesgo-la-meta-fiscal\/#article","isPartOf":{"@id":"https:\/\/gysfm.com.ar\/inicio\/la-motosierra-de-milei-se-agota-y-pone-en-riesgo-la-meta-fiscal\/"},"author":{"name":"admin","@id":"https:\/\/gysfm.com.ar\/inicio\/#\/schema\/person\/5bedd7ecd35cc35548d89effafa23696"},"headline":"la motosierra de Milei se agota y pone en riesgo la meta fiscal","datePublished":"2026-09-03T21:28:07+00:00","mainEntityOfPage":{"@id":"https:\/\/gysfm.com.ar\/inicio\/la-motosierra-de-milei-se-agota-y-pone-en-riesgo-la-meta-fiscal\/"},"wordCount":1251,"publisher":{"@id":"https:\/\/gysfm.com.ar\/inicio\/#organization"},"image":{"@id":"https:\/\/gysfm.com.ar\/inicio\/la-motosierra-de-milei-se-agota-y-pone-en-riesgo-la-meta-fiscal\/#primaryimage"},"thumbnailUrl":"https:\/\/gysfm.com.ar\/inicio\/wp-content\/uploads\/2026\/09\/milei-georgieva-fmi-g7.jpg","articleSection":["ECONOMIA"],"inLanguage":"es"},{"@type":"WebPage","@id":"https:\/\/gysfm.com.ar\/inicio\/la-motosierra-de-milei-se-agota-y-pone-en-riesgo-la-meta-fiscal\/","url":"https:\/\/gysfm.com.ar\/inicio\/la-motosierra-de-milei-se-agota-y-pone-en-riesgo-la-meta-fiscal\/","name":"la motosierra de Milei se agota y pone en riesgo la meta fiscal - GYS NOTICIAS |","isPartOf":{"@id":"https:\/\/gysfm.com.ar\/inicio\/#website"},"primaryImageOfPage":{"@id":"https:\/\/gysfm.com.ar\/inicio\/la-motosierra-de-milei-se-agota-y-pone-en-riesgo-la-meta-fiscal\/#primaryimage"},"image":{"@id":"https:\/\/gysfm.com.ar\/inicio\/la-motosierra-de-milei-se-agota-y-pone-en-riesgo-la-meta-fiscal\/#primaryimage"},"thumbnailUrl":"https:\/\/gysfm.com.ar\/inicio\/wp-content\/uploads\/2026\/09\/milei-georgieva-fmi-g7.jpg","datePublished":"2026-09-03T21:28:07+00:00","breadcrumb":{"@id":"https:\/\/gysfm.com.ar\/inicio\/la-motosierra-de-milei-se-agota-y-pone-en-riesgo-la-meta-fiscal\/#breadcrumb"},"inLanguage":"es","potentialAction":[{"@type":"ReadAction","target":["https:\/\/gysfm.com.ar\/inicio\/la-motosierra-de-milei-se-agota-y-pone-en-riesgo-la-meta-fiscal\/"]}]},{"@type":"ImageObject","inLanguage":"es","@id":"https:\/\/gysfm.com.ar\/inicio\/la-motosierra-de-milei-se-agota-y-pone-en-riesgo-la-meta-fiscal\/#primaryimage","url":"https:\/\/gysfm.com.ar\/inicio\/wp-content\/uploads\/2026\/09\/milei-georgieva-fmi-g7.jpg","contentUrl":"https:\/\/gysfm.com.ar\/inicio\/wp-content\/uploads\/2026\/09\/milei-georgieva-fmi-g7.jpg","width":1200,"height":675},{"@type":"BreadcrumbList","@id":"https:\/\/gysfm.com.ar\/inicio\/la-motosierra-de-milei-se-agota-y-pone-en-riesgo-la-meta-fiscal\/#breadcrumb","itemListElement":[{"@type":"ListItem","position":1,"name":"Portada","item":"https:\/\/gysfm.com.ar\/inicio\/"},{"@type":"ListItem","position":2,"name":"la motosierra de Milei se agota y pone en riesgo la meta fiscal"}]},{"@type":"WebSite","@id":"https:\/\/gysfm.com.ar\/inicio\/#website","url":"https:\/\/gysfm.com.ar\/inicio\/","name":"GYS NOTICIAS |","description":"DIARIO - RADIO ONLINE SAN JUAN ARGENTINA","publisher":{"@id":"https:\/\/gysfm.com.ar\/inicio\/#organization"},"potentialAction":[{"@type":"SearchAction","target":{"@type":"EntryPoint","urlTemplate":"https:\/\/gysfm.com.ar\/inicio\/?s={search_term_string}"},"query-input":{"@type":"PropertyValueSpecification","valueRequired":true,"valueName":"search_term_string"}}],"inLanguage":"es"},{"@type":"Organization","@id":"https:\/\/gysfm.com.ar\/inicio\/#organization","name":"GYS NOTICIAS |","url":"https:\/\/gysfm.com.ar\/inicio\/","logo":{"@type":"ImageObject","inLanguage":"es","@id":"https:\/\/gysfm.com.ar\/inicio\/#\/schema\/logo\/image\/","url":"https:\/\/gysfm.com.ar\/inicio\/wp-content\/uploads\/2023\/07\/LOGOGYS-OK.png","contentUrl":"https:\/\/gysfm.com.ar\/inicio\/wp-content\/uploads\/2023\/07\/LOGOGYS-OK.png","width":1170,"height":872,"caption":"GYS NOTICIAS |"},"image":{"@id":"https:\/\/gysfm.com.ar\/inicio\/#\/schema\/logo\/image\/"}},{"@type":"Person","@id":"https:\/\/gysfm.com.ar\/inicio\/#\/schema\/person\/5bedd7ecd35cc35548d89effafa23696","name":"admin","image":{"@type":"ImageObject","inLanguage":"es","@id":"https:\/\/gysfm.com.ar\/inicio\/#\/schema\/person\/image\/","url":"https:\/\/secure.gravatar.com\/avatar\/c331d312b5243fb64d5ba28108a447b27c925295129a363082c9ea52c28d32c2?s=96&d=mm&r=g","contentUrl":"https:\/\/secure.gravatar.com\/avatar\/c331d312b5243fb64d5ba28108a447b27c925295129a363082c9ea52c28d32c2?s=96&d=mm&r=g","caption":"admin"},"sameAs":["https:\/\/gysfm.com.ar\/inicio"],"url":"https:\/\/gysfm.com.ar\/inicio\/author\/admin\/"}]}},"_links":{"self":[{"href":"https:\/\/gysfm.com.ar\/inicio\/wp-json\/wp\/v2\/posts\/210337","targetHints":{"allow":["GET"]}}],"collection":[{"href":"https:\/\/gysfm.com.ar\/inicio\/wp-json\/wp\/v2\/posts"}],"about":[{"href":"https:\/\/gysfm.com.ar\/inicio\/wp-json\/wp\/v2\/types\/post"}],"author":[{"embeddable":true,"href":"https:\/\/gysfm.com.ar\/inicio\/wp-json\/wp\/v2\/users\/1"}],"replies":[{"embeddable":true,"href":"https:\/\/gysfm.com.ar\/inicio\/wp-json\/wp\/v2\/comments?post=210337"}],"version-history":[{"count":0,"href":"https:\/\/gysfm.com.ar\/inicio\/wp-json\/wp\/v2\/posts\/210337\/revisions"}],"wp:featuredmedia":[{"embeddable":true,"href":"https:\/\/gysfm.com.ar\/inicio\/wp-json\/wp\/v2\/media\/210338"}],"wp:attachment":[{"href":"https:\/\/gysfm.com.ar\/inicio\/wp-json\/wp\/v2\/media?parent=210337"}],"wp:term":[{"taxonomy":"category","embeddable":true,"href":"https:\/\/gysfm.com.ar\/inicio\/wp-json\/wp\/v2\/categories?post=210337"},{"taxonomy":"post_tag","embeddable":true,"href":"https:\/\/gysfm.com.ar\/inicio\/wp-json\/wp\/v2\/tags?post=210337"}],"curies":[{"name":"wp","href":"https:\/\/api.w.org\/{rel}","templated":true}]}}