{"id":210331,"date":"2026-09-03T17:34:13","date_gmt":"2026-09-03T20:34:13","guid":{"rendered":"https:\/\/gysfm.com.ar\/inicio\/christina-koch-astronauta-de-artemis-ii-supero-con-creces-todo-lo-que-habiamos-imaginado-y-esperado\/"},"modified":"2026-09-03T17:34:14","modified_gmt":"2026-09-03T20:34:14","slug":"christina-koch-astronauta-de-artemis-ii-supero-con-creces-todo-lo-que-habiamos-imaginado-y-esperado","status":"publish","type":"post","link":"https:\/\/gysfm.com.ar\/inicio\/christina-koch-astronauta-de-artemis-ii-supero-con-creces-todo-lo-que-habiamos-imaginado-y-esperado\/","title":{"rendered":"Christina Koch, astronauta de Artemis II: \u201cSuper\u00f3 con creces todo lo que hab\u00edamos imaginado y esperado\u201d"},"content":{"rendered":"<p> <br \/>\n<\/p>\n<div>\n<p class=\"com-paragraph --capital --s text-left\">El presidente de los Estados Unidos, <strong>Donald Trump<\/strong>, recibi\u00f3 el pasado viernes 28 de agosto a los tripulantes <a href=\"https:\/\/www.lanacion.com.ar\/el-mundo\/el-plan-ambicioso-de-la-nasa-para-artemis-iii-tres-cohetes-dos-acoplamientos-en-orbita-y-una-nid23082026\/\" target=\"_self\" title=\"https:\/\/www.lanacion.com.ar\/el-mundo\/el-plan-ambicioso-de-la-nasa-para-artemis-iii-tres-cohetes-dos-acoplamientos-en-orbita-y-una-nid23082026\/\" class=\"com-link break-word\" data-mrf-recirculation=\"n_link_parrafo\">de la misi\u00f3n Artemis II<\/a>. El reconocimiento a los astronautas de la NASA <strong>Reid Wiseman, Victor Glover y <\/strong><a href=\"https:\/\/www.lanacion.com.ar\/el-mundo\/christina-koch-astronauta-de-artemis-ii-no-hay-nada-que-te-prepare-para-la-impresionante-sensacion-nid01092026\/\" target=\"_self\" title=\"https:\/\/www.lanacion.com.ar\/el-mundo\/christina-koch-astronauta-de-artemis-ii-no-hay-nada-que-te-prepare-para-la-impresionante-sensacion-nid01092026\/\" class=\"com-link break-word\" data-mrf-recirculation=\"n_link_parrafo\"><strong>Christina Koch<\/strong><\/a>, y el astronauta de la CSA (Agencia Espacial Canadiense) <strong>Jeremy Hansen<\/strong>, para otorgarles la<strong> Medalla de Honor Espacial del Congreso<\/strong>, ocurri\u00f3 durante una ceremonia en el<strong> Centro Espacial Johnson de la agencia en Houston<\/strong>.<\/p>\n<p class=\"com-paragraph --s text-left\">Tras el reconocimiento, Koch sostuvo: \u201c<strong>La respuesta a nuestra misi\u00f3n aqu\u00ed en la Tierra super\u00f3 con creces todo lo que hab\u00edamos imaginado y esperado<\/strong>. Agradecemos cada vez que recibimos noticias de quienes nos acompa\u00f1aron en este viaje\u201d<\/p>\n<p class=\"com-paragraph --s text-left\">\u201cComo miembros de este equipo que particip\u00f3 en esta misi\u00f3n compartida, aceptamos este premio para<strong> honrar a quienes lo hicieron posible, desde las f\u00e1bricas hasta las salas blancas y los centros de control de misiones<\/strong>\u201d, sum\u00f3 en sus agradecimientos la especialista en la misi\u00f3n, seg\u00fan comparti\u00f3 el <a href=\"https:\/\/www.nasa.gov\/news-release\/president-honors-nasas-artemis-ii-crew-with-highest-us-space-award\/\" target=\"_blank\" title=\"https:\/\/www.nasa.gov\/news-release\/president-honors-nasas-artemis-ii-crew-with-highest-us-space-award\/\" class=\"com-link break-word\" data-mrf-recirculation=\"n_link_parrafo\" rel=\"nofollow\">sitio oficial<\/a> de la NASA.<\/p>\n<div class=\"content-media\">\n<section role=\"button\" class=\"mod-media   \">\n<figure role=\"button\" tabindex=\"0\" class=\"mod-figure \"><figcaption class=\"mod-figcaption\"><span class=\"com-text --caption --twoxs\">Donald Trump le entreg\u00f3 una Medalla de Honor Espacial del Congreso a cada tripulante<\/span><\/figcaption><\/figure>\n<\/section>\n<\/div>\n<p><h2 class=\"font-primary font-w-bold text-subheading-lg text-left container-center-100 mb-8\"><span>El reconocimiento de Trump a los astronautas <\/span><\/h2>\n<\/p>\n<p class=\"com-paragraph --s\">Para reconocer el trabajo de los astronautas y todo su equipo, Donald Trump expres\u00f3 su agradecimiento: \u201cHoy estamos muy orgullos premiando con la<strong> Medalla de Honor Espacial del Congreso<\/strong> a la tripulaci\u00f3n de Artemis II. Por favor, acomp\u00e1\u00f1enme a premiar <strong>Reid Wiseman, Victor Glover, Christina Koch<\/strong>, y <strong>Jeremy Hansen<\/strong>, grandes personas, felicitaciones\u201d<\/p>\n<p class=\"com-paragraph --s\">\u201cEstos astronautas no lo hicieron solos, quiero felicitar a todos los ingenieros y cient\u00edficos, todos los integrantes de la NASA que formaron parte del \u00e9xito de esta misi\u00f3n\u201d, sum\u00f3.<\/p>\n<div class=\"content-media\">\n<section role=\"button\" class=\"mod-media   \">\n<figure role=\"button\" tabindex=\"0\" class=\"mod-figure \"><figcaption class=\"mod-figcaption\"><span class=\"com-text --caption --twoxs\">Donald Trump (Captura: NASA)<\/span><\/figcaption><\/figure>\n<\/section>\n<\/div>\n<p><h2 class=\"font-primary font-w-bold text-subheading-lg text-left container-center-100 mb-8\"><span>Las declaraciones de los tripulantes tras recibir la medalla<\/span><\/h2>\n<\/p>\n<p class=\"com-paragraph --s\">Reid Wiseman, el comandante de la misi\u00f3n, manifest\u00f3 tras el reconocimiento: \u201cFue el mayor honor de mi vida volar en la Integrity alrededor de la Luna con Victor, Christina y Jeremy\u201d. Y agreg\u00f3: \u201cQue el presidente Trump est\u00e9 aqu\u00ed, en el Centro Espacial Johnson de la agencia, para homenajear a la NASA y a mi tripulaci\u00f3n subraya la importancia de lo que nuestros equipos lograron\u201d.<\/p>\n<p class=\"com-paragraph --s\"><strong>\u201cEstoy ansioso por ver a mis amigos continuar este legado en Artemis III\u201d<\/strong>, agreg\u00f3.<\/p>\n<div class=\"content-media\">\n<section role=\"button\" class=\"mod-media   \">\n<figure role=\"button\" tabindex=\"0\" class=\"mod-figure \"><figcaption class=\"mod-figcaption\"><span class=\"com-text --caption --twoxs\">Los tripulantes de la misi\u00f3n Artemis II<\/span><span class=\"com-text --credit --twoxs\">NASA<\/span><\/figcaption><\/figure>\n<\/section>\n<\/div>\n<p class=\"com-paragraph --s\">En la misma l\u00ednea, Victor Glover tambi\u00e9n detall\u00f3 el sentimiento de formar parte de la misi\u00f3n: \u201c<strong>Pilotar la nave Orion por primera vez en el espacio fue un inmenso honor<\/strong>, posible gracias a los a\u00f1os de arduo trabajo, dedicaci\u00f3n y experiencia de innumerables personas que dedicaron su tiempo y talento a la misi\u00f3n\u201d. <\/p>\n<p><h2 class=\"font-primary font-w-bold text-subheading-lg text-left container-center-100 mb-8\"><span>Artemis II: una misi\u00f3n hist\u00f3rica<\/span><\/h2>\n<\/p>\n<p class=\"com-paragraph --s\">Artemis II rompi\u00f3 un r\u00e9cord: la tripulaci\u00f3n alcanz\u00f3 los <strong>406.771 kil\u00f3metros de distancia de la Tierra<\/strong>, superando la marca establecida por la misi\u00f3n Apolo 13 en 1970. <\/p>\n<p class=\"com-paragraph --s\">Gran parte de estas im\u00e1genes reflejan las seis horas en las que los astronautas recorrieron el lado oculto de la Luna, donde observaron una superficie marcada por impactos c\u00f3smicos y registraron <strong>destellos provocados por meteoritos<\/strong>.<\/p>\n<p class=\"com-paragraph --s\">Desde el Centro Espacial Johnson, cient\u00edficos siguieron en tiempo real los datos enviados por la nave, en lo que representa el primer regreso de astronautas a las cercan\u00edas del sat\u00e9lite desde la era Apolo.<\/p>\n<div class=\"content-media cursor-pointer container-center-100\">\n<section class=\"media-container relative ratio-16-9 mod-media pb-32\">\n<figure class=\"mod-video\">\n<div class=\"video-player bg-black ratio-16-9\" data-has-jwplayer=\"true\" data-video-id-jw=\"4lpSv3iB\" data-config=\"{&quot;title&quot;:&quot;Artemis II: el emotivo gesto que sorprendi\u00f3 en plena misi\u00f3n y se volvi\u00f3 viral (Video: NASA)&quot;,&quot;mediaId&quot;:&quot;4lpSv3iB&quot;,&quot;playerId&quot;:&quot;ih0086X3&quot;,&quot;playlist&quot;:[{&quot;mediaid&quot;:&quot;4lpSv3iB&quot;,&quot;sources&quot;:[{&quot;file&quot;:&quot;https:\/\/cdn.jwplayer.com\/manifests\/4lpSv3iB.m3u8&quot;,&quot;type&quot;:&quot;application\/vnd.apple.mpegurl&quot;},{&quot;bitrate&quot;:321333,&quot;file&quot;:&quot;https:\/\/cdn.jwplayer.com\/videos\/4lpSv3iB-kTExGaWf.mp4&quot;,&quot;filesize&quot;:3534670,&quot;framerate&quot;:30,&quot;height&quot;:320,&quot;label&quot;:&quot;180p&quot;,&quot;type&quot;:&quot;video\/mp4&quot;,&quot;width&quot;:180},{&quot;bitrate&quot;:448052,&quot;file&quot;:&quot;https:\/\/cdn.jwplayer.com\/videos\/4lpSv3iB-K8B0kybS.mp4&quot;,&quot;filesize&quot;:4928579,&quot;framerate&quot;:30,&quot;height&quot;:480,&quot;label&quot;:&quot;270p&quot;,&quot;type&quot;:&quot;video\/mp4&quot;,&quot;width&quot;:270},{&quot;bitrate&quot;:1037840,&quot;file&quot;:&quot;https:\/\/cdn.jwplayer.com\/videos\/4lpSv3iB-46NIuRKO.mp4&quot;,&quot;filesize&quot;:11416247,&quot;framerate&quot;:30,&quot;height&quot;:1280,&quot;label&quot;:&quot;720p&quot;,&quot;type&quot;:&quot;video\/mp4&quot;,&quot;width&quot;:720},{&quot;bitrate&quot;:114445,&quot;file&quot;:&quot;https:\/\/cdn.jwplayer.com\/videos\/4lpSv3iB-hz5z2Tv4.m4a&quot;,&quot;filesize&quot;:1258903,&quot;label&quot;:&quot;AAC Audio&quot;,&quot;type&quot;:&quot;audio\/mp4&quot;},{&quot;bitrate&quot;:461286,&quot;file&quot;:&quot;https:\/\/cdn.jwplayer.com\/videos\/4lpSv3iB-FnZGUVnC.mp4&quot;,&quot;filesize&quot;:5074147,&quot;framerate&quot;:30,&quot;height&quot;:640,&quot;label&quot;:&quot;360p&quot;,&quot;type&quot;:&quot;video\/mp4&quot;,&quot;width&quot;:360},{&quot;bitrate&quot;:723038,&quot;file&quot;:&quot;https:\/\/cdn.jwplayer.com\/videos\/4lpSv3iB-0G6Pwvlw.mp4&quot;,&quot;filesize&quot;:7953425,&quot;framerate&quot;:30,&quot;height&quot;:960,&quot;label&quot;:&quot;540p&quot;,&quot;type&quot;:&quot;video\/mp4&quot;,&quot;width&quot;:540}]}],&quot;hasAutoplay&quot;:false,&quot;autostart&quot;:true,&quot;tagsUrl&quot;:&quot;https:\/\/pubads.g.doubleclick.net\/gampad\/ads?slotname=\/133919216\/la_nacion_video\/nota\/preroll&amp;sz=640x480|400x300&amp;ciu_szs=300x250&amp;unviewed_position_start=1&amp;output=vast&amp;impl=s&amp;env=vp&amp;gdfp_req=1&amp;ad_rule=0&amp;vad_type=linear&amp;vpos=preroll&amp;cust_params=tags_nuevos%3Dte_artemis_ii%2Cte_nasa%2Cte_audiencia%2Cte_ln_%2Cca_el_mundo%2Cca_ln_%2C%2CKHSA7CNAX5CFJGQRFMLEBH3N4Y&amp;pod=3&amp;ppos=1&amp;lip=true&amp;min_ad_duration=0&amp;max_ad_duration=30000&amp;vrid=6256&amp;url=https%3A%2F%2Fwww.lanacion.com.ar%2Fel-mundo%2Fchristina-koch-astronauta-de-artemis-ii-la-respuesta-a-nuestra-mision-aqui-en-la-tierra-supero-con-nid03092026%2F%3Fvariant%3DA&amp;description_url=https%3A%2F%2Fwww.lanacion.com.ar%2Fel-mundo%2Fchristina-koch-astronauta-de-artemis-ii-la-respuesta-a-nuestra-mision-aqui-en-la-tierra-supero-con-nid03092026%2F%3Fvariant%3DA&amp;video_doc_id=short_onecue&amp;cmsid=496&amp;kfa=0&amp;tfcd=0&amp;correlator=1788466787636&quot;,&quot;arcSite&quot;:&quot;la-nacion-ar&quot;,&quot;duration&quot;:&quot;88000&quot;}\">\n<div id=\"facade-4lpSv3iB\" class=\"content-facade-jw relative bg-black ratio-16-9\"><picture><source media=\"(max-width: 767px)\" srcset=\"https:\/\/www.lanacion.com.ar\/resizer\/v2\/https%3A%2F%2Fcdn.jwplayer.com%2Fv2%2Fmedia%2F4lpSv3iB%2Fposter.jpg%3Fwidth%3D720?auth=f1a4af837ff0d6d22c3b67570db8191fbb806b015d09d574608492dde9302e42&amp;width=480&amp;quality=70&amp;smart=false\"\/><\/picture><\/div>\n<\/div><figcaption class=\"border border-1 border-bottom border-light-300 relative px-16 py-8 min-h-36 w-100_md px-0_l mb-8 bg-white\"><span class=\"text ln-text text-16 block\">Artemis II: el emotivo gesto que sorprendi\u00f3 en plena misi\u00f3n y se volvi\u00f3 viral (Video: NASA)<\/span><\/figcaption><\/figure>\n<\/section>\n<\/div>\n<p class=\"com-paragraph --s\">La misi\u00f3n no solo tuvo impacto visual. Tambi\u00e9n incluy\u00f3 una intensa agenda cient\u00edfica: los astronautas analizaron <strong>35 puntos de inter\u00e9s geol\u00f3gico<\/strong>, entre ellos antiguos flujos de lava, grandes cr\u00e1teres y zonas hist\u00f3ricas como los sitios de alunizaje de Apolo 12 y 14. <\/p>\n<p class=\"com-paragraph --s\">Entre las formaciones destacadas se encuentran:<\/p>\n<p class=\"com-paragraph --s\">Adem\u00e1s, uno de los momentos m\u00e1s emotivos fue la propuesta de nombrar dos cr\u00e1teres: <strong>\u201cIntegrity\u201d<\/strong>, en honor a la c\u00e1psula, y <strong>\u201cCarroll\u201d<\/strong>, dedicado a la esposa fallecida del comandante Wiseman. <strong>\u201cEs un punto brillante en la Luna\u2026 y nos gustar\u00eda llamarlo Carroll\u201d<\/strong>, expres\u00f3 Hansen conmovido. <\/p>\n<section class=\"container-center-100 mb-40 border border-bottom border-thin border-neutral-light-700\">\n<hr\/>\n<\/section>\n<\/div>\n<p><script id=\"facebookpixel\" defer=\"\" type=\"text\/javascript\">\n        !function(f,b,e,v,n,t,s)\n        {if(f.fbq)return;n=f.fbq=function(){n.callMethod?\n        n.callMethod.apply(n,arguments):n.queue.push(arguments)};\n        if(!f._fbq)f._fbq=n;n.push=n;n.loaded=!0;n.version='2.0';\n        n.queue=[];t=b.createElement(e);t.async=!0;\n        t.src=v;s=b.getElementsByTagName(e)[0];\n        s.parentNode.insertBefore(t,s)}(window, document,'script',\n        'https:\/\/connect.facebook.net\/en_US\/fbevents.js');\n        fbq('init', '492459597522335');\n        fbq('track', 'PageView');\n    <\/script><br \/>\n<br \/><\/p>\n","protected":false},"excerpt":{"rendered":"<p>El presidente de los Estados Unidos, Donald Trump, recibi\u00f3 el pasado viernes 28 de agosto a los tripulantes de la misi\u00f3n Artemis II. El reconocimiento a los astronautas de la NASA Reid Wiseman, Victor Glover y Christina Koch, y el astronauta de la CSA (Agencia Espacial Canadiense) Jeremy Hansen, para otorgarles la Medalla de Honor [&hellip;]<\/p>\n","protected":false},"author":2,"featured_media":210332,"comment_status":"closed","ping_status":"closed","sticky":false,"template":"","format":"standard","meta":{"footnotes":""},"categories":[26],"tags":[],"class_list":["post-210331","post","type-post","status-publish","format-standard","has-post-thumbnail","hentry","category-internacionales"],"yoast_head":"<!-- This site is optimized with the Yoast SEO plugin v24.4 - https:\/\/yoast.com\/wordpress\/plugins\/seo\/ -->\n<title>Christina Koch, astronauta de Artemis II: \u201cSuper\u00f3 con creces todo lo que hab\u00edamos imaginado y esperado\u201d - GYS NOTICIAS |<\/title>\n<meta name=\"robots\" content=\"index, follow, max-snippet:-1, max-image-preview:large, max-video-preview:-1\" \/>\n<link rel=\"canonical\" href=\"https:\/\/gysfm.com.ar\/inicio\/christina-koch-astronauta-de-artemis-ii-supero-con-creces-todo-lo-que-habiamos-imaginado-y-esperado\/\" \/>\n<meta property=\"og:locale\" content=\"es_ES\" \/>\n<meta property=\"og:type\" content=\"article\" \/>\n<meta property=\"og:title\" content=\"Christina Koch, astronauta de Artemis II: \u201cSuper\u00f3 con creces todo lo que hab\u00edamos imaginado y esperado\u201d - GYS NOTICIAS |\" \/>\n<meta property=\"og:description\" content=\"El presidente de los Estados Unidos, Donald Trump, recibi\u00f3 el pasado viernes 28 de agosto a los tripulantes de la misi\u00f3n Artemis II. El reconocimiento a los astronautas de la NASA Reid Wiseman, Victor Glover y Christina Koch, y el astronauta de la CSA (Agencia Espacial Canadiense) Jeremy Hansen, para otorgarles la Medalla de Honor [&hellip;]\" \/>\n<meta property=\"og:url\" content=\"https:\/\/gysfm.com.ar\/inicio\/christina-koch-astronauta-de-artemis-ii-supero-con-creces-todo-lo-que-habiamos-imaginado-y-esperado\/\" \/>\n<meta property=\"og:site_name\" content=\"GYS NOTICIAS |\" \/>\n<meta property=\"article:published_time\" content=\"2026-09-03T20:34:13+00:00\" \/>\n<meta property=\"article:modified_time\" content=\"2026-09-03T20:34:14+00:00\" \/>\n<meta property=\"og:image\" content=\"https:\/\/gysfm.com.ar\/inicio\/wp-content\/uploads\/2026\/09\/christina-koch-agradecio-por-el-reconocimiento-YNE74CSY7JCF7DVFSPNWJCWFJE.jpg\" \/>\n\t<meta property=\"og:image:width\" content=\"1200\" \/>\n\t<meta property=\"og:image:height\" content=\"800\" \/>\n\t<meta property=\"og:image:type\" content=\"image\/jpeg\" \/>\n<meta name=\"author\" content=\"Prensa G&amp;S FM\" \/>\n<meta name=\"twitter:card\" content=\"summary_large_image\" \/>\n<meta name=\"twitter:label1\" content=\"Escrito por\" \/>\n\t<meta name=\"twitter:data1\" content=\"Prensa G&amp;S FM\" \/>\n\t<meta name=\"twitter:label2\" content=\"Tiempo de lectura\" \/>\n\t<meta name=\"twitter:data2\" content=\"3 minutos\" \/>\n<script type=\"application\/ld+json\" class=\"yoast-schema-graph\">{\"@context\":\"https:\/\/schema.org\",\"@graph\":[{\"@type\":\"Article\",\"@id\":\"https:\/\/gysfm.com.ar\/inicio\/christina-koch-astronauta-de-artemis-ii-supero-con-creces-todo-lo-que-habiamos-imaginado-y-esperado\/#article\",\"isPartOf\":{\"@id\":\"https:\/\/gysfm.com.ar\/inicio\/christina-koch-astronauta-de-artemis-ii-supero-con-creces-todo-lo-que-habiamos-imaginado-y-esperado\/\"},\"author\":{\"name\":\"Prensa G&amp;S FM\",\"@id\":\"https:\/\/gysfm.com.ar\/inicio\/#\/schema\/person\/3abba7593ef2ad19e1be221d54383dc5\"},\"headline\":\"Christina Koch, astronauta de Artemis II: \u201cSuper\u00f3 con creces todo lo que hab\u00edamos imaginado y esperado\u201d\",\"datePublished\":\"2026-09-03T20:34:13+00:00\",\"dateModified\":\"2026-09-03T20:34:14+00:00\",\"mainEntityOfPage\":{\"@id\":\"https:\/\/gysfm.com.ar\/inicio\/christina-koch-astronauta-de-artemis-ii-supero-con-creces-todo-lo-que-habiamos-imaginado-y-esperado\/\"},\"wordCount\":683,\"publisher\":{\"@id\":\"https:\/\/gysfm.com.ar\/inicio\/#organization\"},\"image\":{\"@id\":\"https:\/\/gysfm.com.ar\/inicio\/christina-koch-astronauta-de-artemis-ii-supero-con-creces-todo-lo-que-habiamos-imaginado-y-esperado\/#primaryimage\"},\"thumbnailUrl\":\"https:\/\/gysfm.com.ar\/inicio\/wp-content\/uploads\/2026\/09\/christina-koch-agradecio-por-el-reconocimiento-YNE74CSY7JCF7DVFSPNWJCWFJE.jpg\",\"articleSection\":[\"INTERNACIONALES\"],\"inLanguage\":\"es\"},{\"@type\":\"WebPage\",\"@id\":\"https:\/\/gysfm.com.ar\/inicio\/christina-koch-astronauta-de-artemis-ii-supero-con-creces-todo-lo-que-habiamos-imaginado-y-esperado\/\",\"url\":\"https:\/\/gysfm.com.ar\/inicio\/christina-koch-astronauta-de-artemis-ii-supero-con-creces-todo-lo-que-habiamos-imaginado-y-esperado\/\",\"name\":\"Christina Koch, astronauta de Artemis II: \u201cSuper\u00f3 con creces todo lo que hab\u00edamos imaginado y esperado\u201d - GYS NOTICIAS |\",\"isPartOf\":{\"@id\":\"https:\/\/gysfm.com.ar\/inicio\/#website\"},\"primaryImageOfPage\":{\"@id\":\"https:\/\/gysfm.com.ar\/inicio\/christina-koch-astronauta-de-artemis-ii-supero-con-creces-todo-lo-que-habiamos-imaginado-y-esperado\/#primaryimage\"},\"image\":{\"@id\":\"https:\/\/gysfm.com.ar\/inicio\/christina-koch-astronauta-de-artemis-ii-supero-con-creces-todo-lo-que-habiamos-imaginado-y-esperado\/#primaryimage\"},\"thumbnailUrl\":\"https:\/\/gysfm.com.ar\/inicio\/wp-content\/uploads\/2026\/09\/christina-koch-agradecio-por-el-reconocimiento-YNE74CSY7JCF7DVFSPNWJCWFJE.jpg\",\"datePublished\":\"2026-09-03T20:34:13+00:00\",\"dateModified\":\"2026-09-03T20:34:14+00:00\",\"breadcrumb\":{\"@id\":\"https:\/\/gysfm.com.ar\/inicio\/christina-koch-astronauta-de-artemis-ii-supero-con-creces-todo-lo-que-habiamos-imaginado-y-esperado\/#breadcrumb\"},\"inLanguage\":\"es\",\"potentialAction\":[{\"@type\":\"ReadAction\",\"target\":[\"https:\/\/gysfm.com.ar\/inicio\/christina-koch-astronauta-de-artemis-ii-supero-con-creces-todo-lo-que-habiamos-imaginado-y-esperado\/\"]}]},{\"@type\":\"ImageObject\",\"inLanguage\":\"es\",\"@id\":\"https:\/\/gysfm.com.ar\/inicio\/christina-koch-astronauta-de-artemis-ii-supero-con-creces-todo-lo-que-habiamos-imaginado-y-esperado\/#primaryimage\",\"url\":\"https:\/\/gysfm.com.ar\/inicio\/wp-content\/uploads\/2026\/09\/christina-koch-agradecio-por-el-reconocimiento-YNE74CSY7JCF7DVFSPNWJCWFJE.jpg\",\"contentUrl\":\"https:\/\/gysfm.com.ar\/inicio\/wp-content\/uploads\/2026\/09\/christina-koch-agradecio-por-el-reconocimiento-YNE74CSY7JCF7DVFSPNWJCWFJE.jpg\",\"width\":1200,\"height\":800},{\"@type\":\"BreadcrumbList\",\"@id\":\"https:\/\/gysfm.com.ar\/inicio\/christina-koch-astronauta-de-artemis-ii-supero-con-creces-todo-lo-que-habiamos-imaginado-y-esperado\/#breadcrumb\",\"itemListElement\":[{\"@type\":\"ListItem\",\"position\":1,\"name\":\"Portada\",\"item\":\"https:\/\/gysfm.com.ar\/inicio\/\"},{\"@type\":\"ListItem\",\"position\":2,\"name\":\"Christina Koch, astronauta de Artemis II: \u201cSuper\u00f3 con creces todo lo que hab\u00edamos imaginado y esperado\u201d\"}]},{\"@type\":\"WebSite\",\"@id\":\"https:\/\/gysfm.com.ar\/inicio\/#website\",\"url\":\"https:\/\/gysfm.com.ar\/inicio\/\",\"name\":\"GYS NOTICIAS |\",\"description\":\"DIARIO - RADIO ONLINE SAN JUAN ARGENTINA\",\"publisher\":{\"@id\":\"https:\/\/gysfm.com.ar\/inicio\/#organization\"},\"potentialAction\":[{\"@type\":\"SearchAction\",\"target\":{\"@type\":\"EntryPoint\",\"urlTemplate\":\"https:\/\/gysfm.com.ar\/inicio\/?s={search_term_string}\"},\"query-input\":{\"@type\":\"PropertyValueSpecification\",\"valueRequired\":true,\"valueName\":\"search_term_string\"}}],\"inLanguage\":\"es\"},{\"@type\":\"Organization\",\"@id\":\"https:\/\/gysfm.com.ar\/inicio\/#organization\",\"name\":\"GYS NOTICIAS |\",\"url\":\"https:\/\/gysfm.com.ar\/inicio\/\",\"logo\":{\"@type\":\"ImageObject\",\"inLanguage\":\"es\",\"@id\":\"https:\/\/gysfm.com.ar\/inicio\/#\/schema\/logo\/image\/\",\"url\":\"https:\/\/gysfm.com.ar\/inicio\/wp-content\/uploads\/2023\/07\/LOGOGYS-OK.png\",\"contentUrl\":\"https:\/\/gysfm.com.ar\/inicio\/wp-content\/uploads\/2023\/07\/LOGOGYS-OK.png\",\"width\":1170,\"height\":872,\"caption\":\"GYS NOTICIAS |\"},\"image\":{\"@id\":\"https:\/\/gysfm.com.ar\/inicio\/#\/schema\/logo\/image\/\"}},{\"@type\":\"Person\",\"@id\":\"https:\/\/gysfm.com.ar\/inicio\/#\/schema\/person\/3abba7593ef2ad19e1be221d54383dc5\",\"name\":\"Prensa G&amp;S FM\",\"image\":{\"@type\":\"ImageObject\",\"inLanguage\":\"es\",\"@id\":\"https:\/\/gysfm.com.ar\/inicio\/#\/schema\/person\/image\/\",\"url\":\"https:\/\/secure.gravatar.com\/avatar\/096ec78df02049ab018702bb4ccedf659377fa92a26540b5247612077a0dbd29?s=96&d=mm&r=g\",\"contentUrl\":\"https:\/\/secure.gravatar.com\/avatar\/096ec78df02049ab018702bb4ccedf659377fa92a26540b5247612077a0dbd29?s=96&d=mm&r=g\",\"caption\":\"Prensa G&amp;S FM\"},\"sameAs\":[\"https:\/\/gysfm.com.ar\/\"],\"url\":\"https:\/\/gysfm.com.ar\/inicio\/author\/lucasm\/\"}]}<\/script>\n<!-- \/ Yoast SEO plugin. -->","yoast_head_json":{"title":"Christina Koch, astronauta de Artemis II: \u201cSuper\u00f3 con creces todo lo que hab\u00edamos imaginado y esperado\u201d - GYS NOTICIAS |","robots":{"index":"index","follow":"follow","max-snippet":"max-snippet:-1","max-image-preview":"max-image-preview:large","max-video-preview":"max-video-preview:-1"},"canonical":"https:\/\/gysfm.com.ar\/inicio\/christina-koch-astronauta-de-artemis-ii-supero-con-creces-todo-lo-que-habiamos-imaginado-y-esperado\/","og_locale":"es_ES","og_type":"article","og_title":"Christina Koch, astronauta de Artemis II: \u201cSuper\u00f3 con creces todo lo que hab\u00edamos imaginado y esperado\u201d - GYS NOTICIAS |","og_description":"El presidente de los Estados Unidos, Donald Trump, recibi\u00f3 el pasado viernes 28 de agosto a los tripulantes de la misi\u00f3n Artemis II. El reconocimiento a los astronautas de la NASA Reid Wiseman, Victor Glover y Christina Koch, y el astronauta de la CSA (Agencia Espacial Canadiense) Jeremy Hansen, para otorgarles la Medalla de Honor [&hellip;]","og_url":"https:\/\/gysfm.com.ar\/inicio\/christina-koch-astronauta-de-artemis-ii-supero-con-creces-todo-lo-que-habiamos-imaginado-y-esperado\/","og_site_name":"GYS NOTICIAS |","article_published_time":"2026-09-03T20:34:13+00:00","article_modified_time":"2026-09-03T20:34:14+00:00","og_image":[{"width":1200,"height":800,"url":"https:\/\/gysfm.com.ar\/inicio\/wp-content\/uploads\/2026\/09\/christina-koch-agradecio-por-el-reconocimiento-YNE74CSY7JCF7DVFSPNWJCWFJE.jpg","type":"image\/jpeg"}],"author":"Prensa G&amp;S FM","twitter_card":"summary_large_image","twitter_misc":{"Escrito por":"Prensa G&amp;S FM","Tiempo de lectura":"3 minutos"},"schema":{"@context":"https:\/\/schema.org","@graph":[{"@type":"Article","@id":"https:\/\/gysfm.com.ar\/inicio\/christina-koch-astronauta-de-artemis-ii-supero-con-creces-todo-lo-que-habiamos-imaginado-y-esperado\/#article","isPartOf":{"@id":"https:\/\/gysfm.com.ar\/inicio\/christina-koch-astronauta-de-artemis-ii-supero-con-creces-todo-lo-que-habiamos-imaginado-y-esperado\/"},"author":{"name":"Prensa G&amp;S FM","@id":"https:\/\/gysfm.com.ar\/inicio\/#\/schema\/person\/3abba7593ef2ad19e1be221d54383dc5"},"headline":"Christina Koch, astronauta de Artemis II: \u201cSuper\u00f3 con creces todo lo que hab\u00edamos imaginado y esperado\u201d","datePublished":"2026-09-03T20:34:13+00:00","dateModified":"2026-09-03T20:34:14+00:00","mainEntityOfPage":{"@id":"https:\/\/gysfm.com.ar\/inicio\/christina-koch-astronauta-de-artemis-ii-supero-con-creces-todo-lo-que-habiamos-imaginado-y-esperado\/"},"wordCount":683,"publisher":{"@id":"https:\/\/gysfm.com.ar\/inicio\/#organization"},"image":{"@id":"https:\/\/gysfm.com.ar\/inicio\/christina-koch-astronauta-de-artemis-ii-supero-con-creces-todo-lo-que-habiamos-imaginado-y-esperado\/#primaryimage"},"thumbnailUrl":"https:\/\/gysfm.com.ar\/inicio\/wp-content\/uploads\/2026\/09\/christina-koch-agradecio-por-el-reconocimiento-YNE74CSY7JCF7DVFSPNWJCWFJE.jpg","articleSection":["INTERNACIONALES"],"inLanguage":"es"},{"@type":"WebPage","@id":"https:\/\/gysfm.com.ar\/inicio\/christina-koch-astronauta-de-artemis-ii-supero-con-creces-todo-lo-que-habiamos-imaginado-y-esperado\/","url":"https:\/\/gysfm.com.ar\/inicio\/christina-koch-astronauta-de-artemis-ii-supero-con-creces-todo-lo-que-habiamos-imaginado-y-esperado\/","name":"Christina Koch, astronauta de Artemis II: \u201cSuper\u00f3 con creces todo lo que hab\u00edamos imaginado y esperado\u201d - GYS NOTICIAS |","isPartOf":{"@id":"https:\/\/gysfm.com.ar\/inicio\/#website"},"primaryImageOfPage":{"@id":"https:\/\/gysfm.com.ar\/inicio\/christina-koch-astronauta-de-artemis-ii-supero-con-creces-todo-lo-que-habiamos-imaginado-y-esperado\/#primaryimage"},"image":{"@id":"https:\/\/gysfm.com.ar\/inicio\/christina-koch-astronauta-de-artemis-ii-supero-con-creces-todo-lo-que-habiamos-imaginado-y-esperado\/#primaryimage"},"thumbnailUrl":"https:\/\/gysfm.com.ar\/inicio\/wp-content\/uploads\/2026\/09\/christina-koch-agradecio-por-el-reconocimiento-YNE74CSY7JCF7DVFSPNWJCWFJE.jpg","datePublished":"2026-09-03T20:34:13+00:00","dateModified":"2026-09-03T20:34:14+00:00","breadcrumb":{"@id":"https:\/\/gysfm.com.ar\/inicio\/christina-koch-astronauta-de-artemis-ii-supero-con-creces-todo-lo-que-habiamos-imaginado-y-esperado\/#breadcrumb"},"inLanguage":"es","potentialAction":[{"@type":"ReadAction","target":["https:\/\/gysfm.com.ar\/inicio\/christina-koch-astronauta-de-artemis-ii-supero-con-creces-todo-lo-que-habiamos-imaginado-y-esperado\/"]}]},{"@type":"ImageObject","inLanguage":"es","@id":"https:\/\/gysfm.com.ar\/inicio\/christina-koch-astronauta-de-artemis-ii-supero-con-creces-todo-lo-que-habiamos-imaginado-y-esperado\/#primaryimage","url":"https:\/\/gysfm.com.ar\/inicio\/wp-content\/uploads\/2026\/09\/christina-koch-agradecio-por-el-reconocimiento-YNE74CSY7JCF7DVFSPNWJCWFJE.jpg","contentUrl":"https:\/\/gysfm.com.ar\/inicio\/wp-content\/uploads\/2026\/09\/christina-koch-agradecio-por-el-reconocimiento-YNE74CSY7JCF7DVFSPNWJCWFJE.jpg","width":1200,"height":800},{"@type":"BreadcrumbList","@id":"https:\/\/gysfm.com.ar\/inicio\/christina-koch-astronauta-de-artemis-ii-supero-con-creces-todo-lo-que-habiamos-imaginado-y-esperado\/#breadcrumb","itemListElement":[{"@type":"ListItem","position":1,"name":"Portada","item":"https:\/\/gysfm.com.ar\/inicio\/"},{"@type":"ListItem","position":2,"name":"Christina Koch, astronauta de Artemis II: \u201cSuper\u00f3 con creces todo lo que hab\u00edamos imaginado y esperado\u201d"}]},{"@type":"WebSite","@id":"https:\/\/gysfm.com.ar\/inicio\/#website","url":"https:\/\/gysfm.com.ar\/inicio\/","name":"GYS NOTICIAS |","description":"DIARIO - RADIO ONLINE SAN JUAN ARGENTINA","publisher":{"@id":"https:\/\/gysfm.com.ar\/inicio\/#organization"},"potentialAction":[{"@type":"SearchAction","target":{"@type":"EntryPoint","urlTemplate":"https:\/\/gysfm.com.ar\/inicio\/?s={search_term_string}"},"query-input":{"@type":"PropertyValueSpecification","valueRequired":true,"valueName":"search_term_string"}}],"inLanguage":"es"},{"@type":"Organization","@id":"https:\/\/gysfm.com.ar\/inicio\/#organization","name":"GYS NOTICIAS |","url":"https:\/\/gysfm.com.ar\/inicio\/","logo":{"@type":"ImageObject","inLanguage":"es","@id":"https:\/\/gysfm.com.ar\/inicio\/#\/schema\/logo\/image\/","url":"https:\/\/gysfm.com.ar\/inicio\/wp-content\/uploads\/2023\/07\/LOGOGYS-OK.png","contentUrl":"https:\/\/gysfm.com.ar\/inicio\/wp-content\/uploads\/2023\/07\/LOGOGYS-OK.png","width":1170,"height":872,"caption":"GYS NOTICIAS |"},"image":{"@id":"https:\/\/gysfm.com.ar\/inicio\/#\/schema\/logo\/image\/"}},{"@type":"Person","@id":"https:\/\/gysfm.com.ar\/inicio\/#\/schema\/person\/3abba7593ef2ad19e1be221d54383dc5","name":"Prensa G&amp;S FM","image":{"@type":"ImageObject","inLanguage":"es","@id":"https:\/\/gysfm.com.ar\/inicio\/#\/schema\/person\/image\/","url":"https:\/\/secure.gravatar.com\/avatar\/096ec78df02049ab018702bb4ccedf659377fa92a26540b5247612077a0dbd29?s=96&d=mm&r=g","contentUrl":"https:\/\/secure.gravatar.com\/avatar\/096ec78df02049ab018702bb4ccedf659377fa92a26540b5247612077a0dbd29?s=96&d=mm&r=g","caption":"Prensa G&amp;S FM"},"sameAs":["https:\/\/gysfm.com.ar\/"],"url":"https:\/\/gysfm.com.ar\/inicio\/author\/lucasm\/"}]}},"_links":{"self":[{"href":"https:\/\/gysfm.com.ar\/inicio\/wp-json\/wp\/v2\/posts\/210331","targetHints":{"allow":["GET"]}}],"collection":[{"href":"https:\/\/gysfm.com.ar\/inicio\/wp-json\/wp\/v2\/posts"}],"about":[{"href":"https:\/\/gysfm.com.ar\/inicio\/wp-json\/wp\/v2\/types\/post"}],"author":[{"embeddable":true,"href":"https:\/\/gysfm.com.ar\/inicio\/wp-json\/wp\/v2\/users\/2"}],"replies":[{"embeddable":true,"href":"https:\/\/gysfm.com.ar\/inicio\/wp-json\/wp\/v2\/comments?post=210331"}],"version-history":[{"count":1,"href":"https:\/\/gysfm.com.ar\/inicio\/wp-json\/wp\/v2\/posts\/210331\/revisions"}],"predecessor-version":[{"id":210333,"href":"https:\/\/gysfm.com.ar\/inicio\/wp-json\/wp\/v2\/posts\/210331\/revisions\/210333"}],"wp:featuredmedia":[{"embeddable":true,"href":"https:\/\/gysfm.com.ar\/inicio\/wp-json\/wp\/v2\/media\/210332"}],"wp:attachment":[{"href":"https:\/\/gysfm.com.ar\/inicio\/wp-json\/wp\/v2\/media?parent=210331"}],"wp:term":[{"taxonomy":"category","embeddable":true,"href":"https:\/\/gysfm.com.ar\/inicio\/wp-json\/wp\/v2\/categories?post=210331"},{"taxonomy":"post_tag","embeddable":true,"href":"https:\/\/gysfm.com.ar\/inicio\/wp-json\/wp\/v2\/tags?post=210331"}],"curies":[{"name":"wp","href":"https:\/\/api.w.org\/{rel}","templated":true}]}}