{"id":210329,"date":"2026-09-03T17:26:07","date_gmt":"2026-09-03T20:26:07","guid":{"rendered":"https:\/\/gysfm.com.ar\/inicio\/werning-reconocio-que-el-costo-financiero-es-alto-en-pesos-y-pidio-a-los-bancos-bajar-las-tasas-a-las-familias\/"},"modified":"2026-09-03T17:26:07","modified_gmt":"2026-09-03T20:26:07","slug":"werning-reconocio-que-el-costo-financiero-es-alto-en-pesos-y-pidio-a-los-bancos-bajar-las-tasas-a-las-familias","status":"publish","type":"post","link":"https:\/\/gysfm.com.ar\/inicio\/werning-reconocio-que-el-costo-financiero-es-alto-en-pesos-y-pidio-a-los-bancos-bajar-las-tasas-a-las-familias\/","title":{"rendered":"Werning reconoci\u00f3 que el costo financiero es alto en pesos y pidi\u00f3 a los bancos bajar las tasas a las familias"},"content":{"rendered":"<p> <br \/>\n<\/p>\n<div id=\"\">\n<p id=\"p-1788462551263-85090\">El vicepresidente del <strong>Banco Central,<\/strong> <strong>Vladimir Werning<\/strong>, disert\u00f3 durante la convenci\u00f3n anual del<strong> Instituto Argentino de Ejecutivos de Finanzas (IAEF) <\/strong>el cual se lleva a cabo en <strong>Iguaz\u00fa <\/strong>y, desde all\u00ed, hizo <strong>un repaso de las pol\u00edticas monetarias<\/strong>, volvi\u00f3 a<strong> insistir en el proceso de desinflaci\u00f3n<\/strong> e hizo un apartado especial para hablar de<strong> la mora del sistema crediticio<\/strong>, desde donde analiz\u00f3 las distintas propuestas que existen para solucionar el tema de base e<strong> hizo un llamamiento a los bancos. <\/strong><\/p>\n<\/p><\/div>\n<div id=\"\">\n<p id=\"p-1788463156576-12414\" data-path-to-node=\"1\"><strong>\u00abLa mora, bajo un r\u00e9gimen de baja inflaci\u00f3n, est\u00e1 en torno al 7,7%, y en los \u00faltimos tres meses ha estado estable en ese nivel\u00bb<\/strong>, expres\u00f3 el funcionario y ampli\u00f3: \u00abLo que estamos viendo es que toc\u00f3 un pico. La mora es un ratio entre expansi\u00f3n de cr\u00e9dito y cartera no irrecuperable.<strong> En cuanto al cr\u00e9dito a las familias, que es el segmento donde m\u00e1s mora se ve, observamos esencialmente que ya dej\u00f3 de contraerse<\/strong>; todav\u00eda no est\u00e1 creciendo, pero en la medida en que empiece a hacerlo \u2014dado que<strong> la magnitud del stock de cr\u00e9dito es mucho mayor que el flujo de mora\u2014, podemos anticipar que se va a ir reduciendo esta ansiedad<\/strong>\u00ab.<\/p>\n<\/div>\n<div id=\"\">\n<p id=\"p-1788463156576-36725\" data-path-to-node=\"4\"> En cuanto a las posibles soluciones a la mora, dijo que<strong> algunas propuestas son \u00abpopulistas porque atentan contra el acceso al cr\u00e9dito\u00bb. <\/strong>Dentro de ese universo mencion\u00f3 intervenciones como asistir a los bancos las cuales, mencion\u00f3 \u00ablas vemos desde el Banco Central con poco inter\u00e9s\u00bb. <strong>\u00abLos bancos hoy tienen capital de sobra y claramente tienen capacidad de absorber las p\u00e9rdidas por las decisiones equivocadas que han tomado; no necesitan asistencia externa\u00bb<\/strong>, detall\u00f3.<\/p>\n<\/div>\n<div id=\"\">\n<p id=\"p-1788463156576-99146\" data-path-to-node=\"5\">Otra propuesta, describi\u00f3, <strong>son los cambios regulatorios que califican artificialmente a los deudores.<\/strong> \u00abCreemos que eso es poco efectivo; romper el term\u00f3metro solo va a generar m\u00e1s incertidumbre. No tener una manera de medir a los sujetos de cr\u00e9dito en la econom\u00eda \u2014informaci\u00f3n que comparten todos los bancos\u2014 puede restringir el acceso al cr\u00e9dito. \u00bfY por qu\u00e9 digo que es poco efectivo? por el efecto arrastre. <strong>La recategorizaci\u00f3n de quien no paga en un banco, pero sigue pagando en otro, es realmente peque\u00f1a en relaci\u00f3n con la mora total\u00bb. <\/strong><\/p>\n<\/p><\/div>\n<div id=\"\">\n<p id=\"p-1788463156576-27062\" data-path-to-node=\"6\"> Finalmente, se refiri\u00f3 a la propuesta de<strong> bajar encajes para impulsar el cr\u00e9dito o bajar las tasas de inter\u00e9s. <\/strong>Sobre ellos detall\u00f3 que<strong> se trabaj\u00f3 muy fuertemente desde fines de 2023, cuando representaban apenas el 4% de los dep\u00f3sitos.<\/strong> \u00abEstos son los encajes en efectivo, los pesos que los bancos ten\u00edan para respaldar si el depositante quer\u00eda retirar sus fondos, que normalmente estaban en el orden del 12%. Nosotros, con mucho esfuerzo, subimos esos encajes durante el a\u00f1o 2025; por la crisis de confianza apretamos m\u00e1s la liquidez y los ubicamos por encima del promedio hist\u00f3rico.<strong> Pero hoy los encajes no est\u00e1n altos<\/strong>\u00ab, explic\u00f3.<\/p>\n<\/div>\n<div id=\"\">\n<p id=\"p-1788463156576-19487\" data-path-to-node=\"7\">Entonces, <strong>\u00bfqu\u00e9 soluciones reales puede haber?<\/strong> se pregunt\u00f3. \u00abLo que marca esa gran diferenciaci\u00f3n en la mora entre familias y empresas es que, despu\u00e9s de la elecci\u00f3n de octubre de 2025 <strong>los bancos bajaron r\u00e1pidamente las tasas de inter\u00e9s en t\u00e9rminos reales a las empresas.<\/strong> Esa baja reflej\u00f3 claramente la reducci\u00f3n del riesgo pol\u00edtico, el optimismo por las reformas y las perspectivas de remonetizaci\u00f3n, compra de reservas y muchos otros factores que hacen al riesgo argentino\u00bb, expres\u00f3<\/p>\n<p id=\"p-1788463156576-98062\" data-path-to-node=\"9\">\u00abAhora bien, \u00bfqu\u00e9 pas\u00f3 con las familias? <strong>Hoy el costo financiero, con respecto al pico de las elecciones, ha bajado apenas un cuarto y sigue siendo tres cuartos del pico.<\/strong> Es decir, las tasas de inter\u00e9s son altas e inducen a la mora porque son impagables en t\u00e9rminos reales para muchos que esperaban que la inflaci\u00f3n fuera a subir o que hubiera una devaluaci\u00f3n postelectoral. Creo que hay un rol de los bancos \u2014que se ha acelerado \u00faltimamente\u2014 que es refinanciar el cr\u00e9dito. <strong>Esas refinanciaciones tienen que venir con tasas de inter\u00e9s mucho m\u00e1s bajas para dar oportunidad de pago, y con plazos m\u00e1s largos\u00bb.<\/strong><\/p>\n<h2 id=\"p-1788464485028-60463\" data-path-to-node=\"9\">Proceso de desinflaci\u00f3n, y crecimiento: \u00bfson posibles ambas a la vez?<\/h2>\n<p id=\"p-1788464549782-52749\">Para Werning, <strong>hay varias \u00abidas peligrosas\u00bb dan vuelta \u00faltimamente y que una de ellas es que un poco m\u00e1s de inflaci\u00f3n no es grave. <\/strong>\u00abReducir la inflaci\u00f3n no choca con impulsar la actividad\u00bb, dijo contundente y al respecto asever\u00f3 que \u00ablas teor\u00edas que se contrastan con la realidad, refuerzan que prima la realidad\u00bb. Al respecto record\u00f3 que<strong> la aceleraci\u00f3n inflacionaria de 2023 consecuencias sociales y no logr\u00f3 crecimiento. <\/strong>As\u00ed defini\u00f3 que la inflaci\u00f3n oper\u00f3 como impuesto que impuso el Estado y que <strong>trajo consecuencias en la perdida de poder adquisitivo de la poblaci\u00f3n y en el debilitamiento del BCRA.<\/strong><\/p>\n<p id=\"p-1788464549782-70433\">Seg\u00fan repas\u00f3 el funcionario, se dio una fuerte perdida de reservas, y un da\u00f1o estimado a u$s550.000 millones de d\u00f3lares, un equivalente al 85% del PBI.<strong> \u00abLa estabilidad es condici\u00f3n necesaria y un poco de inflaci\u00f3n es algo grav\u00edsimo\u00bb<\/strong>, resalt\u00f3. <\/p>\n<p id=\"p-1788464931340-32535\">Sobre la pol\u00edtica monetaria volvi\u00f3 a resaltar que estamos bajo un r\u00e9gimen de control de agregados monetarios que, seg\u00fan record\u00f3 en otros pa\u00edses, fue el puntapi\u00e9 para salir de un proceso de alta inflaci\u00f3n.<strong> \u00abLa base monetaria ejerce control prudente de liquidez ya que es importante ver el origen y la velocidad en la que se mueve el dinero<\/strong>. La pol\u00edtica monetaria busco que los shock transitorios no sean persistentes. Para analizar la demanda, miramos el M2 y vemos que la evoluci\u00f3n de las tasas de corto plazo en febrero se estabilizaron. Por eso no se trata de reforzar una remonetizaci\u00f3n sino acompa\u00f1arla\u00bb.<\/p>\n<h2 id=\"p-1788465268359-63286\">Expansi\u00f3n del cr\u00e9dito para expandir la actividad econ\u00f3mica<\/h2>\n<p id=\"p-1788465297997-73284\" data-path-to-node=\"0\">Werning tambi\u00e9n hizo referencia a las recientes medidas del BCRA que permiti\u00f3 la flexibilizaci\u00f3n de los pr\u00e9stamos en d\u00f3lares y <strong>autoriz\u00f3 a los bancos a destinar hasta el 15% de sus dep\u00f3sitos en moneda extranjera a empresas que no generan ingresos en esa moneda. <\/strong>\u00abLo que estamos buscando es que la capacidad ociosa que tienen los bancos pueda ser aplicada racionalmente a proyectos privados e inversiones. Particularmente, el sector constructor puede ser un beneficiario: no necesariamente exporta, pero se puede beneficiar del cr\u00e9dito en d\u00f3lares m\u00e1s barato que hoy existe en Argentina\u00bb, expres\u00f3.<\/p>\n<p id=\"p-1788465297997-80989\" data-path-to-node=\"1\">Y ampli\u00f3: \u00ab<strong>Si no tenemos tasas de mercado en d\u00f3lares suficientemente atractivas para compensar a quienes ahorran en esa moneda, lo que vamos a tener es fuga de divisas<\/strong>; es decir, no vamos a poder aprovechar nuestro ahorro interno para financiar plenamente la inversi\u00f3n privada productiva, y eso es un problema. <strong>Los pa\u00edses m\u00e1s exitosos, como en Asia, han resuelto esto: tienen una alta tasa de inversi\u00f3n y de crecimiento basada sustancialmente en el ahorro interno\u00bb<\/strong>.<\/p>\n<p id=\"p-1788465352538-50711\" data-path-to-node=\"2\">El vicepresidente del BCRA mencion\u00f3 tambi\u00e9n la ampliaci\u00f3n del accionar del sistema bancario con el acceso a cr\u00e9ditos hipotecarios con las licitaciones de liquidez del FGS aplicables a bajar el costo y ampliar el acceso a dichos cr\u00e9ditos. Finalmente, mencion\u00f3 que <strong>el Gobierno est\u00e1 elaborando y por enviar al Congreso una reforma al mercado de capitales<\/strong>. \u00abEsta reforma busca darle un impulso a las garant\u00edas que beneficiar\u00e1 a las empresas, lo que ayuda a mejorar la calidad crediticia y bajar el costo financiero. <strong>Los mercados est\u00e1n subdesarrollados y las reformas por este lado pueden generar un fuert\u00edsimo impacto<\/strong>\u00ab, expres\u00f3.<\/p>\n<h2 id=\"p-1788465922841-68508\" data-path-to-node=\"2\">La sostenibilidad del programa econ\u00f3mico y los cinco shocks <\/h2>\n<p id=\"p-1788465951173-58924\" data-path-to-node=\"4\">Para finalizar el vicepresidente del BCRA dijo que hay una reflexi\u00f3n central: la sostenibilidad de un programa econ\u00f3mico no se debe evaluar solo por su capacidad de producir buenos resultados en condiciones favorables, sino por s<strong>u capacidad de preservarlos cuando enfrenta shocks.<\/strong><\/p>\n<p id=\"p-1788466336767-37581\" data-path-to-node=\"4\"><strong>  <\/strong>Al respecto resalt\u00f3 que la econom\u00eda argentina produjo cinco resultados contundentes: alcanz\u00f3 niveles elevados de <strong>actividad<\/strong> y <strong>consumo<\/strong>, <strong>redujo<\/strong> significativamente la <strong>inflaci\u00f3n<\/strong> y mantuvo expectativas de <strong>desinflaci\u00f3n <\/strong>hacia adelante,<strong> revirti\u00f3 el balance comercial y consolid\u00f3 el super\u00e1vit externo<\/strong>; recuper\u00f3 el <strong>cr\u00e9dito al sector privado<\/strong> y redujo el desplazamiento financiero provocado por el sector p\u00fablico y, por \u00faltimo, <strong>redujo de manera marcada el nivel de pobreza respecto del pico observado durante la transici\u00f3n inicial.<\/strong><\/p>\n<p id=\"p-1788465951173-95377\" data-path-to-node=\"6\">Y todo eso lo hizo dijo, lo hizo a pesar de sobrellevar al menos cinco shocks relevantes durante el programa. El primero de ellos, <strong>el ajuste fiscal <\/strong>necesario para eliminar el d\u00e9ficit del sector p\u00fablico. El segundo, <strong>el deterioro de los precios internacionales para las exportaciones argentinas, particularmente del agro, que se extendi\u00f3 hasta fines de 2025. <\/strong>El tercero, el <em data-path-to-node=\"7,2,0\" data-index-in-node=\"3\">shock<\/em> electoral de 2025 y su impacto rezagado sobre la dolarizaci\u00f3n, las tasas y, hoy en d\u00eda, la mora bancaria. La cuarta, la variaci\u00f3n del precio internacional del petr\u00f3leo y el \u00faltimo, el aumento de las tasas de largo plazo en Estados Unidos.<\/p>\n<\/p><\/div>\n<p><script>\n!function(f,b,e,v,n,t,s)\n{if(f.fbq)return;n=f.fbq=function(){n.callMethod?\nn.callMethod.apply(n,arguments):n.queue.push(arguments)};\nif(!f._fbq)f._fbq=n;n.push=n;n.loaded=!0;n.version='2.0';\nn.queue=[];t=b.createElement(e);t.async=!0;\nt.src=v;s=b.getElementsByTagName(e)[0];\ns.parentNode.insertBefore(t,s)}(window,document,'script',\n'https:\/\/connect.facebook.net\/en_US\/fbevents.js');\nfbq('init', '2047048335588113');\nfbq('track', 'PageView');\n<\/script><br \/>\n<br \/><\/p>\n","protected":false},"excerpt":{"rendered":"<p>El vicepresidente del Banco Central, Vladimir Werning, disert\u00f3 durante la convenci\u00f3n anual del Instituto Argentino de Ejecutivos de Finanzas (IAEF) el cual se lleva a cabo en Iguaz\u00fa y, desde all\u00ed, hizo un repaso de las pol\u00edticas monetarias, volvi\u00f3 a insistir en el proceso de desinflaci\u00f3n e hizo un apartado especial para hablar de la [&hellip;]<\/p>\n","protected":false},"author":1,"featured_media":210330,"comment_status":"closed","ping_status":"closed","sticky":false,"template":"","format":"standard","meta":{"footnotes":""},"categories":[28],"tags":[],"class_list":["post-210329","post","type-post","status-publish","format-standard","has-post-thumbnail","hentry","category-economia"],"yoast_head":"<!-- This site is optimized with the Yoast SEO plugin v24.4 - https:\/\/yoast.com\/wordpress\/plugins\/seo\/ -->\n<title>Werning reconoci\u00f3 que el costo financiero es alto en pesos y pidi\u00f3 a los bancos bajar las tasas a las familias - GYS NOTICIAS |<\/title>\n<meta name=\"robots\" content=\"index, follow, max-snippet:-1, max-image-preview:large, max-video-preview:-1\" \/>\n<link rel=\"canonical\" href=\"https:\/\/gysfm.com.ar\/inicio\/werning-reconocio-que-el-costo-financiero-es-alto-en-pesos-y-pidio-a-los-bancos-bajar-las-tasas-a-las-familias\/\" \/>\n<meta property=\"og:locale\" content=\"es_ES\" \/>\n<meta property=\"og:type\" content=\"article\" \/>\n<meta property=\"og:title\" content=\"Werning reconoci\u00f3 que el costo financiero es alto en pesos y pidi\u00f3 a los bancos bajar las tasas a las familias - GYS NOTICIAS |\" \/>\n<meta property=\"og:description\" content=\"El vicepresidente del Banco Central, Vladimir Werning, disert\u00f3 durante la convenci\u00f3n anual del Instituto Argentino de Ejecutivos de Finanzas (IAEF) el cual se lleva a cabo en Iguaz\u00fa y, desde all\u00ed, hizo un repaso de las pol\u00edticas monetarias, volvi\u00f3 a insistir en el proceso de desinflaci\u00f3n e hizo un apartado especial para hablar de la [&hellip;]\" \/>\n<meta property=\"og:url\" content=\"https:\/\/gysfm.com.ar\/inicio\/werning-reconocio-que-el-costo-financiero-es-alto-en-pesos-y-pidio-a-los-bancos-bajar-las-tasas-a-las-familias\/\" \/>\n<meta property=\"og:site_name\" content=\"GYS NOTICIAS |\" \/>\n<meta property=\"article:published_time\" content=\"2026-09-03T20:26:07+00:00\" \/>\n<meta name=\"author\" content=\"admin\" \/>\n<meta name=\"twitter:card\" content=\"summary_large_image\" \/>\n<meta name=\"twitter:label1\" content=\"Escrito por\" \/>\n\t<meta name=\"twitter:data1\" content=\"admin\" \/>\n\t<meta name=\"twitter:label2\" content=\"Tiempo de lectura\" \/>\n\t<meta name=\"twitter:data2\" content=\"8 minutos\" \/>\n<script type=\"application\/ld+json\" class=\"yoast-schema-graph\">{\"@context\":\"https:\/\/schema.org\",\"@graph\":[{\"@type\":\"Article\",\"@id\":\"https:\/\/gysfm.com.ar\/inicio\/werning-reconocio-que-el-costo-financiero-es-alto-en-pesos-y-pidio-a-los-bancos-bajar-las-tasas-a-las-familias\/#article\",\"isPartOf\":{\"@id\":\"https:\/\/gysfm.com.ar\/inicio\/werning-reconocio-que-el-costo-financiero-es-alto-en-pesos-y-pidio-a-los-bancos-bajar-las-tasas-a-las-familias\/\"},\"author\":{\"name\":\"admin\",\"@id\":\"https:\/\/gysfm.com.ar\/inicio\/#\/schema\/person\/5bedd7ecd35cc35548d89effafa23696\"},\"headline\":\"Werning reconoci\u00f3 que el costo financiero es alto en pesos y pidi\u00f3 a los bancos bajar las tasas a las familias\",\"datePublished\":\"2026-09-03T20:26:07+00:00\",\"mainEntityOfPage\":{\"@id\":\"https:\/\/gysfm.com.ar\/inicio\/werning-reconocio-que-el-costo-financiero-es-alto-en-pesos-y-pidio-a-los-bancos-bajar-las-tasas-a-las-familias\/\"},\"wordCount\":1521,\"publisher\":{\"@id\":\"https:\/\/gysfm.com.ar\/inicio\/#organization\"},\"image\":{\"@id\":\"https:\/\/gysfm.com.ar\/inicio\/werning-reconocio-que-el-costo-financiero-es-alto-en-pesos-y-pidio-a-los-bancos-bajar-las-tasas-a-las-familias\/#primaryimage\"},\"thumbnailUrl\":\"https:\/\/gysfm.com.ar\/inicio\/wp-content\/uploads\/2026\/09\/werning-iguazu.jpeg\",\"articleSection\":[\"ECONOMIA\"],\"inLanguage\":\"es\"},{\"@type\":\"WebPage\",\"@id\":\"https:\/\/gysfm.com.ar\/inicio\/werning-reconocio-que-el-costo-financiero-es-alto-en-pesos-y-pidio-a-los-bancos-bajar-las-tasas-a-las-familias\/\",\"url\":\"https:\/\/gysfm.com.ar\/inicio\/werning-reconocio-que-el-costo-financiero-es-alto-en-pesos-y-pidio-a-los-bancos-bajar-las-tasas-a-las-familias\/\",\"name\":\"Werning reconoci\u00f3 que el costo financiero es alto en pesos y pidi\u00f3 a los bancos bajar las tasas a las familias - GYS NOTICIAS |\",\"isPartOf\":{\"@id\":\"https:\/\/gysfm.com.ar\/inicio\/#website\"},\"primaryImageOfPage\":{\"@id\":\"https:\/\/gysfm.com.ar\/inicio\/werning-reconocio-que-el-costo-financiero-es-alto-en-pesos-y-pidio-a-los-bancos-bajar-las-tasas-a-las-familias\/#primaryimage\"},\"image\":{\"@id\":\"https:\/\/gysfm.com.ar\/inicio\/werning-reconocio-que-el-costo-financiero-es-alto-en-pesos-y-pidio-a-los-bancos-bajar-las-tasas-a-las-familias\/#primaryimage\"},\"thumbnailUrl\":\"https:\/\/gysfm.com.ar\/inicio\/wp-content\/uploads\/2026\/09\/werning-iguazu.jpeg\",\"datePublished\":\"2026-09-03T20:26:07+00:00\",\"breadcrumb\":{\"@id\":\"https:\/\/gysfm.com.ar\/inicio\/werning-reconocio-que-el-costo-financiero-es-alto-en-pesos-y-pidio-a-los-bancos-bajar-las-tasas-a-las-familias\/#breadcrumb\"},\"inLanguage\":\"es\",\"potentialAction\":[{\"@type\":\"ReadAction\",\"target\":[\"https:\/\/gysfm.com.ar\/inicio\/werning-reconocio-que-el-costo-financiero-es-alto-en-pesos-y-pidio-a-los-bancos-bajar-las-tasas-a-las-familias\/\"]}]},{\"@type\":\"ImageObject\",\"inLanguage\":\"es\",\"@id\":\"https:\/\/gysfm.com.ar\/inicio\/werning-reconocio-que-el-costo-financiero-es-alto-en-pesos-y-pidio-a-los-bancos-bajar-las-tasas-a-las-familias\/#primaryimage\",\"url\":\"https:\/\/gysfm.com.ar\/inicio\/wp-content\/uploads\/2026\/09\/werning-iguazu.jpeg\",\"contentUrl\":\"https:\/\/gysfm.com.ar\/inicio\/wp-content\/uploads\/2026\/09\/werning-iguazu.jpeg\",\"width\":1200,\"height\":675},{\"@type\":\"BreadcrumbList\",\"@id\":\"https:\/\/gysfm.com.ar\/inicio\/werning-reconocio-que-el-costo-financiero-es-alto-en-pesos-y-pidio-a-los-bancos-bajar-las-tasas-a-las-familias\/#breadcrumb\",\"itemListElement\":[{\"@type\":\"ListItem\",\"position\":1,\"name\":\"Portada\",\"item\":\"https:\/\/gysfm.com.ar\/inicio\/\"},{\"@type\":\"ListItem\",\"position\":2,\"name\":\"Werning reconoci\u00f3 que el costo financiero es alto en pesos y pidi\u00f3 a los bancos bajar las tasas a las familias\"}]},{\"@type\":\"WebSite\",\"@id\":\"https:\/\/gysfm.com.ar\/inicio\/#website\",\"url\":\"https:\/\/gysfm.com.ar\/inicio\/\",\"name\":\"GYS NOTICIAS |\",\"description\":\"DIARIO - RADIO ONLINE SAN JUAN ARGENTINA\",\"publisher\":{\"@id\":\"https:\/\/gysfm.com.ar\/inicio\/#organization\"},\"potentialAction\":[{\"@type\":\"SearchAction\",\"target\":{\"@type\":\"EntryPoint\",\"urlTemplate\":\"https:\/\/gysfm.com.ar\/inicio\/?s={search_term_string}\"},\"query-input\":{\"@type\":\"PropertyValueSpecification\",\"valueRequired\":true,\"valueName\":\"search_term_string\"}}],\"inLanguage\":\"es\"},{\"@type\":\"Organization\",\"@id\":\"https:\/\/gysfm.com.ar\/inicio\/#organization\",\"name\":\"GYS NOTICIAS |\",\"url\":\"https:\/\/gysfm.com.ar\/inicio\/\",\"logo\":{\"@type\":\"ImageObject\",\"inLanguage\":\"es\",\"@id\":\"https:\/\/gysfm.com.ar\/inicio\/#\/schema\/logo\/image\/\",\"url\":\"https:\/\/gysfm.com.ar\/inicio\/wp-content\/uploads\/2023\/07\/LOGOGYS-OK.png\",\"contentUrl\":\"https:\/\/gysfm.com.ar\/inicio\/wp-content\/uploads\/2023\/07\/LOGOGYS-OK.png\",\"width\":1170,\"height\":872,\"caption\":\"GYS NOTICIAS |\"},\"image\":{\"@id\":\"https:\/\/gysfm.com.ar\/inicio\/#\/schema\/logo\/image\/\"}},{\"@type\":\"Person\",\"@id\":\"https:\/\/gysfm.com.ar\/inicio\/#\/schema\/person\/5bedd7ecd35cc35548d89effafa23696\",\"name\":\"admin\",\"image\":{\"@type\":\"ImageObject\",\"inLanguage\":\"es\",\"@id\":\"https:\/\/gysfm.com.ar\/inicio\/#\/schema\/person\/image\/\",\"url\":\"https:\/\/secure.gravatar.com\/avatar\/c331d312b5243fb64d5ba28108a447b27c925295129a363082c9ea52c28d32c2?s=96&d=mm&r=g\",\"contentUrl\":\"https:\/\/secure.gravatar.com\/avatar\/c331d312b5243fb64d5ba28108a447b27c925295129a363082c9ea52c28d32c2?s=96&d=mm&r=g\",\"caption\":\"admin\"},\"sameAs\":[\"https:\/\/gysfm.com.ar\/inicio\"],\"url\":\"https:\/\/gysfm.com.ar\/inicio\/author\/admin\/\"}]}<\/script>\n<!-- \/ Yoast SEO plugin. -->","yoast_head_json":{"title":"Werning reconoci\u00f3 que el costo financiero es alto en pesos y pidi\u00f3 a los bancos bajar las tasas a las familias - GYS NOTICIAS |","robots":{"index":"index","follow":"follow","max-snippet":"max-snippet:-1","max-image-preview":"max-image-preview:large","max-video-preview":"max-video-preview:-1"},"canonical":"https:\/\/gysfm.com.ar\/inicio\/werning-reconocio-que-el-costo-financiero-es-alto-en-pesos-y-pidio-a-los-bancos-bajar-las-tasas-a-las-familias\/","og_locale":"es_ES","og_type":"article","og_title":"Werning reconoci\u00f3 que el costo financiero es alto en pesos y pidi\u00f3 a los bancos bajar las tasas a las familias - GYS NOTICIAS |","og_description":"El vicepresidente del Banco Central, Vladimir Werning, disert\u00f3 durante la convenci\u00f3n anual del Instituto Argentino de Ejecutivos de Finanzas (IAEF) el cual se lleva a cabo en Iguaz\u00fa y, desde all\u00ed, hizo un repaso de las pol\u00edticas monetarias, volvi\u00f3 a insistir en el proceso de desinflaci\u00f3n e hizo un apartado especial para hablar de la [&hellip;]","og_url":"https:\/\/gysfm.com.ar\/inicio\/werning-reconocio-que-el-costo-financiero-es-alto-en-pesos-y-pidio-a-los-bancos-bajar-las-tasas-a-las-familias\/","og_site_name":"GYS NOTICIAS |","article_published_time":"2026-09-03T20:26:07+00:00","author":"admin","twitter_card":"summary_large_image","twitter_misc":{"Escrito por":"admin","Tiempo de lectura":"8 minutos"},"schema":{"@context":"https:\/\/schema.org","@graph":[{"@type":"Article","@id":"https:\/\/gysfm.com.ar\/inicio\/werning-reconocio-que-el-costo-financiero-es-alto-en-pesos-y-pidio-a-los-bancos-bajar-las-tasas-a-las-familias\/#article","isPartOf":{"@id":"https:\/\/gysfm.com.ar\/inicio\/werning-reconocio-que-el-costo-financiero-es-alto-en-pesos-y-pidio-a-los-bancos-bajar-las-tasas-a-las-familias\/"},"author":{"name":"admin","@id":"https:\/\/gysfm.com.ar\/inicio\/#\/schema\/person\/5bedd7ecd35cc35548d89effafa23696"},"headline":"Werning reconoci\u00f3 que el costo financiero es alto en pesos y pidi\u00f3 a los bancos bajar las tasas a las familias","datePublished":"2026-09-03T20:26:07+00:00","mainEntityOfPage":{"@id":"https:\/\/gysfm.com.ar\/inicio\/werning-reconocio-que-el-costo-financiero-es-alto-en-pesos-y-pidio-a-los-bancos-bajar-las-tasas-a-las-familias\/"},"wordCount":1521,"publisher":{"@id":"https:\/\/gysfm.com.ar\/inicio\/#organization"},"image":{"@id":"https:\/\/gysfm.com.ar\/inicio\/werning-reconocio-que-el-costo-financiero-es-alto-en-pesos-y-pidio-a-los-bancos-bajar-las-tasas-a-las-familias\/#primaryimage"},"thumbnailUrl":"https:\/\/gysfm.com.ar\/inicio\/wp-content\/uploads\/2026\/09\/werning-iguazu.jpeg","articleSection":["ECONOMIA"],"inLanguage":"es"},{"@type":"WebPage","@id":"https:\/\/gysfm.com.ar\/inicio\/werning-reconocio-que-el-costo-financiero-es-alto-en-pesos-y-pidio-a-los-bancos-bajar-las-tasas-a-las-familias\/","url":"https:\/\/gysfm.com.ar\/inicio\/werning-reconocio-que-el-costo-financiero-es-alto-en-pesos-y-pidio-a-los-bancos-bajar-las-tasas-a-las-familias\/","name":"Werning reconoci\u00f3 que el costo financiero es alto en pesos y pidi\u00f3 a los bancos bajar las tasas a las familias - GYS NOTICIAS |","isPartOf":{"@id":"https:\/\/gysfm.com.ar\/inicio\/#website"},"primaryImageOfPage":{"@id":"https:\/\/gysfm.com.ar\/inicio\/werning-reconocio-que-el-costo-financiero-es-alto-en-pesos-y-pidio-a-los-bancos-bajar-las-tasas-a-las-familias\/#primaryimage"},"image":{"@id":"https:\/\/gysfm.com.ar\/inicio\/werning-reconocio-que-el-costo-financiero-es-alto-en-pesos-y-pidio-a-los-bancos-bajar-las-tasas-a-las-familias\/#primaryimage"},"thumbnailUrl":"https:\/\/gysfm.com.ar\/inicio\/wp-content\/uploads\/2026\/09\/werning-iguazu.jpeg","datePublished":"2026-09-03T20:26:07+00:00","breadcrumb":{"@id":"https:\/\/gysfm.com.ar\/inicio\/werning-reconocio-que-el-costo-financiero-es-alto-en-pesos-y-pidio-a-los-bancos-bajar-las-tasas-a-las-familias\/#breadcrumb"},"inLanguage":"es","potentialAction":[{"@type":"ReadAction","target":["https:\/\/gysfm.com.ar\/inicio\/werning-reconocio-que-el-costo-financiero-es-alto-en-pesos-y-pidio-a-los-bancos-bajar-las-tasas-a-las-familias\/"]}]},{"@type":"ImageObject","inLanguage":"es","@id":"https:\/\/gysfm.com.ar\/inicio\/werning-reconocio-que-el-costo-financiero-es-alto-en-pesos-y-pidio-a-los-bancos-bajar-las-tasas-a-las-familias\/#primaryimage","url":"https:\/\/gysfm.com.ar\/inicio\/wp-content\/uploads\/2026\/09\/werning-iguazu.jpeg","contentUrl":"https:\/\/gysfm.com.ar\/inicio\/wp-content\/uploads\/2026\/09\/werning-iguazu.jpeg","width":1200,"height":675},{"@type":"BreadcrumbList","@id":"https:\/\/gysfm.com.ar\/inicio\/werning-reconocio-que-el-costo-financiero-es-alto-en-pesos-y-pidio-a-los-bancos-bajar-las-tasas-a-las-familias\/#breadcrumb","itemListElement":[{"@type":"ListItem","position":1,"name":"Portada","item":"https:\/\/gysfm.com.ar\/inicio\/"},{"@type":"ListItem","position":2,"name":"Werning reconoci\u00f3 que el costo financiero es alto en pesos y pidi\u00f3 a los bancos bajar las tasas a las familias"}]},{"@type":"WebSite","@id":"https:\/\/gysfm.com.ar\/inicio\/#website","url":"https:\/\/gysfm.com.ar\/inicio\/","name":"GYS NOTICIAS |","description":"DIARIO - RADIO ONLINE SAN JUAN ARGENTINA","publisher":{"@id":"https:\/\/gysfm.com.ar\/inicio\/#organization"},"potentialAction":[{"@type":"SearchAction","target":{"@type":"EntryPoint","urlTemplate":"https:\/\/gysfm.com.ar\/inicio\/?s={search_term_string}"},"query-input":{"@type":"PropertyValueSpecification","valueRequired":true,"valueName":"search_term_string"}}],"inLanguage":"es"},{"@type":"Organization","@id":"https:\/\/gysfm.com.ar\/inicio\/#organization","name":"GYS NOTICIAS |","url":"https:\/\/gysfm.com.ar\/inicio\/","logo":{"@type":"ImageObject","inLanguage":"es","@id":"https:\/\/gysfm.com.ar\/inicio\/#\/schema\/logo\/image\/","url":"https:\/\/gysfm.com.ar\/inicio\/wp-content\/uploads\/2023\/07\/LOGOGYS-OK.png","contentUrl":"https:\/\/gysfm.com.ar\/inicio\/wp-content\/uploads\/2023\/07\/LOGOGYS-OK.png","width":1170,"height":872,"caption":"GYS NOTICIAS |"},"image":{"@id":"https:\/\/gysfm.com.ar\/inicio\/#\/schema\/logo\/image\/"}},{"@type":"Person","@id":"https:\/\/gysfm.com.ar\/inicio\/#\/schema\/person\/5bedd7ecd35cc35548d89effafa23696","name":"admin","image":{"@type":"ImageObject","inLanguage":"es","@id":"https:\/\/gysfm.com.ar\/inicio\/#\/schema\/person\/image\/","url":"https:\/\/secure.gravatar.com\/avatar\/c331d312b5243fb64d5ba28108a447b27c925295129a363082c9ea52c28d32c2?s=96&d=mm&r=g","contentUrl":"https:\/\/secure.gravatar.com\/avatar\/c331d312b5243fb64d5ba28108a447b27c925295129a363082c9ea52c28d32c2?s=96&d=mm&r=g","caption":"admin"},"sameAs":["https:\/\/gysfm.com.ar\/inicio"],"url":"https:\/\/gysfm.com.ar\/inicio\/author\/admin\/"}]}},"_links":{"self":[{"href":"https:\/\/gysfm.com.ar\/inicio\/wp-json\/wp\/v2\/posts\/210329","targetHints":{"allow":["GET"]}}],"collection":[{"href":"https:\/\/gysfm.com.ar\/inicio\/wp-json\/wp\/v2\/posts"}],"about":[{"href":"https:\/\/gysfm.com.ar\/inicio\/wp-json\/wp\/v2\/types\/post"}],"author":[{"embeddable":true,"href":"https:\/\/gysfm.com.ar\/inicio\/wp-json\/wp\/v2\/users\/1"}],"replies":[{"embeddable":true,"href":"https:\/\/gysfm.com.ar\/inicio\/wp-json\/wp\/v2\/comments?post=210329"}],"version-history":[{"count":0,"href":"https:\/\/gysfm.com.ar\/inicio\/wp-json\/wp\/v2\/posts\/210329\/revisions"}],"wp:featuredmedia":[{"embeddable":true,"href":"https:\/\/gysfm.com.ar\/inicio\/wp-json\/wp\/v2\/media\/210330"}],"wp:attachment":[{"href":"https:\/\/gysfm.com.ar\/inicio\/wp-json\/wp\/v2\/media?parent=210329"}],"wp:term":[{"taxonomy":"category","embeddable":true,"href":"https:\/\/gysfm.com.ar\/inicio\/wp-json\/wp\/v2\/categories?post=210329"},{"taxonomy":"post_tag","embeddable":true,"href":"https:\/\/gysfm.com.ar\/inicio\/wp-json\/wp\/v2\/tags?post=210329"}],"curies":[{"name":"wp","href":"https:\/\/api.w.org\/{rel}","templated":true}]}}